{"id":37609,"date":"2022-08-19T23:23:15","date_gmt":"2022-08-20T02:23:15","guid":{"rendered":"https:\/\/www.cidademarketing.com.br\/marketing\/?p=37609"},"modified":"2022-08-19T23:23:15","modified_gmt":"2022-08-20T02:23:15","slug":"pao-de-acucar-retoma-circuito-de-corridas-com-maratona-no-rio-de-janeiro","status":"publish","type":"post","link":"https:\/\/www.cidademarketing.com.br\/marketing\/2022\/08\/19\/pao-de-acucar-retoma-circuito-de-corridas-com-maratona-no-rio-de-janeiro\/","title":{"rendered":"P\u00e3o de A\u00e7\u00facar retoma Circuito de Corridas com maratona no Rio de Janeiro"},"content":{"rendered":"<p><iframe style=\"border-radius: 12px;\" src=\"https:\/\/open.spotify.com\/embed\/show\/4khMKzP3FgFRWVwb73xicc?utm_source=generator&amp;t=0\" width=\"100%\" height=\"232\" frameborder=\"0\" allowfullscreen=\"allowfullscreen\"><\/iframe><br \/>\nNo segundo semestre, o P\u00e3o de A\u00e7\u00facar retoma uma das corridas de rua mais tradicionais do Pa\u00eds, o Circuito de Corridas P\u00e3o de A\u00e7\u00facar. Realizado desde 1993, a maratona de revezamento da rede de supermercados teve um hiato de dois anos por conta da pandemia de Covid-19, e retoma o circuito no dia 16 de outubro no Rio de Janeiro. Atletas e f\u00e3s de corrida de rua com interesse em participar da 12\u00aa Maratona de Revezamento P\u00e3o de A\u00e7\u00facar devem acessar o site <a href=\"http:\/\/www.paodeacucar.com\/corridas\" target=\"_blank\" rel=\"noopener\">www.paodeacucar.com\/corridas<\/a> e preencher o cadastro.<\/p>\n<p>O tradicional percurso de 42km em voltas completas \u00e9 dividido de acordo com o n\u00famero de integrantes da equipe \u2013 que pode ser individual ou grupos de dois, quatro ou oito participantes -, de forma que cada corredor(a) percorre 21km, 10km e 5km, respectivamente. O lote promocional de inscri\u00e7\u00f5es para a Maratona de Revezamento custa R$ 89,99 e o primeiro lote sai por R$ 109,99, sendo que quem \u00e9 Cliente Mais ganha 40% de desconto, pagando R$ 54,00 no promocional e R$ 65,00 no lote cheio. O kit de inscri\u00e7\u00e3o vem com camiseta oficial e mochila, al\u00e9m de chip para monitoramento de tempo e trajeto percorrido por cada participante.<\/p>\n<p>Este ano, o Circuito de Corridas P\u00e3o de A\u00e7\u00facar ter\u00e1 uma a\u00e7\u00e3o social em conjunto com o Instituto GPA, bra\u00e7o social do GPA, grupo controlador da rede. Cada participante est\u00e1 convidado a levar, no dia de retirada do seu kit, 1kg de alimento n\u00e3o perec\u00edvel e as doa\u00e7\u00f5es ser\u00e3o direcionadas para institui\u00e7\u00f5es parceiras do Instituto GPA. No Rio, a institui\u00e7\u00e3o beneficiada ser\u00e1 a ONG Redes da Mar\u00e9, que atende mais de 140mil fam\u00edlias que residem no conjunto de 16 favelas da Mar\u00e9.<\/p>\n<p>\u201cEste \u00e9 um ano muito especial para o P\u00e3o de A\u00e7\u00facar, estamos resgatando pilares fundamentais da marca para seguir avan\u00e7ando do ponto de vista de inova\u00e7\u00e3o e rela\u00e7\u00e3o com nossos clientes. O Circuito de Corridas faz parte da hist\u00f3ria do P\u00e3o e \u00e9 um dos maiores s\u00edmbolos do pilar de bem-estar, justamente por ser uma maratona de revezamento para iniciantes, que promove o esp\u00edrito de equipe, e estamos muito felizes de retomar o Circuito\u201d, comenta Cleia Marquardt, Gerente de Marketing do P\u00e3o de A\u00e7\u00facar. Ela complementa: \u201cAcreditamos que felicidade pode ser tanta coisa, inclusive participar de uma das corridas de rua mais tradicionais do Pa\u00eds. Convidamos todos que t\u00eam interesse, sejam atletas ou aspirantes a corredores, venham participar e se divertir, porque \u00e9 um momento gostoso e de intera\u00e7\u00e3o\u201d.<\/p>\n<p>Percurso<\/p>\n<p>A 12\u00aa edi\u00e7\u00e3o da corrida acontecer\u00e1 no Monumento aos Pracinhas, localizado no Aterro do Flamengo, tendo como cen\u00e1rio um dos pontos mais bonitos da Cidade Maravilhosa. Todos que completarem a prova, independentemente de sua classifica\u00e7\u00e3o, ganham medalhas de participa\u00e7\u00e3o, e as tr\u00eas primeiras equipes de cada categoria ganham medalha e trof\u00e9u com a posi\u00e7\u00e3o alcan\u00e7ada.<br \/>\n\u201cSabemos que a Covid-19 ainda n\u00e3o acabou, responsabilidade com nosso p\u00fablico e o cuidado com o bem-estar s\u00e3o nossas premissas, por isso decidimos voltar o Circuito aos poucos, focando esse ano somente nas corridas em S\u00e3o Paulo e no Rio. Estamos otimistas de que ser\u00e1 um sucesso e que ano que vem certamente poderemos seguir com nossa agenda completa, em todas as regi\u00f5es, para compartilharmos a felicidade com todos\u201d, complementa Cleia.<\/p>\n<p>Servi\u00e7o | Circuito de Corridas P\u00e3o de A\u00e7\u00facar<\/p>\n<p>12\u00aa Maratona de Revezamento P\u00e3o de A\u00e7\u00facar<br \/>\nData: 16\/10\/2022<br \/>\nLocal: Monumentos aos Pracinhas, Aterro do Flamengo<br \/>\nHor\u00e1rio: 7h<\/p>\n<p><iframe style=\"width: 100%; max-width: 660px; overflow: hidden; background: transparent;\" src=\"https:\/\/embed.podcasts.apple.com\/br\/podcast\/podcast-cidademarketing\/id1371923283\" height=\"450\" frameborder=\"0\" sandbox=\"allow-forms allow-popups allow-same-origin allow-scripts allow-storage-access-by-user-activation allow-top-navigation-by-user-activation\"><\/iframe><\/p>\n","protected":false},"excerpt":{"rendered":"<p>No segundo semestre, o P\u00e3o de A\u00e7\u00facar retoma uma das corridas de rua mais tradicionais do Pa\u00eds, o Circuito de Corridas P\u00e3o de A\u00e7\u00facar. Realizado desde 1993, a maratona de revezamento da rede de supermercados teve um hiato de dois anos por conta da pandemia de Covid-19, e retoma o circuito no dia 16 de [&hellip;]<\/p>\n","protected":false},"author":1,"featured_media":37610,"comment_status":"open","ping_status":"open","sticky":false,"template":"","format":"standard","meta":{"tdm_status":"","tdm_grid_status":"","footnotes":""},"categories":[6],"tags":[308,786,28,177,172],"class_list":["post-37609","post","type-post","status-publish","format-standard","has-post-thumbnail","hentry","category-noticias","tag-comunicacao","tag-esporte","tag-marketing","tag-marketing-social","tag-pao-de-acucar"],"yoast_head":"<!-- This site is optimized with the Yoast SEO plugin v27.5 - https:\/\/yoast.com\/product\/yoast-seo-wordpress\/ -->\n<title>P\u00e3o de A\u00e7\u00facar retoma Circuito de Corridas com maratona no Rio de Janeiro - CidadeMarketing<\/title>\n<meta name=\"robots\" content=\"index, follow, max-snippet:-1, max-image-preview:large, max-video-preview:-1\" \/>\n<link rel=\"canonical\" href=\"https:\/\/www.cidademarketing.com.br\/marketing\/2022\/08\/19\/pao-de-acucar-retoma-circuito-de-corridas-com-maratona-no-rio-de-janeiro\/\" \/>\n<meta property=\"og:locale\" content=\"pt_BR\" \/>\n<meta property=\"og:type\" content=\"article\" \/>\n<meta property=\"og:title\" content=\"P\u00e3o de A\u00e7\u00facar retoma Circuito de Corridas com maratona no Rio de Janeiro - CidadeMarketing\" \/>\n<meta property=\"og:description\" content=\"No segundo semestre, o P\u00e3o de A\u00e7\u00facar retoma uma das corridas de rua mais tradicionais do Pa\u00eds, o Circuito de Corridas P\u00e3o de A\u00e7\u00facar. Realizado desde 1993, a maratona de revezamento da rede de supermercados teve um hiato de dois anos por conta da pandemia de Covid-19, e retoma o circuito no dia 16 de [&hellip;]\" \/>\n<meta property=\"og:url\" content=\"https:\/\/www.cidademarketing.com.br\/marketing\/2022\/08\/19\/pao-de-acucar-retoma-circuito-de-corridas-com-maratona-no-rio-de-janeiro\/\" \/>\n<meta property=\"og:site_name\" content=\"CidadeMarketing\" \/>\n<meta property=\"article:publisher\" content=\"https:\/\/www.facebook.com\/portalcidademarketing\" \/>\n<meta property=\"article:author\" content=\"https:\/\/www.facebook.com\/thalesbrandao\" \/>\n<meta property=\"article:published_time\" content=\"2022-08-20T02:23:15+00:00\" \/>\n<meta property=\"og:image\" content=\"https:\/\/www.cidademarketing.com.br\/marketing\/wp-content\/uploads\/2022\/08\/Corrida-Pao-de-Acucar-2.jpg\" \/>\n\t<meta property=\"og:image:width\" content=\"1080\" \/>\n\t<meta property=\"og:image:height\" content=\"707\" \/>\n\t<meta property=\"og:image:type\" content=\"image\/jpeg\" \/>\n<meta name=\"author\" content=\"Thales Brand\u00e3o\" \/>\n<meta name=\"twitter:card\" content=\"summary_large_image\" \/>\n<meta name=\"twitter:creator\" content=\"@http:\/\/www.twitter.com\/thalesbrandao\" \/>\n<meta name=\"twitter:site\" content=\"@CidadeMarketing\" \/>\n<meta name=\"twitter:label1\" content=\"Escrito por\" \/>\n\t<meta name=\"twitter:data1\" content=\"Thales Brand\u00e3o\" \/>\n\t<meta name=\"twitter:label2\" content=\"Est. tempo de leitura\" \/>\n\t<meta name=\"twitter:data2\" content=\"3 minutos\" \/>\n<script type=\"application\/ld+json\" class=\"yoast-schema-graph\">{\"@context\":\"https:\\\/\\\/schema.org\",\"@graph\":[{\"@type\":\"Article\",\"@id\":\"https:\\\/\\\/www.cidademarketing.com.br\\\/marketing\\\/2022\\\/08\\\/19\\\/pao-de-acucar-retoma-circuito-de-corridas-com-maratona-no-rio-de-janeiro\\\/#article\",\"isPartOf\":{\"@id\":\"https:\\\/\\\/www.cidademarketing.com.br\\\/marketing\\\/2022\\\/08\\\/19\\\/pao-de-acucar-retoma-circuito-de-corridas-com-maratona-no-rio-de-janeiro\\\/\"},\"author\":{\"name\":\"Thales Brand\u00e3o\",\"@id\":\"https:\\\/\\\/www.cidademarketing.com.br\\\/marketing\\\/#\\\/schema\\\/person\\\/02daff9f18bd9378c9e01eb6b2db155f\"},\"headline\":\"P\u00e3o de A\u00e7\u00facar retoma Circuito de Corridas com maratona no Rio de Janeiro\",\"datePublished\":\"2022-08-20T02:23:15+00:00\",\"mainEntityOfPage\":{\"@id\":\"https:\\\/\\\/www.cidademarketing.com.br\\\/marketing\\\/2022\\\/08\\\/19\\\/pao-de-acucar-retoma-circuito-de-corridas-com-maratona-no-rio-de-janeiro\\\/\"},\"wordCount\":617,\"commentCount\":0,\"publisher\":{\"@id\":\"https:\\\/\\\/www.cidademarketing.com.br\\\/marketing\\\/#organization\"},\"image\":{\"@id\":\"https:\\\/\\\/www.cidademarketing.com.br\\\/marketing\\\/2022\\\/08\\\/19\\\/pao-de-acucar-retoma-circuito-de-corridas-com-maratona-no-rio-de-janeiro\\\/#primaryimage\"},\"thumbnailUrl\":\"https:\\\/\\\/www.cidademarketing.com.br\\\/marketing\\\/wp-content\\\/uploads\\\/2022\\\/08\\\/Corrida-Pao-de-Acucar-2.jpg\",\"keywords\":[\"comunica\u00e7\u00e3o\",\"esporte\",\"marketing\",\"marketing social\",\"p\u00e3o de a\u00e7\u00facar\"],\"articleSection\":[\"Not\u00edcias\"],\"inLanguage\":\"pt-BR\",\"potentialAction\":[{\"@type\":\"CommentAction\",\"name\":\"Comment\",\"target\":[\"https:\\\/\\\/www.cidademarketing.com.br\\\/marketing\\\/2022\\\/08\\\/19\\\/pao-de-acucar-retoma-circuito-de-corridas-com-maratona-no-rio-de-janeiro\\\/#respond\"]}]},{\"@type\":\"WebPage\",\"@id\":\"https:\\\/\\\/www.cidademarketing.com.br\\\/marketing\\\/2022\\\/08\\\/19\\\/pao-de-acucar-retoma-circuito-de-corridas-com-maratona-no-rio-de-janeiro\\\/\",\"url\":\"https:\\\/\\\/www.cidademarketing.com.br\\\/marketing\\\/2022\\\/08\\\/19\\\/pao-de-acucar-retoma-circuito-de-corridas-com-maratona-no-rio-de-janeiro\\\/\",\"name\":\"P\u00e3o de A\u00e7\u00facar retoma Circuito de Corridas com maratona no Rio de Janeiro - CidadeMarketing\",\"isPartOf\":{\"@id\":\"https:\\\/\\\/www.cidademarketing.com.br\\\/marketing\\\/#website\"},\"primaryImageOfPage\":{\"@id\":\"https:\\\/\\\/www.cidademarketing.com.br\\\/marketing\\\/2022\\\/08\\\/19\\\/pao-de-acucar-retoma-circuito-de-corridas-com-maratona-no-rio-de-janeiro\\\/#primaryimage\"},\"image\":{\"@id\":\"https:\\\/\\\/www.cidademarketing.com.br\\\/marketing\\\/2022\\\/08\\\/19\\\/pao-de-acucar-retoma-circuito-de-corridas-com-maratona-no-rio-de-janeiro\\\/#primaryimage\"},\"thumbnailUrl\":\"https:\\\/\\\/www.cidademarketing.com.br\\\/marketing\\\/wp-content\\\/uploads\\\/2022\\\/08\\\/Corrida-Pao-de-Acucar-2.jpg\",\"datePublished\":\"2022-08-20T02:23:15+00:00\",\"breadcrumb\":{\"@id\":\"https:\\\/\\\/www.cidademarketing.com.br\\\/marketing\\\/2022\\\/08\\\/19\\\/pao-de-acucar-retoma-circuito-de-corridas-com-maratona-no-rio-de-janeiro\\\/#breadcrumb\"},\"inLanguage\":\"pt-BR\",\"potentialAction\":[{\"@type\":\"ReadAction\",\"target\":[\"https:\\\/\\\/www.cidademarketing.com.br\\\/marketing\\\/2022\\\/08\\\/19\\\/pao-de-acucar-retoma-circuito-de-corridas-com-maratona-no-rio-de-janeiro\\\/\"]}]},{\"@type\":\"ImageObject\",\"inLanguage\":\"pt-BR\",\"@id\":\"https:\\\/\\\/www.cidademarketing.com.br\\\/marketing\\\/2022\\\/08\\\/19\\\/pao-de-acucar-retoma-circuito-de-corridas-com-maratona-no-rio-de-janeiro\\\/#primaryimage\",\"url\":\"https:\\\/\\\/www.cidademarketing.com.br\\\/marketing\\\/wp-content\\\/uploads\\\/2022\\\/08\\\/Corrida-Pao-de-Acucar-2.jpg\",\"contentUrl\":\"https:\\\/\\\/www.cidademarketing.com.br\\\/marketing\\\/wp-content\\\/uploads\\\/2022\\\/08\\\/Corrida-Pao-de-Acucar-2.jpg\",\"width\":1080,\"height\":707,\"caption\":\"Divulga\u00e7\u00e3o\"},{\"@type\":\"BreadcrumbList\",\"@id\":\"https:\\\/\\\/www.cidademarketing.com.br\\\/marketing\\\/2022\\\/08\\\/19\\\/pao-de-acucar-retoma-circuito-de-corridas-com-maratona-no-rio-de-janeiro\\\/#breadcrumb\",\"itemListElement\":[{\"@type\":\"ListItem\",\"position\":1,\"name\":\"In\u00edcio\",\"item\":\"https:\\\/\\\/www.cidademarketing.com.br\\\/marketing\\\/\"},{\"@type\":\"ListItem\",\"position\":2,\"name\":\"P\u00e3o de A\u00e7\u00facar retoma Circuito de Corridas com maratona no Rio de Janeiro\"}]},{\"@type\":\"WebSite\",\"@id\":\"https:\\\/\\\/www.cidademarketing.com.br\\\/marketing\\\/#website\",\"url\":\"https:\\\/\\\/www.cidademarketing.com.br\\\/marketing\\\/\",\"name\":\"CidadeMarketing\",\"description\":\"Somos um ve\u00edculo de comunica\u00e7\u00e3o de destaque no Brasil, reconhecido por conte\u00fados nos segmentos de marketing, empreendedorismo e inova\u00e7\u00e3o.\",\"publisher\":{\"@id\":\"https:\\\/\\\/www.cidademarketing.com.br\\\/marketing\\\/#organization\"},\"alternateName\":\"CidadeMarketing\",\"potentialAction\":[{\"@type\":\"SearchAction\",\"target\":{\"@type\":\"EntryPoint\",\"urlTemplate\":\"https:\\\/\\\/www.cidademarketing.com.br\\\/marketing\\\/?s={search_term_string}\"},\"query-input\":{\"@type\":\"PropertyValueSpecification\",\"valueRequired\":true,\"valueName\":\"search_term_string\"}}],\"inLanguage\":\"pt-BR\"},{\"@type\":\"Organization\",\"@id\":\"https:\\\/\\\/www.cidademarketing.com.br\\\/marketing\\\/#organization\",\"name\":\"CidadeMarketing\",\"alternateName\":\"CidadeMarketing\",\"url\":\"https:\\\/\\\/www.cidademarketing.com.br\\\/marketing\\\/\",\"logo\":{\"@type\":\"ImageObject\",\"inLanguage\":\"pt-BR\",\"@id\":\"https:\\\/\\\/www.cidademarketing.com.br\\\/marketing\\\/#\\\/schema\\\/logo\\\/image\\\/\",\"url\":\"https:\\\/\\\/www.cidademarketing.com.br\\\/marketing\\\/wp-content\\\/uploads\\\/2020\\\/01\\\/cidademarketing_marca_mobile.png\",\"contentUrl\":\"https:\\\/\\\/www.cidademarketing.com.br\\\/marketing\\\/wp-content\\\/uploads\\\/2020\\\/01\\\/cidademarketing_marca_mobile.png\",\"width\":230,\"height\":92,\"caption\":\"CidadeMarketing\"},\"image\":{\"@id\":\"https:\\\/\\\/www.cidademarketing.com.br\\\/marketing\\\/#\\\/schema\\\/logo\\\/image\\\/\"},\"sameAs\":[\"https:\\\/\\\/www.facebook.com\\\/portalcidademarketing\",\"https:\\\/\\\/x.com\\\/CidadeMarketing\",\"https:\\\/\\\/www.instagram.com\\\/cidademarketing\\\/\"]},{\"@type\":\"Person\",\"@id\":\"https:\\\/\\\/www.cidademarketing.com.br\\\/marketing\\\/#\\\/schema\\\/person\\\/02daff9f18bd9378c9e01eb6b2db155f\",\"name\":\"Thales Brand\u00e3o\",\"image\":{\"@type\":\"ImageObject\",\"inLanguage\":\"pt-BR\",\"@id\":\"https:\\\/\\\/secure.gravatar.com\\\/avatar\\\/7ca3206950207cc3cb48feec56a8a7898741ab725c368d99d5d7a5a50aab80c6?s=96&d=mm&r=g\",\"url\":\"https:\\\/\\\/secure.gravatar.com\\\/avatar\\\/7ca3206950207cc3cb48feec56a8a7898741ab725c368d99d5d7a5a50aab80c6?s=96&d=mm&r=g\",\"contentUrl\":\"https:\\\/\\\/secure.gravatar.com\\\/avatar\\\/7ca3206950207cc3cb48feec56a8a7898741ab725c368d99d5d7a5a50aab80c6?s=96&d=mm&r=g\",\"caption\":\"Thales Brand\u00e3o\"},\"description\":\"Editor Executivo do Portal CidadeMarketing.com.br &gt; Mestre em Comunica\u00e7\u00e3o e Sociedade pela Universidade Federal de Sergipe. Possui MBA Executivo em Administra\u00e7\u00e3o com \u00eanfase em Marketing pela Funda\u00e7\u00e3o Get\u00falio Vargas - Rio de Janeiro. Consultor, Palestrante e Pesquisador sobre Empreendedorismo, Marketing, Redes Sociais e Neg\u00f3cios Digitais. Professor, Palestrante TedxTalks e Campus Party. Twitter: @ThalesBrandao\",\"sameAs\":[\"http:\\\/\\\/www.mandacaru.com.br\",\"https:\\\/\\\/www.facebook.com\\\/thalesbrandao\",\"http:\\\/\\\/www.instagram.com.br\\\/thalesbrandaoferreira\",\"https:\\\/\\\/www.linkedin.com\\\/in\\\/thales-brand\u00e3o-3948609\\\/\",\"https:\\\/\\\/x.com\\\/http:\\\/\\\/www.twitter.com\\\/thalesbrandao\"],\"url\":\"https:\\\/\\\/www.cidademarketing.com.br\\\/marketing\\\/author\\\/thalesbrandao\\\/\"}]}<\/script>\n<!-- \/ Yoast SEO plugin. -->","yoast_head_json":{"title":"P\u00e3o de A\u00e7\u00facar retoma Circuito de Corridas com maratona no Rio de Janeiro - CidadeMarketing","robots":{"index":"index","follow":"follow","max-snippet":"max-snippet:-1","max-image-preview":"max-image-preview:large","max-video-preview":"max-video-preview:-1"},"canonical":"https:\/\/www.cidademarketing.com.br\/marketing\/2022\/08\/19\/pao-de-acucar-retoma-circuito-de-corridas-com-maratona-no-rio-de-janeiro\/","og_locale":"pt_BR","og_type":"article","og_title":"P\u00e3o de A\u00e7\u00facar retoma Circuito de Corridas com maratona no Rio de Janeiro - CidadeMarketing","og_description":"No segundo semestre, o P\u00e3o de A\u00e7\u00facar retoma uma das corridas de rua mais tradicionais do Pa\u00eds, o Circuito de Corridas P\u00e3o de A\u00e7\u00facar. Realizado desde 1993, a maratona de revezamento da rede de supermercados teve um hiato de dois anos por conta da pandemia de Covid-19, e retoma o circuito no dia 16 de [&hellip;]","og_url":"https:\/\/www.cidademarketing.com.br\/marketing\/2022\/08\/19\/pao-de-acucar-retoma-circuito-de-corridas-com-maratona-no-rio-de-janeiro\/","og_site_name":"CidadeMarketing","article_publisher":"https:\/\/www.facebook.com\/portalcidademarketing","article_author":"https:\/\/www.facebook.com\/thalesbrandao","article_published_time":"2022-08-20T02:23:15+00:00","og_image":[{"width":1080,"height":707,"url":"https:\/\/www.cidademarketing.com.br\/marketing\/wp-content\/uploads\/2022\/08\/Corrida-Pao-de-Acucar-2.jpg","type":"image\/jpeg"}],"author":"Thales Brand\u00e3o","twitter_card":"summary_large_image","twitter_creator":"@http:\/\/www.twitter.com\/thalesbrandao","twitter_site":"@CidadeMarketing","twitter_misc":{"Escrito por":"Thales Brand\u00e3o","Est. tempo de leitura":"3 minutos"},"schema":{"@context":"https:\/\/schema.org","@graph":[{"@type":"Article","@id":"https:\/\/www.cidademarketing.com.br\/marketing\/2022\/08\/19\/pao-de-acucar-retoma-circuito-de-corridas-com-maratona-no-rio-de-janeiro\/#article","isPartOf":{"@id":"https:\/\/www.cidademarketing.com.br\/marketing\/2022\/08\/19\/pao-de-acucar-retoma-circuito-de-corridas-com-maratona-no-rio-de-janeiro\/"},"author":{"name":"Thales Brand\u00e3o","@id":"https:\/\/www.cidademarketing.com.br\/marketing\/#\/schema\/person\/02daff9f18bd9378c9e01eb6b2db155f"},"headline":"P\u00e3o de A\u00e7\u00facar retoma Circuito de Corridas com maratona no Rio de Janeiro","datePublished":"2022-08-20T02:23:15+00:00","mainEntityOfPage":{"@id":"https:\/\/www.cidademarketing.com.br\/marketing\/2022\/08\/19\/pao-de-acucar-retoma-circuito-de-corridas-com-maratona-no-rio-de-janeiro\/"},"wordCount":617,"commentCount":0,"publisher":{"@id":"https:\/\/www.cidademarketing.com.br\/marketing\/#organization"},"image":{"@id":"https:\/\/www.cidademarketing.com.br\/marketing\/2022\/08\/19\/pao-de-acucar-retoma-circuito-de-corridas-com-maratona-no-rio-de-janeiro\/#primaryimage"},"thumbnailUrl":"https:\/\/www.cidademarketing.com.br\/marketing\/wp-content\/uploads\/2022\/08\/Corrida-Pao-de-Acucar-2.jpg","keywords":["comunica\u00e7\u00e3o","esporte","marketing","marketing social","p\u00e3o de a\u00e7\u00facar"],"articleSection":["Not\u00edcias"],"inLanguage":"pt-BR","potentialAction":[{"@type":"CommentAction","name":"Comment","target":["https:\/\/www.cidademarketing.com.br\/marketing\/2022\/08\/19\/pao-de-acucar-retoma-circuito-de-corridas-com-maratona-no-rio-de-janeiro\/#respond"]}]},{"@type":"WebPage","@id":"https:\/\/www.cidademarketing.com.br\/marketing\/2022\/08\/19\/pao-de-acucar-retoma-circuito-de-corridas-com-maratona-no-rio-de-janeiro\/","url":"https:\/\/www.cidademarketing.com.br\/marketing\/2022\/08\/19\/pao-de-acucar-retoma-circuito-de-corridas-com-maratona-no-rio-de-janeiro\/","name":"P\u00e3o de A\u00e7\u00facar retoma Circuito de Corridas com maratona no Rio de Janeiro - CidadeMarketing","isPartOf":{"@id":"https:\/\/www.cidademarketing.com.br\/marketing\/#website"},"primaryImageOfPage":{"@id":"https:\/\/www.cidademarketing.com.br\/marketing\/2022\/08\/19\/pao-de-acucar-retoma-circuito-de-corridas-com-maratona-no-rio-de-janeiro\/#primaryimage"},"image":{"@id":"https:\/\/www.cidademarketing.com.br\/marketing\/2022\/08\/19\/pao-de-acucar-retoma-circuito-de-corridas-com-maratona-no-rio-de-janeiro\/#primaryimage"},"thumbnailUrl":"https:\/\/www.cidademarketing.com.br\/marketing\/wp-content\/uploads\/2022\/08\/Corrida-Pao-de-Acucar-2.jpg","datePublished":"2022-08-20T02:23:15+00:00","breadcrumb":{"@id":"https:\/\/www.cidademarketing.com.br\/marketing\/2022\/08\/19\/pao-de-acucar-retoma-circuito-de-corridas-com-maratona-no-rio-de-janeiro\/#breadcrumb"},"inLanguage":"pt-BR","potentialAction":[{"@type":"ReadAction","target":["https:\/\/www.cidademarketing.com.br\/marketing\/2022\/08\/19\/pao-de-acucar-retoma-circuito-de-corridas-com-maratona-no-rio-de-janeiro\/"]}]},{"@type":"ImageObject","inLanguage":"pt-BR","@id":"https:\/\/www.cidademarketing.com.br\/marketing\/2022\/08\/19\/pao-de-acucar-retoma-circuito-de-corridas-com-maratona-no-rio-de-janeiro\/#primaryimage","url":"https:\/\/www.cidademarketing.com.br\/marketing\/wp-content\/uploads\/2022\/08\/Corrida-Pao-de-Acucar-2.jpg","contentUrl":"https:\/\/www.cidademarketing.com.br\/marketing\/wp-content\/uploads\/2022\/08\/Corrida-Pao-de-Acucar-2.jpg","width":1080,"height":707,"caption":"Divulga\u00e7\u00e3o"},{"@type":"BreadcrumbList","@id":"https:\/\/www.cidademarketing.com.br\/marketing\/2022\/08\/19\/pao-de-acucar-retoma-circuito-de-corridas-com-maratona-no-rio-de-janeiro\/#breadcrumb","itemListElement":[{"@type":"ListItem","position":1,"name":"In\u00edcio","item":"https:\/\/www.cidademarketing.com.br\/marketing\/"},{"@type":"ListItem","position":2,"name":"P\u00e3o de A\u00e7\u00facar retoma Circuito de Corridas com maratona no Rio de Janeiro"}]},{"@type":"WebSite","@id":"https:\/\/www.cidademarketing.com.br\/marketing\/#website","url":"https:\/\/www.cidademarketing.com.br\/marketing\/","name":"CidadeMarketing","description":"Somos um ve\u00edculo de comunica\u00e7\u00e3o de destaque no Brasil, reconhecido por conte\u00fados nos segmentos de marketing, empreendedorismo e inova\u00e7\u00e3o.","publisher":{"@id":"https:\/\/www.cidademarketing.com.br\/marketing\/#organization"},"alternateName":"CidadeMarketing","potentialAction":[{"@type":"SearchAction","target":{"@type":"EntryPoint","urlTemplate":"https:\/\/www.cidademarketing.com.br\/marketing\/?s={search_term_string}"},"query-input":{"@type":"PropertyValueSpecification","valueRequired":true,"valueName":"search_term_string"}}],"inLanguage":"pt-BR"},{"@type":"Organization","@id":"https:\/\/www.cidademarketing.com.br\/marketing\/#organization","name":"CidadeMarketing","alternateName":"CidadeMarketing","url":"https:\/\/www.cidademarketing.com.br\/marketing\/","logo":{"@type":"ImageObject","inLanguage":"pt-BR","@id":"https:\/\/www.cidademarketing.com.br\/marketing\/#\/schema\/logo\/image\/","url":"https:\/\/www.cidademarketing.com.br\/marketing\/wp-content\/uploads\/2020\/01\/cidademarketing_marca_mobile.png","contentUrl":"https:\/\/www.cidademarketing.com.br\/marketing\/wp-content\/uploads\/2020\/01\/cidademarketing_marca_mobile.png","width":230,"height":92,"caption":"CidadeMarketing"},"image":{"@id":"https:\/\/www.cidademarketing.com.br\/marketing\/#\/schema\/logo\/image\/"},"sameAs":["https:\/\/www.facebook.com\/portalcidademarketing","https:\/\/x.com\/CidadeMarketing","https:\/\/www.instagram.com\/cidademarketing\/"]},{"@type":"Person","@id":"https:\/\/www.cidademarketing.com.br\/marketing\/#\/schema\/person\/02daff9f18bd9378c9e01eb6b2db155f","name":"Thales Brand\u00e3o","image":{"@type":"ImageObject","inLanguage":"pt-BR","@id":"https:\/\/secure.gravatar.com\/avatar\/7ca3206950207cc3cb48feec56a8a7898741ab725c368d99d5d7a5a50aab80c6?s=96&d=mm&r=g","url":"https:\/\/secure.gravatar.com\/avatar\/7ca3206950207cc3cb48feec56a8a7898741ab725c368d99d5d7a5a50aab80c6?s=96&d=mm&r=g","contentUrl":"https:\/\/secure.gravatar.com\/avatar\/7ca3206950207cc3cb48feec56a8a7898741ab725c368d99d5d7a5a50aab80c6?s=96&d=mm&r=g","caption":"Thales Brand\u00e3o"},"description":"Editor Executivo do Portal CidadeMarketing.com.br &gt; Mestre em Comunica\u00e7\u00e3o e Sociedade pela Universidade Federal de Sergipe. Possui MBA Executivo em Administra\u00e7\u00e3o com \u00eanfase em Marketing pela Funda\u00e7\u00e3o Get\u00falio Vargas - Rio de Janeiro. Consultor, Palestrante e Pesquisador sobre Empreendedorismo, Marketing, Redes Sociais e Neg\u00f3cios Digitais. Professor, Palestrante TedxTalks e Campus Party. Twitter: @ThalesBrandao","sameAs":["http:\/\/www.mandacaru.com.br","https:\/\/www.facebook.com\/thalesbrandao","http:\/\/www.instagram.com.br\/thalesbrandaoferreira","https:\/\/www.linkedin.com\/in\/thales-brand\u00e3o-3948609\/","https:\/\/x.com\/http:\/\/www.twitter.com\/thalesbrandao"],"url":"https:\/\/www.cidademarketing.com.br\/marketing\/author\/thalesbrandao\/"}]}},"amp_enabled":true,"_links":{"self":[{"href":"https:\/\/www.cidademarketing.com.br\/marketing\/wp-json\/wp\/v2\/posts\/37609","targetHints":{"allow":["GET"]}}],"collection":[{"href":"https:\/\/www.cidademarketing.com.br\/marketing\/wp-json\/wp\/v2\/posts"}],"about":[{"href":"https:\/\/www.cidademarketing.com.br\/marketing\/wp-json\/wp\/v2\/types\/post"}],"author":[{"embeddable":true,"href":"https:\/\/www.cidademarketing.com.br\/marketing\/wp-json\/wp\/v2\/users\/1"}],"replies":[{"embeddable":true,"href":"https:\/\/www.cidademarketing.com.br\/marketing\/wp-json\/wp\/v2\/comments?post=37609"}],"version-history":[{"count":1,"href":"https:\/\/www.cidademarketing.com.br\/marketing\/wp-json\/wp\/v2\/posts\/37609\/revisions"}],"predecessor-version":[{"id":37611,"href":"https:\/\/www.cidademarketing.com.br\/marketing\/wp-json\/wp\/v2\/posts\/37609\/revisions\/37611"}],"wp:featuredmedia":[{"embeddable":true,"href":"https:\/\/www.cidademarketing.com.br\/marketing\/wp-json\/wp\/v2\/media\/37610"}],"wp:attachment":[{"href":"https:\/\/www.cidademarketing.com.br\/marketing\/wp-json\/wp\/v2\/media?parent=37609"}],"wp:term":[{"taxonomy":"category","embeddable":true,"href":"https:\/\/www.cidademarketing.com.br\/marketing\/wp-json\/wp\/v2\/categories?post=37609"},{"taxonomy":"post_tag","embeddable":true,"href":"https:\/\/www.cidademarketing.com.br\/marketing\/wp-json\/wp\/v2\/tags?post=37609"}],"curies":[{"name":"wp","href":"https:\/\/api.w.org\/{rel}","templated":true}]}}