{"id":3760,"date":"2018-12-11T23:24:48","date_gmt":"2018-12-12T01:24:48","guid":{"rendered":"http:\/\/www.cidademarketing.com.br\/marketing\/?p=3760"},"modified":"2018-12-11T23:24:50","modified_gmt":"2018-12-12T01:24:50","slug":"para-se-manter-no-mercado-avianca-entra-com-pedido-de-recuperacao-judicial","status":"publish","type":"post","link":"https:\/\/www.cidademarketing.com.br\/marketing\/2018\/12\/11\/para-se-manter-no-mercado-avianca-entra-com-pedido-de-recuperacao-judicial\/","title":{"rendered":"Para se manter no mercado, Avianca entra com pedido de recupera\u00e7\u00e3o judicial"},"content":{"rendered":"\n<p>A Avianca Brasil entrou nesta ter\u00e7a-feira (11) com um pedido de recupera\u00e7\u00e3o judicial. O Tribunal de Justi\u00e7a de S\u00e3o Paulo confirmou a informa\u00e7\u00e3o. A companhia a\u00e9rea ainda n\u00e3o se pronunciou sobre o assunto, que corre em segredo de Justi\u00e7a.<\/p>\n\n\n\n<p>Com a iniciativa, empresa visa ganhar mais tempo para pagar a d\u00edvida com fornecedores e administradores de aeroportos, que chega a cerca de R$ 493,8 milh\u00f5es, e, assim, evitar a perda de 14 de suas 56 aeronaves, ou 25% de sua frota, 11 delas para a irlandesa Constitution Aircraft.<br>\nDesde a semana passada, a empresa vem sendo alvo de a\u00e7\u00f5es pedindo a retomada de aeronaves arrendadas por falta de pagamento. Ap\u00f3s se expandir rapidamente, a Avianca no Brasil enfrenta dificuldades para pagar fornecedores, cumprir obriga\u00e7\u00f5es com concession\u00e1rias de aeroportos e pode ter de devolver avi\u00f5es.<\/p>\n\n\n\n<p>Antes de entrar com o pedido de recupera\u00e7\u00e3o, a companhia aguardava um aporte financeiro na casa de US$ 500 milh\u00f5es de um parceiro do setor.<\/p>\n\n\n\n<p>Em 2018, a Avianca Brasil aumentou o n\u00famero de passageiros transportados, com 9,7 milh\u00f5es de viajantes at\u00e9 o momento. O acumulado de janeiro a outubro apresenta crescimento de 11,5% em rela\u00e7\u00e3o ao mesmo recorte de 2017. Como compara\u00e7\u00e3o, Azul, Gol e Latam Brasil tiveram crescimentos de um d\u00edgito, segundo dados da Anac.<\/p>\n\n\n\n<p>Na participa\u00e7\u00e3o de mercado, medida em n\u00famero de passageiros transportados, a Avianca Brasil tamb\u00e9m vem crescendo no ano. A a\u00e9rea subiu de 11,7% para 12,6%, ao passo que seus rivais ca\u00edram, como Latam Brasil (-2%) e Azul (-0,7%), ou se mantiveram no mesmo patamar, como a Gol.<\/p>\n\n\n\n<p>Segundo dados da Anac (Ag\u00eancia Nacional de Avia\u00e7\u00e3o Civil), a Avianca Brasil transportou 2,5 milh\u00f5es de passageiros entre janeiro e outubro, um aumento de 338,4% na compara\u00e7\u00e3o com o mesmo per\u00edodo de 2017. <\/p>\n\n\n\n<p>A empresa ampliou sua participa\u00e7\u00e3o no mercado de 1,9% de janeiro a outubro de 2017 para 7% neste ano.<\/p>\n\n\n\n<p>Em nota enviada ao CidadeMarketing, a  Avianca Brasil comunicou que, &#8220;devido \u00e0 resist\u00eancia de arrendadores de suas aeronaves a um acordo amig\u00e1vel, entrou com um pedido de recupera\u00e7\u00e3o judicial para proteger os seus clientes e passageiros. Como primeira decis\u00e3o da Justi\u00e7a, teve seus pedidos garantidos, como a libera\u00e7\u00e3o de sua frota para o cumprimento de todos os voos programados, nos aeroportos onde opera&#8221;.\u00a0 \u00a0Pelo Facebook a marca emitiu nota:<\/p>\n\n\n\n<p><em>&#8220;Comunicamos que, devido \u00e0 resist\u00eancia de arrendadores de nossas aeronaves a um acordo amig\u00e1vel, entramos com um pedido de recupera\u00e7\u00e3o judicial para proteger voc\u00ea, nosso cliente. J\u00e1 conseguimos a libera\u00e7\u00e3o de nossa frota para o cumprimento de todos os voos programados nos aeroportos onde operamos.Por isso, refor\u00e7amos que nossas opera\u00e7\u00f5es N\u00c3O SER\u00c3O AFETADAS. Voc\u00ea, nosso passageiro, pode ter absoluta tranquilidade em fazer suas reservas e adquirir seus bilhetes, pois todas as vendas ser\u00e3o honradas e os voos mantidos.  Continuaremos aqui, atendendo todos os clientes, voando para todos os destinos com a qualidade e excel\u00eancia pela qual somos conhecidos.<br>Time Avianca Brasil&#8221;<\/em><\/p>\n","protected":false},"excerpt":{"rendered":"<p>A Avianca Brasil entrou nesta ter\u00e7a-feira (11) com um pedido de recupera\u00e7\u00e3o judicial. O Tribunal de Justi\u00e7a de S\u00e3o Paulo confirmou a informa\u00e7\u00e3o. A companhia a\u00e9rea ainda n\u00e3o se pronunciou sobre o assunto, que corre em segredo de Justi\u00e7a. Com a iniciativa, empresa visa ganhar mais tempo para pagar a d\u00edvida com fornecedores e administradores [&hellip;]<\/p>\n","protected":false},"author":1,"featured_media":3761,"comment_status":"open","ping_status":"open","sticky":false,"template":"","format":"standard","meta":{"tdm_status":"","tdm_grid_status":"","footnotes":""},"categories":[6],"tags":[800,750,398],"class_list":["post-3760","post","type-post","status-publish","format-standard","has-post-thumbnail","hentry","category-noticias","tag-avianca","tag-consumidores","tag-recuperacao-judicial"],"yoast_head":"<!-- This site is optimized with the Yoast SEO plugin v27.5 - https:\/\/yoast.com\/product\/yoast-seo-wordpress\/ -->\n<title>Para se manter no mercado, Avianca entra com pedido de recupera\u00e7\u00e3o judicial - CidadeMarketing<\/title>\n<meta name=\"robots\" content=\"index, follow, max-snippet:-1, max-image-preview:large, max-video-preview:-1\" \/>\n<link rel=\"canonical\" href=\"https:\/\/www.cidademarketing.com.br\/marketing\/2018\/12\/11\/para-se-manter-no-mercado-avianca-entra-com-pedido-de-recuperacao-judicial\/\" \/>\n<meta property=\"og:locale\" content=\"pt_BR\" \/>\n<meta property=\"og:type\" content=\"article\" \/>\n<meta property=\"og:title\" content=\"Para se manter no mercado, Avianca entra com pedido de recupera\u00e7\u00e3o judicial - CidadeMarketing\" \/>\n<meta property=\"og:description\" content=\"A Avianca Brasil entrou nesta ter\u00e7a-feira (11) com um pedido de recupera\u00e7\u00e3o judicial. O Tribunal de Justi\u00e7a de S\u00e3o Paulo confirmou a informa\u00e7\u00e3o. A companhia a\u00e9rea ainda n\u00e3o se pronunciou sobre o assunto, que corre em segredo de Justi\u00e7a. Com a iniciativa, empresa visa ganhar mais tempo para pagar a d\u00edvida com fornecedores e administradores [&hellip;]\" \/>\n<meta property=\"og:url\" content=\"https:\/\/www.cidademarketing.com.br\/marketing\/2018\/12\/11\/para-se-manter-no-mercado-avianca-entra-com-pedido-de-recuperacao-judicial\/\" \/>\n<meta property=\"og:site_name\" content=\"CidadeMarketing\" \/>\n<meta property=\"article:publisher\" content=\"https:\/\/www.facebook.com\/portalcidademarketing\" \/>\n<meta property=\"article:author\" content=\"https:\/\/www.facebook.com\/thalesbrandao\" \/>\n<meta property=\"article:published_time\" content=\"2018-12-12T01:24:48+00:00\" \/>\n<meta property=\"article:modified_time\" content=\"2018-12-12T01:24:50+00:00\" \/>\n<meta property=\"og:image\" content=\"https:\/\/www.cidademarketing.com.br\/marketing\/wp-content\/uploads\/2018\/12\/avianca_recuperacaojudicial.jpg\" \/>\n\t<meta property=\"og:image:width\" content=\"1200\" \/>\n\t<meta property=\"og:image:height\" content=\"627\" \/>\n\t<meta property=\"og:image:type\" content=\"image\/jpeg\" \/>\n<meta name=\"author\" content=\"Thales Brand\u00e3o\" \/>\n<meta name=\"twitter:card\" content=\"summary_large_image\" \/>\n<meta name=\"twitter:creator\" content=\"@http:\/\/www.twitter.com\/thalesbrandao\" \/>\n<meta name=\"twitter:site\" content=\"@CidadeMarketing\" \/>\n<meta name=\"twitter:label1\" content=\"Escrito por\" \/>\n\t<meta name=\"twitter:data1\" content=\"Thales Brand\u00e3o\" \/>\n\t<meta name=\"twitter:label2\" content=\"Est. tempo de leitura\" \/>\n\t<meta name=\"twitter:data2\" content=\"3 minutos\" \/>\n<script type=\"application\/ld+json\" class=\"yoast-schema-graph\">{\"@context\":\"https:\\\/\\\/schema.org\",\"@graph\":[{\"@type\":\"Article\",\"@id\":\"https:\\\/\\\/www.cidademarketing.com.br\\\/marketing\\\/2018\\\/12\\\/11\\\/para-se-manter-no-mercado-avianca-entra-com-pedido-de-recuperacao-judicial\\\/#article\",\"isPartOf\":{\"@id\":\"https:\\\/\\\/www.cidademarketing.com.br\\\/marketing\\\/2018\\\/12\\\/11\\\/para-se-manter-no-mercado-avianca-entra-com-pedido-de-recuperacao-judicial\\\/\"},\"author\":{\"name\":\"Thales Brand\u00e3o\",\"@id\":\"https:\\\/\\\/www.cidademarketing.com.br\\\/marketing\\\/#\\\/schema\\\/person\\\/02daff9f18bd9378c9e01eb6b2db155f\"},\"headline\":\"Para se manter no mercado, Avianca entra com pedido de recupera\u00e7\u00e3o judicial\",\"datePublished\":\"2018-12-12T01:24:48+00:00\",\"dateModified\":\"2018-12-12T01:24:50+00:00\",\"mainEntityOfPage\":{\"@id\":\"https:\\\/\\\/www.cidademarketing.com.br\\\/marketing\\\/2018\\\/12\\\/11\\\/para-se-manter-no-mercado-avianca-entra-com-pedido-de-recuperacao-judicial\\\/\"},\"wordCount\":522,\"commentCount\":0,\"publisher\":{\"@id\":\"https:\\\/\\\/www.cidademarketing.com.br\\\/marketing\\\/#organization\"},\"image\":{\"@id\":\"https:\\\/\\\/www.cidademarketing.com.br\\\/marketing\\\/2018\\\/12\\\/11\\\/para-se-manter-no-mercado-avianca-entra-com-pedido-de-recuperacao-judicial\\\/#primaryimage\"},\"thumbnailUrl\":\"https:\\\/\\\/www.cidademarketing.com.br\\\/marketing\\\/wp-content\\\/uploads\\\/2018\\\/12\\\/avianca_recuperacaojudicial.jpg\",\"keywords\":[\"Avianca\",\"consumidores\",\"recupera\u00e7\u00e3o judicial\"],\"articleSection\":[\"Not\u00edcias\"],\"inLanguage\":\"pt-BR\",\"potentialAction\":[{\"@type\":\"CommentAction\",\"name\":\"Comment\",\"target\":[\"https:\\\/\\\/www.cidademarketing.com.br\\\/marketing\\\/2018\\\/12\\\/11\\\/para-se-manter-no-mercado-avianca-entra-com-pedido-de-recuperacao-judicial\\\/#respond\"]}]},{\"@type\":\"WebPage\",\"@id\":\"https:\\\/\\\/www.cidademarketing.com.br\\\/marketing\\\/2018\\\/12\\\/11\\\/para-se-manter-no-mercado-avianca-entra-com-pedido-de-recuperacao-judicial\\\/\",\"url\":\"https:\\\/\\\/www.cidademarketing.com.br\\\/marketing\\\/2018\\\/12\\\/11\\\/para-se-manter-no-mercado-avianca-entra-com-pedido-de-recuperacao-judicial\\\/\",\"name\":\"Para se manter no mercado, Avianca entra com pedido de recupera\u00e7\u00e3o judicial - CidadeMarketing\",\"isPartOf\":{\"@id\":\"https:\\\/\\\/www.cidademarketing.com.br\\\/marketing\\\/#website\"},\"primaryImageOfPage\":{\"@id\":\"https:\\\/\\\/www.cidademarketing.com.br\\\/marketing\\\/2018\\\/12\\\/11\\\/para-se-manter-no-mercado-avianca-entra-com-pedido-de-recuperacao-judicial\\\/#primaryimage\"},\"image\":{\"@id\":\"https:\\\/\\\/www.cidademarketing.com.br\\\/marketing\\\/2018\\\/12\\\/11\\\/para-se-manter-no-mercado-avianca-entra-com-pedido-de-recuperacao-judicial\\\/#primaryimage\"},\"thumbnailUrl\":\"https:\\\/\\\/www.cidademarketing.com.br\\\/marketing\\\/wp-content\\\/uploads\\\/2018\\\/12\\\/avianca_recuperacaojudicial.jpg\",\"datePublished\":\"2018-12-12T01:24:48+00:00\",\"dateModified\":\"2018-12-12T01:24:50+00:00\",\"breadcrumb\":{\"@id\":\"https:\\\/\\\/www.cidademarketing.com.br\\\/marketing\\\/2018\\\/12\\\/11\\\/para-se-manter-no-mercado-avianca-entra-com-pedido-de-recuperacao-judicial\\\/#breadcrumb\"},\"inLanguage\":\"pt-BR\",\"potentialAction\":[{\"@type\":\"ReadAction\",\"target\":[\"https:\\\/\\\/www.cidademarketing.com.br\\\/marketing\\\/2018\\\/12\\\/11\\\/para-se-manter-no-mercado-avianca-entra-com-pedido-de-recuperacao-judicial\\\/\"]}]},{\"@type\":\"ImageObject\",\"inLanguage\":\"pt-BR\",\"@id\":\"https:\\\/\\\/www.cidademarketing.com.br\\\/marketing\\\/2018\\\/12\\\/11\\\/para-se-manter-no-mercado-avianca-entra-com-pedido-de-recuperacao-judicial\\\/#primaryimage\",\"url\":\"https:\\\/\\\/www.cidademarketing.com.br\\\/marketing\\\/wp-content\\\/uploads\\\/2018\\\/12\\\/avianca_recuperacaojudicial.jpg\",\"contentUrl\":\"https:\\\/\\\/www.cidademarketing.com.br\\\/marketing\\\/wp-content\\\/uploads\\\/2018\\\/12\\\/avianca_recuperacaojudicial.jpg\",\"width\":1200,\"height\":627,\"caption\":\"Divulga\u00e7\u00e3o\"},{\"@type\":\"BreadcrumbList\",\"@id\":\"https:\\\/\\\/www.cidademarketing.com.br\\\/marketing\\\/2018\\\/12\\\/11\\\/para-se-manter-no-mercado-avianca-entra-com-pedido-de-recuperacao-judicial\\\/#breadcrumb\",\"itemListElement\":[{\"@type\":\"ListItem\",\"position\":1,\"name\":\"In\u00edcio\",\"item\":\"https:\\\/\\\/www.cidademarketing.com.br\\\/marketing\\\/\"},{\"@type\":\"ListItem\",\"position\":2,\"name\":\"Para se manter no mercado, Avianca entra com pedido de recupera\u00e7\u00e3o judicial\"}]},{\"@type\":\"WebSite\",\"@id\":\"https:\\\/\\\/www.cidademarketing.com.br\\\/marketing\\\/#website\",\"url\":\"https:\\\/\\\/www.cidademarketing.com.br\\\/marketing\\\/\",\"name\":\"CidadeMarketing\",\"description\":\"Somos um ve\u00edculo de comunica\u00e7\u00e3o de destaque no Brasil, reconhecido por conte\u00fados nos segmentos de marketing, empreendedorismo e inova\u00e7\u00e3o.\",\"publisher\":{\"@id\":\"https:\\\/\\\/www.cidademarketing.com.br\\\/marketing\\\/#organization\"},\"alternateName\":\"CidadeMarketing\",\"potentialAction\":[{\"@type\":\"SearchAction\",\"target\":{\"@type\":\"EntryPoint\",\"urlTemplate\":\"https:\\\/\\\/www.cidademarketing.com.br\\\/marketing\\\/?s={search_term_string}\"},\"query-input\":{\"@type\":\"PropertyValueSpecification\",\"valueRequired\":true,\"valueName\":\"search_term_string\"}}],\"inLanguage\":\"pt-BR\"},{\"@type\":\"Organization\",\"@id\":\"https:\\\/\\\/www.cidademarketing.com.br\\\/marketing\\\/#organization\",\"name\":\"CidadeMarketing\",\"alternateName\":\"CidadeMarketing\",\"url\":\"https:\\\/\\\/www.cidademarketing.com.br\\\/marketing\\\/\",\"logo\":{\"@type\":\"ImageObject\",\"inLanguage\":\"pt-BR\",\"@id\":\"https:\\\/\\\/www.cidademarketing.com.br\\\/marketing\\\/#\\\/schema\\\/logo\\\/image\\\/\",\"url\":\"https:\\\/\\\/www.cidademarketing.com.br\\\/marketing\\\/wp-content\\\/uploads\\\/2020\\\/01\\\/cidademarketing_marca_mobile.png\",\"contentUrl\":\"https:\\\/\\\/www.cidademarketing.com.br\\\/marketing\\\/wp-content\\\/uploads\\\/2020\\\/01\\\/cidademarketing_marca_mobile.png\",\"width\":230,\"height\":92,\"caption\":\"CidadeMarketing\"},\"image\":{\"@id\":\"https:\\\/\\\/www.cidademarketing.com.br\\\/marketing\\\/#\\\/schema\\\/logo\\\/image\\\/\"},\"sameAs\":[\"https:\\\/\\\/www.facebook.com\\\/portalcidademarketing\",\"https:\\\/\\\/x.com\\\/CidadeMarketing\",\"https:\\\/\\\/www.instagram.com\\\/cidademarketing\\\/\"]},{\"@type\":\"Person\",\"@id\":\"https:\\\/\\\/www.cidademarketing.com.br\\\/marketing\\\/#\\\/schema\\\/person\\\/02daff9f18bd9378c9e01eb6b2db155f\",\"name\":\"Thales Brand\u00e3o\",\"image\":{\"@type\":\"ImageObject\",\"inLanguage\":\"pt-BR\",\"@id\":\"https:\\\/\\\/secure.gravatar.com\\\/avatar\\\/7ca3206950207cc3cb48feec56a8a7898741ab725c368d99d5d7a5a50aab80c6?s=96&d=mm&r=g\",\"url\":\"https:\\\/\\\/secure.gravatar.com\\\/avatar\\\/7ca3206950207cc3cb48feec56a8a7898741ab725c368d99d5d7a5a50aab80c6?s=96&d=mm&r=g\",\"contentUrl\":\"https:\\\/\\\/secure.gravatar.com\\\/avatar\\\/7ca3206950207cc3cb48feec56a8a7898741ab725c368d99d5d7a5a50aab80c6?s=96&d=mm&r=g\",\"caption\":\"Thales Brand\u00e3o\"},\"description\":\"Editor Executivo do Portal CidadeMarketing.com.br &gt; Mestre em Comunica\u00e7\u00e3o e Sociedade pela Universidade Federal de Sergipe. Possui MBA Executivo em Administra\u00e7\u00e3o com \u00eanfase em Marketing pela Funda\u00e7\u00e3o Get\u00falio Vargas - Rio de Janeiro. Consultor, Palestrante e Pesquisador sobre Empreendedorismo, Marketing, Redes Sociais e Neg\u00f3cios Digitais. Professor, Palestrante TedxTalks e Campus Party. Twitter: @ThalesBrandao\",\"sameAs\":[\"http:\\\/\\\/www.mandacaru.com.br\",\"https:\\\/\\\/www.facebook.com\\\/thalesbrandao\",\"http:\\\/\\\/www.instagram.com.br\\\/thalesbrandaoferreira\",\"https:\\\/\\\/www.linkedin.com\\\/in\\\/thales-brand\u00e3o-3948609\\\/\",\"https:\\\/\\\/x.com\\\/http:\\\/\\\/www.twitter.com\\\/thalesbrandao\"],\"url\":\"https:\\\/\\\/www.cidademarketing.com.br\\\/marketing\\\/author\\\/thalesbrandao\\\/\"}]}<\/script>\n<!-- \/ Yoast SEO plugin. -->","yoast_head_json":{"title":"Para se manter no mercado, Avianca entra com pedido de recupera\u00e7\u00e3o judicial - CidadeMarketing","robots":{"index":"index","follow":"follow","max-snippet":"max-snippet:-1","max-image-preview":"max-image-preview:large","max-video-preview":"max-video-preview:-1"},"canonical":"https:\/\/www.cidademarketing.com.br\/marketing\/2018\/12\/11\/para-se-manter-no-mercado-avianca-entra-com-pedido-de-recuperacao-judicial\/","og_locale":"pt_BR","og_type":"article","og_title":"Para se manter no mercado, Avianca entra com pedido de recupera\u00e7\u00e3o judicial - CidadeMarketing","og_description":"A Avianca Brasil entrou nesta ter\u00e7a-feira (11) com um pedido de recupera\u00e7\u00e3o judicial. O Tribunal de Justi\u00e7a de S\u00e3o Paulo confirmou a informa\u00e7\u00e3o. A companhia a\u00e9rea ainda n\u00e3o se pronunciou sobre o assunto, que corre em segredo de Justi\u00e7a. Com a iniciativa, empresa visa ganhar mais tempo para pagar a d\u00edvida com fornecedores e administradores [&hellip;]","og_url":"https:\/\/www.cidademarketing.com.br\/marketing\/2018\/12\/11\/para-se-manter-no-mercado-avianca-entra-com-pedido-de-recuperacao-judicial\/","og_site_name":"CidadeMarketing","article_publisher":"https:\/\/www.facebook.com\/portalcidademarketing","article_author":"https:\/\/www.facebook.com\/thalesbrandao","article_published_time":"2018-12-12T01:24:48+00:00","article_modified_time":"2018-12-12T01:24:50+00:00","og_image":[{"width":1200,"height":627,"url":"https:\/\/www.cidademarketing.com.br\/marketing\/wp-content\/uploads\/2018\/12\/avianca_recuperacaojudicial.jpg","type":"image\/jpeg"}],"author":"Thales Brand\u00e3o","twitter_card":"summary_large_image","twitter_creator":"@http:\/\/www.twitter.com\/thalesbrandao","twitter_site":"@CidadeMarketing","twitter_misc":{"Escrito por":"Thales Brand\u00e3o","Est. tempo de leitura":"3 minutos"},"schema":{"@context":"https:\/\/schema.org","@graph":[{"@type":"Article","@id":"https:\/\/www.cidademarketing.com.br\/marketing\/2018\/12\/11\/para-se-manter-no-mercado-avianca-entra-com-pedido-de-recuperacao-judicial\/#article","isPartOf":{"@id":"https:\/\/www.cidademarketing.com.br\/marketing\/2018\/12\/11\/para-se-manter-no-mercado-avianca-entra-com-pedido-de-recuperacao-judicial\/"},"author":{"name":"Thales Brand\u00e3o","@id":"https:\/\/www.cidademarketing.com.br\/marketing\/#\/schema\/person\/02daff9f18bd9378c9e01eb6b2db155f"},"headline":"Para se manter no mercado, Avianca entra com pedido de recupera\u00e7\u00e3o judicial","datePublished":"2018-12-12T01:24:48+00:00","dateModified":"2018-12-12T01:24:50+00:00","mainEntityOfPage":{"@id":"https:\/\/www.cidademarketing.com.br\/marketing\/2018\/12\/11\/para-se-manter-no-mercado-avianca-entra-com-pedido-de-recuperacao-judicial\/"},"wordCount":522,"commentCount":0,"publisher":{"@id":"https:\/\/www.cidademarketing.com.br\/marketing\/#organization"},"image":{"@id":"https:\/\/www.cidademarketing.com.br\/marketing\/2018\/12\/11\/para-se-manter-no-mercado-avianca-entra-com-pedido-de-recuperacao-judicial\/#primaryimage"},"thumbnailUrl":"https:\/\/www.cidademarketing.com.br\/marketing\/wp-content\/uploads\/2018\/12\/avianca_recuperacaojudicial.jpg","keywords":["Avianca","consumidores","recupera\u00e7\u00e3o judicial"],"articleSection":["Not\u00edcias"],"inLanguage":"pt-BR","potentialAction":[{"@type":"CommentAction","name":"Comment","target":["https:\/\/www.cidademarketing.com.br\/marketing\/2018\/12\/11\/para-se-manter-no-mercado-avianca-entra-com-pedido-de-recuperacao-judicial\/#respond"]}]},{"@type":"WebPage","@id":"https:\/\/www.cidademarketing.com.br\/marketing\/2018\/12\/11\/para-se-manter-no-mercado-avianca-entra-com-pedido-de-recuperacao-judicial\/","url":"https:\/\/www.cidademarketing.com.br\/marketing\/2018\/12\/11\/para-se-manter-no-mercado-avianca-entra-com-pedido-de-recuperacao-judicial\/","name":"Para se manter no mercado, Avianca entra com pedido de recupera\u00e7\u00e3o judicial - CidadeMarketing","isPartOf":{"@id":"https:\/\/www.cidademarketing.com.br\/marketing\/#website"},"primaryImageOfPage":{"@id":"https:\/\/www.cidademarketing.com.br\/marketing\/2018\/12\/11\/para-se-manter-no-mercado-avianca-entra-com-pedido-de-recuperacao-judicial\/#primaryimage"},"image":{"@id":"https:\/\/www.cidademarketing.com.br\/marketing\/2018\/12\/11\/para-se-manter-no-mercado-avianca-entra-com-pedido-de-recuperacao-judicial\/#primaryimage"},"thumbnailUrl":"https:\/\/www.cidademarketing.com.br\/marketing\/wp-content\/uploads\/2018\/12\/avianca_recuperacaojudicial.jpg","datePublished":"2018-12-12T01:24:48+00:00","dateModified":"2018-12-12T01:24:50+00:00","breadcrumb":{"@id":"https:\/\/www.cidademarketing.com.br\/marketing\/2018\/12\/11\/para-se-manter-no-mercado-avianca-entra-com-pedido-de-recuperacao-judicial\/#breadcrumb"},"inLanguage":"pt-BR","potentialAction":[{"@type":"ReadAction","target":["https:\/\/www.cidademarketing.com.br\/marketing\/2018\/12\/11\/para-se-manter-no-mercado-avianca-entra-com-pedido-de-recuperacao-judicial\/"]}]},{"@type":"ImageObject","inLanguage":"pt-BR","@id":"https:\/\/www.cidademarketing.com.br\/marketing\/2018\/12\/11\/para-se-manter-no-mercado-avianca-entra-com-pedido-de-recuperacao-judicial\/#primaryimage","url":"https:\/\/www.cidademarketing.com.br\/marketing\/wp-content\/uploads\/2018\/12\/avianca_recuperacaojudicial.jpg","contentUrl":"https:\/\/www.cidademarketing.com.br\/marketing\/wp-content\/uploads\/2018\/12\/avianca_recuperacaojudicial.jpg","width":1200,"height":627,"caption":"Divulga\u00e7\u00e3o"},{"@type":"BreadcrumbList","@id":"https:\/\/www.cidademarketing.com.br\/marketing\/2018\/12\/11\/para-se-manter-no-mercado-avianca-entra-com-pedido-de-recuperacao-judicial\/#breadcrumb","itemListElement":[{"@type":"ListItem","position":1,"name":"In\u00edcio","item":"https:\/\/www.cidademarketing.com.br\/marketing\/"},{"@type":"ListItem","position":2,"name":"Para se manter no mercado, Avianca entra com pedido de recupera\u00e7\u00e3o judicial"}]},{"@type":"WebSite","@id":"https:\/\/www.cidademarketing.com.br\/marketing\/#website","url":"https:\/\/www.cidademarketing.com.br\/marketing\/","name":"CidadeMarketing","description":"Somos um ve\u00edculo de comunica\u00e7\u00e3o de destaque no Brasil, reconhecido por conte\u00fados nos segmentos de marketing, empreendedorismo e inova\u00e7\u00e3o.","publisher":{"@id":"https:\/\/www.cidademarketing.com.br\/marketing\/#organization"},"alternateName":"CidadeMarketing","potentialAction":[{"@type":"SearchAction","target":{"@type":"EntryPoint","urlTemplate":"https:\/\/www.cidademarketing.com.br\/marketing\/?s={search_term_string}"},"query-input":{"@type":"PropertyValueSpecification","valueRequired":true,"valueName":"search_term_string"}}],"inLanguage":"pt-BR"},{"@type":"Organization","@id":"https:\/\/www.cidademarketing.com.br\/marketing\/#organization","name":"CidadeMarketing","alternateName":"CidadeMarketing","url":"https:\/\/www.cidademarketing.com.br\/marketing\/","logo":{"@type":"ImageObject","inLanguage":"pt-BR","@id":"https:\/\/www.cidademarketing.com.br\/marketing\/#\/schema\/logo\/image\/","url":"https:\/\/www.cidademarketing.com.br\/marketing\/wp-content\/uploads\/2020\/01\/cidademarketing_marca_mobile.png","contentUrl":"https:\/\/www.cidademarketing.com.br\/marketing\/wp-content\/uploads\/2020\/01\/cidademarketing_marca_mobile.png","width":230,"height":92,"caption":"CidadeMarketing"},"image":{"@id":"https:\/\/www.cidademarketing.com.br\/marketing\/#\/schema\/logo\/image\/"},"sameAs":["https:\/\/www.facebook.com\/portalcidademarketing","https:\/\/x.com\/CidadeMarketing","https:\/\/www.instagram.com\/cidademarketing\/"]},{"@type":"Person","@id":"https:\/\/www.cidademarketing.com.br\/marketing\/#\/schema\/person\/02daff9f18bd9378c9e01eb6b2db155f","name":"Thales Brand\u00e3o","image":{"@type":"ImageObject","inLanguage":"pt-BR","@id":"https:\/\/secure.gravatar.com\/avatar\/7ca3206950207cc3cb48feec56a8a7898741ab725c368d99d5d7a5a50aab80c6?s=96&d=mm&r=g","url":"https:\/\/secure.gravatar.com\/avatar\/7ca3206950207cc3cb48feec56a8a7898741ab725c368d99d5d7a5a50aab80c6?s=96&d=mm&r=g","contentUrl":"https:\/\/secure.gravatar.com\/avatar\/7ca3206950207cc3cb48feec56a8a7898741ab725c368d99d5d7a5a50aab80c6?s=96&d=mm&r=g","caption":"Thales Brand\u00e3o"},"description":"Editor Executivo do Portal CidadeMarketing.com.br &gt; Mestre em Comunica\u00e7\u00e3o e Sociedade pela Universidade Federal de Sergipe. Possui MBA Executivo em Administra\u00e7\u00e3o com \u00eanfase em Marketing pela Funda\u00e7\u00e3o Get\u00falio Vargas - Rio de Janeiro. Consultor, Palestrante e Pesquisador sobre Empreendedorismo, Marketing, Redes Sociais e Neg\u00f3cios Digitais. Professor, Palestrante TedxTalks e Campus Party. Twitter: @ThalesBrandao","sameAs":["http:\/\/www.mandacaru.com.br","https:\/\/www.facebook.com\/thalesbrandao","http:\/\/www.instagram.com.br\/thalesbrandaoferreira","https:\/\/www.linkedin.com\/in\/thales-brand\u00e3o-3948609\/","https:\/\/x.com\/http:\/\/www.twitter.com\/thalesbrandao"],"url":"https:\/\/www.cidademarketing.com.br\/marketing\/author\/thalesbrandao\/"}]}},"amp_enabled":true,"_links":{"self":[{"href":"https:\/\/www.cidademarketing.com.br\/marketing\/wp-json\/wp\/v2\/posts\/3760","targetHints":{"allow":["GET"]}}],"collection":[{"href":"https:\/\/www.cidademarketing.com.br\/marketing\/wp-json\/wp\/v2\/posts"}],"about":[{"href":"https:\/\/www.cidademarketing.com.br\/marketing\/wp-json\/wp\/v2\/types\/post"}],"author":[{"embeddable":true,"href":"https:\/\/www.cidademarketing.com.br\/marketing\/wp-json\/wp\/v2\/users\/1"}],"replies":[{"embeddable":true,"href":"https:\/\/www.cidademarketing.com.br\/marketing\/wp-json\/wp\/v2\/comments?post=3760"}],"version-history":[{"count":1,"href":"https:\/\/www.cidademarketing.com.br\/marketing\/wp-json\/wp\/v2\/posts\/3760\/revisions"}],"predecessor-version":[{"id":3762,"href":"https:\/\/www.cidademarketing.com.br\/marketing\/wp-json\/wp\/v2\/posts\/3760\/revisions\/3762"}],"wp:featuredmedia":[{"embeddable":true,"href":"https:\/\/www.cidademarketing.com.br\/marketing\/wp-json\/wp\/v2\/media\/3761"}],"wp:attachment":[{"href":"https:\/\/www.cidademarketing.com.br\/marketing\/wp-json\/wp\/v2\/media?parent=3760"}],"wp:term":[{"taxonomy":"category","embeddable":true,"href":"https:\/\/www.cidademarketing.com.br\/marketing\/wp-json\/wp\/v2\/categories?post=3760"},{"taxonomy":"post_tag","embeddable":true,"href":"https:\/\/www.cidademarketing.com.br\/marketing\/wp-json\/wp\/v2\/tags?post=3760"}],"curies":[{"name":"wp","href":"https:\/\/api.w.org\/{rel}","templated":true}]}}