{"id":37597,"date":"2022-08-18T14:30:32","date_gmt":"2022-08-18T17:30:32","guid":{"rendered":"https:\/\/www.cidademarketing.com.br\/marketing\/?p=37597"},"modified":"2022-08-18T14:30:32","modified_gmt":"2022-08-18T17:30:32","slug":"vampeta-participa-de-bate-papo-no-salvador-shopping","status":"publish","type":"post","link":"https:\/\/www.cidademarketing.com.br\/marketing\/2022\/08\/18\/vampeta-participa-de-bate-papo-no-salvador-shopping\/","title":{"rendered":"Vampeta participa de bate-papo no Salvador Shopping"},"content":{"rendered":"<p><iframe style=\"border-radius: 12px;\" src=\"https:\/\/open.spotify.com\/embed\/show\/4khMKzP3FgFRWVwb73xicc?utm_source=generator&amp;t=0\" width=\"100%\" height=\"232\" frameborder=\"0\" allowfullscreen=\"allowfullscreen\"><\/iframe><br \/>\nO ex-jogador de futebol Marcos Andr\u00e9 Batista Santos desembarca na capital baiana nesta sexta-feira, 19 de agosto. Conhecido no &#8216;mundo da bola&#8217; como \u201cVampeta\u201d, uma jun\u00e7\u00e3o dos nomes &#8216;vam(piro) e &#8216;(ca)peta&#8217;, ele encerra a programa\u00e7\u00e3o de bate-papos do M\u00eas dos Pais Salvador Shopping, que promove a exposi\u00e7\u00e3o \u201cMem\u00f3rias dos Nossos Craques\u201d sobre o futebol at\u00e9 domingo, dia 21. Durante o encontro, o ex-atleta vai relembrar fatos hist\u00f3ricos da sua carreira, o momento profissional atual, al\u00e9m de muitas \u2018resenhas\u2019 ocorridas dentro e fora de campo. O evento tem entrada gratuita e acontece na Pra\u00e7a Central \u2013 Piso L1 do empreendimento, a partir das 19h30, ser\u00e1 comandado pelo jornalista esportivo Mauro Beting. Na data, o p\u00fablico ainda pode visitar a exposi\u00e7\u00e3o sobre futebol mundial que relembra momentos e conquistas desde 1950 at\u00e9 os dias atuais.<\/p>\n<p>Vampeta \u00e9 baiano, natural de Nazar\u00e9 das Farinhas, munic\u00edpio localizado a cerca de 80km de Salvador. O ex-volante teve o auge da sua carreira em 2002, quando conquistou a Copa do Mundo pela Sele\u00e7\u00e3o Brasileira ap\u00f3s se destacar durante sua atua\u00e7\u00e3o no Corinthians, quando celebrou os Campeonatos Brasileiros dos anos de 1998 e 1999. O ex-atleta foi revelado pelo Vit\u00f3ria e acumulou passagens por times brasileiros como Fluminense, Flamengo e Goi\u00e1s, al\u00e9m de clubes do exterior como: PSV Eindhoven, Internazionale e Paris Saint-Germain. Atualmente, ele \u00e9 presidente do conselho do clube Osasco Audax, al\u00e9m de ser o principal comentarista dos programas e transmiss\u00f5es dos jogos da Rede Jovem Pan (r\u00e1dio e TV) atrav\u00e9s do programa Jovem Pan Esportes.<\/p>\n<p>Exposi\u00e7\u00e3o | No local, os visitantes ainda conferem v\u00eddeos hist\u00f3ricos e um document\u00e1rio exclusivo sobre os \u201cbabas\u201d e os torneios mundiais atrav\u00e9s dos depoimentos de ex-jogadores como Maneca, Z\u00f3zimo, Luiz Pereira, Toninho Baiano, Aldair, Dida e J\u00fanior. A exposi\u00e7\u00e3o \u00e9 composta por camisas de grandes atletas da Sele\u00e7\u00e3o, como a utilizada por Bebeto na Copa de 1994 e utilizada na comemora\u00e7\u00e3o do gol em homenagem ao nascimento do filho, Matheus, que pela primeira vez ocupa uma exposi\u00e7\u00e3o, a do ex-lateral J\u00fanior (2002) que foi autografada por toda Sele\u00e7\u00e3o, as camisas de Emerson (2006), Kak\u00e1 (2010), Neymar (2014), al\u00e9m dos mantos de Casemiro, Dida, Marta, Zetti, Vampeta e da chuteira de Cafu, da Copa de 2006. Os torcedores ainda podem disputar uma partida de subsoccer, jogo para duas pessoas em que elas ficam sentadas em bancos, que tamb\u00e9m funcionam como gols.<\/p>\n<p>SERVI\u00c7O<br \/>\nBate-papo com o ex-jogador Vampeta<br \/>\nLocal: Pra\u00e7a Central \u2013 Piso L1 do Salvador Shopping;<br \/>\nData: sexta-feira, 19 de agosto de 2022;<br \/>\nHor\u00e1rio: 19h30<br \/>\nEntrada gratuita<\/p>\n<p>Exposi\u00e7\u00e3o Mem\u00f3rias dos Nossos Craques<br \/>\nLocal: Pra\u00e7a Central \u2013 Piso L1 do Salvador Shopping;<br \/>\nPer\u00edodo: 1\u00b0 a 21 de agosto de 2022;<br \/>\nHor\u00e1rio: segunda a s\u00e1bado, das 9h \u00e0s 22h; domingo, das 12h \u00e0s 21h;<br \/>\nVisita\u00e7\u00e3o gratuita<\/p>\n<p><iframe style=\"width: 100%; max-width: 660px; overflow: hidden; background: transparent;\" src=\"https:\/\/embed.podcasts.apple.com\/br\/podcast\/podcast-cidademarketing\/id1371923283\" height=\"450\" frameborder=\"0\" sandbox=\"allow-forms allow-popups allow-same-origin allow-scripts allow-storage-access-by-user-activation allow-top-navigation-by-user-activation\"><\/iframe><\/p>\n","protected":false},"excerpt":{"rendered":"<p>O ex-jogador de futebol Marcos Andr\u00e9 Batista Santos desembarca na capital baiana nesta sexta-feira, 19 de agosto. Conhecido no &#8216;mundo da bola&#8217; como \u201cVampeta\u201d, uma jun\u00e7\u00e3o dos nomes &#8216;vam(piro) e &#8216;(ca)peta&#8217;, ele encerra a programa\u00e7\u00e3o de bate-papos do M\u00eas dos Pais Salvador Shopping, que promove a exposi\u00e7\u00e3o \u201cMem\u00f3rias dos Nossos Craques\u201d sobre o futebol at\u00e9 [&hellip;]<\/p>\n","protected":false},"author":1,"featured_media":37598,"comment_status":"open","ping_status":"open","sticky":false,"template":"","format":"standard","meta":{"tdm_status":"","tdm_grid_status":"","footnotes":""},"categories":[6],"tags":[1182,386,28,2403,295],"class_list":["post-37597","post","type-post","status-publish","format-standard","has-post-thumbnail","hentry","category-noticias","tag-entretenimento","tag-futebol","tag-marketing","tag-salvador-shopping","tag-shopping"],"yoast_head":"<!-- This site is optimized with the Yoast SEO plugin v27.5 - https:\/\/yoast.com\/product\/yoast-seo-wordpress\/ -->\n<title>Vampeta participa de bate-papo no Salvador Shopping - CidadeMarketing<\/title>\n<meta name=\"robots\" content=\"index, follow, max-snippet:-1, max-image-preview:large, max-video-preview:-1\" \/>\n<link rel=\"canonical\" href=\"https:\/\/www.cidademarketing.com.br\/marketing\/2022\/08\/18\/vampeta-participa-de-bate-papo-no-salvador-shopping\/\" \/>\n<meta property=\"og:locale\" content=\"pt_BR\" \/>\n<meta property=\"og:type\" content=\"article\" \/>\n<meta property=\"og:title\" content=\"Vampeta participa de bate-papo no Salvador Shopping - CidadeMarketing\" \/>\n<meta property=\"og:description\" content=\"O ex-jogador de futebol Marcos Andr\u00e9 Batista Santos desembarca na capital baiana nesta sexta-feira, 19 de agosto. Conhecido no &#8216;mundo da bola&#8217; como \u201cVampeta\u201d, uma jun\u00e7\u00e3o dos nomes &#8216;vam(piro) e &#8216;(ca)peta&#8217;, ele encerra a programa\u00e7\u00e3o de bate-papos do M\u00eas dos Pais Salvador Shopping, que promove a exposi\u00e7\u00e3o \u201cMem\u00f3rias dos Nossos Craques\u201d sobre o futebol at\u00e9 [&hellip;]\" \/>\n<meta property=\"og:url\" content=\"https:\/\/www.cidademarketing.com.br\/marketing\/2022\/08\/18\/vampeta-participa-de-bate-papo-no-salvador-shopping\/\" \/>\n<meta property=\"og:site_name\" content=\"CidadeMarketing\" \/>\n<meta property=\"article:publisher\" content=\"https:\/\/www.facebook.com\/portalcidademarketing\" \/>\n<meta property=\"article:author\" content=\"https:\/\/www.facebook.com\/thalesbrandao\" \/>\n<meta property=\"article:published_time\" content=\"2022-08-18T17:30:32+00:00\" \/>\n<meta property=\"og:image\" content=\"https:\/\/www.cidademarketing.com.br\/marketing\/wp-content\/uploads\/2022\/08\/batepapo_shoppingsalvador-1024x683.jpg\" \/>\n\t<meta property=\"og:image:width\" content=\"1024\" \/>\n\t<meta property=\"og:image:height\" content=\"683\" \/>\n\t<meta property=\"og:image:type\" content=\"image\/jpeg\" \/>\n<meta name=\"author\" content=\"Thales Brand\u00e3o\" \/>\n<meta name=\"twitter:card\" content=\"summary_large_image\" \/>\n<meta name=\"twitter:creator\" content=\"@http:\/\/www.twitter.com\/thalesbrandao\" \/>\n<meta name=\"twitter:site\" content=\"@CidadeMarketing\" \/>\n<meta name=\"twitter:label1\" content=\"Escrito por\" \/>\n\t<meta name=\"twitter:data1\" content=\"Thales Brand\u00e3o\" \/>\n\t<meta name=\"twitter:label2\" content=\"Est. tempo de leitura\" \/>\n\t<meta name=\"twitter:data2\" content=\"2 minutos\" \/>\n<script type=\"application\/ld+json\" class=\"yoast-schema-graph\">{\"@context\":\"https:\\\/\\\/schema.org\",\"@graph\":[{\"@type\":\"Article\",\"@id\":\"https:\\\/\\\/www.cidademarketing.com.br\\\/marketing\\\/2022\\\/08\\\/18\\\/vampeta-participa-de-bate-papo-no-salvador-shopping\\\/#article\",\"isPartOf\":{\"@id\":\"https:\\\/\\\/www.cidademarketing.com.br\\\/marketing\\\/2022\\\/08\\\/18\\\/vampeta-participa-de-bate-papo-no-salvador-shopping\\\/\"},\"author\":{\"name\":\"Thales Brand\u00e3o\",\"@id\":\"https:\\\/\\\/www.cidademarketing.com.br\\\/marketing\\\/#\\\/schema\\\/person\\\/02daff9f18bd9378c9e01eb6b2db155f\"},\"headline\":\"Vampeta participa de bate-papo no Salvador Shopping\",\"datePublished\":\"2022-08-18T17:30:32+00:00\",\"mainEntityOfPage\":{\"@id\":\"https:\\\/\\\/www.cidademarketing.com.br\\\/marketing\\\/2022\\\/08\\\/18\\\/vampeta-participa-de-bate-papo-no-salvador-shopping\\\/\"},\"wordCount\":485,\"commentCount\":0,\"publisher\":{\"@id\":\"https:\\\/\\\/www.cidademarketing.com.br\\\/marketing\\\/#organization\"},\"image\":{\"@id\":\"https:\\\/\\\/www.cidademarketing.com.br\\\/marketing\\\/2022\\\/08\\\/18\\\/vampeta-participa-de-bate-papo-no-salvador-shopping\\\/#primaryimage\"},\"thumbnailUrl\":\"https:\\\/\\\/www.cidademarketing.com.br\\\/marketing\\\/wp-content\\\/uploads\\\/2022\\\/08\\\/batepapo_shoppingsalvador.jpg\",\"keywords\":[\"entretenimento\",\"futebol\",\"marketing\",\"Salvador Shopping\",\"shopping\"],\"articleSection\":[\"Not\u00edcias\"],\"inLanguage\":\"pt-BR\",\"potentialAction\":[{\"@type\":\"CommentAction\",\"name\":\"Comment\",\"target\":[\"https:\\\/\\\/www.cidademarketing.com.br\\\/marketing\\\/2022\\\/08\\\/18\\\/vampeta-participa-de-bate-papo-no-salvador-shopping\\\/#respond\"]}]},{\"@type\":\"WebPage\",\"@id\":\"https:\\\/\\\/www.cidademarketing.com.br\\\/marketing\\\/2022\\\/08\\\/18\\\/vampeta-participa-de-bate-papo-no-salvador-shopping\\\/\",\"url\":\"https:\\\/\\\/www.cidademarketing.com.br\\\/marketing\\\/2022\\\/08\\\/18\\\/vampeta-participa-de-bate-papo-no-salvador-shopping\\\/\",\"name\":\"Vampeta participa de bate-papo no Salvador Shopping - CidadeMarketing\",\"isPartOf\":{\"@id\":\"https:\\\/\\\/www.cidademarketing.com.br\\\/marketing\\\/#website\"},\"primaryImageOfPage\":{\"@id\":\"https:\\\/\\\/www.cidademarketing.com.br\\\/marketing\\\/2022\\\/08\\\/18\\\/vampeta-participa-de-bate-papo-no-salvador-shopping\\\/#primaryimage\"},\"image\":{\"@id\":\"https:\\\/\\\/www.cidademarketing.com.br\\\/marketing\\\/2022\\\/08\\\/18\\\/vampeta-participa-de-bate-papo-no-salvador-shopping\\\/#primaryimage\"},\"thumbnailUrl\":\"https:\\\/\\\/www.cidademarketing.com.br\\\/marketing\\\/wp-content\\\/uploads\\\/2022\\\/08\\\/batepapo_shoppingsalvador.jpg\",\"datePublished\":\"2022-08-18T17:30:32+00:00\",\"breadcrumb\":{\"@id\":\"https:\\\/\\\/www.cidademarketing.com.br\\\/marketing\\\/2022\\\/08\\\/18\\\/vampeta-participa-de-bate-papo-no-salvador-shopping\\\/#breadcrumb\"},\"inLanguage\":\"pt-BR\",\"potentialAction\":[{\"@type\":\"ReadAction\",\"target\":[\"https:\\\/\\\/www.cidademarketing.com.br\\\/marketing\\\/2022\\\/08\\\/18\\\/vampeta-participa-de-bate-papo-no-salvador-shopping\\\/\"]}]},{\"@type\":\"ImageObject\",\"inLanguage\":\"pt-BR\",\"@id\":\"https:\\\/\\\/www.cidademarketing.com.br\\\/marketing\\\/2022\\\/08\\\/18\\\/vampeta-participa-de-bate-papo-no-salvador-shopping\\\/#primaryimage\",\"url\":\"https:\\\/\\\/www.cidademarketing.com.br\\\/marketing\\\/wp-content\\\/uploads\\\/2022\\\/08\\\/batepapo_shoppingsalvador.jpg\",\"contentUrl\":\"https:\\\/\\\/www.cidademarketing.com.br\\\/marketing\\\/wp-content\\\/uploads\\\/2022\\\/08\\\/batepapo_shoppingsalvador.jpg\",\"width\":2048,\"height\":1365},{\"@type\":\"BreadcrumbList\",\"@id\":\"https:\\\/\\\/www.cidademarketing.com.br\\\/marketing\\\/2022\\\/08\\\/18\\\/vampeta-participa-de-bate-papo-no-salvador-shopping\\\/#breadcrumb\",\"itemListElement\":[{\"@type\":\"ListItem\",\"position\":1,\"name\":\"In\u00edcio\",\"item\":\"https:\\\/\\\/www.cidademarketing.com.br\\\/marketing\\\/\"},{\"@type\":\"ListItem\",\"position\":2,\"name\":\"Vampeta participa de bate-papo no Salvador Shopping\"}]},{\"@type\":\"WebSite\",\"@id\":\"https:\\\/\\\/www.cidademarketing.com.br\\\/marketing\\\/#website\",\"url\":\"https:\\\/\\\/www.cidademarketing.com.br\\\/marketing\\\/\",\"name\":\"CidadeMarketing\",\"description\":\"Somos um ve\u00edculo de comunica\u00e7\u00e3o de destaque no Brasil, reconhecido por conte\u00fados nos segmentos de marketing, empreendedorismo e inova\u00e7\u00e3o.\",\"publisher\":{\"@id\":\"https:\\\/\\\/www.cidademarketing.com.br\\\/marketing\\\/#organization\"},\"alternateName\":\"CidadeMarketing\",\"potentialAction\":[{\"@type\":\"SearchAction\",\"target\":{\"@type\":\"EntryPoint\",\"urlTemplate\":\"https:\\\/\\\/www.cidademarketing.com.br\\\/marketing\\\/?s={search_term_string}\"},\"query-input\":{\"@type\":\"PropertyValueSpecification\",\"valueRequired\":true,\"valueName\":\"search_term_string\"}}],\"inLanguage\":\"pt-BR\"},{\"@type\":\"Organization\",\"@id\":\"https:\\\/\\\/www.cidademarketing.com.br\\\/marketing\\\/#organization\",\"name\":\"CidadeMarketing\",\"alternateName\":\"CidadeMarketing\",\"url\":\"https:\\\/\\\/www.cidademarketing.com.br\\\/marketing\\\/\",\"logo\":{\"@type\":\"ImageObject\",\"inLanguage\":\"pt-BR\",\"@id\":\"https:\\\/\\\/www.cidademarketing.com.br\\\/marketing\\\/#\\\/schema\\\/logo\\\/image\\\/\",\"url\":\"https:\\\/\\\/www.cidademarketing.com.br\\\/marketing\\\/wp-content\\\/uploads\\\/2020\\\/01\\\/cidademarketing_marca_mobile.png\",\"contentUrl\":\"https:\\\/\\\/www.cidademarketing.com.br\\\/marketing\\\/wp-content\\\/uploads\\\/2020\\\/01\\\/cidademarketing_marca_mobile.png\",\"width\":230,\"height\":92,\"caption\":\"CidadeMarketing\"},\"image\":{\"@id\":\"https:\\\/\\\/www.cidademarketing.com.br\\\/marketing\\\/#\\\/schema\\\/logo\\\/image\\\/\"},\"sameAs\":[\"https:\\\/\\\/www.facebook.com\\\/portalcidademarketing\",\"https:\\\/\\\/x.com\\\/CidadeMarketing\",\"https:\\\/\\\/www.instagram.com\\\/cidademarketing\\\/\"]},{\"@type\":\"Person\",\"@id\":\"https:\\\/\\\/www.cidademarketing.com.br\\\/marketing\\\/#\\\/schema\\\/person\\\/02daff9f18bd9378c9e01eb6b2db155f\",\"name\":\"Thales Brand\u00e3o\",\"image\":{\"@type\":\"ImageObject\",\"inLanguage\":\"pt-BR\",\"@id\":\"https:\\\/\\\/secure.gravatar.com\\\/avatar\\\/7ca3206950207cc3cb48feec56a8a7898741ab725c368d99d5d7a5a50aab80c6?s=96&d=mm&r=g\",\"url\":\"https:\\\/\\\/secure.gravatar.com\\\/avatar\\\/7ca3206950207cc3cb48feec56a8a7898741ab725c368d99d5d7a5a50aab80c6?s=96&d=mm&r=g\",\"contentUrl\":\"https:\\\/\\\/secure.gravatar.com\\\/avatar\\\/7ca3206950207cc3cb48feec56a8a7898741ab725c368d99d5d7a5a50aab80c6?s=96&d=mm&r=g\",\"caption\":\"Thales Brand\u00e3o\"},\"description\":\"Editor Executivo do Portal CidadeMarketing.com.br &gt; Mestre em Comunica\u00e7\u00e3o e Sociedade pela Universidade Federal de Sergipe. Possui MBA Executivo em Administra\u00e7\u00e3o com \u00eanfase em Marketing pela Funda\u00e7\u00e3o Get\u00falio Vargas - Rio de Janeiro. Consultor, Palestrante e Pesquisador sobre Empreendedorismo, Marketing, Redes Sociais e Neg\u00f3cios Digitais. Professor, Palestrante TedxTalks e Campus Party. Twitter: @ThalesBrandao\",\"sameAs\":[\"http:\\\/\\\/www.mandacaru.com.br\",\"https:\\\/\\\/www.facebook.com\\\/thalesbrandao\",\"http:\\\/\\\/www.instagram.com.br\\\/thalesbrandaoferreira\",\"https:\\\/\\\/www.linkedin.com\\\/in\\\/thales-brand\u00e3o-3948609\\\/\",\"https:\\\/\\\/x.com\\\/http:\\\/\\\/www.twitter.com\\\/thalesbrandao\"],\"url\":\"https:\\\/\\\/www.cidademarketing.com.br\\\/marketing\\\/author\\\/thalesbrandao\\\/\"}]}<\/script>\n<!-- \/ Yoast SEO plugin. -->","yoast_head_json":{"title":"Vampeta participa de bate-papo no Salvador Shopping - CidadeMarketing","robots":{"index":"index","follow":"follow","max-snippet":"max-snippet:-1","max-image-preview":"max-image-preview:large","max-video-preview":"max-video-preview:-1"},"canonical":"https:\/\/www.cidademarketing.com.br\/marketing\/2022\/08\/18\/vampeta-participa-de-bate-papo-no-salvador-shopping\/","og_locale":"pt_BR","og_type":"article","og_title":"Vampeta participa de bate-papo no Salvador Shopping - CidadeMarketing","og_description":"O ex-jogador de futebol Marcos Andr\u00e9 Batista Santos desembarca na capital baiana nesta sexta-feira, 19 de agosto. Conhecido no &#8216;mundo da bola&#8217; como \u201cVampeta\u201d, uma jun\u00e7\u00e3o dos nomes &#8216;vam(piro) e &#8216;(ca)peta&#8217;, ele encerra a programa\u00e7\u00e3o de bate-papos do M\u00eas dos Pais Salvador Shopping, que promove a exposi\u00e7\u00e3o \u201cMem\u00f3rias dos Nossos Craques\u201d sobre o futebol at\u00e9 [&hellip;]","og_url":"https:\/\/www.cidademarketing.com.br\/marketing\/2022\/08\/18\/vampeta-participa-de-bate-papo-no-salvador-shopping\/","og_site_name":"CidadeMarketing","article_publisher":"https:\/\/www.facebook.com\/portalcidademarketing","article_author":"https:\/\/www.facebook.com\/thalesbrandao","article_published_time":"2022-08-18T17:30:32+00:00","og_image":[{"width":1024,"height":683,"url":"https:\/\/www.cidademarketing.com.br\/marketing\/wp-content\/uploads\/2022\/08\/batepapo_shoppingsalvador-1024x683.jpg","type":"image\/jpeg"}],"author":"Thales Brand\u00e3o","twitter_card":"summary_large_image","twitter_creator":"@http:\/\/www.twitter.com\/thalesbrandao","twitter_site":"@CidadeMarketing","twitter_misc":{"Escrito por":"Thales Brand\u00e3o","Est. tempo de leitura":"2 minutos"},"schema":{"@context":"https:\/\/schema.org","@graph":[{"@type":"Article","@id":"https:\/\/www.cidademarketing.com.br\/marketing\/2022\/08\/18\/vampeta-participa-de-bate-papo-no-salvador-shopping\/#article","isPartOf":{"@id":"https:\/\/www.cidademarketing.com.br\/marketing\/2022\/08\/18\/vampeta-participa-de-bate-papo-no-salvador-shopping\/"},"author":{"name":"Thales Brand\u00e3o","@id":"https:\/\/www.cidademarketing.com.br\/marketing\/#\/schema\/person\/02daff9f18bd9378c9e01eb6b2db155f"},"headline":"Vampeta participa de bate-papo no Salvador Shopping","datePublished":"2022-08-18T17:30:32+00:00","mainEntityOfPage":{"@id":"https:\/\/www.cidademarketing.com.br\/marketing\/2022\/08\/18\/vampeta-participa-de-bate-papo-no-salvador-shopping\/"},"wordCount":485,"commentCount":0,"publisher":{"@id":"https:\/\/www.cidademarketing.com.br\/marketing\/#organization"},"image":{"@id":"https:\/\/www.cidademarketing.com.br\/marketing\/2022\/08\/18\/vampeta-participa-de-bate-papo-no-salvador-shopping\/#primaryimage"},"thumbnailUrl":"https:\/\/www.cidademarketing.com.br\/marketing\/wp-content\/uploads\/2022\/08\/batepapo_shoppingsalvador.jpg","keywords":["entretenimento","futebol","marketing","Salvador Shopping","shopping"],"articleSection":["Not\u00edcias"],"inLanguage":"pt-BR","potentialAction":[{"@type":"CommentAction","name":"Comment","target":["https:\/\/www.cidademarketing.com.br\/marketing\/2022\/08\/18\/vampeta-participa-de-bate-papo-no-salvador-shopping\/#respond"]}]},{"@type":"WebPage","@id":"https:\/\/www.cidademarketing.com.br\/marketing\/2022\/08\/18\/vampeta-participa-de-bate-papo-no-salvador-shopping\/","url":"https:\/\/www.cidademarketing.com.br\/marketing\/2022\/08\/18\/vampeta-participa-de-bate-papo-no-salvador-shopping\/","name":"Vampeta participa de bate-papo no Salvador Shopping - CidadeMarketing","isPartOf":{"@id":"https:\/\/www.cidademarketing.com.br\/marketing\/#website"},"primaryImageOfPage":{"@id":"https:\/\/www.cidademarketing.com.br\/marketing\/2022\/08\/18\/vampeta-participa-de-bate-papo-no-salvador-shopping\/#primaryimage"},"image":{"@id":"https:\/\/www.cidademarketing.com.br\/marketing\/2022\/08\/18\/vampeta-participa-de-bate-papo-no-salvador-shopping\/#primaryimage"},"thumbnailUrl":"https:\/\/www.cidademarketing.com.br\/marketing\/wp-content\/uploads\/2022\/08\/batepapo_shoppingsalvador.jpg","datePublished":"2022-08-18T17:30:32+00:00","breadcrumb":{"@id":"https:\/\/www.cidademarketing.com.br\/marketing\/2022\/08\/18\/vampeta-participa-de-bate-papo-no-salvador-shopping\/#breadcrumb"},"inLanguage":"pt-BR","potentialAction":[{"@type":"ReadAction","target":["https:\/\/www.cidademarketing.com.br\/marketing\/2022\/08\/18\/vampeta-participa-de-bate-papo-no-salvador-shopping\/"]}]},{"@type":"ImageObject","inLanguage":"pt-BR","@id":"https:\/\/www.cidademarketing.com.br\/marketing\/2022\/08\/18\/vampeta-participa-de-bate-papo-no-salvador-shopping\/#primaryimage","url":"https:\/\/www.cidademarketing.com.br\/marketing\/wp-content\/uploads\/2022\/08\/batepapo_shoppingsalvador.jpg","contentUrl":"https:\/\/www.cidademarketing.com.br\/marketing\/wp-content\/uploads\/2022\/08\/batepapo_shoppingsalvador.jpg","width":2048,"height":1365},{"@type":"BreadcrumbList","@id":"https:\/\/www.cidademarketing.com.br\/marketing\/2022\/08\/18\/vampeta-participa-de-bate-papo-no-salvador-shopping\/#breadcrumb","itemListElement":[{"@type":"ListItem","position":1,"name":"In\u00edcio","item":"https:\/\/www.cidademarketing.com.br\/marketing\/"},{"@type":"ListItem","position":2,"name":"Vampeta participa de bate-papo no Salvador Shopping"}]},{"@type":"WebSite","@id":"https:\/\/www.cidademarketing.com.br\/marketing\/#website","url":"https:\/\/www.cidademarketing.com.br\/marketing\/","name":"CidadeMarketing","description":"Somos um ve\u00edculo de comunica\u00e7\u00e3o de destaque no Brasil, reconhecido por conte\u00fados nos segmentos de marketing, empreendedorismo e inova\u00e7\u00e3o.","publisher":{"@id":"https:\/\/www.cidademarketing.com.br\/marketing\/#organization"},"alternateName":"CidadeMarketing","potentialAction":[{"@type":"SearchAction","target":{"@type":"EntryPoint","urlTemplate":"https:\/\/www.cidademarketing.com.br\/marketing\/?s={search_term_string}"},"query-input":{"@type":"PropertyValueSpecification","valueRequired":true,"valueName":"search_term_string"}}],"inLanguage":"pt-BR"},{"@type":"Organization","@id":"https:\/\/www.cidademarketing.com.br\/marketing\/#organization","name":"CidadeMarketing","alternateName":"CidadeMarketing","url":"https:\/\/www.cidademarketing.com.br\/marketing\/","logo":{"@type":"ImageObject","inLanguage":"pt-BR","@id":"https:\/\/www.cidademarketing.com.br\/marketing\/#\/schema\/logo\/image\/","url":"https:\/\/www.cidademarketing.com.br\/marketing\/wp-content\/uploads\/2020\/01\/cidademarketing_marca_mobile.png","contentUrl":"https:\/\/www.cidademarketing.com.br\/marketing\/wp-content\/uploads\/2020\/01\/cidademarketing_marca_mobile.png","width":230,"height":92,"caption":"CidadeMarketing"},"image":{"@id":"https:\/\/www.cidademarketing.com.br\/marketing\/#\/schema\/logo\/image\/"},"sameAs":["https:\/\/www.facebook.com\/portalcidademarketing","https:\/\/x.com\/CidadeMarketing","https:\/\/www.instagram.com\/cidademarketing\/"]},{"@type":"Person","@id":"https:\/\/www.cidademarketing.com.br\/marketing\/#\/schema\/person\/02daff9f18bd9378c9e01eb6b2db155f","name":"Thales Brand\u00e3o","image":{"@type":"ImageObject","inLanguage":"pt-BR","@id":"https:\/\/secure.gravatar.com\/avatar\/7ca3206950207cc3cb48feec56a8a7898741ab725c368d99d5d7a5a50aab80c6?s=96&d=mm&r=g","url":"https:\/\/secure.gravatar.com\/avatar\/7ca3206950207cc3cb48feec56a8a7898741ab725c368d99d5d7a5a50aab80c6?s=96&d=mm&r=g","contentUrl":"https:\/\/secure.gravatar.com\/avatar\/7ca3206950207cc3cb48feec56a8a7898741ab725c368d99d5d7a5a50aab80c6?s=96&d=mm&r=g","caption":"Thales Brand\u00e3o"},"description":"Editor Executivo do Portal CidadeMarketing.com.br &gt; Mestre em Comunica\u00e7\u00e3o e Sociedade pela Universidade Federal de Sergipe. Possui MBA Executivo em Administra\u00e7\u00e3o com \u00eanfase em Marketing pela Funda\u00e7\u00e3o Get\u00falio Vargas - Rio de Janeiro. Consultor, Palestrante e Pesquisador sobre Empreendedorismo, Marketing, Redes Sociais e Neg\u00f3cios Digitais. Professor, Palestrante TedxTalks e Campus Party. Twitter: @ThalesBrandao","sameAs":["http:\/\/www.mandacaru.com.br","https:\/\/www.facebook.com\/thalesbrandao","http:\/\/www.instagram.com.br\/thalesbrandaoferreira","https:\/\/www.linkedin.com\/in\/thales-brand\u00e3o-3948609\/","https:\/\/x.com\/http:\/\/www.twitter.com\/thalesbrandao"],"url":"https:\/\/www.cidademarketing.com.br\/marketing\/author\/thalesbrandao\/"}]}},"amp_enabled":true,"_links":{"self":[{"href":"https:\/\/www.cidademarketing.com.br\/marketing\/wp-json\/wp\/v2\/posts\/37597","targetHints":{"allow":["GET"]}}],"collection":[{"href":"https:\/\/www.cidademarketing.com.br\/marketing\/wp-json\/wp\/v2\/posts"}],"about":[{"href":"https:\/\/www.cidademarketing.com.br\/marketing\/wp-json\/wp\/v2\/types\/post"}],"author":[{"embeddable":true,"href":"https:\/\/www.cidademarketing.com.br\/marketing\/wp-json\/wp\/v2\/users\/1"}],"replies":[{"embeddable":true,"href":"https:\/\/www.cidademarketing.com.br\/marketing\/wp-json\/wp\/v2\/comments?post=37597"}],"version-history":[{"count":1,"href":"https:\/\/www.cidademarketing.com.br\/marketing\/wp-json\/wp\/v2\/posts\/37597\/revisions"}],"predecessor-version":[{"id":37599,"href":"https:\/\/www.cidademarketing.com.br\/marketing\/wp-json\/wp\/v2\/posts\/37597\/revisions\/37599"}],"wp:featuredmedia":[{"embeddable":true,"href":"https:\/\/www.cidademarketing.com.br\/marketing\/wp-json\/wp\/v2\/media\/37598"}],"wp:attachment":[{"href":"https:\/\/www.cidademarketing.com.br\/marketing\/wp-json\/wp\/v2\/media?parent=37597"}],"wp:term":[{"taxonomy":"category","embeddable":true,"href":"https:\/\/www.cidademarketing.com.br\/marketing\/wp-json\/wp\/v2\/categories?post=37597"},{"taxonomy":"post_tag","embeddable":true,"href":"https:\/\/www.cidademarketing.com.br\/marketing\/wp-json\/wp\/v2\/tags?post=37597"}],"curies":[{"name":"wp","href":"https:\/\/api.w.org\/{rel}","templated":true}]}}