{"id":37588,"date":"2022-08-18T09:59:12","date_gmt":"2022-08-18T12:59:12","guid":{"rendered":"https:\/\/www.cidademarketing.com.br\/marketing\/?p=37588"},"modified":"2022-08-18T09:59:12","modified_gmt":"2022-08-18T12:59:12","slug":"shell-brasil-lanca-nova-fase-da-campanha-energia-que-vem-da-gente","status":"publish","type":"post","link":"https:\/\/www.cidademarketing.com.br\/marketing\/2022\/08\/18\/shell-brasil-lanca-nova-fase-da-campanha-energia-que-vem-da-gente\/","title":{"rendered":"Shell Brasil lan\u00e7a nova fase da campanha  &#8220;Energia que Vem da Gente&#8221;"},"content":{"rendered":"<p><iframe style=\"border-radius: 12px;\" src=\"https:\/\/open.spotify.com\/embed\/show\/4khMKzP3FgFRWVwb73xicc?utm_source=generator&amp;t=0\" width=\"100%\" height=\"232\" frameborder=\"0\" allowfullscreen=\"allowfullscreen\"><\/iframe><\/p>\n<p>Com o slogan \u201cEnergia que Vem da Gente\u201d, a Shell Brasil apresenta nova fase de sua campanha corporativa, lan\u00e7ada no dia 15 de agosto, com filme no intervalo comercial da TV Globo, no Rio de Janeiro. Em sua primeira fase, em 2021, a campanha \u201cEnergia que Vem da Gente\u201d exibiu a trajet\u00f3ria de seis pessoas que, com suas hist\u00f3rias, moviam a Shell e seus projetos pessoais. Agora, o foco est\u00e1 em mostrar para onde vai a energia da Shell, evidenciando as iniciativas da companhia e seu impacto positivo na sociedade. Outra novidade: por meio da campanha, a Shell estreia seu novo conceito global de marca, o \u201cBrand Expression 2.0\u201d, com uma express\u00e3o visual mais humana, vibrante e moderna.<\/p>\n<div class=\"youtube-embed\" data-video_id=\"QajtvMqZ5EA\"><iframe title=\"Energia que Vem da Gente | 2022\" width=\"640\" height=\"360\" src=\"https:\/\/www.youtube.com\/embed\/QajtvMqZ5EA?feature=oembed&#038;enablejsapi=1\" frameborder=\"0\" allow=\"accelerometer; autoplay; clipboard-write; encrypted-media; gyroscope; picture-in-picture; web-share\" referrerpolicy=\"strict-origin-when-cross-origin\" allowfullscreen><\/iframe><\/div>\n<p>A cidade do Rio de Janeiro contar\u00e1 com diversas ativa\u00e7\u00f5es de marca, como ilumina\u00e7\u00e3o do Museu do Amanh\u00e3, presen\u00e7a de mobili\u00e1rio urbano e interven\u00e7\u00f5es no Jardim Bot\u00e2nico, por exemplo. As cidades de S\u00e3o Paulo, Vit\u00f3ria e Bras\u00edlia tamb\u00e9m receber\u00e3o pe\u00e7as da campanha. Ao todo, ser\u00e3o mais de 300 ativa\u00e7\u00f5es.<br \/>\nA campanha confirma que a Shell n\u00e3o se restringe a a\u00e7\u00f5es apenas no setor de energia, mas que apoia a educa\u00e7\u00e3o, o empreendedorismo, a ci\u00eancia e tecnologia, al\u00e9m da preserva\u00e7\u00e3o da biodiversidade. O filme institucional explora iniciativas como o Programa Shell de Educa\u00e7\u00e3o Cient\u00edfica (PSEC), o Shell Iniciativa Jovem e a Shell Eco-marathon. O recente patroc\u00ednio master ao Instituto de Pesquisas do Jardim Bot\u00e2nico do Rio de Janeiro, anunciado em junho, e a posi\u00e7\u00e3o como mantenedora do Museu do Amanh\u00e3 tamb\u00e9m s\u00e3o destaque.<br \/>\n\u201cQueremos mostrar para o p\u00fablico para onde vai a energia da Shell e como ela traz impactos socioecon\u00f4micos positivos atrav\u00e9s das nossas atividades de neg\u00f3cio, projetos sociais e patroc\u00ednios. Estaremos nas ruas do Rio de Janeiro, S\u00e3o Paulo, Vit\u00f3ria e Bras\u00edlia. As pe\u00e7as estar\u00e3o espalhadas pelo mobili\u00e1rio urbano e transporte p\u00fablico. No Rio, iluminaremos o Museu do Amanh\u00e3, um \u00edcone da cidade, com as cores amarelo e vermelho, em refer\u00eancia \u00e0 nossa marca\u201d, explica Glauco Paiva, gerente executivo de Comunica\u00e7\u00e3o e Responsabilidade Social da Shell Brasil.<br \/>\nA nova campanha tamb\u00e9m traz evidente recorte sobre diversidade, valor inegoci\u00e1vel para a companhia. \u201cTemos um elenco diverso em todas as pe\u00e7as publicit\u00e1rias, j\u00e1 que queremos ressaltar a import\u00e2ncia de diversidade e inclus\u00e3o, tanto internamente quanto em nossos projetos\u201d, acrescenta o executivo.<br \/>\n\u201cApostamos em uma linguagem moderna, sens\u00edvel, que coloca as pessoas no centro da comunica\u00e7\u00e3o. Um diferencial nesse setor, que muitas vezes foca em produtos e servi\u00e7os. Al\u00e9m disso, trouxemos tamb\u00e9m um olhar po\u00e9tico e ao mesmo tempo muito propriet\u00e1rio para amarrar toda a campanha, que foi atrav\u00e9s da concha. Um s\u00edmbolo ic\u00f4nico da marca, presente em todas as cenas e conectando essa hist\u00f3ria\u201d, comenta Sabrina Villar, diretora de Cria\u00e7\u00e3o na Wunderman Thompson Brasil.<br \/>\nIdealizada pela Wunderman Thompson Brasil, a campanha \u00e9 multiplataforma e estar\u00e1 presente na internet, TV e cinema, al\u00e9m da m\u00eddia tradicional e mobili\u00e1rio urbano. A nova estrat\u00e9gia de comunica\u00e7\u00e3o inclui mais de 30 ve\u00edculos de m\u00eddia no Rio, S\u00e3o Paulo, Esp\u00edrito Santo e Bras\u00edlia. Ao todo, s\u00e3o mais de 170 formatos digitais e 35 out of home.<br \/>\nFicha T\u00e9cnica:<br \/>\nT\u00edtulo: Energia que Vem da Gente (segunda fase)<br \/>\nCliente: Shell Brasil<br \/>\nAg\u00eancia: Wunderman Thompson Brasil<br \/>\nProduto: Institucional<br \/>\nAprovado por: Glauco Paiva, Alexandra Siqueira, Luiz Oliveira, Marcela Calil, Igor Baiense, Ana Beatriz Souza, Marcello Perongini e Ana Petacci<br \/>\nCCO: Keka Morelle<br \/>\nDire\u00e7\u00e3o de Cria\u00e7\u00e3o: Alvin Shiguefuzi e Sabrina Villar<br \/>\nReda\u00e7\u00e3o: Diego Gularte, Lucas Coutinho,<br \/>\nDire\u00e7\u00e3o de Arte: Lais Delcelo, Tomaz Saavedra<br \/>\nDiretora Executiva de Neg\u00f3cios: Renata Dall\u2019Onder<br \/>\nAtendimento: Sheila Rodriguez, William Martins, Isabel Reis, Nicolly Furlan<br \/>\nCSO: Stella Pirani<br \/>\nHead de planejamento: Vitor Amos<br \/>\nPlanejamento e Insights: Rafael Trevisan, Guilherme Gentil, Laura Loh, Julia Teixeira e Nubia Yoshiura<br \/>\nHead de M\u00eddia e Dados: Wanessa Singh<br \/>\nM\u00eddia: Mariana Cirilo, Luis Marchesi, Liliane Lima e Vivian Pizani<br \/>\nPR: Vivian Zeni, Suellen Ciriaco e Hellen Ara\u00fajo<\/p>\n<p>Produ\u00e7\u00e3o Geral: Maria Fernanda Domingues<br \/>\nProdu\u00e7\u00e3o gr\u00e1fica: Fl\u00e1vio Colella e Caio Damasio<br \/>\nArte final: Claudio Witsmiszyn, Fernanda Fiore e Alexandre Nacif<br \/>\nRevis\u00e3o: Otavio Mazza e a Vanessa Schunck<\/p>\n<p>Produtoras:<\/p>\n<p>Produtora de Filme: BARRY COMPANY<br \/>\nProdutora de imagem: Barry Company<br \/>\nDire\u00e7\u00e3o: Breno Moreira<br \/>\nProdu\u00e7\u00e3o Executiva: Krysse Mello e Ana Fl\u00e1via Di Luca<br \/>\nAtendimento: Daniela Silva<br \/>\nAssistente de atendimento: Carolina Teixeira<br \/>\nCoordena\u00e7\u00e3o de produ\u00e7\u00e3o: Paula Monteiro e Daiana Muller<br \/>\nDire\u00e7\u00e3o de produ\u00e7\u00e3o: Mariangela Furtado<br \/>\nDire\u00e7\u00e3o de fotografia: Daniel Venosa<br \/>\nDire\u00e7\u00e3o de arte: Andr\u00e9a Meireles<br \/>\nMontagem: Bruno Alves<br \/>\nFinalizador: Vivi Torre<br \/>\nCoordena\u00e7\u00e3o de p\u00f3s: Alexandre Cois<br \/>\nAssistente de coordena\u00e7\u00e3o de p\u00f3s: Sabrina Comar<br \/>\nP\u00f3s Produ\u00e7\u00e3o: Barry Company<br \/>\nMotion: \u00c1lvaro Bautista<br \/>\nColor: Breno Moreira e Jesus Mendes<\/p>\n<p>Fotografia: MALTCHIQUE<br \/>\nPhotography: Maltchique<br \/>\nExecutive Producers: Damn Good Adrice by Adriana Omodei e Aline Rizzotto<br \/>\nAssistant Director: Magu Marioto<br \/>\nAssistants Photography: Marcio Marcolino e Diego Silva<\/p>\n<p>Produtora de \u00c1udio: CANJA<br \/>\nAtendimento: Guga Costa e Matheus Peres<br \/>\nCoordena\u00e7\u00e3o de Projeto: Ana Flor Bohrer, Matheus Peres, Flavia Medeiros.<br \/>\nDire\u00e7\u00e3o Musical: Eduardo Karas, Lucas Sfair, Filipe Resende<br \/>\nSupervis\u00e3o Musical: Bruno Vieira Brixel e Leonardo Lima<br \/>\nProdu\u00e7\u00e3o de \u00c1udio: Leonardo Lima, Bruno Vieira Brixel, Nando de Castro, Eug\u00eanio Fim, \u00c9rica Silva, Gui Moreno, e Diego Zorrilla<br \/>\nTrilha: Leonardo Lima<br \/>\nSound Design: Eug\u00eanio Fim<br \/>\nDire\u00e7\u00e3o de voz: Bruno Vieira Brixel<\/p>\n<p><iframe style=\"width: 100%; max-width: 660px; overflow: hidden; background: transparent;\" src=\"https:\/\/embed.podcasts.apple.com\/br\/podcast\/podcast-cidademarketing\/id1371923283\" height=\"450\" frameborder=\"0\" sandbox=\"allow-forms allow-popups allow-same-origin allow-scripts allow-storage-access-by-user-activation allow-top-navigation-by-user-activation\"><\/iframe><\/p>\n","protected":false},"excerpt":{"rendered":"<p>Com o slogan \u201cEnergia que Vem da Gente\u201d, a Shell Brasil apresenta nova fase de sua campanha corporativa, lan\u00e7ada no dia 15 de agosto, com filme no intervalo comercial da TV Globo, no Rio de Janeiro. Em sua primeira fase, em 2021, a campanha \u201cEnergia que Vem da Gente\u201d exibiu a trajet\u00f3ria de seis pessoas [&hellip;]<\/p>\n","protected":false},"author":1,"featured_media":37589,"comment_status":"open","ping_status":"open","sticky":false,"template":"","format":"standard","meta":{"tdm_status":"","tdm_grid_status":"","footnotes":""},"categories":[14],"tags":[65,33,28,66,694,5458],"class_list":["post-37588","post","type-post","status-publish","format-standard","has-post-thumbnail","hentry","category-videos","tag-campanha","tag-estrategia","tag-marketing","tag-propaganda","tag-shell","tag-shell-brasil"],"yoast_head":"<!-- This site is optimized with the Yoast SEO plugin v27.5 - https:\/\/yoast.com\/product\/yoast-seo-wordpress\/ -->\n<title>Shell Brasil lan\u00e7a nova fase da campanha &quot;Energia que Vem da Gente&quot; - CidadeMarketing<\/title>\n<meta name=\"robots\" content=\"index, follow, max-snippet:-1, max-image-preview:large, max-video-preview:-1\" \/>\n<link rel=\"canonical\" href=\"https:\/\/www.cidademarketing.com.br\/marketing\/2022\/08\/18\/shell-brasil-lanca-nova-fase-da-campanha-energia-que-vem-da-gente\/\" \/>\n<meta property=\"og:locale\" content=\"pt_BR\" \/>\n<meta property=\"og:type\" content=\"article\" \/>\n<meta property=\"og:title\" content=\"Shell Brasil lan\u00e7a nova fase da campanha &quot;Energia que Vem da Gente&quot; - CidadeMarketing\" \/>\n<meta property=\"og:description\" content=\"Com o slogan \u201cEnergia que Vem da Gente\u201d, a Shell Brasil apresenta nova fase de sua campanha corporativa, lan\u00e7ada no dia 15 de agosto, com filme no intervalo comercial da TV Globo, no Rio de Janeiro. Em sua primeira fase, em 2021, a campanha \u201cEnergia que Vem da Gente\u201d exibiu a trajet\u00f3ria de seis pessoas [&hellip;]\" \/>\n<meta property=\"og:url\" content=\"https:\/\/www.cidademarketing.com.br\/marketing\/2022\/08\/18\/shell-brasil-lanca-nova-fase-da-campanha-energia-que-vem-da-gente\/\" \/>\n<meta property=\"og:site_name\" content=\"CidadeMarketing\" \/>\n<meta property=\"article:publisher\" content=\"https:\/\/www.facebook.com\/portalcidademarketing\" \/>\n<meta property=\"article:author\" content=\"https:\/\/www.facebook.com\/thalesbrandao\" \/>\n<meta property=\"article:published_time\" content=\"2022-08-18T12:59:12+00:00\" \/>\n<meta property=\"og:image\" content=\"https:\/\/www.cidademarketing.com.br\/marketing\/wp-content\/uploads\/2022\/08\/shell_campanha.jpg\" \/>\n\t<meta property=\"og:image:width\" content=\"1169\" \/>\n\t<meta property=\"og:image:height\" content=\"575\" \/>\n\t<meta property=\"og:image:type\" content=\"image\/jpeg\" \/>\n<meta name=\"author\" content=\"Thales Brand\u00e3o\" \/>\n<meta name=\"twitter:card\" content=\"summary_large_image\" \/>\n<meta name=\"twitter:creator\" content=\"@http:\/\/www.twitter.com\/thalesbrandao\" \/>\n<meta name=\"twitter:site\" content=\"@CidadeMarketing\" \/>\n<meta name=\"twitter:label1\" content=\"Escrito por\" \/>\n\t<meta name=\"twitter:data1\" content=\"Thales Brand\u00e3o\" \/>\n\t<meta name=\"twitter:label2\" content=\"Est. tempo de leitura\" \/>\n\t<meta name=\"twitter:data2\" content=\"5 minutos\" \/>\n<script type=\"application\/ld+json\" class=\"yoast-schema-graph\">{\"@context\":\"https:\\\/\\\/schema.org\",\"@graph\":[{\"@type\":\"Article\",\"@id\":\"https:\\\/\\\/www.cidademarketing.com.br\\\/marketing\\\/2022\\\/08\\\/18\\\/shell-brasil-lanca-nova-fase-da-campanha-energia-que-vem-da-gente\\\/#article\",\"isPartOf\":{\"@id\":\"https:\\\/\\\/www.cidademarketing.com.br\\\/marketing\\\/2022\\\/08\\\/18\\\/shell-brasil-lanca-nova-fase-da-campanha-energia-que-vem-da-gente\\\/\"},\"author\":{\"name\":\"Thales Brand\u00e3o\",\"@id\":\"https:\\\/\\\/www.cidademarketing.com.br\\\/marketing\\\/#\\\/schema\\\/person\\\/02daff9f18bd9378c9e01eb6b2db155f\"},\"headline\":\"Shell Brasil lan\u00e7a nova fase da campanha &#8220;Energia que Vem da Gente&#8221;\",\"datePublished\":\"2022-08-18T12:59:12+00:00\",\"mainEntityOfPage\":{\"@id\":\"https:\\\/\\\/www.cidademarketing.com.br\\\/marketing\\\/2022\\\/08\\\/18\\\/shell-brasil-lanca-nova-fase-da-campanha-energia-que-vem-da-gente\\\/\"},\"wordCount\":968,\"commentCount\":0,\"publisher\":{\"@id\":\"https:\\\/\\\/www.cidademarketing.com.br\\\/marketing\\\/#organization\"},\"image\":{\"@id\":\"https:\\\/\\\/www.cidademarketing.com.br\\\/marketing\\\/2022\\\/08\\\/18\\\/shell-brasil-lanca-nova-fase-da-campanha-energia-que-vem-da-gente\\\/#primaryimage\"},\"thumbnailUrl\":\"https:\\\/\\\/www.cidademarketing.com.br\\\/marketing\\\/wp-content\\\/uploads\\\/2022\\\/08\\\/shell_campanha.jpg\",\"keywords\":[\"campanha\",\"estrat\u00e9gia\",\"marketing\",\"propaganda\",\"Shell\",\"Shell Brasil\"],\"articleSection\":[\"Videos\"],\"inLanguage\":\"pt-BR\",\"potentialAction\":[{\"@type\":\"CommentAction\",\"name\":\"Comment\",\"target\":[\"https:\\\/\\\/www.cidademarketing.com.br\\\/marketing\\\/2022\\\/08\\\/18\\\/shell-brasil-lanca-nova-fase-da-campanha-energia-que-vem-da-gente\\\/#respond\"]}]},{\"@type\":\"WebPage\",\"@id\":\"https:\\\/\\\/www.cidademarketing.com.br\\\/marketing\\\/2022\\\/08\\\/18\\\/shell-brasil-lanca-nova-fase-da-campanha-energia-que-vem-da-gente\\\/\",\"url\":\"https:\\\/\\\/www.cidademarketing.com.br\\\/marketing\\\/2022\\\/08\\\/18\\\/shell-brasil-lanca-nova-fase-da-campanha-energia-que-vem-da-gente\\\/\",\"name\":\"Shell Brasil lan\u00e7a nova fase da campanha \\\"Energia que Vem da Gente\\\" - CidadeMarketing\",\"isPartOf\":{\"@id\":\"https:\\\/\\\/www.cidademarketing.com.br\\\/marketing\\\/#website\"},\"primaryImageOfPage\":{\"@id\":\"https:\\\/\\\/www.cidademarketing.com.br\\\/marketing\\\/2022\\\/08\\\/18\\\/shell-brasil-lanca-nova-fase-da-campanha-energia-que-vem-da-gente\\\/#primaryimage\"},\"image\":{\"@id\":\"https:\\\/\\\/www.cidademarketing.com.br\\\/marketing\\\/2022\\\/08\\\/18\\\/shell-brasil-lanca-nova-fase-da-campanha-energia-que-vem-da-gente\\\/#primaryimage\"},\"thumbnailUrl\":\"https:\\\/\\\/www.cidademarketing.com.br\\\/marketing\\\/wp-content\\\/uploads\\\/2022\\\/08\\\/shell_campanha.jpg\",\"datePublished\":\"2022-08-18T12:59:12+00:00\",\"breadcrumb\":{\"@id\":\"https:\\\/\\\/www.cidademarketing.com.br\\\/marketing\\\/2022\\\/08\\\/18\\\/shell-brasil-lanca-nova-fase-da-campanha-energia-que-vem-da-gente\\\/#breadcrumb\"},\"inLanguage\":\"pt-BR\",\"potentialAction\":[{\"@type\":\"ReadAction\",\"target\":[\"https:\\\/\\\/www.cidademarketing.com.br\\\/marketing\\\/2022\\\/08\\\/18\\\/shell-brasil-lanca-nova-fase-da-campanha-energia-que-vem-da-gente\\\/\"]}]},{\"@type\":\"ImageObject\",\"inLanguage\":\"pt-BR\",\"@id\":\"https:\\\/\\\/www.cidademarketing.com.br\\\/marketing\\\/2022\\\/08\\\/18\\\/shell-brasil-lanca-nova-fase-da-campanha-energia-que-vem-da-gente\\\/#primaryimage\",\"url\":\"https:\\\/\\\/www.cidademarketing.com.br\\\/marketing\\\/wp-content\\\/uploads\\\/2022\\\/08\\\/shell_campanha.jpg\",\"contentUrl\":\"https:\\\/\\\/www.cidademarketing.com.br\\\/marketing\\\/wp-content\\\/uploads\\\/2022\\\/08\\\/shell_campanha.jpg\",\"width\":1169,\"height\":575,\"caption\":\"Reprodu\u00e7\u00e3o\"},{\"@type\":\"BreadcrumbList\",\"@id\":\"https:\\\/\\\/www.cidademarketing.com.br\\\/marketing\\\/2022\\\/08\\\/18\\\/shell-brasil-lanca-nova-fase-da-campanha-energia-que-vem-da-gente\\\/#breadcrumb\",\"itemListElement\":[{\"@type\":\"ListItem\",\"position\":1,\"name\":\"In\u00edcio\",\"item\":\"https:\\\/\\\/www.cidademarketing.com.br\\\/marketing\\\/\"},{\"@type\":\"ListItem\",\"position\":2,\"name\":\"Shell Brasil lan\u00e7a nova fase da campanha &#8220;Energia que Vem da Gente&#8221;\"}]},{\"@type\":\"WebSite\",\"@id\":\"https:\\\/\\\/www.cidademarketing.com.br\\\/marketing\\\/#website\",\"url\":\"https:\\\/\\\/www.cidademarketing.com.br\\\/marketing\\\/\",\"name\":\"CidadeMarketing\",\"description\":\"Somos um ve\u00edculo de comunica\u00e7\u00e3o de destaque no Brasil, reconhecido por conte\u00fados nos segmentos de marketing, empreendedorismo e inova\u00e7\u00e3o.\",\"publisher\":{\"@id\":\"https:\\\/\\\/www.cidademarketing.com.br\\\/marketing\\\/#organization\"},\"alternateName\":\"CidadeMarketing\",\"potentialAction\":[{\"@type\":\"SearchAction\",\"target\":{\"@type\":\"EntryPoint\",\"urlTemplate\":\"https:\\\/\\\/www.cidademarketing.com.br\\\/marketing\\\/?s={search_term_string}\"},\"query-input\":{\"@type\":\"PropertyValueSpecification\",\"valueRequired\":true,\"valueName\":\"search_term_string\"}}],\"inLanguage\":\"pt-BR\"},{\"@type\":\"Organization\",\"@id\":\"https:\\\/\\\/www.cidademarketing.com.br\\\/marketing\\\/#organization\",\"name\":\"CidadeMarketing\",\"alternateName\":\"CidadeMarketing\",\"url\":\"https:\\\/\\\/www.cidademarketing.com.br\\\/marketing\\\/\",\"logo\":{\"@type\":\"ImageObject\",\"inLanguage\":\"pt-BR\",\"@id\":\"https:\\\/\\\/www.cidademarketing.com.br\\\/marketing\\\/#\\\/schema\\\/logo\\\/image\\\/\",\"url\":\"https:\\\/\\\/www.cidademarketing.com.br\\\/marketing\\\/wp-content\\\/uploads\\\/2020\\\/01\\\/cidademarketing_marca_mobile.png\",\"contentUrl\":\"https:\\\/\\\/www.cidademarketing.com.br\\\/marketing\\\/wp-content\\\/uploads\\\/2020\\\/01\\\/cidademarketing_marca_mobile.png\",\"width\":230,\"height\":92,\"caption\":\"CidadeMarketing\"},\"image\":{\"@id\":\"https:\\\/\\\/www.cidademarketing.com.br\\\/marketing\\\/#\\\/schema\\\/logo\\\/image\\\/\"},\"sameAs\":[\"https:\\\/\\\/www.facebook.com\\\/portalcidademarketing\",\"https:\\\/\\\/x.com\\\/CidadeMarketing\",\"https:\\\/\\\/www.instagram.com\\\/cidademarketing\\\/\"]},{\"@type\":\"Person\",\"@id\":\"https:\\\/\\\/www.cidademarketing.com.br\\\/marketing\\\/#\\\/schema\\\/person\\\/02daff9f18bd9378c9e01eb6b2db155f\",\"name\":\"Thales Brand\u00e3o\",\"image\":{\"@type\":\"ImageObject\",\"inLanguage\":\"pt-BR\",\"@id\":\"https:\\\/\\\/secure.gravatar.com\\\/avatar\\\/7ca3206950207cc3cb48feec56a8a7898741ab725c368d99d5d7a5a50aab80c6?s=96&d=mm&r=g\",\"url\":\"https:\\\/\\\/secure.gravatar.com\\\/avatar\\\/7ca3206950207cc3cb48feec56a8a7898741ab725c368d99d5d7a5a50aab80c6?s=96&d=mm&r=g\",\"contentUrl\":\"https:\\\/\\\/secure.gravatar.com\\\/avatar\\\/7ca3206950207cc3cb48feec56a8a7898741ab725c368d99d5d7a5a50aab80c6?s=96&d=mm&r=g\",\"caption\":\"Thales Brand\u00e3o\"},\"description\":\"Editor Executivo do Portal CidadeMarketing.com.br &gt; Mestre em Comunica\u00e7\u00e3o e Sociedade pela Universidade Federal de Sergipe. Possui MBA Executivo em Administra\u00e7\u00e3o com \u00eanfase em Marketing pela Funda\u00e7\u00e3o Get\u00falio Vargas - Rio de Janeiro. Consultor, Palestrante e Pesquisador sobre Empreendedorismo, Marketing, Redes Sociais e Neg\u00f3cios Digitais. Professor, Palestrante TedxTalks e Campus Party. Twitter: @ThalesBrandao\",\"sameAs\":[\"http:\\\/\\\/www.mandacaru.com.br\",\"https:\\\/\\\/www.facebook.com\\\/thalesbrandao\",\"http:\\\/\\\/www.instagram.com.br\\\/thalesbrandaoferreira\",\"https:\\\/\\\/www.linkedin.com\\\/in\\\/thales-brand\u00e3o-3948609\\\/\",\"https:\\\/\\\/x.com\\\/http:\\\/\\\/www.twitter.com\\\/thalesbrandao\"],\"url\":\"https:\\\/\\\/www.cidademarketing.com.br\\\/marketing\\\/author\\\/thalesbrandao\\\/\"}]}<\/script>\n<!-- \/ Yoast SEO plugin. -->","yoast_head_json":{"title":"Shell Brasil lan\u00e7a nova fase da campanha \"Energia que Vem da Gente\" - CidadeMarketing","robots":{"index":"index","follow":"follow","max-snippet":"max-snippet:-1","max-image-preview":"max-image-preview:large","max-video-preview":"max-video-preview:-1"},"canonical":"https:\/\/www.cidademarketing.com.br\/marketing\/2022\/08\/18\/shell-brasil-lanca-nova-fase-da-campanha-energia-que-vem-da-gente\/","og_locale":"pt_BR","og_type":"article","og_title":"Shell Brasil lan\u00e7a nova fase da campanha \"Energia que Vem da Gente\" - CidadeMarketing","og_description":"Com o slogan \u201cEnergia que Vem da Gente\u201d, a Shell Brasil apresenta nova fase de sua campanha corporativa, lan\u00e7ada no dia 15 de agosto, com filme no intervalo comercial da TV Globo, no Rio de Janeiro. Em sua primeira fase, em 2021, a campanha \u201cEnergia que Vem da Gente\u201d exibiu a trajet\u00f3ria de seis pessoas [&hellip;]","og_url":"https:\/\/www.cidademarketing.com.br\/marketing\/2022\/08\/18\/shell-brasil-lanca-nova-fase-da-campanha-energia-que-vem-da-gente\/","og_site_name":"CidadeMarketing","article_publisher":"https:\/\/www.facebook.com\/portalcidademarketing","article_author":"https:\/\/www.facebook.com\/thalesbrandao","article_published_time":"2022-08-18T12:59:12+00:00","og_image":[{"width":1169,"height":575,"url":"https:\/\/www.cidademarketing.com.br\/marketing\/wp-content\/uploads\/2022\/08\/shell_campanha.jpg","type":"image\/jpeg"}],"author":"Thales Brand\u00e3o","twitter_card":"summary_large_image","twitter_creator":"@http:\/\/www.twitter.com\/thalesbrandao","twitter_site":"@CidadeMarketing","twitter_misc":{"Escrito por":"Thales Brand\u00e3o","Est. tempo de leitura":"5 minutos"},"schema":{"@context":"https:\/\/schema.org","@graph":[{"@type":"Article","@id":"https:\/\/www.cidademarketing.com.br\/marketing\/2022\/08\/18\/shell-brasil-lanca-nova-fase-da-campanha-energia-que-vem-da-gente\/#article","isPartOf":{"@id":"https:\/\/www.cidademarketing.com.br\/marketing\/2022\/08\/18\/shell-brasil-lanca-nova-fase-da-campanha-energia-que-vem-da-gente\/"},"author":{"name":"Thales Brand\u00e3o","@id":"https:\/\/www.cidademarketing.com.br\/marketing\/#\/schema\/person\/02daff9f18bd9378c9e01eb6b2db155f"},"headline":"Shell Brasil lan\u00e7a nova fase da campanha &#8220;Energia que Vem da Gente&#8221;","datePublished":"2022-08-18T12:59:12+00:00","mainEntityOfPage":{"@id":"https:\/\/www.cidademarketing.com.br\/marketing\/2022\/08\/18\/shell-brasil-lanca-nova-fase-da-campanha-energia-que-vem-da-gente\/"},"wordCount":968,"commentCount":0,"publisher":{"@id":"https:\/\/www.cidademarketing.com.br\/marketing\/#organization"},"image":{"@id":"https:\/\/www.cidademarketing.com.br\/marketing\/2022\/08\/18\/shell-brasil-lanca-nova-fase-da-campanha-energia-que-vem-da-gente\/#primaryimage"},"thumbnailUrl":"https:\/\/www.cidademarketing.com.br\/marketing\/wp-content\/uploads\/2022\/08\/shell_campanha.jpg","keywords":["campanha","estrat\u00e9gia","marketing","propaganda","Shell","Shell Brasil"],"articleSection":["Videos"],"inLanguage":"pt-BR","potentialAction":[{"@type":"CommentAction","name":"Comment","target":["https:\/\/www.cidademarketing.com.br\/marketing\/2022\/08\/18\/shell-brasil-lanca-nova-fase-da-campanha-energia-que-vem-da-gente\/#respond"]}]},{"@type":"WebPage","@id":"https:\/\/www.cidademarketing.com.br\/marketing\/2022\/08\/18\/shell-brasil-lanca-nova-fase-da-campanha-energia-que-vem-da-gente\/","url":"https:\/\/www.cidademarketing.com.br\/marketing\/2022\/08\/18\/shell-brasil-lanca-nova-fase-da-campanha-energia-que-vem-da-gente\/","name":"Shell Brasil lan\u00e7a nova fase da campanha \"Energia que Vem da Gente\" - CidadeMarketing","isPartOf":{"@id":"https:\/\/www.cidademarketing.com.br\/marketing\/#website"},"primaryImageOfPage":{"@id":"https:\/\/www.cidademarketing.com.br\/marketing\/2022\/08\/18\/shell-brasil-lanca-nova-fase-da-campanha-energia-que-vem-da-gente\/#primaryimage"},"image":{"@id":"https:\/\/www.cidademarketing.com.br\/marketing\/2022\/08\/18\/shell-brasil-lanca-nova-fase-da-campanha-energia-que-vem-da-gente\/#primaryimage"},"thumbnailUrl":"https:\/\/www.cidademarketing.com.br\/marketing\/wp-content\/uploads\/2022\/08\/shell_campanha.jpg","datePublished":"2022-08-18T12:59:12+00:00","breadcrumb":{"@id":"https:\/\/www.cidademarketing.com.br\/marketing\/2022\/08\/18\/shell-brasil-lanca-nova-fase-da-campanha-energia-que-vem-da-gente\/#breadcrumb"},"inLanguage":"pt-BR","potentialAction":[{"@type":"ReadAction","target":["https:\/\/www.cidademarketing.com.br\/marketing\/2022\/08\/18\/shell-brasil-lanca-nova-fase-da-campanha-energia-que-vem-da-gente\/"]}]},{"@type":"ImageObject","inLanguage":"pt-BR","@id":"https:\/\/www.cidademarketing.com.br\/marketing\/2022\/08\/18\/shell-brasil-lanca-nova-fase-da-campanha-energia-que-vem-da-gente\/#primaryimage","url":"https:\/\/www.cidademarketing.com.br\/marketing\/wp-content\/uploads\/2022\/08\/shell_campanha.jpg","contentUrl":"https:\/\/www.cidademarketing.com.br\/marketing\/wp-content\/uploads\/2022\/08\/shell_campanha.jpg","width":1169,"height":575,"caption":"Reprodu\u00e7\u00e3o"},{"@type":"BreadcrumbList","@id":"https:\/\/www.cidademarketing.com.br\/marketing\/2022\/08\/18\/shell-brasil-lanca-nova-fase-da-campanha-energia-que-vem-da-gente\/#breadcrumb","itemListElement":[{"@type":"ListItem","position":1,"name":"In\u00edcio","item":"https:\/\/www.cidademarketing.com.br\/marketing\/"},{"@type":"ListItem","position":2,"name":"Shell Brasil lan\u00e7a nova fase da campanha &#8220;Energia que Vem da Gente&#8221;"}]},{"@type":"WebSite","@id":"https:\/\/www.cidademarketing.com.br\/marketing\/#website","url":"https:\/\/www.cidademarketing.com.br\/marketing\/","name":"CidadeMarketing","description":"Somos um ve\u00edculo de comunica\u00e7\u00e3o de destaque no Brasil, reconhecido por conte\u00fados nos segmentos de marketing, empreendedorismo e inova\u00e7\u00e3o.","publisher":{"@id":"https:\/\/www.cidademarketing.com.br\/marketing\/#organization"},"alternateName":"CidadeMarketing","potentialAction":[{"@type":"SearchAction","target":{"@type":"EntryPoint","urlTemplate":"https:\/\/www.cidademarketing.com.br\/marketing\/?s={search_term_string}"},"query-input":{"@type":"PropertyValueSpecification","valueRequired":true,"valueName":"search_term_string"}}],"inLanguage":"pt-BR"},{"@type":"Organization","@id":"https:\/\/www.cidademarketing.com.br\/marketing\/#organization","name":"CidadeMarketing","alternateName":"CidadeMarketing","url":"https:\/\/www.cidademarketing.com.br\/marketing\/","logo":{"@type":"ImageObject","inLanguage":"pt-BR","@id":"https:\/\/www.cidademarketing.com.br\/marketing\/#\/schema\/logo\/image\/","url":"https:\/\/www.cidademarketing.com.br\/marketing\/wp-content\/uploads\/2020\/01\/cidademarketing_marca_mobile.png","contentUrl":"https:\/\/www.cidademarketing.com.br\/marketing\/wp-content\/uploads\/2020\/01\/cidademarketing_marca_mobile.png","width":230,"height":92,"caption":"CidadeMarketing"},"image":{"@id":"https:\/\/www.cidademarketing.com.br\/marketing\/#\/schema\/logo\/image\/"},"sameAs":["https:\/\/www.facebook.com\/portalcidademarketing","https:\/\/x.com\/CidadeMarketing","https:\/\/www.instagram.com\/cidademarketing\/"]},{"@type":"Person","@id":"https:\/\/www.cidademarketing.com.br\/marketing\/#\/schema\/person\/02daff9f18bd9378c9e01eb6b2db155f","name":"Thales Brand\u00e3o","image":{"@type":"ImageObject","inLanguage":"pt-BR","@id":"https:\/\/secure.gravatar.com\/avatar\/7ca3206950207cc3cb48feec56a8a7898741ab725c368d99d5d7a5a50aab80c6?s=96&d=mm&r=g","url":"https:\/\/secure.gravatar.com\/avatar\/7ca3206950207cc3cb48feec56a8a7898741ab725c368d99d5d7a5a50aab80c6?s=96&d=mm&r=g","contentUrl":"https:\/\/secure.gravatar.com\/avatar\/7ca3206950207cc3cb48feec56a8a7898741ab725c368d99d5d7a5a50aab80c6?s=96&d=mm&r=g","caption":"Thales Brand\u00e3o"},"description":"Editor Executivo do Portal CidadeMarketing.com.br &gt; Mestre em Comunica\u00e7\u00e3o e Sociedade pela Universidade Federal de Sergipe. Possui MBA Executivo em Administra\u00e7\u00e3o com \u00eanfase em Marketing pela Funda\u00e7\u00e3o Get\u00falio Vargas - Rio de Janeiro. Consultor, Palestrante e Pesquisador sobre Empreendedorismo, Marketing, Redes Sociais e Neg\u00f3cios Digitais. Professor, Palestrante TedxTalks e Campus Party. Twitter: @ThalesBrandao","sameAs":["http:\/\/www.mandacaru.com.br","https:\/\/www.facebook.com\/thalesbrandao","http:\/\/www.instagram.com.br\/thalesbrandaoferreira","https:\/\/www.linkedin.com\/in\/thales-brand\u00e3o-3948609\/","https:\/\/x.com\/http:\/\/www.twitter.com\/thalesbrandao"],"url":"https:\/\/www.cidademarketing.com.br\/marketing\/author\/thalesbrandao\/"}]}},"amp_enabled":true,"_links":{"self":[{"href":"https:\/\/www.cidademarketing.com.br\/marketing\/wp-json\/wp\/v2\/posts\/37588","targetHints":{"allow":["GET"]}}],"collection":[{"href":"https:\/\/www.cidademarketing.com.br\/marketing\/wp-json\/wp\/v2\/posts"}],"about":[{"href":"https:\/\/www.cidademarketing.com.br\/marketing\/wp-json\/wp\/v2\/types\/post"}],"author":[{"embeddable":true,"href":"https:\/\/www.cidademarketing.com.br\/marketing\/wp-json\/wp\/v2\/users\/1"}],"replies":[{"embeddable":true,"href":"https:\/\/www.cidademarketing.com.br\/marketing\/wp-json\/wp\/v2\/comments?post=37588"}],"version-history":[{"count":1,"href":"https:\/\/www.cidademarketing.com.br\/marketing\/wp-json\/wp\/v2\/posts\/37588\/revisions"}],"predecessor-version":[{"id":37590,"href":"https:\/\/www.cidademarketing.com.br\/marketing\/wp-json\/wp\/v2\/posts\/37588\/revisions\/37590"}],"wp:featuredmedia":[{"embeddable":true,"href":"https:\/\/www.cidademarketing.com.br\/marketing\/wp-json\/wp\/v2\/media\/37589"}],"wp:attachment":[{"href":"https:\/\/www.cidademarketing.com.br\/marketing\/wp-json\/wp\/v2\/media?parent=37588"}],"wp:term":[{"taxonomy":"category","embeddable":true,"href":"https:\/\/www.cidademarketing.com.br\/marketing\/wp-json\/wp\/v2\/categories?post=37588"},{"taxonomy":"post_tag","embeddable":true,"href":"https:\/\/www.cidademarketing.com.br\/marketing\/wp-json\/wp\/v2\/tags?post=37588"}],"curies":[{"name":"wp","href":"https:\/\/api.w.org\/{rel}","templated":true}]}}