{"id":37554,"date":"2022-08-17T22:36:56","date_gmt":"2022-08-18T01:36:56","guid":{"rendered":"https:\/\/www.cidademarketing.com.br\/marketing\/?p=37554"},"modified":"2022-08-17T22:36:56","modified_gmt":"2022-08-18T01:36:56","slug":"louise-beltrao-chega-ao-twitter-para-liderar-os-negocios-de-tecnologia-varejo-no-brasil","status":"publish","type":"post","link":"https:\/\/www.cidademarketing.com.br\/marketing\/2022\/08\/17\/louise-beltrao-chega-ao-twitter-para-liderar-os-negocios-de-tecnologia-varejo-no-brasil\/","title":{"rendered":"Louise Beltr\u00e3o chega ao Twitter para liderar os neg\u00f3cios de Tecnologia &#038; Varejo no Brasil"},"content":{"rendered":"<p><iframe style=\"border-radius: 12px;\" src=\"https:\/\/open.spotify.com\/embed\/show\/4khMKzP3FgFRWVwb73xicc?utm_source=generator&amp;t=0\" width=\"100%\" height=\"232\" frameborder=\"0\" allowfullscreen=\"allowfullscreen\"><\/iframe><\/p>\n<p>A partir deste m\u00eas, Louise Beltr\u00e3o passa a integrar o time de vendas do Twitter Brasil como l\u00edder de neg\u00f3cios para as verticais de Tecnologia &amp; Varejo. Ap\u00f3s atuar em ag\u00eancias de publicidade e na ind\u00fastria de tecnologia, a executiva chega \u00e0 equipe para liderar o relacionamento com clientes desses segmentos e trazer solu\u00e7\u00f5es para os objetivos de neg\u00f3cio dos anunciantes.<\/p>\n<p>Somando mais de 20 anos de carreira na \u00e1rea de publicidade, a executiva j\u00e1 teve passagens em ag\u00eancias do grupo WPP &#8211; Ogilvy, VMLYR e Wunderman Thompson &#8211; e mais recentemente migrou para a ind\u00fastria de tecnologia como diretora global de social media da Dell Technologies. Louise possui especializa\u00e7\u00e3o em social media e j\u00e1 liderou relacionamentos com empresas como Amazon, Coca-Cola, GOL, IBM, Nespresso e Telefonica.<\/p>\n<p>Com foco em oferecer um direcionamento assertivo \u00e0s marcas, a executiva ser\u00e1 respons\u00e1vel por avaliar oportunidades e auxiliar no fortalecimento das estrat\u00e9gias dos clientes que est\u00e3o no Twitter. \u201cAcredito que fazer parte de uma plataforma aberta, onde tudo acontece primeiro, \u00e9 essencial para as estrat\u00e9gias atuais de comunica\u00e7\u00e3o. Meu papel ser\u00e1 auxiliar a tornar as marcas ainda mais fortes e presentes diante de suas audi\u00eancias no Twitter, criando oportunidades que fa\u00e7am sentido para suas estrat\u00e9gias\u201d, comenta Louise. \u201cO aumento de considera\u00e7\u00e3o da marca, fator importante para a garantia de market share futuro, acontece com o trabalho de proximidade e singularidade na vida dos consumidores, o que demanda consist\u00eancia e di\u00e1logo. E o Twitter \u00e9 perfeito para isto\u201d, completa.<\/p>\n<p><iframe style=\"width: 100%; max-width: 660px; overflow: hidden; background: transparent;\" src=\"https:\/\/embed.podcasts.apple.com\/br\/podcast\/podcast-cidademarketing\/id1371923283\" height=\"450\" frameborder=\"0\" sandbox=\"allow-forms allow-popups allow-same-origin allow-scripts allow-storage-access-by-user-activation allow-top-navigation-by-user-activation\"><\/iframe><\/p>\n","protected":false},"excerpt":{"rendered":"<p>A partir deste m\u00eas, Louise Beltr\u00e3o passa a integrar o time de vendas do Twitter Brasil como l\u00edder de neg\u00f3cios para as verticais de Tecnologia &amp; Varejo. Ap\u00f3s atuar em ag\u00eancias de publicidade e na ind\u00fastria de tecnologia, a executiva chega \u00e0 equipe para liderar o relacionamento com clientes desses segmentos e trazer solu\u00e7\u00f5es para [&hellip;]<\/p>\n","protected":false},"author":1,"featured_media":37559,"comment_status":"open","ping_status":"open","sticky":false,"template":"","format":"standard","meta":{"tdm_status":"","tdm_grid_status":"","footnotes":""},"categories":[11,6],"tags":[251,28,282,185,267],"class_list":["post-37554","post","type-post","status-publish","format-standard","has-post-thumbnail","hentry","category-digital","category-noticias","tag-carreira","tag-marketing","tag-pessoas","tag-tecnologia","tag-twitter"],"yoast_head":"<!-- This site is optimized with the Yoast SEO plugin v27.4 - https:\/\/yoast.com\/product\/yoast-seo-wordpress\/ -->\n<title>Louise Beltr\u00e3o chega ao Twitter para liderar os neg\u00f3cios de Tecnologia &amp; Varejo no Brasil - CidadeMarketing<\/title>\n<meta name=\"robots\" content=\"index, follow, max-snippet:-1, max-image-preview:large, max-video-preview:-1\" \/>\n<link rel=\"canonical\" href=\"https:\/\/www.cidademarketing.com.br\/marketing\/2022\/08\/17\/louise-beltrao-chega-ao-twitter-para-liderar-os-negocios-de-tecnologia-varejo-no-brasil\/\" \/>\n<meta property=\"og:locale\" content=\"pt_BR\" \/>\n<meta property=\"og:type\" content=\"article\" \/>\n<meta property=\"og:title\" content=\"Louise Beltr\u00e3o chega ao Twitter para liderar os neg\u00f3cios de Tecnologia &amp; Varejo no Brasil - CidadeMarketing\" \/>\n<meta property=\"og:description\" content=\"A partir deste m\u00eas, Louise Beltr\u00e3o passa a integrar o time de vendas do Twitter Brasil como l\u00edder de neg\u00f3cios para as verticais de Tecnologia &amp; Varejo. Ap\u00f3s atuar em ag\u00eancias de publicidade e na ind\u00fastria de tecnologia, a executiva chega \u00e0 equipe para liderar o relacionamento com clientes desses segmentos e trazer solu\u00e7\u00f5es para [&hellip;]\" \/>\n<meta property=\"og:url\" content=\"https:\/\/www.cidademarketing.com.br\/marketing\/2022\/08\/17\/louise-beltrao-chega-ao-twitter-para-liderar-os-negocios-de-tecnologia-varejo-no-brasil\/\" \/>\n<meta property=\"og:site_name\" content=\"CidadeMarketing\" \/>\n<meta property=\"article:publisher\" content=\"https:\/\/www.facebook.com\/portalcidademarketing\" \/>\n<meta property=\"article:author\" content=\"https:\/\/www.facebook.com\/thalesbrandao\" \/>\n<meta property=\"article:published_time\" content=\"2022-08-18T01:36:56+00:00\" \/>\n<meta property=\"og:image\" content=\"https:\/\/www.cidademarketing.com.br\/marketing\/wp-content\/uploads\/2022\/08\/Louise_Beltrao_twitter-scaled.jpg\" \/>\n\t<meta property=\"og:image:width\" content=\"1707\" \/>\n\t<meta property=\"og:image:height\" content=\"2560\" \/>\n\t<meta property=\"og:image:type\" content=\"image\/jpeg\" \/>\n<meta name=\"author\" content=\"Thales Brand\u00e3o\" \/>\n<meta name=\"twitter:card\" content=\"summary_large_image\" \/>\n<meta name=\"twitter:creator\" content=\"@http:\/\/www.twitter.com\/thalesbrandao\" \/>\n<meta name=\"twitter:site\" content=\"@CidadeMarketing\" \/>\n<meta name=\"twitter:label1\" content=\"Escrito por\" \/>\n\t<meta name=\"twitter:data1\" content=\"Thales Brand\u00e3o\" \/>\n\t<meta name=\"twitter:label2\" content=\"Est. tempo de leitura\" \/>\n\t<meta name=\"twitter:data2\" content=\"1 minuto\" \/>\n<script type=\"application\/ld+json\" class=\"yoast-schema-graph\">{\"@context\":\"https:\\\/\\\/schema.org\",\"@graph\":[{\"@type\":\"Article\",\"@id\":\"https:\\\/\\\/www.cidademarketing.com.br\\\/marketing\\\/2022\\\/08\\\/17\\\/louise-beltrao-chega-ao-twitter-para-liderar-os-negocios-de-tecnologia-varejo-no-brasil\\\/#article\",\"isPartOf\":{\"@id\":\"https:\\\/\\\/www.cidademarketing.com.br\\\/marketing\\\/2022\\\/08\\\/17\\\/louise-beltrao-chega-ao-twitter-para-liderar-os-negocios-de-tecnologia-varejo-no-brasil\\\/\"},\"author\":{\"name\":\"Thales Brand\u00e3o\",\"@id\":\"https:\\\/\\\/www.cidademarketing.com.br\\\/marketing\\\/#\\\/schema\\\/person\\\/02daff9f18bd9378c9e01eb6b2db155f\"},\"headline\":\"Louise Beltr\u00e3o chega ao Twitter para liderar os neg\u00f3cios de Tecnologia &#038; Varejo no Brasil\",\"datePublished\":\"2022-08-18T01:36:56+00:00\",\"mainEntityOfPage\":{\"@id\":\"https:\\\/\\\/www.cidademarketing.com.br\\\/marketing\\\/2022\\\/08\\\/17\\\/louise-beltrao-chega-ao-twitter-para-liderar-os-negocios-de-tecnologia-varejo-no-brasil\\\/\"},\"wordCount\":280,\"commentCount\":0,\"publisher\":{\"@id\":\"https:\\\/\\\/www.cidademarketing.com.br\\\/marketing\\\/#organization\"},\"image\":{\"@id\":\"https:\\\/\\\/www.cidademarketing.com.br\\\/marketing\\\/2022\\\/08\\\/17\\\/louise-beltrao-chega-ao-twitter-para-liderar-os-negocios-de-tecnologia-varejo-no-brasil\\\/#primaryimage\"},\"thumbnailUrl\":\"https:\\\/\\\/www.cidademarketing.com.br\\\/marketing\\\/wp-content\\\/uploads\\\/2022\\\/08\\\/Louise_Beltrao_twitter-scaled.jpg\",\"keywords\":[\"carreira\",\"marketing\",\"pessoas\",\"tecnologia\",\"Twitter\"],\"articleSection\":[\"Digital\",\"Not\u00edcias\"],\"inLanguage\":\"pt-BR\",\"potentialAction\":[{\"@type\":\"CommentAction\",\"name\":\"Comment\",\"target\":[\"https:\\\/\\\/www.cidademarketing.com.br\\\/marketing\\\/2022\\\/08\\\/17\\\/louise-beltrao-chega-ao-twitter-para-liderar-os-negocios-de-tecnologia-varejo-no-brasil\\\/#respond\"]}]},{\"@type\":\"WebPage\",\"@id\":\"https:\\\/\\\/www.cidademarketing.com.br\\\/marketing\\\/2022\\\/08\\\/17\\\/louise-beltrao-chega-ao-twitter-para-liderar-os-negocios-de-tecnologia-varejo-no-brasil\\\/\",\"url\":\"https:\\\/\\\/www.cidademarketing.com.br\\\/marketing\\\/2022\\\/08\\\/17\\\/louise-beltrao-chega-ao-twitter-para-liderar-os-negocios-de-tecnologia-varejo-no-brasil\\\/\",\"name\":\"Louise Beltr\u00e3o chega ao Twitter para liderar os neg\u00f3cios de Tecnologia & Varejo no Brasil - CidadeMarketing\",\"isPartOf\":{\"@id\":\"https:\\\/\\\/www.cidademarketing.com.br\\\/marketing\\\/#website\"},\"primaryImageOfPage\":{\"@id\":\"https:\\\/\\\/www.cidademarketing.com.br\\\/marketing\\\/2022\\\/08\\\/17\\\/louise-beltrao-chega-ao-twitter-para-liderar-os-negocios-de-tecnologia-varejo-no-brasil\\\/#primaryimage\"},\"image\":{\"@id\":\"https:\\\/\\\/www.cidademarketing.com.br\\\/marketing\\\/2022\\\/08\\\/17\\\/louise-beltrao-chega-ao-twitter-para-liderar-os-negocios-de-tecnologia-varejo-no-brasil\\\/#primaryimage\"},\"thumbnailUrl\":\"https:\\\/\\\/www.cidademarketing.com.br\\\/marketing\\\/wp-content\\\/uploads\\\/2022\\\/08\\\/Louise_Beltrao_twitter-scaled.jpg\",\"datePublished\":\"2022-08-18T01:36:56+00:00\",\"breadcrumb\":{\"@id\":\"https:\\\/\\\/www.cidademarketing.com.br\\\/marketing\\\/2022\\\/08\\\/17\\\/louise-beltrao-chega-ao-twitter-para-liderar-os-negocios-de-tecnologia-varejo-no-brasil\\\/#breadcrumb\"},\"inLanguage\":\"pt-BR\",\"potentialAction\":[{\"@type\":\"ReadAction\",\"target\":[\"https:\\\/\\\/www.cidademarketing.com.br\\\/marketing\\\/2022\\\/08\\\/17\\\/louise-beltrao-chega-ao-twitter-para-liderar-os-negocios-de-tecnologia-varejo-no-brasil\\\/\"]}]},{\"@type\":\"ImageObject\",\"inLanguage\":\"pt-BR\",\"@id\":\"https:\\\/\\\/www.cidademarketing.com.br\\\/marketing\\\/2022\\\/08\\\/17\\\/louise-beltrao-chega-ao-twitter-para-liderar-os-negocios-de-tecnologia-varejo-no-brasil\\\/#primaryimage\",\"url\":\"https:\\\/\\\/www.cidademarketing.com.br\\\/marketing\\\/wp-content\\\/uploads\\\/2022\\\/08\\\/Louise_Beltrao_twitter-scaled.jpg\",\"contentUrl\":\"https:\\\/\\\/www.cidademarketing.com.br\\\/marketing\\\/wp-content\\\/uploads\\\/2022\\\/08\\\/Louise_Beltrao_twitter-scaled.jpg\",\"width\":1707,\"height\":2560,\"caption\":\"Divulga\u00e7\u00e3o\"},{\"@type\":\"BreadcrumbList\",\"@id\":\"https:\\\/\\\/www.cidademarketing.com.br\\\/marketing\\\/2022\\\/08\\\/17\\\/louise-beltrao-chega-ao-twitter-para-liderar-os-negocios-de-tecnologia-varejo-no-brasil\\\/#breadcrumb\",\"itemListElement\":[{\"@type\":\"ListItem\",\"position\":1,\"name\":\"In\u00edcio\",\"item\":\"https:\\\/\\\/www.cidademarketing.com.br\\\/marketing\\\/\"},{\"@type\":\"ListItem\",\"position\":2,\"name\":\"Louise Beltr\u00e3o chega ao Twitter para liderar os neg\u00f3cios de Tecnologia &#038; Varejo no Brasil\"}]},{\"@type\":\"WebSite\",\"@id\":\"https:\\\/\\\/www.cidademarketing.com.br\\\/marketing\\\/#website\",\"url\":\"https:\\\/\\\/www.cidademarketing.com.br\\\/marketing\\\/\",\"name\":\"CidadeMarketing\",\"description\":\"Somos um ve\u00edculo de comunica\u00e7\u00e3o de destaque no Brasil, reconhecido por conte\u00fados nos segmentos de marketing, empreendedorismo e inova\u00e7\u00e3o.\",\"publisher\":{\"@id\":\"https:\\\/\\\/www.cidademarketing.com.br\\\/marketing\\\/#organization\"},\"alternateName\":\"CidadeMarketing\",\"potentialAction\":[{\"@type\":\"SearchAction\",\"target\":{\"@type\":\"EntryPoint\",\"urlTemplate\":\"https:\\\/\\\/www.cidademarketing.com.br\\\/marketing\\\/?s={search_term_string}\"},\"query-input\":{\"@type\":\"PropertyValueSpecification\",\"valueRequired\":true,\"valueName\":\"search_term_string\"}}],\"inLanguage\":\"pt-BR\"},{\"@type\":\"Organization\",\"@id\":\"https:\\\/\\\/www.cidademarketing.com.br\\\/marketing\\\/#organization\",\"name\":\"CidadeMarketing\",\"alternateName\":\"CidadeMarketing\",\"url\":\"https:\\\/\\\/www.cidademarketing.com.br\\\/marketing\\\/\",\"logo\":{\"@type\":\"ImageObject\",\"inLanguage\":\"pt-BR\",\"@id\":\"https:\\\/\\\/www.cidademarketing.com.br\\\/marketing\\\/#\\\/schema\\\/logo\\\/image\\\/\",\"url\":\"https:\\\/\\\/www.cidademarketing.com.br\\\/marketing\\\/wp-content\\\/uploads\\\/2020\\\/01\\\/cidademarketing_marca_mobile.png\",\"contentUrl\":\"https:\\\/\\\/www.cidademarketing.com.br\\\/marketing\\\/wp-content\\\/uploads\\\/2020\\\/01\\\/cidademarketing_marca_mobile.png\",\"width\":230,\"height\":92,\"caption\":\"CidadeMarketing\"},\"image\":{\"@id\":\"https:\\\/\\\/www.cidademarketing.com.br\\\/marketing\\\/#\\\/schema\\\/logo\\\/image\\\/\"},\"sameAs\":[\"https:\\\/\\\/www.facebook.com\\\/portalcidademarketing\",\"https:\\\/\\\/x.com\\\/CidadeMarketing\",\"https:\\\/\\\/www.instagram.com\\\/cidademarketing\\\/\"]},{\"@type\":\"Person\",\"@id\":\"https:\\\/\\\/www.cidademarketing.com.br\\\/marketing\\\/#\\\/schema\\\/person\\\/02daff9f18bd9378c9e01eb6b2db155f\",\"name\":\"Thales Brand\u00e3o\",\"image\":{\"@type\":\"ImageObject\",\"inLanguage\":\"pt-BR\",\"@id\":\"https:\\\/\\\/secure.gravatar.com\\\/avatar\\\/7ca3206950207cc3cb48feec56a8a7898741ab725c368d99d5d7a5a50aab80c6?s=96&d=mm&r=g\",\"url\":\"https:\\\/\\\/secure.gravatar.com\\\/avatar\\\/7ca3206950207cc3cb48feec56a8a7898741ab725c368d99d5d7a5a50aab80c6?s=96&d=mm&r=g\",\"contentUrl\":\"https:\\\/\\\/secure.gravatar.com\\\/avatar\\\/7ca3206950207cc3cb48feec56a8a7898741ab725c368d99d5d7a5a50aab80c6?s=96&d=mm&r=g\",\"caption\":\"Thales Brand\u00e3o\"},\"description\":\"Editor Executivo do Portal CidadeMarketing.com.br &gt; Mestre em Comunica\u00e7\u00e3o e Sociedade pela Universidade Federal de Sergipe. Possui MBA Executivo em Administra\u00e7\u00e3o com \u00eanfase em Marketing pela Funda\u00e7\u00e3o Get\u00falio Vargas - Rio de Janeiro. Consultor, Palestrante e Pesquisador sobre Empreendedorismo, Marketing, Redes Sociais e Neg\u00f3cios Digitais. Professor, Palestrante TedxTalks e Campus Party. Twitter: @ThalesBrandao\",\"sameAs\":[\"http:\\\/\\\/www.mandacaru.com.br\",\"https:\\\/\\\/www.facebook.com\\\/thalesbrandao\",\"http:\\\/\\\/www.instagram.com.br\\\/thalesbrandaoferreira\",\"https:\\\/\\\/www.linkedin.com\\\/in\\\/thales-brand\u00e3o-3948609\\\/\",\"https:\\\/\\\/x.com\\\/http:\\\/\\\/www.twitter.com\\\/thalesbrandao\"],\"url\":\"https:\\\/\\\/www.cidademarketing.com.br\\\/marketing\\\/author\\\/thalesbrandao\\\/\"}]}<\/script>\n<!-- \/ Yoast SEO plugin. -->","yoast_head_json":{"title":"Louise Beltr\u00e3o chega ao Twitter para liderar os neg\u00f3cios de Tecnologia & Varejo no Brasil - CidadeMarketing","robots":{"index":"index","follow":"follow","max-snippet":"max-snippet:-1","max-image-preview":"max-image-preview:large","max-video-preview":"max-video-preview:-1"},"canonical":"https:\/\/www.cidademarketing.com.br\/marketing\/2022\/08\/17\/louise-beltrao-chega-ao-twitter-para-liderar-os-negocios-de-tecnologia-varejo-no-brasil\/","og_locale":"pt_BR","og_type":"article","og_title":"Louise Beltr\u00e3o chega ao Twitter para liderar os neg\u00f3cios de Tecnologia & Varejo no Brasil - CidadeMarketing","og_description":"A partir deste m\u00eas, Louise Beltr\u00e3o passa a integrar o time de vendas do Twitter Brasil como l\u00edder de neg\u00f3cios para as verticais de Tecnologia &amp; Varejo. Ap\u00f3s atuar em ag\u00eancias de publicidade e na ind\u00fastria de tecnologia, a executiva chega \u00e0 equipe para liderar o relacionamento com clientes desses segmentos e trazer solu\u00e7\u00f5es para [&hellip;]","og_url":"https:\/\/www.cidademarketing.com.br\/marketing\/2022\/08\/17\/louise-beltrao-chega-ao-twitter-para-liderar-os-negocios-de-tecnologia-varejo-no-brasil\/","og_site_name":"CidadeMarketing","article_publisher":"https:\/\/www.facebook.com\/portalcidademarketing","article_author":"https:\/\/www.facebook.com\/thalesbrandao","article_published_time":"2022-08-18T01:36:56+00:00","og_image":[{"width":1707,"height":2560,"url":"https:\/\/www.cidademarketing.com.br\/marketing\/wp-content\/uploads\/2022\/08\/Louise_Beltrao_twitter-scaled.jpg","type":"image\/jpeg"}],"author":"Thales Brand\u00e3o","twitter_card":"summary_large_image","twitter_creator":"@http:\/\/www.twitter.com\/thalesbrandao","twitter_site":"@CidadeMarketing","twitter_misc":{"Escrito por":"Thales Brand\u00e3o","Est. tempo de leitura":"1 minuto"},"schema":{"@context":"https:\/\/schema.org","@graph":[{"@type":"Article","@id":"https:\/\/www.cidademarketing.com.br\/marketing\/2022\/08\/17\/louise-beltrao-chega-ao-twitter-para-liderar-os-negocios-de-tecnologia-varejo-no-brasil\/#article","isPartOf":{"@id":"https:\/\/www.cidademarketing.com.br\/marketing\/2022\/08\/17\/louise-beltrao-chega-ao-twitter-para-liderar-os-negocios-de-tecnologia-varejo-no-brasil\/"},"author":{"name":"Thales Brand\u00e3o","@id":"https:\/\/www.cidademarketing.com.br\/marketing\/#\/schema\/person\/02daff9f18bd9378c9e01eb6b2db155f"},"headline":"Louise Beltr\u00e3o chega ao Twitter para liderar os neg\u00f3cios de Tecnologia &#038; Varejo no Brasil","datePublished":"2022-08-18T01:36:56+00:00","mainEntityOfPage":{"@id":"https:\/\/www.cidademarketing.com.br\/marketing\/2022\/08\/17\/louise-beltrao-chega-ao-twitter-para-liderar-os-negocios-de-tecnologia-varejo-no-brasil\/"},"wordCount":280,"commentCount":0,"publisher":{"@id":"https:\/\/www.cidademarketing.com.br\/marketing\/#organization"},"image":{"@id":"https:\/\/www.cidademarketing.com.br\/marketing\/2022\/08\/17\/louise-beltrao-chega-ao-twitter-para-liderar-os-negocios-de-tecnologia-varejo-no-brasil\/#primaryimage"},"thumbnailUrl":"https:\/\/www.cidademarketing.com.br\/marketing\/wp-content\/uploads\/2022\/08\/Louise_Beltrao_twitter-scaled.jpg","keywords":["carreira","marketing","pessoas","tecnologia","Twitter"],"articleSection":["Digital","Not\u00edcias"],"inLanguage":"pt-BR","potentialAction":[{"@type":"CommentAction","name":"Comment","target":["https:\/\/www.cidademarketing.com.br\/marketing\/2022\/08\/17\/louise-beltrao-chega-ao-twitter-para-liderar-os-negocios-de-tecnologia-varejo-no-brasil\/#respond"]}]},{"@type":"WebPage","@id":"https:\/\/www.cidademarketing.com.br\/marketing\/2022\/08\/17\/louise-beltrao-chega-ao-twitter-para-liderar-os-negocios-de-tecnologia-varejo-no-brasil\/","url":"https:\/\/www.cidademarketing.com.br\/marketing\/2022\/08\/17\/louise-beltrao-chega-ao-twitter-para-liderar-os-negocios-de-tecnologia-varejo-no-brasil\/","name":"Louise Beltr\u00e3o chega ao Twitter para liderar os neg\u00f3cios de Tecnologia & Varejo no Brasil - CidadeMarketing","isPartOf":{"@id":"https:\/\/www.cidademarketing.com.br\/marketing\/#website"},"primaryImageOfPage":{"@id":"https:\/\/www.cidademarketing.com.br\/marketing\/2022\/08\/17\/louise-beltrao-chega-ao-twitter-para-liderar-os-negocios-de-tecnologia-varejo-no-brasil\/#primaryimage"},"image":{"@id":"https:\/\/www.cidademarketing.com.br\/marketing\/2022\/08\/17\/louise-beltrao-chega-ao-twitter-para-liderar-os-negocios-de-tecnologia-varejo-no-brasil\/#primaryimage"},"thumbnailUrl":"https:\/\/www.cidademarketing.com.br\/marketing\/wp-content\/uploads\/2022\/08\/Louise_Beltrao_twitter-scaled.jpg","datePublished":"2022-08-18T01:36:56+00:00","breadcrumb":{"@id":"https:\/\/www.cidademarketing.com.br\/marketing\/2022\/08\/17\/louise-beltrao-chega-ao-twitter-para-liderar-os-negocios-de-tecnologia-varejo-no-brasil\/#breadcrumb"},"inLanguage":"pt-BR","potentialAction":[{"@type":"ReadAction","target":["https:\/\/www.cidademarketing.com.br\/marketing\/2022\/08\/17\/louise-beltrao-chega-ao-twitter-para-liderar-os-negocios-de-tecnologia-varejo-no-brasil\/"]}]},{"@type":"ImageObject","inLanguage":"pt-BR","@id":"https:\/\/www.cidademarketing.com.br\/marketing\/2022\/08\/17\/louise-beltrao-chega-ao-twitter-para-liderar-os-negocios-de-tecnologia-varejo-no-brasil\/#primaryimage","url":"https:\/\/www.cidademarketing.com.br\/marketing\/wp-content\/uploads\/2022\/08\/Louise_Beltrao_twitter-scaled.jpg","contentUrl":"https:\/\/www.cidademarketing.com.br\/marketing\/wp-content\/uploads\/2022\/08\/Louise_Beltrao_twitter-scaled.jpg","width":1707,"height":2560,"caption":"Divulga\u00e7\u00e3o"},{"@type":"BreadcrumbList","@id":"https:\/\/www.cidademarketing.com.br\/marketing\/2022\/08\/17\/louise-beltrao-chega-ao-twitter-para-liderar-os-negocios-de-tecnologia-varejo-no-brasil\/#breadcrumb","itemListElement":[{"@type":"ListItem","position":1,"name":"In\u00edcio","item":"https:\/\/www.cidademarketing.com.br\/marketing\/"},{"@type":"ListItem","position":2,"name":"Louise Beltr\u00e3o chega ao Twitter para liderar os neg\u00f3cios de Tecnologia &#038; Varejo no Brasil"}]},{"@type":"WebSite","@id":"https:\/\/www.cidademarketing.com.br\/marketing\/#website","url":"https:\/\/www.cidademarketing.com.br\/marketing\/","name":"CidadeMarketing","description":"Somos um ve\u00edculo de comunica\u00e7\u00e3o de destaque no Brasil, reconhecido por conte\u00fados nos segmentos de marketing, empreendedorismo e inova\u00e7\u00e3o.","publisher":{"@id":"https:\/\/www.cidademarketing.com.br\/marketing\/#organization"},"alternateName":"CidadeMarketing","potentialAction":[{"@type":"SearchAction","target":{"@type":"EntryPoint","urlTemplate":"https:\/\/www.cidademarketing.com.br\/marketing\/?s={search_term_string}"},"query-input":{"@type":"PropertyValueSpecification","valueRequired":true,"valueName":"search_term_string"}}],"inLanguage":"pt-BR"},{"@type":"Organization","@id":"https:\/\/www.cidademarketing.com.br\/marketing\/#organization","name":"CidadeMarketing","alternateName":"CidadeMarketing","url":"https:\/\/www.cidademarketing.com.br\/marketing\/","logo":{"@type":"ImageObject","inLanguage":"pt-BR","@id":"https:\/\/www.cidademarketing.com.br\/marketing\/#\/schema\/logo\/image\/","url":"https:\/\/www.cidademarketing.com.br\/marketing\/wp-content\/uploads\/2020\/01\/cidademarketing_marca_mobile.png","contentUrl":"https:\/\/www.cidademarketing.com.br\/marketing\/wp-content\/uploads\/2020\/01\/cidademarketing_marca_mobile.png","width":230,"height":92,"caption":"CidadeMarketing"},"image":{"@id":"https:\/\/www.cidademarketing.com.br\/marketing\/#\/schema\/logo\/image\/"},"sameAs":["https:\/\/www.facebook.com\/portalcidademarketing","https:\/\/x.com\/CidadeMarketing","https:\/\/www.instagram.com\/cidademarketing\/"]},{"@type":"Person","@id":"https:\/\/www.cidademarketing.com.br\/marketing\/#\/schema\/person\/02daff9f18bd9378c9e01eb6b2db155f","name":"Thales Brand\u00e3o","image":{"@type":"ImageObject","inLanguage":"pt-BR","@id":"https:\/\/secure.gravatar.com\/avatar\/7ca3206950207cc3cb48feec56a8a7898741ab725c368d99d5d7a5a50aab80c6?s=96&d=mm&r=g","url":"https:\/\/secure.gravatar.com\/avatar\/7ca3206950207cc3cb48feec56a8a7898741ab725c368d99d5d7a5a50aab80c6?s=96&d=mm&r=g","contentUrl":"https:\/\/secure.gravatar.com\/avatar\/7ca3206950207cc3cb48feec56a8a7898741ab725c368d99d5d7a5a50aab80c6?s=96&d=mm&r=g","caption":"Thales Brand\u00e3o"},"description":"Editor Executivo do Portal CidadeMarketing.com.br &gt; Mestre em Comunica\u00e7\u00e3o e Sociedade pela Universidade Federal de Sergipe. Possui MBA Executivo em Administra\u00e7\u00e3o com \u00eanfase em Marketing pela Funda\u00e7\u00e3o Get\u00falio Vargas - Rio de Janeiro. Consultor, Palestrante e Pesquisador sobre Empreendedorismo, Marketing, Redes Sociais e Neg\u00f3cios Digitais. Professor, Palestrante TedxTalks e Campus Party. Twitter: @ThalesBrandao","sameAs":["http:\/\/www.mandacaru.com.br","https:\/\/www.facebook.com\/thalesbrandao","http:\/\/www.instagram.com.br\/thalesbrandaoferreira","https:\/\/www.linkedin.com\/in\/thales-brand\u00e3o-3948609\/","https:\/\/x.com\/http:\/\/www.twitter.com\/thalesbrandao"],"url":"https:\/\/www.cidademarketing.com.br\/marketing\/author\/thalesbrandao\/"}]}},"amp_enabled":true,"_links":{"self":[{"href":"https:\/\/www.cidademarketing.com.br\/marketing\/wp-json\/wp\/v2\/posts\/37554","targetHints":{"allow":["GET"]}}],"collection":[{"href":"https:\/\/www.cidademarketing.com.br\/marketing\/wp-json\/wp\/v2\/posts"}],"about":[{"href":"https:\/\/www.cidademarketing.com.br\/marketing\/wp-json\/wp\/v2\/types\/post"}],"author":[{"embeddable":true,"href":"https:\/\/www.cidademarketing.com.br\/marketing\/wp-json\/wp\/v2\/users\/1"}],"replies":[{"embeddable":true,"href":"https:\/\/www.cidademarketing.com.br\/marketing\/wp-json\/wp\/v2\/comments?post=37554"}],"version-history":[{"count":2,"href":"https:\/\/www.cidademarketing.com.br\/marketing\/wp-json\/wp\/v2\/posts\/37554\/revisions"}],"predecessor-version":[{"id":37560,"href":"https:\/\/www.cidademarketing.com.br\/marketing\/wp-json\/wp\/v2\/posts\/37554\/revisions\/37560"}],"wp:featuredmedia":[{"embeddable":true,"href":"https:\/\/www.cidademarketing.com.br\/marketing\/wp-json\/wp\/v2\/media\/37559"}],"wp:attachment":[{"href":"https:\/\/www.cidademarketing.com.br\/marketing\/wp-json\/wp\/v2\/media?parent=37554"}],"wp:term":[{"taxonomy":"category","embeddable":true,"href":"https:\/\/www.cidademarketing.com.br\/marketing\/wp-json\/wp\/v2\/categories?post=37554"},{"taxonomy":"post_tag","embeddable":true,"href":"https:\/\/www.cidademarketing.com.br\/marketing\/wp-json\/wp\/v2\/tags?post=37554"}],"curies":[{"name":"wp","href":"https:\/\/api.w.org\/{rel}","templated":true}]}}