{"id":37481,"date":"2022-08-14T20:31:04","date_gmt":"2022-08-14T23:31:04","guid":{"rendered":"https:\/\/www.cidademarketing.com.br\/marketing\/?p=37481"},"modified":"2022-08-14T20:31:04","modified_gmt":"2022-08-14T23:31:04","slug":"latam-anuncia-voo-direto-curitiba-santiago-que-reduz-em-quase-50-tempo-de-viagem-entre-as-cidades","status":"publish","type":"post","link":"https:\/\/www.cidademarketing.com.br\/marketing\/2022\/08\/14\/latam-anuncia-voo-direto-curitiba-santiago-que-reduz-em-quase-50-tempo-de-viagem-entre-as-cidades\/","title":{"rendered":"LATAM anuncia voo direto Curitiba-Santiago que reduz em quase 50% tempo de viagem entre as cidades"},"content":{"rendered":"<p><iframe style=\"border-radius: 12px;\" src=\"https:\/\/open.spotify.com\/embed\/show\/4khMKzP3FgFRWVwb73xicc?utm_source=generator&amp;t=0\" width=\"100%\" height=\"232\" frameborder=\"0\" allowfullscreen=\"allowfullscreen\"><\/iframe><br \/>\nA LATAM vai inaugurar em 1\u00ba de novembro deste ano a sua primeira rota internacional em Curitiba, com 3 voos diretos por semana para Santiago, no Chile. A iniciativa, al\u00e9m de ampliar a conectividade no Paran\u00e1, tornar\u00e1 Curitiba a quinta cidade brasileira a contar com voos internacionais da LATAM, depois de Fortaleza, Porto Alegre e Rio de Janeiro (Gale\u00e3o) e S\u00e3o Paulo (Guarulhos). Atualmente, a capital paranaense \u00e9 uma das cidades-foco dos investimentos da companhia, que j\u00e1 voltou a voar para 20 destinos internacionais a partir do Brasil (antes da pandemia de Covid-19 eram 26 destinos).<\/p>\n<p>De acordo com Aline Mafra, diretora de Marketing e Vendas da LATAM Brasil, al\u00e9m de atender \u00e0 demanda atual, a inclus\u00e3o de Curitiba entre os aeroportos com voos internacionais reflete o processo de retomada do mercado internacional pela companhia. \u201cCuritiba merece esse investimento e nosso foco continua sendo o crescimento sustent\u00e1vel da nossa malha a\u00e9rea, alocando oferta onde h\u00e1 demanda potencial. Al\u00e9m de retomar e inaugurar voos, estamos conseguindo diversificar os aeroportos com opera\u00e7\u00f5es internacionais. Isso gera valor para diferentes regi\u00f5es do Brasil e mais conforto para os clientes em termos de conectividade e tempo de viagem\u201d.<\/p>\n<p>Comparado com um voo com conex\u00e3o em S\u00e3o Paulo, por exemplo, o voo direto Curitiba-Santiago reduzir\u00e1 em quase 50% o tempo total de viagem entre as duas cidades na Am\u00e9rica do Sul. As passagens a\u00e9reas para a nova rota j\u00e1 est\u00e3o \u00e0 venda em latam.com e demais canais de venda.<\/p>\n<p>CURITIBA-SANTIAGO TER\u00c1 3 VOOS SEMANAIS<\/p>\n<p>A nova rota ter\u00e1 tr\u00eas voos semanais, que decolar\u00e3o de Curitiba nas ter\u00e7as-feiras, quintas-feiras e s\u00e1bados \u00e0s 19h25*, com dura\u00e7\u00e3o de 2h45. A partir de Santiago, os voos decolar\u00e3o nos mesmos dias \u00e0s 13h05*, com 4h25 de dura\u00e7\u00e3o. Os voos ser\u00e3o operados com aeronaves Airbus A320, que possuem capacidade para at\u00e9 176 passageiros (8 Premium Economy e 168 Economy).<\/p>\n<p>Ao todo, a LATAM j\u00e1 voltou a voar do Brasil para 20 destinos internacionais (eram 26 antes da pandemia de Covid-19). Os destinos j\u00e1 reativados s\u00e3o: Assun\u00e7\u00e3o, Barcelona, Bogot\u00e1, Buenos Aires\/Aeroparque, Buenos Aires\/Ezeiza, Cidade do M\u00e9xico, Frankfurt, Lima, Lisboa, Londres, Madri, Mendoza, Miami, Mil\u00e3o, Montevid\u00e9u, Nova York, Orlando, Paris, Santiago e Roma. Al\u00e9m disso, fora do eixo Rio-S\u00e3o Paulo, os clientes possuem op\u00e7\u00f5es a partir de Fortaleza (com voos para Miami) ou Porto Alegre (com voos para Lima), ambos tamb\u00e9m retomados em julho.<\/p>\n<p>Para este ano, a companhia prev\u00ea retomar as rotas S\u00e3o Paulo\/Guarulhos-Boston (3 voos semanais) e Rio de Janeiro\/Gale\u00e3o-Buenos Aires\/Ezeiza (3 voos semanais), ambos em outubro de 2022.<\/p>\n<p>At\u00e9 dezembro, a companhia prev\u00ea acrescentar mais voos diretos em rotas como Buenos Aires\/Ezeiza-S\u00e3o Paulo\/Guarulhos (20 voos semanais), Rio de Janeiro\/Gale\u00e3o-Santiago (12 voos semanais), S\u00e3o Paulo\/Guarulhos-Lima (18 voos semanais), S\u00e3o Paulo\/Guarulhos-Miami (14 voos semanais) e S\u00e3o Paulo\/Guarulhos-Montevid\u00e9u (12 voos semanais).<\/p>\n<p>Do primeiro para o segundo trimestre deste ano, a LATAM registrou aumento de 60% nas vendas de passagens internacionais no Brasil. O crescimento comprova que a busca por viagens ao exterior voltou a aquecer nos \u00faltimos tr\u00eas meses.<\/p>\n<p><iframe style=\"width: 100%; max-width: 660px; overflow: hidden; background: transparent;\" src=\"https:\/\/embed.podcasts.apple.com\/br\/podcast\/podcast-cidademarketing\/id1371923283\" height=\"450\" frameborder=\"0\" sandbox=\"allow-forms allow-popups allow-same-origin allow-scripts allow-storage-access-by-user-activation allow-top-navigation-by-user-activation\"><\/iframe><\/p>\n","protected":false},"excerpt":{"rendered":"<p>A LATAM vai inaugurar em 1\u00ba de novembro deste ano a sua primeira rota internacional em Curitiba, com 3 voos diretos por semana para Santiago, no Chile. A iniciativa, al\u00e9m de ampliar a conectividade no Paran\u00e1, tornar\u00e1 Curitiba a quinta cidade brasileira a contar com voos internacionais da LATAM, depois de Fortaleza, Porto Alegre e [&hellip;]<\/p>\n","protected":false},"author":1,"featured_media":35943,"comment_status":"open","ping_status":"open","sticky":false,"template":"","format":"standard","meta":{"tdm_status":"","tdm_grid_status":"","footnotes":""},"categories":[6],"tags":[308,33,1051,155,28],"class_list":["post-37481","post","type-post","status-publish","format-standard","has-post-thumbnail","hentry","category-noticias","tag-comunicacao","tag-estrategia","tag-expansao","tag-latam","tag-marketing"],"yoast_head":"<!-- This site is optimized with the Yoast SEO plugin v27.5 - https:\/\/yoast.com\/product\/yoast-seo-wordpress\/ -->\n<title>LATAM anuncia voo direto Curitiba-Santiago que reduz em quase 50% tempo de viagem entre as cidades - CidadeMarketing<\/title>\n<meta name=\"robots\" content=\"index, follow, max-snippet:-1, max-image-preview:large, max-video-preview:-1\" \/>\n<link rel=\"canonical\" href=\"https:\/\/www.cidademarketing.com.br\/marketing\/2022\/08\/14\/latam-anuncia-voo-direto-curitiba-santiago-que-reduz-em-quase-50-tempo-de-viagem-entre-as-cidades\/\" \/>\n<meta property=\"og:locale\" content=\"pt_BR\" \/>\n<meta property=\"og:type\" content=\"article\" \/>\n<meta property=\"og:title\" content=\"LATAM anuncia voo direto Curitiba-Santiago que reduz em quase 50% tempo de viagem entre as cidades - CidadeMarketing\" \/>\n<meta property=\"og:description\" content=\"A LATAM vai inaugurar em 1\u00ba de novembro deste ano a sua primeira rota internacional em Curitiba, com 3 voos diretos por semana para Santiago, no Chile. A iniciativa, al\u00e9m de ampliar a conectividade no Paran\u00e1, tornar\u00e1 Curitiba a quinta cidade brasileira a contar com voos internacionais da LATAM, depois de Fortaleza, Porto Alegre e [&hellip;]\" \/>\n<meta property=\"og:url\" content=\"https:\/\/www.cidademarketing.com.br\/marketing\/2022\/08\/14\/latam-anuncia-voo-direto-curitiba-santiago-que-reduz-em-quase-50-tempo-de-viagem-entre-as-cidades\/\" \/>\n<meta property=\"og:site_name\" content=\"CidadeMarketing\" \/>\n<meta property=\"article:publisher\" content=\"https:\/\/www.facebook.com\/portalcidademarketing\" \/>\n<meta property=\"article:author\" content=\"https:\/\/www.facebook.com\/thalesbrandao\" \/>\n<meta property=\"article:published_time\" content=\"2022-08-14T23:31:04+00:00\" \/>\n<meta property=\"og:image\" content=\"https:\/\/www.cidademarketing.com.br\/marketing\/wp-content\/uploads\/2022\/04\/latam_divulgacao.jpg\" \/>\n\t<meta property=\"og:image:width\" content=\"1024\" \/>\n\t<meta property=\"og:image:height\" content=\"552\" \/>\n\t<meta property=\"og:image:type\" content=\"image\/jpeg\" \/>\n<meta name=\"author\" content=\"Thales Brand\u00e3o\" \/>\n<meta name=\"twitter:card\" content=\"summary_large_image\" \/>\n<meta name=\"twitter:creator\" content=\"@http:\/\/www.twitter.com\/thalesbrandao\" \/>\n<meta name=\"twitter:site\" content=\"@CidadeMarketing\" \/>\n<meta name=\"twitter:label1\" content=\"Escrito por\" \/>\n\t<meta name=\"twitter:data1\" content=\"Thales Brand\u00e3o\" \/>\n\t<meta name=\"twitter:label2\" content=\"Est. tempo de leitura\" \/>\n\t<meta name=\"twitter:data2\" content=\"3 minutos\" \/>\n<script type=\"application\/ld+json\" class=\"yoast-schema-graph\">{\"@context\":\"https:\\\/\\\/schema.org\",\"@graph\":[{\"@type\":\"Article\",\"@id\":\"https:\\\/\\\/www.cidademarketing.com.br\\\/marketing\\\/2022\\\/08\\\/14\\\/latam-anuncia-voo-direto-curitiba-santiago-que-reduz-em-quase-50-tempo-de-viagem-entre-as-cidades\\\/#article\",\"isPartOf\":{\"@id\":\"https:\\\/\\\/www.cidademarketing.com.br\\\/marketing\\\/2022\\\/08\\\/14\\\/latam-anuncia-voo-direto-curitiba-santiago-que-reduz-em-quase-50-tempo-de-viagem-entre-as-cidades\\\/\"},\"author\":{\"name\":\"Thales Brand\u00e3o\",\"@id\":\"https:\\\/\\\/www.cidademarketing.com.br\\\/marketing\\\/#\\\/schema\\\/person\\\/02daff9f18bd9378c9e01eb6b2db155f\"},\"headline\":\"LATAM anuncia voo direto Curitiba-Santiago que reduz em quase 50% tempo de viagem entre as cidades\",\"datePublished\":\"2022-08-14T23:31:04+00:00\",\"mainEntityOfPage\":{\"@id\":\"https:\\\/\\\/www.cidademarketing.com.br\\\/marketing\\\/2022\\\/08\\\/14\\\/latam-anuncia-voo-direto-curitiba-santiago-que-reduz-em-quase-50-tempo-de-viagem-entre-as-cidades\\\/\"},\"wordCount\":540,\"commentCount\":0,\"publisher\":{\"@id\":\"https:\\\/\\\/www.cidademarketing.com.br\\\/marketing\\\/#organization\"},\"image\":{\"@id\":\"https:\\\/\\\/www.cidademarketing.com.br\\\/marketing\\\/2022\\\/08\\\/14\\\/latam-anuncia-voo-direto-curitiba-santiago-que-reduz-em-quase-50-tempo-de-viagem-entre-as-cidades\\\/#primaryimage\"},\"thumbnailUrl\":\"https:\\\/\\\/www.cidademarketing.com.br\\\/marketing\\\/wp-content\\\/uploads\\\/2022\\\/04\\\/latam_divulgacao.jpg\",\"keywords\":[\"comunica\u00e7\u00e3o\",\"estrat\u00e9gia\",\"expans\u00e3o\",\"Latam\",\"marketing\"],\"articleSection\":[\"Not\u00edcias\"],\"inLanguage\":\"pt-BR\",\"potentialAction\":[{\"@type\":\"CommentAction\",\"name\":\"Comment\",\"target\":[\"https:\\\/\\\/www.cidademarketing.com.br\\\/marketing\\\/2022\\\/08\\\/14\\\/latam-anuncia-voo-direto-curitiba-santiago-que-reduz-em-quase-50-tempo-de-viagem-entre-as-cidades\\\/#respond\"]}]},{\"@type\":\"WebPage\",\"@id\":\"https:\\\/\\\/www.cidademarketing.com.br\\\/marketing\\\/2022\\\/08\\\/14\\\/latam-anuncia-voo-direto-curitiba-santiago-que-reduz-em-quase-50-tempo-de-viagem-entre-as-cidades\\\/\",\"url\":\"https:\\\/\\\/www.cidademarketing.com.br\\\/marketing\\\/2022\\\/08\\\/14\\\/latam-anuncia-voo-direto-curitiba-santiago-que-reduz-em-quase-50-tempo-de-viagem-entre-as-cidades\\\/\",\"name\":\"LATAM anuncia voo direto Curitiba-Santiago que reduz em quase 50% tempo de viagem entre as cidades - CidadeMarketing\",\"isPartOf\":{\"@id\":\"https:\\\/\\\/www.cidademarketing.com.br\\\/marketing\\\/#website\"},\"primaryImageOfPage\":{\"@id\":\"https:\\\/\\\/www.cidademarketing.com.br\\\/marketing\\\/2022\\\/08\\\/14\\\/latam-anuncia-voo-direto-curitiba-santiago-que-reduz-em-quase-50-tempo-de-viagem-entre-as-cidades\\\/#primaryimage\"},\"image\":{\"@id\":\"https:\\\/\\\/www.cidademarketing.com.br\\\/marketing\\\/2022\\\/08\\\/14\\\/latam-anuncia-voo-direto-curitiba-santiago-que-reduz-em-quase-50-tempo-de-viagem-entre-as-cidades\\\/#primaryimage\"},\"thumbnailUrl\":\"https:\\\/\\\/www.cidademarketing.com.br\\\/marketing\\\/wp-content\\\/uploads\\\/2022\\\/04\\\/latam_divulgacao.jpg\",\"datePublished\":\"2022-08-14T23:31:04+00:00\",\"breadcrumb\":{\"@id\":\"https:\\\/\\\/www.cidademarketing.com.br\\\/marketing\\\/2022\\\/08\\\/14\\\/latam-anuncia-voo-direto-curitiba-santiago-que-reduz-em-quase-50-tempo-de-viagem-entre-as-cidades\\\/#breadcrumb\"},\"inLanguage\":\"pt-BR\",\"potentialAction\":[{\"@type\":\"ReadAction\",\"target\":[\"https:\\\/\\\/www.cidademarketing.com.br\\\/marketing\\\/2022\\\/08\\\/14\\\/latam-anuncia-voo-direto-curitiba-santiago-que-reduz-em-quase-50-tempo-de-viagem-entre-as-cidades\\\/\"]}]},{\"@type\":\"ImageObject\",\"inLanguage\":\"pt-BR\",\"@id\":\"https:\\\/\\\/www.cidademarketing.com.br\\\/marketing\\\/2022\\\/08\\\/14\\\/latam-anuncia-voo-direto-curitiba-santiago-que-reduz-em-quase-50-tempo-de-viagem-entre-as-cidades\\\/#primaryimage\",\"url\":\"https:\\\/\\\/www.cidademarketing.com.br\\\/marketing\\\/wp-content\\\/uploads\\\/2022\\\/04\\\/latam_divulgacao.jpg\",\"contentUrl\":\"https:\\\/\\\/www.cidademarketing.com.br\\\/marketing\\\/wp-content\\\/uploads\\\/2022\\\/04\\\/latam_divulgacao.jpg\",\"width\":1024,\"height\":552,\"caption\":\"cr\u00e9dito: divulga\u00e7\u00e3o LATAM\"},{\"@type\":\"BreadcrumbList\",\"@id\":\"https:\\\/\\\/www.cidademarketing.com.br\\\/marketing\\\/2022\\\/08\\\/14\\\/latam-anuncia-voo-direto-curitiba-santiago-que-reduz-em-quase-50-tempo-de-viagem-entre-as-cidades\\\/#breadcrumb\",\"itemListElement\":[{\"@type\":\"ListItem\",\"position\":1,\"name\":\"In\u00edcio\",\"item\":\"https:\\\/\\\/www.cidademarketing.com.br\\\/marketing\\\/\"},{\"@type\":\"ListItem\",\"position\":2,\"name\":\"LATAM anuncia voo direto Curitiba-Santiago que reduz em quase 50% tempo de viagem entre as cidades\"}]},{\"@type\":\"WebSite\",\"@id\":\"https:\\\/\\\/www.cidademarketing.com.br\\\/marketing\\\/#website\",\"url\":\"https:\\\/\\\/www.cidademarketing.com.br\\\/marketing\\\/\",\"name\":\"CidadeMarketing\",\"description\":\"Somos um ve\u00edculo de comunica\u00e7\u00e3o de destaque no Brasil, reconhecido por conte\u00fados nos segmentos de marketing, empreendedorismo e inova\u00e7\u00e3o.\",\"publisher\":{\"@id\":\"https:\\\/\\\/www.cidademarketing.com.br\\\/marketing\\\/#organization\"},\"alternateName\":\"CidadeMarketing\",\"potentialAction\":[{\"@type\":\"SearchAction\",\"target\":{\"@type\":\"EntryPoint\",\"urlTemplate\":\"https:\\\/\\\/www.cidademarketing.com.br\\\/marketing\\\/?s={search_term_string}\"},\"query-input\":{\"@type\":\"PropertyValueSpecification\",\"valueRequired\":true,\"valueName\":\"search_term_string\"}}],\"inLanguage\":\"pt-BR\"},{\"@type\":\"Organization\",\"@id\":\"https:\\\/\\\/www.cidademarketing.com.br\\\/marketing\\\/#organization\",\"name\":\"CidadeMarketing\",\"alternateName\":\"CidadeMarketing\",\"url\":\"https:\\\/\\\/www.cidademarketing.com.br\\\/marketing\\\/\",\"logo\":{\"@type\":\"ImageObject\",\"inLanguage\":\"pt-BR\",\"@id\":\"https:\\\/\\\/www.cidademarketing.com.br\\\/marketing\\\/#\\\/schema\\\/logo\\\/image\\\/\",\"url\":\"https:\\\/\\\/www.cidademarketing.com.br\\\/marketing\\\/wp-content\\\/uploads\\\/2020\\\/01\\\/cidademarketing_marca_mobile.png\",\"contentUrl\":\"https:\\\/\\\/www.cidademarketing.com.br\\\/marketing\\\/wp-content\\\/uploads\\\/2020\\\/01\\\/cidademarketing_marca_mobile.png\",\"width\":230,\"height\":92,\"caption\":\"CidadeMarketing\"},\"image\":{\"@id\":\"https:\\\/\\\/www.cidademarketing.com.br\\\/marketing\\\/#\\\/schema\\\/logo\\\/image\\\/\"},\"sameAs\":[\"https:\\\/\\\/www.facebook.com\\\/portalcidademarketing\",\"https:\\\/\\\/x.com\\\/CidadeMarketing\",\"https:\\\/\\\/www.instagram.com\\\/cidademarketing\\\/\"]},{\"@type\":\"Person\",\"@id\":\"https:\\\/\\\/www.cidademarketing.com.br\\\/marketing\\\/#\\\/schema\\\/person\\\/02daff9f18bd9378c9e01eb6b2db155f\",\"name\":\"Thales Brand\u00e3o\",\"image\":{\"@type\":\"ImageObject\",\"inLanguage\":\"pt-BR\",\"@id\":\"https:\\\/\\\/secure.gravatar.com\\\/avatar\\\/7ca3206950207cc3cb48feec56a8a7898741ab725c368d99d5d7a5a50aab80c6?s=96&d=mm&r=g\",\"url\":\"https:\\\/\\\/secure.gravatar.com\\\/avatar\\\/7ca3206950207cc3cb48feec56a8a7898741ab725c368d99d5d7a5a50aab80c6?s=96&d=mm&r=g\",\"contentUrl\":\"https:\\\/\\\/secure.gravatar.com\\\/avatar\\\/7ca3206950207cc3cb48feec56a8a7898741ab725c368d99d5d7a5a50aab80c6?s=96&d=mm&r=g\",\"caption\":\"Thales Brand\u00e3o\"},\"description\":\"Editor Executivo do Portal CidadeMarketing.com.br &gt; Mestre em Comunica\u00e7\u00e3o e Sociedade pela Universidade Federal de Sergipe. Possui MBA Executivo em Administra\u00e7\u00e3o com \u00eanfase em Marketing pela Funda\u00e7\u00e3o Get\u00falio Vargas - Rio de Janeiro. Consultor, Palestrante e Pesquisador sobre Empreendedorismo, Marketing, Redes Sociais e Neg\u00f3cios Digitais. Professor, Palestrante TedxTalks e Campus Party. Twitter: @ThalesBrandao\",\"sameAs\":[\"http:\\\/\\\/www.mandacaru.com.br\",\"https:\\\/\\\/www.facebook.com\\\/thalesbrandao\",\"http:\\\/\\\/www.instagram.com.br\\\/thalesbrandaoferreira\",\"https:\\\/\\\/www.linkedin.com\\\/in\\\/thales-brand\u00e3o-3948609\\\/\",\"https:\\\/\\\/x.com\\\/http:\\\/\\\/www.twitter.com\\\/thalesbrandao\"],\"url\":\"https:\\\/\\\/www.cidademarketing.com.br\\\/marketing\\\/author\\\/thalesbrandao\\\/\"}]}<\/script>\n<!-- \/ Yoast SEO plugin. -->","yoast_head_json":{"title":"LATAM anuncia voo direto Curitiba-Santiago que reduz em quase 50% tempo de viagem entre as cidades - CidadeMarketing","robots":{"index":"index","follow":"follow","max-snippet":"max-snippet:-1","max-image-preview":"max-image-preview:large","max-video-preview":"max-video-preview:-1"},"canonical":"https:\/\/www.cidademarketing.com.br\/marketing\/2022\/08\/14\/latam-anuncia-voo-direto-curitiba-santiago-que-reduz-em-quase-50-tempo-de-viagem-entre-as-cidades\/","og_locale":"pt_BR","og_type":"article","og_title":"LATAM anuncia voo direto Curitiba-Santiago que reduz em quase 50% tempo de viagem entre as cidades - CidadeMarketing","og_description":"A LATAM vai inaugurar em 1\u00ba de novembro deste ano a sua primeira rota internacional em Curitiba, com 3 voos diretos por semana para Santiago, no Chile. A iniciativa, al\u00e9m de ampliar a conectividade no Paran\u00e1, tornar\u00e1 Curitiba a quinta cidade brasileira a contar com voos internacionais da LATAM, depois de Fortaleza, Porto Alegre e [&hellip;]","og_url":"https:\/\/www.cidademarketing.com.br\/marketing\/2022\/08\/14\/latam-anuncia-voo-direto-curitiba-santiago-que-reduz-em-quase-50-tempo-de-viagem-entre-as-cidades\/","og_site_name":"CidadeMarketing","article_publisher":"https:\/\/www.facebook.com\/portalcidademarketing","article_author":"https:\/\/www.facebook.com\/thalesbrandao","article_published_time":"2022-08-14T23:31:04+00:00","og_image":[{"width":1024,"height":552,"url":"https:\/\/www.cidademarketing.com.br\/marketing\/wp-content\/uploads\/2022\/04\/latam_divulgacao.jpg","type":"image\/jpeg"}],"author":"Thales Brand\u00e3o","twitter_card":"summary_large_image","twitter_creator":"@http:\/\/www.twitter.com\/thalesbrandao","twitter_site":"@CidadeMarketing","twitter_misc":{"Escrito por":"Thales Brand\u00e3o","Est. tempo de leitura":"3 minutos"},"schema":{"@context":"https:\/\/schema.org","@graph":[{"@type":"Article","@id":"https:\/\/www.cidademarketing.com.br\/marketing\/2022\/08\/14\/latam-anuncia-voo-direto-curitiba-santiago-que-reduz-em-quase-50-tempo-de-viagem-entre-as-cidades\/#article","isPartOf":{"@id":"https:\/\/www.cidademarketing.com.br\/marketing\/2022\/08\/14\/latam-anuncia-voo-direto-curitiba-santiago-que-reduz-em-quase-50-tempo-de-viagem-entre-as-cidades\/"},"author":{"name":"Thales Brand\u00e3o","@id":"https:\/\/www.cidademarketing.com.br\/marketing\/#\/schema\/person\/02daff9f18bd9378c9e01eb6b2db155f"},"headline":"LATAM anuncia voo direto Curitiba-Santiago que reduz em quase 50% tempo de viagem entre as cidades","datePublished":"2022-08-14T23:31:04+00:00","mainEntityOfPage":{"@id":"https:\/\/www.cidademarketing.com.br\/marketing\/2022\/08\/14\/latam-anuncia-voo-direto-curitiba-santiago-que-reduz-em-quase-50-tempo-de-viagem-entre-as-cidades\/"},"wordCount":540,"commentCount":0,"publisher":{"@id":"https:\/\/www.cidademarketing.com.br\/marketing\/#organization"},"image":{"@id":"https:\/\/www.cidademarketing.com.br\/marketing\/2022\/08\/14\/latam-anuncia-voo-direto-curitiba-santiago-que-reduz-em-quase-50-tempo-de-viagem-entre-as-cidades\/#primaryimage"},"thumbnailUrl":"https:\/\/www.cidademarketing.com.br\/marketing\/wp-content\/uploads\/2022\/04\/latam_divulgacao.jpg","keywords":["comunica\u00e7\u00e3o","estrat\u00e9gia","expans\u00e3o","Latam","marketing"],"articleSection":["Not\u00edcias"],"inLanguage":"pt-BR","potentialAction":[{"@type":"CommentAction","name":"Comment","target":["https:\/\/www.cidademarketing.com.br\/marketing\/2022\/08\/14\/latam-anuncia-voo-direto-curitiba-santiago-que-reduz-em-quase-50-tempo-de-viagem-entre-as-cidades\/#respond"]}]},{"@type":"WebPage","@id":"https:\/\/www.cidademarketing.com.br\/marketing\/2022\/08\/14\/latam-anuncia-voo-direto-curitiba-santiago-que-reduz-em-quase-50-tempo-de-viagem-entre-as-cidades\/","url":"https:\/\/www.cidademarketing.com.br\/marketing\/2022\/08\/14\/latam-anuncia-voo-direto-curitiba-santiago-que-reduz-em-quase-50-tempo-de-viagem-entre-as-cidades\/","name":"LATAM anuncia voo direto Curitiba-Santiago que reduz em quase 50% tempo de viagem entre as cidades - CidadeMarketing","isPartOf":{"@id":"https:\/\/www.cidademarketing.com.br\/marketing\/#website"},"primaryImageOfPage":{"@id":"https:\/\/www.cidademarketing.com.br\/marketing\/2022\/08\/14\/latam-anuncia-voo-direto-curitiba-santiago-que-reduz-em-quase-50-tempo-de-viagem-entre-as-cidades\/#primaryimage"},"image":{"@id":"https:\/\/www.cidademarketing.com.br\/marketing\/2022\/08\/14\/latam-anuncia-voo-direto-curitiba-santiago-que-reduz-em-quase-50-tempo-de-viagem-entre-as-cidades\/#primaryimage"},"thumbnailUrl":"https:\/\/www.cidademarketing.com.br\/marketing\/wp-content\/uploads\/2022\/04\/latam_divulgacao.jpg","datePublished":"2022-08-14T23:31:04+00:00","breadcrumb":{"@id":"https:\/\/www.cidademarketing.com.br\/marketing\/2022\/08\/14\/latam-anuncia-voo-direto-curitiba-santiago-que-reduz-em-quase-50-tempo-de-viagem-entre-as-cidades\/#breadcrumb"},"inLanguage":"pt-BR","potentialAction":[{"@type":"ReadAction","target":["https:\/\/www.cidademarketing.com.br\/marketing\/2022\/08\/14\/latam-anuncia-voo-direto-curitiba-santiago-que-reduz-em-quase-50-tempo-de-viagem-entre-as-cidades\/"]}]},{"@type":"ImageObject","inLanguage":"pt-BR","@id":"https:\/\/www.cidademarketing.com.br\/marketing\/2022\/08\/14\/latam-anuncia-voo-direto-curitiba-santiago-que-reduz-em-quase-50-tempo-de-viagem-entre-as-cidades\/#primaryimage","url":"https:\/\/www.cidademarketing.com.br\/marketing\/wp-content\/uploads\/2022\/04\/latam_divulgacao.jpg","contentUrl":"https:\/\/www.cidademarketing.com.br\/marketing\/wp-content\/uploads\/2022\/04\/latam_divulgacao.jpg","width":1024,"height":552,"caption":"cr\u00e9dito: divulga\u00e7\u00e3o LATAM"},{"@type":"BreadcrumbList","@id":"https:\/\/www.cidademarketing.com.br\/marketing\/2022\/08\/14\/latam-anuncia-voo-direto-curitiba-santiago-que-reduz-em-quase-50-tempo-de-viagem-entre-as-cidades\/#breadcrumb","itemListElement":[{"@type":"ListItem","position":1,"name":"In\u00edcio","item":"https:\/\/www.cidademarketing.com.br\/marketing\/"},{"@type":"ListItem","position":2,"name":"LATAM anuncia voo direto Curitiba-Santiago que reduz em quase 50% tempo de viagem entre as cidades"}]},{"@type":"WebSite","@id":"https:\/\/www.cidademarketing.com.br\/marketing\/#website","url":"https:\/\/www.cidademarketing.com.br\/marketing\/","name":"CidadeMarketing","description":"Somos um ve\u00edculo de comunica\u00e7\u00e3o de destaque no Brasil, reconhecido por conte\u00fados nos segmentos de marketing, empreendedorismo e inova\u00e7\u00e3o.","publisher":{"@id":"https:\/\/www.cidademarketing.com.br\/marketing\/#organization"},"alternateName":"CidadeMarketing","potentialAction":[{"@type":"SearchAction","target":{"@type":"EntryPoint","urlTemplate":"https:\/\/www.cidademarketing.com.br\/marketing\/?s={search_term_string}"},"query-input":{"@type":"PropertyValueSpecification","valueRequired":true,"valueName":"search_term_string"}}],"inLanguage":"pt-BR"},{"@type":"Organization","@id":"https:\/\/www.cidademarketing.com.br\/marketing\/#organization","name":"CidadeMarketing","alternateName":"CidadeMarketing","url":"https:\/\/www.cidademarketing.com.br\/marketing\/","logo":{"@type":"ImageObject","inLanguage":"pt-BR","@id":"https:\/\/www.cidademarketing.com.br\/marketing\/#\/schema\/logo\/image\/","url":"https:\/\/www.cidademarketing.com.br\/marketing\/wp-content\/uploads\/2020\/01\/cidademarketing_marca_mobile.png","contentUrl":"https:\/\/www.cidademarketing.com.br\/marketing\/wp-content\/uploads\/2020\/01\/cidademarketing_marca_mobile.png","width":230,"height":92,"caption":"CidadeMarketing"},"image":{"@id":"https:\/\/www.cidademarketing.com.br\/marketing\/#\/schema\/logo\/image\/"},"sameAs":["https:\/\/www.facebook.com\/portalcidademarketing","https:\/\/x.com\/CidadeMarketing","https:\/\/www.instagram.com\/cidademarketing\/"]},{"@type":"Person","@id":"https:\/\/www.cidademarketing.com.br\/marketing\/#\/schema\/person\/02daff9f18bd9378c9e01eb6b2db155f","name":"Thales Brand\u00e3o","image":{"@type":"ImageObject","inLanguage":"pt-BR","@id":"https:\/\/secure.gravatar.com\/avatar\/7ca3206950207cc3cb48feec56a8a7898741ab725c368d99d5d7a5a50aab80c6?s=96&d=mm&r=g","url":"https:\/\/secure.gravatar.com\/avatar\/7ca3206950207cc3cb48feec56a8a7898741ab725c368d99d5d7a5a50aab80c6?s=96&d=mm&r=g","contentUrl":"https:\/\/secure.gravatar.com\/avatar\/7ca3206950207cc3cb48feec56a8a7898741ab725c368d99d5d7a5a50aab80c6?s=96&d=mm&r=g","caption":"Thales Brand\u00e3o"},"description":"Editor Executivo do Portal CidadeMarketing.com.br &gt; Mestre em Comunica\u00e7\u00e3o e Sociedade pela Universidade Federal de Sergipe. Possui MBA Executivo em Administra\u00e7\u00e3o com \u00eanfase em Marketing pela Funda\u00e7\u00e3o Get\u00falio Vargas - Rio de Janeiro. Consultor, Palestrante e Pesquisador sobre Empreendedorismo, Marketing, Redes Sociais e Neg\u00f3cios Digitais. Professor, Palestrante TedxTalks e Campus Party. Twitter: @ThalesBrandao","sameAs":["http:\/\/www.mandacaru.com.br","https:\/\/www.facebook.com\/thalesbrandao","http:\/\/www.instagram.com.br\/thalesbrandaoferreira","https:\/\/www.linkedin.com\/in\/thales-brand\u00e3o-3948609\/","https:\/\/x.com\/http:\/\/www.twitter.com\/thalesbrandao"],"url":"https:\/\/www.cidademarketing.com.br\/marketing\/author\/thalesbrandao\/"}]}},"amp_enabled":true,"_links":{"self":[{"href":"https:\/\/www.cidademarketing.com.br\/marketing\/wp-json\/wp\/v2\/posts\/37481","targetHints":{"allow":["GET"]}}],"collection":[{"href":"https:\/\/www.cidademarketing.com.br\/marketing\/wp-json\/wp\/v2\/posts"}],"about":[{"href":"https:\/\/www.cidademarketing.com.br\/marketing\/wp-json\/wp\/v2\/types\/post"}],"author":[{"embeddable":true,"href":"https:\/\/www.cidademarketing.com.br\/marketing\/wp-json\/wp\/v2\/users\/1"}],"replies":[{"embeddable":true,"href":"https:\/\/www.cidademarketing.com.br\/marketing\/wp-json\/wp\/v2\/comments?post=37481"}],"version-history":[{"count":1,"href":"https:\/\/www.cidademarketing.com.br\/marketing\/wp-json\/wp\/v2\/posts\/37481\/revisions"}],"predecessor-version":[{"id":37482,"href":"https:\/\/www.cidademarketing.com.br\/marketing\/wp-json\/wp\/v2\/posts\/37481\/revisions\/37482"}],"wp:featuredmedia":[{"embeddable":true,"href":"https:\/\/www.cidademarketing.com.br\/marketing\/wp-json\/wp\/v2\/media\/35943"}],"wp:attachment":[{"href":"https:\/\/www.cidademarketing.com.br\/marketing\/wp-json\/wp\/v2\/media?parent=37481"}],"wp:term":[{"taxonomy":"category","embeddable":true,"href":"https:\/\/www.cidademarketing.com.br\/marketing\/wp-json\/wp\/v2\/categories?post=37481"},{"taxonomy":"post_tag","embeddable":true,"href":"https:\/\/www.cidademarketing.com.br\/marketing\/wp-json\/wp\/v2\/tags?post=37481"}],"curies":[{"name":"wp","href":"https:\/\/api.w.org\/{rel}","templated":true}]}}