{"id":37470,"date":"2022-08-13T22:50:58","date_gmt":"2022-08-14T01:50:58","guid":{"rendered":"https:\/\/www.cidademarketing.com.br\/marketing\/?p=37470"},"modified":"2022-08-13T22:50:58","modified_gmt":"2022-08-14T01:50:58","slug":"historia-e-atualidade-serie-cnn-200-marca-o-bicentenario-de-independencia-do-pais","status":"publish","type":"post","link":"https:\/\/www.cidademarketing.com.br\/marketing\/2022\/08\/13\/historia-e-atualidade-serie-cnn-200-marca-o-bicentenario-de-independencia-do-pais\/","title":{"rendered":"Hist\u00f3ria e atualidade: s\u00e9rie CNN 200+ marca o Bicenten\u00e1rio de Independ\u00eancia do Pa\u00eds"},"content":{"rendered":"<p><iframe style=\"border-radius: 12px;\" src=\"https:\/\/open.spotify.com\/embed\/show\/4khMKzP3FgFRWVwb73xicc?utm_source=generator&amp;t=0\" width=\"100%\" height=\"232\" frameborder=\"0\" allowfullscreen=\"allowfullscreen\"><\/iframe><br \/>\nComo foi a trajet\u00f3ria do Brasil em 200 anos como pa\u00eds independente? A CNN Brasil desvenda, na s\u00e9rie documental especial CNN 200+, como o Pa\u00eds se desenvolveu ao longo deste per\u00edodo em suas quatro \u00e1reas mais importantes: Economia, Sa\u00fade, Educa\u00e7\u00e3o e Sociedade. A atra\u00e7\u00e3o estreia em 14 de agosto, com exibi\u00e7\u00e3o aos domingos \u00e0s 21h e reprise aos s\u00e1bados (15h30).<\/p>\n<p>Uma produ\u00e7\u00e3o original da CNN Brasil, a apresenta\u00e7\u00e3o \u00e9 dos \u00e2ncoras do canal Daniel Adjuto (Sa\u00fade e Economia) e Luciana Barreto (Educa\u00e7\u00e3o e Sociedade). O escritor e jornalista Eduardo Bueno tamb\u00e9m participa dos epis\u00f3dios, contando e contextualizando fatos inusitados da nossa hist\u00f3ria.<\/p>\n<p>Cada epis\u00f3dio do programa abordar\u00e1 um desses temas e mostrar\u00e1 a evolu\u00e7\u00e3o do pa\u00eds como na\u00e7\u00e3o, desde o Grito da Independ\u00eancia.<\/p>\n<p>Economia fala do desenvolvimento da ind\u00fastria, a grandiosidade do agroneg\u00f3cio e como est\u00e1 infraestrutura brasileira.<br \/>\nEm Sa\u00fade, a tecnologia das vacinas e o atual SUS (Sistema \u00danico de Sa\u00fade) s\u00e3o exemplos de relev\u00e2ncia do Brasil nessa \u00e1rea.<br \/>\nSobre Educa\u00e7\u00e3o, o epis\u00f3dio aborda desde os primeiros col\u00e9gios at\u00e9 universidades com tecnologia de ponta.<br \/>\nE, claro, um cap\u00edtulo sobre o povo: como a Sociedade foi se adaptando a tantas mudan\u00e7as, a sua miscigena\u00e7\u00e3o e como s\u00e3o atualmente as fam\u00edlias brasileiras.<\/p>\n<p>A produtora bigBonsai assina a produ\u00e7\u00e3o da s\u00e9rie. Ela tem em seu portf\u00f3lio de mais de 15 anos de mercado document\u00e1rios premiados como \u201cDominguinhos\u201d e \u201cO Barato de Iacanga\u201d, produ\u00e7\u00f5es tamb\u00e9m celebradas na TV a cabo e em streaming, como Netflix e Prime V\u00eddeo. Para a CNN Brasil produziu tamb\u00e9m o rec\u00e9m-lan\u00e7ado talk show \u201cOlhares Brasileiros\u201d .<\/p>\n<p>Confira os epis\u00f3dios do CNN 200+<\/p>\n<p>De Brasil Col\u00f4nia \u00e0 uma das maiores ECONOMIAS globais \u2013 14\/08<br \/>\nDaniel Adjuto mergulha no poderoso mercado interno, que fomenta a atividade de ind\u00fastrias, empresas de produtos e servi\u00e7os. Desde o movimento agroexportador que se iniciou com a Col\u00f4nia, passando pela industrializa\u00e7\u00e3o e seu impacto sobre o desenvolvimento das cidades e a urbaniza\u00e7\u00e3o do pa\u00eds, chega-se ao setor de servi\u00e7os que constituem pauta importante do PIB atual. O epis\u00f3dio desvenda o desenvolvimento do pa\u00eds, entrela\u00e7ando as diversas atividades econ\u00f4micas: do Porto de Santos \u00e0 Fazenda Roncador, modelo para o agroneg\u00f3cio do s\u00e9culo 21, chega-se \u00e0 Embraer, uma das tr\u00eas maiores empresas de avia\u00e7\u00e3o do mundo.<br \/>\nNomes como Pietro Marchesini Amorim, historiador e pesquisador; Leandro da Silva Alonso, historiador, doutor em Planejamento e Gest\u00e3o do Territ\u00f3rio e Professor UniSantos; Alexandre Saes, professor doutor em Hist\u00f3ria Econ\u00f4mica FEA\/USP e FFLCH\/USP; Nilce Botas, arquiteta, urbanista e professora doutora FAU\/USP; e, Elizabeth Farina, Economista e Professora FEA\/USP, entre outros, d\u00e3o depoimentos sobre o tema.<\/p>\n<p>A evolu\u00e7\u00e3o da SOCIEDADE no Brasil do Bicenten\u00e1rio \u2013 21\/08<\/p>\n<p>A vinda da fam\u00edlia imperial para o Rio de Janeiro no in\u00edcio do s\u00e9culo 19 iniciou um processo de discuss\u00e3o sobre a forma\u00e7\u00e3o da identidade nacional no Pa\u00eds.<br \/>\nLuciana Barreto parte da Academia Brasileira de Letras para entender as mudan\u00e7as na nossa sociedade nos \u00faltimos 200 anos. Ela aborda scomo foi a incorpora\u00e7\u00e3o de direitos civis desde nossa primeira Constitui\u00e7\u00e3o. Tamb\u00e9m desvenda a forma\u00e7\u00e3o do povo brasileiro e quais foram as mudan\u00e7as que ainda impactam a nossa composi\u00e7\u00e3o social. Dom\u00edcio Proen\u00e7a Filho, escritor e ensa\u00edsta membro da ABL; Elisa Lucinda, escritora, atriz e poetiza; Alex Vargem, soci\u00f3logo e pesquisador; Renan Quinalha, professor de Direito da Unifesp; e Paulo Rezzuti, Historiador e bi\u00f3grafo da fam\u00edlia real, s\u00e3o alguns dos entrevistados.<\/p>\n<p>EDUCA\u00c7\u00c3O e Brasil no Bicenten\u00e1rio da Independ\u00eancia \u2013 28\/08<br \/>\nH\u00e1 200 anos, o Brasil ainda n\u00e3o tinha um projeto educacional consolidado e hoje temos universidades entre as melhores do mundo. Luciana Barreto ajuda a descobrir erros e acertos do passado em termos de pol\u00edticas p\u00fablicas e acesso da popula\u00e7\u00e3o \u00e0 educa\u00e7\u00e3o. Como estamos no presente (depois de uma pandemia) e quais s\u00e3o os nossos grandes desafios para o futuro?<br \/>\nO Col\u00e9gio Pedro II no Rio de Janeiro \u00e9 o ponto de partida para conhecer experi\u00eancias educacionais exemplares tamb\u00e9m para os pr\u00f3ximos 200 anos.<br \/>\nJos\u00e9 Gondra, especialista em hist\u00f3ria da educa\u00e7\u00e3o e professor da UERJ; Paulo Garcez, Historiador \/ Museu Paulista e USP; C\u00e1ssia Virg\u00ednia Bastos Maciel, pr\u00f3-reitora de a\u00e7\u00f5es afirmativas e assist\u00eancia estudantil da UFBA s\u00e3o alguns personagens nessa jornada de descoberta da hist\u00f3ria da educa\u00e7\u00e3o do Brasil Independente.<\/p>\n<p>A evolu\u00e7\u00e3o da SA\u00daDE no Brasil, direito de todos \u2013 04\/09<br \/>\nDaniel Adjuto parte da Fiocruz, conhecida como templo nacional da ci\u00eancia, para mergulhar na sa\u00fade da popula\u00e7\u00e3o do Brasil \u00e0 \u00e9poca da Independ\u00eancia &#8211; e de como os tratamentos eram restritos a uma fatia pequena da popula\u00e7\u00e3o. De l\u00e1 para c\u00e1, o projeto de sa\u00fade no Brasil tornou-se inclusivo, tendo como grande marco a Constitui\u00e7\u00e3o de 1988, que inaugura o maior sistema de sa\u00fade p\u00fablica do mundo. Do revolucion\u00e1rio tratamento para pacientes HIV\/AIDS, passando por experi\u00eancias marcantes como o uso de cirurgia rob\u00f3tica, a capilaridade de equipes de sa\u00fade num pa\u00eds continental, pode ser acess\u00edvel a todos os brasileiros, num modelo para o mundo. Especialistas, m\u00e9dicos, historiadores e cientistas como Luiz Antonio Teixeira, Historiador do Departamento Hist\u00f3rico da Casa Oswaldo Cruz (COC), Valdil\u00e9ia Gon\u00e7alves Veloso dos Santos, M\u00e9dica Infectologista e Diretora do Instituto Nacional de Infectologia, Akira Homma, Co-fundador, ex-diretor e assessor cient\u00edfico de Bio-Manguinhos, e Maur\u00edcio Zuma, Diretor de Bio-Manguinhos, entre outros, ajudam a entender essa complexa rede que faz do Brasil um caso \u00fanico em sa\u00fade p\u00fablica.<\/p>\n<p><iframe style=\"width: 100%; max-width: 660px; overflow: hidden; background: transparent;\" src=\"https:\/\/embed.podcasts.apple.com\/br\/podcast\/podcast-cidademarketing\/id1371923283\" height=\"450\" frameborder=\"0\" sandbox=\"allow-forms allow-popups allow-same-origin allow-scripts allow-storage-access-by-user-activation allow-top-navigation-by-user-activation\"><\/iframe><\/p>\n","protected":false},"excerpt":{"rendered":"<p>Como foi a trajet\u00f3ria do Brasil em 200 anos como pa\u00eds independente? A CNN Brasil desvenda, na s\u00e9rie documental especial CNN 200+, como o Pa\u00eds se desenvolveu ao longo deste per\u00edodo em suas quatro \u00e1reas mais importantes: Economia, Sa\u00fade, Educa\u00e7\u00e3o e Sociedade. A atra\u00e7\u00e3o estreia em 14 de agosto, com exibi\u00e7\u00e3o aos domingos \u00e0s 21h [&hellip;]<\/p>\n","protected":false},"author":1,"featured_media":37471,"comment_status":"open","ping_status":"open","sticky":false,"template":"","format":"standard","meta":{"tdm_status":"","tdm_grid_status":"","footnotes":""},"categories":[6],"tags":[1144,308,33,645,28],"class_list":["post-37470","post","type-post","status-publish","format-standard","has-post-thumbnail","hentry","category-noticias","tag-cnn-brasil","tag-comunicacao","tag-estrategia","tag-jornalismo","tag-marketing"],"yoast_head":"<!-- This site is optimized with the Yoast SEO plugin v27.5 - https:\/\/yoast.com\/product\/yoast-seo-wordpress\/ -->\n<title>Hist\u00f3ria e atualidade: s\u00e9rie CNN 200+ marca o Bicenten\u00e1rio de Independ\u00eancia do Pa\u00eds - CidadeMarketing<\/title>\n<meta name=\"robots\" content=\"index, follow, max-snippet:-1, max-image-preview:large, max-video-preview:-1\" \/>\n<link rel=\"canonical\" href=\"https:\/\/www.cidademarketing.com.br\/marketing\/2022\/08\/13\/historia-e-atualidade-serie-cnn-200-marca-o-bicentenario-de-independencia-do-pais\/\" \/>\n<meta property=\"og:locale\" content=\"pt_BR\" \/>\n<meta property=\"og:type\" content=\"article\" \/>\n<meta property=\"og:title\" content=\"Hist\u00f3ria e atualidade: s\u00e9rie CNN 200+ marca o Bicenten\u00e1rio de Independ\u00eancia do Pa\u00eds - CidadeMarketing\" \/>\n<meta property=\"og:description\" content=\"Como foi a trajet\u00f3ria do Brasil em 200 anos como pa\u00eds independente? A CNN Brasil desvenda, na s\u00e9rie documental especial CNN 200+, como o Pa\u00eds se desenvolveu ao longo deste per\u00edodo em suas quatro \u00e1reas mais importantes: Economia, Sa\u00fade, Educa\u00e7\u00e3o e Sociedade. A atra\u00e7\u00e3o estreia em 14 de agosto, com exibi\u00e7\u00e3o aos domingos \u00e0s 21h [&hellip;]\" \/>\n<meta property=\"og:url\" content=\"https:\/\/www.cidademarketing.com.br\/marketing\/2022\/08\/13\/historia-e-atualidade-serie-cnn-200-marca-o-bicentenario-de-independencia-do-pais\/\" \/>\n<meta property=\"og:site_name\" content=\"CidadeMarketing\" \/>\n<meta property=\"article:publisher\" content=\"https:\/\/www.facebook.com\/portalcidademarketing\" \/>\n<meta property=\"article:author\" content=\"https:\/\/www.facebook.com\/thalesbrandao\" \/>\n<meta property=\"article:published_time\" content=\"2022-08-14T01:50:58+00:00\" \/>\n<meta property=\"og:image\" content=\"https:\/\/www.cidademarketing.com.br\/marketing\/wp-content\/uploads\/2022\/08\/Luciana-Barreto-no-CNN-200.jpg\" \/>\n\t<meta property=\"og:image:width\" content=\"960\" \/>\n\t<meta property=\"og:image:height\" content=\"540\" \/>\n\t<meta property=\"og:image:type\" content=\"image\/jpeg\" \/>\n<meta name=\"author\" content=\"Thales Brand\u00e3o\" \/>\n<meta name=\"twitter:card\" content=\"summary_large_image\" \/>\n<meta name=\"twitter:creator\" content=\"@http:\/\/www.twitter.com\/thalesbrandao\" \/>\n<meta name=\"twitter:site\" content=\"@CidadeMarketing\" \/>\n<meta name=\"twitter:label1\" content=\"Escrito por\" \/>\n\t<meta name=\"twitter:data1\" content=\"Thales Brand\u00e3o\" \/>\n\t<meta name=\"twitter:label2\" content=\"Est. tempo de leitura\" \/>\n\t<meta name=\"twitter:data2\" content=\"5 minutos\" \/>\n<script type=\"application\/ld+json\" class=\"yoast-schema-graph\">{\"@context\":\"https:\\\/\\\/schema.org\",\"@graph\":[{\"@type\":\"Article\",\"@id\":\"https:\\\/\\\/www.cidademarketing.com.br\\\/marketing\\\/2022\\\/08\\\/13\\\/historia-e-atualidade-serie-cnn-200-marca-o-bicentenario-de-independencia-do-pais\\\/#article\",\"isPartOf\":{\"@id\":\"https:\\\/\\\/www.cidademarketing.com.br\\\/marketing\\\/2022\\\/08\\\/13\\\/historia-e-atualidade-serie-cnn-200-marca-o-bicentenario-de-independencia-do-pais\\\/\"},\"author\":{\"name\":\"Thales Brand\u00e3o\",\"@id\":\"https:\\\/\\\/www.cidademarketing.com.br\\\/marketing\\\/#\\\/schema\\\/person\\\/02daff9f18bd9378c9e01eb6b2db155f\"},\"headline\":\"Hist\u00f3ria e atualidade: s\u00e9rie CNN 200+ marca o Bicenten\u00e1rio de Independ\u00eancia do Pa\u00eds\",\"datePublished\":\"2022-08-14T01:50:58+00:00\",\"mainEntityOfPage\":{\"@id\":\"https:\\\/\\\/www.cidademarketing.com.br\\\/marketing\\\/2022\\\/08\\\/13\\\/historia-e-atualidade-serie-cnn-200-marca-o-bicentenario-de-independencia-do-pais\\\/\"},\"wordCount\":1005,\"commentCount\":0,\"publisher\":{\"@id\":\"https:\\\/\\\/www.cidademarketing.com.br\\\/marketing\\\/#organization\"},\"image\":{\"@id\":\"https:\\\/\\\/www.cidademarketing.com.br\\\/marketing\\\/2022\\\/08\\\/13\\\/historia-e-atualidade-serie-cnn-200-marca-o-bicentenario-de-independencia-do-pais\\\/#primaryimage\"},\"thumbnailUrl\":\"https:\\\/\\\/www.cidademarketing.com.br\\\/marketing\\\/wp-content\\\/uploads\\\/2022\\\/08\\\/Luciana-Barreto-no-CNN-200.jpg\",\"keywords\":[\"CNN Brasil\",\"comunica\u00e7\u00e3o\",\"estrat\u00e9gia\",\"jornalismo\",\"marketing\"],\"articleSection\":[\"Not\u00edcias\"],\"inLanguage\":\"pt-BR\",\"potentialAction\":[{\"@type\":\"CommentAction\",\"name\":\"Comment\",\"target\":[\"https:\\\/\\\/www.cidademarketing.com.br\\\/marketing\\\/2022\\\/08\\\/13\\\/historia-e-atualidade-serie-cnn-200-marca-o-bicentenario-de-independencia-do-pais\\\/#respond\"]}]},{\"@type\":\"WebPage\",\"@id\":\"https:\\\/\\\/www.cidademarketing.com.br\\\/marketing\\\/2022\\\/08\\\/13\\\/historia-e-atualidade-serie-cnn-200-marca-o-bicentenario-de-independencia-do-pais\\\/\",\"url\":\"https:\\\/\\\/www.cidademarketing.com.br\\\/marketing\\\/2022\\\/08\\\/13\\\/historia-e-atualidade-serie-cnn-200-marca-o-bicentenario-de-independencia-do-pais\\\/\",\"name\":\"Hist\u00f3ria e atualidade: s\u00e9rie CNN 200+ marca o Bicenten\u00e1rio de Independ\u00eancia do Pa\u00eds - CidadeMarketing\",\"isPartOf\":{\"@id\":\"https:\\\/\\\/www.cidademarketing.com.br\\\/marketing\\\/#website\"},\"primaryImageOfPage\":{\"@id\":\"https:\\\/\\\/www.cidademarketing.com.br\\\/marketing\\\/2022\\\/08\\\/13\\\/historia-e-atualidade-serie-cnn-200-marca-o-bicentenario-de-independencia-do-pais\\\/#primaryimage\"},\"image\":{\"@id\":\"https:\\\/\\\/www.cidademarketing.com.br\\\/marketing\\\/2022\\\/08\\\/13\\\/historia-e-atualidade-serie-cnn-200-marca-o-bicentenario-de-independencia-do-pais\\\/#primaryimage\"},\"thumbnailUrl\":\"https:\\\/\\\/www.cidademarketing.com.br\\\/marketing\\\/wp-content\\\/uploads\\\/2022\\\/08\\\/Luciana-Barreto-no-CNN-200.jpg\",\"datePublished\":\"2022-08-14T01:50:58+00:00\",\"breadcrumb\":{\"@id\":\"https:\\\/\\\/www.cidademarketing.com.br\\\/marketing\\\/2022\\\/08\\\/13\\\/historia-e-atualidade-serie-cnn-200-marca-o-bicentenario-de-independencia-do-pais\\\/#breadcrumb\"},\"inLanguage\":\"pt-BR\",\"potentialAction\":[{\"@type\":\"ReadAction\",\"target\":[\"https:\\\/\\\/www.cidademarketing.com.br\\\/marketing\\\/2022\\\/08\\\/13\\\/historia-e-atualidade-serie-cnn-200-marca-o-bicentenario-de-independencia-do-pais\\\/\"]}]},{\"@type\":\"ImageObject\",\"inLanguage\":\"pt-BR\",\"@id\":\"https:\\\/\\\/www.cidademarketing.com.br\\\/marketing\\\/2022\\\/08\\\/13\\\/historia-e-atualidade-serie-cnn-200-marca-o-bicentenario-de-independencia-do-pais\\\/#primaryimage\",\"url\":\"https:\\\/\\\/www.cidademarketing.com.br\\\/marketing\\\/wp-content\\\/uploads\\\/2022\\\/08\\\/Luciana-Barreto-no-CNN-200.jpg\",\"contentUrl\":\"https:\\\/\\\/www.cidademarketing.com.br\\\/marketing\\\/wp-content\\\/uploads\\\/2022\\\/08\\\/Luciana-Barreto-no-CNN-200.jpg\",\"width\":960,\"height\":540},{\"@type\":\"BreadcrumbList\",\"@id\":\"https:\\\/\\\/www.cidademarketing.com.br\\\/marketing\\\/2022\\\/08\\\/13\\\/historia-e-atualidade-serie-cnn-200-marca-o-bicentenario-de-independencia-do-pais\\\/#breadcrumb\",\"itemListElement\":[{\"@type\":\"ListItem\",\"position\":1,\"name\":\"In\u00edcio\",\"item\":\"https:\\\/\\\/www.cidademarketing.com.br\\\/marketing\\\/\"},{\"@type\":\"ListItem\",\"position\":2,\"name\":\"Hist\u00f3ria e atualidade: s\u00e9rie CNN 200+ marca o Bicenten\u00e1rio de Independ\u00eancia do Pa\u00eds\"}]},{\"@type\":\"WebSite\",\"@id\":\"https:\\\/\\\/www.cidademarketing.com.br\\\/marketing\\\/#website\",\"url\":\"https:\\\/\\\/www.cidademarketing.com.br\\\/marketing\\\/\",\"name\":\"CidadeMarketing\",\"description\":\"Somos um ve\u00edculo de comunica\u00e7\u00e3o de destaque no Brasil, reconhecido por conte\u00fados nos segmentos de marketing, empreendedorismo e inova\u00e7\u00e3o.\",\"publisher\":{\"@id\":\"https:\\\/\\\/www.cidademarketing.com.br\\\/marketing\\\/#organization\"},\"alternateName\":\"CidadeMarketing\",\"potentialAction\":[{\"@type\":\"SearchAction\",\"target\":{\"@type\":\"EntryPoint\",\"urlTemplate\":\"https:\\\/\\\/www.cidademarketing.com.br\\\/marketing\\\/?s={search_term_string}\"},\"query-input\":{\"@type\":\"PropertyValueSpecification\",\"valueRequired\":true,\"valueName\":\"search_term_string\"}}],\"inLanguage\":\"pt-BR\"},{\"@type\":\"Organization\",\"@id\":\"https:\\\/\\\/www.cidademarketing.com.br\\\/marketing\\\/#organization\",\"name\":\"CidadeMarketing\",\"alternateName\":\"CidadeMarketing\",\"url\":\"https:\\\/\\\/www.cidademarketing.com.br\\\/marketing\\\/\",\"logo\":{\"@type\":\"ImageObject\",\"inLanguage\":\"pt-BR\",\"@id\":\"https:\\\/\\\/www.cidademarketing.com.br\\\/marketing\\\/#\\\/schema\\\/logo\\\/image\\\/\",\"url\":\"https:\\\/\\\/www.cidademarketing.com.br\\\/marketing\\\/wp-content\\\/uploads\\\/2020\\\/01\\\/cidademarketing_marca_mobile.png\",\"contentUrl\":\"https:\\\/\\\/www.cidademarketing.com.br\\\/marketing\\\/wp-content\\\/uploads\\\/2020\\\/01\\\/cidademarketing_marca_mobile.png\",\"width\":230,\"height\":92,\"caption\":\"CidadeMarketing\"},\"image\":{\"@id\":\"https:\\\/\\\/www.cidademarketing.com.br\\\/marketing\\\/#\\\/schema\\\/logo\\\/image\\\/\"},\"sameAs\":[\"https:\\\/\\\/www.facebook.com\\\/portalcidademarketing\",\"https:\\\/\\\/x.com\\\/CidadeMarketing\",\"https:\\\/\\\/www.instagram.com\\\/cidademarketing\\\/\"]},{\"@type\":\"Person\",\"@id\":\"https:\\\/\\\/www.cidademarketing.com.br\\\/marketing\\\/#\\\/schema\\\/person\\\/02daff9f18bd9378c9e01eb6b2db155f\",\"name\":\"Thales Brand\u00e3o\",\"image\":{\"@type\":\"ImageObject\",\"inLanguage\":\"pt-BR\",\"@id\":\"https:\\\/\\\/secure.gravatar.com\\\/avatar\\\/7ca3206950207cc3cb48feec56a8a7898741ab725c368d99d5d7a5a50aab80c6?s=96&d=mm&r=g\",\"url\":\"https:\\\/\\\/secure.gravatar.com\\\/avatar\\\/7ca3206950207cc3cb48feec56a8a7898741ab725c368d99d5d7a5a50aab80c6?s=96&d=mm&r=g\",\"contentUrl\":\"https:\\\/\\\/secure.gravatar.com\\\/avatar\\\/7ca3206950207cc3cb48feec56a8a7898741ab725c368d99d5d7a5a50aab80c6?s=96&d=mm&r=g\",\"caption\":\"Thales Brand\u00e3o\"},\"description\":\"Editor Executivo do Portal CidadeMarketing.com.br &gt; Mestre em Comunica\u00e7\u00e3o e Sociedade pela Universidade Federal de Sergipe. Possui MBA Executivo em Administra\u00e7\u00e3o com \u00eanfase em Marketing pela Funda\u00e7\u00e3o Get\u00falio Vargas - Rio de Janeiro. Consultor, Palestrante e Pesquisador sobre Empreendedorismo, Marketing, Redes Sociais e Neg\u00f3cios Digitais. Professor, Palestrante TedxTalks e Campus Party. Twitter: @ThalesBrandao\",\"sameAs\":[\"http:\\\/\\\/www.mandacaru.com.br\",\"https:\\\/\\\/www.facebook.com\\\/thalesbrandao\",\"http:\\\/\\\/www.instagram.com.br\\\/thalesbrandaoferreira\",\"https:\\\/\\\/www.linkedin.com\\\/in\\\/thales-brand\u00e3o-3948609\\\/\",\"https:\\\/\\\/x.com\\\/http:\\\/\\\/www.twitter.com\\\/thalesbrandao\"],\"url\":\"https:\\\/\\\/www.cidademarketing.com.br\\\/marketing\\\/author\\\/thalesbrandao\\\/\"}]}<\/script>\n<!-- \/ Yoast SEO plugin. -->","yoast_head_json":{"title":"Hist\u00f3ria e atualidade: s\u00e9rie CNN 200+ marca o Bicenten\u00e1rio de Independ\u00eancia do Pa\u00eds - CidadeMarketing","robots":{"index":"index","follow":"follow","max-snippet":"max-snippet:-1","max-image-preview":"max-image-preview:large","max-video-preview":"max-video-preview:-1"},"canonical":"https:\/\/www.cidademarketing.com.br\/marketing\/2022\/08\/13\/historia-e-atualidade-serie-cnn-200-marca-o-bicentenario-de-independencia-do-pais\/","og_locale":"pt_BR","og_type":"article","og_title":"Hist\u00f3ria e atualidade: s\u00e9rie CNN 200+ marca o Bicenten\u00e1rio de Independ\u00eancia do Pa\u00eds - CidadeMarketing","og_description":"Como foi a trajet\u00f3ria do Brasil em 200 anos como pa\u00eds independente? A CNN Brasil desvenda, na s\u00e9rie documental especial CNN 200+, como o Pa\u00eds se desenvolveu ao longo deste per\u00edodo em suas quatro \u00e1reas mais importantes: Economia, Sa\u00fade, Educa\u00e7\u00e3o e Sociedade. A atra\u00e7\u00e3o estreia em 14 de agosto, com exibi\u00e7\u00e3o aos domingos \u00e0s 21h [&hellip;]","og_url":"https:\/\/www.cidademarketing.com.br\/marketing\/2022\/08\/13\/historia-e-atualidade-serie-cnn-200-marca-o-bicentenario-de-independencia-do-pais\/","og_site_name":"CidadeMarketing","article_publisher":"https:\/\/www.facebook.com\/portalcidademarketing","article_author":"https:\/\/www.facebook.com\/thalesbrandao","article_published_time":"2022-08-14T01:50:58+00:00","og_image":[{"width":960,"height":540,"url":"https:\/\/www.cidademarketing.com.br\/marketing\/wp-content\/uploads\/2022\/08\/Luciana-Barreto-no-CNN-200.jpg","type":"image\/jpeg"}],"author":"Thales Brand\u00e3o","twitter_card":"summary_large_image","twitter_creator":"@http:\/\/www.twitter.com\/thalesbrandao","twitter_site":"@CidadeMarketing","twitter_misc":{"Escrito por":"Thales Brand\u00e3o","Est. tempo de leitura":"5 minutos"},"schema":{"@context":"https:\/\/schema.org","@graph":[{"@type":"Article","@id":"https:\/\/www.cidademarketing.com.br\/marketing\/2022\/08\/13\/historia-e-atualidade-serie-cnn-200-marca-o-bicentenario-de-independencia-do-pais\/#article","isPartOf":{"@id":"https:\/\/www.cidademarketing.com.br\/marketing\/2022\/08\/13\/historia-e-atualidade-serie-cnn-200-marca-o-bicentenario-de-independencia-do-pais\/"},"author":{"name":"Thales Brand\u00e3o","@id":"https:\/\/www.cidademarketing.com.br\/marketing\/#\/schema\/person\/02daff9f18bd9378c9e01eb6b2db155f"},"headline":"Hist\u00f3ria e atualidade: s\u00e9rie CNN 200+ marca o Bicenten\u00e1rio de Independ\u00eancia do Pa\u00eds","datePublished":"2022-08-14T01:50:58+00:00","mainEntityOfPage":{"@id":"https:\/\/www.cidademarketing.com.br\/marketing\/2022\/08\/13\/historia-e-atualidade-serie-cnn-200-marca-o-bicentenario-de-independencia-do-pais\/"},"wordCount":1005,"commentCount":0,"publisher":{"@id":"https:\/\/www.cidademarketing.com.br\/marketing\/#organization"},"image":{"@id":"https:\/\/www.cidademarketing.com.br\/marketing\/2022\/08\/13\/historia-e-atualidade-serie-cnn-200-marca-o-bicentenario-de-independencia-do-pais\/#primaryimage"},"thumbnailUrl":"https:\/\/www.cidademarketing.com.br\/marketing\/wp-content\/uploads\/2022\/08\/Luciana-Barreto-no-CNN-200.jpg","keywords":["CNN Brasil","comunica\u00e7\u00e3o","estrat\u00e9gia","jornalismo","marketing"],"articleSection":["Not\u00edcias"],"inLanguage":"pt-BR","potentialAction":[{"@type":"CommentAction","name":"Comment","target":["https:\/\/www.cidademarketing.com.br\/marketing\/2022\/08\/13\/historia-e-atualidade-serie-cnn-200-marca-o-bicentenario-de-independencia-do-pais\/#respond"]}]},{"@type":"WebPage","@id":"https:\/\/www.cidademarketing.com.br\/marketing\/2022\/08\/13\/historia-e-atualidade-serie-cnn-200-marca-o-bicentenario-de-independencia-do-pais\/","url":"https:\/\/www.cidademarketing.com.br\/marketing\/2022\/08\/13\/historia-e-atualidade-serie-cnn-200-marca-o-bicentenario-de-independencia-do-pais\/","name":"Hist\u00f3ria e atualidade: s\u00e9rie CNN 200+ marca o Bicenten\u00e1rio de Independ\u00eancia do Pa\u00eds - CidadeMarketing","isPartOf":{"@id":"https:\/\/www.cidademarketing.com.br\/marketing\/#website"},"primaryImageOfPage":{"@id":"https:\/\/www.cidademarketing.com.br\/marketing\/2022\/08\/13\/historia-e-atualidade-serie-cnn-200-marca-o-bicentenario-de-independencia-do-pais\/#primaryimage"},"image":{"@id":"https:\/\/www.cidademarketing.com.br\/marketing\/2022\/08\/13\/historia-e-atualidade-serie-cnn-200-marca-o-bicentenario-de-independencia-do-pais\/#primaryimage"},"thumbnailUrl":"https:\/\/www.cidademarketing.com.br\/marketing\/wp-content\/uploads\/2022\/08\/Luciana-Barreto-no-CNN-200.jpg","datePublished":"2022-08-14T01:50:58+00:00","breadcrumb":{"@id":"https:\/\/www.cidademarketing.com.br\/marketing\/2022\/08\/13\/historia-e-atualidade-serie-cnn-200-marca-o-bicentenario-de-independencia-do-pais\/#breadcrumb"},"inLanguage":"pt-BR","potentialAction":[{"@type":"ReadAction","target":["https:\/\/www.cidademarketing.com.br\/marketing\/2022\/08\/13\/historia-e-atualidade-serie-cnn-200-marca-o-bicentenario-de-independencia-do-pais\/"]}]},{"@type":"ImageObject","inLanguage":"pt-BR","@id":"https:\/\/www.cidademarketing.com.br\/marketing\/2022\/08\/13\/historia-e-atualidade-serie-cnn-200-marca-o-bicentenario-de-independencia-do-pais\/#primaryimage","url":"https:\/\/www.cidademarketing.com.br\/marketing\/wp-content\/uploads\/2022\/08\/Luciana-Barreto-no-CNN-200.jpg","contentUrl":"https:\/\/www.cidademarketing.com.br\/marketing\/wp-content\/uploads\/2022\/08\/Luciana-Barreto-no-CNN-200.jpg","width":960,"height":540},{"@type":"BreadcrumbList","@id":"https:\/\/www.cidademarketing.com.br\/marketing\/2022\/08\/13\/historia-e-atualidade-serie-cnn-200-marca-o-bicentenario-de-independencia-do-pais\/#breadcrumb","itemListElement":[{"@type":"ListItem","position":1,"name":"In\u00edcio","item":"https:\/\/www.cidademarketing.com.br\/marketing\/"},{"@type":"ListItem","position":2,"name":"Hist\u00f3ria e atualidade: s\u00e9rie CNN 200+ marca o Bicenten\u00e1rio de Independ\u00eancia do Pa\u00eds"}]},{"@type":"WebSite","@id":"https:\/\/www.cidademarketing.com.br\/marketing\/#website","url":"https:\/\/www.cidademarketing.com.br\/marketing\/","name":"CidadeMarketing","description":"Somos um ve\u00edculo de comunica\u00e7\u00e3o de destaque no Brasil, reconhecido por conte\u00fados nos segmentos de marketing, empreendedorismo e inova\u00e7\u00e3o.","publisher":{"@id":"https:\/\/www.cidademarketing.com.br\/marketing\/#organization"},"alternateName":"CidadeMarketing","potentialAction":[{"@type":"SearchAction","target":{"@type":"EntryPoint","urlTemplate":"https:\/\/www.cidademarketing.com.br\/marketing\/?s={search_term_string}"},"query-input":{"@type":"PropertyValueSpecification","valueRequired":true,"valueName":"search_term_string"}}],"inLanguage":"pt-BR"},{"@type":"Organization","@id":"https:\/\/www.cidademarketing.com.br\/marketing\/#organization","name":"CidadeMarketing","alternateName":"CidadeMarketing","url":"https:\/\/www.cidademarketing.com.br\/marketing\/","logo":{"@type":"ImageObject","inLanguage":"pt-BR","@id":"https:\/\/www.cidademarketing.com.br\/marketing\/#\/schema\/logo\/image\/","url":"https:\/\/www.cidademarketing.com.br\/marketing\/wp-content\/uploads\/2020\/01\/cidademarketing_marca_mobile.png","contentUrl":"https:\/\/www.cidademarketing.com.br\/marketing\/wp-content\/uploads\/2020\/01\/cidademarketing_marca_mobile.png","width":230,"height":92,"caption":"CidadeMarketing"},"image":{"@id":"https:\/\/www.cidademarketing.com.br\/marketing\/#\/schema\/logo\/image\/"},"sameAs":["https:\/\/www.facebook.com\/portalcidademarketing","https:\/\/x.com\/CidadeMarketing","https:\/\/www.instagram.com\/cidademarketing\/"]},{"@type":"Person","@id":"https:\/\/www.cidademarketing.com.br\/marketing\/#\/schema\/person\/02daff9f18bd9378c9e01eb6b2db155f","name":"Thales Brand\u00e3o","image":{"@type":"ImageObject","inLanguage":"pt-BR","@id":"https:\/\/secure.gravatar.com\/avatar\/7ca3206950207cc3cb48feec56a8a7898741ab725c368d99d5d7a5a50aab80c6?s=96&d=mm&r=g","url":"https:\/\/secure.gravatar.com\/avatar\/7ca3206950207cc3cb48feec56a8a7898741ab725c368d99d5d7a5a50aab80c6?s=96&d=mm&r=g","contentUrl":"https:\/\/secure.gravatar.com\/avatar\/7ca3206950207cc3cb48feec56a8a7898741ab725c368d99d5d7a5a50aab80c6?s=96&d=mm&r=g","caption":"Thales Brand\u00e3o"},"description":"Editor Executivo do Portal CidadeMarketing.com.br &gt; Mestre em Comunica\u00e7\u00e3o e Sociedade pela Universidade Federal de Sergipe. Possui MBA Executivo em Administra\u00e7\u00e3o com \u00eanfase em Marketing pela Funda\u00e7\u00e3o Get\u00falio Vargas - Rio de Janeiro. Consultor, Palestrante e Pesquisador sobre Empreendedorismo, Marketing, Redes Sociais e Neg\u00f3cios Digitais. Professor, Palestrante TedxTalks e Campus Party. Twitter: @ThalesBrandao","sameAs":["http:\/\/www.mandacaru.com.br","https:\/\/www.facebook.com\/thalesbrandao","http:\/\/www.instagram.com.br\/thalesbrandaoferreira","https:\/\/www.linkedin.com\/in\/thales-brand\u00e3o-3948609\/","https:\/\/x.com\/http:\/\/www.twitter.com\/thalesbrandao"],"url":"https:\/\/www.cidademarketing.com.br\/marketing\/author\/thalesbrandao\/"}]}},"amp_enabled":true,"_links":{"self":[{"href":"https:\/\/www.cidademarketing.com.br\/marketing\/wp-json\/wp\/v2\/posts\/37470","targetHints":{"allow":["GET"]}}],"collection":[{"href":"https:\/\/www.cidademarketing.com.br\/marketing\/wp-json\/wp\/v2\/posts"}],"about":[{"href":"https:\/\/www.cidademarketing.com.br\/marketing\/wp-json\/wp\/v2\/types\/post"}],"author":[{"embeddable":true,"href":"https:\/\/www.cidademarketing.com.br\/marketing\/wp-json\/wp\/v2\/users\/1"}],"replies":[{"embeddable":true,"href":"https:\/\/www.cidademarketing.com.br\/marketing\/wp-json\/wp\/v2\/comments?post=37470"}],"version-history":[{"count":1,"href":"https:\/\/www.cidademarketing.com.br\/marketing\/wp-json\/wp\/v2\/posts\/37470\/revisions"}],"predecessor-version":[{"id":37472,"href":"https:\/\/www.cidademarketing.com.br\/marketing\/wp-json\/wp\/v2\/posts\/37470\/revisions\/37472"}],"wp:featuredmedia":[{"embeddable":true,"href":"https:\/\/www.cidademarketing.com.br\/marketing\/wp-json\/wp\/v2\/media\/37471"}],"wp:attachment":[{"href":"https:\/\/www.cidademarketing.com.br\/marketing\/wp-json\/wp\/v2\/media?parent=37470"}],"wp:term":[{"taxonomy":"category","embeddable":true,"href":"https:\/\/www.cidademarketing.com.br\/marketing\/wp-json\/wp\/v2\/categories?post=37470"},{"taxonomy":"post_tag","embeddable":true,"href":"https:\/\/www.cidademarketing.com.br\/marketing\/wp-json\/wp\/v2\/tags?post=37470"}],"curies":[{"name":"wp","href":"https:\/\/api.w.org\/{rel}","templated":true}]}}