{"id":37451,"date":"2022-08-12T17:39:26","date_gmt":"2022-08-12T20:39:26","guid":{"rendered":"https:\/\/www.cidademarketing.com.br\/marketing\/?p=37451"},"modified":"2022-08-12T17:39:26","modified_gmt":"2022-08-12T20:39:26","slug":"latam-faz-surpresa-a-bordo-e-emociona-familia-de-tripulantes-de-cabine-para-celebrar-dia-dos-pais","status":"publish","type":"post","link":"https:\/\/www.cidademarketing.com.br\/marketing\/2022\/08\/12\/latam-faz-surpresa-a-bordo-e-emociona-familia-de-tripulantes-de-cabine-para-celebrar-dia-dos-pais\/","title":{"rendered":"LATAM faz surpresa a bordo e emociona fam\u00edlia de tripulantes de cabine para celebrar Dia dos Pais"},"content":{"rendered":"<p><iframe style=\"border-radius: 12px;\" src=\"https:\/\/open.spotify.com\/embed\/show\/4khMKzP3FgFRWVwb73xicc?utm_source=generator&amp;t=0\" width=\"100%\" height=\"232\" frameborder=\"0\" allowfullscreen=\"allowfullscreen\"><\/iframe><br \/>\nCom a aproxima\u00e7\u00e3o do Dia dos Pais, que ser\u00e1 celebrado em 14 de agosto, a LATAM Brasil abra\u00e7ou a ideia de um de seus tripulantes de cabine, Ricardo Zeller dos Santos, em prestar uma homenagem a bordo de um voo para algu\u00e9m muito especial. Assim como Ricardo, seu pai tamb\u00e9m se chama Ricardo e tamb\u00e9m \u00e9 comiss\u00e1rio de bordo da LATAM Brasil. Com 15 anos de empresa, Ricardo pai est\u00e1 prestes a se aposentar.<\/p>\n<p>A a\u00e7\u00e3o a bordo foi realizada e gravada pela LATAM durante o voo LA3910 (S\u00e3o Paulo\/Congonhas \u2013 Rio de Janeiro\/Santos Dumont) da \u00faltima segunda-feira (8) e emocionou todos os passageiros. Ricardo pai foi surpreendido ao se deparar com o filho na escala de tripulantes do mesmo voo. O encontro gerou um v\u00eddeo emocionante, que foi compartilhado nesta sexta-feira (12) nas redes sociais da LATAM.<\/p>\n<p>TAL PAI, TAL FILHO: PAIX\u00c3O PELA AVIA\u00c7\u00c3O<br \/>\nA fam\u00edlia, natural do Rio de Janeiro, sempre esteve ligada ao setor a\u00e9reo. Ricardo filho conta que, ainda crian\u00e7a, se lembra das vezes que acompanhava a m\u00e3e at\u00e9 o aeroporto para buscar o pai que estava chegando de viagem ap\u00f3s sua jornada de trabalho &#8211; uma realidade que o fascinou desde a inf\u00e2ncia.<\/p>\n<p>Ricardo teve influ\u00eancia de toda a fam\u00edlia para seguir na avia\u00e7\u00e3o. O av\u00f4 paterno havia sido funcion\u00e1rio da VASP. A sua av\u00f3 materna aposentou-se na Varig. A m\u00e3e, a tia e as irm\u00e3s tamb\u00e9m trabalharam em companhias a\u00e9reas. Hoje, ele e seu pai s\u00e3o tripulantes de cabine da LATAM Brasil.<\/p>\n<p>Outra interessante \u201ccoincid\u00eancia\u201d entre pai e filho, al\u00e9m do mesmo nome e profiss\u00e3o, foi a entrada de ambos na antiga TAM. O pai ingressou na empresa em julho de 2007, e o filho apenas um m\u00eas depois. Desde ent\u00e3o, os dois nunca haviam operado um voo juntos, uma situa\u00e7\u00e3o que tornou esse voo da homenagem ainda mais especial, gerando admira\u00e7\u00e3o por parte dos passageiros e at\u00e9 fotos desta fam\u00edlia de aeronautas.<\/p>\n<p>SPEECH EMOCIONA FAM\u00cdLIA E PASSAGEIROS A BORDO<br \/>\nA homenagem a bordo come\u00e7ou a ser anunciada a todos os passageiros pelo pr\u00f3prio Ricardo filho:<\/p>\n<p>\u201cBom dia, senhores passageiros. Sua aten\u00e7\u00e3o, por favor. Hoje \u00e9 um dia muito especial. Um voo diferente, \u00fanico! Um voo onde tenho a oportunidade de compor essa tripula\u00e7\u00e3o ao lado do homem mais importante da minha vida: meu pai, chefe de cabine Ricardo Magno. A minha refer\u00eancia de car\u00e1ter, de profissional, de exemplo. Gra\u00e7as a ele, pude ingressar nessa profiss\u00e3o maravilhosa, e que hoje, nos permite estar no mesmo voo! Agrade\u00e7o a LATAM, por proporcionar essa singela homenagem e esse momento inesquec\u00edvel em nossas vidas. Desejo a todos um feliz dia dos pais. E, a meu pai, obrigado por tudo! Do seu filho, comiss\u00e1rio de bordo, Ricardo Zeller\u201d<\/p>\n<p>A mensagem do filho foi recebida com uma salva de palmas por todos os passageiros , que se emocionaram com o gesto. Surpresa que tamb\u00e9m ficou evidente no rosto do pai Ricardo Magno ao descobrir a homenagem:<\/p>\n<p>\u201c\u00c9 muito bom t\u00ea-lo hoje e sempre comigo. \u00c9 uma satisfa\u00e7\u00e3o enorme ele ter trilhado o caminho que iniciei h\u00e1 muito tempo, em 1978, e estou passando para ele tamb\u00e9m. Termino a minha miss\u00e3o e ele continua. Muito obrigado pelos aplausos. Desejo a todos os pais e aos futuros pais um \u00f3timo dia\u201d, disse.<\/p>\n<p>Para a LATAM, a a\u00e7\u00e3o simboliza n\u00e3o s\u00f3 uma homenagem cheia de empatia por essa data comemorativa, mas tamb\u00e9m refor\u00e7a o posicionamento de uma empresa que quer ser cada vez mais humana e pr\u00f3xima das pessoas para levar cada vez mais os sonhos aos seus destinos.<\/p>\n<div class=\"youtube-embed\" data-video_id=\"s78sR6-vwnk\"><iframe title=\"De pai para filho, o amor pela avia\u00e7\u00e3o | Uma surpresa na LATAM\" width=\"640\" height=\"360\" src=\"https:\/\/www.youtube.com\/embed\/s78sR6-vwnk?feature=oembed&#038;enablejsapi=1\" frameborder=\"0\" allow=\"accelerometer; autoplay; clipboard-write; encrypted-media; gyroscope; picture-in-picture; web-share\" referrerpolicy=\"strict-origin-when-cross-origin\" allowfullscreen><\/iframe><\/div>\n<p>FICHA T\u00c9CNICA (v\u00eddeo Dia dos Pais)<br \/>\nMarketing LATAM<br \/>\nAmira Ayoub<br \/>\nJuliana Chambarelli<br \/>\nMonique Martins<br \/>\nGraphene<br \/>\nDiretor Criativo: Kika Mateos<br \/>\nRedator Criativo: Ana Cl\u00e1udia Lima<br \/>\nAtendimento: Daiane Diniz<br \/>\nM\u00eddia Social: Thais Lucchesi<br \/>\nM\u00eddia: Rodrigo Fornazier<br \/>\nProdutor Audiovisual (filmagem): Brain In Color<br \/>\nProdutor Audiovisual (adapta\u00e7\u00f5es): Brain In Color<\/p>\n<p><iframe style=\"width: 100%; max-width: 660px; overflow: hidden; background: transparent;\" src=\"https:\/\/embed.podcasts.apple.com\/br\/podcast\/podcast-cidademarketing\/id1371923283\" height=\"450\" frameborder=\"0\" sandbox=\"allow-forms allow-popups allow-same-origin allow-scripts allow-storage-access-by-user-activation allow-top-navigation-by-user-activation\"><\/iframe><\/p>\n","protected":false},"excerpt":{"rendered":"<p>Com a aproxima\u00e7\u00e3o do Dia dos Pais, que ser\u00e1 celebrado em 14 de agosto, a LATAM Brasil abra\u00e7ou a ideia de um de seus tripulantes de cabine, Ricardo Zeller dos Santos, em prestar uma homenagem a bordo de um voo para algu\u00e9m muito especial. Assim como Ricardo, seu pai tamb\u00e9m se chama Ricardo e tamb\u00e9m [&hellip;]<\/p>\n","protected":false},"author":1,"featured_media":37452,"comment_status":"open","ping_status":"open","sticky":false,"template":"","format":"standard","meta":{"tdm_status":"","tdm_grid_status":"","footnotes":""},"categories":[14],"tags":[65,33,836,155,28],"class_list":["post-37451","post","type-post","status-publish","format-standard","has-post-thumbnail","hentry","category-videos","tag-campanha","tag-estrategia","tag-filme","tag-latam","tag-marketing"],"yoast_head":"<!-- This site is optimized with the Yoast SEO plugin v27.4 - https:\/\/yoast.com\/product\/yoast-seo-wordpress\/ -->\n<title>LATAM faz surpresa a bordo e emociona fam\u00edlia de tripulantes de cabine para celebrar Dia dos Pais - CidadeMarketing<\/title>\n<meta name=\"robots\" content=\"index, follow, max-snippet:-1, max-image-preview:large, max-video-preview:-1\" \/>\n<link rel=\"canonical\" href=\"https:\/\/www.cidademarketing.com.br\/marketing\/2022\/08\/12\/latam-faz-surpresa-a-bordo-e-emociona-familia-de-tripulantes-de-cabine-para-celebrar-dia-dos-pais\/\" \/>\n<meta property=\"og:locale\" content=\"pt_BR\" \/>\n<meta property=\"og:type\" content=\"article\" \/>\n<meta property=\"og:title\" content=\"LATAM faz surpresa a bordo e emociona fam\u00edlia de tripulantes de cabine para celebrar Dia dos Pais - CidadeMarketing\" \/>\n<meta property=\"og:description\" content=\"Com a aproxima\u00e7\u00e3o do Dia dos Pais, que ser\u00e1 celebrado em 14 de agosto, a LATAM Brasil abra\u00e7ou a ideia de um de seus tripulantes de cabine, Ricardo Zeller dos Santos, em prestar uma homenagem a bordo de um voo para algu\u00e9m muito especial. Assim como Ricardo, seu pai tamb\u00e9m se chama Ricardo e tamb\u00e9m [&hellip;]\" \/>\n<meta property=\"og:url\" content=\"https:\/\/www.cidademarketing.com.br\/marketing\/2022\/08\/12\/latam-faz-surpresa-a-bordo-e-emociona-familia-de-tripulantes-de-cabine-para-celebrar-dia-dos-pais\/\" \/>\n<meta property=\"og:site_name\" content=\"CidadeMarketing\" \/>\n<meta property=\"article:publisher\" content=\"https:\/\/www.facebook.com\/portalcidademarketing\" \/>\n<meta property=\"article:author\" content=\"https:\/\/www.facebook.com\/thalesbrandao\" \/>\n<meta property=\"article:published_time\" content=\"2022-08-12T20:39:26+00:00\" \/>\n<meta property=\"og:image\" content=\"https:\/\/www.cidademarketing.com.br\/marketing\/wp-content\/uploads\/2022\/08\/latam_diadospais-2-scaled.jpg\" \/>\n\t<meta property=\"og:image:width\" content=\"2560\" \/>\n\t<meta property=\"og:image:height\" content=\"1707\" \/>\n\t<meta property=\"og:image:type\" content=\"image\/jpeg\" \/>\n<meta name=\"author\" content=\"Thales Brand\u00e3o\" \/>\n<meta name=\"twitter:card\" content=\"summary_large_image\" \/>\n<meta name=\"twitter:creator\" content=\"@http:\/\/www.twitter.com\/thalesbrandao\" \/>\n<meta name=\"twitter:site\" content=\"@CidadeMarketing\" \/>\n<meta name=\"twitter:label1\" content=\"Escrito por\" \/>\n\t<meta name=\"twitter:data1\" content=\"Thales Brand\u00e3o\" \/>\n\t<meta name=\"twitter:label2\" content=\"Est. tempo de leitura\" \/>\n\t<meta name=\"twitter:data2\" content=\"3 minutos\" \/>\n<script type=\"application\/ld+json\" class=\"yoast-schema-graph\">{\"@context\":\"https:\\\/\\\/schema.org\",\"@graph\":[{\"@type\":\"Article\",\"@id\":\"https:\\\/\\\/www.cidademarketing.com.br\\\/marketing\\\/2022\\\/08\\\/12\\\/latam-faz-surpresa-a-bordo-e-emociona-familia-de-tripulantes-de-cabine-para-celebrar-dia-dos-pais\\\/#article\",\"isPartOf\":{\"@id\":\"https:\\\/\\\/www.cidademarketing.com.br\\\/marketing\\\/2022\\\/08\\\/12\\\/latam-faz-surpresa-a-bordo-e-emociona-familia-de-tripulantes-de-cabine-para-celebrar-dia-dos-pais\\\/\"},\"author\":{\"name\":\"Thales Brand\u00e3o\",\"@id\":\"https:\\\/\\\/www.cidademarketing.com.br\\\/marketing\\\/#\\\/schema\\\/person\\\/02daff9f18bd9378c9e01eb6b2db155f\"},\"headline\":\"LATAM faz surpresa a bordo e emociona fam\u00edlia de tripulantes de cabine para celebrar Dia dos Pais\",\"datePublished\":\"2022-08-12T20:39:26+00:00\",\"mainEntityOfPage\":{\"@id\":\"https:\\\/\\\/www.cidademarketing.com.br\\\/marketing\\\/2022\\\/08\\\/12\\\/latam-faz-surpresa-a-bordo-e-emociona-familia-de-tripulantes-de-cabine-para-celebrar-dia-dos-pais\\\/\"},\"wordCount\":714,\"commentCount\":0,\"publisher\":{\"@id\":\"https:\\\/\\\/www.cidademarketing.com.br\\\/marketing\\\/#organization\"},\"image\":{\"@id\":\"https:\\\/\\\/www.cidademarketing.com.br\\\/marketing\\\/2022\\\/08\\\/12\\\/latam-faz-surpresa-a-bordo-e-emociona-familia-de-tripulantes-de-cabine-para-celebrar-dia-dos-pais\\\/#primaryimage\"},\"thumbnailUrl\":\"https:\\\/\\\/www.cidademarketing.com.br\\\/marketing\\\/wp-content\\\/uploads\\\/2022\\\/08\\\/latam_diadospais-2-scaled.jpg\",\"keywords\":[\"campanha\",\"estrat\u00e9gia\",\"filme\",\"Latam\",\"marketing\"],\"articleSection\":[\"Videos\"],\"inLanguage\":\"pt-BR\",\"potentialAction\":[{\"@type\":\"CommentAction\",\"name\":\"Comment\",\"target\":[\"https:\\\/\\\/www.cidademarketing.com.br\\\/marketing\\\/2022\\\/08\\\/12\\\/latam-faz-surpresa-a-bordo-e-emociona-familia-de-tripulantes-de-cabine-para-celebrar-dia-dos-pais\\\/#respond\"]}]},{\"@type\":\"WebPage\",\"@id\":\"https:\\\/\\\/www.cidademarketing.com.br\\\/marketing\\\/2022\\\/08\\\/12\\\/latam-faz-surpresa-a-bordo-e-emociona-familia-de-tripulantes-de-cabine-para-celebrar-dia-dos-pais\\\/\",\"url\":\"https:\\\/\\\/www.cidademarketing.com.br\\\/marketing\\\/2022\\\/08\\\/12\\\/latam-faz-surpresa-a-bordo-e-emociona-familia-de-tripulantes-de-cabine-para-celebrar-dia-dos-pais\\\/\",\"name\":\"LATAM faz surpresa a bordo e emociona fam\u00edlia de tripulantes de cabine para celebrar Dia dos Pais - CidadeMarketing\",\"isPartOf\":{\"@id\":\"https:\\\/\\\/www.cidademarketing.com.br\\\/marketing\\\/#website\"},\"primaryImageOfPage\":{\"@id\":\"https:\\\/\\\/www.cidademarketing.com.br\\\/marketing\\\/2022\\\/08\\\/12\\\/latam-faz-surpresa-a-bordo-e-emociona-familia-de-tripulantes-de-cabine-para-celebrar-dia-dos-pais\\\/#primaryimage\"},\"image\":{\"@id\":\"https:\\\/\\\/www.cidademarketing.com.br\\\/marketing\\\/2022\\\/08\\\/12\\\/latam-faz-surpresa-a-bordo-e-emociona-familia-de-tripulantes-de-cabine-para-celebrar-dia-dos-pais\\\/#primaryimage\"},\"thumbnailUrl\":\"https:\\\/\\\/www.cidademarketing.com.br\\\/marketing\\\/wp-content\\\/uploads\\\/2022\\\/08\\\/latam_diadospais-2-scaled.jpg\",\"datePublished\":\"2022-08-12T20:39:26+00:00\",\"breadcrumb\":{\"@id\":\"https:\\\/\\\/www.cidademarketing.com.br\\\/marketing\\\/2022\\\/08\\\/12\\\/latam-faz-surpresa-a-bordo-e-emociona-familia-de-tripulantes-de-cabine-para-celebrar-dia-dos-pais\\\/#breadcrumb\"},\"inLanguage\":\"pt-BR\",\"potentialAction\":[{\"@type\":\"ReadAction\",\"target\":[\"https:\\\/\\\/www.cidademarketing.com.br\\\/marketing\\\/2022\\\/08\\\/12\\\/latam-faz-surpresa-a-bordo-e-emociona-familia-de-tripulantes-de-cabine-para-celebrar-dia-dos-pais\\\/\"]}]},{\"@type\":\"ImageObject\",\"inLanguage\":\"pt-BR\",\"@id\":\"https:\\\/\\\/www.cidademarketing.com.br\\\/marketing\\\/2022\\\/08\\\/12\\\/latam-faz-surpresa-a-bordo-e-emociona-familia-de-tripulantes-de-cabine-para-celebrar-dia-dos-pais\\\/#primaryimage\",\"url\":\"https:\\\/\\\/www.cidademarketing.com.br\\\/marketing\\\/wp-content\\\/uploads\\\/2022\\\/08\\\/latam_diadospais-2-scaled.jpg\",\"contentUrl\":\"https:\\\/\\\/www.cidademarketing.com.br\\\/marketing\\\/wp-content\\\/uploads\\\/2022\\\/08\\\/latam_diadospais-2-scaled.jpg\",\"width\":2560,\"height\":1707,\"caption\":\"Ricardo Zeller (filho) e Ricardo Magno (pai) se abra\u00e7am em a\u00e7\u00e3o emocionante de Dia dos Pais promovida pela LATAM (Foto: Divulga\u00e7\u00e3o LATAM\\\/Brain in Color)\"},{\"@type\":\"BreadcrumbList\",\"@id\":\"https:\\\/\\\/www.cidademarketing.com.br\\\/marketing\\\/2022\\\/08\\\/12\\\/latam-faz-surpresa-a-bordo-e-emociona-familia-de-tripulantes-de-cabine-para-celebrar-dia-dos-pais\\\/#breadcrumb\",\"itemListElement\":[{\"@type\":\"ListItem\",\"position\":1,\"name\":\"In\u00edcio\",\"item\":\"https:\\\/\\\/www.cidademarketing.com.br\\\/marketing\\\/\"},{\"@type\":\"ListItem\",\"position\":2,\"name\":\"LATAM faz surpresa a bordo e emociona fam\u00edlia de tripulantes de cabine para celebrar Dia dos Pais\"}]},{\"@type\":\"WebSite\",\"@id\":\"https:\\\/\\\/www.cidademarketing.com.br\\\/marketing\\\/#website\",\"url\":\"https:\\\/\\\/www.cidademarketing.com.br\\\/marketing\\\/\",\"name\":\"CidadeMarketing\",\"description\":\"Somos um ve\u00edculo de comunica\u00e7\u00e3o de destaque no Brasil, reconhecido por conte\u00fados nos segmentos de marketing, empreendedorismo e inova\u00e7\u00e3o.\",\"publisher\":{\"@id\":\"https:\\\/\\\/www.cidademarketing.com.br\\\/marketing\\\/#organization\"},\"alternateName\":\"CidadeMarketing\",\"potentialAction\":[{\"@type\":\"SearchAction\",\"target\":{\"@type\":\"EntryPoint\",\"urlTemplate\":\"https:\\\/\\\/www.cidademarketing.com.br\\\/marketing\\\/?s={search_term_string}\"},\"query-input\":{\"@type\":\"PropertyValueSpecification\",\"valueRequired\":true,\"valueName\":\"search_term_string\"}}],\"inLanguage\":\"pt-BR\"},{\"@type\":\"Organization\",\"@id\":\"https:\\\/\\\/www.cidademarketing.com.br\\\/marketing\\\/#organization\",\"name\":\"CidadeMarketing\",\"alternateName\":\"CidadeMarketing\",\"url\":\"https:\\\/\\\/www.cidademarketing.com.br\\\/marketing\\\/\",\"logo\":{\"@type\":\"ImageObject\",\"inLanguage\":\"pt-BR\",\"@id\":\"https:\\\/\\\/www.cidademarketing.com.br\\\/marketing\\\/#\\\/schema\\\/logo\\\/image\\\/\",\"url\":\"https:\\\/\\\/www.cidademarketing.com.br\\\/marketing\\\/wp-content\\\/uploads\\\/2020\\\/01\\\/cidademarketing_marca_mobile.png\",\"contentUrl\":\"https:\\\/\\\/www.cidademarketing.com.br\\\/marketing\\\/wp-content\\\/uploads\\\/2020\\\/01\\\/cidademarketing_marca_mobile.png\",\"width\":230,\"height\":92,\"caption\":\"CidadeMarketing\"},\"image\":{\"@id\":\"https:\\\/\\\/www.cidademarketing.com.br\\\/marketing\\\/#\\\/schema\\\/logo\\\/image\\\/\"},\"sameAs\":[\"https:\\\/\\\/www.facebook.com\\\/portalcidademarketing\",\"https:\\\/\\\/x.com\\\/CidadeMarketing\",\"https:\\\/\\\/www.instagram.com\\\/cidademarketing\\\/\"]},{\"@type\":\"Person\",\"@id\":\"https:\\\/\\\/www.cidademarketing.com.br\\\/marketing\\\/#\\\/schema\\\/person\\\/02daff9f18bd9378c9e01eb6b2db155f\",\"name\":\"Thales Brand\u00e3o\",\"image\":{\"@type\":\"ImageObject\",\"inLanguage\":\"pt-BR\",\"@id\":\"https:\\\/\\\/secure.gravatar.com\\\/avatar\\\/7ca3206950207cc3cb48feec56a8a7898741ab725c368d99d5d7a5a50aab80c6?s=96&d=mm&r=g\",\"url\":\"https:\\\/\\\/secure.gravatar.com\\\/avatar\\\/7ca3206950207cc3cb48feec56a8a7898741ab725c368d99d5d7a5a50aab80c6?s=96&d=mm&r=g\",\"contentUrl\":\"https:\\\/\\\/secure.gravatar.com\\\/avatar\\\/7ca3206950207cc3cb48feec56a8a7898741ab725c368d99d5d7a5a50aab80c6?s=96&d=mm&r=g\",\"caption\":\"Thales Brand\u00e3o\"},\"description\":\"Editor Executivo do Portal CidadeMarketing.com.br &gt; Mestre em Comunica\u00e7\u00e3o e Sociedade pela Universidade Federal de Sergipe. Possui MBA Executivo em Administra\u00e7\u00e3o com \u00eanfase em Marketing pela Funda\u00e7\u00e3o Get\u00falio Vargas - Rio de Janeiro. Consultor, Palestrante e Pesquisador sobre Empreendedorismo, Marketing, Redes Sociais e Neg\u00f3cios Digitais. Professor, Palestrante TedxTalks e Campus Party. Twitter: @ThalesBrandao\",\"sameAs\":[\"http:\\\/\\\/www.mandacaru.com.br\",\"https:\\\/\\\/www.facebook.com\\\/thalesbrandao\",\"http:\\\/\\\/www.instagram.com.br\\\/thalesbrandaoferreira\",\"https:\\\/\\\/www.linkedin.com\\\/in\\\/thales-brand\u00e3o-3948609\\\/\",\"https:\\\/\\\/x.com\\\/http:\\\/\\\/www.twitter.com\\\/thalesbrandao\"],\"url\":\"https:\\\/\\\/www.cidademarketing.com.br\\\/marketing\\\/author\\\/thalesbrandao\\\/\"}]}<\/script>\n<!-- \/ Yoast SEO plugin. -->","yoast_head_json":{"title":"LATAM faz surpresa a bordo e emociona fam\u00edlia de tripulantes de cabine para celebrar Dia dos Pais - CidadeMarketing","robots":{"index":"index","follow":"follow","max-snippet":"max-snippet:-1","max-image-preview":"max-image-preview:large","max-video-preview":"max-video-preview:-1"},"canonical":"https:\/\/www.cidademarketing.com.br\/marketing\/2022\/08\/12\/latam-faz-surpresa-a-bordo-e-emociona-familia-de-tripulantes-de-cabine-para-celebrar-dia-dos-pais\/","og_locale":"pt_BR","og_type":"article","og_title":"LATAM faz surpresa a bordo e emociona fam\u00edlia de tripulantes de cabine para celebrar Dia dos Pais - CidadeMarketing","og_description":"Com a aproxima\u00e7\u00e3o do Dia dos Pais, que ser\u00e1 celebrado em 14 de agosto, a LATAM Brasil abra\u00e7ou a ideia de um de seus tripulantes de cabine, Ricardo Zeller dos Santos, em prestar uma homenagem a bordo de um voo para algu\u00e9m muito especial. Assim como Ricardo, seu pai tamb\u00e9m se chama Ricardo e tamb\u00e9m [&hellip;]","og_url":"https:\/\/www.cidademarketing.com.br\/marketing\/2022\/08\/12\/latam-faz-surpresa-a-bordo-e-emociona-familia-de-tripulantes-de-cabine-para-celebrar-dia-dos-pais\/","og_site_name":"CidadeMarketing","article_publisher":"https:\/\/www.facebook.com\/portalcidademarketing","article_author":"https:\/\/www.facebook.com\/thalesbrandao","article_published_time":"2022-08-12T20:39:26+00:00","og_image":[{"width":2560,"height":1707,"url":"https:\/\/www.cidademarketing.com.br\/marketing\/wp-content\/uploads\/2022\/08\/latam_diadospais-2-scaled.jpg","type":"image\/jpeg"}],"author":"Thales Brand\u00e3o","twitter_card":"summary_large_image","twitter_creator":"@http:\/\/www.twitter.com\/thalesbrandao","twitter_site":"@CidadeMarketing","twitter_misc":{"Escrito por":"Thales Brand\u00e3o","Est. tempo de leitura":"3 minutos"},"schema":{"@context":"https:\/\/schema.org","@graph":[{"@type":"Article","@id":"https:\/\/www.cidademarketing.com.br\/marketing\/2022\/08\/12\/latam-faz-surpresa-a-bordo-e-emociona-familia-de-tripulantes-de-cabine-para-celebrar-dia-dos-pais\/#article","isPartOf":{"@id":"https:\/\/www.cidademarketing.com.br\/marketing\/2022\/08\/12\/latam-faz-surpresa-a-bordo-e-emociona-familia-de-tripulantes-de-cabine-para-celebrar-dia-dos-pais\/"},"author":{"name":"Thales Brand\u00e3o","@id":"https:\/\/www.cidademarketing.com.br\/marketing\/#\/schema\/person\/02daff9f18bd9378c9e01eb6b2db155f"},"headline":"LATAM faz surpresa a bordo e emociona fam\u00edlia de tripulantes de cabine para celebrar Dia dos Pais","datePublished":"2022-08-12T20:39:26+00:00","mainEntityOfPage":{"@id":"https:\/\/www.cidademarketing.com.br\/marketing\/2022\/08\/12\/latam-faz-surpresa-a-bordo-e-emociona-familia-de-tripulantes-de-cabine-para-celebrar-dia-dos-pais\/"},"wordCount":714,"commentCount":0,"publisher":{"@id":"https:\/\/www.cidademarketing.com.br\/marketing\/#organization"},"image":{"@id":"https:\/\/www.cidademarketing.com.br\/marketing\/2022\/08\/12\/latam-faz-surpresa-a-bordo-e-emociona-familia-de-tripulantes-de-cabine-para-celebrar-dia-dos-pais\/#primaryimage"},"thumbnailUrl":"https:\/\/www.cidademarketing.com.br\/marketing\/wp-content\/uploads\/2022\/08\/latam_diadospais-2-scaled.jpg","keywords":["campanha","estrat\u00e9gia","filme","Latam","marketing"],"articleSection":["Videos"],"inLanguage":"pt-BR","potentialAction":[{"@type":"CommentAction","name":"Comment","target":["https:\/\/www.cidademarketing.com.br\/marketing\/2022\/08\/12\/latam-faz-surpresa-a-bordo-e-emociona-familia-de-tripulantes-de-cabine-para-celebrar-dia-dos-pais\/#respond"]}]},{"@type":"WebPage","@id":"https:\/\/www.cidademarketing.com.br\/marketing\/2022\/08\/12\/latam-faz-surpresa-a-bordo-e-emociona-familia-de-tripulantes-de-cabine-para-celebrar-dia-dos-pais\/","url":"https:\/\/www.cidademarketing.com.br\/marketing\/2022\/08\/12\/latam-faz-surpresa-a-bordo-e-emociona-familia-de-tripulantes-de-cabine-para-celebrar-dia-dos-pais\/","name":"LATAM faz surpresa a bordo e emociona fam\u00edlia de tripulantes de cabine para celebrar Dia dos Pais - CidadeMarketing","isPartOf":{"@id":"https:\/\/www.cidademarketing.com.br\/marketing\/#website"},"primaryImageOfPage":{"@id":"https:\/\/www.cidademarketing.com.br\/marketing\/2022\/08\/12\/latam-faz-surpresa-a-bordo-e-emociona-familia-de-tripulantes-de-cabine-para-celebrar-dia-dos-pais\/#primaryimage"},"image":{"@id":"https:\/\/www.cidademarketing.com.br\/marketing\/2022\/08\/12\/latam-faz-surpresa-a-bordo-e-emociona-familia-de-tripulantes-de-cabine-para-celebrar-dia-dos-pais\/#primaryimage"},"thumbnailUrl":"https:\/\/www.cidademarketing.com.br\/marketing\/wp-content\/uploads\/2022\/08\/latam_diadospais-2-scaled.jpg","datePublished":"2022-08-12T20:39:26+00:00","breadcrumb":{"@id":"https:\/\/www.cidademarketing.com.br\/marketing\/2022\/08\/12\/latam-faz-surpresa-a-bordo-e-emociona-familia-de-tripulantes-de-cabine-para-celebrar-dia-dos-pais\/#breadcrumb"},"inLanguage":"pt-BR","potentialAction":[{"@type":"ReadAction","target":["https:\/\/www.cidademarketing.com.br\/marketing\/2022\/08\/12\/latam-faz-surpresa-a-bordo-e-emociona-familia-de-tripulantes-de-cabine-para-celebrar-dia-dos-pais\/"]}]},{"@type":"ImageObject","inLanguage":"pt-BR","@id":"https:\/\/www.cidademarketing.com.br\/marketing\/2022\/08\/12\/latam-faz-surpresa-a-bordo-e-emociona-familia-de-tripulantes-de-cabine-para-celebrar-dia-dos-pais\/#primaryimage","url":"https:\/\/www.cidademarketing.com.br\/marketing\/wp-content\/uploads\/2022\/08\/latam_diadospais-2-scaled.jpg","contentUrl":"https:\/\/www.cidademarketing.com.br\/marketing\/wp-content\/uploads\/2022\/08\/latam_diadospais-2-scaled.jpg","width":2560,"height":1707,"caption":"Ricardo Zeller (filho) e Ricardo Magno (pai) se abra\u00e7am em a\u00e7\u00e3o emocionante de Dia dos Pais promovida pela LATAM (Foto: Divulga\u00e7\u00e3o LATAM\/Brain in Color)"},{"@type":"BreadcrumbList","@id":"https:\/\/www.cidademarketing.com.br\/marketing\/2022\/08\/12\/latam-faz-surpresa-a-bordo-e-emociona-familia-de-tripulantes-de-cabine-para-celebrar-dia-dos-pais\/#breadcrumb","itemListElement":[{"@type":"ListItem","position":1,"name":"In\u00edcio","item":"https:\/\/www.cidademarketing.com.br\/marketing\/"},{"@type":"ListItem","position":2,"name":"LATAM faz surpresa a bordo e emociona fam\u00edlia de tripulantes de cabine para celebrar Dia dos Pais"}]},{"@type":"WebSite","@id":"https:\/\/www.cidademarketing.com.br\/marketing\/#website","url":"https:\/\/www.cidademarketing.com.br\/marketing\/","name":"CidadeMarketing","description":"Somos um ve\u00edculo de comunica\u00e7\u00e3o de destaque no Brasil, reconhecido por conte\u00fados nos segmentos de marketing, empreendedorismo e inova\u00e7\u00e3o.","publisher":{"@id":"https:\/\/www.cidademarketing.com.br\/marketing\/#organization"},"alternateName":"CidadeMarketing","potentialAction":[{"@type":"SearchAction","target":{"@type":"EntryPoint","urlTemplate":"https:\/\/www.cidademarketing.com.br\/marketing\/?s={search_term_string}"},"query-input":{"@type":"PropertyValueSpecification","valueRequired":true,"valueName":"search_term_string"}}],"inLanguage":"pt-BR"},{"@type":"Organization","@id":"https:\/\/www.cidademarketing.com.br\/marketing\/#organization","name":"CidadeMarketing","alternateName":"CidadeMarketing","url":"https:\/\/www.cidademarketing.com.br\/marketing\/","logo":{"@type":"ImageObject","inLanguage":"pt-BR","@id":"https:\/\/www.cidademarketing.com.br\/marketing\/#\/schema\/logo\/image\/","url":"https:\/\/www.cidademarketing.com.br\/marketing\/wp-content\/uploads\/2020\/01\/cidademarketing_marca_mobile.png","contentUrl":"https:\/\/www.cidademarketing.com.br\/marketing\/wp-content\/uploads\/2020\/01\/cidademarketing_marca_mobile.png","width":230,"height":92,"caption":"CidadeMarketing"},"image":{"@id":"https:\/\/www.cidademarketing.com.br\/marketing\/#\/schema\/logo\/image\/"},"sameAs":["https:\/\/www.facebook.com\/portalcidademarketing","https:\/\/x.com\/CidadeMarketing","https:\/\/www.instagram.com\/cidademarketing\/"]},{"@type":"Person","@id":"https:\/\/www.cidademarketing.com.br\/marketing\/#\/schema\/person\/02daff9f18bd9378c9e01eb6b2db155f","name":"Thales Brand\u00e3o","image":{"@type":"ImageObject","inLanguage":"pt-BR","@id":"https:\/\/secure.gravatar.com\/avatar\/7ca3206950207cc3cb48feec56a8a7898741ab725c368d99d5d7a5a50aab80c6?s=96&d=mm&r=g","url":"https:\/\/secure.gravatar.com\/avatar\/7ca3206950207cc3cb48feec56a8a7898741ab725c368d99d5d7a5a50aab80c6?s=96&d=mm&r=g","contentUrl":"https:\/\/secure.gravatar.com\/avatar\/7ca3206950207cc3cb48feec56a8a7898741ab725c368d99d5d7a5a50aab80c6?s=96&d=mm&r=g","caption":"Thales Brand\u00e3o"},"description":"Editor Executivo do Portal CidadeMarketing.com.br &gt; Mestre em Comunica\u00e7\u00e3o e Sociedade pela Universidade Federal de Sergipe. Possui MBA Executivo em Administra\u00e7\u00e3o com \u00eanfase em Marketing pela Funda\u00e7\u00e3o Get\u00falio Vargas - Rio de Janeiro. Consultor, Palestrante e Pesquisador sobre Empreendedorismo, Marketing, Redes Sociais e Neg\u00f3cios Digitais. Professor, Palestrante TedxTalks e Campus Party. Twitter: @ThalesBrandao","sameAs":["http:\/\/www.mandacaru.com.br","https:\/\/www.facebook.com\/thalesbrandao","http:\/\/www.instagram.com.br\/thalesbrandaoferreira","https:\/\/www.linkedin.com\/in\/thales-brand\u00e3o-3948609\/","https:\/\/x.com\/http:\/\/www.twitter.com\/thalesbrandao"],"url":"https:\/\/www.cidademarketing.com.br\/marketing\/author\/thalesbrandao\/"}]}},"amp_enabled":true,"_links":{"self":[{"href":"https:\/\/www.cidademarketing.com.br\/marketing\/wp-json\/wp\/v2\/posts\/37451","targetHints":{"allow":["GET"]}}],"collection":[{"href":"https:\/\/www.cidademarketing.com.br\/marketing\/wp-json\/wp\/v2\/posts"}],"about":[{"href":"https:\/\/www.cidademarketing.com.br\/marketing\/wp-json\/wp\/v2\/types\/post"}],"author":[{"embeddable":true,"href":"https:\/\/www.cidademarketing.com.br\/marketing\/wp-json\/wp\/v2\/users\/1"}],"replies":[{"embeddable":true,"href":"https:\/\/www.cidademarketing.com.br\/marketing\/wp-json\/wp\/v2\/comments?post=37451"}],"version-history":[{"count":1,"href":"https:\/\/www.cidademarketing.com.br\/marketing\/wp-json\/wp\/v2\/posts\/37451\/revisions"}],"predecessor-version":[{"id":37453,"href":"https:\/\/www.cidademarketing.com.br\/marketing\/wp-json\/wp\/v2\/posts\/37451\/revisions\/37453"}],"wp:featuredmedia":[{"embeddable":true,"href":"https:\/\/www.cidademarketing.com.br\/marketing\/wp-json\/wp\/v2\/media\/37452"}],"wp:attachment":[{"href":"https:\/\/www.cidademarketing.com.br\/marketing\/wp-json\/wp\/v2\/media?parent=37451"}],"wp:term":[{"taxonomy":"category","embeddable":true,"href":"https:\/\/www.cidademarketing.com.br\/marketing\/wp-json\/wp\/v2\/categories?post=37451"},{"taxonomy":"post_tag","embeddable":true,"href":"https:\/\/www.cidademarketing.com.br\/marketing\/wp-json\/wp\/v2\/tags?post=37451"}],"curies":[{"name":"wp","href":"https:\/\/api.w.org\/{rel}","templated":true}]}}