{"id":37380,"date":"2022-08-08T23:30:05","date_gmt":"2022-08-09T02:30:05","guid":{"rendered":"https:\/\/www.cidademarketing.com.br\/marketing\/?p=37380"},"modified":"2022-08-08T23:30:05","modified_gmt":"2022-08-09T02:30:05","slug":"em-parceria-com-tse-kwai-lanca-central-das-eleicoes","status":"publish","type":"post","link":"https:\/\/www.cidademarketing.com.br\/marketing\/2022\/08\/08\/em-parceria-com-tse-kwai-lanca-central-das-eleicoes\/","title":{"rendered":"Em parceria com TSE, Kwai lan\u00e7a &#8220;Central das Elei\u00e7\u00f5es&#8221;"},"content":{"rendered":"<p><iframe style=\"border-radius: 12px;\" src=\"https:\/\/open.spotify.com\/embed\/show\/4khMKzP3FgFRWVwb73xicc?utm_source=generator&amp;t=0\" width=\"100%\" height=\"232\" frameborder=\"0\" allowfullscreen=\"allowfullscreen\"><\/iframe><\/p>\n<p style=\"text-align: justify;\"><span style=\"font-family: 'Arial',sans-serif;\">Est\u00e1 dispon\u00edvel no Kwai, app de cria\u00e7\u00e3o e compartilhamento de v\u00eddeos curtos, a p\u00e1gina especial Central das Elei\u00e7\u00f5es, com conte\u00fados exclusivos sobre as elei\u00e7\u00f5es brasileiras em parceria com o <a href=\"https:\/\/s.kw.ai\/u\/K3uk6dCM\" target=\"_blank\" rel=\"noopener\">Tribunal Superior Eleitoral (TSE)<\/a>. No ar at\u00e9 o fim do per\u00edodo eleitoral, a <a href=\"https:\/\/ppg.kwai-pro.com\/doodle\/xZSWgOyB.html?webview=yoda&amp;share_item_type=jimu_xZSWgOyB\" target=\"_blank\" rel=\"noopener\">p\u00e1gina especia<\/a>l ser\u00e1 atualizada frequentemente ao longo dos pr\u00f3ximos meses acompanhando o interesse e as necessidades dos eleitores.<\/span><\/p>\n<p style=\"text-align: justify;\"><span style=\"font-family: 'Arial',sans-serif;\">Os conte\u00fados da Central das Elei\u00e7\u00f5es ser\u00e3o divididos em duas fases. Na primeira parte, durante o m\u00eas de agosto, os usu\u00e1rios ter\u00e3o acesso a v\u00eddeos oficiais do TSE explicando sobre a import\u00e2ncia do voto, como combater not\u00edcias falsas e o papel de cada cargo eleitoral. Os usu\u00e1rios poder\u00e3o engajar sob a tag <a href=\"https:\/\/ppg.kwai-pro.com\/doodle\/xZSWgOyB.html?webview=yoda&amp;share_item_type=jimu_xZSWgOyB\" target=\"_blank\" rel=\"noopener\"><em>#SeuVotoFazOPa\u00eds<\/em><\/a> e incentivar outras pessoas a participarem. J\u00e1 a segunda fase, ao longo do m\u00eas de setembro, trar\u00e1 conte\u00fados para sanar as principais d\u00favidas dos eleitores sobre o dia da elei\u00e7\u00e3o, como o que levar, documentos e ordem de vota\u00e7\u00e3o, al\u00e9m de realizar um desafio utilizando a fun\u00e7\u00e3o dueto com a tag <em>#MeAjudaTSE,<\/em> com a divulga\u00e7\u00e3o oficial das respostas a estas perguntas pelo TSE.<\/span><\/p>\n<p style=\"text-align: justify;\"><span style=\"font-family: 'Arial',sans-serif;\">Esta \u00e9 a quarta vez que TSE e Kwai montam p\u00e1ginas com conte\u00fados exclusivos envolvendo quest\u00f5es de cidadania e democracia. A inten\u00e7\u00e3o \u00e9 disseminar ao m\u00e1ximo as informa\u00e7\u00f5es para que todos os brasileiros possam votar de forma segura. \u201cTodo voto \u00e9 importante em uma democracia e votar de forma consciente, isso inclui desde o sistema de vota\u00e7\u00e3o \u00e0 escolha do candidato e os documentos que devem ser levados \u00e0 urna, \u00e9 um dever da Justi\u00e7a Eleitoral\u201d, afirma a Secret\u00e1ria de Comunica\u00e7\u00e3o e Multim\u00eddia, Giselly Siqueira.<\/span><\/p>\n<p style=\"text-align: justify;\"><strong><span style=\"font-family: 'Arial',sans-serif;\">Outras a\u00e7\u00f5es no Kwai\u00a0<\/span><\/strong><b><span style=\"font-family: 'Arial',sans-serif;\"><br \/>\n<\/span><\/b><span style=\"font-family: 'Arial',sans-serif;\">Al\u00e9m da Central das Elei\u00e7\u00f5es, o Kwai tamb\u00e9m j\u00e1 realizou outras a\u00e7\u00f5es em parceria com o TSE no combate \u00e0 desinforma\u00e7\u00e3o no processo eleitoral.\u00a0<\/span><\/p>\n<p style=\"text-align: justify;\"><span style=\"font-family: 'Arial',sans-serif;\">A primeira, realizada no in\u00edcio de abril, trouxe uma p\u00e1gina especial no Kwai com uma s\u00e9rie de materiais para ampliar o enfrentamento da desinforma\u00e7\u00e3o eleitoral no ambiente digital, com postagens sugerindo dicas que auxiliem na busca da informa\u00e7\u00e3o correta sobre o processo eleitoral por meio da <em>hashtag<\/em> <em>#FatoOuBoato<\/em>, zelando pela integridade das elei\u00e7\u00f5es no Brasil.\u00a0<\/span><\/p>\n<p style=\"text-align: justify;\"><span style=\"font-family: 'Arial',sans-serif;\">Outra a\u00e7\u00e3o, e que gerou mais de 700 milh\u00f5es de visualiza\u00e7\u00f5es, chamada <a href=\"https:\/\/www.tse.jus.br\/imprensa\/noticias-tse\/2022\/Marco\/tuitaco-para-incentivar-os-jovens-a-tirar-o-titulo-movimenta-a-internet-e-alcanca-mais-de-88-milhoes-de-pessoas\" target=\"_blank\" rel=\"noopener\">#Rol\u00eadasElei\u00e7\u00f5es<\/a>, mobilizou na internet milhares de jovens e estimulou novos eleitores a tirar o t\u00edtulo e exercer o direito ao voto, promovendo a participa\u00e7\u00e3o ativa no processo democr\u00e1tico do pa\u00eds.\u00a0<\/span><\/p>\n<p style=\"text-align: justify;\"><span style=\"font-family: 'Arial',sans-serif;\">Em junho, o TSE abriu uma urna eletr\u00f4nica pela primeira vez em uma rede social. Sob a tag <a href=\"https:\/\/ppg.m.kwai-pro.com\/doodle\/eDGInraf.html?webview=yoda&amp;share_item_type=jimu_eDGInraf\" target=\"_blank\" rel=\"noopener\">#DeOlhoNaUrna<\/a> foram publicados v\u00eddeos divididos em cinco cap\u00edtulos, em que o eleitor pode ver como funciona a urna por dentro. Um dos v\u00eddeos soma hoje mais de 2,6 milh\u00f5es de visualiza\u00e7\u00f5es.<\/span><\/p>\n<p style=\"text-align: justify;\"><strong><span style=\"font-family: 'Arial',sans-serif;\">A parceria<\/span><\/strong><b><span style=\"font-family: 'Arial',sans-serif;\"><br \/>\n<\/span><\/b><span style=\"font-family: 'Arial',sans-serif;\">Desde fevereiro deste ano, o Kwai \u00e9 parceiro do TSE no enfrentamento \u00e0 desinforma\u00e7\u00e3o. Pelo acordo, entre outros pontos, o Kwai se comprometeu, em parceria com o TSE, a implementar pol\u00edticas de detec\u00e7\u00e3o e neutraliza\u00e7\u00e3o de conte\u00fados desinformativos divulgados na plataforma. Para isso, foi estabelecido um canal de comunica\u00e7\u00e3o extrajudicial de den\u00fancia de conte\u00fados que veiculam desinforma\u00e7\u00e3o sobre o processo eleitoral, o chamado <a href=\"https:\/\/www.tse.jus.br\/eleicoes\/eleicoes-2022\/sistema-de-alerta\" target=\"_blank\" rel=\"noopener\"><em>Sistema de Alertas<\/em><\/a>.<\/span><\/p>\n<p><iframe style=\"width: 100%; max-width: 660px; overflow: hidden; background: transparent;\" src=\"https:\/\/embed.podcasts.apple.com\/br\/podcast\/podcast-cidademarketing\/id1371923283\" height=\"450\" frameborder=\"0\" sandbox=\"allow-forms allow-popups allow-same-origin allow-scripts allow-storage-access-by-user-activation allow-top-navigation-by-user-activation\"><\/iframe><\/p>\n","protected":false},"excerpt":{"rendered":"<p>Est\u00e1 dispon\u00edvel no Kwai, app de cria\u00e7\u00e3o e compartilhamento de v\u00eddeos curtos, a p\u00e1gina especial Central das Elei\u00e7\u00f5es, com conte\u00fados exclusivos sobre as elei\u00e7\u00f5es brasileiras em parceria com o Tribunal Superior Eleitoral (TSE). No ar at\u00e9 o fim do per\u00edodo eleitoral, a p\u00e1gina especial ser\u00e1 atualizada frequentemente ao longo dos pr\u00f3ximos meses acompanhando o interesse [&hellip;]<\/p>\n","protected":false},"author":1,"featured_media":37381,"comment_status":"open","ping_status":"open","sticky":false,"template":"","format":"standard","meta":{"tdm_status":"","tdm_grid_status":"","footnotes":""},"categories":[11,6],"tags":[147,308,3289,33,28,26,422],"class_list":["post-37380","post","type-post","status-publish","format-standard","has-post-thumbnail","hentry","category-digital","category-noticias","tag-brasil","tag-comunicacao","tag-eleicoes","tag-estrategia","tag-marketing","tag-marketing-digital","tag-tse"],"yoast_head":"<!-- This site is optimized with the Yoast SEO plugin v27.5 - https:\/\/yoast.com\/product\/yoast-seo-wordpress\/ -->\n<title>Em parceria com TSE, Kwai lan\u00e7a &quot;Central das Elei\u00e7\u00f5es&quot; - CidadeMarketing<\/title>\n<meta name=\"robots\" content=\"index, follow, max-snippet:-1, max-image-preview:large, max-video-preview:-1\" \/>\n<link rel=\"canonical\" href=\"https:\/\/www.cidademarketing.com.br\/marketing\/2022\/08\/08\/em-parceria-com-tse-kwai-lanca-central-das-eleicoes\/\" \/>\n<meta property=\"og:locale\" content=\"pt_BR\" \/>\n<meta property=\"og:type\" content=\"article\" \/>\n<meta property=\"og:title\" content=\"Em parceria com TSE, Kwai lan\u00e7a &quot;Central das Elei\u00e7\u00f5es&quot; - CidadeMarketing\" \/>\n<meta property=\"og:description\" content=\"Est\u00e1 dispon\u00edvel no Kwai, app de cria\u00e7\u00e3o e compartilhamento de v\u00eddeos curtos, a p\u00e1gina especial Central das Elei\u00e7\u00f5es, com conte\u00fados exclusivos sobre as elei\u00e7\u00f5es brasileiras em parceria com o Tribunal Superior Eleitoral (TSE). No ar at\u00e9 o fim do per\u00edodo eleitoral, a p\u00e1gina especial ser\u00e1 atualizada frequentemente ao longo dos pr\u00f3ximos meses acompanhando o interesse [&hellip;]\" \/>\n<meta property=\"og:url\" content=\"https:\/\/www.cidademarketing.com.br\/marketing\/2022\/08\/08\/em-parceria-com-tse-kwai-lanca-central-das-eleicoes\/\" \/>\n<meta property=\"og:site_name\" content=\"CidadeMarketing\" \/>\n<meta property=\"article:publisher\" content=\"https:\/\/www.facebook.com\/portalcidademarketing\" \/>\n<meta property=\"article:author\" content=\"https:\/\/www.facebook.com\/thalesbrandao\" \/>\n<meta property=\"article:published_time\" content=\"2022-08-09T02:30:05+00:00\" \/>\n<meta property=\"og:image\" content=\"https:\/\/www.cidademarketing.com.br\/marketing\/wp-content\/uploads\/2022\/08\/kwai_tse.jpg\" \/>\n\t<meta property=\"og:image:width\" content=\"961\" \/>\n\t<meta property=\"og:image:height\" content=\"865\" \/>\n\t<meta property=\"og:image:type\" content=\"image\/jpeg\" \/>\n<meta name=\"author\" content=\"Thales Brand\u00e3o\" \/>\n<meta name=\"twitter:card\" content=\"summary_large_image\" \/>\n<meta name=\"twitter:creator\" content=\"@http:\/\/www.twitter.com\/thalesbrandao\" \/>\n<meta name=\"twitter:site\" content=\"@CidadeMarketing\" \/>\n<meta name=\"twitter:label1\" content=\"Escrito por\" \/>\n\t<meta name=\"twitter:data1\" content=\"Thales Brand\u00e3o\" \/>\n\t<meta name=\"twitter:label2\" content=\"Est. tempo de leitura\" \/>\n\t<meta name=\"twitter:data2\" content=\"3 minutos\" \/>\n<script type=\"application\/ld+json\" class=\"yoast-schema-graph\">{\"@context\":\"https:\\\/\\\/schema.org\",\"@graph\":[{\"@type\":\"Article\",\"@id\":\"https:\\\/\\\/www.cidademarketing.com.br\\\/marketing\\\/2022\\\/08\\\/08\\\/em-parceria-com-tse-kwai-lanca-central-das-eleicoes\\\/#article\",\"isPartOf\":{\"@id\":\"https:\\\/\\\/www.cidademarketing.com.br\\\/marketing\\\/2022\\\/08\\\/08\\\/em-parceria-com-tse-kwai-lanca-central-das-eleicoes\\\/\"},\"author\":{\"name\":\"Thales Brand\u00e3o\",\"@id\":\"https:\\\/\\\/www.cidademarketing.com.br\\\/marketing\\\/#\\\/schema\\\/person\\\/02daff9f18bd9378c9e01eb6b2db155f\"},\"headline\":\"Em parceria com TSE, Kwai lan\u00e7a &#8220;Central das Elei\u00e7\u00f5es&#8221;\",\"datePublished\":\"2022-08-09T02:30:05+00:00\",\"mainEntityOfPage\":{\"@id\":\"https:\\\/\\\/www.cidademarketing.com.br\\\/marketing\\\/2022\\\/08\\\/08\\\/em-parceria-com-tse-kwai-lanca-central-das-eleicoes\\\/\"},\"wordCount\":580,\"commentCount\":0,\"publisher\":{\"@id\":\"https:\\\/\\\/www.cidademarketing.com.br\\\/marketing\\\/#organization\"},\"image\":{\"@id\":\"https:\\\/\\\/www.cidademarketing.com.br\\\/marketing\\\/2022\\\/08\\\/08\\\/em-parceria-com-tse-kwai-lanca-central-das-eleicoes\\\/#primaryimage\"},\"thumbnailUrl\":\"https:\\\/\\\/www.cidademarketing.com.br\\\/marketing\\\/wp-content\\\/uploads\\\/2022\\\/08\\\/kwai_tse.jpg\",\"keywords\":[\"Brasil\",\"comunica\u00e7\u00e3o\",\"elei\u00e7\u00f5es\",\"estrat\u00e9gia\",\"marketing\",\"marketing digital\",\"TSE\"],\"articleSection\":[\"Digital\",\"Not\u00edcias\"],\"inLanguage\":\"pt-BR\",\"potentialAction\":[{\"@type\":\"CommentAction\",\"name\":\"Comment\",\"target\":[\"https:\\\/\\\/www.cidademarketing.com.br\\\/marketing\\\/2022\\\/08\\\/08\\\/em-parceria-com-tse-kwai-lanca-central-das-eleicoes\\\/#respond\"]}]},{\"@type\":\"WebPage\",\"@id\":\"https:\\\/\\\/www.cidademarketing.com.br\\\/marketing\\\/2022\\\/08\\\/08\\\/em-parceria-com-tse-kwai-lanca-central-das-eleicoes\\\/\",\"url\":\"https:\\\/\\\/www.cidademarketing.com.br\\\/marketing\\\/2022\\\/08\\\/08\\\/em-parceria-com-tse-kwai-lanca-central-das-eleicoes\\\/\",\"name\":\"Em parceria com TSE, Kwai lan\u00e7a \\\"Central das Elei\u00e7\u00f5es\\\" - CidadeMarketing\",\"isPartOf\":{\"@id\":\"https:\\\/\\\/www.cidademarketing.com.br\\\/marketing\\\/#website\"},\"primaryImageOfPage\":{\"@id\":\"https:\\\/\\\/www.cidademarketing.com.br\\\/marketing\\\/2022\\\/08\\\/08\\\/em-parceria-com-tse-kwai-lanca-central-das-eleicoes\\\/#primaryimage\"},\"image\":{\"@id\":\"https:\\\/\\\/www.cidademarketing.com.br\\\/marketing\\\/2022\\\/08\\\/08\\\/em-parceria-com-tse-kwai-lanca-central-das-eleicoes\\\/#primaryimage\"},\"thumbnailUrl\":\"https:\\\/\\\/www.cidademarketing.com.br\\\/marketing\\\/wp-content\\\/uploads\\\/2022\\\/08\\\/kwai_tse.jpg\",\"datePublished\":\"2022-08-09T02:30:05+00:00\",\"breadcrumb\":{\"@id\":\"https:\\\/\\\/www.cidademarketing.com.br\\\/marketing\\\/2022\\\/08\\\/08\\\/em-parceria-com-tse-kwai-lanca-central-das-eleicoes\\\/#breadcrumb\"},\"inLanguage\":\"pt-BR\",\"potentialAction\":[{\"@type\":\"ReadAction\",\"target\":[\"https:\\\/\\\/www.cidademarketing.com.br\\\/marketing\\\/2022\\\/08\\\/08\\\/em-parceria-com-tse-kwai-lanca-central-das-eleicoes\\\/\"]}]},{\"@type\":\"ImageObject\",\"inLanguage\":\"pt-BR\",\"@id\":\"https:\\\/\\\/www.cidademarketing.com.br\\\/marketing\\\/2022\\\/08\\\/08\\\/em-parceria-com-tse-kwai-lanca-central-das-eleicoes\\\/#primaryimage\",\"url\":\"https:\\\/\\\/www.cidademarketing.com.br\\\/marketing\\\/wp-content\\\/uploads\\\/2022\\\/08\\\/kwai_tse.jpg\",\"contentUrl\":\"https:\\\/\\\/www.cidademarketing.com.br\\\/marketing\\\/wp-content\\\/uploads\\\/2022\\\/08\\\/kwai_tse.jpg\",\"width\":961,\"height\":865,\"caption\":\"Reprodu\u00e7\u00e3o\"},{\"@type\":\"BreadcrumbList\",\"@id\":\"https:\\\/\\\/www.cidademarketing.com.br\\\/marketing\\\/2022\\\/08\\\/08\\\/em-parceria-com-tse-kwai-lanca-central-das-eleicoes\\\/#breadcrumb\",\"itemListElement\":[{\"@type\":\"ListItem\",\"position\":1,\"name\":\"In\u00edcio\",\"item\":\"https:\\\/\\\/www.cidademarketing.com.br\\\/marketing\\\/\"},{\"@type\":\"ListItem\",\"position\":2,\"name\":\"Em parceria com TSE, Kwai lan\u00e7a &#8220;Central das Elei\u00e7\u00f5es&#8221;\"}]},{\"@type\":\"WebSite\",\"@id\":\"https:\\\/\\\/www.cidademarketing.com.br\\\/marketing\\\/#website\",\"url\":\"https:\\\/\\\/www.cidademarketing.com.br\\\/marketing\\\/\",\"name\":\"CidadeMarketing\",\"description\":\"Somos um ve\u00edculo de comunica\u00e7\u00e3o de destaque no Brasil, reconhecido por conte\u00fados nos segmentos de marketing, empreendedorismo e inova\u00e7\u00e3o.\",\"publisher\":{\"@id\":\"https:\\\/\\\/www.cidademarketing.com.br\\\/marketing\\\/#organization\"},\"alternateName\":\"CidadeMarketing\",\"potentialAction\":[{\"@type\":\"SearchAction\",\"target\":{\"@type\":\"EntryPoint\",\"urlTemplate\":\"https:\\\/\\\/www.cidademarketing.com.br\\\/marketing\\\/?s={search_term_string}\"},\"query-input\":{\"@type\":\"PropertyValueSpecification\",\"valueRequired\":true,\"valueName\":\"search_term_string\"}}],\"inLanguage\":\"pt-BR\"},{\"@type\":\"Organization\",\"@id\":\"https:\\\/\\\/www.cidademarketing.com.br\\\/marketing\\\/#organization\",\"name\":\"CidadeMarketing\",\"alternateName\":\"CidadeMarketing\",\"url\":\"https:\\\/\\\/www.cidademarketing.com.br\\\/marketing\\\/\",\"logo\":{\"@type\":\"ImageObject\",\"inLanguage\":\"pt-BR\",\"@id\":\"https:\\\/\\\/www.cidademarketing.com.br\\\/marketing\\\/#\\\/schema\\\/logo\\\/image\\\/\",\"url\":\"https:\\\/\\\/www.cidademarketing.com.br\\\/marketing\\\/wp-content\\\/uploads\\\/2020\\\/01\\\/cidademarketing_marca_mobile.png\",\"contentUrl\":\"https:\\\/\\\/www.cidademarketing.com.br\\\/marketing\\\/wp-content\\\/uploads\\\/2020\\\/01\\\/cidademarketing_marca_mobile.png\",\"width\":230,\"height\":92,\"caption\":\"CidadeMarketing\"},\"image\":{\"@id\":\"https:\\\/\\\/www.cidademarketing.com.br\\\/marketing\\\/#\\\/schema\\\/logo\\\/image\\\/\"},\"sameAs\":[\"https:\\\/\\\/www.facebook.com\\\/portalcidademarketing\",\"https:\\\/\\\/x.com\\\/CidadeMarketing\",\"https:\\\/\\\/www.instagram.com\\\/cidademarketing\\\/\"]},{\"@type\":\"Person\",\"@id\":\"https:\\\/\\\/www.cidademarketing.com.br\\\/marketing\\\/#\\\/schema\\\/person\\\/02daff9f18bd9378c9e01eb6b2db155f\",\"name\":\"Thales Brand\u00e3o\",\"image\":{\"@type\":\"ImageObject\",\"inLanguage\":\"pt-BR\",\"@id\":\"https:\\\/\\\/secure.gravatar.com\\\/avatar\\\/7ca3206950207cc3cb48feec56a8a7898741ab725c368d99d5d7a5a50aab80c6?s=96&d=mm&r=g\",\"url\":\"https:\\\/\\\/secure.gravatar.com\\\/avatar\\\/7ca3206950207cc3cb48feec56a8a7898741ab725c368d99d5d7a5a50aab80c6?s=96&d=mm&r=g\",\"contentUrl\":\"https:\\\/\\\/secure.gravatar.com\\\/avatar\\\/7ca3206950207cc3cb48feec56a8a7898741ab725c368d99d5d7a5a50aab80c6?s=96&d=mm&r=g\",\"caption\":\"Thales Brand\u00e3o\"},\"description\":\"Editor Executivo do Portal CidadeMarketing.com.br &gt; Mestre em Comunica\u00e7\u00e3o e Sociedade pela Universidade Federal de Sergipe. Possui MBA Executivo em Administra\u00e7\u00e3o com \u00eanfase em Marketing pela Funda\u00e7\u00e3o Get\u00falio Vargas - Rio de Janeiro. Consultor, Palestrante e Pesquisador sobre Empreendedorismo, Marketing, Redes Sociais e Neg\u00f3cios Digitais. Professor, Palestrante TedxTalks e Campus Party. Twitter: @ThalesBrandao\",\"sameAs\":[\"http:\\\/\\\/www.mandacaru.com.br\",\"https:\\\/\\\/www.facebook.com\\\/thalesbrandao\",\"http:\\\/\\\/www.instagram.com.br\\\/thalesbrandaoferreira\",\"https:\\\/\\\/www.linkedin.com\\\/in\\\/thales-brand\u00e3o-3948609\\\/\",\"https:\\\/\\\/x.com\\\/http:\\\/\\\/www.twitter.com\\\/thalesbrandao\"],\"url\":\"https:\\\/\\\/www.cidademarketing.com.br\\\/marketing\\\/author\\\/thalesbrandao\\\/\"}]}<\/script>\n<!-- \/ Yoast SEO plugin. -->","yoast_head_json":{"title":"Em parceria com TSE, Kwai lan\u00e7a \"Central das Elei\u00e7\u00f5es\" - CidadeMarketing","robots":{"index":"index","follow":"follow","max-snippet":"max-snippet:-1","max-image-preview":"max-image-preview:large","max-video-preview":"max-video-preview:-1"},"canonical":"https:\/\/www.cidademarketing.com.br\/marketing\/2022\/08\/08\/em-parceria-com-tse-kwai-lanca-central-das-eleicoes\/","og_locale":"pt_BR","og_type":"article","og_title":"Em parceria com TSE, Kwai lan\u00e7a \"Central das Elei\u00e7\u00f5es\" - CidadeMarketing","og_description":"Est\u00e1 dispon\u00edvel no Kwai, app de cria\u00e7\u00e3o e compartilhamento de v\u00eddeos curtos, a p\u00e1gina especial Central das Elei\u00e7\u00f5es, com conte\u00fados exclusivos sobre as elei\u00e7\u00f5es brasileiras em parceria com o Tribunal Superior Eleitoral (TSE). No ar at\u00e9 o fim do per\u00edodo eleitoral, a p\u00e1gina especial ser\u00e1 atualizada frequentemente ao longo dos pr\u00f3ximos meses acompanhando o interesse [&hellip;]","og_url":"https:\/\/www.cidademarketing.com.br\/marketing\/2022\/08\/08\/em-parceria-com-tse-kwai-lanca-central-das-eleicoes\/","og_site_name":"CidadeMarketing","article_publisher":"https:\/\/www.facebook.com\/portalcidademarketing","article_author":"https:\/\/www.facebook.com\/thalesbrandao","article_published_time":"2022-08-09T02:30:05+00:00","og_image":[{"width":961,"height":865,"url":"https:\/\/www.cidademarketing.com.br\/marketing\/wp-content\/uploads\/2022\/08\/kwai_tse.jpg","type":"image\/jpeg"}],"author":"Thales Brand\u00e3o","twitter_card":"summary_large_image","twitter_creator":"@http:\/\/www.twitter.com\/thalesbrandao","twitter_site":"@CidadeMarketing","twitter_misc":{"Escrito por":"Thales Brand\u00e3o","Est. tempo de leitura":"3 minutos"},"schema":{"@context":"https:\/\/schema.org","@graph":[{"@type":"Article","@id":"https:\/\/www.cidademarketing.com.br\/marketing\/2022\/08\/08\/em-parceria-com-tse-kwai-lanca-central-das-eleicoes\/#article","isPartOf":{"@id":"https:\/\/www.cidademarketing.com.br\/marketing\/2022\/08\/08\/em-parceria-com-tse-kwai-lanca-central-das-eleicoes\/"},"author":{"name":"Thales Brand\u00e3o","@id":"https:\/\/www.cidademarketing.com.br\/marketing\/#\/schema\/person\/02daff9f18bd9378c9e01eb6b2db155f"},"headline":"Em parceria com TSE, Kwai lan\u00e7a &#8220;Central das Elei\u00e7\u00f5es&#8221;","datePublished":"2022-08-09T02:30:05+00:00","mainEntityOfPage":{"@id":"https:\/\/www.cidademarketing.com.br\/marketing\/2022\/08\/08\/em-parceria-com-tse-kwai-lanca-central-das-eleicoes\/"},"wordCount":580,"commentCount":0,"publisher":{"@id":"https:\/\/www.cidademarketing.com.br\/marketing\/#organization"},"image":{"@id":"https:\/\/www.cidademarketing.com.br\/marketing\/2022\/08\/08\/em-parceria-com-tse-kwai-lanca-central-das-eleicoes\/#primaryimage"},"thumbnailUrl":"https:\/\/www.cidademarketing.com.br\/marketing\/wp-content\/uploads\/2022\/08\/kwai_tse.jpg","keywords":["Brasil","comunica\u00e7\u00e3o","elei\u00e7\u00f5es","estrat\u00e9gia","marketing","marketing digital","TSE"],"articleSection":["Digital","Not\u00edcias"],"inLanguage":"pt-BR","potentialAction":[{"@type":"CommentAction","name":"Comment","target":["https:\/\/www.cidademarketing.com.br\/marketing\/2022\/08\/08\/em-parceria-com-tse-kwai-lanca-central-das-eleicoes\/#respond"]}]},{"@type":"WebPage","@id":"https:\/\/www.cidademarketing.com.br\/marketing\/2022\/08\/08\/em-parceria-com-tse-kwai-lanca-central-das-eleicoes\/","url":"https:\/\/www.cidademarketing.com.br\/marketing\/2022\/08\/08\/em-parceria-com-tse-kwai-lanca-central-das-eleicoes\/","name":"Em parceria com TSE, Kwai lan\u00e7a \"Central das Elei\u00e7\u00f5es\" - CidadeMarketing","isPartOf":{"@id":"https:\/\/www.cidademarketing.com.br\/marketing\/#website"},"primaryImageOfPage":{"@id":"https:\/\/www.cidademarketing.com.br\/marketing\/2022\/08\/08\/em-parceria-com-tse-kwai-lanca-central-das-eleicoes\/#primaryimage"},"image":{"@id":"https:\/\/www.cidademarketing.com.br\/marketing\/2022\/08\/08\/em-parceria-com-tse-kwai-lanca-central-das-eleicoes\/#primaryimage"},"thumbnailUrl":"https:\/\/www.cidademarketing.com.br\/marketing\/wp-content\/uploads\/2022\/08\/kwai_tse.jpg","datePublished":"2022-08-09T02:30:05+00:00","breadcrumb":{"@id":"https:\/\/www.cidademarketing.com.br\/marketing\/2022\/08\/08\/em-parceria-com-tse-kwai-lanca-central-das-eleicoes\/#breadcrumb"},"inLanguage":"pt-BR","potentialAction":[{"@type":"ReadAction","target":["https:\/\/www.cidademarketing.com.br\/marketing\/2022\/08\/08\/em-parceria-com-tse-kwai-lanca-central-das-eleicoes\/"]}]},{"@type":"ImageObject","inLanguage":"pt-BR","@id":"https:\/\/www.cidademarketing.com.br\/marketing\/2022\/08\/08\/em-parceria-com-tse-kwai-lanca-central-das-eleicoes\/#primaryimage","url":"https:\/\/www.cidademarketing.com.br\/marketing\/wp-content\/uploads\/2022\/08\/kwai_tse.jpg","contentUrl":"https:\/\/www.cidademarketing.com.br\/marketing\/wp-content\/uploads\/2022\/08\/kwai_tse.jpg","width":961,"height":865,"caption":"Reprodu\u00e7\u00e3o"},{"@type":"BreadcrumbList","@id":"https:\/\/www.cidademarketing.com.br\/marketing\/2022\/08\/08\/em-parceria-com-tse-kwai-lanca-central-das-eleicoes\/#breadcrumb","itemListElement":[{"@type":"ListItem","position":1,"name":"In\u00edcio","item":"https:\/\/www.cidademarketing.com.br\/marketing\/"},{"@type":"ListItem","position":2,"name":"Em parceria com TSE, Kwai lan\u00e7a &#8220;Central das Elei\u00e7\u00f5es&#8221;"}]},{"@type":"WebSite","@id":"https:\/\/www.cidademarketing.com.br\/marketing\/#website","url":"https:\/\/www.cidademarketing.com.br\/marketing\/","name":"CidadeMarketing","description":"Somos um ve\u00edculo de comunica\u00e7\u00e3o de destaque no Brasil, reconhecido por conte\u00fados nos segmentos de marketing, empreendedorismo e inova\u00e7\u00e3o.","publisher":{"@id":"https:\/\/www.cidademarketing.com.br\/marketing\/#organization"},"alternateName":"CidadeMarketing","potentialAction":[{"@type":"SearchAction","target":{"@type":"EntryPoint","urlTemplate":"https:\/\/www.cidademarketing.com.br\/marketing\/?s={search_term_string}"},"query-input":{"@type":"PropertyValueSpecification","valueRequired":true,"valueName":"search_term_string"}}],"inLanguage":"pt-BR"},{"@type":"Organization","@id":"https:\/\/www.cidademarketing.com.br\/marketing\/#organization","name":"CidadeMarketing","alternateName":"CidadeMarketing","url":"https:\/\/www.cidademarketing.com.br\/marketing\/","logo":{"@type":"ImageObject","inLanguage":"pt-BR","@id":"https:\/\/www.cidademarketing.com.br\/marketing\/#\/schema\/logo\/image\/","url":"https:\/\/www.cidademarketing.com.br\/marketing\/wp-content\/uploads\/2020\/01\/cidademarketing_marca_mobile.png","contentUrl":"https:\/\/www.cidademarketing.com.br\/marketing\/wp-content\/uploads\/2020\/01\/cidademarketing_marca_mobile.png","width":230,"height":92,"caption":"CidadeMarketing"},"image":{"@id":"https:\/\/www.cidademarketing.com.br\/marketing\/#\/schema\/logo\/image\/"},"sameAs":["https:\/\/www.facebook.com\/portalcidademarketing","https:\/\/x.com\/CidadeMarketing","https:\/\/www.instagram.com\/cidademarketing\/"]},{"@type":"Person","@id":"https:\/\/www.cidademarketing.com.br\/marketing\/#\/schema\/person\/02daff9f18bd9378c9e01eb6b2db155f","name":"Thales Brand\u00e3o","image":{"@type":"ImageObject","inLanguage":"pt-BR","@id":"https:\/\/secure.gravatar.com\/avatar\/7ca3206950207cc3cb48feec56a8a7898741ab725c368d99d5d7a5a50aab80c6?s=96&d=mm&r=g","url":"https:\/\/secure.gravatar.com\/avatar\/7ca3206950207cc3cb48feec56a8a7898741ab725c368d99d5d7a5a50aab80c6?s=96&d=mm&r=g","contentUrl":"https:\/\/secure.gravatar.com\/avatar\/7ca3206950207cc3cb48feec56a8a7898741ab725c368d99d5d7a5a50aab80c6?s=96&d=mm&r=g","caption":"Thales Brand\u00e3o"},"description":"Editor Executivo do Portal CidadeMarketing.com.br &gt; Mestre em Comunica\u00e7\u00e3o e Sociedade pela Universidade Federal de Sergipe. Possui MBA Executivo em Administra\u00e7\u00e3o com \u00eanfase em Marketing pela Funda\u00e7\u00e3o Get\u00falio Vargas - Rio de Janeiro. Consultor, Palestrante e Pesquisador sobre Empreendedorismo, Marketing, Redes Sociais e Neg\u00f3cios Digitais. Professor, Palestrante TedxTalks e Campus Party. Twitter: @ThalesBrandao","sameAs":["http:\/\/www.mandacaru.com.br","https:\/\/www.facebook.com\/thalesbrandao","http:\/\/www.instagram.com.br\/thalesbrandaoferreira","https:\/\/www.linkedin.com\/in\/thales-brand\u00e3o-3948609\/","https:\/\/x.com\/http:\/\/www.twitter.com\/thalesbrandao"],"url":"https:\/\/www.cidademarketing.com.br\/marketing\/author\/thalesbrandao\/"}]}},"amp_enabled":true,"_links":{"self":[{"href":"https:\/\/www.cidademarketing.com.br\/marketing\/wp-json\/wp\/v2\/posts\/37380","targetHints":{"allow":["GET"]}}],"collection":[{"href":"https:\/\/www.cidademarketing.com.br\/marketing\/wp-json\/wp\/v2\/posts"}],"about":[{"href":"https:\/\/www.cidademarketing.com.br\/marketing\/wp-json\/wp\/v2\/types\/post"}],"author":[{"embeddable":true,"href":"https:\/\/www.cidademarketing.com.br\/marketing\/wp-json\/wp\/v2\/users\/1"}],"replies":[{"embeddable":true,"href":"https:\/\/www.cidademarketing.com.br\/marketing\/wp-json\/wp\/v2\/comments?post=37380"}],"version-history":[{"count":1,"href":"https:\/\/www.cidademarketing.com.br\/marketing\/wp-json\/wp\/v2\/posts\/37380\/revisions"}],"predecessor-version":[{"id":37382,"href":"https:\/\/www.cidademarketing.com.br\/marketing\/wp-json\/wp\/v2\/posts\/37380\/revisions\/37382"}],"wp:featuredmedia":[{"embeddable":true,"href":"https:\/\/www.cidademarketing.com.br\/marketing\/wp-json\/wp\/v2\/media\/37381"}],"wp:attachment":[{"href":"https:\/\/www.cidademarketing.com.br\/marketing\/wp-json\/wp\/v2\/media?parent=37380"}],"wp:term":[{"taxonomy":"category","embeddable":true,"href":"https:\/\/www.cidademarketing.com.br\/marketing\/wp-json\/wp\/v2\/categories?post=37380"},{"taxonomy":"post_tag","embeddable":true,"href":"https:\/\/www.cidademarketing.com.br\/marketing\/wp-json\/wp\/v2\/tags?post=37380"}],"curies":[{"name":"wp","href":"https:\/\/api.w.org\/{rel}","templated":true}]}}