{"id":37072,"date":"2022-07-22T17:29:20","date_gmt":"2022-07-22T20:29:20","guid":{"rendered":"https:\/\/www.cidademarketing.com.br\/marketing\/?p=37072"},"modified":"2022-07-22T17:29:20","modified_gmt":"2022-07-22T20:29:20","slug":"transformar-juntos-debate-a-desburocratizacao-do-ambiente-de-negocios-e-a-insercao-das-mpe-nas-compras-publicas","status":"publish","type":"post","link":"https:\/\/www.cidademarketing.com.br\/marketing\/2022\/07\/22\/transformar-juntos-debate-a-desburocratizacao-do-ambiente-de-negocios-e-a-insercao-das-mpe-nas-compras-publicas\/","title":{"rendered":"Transformar Juntos debate a desburocratiza\u00e7\u00e3o do ambiente de neg\u00f3cios e a inser\u00e7\u00e3o das MPE nas compras p\u00fablicas"},"content":{"rendered":"<p><iframe style=\"border-radius: 12px;\" src=\"https:\/\/open.spotify.com\/embed\/show\/4khMKzP3FgFRWVwb73xicc?utm_source=generator&amp;t=0\" width=\"100%\" height=\"232\" frameborder=\"0\" allowfullscreen=\"allowfullscreen\"><\/iframe><br \/>\nEmpres\u00e1rios de todo o pa\u00eds ter\u00e3o uma oportunidade para se conectar aos principais parceiros da iniciativa privada e do setor p\u00fablico durante o \u201cTransformar Juntos\u201d, que acontece nos pr\u00f3ximos dias 26, 27 e 28 em Bras\u00edlia (DF). O evento une o \u201cFomenta\u201d e o \u201cBrasil Mais Simples\u201d, iniciativas que s\u00e3o refer\u00eancias quando se fala em aumentar a participa\u00e7\u00e3o de micro e pequenas empresas nas compras p\u00fablicas e desburocratizar o ambiente de neg\u00f3cios.<\/p>\n<p>A jun\u00e7\u00e3o dos dois eventos em um s\u00f3 vai proporcionar a expans\u00e3o do debate e a inclus\u00e3o de novas pautas, como inova\u00e7\u00e3o, lideran\u00e7a, atua\u00e7\u00e3o em rede, tecnologias aplicadas na gest\u00e3o p\u00fablica \u2013 definindo novas pol\u00edticas e estrat\u00e9gias de atua\u00e7\u00e3o para o ambiente dos pequenos neg\u00f3cios.<\/p>\n<p>O \u201cTransformar Juntos\u201d \u00e9 uma iniciativa do Sebrae, da Associa\u00e7\u00e3o dos Membros dos Tribunais de Contas (Atricon) e da Associa\u00e7\u00e3o Nacional dos Membros do Minist\u00e9rio P\u00fablico (Conamp). O evento ser\u00e1 realizado no Centro Internacional de Conven\u00e7\u00f5es do Brasil, em Bras\u00edlia (DF), com transmiss\u00e3o on-line para todo o pa\u00eds. As inscri\u00e7\u00f5es s\u00e3o gratuitas e podem ser feitas neste <a href=\"https:\/\/transformarjuntos2022.com.br\/\" target=\"_blank\" rel=\"noopener\">link<\/a>.<\/p>\n<p>Programa\u00e7\u00e3o<br \/>\nAl\u00e9m de diversas palestras, com in\u00edcio previsto para \u00e0s 9h, a programa\u00e7\u00e3o conta com uma Arena de Oportunidades e estandes onde compradores e fornecedores v\u00e3o estabelecer contato. No dia 26, est\u00e3o previstas palestras sobre inova\u00e7\u00e3o para a melhoria da gest\u00e3o p\u00fablica e do ambiente de neg\u00f3cios, simplifica\u00e7\u00e3o tribut\u00e1ria e para abertura de empresas, entre outros temas. \u00c0s 17h15, a fil\u00f3sofa e professora da Organiza\u00e7\u00e3o Internacional Nova Acr\u00f3pole no Brasil Melissa Andrade falar\u00e1 sobre os excessos da vida contempor\u00e2nea e a vida simplificada.<\/p>\n<p>J\u00e1 no dia 27, palestrantes ligados ao agroneg\u00f3cio \u2013 entre eles, produtores de queijo \u2013 v\u00e3o falar sobre o Selo Arte, que visa a simplifica\u00e7\u00e3o para o mundo agro. Tamb\u00e9m est\u00e3o previstos debates sobre a antecipa\u00e7\u00e3o de receb\u00edveis para MPE e a simplifica\u00e7\u00e3o na constru\u00e7\u00e3o civil. A palestra &#8220;Hackeando o sistema&#8221;: iniciativas p\u00fablicas e privadas para a melhoria de cidades, ter\u00e1 como convidado o CEO Fab Lab Recife, Edgar Andrade, entre outros.<\/p>\n<p>Economia circular e compras sustent\u00e1veis, contrata\u00e7\u00e3o de solu\u00e7\u00f5es tecnol\u00f3gicas e startups pelo Poder P\u00fablico e o uso da intelig\u00eancia de dados para a formula\u00e7\u00e3o de pol\u00edticas p\u00fablicas ser\u00e3o algumas das tem\u00e1ticas abordadas no \u00faltimo dia de evento. Pr\u00f3ximo \u00e0s 16h, o diretor executivo do IXL Center em Massachusets, nos Estados Unidos, Hitendra Patel, comandar\u00e1 a palestra \u201cLiderando para transformar\u201d. A partir das 17h, est\u00e1 prevista a premia\u00e7\u00e3o Hackathon de Compras Governamentais, seguida do encerramento.<\/p>\n<p>Servi\u00e7o:<br \/>\nTransformar Juntos<br \/>\nDatas: 26, 27 e 28 de julho<br \/>\nLocal: Centro Internacional de Conven\u00e7\u00f5es do Brasil, em Bras\u00edlia (DF)<br \/>\nInforma\u00e7\u00f5es e inscri\u00e7\u00f5es: <a href=\"https:\/\/transformarjuntos2022.com.br\/\" target=\"_blank\" rel=\"noopener\">https:\/\/transformarjuntos2022.com.br\/<\/a><\/p>\n<p><iframe style=\"width: 100%; max-width: 660px; overflow: hidden; background: transparent;\" src=\"https:\/\/embed.podcasts.apple.com\/br\/podcast\/podcast-cidademarketing\/id1371923283\" height=\"450\" frameborder=\"0\" sandbox=\"allow-forms allow-popups allow-same-origin allow-scripts allow-storage-access-by-user-activation allow-top-navigation-by-user-activation\"><\/iframe><\/p>\n","protected":false},"excerpt":{"rendered":"<p>Empres\u00e1rios de todo o pa\u00eds ter\u00e3o uma oportunidade para se conectar aos principais parceiros da iniciativa privada e do setor p\u00fablico durante o \u201cTransformar Juntos\u201d, que acontece nos pr\u00f3ximos dias 26, 27 e 28 em Bras\u00edlia (DF). O evento une o \u201cFomenta\u201d e o \u201cBrasil Mais Simples\u201d, iniciativas que s\u00e3o refer\u00eancias quando se fala em [&hellip;]<\/p>\n","protected":false},"author":1,"featured_media":1779,"comment_status":"open","ping_status":"open","sticky":false,"template":"","format":"standard","meta":{"tdm_status":"","tdm_grid_status":"","footnotes":""},"categories":[6],"tags":[308,33,28,260],"class_list":["post-37072","post","type-post","status-publish","format-standard","has-post-thumbnail","hentry","category-noticias","tag-comunicacao","tag-estrategia","tag-marketing","tag-sebrae"],"yoast_head":"<!-- This site is optimized with the Yoast SEO plugin v27.5 - https:\/\/yoast.com\/product\/yoast-seo-wordpress\/ -->\n<title>Transformar Juntos debate a desburocratiza\u00e7\u00e3o do ambiente de neg\u00f3cios e a inser\u00e7\u00e3o das MPE nas compras p\u00fablicas - CidadeMarketing<\/title>\n<meta name=\"robots\" content=\"index, follow, max-snippet:-1, max-image-preview:large, max-video-preview:-1\" \/>\n<link rel=\"canonical\" href=\"https:\/\/www.cidademarketing.com.br\/marketing\/2022\/07\/22\/transformar-juntos-debate-a-desburocratizacao-do-ambiente-de-negocios-e-a-insercao-das-mpe-nas-compras-publicas\/\" \/>\n<meta property=\"og:locale\" content=\"pt_BR\" \/>\n<meta property=\"og:type\" content=\"article\" \/>\n<meta property=\"og:title\" content=\"Transformar Juntos debate a desburocratiza\u00e7\u00e3o do ambiente de neg\u00f3cios e a inser\u00e7\u00e3o das MPE nas compras p\u00fablicas - CidadeMarketing\" \/>\n<meta property=\"og:description\" content=\"Empres\u00e1rios de todo o pa\u00eds ter\u00e3o uma oportunidade para se conectar aos principais parceiros da iniciativa privada e do setor p\u00fablico durante o \u201cTransformar Juntos\u201d, que acontece nos pr\u00f3ximos dias 26, 27 e 28 em Bras\u00edlia (DF). O evento une o \u201cFomenta\u201d e o \u201cBrasil Mais Simples\u201d, iniciativas que s\u00e3o refer\u00eancias quando se fala em [&hellip;]\" \/>\n<meta property=\"og:url\" content=\"https:\/\/www.cidademarketing.com.br\/marketing\/2022\/07\/22\/transformar-juntos-debate-a-desburocratizacao-do-ambiente-de-negocios-e-a-insercao-das-mpe-nas-compras-publicas\/\" \/>\n<meta property=\"og:site_name\" content=\"CidadeMarketing\" \/>\n<meta property=\"article:publisher\" content=\"https:\/\/www.facebook.com\/portalcidademarketing\" \/>\n<meta property=\"article:author\" content=\"https:\/\/www.facebook.com\/thalesbrandao\" \/>\n<meta property=\"article:published_time\" content=\"2022-07-22T20:29:20+00:00\" \/>\n<meta property=\"og:image\" content=\"https:\/\/www.cidademarketing.com.br\/marketing\/wp-content\/uploads\/2018\/08\/sebrae.jpg\" \/>\n\t<meta property=\"og:image:width\" content=\"600\" \/>\n\t<meta property=\"og:image:height\" content=\"400\" \/>\n\t<meta property=\"og:image:type\" content=\"image\/jpeg\" \/>\n<meta name=\"author\" content=\"Thales Brand\u00e3o\" \/>\n<meta name=\"twitter:card\" content=\"summary_large_image\" \/>\n<meta name=\"twitter:creator\" content=\"@http:\/\/www.twitter.com\/thalesbrandao\" \/>\n<meta name=\"twitter:site\" content=\"@CidadeMarketing\" \/>\n<meta name=\"twitter:label1\" content=\"Escrito por\" \/>\n\t<meta name=\"twitter:data1\" content=\"Thales Brand\u00e3o\" \/>\n\t<meta name=\"twitter:label2\" content=\"Est. tempo de leitura\" \/>\n\t<meta name=\"twitter:data2\" content=\"2 minutos\" \/>\n<script type=\"application\/ld+json\" class=\"yoast-schema-graph\">{\"@context\":\"https:\\\/\\\/schema.org\",\"@graph\":[{\"@type\":\"Article\",\"@id\":\"https:\\\/\\\/www.cidademarketing.com.br\\\/marketing\\\/2022\\\/07\\\/22\\\/transformar-juntos-debate-a-desburocratizacao-do-ambiente-de-negocios-e-a-insercao-das-mpe-nas-compras-publicas\\\/#article\",\"isPartOf\":{\"@id\":\"https:\\\/\\\/www.cidademarketing.com.br\\\/marketing\\\/2022\\\/07\\\/22\\\/transformar-juntos-debate-a-desburocratizacao-do-ambiente-de-negocios-e-a-insercao-das-mpe-nas-compras-publicas\\\/\"},\"author\":{\"name\":\"Thales Brand\u00e3o\",\"@id\":\"https:\\\/\\\/www.cidademarketing.com.br\\\/marketing\\\/#\\\/schema\\\/person\\\/02daff9f18bd9378c9e01eb6b2db155f\"},\"headline\":\"Transformar Juntos debate a desburocratiza\u00e7\u00e3o do ambiente de neg\u00f3cios e a inser\u00e7\u00e3o das MPE nas compras p\u00fablicas\",\"datePublished\":\"2022-07-22T20:29:20+00:00\",\"mainEntityOfPage\":{\"@id\":\"https:\\\/\\\/www.cidademarketing.com.br\\\/marketing\\\/2022\\\/07\\\/22\\\/transformar-juntos-debate-a-desburocratizacao-do-ambiente-de-negocios-e-a-insercao-das-mpe-nas-compras-publicas\\\/\"},\"wordCount\":517,\"commentCount\":0,\"publisher\":{\"@id\":\"https:\\\/\\\/www.cidademarketing.com.br\\\/marketing\\\/#organization\"},\"image\":{\"@id\":\"https:\\\/\\\/www.cidademarketing.com.br\\\/marketing\\\/2022\\\/07\\\/22\\\/transformar-juntos-debate-a-desburocratizacao-do-ambiente-de-negocios-e-a-insercao-das-mpe-nas-compras-publicas\\\/#primaryimage\"},\"thumbnailUrl\":\"https:\\\/\\\/www.cidademarketing.com.br\\\/marketing\\\/wp-content\\\/uploads\\\/2018\\\/08\\\/sebrae.jpg\",\"keywords\":[\"comunica\u00e7\u00e3o\",\"estrat\u00e9gia\",\"marketing\",\"SEBRAE\"],\"articleSection\":[\"Not\u00edcias\"],\"inLanguage\":\"pt-BR\",\"potentialAction\":[{\"@type\":\"CommentAction\",\"name\":\"Comment\",\"target\":[\"https:\\\/\\\/www.cidademarketing.com.br\\\/marketing\\\/2022\\\/07\\\/22\\\/transformar-juntos-debate-a-desburocratizacao-do-ambiente-de-negocios-e-a-insercao-das-mpe-nas-compras-publicas\\\/#respond\"]}]},{\"@type\":\"WebPage\",\"@id\":\"https:\\\/\\\/www.cidademarketing.com.br\\\/marketing\\\/2022\\\/07\\\/22\\\/transformar-juntos-debate-a-desburocratizacao-do-ambiente-de-negocios-e-a-insercao-das-mpe-nas-compras-publicas\\\/\",\"url\":\"https:\\\/\\\/www.cidademarketing.com.br\\\/marketing\\\/2022\\\/07\\\/22\\\/transformar-juntos-debate-a-desburocratizacao-do-ambiente-de-negocios-e-a-insercao-das-mpe-nas-compras-publicas\\\/\",\"name\":\"Transformar Juntos debate a desburocratiza\u00e7\u00e3o do ambiente de neg\u00f3cios e a inser\u00e7\u00e3o das MPE nas compras p\u00fablicas - CidadeMarketing\",\"isPartOf\":{\"@id\":\"https:\\\/\\\/www.cidademarketing.com.br\\\/marketing\\\/#website\"},\"primaryImageOfPage\":{\"@id\":\"https:\\\/\\\/www.cidademarketing.com.br\\\/marketing\\\/2022\\\/07\\\/22\\\/transformar-juntos-debate-a-desburocratizacao-do-ambiente-de-negocios-e-a-insercao-das-mpe-nas-compras-publicas\\\/#primaryimage\"},\"image\":{\"@id\":\"https:\\\/\\\/www.cidademarketing.com.br\\\/marketing\\\/2022\\\/07\\\/22\\\/transformar-juntos-debate-a-desburocratizacao-do-ambiente-de-negocios-e-a-insercao-das-mpe-nas-compras-publicas\\\/#primaryimage\"},\"thumbnailUrl\":\"https:\\\/\\\/www.cidademarketing.com.br\\\/marketing\\\/wp-content\\\/uploads\\\/2018\\\/08\\\/sebrae.jpg\",\"datePublished\":\"2022-07-22T20:29:20+00:00\",\"breadcrumb\":{\"@id\":\"https:\\\/\\\/www.cidademarketing.com.br\\\/marketing\\\/2022\\\/07\\\/22\\\/transformar-juntos-debate-a-desburocratizacao-do-ambiente-de-negocios-e-a-insercao-das-mpe-nas-compras-publicas\\\/#breadcrumb\"},\"inLanguage\":\"pt-BR\",\"potentialAction\":[{\"@type\":\"ReadAction\",\"target\":[\"https:\\\/\\\/www.cidademarketing.com.br\\\/marketing\\\/2022\\\/07\\\/22\\\/transformar-juntos-debate-a-desburocratizacao-do-ambiente-de-negocios-e-a-insercao-das-mpe-nas-compras-publicas\\\/\"]}]},{\"@type\":\"ImageObject\",\"inLanguage\":\"pt-BR\",\"@id\":\"https:\\\/\\\/www.cidademarketing.com.br\\\/marketing\\\/2022\\\/07\\\/22\\\/transformar-juntos-debate-a-desburocratizacao-do-ambiente-de-negocios-e-a-insercao-das-mpe-nas-compras-publicas\\\/#primaryimage\",\"url\":\"https:\\\/\\\/www.cidademarketing.com.br\\\/marketing\\\/wp-content\\\/uploads\\\/2018\\\/08\\\/sebrae.jpg\",\"contentUrl\":\"https:\\\/\\\/www.cidademarketing.com.br\\\/marketing\\\/wp-content\\\/uploads\\\/2018\\\/08\\\/sebrae.jpg\",\"width\":600,\"height\":400},{\"@type\":\"BreadcrumbList\",\"@id\":\"https:\\\/\\\/www.cidademarketing.com.br\\\/marketing\\\/2022\\\/07\\\/22\\\/transformar-juntos-debate-a-desburocratizacao-do-ambiente-de-negocios-e-a-insercao-das-mpe-nas-compras-publicas\\\/#breadcrumb\",\"itemListElement\":[{\"@type\":\"ListItem\",\"position\":1,\"name\":\"In\u00edcio\",\"item\":\"https:\\\/\\\/www.cidademarketing.com.br\\\/marketing\\\/\"},{\"@type\":\"ListItem\",\"position\":2,\"name\":\"Transformar Juntos debate a desburocratiza\u00e7\u00e3o do ambiente de neg\u00f3cios e a inser\u00e7\u00e3o das MPE nas compras p\u00fablicas\"}]},{\"@type\":\"WebSite\",\"@id\":\"https:\\\/\\\/www.cidademarketing.com.br\\\/marketing\\\/#website\",\"url\":\"https:\\\/\\\/www.cidademarketing.com.br\\\/marketing\\\/\",\"name\":\"CidadeMarketing\",\"description\":\"Somos um ve\u00edculo de comunica\u00e7\u00e3o de destaque no Brasil, reconhecido por conte\u00fados nos segmentos de marketing, empreendedorismo e inova\u00e7\u00e3o.\",\"publisher\":{\"@id\":\"https:\\\/\\\/www.cidademarketing.com.br\\\/marketing\\\/#organization\"},\"alternateName\":\"CidadeMarketing\",\"potentialAction\":[{\"@type\":\"SearchAction\",\"target\":{\"@type\":\"EntryPoint\",\"urlTemplate\":\"https:\\\/\\\/www.cidademarketing.com.br\\\/marketing\\\/?s={search_term_string}\"},\"query-input\":{\"@type\":\"PropertyValueSpecification\",\"valueRequired\":true,\"valueName\":\"search_term_string\"}}],\"inLanguage\":\"pt-BR\"},{\"@type\":\"Organization\",\"@id\":\"https:\\\/\\\/www.cidademarketing.com.br\\\/marketing\\\/#organization\",\"name\":\"CidadeMarketing\",\"alternateName\":\"CidadeMarketing\",\"url\":\"https:\\\/\\\/www.cidademarketing.com.br\\\/marketing\\\/\",\"logo\":{\"@type\":\"ImageObject\",\"inLanguage\":\"pt-BR\",\"@id\":\"https:\\\/\\\/www.cidademarketing.com.br\\\/marketing\\\/#\\\/schema\\\/logo\\\/image\\\/\",\"url\":\"https:\\\/\\\/www.cidademarketing.com.br\\\/marketing\\\/wp-content\\\/uploads\\\/2020\\\/01\\\/cidademarketing_marca_mobile.png\",\"contentUrl\":\"https:\\\/\\\/www.cidademarketing.com.br\\\/marketing\\\/wp-content\\\/uploads\\\/2020\\\/01\\\/cidademarketing_marca_mobile.png\",\"width\":230,\"height\":92,\"caption\":\"CidadeMarketing\"},\"image\":{\"@id\":\"https:\\\/\\\/www.cidademarketing.com.br\\\/marketing\\\/#\\\/schema\\\/logo\\\/image\\\/\"},\"sameAs\":[\"https:\\\/\\\/www.facebook.com\\\/portalcidademarketing\",\"https:\\\/\\\/x.com\\\/CidadeMarketing\",\"https:\\\/\\\/www.instagram.com\\\/cidademarketing\\\/\"]},{\"@type\":\"Person\",\"@id\":\"https:\\\/\\\/www.cidademarketing.com.br\\\/marketing\\\/#\\\/schema\\\/person\\\/02daff9f18bd9378c9e01eb6b2db155f\",\"name\":\"Thales Brand\u00e3o\",\"image\":{\"@type\":\"ImageObject\",\"inLanguage\":\"pt-BR\",\"@id\":\"https:\\\/\\\/secure.gravatar.com\\\/avatar\\\/7ca3206950207cc3cb48feec56a8a7898741ab725c368d99d5d7a5a50aab80c6?s=96&d=mm&r=g\",\"url\":\"https:\\\/\\\/secure.gravatar.com\\\/avatar\\\/7ca3206950207cc3cb48feec56a8a7898741ab725c368d99d5d7a5a50aab80c6?s=96&d=mm&r=g\",\"contentUrl\":\"https:\\\/\\\/secure.gravatar.com\\\/avatar\\\/7ca3206950207cc3cb48feec56a8a7898741ab725c368d99d5d7a5a50aab80c6?s=96&d=mm&r=g\",\"caption\":\"Thales Brand\u00e3o\"},\"description\":\"Editor Executivo do Portal CidadeMarketing.com.br &gt; Mestre em Comunica\u00e7\u00e3o e Sociedade pela Universidade Federal de Sergipe. Possui MBA Executivo em Administra\u00e7\u00e3o com \u00eanfase em Marketing pela Funda\u00e7\u00e3o Get\u00falio Vargas - Rio de Janeiro. Consultor, Palestrante e Pesquisador sobre Empreendedorismo, Marketing, Redes Sociais e Neg\u00f3cios Digitais. Professor, Palestrante TedxTalks e Campus Party. Twitter: @ThalesBrandao\",\"sameAs\":[\"http:\\\/\\\/www.mandacaru.com.br\",\"https:\\\/\\\/www.facebook.com\\\/thalesbrandao\",\"http:\\\/\\\/www.instagram.com.br\\\/thalesbrandaoferreira\",\"https:\\\/\\\/www.linkedin.com\\\/in\\\/thales-brand\u00e3o-3948609\\\/\",\"https:\\\/\\\/x.com\\\/http:\\\/\\\/www.twitter.com\\\/thalesbrandao\"],\"url\":\"https:\\\/\\\/www.cidademarketing.com.br\\\/marketing\\\/author\\\/thalesbrandao\\\/\"}]}<\/script>\n<!-- \/ Yoast SEO plugin. -->","yoast_head_json":{"title":"Transformar Juntos debate a desburocratiza\u00e7\u00e3o do ambiente de neg\u00f3cios e a inser\u00e7\u00e3o das MPE nas compras p\u00fablicas - CidadeMarketing","robots":{"index":"index","follow":"follow","max-snippet":"max-snippet:-1","max-image-preview":"max-image-preview:large","max-video-preview":"max-video-preview:-1"},"canonical":"https:\/\/www.cidademarketing.com.br\/marketing\/2022\/07\/22\/transformar-juntos-debate-a-desburocratizacao-do-ambiente-de-negocios-e-a-insercao-das-mpe-nas-compras-publicas\/","og_locale":"pt_BR","og_type":"article","og_title":"Transformar Juntos debate a desburocratiza\u00e7\u00e3o do ambiente de neg\u00f3cios e a inser\u00e7\u00e3o das MPE nas compras p\u00fablicas - CidadeMarketing","og_description":"Empres\u00e1rios de todo o pa\u00eds ter\u00e3o uma oportunidade para se conectar aos principais parceiros da iniciativa privada e do setor p\u00fablico durante o \u201cTransformar Juntos\u201d, que acontece nos pr\u00f3ximos dias 26, 27 e 28 em Bras\u00edlia (DF). O evento une o \u201cFomenta\u201d e o \u201cBrasil Mais Simples\u201d, iniciativas que s\u00e3o refer\u00eancias quando se fala em [&hellip;]","og_url":"https:\/\/www.cidademarketing.com.br\/marketing\/2022\/07\/22\/transformar-juntos-debate-a-desburocratizacao-do-ambiente-de-negocios-e-a-insercao-das-mpe-nas-compras-publicas\/","og_site_name":"CidadeMarketing","article_publisher":"https:\/\/www.facebook.com\/portalcidademarketing","article_author":"https:\/\/www.facebook.com\/thalesbrandao","article_published_time":"2022-07-22T20:29:20+00:00","og_image":[{"width":600,"height":400,"url":"https:\/\/www.cidademarketing.com.br\/marketing\/wp-content\/uploads\/2018\/08\/sebrae.jpg","type":"image\/jpeg"}],"author":"Thales Brand\u00e3o","twitter_card":"summary_large_image","twitter_creator":"@http:\/\/www.twitter.com\/thalesbrandao","twitter_site":"@CidadeMarketing","twitter_misc":{"Escrito por":"Thales Brand\u00e3o","Est. tempo de leitura":"2 minutos"},"schema":{"@context":"https:\/\/schema.org","@graph":[{"@type":"Article","@id":"https:\/\/www.cidademarketing.com.br\/marketing\/2022\/07\/22\/transformar-juntos-debate-a-desburocratizacao-do-ambiente-de-negocios-e-a-insercao-das-mpe-nas-compras-publicas\/#article","isPartOf":{"@id":"https:\/\/www.cidademarketing.com.br\/marketing\/2022\/07\/22\/transformar-juntos-debate-a-desburocratizacao-do-ambiente-de-negocios-e-a-insercao-das-mpe-nas-compras-publicas\/"},"author":{"name":"Thales Brand\u00e3o","@id":"https:\/\/www.cidademarketing.com.br\/marketing\/#\/schema\/person\/02daff9f18bd9378c9e01eb6b2db155f"},"headline":"Transformar Juntos debate a desburocratiza\u00e7\u00e3o do ambiente de neg\u00f3cios e a inser\u00e7\u00e3o das MPE nas compras p\u00fablicas","datePublished":"2022-07-22T20:29:20+00:00","mainEntityOfPage":{"@id":"https:\/\/www.cidademarketing.com.br\/marketing\/2022\/07\/22\/transformar-juntos-debate-a-desburocratizacao-do-ambiente-de-negocios-e-a-insercao-das-mpe-nas-compras-publicas\/"},"wordCount":517,"commentCount":0,"publisher":{"@id":"https:\/\/www.cidademarketing.com.br\/marketing\/#organization"},"image":{"@id":"https:\/\/www.cidademarketing.com.br\/marketing\/2022\/07\/22\/transformar-juntos-debate-a-desburocratizacao-do-ambiente-de-negocios-e-a-insercao-das-mpe-nas-compras-publicas\/#primaryimage"},"thumbnailUrl":"https:\/\/www.cidademarketing.com.br\/marketing\/wp-content\/uploads\/2018\/08\/sebrae.jpg","keywords":["comunica\u00e7\u00e3o","estrat\u00e9gia","marketing","SEBRAE"],"articleSection":["Not\u00edcias"],"inLanguage":"pt-BR","potentialAction":[{"@type":"CommentAction","name":"Comment","target":["https:\/\/www.cidademarketing.com.br\/marketing\/2022\/07\/22\/transformar-juntos-debate-a-desburocratizacao-do-ambiente-de-negocios-e-a-insercao-das-mpe-nas-compras-publicas\/#respond"]}]},{"@type":"WebPage","@id":"https:\/\/www.cidademarketing.com.br\/marketing\/2022\/07\/22\/transformar-juntos-debate-a-desburocratizacao-do-ambiente-de-negocios-e-a-insercao-das-mpe-nas-compras-publicas\/","url":"https:\/\/www.cidademarketing.com.br\/marketing\/2022\/07\/22\/transformar-juntos-debate-a-desburocratizacao-do-ambiente-de-negocios-e-a-insercao-das-mpe-nas-compras-publicas\/","name":"Transformar Juntos debate a desburocratiza\u00e7\u00e3o do ambiente de neg\u00f3cios e a inser\u00e7\u00e3o das MPE nas compras p\u00fablicas - CidadeMarketing","isPartOf":{"@id":"https:\/\/www.cidademarketing.com.br\/marketing\/#website"},"primaryImageOfPage":{"@id":"https:\/\/www.cidademarketing.com.br\/marketing\/2022\/07\/22\/transformar-juntos-debate-a-desburocratizacao-do-ambiente-de-negocios-e-a-insercao-das-mpe-nas-compras-publicas\/#primaryimage"},"image":{"@id":"https:\/\/www.cidademarketing.com.br\/marketing\/2022\/07\/22\/transformar-juntos-debate-a-desburocratizacao-do-ambiente-de-negocios-e-a-insercao-das-mpe-nas-compras-publicas\/#primaryimage"},"thumbnailUrl":"https:\/\/www.cidademarketing.com.br\/marketing\/wp-content\/uploads\/2018\/08\/sebrae.jpg","datePublished":"2022-07-22T20:29:20+00:00","breadcrumb":{"@id":"https:\/\/www.cidademarketing.com.br\/marketing\/2022\/07\/22\/transformar-juntos-debate-a-desburocratizacao-do-ambiente-de-negocios-e-a-insercao-das-mpe-nas-compras-publicas\/#breadcrumb"},"inLanguage":"pt-BR","potentialAction":[{"@type":"ReadAction","target":["https:\/\/www.cidademarketing.com.br\/marketing\/2022\/07\/22\/transformar-juntos-debate-a-desburocratizacao-do-ambiente-de-negocios-e-a-insercao-das-mpe-nas-compras-publicas\/"]}]},{"@type":"ImageObject","inLanguage":"pt-BR","@id":"https:\/\/www.cidademarketing.com.br\/marketing\/2022\/07\/22\/transformar-juntos-debate-a-desburocratizacao-do-ambiente-de-negocios-e-a-insercao-das-mpe-nas-compras-publicas\/#primaryimage","url":"https:\/\/www.cidademarketing.com.br\/marketing\/wp-content\/uploads\/2018\/08\/sebrae.jpg","contentUrl":"https:\/\/www.cidademarketing.com.br\/marketing\/wp-content\/uploads\/2018\/08\/sebrae.jpg","width":600,"height":400},{"@type":"BreadcrumbList","@id":"https:\/\/www.cidademarketing.com.br\/marketing\/2022\/07\/22\/transformar-juntos-debate-a-desburocratizacao-do-ambiente-de-negocios-e-a-insercao-das-mpe-nas-compras-publicas\/#breadcrumb","itemListElement":[{"@type":"ListItem","position":1,"name":"In\u00edcio","item":"https:\/\/www.cidademarketing.com.br\/marketing\/"},{"@type":"ListItem","position":2,"name":"Transformar Juntos debate a desburocratiza\u00e7\u00e3o do ambiente de neg\u00f3cios e a inser\u00e7\u00e3o das MPE nas compras p\u00fablicas"}]},{"@type":"WebSite","@id":"https:\/\/www.cidademarketing.com.br\/marketing\/#website","url":"https:\/\/www.cidademarketing.com.br\/marketing\/","name":"CidadeMarketing","description":"Somos um ve\u00edculo de comunica\u00e7\u00e3o de destaque no Brasil, reconhecido por conte\u00fados nos segmentos de marketing, empreendedorismo e inova\u00e7\u00e3o.","publisher":{"@id":"https:\/\/www.cidademarketing.com.br\/marketing\/#organization"},"alternateName":"CidadeMarketing","potentialAction":[{"@type":"SearchAction","target":{"@type":"EntryPoint","urlTemplate":"https:\/\/www.cidademarketing.com.br\/marketing\/?s={search_term_string}"},"query-input":{"@type":"PropertyValueSpecification","valueRequired":true,"valueName":"search_term_string"}}],"inLanguage":"pt-BR"},{"@type":"Organization","@id":"https:\/\/www.cidademarketing.com.br\/marketing\/#organization","name":"CidadeMarketing","alternateName":"CidadeMarketing","url":"https:\/\/www.cidademarketing.com.br\/marketing\/","logo":{"@type":"ImageObject","inLanguage":"pt-BR","@id":"https:\/\/www.cidademarketing.com.br\/marketing\/#\/schema\/logo\/image\/","url":"https:\/\/www.cidademarketing.com.br\/marketing\/wp-content\/uploads\/2020\/01\/cidademarketing_marca_mobile.png","contentUrl":"https:\/\/www.cidademarketing.com.br\/marketing\/wp-content\/uploads\/2020\/01\/cidademarketing_marca_mobile.png","width":230,"height":92,"caption":"CidadeMarketing"},"image":{"@id":"https:\/\/www.cidademarketing.com.br\/marketing\/#\/schema\/logo\/image\/"},"sameAs":["https:\/\/www.facebook.com\/portalcidademarketing","https:\/\/x.com\/CidadeMarketing","https:\/\/www.instagram.com\/cidademarketing\/"]},{"@type":"Person","@id":"https:\/\/www.cidademarketing.com.br\/marketing\/#\/schema\/person\/02daff9f18bd9378c9e01eb6b2db155f","name":"Thales Brand\u00e3o","image":{"@type":"ImageObject","inLanguage":"pt-BR","@id":"https:\/\/secure.gravatar.com\/avatar\/7ca3206950207cc3cb48feec56a8a7898741ab725c368d99d5d7a5a50aab80c6?s=96&d=mm&r=g","url":"https:\/\/secure.gravatar.com\/avatar\/7ca3206950207cc3cb48feec56a8a7898741ab725c368d99d5d7a5a50aab80c6?s=96&d=mm&r=g","contentUrl":"https:\/\/secure.gravatar.com\/avatar\/7ca3206950207cc3cb48feec56a8a7898741ab725c368d99d5d7a5a50aab80c6?s=96&d=mm&r=g","caption":"Thales Brand\u00e3o"},"description":"Editor Executivo do Portal CidadeMarketing.com.br &gt; Mestre em Comunica\u00e7\u00e3o e Sociedade pela Universidade Federal de Sergipe. Possui MBA Executivo em Administra\u00e7\u00e3o com \u00eanfase em Marketing pela Funda\u00e7\u00e3o Get\u00falio Vargas - Rio de Janeiro. Consultor, Palestrante e Pesquisador sobre Empreendedorismo, Marketing, Redes Sociais e Neg\u00f3cios Digitais. Professor, Palestrante TedxTalks e Campus Party. Twitter: @ThalesBrandao","sameAs":["http:\/\/www.mandacaru.com.br","https:\/\/www.facebook.com\/thalesbrandao","http:\/\/www.instagram.com.br\/thalesbrandaoferreira","https:\/\/www.linkedin.com\/in\/thales-brand\u00e3o-3948609\/","https:\/\/x.com\/http:\/\/www.twitter.com\/thalesbrandao"],"url":"https:\/\/www.cidademarketing.com.br\/marketing\/author\/thalesbrandao\/"}]}},"amp_enabled":true,"_links":{"self":[{"href":"https:\/\/www.cidademarketing.com.br\/marketing\/wp-json\/wp\/v2\/posts\/37072","targetHints":{"allow":["GET"]}}],"collection":[{"href":"https:\/\/www.cidademarketing.com.br\/marketing\/wp-json\/wp\/v2\/posts"}],"about":[{"href":"https:\/\/www.cidademarketing.com.br\/marketing\/wp-json\/wp\/v2\/types\/post"}],"author":[{"embeddable":true,"href":"https:\/\/www.cidademarketing.com.br\/marketing\/wp-json\/wp\/v2\/users\/1"}],"replies":[{"embeddable":true,"href":"https:\/\/www.cidademarketing.com.br\/marketing\/wp-json\/wp\/v2\/comments?post=37072"}],"version-history":[{"count":1,"href":"https:\/\/www.cidademarketing.com.br\/marketing\/wp-json\/wp\/v2\/posts\/37072\/revisions"}],"predecessor-version":[{"id":37073,"href":"https:\/\/www.cidademarketing.com.br\/marketing\/wp-json\/wp\/v2\/posts\/37072\/revisions\/37073"}],"wp:featuredmedia":[{"embeddable":true,"href":"https:\/\/www.cidademarketing.com.br\/marketing\/wp-json\/wp\/v2\/media\/1779"}],"wp:attachment":[{"href":"https:\/\/www.cidademarketing.com.br\/marketing\/wp-json\/wp\/v2\/media?parent=37072"}],"wp:term":[{"taxonomy":"category","embeddable":true,"href":"https:\/\/www.cidademarketing.com.br\/marketing\/wp-json\/wp\/v2\/categories?post=37072"},{"taxonomy":"post_tag","embeddable":true,"href":"https:\/\/www.cidademarketing.com.br\/marketing\/wp-json\/wp\/v2\/tags?post=37072"}],"curies":[{"name":"wp","href":"https:\/\/api.w.org\/{rel}","templated":true}]}}