{"id":37053,"date":"2022-07-22T11:36:22","date_gmt":"2022-07-22T14:36:22","guid":{"rendered":"https:\/\/www.cidademarketing.com.br\/marketing\/?p=37053"},"modified":"2022-07-22T11:36:22","modified_gmt":"2022-07-22T14:36:22","slug":"audi-e-netflix-se-juntam-em-novo-filme-agente-oculto-que-tem-estreia-global-nesta-semana","status":"publish","type":"post","link":"https:\/\/www.cidademarketing.com.br\/marketing\/2022\/07\/22\/audi-e-netflix-se-juntam-em-novo-filme-agente-oculto-que-tem-estreia-global-nesta-semana\/","title":{"rendered":"Audi e Netflix se juntam em novo filme Agente Oculto, que tem estreia global nesta semana"},"content":{"rendered":"<p><iframe style=\"border-radius: 12px;\" src=\"https:\/\/open.spotify.com\/embed\/show\/4khMKzP3FgFRWVwb73xicc?utm_source=generator&amp;t=0\" width=\"100%\" height=\"232\" frameborder=\"0\" allowfullscreen=\"allowfullscreen\"><\/iframe><br \/>\nAudi e Netflix realizaram uma parceria no filme Agente Oculto \u2013 The Gray Man, no t\u00edtulo original em ingl\u00eas \u2013 que tem estreia global nesta semana por meio da plataforma de streaming. Com participa\u00e7\u00f5es de Ryan Gosling e do brasileiro Wagner Moura, o longa exibir\u00e1 quatro ve\u00edculos da montadora: Audi RS e-tron GT, Audi Q4 Sportback e-tron, Audi RS 7 Sportback e Audi R8 Coup\u00e9. O filme Agente Oculto foi lan\u00e7ado em espa\u00e7os selecionados ao redor do mundo em 15 de julho e ser\u00e1 lan\u00e7ado globalmente na Netflix hoje (22\/07). O filme conta com um elenco estrelado: Ryan Gosling (Sierra Six), Chris Evans (Lloyd Hansen), Ana de Armas (Dani Miranda), Jessica Henwick (Suzanne Brewer), Reg\u00e9-Jean Page (Denny Carmichael), Wagner Moura (Laszlo), Julia Butters (Claire), Dhanush (Avik San), Billy Bob Thornton (Donald Fitzroy), e Alfre Woodard (Margaret Cahill).<\/p>\n<p>Quatro modelos da Audi em destaque<br \/>\nO 100% el\u00e9trico Audi RS e-tron GT \u00e9 dirigido por Sierra Six (Ryan Gosling) e o Audi Q4 Sportback e-tron, tamb\u00e9m el\u00e9trico, \u00e9 dirigido pela Agente Dani Miranda (Ana de Armas). O Audi RS 7 Sportback \u00e9 apresentado numa sequ\u00eancia de persegui\u00e7\u00e3o com a Agente Dani Miranda atr\u00e1s do volante e o Audi R8 Coup\u00e9 \u00e9 visto em cenas de dire\u00e7\u00e3o com Avik San (Dhanush).<\/p>\n<p>\u201cEste filme tem um apelo global e intrigante\u201d, diz Henrik Wenders, Head de Marca da Audi AG. Ele explica a verdadeira extens\u00e3o do papel da Audi na cria\u00e7\u00e3o da produ\u00e7\u00e3o, que foi muito al\u00e9m do simples fornecimento de ve\u00edculos. \u201cEsta coopera\u00e7\u00e3o nos fez sentir a a\u00e7\u00e3o e alta velocidade. Tal como os irm\u00e3os Russo, n\u00f3s na Audi estamos alavancando a tecnologia para criar algo nunca visto e vivenciado antes &#8220;, disse ele. &#8220;A Audi trabalhou com os diretores Joe e Anthony Russo na sele\u00e7\u00e3o dos novos carros. Foi fascinante ser parceiros nesta produ\u00e7\u00e3o cinematogr\u00e1fica e trabalhar em colabora\u00e7\u00e3o com a Netflix&#8221;.<\/p>\n<p>Anthony Russo comenta: \u201cComo contadores de hist\u00f3rias, n\u00f3s sempre fomos muito interessados em encontrar e explorar novas tecnologias para fazer algo que ningu\u00e9m tenha feito antes. Isso nos anima. Este tipo de abordagem eu aplicaria a tudo, particularmente a evolu\u00e7\u00e3o que est\u00e1 acontecendo com os ve\u00edculos atualmente. Por mais que eu ame os carros do passado e de hoje, eu certamente estou mais interessado em saber para onde os carros v\u00e3o amanh\u00e3. Essa \u00e9 uma nova fronteira que vai nos trazer experi\u00eancias totalmente novas, n\u00e3o s\u00f3 como condutores ou consumidores, mas tamb\u00e9m como pessoas que coexistem com carros&#8221;.<\/p>\n<p>Ap\u00f3s o lan\u00e7amento da Netflix, a Audi contar\u00e1 a hist\u00f3ria por tr\u00e1s do Audi Q4 Sportback e-tron numa curta-metragem digital onde os espectadores saber\u00e3o como a Agente Dani Miranda (Ana De Armas) conheceu o seu carro el\u00e9ctrico pela primeira vez.<\/p>\n<p>Esta colabora\u00e7\u00e3o entre Audi e Netflix ir\u00e1 ganhar vida em quase 30 pa\u00edses em todo o mundo, com estreias globais que incluem a frota totalmente el\u00e9trica da Audi, bem como ativa\u00e7\u00f5es sociais e digitais para os f\u00e3s mergulharem ainda mais no mundo de The Gray Man.<\/p>\n<div style=\"width: 640px;\" class=\"wp-video\"><video class=\"wp-video-shortcode\" id=\"video-37053-1\" width=\"640\" height=\"360\" preload=\"metadata\" controls=\"controls\"><source type=\"video\/mp4\" src=\"https:\/\/www.cidademarketing.com.br\/marketing\/wp-content\/uploads\/2022\/07\/audi_netflix_.mp4?_=1\" \/><a href=\"https:\/\/www.cidademarketing.com.br\/marketing\/wp-content\/uploads\/2022\/07\/audi_netflix_.mp4\">https:\/\/www.cidademarketing.com.br\/marketing\/wp-content\/uploads\/2022\/07\/audi_netflix_.mp4<\/a><\/video><\/div>\n<p><iframe style=\"width: 100%; max-width: 660px; overflow: hidden; background: transparent;\" src=\"https:\/\/embed.podcasts.apple.com\/br\/podcast\/podcast-cidademarketing\/id1371923283\" height=\"450\" frameborder=\"0\" sandbox=\"allow-forms allow-popups allow-same-origin allow-scripts allow-storage-access-by-user-activation allow-top-navigation-by-user-activation\"><\/iframe><\/p>\n","protected":false},"excerpt":{"rendered":"<p>Audi e Netflix realizaram uma parceria no filme Agente Oculto \u2013 The Gray Man, no t\u00edtulo original em ingl\u00eas \u2013 que tem estreia global nesta semana por meio da plataforma de streaming. Com participa\u00e7\u00f5es de Ryan Gosling e do brasileiro Wagner Moura, o longa exibir\u00e1 quatro ve\u00edculos da montadora: Audi RS e-tron GT, Audi Q4 [&hellip;]<\/p>\n","protected":false},"author":1,"featured_media":37055,"comment_status":"open","ping_status":"open","sticky":false,"template":"","format":"standard","meta":{"tdm_status":"","tdm_grid_status":"","footnotes":""},"categories":[6],"tags":[943,65,33,836,28,296,66],"class_list":["post-37053","post","type-post","status-publish","format-standard","has-post-thumbnail","hentry","category-noticias","tag-audi","tag-campanha","tag-estrategia","tag-filme","tag-marketing","tag-netflix","tag-propaganda"],"yoast_head":"<!-- This site is optimized with the Yoast SEO plugin v27.5 - https:\/\/yoast.com\/product\/yoast-seo-wordpress\/ -->\n<title>Audi e Netflix se juntam em novo filme Agente Oculto, que tem estreia global nesta semana - CidadeMarketing<\/title>\n<meta name=\"robots\" content=\"index, follow, max-snippet:-1, max-image-preview:large, max-video-preview:-1\" \/>\n<link rel=\"canonical\" href=\"https:\/\/www.cidademarketing.com.br\/marketing\/2022\/07\/22\/audi-e-netflix-se-juntam-em-novo-filme-agente-oculto-que-tem-estreia-global-nesta-semana\/\" \/>\n<meta property=\"og:locale\" content=\"pt_BR\" \/>\n<meta property=\"og:type\" content=\"article\" \/>\n<meta property=\"og:title\" content=\"Audi e Netflix se juntam em novo filme Agente Oculto, que tem estreia global nesta semana - CidadeMarketing\" \/>\n<meta property=\"og:description\" content=\"Audi e Netflix realizaram uma parceria no filme Agente Oculto \u2013 The Gray Man, no t\u00edtulo original em ingl\u00eas \u2013 que tem estreia global nesta semana por meio da plataforma de streaming. Com participa\u00e7\u00f5es de Ryan Gosling e do brasileiro Wagner Moura, o longa exibir\u00e1 quatro ve\u00edculos da montadora: Audi RS e-tron GT, Audi Q4 [&hellip;]\" \/>\n<meta property=\"og:url\" content=\"https:\/\/www.cidademarketing.com.br\/marketing\/2022\/07\/22\/audi-e-netflix-se-juntam-em-novo-filme-agente-oculto-que-tem-estreia-global-nesta-semana\/\" \/>\n<meta property=\"og:site_name\" content=\"CidadeMarketing\" \/>\n<meta property=\"article:publisher\" content=\"https:\/\/www.facebook.com\/portalcidademarketing\" \/>\n<meta property=\"article:author\" content=\"https:\/\/www.facebook.com\/thalesbrandao\" \/>\n<meta property=\"article:published_time\" content=\"2022-07-22T14:36:22+00:00\" \/>\n<meta property=\"og:image\" content=\"https:\/\/www.cidademarketing.com.br\/marketing\/wp-content\/uploads\/2022\/07\/audi_netflix.jpg\" \/>\n\t<meta property=\"og:image:width\" content=\"767\" \/>\n\t<meta property=\"og:image:height\" content=\"321\" \/>\n\t<meta property=\"og:image:type\" content=\"image\/jpeg\" \/>\n<meta name=\"author\" content=\"Thales Brand\u00e3o\" \/>\n<meta name=\"twitter:card\" content=\"summary_large_image\" \/>\n<meta name=\"twitter:creator\" content=\"@http:\/\/www.twitter.com\/thalesbrandao\" \/>\n<meta name=\"twitter:site\" content=\"@CidadeMarketing\" \/>\n<meta name=\"twitter:label1\" content=\"Escrito por\" \/>\n\t<meta name=\"twitter:data1\" content=\"Thales Brand\u00e3o\" \/>\n\t<meta name=\"twitter:label2\" content=\"Est. tempo de leitura\" \/>\n\t<meta name=\"twitter:data2\" content=\"3 minutos\" \/>\n<script type=\"application\/ld+json\" class=\"yoast-schema-graph\">{\"@context\":\"https:\\\/\\\/schema.org\",\"@graph\":[{\"@type\":\"Article\",\"@id\":\"https:\\\/\\\/www.cidademarketing.com.br\\\/marketing\\\/2022\\\/07\\\/22\\\/audi-e-netflix-se-juntam-em-novo-filme-agente-oculto-que-tem-estreia-global-nesta-semana\\\/#article\",\"isPartOf\":{\"@id\":\"https:\\\/\\\/www.cidademarketing.com.br\\\/marketing\\\/2022\\\/07\\\/22\\\/audi-e-netflix-se-juntam-em-novo-filme-agente-oculto-que-tem-estreia-global-nesta-semana\\\/\"},\"author\":{\"name\":\"Thales Brand\u00e3o\",\"@id\":\"https:\\\/\\\/www.cidademarketing.com.br\\\/marketing\\\/#\\\/schema\\\/person\\\/02daff9f18bd9378c9e01eb6b2db155f\"},\"headline\":\"Audi e Netflix se juntam em novo filme Agente Oculto, que tem estreia global nesta semana\",\"datePublished\":\"2022-07-22T14:36:22+00:00\",\"mainEntityOfPage\":{\"@id\":\"https:\\\/\\\/www.cidademarketing.com.br\\\/marketing\\\/2022\\\/07\\\/22\\\/audi-e-netflix-se-juntam-em-novo-filme-agente-oculto-que-tem-estreia-global-nesta-semana\\\/\"},\"wordCount\":559,\"commentCount\":0,\"publisher\":{\"@id\":\"https:\\\/\\\/www.cidademarketing.com.br\\\/marketing\\\/#organization\"},\"image\":{\"@id\":\"https:\\\/\\\/www.cidademarketing.com.br\\\/marketing\\\/2022\\\/07\\\/22\\\/audi-e-netflix-se-juntam-em-novo-filme-agente-oculto-que-tem-estreia-global-nesta-semana\\\/#primaryimage\"},\"thumbnailUrl\":\"https:\\\/\\\/www.cidademarketing.com.br\\\/marketing\\\/wp-content\\\/uploads\\\/2022\\\/07\\\/audi_netflix.jpg\",\"keywords\":[\"Audi\",\"campanha\",\"estrat\u00e9gia\",\"filme\",\"marketing\",\"Netflix\",\"propaganda\"],\"articleSection\":[\"Not\u00edcias\"],\"inLanguage\":\"pt-BR\",\"potentialAction\":[{\"@type\":\"CommentAction\",\"name\":\"Comment\",\"target\":[\"https:\\\/\\\/www.cidademarketing.com.br\\\/marketing\\\/2022\\\/07\\\/22\\\/audi-e-netflix-se-juntam-em-novo-filme-agente-oculto-que-tem-estreia-global-nesta-semana\\\/#respond\"]}]},{\"@type\":\"WebPage\",\"@id\":\"https:\\\/\\\/www.cidademarketing.com.br\\\/marketing\\\/2022\\\/07\\\/22\\\/audi-e-netflix-se-juntam-em-novo-filme-agente-oculto-que-tem-estreia-global-nesta-semana\\\/\",\"url\":\"https:\\\/\\\/www.cidademarketing.com.br\\\/marketing\\\/2022\\\/07\\\/22\\\/audi-e-netflix-se-juntam-em-novo-filme-agente-oculto-que-tem-estreia-global-nesta-semana\\\/\",\"name\":\"Audi e Netflix se juntam em novo filme Agente Oculto, que tem estreia global nesta semana - CidadeMarketing\",\"isPartOf\":{\"@id\":\"https:\\\/\\\/www.cidademarketing.com.br\\\/marketing\\\/#website\"},\"primaryImageOfPage\":{\"@id\":\"https:\\\/\\\/www.cidademarketing.com.br\\\/marketing\\\/2022\\\/07\\\/22\\\/audi-e-netflix-se-juntam-em-novo-filme-agente-oculto-que-tem-estreia-global-nesta-semana\\\/#primaryimage\"},\"image\":{\"@id\":\"https:\\\/\\\/www.cidademarketing.com.br\\\/marketing\\\/2022\\\/07\\\/22\\\/audi-e-netflix-se-juntam-em-novo-filme-agente-oculto-que-tem-estreia-global-nesta-semana\\\/#primaryimage\"},\"thumbnailUrl\":\"https:\\\/\\\/www.cidademarketing.com.br\\\/marketing\\\/wp-content\\\/uploads\\\/2022\\\/07\\\/audi_netflix.jpg\",\"datePublished\":\"2022-07-22T14:36:22+00:00\",\"breadcrumb\":{\"@id\":\"https:\\\/\\\/www.cidademarketing.com.br\\\/marketing\\\/2022\\\/07\\\/22\\\/audi-e-netflix-se-juntam-em-novo-filme-agente-oculto-que-tem-estreia-global-nesta-semana\\\/#breadcrumb\"},\"inLanguage\":\"pt-BR\",\"potentialAction\":[{\"@type\":\"ReadAction\",\"target\":[\"https:\\\/\\\/www.cidademarketing.com.br\\\/marketing\\\/2022\\\/07\\\/22\\\/audi-e-netflix-se-juntam-em-novo-filme-agente-oculto-que-tem-estreia-global-nesta-semana\\\/\"]}]},{\"@type\":\"ImageObject\",\"inLanguage\":\"pt-BR\",\"@id\":\"https:\\\/\\\/www.cidademarketing.com.br\\\/marketing\\\/2022\\\/07\\\/22\\\/audi-e-netflix-se-juntam-em-novo-filme-agente-oculto-que-tem-estreia-global-nesta-semana\\\/#primaryimage\",\"url\":\"https:\\\/\\\/www.cidademarketing.com.br\\\/marketing\\\/wp-content\\\/uploads\\\/2022\\\/07\\\/audi_netflix.jpg\",\"contentUrl\":\"https:\\\/\\\/www.cidademarketing.com.br\\\/marketing\\\/wp-content\\\/uploads\\\/2022\\\/07\\\/audi_netflix.jpg\",\"width\":767,\"height\":321},{\"@type\":\"BreadcrumbList\",\"@id\":\"https:\\\/\\\/www.cidademarketing.com.br\\\/marketing\\\/2022\\\/07\\\/22\\\/audi-e-netflix-se-juntam-em-novo-filme-agente-oculto-que-tem-estreia-global-nesta-semana\\\/#breadcrumb\",\"itemListElement\":[{\"@type\":\"ListItem\",\"position\":1,\"name\":\"In\u00edcio\",\"item\":\"https:\\\/\\\/www.cidademarketing.com.br\\\/marketing\\\/\"},{\"@type\":\"ListItem\",\"position\":2,\"name\":\"Audi e Netflix se juntam em novo filme Agente Oculto, que tem estreia global nesta semana\"}]},{\"@type\":\"WebSite\",\"@id\":\"https:\\\/\\\/www.cidademarketing.com.br\\\/marketing\\\/#website\",\"url\":\"https:\\\/\\\/www.cidademarketing.com.br\\\/marketing\\\/\",\"name\":\"CidadeMarketing\",\"description\":\"Somos um ve\u00edculo de comunica\u00e7\u00e3o de destaque no Brasil, reconhecido por conte\u00fados nos segmentos de marketing, empreendedorismo e inova\u00e7\u00e3o.\",\"publisher\":{\"@id\":\"https:\\\/\\\/www.cidademarketing.com.br\\\/marketing\\\/#organization\"},\"alternateName\":\"CidadeMarketing\",\"potentialAction\":[{\"@type\":\"SearchAction\",\"target\":{\"@type\":\"EntryPoint\",\"urlTemplate\":\"https:\\\/\\\/www.cidademarketing.com.br\\\/marketing\\\/?s={search_term_string}\"},\"query-input\":{\"@type\":\"PropertyValueSpecification\",\"valueRequired\":true,\"valueName\":\"search_term_string\"}}],\"inLanguage\":\"pt-BR\"},{\"@type\":\"Organization\",\"@id\":\"https:\\\/\\\/www.cidademarketing.com.br\\\/marketing\\\/#organization\",\"name\":\"CidadeMarketing\",\"alternateName\":\"CidadeMarketing\",\"url\":\"https:\\\/\\\/www.cidademarketing.com.br\\\/marketing\\\/\",\"logo\":{\"@type\":\"ImageObject\",\"inLanguage\":\"pt-BR\",\"@id\":\"https:\\\/\\\/www.cidademarketing.com.br\\\/marketing\\\/#\\\/schema\\\/logo\\\/image\\\/\",\"url\":\"https:\\\/\\\/www.cidademarketing.com.br\\\/marketing\\\/wp-content\\\/uploads\\\/2020\\\/01\\\/cidademarketing_marca_mobile.png\",\"contentUrl\":\"https:\\\/\\\/www.cidademarketing.com.br\\\/marketing\\\/wp-content\\\/uploads\\\/2020\\\/01\\\/cidademarketing_marca_mobile.png\",\"width\":230,\"height\":92,\"caption\":\"CidadeMarketing\"},\"image\":{\"@id\":\"https:\\\/\\\/www.cidademarketing.com.br\\\/marketing\\\/#\\\/schema\\\/logo\\\/image\\\/\"},\"sameAs\":[\"https:\\\/\\\/www.facebook.com\\\/portalcidademarketing\",\"https:\\\/\\\/x.com\\\/CidadeMarketing\",\"https:\\\/\\\/www.instagram.com\\\/cidademarketing\\\/\"]},{\"@type\":\"Person\",\"@id\":\"https:\\\/\\\/www.cidademarketing.com.br\\\/marketing\\\/#\\\/schema\\\/person\\\/02daff9f18bd9378c9e01eb6b2db155f\",\"name\":\"Thales Brand\u00e3o\",\"image\":{\"@type\":\"ImageObject\",\"inLanguage\":\"pt-BR\",\"@id\":\"https:\\\/\\\/secure.gravatar.com\\\/avatar\\\/7ca3206950207cc3cb48feec56a8a7898741ab725c368d99d5d7a5a50aab80c6?s=96&d=mm&r=g\",\"url\":\"https:\\\/\\\/secure.gravatar.com\\\/avatar\\\/7ca3206950207cc3cb48feec56a8a7898741ab725c368d99d5d7a5a50aab80c6?s=96&d=mm&r=g\",\"contentUrl\":\"https:\\\/\\\/secure.gravatar.com\\\/avatar\\\/7ca3206950207cc3cb48feec56a8a7898741ab725c368d99d5d7a5a50aab80c6?s=96&d=mm&r=g\",\"caption\":\"Thales Brand\u00e3o\"},\"description\":\"Editor Executivo do Portal CidadeMarketing.com.br &gt; Mestre em Comunica\u00e7\u00e3o e Sociedade pela Universidade Federal de Sergipe. Possui MBA Executivo em Administra\u00e7\u00e3o com \u00eanfase em Marketing pela Funda\u00e7\u00e3o Get\u00falio Vargas - Rio de Janeiro. Consultor, Palestrante e Pesquisador sobre Empreendedorismo, Marketing, Redes Sociais e Neg\u00f3cios Digitais. Professor, Palestrante TedxTalks e Campus Party. Twitter: @ThalesBrandao\",\"sameAs\":[\"http:\\\/\\\/www.mandacaru.com.br\",\"https:\\\/\\\/www.facebook.com\\\/thalesbrandao\",\"http:\\\/\\\/www.instagram.com.br\\\/thalesbrandaoferreira\",\"https:\\\/\\\/www.linkedin.com\\\/in\\\/thales-brand\u00e3o-3948609\\\/\",\"https:\\\/\\\/x.com\\\/http:\\\/\\\/www.twitter.com\\\/thalesbrandao\"],\"url\":\"https:\\\/\\\/www.cidademarketing.com.br\\\/marketing\\\/author\\\/thalesbrandao\\\/\"}]}<\/script>\n<!-- \/ Yoast SEO plugin. -->","yoast_head_json":{"title":"Audi e Netflix se juntam em novo filme Agente Oculto, que tem estreia global nesta semana - CidadeMarketing","robots":{"index":"index","follow":"follow","max-snippet":"max-snippet:-1","max-image-preview":"max-image-preview:large","max-video-preview":"max-video-preview:-1"},"canonical":"https:\/\/www.cidademarketing.com.br\/marketing\/2022\/07\/22\/audi-e-netflix-se-juntam-em-novo-filme-agente-oculto-que-tem-estreia-global-nesta-semana\/","og_locale":"pt_BR","og_type":"article","og_title":"Audi e Netflix se juntam em novo filme Agente Oculto, que tem estreia global nesta semana - CidadeMarketing","og_description":"Audi e Netflix realizaram uma parceria no filme Agente Oculto \u2013 The Gray Man, no t\u00edtulo original em ingl\u00eas \u2013 que tem estreia global nesta semana por meio da plataforma de streaming. Com participa\u00e7\u00f5es de Ryan Gosling e do brasileiro Wagner Moura, o longa exibir\u00e1 quatro ve\u00edculos da montadora: Audi RS e-tron GT, Audi Q4 [&hellip;]","og_url":"https:\/\/www.cidademarketing.com.br\/marketing\/2022\/07\/22\/audi-e-netflix-se-juntam-em-novo-filme-agente-oculto-que-tem-estreia-global-nesta-semana\/","og_site_name":"CidadeMarketing","article_publisher":"https:\/\/www.facebook.com\/portalcidademarketing","article_author":"https:\/\/www.facebook.com\/thalesbrandao","article_published_time":"2022-07-22T14:36:22+00:00","og_image":[{"width":767,"height":321,"url":"https:\/\/www.cidademarketing.com.br\/marketing\/wp-content\/uploads\/2022\/07\/audi_netflix.jpg","type":"image\/jpeg"}],"author":"Thales Brand\u00e3o","twitter_card":"summary_large_image","twitter_creator":"@http:\/\/www.twitter.com\/thalesbrandao","twitter_site":"@CidadeMarketing","twitter_misc":{"Escrito por":"Thales Brand\u00e3o","Est. tempo de leitura":"3 minutos"},"schema":{"@context":"https:\/\/schema.org","@graph":[{"@type":"Article","@id":"https:\/\/www.cidademarketing.com.br\/marketing\/2022\/07\/22\/audi-e-netflix-se-juntam-em-novo-filme-agente-oculto-que-tem-estreia-global-nesta-semana\/#article","isPartOf":{"@id":"https:\/\/www.cidademarketing.com.br\/marketing\/2022\/07\/22\/audi-e-netflix-se-juntam-em-novo-filme-agente-oculto-que-tem-estreia-global-nesta-semana\/"},"author":{"name":"Thales Brand\u00e3o","@id":"https:\/\/www.cidademarketing.com.br\/marketing\/#\/schema\/person\/02daff9f18bd9378c9e01eb6b2db155f"},"headline":"Audi e Netflix se juntam em novo filme Agente Oculto, que tem estreia global nesta semana","datePublished":"2022-07-22T14:36:22+00:00","mainEntityOfPage":{"@id":"https:\/\/www.cidademarketing.com.br\/marketing\/2022\/07\/22\/audi-e-netflix-se-juntam-em-novo-filme-agente-oculto-que-tem-estreia-global-nesta-semana\/"},"wordCount":559,"commentCount":0,"publisher":{"@id":"https:\/\/www.cidademarketing.com.br\/marketing\/#organization"},"image":{"@id":"https:\/\/www.cidademarketing.com.br\/marketing\/2022\/07\/22\/audi-e-netflix-se-juntam-em-novo-filme-agente-oculto-que-tem-estreia-global-nesta-semana\/#primaryimage"},"thumbnailUrl":"https:\/\/www.cidademarketing.com.br\/marketing\/wp-content\/uploads\/2022\/07\/audi_netflix.jpg","keywords":["Audi","campanha","estrat\u00e9gia","filme","marketing","Netflix","propaganda"],"articleSection":["Not\u00edcias"],"inLanguage":"pt-BR","potentialAction":[{"@type":"CommentAction","name":"Comment","target":["https:\/\/www.cidademarketing.com.br\/marketing\/2022\/07\/22\/audi-e-netflix-se-juntam-em-novo-filme-agente-oculto-que-tem-estreia-global-nesta-semana\/#respond"]}]},{"@type":"WebPage","@id":"https:\/\/www.cidademarketing.com.br\/marketing\/2022\/07\/22\/audi-e-netflix-se-juntam-em-novo-filme-agente-oculto-que-tem-estreia-global-nesta-semana\/","url":"https:\/\/www.cidademarketing.com.br\/marketing\/2022\/07\/22\/audi-e-netflix-se-juntam-em-novo-filme-agente-oculto-que-tem-estreia-global-nesta-semana\/","name":"Audi e Netflix se juntam em novo filme Agente Oculto, que tem estreia global nesta semana - CidadeMarketing","isPartOf":{"@id":"https:\/\/www.cidademarketing.com.br\/marketing\/#website"},"primaryImageOfPage":{"@id":"https:\/\/www.cidademarketing.com.br\/marketing\/2022\/07\/22\/audi-e-netflix-se-juntam-em-novo-filme-agente-oculto-que-tem-estreia-global-nesta-semana\/#primaryimage"},"image":{"@id":"https:\/\/www.cidademarketing.com.br\/marketing\/2022\/07\/22\/audi-e-netflix-se-juntam-em-novo-filme-agente-oculto-que-tem-estreia-global-nesta-semana\/#primaryimage"},"thumbnailUrl":"https:\/\/www.cidademarketing.com.br\/marketing\/wp-content\/uploads\/2022\/07\/audi_netflix.jpg","datePublished":"2022-07-22T14:36:22+00:00","breadcrumb":{"@id":"https:\/\/www.cidademarketing.com.br\/marketing\/2022\/07\/22\/audi-e-netflix-se-juntam-em-novo-filme-agente-oculto-que-tem-estreia-global-nesta-semana\/#breadcrumb"},"inLanguage":"pt-BR","potentialAction":[{"@type":"ReadAction","target":["https:\/\/www.cidademarketing.com.br\/marketing\/2022\/07\/22\/audi-e-netflix-se-juntam-em-novo-filme-agente-oculto-que-tem-estreia-global-nesta-semana\/"]}]},{"@type":"ImageObject","inLanguage":"pt-BR","@id":"https:\/\/www.cidademarketing.com.br\/marketing\/2022\/07\/22\/audi-e-netflix-se-juntam-em-novo-filme-agente-oculto-que-tem-estreia-global-nesta-semana\/#primaryimage","url":"https:\/\/www.cidademarketing.com.br\/marketing\/wp-content\/uploads\/2022\/07\/audi_netflix.jpg","contentUrl":"https:\/\/www.cidademarketing.com.br\/marketing\/wp-content\/uploads\/2022\/07\/audi_netflix.jpg","width":767,"height":321},{"@type":"BreadcrumbList","@id":"https:\/\/www.cidademarketing.com.br\/marketing\/2022\/07\/22\/audi-e-netflix-se-juntam-em-novo-filme-agente-oculto-que-tem-estreia-global-nesta-semana\/#breadcrumb","itemListElement":[{"@type":"ListItem","position":1,"name":"In\u00edcio","item":"https:\/\/www.cidademarketing.com.br\/marketing\/"},{"@type":"ListItem","position":2,"name":"Audi e Netflix se juntam em novo filme Agente Oculto, que tem estreia global nesta semana"}]},{"@type":"WebSite","@id":"https:\/\/www.cidademarketing.com.br\/marketing\/#website","url":"https:\/\/www.cidademarketing.com.br\/marketing\/","name":"CidadeMarketing","description":"Somos um ve\u00edculo de comunica\u00e7\u00e3o de destaque no Brasil, reconhecido por conte\u00fados nos segmentos de marketing, empreendedorismo e inova\u00e7\u00e3o.","publisher":{"@id":"https:\/\/www.cidademarketing.com.br\/marketing\/#organization"},"alternateName":"CidadeMarketing","potentialAction":[{"@type":"SearchAction","target":{"@type":"EntryPoint","urlTemplate":"https:\/\/www.cidademarketing.com.br\/marketing\/?s={search_term_string}"},"query-input":{"@type":"PropertyValueSpecification","valueRequired":true,"valueName":"search_term_string"}}],"inLanguage":"pt-BR"},{"@type":"Organization","@id":"https:\/\/www.cidademarketing.com.br\/marketing\/#organization","name":"CidadeMarketing","alternateName":"CidadeMarketing","url":"https:\/\/www.cidademarketing.com.br\/marketing\/","logo":{"@type":"ImageObject","inLanguage":"pt-BR","@id":"https:\/\/www.cidademarketing.com.br\/marketing\/#\/schema\/logo\/image\/","url":"https:\/\/www.cidademarketing.com.br\/marketing\/wp-content\/uploads\/2020\/01\/cidademarketing_marca_mobile.png","contentUrl":"https:\/\/www.cidademarketing.com.br\/marketing\/wp-content\/uploads\/2020\/01\/cidademarketing_marca_mobile.png","width":230,"height":92,"caption":"CidadeMarketing"},"image":{"@id":"https:\/\/www.cidademarketing.com.br\/marketing\/#\/schema\/logo\/image\/"},"sameAs":["https:\/\/www.facebook.com\/portalcidademarketing","https:\/\/x.com\/CidadeMarketing","https:\/\/www.instagram.com\/cidademarketing\/"]},{"@type":"Person","@id":"https:\/\/www.cidademarketing.com.br\/marketing\/#\/schema\/person\/02daff9f18bd9378c9e01eb6b2db155f","name":"Thales Brand\u00e3o","image":{"@type":"ImageObject","inLanguage":"pt-BR","@id":"https:\/\/secure.gravatar.com\/avatar\/7ca3206950207cc3cb48feec56a8a7898741ab725c368d99d5d7a5a50aab80c6?s=96&d=mm&r=g","url":"https:\/\/secure.gravatar.com\/avatar\/7ca3206950207cc3cb48feec56a8a7898741ab725c368d99d5d7a5a50aab80c6?s=96&d=mm&r=g","contentUrl":"https:\/\/secure.gravatar.com\/avatar\/7ca3206950207cc3cb48feec56a8a7898741ab725c368d99d5d7a5a50aab80c6?s=96&d=mm&r=g","caption":"Thales Brand\u00e3o"},"description":"Editor Executivo do Portal CidadeMarketing.com.br &gt; Mestre em Comunica\u00e7\u00e3o e Sociedade pela Universidade Federal de Sergipe. Possui MBA Executivo em Administra\u00e7\u00e3o com \u00eanfase em Marketing pela Funda\u00e7\u00e3o Get\u00falio Vargas - Rio de Janeiro. Consultor, Palestrante e Pesquisador sobre Empreendedorismo, Marketing, Redes Sociais e Neg\u00f3cios Digitais. Professor, Palestrante TedxTalks e Campus Party. Twitter: @ThalesBrandao","sameAs":["http:\/\/www.mandacaru.com.br","https:\/\/www.facebook.com\/thalesbrandao","http:\/\/www.instagram.com.br\/thalesbrandaoferreira","https:\/\/www.linkedin.com\/in\/thales-brand\u00e3o-3948609\/","https:\/\/x.com\/http:\/\/www.twitter.com\/thalesbrandao"],"url":"https:\/\/www.cidademarketing.com.br\/marketing\/author\/thalesbrandao\/"}]}},"amp_enabled":true,"_links":{"self":[{"href":"https:\/\/www.cidademarketing.com.br\/marketing\/wp-json\/wp\/v2\/posts\/37053","targetHints":{"allow":["GET"]}}],"collection":[{"href":"https:\/\/www.cidademarketing.com.br\/marketing\/wp-json\/wp\/v2\/posts"}],"about":[{"href":"https:\/\/www.cidademarketing.com.br\/marketing\/wp-json\/wp\/v2\/types\/post"}],"author":[{"embeddable":true,"href":"https:\/\/www.cidademarketing.com.br\/marketing\/wp-json\/wp\/v2\/users\/1"}],"replies":[{"embeddable":true,"href":"https:\/\/www.cidademarketing.com.br\/marketing\/wp-json\/wp\/v2\/comments?post=37053"}],"version-history":[{"count":1,"href":"https:\/\/www.cidademarketing.com.br\/marketing\/wp-json\/wp\/v2\/posts\/37053\/revisions"}],"predecessor-version":[{"id":37056,"href":"https:\/\/www.cidademarketing.com.br\/marketing\/wp-json\/wp\/v2\/posts\/37053\/revisions\/37056"}],"wp:featuredmedia":[{"embeddable":true,"href":"https:\/\/www.cidademarketing.com.br\/marketing\/wp-json\/wp\/v2\/media\/37055"}],"wp:attachment":[{"href":"https:\/\/www.cidademarketing.com.br\/marketing\/wp-json\/wp\/v2\/media?parent=37053"}],"wp:term":[{"taxonomy":"category","embeddable":true,"href":"https:\/\/www.cidademarketing.com.br\/marketing\/wp-json\/wp\/v2\/categories?post=37053"},{"taxonomy":"post_tag","embeddable":true,"href":"https:\/\/www.cidademarketing.com.br\/marketing\/wp-json\/wp\/v2\/tags?post=37053"}],"curies":[{"name":"wp","href":"https:\/\/api.w.org\/{rel}","templated":true}]}}