{"id":36884,"date":"2022-07-08T22:37:08","date_gmt":"2022-07-09T01:37:08","guid":{"rendered":"https:\/\/www.cidademarketing.com.br\/marketing\/?p=36884"},"modified":"2022-07-08T22:37:09","modified_gmt":"2022-07-09T01:37:09","slug":"stellantis-e-jeep-apoiam-em-pernambuco-a-22a-edicao-da-fenearte-feira-nacional-de-negocios-do-artesanato","status":"publish","type":"post","link":"https:\/\/www.cidademarketing.com.br\/marketing\/2022\/07\/08\/stellantis-e-jeep-apoiam-em-pernambuco-a-22a-edicao-da-fenearte-feira-nacional-de-negocios-do-artesanato\/","title":{"rendered":"Stellantis e Jeep apoiam em Pernambuco a 22\u00aa edi\u00e7\u00e3o da Fenearte: Feira Nacional de Neg\u00f3cios do Artesanato"},"content":{"rendered":"<p><iframe style=\"border-radius: 12px;\" src=\"https:\/\/open.spotify.com\/embed\/show\/4khMKzP3FgFRWVwb73xicc?utm_source=generator&amp;t=0\" width=\"100%\" height=\"232\" frameborder=\"0\" allowfullscreen=\"allowfullscreen\"><\/iframe><br \/>\nCom o prop\u00f3sito de fomentar a diversidade cultural e fortalecer o desenvolvimento sustent\u00e1vel do artesanato e da cultura popular, a Stellantis e a Jeep apoiam a 22\u00aa Fenearte, a maior feira de artesanato da Am\u00e9rica Latina. Em sua terceira participa\u00e7\u00e3o, o grupo traz para o evento uma amostra das pr\u00e1ticas de sustentabilidade do Polo Automotivo Stellantis de Goiana, considerado um dos complexos industriais mais verdes do grupo no mundo. O p\u00fablico tamb\u00e9m tem a oportunidade de conhecer a parceria com a Roda, iniciativa de economia circular que transforma res\u00edduos da produ\u00e7\u00e3o automotiva em produtos de moda sustent\u00e1vel e estar\u00e3o dispon\u00edveis na feira. A Fenearte acontece de 6 a 17 de julho, no Centro de Conven\u00e7\u00f5es de Pernambuco.<br \/>\nA parceria refor\u00e7a dois pilares importantes para a Stellantis: a valoriza\u00e7\u00e3o da cultura local e o incentivo ao consumo sustent\u00e1vel. A empresa entende que apoiar a feira \u00e9 fomentar o artesanato regional e valorizar as pessoas que movem a arte popular. Nessa edi\u00e7\u00e3o, a Stellantis vai apresentar os fundamentos e resultados de trabalho permanente de valoriza\u00e7\u00e3o do uso consciente dos recursos naturais dispon\u00edveis no polo automotivo pernambucano.<br \/>\nLocalizado em Goiana (PE), o Polo Automotivo Stellantis de Goiana \u00e9 respons\u00e1vel pela produ\u00e7\u00e3o dos modelos Jeep Renegade, Compass e Commander, al\u00e9m do Fiat Toro, e \u00e9 destaque no setor pelo seu compromisso com a sustentabilidade. O polo \u00e9 o primeiro complexo industrial multiplantas a se tornar Carbono Neutro na Am\u00e9rica Latina.<br \/>\nDesde a sua inaugura\u00e7\u00e3o, em 2015, o Polo Automotivo Stellantis de Goiana \u00e9 refer\u00eancia na gest\u00e3o h\u00eddrica, com um \u00edndice de 99,4% de rec\u00edrculo da \u00e1gua usada na produ\u00e7\u00e3o dos ve\u00edculos, em um dos sistemas mais eficientes do mundo. A gest\u00e3o de res\u00edduos tamb\u00e9m \u00e9 de alta efici\u00eancia e esta foi a primeira planta do Nordeste a se tornar Aterro Zero, o que significa que todos os res\u00edduos da produ\u00e7\u00e3o automotiva s\u00e3o devidamente descartados. Entre os destinos do material, est\u00e1 a parceria com a Roda, que transforma os res\u00edduos em mat\u00e9ria-prima para a cria\u00e7\u00e3o de itens de moda sustent\u00e1vel como mochilas, bolsas, sand\u00e1lias e acess\u00f3rios, em um processo virtuoso de economia circular. Os produtos desta parceria estar\u00e3o \u00e0 venda na feira.<br \/>\nRoda<br \/>\nA Roda \u00e9 uma empresa criada h\u00e1 um ano, com foco no impacto social. Antes da parceria com a Stellantis, j\u00e1 produzia roupas no sistema de economia circular com o objetivo de gerar benef\u00edcios sociais e ambientais. A empresa foi criada com prop\u00f3sito de criar uma via sustent\u00e1vel para moda, que \u00e9 um setor de alto impacto ambiental.<br \/>\n\u201cA economia circular \u00e9 exatamente a resposta que encontramos. Melhor do que comprar uma roupa de algod\u00e3o org\u00e2nico, \u00e9 utilizar um tecido que iria virar lixo e se transforma com t\u00e9cnicas de upcycling em mat\u00e9ria-prima de valor. Criamos um processo positivo de reciclagem, que reduz a demanda de a extra\u00e7\u00e3o de recursos naturais e gera uma cadeia de circularidade a partir daquela mat\u00e9ria-prima\u201d, conta Mariana Amazonas, Ecodesigner e cofundadora da Roda.<\/p>\n<p><iframe style=\"width: 100%; max-width: 660px; overflow: hidden; background: transparent;\" src=\"https:\/\/embed.podcasts.apple.com\/br\/podcast\/podcast-cidademarketing\/id1371923283\" height=\"450\" frameborder=\"0\" sandbox=\"allow-forms allow-popups allow-same-origin allow-scripts allow-storage-access-by-user-activation allow-top-navigation-by-user-activation\"><\/iframe><\/p>\n","protected":false},"excerpt":{"rendered":"<p>Com o prop\u00f3sito de fomentar a diversidade cultural e fortalecer o desenvolvimento sustent\u00e1vel do artesanato e da cultura popular, a Stellantis e a Jeep apoiam a 22\u00aa Fenearte, a maior feira de artesanato da Am\u00e9rica Latina. Em sua terceira participa\u00e7\u00e3o, o grupo traz para o evento uma amostra das pr\u00e1ticas de sustentabilidade do Polo Automotivo [&hellip;]<\/p>\n","protected":false},"author":1,"featured_media":36885,"comment_status":"open","ping_status":"open","sticky":false,"template":"","format":"standard","meta":{"tdm_status":"","tdm_grid_status":"","footnotes":""},"categories":[6],"tags":[3343,33,5397,154,28,340,1511,1510,4823],"class_list":["post-36884","post","type-post","status-publish","format-standard","has-post-thumbnail","hentry","category-noticias","tag-artesanato","tag-estrategia","tag-feneart","tag-jeep","tag-marketing","tag-marketing-cultural","tag-pernambuco","tag-recife","tag-stellantis"],"yoast_head":"<!-- This site is optimized with the Yoast SEO plugin v27.5 - https:\/\/yoast.com\/product\/yoast-seo-wordpress\/ -->\n<title>Stellantis e Jeep apoiam em Pernambuco a 22\u00aa edi\u00e7\u00e3o da Fenearte: Feira Nacional de Neg\u00f3cios do Artesanato - CidadeMarketing<\/title>\n<meta name=\"robots\" content=\"index, follow, max-snippet:-1, max-image-preview:large, max-video-preview:-1\" \/>\n<link rel=\"canonical\" href=\"https:\/\/www.cidademarketing.com.br\/marketing\/2022\/07\/08\/stellantis-e-jeep-apoiam-em-pernambuco-a-22a-edicao-da-fenearte-feira-nacional-de-negocios-do-artesanato\/\" \/>\n<meta property=\"og:locale\" content=\"pt_BR\" \/>\n<meta property=\"og:type\" content=\"article\" \/>\n<meta property=\"og:title\" content=\"Stellantis e Jeep apoiam em Pernambuco a 22\u00aa edi\u00e7\u00e3o da Fenearte: Feira Nacional de Neg\u00f3cios do Artesanato - CidadeMarketing\" \/>\n<meta property=\"og:description\" content=\"Com o prop\u00f3sito de fomentar a diversidade cultural e fortalecer o desenvolvimento sustent\u00e1vel do artesanato e da cultura popular, a Stellantis e a Jeep apoiam a 22\u00aa Fenearte, a maior feira de artesanato da Am\u00e9rica Latina. Em sua terceira participa\u00e7\u00e3o, o grupo traz para o evento uma amostra das pr\u00e1ticas de sustentabilidade do Polo Automotivo [&hellip;]\" \/>\n<meta property=\"og:url\" content=\"https:\/\/www.cidademarketing.com.br\/marketing\/2022\/07\/08\/stellantis-e-jeep-apoiam-em-pernambuco-a-22a-edicao-da-fenearte-feira-nacional-de-negocios-do-artesanato\/\" \/>\n<meta property=\"og:site_name\" content=\"CidadeMarketing\" \/>\n<meta property=\"article:publisher\" content=\"https:\/\/www.facebook.com\/portalcidademarketing\" \/>\n<meta property=\"article:author\" content=\"https:\/\/www.facebook.com\/thalesbrandao\" \/>\n<meta property=\"article:published_time\" content=\"2022-07-09T01:37:08+00:00\" \/>\n<meta property=\"article:modified_time\" content=\"2022-07-09T01:37:09+00:00\" \/>\n<meta property=\"og:image\" content=\"https:\/\/www.cidademarketing.com.br\/marketing\/wp-content\/uploads\/2022\/07\/jeep_feneart_.jpg\" \/>\n\t<meta property=\"og:image:width\" content=\"1668\" \/>\n\t<meta property=\"og:image:height\" content=\"900\" \/>\n\t<meta property=\"og:image:type\" content=\"image\/jpeg\" \/>\n<meta name=\"author\" content=\"Thales Brand\u00e3o\" \/>\n<meta name=\"twitter:card\" content=\"summary_large_image\" \/>\n<meta name=\"twitter:creator\" content=\"@http:\/\/www.twitter.com\/thalesbrandao\" \/>\n<meta name=\"twitter:site\" content=\"@CidadeMarketing\" \/>\n<meta name=\"twitter:label1\" content=\"Escrito por\" \/>\n\t<meta name=\"twitter:data1\" content=\"Thales Brand\u00e3o\" \/>\n\t<meta name=\"twitter:label2\" content=\"Est. tempo de leitura\" \/>\n\t<meta name=\"twitter:data2\" content=\"3 minutos\" \/>\n<script type=\"application\/ld+json\" class=\"yoast-schema-graph\">{\"@context\":\"https:\\\/\\\/schema.org\",\"@graph\":[{\"@type\":\"Article\",\"@id\":\"https:\\\/\\\/www.cidademarketing.com.br\\\/marketing\\\/2022\\\/07\\\/08\\\/stellantis-e-jeep-apoiam-em-pernambuco-a-22a-edicao-da-fenearte-feira-nacional-de-negocios-do-artesanato\\\/#article\",\"isPartOf\":{\"@id\":\"https:\\\/\\\/www.cidademarketing.com.br\\\/marketing\\\/2022\\\/07\\\/08\\\/stellantis-e-jeep-apoiam-em-pernambuco-a-22a-edicao-da-fenearte-feira-nacional-de-negocios-do-artesanato\\\/\"},\"author\":{\"name\":\"Thales Brand\u00e3o\",\"@id\":\"https:\\\/\\\/www.cidademarketing.com.br\\\/marketing\\\/#\\\/schema\\\/person\\\/02daff9f18bd9378c9e01eb6b2db155f\"},\"headline\":\"Stellantis e Jeep apoiam em Pernambuco a 22\u00aa edi\u00e7\u00e3o da Fenearte: Feira Nacional de Neg\u00f3cios do Artesanato\",\"datePublished\":\"2022-07-09T01:37:08+00:00\",\"dateModified\":\"2022-07-09T01:37:09+00:00\",\"mainEntityOfPage\":{\"@id\":\"https:\\\/\\\/www.cidademarketing.com.br\\\/marketing\\\/2022\\\/07\\\/08\\\/stellantis-e-jeep-apoiam-em-pernambuco-a-22a-edicao-da-fenearte-feira-nacional-de-negocios-do-artesanato\\\/\"},\"wordCount\":542,\"commentCount\":0,\"publisher\":{\"@id\":\"https:\\\/\\\/www.cidademarketing.com.br\\\/marketing\\\/#organization\"},\"image\":{\"@id\":\"https:\\\/\\\/www.cidademarketing.com.br\\\/marketing\\\/2022\\\/07\\\/08\\\/stellantis-e-jeep-apoiam-em-pernambuco-a-22a-edicao-da-fenearte-feira-nacional-de-negocios-do-artesanato\\\/#primaryimage\"},\"thumbnailUrl\":\"https:\\\/\\\/www.cidademarketing.com.br\\\/marketing\\\/wp-content\\\/uploads\\\/2022\\\/07\\\/jeep_feneart_.jpg\",\"keywords\":[\"artesanato\",\"estrat\u00e9gia\",\"Feneart\",\"Jeep\",\"marketing\",\"marketing cultural\",\"Pernambuco\",\"Recife\",\"Stellantis\"],\"articleSection\":[\"Not\u00edcias\"],\"inLanguage\":\"pt-BR\",\"potentialAction\":[{\"@type\":\"CommentAction\",\"name\":\"Comment\",\"target\":[\"https:\\\/\\\/www.cidademarketing.com.br\\\/marketing\\\/2022\\\/07\\\/08\\\/stellantis-e-jeep-apoiam-em-pernambuco-a-22a-edicao-da-fenearte-feira-nacional-de-negocios-do-artesanato\\\/#respond\"]}]},{\"@type\":\"WebPage\",\"@id\":\"https:\\\/\\\/www.cidademarketing.com.br\\\/marketing\\\/2022\\\/07\\\/08\\\/stellantis-e-jeep-apoiam-em-pernambuco-a-22a-edicao-da-fenearte-feira-nacional-de-negocios-do-artesanato\\\/\",\"url\":\"https:\\\/\\\/www.cidademarketing.com.br\\\/marketing\\\/2022\\\/07\\\/08\\\/stellantis-e-jeep-apoiam-em-pernambuco-a-22a-edicao-da-fenearte-feira-nacional-de-negocios-do-artesanato\\\/\",\"name\":\"Stellantis e Jeep apoiam em Pernambuco a 22\u00aa edi\u00e7\u00e3o da Fenearte: Feira Nacional de Neg\u00f3cios do Artesanato - CidadeMarketing\",\"isPartOf\":{\"@id\":\"https:\\\/\\\/www.cidademarketing.com.br\\\/marketing\\\/#website\"},\"primaryImageOfPage\":{\"@id\":\"https:\\\/\\\/www.cidademarketing.com.br\\\/marketing\\\/2022\\\/07\\\/08\\\/stellantis-e-jeep-apoiam-em-pernambuco-a-22a-edicao-da-fenearte-feira-nacional-de-negocios-do-artesanato\\\/#primaryimage\"},\"image\":{\"@id\":\"https:\\\/\\\/www.cidademarketing.com.br\\\/marketing\\\/2022\\\/07\\\/08\\\/stellantis-e-jeep-apoiam-em-pernambuco-a-22a-edicao-da-fenearte-feira-nacional-de-negocios-do-artesanato\\\/#primaryimage\"},\"thumbnailUrl\":\"https:\\\/\\\/www.cidademarketing.com.br\\\/marketing\\\/wp-content\\\/uploads\\\/2022\\\/07\\\/jeep_feneart_.jpg\",\"datePublished\":\"2022-07-09T01:37:08+00:00\",\"dateModified\":\"2022-07-09T01:37:09+00:00\",\"breadcrumb\":{\"@id\":\"https:\\\/\\\/www.cidademarketing.com.br\\\/marketing\\\/2022\\\/07\\\/08\\\/stellantis-e-jeep-apoiam-em-pernambuco-a-22a-edicao-da-fenearte-feira-nacional-de-negocios-do-artesanato\\\/#breadcrumb\"},\"inLanguage\":\"pt-BR\",\"potentialAction\":[{\"@type\":\"ReadAction\",\"target\":[\"https:\\\/\\\/www.cidademarketing.com.br\\\/marketing\\\/2022\\\/07\\\/08\\\/stellantis-e-jeep-apoiam-em-pernambuco-a-22a-edicao-da-fenearte-feira-nacional-de-negocios-do-artesanato\\\/\"]}]},{\"@type\":\"ImageObject\",\"inLanguage\":\"pt-BR\",\"@id\":\"https:\\\/\\\/www.cidademarketing.com.br\\\/marketing\\\/2022\\\/07\\\/08\\\/stellantis-e-jeep-apoiam-em-pernambuco-a-22a-edicao-da-fenearte-feira-nacional-de-negocios-do-artesanato\\\/#primaryimage\",\"url\":\"https:\\\/\\\/www.cidademarketing.com.br\\\/marketing\\\/wp-content\\\/uploads\\\/2022\\\/07\\\/jeep_feneart_.jpg\",\"contentUrl\":\"https:\\\/\\\/www.cidademarketing.com.br\\\/marketing\\\/wp-content\\\/uploads\\\/2022\\\/07\\\/jeep_feneart_.jpg\",\"width\":1668,\"height\":900,\"caption\":\"Divulga\u00e7\u00e3o\"},{\"@type\":\"BreadcrumbList\",\"@id\":\"https:\\\/\\\/www.cidademarketing.com.br\\\/marketing\\\/2022\\\/07\\\/08\\\/stellantis-e-jeep-apoiam-em-pernambuco-a-22a-edicao-da-fenearte-feira-nacional-de-negocios-do-artesanato\\\/#breadcrumb\",\"itemListElement\":[{\"@type\":\"ListItem\",\"position\":1,\"name\":\"In\u00edcio\",\"item\":\"https:\\\/\\\/www.cidademarketing.com.br\\\/marketing\\\/\"},{\"@type\":\"ListItem\",\"position\":2,\"name\":\"Stellantis e Jeep apoiam em Pernambuco a 22\u00aa edi\u00e7\u00e3o da Fenearte: Feira Nacional de Neg\u00f3cios do Artesanato\"}]},{\"@type\":\"WebSite\",\"@id\":\"https:\\\/\\\/www.cidademarketing.com.br\\\/marketing\\\/#website\",\"url\":\"https:\\\/\\\/www.cidademarketing.com.br\\\/marketing\\\/\",\"name\":\"CidadeMarketing\",\"description\":\"Somos um ve\u00edculo de comunica\u00e7\u00e3o de destaque no Brasil, reconhecido por conte\u00fados nos segmentos de marketing, empreendedorismo e inova\u00e7\u00e3o.\",\"publisher\":{\"@id\":\"https:\\\/\\\/www.cidademarketing.com.br\\\/marketing\\\/#organization\"},\"alternateName\":\"CidadeMarketing\",\"potentialAction\":[{\"@type\":\"SearchAction\",\"target\":{\"@type\":\"EntryPoint\",\"urlTemplate\":\"https:\\\/\\\/www.cidademarketing.com.br\\\/marketing\\\/?s={search_term_string}\"},\"query-input\":{\"@type\":\"PropertyValueSpecification\",\"valueRequired\":true,\"valueName\":\"search_term_string\"}}],\"inLanguage\":\"pt-BR\"},{\"@type\":\"Organization\",\"@id\":\"https:\\\/\\\/www.cidademarketing.com.br\\\/marketing\\\/#organization\",\"name\":\"CidadeMarketing\",\"alternateName\":\"CidadeMarketing\",\"url\":\"https:\\\/\\\/www.cidademarketing.com.br\\\/marketing\\\/\",\"logo\":{\"@type\":\"ImageObject\",\"inLanguage\":\"pt-BR\",\"@id\":\"https:\\\/\\\/www.cidademarketing.com.br\\\/marketing\\\/#\\\/schema\\\/logo\\\/image\\\/\",\"url\":\"https:\\\/\\\/www.cidademarketing.com.br\\\/marketing\\\/wp-content\\\/uploads\\\/2020\\\/01\\\/cidademarketing_marca_mobile.png\",\"contentUrl\":\"https:\\\/\\\/www.cidademarketing.com.br\\\/marketing\\\/wp-content\\\/uploads\\\/2020\\\/01\\\/cidademarketing_marca_mobile.png\",\"width\":230,\"height\":92,\"caption\":\"CidadeMarketing\"},\"image\":{\"@id\":\"https:\\\/\\\/www.cidademarketing.com.br\\\/marketing\\\/#\\\/schema\\\/logo\\\/image\\\/\"},\"sameAs\":[\"https:\\\/\\\/www.facebook.com\\\/portalcidademarketing\",\"https:\\\/\\\/x.com\\\/CidadeMarketing\",\"https:\\\/\\\/www.instagram.com\\\/cidademarketing\\\/\"]},{\"@type\":\"Person\",\"@id\":\"https:\\\/\\\/www.cidademarketing.com.br\\\/marketing\\\/#\\\/schema\\\/person\\\/02daff9f18bd9378c9e01eb6b2db155f\",\"name\":\"Thales Brand\u00e3o\",\"image\":{\"@type\":\"ImageObject\",\"inLanguage\":\"pt-BR\",\"@id\":\"https:\\\/\\\/secure.gravatar.com\\\/avatar\\\/7ca3206950207cc3cb48feec56a8a7898741ab725c368d99d5d7a5a50aab80c6?s=96&d=mm&r=g\",\"url\":\"https:\\\/\\\/secure.gravatar.com\\\/avatar\\\/7ca3206950207cc3cb48feec56a8a7898741ab725c368d99d5d7a5a50aab80c6?s=96&d=mm&r=g\",\"contentUrl\":\"https:\\\/\\\/secure.gravatar.com\\\/avatar\\\/7ca3206950207cc3cb48feec56a8a7898741ab725c368d99d5d7a5a50aab80c6?s=96&d=mm&r=g\",\"caption\":\"Thales Brand\u00e3o\"},\"description\":\"Editor Executivo do Portal CidadeMarketing.com.br &gt; Mestre em Comunica\u00e7\u00e3o e Sociedade pela Universidade Federal de Sergipe. Possui MBA Executivo em Administra\u00e7\u00e3o com \u00eanfase em Marketing pela Funda\u00e7\u00e3o Get\u00falio Vargas - Rio de Janeiro. Consultor, Palestrante e Pesquisador sobre Empreendedorismo, Marketing, Redes Sociais e Neg\u00f3cios Digitais. Professor, Palestrante TedxTalks e Campus Party. Twitter: @ThalesBrandao\",\"sameAs\":[\"http:\\\/\\\/www.mandacaru.com.br\",\"https:\\\/\\\/www.facebook.com\\\/thalesbrandao\",\"http:\\\/\\\/www.instagram.com.br\\\/thalesbrandaoferreira\",\"https:\\\/\\\/www.linkedin.com\\\/in\\\/thales-brand\u00e3o-3948609\\\/\",\"https:\\\/\\\/x.com\\\/http:\\\/\\\/www.twitter.com\\\/thalesbrandao\"],\"url\":\"https:\\\/\\\/www.cidademarketing.com.br\\\/marketing\\\/author\\\/thalesbrandao\\\/\"}]}<\/script>\n<!-- \/ Yoast SEO plugin. -->","yoast_head_json":{"title":"Stellantis e Jeep apoiam em Pernambuco a 22\u00aa edi\u00e7\u00e3o da Fenearte: Feira Nacional de Neg\u00f3cios do Artesanato - CidadeMarketing","robots":{"index":"index","follow":"follow","max-snippet":"max-snippet:-1","max-image-preview":"max-image-preview:large","max-video-preview":"max-video-preview:-1"},"canonical":"https:\/\/www.cidademarketing.com.br\/marketing\/2022\/07\/08\/stellantis-e-jeep-apoiam-em-pernambuco-a-22a-edicao-da-fenearte-feira-nacional-de-negocios-do-artesanato\/","og_locale":"pt_BR","og_type":"article","og_title":"Stellantis e Jeep apoiam em Pernambuco a 22\u00aa edi\u00e7\u00e3o da Fenearte: Feira Nacional de Neg\u00f3cios do Artesanato - CidadeMarketing","og_description":"Com o prop\u00f3sito de fomentar a diversidade cultural e fortalecer o desenvolvimento sustent\u00e1vel do artesanato e da cultura popular, a Stellantis e a Jeep apoiam a 22\u00aa Fenearte, a maior feira de artesanato da Am\u00e9rica Latina. Em sua terceira participa\u00e7\u00e3o, o grupo traz para o evento uma amostra das pr\u00e1ticas de sustentabilidade do Polo Automotivo [&hellip;]","og_url":"https:\/\/www.cidademarketing.com.br\/marketing\/2022\/07\/08\/stellantis-e-jeep-apoiam-em-pernambuco-a-22a-edicao-da-fenearte-feira-nacional-de-negocios-do-artesanato\/","og_site_name":"CidadeMarketing","article_publisher":"https:\/\/www.facebook.com\/portalcidademarketing","article_author":"https:\/\/www.facebook.com\/thalesbrandao","article_published_time":"2022-07-09T01:37:08+00:00","article_modified_time":"2022-07-09T01:37:09+00:00","og_image":[{"width":1668,"height":900,"url":"https:\/\/www.cidademarketing.com.br\/marketing\/wp-content\/uploads\/2022\/07\/jeep_feneart_.jpg","type":"image\/jpeg"}],"author":"Thales Brand\u00e3o","twitter_card":"summary_large_image","twitter_creator":"@http:\/\/www.twitter.com\/thalesbrandao","twitter_site":"@CidadeMarketing","twitter_misc":{"Escrito por":"Thales Brand\u00e3o","Est. tempo de leitura":"3 minutos"},"schema":{"@context":"https:\/\/schema.org","@graph":[{"@type":"Article","@id":"https:\/\/www.cidademarketing.com.br\/marketing\/2022\/07\/08\/stellantis-e-jeep-apoiam-em-pernambuco-a-22a-edicao-da-fenearte-feira-nacional-de-negocios-do-artesanato\/#article","isPartOf":{"@id":"https:\/\/www.cidademarketing.com.br\/marketing\/2022\/07\/08\/stellantis-e-jeep-apoiam-em-pernambuco-a-22a-edicao-da-fenearte-feira-nacional-de-negocios-do-artesanato\/"},"author":{"name":"Thales Brand\u00e3o","@id":"https:\/\/www.cidademarketing.com.br\/marketing\/#\/schema\/person\/02daff9f18bd9378c9e01eb6b2db155f"},"headline":"Stellantis e Jeep apoiam em Pernambuco a 22\u00aa edi\u00e7\u00e3o da Fenearte: Feira Nacional de Neg\u00f3cios do Artesanato","datePublished":"2022-07-09T01:37:08+00:00","dateModified":"2022-07-09T01:37:09+00:00","mainEntityOfPage":{"@id":"https:\/\/www.cidademarketing.com.br\/marketing\/2022\/07\/08\/stellantis-e-jeep-apoiam-em-pernambuco-a-22a-edicao-da-fenearte-feira-nacional-de-negocios-do-artesanato\/"},"wordCount":542,"commentCount":0,"publisher":{"@id":"https:\/\/www.cidademarketing.com.br\/marketing\/#organization"},"image":{"@id":"https:\/\/www.cidademarketing.com.br\/marketing\/2022\/07\/08\/stellantis-e-jeep-apoiam-em-pernambuco-a-22a-edicao-da-fenearte-feira-nacional-de-negocios-do-artesanato\/#primaryimage"},"thumbnailUrl":"https:\/\/www.cidademarketing.com.br\/marketing\/wp-content\/uploads\/2022\/07\/jeep_feneart_.jpg","keywords":["artesanato","estrat\u00e9gia","Feneart","Jeep","marketing","marketing cultural","Pernambuco","Recife","Stellantis"],"articleSection":["Not\u00edcias"],"inLanguage":"pt-BR","potentialAction":[{"@type":"CommentAction","name":"Comment","target":["https:\/\/www.cidademarketing.com.br\/marketing\/2022\/07\/08\/stellantis-e-jeep-apoiam-em-pernambuco-a-22a-edicao-da-fenearte-feira-nacional-de-negocios-do-artesanato\/#respond"]}]},{"@type":"WebPage","@id":"https:\/\/www.cidademarketing.com.br\/marketing\/2022\/07\/08\/stellantis-e-jeep-apoiam-em-pernambuco-a-22a-edicao-da-fenearte-feira-nacional-de-negocios-do-artesanato\/","url":"https:\/\/www.cidademarketing.com.br\/marketing\/2022\/07\/08\/stellantis-e-jeep-apoiam-em-pernambuco-a-22a-edicao-da-fenearte-feira-nacional-de-negocios-do-artesanato\/","name":"Stellantis e Jeep apoiam em Pernambuco a 22\u00aa edi\u00e7\u00e3o da Fenearte: Feira Nacional de Neg\u00f3cios do Artesanato - CidadeMarketing","isPartOf":{"@id":"https:\/\/www.cidademarketing.com.br\/marketing\/#website"},"primaryImageOfPage":{"@id":"https:\/\/www.cidademarketing.com.br\/marketing\/2022\/07\/08\/stellantis-e-jeep-apoiam-em-pernambuco-a-22a-edicao-da-fenearte-feira-nacional-de-negocios-do-artesanato\/#primaryimage"},"image":{"@id":"https:\/\/www.cidademarketing.com.br\/marketing\/2022\/07\/08\/stellantis-e-jeep-apoiam-em-pernambuco-a-22a-edicao-da-fenearte-feira-nacional-de-negocios-do-artesanato\/#primaryimage"},"thumbnailUrl":"https:\/\/www.cidademarketing.com.br\/marketing\/wp-content\/uploads\/2022\/07\/jeep_feneart_.jpg","datePublished":"2022-07-09T01:37:08+00:00","dateModified":"2022-07-09T01:37:09+00:00","breadcrumb":{"@id":"https:\/\/www.cidademarketing.com.br\/marketing\/2022\/07\/08\/stellantis-e-jeep-apoiam-em-pernambuco-a-22a-edicao-da-fenearte-feira-nacional-de-negocios-do-artesanato\/#breadcrumb"},"inLanguage":"pt-BR","potentialAction":[{"@type":"ReadAction","target":["https:\/\/www.cidademarketing.com.br\/marketing\/2022\/07\/08\/stellantis-e-jeep-apoiam-em-pernambuco-a-22a-edicao-da-fenearte-feira-nacional-de-negocios-do-artesanato\/"]}]},{"@type":"ImageObject","inLanguage":"pt-BR","@id":"https:\/\/www.cidademarketing.com.br\/marketing\/2022\/07\/08\/stellantis-e-jeep-apoiam-em-pernambuco-a-22a-edicao-da-fenearte-feira-nacional-de-negocios-do-artesanato\/#primaryimage","url":"https:\/\/www.cidademarketing.com.br\/marketing\/wp-content\/uploads\/2022\/07\/jeep_feneart_.jpg","contentUrl":"https:\/\/www.cidademarketing.com.br\/marketing\/wp-content\/uploads\/2022\/07\/jeep_feneart_.jpg","width":1668,"height":900,"caption":"Divulga\u00e7\u00e3o"},{"@type":"BreadcrumbList","@id":"https:\/\/www.cidademarketing.com.br\/marketing\/2022\/07\/08\/stellantis-e-jeep-apoiam-em-pernambuco-a-22a-edicao-da-fenearte-feira-nacional-de-negocios-do-artesanato\/#breadcrumb","itemListElement":[{"@type":"ListItem","position":1,"name":"In\u00edcio","item":"https:\/\/www.cidademarketing.com.br\/marketing\/"},{"@type":"ListItem","position":2,"name":"Stellantis e Jeep apoiam em Pernambuco a 22\u00aa edi\u00e7\u00e3o da Fenearte: Feira Nacional de Neg\u00f3cios do Artesanato"}]},{"@type":"WebSite","@id":"https:\/\/www.cidademarketing.com.br\/marketing\/#website","url":"https:\/\/www.cidademarketing.com.br\/marketing\/","name":"CidadeMarketing","description":"Somos um ve\u00edculo de comunica\u00e7\u00e3o de destaque no Brasil, reconhecido por conte\u00fados nos segmentos de marketing, empreendedorismo e inova\u00e7\u00e3o.","publisher":{"@id":"https:\/\/www.cidademarketing.com.br\/marketing\/#organization"},"alternateName":"CidadeMarketing","potentialAction":[{"@type":"SearchAction","target":{"@type":"EntryPoint","urlTemplate":"https:\/\/www.cidademarketing.com.br\/marketing\/?s={search_term_string}"},"query-input":{"@type":"PropertyValueSpecification","valueRequired":true,"valueName":"search_term_string"}}],"inLanguage":"pt-BR"},{"@type":"Organization","@id":"https:\/\/www.cidademarketing.com.br\/marketing\/#organization","name":"CidadeMarketing","alternateName":"CidadeMarketing","url":"https:\/\/www.cidademarketing.com.br\/marketing\/","logo":{"@type":"ImageObject","inLanguage":"pt-BR","@id":"https:\/\/www.cidademarketing.com.br\/marketing\/#\/schema\/logo\/image\/","url":"https:\/\/www.cidademarketing.com.br\/marketing\/wp-content\/uploads\/2020\/01\/cidademarketing_marca_mobile.png","contentUrl":"https:\/\/www.cidademarketing.com.br\/marketing\/wp-content\/uploads\/2020\/01\/cidademarketing_marca_mobile.png","width":230,"height":92,"caption":"CidadeMarketing"},"image":{"@id":"https:\/\/www.cidademarketing.com.br\/marketing\/#\/schema\/logo\/image\/"},"sameAs":["https:\/\/www.facebook.com\/portalcidademarketing","https:\/\/x.com\/CidadeMarketing","https:\/\/www.instagram.com\/cidademarketing\/"]},{"@type":"Person","@id":"https:\/\/www.cidademarketing.com.br\/marketing\/#\/schema\/person\/02daff9f18bd9378c9e01eb6b2db155f","name":"Thales Brand\u00e3o","image":{"@type":"ImageObject","inLanguage":"pt-BR","@id":"https:\/\/secure.gravatar.com\/avatar\/7ca3206950207cc3cb48feec56a8a7898741ab725c368d99d5d7a5a50aab80c6?s=96&d=mm&r=g","url":"https:\/\/secure.gravatar.com\/avatar\/7ca3206950207cc3cb48feec56a8a7898741ab725c368d99d5d7a5a50aab80c6?s=96&d=mm&r=g","contentUrl":"https:\/\/secure.gravatar.com\/avatar\/7ca3206950207cc3cb48feec56a8a7898741ab725c368d99d5d7a5a50aab80c6?s=96&d=mm&r=g","caption":"Thales Brand\u00e3o"},"description":"Editor Executivo do Portal CidadeMarketing.com.br &gt; Mestre em Comunica\u00e7\u00e3o e Sociedade pela Universidade Federal de Sergipe. Possui MBA Executivo em Administra\u00e7\u00e3o com \u00eanfase em Marketing pela Funda\u00e7\u00e3o Get\u00falio Vargas - Rio de Janeiro. Consultor, Palestrante e Pesquisador sobre Empreendedorismo, Marketing, Redes Sociais e Neg\u00f3cios Digitais. Professor, Palestrante TedxTalks e Campus Party. Twitter: @ThalesBrandao","sameAs":["http:\/\/www.mandacaru.com.br","https:\/\/www.facebook.com\/thalesbrandao","http:\/\/www.instagram.com.br\/thalesbrandaoferreira","https:\/\/www.linkedin.com\/in\/thales-brand\u00e3o-3948609\/","https:\/\/x.com\/http:\/\/www.twitter.com\/thalesbrandao"],"url":"https:\/\/www.cidademarketing.com.br\/marketing\/author\/thalesbrandao\/"}]}},"amp_enabled":true,"_links":{"self":[{"href":"https:\/\/www.cidademarketing.com.br\/marketing\/wp-json\/wp\/v2\/posts\/36884","targetHints":{"allow":["GET"]}}],"collection":[{"href":"https:\/\/www.cidademarketing.com.br\/marketing\/wp-json\/wp\/v2\/posts"}],"about":[{"href":"https:\/\/www.cidademarketing.com.br\/marketing\/wp-json\/wp\/v2\/types\/post"}],"author":[{"embeddable":true,"href":"https:\/\/www.cidademarketing.com.br\/marketing\/wp-json\/wp\/v2\/users\/1"}],"replies":[{"embeddable":true,"href":"https:\/\/www.cidademarketing.com.br\/marketing\/wp-json\/wp\/v2\/comments?post=36884"}],"version-history":[{"count":1,"href":"https:\/\/www.cidademarketing.com.br\/marketing\/wp-json\/wp\/v2\/posts\/36884\/revisions"}],"predecessor-version":[{"id":36886,"href":"https:\/\/www.cidademarketing.com.br\/marketing\/wp-json\/wp\/v2\/posts\/36884\/revisions\/36886"}],"wp:featuredmedia":[{"embeddable":true,"href":"https:\/\/www.cidademarketing.com.br\/marketing\/wp-json\/wp\/v2\/media\/36885"}],"wp:attachment":[{"href":"https:\/\/www.cidademarketing.com.br\/marketing\/wp-json\/wp\/v2\/media?parent=36884"}],"wp:term":[{"taxonomy":"category","embeddable":true,"href":"https:\/\/www.cidademarketing.com.br\/marketing\/wp-json\/wp\/v2\/categories?post=36884"},{"taxonomy":"post_tag","embeddable":true,"href":"https:\/\/www.cidademarketing.com.br\/marketing\/wp-json\/wp\/v2\/tags?post=36884"}],"curies":[{"name":"wp","href":"https:\/\/api.w.org\/{rel}","templated":true}]}}