{"id":36879,"date":"2022-07-08T22:32:07","date_gmt":"2022-07-09T01:32:07","guid":{"rendered":"https:\/\/www.cidademarketing.com.br\/marketing\/?p=36879"},"modified":"2022-07-08T22:32:07","modified_gmt":"2022-07-09T01:32:07","slug":"tag-heuer-apresenta-o-tag-heuer-o-monaco-purple-dial-limited-edition","status":"publish","type":"post","link":"https:\/\/www.cidademarketing.com.br\/marketing\/2022\/07\/08\/tag-heuer-apresenta-o-tag-heuer-o-monaco-purple-dial-limited-edition\/","title":{"rendered":"TAG Heuer apresenta o TAG Heuer o Monaco Purple Dial Limited Edition"},"content":{"rendered":"<p><iframe style=\"border-radius: 12px;\" src=\"https:\/\/open.spotify.com\/embed\/show\/4khMKzP3FgFRWVwb73xicc?utm_source=generator&amp;t=0\" width=\"100%\" height=\"232\" frameborder=\"0\" allowfullscreen=\"allowfullscreen\"><\/iframe><br \/>\nA relojoaria su\u00ed\u00e7a est\u00e1 mais uma vez surpreendendo clientes e colecionadores com uma nova interpreta\u00e7\u00e3o ousada de seu famoso cron\u00f3grafo de corrida: o TAG Heuer Monaco Purple Dial Limited Edition.<br \/>\nNascido em 1969, o cron\u00f3grafo de formato quadrado manteve seu esp\u00edrito independente vivo e pr\u00f3spero durante as d\u00e9cadas, com muitas varia\u00e7\u00f5es de seu mostrador azul original.<br \/>\nEm 2022 a marca est\u00e1 lan\u00e7ando uma edi\u00e7\u00e3o como nunca vista antes, com apenas 500 pe\u00e7as. O novo TAG Heuer Monaco Purple DialLimited Edition combina sua heran\u00e7a inconfund\u00edvel com acabamentos diferenciados.<\/p>\n<p>A caixa quadrada de 39mm em a\u00e7o escovado e polido abriga um mostrador elegantemente imaginado em uma rica cor roxa. O gradiente do mostrador, do roxo mais claro no centro ao roxo mais escuro nas bordas, adiciona profundidade e sofistica\u00e7\u00e3o \u00e0 pe\u00e7a, enquanto os \u00edndices e ponteiros banhados a r\u00f3dio com Super-LumiNova\u00ae e os dois subcontadores de opalina preta real\u00e7am sutilmente o inesperado design.<\/p>\n<p>Os conhecedores da fam\u00edlia TAG Heuer Monaco podem reconhecer um paralelo sutil com a primeira refer\u00eancia Heuer Monaco 1113B, a vers\u00e3o Chronomatic lan\u00e7ada no in\u00edcio de 1969, bem como a s\u00e9rie de transi\u00e7\u00e3o &#8211; antes conhecido como o \u201cMcQueen\u201d \u2013 e a refer\u00eancia 1533 Calibre 15. Estas pe\u00e7as usavam um acabamento diferente do mostrador com uma pintura azul met\u00e1lica sobre a placa de lat\u00e3o. Com o tempo, os mostradores apresentaram uma tend\u00eancia a patinar de azul a uma cor p\u00farpura degrad\u00ea semelhante, \u00e0s vezes levemente desbotada no centro e mais escura nas bordas.<br \/>\nNa interpreta\u00e7\u00e3o de 2022, o movimento do cron\u00f3grafo, Calibre Heuer 02, \u00e9 claramente vis\u00edvel atrav\u00e9s da caixa de safira transparente na parte de tr\u00e1s do rel\u00f3gio, al\u00e9m de apresentar uma massa oscilante roxa \u00fanica no mostrador. Ele oferece um excelente desempenho de cronometragem, incluindo uma reserva de energia de 80 horas. Para dar um toque especial, uma ousada e luxuosa pulseira em couro crocodilo preto com roxo na parte interna e uma grava\u00e7\u00e3o no fundo da caixa com o n\u00famero da pe\u00e7a: XXX\/500.<\/p>\n<p>Com essa nova est\u00e9tica vibrante, o TAG Heuer Monaco Purple Dial Limited Edition explora novos territ\u00f3rios de design sem perder de vista sua heran\u00e7a distinta. Dispon\u00edvel a partir de julho de 2022, o cron\u00f3grafo ser\u00e1 vendido exclusivamente nas boutiques da TAG Heuer.<\/p>\n<p>TAG Heuer Monaco Purple Dial Limited Edition<br \/>\nCBL2118.FC6518<\/p>\n<p>Movimento<br \/>\nTAG Heuer Calibre Heuer 02 Automatic<\/p>\n<p>Fun\u00e7\u00f5es<br \/>\nHoras, minutos, segundos, data, cron\u00f3grafo<\/p>\n<p>Mostrador<br \/>\nPurple sunray and smoked brushed dial 3 ponteiros:<br \/>\n\u2022 3 horas: contator de minutos preto<br \/>\n\u2022 6 horas: indicador permanente de segundos<br \/>\n\u2022 9 horas: contador de horas preto<br \/>\n\u00cdndices e ponteiros banhados a r\u00f3dio com Super-LumiNova\u00ae, ponteiro central laqueado em branco<br \/>\nExibi\u00e7\u00e3o de data em \u00e2ngulo \u00e0s 6 horas<\/p>\n<p>Caixa<br \/>\n39 mm de di\u00e2metro<br \/>\nCaixa em a\u00e7o escovado e polido<br \/>\nCoroa em a\u00e7o inoxid\u00e1vel \u00e0s 3 horas, com bot\u00f5es de press\u00e3o \u00e0s 2 e 4 horas<br \/>\nFundo da caixa parafusada em cristal de safira em a\u00e7o inoxid\u00e1vel<br \/>\nLimitado e numerado com grava\u00e7\u00e3o especial XXX\/500<br \/>\nResist\u00eancia \u00e0 agua: 100 metros<\/p>\n<p>Pulseira<br \/>\nPulseira de couro de crocodilo preto; forro roxo<br \/>\nFecho dobr\u00e1vel em a\u00e7o com bot\u00f5es de seguran\u00e7a duplos<\/p>\n<p><iframe style=\"width: 100%; max-width: 660px; overflow: hidden; background: transparent;\" src=\"https:\/\/embed.podcasts.apple.com\/br\/podcast\/podcast-cidademarketing\/id1371923283\" height=\"450\" frameborder=\"0\" sandbox=\"allow-forms allow-popups allow-same-origin allow-scripts allow-storage-access-by-user-activation allow-top-navigation-by-user-activation\"><\/iframe><\/p>\n","protected":false},"excerpt":{"rendered":"<p>A relojoaria su\u00ed\u00e7a est\u00e1 mais uma vez surpreendendo clientes e colecionadores com uma nova interpreta\u00e7\u00e3o ousada de seu famoso cron\u00f3grafo de corrida: o TAG Heuer Monaco Purple Dial Limited Edition. Nascido em 1969, o cron\u00f3grafo de formato quadrado manteve seu esp\u00edrito independente vivo e pr\u00f3spero durante as d\u00e9cadas, com muitas varia\u00e7\u00f5es de seu mostrador azul [&hellip;]<\/p>\n","protected":false},"author":1,"featured_media":36882,"comment_status":"open","ping_status":"open","sticky":false,"template":"","format":"standard","meta":{"tdm_status":"","tdm_grid_status":"","footnotes":""},"categories":[6],"tags":[33,1051,28,1649,1893],"class_list":["post-36879","post","type-post","status-publish","format-standard","has-post-thumbnail","hentry","category-noticias","tag-estrategia","tag-expansao","tag-marketing","tag-marketing-de-luxo","tag-tag-heuer"],"yoast_head":"<!-- This site is optimized with the Yoast SEO plugin v27.5 - https:\/\/yoast.com\/product\/yoast-seo-wordpress\/ -->\n<title>TAG Heuer apresenta o TAG Heuer o Monaco Purple Dial Limited Edition - CidadeMarketing<\/title>\n<meta name=\"robots\" content=\"index, follow, max-snippet:-1, max-image-preview:large, max-video-preview:-1\" \/>\n<link rel=\"canonical\" href=\"https:\/\/www.cidademarketing.com.br\/marketing\/2022\/07\/08\/tag-heuer-apresenta-o-tag-heuer-o-monaco-purple-dial-limited-edition\/\" \/>\n<meta property=\"og:locale\" content=\"pt_BR\" \/>\n<meta property=\"og:type\" content=\"article\" \/>\n<meta property=\"og:title\" content=\"TAG Heuer apresenta o TAG Heuer o Monaco Purple Dial Limited Edition - CidadeMarketing\" \/>\n<meta property=\"og:description\" content=\"A relojoaria su\u00ed\u00e7a est\u00e1 mais uma vez surpreendendo clientes e colecionadores com uma nova interpreta\u00e7\u00e3o ousada de seu famoso cron\u00f3grafo de corrida: o TAG Heuer Monaco Purple Dial Limited Edition. Nascido em 1969, o cron\u00f3grafo de formato quadrado manteve seu esp\u00edrito independente vivo e pr\u00f3spero durante as d\u00e9cadas, com muitas varia\u00e7\u00f5es de seu mostrador azul [&hellip;]\" \/>\n<meta property=\"og:url\" content=\"https:\/\/www.cidademarketing.com.br\/marketing\/2022\/07\/08\/tag-heuer-apresenta-o-tag-heuer-o-monaco-purple-dial-limited-edition\/\" \/>\n<meta property=\"og:site_name\" content=\"CidadeMarketing\" \/>\n<meta property=\"article:publisher\" content=\"https:\/\/www.facebook.com\/portalcidademarketing\" \/>\n<meta property=\"article:author\" content=\"https:\/\/www.facebook.com\/thalesbrandao\" \/>\n<meta property=\"article:published_time\" content=\"2022-07-09T01:32:07+00:00\" \/>\n<meta property=\"og:image\" content=\"https:\/\/www.cidademarketing.com.br\/marketing\/wp-content\/uploads\/2022\/07\/TAGHeuer_monaco-1.jpg\" \/>\n\t<meta property=\"og:image:width\" content=\"2000\" \/>\n\t<meta property=\"og:image:height\" content=\"1500\" \/>\n\t<meta property=\"og:image:type\" content=\"image\/jpeg\" \/>\n<meta name=\"author\" content=\"Thales Brand\u00e3o\" \/>\n<meta name=\"twitter:card\" content=\"summary_large_image\" \/>\n<meta name=\"twitter:creator\" content=\"@http:\/\/www.twitter.com\/thalesbrandao\" \/>\n<meta name=\"twitter:site\" content=\"@CidadeMarketing\" \/>\n<meta name=\"twitter:label1\" content=\"Escrito por\" \/>\n\t<meta name=\"twitter:data1\" content=\"Thales Brand\u00e3o\" \/>\n\t<meta name=\"twitter:label2\" content=\"Est. tempo de leitura\" \/>\n\t<meta name=\"twitter:data2\" content=\"3 minutos\" \/>\n<script type=\"application\/ld+json\" class=\"yoast-schema-graph\">{\"@context\":\"https:\\\/\\\/schema.org\",\"@graph\":[{\"@type\":\"Article\",\"@id\":\"https:\\\/\\\/www.cidademarketing.com.br\\\/marketing\\\/2022\\\/07\\\/08\\\/tag-heuer-apresenta-o-tag-heuer-o-monaco-purple-dial-limited-edition\\\/#article\",\"isPartOf\":{\"@id\":\"https:\\\/\\\/www.cidademarketing.com.br\\\/marketing\\\/2022\\\/07\\\/08\\\/tag-heuer-apresenta-o-tag-heuer-o-monaco-purple-dial-limited-edition\\\/\"},\"author\":{\"name\":\"Thales Brand\u00e3o\",\"@id\":\"https:\\\/\\\/www.cidademarketing.com.br\\\/marketing\\\/#\\\/schema\\\/person\\\/02daff9f18bd9378c9e01eb6b2db155f\"},\"headline\":\"TAG Heuer apresenta o TAG Heuer o Monaco Purple Dial Limited Edition\",\"datePublished\":\"2022-07-09T01:32:07+00:00\",\"mainEntityOfPage\":{\"@id\":\"https:\\\/\\\/www.cidademarketing.com.br\\\/marketing\\\/2022\\\/07\\\/08\\\/tag-heuer-apresenta-o-tag-heuer-o-monaco-purple-dial-limited-edition\\\/\"},\"wordCount\":558,\"commentCount\":0,\"publisher\":{\"@id\":\"https:\\\/\\\/www.cidademarketing.com.br\\\/marketing\\\/#organization\"},\"image\":{\"@id\":\"https:\\\/\\\/www.cidademarketing.com.br\\\/marketing\\\/2022\\\/07\\\/08\\\/tag-heuer-apresenta-o-tag-heuer-o-monaco-purple-dial-limited-edition\\\/#primaryimage\"},\"thumbnailUrl\":\"https:\\\/\\\/www.cidademarketing.com.br\\\/marketing\\\/wp-content\\\/uploads\\\/2022\\\/07\\\/TAGHeuer_monaco-1.jpg\",\"keywords\":[\"estrat\u00e9gia\",\"expans\u00e3o\",\"marketing\",\"marketing de luxo\",\"TAG Heuer\"],\"articleSection\":[\"Not\u00edcias\"],\"inLanguage\":\"pt-BR\",\"potentialAction\":[{\"@type\":\"CommentAction\",\"name\":\"Comment\",\"target\":[\"https:\\\/\\\/www.cidademarketing.com.br\\\/marketing\\\/2022\\\/07\\\/08\\\/tag-heuer-apresenta-o-tag-heuer-o-monaco-purple-dial-limited-edition\\\/#respond\"]}]},{\"@type\":\"WebPage\",\"@id\":\"https:\\\/\\\/www.cidademarketing.com.br\\\/marketing\\\/2022\\\/07\\\/08\\\/tag-heuer-apresenta-o-tag-heuer-o-monaco-purple-dial-limited-edition\\\/\",\"url\":\"https:\\\/\\\/www.cidademarketing.com.br\\\/marketing\\\/2022\\\/07\\\/08\\\/tag-heuer-apresenta-o-tag-heuer-o-monaco-purple-dial-limited-edition\\\/\",\"name\":\"TAG Heuer apresenta o TAG Heuer o Monaco Purple Dial Limited Edition - CidadeMarketing\",\"isPartOf\":{\"@id\":\"https:\\\/\\\/www.cidademarketing.com.br\\\/marketing\\\/#website\"},\"primaryImageOfPage\":{\"@id\":\"https:\\\/\\\/www.cidademarketing.com.br\\\/marketing\\\/2022\\\/07\\\/08\\\/tag-heuer-apresenta-o-tag-heuer-o-monaco-purple-dial-limited-edition\\\/#primaryimage\"},\"image\":{\"@id\":\"https:\\\/\\\/www.cidademarketing.com.br\\\/marketing\\\/2022\\\/07\\\/08\\\/tag-heuer-apresenta-o-tag-heuer-o-monaco-purple-dial-limited-edition\\\/#primaryimage\"},\"thumbnailUrl\":\"https:\\\/\\\/www.cidademarketing.com.br\\\/marketing\\\/wp-content\\\/uploads\\\/2022\\\/07\\\/TAGHeuer_monaco-1.jpg\",\"datePublished\":\"2022-07-09T01:32:07+00:00\",\"breadcrumb\":{\"@id\":\"https:\\\/\\\/www.cidademarketing.com.br\\\/marketing\\\/2022\\\/07\\\/08\\\/tag-heuer-apresenta-o-tag-heuer-o-monaco-purple-dial-limited-edition\\\/#breadcrumb\"},\"inLanguage\":\"pt-BR\",\"potentialAction\":[{\"@type\":\"ReadAction\",\"target\":[\"https:\\\/\\\/www.cidademarketing.com.br\\\/marketing\\\/2022\\\/07\\\/08\\\/tag-heuer-apresenta-o-tag-heuer-o-monaco-purple-dial-limited-edition\\\/\"]}]},{\"@type\":\"ImageObject\",\"inLanguage\":\"pt-BR\",\"@id\":\"https:\\\/\\\/www.cidademarketing.com.br\\\/marketing\\\/2022\\\/07\\\/08\\\/tag-heuer-apresenta-o-tag-heuer-o-monaco-purple-dial-limited-edition\\\/#primaryimage\",\"url\":\"https:\\\/\\\/www.cidademarketing.com.br\\\/marketing\\\/wp-content\\\/uploads\\\/2022\\\/07\\\/TAGHeuer_monaco-1.jpg\",\"contentUrl\":\"https:\\\/\\\/www.cidademarketing.com.br\\\/marketing\\\/wp-content\\\/uploads\\\/2022\\\/07\\\/TAGHeuer_monaco-1.jpg\",\"width\":2000,\"height\":1500},{\"@type\":\"BreadcrumbList\",\"@id\":\"https:\\\/\\\/www.cidademarketing.com.br\\\/marketing\\\/2022\\\/07\\\/08\\\/tag-heuer-apresenta-o-tag-heuer-o-monaco-purple-dial-limited-edition\\\/#breadcrumb\",\"itemListElement\":[{\"@type\":\"ListItem\",\"position\":1,\"name\":\"In\u00edcio\",\"item\":\"https:\\\/\\\/www.cidademarketing.com.br\\\/marketing\\\/\"},{\"@type\":\"ListItem\",\"position\":2,\"name\":\"TAG Heuer apresenta o TAG Heuer o Monaco Purple Dial Limited Edition\"}]},{\"@type\":\"WebSite\",\"@id\":\"https:\\\/\\\/www.cidademarketing.com.br\\\/marketing\\\/#website\",\"url\":\"https:\\\/\\\/www.cidademarketing.com.br\\\/marketing\\\/\",\"name\":\"CidadeMarketing\",\"description\":\"Somos um ve\u00edculo de comunica\u00e7\u00e3o de destaque no Brasil, reconhecido por conte\u00fados nos segmentos de marketing, empreendedorismo e inova\u00e7\u00e3o.\",\"publisher\":{\"@id\":\"https:\\\/\\\/www.cidademarketing.com.br\\\/marketing\\\/#organization\"},\"alternateName\":\"CidadeMarketing\",\"potentialAction\":[{\"@type\":\"SearchAction\",\"target\":{\"@type\":\"EntryPoint\",\"urlTemplate\":\"https:\\\/\\\/www.cidademarketing.com.br\\\/marketing\\\/?s={search_term_string}\"},\"query-input\":{\"@type\":\"PropertyValueSpecification\",\"valueRequired\":true,\"valueName\":\"search_term_string\"}}],\"inLanguage\":\"pt-BR\"},{\"@type\":\"Organization\",\"@id\":\"https:\\\/\\\/www.cidademarketing.com.br\\\/marketing\\\/#organization\",\"name\":\"CidadeMarketing\",\"alternateName\":\"CidadeMarketing\",\"url\":\"https:\\\/\\\/www.cidademarketing.com.br\\\/marketing\\\/\",\"logo\":{\"@type\":\"ImageObject\",\"inLanguage\":\"pt-BR\",\"@id\":\"https:\\\/\\\/www.cidademarketing.com.br\\\/marketing\\\/#\\\/schema\\\/logo\\\/image\\\/\",\"url\":\"https:\\\/\\\/www.cidademarketing.com.br\\\/marketing\\\/wp-content\\\/uploads\\\/2020\\\/01\\\/cidademarketing_marca_mobile.png\",\"contentUrl\":\"https:\\\/\\\/www.cidademarketing.com.br\\\/marketing\\\/wp-content\\\/uploads\\\/2020\\\/01\\\/cidademarketing_marca_mobile.png\",\"width\":230,\"height\":92,\"caption\":\"CidadeMarketing\"},\"image\":{\"@id\":\"https:\\\/\\\/www.cidademarketing.com.br\\\/marketing\\\/#\\\/schema\\\/logo\\\/image\\\/\"},\"sameAs\":[\"https:\\\/\\\/www.facebook.com\\\/portalcidademarketing\",\"https:\\\/\\\/x.com\\\/CidadeMarketing\",\"https:\\\/\\\/www.instagram.com\\\/cidademarketing\\\/\"]},{\"@type\":\"Person\",\"@id\":\"https:\\\/\\\/www.cidademarketing.com.br\\\/marketing\\\/#\\\/schema\\\/person\\\/02daff9f18bd9378c9e01eb6b2db155f\",\"name\":\"Thales Brand\u00e3o\",\"image\":{\"@type\":\"ImageObject\",\"inLanguage\":\"pt-BR\",\"@id\":\"https:\\\/\\\/secure.gravatar.com\\\/avatar\\\/7ca3206950207cc3cb48feec56a8a7898741ab725c368d99d5d7a5a50aab80c6?s=96&d=mm&r=g\",\"url\":\"https:\\\/\\\/secure.gravatar.com\\\/avatar\\\/7ca3206950207cc3cb48feec56a8a7898741ab725c368d99d5d7a5a50aab80c6?s=96&d=mm&r=g\",\"contentUrl\":\"https:\\\/\\\/secure.gravatar.com\\\/avatar\\\/7ca3206950207cc3cb48feec56a8a7898741ab725c368d99d5d7a5a50aab80c6?s=96&d=mm&r=g\",\"caption\":\"Thales Brand\u00e3o\"},\"description\":\"Editor Executivo do Portal CidadeMarketing.com.br &gt; Mestre em Comunica\u00e7\u00e3o e Sociedade pela Universidade Federal de Sergipe. Possui MBA Executivo em Administra\u00e7\u00e3o com \u00eanfase em Marketing pela Funda\u00e7\u00e3o Get\u00falio Vargas - Rio de Janeiro. Consultor, Palestrante e Pesquisador sobre Empreendedorismo, Marketing, Redes Sociais e Neg\u00f3cios Digitais. Professor, Palestrante TedxTalks e Campus Party. Twitter: @ThalesBrandao\",\"sameAs\":[\"http:\\\/\\\/www.mandacaru.com.br\",\"https:\\\/\\\/www.facebook.com\\\/thalesbrandao\",\"http:\\\/\\\/www.instagram.com.br\\\/thalesbrandaoferreira\",\"https:\\\/\\\/www.linkedin.com\\\/in\\\/thales-brand\u00e3o-3948609\\\/\",\"https:\\\/\\\/x.com\\\/http:\\\/\\\/www.twitter.com\\\/thalesbrandao\"],\"url\":\"https:\\\/\\\/www.cidademarketing.com.br\\\/marketing\\\/author\\\/thalesbrandao\\\/\"}]}<\/script>\n<!-- \/ Yoast SEO plugin. -->","yoast_head_json":{"title":"TAG Heuer apresenta o TAG Heuer o Monaco Purple Dial Limited Edition - CidadeMarketing","robots":{"index":"index","follow":"follow","max-snippet":"max-snippet:-1","max-image-preview":"max-image-preview:large","max-video-preview":"max-video-preview:-1"},"canonical":"https:\/\/www.cidademarketing.com.br\/marketing\/2022\/07\/08\/tag-heuer-apresenta-o-tag-heuer-o-monaco-purple-dial-limited-edition\/","og_locale":"pt_BR","og_type":"article","og_title":"TAG Heuer apresenta o TAG Heuer o Monaco Purple Dial Limited Edition - CidadeMarketing","og_description":"A relojoaria su\u00ed\u00e7a est\u00e1 mais uma vez surpreendendo clientes e colecionadores com uma nova interpreta\u00e7\u00e3o ousada de seu famoso cron\u00f3grafo de corrida: o TAG Heuer Monaco Purple Dial Limited Edition. Nascido em 1969, o cron\u00f3grafo de formato quadrado manteve seu esp\u00edrito independente vivo e pr\u00f3spero durante as d\u00e9cadas, com muitas varia\u00e7\u00f5es de seu mostrador azul [&hellip;]","og_url":"https:\/\/www.cidademarketing.com.br\/marketing\/2022\/07\/08\/tag-heuer-apresenta-o-tag-heuer-o-monaco-purple-dial-limited-edition\/","og_site_name":"CidadeMarketing","article_publisher":"https:\/\/www.facebook.com\/portalcidademarketing","article_author":"https:\/\/www.facebook.com\/thalesbrandao","article_published_time":"2022-07-09T01:32:07+00:00","og_image":[{"width":2000,"height":1500,"url":"https:\/\/www.cidademarketing.com.br\/marketing\/wp-content\/uploads\/2022\/07\/TAGHeuer_monaco-1.jpg","type":"image\/jpeg"}],"author":"Thales Brand\u00e3o","twitter_card":"summary_large_image","twitter_creator":"@http:\/\/www.twitter.com\/thalesbrandao","twitter_site":"@CidadeMarketing","twitter_misc":{"Escrito por":"Thales Brand\u00e3o","Est. tempo de leitura":"3 minutos"},"schema":{"@context":"https:\/\/schema.org","@graph":[{"@type":"Article","@id":"https:\/\/www.cidademarketing.com.br\/marketing\/2022\/07\/08\/tag-heuer-apresenta-o-tag-heuer-o-monaco-purple-dial-limited-edition\/#article","isPartOf":{"@id":"https:\/\/www.cidademarketing.com.br\/marketing\/2022\/07\/08\/tag-heuer-apresenta-o-tag-heuer-o-monaco-purple-dial-limited-edition\/"},"author":{"name":"Thales Brand\u00e3o","@id":"https:\/\/www.cidademarketing.com.br\/marketing\/#\/schema\/person\/02daff9f18bd9378c9e01eb6b2db155f"},"headline":"TAG Heuer apresenta o TAG Heuer o Monaco Purple Dial Limited Edition","datePublished":"2022-07-09T01:32:07+00:00","mainEntityOfPage":{"@id":"https:\/\/www.cidademarketing.com.br\/marketing\/2022\/07\/08\/tag-heuer-apresenta-o-tag-heuer-o-monaco-purple-dial-limited-edition\/"},"wordCount":558,"commentCount":0,"publisher":{"@id":"https:\/\/www.cidademarketing.com.br\/marketing\/#organization"},"image":{"@id":"https:\/\/www.cidademarketing.com.br\/marketing\/2022\/07\/08\/tag-heuer-apresenta-o-tag-heuer-o-monaco-purple-dial-limited-edition\/#primaryimage"},"thumbnailUrl":"https:\/\/www.cidademarketing.com.br\/marketing\/wp-content\/uploads\/2022\/07\/TAGHeuer_monaco-1.jpg","keywords":["estrat\u00e9gia","expans\u00e3o","marketing","marketing de luxo","TAG Heuer"],"articleSection":["Not\u00edcias"],"inLanguage":"pt-BR","potentialAction":[{"@type":"CommentAction","name":"Comment","target":["https:\/\/www.cidademarketing.com.br\/marketing\/2022\/07\/08\/tag-heuer-apresenta-o-tag-heuer-o-monaco-purple-dial-limited-edition\/#respond"]}]},{"@type":"WebPage","@id":"https:\/\/www.cidademarketing.com.br\/marketing\/2022\/07\/08\/tag-heuer-apresenta-o-tag-heuer-o-monaco-purple-dial-limited-edition\/","url":"https:\/\/www.cidademarketing.com.br\/marketing\/2022\/07\/08\/tag-heuer-apresenta-o-tag-heuer-o-monaco-purple-dial-limited-edition\/","name":"TAG Heuer apresenta o TAG Heuer o Monaco Purple Dial Limited Edition - CidadeMarketing","isPartOf":{"@id":"https:\/\/www.cidademarketing.com.br\/marketing\/#website"},"primaryImageOfPage":{"@id":"https:\/\/www.cidademarketing.com.br\/marketing\/2022\/07\/08\/tag-heuer-apresenta-o-tag-heuer-o-monaco-purple-dial-limited-edition\/#primaryimage"},"image":{"@id":"https:\/\/www.cidademarketing.com.br\/marketing\/2022\/07\/08\/tag-heuer-apresenta-o-tag-heuer-o-monaco-purple-dial-limited-edition\/#primaryimage"},"thumbnailUrl":"https:\/\/www.cidademarketing.com.br\/marketing\/wp-content\/uploads\/2022\/07\/TAGHeuer_monaco-1.jpg","datePublished":"2022-07-09T01:32:07+00:00","breadcrumb":{"@id":"https:\/\/www.cidademarketing.com.br\/marketing\/2022\/07\/08\/tag-heuer-apresenta-o-tag-heuer-o-monaco-purple-dial-limited-edition\/#breadcrumb"},"inLanguage":"pt-BR","potentialAction":[{"@type":"ReadAction","target":["https:\/\/www.cidademarketing.com.br\/marketing\/2022\/07\/08\/tag-heuer-apresenta-o-tag-heuer-o-monaco-purple-dial-limited-edition\/"]}]},{"@type":"ImageObject","inLanguage":"pt-BR","@id":"https:\/\/www.cidademarketing.com.br\/marketing\/2022\/07\/08\/tag-heuer-apresenta-o-tag-heuer-o-monaco-purple-dial-limited-edition\/#primaryimage","url":"https:\/\/www.cidademarketing.com.br\/marketing\/wp-content\/uploads\/2022\/07\/TAGHeuer_monaco-1.jpg","contentUrl":"https:\/\/www.cidademarketing.com.br\/marketing\/wp-content\/uploads\/2022\/07\/TAGHeuer_monaco-1.jpg","width":2000,"height":1500},{"@type":"BreadcrumbList","@id":"https:\/\/www.cidademarketing.com.br\/marketing\/2022\/07\/08\/tag-heuer-apresenta-o-tag-heuer-o-monaco-purple-dial-limited-edition\/#breadcrumb","itemListElement":[{"@type":"ListItem","position":1,"name":"In\u00edcio","item":"https:\/\/www.cidademarketing.com.br\/marketing\/"},{"@type":"ListItem","position":2,"name":"TAG Heuer apresenta o TAG Heuer o Monaco Purple Dial Limited Edition"}]},{"@type":"WebSite","@id":"https:\/\/www.cidademarketing.com.br\/marketing\/#website","url":"https:\/\/www.cidademarketing.com.br\/marketing\/","name":"CidadeMarketing","description":"Somos um ve\u00edculo de comunica\u00e7\u00e3o de destaque no Brasil, reconhecido por conte\u00fados nos segmentos de marketing, empreendedorismo e inova\u00e7\u00e3o.","publisher":{"@id":"https:\/\/www.cidademarketing.com.br\/marketing\/#organization"},"alternateName":"CidadeMarketing","potentialAction":[{"@type":"SearchAction","target":{"@type":"EntryPoint","urlTemplate":"https:\/\/www.cidademarketing.com.br\/marketing\/?s={search_term_string}"},"query-input":{"@type":"PropertyValueSpecification","valueRequired":true,"valueName":"search_term_string"}}],"inLanguage":"pt-BR"},{"@type":"Organization","@id":"https:\/\/www.cidademarketing.com.br\/marketing\/#organization","name":"CidadeMarketing","alternateName":"CidadeMarketing","url":"https:\/\/www.cidademarketing.com.br\/marketing\/","logo":{"@type":"ImageObject","inLanguage":"pt-BR","@id":"https:\/\/www.cidademarketing.com.br\/marketing\/#\/schema\/logo\/image\/","url":"https:\/\/www.cidademarketing.com.br\/marketing\/wp-content\/uploads\/2020\/01\/cidademarketing_marca_mobile.png","contentUrl":"https:\/\/www.cidademarketing.com.br\/marketing\/wp-content\/uploads\/2020\/01\/cidademarketing_marca_mobile.png","width":230,"height":92,"caption":"CidadeMarketing"},"image":{"@id":"https:\/\/www.cidademarketing.com.br\/marketing\/#\/schema\/logo\/image\/"},"sameAs":["https:\/\/www.facebook.com\/portalcidademarketing","https:\/\/x.com\/CidadeMarketing","https:\/\/www.instagram.com\/cidademarketing\/"]},{"@type":"Person","@id":"https:\/\/www.cidademarketing.com.br\/marketing\/#\/schema\/person\/02daff9f18bd9378c9e01eb6b2db155f","name":"Thales Brand\u00e3o","image":{"@type":"ImageObject","inLanguage":"pt-BR","@id":"https:\/\/secure.gravatar.com\/avatar\/7ca3206950207cc3cb48feec56a8a7898741ab725c368d99d5d7a5a50aab80c6?s=96&d=mm&r=g","url":"https:\/\/secure.gravatar.com\/avatar\/7ca3206950207cc3cb48feec56a8a7898741ab725c368d99d5d7a5a50aab80c6?s=96&d=mm&r=g","contentUrl":"https:\/\/secure.gravatar.com\/avatar\/7ca3206950207cc3cb48feec56a8a7898741ab725c368d99d5d7a5a50aab80c6?s=96&d=mm&r=g","caption":"Thales Brand\u00e3o"},"description":"Editor Executivo do Portal CidadeMarketing.com.br &gt; Mestre em Comunica\u00e7\u00e3o e Sociedade pela Universidade Federal de Sergipe. Possui MBA Executivo em Administra\u00e7\u00e3o com \u00eanfase em Marketing pela Funda\u00e7\u00e3o Get\u00falio Vargas - Rio de Janeiro. Consultor, Palestrante e Pesquisador sobre Empreendedorismo, Marketing, Redes Sociais e Neg\u00f3cios Digitais. Professor, Palestrante TedxTalks e Campus Party. Twitter: @ThalesBrandao","sameAs":["http:\/\/www.mandacaru.com.br","https:\/\/www.facebook.com\/thalesbrandao","http:\/\/www.instagram.com.br\/thalesbrandaoferreira","https:\/\/www.linkedin.com\/in\/thales-brand\u00e3o-3948609\/","https:\/\/x.com\/http:\/\/www.twitter.com\/thalesbrandao"],"url":"https:\/\/www.cidademarketing.com.br\/marketing\/author\/thalesbrandao\/"}]}},"amp_enabled":true,"_links":{"self":[{"href":"https:\/\/www.cidademarketing.com.br\/marketing\/wp-json\/wp\/v2\/posts\/36879","targetHints":{"allow":["GET"]}}],"collection":[{"href":"https:\/\/www.cidademarketing.com.br\/marketing\/wp-json\/wp\/v2\/posts"}],"about":[{"href":"https:\/\/www.cidademarketing.com.br\/marketing\/wp-json\/wp\/v2\/types\/post"}],"author":[{"embeddable":true,"href":"https:\/\/www.cidademarketing.com.br\/marketing\/wp-json\/wp\/v2\/users\/1"}],"replies":[{"embeddable":true,"href":"https:\/\/www.cidademarketing.com.br\/marketing\/wp-json\/wp\/v2\/comments?post=36879"}],"version-history":[{"count":1,"href":"https:\/\/www.cidademarketing.com.br\/marketing\/wp-json\/wp\/v2\/posts\/36879\/revisions"}],"predecessor-version":[{"id":36883,"href":"https:\/\/www.cidademarketing.com.br\/marketing\/wp-json\/wp\/v2\/posts\/36879\/revisions\/36883"}],"wp:featuredmedia":[{"embeddable":true,"href":"https:\/\/www.cidademarketing.com.br\/marketing\/wp-json\/wp\/v2\/media\/36882"}],"wp:attachment":[{"href":"https:\/\/www.cidademarketing.com.br\/marketing\/wp-json\/wp\/v2\/media?parent=36879"}],"wp:term":[{"taxonomy":"category","embeddable":true,"href":"https:\/\/www.cidademarketing.com.br\/marketing\/wp-json\/wp\/v2\/categories?post=36879"},{"taxonomy":"post_tag","embeddable":true,"href":"https:\/\/www.cidademarketing.com.br\/marketing\/wp-json\/wp\/v2\/tags?post=36879"}],"curies":[{"name":"wp","href":"https:\/\/api.w.org\/{rel}","templated":true}]}}