{"id":36768,"date":"2022-07-03T23:29:53","date_gmt":"2022-07-04T02:29:53","guid":{"rendered":"https:\/\/www.cidademarketing.com.br\/marketing\/?p=36768"},"modified":"2022-07-03T23:29:53","modified_gmt":"2022-07-04T02:29:53","slug":"som-livre-lanca-primeiro-podcast-institucional-o-som-do-meu-orgulho","status":"publish","type":"post","link":"https:\/\/www.cidademarketing.com.br\/marketing\/2022\/07\/03\/som-livre-lanca-primeiro-podcast-institucional-o-som-do-meu-orgulho\/","title":{"rendered":"Som Livre lan\u00e7a primeiro podcast institucional &#8220;O Som do Meu Orgulho&#8221;"},"content":{"rendered":"<p><iframe style=\"border-radius: 12px;\" src=\"https:\/\/open.spotify.com\/embed\/show\/4khMKzP3FgFRWVwb73xicc?utm_source=generator&amp;t=0\" width=\"100%\" height=\"232\" frameborder=\"0\" allowfullscreen=\"allowfullscreen\"><\/iframe><br \/>\nEm celebra\u00e7\u00e3o ao m\u00eas da representatividade LGBTQIAP+, a Som Livre lan\u00e7a mais uma a\u00e7\u00e3o da campanha de diversidade da gravadora, convidando artistas e tamb\u00e9m o p\u00fablico a mergulhar no tema e dividir suas experi\u00eancias. O primeiro podcast institucional da gravadora, <strong>\u201cO Som do Meu Orgulho\u201d<\/strong>, traz a m\u00fasica como uma das principais ferramentas no processo de autoaceita\u00e7\u00e3o da comunidade LGBTQIAP+. Com apresenta\u00e7\u00e3o da influenciadora digital e especialista no tema, <strong>Marcela Mc Gowan<\/strong>, o podcast acontece em uma roda de conversas com as cantoras <strong>Luiza Martins<\/strong>, <strong>Kynnie, Jecy<\/strong> e <strong>Mar\u00f4<\/strong>. O conte\u00fado do programa se desdobrou em 6 p\u00edlulas, foi gravado no est\u00fadio da gravadora no Rio de Janeiro e j\u00e1 se encontra dispon\u00edvel na \u00edntegra no<a href=\"https:\/\/www.youtube.com\/watch?v=_v19BK1xtO0\" target=\"_blank\" rel=\"noopener\"> YouTube<\/a> e no<a href=\"https:\/\/open.spotify.com\/show\/6pGJp4oZscvkU9xCTItQRS\" target=\"_blank\" rel=\"noopener\"> Spotify<\/a> e tamb\u00e9m com trechos no <a href=\"https:\/\/www.instagram.com\/somlivre\/reels\/\" target=\"_blank\" rel=\"noopener\">Reels<\/a>, dos perfis oficiais da Som Livre.<\/p>\n<p>Com o intuito de gerar visibilidade para a causa e amplificar essas vozes representadas pelas artistas LGBTQIAP+ da Som Livre, com suas respectivas experi\u00eancias e mensagens para o mundo, o podcast <strong>\u201cO Som do Meu Orgulho\u201d<\/strong> abordou dentro do tema conversas como descoberta sexual, estere\u00f3tipos, relacionamentos abusivos, vulnerabilidade, autoestima, representatividade e inspira\u00e7\u00f5es na m\u00fasica, desafios na ind\u00fastria musical, posicionamento, papel da influ\u00eancia e suas responsabilidades, entre outros. Descri\u00e7\u00e3o completa de cada epis\u00f3dio abaixo.<\/p>\n<p>Convidada especialmente pela Som Livre para ser a apresentadora do podcast \u201cO Som do Meu Orgulho\u201d, <strong>Marcela Mc Gowan <\/strong>fala sobre o convite e a import\u00e2ncia de gerar debates sobre a causa: <em>\u201cPra mim foi muito especial participar do podcast, sobretudo pela a\u00e7\u00e3o que representa. \u00c9 muito importante poder ver uma mobiliza\u00e7\u00e3o do mercado em trazer consci\u00eancia, em se engajar realmente no M\u00eas do Orgulho, n\u00e3o s\u00f3 de maneira superficial, mas promovendo conte\u00fados e discuss\u00f5es. A Som Livre deu espa\u00e7o para os artistas LGBTQIAP+ da casa se mostrarem, se expressarem\u2026 \u00c9 uma forma das pessoas conhecerem os artistas al\u00e9m da m\u00fasica, saberem suas experi\u00eancias e viv\u00eancias. Foi um prazer escutar as meninas e ter essa conversa aberta, sou muito grata \u00e0 Som Livre pelo convite\u201d.<\/em><\/p>\n<p><strong>Pollyana de Moraes<\/strong>, Gerente de Marketing e Comunica\u00e7\u00e3o da Som Livre, fala sobre o lan\u00e7amento do podcast, que faz parte das iniciativas de diversidade da empresa:<em> \u201cO orgulho da comunidade LGBTQIAP+ \u00e9 uma conquista em constru\u00e7\u00e3o e um legado de gera\u00e7\u00f5es. A m\u00fasica n\u00e3o poderia ficar de fora desse processo. Ela tem um papel importante como trilha sonora da jornada de autoaceita\u00e7\u00e3o e de celebra\u00e7\u00e3o do \u2018Eu Me Amo e Me Orgulho\u2019 de cada indiv\u00edduo. A partir da m\u00fasica, queremos promover o di\u00e1logo sobre diversidade, tanto dentro da Som Livre, quanto fora. Por isso convidamos mulheres maravilhosas como as artistas LGBTQIAP+ da casa, Kynnie, Jecy, Mar\u00f4 e Luiza Martins, que junto \u00e0 Marcela Mc Gowan, contaram no nosso podcast mais sobre suas viv\u00eancias, experi\u00eancias e opini\u00f5es\u201d.<\/em><\/p>\n<p>A cantora <strong>Kynnie<\/strong> fala sobre sua participa\u00e7\u00e3o e a experi\u00eancia com as a\u00e7\u00f5es da gravadora: \u201c<em>Pra mim foi muito gratificante ter sido convidada para esta iniciativa da Som Livre, que \u00e9 uma casa que me acolheu, onde eu pude lan\u00e7ar as minhas m\u00fasicas e ser muito bem representada. Pude aprender, contribuiu pro meu conhecimento e at\u00e9 mesmo para minhas pr\u00f3ximas m\u00fasicas que ser\u00e3o compostas. \u00c9 uma iniciativa linda e acredito que isso deveria ser um marco na agenda da Som Livre, que a gente possa alcan\u00e7ar esse trabalho lindo que a gente t\u00e1 fazendo em outros momentos tamb\u00e9m, n\u00e3o s\u00f3 nesse m\u00eas de junho, mas no ano todo\u201d.<\/em><\/p>\n<p>Tamb\u00e9m parte das a\u00e7\u00f5es de celebra\u00e7\u00e3o da data, a gravadora promoveu, em um evento presencial no in\u00edcio do m\u00eas de junho (dia 09), um bate-papo aberto com a presen\u00e7a do Comit\u00ea de Diversidade da Som Livre, composto por funcion\u00e1rios da gravadora, e convidados especiais como a cantora Kynnie, o criador de conte\u00fado e especialista no tema Thiago Peniche, o jornalista, fundador e CEO do Popline Flavio Saturnino e o psic\u00f3logo Leonardo Alves. Com o intuito de gerar visibilidade para a causa e inspirar outras pessoas, foram captados durante o evento depoimentos do p\u00fablico presente sobre suas experi\u00eancias com a m\u00fasica e o processo de autoaceita\u00e7\u00e3o, que se desdobrar\u00e3o em p\u00edlulas para o Reels da Som Livre no Instagram. Ap\u00f3s o debate de ideias, Kynnie embalou o palco do est\u00fadio da Som Livre, no Rio de Janeiro, com suas m\u00fasicas repletas de empoderamento e representatividade, como \u201cSimples Assim\u201d, \u201cLinda, Chique, Sexy &amp; Braba\u201d e \u201cAlucina\u00e7\u00e3o\u201d.<\/p>\n<p><strong>Podcast institucional Som Livre \u201cO Som do Meu Orgulho\u201d<\/strong><\/p>\n<p>Plataformas: YouTube, Spotify e Reels<\/p>\n<p>Ep.1: A apresentadora Marcela Mc Gowan e as convidadas Luiza Martins, Kynnie, Jecy e Mar\u00f4 falam sobre influ\u00eancias que tiveram desde suas inf\u00e2ncias at\u00e9 a juventude. Conversam sobre a estereotipagem do LGBTQIAP+ desde muito jovem, e suas descobertas em rela\u00e7\u00e3o \u00e0 orienta\u00e7\u00e3o sexual.<\/p>\n<p>Ep.2 : A m\u00fasica faz parte da hist\u00f3ria de cada um, e sabendo disso, as convidadas falam sobre as suas refer\u00eancias art\u00edsticas e musicais \u2013 e tamb\u00e9m explicam como, atrav\u00e9s de suas letras e composi\u00e7\u00f5es, buscam transmitir a mensagem de representatividade e liberdade de express\u00e3o para outras pessoas.<\/p>\n<p>Ep.3: Import\u00e2ncia da representatividade, milit\u00e2ncia e discuss\u00f5es acerca da tem\u00e1tica LGBTQIAP+. Luiza, Jecy, Kynnie, Marcela e Mar\u00f4 falam sobre a import\u00e2ncia e a responsabilidade de estarem em destaque na m\u00eddia e, muitas vezes, serem consideradas espelhos para outras pessoas.<\/p>\n<p>Ep.4: Performances de g\u00eanero, preconceitos e vulnerabilidade. Esses s\u00e3o os pilares que baseiam a conversa neste quarto epis\u00f3dio \u2013 no qual as convidadas dividem experi\u00eancias pr\u00f3prias e opini\u00f5es sobre toda a sensibilidade do tema.<\/p>\n<p>Ep.5: As convidadas exemplificam e contam quais s\u00e3o suas inspira\u00e7\u00f5es musicais, discutem composi\u00e7\u00f5es e o posicionamento nas m\u00fasicas. O quinto epis\u00f3dio do podcast \u201cO Som do Meu Orgulho\u201d vem cheio de descobertas, influ\u00eancias e refer\u00eancias.<\/p>\n<p>Ep.6: Finalizando toda tem\u00e1tica que permeia \u201cO Som do Meu Orgulho\u201d, as convidadas encerram o papo, com muito carisma e bom-humor, resumindo toda a import\u00e2ncia da representatividade na pr\u00e1tica.<\/p>\n<p><iframe style=\"width: 100%; max-width: 660px; overflow: hidden; background: transparent;\" src=\"https:\/\/embed.podcasts.apple.com\/br\/podcast\/podcast-cidademarketing\/id1371923283\" height=\"450\" frameborder=\"0\" sandbox=\"allow-forms allow-popups allow-same-origin allow-scripts allow-storage-access-by-user-activation allow-top-navigation-by-user-activation\"><\/iframe><\/p>\n","protected":false},"excerpt":{"rendered":"<p>Em celebra\u00e7\u00e3o ao m\u00eas da representatividade LGBTQIAP+, a Som Livre lan\u00e7a mais uma a\u00e7\u00e3o da campanha de diversidade da gravadora, convidando artistas e tamb\u00e9m o p\u00fablico a mergulhar no tema e dividir suas experi\u00eancias. O primeiro podcast institucional da gravadora, \u201cO Som do Meu Orgulho\u201d, traz a m\u00fasica como uma das principais ferramentas no processo [&hellip;]<\/p>\n","protected":false},"author":1,"featured_media":36769,"comment_status":"open","ping_status":"open","sticky":false,"template":"","format":"standard","meta":{"tdm_status":"","tdm_grid_status":"","footnotes":""},"categories":[6],"tags":[926,33,28,817,42,3129],"class_list":["post-36768","post","type-post","status-publish","format-standard","has-post-thumbnail","hentry","category-noticias","tag-conteudo","tag-estrategia","tag-marketing","tag-marketing-de-conteudo","tag-podcast","tag-som-livre"],"yoast_head":"<!-- This site is optimized with the Yoast SEO plugin v27.5 - https:\/\/yoast.com\/product\/yoast-seo-wordpress\/ -->\n<title>Som Livre lan\u00e7a primeiro podcast institucional &quot;O Som do Meu Orgulho&quot; - CidadeMarketing<\/title>\n<meta name=\"robots\" content=\"index, follow, max-snippet:-1, max-image-preview:large, max-video-preview:-1\" \/>\n<link rel=\"canonical\" href=\"https:\/\/www.cidademarketing.com.br\/marketing\/2022\/07\/03\/som-livre-lanca-primeiro-podcast-institucional-o-som-do-meu-orgulho\/\" \/>\n<meta property=\"og:locale\" content=\"pt_BR\" \/>\n<meta property=\"og:type\" content=\"article\" \/>\n<meta property=\"og:title\" content=\"Som Livre lan\u00e7a primeiro podcast institucional &quot;O Som do Meu Orgulho&quot; - CidadeMarketing\" \/>\n<meta property=\"og:description\" content=\"Em celebra\u00e7\u00e3o ao m\u00eas da representatividade LGBTQIAP+, a Som Livre lan\u00e7a mais uma a\u00e7\u00e3o da campanha de diversidade da gravadora, convidando artistas e tamb\u00e9m o p\u00fablico a mergulhar no tema e dividir suas experi\u00eancias. O primeiro podcast institucional da gravadora, \u201cO Som do Meu Orgulho\u201d, traz a m\u00fasica como uma das principais ferramentas no processo [&hellip;]\" \/>\n<meta property=\"og:url\" content=\"https:\/\/www.cidademarketing.com.br\/marketing\/2022\/07\/03\/som-livre-lanca-primeiro-podcast-institucional-o-som-do-meu-orgulho\/\" \/>\n<meta property=\"og:site_name\" content=\"CidadeMarketing\" \/>\n<meta property=\"article:publisher\" content=\"https:\/\/www.facebook.com\/portalcidademarketing\" \/>\n<meta property=\"article:author\" content=\"https:\/\/www.facebook.com\/thalesbrandao\" \/>\n<meta property=\"article:published_time\" content=\"2022-07-04T02:29:53+00:00\" \/>\n<meta property=\"og:image\" content=\"https:\/\/www.cidademarketing.com.br\/marketing\/wp-content\/uploads\/2022\/07\/somlivre_podcast.jpg\" \/>\n\t<meta property=\"og:image:width\" content=\"1160\" \/>\n\t<meta property=\"og:image:height\" content=\"653\" \/>\n\t<meta property=\"og:image:type\" content=\"image\/jpeg\" \/>\n<meta name=\"author\" content=\"Thales Brand\u00e3o\" \/>\n<meta name=\"twitter:card\" content=\"summary_large_image\" \/>\n<meta name=\"twitter:creator\" content=\"@http:\/\/www.twitter.com\/thalesbrandao\" \/>\n<meta name=\"twitter:site\" content=\"@CidadeMarketing\" \/>\n<meta name=\"twitter:label1\" content=\"Escrito por\" \/>\n\t<meta name=\"twitter:data1\" content=\"Thales Brand\u00e3o\" \/>\n\t<meta name=\"twitter:label2\" content=\"Est. tempo de leitura\" \/>\n\t<meta name=\"twitter:data2\" content=\"5 minutos\" \/>\n<script type=\"application\/ld+json\" class=\"yoast-schema-graph\">{\"@context\":\"https:\\\/\\\/schema.org\",\"@graph\":[{\"@type\":\"Article\",\"@id\":\"https:\\\/\\\/www.cidademarketing.com.br\\\/marketing\\\/2022\\\/07\\\/03\\\/som-livre-lanca-primeiro-podcast-institucional-o-som-do-meu-orgulho\\\/#article\",\"isPartOf\":{\"@id\":\"https:\\\/\\\/www.cidademarketing.com.br\\\/marketing\\\/2022\\\/07\\\/03\\\/som-livre-lanca-primeiro-podcast-institucional-o-som-do-meu-orgulho\\\/\"},\"author\":{\"name\":\"Thales Brand\u00e3o\",\"@id\":\"https:\\\/\\\/www.cidademarketing.com.br\\\/marketing\\\/#\\\/schema\\\/person\\\/02daff9f18bd9378c9e01eb6b2db155f\"},\"headline\":\"Som Livre lan\u00e7a primeiro podcast institucional &#8220;O Som do Meu Orgulho&#8221;\",\"datePublished\":\"2022-07-04T02:29:53+00:00\",\"mainEntityOfPage\":{\"@id\":\"https:\\\/\\\/www.cidademarketing.com.br\\\/marketing\\\/2022\\\/07\\\/03\\\/som-livre-lanca-primeiro-podcast-institucional-o-som-do-meu-orgulho\\\/\"},\"wordCount\":1074,\"commentCount\":0,\"publisher\":{\"@id\":\"https:\\\/\\\/www.cidademarketing.com.br\\\/marketing\\\/#organization\"},\"image\":{\"@id\":\"https:\\\/\\\/www.cidademarketing.com.br\\\/marketing\\\/2022\\\/07\\\/03\\\/som-livre-lanca-primeiro-podcast-institucional-o-som-do-meu-orgulho\\\/#primaryimage\"},\"thumbnailUrl\":\"https:\\\/\\\/www.cidademarketing.com.br\\\/marketing\\\/wp-content\\\/uploads\\\/2022\\\/07\\\/somlivre_podcast.jpg\",\"keywords\":[\"conte\u00fado\",\"estrat\u00e9gia\",\"marketing\",\"marketing de conte\u00fado\",\"podcast\",\"Som Livre\"],\"articleSection\":[\"Not\u00edcias\"],\"inLanguage\":\"pt-BR\",\"potentialAction\":[{\"@type\":\"CommentAction\",\"name\":\"Comment\",\"target\":[\"https:\\\/\\\/www.cidademarketing.com.br\\\/marketing\\\/2022\\\/07\\\/03\\\/som-livre-lanca-primeiro-podcast-institucional-o-som-do-meu-orgulho\\\/#respond\"]}]},{\"@type\":\"WebPage\",\"@id\":\"https:\\\/\\\/www.cidademarketing.com.br\\\/marketing\\\/2022\\\/07\\\/03\\\/som-livre-lanca-primeiro-podcast-institucional-o-som-do-meu-orgulho\\\/\",\"url\":\"https:\\\/\\\/www.cidademarketing.com.br\\\/marketing\\\/2022\\\/07\\\/03\\\/som-livre-lanca-primeiro-podcast-institucional-o-som-do-meu-orgulho\\\/\",\"name\":\"Som Livre lan\u00e7a primeiro podcast institucional \\\"O Som do Meu Orgulho\\\" - CidadeMarketing\",\"isPartOf\":{\"@id\":\"https:\\\/\\\/www.cidademarketing.com.br\\\/marketing\\\/#website\"},\"primaryImageOfPage\":{\"@id\":\"https:\\\/\\\/www.cidademarketing.com.br\\\/marketing\\\/2022\\\/07\\\/03\\\/som-livre-lanca-primeiro-podcast-institucional-o-som-do-meu-orgulho\\\/#primaryimage\"},\"image\":{\"@id\":\"https:\\\/\\\/www.cidademarketing.com.br\\\/marketing\\\/2022\\\/07\\\/03\\\/som-livre-lanca-primeiro-podcast-institucional-o-som-do-meu-orgulho\\\/#primaryimage\"},\"thumbnailUrl\":\"https:\\\/\\\/www.cidademarketing.com.br\\\/marketing\\\/wp-content\\\/uploads\\\/2022\\\/07\\\/somlivre_podcast.jpg\",\"datePublished\":\"2022-07-04T02:29:53+00:00\",\"breadcrumb\":{\"@id\":\"https:\\\/\\\/www.cidademarketing.com.br\\\/marketing\\\/2022\\\/07\\\/03\\\/som-livre-lanca-primeiro-podcast-institucional-o-som-do-meu-orgulho\\\/#breadcrumb\"},\"inLanguage\":\"pt-BR\",\"potentialAction\":[{\"@type\":\"ReadAction\",\"target\":[\"https:\\\/\\\/www.cidademarketing.com.br\\\/marketing\\\/2022\\\/07\\\/03\\\/som-livre-lanca-primeiro-podcast-institucional-o-som-do-meu-orgulho\\\/\"]}]},{\"@type\":\"ImageObject\",\"inLanguage\":\"pt-BR\",\"@id\":\"https:\\\/\\\/www.cidademarketing.com.br\\\/marketing\\\/2022\\\/07\\\/03\\\/som-livre-lanca-primeiro-podcast-institucional-o-som-do-meu-orgulho\\\/#primaryimage\",\"url\":\"https:\\\/\\\/www.cidademarketing.com.br\\\/marketing\\\/wp-content\\\/uploads\\\/2022\\\/07\\\/somlivre_podcast.jpg\",\"contentUrl\":\"https:\\\/\\\/www.cidademarketing.com.br\\\/marketing\\\/wp-content\\\/uploads\\\/2022\\\/07\\\/somlivre_podcast.jpg\",\"width\":1160,\"height\":653,\"caption\":\"A apresentadora Marcela Mc Gowan com as cantoras Jecy, Luiza Martins, Kynnie e Mar\u00f4\\\/ Divulga\u00e7\u00e3o Som Livre\"},{\"@type\":\"BreadcrumbList\",\"@id\":\"https:\\\/\\\/www.cidademarketing.com.br\\\/marketing\\\/2022\\\/07\\\/03\\\/som-livre-lanca-primeiro-podcast-institucional-o-som-do-meu-orgulho\\\/#breadcrumb\",\"itemListElement\":[{\"@type\":\"ListItem\",\"position\":1,\"name\":\"In\u00edcio\",\"item\":\"https:\\\/\\\/www.cidademarketing.com.br\\\/marketing\\\/\"},{\"@type\":\"ListItem\",\"position\":2,\"name\":\"Som Livre lan\u00e7a primeiro podcast institucional &#8220;O Som do Meu Orgulho&#8221;\"}]},{\"@type\":\"WebSite\",\"@id\":\"https:\\\/\\\/www.cidademarketing.com.br\\\/marketing\\\/#website\",\"url\":\"https:\\\/\\\/www.cidademarketing.com.br\\\/marketing\\\/\",\"name\":\"CidadeMarketing\",\"description\":\"Somos um ve\u00edculo de comunica\u00e7\u00e3o de destaque no Brasil, reconhecido por conte\u00fados nos segmentos de marketing, empreendedorismo e inova\u00e7\u00e3o.\",\"publisher\":{\"@id\":\"https:\\\/\\\/www.cidademarketing.com.br\\\/marketing\\\/#organization\"},\"alternateName\":\"CidadeMarketing\",\"potentialAction\":[{\"@type\":\"SearchAction\",\"target\":{\"@type\":\"EntryPoint\",\"urlTemplate\":\"https:\\\/\\\/www.cidademarketing.com.br\\\/marketing\\\/?s={search_term_string}\"},\"query-input\":{\"@type\":\"PropertyValueSpecification\",\"valueRequired\":true,\"valueName\":\"search_term_string\"}}],\"inLanguage\":\"pt-BR\"},{\"@type\":\"Organization\",\"@id\":\"https:\\\/\\\/www.cidademarketing.com.br\\\/marketing\\\/#organization\",\"name\":\"CidadeMarketing\",\"alternateName\":\"CidadeMarketing\",\"url\":\"https:\\\/\\\/www.cidademarketing.com.br\\\/marketing\\\/\",\"logo\":{\"@type\":\"ImageObject\",\"inLanguage\":\"pt-BR\",\"@id\":\"https:\\\/\\\/www.cidademarketing.com.br\\\/marketing\\\/#\\\/schema\\\/logo\\\/image\\\/\",\"url\":\"https:\\\/\\\/www.cidademarketing.com.br\\\/marketing\\\/wp-content\\\/uploads\\\/2020\\\/01\\\/cidademarketing_marca_mobile.png\",\"contentUrl\":\"https:\\\/\\\/www.cidademarketing.com.br\\\/marketing\\\/wp-content\\\/uploads\\\/2020\\\/01\\\/cidademarketing_marca_mobile.png\",\"width\":230,\"height\":92,\"caption\":\"CidadeMarketing\"},\"image\":{\"@id\":\"https:\\\/\\\/www.cidademarketing.com.br\\\/marketing\\\/#\\\/schema\\\/logo\\\/image\\\/\"},\"sameAs\":[\"https:\\\/\\\/www.facebook.com\\\/portalcidademarketing\",\"https:\\\/\\\/x.com\\\/CidadeMarketing\",\"https:\\\/\\\/www.instagram.com\\\/cidademarketing\\\/\"]},{\"@type\":\"Person\",\"@id\":\"https:\\\/\\\/www.cidademarketing.com.br\\\/marketing\\\/#\\\/schema\\\/person\\\/02daff9f18bd9378c9e01eb6b2db155f\",\"name\":\"Thales Brand\u00e3o\",\"image\":{\"@type\":\"ImageObject\",\"inLanguage\":\"pt-BR\",\"@id\":\"https:\\\/\\\/secure.gravatar.com\\\/avatar\\\/7ca3206950207cc3cb48feec56a8a7898741ab725c368d99d5d7a5a50aab80c6?s=96&d=mm&r=g\",\"url\":\"https:\\\/\\\/secure.gravatar.com\\\/avatar\\\/7ca3206950207cc3cb48feec56a8a7898741ab725c368d99d5d7a5a50aab80c6?s=96&d=mm&r=g\",\"contentUrl\":\"https:\\\/\\\/secure.gravatar.com\\\/avatar\\\/7ca3206950207cc3cb48feec56a8a7898741ab725c368d99d5d7a5a50aab80c6?s=96&d=mm&r=g\",\"caption\":\"Thales Brand\u00e3o\"},\"description\":\"Editor Executivo do Portal CidadeMarketing.com.br &gt; Mestre em Comunica\u00e7\u00e3o e Sociedade pela Universidade Federal de Sergipe. Possui MBA Executivo em Administra\u00e7\u00e3o com \u00eanfase em Marketing pela Funda\u00e7\u00e3o Get\u00falio Vargas - Rio de Janeiro. Consultor, Palestrante e Pesquisador sobre Empreendedorismo, Marketing, Redes Sociais e Neg\u00f3cios Digitais. Professor, Palestrante TedxTalks e Campus Party. Twitter: @ThalesBrandao\",\"sameAs\":[\"http:\\\/\\\/www.mandacaru.com.br\",\"https:\\\/\\\/www.facebook.com\\\/thalesbrandao\",\"http:\\\/\\\/www.instagram.com.br\\\/thalesbrandaoferreira\",\"https:\\\/\\\/www.linkedin.com\\\/in\\\/thales-brand\u00e3o-3948609\\\/\",\"https:\\\/\\\/x.com\\\/http:\\\/\\\/www.twitter.com\\\/thalesbrandao\"],\"url\":\"https:\\\/\\\/www.cidademarketing.com.br\\\/marketing\\\/author\\\/thalesbrandao\\\/\"}]}<\/script>\n<!-- \/ Yoast SEO plugin. -->","yoast_head_json":{"title":"Som Livre lan\u00e7a primeiro podcast institucional \"O Som do Meu Orgulho\" - CidadeMarketing","robots":{"index":"index","follow":"follow","max-snippet":"max-snippet:-1","max-image-preview":"max-image-preview:large","max-video-preview":"max-video-preview:-1"},"canonical":"https:\/\/www.cidademarketing.com.br\/marketing\/2022\/07\/03\/som-livre-lanca-primeiro-podcast-institucional-o-som-do-meu-orgulho\/","og_locale":"pt_BR","og_type":"article","og_title":"Som Livre lan\u00e7a primeiro podcast institucional \"O Som do Meu Orgulho\" - CidadeMarketing","og_description":"Em celebra\u00e7\u00e3o ao m\u00eas da representatividade LGBTQIAP+, a Som Livre lan\u00e7a mais uma a\u00e7\u00e3o da campanha de diversidade da gravadora, convidando artistas e tamb\u00e9m o p\u00fablico a mergulhar no tema e dividir suas experi\u00eancias. O primeiro podcast institucional da gravadora, \u201cO Som do Meu Orgulho\u201d, traz a m\u00fasica como uma das principais ferramentas no processo [&hellip;]","og_url":"https:\/\/www.cidademarketing.com.br\/marketing\/2022\/07\/03\/som-livre-lanca-primeiro-podcast-institucional-o-som-do-meu-orgulho\/","og_site_name":"CidadeMarketing","article_publisher":"https:\/\/www.facebook.com\/portalcidademarketing","article_author":"https:\/\/www.facebook.com\/thalesbrandao","article_published_time":"2022-07-04T02:29:53+00:00","og_image":[{"width":1160,"height":653,"url":"https:\/\/www.cidademarketing.com.br\/marketing\/wp-content\/uploads\/2022\/07\/somlivre_podcast.jpg","type":"image\/jpeg"}],"author":"Thales Brand\u00e3o","twitter_card":"summary_large_image","twitter_creator":"@http:\/\/www.twitter.com\/thalesbrandao","twitter_site":"@CidadeMarketing","twitter_misc":{"Escrito por":"Thales Brand\u00e3o","Est. tempo de leitura":"5 minutos"},"schema":{"@context":"https:\/\/schema.org","@graph":[{"@type":"Article","@id":"https:\/\/www.cidademarketing.com.br\/marketing\/2022\/07\/03\/som-livre-lanca-primeiro-podcast-institucional-o-som-do-meu-orgulho\/#article","isPartOf":{"@id":"https:\/\/www.cidademarketing.com.br\/marketing\/2022\/07\/03\/som-livre-lanca-primeiro-podcast-institucional-o-som-do-meu-orgulho\/"},"author":{"name":"Thales Brand\u00e3o","@id":"https:\/\/www.cidademarketing.com.br\/marketing\/#\/schema\/person\/02daff9f18bd9378c9e01eb6b2db155f"},"headline":"Som Livre lan\u00e7a primeiro podcast institucional &#8220;O Som do Meu Orgulho&#8221;","datePublished":"2022-07-04T02:29:53+00:00","mainEntityOfPage":{"@id":"https:\/\/www.cidademarketing.com.br\/marketing\/2022\/07\/03\/som-livre-lanca-primeiro-podcast-institucional-o-som-do-meu-orgulho\/"},"wordCount":1074,"commentCount":0,"publisher":{"@id":"https:\/\/www.cidademarketing.com.br\/marketing\/#organization"},"image":{"@id":"https:\/\/www.cidademarketing.com.br\/marketing\/2022\/07\/03\/som-livre-lanca-primeiro-podcast-institucional-o-som-do-meu-orgulho\/#primaryimage"},"thumbnailUrl":"https:\/\/www.cidademarketing.com.br\/marketing\/wp-content\/uploads\/2022\/07\/somlivre_podcast.jpg","keywords":["conte\u00fado","estrat\u00e9gia","marketing","marketing de conte\u00fado","podcast","Som Livre"],"articleSection":["Not\u00edcias"],"inLanguage":"pt-BR","potentialAction":[{"@type":"CommentAction","name":"Comment","target":["https:\/\/www.cidademarketing.com.br\/marketing\/2022\/07\/03\/som-livre-lanca-primeiro-podcast-institucional-o-som-do-meu-orgulho\/#respond"]}]},{"@type":"WebPage","@id":"https:\/\/www.cidademarketing.com.br\/marketing\/2022\/07\/03\/som-livre-lanca-primeiro-podcast-institucional-o-som-do-meu-orgulho\/","url":"https:\/\/www.cidademarketing.com.br\/marketing\/2022\/07\/03\/som-livre-lanca-primeiro-podcast-institucional-o-som-do-meu-orgulho\/","name":"Som Livre lan\u00e7a primeiro podcast institucional \"O Som do Meu Orgulho\" - CidadeMarketing","isPartOf":{"@id":"https:\/\/www.cidademarketing.com.br\/marketing\/#website"},"primaryImageOfPage":{"@id":"https:\/\/www.cidademarketing.com.br\/marketing\/2022\/07\/03\/som-livre-lanca-primeiro-podcast-institucional-o-som-do-meu-orgulho\/#primaryimage"},"image":{"@id":"https:\/\/www.cidademarketing.com.br\/marketing\/2022\/07\/03\/som-livre-lanca-primeiro-podcast-institucional-o-som-do-meu-orgulho\/#primaryimage"},"thumbnailUrl":"https:\/\/www.cidademarketing.com.br\/marketing\/wp-content\/uploads\/2022\/07\/somlivre_podcast.jpg","datePublished":"2022-07-04T02:29:53+00:00","breadcrumb":{"@id":"https:\/\/www.cidademarketing.com.br\/marketing\/2022\/07\/03\/som-livre-lanca-primeiro-podcast-institucional-o-som-do-meu-orgulho\/#breadcrumb"},"inLanguage":"pt-BR","potentialAction":[{"@type":"ReadAction","target":["https:\/\/www.cidademarketing.com.br\/marketing\/2022\/07\/03\/som-livre-lanca-primeiro-podcast-institucional-o-som-do-meu-orgulho\/"]}]},{"@type":"ImageObject","inLanguage":"pt-BR","@id":"https:\/\/www.cidademarketing.com.br\/marketing\/2022\/07\/03\/som-livre-lanca-primeiro-podcast-institucional-o-som-do-meu-orgulho\/#primaryimage","url":"https:\/\/www.cidademarketing.com.br\/marketing\/wp-content\/uploads\/2022\/07\/somlivre_podcast.jpg","contentUrl":"https:\/\/www.cidademarketing.com.br\/marketing\/wp-content\/uploads\/2022\/07\/somlivre_podcast.jpg","width":1160,"height":653,"caption":"A apresentadora Marcela Mc Gowan com as cantoras Jecy, Luiza Martins, Kynnie e Mar\u00f4\/ Divulga\u00e7\u00e3o Som Livre"},{"@type":"BreadcrumbList","@id":"https:\/\/www.cidademarketing.com.br\/marketing\/2022\/07\/03\/som-livre-lanca-primeiro-podcast-institucional-o-som-do-meu-orgulho\/#breadcrumb","itemListElement":[{"@type":"ListItem","position":1,"name":"In\u00edcio","item":"https:\/\/www.cidademarketing.com.br\/marketing\/"},{"@type":"ListItem","position":2,"name":"Som Livre lan\u00e7a primeiro podcast institucional &#8220;O Som do Meu Orgulho&#8221;"}]},{"@type":"WebSite","@id":"https:\/\/www.cidademarketing.com.br\/marketing\/#website","url":"https:\/\/www.cidademarketing.com.br\/marketing\/","name":"CidadeMarketing","description":"Somos um ve\u00edculo de comunica\u00e7\u00e3o de destaque no Brasil, reconhecido por conte\u00fados nos segmentos de marketing, empreendedorismo e inova\u00e7\u00e3o.","publisher":{"@id":"https:\/\/www.cidademarketing.com.br\/marketing\/#organization"},"alternateName":"CidadeMarketing","potentialAction":[{"@type":"SearchAction","target":{"@type":"EntryPoint","urlTemplate":"https:\/\/www.cidademarketing.com.br\/marketing\/?s={search_term_string}"},"query-input":{"@type":"PropertyValueSpecification","valueRequired":true,"valueName":"search_term_string"}}],"inLanguage":"pt-BR"},{"@type":"Organization","@id":"https:\/\/www.cidademarketing.com.br\/marketing\/#organization","name":"CidadeMarketing","alternateName":"CidadeMarketing","url":"https:\/\/www.cidademarketing.com.br\/marketing\/","logo":{"@type":"ImageObject","inLanguage":"pt-BR","@id":"https:\/\/www.cidademarketing.com.br\/marketing\/#\/schema\/logo\/image\/","url":"https:\/\/www.cidademarketing.com.br\/marketing\/wp-content\/uploads\/2020\/01\/cidademarketing_marca_mobile.png","contentUrl":"https:\/\/www.cidademarketing.com.br\/marketing\/wp-content\/uploads\/2020\/01\/cidademarketing_marca_mobile.png","width":230,"height":92,"caption":"CidadeMarketing"},"image":{"@id":"https:\/\/www.cidademarketing.com.br\/marketing\/#\/schema\/logo\/image\/"},"sameAs":["https:\/\/www.facebook.com\/portalcidademarketing","https:\/\/x.com\/CidadeMarketing","https:\/\/www.instagram.com\/cidademarketing\/"]},{"@type":"Person","@id":"https:\/\/www.cidademarketing.com.br\/marketing\/#\/schema\/person\/02daff9f18bd9378c9e01eb6b2db155f","name":"Thales Brand\u00e3o","image":{"@type":"ImageObject","inLanguage":"pt-BR","@id":"https:\/\/secure.gravatar.com\/avatar\/7ca3206950207cc3cb48feec56a8a7898741ab725c368d99d5d7a5a50aab80c6?s=96&d=mm&r=g","url":"https:\/\/secure.gravatar.com\/avatar\/7ca3206950207cc3cb48feec56a8a7898741ab725c368d99d5d7a5a50aab80c6?s=96&d=mm&r=g","contentUrl":"https:\/\/secure.gravatar.com\/avatar\/7ca3206950207cc3cb48feec56a8a7898741ab725c368d99d5d7a5a50aab80c6?s=96&d=mm&r=g","caption":"Thales Brand\u00e3o"},"description":"Editor Executivo do Portal CidadeMarketing.com.br &gt; Mestre em Comunica\u00e7\u00e3o e Sociedade pela Universidade Federal de Sergipe. Possui MBA Executivo em Administra\u00e7\u00e3o com \u00eanfase em Marketing pela Funda\u00e7\u00e3o Get\u00falio Vargas - Rio de Janeiro. Consultor, Palestrante e Pesquisador sobre Empreendedorismo, Marketing, Redes Sociais e Neg\u00f3cios Digitais. Professor, Palestrante TedxTalks e Campus Party. Twitter: @ThalesBrandao","sameAs":["http:\/\/www.mandacaru.com.br","https:\/\/www.facebook.com\/thalesbrandao","http:\/\/www.instagram.com.br\/thalesbrandaoferreira","https:\/\/www.linkedin.com\/in\/thales-brand\u00e3o-3948609\/","https:\/\/x.com\/http:\/\/www.twitter.com\/thalesbrandao"],"url":"https:\/\/www.cidademarketing.com.br\/marketing\/author\/thalesbrandao\/"}]}},"amp_enabled":true,"_links":{"self":[{"href":"https:\/\/www.cidademarketing.com.br\/marketing\/wp-json\/wp\/v2\/posts\/36768","targetHints":{"allow":["GET"]}}],"collection":[{"href":"https:\/\/www.cidademarketing.com.br\/marketing\/wp-json\/wp\/v2\/posts"}],"about":[{"href":"https:\/\/www.cidademarketing.com.br\/marketing\/wp-json\/wp\/v2\/types\/post"}],"author":[{"embeddable":true,"href":"https:\/\/www.cidademarketing.com.br\/marketing\/wp-json\/wp\/v2\/users\/1"}],"replies":[{"embeddable":true,"href":"https:\/\/www.cidademarketing.com.br\/marketing\/wp-json\/wp\/v2\/comments?post=36768"}],"version-history":[{"count":1,"href":"https:\/\/www.cidademarketing.com.br\/marketing\/wp-json\/wp\/v2\/posts\/36768\/revisions"}],"predecessor-version":[{"id":36770,"href":"https:\/\/www.cidademarketing.com.br\/marketing\/wp-json\/wp\/v2\/posts\/36768\/revisions\/36770"}],"wp:featuredmedia":[{"embeddable":true,"href":"https:\/\/www.cidademarketing.com.br\/marketing\/wp-json\/wp\/v2\/media\/36769"}],"wp:attachment":[{"href":"https:\/\/www.cidademarketing.com.br\/marketing\/wp-json\/wp\/v2\/media?parent=36768"}],"wp:term":[{"taxonomy":"category","embeddable":true,"href":"https:\/\/www.cidademarketing.com.br\/marketing\/wp-json\/wp\/v2\/categories?post=36768"},{"taxonomy":"post_tag","embeddable":true,"href":"https:\/\/www.cidademarketing.com.br\/marketing\/wp-json\/wp\/v2\/tags?post=36768"}],"curies":[{"name":"wp","href":"https:\/\/api.w.org\/{rel}","templated":true}]}}