{"id":36736,"date":"2022-06-30T23:25:07","date_gmt":"2022-07-01T02:25:07","guid":{"rendered":"https:\/\/www.cidademarketing.com.br\/marketing\/?p=36736"},"modified":"2022-06-30T23:25:07","modified_gmt":"2022-07-01T02:25:07","slug":"mercado-extra-inaugura-quatro-lojas-em-petropolis-cabo-frio-e-teresopolis","status":"publish","type":"post","link":"https:\/\/www.cidademarketing.com.br\/marketing\/2022\/06\/30\/mercado-extra-inaugura-quatro-lojas-em-petropolis-cabo-frio-e-teresopolis\/","title":{"rendered":"Mercado Extra inaugura quatro lojas em Petr\u00f3polis, Cabo Frio e Teres\u00f3polis"},"content":{"rendered":"<p><iframe style=\"border-radius: 12px;\" src=\"https:\/\/open.spotify.com\/embed\/show\/4khMKzP3FgFRWVwb73xicc?utm_source=generator&amp;t=0\" width=\"100%\" height=\"232\" frameborder=\"0\" allowfullscreen=\"allowfullscreen\"><\/iframe><br \/>\nO Mercado Extra, formato de supermercados de vizinhan\u00e7a do GPA, vai inaugurar quatro lojas nas pr\u00f3ximas duas semanas nas cidades de Petr\u00f3polis, Cabo Frio e Teres\u00f3polis. As unidades faziam parte da rede de hipermercados descontinuada pelo GPA em 2021, que foram adequadas ao conceito de lojas com a marca Mercado Extra. As inaugura\u00e7\u00f5es marcam a continuidade do plano de convers\u00f5es das unidades, chegando a 36 lojas no estado do Rio de Janeiro.<\/p>\n<p>Nesta quinta-feira, dia 30 de junho, os petropolitanos poder\u00e3o conferir as novas unidades Mercado Extra Petr\u00f3polis, localizada na Rua General Rondon, n\u00ba 1015, e Mercado Extra Alto da Serra, na Rua Tereza, n\u00ba 1415. No dia 5 de julho, ser\u00e1 aberta a loja Mercado Extra Cabo Frio, na Avenida Central, n\u00ba 100. J\u00e1 no dia 7 de julho, ser\u00e1 a vez do Mercado Extra Teres\u00f3polis, que fica na Avenida Almirante L\u00facio Meira, n\u00ba 800.<\/p>\n<p>O conceito de lojas do Mercado Extra \u00e9 formado pela Rua do Com\u00e9rcio, onde os clientes encontram as melhores ofertas em itens da cesta b\u00e1sica; Mercad\u00e3o, com produtos perec\u00edveis com qualidade desde a origem, e tamb\u00e9m entram os benef\u00edcios da Feira Estendida, que funciona de ter\u00e7a a quinta-feira com produtos sempre fresquinhos; se\u00e7\u00e3o de A\u00e7ougue e Frios, com equipes refor\u00e7adas de atendimento, onde s\u00e3o oferecidos os mais variados tipos de carnes e cortes ao gosto do cliente, al\u00e9m da Padaria, que disponibiliza p\u00e3es e receitas de fabrica\u00e7\u00e3o pr\u00f3pria, al\u00e9m de produtos prontos para o consumo.<\/p>\n<p>\u201cO Mercado Extra oferece aos nossos clientes uma solu\u00e7\u00e3o completa para compras de produtos do dia a dia, com a qualidade e confian\u00e7a que s\u00f3 aquele bom vizinho pode oferecer\u201d, diz Gino Castro, Diretor de Opera\u00e7\u00f5es do Mercado Extra. \u201cAt\u00e9 dezembro, vamos alcan\u00e7ar o n\u00famero de mais 3 lojas convertidas ao formato e chegaremos a 154 lojas, que j\u00e1 provou ser um modelo de sucesso e com grande ader\u00eancia ao perfil de p\u00fablico das regi\u00f5es onde as lojas est\u00e3o inseridas\u201d, completa o executivo.<\/p>\n<p>As novas unidades do Mercado Extra contam com espa\u00e7o de loja de at\u00e9 3 mil m\u00b2 e estacionamento para at\u00e9 300 carros. Trata-se de ambientes revitalizados \u00e0s necessidades dos consumidores de cada regi\u00e3o, com foco na qualidade dos servi\u00e7os e o melhor atendimento ao cliente, que conta ainda com pre\u00e7o competitivo e variedade de marcas exclusivas, como Qualit\u00e1, Taeq e Club des Sommeliers.<\/p>\n<p>O Mercado Extra ainda se diferencia pelos benef\u00edcios exclusivos que oferece aos consumidores, como o Clube Extra, que garante aos clientes ofertas personalizadas, acesso ao folheto digital de todas as unidades e a uma lista de compras autom\u00e1tica, na qual o app indica o que n\u00e3o pode faltar no carrinho com base nas compras anteriores do cliente. O app Clube Extra tamb\u00e9m conta com pr\u00eamios ou vale compras para trocas por pontos do programa de fidelidade Stix. Al\u00e9m disso, o Cart\u00e3o Extra oferece 10% de desconto em toda a linha da marca exclusiva Qualit\u00e1, frete gr\u00e1tis nas compras acima de R$ 149 e parcelamentos exclusivos no site e app do Clube Extra.<\/p>\n<p>Conhe\u00e7a abaixo os endere\u00e7os e hor\u00e1rios de funcionamento das novas unidades:<br \/>\n\u2022 Inaugura\u00e7\u00f5es no dia 30 de junho<\/p>\n<p>Mercado Extra Petr\u00f3polis: Rua General Rondon, 1015 &#8211; Quitandinha, Petr\u00f3polis.<\/p>\n<p>Hor\u00e1rio de funcionamento: de segunda a domingo, das 7h \u00e0s 22h.<\/p>\n<p>Mercado Extra Alto da Serra: Rua Tereza, 1415 \u2013 Alto da Serra, Petr\u00f3polis.<\/p>\n<p>Hor\u00e1rio de funcionamento: de segunda a domingo, das 7h \u00e0s 22h.<\/p>\n<p>\u2022 Inaugura\u00e7\u00e3o no dia 5 de julho<\/p>\n<p>Mercado Extra Cabo Frio: Av. Central, 100 \u2013 Jardim Excelsior, Cabo Frio.<\/p>\n<p>Hor\u00e1rio de funcionamento: de segunda a domingo, das 7h \u00e0s 22h.<\/p>\n<p>\u2022 Inaugura\u00e7\u00e3o no dia 7 de julho<\/p>\n<p>Mercado Extra Teres\u00f3polis: Av. Almirante Lucio Meira, 800 \u2013 V\u00e1rzea, Teres\u00f3polis.<\/p>\n<p>Hor\u00e1rio de funcionamento: de segunda a domingo, das 7h \u00e0s 22h.<\/p>\n<p><iframe style=\"width: 100%; max-width: 660px; overflow: hidden; background: transparent;\" src=\"https:\/\/embed.podcasts.apple.com\/br\/podcast\/podcast-cidademarketing\/id1371923283\" height=\"450\" frameborder=\"0\" sandbox=\"allow-forms allow-popups allow-same-origin allow-scripts allow-storage-access-by-user-activation allow-top-navigation-by-user-activation\"><\/iframe><\/p>\n","protected":false},"excerpt":{"rendered":"<p>O Mercado Extra, formato de supermercados de vizinhan\u00e7a do GPA, vai inaugurar quatro lojas nas pr\u00f3ximas duas semanas nas cidades de Petr\u00f3polis, Cabo Frio e Teres\u00f3polis. As unidades faziam parte da rede de hipermercados descontinuada pelo GPA em 2021, que foram adequadas ao conceito de lojas com a marca Mercado Extra. As inaugura\u00e7\u00f5es marcam a [&hellip;]<\/p>\n","protected":false},"author":1,"featured_media":36737,"comment_status":"open","ping_status":"open","sticky":false,"template":"","format":"standard","meta":{"tdm_status":"","tdm_grid_status":"","footnotes":""},"categories":[6],"tags":[33,1051,28,1882,124],"class_list":["post-36736","post","type-post","status-publish","format-standard","has-post-thumbnail","hentry","category-noticias","tag-estrategia","tag-expansao","tag-marketing","tag-mercado-extra","tag-varejo"],"yoast_head":"<!-- This site is optimized with the Yoast SEO plugin v27.5 - https:\/\/yoast.com\/product\/yoast-seo-wordpress\/ -->\n<title>Mercado Extra inaugura quatro lojas em Petr\u00f3polis, Cabo Frio e Teres\u00f3polis - CidadeMarketing<\/title>\n<meta name=\"robots\" content=\"index, follow, max-snippet:-1, max-image-preview:large, max-video-preview:-1\" \/>\n<link rel=\"canonical\" href=\"https:\/\/www.cidademarketing.com.br\/marketing\/2022\/06\/30\/mercado-extra-inaugura-quatro-lojas-em-petropolis-cabo-frio-e-teresopolis\/\" \/>\n<meta property=\"og:locale\" content=\"pt_BR\" \/>\n<meta property=\"og:type\" content=\"article\" \/>\n<meta property=\"og:title\" content=\"Mercado Extra inaugura quatro lojas em Petr\u00f3polis, Cabo Frio e Teres\u00f3polis - CidadeMarketing\" \/>\n<meta property=\"og:description\" content=\"O Mercado Extra, formato de supermercados de vizinhan\u00e7a do GPA, vai inaugurar quatro lojas nas pr\u00f3ximas duas semanas nas cidades de Petr\u00f3polis, Cabo Frio e Teres\u00f3polis. As unidades faziam parte da rede de hipermercados descontinuada pelo GPA em 2021, que foram adequadas ao conceito de lojas com a marca Mercado Extra. As inaugura\u00e7\u00f5es marcam a [&hellip;]\" \/>\n<meta property=\"og:url\" content=\"https:\/\/www.cidademarketing.com.br\/marketing\/2022\/06\/30\/mercado-extra-inaugura-quatro-lojas-em-petropolis-cabo-frio-e-teresopolis\/\" \/>\n<meta property=\"og:site_name\" content=\"CidadeMarketing\" \/>\n<meta property=\"article:publisher\" content=\"https:\/\/www.facebook.com\/portalcidademarketing\" \/>\n<meta property=\"article:author\" content=\"https:\/\/www.facebook.com\/thalesbrandao\" \/>\n<meta property=\"article:published_time\" content=\"2022-07-01T02:25:07+00:00\" \/>\n<meta property=\"og:image\" content=\"https:\/\/www.cidademarketing.com.br\/marketing\/wp-content\/uploads\/2022\/06\/mercadoextra_01.jpg\" \/>\n\t<meta property=\"og:image:width\" content=\"1024\" \/>\n\t<meta property=\"og:image:height\" content=\"768\" \/>\n\t<meta property=\"og:image:type\" content=\"image\/jpeg\" \/>\n<meta name=\"author\" content=\"Thales Brand\u00e3o\" \/>\n<meta name=\"twitter:card\" content=\"summary_large_image\" \/>\n<meta name=\"twitter:creator\" content=\"@http:\/\/www.twitter.com\/thalesbrandao\" \/>\n<meta name=\"twitter:site\" content=\"@CidadeMarketing\" \/>\n<meta name=\"twitter:label1\" content=\"Escrito por\" \/>\n\t<meta name=\"twitter:data1\" content=\"Thales Brand\u00e3o\" \/>\n\t<meta name=\"twitter:label2\" content=\"Est. tempo de leitura\" \/>\n\t<meta name=\"twitter:data2\" content=\"3 minutos\" \/>\n<script type=\"application\/ld+json\" class=\"yoast-schema-graph\">{\"@context\":\"https:\\\/\\\/schema.org\",\"@graph\":[{\"@type\":\"Article\",\"@id\":\"https:\\\/\\\/www.cidademarketing.com.br\\\/marketing\\\/2022\\\/06\\\/30\\\/mercado-extra-inaugura-quatro-lojas-em-petropolis-cabo-frio-e-teresopolis\\\/#article\",\"isPartOf\":{\"@id\":\"https:\\\/\\\/www.cidademarketing.com.br\\\/marketing\\\/2022\\\/06\\\/30\\\/mercado-extra-inaugura-quatro-lojas-em-petropolis-cabo-frio-e-teresopolis\\\/\"},\"author\":{\"name\":\"Thales Brand\u00e3o\",\"@id\":\"https:\\\/\\\/www.cidademarketing.com.br\\\/marketing\\\/#\\\/schema\\\/person\\\/02daff9f18bd9378c9e01eb6b2db155f\"},\"headline\":\"Mercado Extra inaugura quatro lojas em Petr\u00f3polis, Cabo Frio e Teres\u00f3polis\",\"datePublished\":\"2022-07-01T02:25:07+00:00\",\"mainEntityOfPage\":{\"@id\":\"https:\\\/\\\/www.cidademarketing.com.br\\\/marketing\\\/2022\\\/06\\\/30\\\/mercado-extra-inaugura-quatro-lojas-em-petropolis-cabo-frio-e-teresopolis\\\/\"},\"wordCount\":668,\"commentCount\":0,\"publisher\":{\"@id\":\"https:\\\/\\\/www.cidademarketing.com.br\\\/marketing\\\/#organization\"},\"image\":{\"@id\":\"https:\\\/\\\/www.cidademarketing.com.br\\\/marketing\\\/2022\\\/06\\\/30\\\/mercado-extra-inaugura-quatro-lojas-em-petropolis-cabo-frio-e-teresopolis\\\/#primaryimage\"},\"thumbnailUrl\":\"https:\\\/\\\/www.cidademarketing.com.br\\\/marketing\\\/wp-content\\\/uploads\\\/2022\\\/06\\\/mercadoextra_01.jpg\",\"keywords\":[\"estrat\u00e9gia\",\"expans\u00e3o\",\"marketing\",\"Mercado Extra\",\"varejo\"],\"articleSection\":[\"Not\u00edcias\"],\"inLanguage\":\"pt-BR\",\"potentialAction\":[{\"@type\":\"CommentAction\",\"name\":\"Comment\",\"target\":[\"https:\\\/\\\/www.cidademarketing.com.br\\\/marketing\\\/2022\\\/06\\\/30\\\/mercado-extra-inaugura-quatro-lojas-em-petropolis-cabo-frio-e-teresopolis\\\/#respond\"]}]},{\"@type\":\"WebPage\",\"@id\":\"https:\\\/\\\/www.cidademarketing.com.br\\\/marketing\\\/2022\\\/06\\\/30\\\/mercado-extra-inaugura-quatro-lojas-em-petropolis-cabo-frio-e-teresopolis\\\/\",\"url\":\"https:\\\/\\\/www.cidademarketing.com.br\\\/marketing\\\/2022\\\/06\\\/30\\\/mercado-extra-inaugura-quatro-lojas-em-petropolis-cabo-frio-e-teresopolis\\\/\",\"name\":\"Mercado Extra inaugura quatro lojas em Petr\u00f3polis, Cabo Frio e Teres\u00f3polis - CidadeMarketing\",\"isPartOf\":{\"@id\":\"https:\\\/\\\/www.cidademarketing.com.br\\\/marketing\\\/#website\"},\"primaryImageOfPage\":{\"@id\":\"https:\\\/\\\/www.cidademarketing.com.br\\\/marketing\\\/2022\\\/06\\\/30\\\/mercado-extra-inaugura-quatro-lojas-em-petropolis-cabo-frio-e-teresopolis\\\/#primaryimage\"},\"image\":{\"@id\":\"https:\\\/\\\/www.cidademarketing.com.br\\\/marketing\\\/2022\\\/06\\\/30\\\/mercado-extra-inaugura-quatro-lojas-em-petropolis-cabo-frio-e-teresopolis\\\/#primaryimage\"},\"thumbnailUrl\":\"https:\\\/\\\/www.cidademarketing.com.br\\\/marketing\\\/wp-content\\\/uploads\\\/2022\\\/06\\\/mercadoextra_01.jpg\",\"datePublished\":\"2022-07-01T02:25:07+00:00\",\"breadcrumb\":{\"@id\":\"https:\\\/\\\/www.cidademarketing.com.br\\\/marketing\\\/2022\\\/06\\\/30\\\/mercado-extra-inaugura-quatro-lojas-em-petropolis-cabo-frio-e-teresopolis\\\/#breadcrumb\"},\"inLanguage\":\"pt-BR\",\"potentialAction\":[{\"@type\":\"ReadAction\",\"target\":[\"https:\\\/\\\/www.cidademarketing.com.br\\\/marketing\\\/2022\\\/06\\\/30\\\/mercado-extra-inaugura-quatro-lojas-em-petropolis-cabo-frio-e-teresopolis\\\/\"]}]},{\"@type\":\"ImageObject\",\"inLanguage\":\"pt-BR\",\"@id\":\"https:\\\/\\\/www.cidademarketing.com.br\\\/marketing\\\/2022\\\/06\\\/30\\\/mercado-extra-inaugura-quatro-lojas-em-petropolis-cabo-frio-e-teresopolis\\\/#primaryimage\",\"url\":\"https:\\\/\\\/www.cidademarketing.com.br\\\/marketing\\\/wp-content\\\/uploads\\\/2022\\\/06\\\/mercadoextra_01.jpg\",\"contentUrl\":\"https:\\\/\\\/www.cidademarketing.com.br\\\/marketing\\\/wp-content\\\/uploads\\\/2022\\\/06\\\/mercadoextra_01.jpg\",\"width\":1024,\"height\":768},{\"@type\":\"BreadcrumbList\",\"@id\":\"https:\\\/\\\/www.cidademarketing.com.br\\\/marketing\\\/2022\\\/06\\\/30\\\/mercado-extra-inaugura-quatro-lojas-em-petropolis-cabo-frio-e-teresopolis\\\/#breadcrumb\",\"itemListElement\":[{\"@type\":\"ListItem\",\"position\":1,\"name\":\"In\u00edcio\",\"item\":\"https:\\\/\\\/www.cidademarketing.com.br\\\/marketing\\\/\"},{\"@type\":\"ListItem\",\"position\":2,\"name\":\"Mercado Extra inaugura quatro lojas em Petr\u00f3polis, Cabo Frio e Teres\u00f3polis\"}]},{\"@type\":\"WebSite\",\"@id\":\"https:\\\/\\\/www.cidademarketing.com.br\\\/marketing\\\/#website\",\"url\":\"https:\\\/\\\/www.cidademarketing.com.br\\\/marketing\\\/\",\"name\":\"CidadeMarketing\",\"description\":\"Somos um ve\u00edculo de comunica\u00e7\u00e3o de destaque no Brasil, reconhecido por conte\u00fados nos segmentos de marketing, empreendedorismo e inova\u00e7\u00e3o.\",\"publisher\":{\"@id\":\"https:\\\/\\\/www.cidademarketing.com.br\\\/marketing\\\/#organization\"},\"alternateName\":\"CidadeMarketing\",\"potentialAction\":[{\"@type\":\"SearchAction\",\"target\":{\"@type\":\"EntryPoint\",\"urlTemplate\":\"https:\\\/\\\/www.cidademarketing.com.br\\\/marketing\\\/?s={search_term_string}\"},\"query-input\":{\"@type\":\"PropertyValueSpecification\",\"valueRequired\":true,\"valueName\":\"search_term_string\"}}],\"inLanguage\":\"pt-BR\"},{\"@type\":\"Organization\",\"@id\":\"https:\\\/\\\/www.cidademarketing.com.br\\\/marketing\\\/#organization\",\"name\":\"CidadeMarketing\",\"alternateName\":\"CidadeMarketing\",\"url\":\"https:\\\/\\\/www.cidademarketing.com.br\\\/marketing\\\/\",\"logo\":{\"@type\":\"ImageObject\",\"inLanguage\":\"pt-BR\",\"@id\":\"https:\\\/\\\/www.cidademarketing.com.br\\\/marketing\\\/#\\\/schema\\\/logo\\\/image\\\/\",\"url\":\"https:\\\/\\\/www.cidademarketing.com.br\\\/marketing\\\/wp-content\\\/uploads\\\/2020\\\/01\\\/cidademarketing_marca_mobile.png\",\"contentUrl\":\"https:\\\/\\\/www.cidademarketing.com.br\\\/marketing\\\/wp-content\\\/uploads\\\/2020\\\/01\\\/cidademarketing_marca_mobile.png\",\"width\":230,\"height\":92,\"caption\":\"CidadeMarketing\"},\"image\":{\"@id\":\"https:\\\/\\\/www.cidademarketing.com.br\\\/marketing\\\/#\\\/schema\\\/logo\\\/image\\\/\"},\"sameAs\":[\"https:\\\/\\\/www.facebook.com\\\/portalcidademarketing\",\"https:\\\/\\\/x.com\\\/CidadeMarketing\",\"https:\\\/\\\/www.instagram.com\\\/cidademarketing\\\/\"]},{\"@type\":\"Person\",\"@id\":\"https:\\\/\\\/www.cidademarketing.com.br\\\/marketing\\\/#\\\/schema\\\/person\\\/02daff9f18bd9378c9e01eb6b2db155f\",\"name\":\"Thales Brand\u00e3o\",\"image\":{\"@type\":\"ImageObject\",\"inLanguage\":\"pt-BR\",\"@id\":\"https:\\\/\\\/secure.gravatar.com\\\/avatar\\\/7ca3206950207cc3cb48feec56a8a7898741ab725c368d99d5d7a5a50aab80c6?s=96&d=mm&r=g\",\"url\":\"https:\\\/\\\/secure.gravatar.com\\\/avatar\\\/7ca3206950207cc3cb48feec56a8a7898741ab725c368d99d5d7a5a50aab80c6?s=96&d=mm&r=g\",\"contentUrl\":\"https:\\\/\\\/secure.gravatar.com\\\/avatar\\\/7ca3206950207cc3cb48feec56a8a7898741ab725c368d99d5d7a5a50aab80c6?s=96&d=mm&r=g\",\"caption\":\"Thales Brand\u00e3o\"},\"description\":\"Editor Executivo do Portal CidadeMarketing.com.br &gt; Mestre em Comunica\u00e7\u00e3o e Sociedade pela Universidade Federal de Sergipe. Possui MBA Executivo em Administra\u00e7\u00e3o com \u00eanfase em Marketing pela Funda\u00e7\u00e3o Get\u00falio Vargas - Rio de Janeiro. Consultor, Palestrante e Pesquisador sobre Empreendedorismo, Marketing, Redes Sociais e Neg\u00f3cios Digitais. Professor, Palestrante TedxTalks e Campus Party. Twitter: @ThalesBrandao\",\"sameAs\":[\"http:\\\/\\\/www.mandacaru.com.br\",\"https:\\\/\\\/www.facebook.com\\\/thalesbrandao\",\"http:\\\/\\\/www.instagram.com.br\\\/thalesbrandaoferreira\",\"https:\\\/\\\/www.linkedin.com\\\/in\\\/thales-brand\u00e3o-3948609\\\/\",\"https:\\\/\\\/x.com\\\/http:\\\/\\\/www.twitter.com\\\/thalesbrandao\"],\"url\":\"https:\\\/\\\/www.cidademarketing.com.br\\\/marketing\\\/author\\\/thalesbrandao\\\/\"}]}<\/script>\n<!-- \/ Yoast SEO plugin. -->","yoast_head_json":{"title":"Mercado Extra inaugura quatro lojas em Petr\u00f3polis, Cabo Frio e Teres\u00f3polis - CidadeMarketing","robots":{"index":"index","follow":"follow","max-snippet":"max-snippet:-1","max-image-preview":"max-image-preview:large","max-video-preview":"max-video-preview:-1"},"canonical":"https:\/\/www.cidademarketing.com.br\/marketing\/2022\/06\/30\/mercado-extra-inaugura-quatro-lojas-em-petropolis-cabo-frio-e-teresopolis\/","og_locale":"pt_BR","og_type":"article","og_title":"Mercado Extra inaugura quatro lojas em Petr\u00f3polis, Cabo Frio e Teres\u00f3polis - CidadeMarketing","og_description":"O Mercado Extra, formato de supermercados de vizinhan\u00e7a do GPA, vai inaugurar quatro lojas nas pr\u00f3ximas duas semanas nas cidades de Petr\u00f3polis, Cabo Frio e Teres\u00f3polis. As unidades faziam parte da rede de hipermercados descontinuada pelo GPA em 2021, que foram adequadas ao conceito de lojas com a marca Mercado Extra. As inaugura\u00e7\u00f5es marcam a [&hellip;]","og_url":"https:\/\/www.cidademarketing.com.br\/marketing\/2022\/06\/30\/mercado-extra-inaugura-quatro-lojas-em-petropolis-cabo-frio-e-teresopolis\/","og_site_name":"CidadeMarketing","article_publisher":"https:\/\/www.facebook.com\/portalcidademarketing","article_author":"https:\/\/www.facebook.com\/thalesbrandao","article_published_time":"2022-07-01T02:25:07+00:00","og_image":[{"width":1024,"height":768,"url":"https:\/\/www.cidademarketing.com.br\/marketing\/wp-content\/uploads\/2022\/06\/mercadoextra_01.jpg","type":"image\/jpeg"}],"author":"Thales Brand\u00e3o","twitter_card":"summary_large_image","twitter_creator":"@http:\/\/www.twitter.com\/thalesbrandao","twitter_site":"@CidadeMarketing","twitter_misc":{"Escrito por":"Thales Brand\u00e3o","Est. tempo de leitura":"3 minutos"},"schema":{"@context":"https:\/\/schema.org","@graph":[{"@type":"Article","@id":"https:\/\/www.cidademarketing.com.br\/marketing\/2022\/06\/30\/mercado-extra-inaugura-quatro-lojas-em-petropolis-cabo-frio-e-teresopolis\/#article","isPartOf":{"@id":"https:\/\/www.cidademarketing.com.br\/marketing\/2022\/06\/30\/mercado-extra-inaugura-quatro-lojas-em-petropolis-cabo-frio-e-teresopolis\/"},"author":{"name":"Thales Brand\u00e3o","@id":"https:\/\/www.cidademarketing.com.br\/marketing\/#\/schema\/person\/02daff9f18bd9378c9e01eb6b2db155f"},"headline":"Mercado Extra inaugura quatro lojas em Petr\u00f3polis, Cabo Frio e Teres\u00f3polis","datePublished":"2022-07-01T02:25:07+00:00","mainEntityOfPage":{"@id":"https:\/\/www.cidademarketing.com.br\/marketing\/2022\/06\/30\/mercado-extra-inaugura-quatro-lojas-em-petropolis-cabo-frio-e-teresopolis\/"},"wordCount":668,"commentCount":0,"publisher":{"@id":"https:\/\/www.cidademarketing.com.br\/marketing\/#organization"},"image":{"@id":"https:\/\/www.cidademarketing.com.br\/marketing\/2022\/06\/30\/mercado-extra-inaugura-quatro-lojas-em-petropolis-cabo-frio-e-teresopolis\/#primaryimage"},"thumbnailUrl":"https:\/\/www.cidademarketing.com.br\/marketing\/wp-content\/uploads\/2022\/06\/mercadoextra_01.jpg","keywords":["estrat\u00e9gia","expans\u00e3o","marketing","Mercado Extra","varejo"],"articleSection":["Not\u00edcias"],"inLanguage":"pt-BR","potentialAction":[{"@type":"CommentAction","name":"Comment","target":["https:\/\/www.cidademarketing.com.br\/marketing\/2022\/06\/30\/mercado-extra-inaugura-quatro-lojas-em-petropolis-cabo-frio-e-teresopolis\/#respond"]}]},{"@type":"WebPage","@id":"https:\/\/www.cidademarketing.com.br\/marketing\/2022\/06\/30\/mercado-extra-inaugura-quatro-lojas-em-petropolis-cabo-frio-e-teresopolis\/","url":"https:\/\/www.cidademarketing.com.br\/marketing\/2022\/06\/30\/mercado-extra-inaugura-quatro-lojas-em-petropolis-cabo-frio-e-teresopolis\/","name":"Mercado Extra inaugura quatro lojas em Petr\u00f3polis, Cabo Frio e Teres\u00f3polis - CidadeMarketing","isPartOf":{"@id":"https:\/\/www.cidademarketing.com.br\/marketing\/#website"},"primaryImageOfPage":{"@id":"https:\/\/www.cidademarketing.com.br\/marketing\/2022\/06\/30\/mercado-extra-inaugura-quatro-lojas-em-petropolis-cabo-frio-e-teresopolis\/#primaryimage"},"image":{"@id":"https:\/\/www.cidademarketing.com.br\/marketing\/2022\/06\/30\/mercado-extra-inaugura-quatro-lojas-em-petropolis-cabo-frio-e-teresopolis\/#primaryimage"},"thumbnailUrl":"https:\/\/www.cidademarketing.com.br\/marketing\/wp-content\/uploads\/2022\/06\/mercadoextra_01.jpg","datePublished":"2022-07-01T02:25:07+00:00","breadcrumb":{"@id":"https:\/\/www.cidademarketing.com.br\/marketing\/2022\/06\/30\/mercado-extra-inaugura-quatro-lojas-em-petropolis-cabo-frio-e-teresopolis\/#breadcrumb"},"inLanguage":"pt-BR","potentialAction":[{"@type":"ReadAction","target":["https:\/\/www.cidademarketing.com.br\/marketing\/2022\/06\/30\/mercado-extra-inaugura-quatro-lojas-em-petropolis-cabo-frio-e-teresopolis\/"]}]},{"@type":"ImageObject","inLanguage":"pt-BR","@id":"https:\/\/www.cidademarketing.com.br\/marketing\/2022\/06\/30\/mercado-extra-inaugura-quatro-lojas-em-petropolis-cabo-frio-e-teresopolis\/#primaryimage","url":"https:\/\/www.cidademarketing.com.br\/marketing\/wp-content\/uploads\/2022\/06\/mercadoextra_01.jpg","contentUrl":"https:\/\/www.cidademarketing.com.br\/marketing\/wp-content\/uploads\/2022\/06\/mercadoextra_01.jpg","width":1024,"height":768},{"@type":"BreadcrumbList","@id":"https:\/\/www.cidademarketing.com.br\/marketing\/2022\/06\/30\/mercado-extra-inaugura-quatro-lojas-em-petropolis-cabo-frio-e-teresopolis\/#breadcrumb","itemListElement":[{"@type":"ListItem","position":1,"name":"In\u00edcio","item":"https:\/\/www.cidademarketing.com.br\/marketing\/"},{"@type":"ListItem","position":2,"name":"Mercado Extra inaugura quatro lojas em Petr\u00f3polis, Cabo Frio e Teres\u00f3polis"}]},{"@type":"WebSite","@id":"https:\/\/www.cidademarketing.com.br\/marketing\/#website","url":"https:\/\/www.cidademarketing.com.br\/marketing\/","name":"CidadeMarketing","description":"Somos um ve\u00edculo de comunica\u00e7\u00e3o de destaque no Brasil, reconhecido por conte\u00fados nos segmentos de marketing, empreendedorismo e inova\u00e7\u00e3o.","publisher":{"@id":"https:\/\/www.cidademarketing.com.br\/marketing\/#organization"},"alternateName":"CidadeMarketing","potentialAction":[{"@type":"SearchAction","target":{"@type":"EntryPoint","urlTemplate":"https:\/\/www.cidademarketing.com.br\/marketing\/?s={search_term_string}"},"query-input":{"@type":"PropertyValueSpecification","valueRequired":true,"valueName":"search_term_string"}}],"inLanguage":"pt-BR"},{"@type":"Organization","@id":"https:\/\/www.cidademarketing.com.br\/marketing\/#organization","name":"CidadeMarketing","alternateName":"CidadeMarketing","url":"https:\/\/www.cidademarketing.com.br\/marketing\/","logo":{"@type":"ImageObject","inLanguage":"pt-BR","@id":"https:\/\/www.cidademarketing.com.br\/marketing\/#\/schema\/logo\/image\/","url":"https:\/\/www.cidademarketing.com.br\/marketing\/wp-content\/uploads\/2020\/01\/cidademarketing_marca_mobile.png","contentUrl":"https:\/\/www.cidademarketing.com.br\/marketing\/wp-content\/uploads\/2020\/01\/cidademarketing_marca_mobile.png","width":230,"height":92,"caption":"CidadeMarketing"},"image":{"@id":"https:\/\/www.cidademarketing.com.br\/marketing\/#\/schema\/logo\/image\/"},"sameAs":["https:\/\/www.facebook.com\/portalcidademarketing","https:\/\/x.com\/CidadeMarketing","https:\/\/www.instagram.com\/cidademarketing\/"]},{"@type":"Person","@id":"https:\/\/www.cidademarketing.com.br\/marketing\/#\/schema\/person\/02daff9f18bd9378c9e01eb6b2db155f","name":"Thales Brand\u00e3o","image":{"@type":"ImageObject","inLanguage":"pt-BR","@id":"https:\/\/secure.gravatar.com\/avatar\/7ca3206950207cc3cb48feec56a8a7898741ab725c368d99d5d7a5a50aab80c6?s=96&d=mm&r=g","url":"https:\/\/secure.gravatar.com\/avatar\/7ca3206950207cc3cb48feec56a8a7898741ab725c368d99d5d7a5a50aab80c6?s=96&d=mm&r=g","contentUrl":"https:\/\/secure.gravatar.com\/avatar\/7ca3206950207cc3cb48feec56a8a7898741ab725c368d99d5d7a5a50aab80c6?s=96&d=mm&r=g","caption":"Thales Brand\u00e3o"},"description":"Editor Executivo do Portal CidadeMarketing.com.br &gt; Mestre em Comunica\u00e7\u00e3o e Sociedade pela Universidade Federal de Sergipe. Possui MBA Executivo em Administra\u00e7\u00e3o com \u00eanfase em Marketing pela Funda\u00e7\u00e3o Get\u00falio Vargas - Rio de Janeiro. Consultor, Palestrante e Pesquisador sobre Empreendedorismo, Marketing, Redes Sociais e Neg\u00f3cios Digitais. Professor, Palestrante TedxTalks e Campus Party. Twitter: @ThalesBrandao","sameAs":["http:\/\/www.mandacaru.com.br","https:\/\/www.facebook.com\/thalesbrandao","http:\/\/www.instagram.com.br\/thalesbrandaoferreira","https:\/\/www.linkedin.com\/in\/thales-brand\u00e3o-3948609\/","https:\/\/x.com\/http:\/\/www.twitter.com\/thalesbrandao"],"url":"https:\/\/www.cidademarketing.com.br\/marketing\/author\/thalesbrandao\/"}]}},"amp_enabled":true,"_links":{"self":[{"href":"https:\/\/www.cidademarketing.com.br\/marketing\/wp-json\/wp\/v2\/posts\/36736","targetHints":{"allow":["GET"]}}],"collection":[{"href":"https:\/\/www.cidademarketing.com.br\/marketing\/wp-json\/wp\/v2\/posts"}],"about":[{"href":"https:\/\/www.cidademarketing.com.br\/marketing\/wp-json\/wp\/v2\/types\/post"}],"author":[{"embeddable":true,"href":"https:\/\/www.cidademarketing.com.br\/marketing\/wp-json\/wp\/v2\/users\/1"}],"replies":[{"embeddable":true,"href":"https:\/\/www.cidademarketing.com.br\/marketing\/wp-json\/wp\/v2\/comments?post=36736"}],"version-history":[{"count":1,"href":"https:\/\/www.cidademarketing.com.br\/marketing\/wp-json\/wp\/v2\/posts\/36736\/revisions"}],"predecessor-version":[{"id":36738,"href":"https:\/\/www.cidademarketing.com.br\/marketing\/wp-json\/wp\/v2\/posts\/36736\/revisions\/36738"}],"wp:featuredmedia":[{"embeddable":true,"href":"https:\/\/www.cidademarketing.com.br\/marketing\/wp-json\/wp\/v2\/media\/36737"}],"wp:attachment":[{"href":"https:\/\/www.cidademarketing.com.br\/marketing\/wp-json\/wp\/v2\/media?parent=36736"}],"wp:term":[{"taxonomy":"category","embeddable":true,"href":"https:\/\/www.cidademarketing.com.br\/marketing\/wp-json\/wp\/v2\/categories?post=36736"},{"taxonomy":"post_tag","embeddable":true,"href":"https:\/\/www.cidademarketing.com.br\/marketing\/wp-json\/wp\/v2\/tags?post=36736"}],"curies":[{"name":"wp","href":"https:\/\/api.w.org\/{rel}","templated":true}]}}