{"id":36694,"date":"2022-06-27T23:33:12","date_gmt":"2022-06-28T02:33:12","guid":{"rendered":"https:\/\/www.cidademarketing.com.br\/marketing\/?p=36694"},"modified":"2022-06-27T23:33:12","modified_gmt":"2022-06-28T02:33:12","slug":"microsoft-e-ministerio-da-educacao-firmam-acordo-para-oferecer-o-office-365-educacional-a1-e-microsoft-teams-online-e-gratuitamente","status":"publish","type":"post","link":"https:\/\/www.cidademarketing.com.br\/marketing\/2022\/06\/27\/microsoft-e-ministerio-da-educacao-firmam-acordo-para-oferecer-o-office-365-educacional-a1-e-microsoft-teams-online-e-gratuitamente\/","title":{"rendered":"Microsoft e Minist\u00e9rio da Educa\u00e7\u00e3o firmam acordo para oferecer o Office 365 Educacional A1 e Microsoft Teams online e gratuitamente"},"content":{"rendered":"<p><iframe style=\"border-radius: 12px;\" src=\"https:\/\/open.spotify.com\/embed\/show\/4khMKzP3FgFRWVwb73xicc?utm_source=generator&amp;t=0\" width=\"100%\" height=\"232\" frameborder=\"0\" allowfullscreen=\"allowfullscreen\"><\/iframe><br \/>\nA Microsoft e o Minist\u00e9rio da Educa\u00e7\u00e3o (MEC) firmaram um acordo de coopera\u00e7\u00e3o para oferecer o Office 365 Educacional \u2013 vers\u00e3o A1 \u2013 que inclui o Teams, para todas as secretarias municipais, estaduais, institutos e universidades federais. O objetivo \u00e9 garantir que todos os alunos e professores do setor p\u00fablico do Pa\u00eds, estimados em mais de 38 milh\u00f5es de brasileiros, tenham acesso \u00e0 plataforma gratuitamente, oferecendo diversos recursos para o processo de ensino-aprendizagem mediado por tecnologia, incluindo a possibilidade de ensino h\u00edbrido, reflexo do novo cen\u00e1rio educacional ap\u00f3s a pandemia de Covid-19.<br \/>\nO Office 365 Educacional A1 \u00e9 gratuito e funciona na nuvem, possibilitando um ambiente de aprendizagem online, colaborativo e que pode ser realizado em qualquer lugar e em diferentes dispositivos. Ele auxiliar\u00e1 na transforma\u00e7\u00e3o digital das mais de 130 mil escolas p\u00fablicas espalhadas pelo territ\u00f3rio brasileiro, servindo de apoio para as institui\u00e7\u00f5es adequarem a ferramenta \u00e0 realidade do estudante, al\u00e9m de aprimorar e fortalecer a pr\u00e1tica pedag\u00f3gica inclusiva, que respeita os processos de aprendizagem e desenvolvimento dos alunos, eliminando barreiras e promovendo a plena participa\u00e7\u00e3o de todos, incluindo alunos com algum tipo de defici\u00eancia ou necessidade especial, em todos os cen\u00e1rios de ensino.<br \/>\n\u201cA Microsoft acredita que a tecnologia \u00e9 uma importante ferramenta de apoio \u00e0 educa\u00e7\u00e3o. Com este acordo iremos beneficiar institui\u00e7\u00f5es de ensino e estudantes de todo o Pa\u00eds com acesso a plataformas e softwares como Word, Excel, PowerPoint, OneNote e Outlook, que j\u00e1 se tornaram exig\u00eancias no mercado de trabalho. Somadas ao Microsoft Teams, que \u00e9 utilizado por milh\u00f5es de estudantes e professores no Brasil e em diversas outras regi\u00f5es do mundo, ser\u00e1 poss\u00edvel criar um ambiente colaborativo para o desenvolvimento de aulas no formato remoto ou h\u00edbrido e estimular o trabalho em grupo entre os estudantes\u201d, afirma Alessandra Karine, vice-presidente de Vendas do Setor P\u00fablico, Sa\u00fade e Educa\u00e7\u00e3o da Microsoft Brasil.<br \/>\nA parceria tamb\u00e9m impulsionar\u00e1 a implementa\u00e7\u00e3o das a\u00e7\u00f5es do Programa de Inova\u00e7\u00e3o Educa\u00e7\u00e3o Conectada (Piec), do Minist\u00e9rio da Educa\u00e7\u00e3o, que tem o objetivo de apoiar a universaliza\u00e7\u00e3o do acesso \u00e0 internet de alta velocidade, por via terrestre e satelital, e fomentar o uso de tecnologia digital na Educa\u00e7\u00e3o B\u00e1sica. O Programa foi elaborado com quatro dimens\u00f5es: vis\u00e3o, forma\u00e7\u00e3o, recursos educacionais digitais e infraestrutura que se complementam e devem estar em equil\u00edbrio, para que o uso de tecnologia digital tenha efeito positivo na educa\u00e7\u00e3o.<br \/>\n\u201dO grande desafio da educa\u00e7\u00e3o brasileira reside na equaliza\u00e7\u00e3o do ensino e acesso ao contexto digital. Atualmente, agravado pela pandemia. Ao mesmo tempo que precisamos nos preocupar com infraestrutura b\u00e1sica estrutural e conectividade, n\u00e3o podemos nos furtar a gerar resultados r\u00e1pidos em sequ\u00eancia para aqueles que avan\u00e7aram e continuam avan\u00e7ando, sendo capazes de recepcionar a jornada digital no ciclo de aprendizagem. Estamos buscando consolidar uma vis\u00e3o de transforma\u00e7\u00e3o digital vertical do ensino, desde a base da conectividade, passando pela gest\u00e3o acad\u00eamica e informacional, alcan\u00e7ando novas experi\u00eancias e habilidades digitais, incluindo a inova\u00e7\u00e3o no ensino\u201d, pondera Andr\u00e9 Castro, Subsecret\u00e1rio de Tecnologia da Informa\u00e7\u00e3o e Comunica\u00e7\u00e3o do Minist\u00e9rio da Educa\u00e7\u00e3o.<\/p>\n<p><iframe style=\"width: 100%; max-width: 660px; overflow: hidden; background: transparent;\" src=\"https:\/\/embed.podcasts.apple.com\/br\/podcast\/podcast-cidademarketing\/id1371923283\" height=\"450\" frameborder=\"0\" sandbox=\"allow-forms allow-popups allow-same-origin allow-scripts allow-storage-access-by-user-activation allow-top-navigation-by-user-activation\"><\/iframe><\/p>\n","protected":false},"excerpt":{"rendered":"<p>A Microsoft e o Minist\u00e9rio da Educa\u00e7\u00e3o (MEC) firmaram um acordo de coopera\u00e7\u00e3o para oferecer o Office 365 Educacional \u2013 vers\u00e3o A1 \u2013 que inclui o Teams, para todas as secretarias municipais, estaduais, institutos e universidades federais. O objetivo \u00e9 garantir que todos os alunos e professores do setor p\u00fablico do Pa\u00eds, estimados em mais [&hellip;]<\/p>\n","protected":false},"author":1,"featured_media":28747,"comment_status":"open","ping_status":"open","sticky":false,"template":"","format":"standard","meta":{"tdm_status":"","tdm_grid_status":"","footnotes":""},"categories":[6],"tags":[100,3015,33,28,138,1207],"class_list":["post-36694","post","type-post","status-publish","format-standard","has-post-thumbnail","hentry","category-noticias","tag-educacao","tag-escolas","tag-estrategia","tag-marketing","tag-microsoft","tag-ministerio-da-educacao"],"yoast_head":"<!-- This site is optimized with the Yoast SEO plugin v27.5 - https:\/\/yoast.com\/product\/yoast-seo-wordpress\/ -->\n<title>Microsoft e Minist\u00e9rio da Educa\u00e7\u00e3o firmam acordo para oferecer o Office 365 Educacional A1 e Microsoft Teams online e gratuitamente - CidadeMarketing<\/title>\n<meta name=\"robots\" content=\"index, follow, max-snippet:-1, max-image-preview:large, max-video-preview:-1\" \/>\n<link rel=\"canonical\" href=\"https:\/\/www.cidademarketing.com.br\/marketing\/2022\/06\/27\/microsoft-e-ministerio-da-educacao-firmam-acordo-para-oferecer-o-office-365-educacional-a1-e-microsoft-teams-online-e-gratuitamente\/\" \/>\n<meta property=\"og:locale\" content=\"pt_BR\" \/>\n<meta property=\"og:type\" content=\"article\" \/>\n<meta property=\"og:title\" content=\"Microsoft e Minist\u00e9rio da Educa\u00e7\u00e3o firmam acordo para oferecer o Office 365 Educacional A1 e Microsoft Teams online e gratuitamente - CidadeMarketing\" \/>\n<meta property=\"og:description\" content=\"A Microsoft e o Minist\u00e9rio da Educa\u00e7\u00e3o (MEC) firmaram um acordo de coopera\u00e7\u00e3o para oferecer o Office 365 Educacional \u2013 vers\u00e3o A1 \u2013 que inclui o Teams, para todas as secretarias municipais, estaduais, institutos e universidades federais. O objetivo \u00e9 garantir que todos os alunos e professores do setor p\u00fablico do Pa\u00eds, estimados em mais [&hellip;]\" \/>\n<meta property=\"og:url\" content=\"https:\/\/www.cidademarketing.com.br\/marketing\/2022\/06\/27\/microsoft-e-ministerio-da-educacao-firmam-acordo-para-oferecer-o-office-365-educacional-a1-e-microsoft-teams-online-e-gratuitamente\/\" \/>\n<meta property=\"og:site_name\" content=\"CidadeMarketing\" \/>\n<meta property=\"article:publisher\" content=\"https:\/\/www.facebook.com\/portalcidademarketing\" \/>\n<meta property=\"article:author\" content=\"https:\/\/www.facebook.com\/thalesbrandao\" \/>\n<meta property=\"article:published_time\" content=\"2022-06-28T02:33:12+00:00\" \/>\n<meta property=\"og:image\" content=\"https:\/\/www.cidademarketing.com.br\/marketing\/wp-content\/uploads\/2021\/09\/microsoft.png\" \/>\n\t<meta property=\"og:image:width\" content=\"400\" \/>\n\t<meta property=\"og:image:height\" content=\"400\" \/>\n\t<meta property=\"og:image:type\" content=\"image\/png\" \/>\n<meta name=\"author\" content=\"Thales Brand\u00e3o\" \/>\n<meta name=\"twitter:card\" content=\"summary_large_image\" \/>\n<meta name=\"twitter:creator\" content=\"@http:\/\/www.twitter.com\/thalesbrandao\" \/>\n<meta name=\"twitter:site\" content=\"@CidadeMarketing\" \/>\n<meta name=\"twitter:label1\" content=\"Escrito por\" \/>\n\t<meta name=\"twitter:data1\" content=\"Thales Brand\u00e3o\" \/>\n\t<meta name=\"twitter:label2\" content=\"Est. tempo de leitura\" \/>\n\t<meta name=\"twitter:data2\" content=\"3 minutos\" \/>\n<script type=\"application\/ld+json\" class=\"yoast-schema-graph\">{\"@context\":\"https:\\\/\\\/schema.org\",\"@graph\":[{\"@type\":\"Article\",\"@id\":\"https:\\\/\\\/www.cidademarketing.com.br\\\/marketing\\\/2022\\\/06\\\/27\\\/microsoft-e-ministerio-da-educacao-firmam-acordo-para-oferecer-o-office-365-educacional-a1-e-microsoft-teams-online-e-gratuitamente\\\/#article\",\"isPartOf\":{\"@id\":\"https:\\\/\\\/www.cidademarketing.com.br\\\/marketing\\\/2022\\\/06\\\/27\\\/microsoft-e-ministerio-da-educacao-firmam-acordo-para-oferecer-o-office-365-educacional-a1-e-microsoft-teams-online-e-gratuitamente\\\/\"},\"author\":{\"name\":\"Thales Brand\u00e3o\",\"@id\":\"https:\\\/\\\/www.cidademarketing.com.br\\\/marketing\\\/#\\\/schema\\\/person\\\/02daff9f18bd9378c9e01eb6b2db155f\"},\"headline\":\"Microsoft e Minist\u00e9rio da Educa\u00e7\u00e3o firmam acordo para oferecer o Office 365 Educacional A1 e Microsoft Teams online e gratuitamente\",\"datePublished\":\"2022-06-28T02:33:12+00:00\",\"mainEntityOfPage\":{\"@id\":\"https:\\\/\\\/www.cidademarketing.com.br\\\/marketing\\\/2022\\\/06\\\/27\\\/microsoft-e-ministerio-da-educacao-firmam-acordo-para-oferecer-o-office-365-educacional-a1-e-microsoft-teams-online-e-gratuitamente\\\/\"},\"wordCount\":571,\"commentCount\":0,\"publisher\":{\"@id\":\"https:\\\/\\\/www.cidademarketing.com.br\\\/marketing\\\/#organization\"},\"image\":{\"@id\":\"https:\\\/\\\/www.cidademarketing.com.br\\\/marketing\\\/2022\\\/06\\\/27\\\/microsoft-e-ministerio-da-educacao-firmam-acordo-para-oferecer-o-office-365-educacional-a1-e-microsoft-teams-online-e-gratuitamente\\\/#primaryimage\"},\"thumbnailUrl\":\"https:\\\/\\\/www.cidademarketing.com.br\\\/marketing\\\/wp-content\\\/uploads\\\/2021\\\/09\\\/microsoft.png\",\"keywords\":[\"educa\u00e7\u00e3o\",\"escolas\",\"estrat\u00e9gia\",\"marketing\",\"Microsoft\",\"Minist\u00e9rio da Educa\u00e7\u00e3o\"],\"articleSection\":[\"Not\u00edcias\"],\"inLanguage\":\"pt-BR\",\"potentialAction\":[{\"@type\":\"CommentAction\",\"name\":\"Comment\",\"target\":[\"https:\\\/\\\/www.cidademarketing.com.br\\\/marketing\\\/2022\\\/06\\\/27\\\/microsoft-e-ministerio-da-educacao-firmam-acordo-para-oferecer-o-office-365-educacional-a1-e-microsoft-teams-online-e-gratuitamente\\\/#respond\"]}]},{\"@type\":\"WebPage\",\"@id\":\"https:\\\/\\\/www.cidademarketing.com.br\\\/marketing\\\/2022\\\/06\\\/27\\\/microsoft-e-ministerio-da-educacao-firmam-acordo-para-oferecer-o-office-365-educacional-a1-e-microsoft-teams-online-e-gratuitamente\\\/\",\"url\":\"https:\\\/\\\/www.cidademarketing.com.br\\\/marketing\\\/2022\\\/06\\\/27\\\/microsoft-e-ministerio-da-educacao-firmam-acordo-para-oferecer-o-office-365-educacional-a1-e-microsoft-teams-online-e-gratuitamente\\\/\",\"name\":\"Microsoft e Minist\u00e9rio da Educa\u00e7\u00e3o firmam acordo para oferecer o Office 365 Educacional A1 e Microsoft Teams online e gratuitamente - CidadeMarketing\",\"isPartOf\":{\"@id\":\"https:\\\/\\\/www.cidademarketing.com.br\\\/marketing\\\/#website\"},\"primaryImageOfPage\":{\"@id\":\"https:\\\/\\\/www.cidademarketing.com.br\\\/marketing\\\/2022\\\/06\\\/27\\\/microsoft-e-ministerio-da-educacao-firmam-acordo-para-oferecer-o-office-365-educacional-a1-e-microsoft-teams-online-e-gratuitamente\\\/#primaryimage\"},\"image\":{\"@id\":\"https:\\\/\\\/www.cidademarketing.com.br\\\/marketing\\\/2022\\\/06\\\/27\\\/microsoft-e-ministerio-da-educacao-firmam-acordo-para-oferecer-o-office-365-educacional-a1-e-microsoft-teams-online-e-gratuitamente\\\/#primaryimage\"},\"thumbnailUrl\":\"https:\\\/\\\/www.cidademarketing.com.br\\\/marketing\\\/wp-content\\\/uploads\\\/2021\\\/09\\\/microsoft.png\",\"datePublished\":\"2022-06-28T02:33:12+00:00\",\"breadcrumb\":{\"@id\":\"https:\\\/\\\/www.cidademarketing.com.br\\\/marketing\\\/2022\\\/06\\\/27\\\/microsoft-e-ministerio-da-educacao-firmam-acordo-para-oferecer-o-office-365-educacional-a1-e-microsoft-teams-online-e-gratuitamente\\\/#breadcrumb\"},\"inLanguage\":\"pt-BR\",\"potentialAction\":[{\"@type\":\"ReadAction\",\"target\":[\"https:\\\/\\\/www.cidademarketing.com.br\\\/marketing\\\/2022\\\/06\\\/27\\\/microsoft-e-ministerio-da-educacao-firmam-acordo-para-oferecer-o-office-365-educacional-a1-e-microsoft-teams-online-e-gratuitamente\\\/\"]}]},{\"@type\":\"ImageObject\",\"inLanguage\":\"pt-BR\",\"@id\":\"https:\\\/\\\/www.cidademarketing.com.br\\\/marketing\\\/2022\\\/06\\\/27\\\/microsoft-e-ministerio-da-educacao-firmam-acordo-para-oferecer-o-office-365-educacional-a1-e-microsoft-teams-online-e-gratuitamente\\\/#primaryimage\",\"url\":\"https:\\\/\\\/www.cidademarketing.com.br\\\/marketing\\\/wp-content\\\/uploads\\\/2021\\\/09\\\/microsoft.png\",\"contentUrl\":\"https:\\\/\\\/www.cidademarketing.com.br\\\/marketing\\\/wp-content\\\/uploads\\\/2021\\\/09\\\/microsoft.png\",\"width\":400,\"height\":400},{\"@type\":\"BreadcrumbList\",\"@id\":\"https:\\\/\\\/www.cidademarketing.com.br\\\/marketing\\\/2022\\\/06\\\/27\\\/microsoft-e-ministerio-da-educacao-firmam-acordo-para-oferecer-o-office-365-educacional-a1-e-microsoft-teams-online-e-gratuitamente\\\/#breadcrumb\",\"itemListElement\":[{\"@type\":\"ListItem\",\"position\":1,\"name\":\"In\u00edcio\",\"item\":\"https:\\\/\\\/www.cidademarketing.com.br\\\/marketing\\\/\"},{\"@type\":\"ListItem\",\"position\":2,\"name\":\"Microsoft e Minist\u00e9rio da Educa\u00e7\u00e3o firmam acordo para oferecer o Office 365 Educacional A1 e Microsoft Teams online e gratuitamente\"}]},{\"@type\":\"WebSite\",\"@id\":\"https:\\\/\\\/www.cidademarketing.com.br\\\/marketing\\\/#website\",\"url\":\"https:\\\/\\\/www.cidademarketing.com.br\\\/marketing\\\/\",\"name\":\"CidadeMarketing\",\"description\":\"Somos um ve\u00edculo de comunica\u00e7\u00e3o de destaque no Brasil, reconhecido por conte\u00fados nos segmentos de marketing, empreendedorismo e inova\u00e7\u00e3o.\",\"publisher\":{\"@id\":\"https:\\\/\\\/www.cidademarketing.com.br\\\/marketing\\\/#organization\"},\"alternateName\":\"CidadeMarketing\",\"potentialAction\":[{\"@type\":\"SearchAction\",\"target\":{\"@type\":\"EntryPoint\",\"urlTemplate\":\"https:\\\/\\\/www.cidademarketing.com.br\\\/marketing\\\/?s={search_term_string}\"},\"query-input\":{\"@type\":\"PropertyValueSpecification\",\"valueRequired\":true,\"valueName\":\"search_term_string\"}}],\"inLanguage\":\"pt-BR\"},{\"@type\":\"Organization\",\"@id\":\"https:\\\/\\\/www.cidademarketing.com.br\\\/marketing\\\/#organization\",\"name\":\"CidadeMarketing\",\"alternateName\":\"CidadeMarketing\",\"url\":\"https:\\\/\\\/www.cidademarketing.com.br\\\/marketing\\\/\",\"logo\":{\"@type\":\"ImageObject\",\"inLanguage\":\"pt-BR\",\"@id\":\"https:\\\/\\\/www.cidademarketing.com.br\\\/marketing\\\/#\\\/schema\\\/logo\\\/image\\\/\",\"url\":\"https:\\\/\\\/www.cidademarketing.com.br\\\/marketing\\\/wp-content\\\/uploads\\\/2020\\\/01\\\/cidademarketing_marca_mobile.png\",\"contentUrl\":\"https:\\\/\\\/www.cidademarketing.com.br\\\/marketing\\\/wp-content\\\/uploads\\\/2020\\\/01\\\/cidademarketing_marca_mobile.png\",\"width\":230,\"height\":92,\"caption\":\"CidadeMarketing\"},\"image\":{\"@id\":\"https:\\\/\\\/www.cidademarketing.com.br\\\/marketing\\\/#\\\/schema\\\/logo\\\/image\\\/\"},\"sameAs\":[\"https:\\\/\\\/www.facebook.com\\\/portalcidademarketing\",\"https:\\\/\\\/x.com\\\/CidadeMarketing\",\"https:\\\/\\\/www.instagram.com\\\/cidademarketing\\\/\"]},{\"@type\":\"Person\",\"@id\":\"https:\\\/\\\/www.cidademarketing.com.br\\\/marketing\\\/#\\\/schema\\\/person\\\/02daff9f18bd9378c9e01eb6b2db155f\",\"name\":\"Thales Brand\u00e3o\",\"image\":{\"@type\":\"ImageObject\",\"inLanguage\":\"pt-BR\",\"@id\":\"https:\\\/\\\/secure.gravatar.com\\\/avatar\\\/7ca3206950207cc3cb48feec56a8a7898741ab725c368d99d5d7a5a50aab80c6?s=96&d=mm&r=g\",\"url\":\"https:\\\/\\\/secure.gravatar.com\\\/avatar\\\/7ca3206950207cc3cb48feec56a8a7898741ab725c368d99d5d7a5a50aab80c6?s=96&d=mm&r=g\",\"contentUrl\":\"https:\\\/\\\/secure.gravatar.com\\\/avatar\\\/7ca3206950207cc3cb48feec56a8a7898741ab725c368d99d5d7a5a50aab80c6?s=96&d=mm&r=g\",\"caption\":\"Thales Brand\u00e3o\"},\"description\":\"Editor Executivo do Portal CidadeMarketing.com.br &gt; Mestre em Comunica\u00e7\u00e3o e Sociedade pela Universidade Federal de Sergipe. Possui MBA Executivo em Administra\u00e7\u00e3o com \u00eanfase em Marketing pela Funda\u00e7\u00e3o Get\u00falio Vargas - Rio de Janeiro. Consultor, Palestrante e Pesquisador sobre Empreendedorismo, Marketing, Redes Sociais e Neg\u00f3cios Digitais. Professor, Palestrante TedxTalks e Campus Party. Twitter: @ThalesBrandao\",\"sameAs\":[\"http:\\\/\\\/www.mandacaru.com.br\",\"https:\\\/\\\/www.facebook.com\\\/thalesbrandao\",\"http:\\\/\\\/www.instagram.com.br\\\/thalesbrandaoferreira\",\"https:\\\/\\\/www.linkedin.com\\\/in\\\/thales-brand\u00e3o-3948609\\\/\",\"https:\\\/\\\/x.com\\\/http:\\\/\\\/www.twitter.com\\\/thalesbrandao\"],\"url\":\"https:\\\/\\\/www.cidademarketing.com.br\\\/marketing\\\/author\\\/thalesbrandao\\\/\"}]}<\/script>\n<!-- \/ Yoast SEO plugin. -->","yoast_head_json":{"title":"Microsoft e Minist\u00e9rio da Educa\u00e7\u00e3o firmam acordo para oferecer o Office 365 Educacional A1 e Microsoft Teams online e gratuitamente - CidadeMarketing","robots":{"index":"index","follow":"follow","max-snippet":"max-snippet:-1","max-image-preview":"max-image-preview:large","max-video-preview":"max-video-preview:-1"},"canonical":"https:\/\/www.cidademarketing.com.br\/marketing\/2022\/06\/27\/microsoft-e-ministerio-da-educacao-firmam-acordo-para-oferecer-o-office-365-educacional-a1-e-microsoft-teams-online-e-gratuitamente\/","og_locale":"pt_BR","og_type":"article","og_title":"Microsoft e Minist\u00e9rio da Educa\u00e7\u00e3o firmam acordo para oferecer o Office 365 Educacional A1 e Microsoft Teams online e gratuitamente - CidadeMarketing","og_description":"A Microsoft e o Minist\u00e9rio da Educa\u00e7\u00e3o (MEC) firmaram um acordo de coopera\u00e7\u00e3o para oferecer o Office 365 Educacional \u2013 vers\u00e3o A1 \u2013 que inclui o Teams, para todas as secretarias municipais, estaduais, institutos e universidades federais. O objetivo \u00e9 garantir que todos os alunos e professores do setor p\u00fablico do Pa\u00eds, estimados em mais [&hellip;]","og_url":"https:\/\/www.cidademarketing.com.br\/marketing\/2022\/06\/27\/microsoft-e-ministerio-da-educacao-firmam-acordo-para-oferecer-o-office-365-educacional-a1-e-microsoft-teams-online-e-gratuitamente\/","og_site_name":"CidadeMarketing","article_publisher":"https:\/\/www.facebook.com\/portalcidademarketing","article_author":"https:\/\/www.facebook.com\/thalesbrandao","article_published_time":"2022-06-28T02:33:12+00:00","og_image":[{"width":400,"height":400,"url":"https:\/\/www.cidademarketing.com.br\/marketing\/wp-content\/uploads\/2021\/09\/microsoft.png","type":"image\/png"}],"author":"Thales Brand\u00e3o","twitter_card":"summary_large_image","twitter_creator":"@http:\/\/www.twitter.com\/thalesbrandao","twitter_site":"@CidadeMarketing","twitter_misc":{"Escrito por":"Thales Brand\u00e3o","Est. tempo de leitura":"3 minutos"},"schema":{"@context":"https:\/\/schema.org","@graph":[{"@type":"Article","@id":"https:\/\/www.cidademarketing.com.br\/marketing\/2022\/06\/27\/microsoft-e-ministerio-da-educacao-firmam-acordo-para-oferecer-o-office-365-educacional-a1-e-microsoft-teams-online-e-gratuitamente\/#article","isPartOf":{"@id":"https:\/\/www.cidademarketing.com.br\/marketing\/2022\/06\/27\/microsoft-e-ministerio-da-educacao-firmam-acordo-para-oferecer-o-office-365-educacional-a1-e-microsoft-teams-online-e-gratuitamente\/"},"author":{"name":"Thales Brand\u00e3o","@id":"https:\/\/www.cidademarketing.com.br\/marketing\/#\/schema\/person\/02daff9f18bd9378c9e01eb6b2db155f"},"headline":"Microsoft e Minist\u00e9rio da Educa\u00e7\u00e3o firmam acordo para oferecer o Office 365 Educacional A1 e Microsoft Teams online e gratuitamente","datePublished":"2022-06-28T02:33:12+00:00","mainEntityOfPage":{"@id":"https:\/\/www.cidademarketing.com.br\/marketing\/2022\/06\/27\/microsoft-e-ministerio-da-educacao-firmam-acordo-para-oferecer-o-office-365-educacional-a1-e-microsoft-teams-online-e-gratuitamente\/"},"wordCount":571,"commentCount":0,"publisher":{"@id":"https:\/\/www.cidademarketing.com.br\/marketing\/#organization"},"image":{"@id":"https:\/\/www.cidademarketing.com.br\/marketing\/2022\/06\/27\/microsoft-e-ministerio-da-educacao-firmam-acordo-para-oferecer-o-office-365-educacional-a1-e-microsoft-teams-online-e-gratuitamente\/#primaryimage"},"thumbnailUrl":"https:\/\/www.cidademarketing.com.br\/marketing\/wp-content\/uploads\/2021\/09\/microsoft.png","keywords":["educa\u00e7\u00e3o","escolas","estrat\u00e9gia","marketing","Microsoft","Minist\u00e9rio da Educa\u00e7\u00e3o"],"articleSection":["Not\u00edcias"],"inLanguage":"pt-BR","potentialAction":[{"@type":"CommentAction","name":"Comment","target":["https:\/\/www.cidademarketing.com.br\/marketing\/2022\/06\/27\/microsoft-e-ministerio-da-educacao-firmam-acordo-para-oferecer-o-office-365-educacional-a1-e-microsoft-teams-online-e-gratuitamente\/#respond"]}]},{"@type":"WebPage","@id":"https:\/\/www.cidademarketing.com.br\/marketing\/2022\/06\/27\/microsoft-e-ministerio-da-educacao-firmam-acordo-para-oferecer-o-office-365-educacional-a1-e-microsoft-teams-online-e-gratuitamente\/","url":"https:\/\/www.cidademarketing.com.br\/marketing\/2022\/06\/27\/microsoft-e-ministerio-da-educacao-firmam-acordo-para-oferecer-o-office-365-educacional-a1-e-microsoft-teams-online-e-gratuitamente\/","name":"Microsoft e Minist\u00e9rio da Educa\u00e7\u00e3o firmam acordo para oferecer o Office 365 Educacional A1 e Microsoft Teams online e gratuitamente - CidadeMarketing","isPartOf":{"@id":"https:\/\/www.cidademarketing.com.br\/marketing\/#website"},"primaryImageOfPage":{"@id":"https:\/\/www.cidademarketing.com.br\/marketing\/2022\/06\/27\/microsoft-e-ministerio-da-educacao-firmam-acordo-para-oferecer-o-office-365-educacional-a1-e-microsoft-teams-online-e-gratuitamente\/#primaryimage"},"image":{"@id":"https:\/\/www.cidademarketing.com.br\/marketing\/2022\/06\/27\/microsoft-e-ministerio-da-educacao-firmam-acordo-para-oferecer-o-office-365-educacional-a1-e-microsoft-teams-online-e-gratuitamente\/#primaryimage"},"thumbnailUrl":"https:\/\/www.cidademarketing.com.br\/marketing\/wp-content\/uploads\/2021\/09\/microsoft.png","datePublished":"2022-06-28T02:33:12+00:00","breadcrumb":{"@id":"https:\/\/www.cidademarketing.com.br\/marketing\/2022\/06\/27\/microsoft-e-ministerio-da-educacao-firmam-acordo-para-oferecer-o-office-365-educacional-a1-e-microsoft-teams-online-e-gratuitamente\/#breadcrumb"},"inLanguage":"pt-BR","potentialAction":[{"@type":"ReadAction","target":["https:\/\/www.cidademarketing.com.br\/marketing\/2022\/06\/27\/microsoft-e-ministerio-da-educacao-firmam-acordo-para-oferecer-o-office-365-educacional-a1-e-microsoft-teams-online-e-gratuitamente\/"]}]},{"@type":"ImageObject","inLanguage":"pt-BR","@id":"https:\/\/www.cidademarketing.com.br\/marketing\/2022\/06\/27\/microsoft-e-ministerio-da-educacao-firmam-acordo-para-oferecer-o-office-365-educacional-a1-e-microsoft-teams-online-e-gratuitamente\/#primaryimage","url":"https:\/\/www.cidademarketing.com.br\/marketing\/wp-content\/uploads\/2021\/09\/microsoft.png","contentUrl":"https:\/\/www.cidademarketing.com.br\/marketing\/wp-content\/uploads\/2021\/09\/microsoft.png","width":400,"height":400},{"@type":"BreadcrumbList","@id":"https:\/\/www.cidademarketing.com.br\/marketing\/2022\/06\/27\/microsoft-e-ministerio-da-educacao-firmam-acordo-para-oferecer-o-office-365-educacional-a1-e-microsoft-teams-online-e-gratuitamente\/#breadcrumb","itemListElement":[{"@type":"ListItem","position":1,"name":"In\u00edcio","item":"https:\/\/www.cidademarketing.com.br\/marketing\/"},{"@type":"ListItem","position":2,"name":"Microsoft e Minist\u00e9rio da Educa\u00e7\u00e3o firmam acordo para oferecer o Office 365 Educacional A1 e Microsoft Teams online e gratuitamente"}]},{"@type":"WebSite","@id":"https:\/\/www.cidademarketing.com.br\/marketing\/#website","url":"https:\/\/www.cidademarketing.com.br\/marketing\/","name":"CidadeMarketing","description":"Somos um ve\u00edculo de comunica\u00e7\u00e3o de destaque no Brasil, reconhecido por conte\u00fados nos segmentos de marketing, empreendedorismo e inova\u00e7\u00e3o.","publisher":{"@id":"https:\/\/www.cidademarketing.com.br\/marketing\/#organization"},"alternateName":"CidadeMarketing","potentialAction":[{"@type":"SearchAction","target":{"@type":"EntryPoint","urlTemplate":"https:\/\/www.cidademarketing.com.br\/marketing\/?s={search_term_string}"},"query-input":{"@type":"PropertyValueSpecification","valueRequired":true,"valueName":"search_term_string"}}],"inLanguage":"pt-BR"},{"@type":"Organization","@id":"https:\/\/www.cidademarketing.com.br\/marketing\/#organization","name":"CidadeMarketing","alternateName":"CidadeMarketing","url":"https:\/\/www.cidademarketing.com.br\/marketing\/","logo":{"@type":"ImageObject","inLanguage":"pt-BR","@id":"https:\/\/www.cidademarketing.com.br\/marketing\/#\/schema\/logo\/image\/","url":"https:\/\/www.cidademarketing.com.br\/marketing\/wp-content\/uploads\/2020\/01\/cidademarketing_marca_mobile.png","contentUrl":"https:\/\/www.cidademarketing.com.br\/marketing\/wp-content\/uploads\/2020\/01\/cidademarketing_marca_mobile.png","width":230,"height":92,"caption":"CidadeMarketing"},"image":{"@id":"https:\/\/www.cidademarketing.com.br\/marketing\/#\/schema\/logo\/image\/"},"sameAs":["https:\/\/www.facebook.com\/portalcidademarketing","https:\/\/x.com\/CidadeMarketing","https:\/\/www.instagram.com\/cidademarketing\/"]},{"@type":"Person","@id":"https:\/\/www.cidademarketing.com.br\/marketing\/#\/schema\/person\/02daff9f18bd9378c9e01eb6b2db155f","name":"Thales Brand\u00e3o","image":{"@type":"ImageObject","inLanguage":"pt-BR","@id":"https:\/\/secure.gravatar.com\/avatar\/7ca3206950207cc3cb48feec56a8a7898741ab725c368d99d5d7a5a50aab80c6?s=96&d=mm&r=g","url":"https:\/\/secure.gravatar.com\/avatar\/7ca3206950207cc3cb48feec56a8a7898741ab725c368d99d5d7a5a50aab80c6?s=96&d=mm&r=g","contentUrl":"https:\/\/secure.gravatar.com\/avatar\/7ca3206950207cc3cb48feec56a8a7898741ab725c368d99d5d7a5a50aab80c6?s=96&d=mm&r=g","caption":"Thales Brand\u00e3o"},"description":"Editor Executivo do Portal CidadeMarketing.com.br &gt; Mestre em Comunica\u00e7\u00e3o e Sociedade pela Universidade Federal de Sergipe. Possui MBA Executivo em Administra\u00e7\u00e3o com \u00eanfase em Marketing pela Funda\u00e7\u00e3o Get\u00falio Vargas - Rio de Janeiro. Consultor, Palestrante e Pesquisador sobre Empreendedorismo, Marketing, Redes Sociais e Neg\u00f3cios Digitais. Professor, Palestrante TedxTalks e Campus Party. Twitter: @ThalesBrandao","sameAs":["http:\/\/www.mandacaru.com.br","https:\/\/www.facebook.com\/thalesbrandao","http:\/\/www.instagram.com.br\/thalesbrandaoferreira","https:\/\/www.linkedin.com\/in\/thales-brand\u00e3o-3948609\/","https:\/\/x.com\/http:\/\/www.twitter.com\/thalesbrandao"],"url":"https:\/\/www.cidademarketing.com.br\/marketing\/author\/thalesbrandao\/"}]}},"amp_enabled":true,"_links":{"self":[{"href":"https:\/\/www.cidademarketing.com.br\/marketing\/wp-json\/wp\/v2\/posts\/36694","targetHints":{"allow":["GET"]}}],"collection":[{"href":"https:\/\/www.cidademarketing.com.br\/marketing\/wp-json\/wp\/v2\/posts"}],"about":[{"href":"https:\/\/www.cidademarketing.com.br\/marketing\/wp-json\/wp\/v2\/types\/post"}],"author":[{"embeddable":true,"href":"https:\/\/www.cidademarketing.com.br\/marketing\/wp-json\/wp\/v2\/users\/1"}],"replies":[{"embeddable":true,"href":"https:\/\/www.cidademarketing.com.br\/marketing\/wp-json\/wp\/v2\/comments?post=36694"}],"version-history":[{"count":1,"href":"https:\/\/www.cidademarketing.com.br\/marketing\/wp-json\/wp\/v2\/posts\/36694\/revisions"}],"predecessor-version":[{"id":36695,"href":"https:\/\/www.cidademarketing.com.br\/marketing\/wp-json\/wp\/v2\/posts\/36694\/revisions\/36695"}],"wp:featuredmedia":[{"embeddable":true,"href":"https:\/\/www.cidademarketing.com.br\/marketing\/wp-json\/wp\/v2\/media\/28747"}],"wp:attachment":[{"href":"https:\/\/www.cidademarketing.com.br\/marketing\/wp-json\/wp\/v2\/media?parent=36694"}],"wp:term":[{"taxonomy":"category","embeddable":true,"href":"https:\/\/www.cidademarketing.com.br\/marketing\/wp-json\/wp\/v2\/categories?post=36694"},{"taxonomy":"post_tag","embeddable":true,"href":"https:\/\/www.cidademarketing.com.br\/marketing\/wp-json\/wp\/v2\/tags?post=36694"}],"curies":[{"name":"wp","href":"https:\/\/api.w.org\/{rel}","templated":true}]}}