{"id":36618,"date":"2022-06-22T10:57:01","date_gmt":"2022-06-22T13:57:01","guid":{"rendered":"https:\/\/www.cidademarketing.com.br\/marketing\/?p=36618"},"modified":"2022-06-22T10:57:01","modified_gmt":"2022-06-22T13:57:01","slug":"ita-airways-lanca-a-temporada-de-verao-no-mercado-brasileiro-com-cinco-frequencias-semanais-entre-roma-e-sao-paulo","status":"publish","type":"post","link":"https:\/\/www.cidademarketing.com.br\/marketing\/2022\/06\/22\/ita-airways-lanca-a-temporada-de-verao-no-mercado-brasileiro-com-cinco-frequencias-semanais-entre-roma-e-sao-paulo\/","title":{"rendered":"ITA Airways lan\u00e7a a temporada de ver\u00e3o no mercado brasileiro com cinco frequ\u00eancias semanais entre Roma e S\u00e3o Paulo"},"content":{"rendered":"<p><iframe style=\"border-radius: 12px;\" src=\"https:\/\/open.spotify.com\/embed\/show\/4khMKzP3FgFRWVwb73xicc?utm_source=generator&amp;t=0\" width=\"100%\" height=\"232\" frameborder=\"0\" allowfullscreen=\"allowfullscreen\"><\/iframe><br \/>\nA ITA Airways, a nova companhia a\u00e9rea nacional italiana, apresentou aos representantes da imprensa brasileira e parceiros de neg\u00f3cios do mercado a temporada de ver\u00e3o 2022 da Companhia com suas novas conex\u00f5es. O evento aconteceu no Carat Restaurant &amp; Lounge em S\u00e3o Paulo e foi representado por Pierfrancesco Carino, Vice-Presidente de Vendas Internacionais, Tommaso Fumelli, Gerente Regional Am\u00e9ricas, Andrea Taddei, rec\u00e9m-nomeado Country Manager da ITA Airways para o Brasil e a equipe local da ITA Airways .<\/p>\n<p>Com opera\u00e7\u00e3o de voos dispon\u00edveis desde 15 de outubro de 2021, a ITA Airways \u00e9 uma companhia a\u00e9rea eficiente e inovadora que ser\u00e1 um ponto de refer\u00eancia para fornecer \u00e0 It\u00e1lia conectividade de qualidade com destinos dom\u00e9sticos, internacionais e intercontinentais, impulsionando o turismo e o trade internacional. Isso resultar\u00e1 de uma estrat\u00e9gia que privilegia o melhor atendimento ao cliente, aliado \u00e0 digitaliza\u00e7\u00e3o e sustentabilidade, respeitando os aspectos ambientais, sociais e de governan\u00e7a.<\/p>\n<p>O desenvolvimento da rede intercontinental representa um dos principais ativos da Companhia, uma estrat\u00e9gia que ser\u00e1 consolidada tamb\u00e9m gra\u00e7as aos novos Airbus A350 de \u00faltima gera\u00e7\u00e3o, que operam em destinos de longa dist\u00e2ncia.<\/p>\n<p>Especificamente no Brasil, a ITA Airways est\u00e1 oferecendo cinco voos semanais para S\u00e3o Paulo em Junho e Julho, operados todas as segundas, ter\u00e7as, quartas, sextas e s\u00e1bados de Roma Fiumicino e todas as ter\u00e7as, quartas, quintas, s\u00e1bados e domingos de S\u00e3o Paulo.<\/p>\n<p>Essas novas conex\u00f5es, que ser\u00e3o di\u00e1rias a partir de agosto, potencializam ainda mais a rela\u00e7\u00e3o entre dois pa\u00edses \u2013 Brasil e It\u00e1lia, que sempre estiveram ligados por fortes rela\u00e7\u00f5es hist\u00f3ricas, culturais e econ\u00f4micas e v\u00e3o potencializar ainda mais a expans\u00e3o da ITA Airways na Am\u00e9rica do Sul. Destino favorito para f\u00e9rias italianas, o Brasil tamb\u00e9m \u00e9 um mercado muito importante junto com os Estados Unidos para o tr\u00e1fego de neg\u00f3cios e de carga.<\/p>\n<p>Al\u00e9m disso, gra\u00e7as ao acordo de codeshare com a Azul &#8211; Linhas A\u00e9reas Brasileiras, a maior companhia a\u00e9rea do mercado em n\u00famero de cidades atendidas e embarques, a ITA Airways est\u00e1 proporcionando aos passageiros a oportunidade de chegar a oito destinos dentro do Brasil, conectando via S\u00e3o Paulo assim garantindo as melhores op\u00e7\u00f5es de conex\u00e3o com as principais cidades brasileiras aos clientes da principal cia de bandeira italiana.<\/p>\n<p>A ITA Airways colocar\u00e1 seu c\u00f3digo \u201cAZ\u201d em voos operados pela Azul nos seguintes mercados dom\u00e9sticos: Bel\u00e9m (PA), Cuiab\u00e1 (MT), Santos Dumont (RJ), Porto Alegre (RS), Recife (PE), Juazeiro do Norte (CE), Confins (MG) e Curitiba (PR). Al\u00e9m do acesso \u00e0 rede dom\u00e9stica da Azul, os benef\u00edcios e a comodidade de um bilhete codeshare para os clientes ITA Airways incluir\u00e3o check-in e bagagem.<\/p>\n<p>Para voar entre Roma e S\u00e3o Paulo, a ITA Airways escolheu seu avi\u00e3o principal, o novo A350-900 com 334 assentos, incluindo 33 poltronas full-flat na Business e 39 poltronas na Comfort Economy, equipado com o motor Rolls Royce de alta efici\u00eancia (o Trent XWB) e constru\u00eddo com materiais avan\u00e7ados e mais leves que permitem a redu\u00e7\u00e3o de peso em benef\u00edcio do menor consumo de combust\u00edvel e emiss\u00f5es de CO2, em linha com o plano ambiental e de sustentabilidade da Companhia.<\/p>\n<p>A introdu\u00e7\u00e3o do Airbus A350 na frota da ITA Airways representa um importante passo em dire\u00e7\u00e3o \u00e0 sustentabilidade em linha com o protocolo internacional &#8216;Fit for 55&#8217;, cujos objetivos s\u00e3o compartilhados pela ITA Airways.<\/p>\n<p>A temporada de ver\u00e3o 2022 da ITA Airways inclui 63 novos destinos, sendo 22 dom\u00e9sticos, 34 internacionais e 7 intercontinentais. Gra\u00e7as aos acordos de codeshare com as principais companhias internacionais, a ITA Airways continua a expandir sua rede por meio de parcerias com outras transportadoras globais &#8211; proporcionando uma rota de acesso privilegiada aos mercados de maior interesse para a Companhia, principalmente na Europa e Am\u00e9rica, mas tamb\u00e9m na \u00c1frica e na Ar\u00e1bia Saudita.<\/p>\n<p>Os acordos de codeshare permitem que a ITA Airways alcance toda a rede dom\u00e9stica de outras companhias internacionais com voos diretos de Roma Fiumicino e Mil\u00e3o Linate para seus hubs. Ao todo, 24 acordos de codeshare foram assinados at\u00e9 agora, para um total de mais de 300 destinos atendidos nos quais a ITA Airways usar\u00e1 seus pr\u00f3prios c\u00f3digos.<br \/>\nTodos os voos da ITA Airways podem ser adquiridos no site ita-airways.com, no Call Center da ITA Airways ou nas ag\u00eancias de viagens e lojas no aeroporto.<\/p>\n<p>Programa Volare.<br \/>\nCom o compromisso de foco m\u00e1ximo no cliente, a ITA Airways lan\u00e7ou em 15 de outubro de 2021 o \u201cVolare\u201d, seu novo programa de fidelidade, que tamb\u00e9m \u00e9 acess\u00edvel aos clientes americanos. Foi concebido como um ecossistema aberto de servi\u00e7os e produtos, disponibilizado pela ITA Airways e seus parceiros para garantir que os clientes tenham uma experi\u00eancia de viagem \u00fanica, 360\u00b0 e de valor m\u00e1ximo. Desde Mar\u00e7o, o programa foi enriquecido com novos recursos que aumentam sua flexibilidade e facilidade de uso e oferecem aos passageiros frequentes tudo o que eles podem desejar de um programa dedicado a eles.<br \/>\nO Volare est\u00e1 ampliando sua for\u00e7a com base nos quatro valores nos quais foi desenvolvido: &#8216;Liberdade&#8217;, &#8216;Personaliza\u00e7\u00e3o&#8217;, &#8216;Escolha&#8217; e &#8216;Conex\u00e3o&#8217;:<\/p>\n<p>O Volare \u00e9 um programa &#8216;feito \u00e0 medida&#8217; que consiste em quatro Clubes exclusivos, em uma escala ascendente de n\u00edveis crescentes de premiumness e servi\u00e7os priorit\u00e1rios dedicados: Smart, Plus, Premium e Executive. A cada compra em voos ITA, os clientes podem acumular os pontos necess\u00e1rios para fazer upgrade para o n\u00edvel Club superior e aproveitar v\u00e1rios benef\u00edcios e servi\u00e7os premium. Al\u00e9m disso, a partir do Club Smart, \u00e0 medida em que o patamar aumenta, a vantagem para o cliente tamb\u00e9m aumenta em termos de multiplicadores e servi\u00e7os dispon\u00edveis.<\/p>\n<p>J\u00e1 existem muitos assinantes do Volare, tanto da It\u00e1lia quanto no exterior. At\u00e9 o momento, o programa tem mais de 361.500 membros, dos quais mais de 40.000 s\u00e3o membros Elite (Club Plus, Premium e Executive). Esse resultado tamb\u00e9m \u00e9 importante porque est\u00e1 consolidado no mercado internacional: 35% dos participantes da campanha Status Match vieram de empresas estrangeiras<\/p>\n<p><iframe style=\"width: 100%; max-width: 660px; overflow: hidden; background: transparent;\" src=\"https:\/\/embed.podcasts.apple.com\/br\/podcast\/podcast-cidademarketing\/id1371923283\" height=\"450\" frameborder=\"0\" sandbox=\"allow-forms allow-popups allow-same-origin allow-scripts allow-storage-access-by-user-activation allow-top-navigation-by-user-activation\"><\/iframe><\/p>\n","protected":false},"excerpt":{"rendered":"<p>A ITA Airways, a nova companhia a\u00e9rea nacional italiana, apresentou aos representantes da imprensa brasileira e parceiros de neg\u00f3cios do mercado a temporada de ver\u00e3o 2022 da Companhia com suas novas conex\u00f5es. O evento aconteceu no Carat Restaurant &amp; Lounge em S\u00e3o Paulo e foi representado por Pierfrancesco Carino, Vice-Presidente de Vendas Internacionais, Tommaso Fumelli, [&hellip;]<\/p>\n","protected":false},"author":1,"featured_media":36619,"comment_status":"open","ping_status":"open","sticky":false,"template":"","format":"standard","meta":{"tdm_status":"","tdm_grid_status":"","footnotes":""},"categories":[6],"tags":[65,308,33,5377,28,55],"class_list":["post-36618","post","type-post","status-publish","format-standard","has-post-thumbnail","hentry","category-noticias","tag-campanha","tag-comunicacao","tag-estrategia","tag-ita-airways","tag-marketing","tag-relacionamento"],"yoast_head":"<!-- This site is optimized with the Yoast SEO plugin v27.5 - https:\/\/yoast.com\/product\/yoast-seo-wordpress\/ -->\n<title>ITA Airways lan\u00e7a a temporada de ver\u00e3o no mercado brasileiro com cinco frequ\u00eancias semanais entre Roma e S\u00e3o Paulo - CidadeMarketing<\/title>\n<meta name=\"robots\" content=\"index, follow, max-snippet:-1, max-image-preview:large, max-video-preview:-1\" \/>\n<link rel=\"canonical\" href=\"https:\/\/www.cidademarketing.com.br\/marketing\/2022\/06\/22\/ita-airways-lanca-a-temporada-de-verao-no-mercado-brasileiro-com-cinco-frequencias-semanais-entre-roma-e-sao-paulo\/\" \/>\n<meta property=\"og:locale\" content=\"pt_BR\" \/>\n<meta property=\"og:type\" content=\"article\" \/>\n<meta property=\"og:title\" content=\"ITA Airways lan\u00e7a a temporada de ver\u00e3o no mercado brasileiro com cinco frequ\u00eancias semanais entre Roma e S\u00e3o Paulo - CidadeMarketing\" \/>\n<meta property=\"og:description\" content=\"A ITA Airways, a nova companhia a\u00e9rea nacional italiana, apresentou aos representantes da imprensa brasileira e parceiros de neg\u00f3cios do mercado a temporada de ver\u00e3o 2022 da Companhia com suas novas conex\u00f5es. O evento aconteceu no Carat Restaurant &amp; Lounge em S\u00e3o Paulo e foi representado por Pierfrancesco Carino, Vice-Presidente de Vendas Internacionais, Tommaso Fumelli, [&hellip;]\" \/>\n<meta property=\"og:url\" content=\"https:\/\/www.cidademarketing.com.br\/marketing\/2022\/06\/22\/ita-airways-lanca-a-temporada-de-verao-no-mercado-brasileiro-com-cinco-frequencias-semanais-entre-roma-e-sao-paulo\/\" \/>\n<meta property=\"og:site_name\" content=\"CidadeMarketing\" \/>\n<meta property=\"article:publisher\" content=\"https:\/\/www.facebook.com\/portalcidademarketing\" \/>\n<meta property=\"article:author\" content=\"https:\/\/www.facebook.com\/thalesbrandao\" \/>\n<meta property=\"article:published_time\" content=\"2022-06-22T13:57:01+00:00\" \/>\n<meta property=\"og:image\" content=\"https:\/\/www.cidademarketing.com.br\/marketing\/wp-content\/uploads\/2022\/06\/ita_airways.jpg\" \/>\n\t<meta property=\"og:image:width\" content=\"840\" \/>\n\t<meta property=\"og:image:height\" content=\"296\" \/>\n\t<meta property=\"og:image:type\" content=\"image\/jpeg\" \/>\n<meta name=\"author\" content=\"Thales Brand\u00e3o\" \/>\n<meta name=\"twitter:card\" content=\"summary_large_image\" \/>\n<meta name=\"twitter:creator\" content=\"@http:\/\/www.twitter.com\/thalesbrandao\" \/>\n<meta name=\"twitter:site\" content=\"@CidadeMarketing\" \/>\n<meta name=\"twitter:label1\" content=\"Escrito por\" \/>\n\t<meta name=\"twitter:data1\" content=\"Thales Brand\u00e3o\" \/>\n\t<meta name=\"twitter:label2\" content=\"Est. tempo de leitura\" \/>\n\t<meta name=\"twitter:data2\" content=\"5 minutos\" \/>\n<script type=\"application\/ld+json\" class=\"yoast-schema-graph\">{\"@context\":\"https:\\\/\\\/schema.org\",\"@graph\":[{\"@type\":\"Article\",\"@id\":\"https:\\\/\\\/www.cidademarketing.com.br\\\/marketing\\\/2022\\\/06\\\/22\\\/ita-airways-lanca-a-temporada-de-verao-no-mercado-brasileiro-com-cinco-frequencias-semanais-entre-roma-e-sao-paulo\\\/#article\",\"isPartOf\":{\"@id\":\"https:\\\/\\\/www.cidademarketing.com.br\\\/marketing\\\/2022\\\/06\\\/22\\\/ita-airways-lanca-a-temporada-de-verao-no-mercado-brasileiro-com-cinco-frequencias-semanais-entre-roma-e-sao-paulo\\\/\"},\"author\":{\"name\":\"Thales Brand\u00e3o\",\"@id\":\"https:\\\/\\\/www.cidademarketing.com.br\\\/marketing\\\/#\\\/schema\\\/person\\\/02daff9f18bd9378c9e01eb6b2db155f\"},\"headline\":\"ITA Airways lan\u00e7a a temporada de ver\u00e3o no mercado brasileiro com cinco frequ\u00eancias semanais entre Roma e S\u00e3o Paulo\",\"datePublished\":\"2022-06-22T13:57:01+00:00\",\"mainEntityOfPage\":{\"@id\":\"https:\\\/\\\/www.cidademarketing.com.br\\\/marketing\\\/2022\\\/06\\\/22\\\/ita-airways-lanca-a-temporada-de-verao-no-mercado-brasileiro-com-cinco-frequencias-semanais-entre-roma-e-sao-paulo\\\/\"},\"wordCount\":1066,\"commentCount\":0,\"publisher\":{\"@id\":\"https:\\\/\\\/www.cidademarketing.com.br\\\/marketing\\\/#organization\"},\"image\":{\"@id\":\"https:\\\/\\\/www.cidademarketing.com.br\\\/marketing\\\/2022\\\/06\\\/22\\\/ita-airways-lanca-a-temporada-de-verao-no-mercado-brasileiro-com-cinco-frequencias-semanais-entre-roma-e-sao-paulo\\\/#primaryimage\"},\"thumbnailUrl\":\"https:\\\/\\\/www.cidademarketing.com.br\\\/marketing\\\/wp-content\\\/uploads\\\/2022\\\/06\\\/ita_airways.jpg\",\"keywords\":[\"campanha\",\"comunica\u00e7\u00e3o\",\"estrat\u00e9gia\",\"ITA Airways\",\"marketing\",\"relacionamento\"],\"articleSection\":[\"Not\u00edcias\"],\"inLanguage\":\"pt-BR\",\"potentialAction\":[{\"@type\":\"CommentAction\",\"name\":\"Comment\",\"target\":[\"https:\\\/\\\/www.cidademarketing.com.br\\\/marketing\\\/2022\\\/06\\\/22\\\/ita-airways-lanca-a-temporada-de-verao-no-mercado-brasileiro-com-cinco-frequencias-semanais-entre-roma-e-sao-paulo\\\/#respond\"]}]},{\"@type\":\"WebPage\",\"@id\":\"https:\\\/\\\/www.cidademarketing.com.br\\\/marketing\\\/2022\\\/06\\\/22\\\/ita-airways-lanca-a-temporada-de-verao-no-mercado-brasileiro-com-cinco-frequencias-semanais-entre-roma-e-sao-paulo\\\/\",\"url\":\"https:\\\/\\\/www.cidademarketing.com.br\\\/marketing\\\/2022\\\/06\\\/22\\\/ita-airways-lanca-a-temporada-de-verao-no-mercado-brasileiro-com-cinco-frequencias-semanais-entre-roma-e-sao-paulo\\\/\",\"name\":\"ITA Airways lan\u00e7a a temporada de ver\u00e3o no mercado brasileiro com cinco frequ\u00eancias semanais entre Roma e S\u00e3o Paulo - CidadeMarketing\",\"isPartOf\":{\"@id\":\"https:\\\/\\\/www.cidademarketing.com.br\\\/marketing\\\/#website\"},\"primaryImageOfPage\":{\"@id\":\"https:\\\/\\\/www.cidademarketing.com.br\\\/marketing\\\/2022\\\/06\\\/22\\\/ita-airways-lanca-a-temporada-de-verao-no-mercado-brasileiro-com-cinco-frequencias-semanais-entre-roma-e-sao-paulo\\\/#primaryimage\"},\"image\":{\"@id\":\"https:\\\/\\\/www.cidademarketing.com.br\\\/marketing\\\/2022\\\/06\\\/22\\\/ita-airways-lanca-a-temporada-de-verao-no-mercado-brasileiro-com-cinco-frequencias-semanais-entre-roma-e-sao-paulo\\\/#primaryimage\"},\"thumbnailUrl\":\"https:\\\/\\\/www.cidademarketing.com.br\\\/marketing\\\/wp-content\\\/uploads\\\/2022\\\/06\\\/ita_airways.jpg\",\"datePublished\":\"2022-06-22T13:57:01+00:00\",\"breadcrumb\":{\"@id\":\"https:\\\/\\\/www.cidademarketing.com.br\\\/marketing\\\/2022\\\/06\\\/22\\\/ita-airways-lanca-a-temporada-de-verao-no-mercado-brasileiro-com-cinco-frequencias-semanais-entre-roma-e-sao-paulo\\\/#breadcrumb\"},\"inLanguage\":\"pt-BR\",\"potentialAction\":[{\"@type\":\"ReadAction\",\"target\":[\"https:\\\/\\\/www.cidademarketing.com.br\\\/marketing\\\/2022\\\/06\\\/22\\\/ita-airways-lanca-a-temporada-de-verao-no-mercado-brasileiro-com-cinco-frequencias-semanais-entre-roma-e-sao-paulo\\\/\"]}]},{\"@type\":\"ImageObject\",\"inLanguage\":\"pt-BR\",\"@id\":\"https:\\\/\\\/www.cidademarketing.com.br\\\/marketing\\\/2022\\\/06\\\/22\\\/ita-airways-lanca-a-temporada-de-verao-no-mercado-brasileiro-com-cinco-frequencias-semanais-entre-roma-e-sao-paulo\\\/#primaryimage\",\"url\":\"https:\\\/\\\/www.cidademarketing.com.br\\\/marketing\\\/wp-content\\\/uploads\\\/2022\\\/06\\\/ita_airways.jpg\",\"contentUrl\":\"https:\\\/\\\/www.cidademarketing.com.br\\\/marketing\\\/wp-content\\\/uploads\\\/2022\\\/06\\\/ita_airways.jpg\",\"width\":840,\"height\":296,\"caption\":\"Divulga\u00e7\u00e3o\"},{\"@type\":\"BreadcrumbList\",\"@id\":\"https:\\\/\\\/www.cidademarketing.com.br\\\/marketing\\\/2022\\\/06\\\/22\\\/ita-airways-lanca-a-temporada-de-verao-no-mercado-brasileiro-com-cinco-frequencias-semanais-entre-roma-e-sao-paulo\\\/#breadcrumb\",\"itemListElement\":[{\"@type\":\"ListItem\",\"position\":1,\"name\":\"In\u00edcio\",\"item\":\"https:\\\/\\\/www.cidademarketing.com.br\\\/marketing\\\/\"},{\"@type\":\"ListItem\",\"position\":2,\"name\":\"ITA Airways lan\u00e7a a temporada de ver\u00e3o no mercado brasileiro com cinco frequ\u00eancias semanais entre Roma e S\u00e3o Paulo\"}]},{\"@type\":\"WebSite\",\"@id\":\"https:\\\/\\\/www.cidademarketing.com.br\\\/marketing\\\/#website\",\"url\":\"https:\\\/\\\/www.cidademarketing.com.br\\\/marketing\\\/\",\"name\":\"CidadeMarketing\",\"description\":\"Somos um ve\u00edculo de comunica\u00e7\u00e3o de destaque no Brasil, reconhecido por conte\u00fados nos segmentos de marketing, empreendedorismo e inova\u00e7\u00e3o.\",\"publisher\":{\"@id\":\"https:\\\/\\\/www.cidademarketing.com.br\\\/marketing\\\/#organization\"},\"alternateName\":\"CidadeMarketing\",\"potentialAction\":[{\"@type\":\"SearchAction\",\"target\":{\"@type\":\"EntryPoint\",\"urlTemplate\":\"https:\\\/\\\/www.cidademarketing.com.br\\\/marketing\\\/?s={search_term_string}\"},\"query-input\":{\"@type\":\"PropertyValueSpecification\",\"valueRequired\":true,\"valueName\":\"search_term_string\"}}],\"inLanguage\":\"pt-BR\"},{\"@type\":\"Organization\",\"@id\":\"https:\\\/\\\/www.cidademarketing.com.br\\\/marketing\\\/#organization\",\"name\":\"CidadeMarketing\",\"alternateName\":\"CidadeMarketing\",\"url\":\"https:\\\/\\\/www.cidademarketing.com.br\\\/marketing\\\/\",\"logo\":{\"@type\":\"ImageObject\",\"inLanguage\":\"pt-BR\",\"@id\":\"https:\\\/\\\/www.cidademarketing.com.br\\\/marketing\\\/#\\\/schema\\\/logo\\\/image\\\/\",\"url\":\"https:\\\/\\\/www.cidademarketing.com.br\\\/marketing\\\/wp-content\\\/uploads\\\/2020\\\/01\\\/cidademarketing_marca_mobile.png\",\"contentUrl\":\"https:\\\/\\\/www.cidademarketing.com.br\\\/marketing\\\/wp-content\\\/uploads\\\/2020\\\/01\\\/cidademarketing_marca_mobile.png\",\"width\":230,\"height\":92,\"caption\":\"CidadeMarketing\"},\"image\":{\"@id\":\"https:\\\/\\\/www.cidademarketing.com.br\\\/marketing\\\/#\\\/schema\\\/logo\\\/image\\\/\"},\"sameAs\":[\"https:\\\/\\\/www.facebook.com\\\/portalcidademarketing\",\"https:\\\/\\\/x.com\\\/CidadeMarketing\",\"https:\\\/\\\/www.instagram.com\\\/cidademarketing\\\/\"]},{\"@type\":\"Person\",\"@id\":\"https:\\\/\\\/www.cidademarketing.com.br\\\/marketing\\\/#\\\/schema\\\/person\\\/02daff9f18bd9378c9e01eb6b2db155f\",\"name\":\"Thales Brand\u00e3o\",\"image\":{\"@type\":\"ImageObject\",\"inLanguage\":\"pt-BR\",\"@id\":\"https:\\\/\\\/secure.gravatar.com\\\/avatar\\\/7ca3206950207cc3cb48feec56a8a7898741ab725c368d99d5d7a5a50aab80c6?s=96&d=mm&r=g\",\"url\":\"https:\\\/\\\/secure.gravatar.com\\\/avatar\\\/7ca3206950207cc3cb48feec56a8a7898741ab725c368d99d5d7a5a50aab80c6?s=96&d=mm&r=g\",\"contentUrl\":\"https:\\\/\\\/secure.gravatar.com\\\/avatar\\\/7ca3206950207cc3cb48feec56a8a7898741ab725c368d99d5d7a5a50aab80c6?s=96&d=mm&r=g\",\"caption\":\"Thales Brand\u00e3o\"},\"description\":\"Editor Executivo do Portal CidadeMarketing.com.br &gt; Mestre em Comunica\u00e7\u00e3o e Sociedade pela Universidade Federal de Sergipe. Possui MBA Executivo em Administra\u00e7\u00e3o com \u00eanfase em Marketing pela Funda\u00e7\u00e3o Get\u00falio Vargas - Rio de Janeiro. Consultor, Palestrante e Pesquisador sobre Empreendedorismo, Marketing, Redes Sociais e Neg\u00f3cios Digitais. Professor, Palestrante TedxTalks e Campus Party. Twitter: @ThalesBrandao\",\"sameAs\":[\"http:\\\/\\\/www.mandacaru.com.br\",\"https:\\\/\\\/www.facebook.com\\\/thalesbrandao\",\"http:\\\/\\\/www.instagram.com.br\\\/thalesbrandaoferreira\",\"https:\\\/\\\/www.linkedin.com\\\/in\\\/thales-brand\u00e3o-3948609\\\/\",\"https:\\\/\\\/x.com\\\/http:\\\/\\\/www.twitter.com\\\/thalesbrandao\"],\"url\":\"https:\\\/\\\/www.cidademarketing.com.br\\\/marketing\\\/author\\\/thalesbrandao\\\/\"}]}<\/script>\n<!-- \/ Yoast SEO plugin. -->","yoast_head_json":{"title":"ITA Airways lan\u00e7a a temporada de ver\u00e3o no mercado brasileiro com cinco frequ\u00eancias semanais entre Roma e S\u00e3o Paulo - CidadeMarketing","robots":{"index":"index","follow":"follow","max-snippet":"max-snippet:-1","max-image-preview":"max-image-preview:large","max-video-preview":"max-video-preview:-1"},"canonical":"https:\/\/www.cidademarketing.com.br\/marketing\/2022\/06\/22\/ita-airways-lanca-a-temporada-de-verao-no-mercado-brasileiro-com-cinco-frequencias-semanais-entre-roma-e-sao-paulo\/","og_locale":"pt_BR","og_type":"article","og_title":"ITA Airways lan\u00e7a a temporada de ver\u00e3o no mercado brasileiro com cinco frequ\u00eancias semanais entre Roma e S\u00e3o Paulo - CidadeMarketing","og_description":"A ITA Airways, a nova companhia a\u00e9rea nacional italiana, apresentou aos representantes da imprensa brasileira e parceiros de neg\u00f3cios do mercado a temporada de ver\u00e3o 2022 da Companhia com suas novas conex\u00f5es. O evento aconteceu no Carat Restaurant &amp; Lounge em S\u00e3o Paulo e foi representado por Pierfrancesco Carino, Vice-Presidente de Vendas Internacionais, Tommaso Fumelli, [&hellip;]","og_url":"https:\/\/www.cidademarketing.com.br\/marketing\/2022\/06\/22\/ita-airways-lanca-a-temporada-de-verao-no-mercado-brasileiro-com-cinco-frequencias-semanais-entre-roma-e-sao-paulo\/","og_site_name":"CidadeMarketing","article_publisher":"https:\/\/www.facebook.com\/portalcidademarketing","article_author":"https:\/\/www.facebook.com\/thalesbrandao","article_published_time":"2022-06-22T13:57:01+00:00","og_image":[{"width":840,"height":296,"url":"https:\/\/www.cidademarketing.com.br\/marketing\/wp-content\/uploads\/2022\/06\/ita_airways.jpg","type":"image\/jpeg"}],"author":"Thales Brand\u00e3o","twitter_card":"summary_large_image","twitter_creator":"@http:\/\/www.twitter.com\/thalesbrandao","twitter_site":"@CidadeMarketing","twitter_misc":{"Escrito por":"Thales Brand\u00e3o","Est. tempo de leitura":"5 minutos"},"schema":{"@context":"https:\/\/schema.org","@graph":[{"@type":"Article","@id":"https:\/\/www.cidademarketing.com.br\/marketing\/2022\/06\/22\/ita-airways-lanca-a-temporada-de-verao-no-mercado-brasileiro-com-cinco-frequencias-semanais-entre-roma-e-sao-paulo\/#article","isPartOf":{"@id":"https:\/\/www.cidademarketing.com.br\/marketing\/2022\/06\/22\/ita-airways-lanca-a-temporada-de-verao-no-mercado-brasileiro-com-cinco-frequencias-semanais-entre-roma-e-sao-paulo\/"},"author":{"name":"Thales Brand\u00e3o","@id":"https:\/\/www.cidademarketing.com.br\/marketing\/#\/schema\/person\/02daff9f18bd9378c9e01eb6b2db155f"},"headline":"ITA Airways lan\u00e7a a temporada de ver\u00e3o no mercado brasileiro com cinco frequ\u00eancias semanais entre Roma e S\u00e3o Paulo","datePublished":"2022-06-22T13:57:01+00:00","mainEntityOfPage":{"@id":"https:\/\/www.cidademarketing.com.br\/marketing\/2022\/06\/22\/ita-airways-lanca-a-temporada-de-verao-no-mercado-brasileiro-com-cinco-frequencias-semanais-entre-roma-e-sao-paulo\/"},"wordCount":1066,"commentCount":0,"publisher":{"@id":"https:\/\/www.cidademarketing.com.br\/marketing\/#organization"},"image":{"@id":"https:\/\/www.cidademarketing.com.br\/marketing\/2022\/06\/22\/ita-airways-lanca-a-temporada-de-verao-no-mercado-brasileiro-com-cinco-frequencias-semanais-entre-roma-e-sao-paulo\/#primaryimage"},"thumbnailUrl":"https:\/\/www.cidademarketing.com.br\/marketing\/wp-content\/uploads\/2022\/06\/ita_airways.jpg","keywords":["campanha","comunica\u00e7\u00e3o","estrat\u00e9gia","ITA Airways","marketing","relacionamento"],"articleSection":["Not\u00edcias"],"inLanguage":"pt-BR","potentialAction":[{"@type":"CommentAction","name":"Comment","target":["https:\/\/www.cidademarketing.com.br\/marketing\/2022\/06\/22\/ita-airways-lanca-a-temporada-de-verao-no-mercado-brasileiro-com-cinco-frequencias-semanais-entre-roma-e-sao-paulo\/#respond"]}]},{"@type":"WebPage","@id":"https:\/\/www.cidademarketing.com.br\/marketing\/2022\/06\/22\/ita-airways-lanca-a-temporada-de-verao-no-mercado-brasileiro-com-cinco-frequencias-semanais-entre-roma-e-sao-paulo\/","url":"https:\/\/www.cidademarketing.com.br\/marketing\/2022\/06\/22\/ita-airways-lanca-a-temporada-de-verao-no-mercado-brasileiro-com-cinco-frequencias-semanais-entre-roma-e-sao-paulo\/","name":"ITA Airways lan\u00e7a a temporada de ver\u00e3o no mercado brasileiro com cinco frequ\u00eancias semanais entre Roma e S\u00e3o Paulo - CidadeMarketing","isPartOf":{"@id":"https:\/\/www.cidademarketing.com.br\/marketing\/#website"},"primaryImageOfPage":{"@id":"https:\/\/www.cidademarketing.com.br\/marketing\/2022\/06\/22\/ita-airways-lanca-a-temporada-de-verao-no-mercado-brasileiro-com-cinco-frequencias-semanais-entre-roma-e-sao-paulo\/#primaryimage"},"image":{"@id":"https:\/\/www.cidademarketing.com.br\/marketing\/2022\/06\/22\/ita-airways-lanca-a-temporada-de-verao-no-mercado-brasileiro-com-cinco-frequencias-semanais-entre-roma-e-sao-paulo\/#primaryimage"},"thumbnailUrl":"https:\/\/www.cidademarketing.com.br\/marketing\/wp-content\/uploads\/2022\/06\/ita_airways.jpg","datePublished":"2022-06-22T13:57:01+00:00","breadcrumb":{"@id":"https:\/\/www.cidademarketing.com.br\/marketing\/2022\/06\/22\/ita-airways-lanca-a-temporada-de-verao-no-mercado-brasileiro-com-cinco-frequencias-semanais-entre-roma-e-sao-paulo\/#breadcrumb"},"inLanguage":"pt-BR","potentialAction":[{"@type":"ReadAction","target":["https:\/\/www.cidademarketing.com.br\/marketing\/2022\/06\/22\/ita-airways-lanca-a-temporada-de-verao-no-mercado-brasileiro-com-cinco-frequencias-semanais-entre-roma-e-sao-paulo\/"]}]},{"@type":"ImageObject","inLanguage":"pt-BR","@id":"https:\/\/www.cidademarketing.com.br\/marketing\/2022\/06\/22\/ita-airways-lanca-a-temporada-de-verao-no-mercado-brasileiro-com-cinco-frequencias-semanais-entre-roma-e-sao-paulo\/#primaryimage","url":"https:\/\/www.cidademarketing.com.br\/marketing\/wp-content\/uploads\/2022\/06\/ita_airways.jpg","contentUrl":"https:\/\/www.cidademarketing.com.br\/marketing\/wp-content\/uploads\/2022\/06\/ita_airways.jpg","width":840,"height":296,"caption":"Divulga\u00e7\u00e3o"},{"@type":"BreadcrumbList","@id":"https:\/\/www.cidademarketing.com.br\/marketing\/2022\/06\/22\/ita-airways-lanca-a-temporada-de-verao-no-mercado-brasileiro-com-cinco-frequencias-semanais-entre-roma-e-sao-paulo\/#breadcrumb","itemListElement":[{"@type":"ListItem","position":1,"name":"In\u00edcio","item":"https:\/\/www.cidademarketing.com.br\/marketing\/"},{"@type":"ListItem","position":2,"name":"ITA Airways lan\u00e7a a temporada de ver\u00e3o no mercado brasileiro com cinco frequ\u00eancias semanais entre Roma e S\u00e3o Paulo"}]},{"@type":"WebSite","@id":"https:\/\/www.cidademarketing.com.br\/marketing\/#website","url":"https:\/\/www.cidademarketing.com.br\/marketing\/","name":"CidadeMarketing","description":"Somos um ve\u00edculo de comunica\u00e7\u00e3o de destaque no Brasil, reconhecido por conte\u00fados nos segmentos de marketing, empreendedorismo e inova\u00e7\u00e3o.","publisher":{"@id":"https:\/\/www.cidademarketing.com.br\/marketing\/#organization"},"alternateName":"CidadeMarketing","potentialAction":[{"@type":"SearchAction","target":{"@type":"EntryPoint","urlTemplate":"https:\/\/www.cidademarketing.com.br\/marketing\/?s={search_term_string}"},"query-input":{"@type":"PropertyValueSpecification","valueRequired":true,"valueName":"search_term_string"}}],"inLanguage":"pt-BR"},{"@type":"Organization","@id":"https:\/\/www.cidademarketing.com.br\/marketing\/#organization","name":"CidadeMarketing","alternateName":"CidadeMarketing","url":"https:\/\/www.cidademarketing.com.br\/marketing\/","logo":{"@type":"ImageObject","inLanguage":"pt-BR","@id":"https:\/\/www.cidademarketing.com.br\/marketing\/#\/schema\/logo\/image\/","url":"https:\/\/www.cidademarketing.com.br\/marketing\/wp-content\/uploads\/2020\/01\/cidademarketing_marca_mobile.png","contentUrl":"https:\/\/www.cidademarketing.com.br\/marketing\/wp-content\/uploads\/2020\/01\/cidademarketing_marca_mobile.png","width":230,"height":92,"caption":"CidadeMarketing"},"image":{"@id":"https:\/\/www.cidademarketing.com.br\/marketing\/#\/schema\/logo\/image\/"},"sameAs":["https:\/\/www.facebook.com\/portalcidademarketing","https:\/\/x.com\/CidadeMarketing","https:\/\/www.instagram.com\/cidademarketing\/"]},{"@type":"Person","@id":"https:\/\/www.cidademarketing.com.br\/marketing\/#\/schema\/person\/02daff9f18bd9378c9e01eb6b2db155f","name":"Thales Brand\u00e3o","image":{"@type":"ImageObject","inLanguage":"pt-BR","@id":"https:\/\/secure.gravatar.com\/avatar\/7ca3206950207cc3cb48feec56a8a7898741ab725c368d99d5d7a5a50aab80c6?s=96&d=mm&r=g","url":"https:\/\/secure.gravatar.com\/avatar\/7ca3206950207cc3cb48feec56a8a7898741ab725c368d99d5d7a5a50aab80c6?s=96&d=mm&r=g","contentUrl":"https:\/\/secure.gravatar.com\/avatar\/7ca3206950207cc3cb48feec56a8a7898741ab725c368d99d5d7a5a50aab80c6?s=96&d=mm&r=g","caption":"Thales Brand\u00e3o"},"description":"Editor Executivo do Portal CidadeMarketing.com.br &gt; Mestre em Comunica\u00e7\u00e3o e Sociedade pela Universidade Federal de Sergipe. Possui MBA Executivo em Administra\u00e7\u00e3o com \u00eanfase em Marketing pela Funda\u00e7\u00e3o Get\u00falio Vargas - Rio de Janeiro. Consultor, Palestrante e Pesquisador sobre Empreendedorismo, Marketing, Redes Sociais e Neg\u00f3cios Digitais. Professor, Palestrante TedxTalks e Campus Party. Twitter: @ThalesBrandao","sameAs":["http:\/\/www.mandacaru.com.br","https:\/\/www.facebook.com\/thalesbrandao","http:\/\/www.instagram.com.br\/thalesbrandaoferreira","https:\/\/www.linkedin.com\/in\/thales-brand\u00e3o-3948609\/","https:\/\/x.com\/http:\/\/www.twitter.com\/thalesbrandao"],"url":"https:\/\/www.cidademarketing.com.br\/marketing\/author\/thalesbrandao\/"}]}},"amp_enabled":true,"_links":{"self":[{"href":"https:\/\/www.cidademarketing.com.br\/marketing\/wp-json\/wp\/v2\/posts\/36618","targetHints":{"allow":["GET"]}}],"collection":[{"href":"https:\/\/www.cidademarketing.com.br\/marketing\/wp-json\/wp\/v2\/posts"}],"about":[{"href":"https:\/\/www.cidademarketing.com.br\/marketing\/wp-json\/wp\/v2\/types\/post"}],"author":[{"embeddable":true,"href":"https:\/\/www.cidademarketing.com.br\/marketing\/wp-json\/wp\/v2\/users\/1"}],"replies":[{"embeddable":true,"href":"https:\/\/www.cidademarketing.com.br\/marketing\/wp-json\/wp\/v2\/comments?post=36618"}],"version-history":[{"count":1,"href":"https:\/\/www.cidademarketing.com.br\/marketing\/wp-json\/wp\/v2\/posts\/36618\/revisions"}],"predecessor-version":[{"id":36620,"href":"https:\/\/www.cidademarketing.com.br\/marketing\/wp-json\/wp\/v2\/posts\/36618\/revisions\/36620"}],"wp:featuredmedia":[{"embeddable":true,"href":"https:\/\/www.cidademarketing.com.br\/marketing\/wp-json\/wp\/v2\/media\/36619"}],"wp:attachment":[{"href":"https:\/\/www.cidademarketing.com.br\/marketing\/wp-json\/wp\/v2\/media?parent=36618"}],"wp:term":[{"taxonomy":"category","embeddable":true,"href":"https:\/\/www.cidademarketing.com.br\/marketing\/wp-json\/wp\/v2\/categories?post=36618"},{"taxonomy":"post_tag","embeddable":true,"href":"https:\/\/www.cidademarketing.com.br\/marketing\/wp-json\/wp\/v2\/tags?post=36618"}],"curies":[{"name":"wp","href":"https:\/\/api.w.org\/{rel}","templated":true}]}}