{"id":36511,"date":"2022-06-14T09:04:18","date_gmt":"2022-06-14T12:04:18","guid":{"rendered":"https:\/\/www.cidademarketing.com.br\/marketing\/?p=36511"},"modified":"2022-06-14T09:04:18","modified_gmt":"2022-06-14T12:04:18","slug":"mercado-livre-discute-inclusao-da-comunidade-lgbtqia-na-musica-com-a-campanha-mais-uma-voz","status":"publish","type":"post","link":"https:\/\/www.cidademarketing.com.br\/marketing\/2022\/06\/14\/mercado-livre-discute-inclusao-da-comunidade-lgbtqia-na-musica-com-a-campanha-mais-uma-voz\/","title":{"rendered":"Mercado Livre discute inclus\u00e3o da comunidade LGBTQIA+ na m\u00fasica com a campanha Mais uma Voz"},"content":{"rendered":"<p><iframe style=\"border-radius: 12px;\" src=\"https:\/\/open.spotify.com\/embed\/show\/4khMKzP3FgFRWVwb73xicc?utm_source=generator&amp;t=0\" width=\"100%\" height=\"232\" frameborder=\"0\" allowfullscreen=\"allowfullscreen\"><\/iframe><br \/>\nQuantos artistas LGBTQIA+ est\u00e3o nos top 10 das m\u00fasicas mais ouvidas nos apps de streaming? \u00c9 poss\u00edvel encontrar talentos de todos os estilos musicais nestas listas? A fim de dar visibilidade para esta reflex\u00e3o e apoiar a representatividade da comunidade LGBTQA+ na m\u00fasica brasileira, o Mercado Livre apresenta a campanha Mais uma Voz.<\/p>\n<p>&nbsp;<\/p>\n<p>Na a\u00e7\u00e3o, a artista &#8211; que entre outros grandes feitos foi a primeira drag queen a se apresentar no palco do Coachella, um dos principais festivais de m\u00fasica do mundo &#8211; vai convidar novos talentos LGBTQIA+ a cantarem com ela no m\u00eas do Orgulho. Para isso, os artistas independentes devem acessar o site da campanha e baixar um pack musical (<a href=\"http:\/\/www.mercadolivre.com.br\/featstore\" target=\"_blank\" rel=\"noopener\">www.mercadolivre.com.br\/featstore<\/a>), com o qual \u00e9 poss\u00edvel criar m\u00fasicas in\u00e9ditas, verdadeiros feats com Vittar. A partir disso, \u00e9 s\u00f3 compartilhar e espalhar #maisumavoz para todo mundo.<\/p>\n<p>&nbsp;<\/p>\n<p>\u201cNo Mercado Livre, acreditamos que a diversidade impulsiona o progresso. Como a marca mais valiosa da Am\u00e9rica Latina, com mais de 80 milh\u00f5es de usu\u00e1rios, assumimos nosso papel com a responsabilidade de apoiar a pluralidade, amplificando a mensagem\u00a0 da comunidade por meio da for\u00e7a da nossa marca\u201d, enfatiza Thais Souza Nicolau, diretora de branding do Mercado Livre na Am\u00e9rica Latina. \u201cQueremos que novas vozes ocupem mais espa\u00e7os e se unam a grandes talentos da m\u00fasica brasileira que j\u00e1 v\u00eam na busca de fortalecimento e representatividade da comunidade LGBTQIA +. Acreditamos que apoiar esse movimento refor\u00e7a o nosso prop\u00f3sito de liderar o progresso para a sociedade\u201d, completa a executiva.<\/p>\n<p>&nbsp;<\/p>\n<p>Para a cantora Pabllo Vittar, dar luz a representatividade da comunidade LGBTQIA+ na m\u00fasica brasileira \u00e9 muito importante e necess\u00e1rio. \u201cAs minhas expectativas est\u00e3o altas. O Mercado Livre \u00e9 uma marca que realiza um trabalho incr\u00edvel e fico muito feliz de ver sua presen\u00e7a em a\u00e7\u00f5es junto a comunidade LGBTQIA+, todos os anos. Quando me fizeram essa proposta eu aceitei na hora, pois eu realmente acredito que as nossas vozes juntas podem fazer muita diferen\u00e7a. Mal posso esperar pra ver tanta gente talentosa junto de mim nesse feat!\u201d, enfatiza a cantora.<\/p>\n<p>&nbsp;<\/p>\n<p>Para ampliar a diversidade de talentos e sons, alguns feats criados e compartilhados nas redes sociais ser\u00e3o divulgados nas redes do Mercado Livre, a ideia \u00e9 mostrar a riqueza dos diferentes estilos musicais que s\u00e3o destaque no Brasil, como sertanejo, rap e pagode. \u201cAcreditamos que as diferen\u00e7as nos enriquecem e nos impulsionam a melhorar diariamente, e, assim como o Mercado Livre chega em todo o Brasil, com esta campanha, queremos que a variedade de estilos ocupem seus espa\u00e7os tamb\u00e9m\u201d, enfatiza Thais.<\/p>\n<p>&nbsp;<\/p>\n<p>H\u00e1 cinco anos, a marca atua em parceria com a \u2018Associa\u00e7\u00e3o da Parada do Orgulho LGBT de S\u00e3o Paulo\u2019 para contribuir e amplificar a voz da comunidade, trazendo visibilidade a essa jornada di\u00e1ria de luta, celebra\u00e7\u00e3o e reivindica\u00e7\u00f5es de direitos. \u201cEsta edi\u00e7\u00e3o ser\u00e1 mais uma oportunidade para apoiarmos e mostrarmos o quanto estamos comprometidos com a diversidade ao entender que cada letra da sigla LGBTQIA+ tem sua complexidade, import\u00e2ncia e sua luta\u201d, completa Thais.<\/p>\n<p>&nbsp;<\/p>\n<p>Criada pela GUT S\u00e3o Paulo, ag\u00eancia global independente, a campanha contar\u00e1 tamb\u00e9m com ativa\u00e7\u00f5es nas redes sociais com conte\u00fados de marketing de influ\u00eancia.<\/p>\n<p>&nbsp;<\/p>\n<p>Para Murilo Melo, ECD da Gut S\u00e3o Paulo, a campanha refor\u00e7a o trabalho consistente que vem sendo realizado pelo Mercado Livre de apoio \u00e0 causa: \u201cNos \u00faltimos tr\u00eas anos, criamos juntos iniciativas que se comunicaram com intencionalidade e verdade com a comunidade. J\u00e1 existe um canal de di\u00e1logo aberto entre esse p\u00fablico e a marca. Para 2022 buscamos ideias que, al\u00e9m de refor\u00e7ar o apoio, possam celebrar as conquistas\u201d finaliza.<\/p>\n<div class=\"youtube-embed\" data-video_id=\"Zd-ka1bsRro\"><iframe title=\"Feat Store |  Voc\u00ea feat. Pabllo Vittar. #MaisUmaVoz\" width=\"640\" height=\"360\" src=\"https:\/\/www.youtube.com\/embed\/Zd-ka1bsRro?feature=oembed&#038;enablejsapi=1\" frameborder=\"0\" allow=\"accelerometer; autoplay; clipboard-write; encrypted-media; gyroscope; picture-in-picture; web-share\" referrerpolicy=\"strict-origin-when-cross-origin\" allowfullscreen><\/iframe><\/div>\n<p>&nbsp;<\/p>\n<p><strong><u>Sobre a GUT S\u00e3o Paulo<\/u><\/strong><\/p>\n<p>A GUT \u00e9 mais que uma ag\u00eancia de publicidade. \u00c9 um espa\u00e7o que respira criatividade, inova\u00e7\u00e3o e vontade de se comunicar com prop\u00f3sito. Fundada em 2019 pelos publicit\u00e1rios Anselmo Ramos e Gast\u00f3n Bigio, a GUT \u00e9 focada na cria\u00e7\u00e3o e execu\u00e7\u00e3o de campanhas arrojadas, com forte potencial de viralizar e gerar conversas. Dentre seus principais clientes est\u00e3o Porto Seguro, Mercado Livre, Mercado Pago, Skol, Nestl\u00e9, Quinto Andar, entre muitos outros.<\/p>\n<p><strong>\u00a0<\/strong><\/p>\n<p><strong>Sobre o Mercado Livre<\/strong><\/p>\n<p>O Mercado Livre \u00e9 a companhia l\u00edder em tecnologia para e-commerce e servi\u00e7os financeiros na Am\u00e9rica Latina, que oferece solu\u00e7\u00f5es para que pessoas e empresas possam comprar, vender, pagar, anunciar e enviar produtos e servi\u00e7os por meio da internet. Al\u00e9m da plataforma de e-commerce e da fintech Mercado Pago, a empresa conta com as seguintes \u00e1reas de neg\u00f3cios: Mercado Envios, Mercado Livre VIS (Ve\u00edculos, Im\u00f3veis e Servi\u00e7os), Mercado Ads e Mercado Shops. Maior e mais completo marketplace da Am\u00e9rica Latina, o Mercado Livre tem mais de 80 milh\u00f5es de usu\u00e1rios ativos, sendo mais de 11 milh\u00f5es de vendedores \u00fanicos, incluindo grandes marcas, alcan\u00e7ando 34 vendas por segundo. J\u00e1 o Mercado Pago, com mais de 36 milh\u00f5es de usu\u00e1rios ativos, oferece uma plataforma completa de tecnologia financeira com conta gratuita, solu\u00e7\u00f5es de pagamento e cr\u00e9dito. Fundado em 1999 e presente em 18 pa\u00edses, o Mercado Livre est\u00e1 dentre as 10 melhores empresas para trabalhar no Brasil, sendo a melhor para as mulheres no pa\u00eds, e dentre as 4 melhores da Am\u00e9rica Latina.<\/p>\n<p>&nbsp;<\/p>\n<p>&nbsp;<\/p>\n<p><strong>Ficha T\u00e9cnica<\/strong><\/p>\n<p><strong>Age\u0302ncia: <\/strong>GUT S\u00e3o Paulo<\/p>\n<p><strong>Anunciante:<\/strong> Mercado Livre<\/p>\n<p><strong>Produto: <\/strong>Institucional<\/p>\n<p><strong>Ti\u0301tulo:<\/strong> Mais uma Voz<\/p>\n<p><strong>Dura\u00e7\u00e3o:<\/strong> 25\u201d, 2&#215;6\u201d<\/p>\n<p><strong>Territ\u00f3rio: <\/strong>Brasil<\/p>\n<p><strong>ECD: <\/strong>Bruno Brux e Murilo Melo<\/p>\n<p><strong>Creative Director<\/strong>: Tiago Abreu<\/p>\n<p><strong>ACD: <\/strong>Gabriela Marcatto e Pedro Rosas<\/p>\n<p><strong>Creatives:<\/strong> Gabriela Marcatto, Pedro Rosas, Vitor Chagas, Julia Mota, Lucas Adam, Rainor Marinho, Murilo Santos, Sofia Calvit e Juliana Utsch.<\/p>\n<p><strong>Managing Director:<\/strong> Val\u00e9ria Barone<\/p>\n<p><strong>Head of Account: <\/strong>Alessandra Visintainer<\/p>\n<p><strong>Regional Account Director:<\/strong> Natalia Noya<\/p>\n<p><strong>Account Director:<\/strong> Raphaela Guillen<\/p>\n<p><strong>Account Manager<\/strong>: Isadora Guz<\/p>\n<p><strong>Account Supervisor<\/strong>: Mateus Carvalho<\/p>\n<p><strong>Head of Strategy:<\/strong> Amanda Agostini<\/p>\n<p><strong>Strategy Director<\/strong>: Mercedes Barusso<\/p>\n<p><strong>Strategy Manager:<\/strong> Bruno Facundes<\/p>\n<p><strong>Strategist: <\/strong>B\u00e1rbara Reis<\/p>\n<p><strong>Head of Content:<\/strong> Patricia Moura<\/p>\n<p><strong>Social Strategy:<\/strong> Bruce Vital, Paula Bai\u00e3o, Isabella Ribeiro<\/p>\n<p><strong>Head of Media &amp; Data:<\/strong> Guilherme Cavalcante<\/p>\n<p><strong>Media: <\/strong>Douglas Silveira, Laura Cardeal, Paola Bastos, Caio Melo, Jackson Sousa<\/p>\n<p><strong>Head of Operation:<\/strong> Mariane Goebel<\/p>\n<p><strong>Head of Production: <\/strong>Julia Ramos<\/p>\n<p><strong>Production Manager<\/strong>: Fab\u00edola Camilo<\/p>\n<p><strong>Production Assistant:<\/strong> Yris Franco<\/p>\n<p><strong>Edi\u00e7\u00e3o e Motion:<\/strong> Cesar Macedo<\/p>\n<p>&nbsp;<\/p>\n<p><strong>Produtora de imagem: <\/strong>Dogs Can Fly<\/p>\n<p><strong>Dire\u00e7\u00e3o: <\/strong>Gaba (Elisa Brites e Lucas Romano)<\/p>\n<p><strong>Diretor Executivo:<\/strong> Thiago Balma<\/p>\n<p><strong>Produtor Executivo: <\/strong>Ricardo Whately<\/p>\n<p><strong>Head de Publicidade: <\/strong>Claudio Tolentino<\/p>\n<p><strong>Ger\u00eancia de Projetos:<\/strong> Niry Usha<\/p>\n<p><strong>Assistente de Projetos:<\/strong> Luja Casaro e Filippi Mazutti<\/p>\n<p><strong>Coordena\u00e7\u00e3o de produ\u00e7\u00e3o:<\/strong> Gabriel Nogueira<\/p>\n<p><strong>Assistente de Dire\u00e7\u00e3o:<\/strong> Adriana Foureaux<\/p>\n<p><strong>Dire\u00e7\u00e3o de Fotografia: <\/strong>Roberto Riva<\/p>\n<p><strong>Diretora de produ\u00e7\u00e3o: <\/strong>Roberta Per\u00f4nico<\/p>\n<p><strong>Producer (Holanda): <\/strong>Melvin Kant<\/p>\n<p><strong>Production Manager (Holanda):<\/strong> William Griffioen<\/p>\n<p><strong>1st AD (Holanda): <\/strong>Thomas Rohde<\/p>\n<p><strong>Director of Photography (Holanda):<\/strong> Tim Kerbosch<\/p>\n<p><strong>Coordena\u00e7\u00e3o de p\u00f3s-produ\u00e7\u00e3o: <\/strong>Paula Oliveira Solano<\/p>\n<p><strong>Montagem:<\/strong> Lucas Serafim<\/p>\n<p><strong>Finalizador: <\/strong>Adriano Pedreira<\/p>\n<p><strong>Finaliza\u00e7\u00e3o: <\/strong>Dogs Can Fly<\/p>\n<p>&nbsp;<\/p>\n<p><strong>Produtora de \u00e1udio: <\/strong>Pingado Audio<\/p>\n<p><strong>Dire\u00e7\u00e3o Musical: <\/strong>Will Bone<\/p>\n<p><strong>\u200b\u200bProdu\u00e7\u00e3o Musical:<\/strong> Vitor Zafer<\/p>\n<p><strong>Finaliza\u00e7\u00e3o:<\/strong> Lucas Weingaertner<\/p>\n<p><strong>Coordenador de Produ\u00e7\u00e3o:<\/strong> Jo\u00e3o Pedro Juknevicius<\/p>\n<p><strong>Produ\u00e7\u00e3o de Casting:<\/strong> Jo\u00e3o Pedro Juknevicius e Veridiana Toledo<\/p>\n<p><strong>Atendimento:<\/strong> Guilhermina de Paula e Lu Novelli<\/p>\n<p>&nbsp;<\/p>\n<p>Equipe da Artista Pabllo Vittar<\/p>\n<p><strong>Produ\u00e7\u00e3o Musica &#8220;Mais uma voz&#8221;:<\/strong> Rodrigo Gorky, Zebu e Maffalda<\/p>\n<p><strong>Empres\u00e1rio:<\/strong> Leocadio Rezende, Yan Hayashi e Rodrigo Gorky<\/p>\n<p><strong>Produtora:<\/strong> Aline Moreira e Gabriela Fernandes<\/p>\n<p><strong>Hair Stylist:<\/strong> Thereza Brown<\/p>\n<p><strong>Lace:<\/strong> Sidney Sales<\/p>\n<p><strong>Stylist:<\/strong> Vitor Moreira<\/p>\n<p><strong>Produ\u00e7\u00e3o de Moda (S\u00e3o Paulo):<\/strong> Cleber Chiliano<\/p>\n<p><strong>Produ\u00e7\u00e3o de Moda (Londres):<\/strong> Ana Travagin<\/p>\n<p><strong>Dire\u00e7\u00e3o de movimento:<\/strong> Jessi Muller<\/p>\n<p><strong>Fot\u00f3grafo:<\/strong> Gabriel Renne<\/p>\n<p><strong>Dire\u00e7\u00e3o art\u00edstica: <\/strong>Mari Campos<br \/>\n<strong>Comercial: <\/strong>Raul Abr\u00e3o<\/p>\n<p><strong>Atendimento:<\/strong> Isabela Belli<\/p>\n<p>&nbsp;<\/p>\n<p><strong>Aprova\u00e7\u00e3o do cliente: \u00a0<\/strong>Louise Mckerrow<strong>, <\/strong>Thais Souza Nicolau, Nathalia Cavalcante Teixeira, Raffaella Martellini, Beatriz Sztamfater<\/p>\n<p><iframe style=\"width: 100%; max-width: 660px; overflow: hidden; background: transparent;\" src=\"https:\/\/embed.podcasts.apple.com\/br\/podcast\/podcast-cidademarketing\/id1371923283\" height=\"450\" frameborder=\"0\" sandbox=\"allow-forms allow-popups allow-same-origin allow-scripts allow-storage-access-by-user-activation allow-top-navigation-by-user-activation\"><\/iframe><\/p>\n","protected":false},"excerpt":{"rendered":"<p>Quantos artistas LGBTQIA+ est\u00e3o nos top 10 das m\u00fasicas mais ouvidas nos apps de streaming? \u00c9 poss\u00edvel encontrar talentos de todos os estilos musicais nestas listas? A fim de dar visibilidade para esta reflex\u00e3o e apoiar a representatividade da comunidade LGBTQA+ na m\u00fasica brasileira, o Mercado Livre apresenta a campanha Mais uma Voz. &nbsp; Na [&hellip;]<\/p>\n","protected":false},"author":1,"featured_media":36512,"comment_status":"open","ping_status":"open","sticky":false,"template":"","format":"standard","meta":{"tdm_status":"","tdm_grid_status":"","footnotes":""},"categories":[6],"tags":[65,33,28,1106,66],"class_list":["post-36511","post","type-post","status-publish","format-standard","has-post-thumbnail","hentry","category-noticias","tag-campanha","tag-estrategia","tag-marketing","tag-mercado-livre","tag-propaganda"],"yoast_head":"<!-- This site is optimized with the Yoast SEO plugin v27.5 - https:\/\/yoast.com\/product\/yoast-seo-wordpress\/ -->\n<title>Mercado Livre discute inclus\u00e3o da comunidade LGBTQIA+ na m\u00fasica com a campanha Mais uma Voz - CidadeMarketing<\/title>\n<meta name=\"robots\" content=\"index, follow, max-snippet:-1, max-image-preview:large, max-video-preview:-1\" \/>\n<link rel=\"canonical\" href=\"https:\/\/www.cidademarketing.com.br\/marketing\/2022\/06\/14\/mercado-livre-discute-inclusao-da-comunidade-lgbtqia-na-musica-com-a-campanha-mais-uma-voz\/\" \/>\n<meta property=\"og:locale\" content=\"pt_BR\" \/>\n<meta property=\"og:type\" content=\"article\" \/>\n<meta property=\"og:title\" content=\"Mercado Livre discute inclus\u00e3o da comunidade LGBTQIA+ na m\u00fasica com a campanha Mais uma Voz - CidadeMarketing\" \/>\n<meta property=\"og:description\" content=\"Quantos artistas LGBTQIA+ est\u00e3o nos top 10 das m\u00fasicas mais ouvidas nos apps de streaming? \u00c9 poss\u00edvel encontrar talentos de todos os estilos musicais nestas listas? A fim de dar visibilidade para esta reflex\u00e3o e apoiar a representatividade da comunidade LGBTQA+ na m\u00fasica brasileira, o Mercado Livre apresenta a campanha Mais uma Voz. &nbsp; Na [&hellip;]\" \/>\n<meta property=\"og:url\" content=\"https:\/\/www.cidademarketing.com.br\/marketing\/2022\/06\/14\/mercado-livre-discute-inclusao-da-comunidade-lgbtqia-na-musica-com-a-campanha-mais-uma-voz\/\" \/>\n<meta property=\"og:site_name\" content=\"CidadeMarketing\" \/>\n<meta property=\"article:publisher\" content=\"https:\/\/www.facebook.com\/portalcidademarketing\" \/>\n<meta property=\"article:author\" content=\"https:\/\/www.facebook.com\/thalesbrandao\" \/>\n<meta property=\"article:published_time\" content=\"2022-06-14T12:04:18+00:00\" \/>\n<meta property=\"og:image\" content=\"https:\/\/www.cidademarketing.com.br\/marketing\/wp-content\/uploads\/2022\/06\/FT-Store_01.jpg\" \/>\n\t<meta property=\"og:image:width\" content=\"1920\" \/>\n\t<meta property=\"og:image:height\" content=\"1080\" \/>\n\t<meta property=\"og:image:type\" content=\"image\/jpeg\" \/>\n<meta name=\"author\" content=\"Thales Brand\u00e3o\" \/>\n<meta name=\"twitter:card\" content=\"summary_large_image\" \/>\n<meta name=\"twitter:creator\" content=\"@http:\/\/www.twitter.com\/thalesbrandao\" \/>\n<meta name=\"twitter:site\" content=\"@CidadeMarketing\" \/>\n<meta name=\"twitter:label1\" content=\"Escrito por\" \/>\n\t<meta name=\"twitter:data1\" content=\"Thales Brand\u00e3o\" \/>\n\t<meta name=\"twitter:label2\" content=\"Est. tempo de leitura\" \/>\n\t<meta name=\"twitter:data2\" content=\"7 minutos\" \/>\n<script type=\"application\/ld+json\" class=\"yoast-schema-graph\">{\"@context\":\"https:\\\/\\\/schema.org\",\"@graph\":[{\"@type\":\"Article\",\"@id\":\"https:\\\/\\\/www.cidademarketing.com.br\\\/marketing\\\/2022\\\/06\\\/14\\\/mercado-livre-discute-inclusao-da-comunidade-lgbtqia-na-musica-com-a-campanha-mais-uma-voz\\\/#article\",\"isPartOf\":{\"@id\":\"https:\\\/\\\/www.cidademarketing.com.br\\\/marketing\\\/2022\\\/06\\\/14\\\/mercado-livre-discute-inclusao-da-comunidade-lgbtqia-na-musica-com-a-campanha-mais-uma-voz\\\/\"},\"author\":{\"name\":\"Thales Brand\u00e3o\",\"@id\":\"https:\\\/\\\/www.cidademarketing.com.br\\\/marketing\\\/#\\\/schema\\\/person\\\/02daff9f18bd9378c9e01eb6b2db155f\"},\"headline\":\"Mercado Livre discute inclus\u00e3o da comunidade LGBTQIA+ na m\u00fasica com a campanha Mais uma Voz\",\"datePublished\":\"2022-06-14T12:04:18+00:00\",\"mainEntityOfPage\":{\"@id\":\"https:\\\/\\\/www.cidademarketing.com.br\\\/marketing\\\/2022\\\/06\\\/14\\\/mercado-livre-discute-inclusao-da-comunidade-lgbtqia-na-musica-com-a-campanha-mais-uma-voz\\\/\"},\"wordCount\":1351,\"commentCount\":0,\"publisher\":{\"@id\":\"https:\\\/\\\/www.cidademarketing.com.br\\\/marketing\\\/#organization\"},\"image\":{\"@id\":\"https:\\\/\\\/www.cidademarketing.com.br\\\/marketing\\\/2022\\\/06\\\/14\\\/mercado-livre-discute-inclusao-da-comunidade-lgbtqia-na-musica-com-a-campanha-mais-uma-voz\\\/#primaryimage\"},\"thumbnailUrl\":\"https:\\\/\\\/www.cidademarketing.com.br\\\/marketing\\\/wp-content\\\/uploads\\\/2022\\\/06\\\/FT-Store_01.jpg\",\"keywords\":[\"campanha\",\"estrat\u00e9gia\",\"marketing\",\"Mercado Livre\",\"propaganda\"],\"articleSection\":[\"Not\u00edcias\"],\"inLanguage\":\"pt-BR\",\"potentialAction\":[{\"@type\":\"CommentAction\",\"name\":\"Comment\",\"target\":[\"https:\\\/\\\/www.cidademarketing.com.br\\\/marketing\\\/2022\\\/06\\\/14\\\/mercado-livre-discute-inclusao-da-comunidade-lgbtqia-na-musica-com-a-campanha-mais-uma-voz\\\/#respond\"]}]},{\"@type\":\"WebPage\",\"@id\":\"https:\\\/\\\/www.cidademarketing.com.br\\\/marketing\\\/2022\\\/06\\\/14\\\/mercado-livre-discute-inclusao-da-comunidade-lgbtqia-na-musica-com-a-campanha-mais-uma-voz\\\/\",\"url\":\"https:\\\/\\\/www.cidademarketing.com.br\\\/marketing\\\/2022\\\/06\\\/14\\\/mercado-livre-discute-inclusao-da-comunidade-lgbtqia-na-musica-com-a-campanha-mais-uma-voz\\\/\",\"name\":\"Mercado Livre discute inclus\u00e3o da comunidade LGBTQIA+ na m\u00fasica com a campanha Mais uma Voz - CidadeMarketing\",\"isPartOf\":{\"@id\":\"https:\\\/\\\/www.cidademarketing.com.br\\\/marketing\\\/#website\"},\"primaryImageOfPage\":{\"@id\":\"https:\\\/\\\/www.cidademarketing.com.br\\\/marketing\\\/2022\\\/06\\\/14\\\/mercado-livre-discute-inclusao-da-comunidade-lgbtqia-na-musica-com-a-campanha-mais-uma-voz\\\/#primaryimage\"},\"image\":{\"@id\":\"https:\\\/\\\/www.cidademarketing.com.br\\\/marketing\\\/2022\\\/06\\\/14\\\/mercado-livre-discute-inclusao-da-comunidade-lgbtqia-na-musica-com-a-campanha-mais-uma-voz\\\/#primaryimage\"},\"thumbnailUrl\":\"https:\\\/\\\/www.cidademarketing.com.br\\\/marketing\\\/wp-content\\\/uploads\\\/2022\\\/06\\\/FT-Store_01.jpg\",\"datePublished\":\"2022-06-14T12:04:18+00:00\",\"breadcrumb\":{\"@id\":\"https:\\\/\\\/www.cidademarketing.com.br\\\/marketing\\\/2022\\\/06\\\/14\\\/mercado-livre-discute-inclusao-da-comunidade-lgbtqia-na-musica-com-a-campanha-mais-uma-voz\\\/#breadcrumb\"},\"inLanguage\":\"pt-BR\",\"potentialAction\":[{\"@type\":\"ReadAction\",\"target\":[\"https:\\\/\\\/www.cidademarketing.com.br\\\/marketing\\\/2022\\\/06\\\/14\\\/mercado-livre-discute-inclusao-da-comunidade-lgbtqia-na-musica-com-a-campanha-mais-uma-voz\\\/\"]}]},{\"@type\":\"ImageObject\",\"inLanguage\":\"pt-BR\",\"@id\":\"https:\\\/\\\/www.cidademarketing.com.br\\\/marketing\\\/2022\\\/06\\\/14\\\/mercado-livre-discute-inclusao-da-comunidade-lgbtqia-na-musica-com-a-campanha-mais-uma-voz\\\/#primaryimage\",\"url\":\"https:\\\/\\\/www.cidademarketing.com.br\\\/marketing\\\/wp-content\\\/uploads\\\/2022\\\/06\\\/FT-Store_01.jpg\",\"contentUrl\":\"https:\\\/\\\/www.cidademarketing.com.br\\\/marketing\\\/wp-content\\\/uploads\\\/2022\\\/06\\\/FT-Store_01.jpg\",\"width\":1920,\"height\":1080},{\"@type\":\"BreadcrumbList\",\"@id\":\"https:\\\/\\\/www.cidademarketing.com.br\\\/marketing\\\/2022\\\/06\\\/14\\\/mercado-livre-discute-inclusao-da-comunidade-lgbtqia-na-musica-com-a-campanha-mais-uma-voz\\\/#breadcrumb\",\"itemListElement\":[{\"@type\":\"ListItem\",\"position\":1,\"name\":\"In\u00edcio\",\"item\":\"https:\\\/\\\/www.cidademarketing.com.br\\\/marketing\\\/\"},{\"@type\":\"ListItem\",\"position\":2,\"name\":\"Mercado Livre discute inclus\u00e3o da comunidade LGBTQIA+ na m\u00fasica com a campanha Mais uma Voz\"}]},{\"@type\":\"WebSite\",\"@id\":\"https:\\\/\\\/www.cidademarketing.com.br\\\/marketing\\\/#website\",\"url\":\"https:\\\/\\\/www.cidademarketing.com.br\\\/marketing\\\/\",\"name\":\"CidadeMarketing\",\"description\":\"Somos um ve\u00edculo de comunica\u00e7\u00e3o de destaque no Brasil, reconhecido por conte\u00fados nos segmentos de marketing, empreendedorismo e inova\u00e7\u00e3o.\",\"publisher\":{\"@id\":\"https:\\\/\\\/www.cidademarketing.com.br\\\/marketing\\\/#organization\"},\"alternateName\":\"CidadeMarketing\",\"potentialAction\":[{\"@type\":\"SearchAction\",\"target\":{\"@type\":\"EntryPoint\",\"urlTemplate\":\"https:\\\/\\\/www.cidademarketing.com.br\\\/marketing\\\/?s={search_term_string}\"},\"query-input\":{\"@type\":\"PropertyValueSpecification\",\"valueRequired\":true,\"valueName\":\"search_term_string\"}}],\"inLanguage\":\"pt-BR\"},{\"@type\":\"Organization\",\"@id\":\"https:\\\/\\\/www.cidademarketing.com.br\\\/marketing\\\/#organization\",\"name\":\"CidadeMarketing\",\"alternateName\":\"CidadeMarketing\",\"url\":\"https:\\\/\\\/www.cidademarketing.com.br\\\/marketing\\\/\",\"logo\":{\"@type\":\"ImageObject\",\"inLanguage\":\"pt-BR\",\"@id\":\"https:\\\/\\\/www.cidademarketing.com.br\\\/marketing\\\/#\\\/schema\\\/logo\\\/image\\\/\",\"url\":\"https:\\\/\\\/www.cidademarketing.com.br\\\/marketing\\\/wp-content\\\/uploads\\\/2020\\\/01\\\/cidademarketing_marca_mobile.png\",\"contentUrl\":\"https:\\\/\\\/www.cidademarketing.com.br\\\/marketing\\\/wp-content\\\/uploads\\\/2020\\\/01\\\/cidademarketing_marca_mobile.png\",\"width\":230,\"height\":92,\"caption\":\"CidadeMarketing\"},\"image\":{\"@id\":\"https:\\\/\\\/www.cidademarketing.com.br\\\/marketing\\\/#\\\/schema\\\/logo\\\/image\\\/\"},\"sameAs\":[\"https:\\\/\\\/www.facebook.com\\\/portalcidademarketing\",\"https:\\\/\\\/x.com\\\/CidadeMarketing\",\"https:\\\/\\\/www.instagram.com\\\/cidademarketing\\\/\"]},{\"@type\":\"Person\",\"@id\":\"https:\\\/\\\/www.cidademarketing.com.br\\\/marketing\\\/#\\\/schema\\\/person\\\/02daff9f18bd9378c9e01eb6b2db155f\",\"name\":\"Thales Brand\u00e3o\",\"image\":{\"@type\":\"ImageObject\",\"inLanguage\":\"pt-BR\",\"@id\":\"https:\\\/\\\/secure.gravatar.com\\\/avatar\\\/7ca3206950207cc3cb48feec56a8a7898741ab725c368d99d5d7a5a50aab80c6?s=96&d=mm&r=g\",\"url\":\"https:\\\/\\\/secure.gravatar.com\\\/avatar\\\/7ca3206950207cc3cb48feec56a8a7898741ab725c368d99d5d7a5a50aab80c6?s=96&d=mm&r=g\",\"contentUrl\":\"https:\\\/\\\/secure.gravatar.com\\\/avatar\\\/7ca3206950207cc3cb48feec56a8a7898741ab725c368d99d5d7a5a50aab80c6?s=96&d=mm&r=g\",\"caption\":\"Thales Brand\u00e3o\"},\"description\":\"Editor Executivo do Portal CidadeMarketing.com.br &gt; Mestre em Comunica\u00e7\u00e3o e Sociedade pela Universidade Federal de Sergipe. Possui MBA Executivo em Administra\u00e7\u00e3o com \u00eanfase em Marketing pela Funda\u00e7\u00e3o Get\u00falio Vargas - Rio de Janeiro. Consultor, Palestrante e Pesquisador sobre Empreendedorismo, Marketing, Redes Sociais e Neg\u00f3cios Digitais. Professor, Palestrante TedxTalks e Campus Party. Twitter: @ThalesBrandao\",\"sameAs\":[\"http:\\\/\\\/www.mandacaru.com.br\",\"https:\\\/\\\/www.facebook.com\\\/thalesbrandao\",\"http:\\\/\\\/www.instagram.com.br\\\/thalesbrandaoferreira\",\"https:\\\/\\\/www.linkedin.com\\\/in\\\/thales-brand\u00e3o-3948609\\\/\",\"https:\\\/\\\/x.com\\\/http:\\\/\\\/www.twitter.com\\\/thalesbrandao\"],\"url\":\"https:\\\/\\\/www.cidademarketing.com.br\\\/marketing\\\/author\\\/thalesbrandao\\\/\"}]}<\/script>\n<!-- \/ Yoast SEO plugin. -->","yoast_head_json":{"title":"Mercado Livre discute inclus\u00e3o da comunidade LGBTQIA+ na m\u00fasica com a campanha Mais uma Voz - CidadeMarketing","robots":{"index":"index","follow":"follow","max-snippet":"max-snippet:-1","max-image-preview":"max-image-preview:large","max-video-preview":"max-video-preview:-1"},"canonical":"https:\/\/www.cidademarketing.com.br\/marketing\/2022\/06\/14\/mercado-livre-discute-inclusao-da-comunidade-lgbtqia-na-musica-com-a-campanha-mais-uma-voz\/","og_locale":"pt_BR","og_type":"article","og_title":"Mercado Livre discute inclus\u00e3o da comunidade LGBTQIA+ na m\u00fasica com a campanha Mais uma Voz - CidadeMarketing","og_description":"Quantos artistas LGBTQIA+ est\u00e3o nos top 10 das m\u00fasicas mais ouvidas nos apps de streaming? \u00c9 poss\u00edvel encontrar talentos de todos os estilos musicais nestas listas? A fim de dar visibilidade para esta reflex\u00e3o e apoiar a representatividade da comunidade LGBTQA+ na m\u00fasica brasileira, o Mercado Livre apresenta a campanha Mais uma Voz. &nbsp; Na [&hellip;]","og_url":"https:\/\/www.cidademarketing.com.br\/marketing\/2022\/06\/14\/mercado-livre-discute-inclusao-da-comunidade-lgbtqia-na-musica-com-a-campanha-mais-uma-voz\/","og_site_name":"CidadeMarketing","article_publisher":"https:\/\/www.facebook.com\/portalcidademarketing","article_author":"https:\/\/www.facebook.com\/thalesbrandao","article_published_time":"2022-06-14T12:04:18+00:00","og_image":[{"width":1920,"height":1080,"url":"https:\/\/www.cidademarketing.com.br\/marketing\/wp-content\/uploads\/2022\/06\/FT-Store_01.jpg","type":"image\/jpeg"}],"author":"Thales Brand\u00e3o","twitter_card":"summary_large_image","twitter_creator":"@http:\/\/www.twitter.com\/thalesbrandao","twitter_site":"@CidadeMarketing","twitter_misc":{"Escrito por":"Thales Brand\u00e3o","Est. tempo de leitura":"7 minutos"},"schema":{"@context":"https:\/\/schema.org","@graph":[{"@type":"Article","@id":"https:\/\/www.cidademarketing.com.br\/marketing\/2022\/06\/14\/mercado-livre-discute-inclusao-da-comunidade-lgbtqia-na-musica-com-a-campanha-mais-uma-voz\/#article","isPartOf":{"@id":"https:\/\/www.cidademarketing.com.br\/marketing\/2022\/06\/14\/mercado-livre-discute-inclusao-da-comunidade-lgbtqia-na-musica-com-a-campanha-mais-uma-voz\/"},"author":{"name":"Thales Brand\u00e3o","@id":"https:\/\/www.cidademarketing.com.br\/marketing\/#\/schema\/person\/02daff9f18bd9378c9e01eb6b2db155f"},"headline":"Mercado Livre discute inclus\u00e3o da comunidade LGBTQIA+ na m\u00fasica com a campanha Mais uma Voz","datePublished":"2022-06-14T12:04:18+00:00","mainEntityOfPage":{"@id":"https:\/\/www.cidademarketing.com.br\/marketing\/2022\/06\/14\/mercado-livre-discute-inclusao-da-comunidade-lgbtqia-na-musica-com-a-campanha-mais-uma-voz\/"},"wordCount":1351,"commentCount":0,"publisher":{"@id":"https:\/\/www.cidademarketing.com.br\/marketing\/#organization"},"image":{"@id":"https:\/\/www.cidademarketing.com.br\/marketing\/2022\/06\/14\/mercado-livre-discute-inclusao-da-comunidade-lgbtqia-na-musica-com-a-campanha-mais-uma-voz\/#primaryimage"},"thumbnailUrl":"https:\/\/www.cidademarketing.com.br\/marketing\/wp-content\/uploads\/2022\/06\/FT-Store_01.jpg","keywords":["campanha","estrat\u00e9gia","marketing","Mercado Livre","propaganda"],"articleSection":["Not\u00edcias"],"inLanguage":"pt-BR","potentialAction":[{"@type":"CommentAction","name":"Comment","target":["https:\/\/www.cidademarketing.com.br\/marketing\/2022\/06\/14\/mercado-livre-discute-inclusao-da-comunidade-lgbtqia-na-musica-com-a-campanha-mais-uma-voz\/#respond"]}]},{"@type":"WebPage","@id":"https:\/\/www.cidademarketing.com.br\/marketing\/2022\/06\/14\/mercado-livre-discute-inclusao-da-comunidade-lgbtqia-na-musica-com-a-campanha-mais-uma-voz\/","url":"https:\/\/www.cidademarketing.com.br\/marketing\/2022\/06\/14\/mercado-livre-discute-inclusao-da-comunidade-lgbtqia-na-musica-com-a-campanha-mais-uma-voz\/","name":"Mercado Livre discute inclus\u00e3o da comunidade LGBTQIA+ na m\u00fasica com a campanha Mais uma Voz - CidadeMarketing","isPartOf":{"@id":"https:\/\/www.cidademarketing.com.br\/marketing\/#website"},"primaryImageOfPage":{"@id":"https:\/\/www.cidademarketing.com.br\/marketing\/2022\/06\/14\/mercado-livre-discute-inclusao-da-comunidade-lgbtqia-na-musica-com-a-campanha-mais-uma-voz\/#primaryimage"},"image":{"@id":"https:\/\/www.cidademarketing.com.br\/marketing\/2022\/06\/14\/mercado-livre-discute-inclusao-da-comunidade-lgbtqia-na-musica-com-a-campanha-mais-uma-voz\/#primaryimage"},"thumbnailUrl":"https:\/\/www.cidademarketing.com.br\/marketing\/wp-content\/uploads\/2022\/06\/FT-Store_01.jpg","datePublished":"2022-06-14T12:04:18+00:00","breadcrumb":{"@id":"https:\/\/www.cidademarketing.com.br\/marketing\/2022\/06\/14\/mercado-livre-discute-inclusao-da-comunidade-lgbtqia-na-musica-com-a-campanha-mais-uma-voz\/#breadcrumb"},"inLanguage":"pt-BR","potentialAction":[{"@type":"ReadAction","target":["https:\/\/www.cidademarketing.com.br\/marketing\/2022\/06\/14\/mercado-livre-discute-inclusao-da-comunidade-lgbtqia-na-musica-com-a-campanha-mais-uma-voz\/"]}]},{"@type":"ImageObject","inLanguage":"pt-BR","@id":"https:\/\/www.cidademarketing.com.br\/marketing\/2022\/06\/14\/mercado-livre-discute-inclusao-da-comunidade-lgbtqia-na-musica-com-a-campanha-mais-uma-voz\/#primaryimage","url":"https:\/\/www.cidademarketing.com.br\/marketing\/wp-content\/uploads\/2022\/06\/FT-Store_01.jpg","contentUrl":"https:\/\/www.cidademarketing.com.br\/marketing\/wp-content\/uploads\/2022\/06\/FT-Store_01.jpg","width":1920,"height":1080},{"@type":"BreadcrumbList","@id":"https:\/\/www.cidademarketing.com.br\/marketing\/2022\/06\/14\/mercado-livre-discute-inclusao-da-comunidade-lgbtqia-na-musica-com-a-campanha-mais-uma-voz\/#breadcrumb","itemListElement":[{"@type":"ListItem","position":1,"name":"In\u00edcio","item":"https:\/\/www.cidademarketing.com.br\/marketing\/"},{"@type":"ListItem","position":2,"name":"Mercado Livre discute inclus\u00e3o da comunidade LGBTQIA+ na m\u00fasica com a campanha Mais uma Voz"}]},{"@type":"WebSite","@id":"https:\/\/www.cidademarketing.com.br\/marketing\/#website","url":"https:\/\/www.cidademarketing.com.br\/marketing\/","name":"CidadeMarketing","description":"Somos um ve\u00edculo de comunica\u00e7\u00e3o de destaque no Brasil, reconhecido por conte\u00fados nos segmentos de marketing, empreendedorismo e inova\u00e7\u00e3o.","publisher":{"@id":"https:\/\/www.cidademarketing.com.br\/marketing\/#organization"},"alternateName":"CidadeMarketing","potentialAction":[{"@type":"SearchAction","target":{"@type":"EntryPoint","urlTemplate":"https:\/\/www.cidademarketing.com.br\/marketing\/?s={search_term_string}"},"query-input":{"@type":"PropertyValueSpecification","valueRequired":true,"valueName":"search_term_string"}}],"inLanguage":"pt-BR"},{"@type":"Organization","@id":"https:\/\/www.cidademarketing.com.br\/marketing\/#organization","name":"CidadeMarketing","alternateName":"CidadeMarketing","url":"https:\/\/www.cidademarketing.com.br\/marketing\/","logo":{"@type":"ImageObject","inLanguage":"pt-BR","@id":"https:\/\/www.cidademarketing.com.br\/marketing\/#\/schema\/logo\/image\/","url":"https:\/\/www.cidademarketing.com.br\/marketing\/wp-content\/uploads\/2020\/01\/cidademarketing_marca_mobile.png","contentUrl":"https:\/\/www.cidademarketing.com.br\/marketing\/wp-content\/uploads\/2020\/01\/cidademarketing_marca_mobile.png","width":230,"height":92,"caption":"CidadeMarketing"},"image":{"@id":"https:\/\/www.cidademarketing.com.br\/marketing\/#\/schema\/logo\/image\/"},"sameAs":["https:\/\/www.facebook.com\/portalcidademarketing","https:\/\/x.com\/CidadeMarketing","https:\/\/www.instagram.com\/cidademarketing\/"]},{"@type":"Person","@id":"https:\/\/www.cidademarketing.com.br\/marketing\/#\/schema\/person\/02daff9f18bd9378c9e01eb6b2db155f","name":"Thales Brand\u00e3o","image":{"@type":"ImageObject","inLanguage":"pt-BR","@id":"https:\/\/secure.gravatar.com\/avatar\/7ca3206950207cc3cb48feec56a8a7898741ab725c368d99d5d7a5a50aab80c6?s=96&d=mm&r=g","url":"https:\/\/secure.gravatar.com\/avatar\/7ca3206950207cc3cb48feec56a8a7898741ab725c368d99d5d7a5a50aab80c6?s=96&d=mm&r=g","contentUrl":"https:\/\/secure.gravatar.com\/avatar\/7ca3206950207cc3cb48feec56a8a7898741ab725c368d99d5d7a5a50aab80c6?s=96&d=mm&r=g","caption":"Thales Brand\u00e3o"},"description":"Editor Executivo do Portal CidadeMarketing.com.br &gt; Mestre em Comunica\u00e7\u00e3o e Sociedade pela Universidade Federal de Sergipe. Possui MBA Executivo em Administra\u00e7\u00e3o com \u00eanfase em Marketing pela Funda\u00e7\u00e3o Get\u00falio Vargas - Rio de Janeiro. Consultor, Palestrante e Pesquisador sobre Empreendedorismo, Marketing, Redes Sociais e Neg\u00f3cios Digitais. Professor, Palestrante TedxTalks e Campus Party. Twitter: @ThalesBrandao","sameAs":["http:\/\/www.mandacaru.com.br","https:\/\/www.facebook.com\/thalesbrandao","http:\/\/www.instagram.com.br\/thalesbrandaoferreira","https:\/\/www.linkedin.com\/in\/thales-brand\u00e3o-3948609\/","https:\/\/x.com\/http:\/\/www.twitter.com\/thalesbrandao"],"url":"https:\/\/www.cidademarketing.com.br\/marketing\/author\/thalesbrandao\/"}]}},"amp_enabled":true,"_links":{"self":[{"href":"https:\/\/www.cidademarketing.com.br\/marketing\/wp-json\/wp\/v2\/posts\/36511","targetHints":{"allow":["GET"]}}],"collection":[{"href":"https:\/\/www.cidademarketing.com.br\/marketing\/wp-json\/wp\/v2\/posts"}],"about":[{"href":"https:\/\/www.cidademarketing.com.br\/marketing\/wp-json\/wp\/v2\/types\/post"}],"author":[{"embeddable":true,"href":"https:\/\/www.cidademarketing.com.br\/marketing\/wp-json\/wp\/v2\/users\/1"}],"replies":[{"embeddable":true,"href":"https:\/\/www.cidademarketing.com.br\/marketing\/wp-json\/wp\/v2\/comments?post=36511"}],"version-history":[{"count":1,"href":"https:\/\/www.cidademarketing.com.br\/marketing\/wp-json\/wp\/v2\/posts\/36511\/revisions"}],"predecessor-version":[{"id":36513,"href":"https:\/\/www.cidademarketing.com.br\/marketing\/wp-json\/wp\/v2\/posts\/36511\/revisions\/36513"}],"wp:featuredmedia":[{"embeddable":true,"href":"https:\/\/www.cidademarketing.com.br\/marketing\/wp-json\/wp\/v2\/media\/36512"}],"wp:attachment":[{"href":"https:\/\/www.cidademarketing.com.br\/marketing\/wp-json\/wp\/v2\/media?parent=36511"}],"wp:term":[{"taxonomy":"category","embeddable":true,"href":"https:\/\/www.cidademarketing.com.br\/marketing\/wp-json\/wp\/v2\/categories?post=36511"},{"taxonomy":"post_tag","embeddable":true,"href":"https:\/\/www.cidademarketing.com.br\/marketing\/wp-json\/wp\/v2\/tags?post=36511"}],"curies":[{"name":"wp","href":"https:\/\/api.w.org\/{rel}","templated":true}]}}