{"id":36412,"date":"2022-06-02T21:29:31","date_gmt":"2022-06-03T00:29:31","guid":{"rendered":"https:\/\/www.cidademarketing.com.br\/marketing\/?p=36412"},"modified":"2022-06-02T21:29:31","modified_gmt":"2022-06-03T00:29:31","slug":"natura-chronos-apoia-campanha-contra-o-etarismo-com-apoio-ao-movimento-minhaidadenaomedefine","status":"publish","type":"post","link":"https:\/\/www.cidademarketing.com.br\/marketing\/2022\/06\/02\/natura-chronos-apoia-campanha-contra-o-etarismo-com-apoio-ao-movimento-minhaidadenaomedefine\/","title":{"rendered":"Natura Chronos apoia campanha contra o etarismo com apoio ao movimento #MinhaIdadeNaoMeDefine"},"content":{"rendered":"<p><iframe style=\"border-radius: 12px;\" src=\"https:\/\/open.spotify.com\/embed\/show\/4khMKzP3FgFRWVwb73xicc?utm_source=generator&amp;t=0\" width=\"100%\" height=\"232\" frameborder=\"0\" allowfullscreen=\"allowfullscreen\"><\/iframe><br \/>\nNa contram\u00e3o da beleza viva, o etarismo acontece: o preconceito e a discrimina\u00e7\u00e3o com base na idade das pessoas \u2013 no entanto, a beleza se transforma em cada fase da vida, mantendo-se em harmonia com o tempo. \u00c9 no questionamento ao etarismo que <strong>Natura Chronos <\/strong>apoia e fortalece o movimento t\u00e3o fundamental <strong>#MinhaIdadeNaoMeDefine<\/strong>, afinal, elogio que come\u00e7a com \u201cmas\u201d n\u00e3o \u00e9 elogio.<\/p>\n<p>O movimento, em parceria com a ag\u00eancia Africa, ser\u00e1 refor\u00e7ado nas\u00a0 redes da Natura, no <a href=\"https:\/\/www.instagram.com\/naturabroficial\/\" target=\"_blank\" rel=\"noopener\"><strong>@naturabroficial<\/strong><\/a>, e convoca as mulheres para que refa\u00e7am o pacto com a sua beleza ao lado de artistas como a atriz Andr\u00e9a Beltr\u00e3o e demais personalidades como <a href=\"https:\/\/www.instagram.com\/p\/CeE7_cdP19s\/?igshid=YmMyMTA2M2Y=\" target=\"_blank\" rel=\"noopener\">Silvia Ruiz<\/a>, <a href=\"https:\/\/www.instagram.com\/p\/CeE35IjpKIO\/?igshid=YmMyMTA2M2Y=\" target=\"_blank\" rel=\"noopener\">Quarentamos<\/a>, <a href=\"https:\/\/www.instagram.com\/p\/CeE3dhPl8oL\/\" target=\"_blank\" rel=\"noopener\">Marina Dias<\/a>, <a href=\"https:\/\/www.instagram.com\/p\/CeE6mU8JMuh\/?igshid=YmMyMTA2M2Y=\" target=\"_blank\" rel=\"noopener\">Wladia Goes<\/a> e <a href=\"https:\/\/www.instagram.com\/p\/CeE2dc8roHf\/\" target=\"_blank\" rel=\"noopener\">Patricia Pontalti<\/a>. A apoio \u00e0 a\u00e7\u00e3o nas redes j\u00e1 representa um marco: em publica\u00e7\u00e3o inicial, o post superou em 7,5 vezes a m\u00e9dia de engajamento em Instagram Reels da Natura neste ano.<\/p>\n<p>\u201cA ind\u00fastria da beleza, como um todo, perpetua a no\u00e7\u00e3o absurda de que o tempo \u00e9 inimigo da beleza da mulher e de sua feminilidade. Somos contr\u00e1rios a esta manipula\u00e7\u00e3o mental e emocional das mulheres, fonte de ang\u00fastias e um atentado \u00e0 autoestima. Acreditamos que a beleza \u00e9 legitimo anseio de todo ser humano e deve ser vivido livre de estere\u00f3tipos e manipula\u00e7\u00f5es\u201d, comenta Maria Paula Fonseca, diretora global da marca Natura.<\/p>\n<p>Tamb\u00e9m conhecido como idadismo ou age\u00edsmo, o tipo de intoler\u00e2ncia est\u00e1 enraizado em nossa sociedade e \u00e9 identificado, por vezes, de forma sutil, principalmente entre as mulheres. Na pr\u00e1tica, acontece quando pessoas s\u00e3o exclu\u00eddas de vagas de emprego, quando s\u00e3o descredibilizadas por suas falas ou quando s\u00e3o classificadas como inapropriadas ao procurarem por feitos novos, como faculdade, carreira ou relacionamento, com base em sua idade. O etarismo acontece nos detalhes \u2013 tamb\u00e9m nos supostos \u201celogios\u201d. O \u201cnem parece\u201d ao responder a idade \u00e9, na verdade, uma forma de preconceito. \u00c9 preciso romper o padr\u00e3o de valorizar o que \u00e9 novo em detrimento do que n\u00e3o \u00e9.<\/p>\n<p>\u201cO &#8220;mas&#8221; carrega um preconceito grande, mesmo que a inten\u00e7\u00e3o seja boa \u2013 acaba por n\u00e3o se tornar um elogio. Eu tenho 58 anos e estou \u00f3tima. Eu tenho 58 anos e estou cheia de energia. Me sinto maravilhosa, sem nenhum \u201cmas\u201d, destaca a atriz Andr\u00e9a Beltr\u00e3o.<\/p>\n<p>Natura Chronos d\u00e1 continuidade \u00e0 sua ess\u00eancia vanguardista: h\u00e1 35 anos valoriza a beleza viva e o compromisso com a verdade na contram\u00e3o da manipula\u00e7\u00e3o de estere\u00f3tipos, ansiedades e o medo do passar do tempo. \u00c9 preciso viver sem o retrovisor da juventude ou a proje\u00e7\u00e3o do futuro. Por isso, Natura Chronos apoia e convida ao movimento <strong>#MinhaIdadeNaoMeDefine<\/strong> porque \u201cmas\u201d n\u00e3o \u00e9 elogio.<\/p>\n<p>\u201cO etarismo disfar\u00e7ado de elogio ainda tem passado batido nas nossas conversas do cotidiano e \u00e9 importante pararmos para pensar nisso. Por que temos o h\u00e1bito de colocar o \u201cMAS\u201d nessas frases? No fundo, estamos dizendo que, s\u00f3 por ter determinada idade, a pessoa deveria estar p\u00e9ssima.\u201d refor\u00e7a Milena Zindeluk, diretora de cria\u00e7\u00e3o da Africa.<\/p>\n<p><iframe style=\"width: 100%; max-width: 660px; overflow: hidden; background: transparent;\" src=\"https:\/\/embed.podcasts.apple.com\/br\/podcast\/podcast-cidademarketing\/id1371923283\" height=\"450\" frameborder=\"0\" sandbox=\"allow-forms allow-popups allow-same-origin allow-scripts allow-storage-access-by-user-activation allow-top-navigation-by-user-activation\"><\/iframe><\/p>\n","protected":false},"excerpt":{"rendered":"<p>Na contram\u00e3o da beleza viva, o etarismo acontece: o preconceito e a discrimina\u00e7\u00e3o com base na idade das pessoas \u2013 no entanto, a beleza se transforma em cada fase da vida, mantendo-se em harmonia com o tempo. \u00c9 no questionamento ao etarismo que Natura Chronos apoia e fortalece o movimento t\u00e3o fundamental #MinhaIdadeNaoMeDefine, afinal, elogio [&hellip;]<\/p>\n","protected":false},"author":1,"featured_media":36413,"comment_status":"open","ping_status":"open","sticky":false,"template":"","format":"standard","meta":{"tdm_status":"","tdm_grid_status":"","footnotes":""},"categories":[6],"tags":[65,33,2560,26,177,503,66,181],"class_list":["post-36412","post","type-post","status-publish","format-standard","has-post-thumbnail","hentry","category-noticias","tag-campanha","tag-estrategia","tag-hashtag","tag-marketing-digital","tag-marketing-social","tag-natura","tag-propaganda","tag-publicidade"],"yoast_head":"<!-- This site is optimized with the Yoast SEO plugin v27.4 - https:\/\/yoast.com\/product\/yoast-seo-wordpress\/ -->\n<title>Natura Chronos apoia campanha contra o etarismo com apoio ao movimento #MinhaIdadeNaoMeDefine - CidadeMarketing<\/title>\n<meta name=\"robots\" content=\"index, follow, max-snippet:-1, max-image-preview:large, max-video-preview:-1\" \/>\n<link rel=\"canonical\" href=\"https:\/\/www.cidademarketing.com.br\/marketing\/2022\/06\/02\/natura-chronos-apoia-campanha-contra-o-etarismo-com-apoio-ao-movimento-minhaidadenaomedefine\/\" \/>\n<meta property=\"og:locale\" content=\"pt_BR\" \/>\n<meta property=\"og:type\" content=\"article\" \/>\n<meta property=\"og:title\" content=\"Natura Chronos apoia campanha contra o etarismo com apoio ao movimento #MinhaIdadeNaoMeDefine - CidadeMarketing\" \/>\n<meta property=\"og:description\" content=\"Na contram\u00e3o da beleza viva, o etarismo acontece: o preconceito e a discrimina\u00e7\u00e3o com base na idade das pessoas \u2013 no entanto, a beleza se transforma em cada fase da vida, mantendo-se em harmonia com o tempo. \u00c9 no questionamento ao etarismo que Natura Chronos apoia e fortalece o movimento t\u00e3o fundamental #MinhaIdadeNaoMeDefine, afinal, elogio [&hellip;]\" \/>\n<meta property=\"og:url\" content=\"https:\/\/www.cidademarketing.com.br\/marketing\/2022\/06\/02\/natura-chronos-apoia-campanha-contra-o-etarismo-com-apoio-ao-movimento-minhaidadenaomedefine\/\" \/>\n<meta property=\"og:site_name\" content=\"CidadeMarketing\" \/>\n<meta property=\"article:publisher\" content=\"https:\/\/www.facebook.com\/portalcidademarketing\" \/>\n<meta property=\"article:author\" content=\"https:\/\/www.facebook.com\/thalesbrandao\" \/>\n<meta property=\"article:published_time\" content=\"2022-06-03T00:29:31+00:00\" \/>\n<meta property=\"og:image\" content=\"https:\/\/www.cidademarketing.com.br\/marketing\/wp-content\/uploads\/2022\/06\/natura_chronos.jpg\" \/>\n\t<meta property=\"og:image:width\" content=\"794\" \/>\n\t<meta property=\"og:image:height\" content=\"685\" \/>\n\t<meta property=\"og:image:type\" content=\"image\/jpeg\" \/>\n<meta name=\"author\" content=\"Thales Brand\u00e3o\" \/>\n<meta name=\"twitter:card\" content=\"summary_large_image\" \/>\n<meta name=\"twitter:creator\" content=\"@http:\/\/www.twitter.com\/thalesbrandao\" \/>\n<meta name=\"twitter:site\" content=\"@CidadeMarketing\" \/>\n<meta name=\"twitter:label1\" content=\"Escrito por\" \/>\n\t<meta name=\"twitter:data1\" content=\"Thales Brand\u00e3o\" \/>\n\t<meta name=\"twitter:label2\" content=\"Est. tempo de leitura\" \/>\n\t<meta name=\"twitter:data2\" content=\"3 minutos\" \/>\n<script type=\"application\/ld+json\" class=\"yoast-schema-graph\">{\"@context\":\"https:\\\/\\\/schema.org\",\"@graph\":[{\"@type\":\"Article\",\"@id\":\"https:\\\/\\\/www.cidademarketing.com.br\\\/marketing\\\/2022\\\/06\\\/02\\\/natura-chronos-apoia-campanha-contra-o-etarismo-com-apoio-ao-movimento-minhaidadenaomedefine\\\/#article\",\"isPartOf\":{\"@id\":\"https:\\\/\\\/www.cidademarketing.com.br\\\/marketing\\\/2022\\\/06\\\/02\\\/natura-chronos-apoia-campanha-contra-o-etarismo-com-apoio-ao-movimento-minhaidadenaomedefine\\\/\"},\"author\":{\"name\":\"Thales Brand\u00e3o\",\"@id\":\"https:\\\/\\\/www.cidademarketing.com.br\\\/marketing\\\/#\\\/schema\\\/person\\\/02daff9f18bd9378c9e01eb6b2db155f\"},\"headline\":\"Natura Chronos apoia campanha contra o etarismo com apoio ao movimento #MinhaIdadeNaoMeDefine\",\"datePublished\":\"2022-06-03T00:29:31+00:00\",\"mainEntityOfPage\":{\"@id\":\"https:\\\/\\\/www.cidademarketing.com.br\\\/marketing\\\/2022\\\/06\\\/02\\\/natura-chronos-apoia-campanha-contra-o-etarismo-com-apoio-ao-movimento-minhaidadenaomedefine\\\/\"},\"wordCount\":523,\"commentCount\":0,\"publisher\":{\"@id\":\"https:\\\/\\\/www.cidademarketing.com.br\\\/marketing\\\/#organization\"},\"image\":{\"@id\":\"https:\\\/\\\/www.cidademarketing.com.br\\\/marketing\\\/2022\\\/06\\\/02\\\/natura-chronos-apoia-campanha-contra-o-etarismo-com-apoio-ao-movimento-minhaidadenaomedefine\\\/#primaryimage\"},\"thumbnailUrl\":\"https:\\\/\\\/www.cidademarketing.com.br\\\/marketing\\\/wp-content\\\/uploads\\\/2022\\\/06\\\/natura_chronos.jpg\",\"keywords\":[\"campanha\",\"estrat\u00e9gia\",\"hashtag\",\"marketing digital\",\"marketing social\",\"Natura\",\"propaganda\",\"publicidade\"],\"articleSection\":[\"Not\u00edcias\"],\"inLanguage\":\"pt-BR\",\"potentialAction\":[{\"@type\":\"CommentAction\",\"name\":\"Comment\",\"target\":[\"https:\\\/\\\/www.cidademarketing.com.br\\\/marketing\\\/2022\\\/06\\\/02\\\/natura-chronos-apoia-campanha-contra-o-etarismo-com-apoio-ao-movimento-minhaidadenaomedefine\\\/#respond\"]}]},{\"@type\":\"WebPage\",\"@id\":\"https:\\\/\\\/www.cidademarketing.com.br\\\/marketing\\\/2022\\\/06\\\/02\\\/natura-chronos-apoia-campanha-contra-o-etarismo-com-apoio-ao-movimento-minhaidadenaomedefine\\\/\",\"url\":\"https:\\\/\\\/www.cidademarketing.com.br\\\/marketing\\\/2022\\\/06\\\/02\\\/natura-chronos-apoia-campanha-contra-o-etarismo-com-apoio-ao-movimento-minhaidadenaomedefine\\\/\",\"name\":\"Natura Chronos apoia campanha contra o etarismo com apoio ao movimento #MinhaIdadeNaoMeDefine - CidadeMarketing\",\"isPartOf\":{\"@id\":\"https:\\\/\\\/www.cidademarketing.com.br\\\/marketing\\\/#website\"},\"primaryImageOfPage\":{\"@id\":\"https:\\\/\\\/www.cidademarketing.com.br\\\/marketing\\\/2022\\\/06\\\/02\\\/natura-chronos-apoia-campanha-contra-o-etarismo-com-apoio-ao-movimento-minhaidadenaomedefine\\\/#primaryimage\"},\"image\":{\"@id\":\"https:\\\/\\\/www.cidademarketing.com.br\\\/marketing\\\/2022\\\/06\\\/02\\\/natura-chronos-apoia-campanha-contra-o-etarismo-com-apoio-ao-movimento-minhaidadenaomedefine\\\/#primaryimage\"},\"thumbnailUrl\":\"https:\\\/\\\/www.cidademarketing.com.br\\\/marketing\\\/wp-content\\\/uploads\\\/2022\\\/06\\\/natura_chronos.jpg\",\"datePublished\":\"2022-06-03T00:29:31+00:00\",\"breadcrumb\":{\"@id\":\"https:\\\/\\\/www.cidademarketing.com.br\\\/marketing\\\/2022\\\/06\\\/02\\\/natura-chronos-apoia-campanha-contra-o-etarismo-com-apoio-ao-movimento-minhaidadenaomedefine\\\/#breadcrumb\"},\"inLanguage\":\"pt-BR\",\"potentialAction\":[{\"@type\":\"ReadAction\",\"target\":[\"https:\\\/\\\/www.cidademarketing.com.br\\\/marketing\\\/2022\\\/06\\\/02\\\/natura-chronos-apoia-campanha-contra-o-etarismo-com-apoio-ao-movimento-minhaidadenaomedefine\\\/\"]}]},{\"@type\":\"ImageObject\",\"inLanguage\":\"pt-BR\",\"@id\":\"https:\\\/\\\/www.cidademarketing.com.br\\\/marketing\\\/2022\\\/06\\\/02\\\/natura-chronos-apoia-campanha-contra-o-etarismo-com-apoio-ao-movimento-minhaidadenaomedefine\\\/#primaryimage\",\"url\":\"https:\\\/\\\/www.cidademarketing.com.br\\\/marketing\\\/wp-content\\\/uploads\\\/2022\\\/06\\\/natura_chronos.jpg\",\"contentUrl\":\"https:\\\/\\\/www.cidademarketing.com.br\\\/marketing\\\/wp-content\\\/uploads\\\/2022\\\/06\\\/natura_chronos.jpg\",\"width\":794,\"height\":685},{\"@type\":\"BreadcrumbList\",\"@id\":\"https:\\\/\\\/www.cidademarketing.com.br\\\/marketing\\\/2022\\\/06\\\/02\\\/natura-chronos-apoia-campanha-contra-o-etarismo-com-apoio-ao-movimento-minhaidadenaomedefine\\\/#breadcrumb\",\"itemListElement\":[{\"@type\":\"ListItem\",\"position\":1,\"name\":\"In\u00edcio\",\"item\":\"https:\\\/\\\/www.cidademarketing.com.br\\\/marketing\\\/\"},{\"@type\":\"ListItem\",\"position\":2,\"name\":\"Natura Chronos apoia campanha contra o etarismo com apoio ao movimento #MinhaIdadeNaoMeDefine\"}]},{\"@type\":\"WebSite\",\"@id\":\"https:\\\/\\\/www.cidademarketing.com.br\\\/marketing\\\/#website\",\"url\":\"https:\\\/\\\/www.cidademarketing.com.br\\\/marketing\\\/\",\"name\":\"CidadeMarketing\",\"description\":\"Somos um ve\u00edculo de comunica\u00e7\u00e3o de destaque no Brasil, reconhecido por conte\u00fados nos segmentos de marketing, empreendedorismo e inova\u00e7\u00e3o.\",\"publisher\":{\"@id\":\"https:\\\/\\\/www.cidademarketing.com.br\\\/marketing\\\/#organization\"},\"alternateName\":\"CidadeMarketing\",\"potentialAction\":[{\"@type\":\"SearchAction\",\"target\":{\"@type\":\"EntryPoint\",\"urlTemplate\":\"https:\\\/\\\/www.cidademarketing.com.br\\\/marketing\\\/?s={search_term_string}\"},\"query-input\":{\"@type\":\"PropertyValueSpecification\",\"valueRequired\":true,\"valueName\":\"search_term_string\"}}],\"inLanguage\":\"pt-BR\"},{\"@type\":\"Organization\",\"@id\":\"https:\\\/\\\/www.cidademarketing.com.br\\\/marketing\\\/#organization\",\"name\":\"CidadeMarketing\",\"alternateName\":\"CidadeMarketing\",\"url\":\"https:\\\/\\\/www.cidademarketing.com.br\\\/marketing\\\/\",\"logo\":{\"@type\":\"ImageObject\",\"inLanguage\":\"pt-BR\",\"@id\":\"https:\\\/\\\/www.cidademarketing.com.br\\\/marketing\\\/#\\\/schema\\\/logo\\\/image\\\/\",\"url\":\"https:\\\/\\\/www.cidademarketing.com.br\\\/marketing\\\/wp-content\\\/uploads\\\/2020\\\/01\\\/cidademarketing_marca_mobile.png\",\"contentUrl\":\"https:\\\/\\\/www.cidademarketing.com.br\\\/marketing\\\/wp-content\\\/uploads\\\/2020\\\/01\\\/cidademarketing_marca_mobile.png\",\"width\":230,\"height\":92,\"caption\":\"CidadeMarketing\"},\"image\":{\"@id\":\"https:\\\/\\\/www.cidademarketing.com.br\\\/marketing\\\/#\\\/schema\\\/logo\\\/image\\\/\"},\"sameAs\":[\"https:\\\/\\\/www.facebook.com\\\/portalcidademarketing\",\"https:\\\/\\\/x.com\\\/CidadeMarketing\",\"https:\\\/\\\/www.instagram.com\\\/cidademarketing\\\/\"]},{\"@type\":\"Person\",\"@id\":\"https:\\\/\\\/www.cidademarketing.com.br\\\/marketing\\\/#\\\/schema\\\/person\\\/02daff9f18bd9378c9e01eb6b2db155f\",\"name\":\"Thales Brand\u00e3o\",\"image\":{\"@type\":\"ImageObject\",\"inLanguage\":\"pt-BR\",\"@id\":\"https:\\\/\\\/secure.gravatar.com\\\/avatar\\\/7ca3206950207cc3cb48feec56a8a7898741ab725c368d99d5d7a5a50aab80c6?s=96&d=mm&r=g\",\"url\":\"https:\\\/\\\/secure.gravatar.com\\\/avatar\\\/7ca3206950207cc3cb48feec56a8a7898741ab725c368d99d5d7a5a50aab80c6?s=96&d=mm&r=g\",\"contentUrl\":\"https:\\\/\\\/secure.gravatar.com\\\/avatar\\\/7ca3206950207cc3cb48feec56a8a7898741ab725c368d99d5d7a5a50aab80c6?s=96&d=mm&r=g\",\"caption\":\"Thales Brand\u00e3o\"},\"description\":\"Editor Executivo do Portal CidadeMarketing.com.br &gt; Mestre em Comunica\u00e7\u00e3o e Sociedade pela Universidade Federal de Sergipe. Possui MBA Executivo em Administra\u00e7\u00e3o com \u00eanfase em Marketing pela Funda\u00e7\u00e3o Get\u00falio Vargas - Rio de Janeiro. Consultor, Palestrante e Pesquisador sobre Empreendedorismo, Marketing, Redes Sociais e Neg\u00f3cios Digitais. Professor, Palestrante TedxTalks e Campus Party. Twitter: @ThalesBrandao\",\"sameAs\":[\"http:\\\/\\\/www.mandacaru.com.br\",\"https:\\\/\\\/www.facebook.com\\\/thalesbrandao\",\"http:\\\/\\\/www.instagram.com.br\\\/thalesbrandaoferreira\",\"https:\\\/\\\/www.linkedin.com\\\/in\\\/thales-brand\u00e3o-3948609\\\/\",\"https:\\\/\\\/x.com\\\/http:\\\/\\\/www.twitter.com\\\/thalesbrandao\"],\"url\":\"https:\\\/\\\/www.cidademarketing.com.br\\\/marketing\\\/author\\\/thalesbrandao\\\/\"}]}<\/script>\n<!-- \/ Yoast SEO plugin. -->","yoast_head_json":{"title":"Natura Chronos apoia campanha contra o etarismo com apoio ao movimento #MinhaIdadeNaoMeDefine - CidadeMarketing","robots":{"index":"index","follow":"follow","max-snippet":"max-snippet:-1","max-image-preview":"max-image-preview:large","max-video-preview":"max-video-preview:-1"},"canonical":"https:\/\/www.cidademarketing.com.br\/marketing\/2022\/06\/02\/natura-chronos-apoia-campanha-contra-o-etarismo-com-apoio-ao-movimento-minhaidadenaomedefine\/","og_locale":"pt_BR","og_type":"article","og_title":"Natura Chronos apoia campanha contra o etarismo com apoio ao movimento #MinhaIdadeNaoMeDefine - CidadeMarketing","og_description":"Na contram\u00e3o da beleza viva, o etarismo acontece: o preconceito e a discrimina\u00e7\u00e3o com base na idade das pessoas \u2013 no entanto, a beleza se transforma em cada fase da vida, mantendo-se em harmonia com o tempo. \u00c9 no questionamento ao etarismo que Natura Chronos apoia e fortalece o movimento t\u00e3o fundamental #MinhaIdadeNaoMeDefine, afinal, elogio [&hellip;]","og_url":"https:\/\/www.cidademarketing.com.br\/marketing\/2022\/06\/02\/natura-chronos-apoia-campanha-contra-o-etarismo-com-apoio-ao-movimento-minhaidadenaomedefine\/","og_site_name":"CidadeMarketing","article_publisher":"https:\/\/www.facebook.com\/portalcidademarketing","article_author":"https:\/\/www.facebook.com\/thalesbrandao","article_published_time":"2022-06-03T00:29:31+00:00","og_image":[{"width":794,"height":685,"url":"https:\/\/www.cidademarketing.com.br\/marketing\/wp-content\/uploads\/2022\/06\/natura_chronos.jpg","type":"image\/jpeg"}],"author":"Thales Brand\u00e3o","twitter_card":"summary_large_image","twitter_creator":"@http:\/\/www.twitter.com\/thalesbrandao","twitter_site":"@CidadeMarketing","twitter_misc":{"Escrito por":"Thales Brand\u00e3o","Est. tempo de leitura":"3 minutos"},"schema":{"@context":"https:\/\/schema.org","@graph":[{"@type":"Article","@id":"https:\/\/www.cidademarketing.com.br\/marketing\/2022\/06\/02\/natura-chronos-apoia-campanha-contra-o-etarismo-com-apoio-ao-movimento-minhaidadenaomedefine\/#article","isPartOf":{"@id":"https:\/\/www.cidademarketing.com.br\/marketing\/2022\/06\/02\/natura-chronos-apoia-campanha-contra-o-etarismo-com-apoio-ao-movimento-minhaidadenaomedefine\/"},"author":{"name":"Thales Brand\u00e3o","@id":"https:\/\/www.cidademarketing.com.br\/marketing\/#\/schema\/person\/02daff9f18bd9378c9e01eb6b2db155f"},"headline":"Natura Chronos apoia campanha contra o etarismo com apoio ao movimento #MinhaIdadeNaoMeDefine","datePublished":"2022-06-03T00:29:31+00:00","mainEntityOfPage":{"@id":"https:\/\/www.cidademarketing.com.br\/marketing\/2022\/06\/02\/natura-chronos-apoia-campanha-contra-o-etarismo-com-apoio-ao-movimento-minhaidadenaomedefine\/"},"wordCount":523,"commentCount":0,"publisher":{"@id":"https:\/\/www.cidademarketing.com.br\/marketing\/#organization"},"image":{"@id":"https:\/\/www.cidademarketing.com.br\/marketing\/2022\/06\/02\/natura-chronos-apoia-campanha-contra-o-etarismo-com-apoio-ao-movimento-minhaidadenaomedefine\/#primaryimage"},"thumbnailUrl":"https:\/\/www.cidademarketing.com.br\/marketing\/wp-content\/uploads\/2022\/06\/natura_chronos.jpg","keywords":["campanha","estrat\u00e9gia","hashtag","marketing digital","marketing social","Natura","propaganda","publicidade"],"articleSection":["Not\u00edcias"],"inLanguage":"pt-BR","potentialAction":[{"@type":"CommentAction","name":"Comment","target":["https:\/\/www.cidademarketing.com.br\/marketing\/2022\/06\/02\/natura-chronos-apoia-campanha-contra-o-etarismo-com-apoio-ao-movimento-minhaidadenaomedefine\/#respond"]}]},{"@type":"WebPage","@id":"https:\/\/www.cidademarketing.com.br\/marketing\/2022\/06\/02\/natura-chronos-apoia-campanha-contra-o-etarismo-com-apoio-ao-movimento-minhaidadenaomedefine\/","url":"https:\/\/www.cidademarketing.com.br\/marketing\/2022\/06\/02\/natura-chronos-apoia-campanha-contra-o-etarismo-com-apoio-ao-movimento-minhaidadenaomedefine\/","name":"Natura Chronos apoia campanha contra o etarismo com apoio ao movimento #MinhaIdadeNaoMeDefine - CidadeMarketing","isPartOf":{"@id":"https:\/\/www.cidademarketing.com.br\/marketing\/#website"},"primaryImageOfPage":{"@id":"https:\/\/www.cidademarketing.com.br\/marketing\/2022\/06\/02\/natura-chronos-apoia-campanha-contra-o-etarismo-com-apoio-ao-movimento-minhaidadenaomedefine\/#primaryimage"},"image":{"@id":"https:\/\/www.cidademarketing.com.br\/marketing\/2022\/06\/02\/natura-chronos-apoia-campanha-contra-o-etarismo-com-apoio-ao-movimento-minhaidadenaomedefine\/#primaryimage"},"thumbnailUrl":"https:\/\/www.cidademarketing.com.br\/marketing\/wp-content\/uploads\/2022\/06\/natura_chronos.jpg","datePublished":"2022-06-03T00:29:31+00:00","breadcrumb":{"@id":"https:\/\/www.cidademarketing.com.br\/marketing\/2022\/06\/02\/natura-chronos-apoia-campanha-contra-o-etarismo-com-apoio-ao-movimento-minhaidadenaomedefine\/#breadcrumb"},"inLanguage":"pt-BR","potentialAction":[{"@type":"ReadAction","target":["https:\/\/www.cidademarketing.com.br\/marketing\/2022\/06\/02\/natura-chronos-apoia-campanha-contra-o-etarismo-com-apoio-ao-movimento-minhaidadenaomedefine\/"]}]},{"@type":"ImageObject","inLanguage":"pt-BR","@id":"https:\/\/www.cidademarketing.com.br\/marketing\/2022\/06\/02\/natura-chronos-apoia-campanha-contra-o-etarismo-com-apoio-ao-movimento-minhaidadenaomedefine\/#primaryimage","url":"https:\/\/www.cidademarketing.com.br\/marketing\/wp-content\/uploads\/2022\/06\/natura_chronos.jpg","contentUrl":"https:\/\/www.cidademarketing.com.br\/marketing\/wp-content\/uploads\/2022\/06\/natura_chronos.jpg","width":794,"height":685},{"@type":"BreadcrumbList","@id":"https:\/\/www.cidademarketing.com.br\/marketing\/2022\/06\/02\/natura-chronos-apoia-campanha-contra-o-etarismo-com-apoio-ao-movimento-minhaidadenaomedefine\/#breadcrumb","itemListElement":[{"@type":"ListItem","position":1,"name":"In\u00edcio","item":"https:\/\/www.cidademarketing.com.br\/marketing\/"},{"@type":"ListItem","position":2,"name":"Natura Chronos apoia campanha contra o etarismo com apoio ao movimento #MinhaIdadeNaoMeDefine"}]},{"@type":"WebSite","@id":"https:\/\/www.cidademarketing.com.br\/marketing\/#website","url":"https:\/\/www.cidademarketing.com.br\/marketing\/","name":"CidadeMarketing","description":"Somos um ve\u00edculo de comunica\u00e7\u00e3o de destaque no Brasil, reconhecido por conte\u00fados nos segmentos de marketing, empreendedorismo e inova\u00e7\u00e3o.","publisher":{"@id":"https:\/\/www.cidademarketing.com.br\/marketing\/#organization"},"alternateName":"CidadeMarketing","potentialAction":[{"@type":"SearchAction","target":{"@type":"EntryPoint","urlTemplate":"https:\/\/www.cidademarketing.com.br\/marketing\/?s={search_term_string}"},"query-input":{"@type":"PropertyValueSpecification","valueRequired":true,"valueName":"search_term_string"}}],"inLanguage":"pt-BR"},{"@type":"Organization","@id":"https:\/\/www.cidademarketing.com.br\/marketing\/#organization","name":"CidadeMarketing","alternateName":"CidadeMarketing","url":"https:\/\/www.cidademarketing.com.br\/marketing\/","logo":{"@type":"ImageObject","inLanguage":"pt-BR","@id":"https:\/\/www.cidademarketing.com.br\/marketing\/#\/schema\/logo\/image\/","url":"https:\/\/www.cidademarketing.com.br\/marketing\/wp-content\/uploads\/2020\/01\/cidademarketing_marca_mobile.png","contentUrl":"https:\/\/www.cidademarketing.com.br\/marketing\/wp-content\/uploads\/2020\/01\/cidademarketing_marca_mobile.png","width":230,"height":92,"caption":"CidadeMarketing"},"image":{"@id":"https:\/\/www.cidademarketing.com.br\/marketing\/#\/schema\/logo\/image\/"},"sameAs":["https:\/\/www.facebook.com\/portalcidademarketing","https:\/\/x.com\/CidadeMarketing","https:\/\/www.instagram.com\/cidademarketing\/"]},{"@type":"Person","@id":"https:\/\/www.cidademarketing.com.br\/marketing\/#\/schema\/person\/02daff9f18bd9378c9e01eb6b2db155f","name":"Thales Brand\u00e3o","image":{"@type":"ImageObject","inLanguage":"pt-BR","@id":"https:\/\/secure.gravatar.com\/avatar\/7ca3206950207cc3cb48feec56a8a7898741ab725c368d99d5d7a5a50aab80c6?s=96&d=mm&r=g","url":"https:\/\/secure.gravatar.com\/avatar\/7ca3206950207cc3cb48feec56a8a7898741ab725c368d99d5d7a5a50aab80c6?s=96&d=mm&r=g","contentUrl":"https:\/\/secure.gravatar.com\/avatar\/7ca3206950207cc3cb48feec56a8a7898741ab725c368d99d5d7a5a50aab80c6?s=96&d=mm&r=g","caption":"Thales Brand\u00e3o"},"description":"Editor Executivo do Portal CidadeMarketing.com.br &gt; Mestre em Comunica\u00e7\u00e3o e Sociedade pela Universidade Federal de Sergipe. Possui MBA Executivo em Administra\u00e7\u00e3o com \u00eanfase em Marketing pela Funda\u00e7\u00e3o Get\u00falio Vargas - Rio de Janeiro. Consultor, Palestrante e Pesquisador sobre Empreendedorismo, Marketing, Redes Sociais e Neg\u00f3cios Digitais. Professor, Palestrante TedxTalks e Campus Party. Twitter: @ThalesBrandao","sameAs":["http:\/\/www.mandacaru.com.br","https:\/\/www.facebook.com\/thalesbrandao","http:\/\/www.instagram.com.br\/thalesbrandaoferreira","https:\/\/www.linkedin.com\/in\/thales-brand\u00e3o-3948609\/","https:\/\/x.com\/http:\/\/www.twitter.com\/thalesbrandao"],"url":"https:\/\/www.cidademarketing.com.br\/marketing\/author\/thalesbrandao\/"}]}},"amp_enabled":true,"_links":{"self":[{"href":"https:\/\/www.cidademarketing.com.br\/marketing\/wp-json\/wp\/v2\/posts\/36412","targetHints":{"allow":["GET"]}}],"collection":[{"href":"https:\/\/www.cidademarketing.com.br\/marketing\/wp-json\/wp\/v2\/posts"}],"about":[{"href":"https:\/\/www.cidademarketing.com.br\/marketing\/wp-json\/wp\/v2\/types\/post"}],"author":[{"embeddable":true,"href":"https:\/\/www.cidademarketing.com.br\/marketing\/wp-json\/wp\/v2\/users\/1"}],"replies":[{"embeddable":true,"href":"https:\/\/www.cidademarketing.com.br\/marketing\/wp-json\/wp\/v2\/comments?post=36412"}],"version-history":[{"count":1,"href":"https:\/\/www.cidademarketing.com.br\/marketing\/wp-json\/wp\/v2\/posts\/36412\/revisions"}],"predecessor-version":[{"id":36414,"href":"https:\/\/www.cidademarketing.com.br\/marketing\/wp-json\/wp\/v2\/posts\/36412\/revisions\/36414"}],"wp:featuredmedia":[{"embeddable":true,"href":"https:\/\/www.cidademarketing.com.br\/marketing\/wp-json\/wp\/v2\/media\/36413"}],"wp:attachment":[{"href":"https:\/\/www.cidademarketing.com.br\/marketing\/wp-json\/wp\/v2\/media?parent=36412"}],"wp:term":[{"taxonomy":"category","embeddable":true,"href":"https:\/\/www.cidademarketing.com.br\/marketing\/wp-json\/wp\/v2\/categories?post=36412"},{"taxonomy":"post_tag","embeddable":true,"href":"https:\/\/www.cidademarketing.com.br\/marketing\/wp-json\/wp\/v2\/tags?post=36412"}],"curies":[{"name":"wp","href":"https:\/\/api.w.org\/{rel}","templated":true}]}}