{"id":36298,"date":"2022-05-23T23:30:53","date_gmt":"2022-05-24T02:30:53","guid":{"rendered":"https:\/\/www.cidademarketing.com.br\/marketing\/?p=36298"},"modified":"2022-05-23T23:30:53","modified_gmt":"2022-05-24T02:30:53","slug":"governo-federal-muda-presidente-da-petrobras","status":"publish","type":"post","link":"https:\/\/www.cidademarketing.com.br\/marketing\/2022\/05\/23\/governo-federal-muda-presidente-da-petrobras\/","title":{"rendered":"Governo Federal muda presidente da Petrobras"},"content":{"rendered":"<p><iframe style=\"border-radius: 12px;\" src=\"https:\/\/open.spotify.com\/embed\/show\/4khMKzP3FgFRWVwb73xicc?utm_source=generator&amp;t=0\" width=\"100%\" height=\"232\" frameborder=\"0\" allowfullscreen=\"allowfullscreen\"><\/iframe><br \/>\nO governo federal comunicou uma nova troca na lideran\u00e7a da Petrobras.\u00a0 A substitui\u00e7\u00e3o do presidente da estatal, Jos\u00e9 Mauro Ferreira Coelho, que ficou 39 dias \u00e1 frente da organiza\u00e7\u00e3o.<\/p>\n<p>O Caio M\u00e1rio Paes de Andrade \u00e9 o convidado para assumir o posto &#8211; por indica\u00e7\u00e3o do Governo Federal.<\/p>\n<p>Confira a nota oficial do Minist\u00e9rio de Minas e Energia:<\/p>\n<p><em>&#8220;O Governo Federal, como acionista controlador da Petr\u00f3leo Brasileiro S.A. \u2013 Petrobras, participa que decidiu promover altera\u00e7\u00e3o da Presid\u00eancia da Empresa.<\/em><\/p>\n<p><em>O Governo consigna ao Presidente Jos\u00e9 Mauro os agradecimentos pelos resultados alcan\u00e7ados em sua gest\u00e3o, frente a Petrobras. O Brasil vive atualmente um momento desafiador, decorrente dos efeitos da extrema volatilidade dos hidrocarbonetos nos mercados internacionais.<\/em><\/p>\n<p><em>Adicionalmente, diversos fatores geopol\u00edticos conhecidos por todos resultam em impactos n\u00e3o apenas sobre o pre\u00e7o da gasolina e do diesel, mas sobre todos os componentes energ\u00e9ticos. Dessa maneira, para que sejam mantidas as condi\u00e7\u00f5es necess\u00e1rias para o crescimento do emprego e renda dos brasileiros, \u00e9 preciso fortalecer a capacidade de investimento do setor privado como um todo. Trabalhar e contribuir para um cen\u00e1rio equilibrado na \u00e1rea energ\u00e9tica \u00e9 fundamental para a gera\u00e7\u00e3o de valor da Empresa, gerando benef\u00edcios para toda a sociedade.<\/em><\/p>\n<p><em>Assim, o Governo Federal decidiu convidar o Sr Caio M\u00e1rio Paes de Andrade para exercer o Cargo de Presidente da Petrobras. O Sr Caio Paes de Andrade \u00e9 formado em Comunica\u00e7\u00e3o Social pela Universidade Paulista, p\u00f3s-graduado em Administra\u00e7\u00e3o e Gest\u00e3o pela Harvard University e Mestre em Administra\u00e7\u00e3o de Empresas pela Duke University.<\/em><\/p>\n<p><em>Portanto, o indicado re\u00fane todos as qualifica\u00e7\u00f5es para liderar a Companhia a superar os desafios que a presente conjuntura imp\u00f5e, incrementando o seu capital reputacional, promovendo o continuo aprimoramento administrativo e o crescente desempenho da Empresa, sem descuidar das responsabilidades de governan\u00e7a, ambiental e, especialmente, social da Petrobras.<\/em><\/p>\n<p><em>Por fim, o Governo renova o seu compromisso de respeito a governan\u00e7a da Empresa, mantendo a observ\u00e2ncia dos preceitos normativos e legais que regem a Petrobras.&#8221;<\/em><\/p>\n<p>&nbsp;<\/p>\n<p>Confira a nota da Petrobras:<\/p>\n<p><em>&#8220;A Petrobras informa que recebeu hoje of\u00edcio do Minist\u00e9rio das Minas e Energia, solicitando provid\u00eancias a fim de convocar Assembleia Geral Extraordin\u00e1ria, com o objetivo de promover a destitui\u00e7\u00e3o e elei\u00e7\u00e3o de membro do Conselho de Administra\u00e7\u00e3o, e indicando Caio Mario Paes de Andrade, em substitui\u00e7\u00e3o a Jos\u00e9 Mauro Ferreira Coelho.<\/em><\/p>\n<p><em>O of\u00edcio solicita, ainda, que Caio Mario Paes de Andrade seja, posteriormente, avaliado pelo Conselho de Administra\u00e7\u00e3o da Petrobras para o cargo de Presidente.<\/em><\/p>\n<p><em>Tendo em vista que o Sr. Jos\u00e9 Mauro Ferreira Coelho foi eleito pelo sistema do voto m\u00faltiplo na Assembleia Geral Ordin\u00e1ria realizada em 13\/04\/2022, caso aprovada pela assembleia geral, sua destitui\u00e7\u00e3o implicar\u00e1 na destitui\u00e7\u00e3o dos demais membros do Conselho eleitos pelo mesmo processo, devendo a companhia realizar nova elei\u00e7\u00e3o para esses cargos, nos termos do artigo 141, \u00a7 3\u00ba, da Lei 6.404\/76.<\/em><\/p>\n<p><em>A Petrobras informa que novos fatos relevantes ser\u00e3o oportunamente divulgados ao mercado.<\/em><\/p>\n<p><em>Abaixo, o curr\u00edculo do candidato indicado:<\/em><\/p>\n<p><em><strong>Caio Mario Paes de Andrade<\/strong>. O Sr. Caio Mario Paes de Andrade \u00e9 atualmente Secret\u00e1rio Especial de Desburocratiza\u00e7\u00e3o, Gest\u00e3o e Governo Digital do Minist\u00e9rio da Economia. Empreendedor em tecnologia de informa\u00e7\u00e3o, mercado imobili\u00e1rio e agroneg\u00f3cio, Caio Mario Paes de Andrade tem forma\u00e7\u00e3o em Comunica\u00e7\u00e3o Social pela Universidade Paulista, p\u00f3s-gradua\u00e7\u00e3o em Administra\u00e7\u00e3o e Gest\u00e3o pela Harvard University e Mestre em Administra\u00e7\u00e3o de Empresas pela Duke University. No ano 2000 fundou a WebForce Ventures, respons\u00e1vel pelo desenvolvimento de mais de 30 startups. \u00c9 fundador e conselheiro do Instituto Fazer Acontecer. Em 2019 passou da iniciativa privada para a \u00e1rea p\u00fablica. Foi Presidente do SERPRO at\u00e9 agosto de 2020, quando passou a fazer parte do Minist\u00e9rio da Economia.&#8221;<\/em><\/p>\n<p>&nbsp;<\/p>\n<p><iframe style=\"width: 100%; max-width: 660px; overflow: hidden; background: transparent;\" src=\"https:\/\/embed.podcasts.apple.com\/br\/podcast\/podcast-cidademarketing\/id1371923283\" height=\"450\" frameborder=\"0\" sandbox=\"allow-forms allow-popups allow-same-origin allow-scripts allow-storage-access-by-user-activation allow-top-navigation-by-user-activation\"><\/iframe><\/p>\n","protected":false},"excerpt":{"rendered":"<p>O governo federal comunicou uma nova troca na lideran\u00e7a da Petrobras.\u00a0 A substitui\u00e7\u00e3o do presidente da estatal, Jos\u00e9 Mauro Ferreira Coelho, que ficou 39 dias \u00e1 frente da organiza\u00e7\u00e3o. O Caio M\u00e1rio Paes de Andrade \u00e9 o convidado para assumir o posto &#8211; por indica\u00e7\u00e3o do Governo Federal. Confira a nota oficial do Minist\u00e9rio de [&hellip;]<\/p>\n","protected":false},"author":1,"featured_media":7229,"comment_status":"open","ping_status":"open","sticky":false,"template":"","format":"standard","meta":{"tdm_status":"","tdm_grid_status":"","footnotes":""},"categories":[6],"tags":[33,195,28,354,955],"class_list":["post-36298","post","type-post","status-publish","format-standard","has-post-thumbnail","hentry","category-noticias","tag-estrategia","tag-lideranca","tag-marketing","tag-petrobras","tag-presidente"],"yoast_head":"<!-- This site is optimized with the Yoast SEO plugin v27.5 - https:\/\/yoast.com\/product\/yoast-seo-wordpress\/ -->\n<title>Governo Federal muda presidente da Petrobras - CidadeMarketing<\/title>\n<meta name=\"robots\" content=\"index, follow, max-snippet:-1, max-image-preview:large, max-video-preview:-1\" \/>\n<link rel=\"canonical\" href=\"https:\/\/www.cidademarketing.com.br\/marketing\/2022\/05\/23\/governo-federal-muda-presidente-da-petrobras\/\" \/>\n<meta property=\"og:locale\" content=\"pt_BR\" \/>\n<meta property=\"og:type\" content=\"article\" \/>\n<meta property=\"og:title\" content=\"Governo Federal muda presidente da Petrobras - CidadeMarketing\" \/>\n<meta property=\"og:description\" content=\"O governo federal comunicou uma nova troca na lideran\u00e7a da Petrobras.\u00a0 A substitui\u00e7\u00e3o do presidente da estatal, Jos\u00e9 Mauro Ferreira Coelho, que ficou 39 dias \u00e1 frente da organiza\u00e7\u00e3o. O Caio M\u00e1rio Paes de Andrade \u00e9 o convidado para assumir o posto &#8211; por indica\u00e7\u00e3o do Governo Federal. Confira a nota oficial do Minist\u00e9rio de [&hellip;]\" \/>\n<meta property=\"og:url\" content=\"https:\/\/www.cidademarketing.com.br\/marketing\/2022\/05\/23\/governo-federal-muda-presidente-da-petrobras\/\" \/>\n<meta property=\"og:site_name\" content=\"CidadeMarketing\" \/>\n<meta property=\"article:publisher\" content=\"https:\/\/www.facebook.com\/portalcidademarketing\" \/>\n<meta property=\"article:author\" content=\"https:\/\/www.facebook.com\/thalesbrandao\" \/>\n<meta property=\"article:published_time\" content=\"2022-05-24T02:30:53+00:00\" \/>\n<meta property=\"og:image\" content=\"https:\/\/www.cidademarketing.com.br\/marketing\/wp-content\/uploads\/2019\/03\/petrobras_governofederal.jpeg\" \/>\n\t<meta property=\"og:image:width\" content=\"960\" \/>\n\t<meta property=\"og:image:height\" content=\"470\" \/>\n\t<meta property=\"og:image:type\" content=\"image\/jpeg\" \/>\n<meta name=\"author\" content=\"Thales Brand\u00e3o\" \/>\n<meta name=\"twitter:card\" content=\"summary_large_image\" \/>\n<meta name=\"twitter:creator\" content=\"@http:\/\/www.twitter.com\/thalesbrandao\" \/>\n<meta name=\"twitter:site\" content=\"@CidadeMarketing\" \/>\n<meta name=\"twitter:label1\" content=\"Escrito por\" \/>\n\t<meta name=\"twitter:data1\" content=\"Thales Brand\u00e3o\" \/>\n\t<meta name=\"twitter:label2\" content=\"Est. tempo de leitura\" \/>\n\t<meta name=\"twitter:data2\" content=\"3 minutos\" \/>\n<script type=\"application\/ld+json\" class=\"yoast-schema-graph\">{\"@context\":\"https:\\\/\\\/schema.org\",\"@graph\":[{\"@type\":\"Article\",\"@id\":\"https:\\\/\\\/www.cidademarketing.com.br\\\/marketing\\\/2022\\\/05\\\/23\\\/governo-federal-muda-presidente-da-petrobras\\\/#article\",\"isPartOf\":{\"@id\":\"https:\\\/\\\/www.cidademarketing.com.br\\\/marketing\\\/2022\\\/05\\\/23\\\/governo-federal-muda-presidente-da-petrobras\\\/\"},\"author\":{\"name\":\"Thales Brand\u00e3o\",\"@id\":\"https:\\\/\\\/www.cidademarketing.com.br\\\/marketing\\\/#\\\/schema\\\/person\\\/02daff9f18bd9378c9e01eb6b2db155f\"},\"headline\":\"Governo Federal muda presidente da Petrobras\",\"datePublished\":\"2022-05-24T02:30:53+00:00\",\"mainEntityOfPage\":{\"@id\":\"https:\\\/\\\/www.cidademarketing.com.br\\\/marketing\\\/2022\\\/05\\\/23\\\/governo-federal-muda-presidente-da-petrobras\\\/\"},\"wordCount\":656,\"commentCount\":0,\"publisher\":{\"@id\":\"https:\\\/\\\/www.cidademarketing.com.br\\\/marketing\\\/#organization\"},\"image\":{\"@id\":\"https:\\\/\\\/www.cidademarketing.com.br\\\/marketing\\\/2022\\\/05\\\/23\\\/governo-federal-muda-presidente-da-petrobras\\\/#primaryimage\"},\"thumbnailUrl\":\"https:\\\/\\\/www.cidademarketing.com.br\\\/marketing\\\/wp-content\\\/uploads\\\/2019\\\/03\\\/petrobras_governofederal.jpeg\",\"keywords\":[\"estrat\u00e9gia\",\"lideran\u00e7a\",\"marketing\",\"Petrobras\",\"presidente\"],\"articleSection\":[\"Not\u00edcias\"],\"inLanguage\":\"pt-BR\",\"potentialAction\":[{\"@type\":\"CommentAction\",\"name\":\"Comment\",\"target\":[\"https:\\\/\\\/www.cidademarketing.com.br\\\/marketing\\\/2022\\\/05\\\/23\\\/governo-federal-muda-presidente-da-petrobras\\\/#respond\"]}]},{\"@type\":\"WebPage\",\"@id\":\"https:\\\/\\\/www.cidademarketing.com.br\\\/marketing\\\/2022\\\/05\\\/23\\\/governo-federal-muda-presidente-da-petrobras\\\/\",\"url\":\"https:\\\/\\\/www.cidademarketing.com.br\\\/marketing\\\/2022\\\/05\\\/23\\\/governo-federal-muda-presidente-da-petrobras\\\/\",\"name\":\"Governo Federal muda presidente da Petrobras - CidadeMarketing\",\"isPartOf\":{\"@id\":\"https:\\\/\\\/www.cidademarketing.com.br\\\/marketing\\\/#website\"},\"primaryImageOfPage\":{\"@id\":\"https:\\\/\\\/www.cidademarketing.com.br\\\/marketing\\\/2022\\\/05\\\/23\\\/governo-federal-muda-presidente-da-petrobras\\\/#primaryimage\"},\"image\":{\"@id\":\"https:\\\/\\\/www.cidademarketing.com.br\\\/marketing\\\/2022\\\/05\\\/23\\\/governo-federal-muda-presidente-da-petrobras\\\/#primaryimage\"},\"thumbnailUrl\":\"https:\\\/\\\/www.cidademarketing.com.br\\\/marketing\\\/wp-content\\\/uploads\\\/2019\\\/03\\\/petrobras_governofederal.jpeg\",\"datePublished\":\"2022-05-24T02:30:53+00:00\",\"breadcrumb\":{\"@id\":\"https:\\\/\\\/www.cidademarketing.com.br\\\/marketing\\\/2022\\\/05\\\/23\\\/governo-federal-muda-presidente-da-petrobras\\\/#breadcrumb\"},\"inLanguage\":\"pt-BR\",\"potentialAction\":[{\"@type\":\"ReadAction\",\"target\":[\"https:\\\/\\\/www.cidademarketing.com.br\\\/marketing\\\/2022\\\/05\\\/23\\\/governo-federal-muda-presidente-da-petrobras\\\/\"]}]},{\"@type\":\"ImageObject\",\"inLanguage\":\"pt-BR\",\"@id\":\"https:\\\/\\\/www.cidademarketing.com.br\\\/marketing\\\/2022\\\/05\\\/23\\\/governo-federal-muda-presidente-da-petrobras\\\/#primaryimage\",\"url\":\"https:\\\/\\\/www.cidademarketing.com.br\\\/marketing\\\/wp-content\\\/uploads\\\/2019\\\/03\\\/petrobras_governofederal.jpeg\",\"contentUrl\":\"https:\\\/\\\/www.cidademarketing.com.br\\\/marketing\\\/wp-content\\\/uploads\\\/2019\\\/03\\\/petrobras_governofederal.jpeg\",\"width\":960,\"height\":470,\"caption\":\"Divulga\u00e7\u00e3o\"},{\"@type\":\"BreadcrumbList\",\"@id\":\"https:\\\/\\\/www.cidademarketing.com.br\\\/marketing\\\/2022\\\/05\\\/23\\\/governo-federal-muda-presidente-da-petrobras\\\/#breadcrumb\",\"itemListElement\":[{\"@type\":\"ListItem\",\"position\":1,\"name\":\"In\u00edcio\",\"item\":\"https:\\\/\\\/www.cidademarketing.com.br\\\/marketing\\\/\"},{\"@type\":\"ListItem\",\"position\":2,\"name\":\"Governo Federal muda presidente da Petrobras\"}]},{\"@type\":\"WebSite\",\"@id\":\"https:\\\/\\\/www.cidademarketing.com.br\\\/marketing\\\/#website\",\"url\":\"https:\\\/\\\/www.cidademarketing.com.br\\\/marketing\\\/\",\"name\":\"CidadeMarketing\",\"description\":\"Somos um ve\u00edculo de comunica\u00e7\u00e3o de destaque no Brasil, reconhecido por conte\u00fados nos segmentos de marketing, empreendedorismo e inova\u00e7\u00e3o.\",\"publisher\":{\"@id\":\"https:\\\/\\\/www.cidademarketing.com.br\\\/marketing\\\/#organization\"},\"alternateName\":\"CidadeMarketing\",\"potentialAction\":[{\"@type\":\"SearchAction\",\"target\":{\"@type\":\"EntryPoint\",\"urlTemplate\":\"https:\\\/\\\/www.cidademarketing.com.br\\\/marketing\\\/?s={search_term_string}\"},\"query-input\":{\"@type\":\"PropertyValueSpecification\",\"valueRequired\":true,\"valueName\":\"search_term_string\"}}],\"inLanguage\":\"pt-BR\"},{\"@type\":\"Organization\",\"@id\":\"https:\\\/\\\/www.cidademarketing.com.br\\\/marketing\\\/#organization\",\"name\":\"CidadeMarketing\",\"alternateName\":\"CidadeMarketing\",\"url\":\"https:\\\/\\\/www.cidademarketing.com.br\\\/marketing\\\/\",\"logo\":{\"@type\":\"ImageObject\",\"inLanguage\":\"pt-BR\",\"@id\":\"https:\\\/\\\/www.cidademarketing.com.br\\\/marketing\\\/#\\\/schema\\\/logo\\\/image\\\/\",\"url\":\"https:\\\/\\\/www.cidademarketing.com.br\\\/marketing\\\/wp-content\\\/uploads\\\/2020\\\/01\\\/cidademarketing_marca_mobile.png\",\"contentUrl\":\"https:\\\/\\\/www.cidademarketing.com.br\\\/marketing\\\/wp-content\\\/uploads\\\/2020\\\/01\\\/cidademarketing_marca_mobile.png\",\"width\":230,\"height\":92,\"caption\":\"CidadeMarketing\"},\"image\":{\"@id\":\"https:\\\/\\\/www.cidademarketing.com.br\\\/marketing\\\/#\\\/schema\\\/logo\\\/image\\\/\"},\"sameAs\":[\"https:\\\/\\\/www.facebook.com\\\/portalcidademarketing\",\"https:\\\/\\\/x.com\\\/CidadeMarketing\",\"https:\\\/\\\/www.instagram.com\\\/cidademarketing\\\/\"]},{\"@type\":\"Person\",\"@id\":\"https:\\\/\\\/www.cidademarketing.com.br\\\/marketing\\\/#\\\/schema\\\/person\\\/02daff9f18bd9378c9e01eb6b2db155f\",\"name\":\"Thales Brand\u00e3o\",\"image\":{\"@type\":\"ImageObject\",\"inLanguage\":\"pt-BR\",\"@id\":\"https:\\\/\\\/secure.gravatar.com\\\/avatar\\\/7ca3206950207cc3cb48feec56a8a7898741ab725c368d99d5d7a5a50aab80c6?s=96&d=mm&r=g\",\"url\":\"https:\\\/\\\/secure.gravatar.com\\\/avatar\\\/7ca3206950207cc3cb48feec56a8a7898741ab725c368d99d5d7a5a50aab80c6?s=96&d=mm&r=g\",\"contentUrl\":\"https:\\\/\\\/secure.gravatar.com\\\/avatar\\\/7ca3206950207cc3cb48feec56a8a7898741ab725c368d99d5d7a5a50aab80c6?s=96&d=mm&r=g\",\"caption\":\"Thales Brand\u00e3o\"},\"description\":\"Editor Executivo do Portal CidadeMarketing.com.br &gt; Mestre em Comunica\u00e7\u00e3o e Sociedade pela Universidade Federal de Sergipe. Possui MBA Executivo em Administra\u00e7\u00e3o com \u00eanfase em Marketing pela Funda\u00e7\u00e3o Get\u00falio Vargas - Rio de Janeiro. Consultor, Palestrante e Pesquisador sobre Empreendedorismo, Marketing, Redes Sociais e Neg\u00f3cios Digitais. Professor, Palestrante TedxTalks e Campus Party. Twitter: @ThalesBrandao\",\"sameAs\":[\"http:\\\/\\\/www.mandacaru.com.br\",\"https:\\\/\\\/www.facebook.com\\\/thalesbrandao\",\"http:\\\/\\\/www.instagram.com.br\\\/thalesbrandaoferreira\",\"https:\\\/\\\/www.linkedin.com\\\/in\\\/thales-brand\u00e3o-3948609\\\/\",\"https:\\\/\\\/x.com\\\/http:\\\/\\\/www.twitter.com\\\/thalesbrandao\"],\"url\":\"https:\\\/\\\/www.cidademarketing.com.br\\\/marketing\\\/author\\\/thalesbrandao\\\/\"}]}<\/script>\n<!-- \/ Yoast SEO plugin. -->","yoast_head_json":{"title":"Governo Federal muda presidente da Petrobras - CidadeMarketing","robots":{"index":"index","follow":"follow","max-snippet":"max-snippet:-1","max-image-preview":"max-image-preview:large","max-video-preview":"max-video-preview:-1"},"canonical":"https:\/\/www.cidademarketing.com.br\/marketing\/2022\/05\/23\/governo-federal-muda-presidente-da-petrobras\/","og_locale":"pt_BR","og_type":"article","og_title":"Governo Federal muda presidente da Petrobras - CidadeMarketing","og_description":"O governo federal comunicou uma nova troca na lideran\u00e7a da Petrobras.\u00a0 A substitui\u00e7\u00e3o do presidente da estatal, Jos\u00e9 Mauro Ferreira Coelho, que ficou 39 dias \u00e1 frente da organiza\u00e7\u00e3o. O Caio M\u00e1rio Paes de Andrade \u00e9 o convidado para assumir o posto &#8211; por indica\u00e7\u00e3o do Governo Federal. Confira a nota oficial do Minist\u00e9rio de [&hellip;]","og_url":"https:\/\/www.cidademarketing.com.br\/marketing\/2022\/05\/23\/governo-federal-muda-presidente-da-petrobras\/","og_site_name":"CidadeMarketing","article_publisher":"https:\/\/www.facebook.com\/portalcidademarketing","article_author":"https:\/\/www.facebook.com\/thalesbrandao","article_published_time":"2022-05-24T02:30:53+00:00","og_image":[{"width":960,"height":470,"url":"https:\/\/www.cidademarketing.com.br\/marketing\/wp-content\/uploads\/2019\/03\/petrobras_governofederal.jpeg","type":"image\/jpeg"}],"author":"Thales Brand\u00e3o","twitter_card":"summary_large_image","twitter_creator":"@http:\/\/www.twitter.com\/thalesbrandao","twitter_site":"@CidadeMarketing","twitter_misc":{"Escrito por":"Thales Brand\u00e3o","Est. tempo de leitura":"3 minutos"},"schema":{"@context":"https:\/\/schema.org","@graph":[{"@type":"Article","@id":"https:\/\/www.cidademarketing.com.br\/marketing\/2022\/05\/23\/governo-federal-muda-presidente-da-petrobras\/#article","isPartOf":{"@id":"https:\/\/www.cidademarketing.com.br\/marketing\/2022\/05\/23\/governo-federal-muda-presidente-da-petrobras\/"},"author":{"name":"Thales Brand\u00e3o","@id":"https:\/\/www.cidademarketing.com.br\/marketing\/#\/schema\/person\/02daff9f18bd9378c9e01eb6b2db155f"},"headline":"Governo Federal muda presidente da Petrobras","datePublished":"2022-05-24T02:30:53+00:00","mainEntityOfPage":{"@id":"https:\/\/www.cidademarketing.com.br\/marketing\/2022\/05\/23\/governo-federal-muda-presidente-da-petrobras\/"},"wordCount":656,"commentCount":0,"publisher":{"@id":"https:\/\/www.cidademarketing.com.br\/marketing\/#organization"},"image":{"@id":"https:\/\/www.cidademarketing.com.br\/marketing\/2022\/05\/23\/governo-federal-muda-presidente-da-petrobras\/#primaryimage"},"thumbnailUrl":"https:\/\/www.cidademarketing.com.br\/marketing\/wp-content\/uploads\/2019\/03\/petrobras_governofederal.jpeg","keywords":["estrat\u00e9gia","lideran\u00e7a","marketing","Petrobras","presidente"],"articleSection":["Not\u00edcias"],"inLanguage":"pt-BR","potentialAction":[{"@type":"CommentAction","name":"Comment","target":["https:\/\/www.cidademarketing.com.br\/marketing\/2022\/05\/23\/governo-federal-muda-presidente-da-petrobras\/#respond"]}]},{"@type":"WebPage","@id":"https:\/\/www.cidademarketing.com.br\/marketing\/2022\/05\/23\/governo-federal-muda-presidente-da-petrobras\/","url":"https:\/\/www.cidademarketing.com.br\/marketing\/2022\/05\/23\/governo-federal-muda-presidente-da-petrobras\/","name":"Governo Federal muda presidente da Petrobras - CidadeMarketing","isPartOf":{"@id":"https:\/\/www.cidademarketing.com.br\/marketing\/#website"},"primaryImageOfPage":{"@id":"https:\/\/www.cidademarketing.com.br\/marketing\/2022\/05\/23\/governo-federal-muda-presidente-da-petrobras\/#primaryimage"},"image":{"@id":"https:\/\/www.cidademarketing.com.br\/marketing\/2022\/05\/23\/governo-federal-muda-presidente-da-petrobras\/#primaryimage"},"thumbnailUrl":"https:\/\/www.cidademarketing.com.br\/marketing\/wp-content\/uploads\/2019\/03\/petrobras_governofederal.jpeg","datePublished":"2022-05-24T02:30:53+00:00","breadcrumb":{"@id":"https:\/\/www.cidademarketing.com.br\/marketing\/2022\/05\/23\/governo-federal-muda-presidente-da-petrobras\/#breadcrumb"},"inLanguage":"pt-BR","potentialAction":[{"@type":"ReadAction","target":["https:\/\/www.cidademarketing.com.br\/marketing\/2022\/05\/23\/governo-federal-muda-presidente-da-petrobras\/"]}]},{"@type":"ImageObject","inLanguage":"pt-BR","@id":"https:\/\/www.cidademarketing.com.br\/marketing\/2022\/05\/23\/governo-federal-muda-presidente-da-petrobras\/#primaryimage","url":"https:\/\/www.cidademarketing.com.br\/marketing\/wp-content\/uploads\/2019\/03\/petrobras_governofederal.jpeg","contentUrl":"https:\/\/www.cidademarketing.com.br\/marketing\/wp-content\/uploads\/2019\/03\/petrobras_governofederal.jpeg","width":960,"height":470,"caption":"Divulga\u00e7\u00e3o"},{"@type":"BreadcrumbList","@id":"https:\/\/www.cidademarketing.com.br\/marketing\/2022\/05\/23\/governo-federal-muda-presidente-da-petrobras\/#breadcrumb","itemListElement":[{"@type":"ListItem","position":1,"name":"In\u00edcio","item":"https:\/\/www.cidademarketing.com.br\/marketing\/"},{"@type":"ListItem","position":2,"name":"Governo Federal muda presidente da Petrobras"}]},{"@type":"WebSite","@id":"https:\/\/www.cidademarketing.com.br\/marketing\/#website","url":"https:\/\/www.cidademarketing.com.br\/marketing\/","name":"CidadeMarketing","description":"Somos um ve\u00edculo de comunica\u00e7\u00e3o de destaque no Brasil, reconhecido por conte\u00fados nos segmentos de marketing, empreendedorismo e inova\u00e7\u00e3o.","publisher":{"@id":"https:\/\/www.cidademarketing.com.br\/marketing\/#organization"},"alternateName":"CidadeMarketing","potentialAction":[{"@type":"SearchAction","target":{"@type":"EntryPoint","urlTemplate":"https:\/\/www.cidademarketing.com.br\/marketing\/?s={search_term_string}"},"query-input":{"@type":"PropertyValueSpecification","valueRequired":true,"valueName":"search_term_string"}}],"inLanguage":"pt-BR"},{"@type":"Organization","@id":"https:\/\/www.cidademarketing.com.br\/marketing\/#organization","name":"CidadeMarketing","alternateName":"CidadeMarketing","url":"https:\/\/www.cidademarketing.com.br\/marketing\/","logo":{"@type":"ImageObject","inLanguage":"pt-BR","@id":"https:\/\/www.cidademarketing.com.br\/marketing\/#\/schema\/logo\/image\/","url":"https:\/\/www.cidademarketing.com.br\/marketing\/wp-content\/uploads\/2020\/01\/cidademarketing_marca_mobile.png","contentUrl":"https:\/\/www.cidademarketing.com.br\/marketing\/wp-content\/uploads\/2020\/01\/cidademarketing_marca_mobile.png","width":230,"height":92,"caption":"CidadeMarketing"},"image":{"@id":"https:\/\/www.cidademarketing.com.br\/marketing\/#\/schema\/logo\/image\/"},"sameAs":["https:\/\/www.facebook.com\/portalcidademarketing","https:\/\/x.com\/CidadeMarketing","https:\/\/www.instagram.com\/cidademarketing\/"]},{"@type":"Person","@id":"https:\/\/www.cidademarketing.com.br\/marketing\/#\/schema\/person\/02daff9f18bd9378c9e01eb6b2db155f","name":"Thales Brand\u00e3o","image":{"@type":"ImageObject","inLanguage":"pt-BR","@id":"https:\/\/secure.gravatar.com\/avatar\/7ca3206950207cc3cb48feec56a8a7898741ab725c368d99d5d7a5a50aab80c6?s=96&d=mm&r=g","url":"https:\/\/secure.gravatar.com\/avatar\/7ca3206950207cc3cb48feec56a8a7898741ab725c368d99d5d7a5a50aab80c6?s=96&d=mm&r=g","contentUrl":"https:\/\/secure.gravatar.com\/avatar\/7ca3206950207cc3cb48feec56a8a7898741ab725c368d99d5d7a5a50aab80c6?s=96&d=mm&r=g","caption":"Thales Brand\u00e3o"},"description":"Editor Executivo do Portal CidadeMarketing.com.br &gt; Mestre em Comunica\u00e7\u00e3o e Sociedade pela Universidade Federal de Sergipe. Possui MBA Executivo em Administra\u00e7\u00e3o com \u00eanfase em Marketing pela Funda\u00e7\u00e3o Get\u00falio Vargas - Rio de Janeiro. Consultor, Palestrante e Pesquisador sobre Empreendedorismo, Marketing, Redes Sociais e Neg\u00f3cios Digitais. Professor, Palestrante TedxTalks e Campus Party. Twitter: @ThalesBrandao","sameAs":["http:\/\/www.mandacaru.com.br","https:\/\/www.facebook.com\/thalesbrandao","http:\/\/www.instagram.com.br\/thalesbrandaoferreira","https:\/\/www.linkedin.com\/in\/thales-brand\u00e3o-3948609\/","https:\/\/x.com\/http:\/\/www.twitter.com\/thalesbrandao"],"url":"https:\/\/www.cidademarketing.com.br\/marketing\/author\/thalesbrandao\/"}]}},"amp_enabled":true,"_links":{"self":[{"href":"https:\/\/www.cidademarketing.com.br\/marketing\/wp-json\/wp\/v2\/posts\/36298","targetHints":{"allow":["GET"]}}],"collection":[{"href":"https:\/\/www.cidademarketing.com.br\/marketing\/wp-json\/wp\/v2\/posts"}],"about":[{"href":"https:\/\/www.cidademarketing.com.br\/marketing\/wp-json\/wp\/v2\/types\/post"}],"author":[{"embeddable":true,"href":"https:\/\/www.cidademarketing.com.br\/marketing\/wp-json\/wp\/v2\/users\/1"}],"replies":[{"embeddable":true,"href":"https:\/\/www.cidademarketing.com.br\/marketing\/wp-json\/wp\/v2\/comments?post=36298"}],"version-history":[{"count":1,"href":"https:\/\/www.cidademarketing.com.br\/marketing\/wp-json\/wp\/v2\/posts\/36298\/revisions"}],"predecessor-version":[{"id":36299,"href":"https:\/\/www.cidademarketing.com.br\/marketing\/wp-json\/wp\/v2\/posts\/36298\/revisions\/36299"}],"wp:featuredmedia":[{"embeddable":true,"href":"https:\/\/www.cidademarketing.com.br\/marketing\/wp-json\/wp\/v2\/media\/7229"}],"wp:attachment":[{"href":"https:\/\/www.cidademarketing.com.br\/marketing\/wp-json\/wp\/v2\/media?parent=36298"}],"wp:term":[{"taxonomy":"category","embeddable":true,"href":"https:\/\/www.cidademarketing.com.br\/marketing\/wp-json\/wp\/v2\/categories?post=36298"},{"taxonomy":"post_tag","embeddable":true,"href":"https:\/\/www.cidademarketing.com.br\/marketing\/wp-json\/wp\/v2\/tags?post=36298"}],"curies":[{"name":"wp","href":"https:\/\/api.w.org\/{rel}","templated":true}]}}