{"id":36276,"date":"2022-05-20T16:53:08","date_gmt":"2022-05-20T19:53:08","guid":{"rendered":"https:\/\/www.cidademarketing.com.br\/marketing\/?p=36276"},"modified":"2022-05-20T16:53:08","modified_gmt":"2022-05-20T19:53:08","slug":"casa-fiat-de-cultura-promove-acao-inedita-na-bienal-mineira-do-livro-com-leitura-acessivel-de-obras-de-arte-por-meio-do-toque","status":"publish","type":"post","link":"https:\/\/www.cidademarketing.com.br\/marketing\/2022\/05\/20\/casa-fiat-de-cultura-promove-acao-inedita-na-bienal-mineira-do-livro-com-leitura-acessivel-de-obras-de-arte-por-meio-do-toque\/","title":{"rendered":"Casa Fiat De cultura promove a\u00e7\u00e3o in\u00e9dita na bienal mineira do livro, com leitura acess\u00edvel de obras de arte por meio do toque"},"content":{"rendered":"<p><iframe style=\"border-radius: 12px;\" src=\"https:\/\/open.spotify.com\/embed\/show\/4khMKzP3FgFRWVwb73xicc?utm_source=generator&amp;t=0\" width=\"100%\" height=\"232\" frameborder=\"0\" allowfullscreen=\"allowfullscreen\"><\/iframe><br \/>\nLer as imagens que povoam nosso cotidiano, sejam elas impressas, sejam televisivas, virtuais, fotogr\u00e1ficas, \u00e9 fundamental para a compreens\u00e3o do mundo. Em se tratando da arte, a leitura das imagens auxilia o entendimento sobre uma obra e suas possibilidades de frui\u00e7\u00e3o. No entanto, muitas vezes, elas n\u00e3o s\u00e3o absorvidas e nem \u201clidas\u201d por todos, porque, dentre outros impedimentos, faltam formas adequadas e acess\u00edveis para isso. Para debater este assunto e compartilhar com o p\u00fablico suas a\u00e7\u00f5es de acessibilidade, a Casa Fiat de Cultura participa, a convite da Biblioteca P\u00fablica Estadual de Minas Gerais, da Bienal Mineira do Livro, que ocorre no BH Shopping. A a\u00e7\u00e3o ser\u00e1 realizada pelo N\u00facleo de Acessibilidade e Inclus\u00e3o do Programa Educativo da Casa Fiat de Cultura, que estar\u00e1 \u00e0 disposi\u00e7\u00e3o dos visitantes da Bienal Mineira do Livro, sejam pessoas com defici\u00eancia ou n\u00e3o, na Esta\u00e7\u00e3o Leitura Inclusiva, nos dias 21 e 22 de maio de 2022, das 10h \u00e0s 14h.<\/p>\n<p>O N\u00facleo de Acessibilidade e Inclus\u00e3o do Programa Educativo da Casa Fiat de Cultura apresentar\u00e1, aos visitantes da Bienal Mineira do Livro, pe\u00e7as multissensoriais, baseadas no painel \u201cCiviliza\u00e7\u00e3o Mineira\u201d, de Candido Portinari, em exposi\u00e7\u00e3o permanente no hall de entrada da institui\u00e7\u00e3o cultural; pe\u00e7as em 3D reproduzindo obras da exposi\u00e7\u00e3o \u201cS\u00e3o Francisco na Arte de Mestres Italianos\u201d, que esteve em cartaz na Casa Fiat de Cultura em 2018; dentre outros materiais. Todo o conte\u00fado foi desenvolvido ao longo dos anos, a partir de di\u00e1logos e viv\u00eancias experimentais realizadas com pessoas com defici\u00eancia.<\/p>\n<p>Desde sua funda\u00e7\u00e3o, h\u00e1 16 anos, a Casa Fiat de Cultura conta com um Programa Educativo que \u00e9 pe\u00e7a fundamental no trabalho de valoriza\u00e7\u00e3o e amplia\u00e7\u00e3o do conhecimento proporcionado ao p\u00fablico. Dessa forma, o N\u00facleo de Acessibilidade e Inclus\u00e3o atua n\u00e3o apenas para desenvolver instrumentos e estrat\u00e9gias de acessibilidade, mas tamb\u00e9m na promo\u00e7\u00e3o de discuss\u00f5es sobre media\u00e7\u00e3o e experi\u00eancia est\u00e9tica acess\u00edveis.<\/p>\n<p>\u201cOs museus s\u00e3o espa\u00e7os de descoberta, onde as mentes e os sentidos se abrem para novas perspectivas de reflex\u00e3o e aprendizagem. A Casa Fiat de Cultura \u00e9 esse lugar onde o p\u00fablico encontra novas proposi\u00e7\u00f5es, por meio de uma programa\u00e7\u00e3o ampla, inclusiva e com tem\u00e1ticas diversificadas. Com o formato h\u00edbrido, expandimos o acesso \u00e0 arte e \u00e0 cultura, refor\u00e7ando nosso papel de aceleradora de novas experi\u00eancias e formas de pensar para todos os p\u00fablicos\u201d, acrescenta Ana Vilela, gestora cultural da Casa Fiat de Cultura.<\/p>\n<p>Pe\u00e7as acess\u00edveis<\/p>\n<p>Para o painel \u201cCiviliza\u00e7\u00e3o Mineira\u201d, de Candido Portinari, foram criadas tr\u00eas pe\u00e7as multissensoriais. A tela foi reproduzida em escala reduzida, de modo que \u00e9 poss\u00edvel ser tocada pelo p\u00fablico. A primeira pe\u00e7a ressalta a composi\u00e7\u00e3o de cores da tela, em que predominam o azul e o laranja, e suas varia\u00e7\u00f5es e combina\u00e7\u00f5es. Nela, as cores foram saturadas, para que tanto quem tem baixa vis\u00e3o quanto quem \u00e9 vidente possa compreender como esse jogo de cores dialoga no painel. J\u00e1 a outra pe\u00e7a reproduz as linhas essenciais do desenho da obra e o divide em 12 placas, permitindo que o p\u00fablico entenda como o painel foi composto pelo artista, por meio da montagem e desmontagem das pe\u00e7as. Por fim, a terceira pe\u00e7a destaca a estrutura de composi\u00e7\u00e3o da paisagem, que \u00e9 formada por sete camadas, dando as no\u00e7\u00f5es de perspectiva que comp\u00f5em a cena.<\/p>\n<p>Ainda sobre a obra de Portinari, a Casa Fiat de Cultura criou um caderno educativo, impresso em Braille e texto ampliado; v\u00eddeo com audiodescri\u00e7\u00e3o comentada do painel, com tradu\u00e7\u00e3o em Libras e legendas; vers\u00e3o sonora da obra para experimenta\u00e7\u00e3o sinest\u00e9sica; e gr\u00e1fico da vers\u00e3o sonora da obra para complementa\u00e7\u00e3o visual da experimenta\u00e7\u00e3o sinest\u00e9sica.<\/p>\n<p>Tamb\u00e9m est\u00e3o \u00e0 disposi\u00e7\u00e3o do p\u00fablico da Casa Fiat de Cultura tr\u00eas pe\u00e7as que reproduzem obras da exposi\u00e7\u00e3o \u201cS\u00e3o Francisco na Arte de Mestres Italianos\u201d, que esteve em cartaz no espa\u00e7o cultural em 2018 e foi eleita, pela publica\u00e7\u00e3o The Art Newspaper, da Inglaterra, como uma das 100 mostras mais visitadas do mundo em 2018, na categoria Old Masters. Os quadros reproduzidos em 3D s\u00e3o representativos do Pr\u00e9-Renascimento, do Renascimento e do Barroco. As pe\u00e7as s\u00e3o feitas de resina, por vetoriza\u00e7\u00e3o das imagens, e consequente convers\u00e3o em um programa de computador, que as esculpiu em relevo, numa parceria com o Stellantis Design Center South America \u2014 centro de design da marca, respons\u00e1vel pela cria\u00e7\u00e3o de carros do grupo automobil\u00edstico.<\/p>\n<p>Casa Fiat de Cultura<br \/>\nA Casa Fiat de Cultura cumpre importante papel na transforma\u00e7\u00e3o do cen\u00e1rio cultural brasileiro, ao realizar prestigiadas exposi\u00e7\u00f5es. A programa\u00e7\u00e3o estimula a reflex\u00e3o e intera\u00e7\u00e3o do p\u00fablico com v\u00e1rias linguagens e movimentos art\u00edsticos, desde a arte cl\u00e1ssica at\u00e9 a arte digital e contempor\u00e2nea. Por meio do Programa Educativo, a institui\u00e7\u00e3o articula a\u00e7\u00f5es para ampliar a acessibilidade \u00e0s exposi\u00e7\u00f5es, desenvolvendo r\u00e9plicas de obras de arte em 3D, materiais em braille e atendimento em libras. Mais de 60 mostras, de consagrados artistas brasileiros e internacionais, j\u00e1 foram expostas na Casa Fiat de Cultura, entre os quais Caravaggio, Rodin, Chagall, Tarsila, Portinari entre outros. H\u00e1 16 anos, o espa\u00e7o apresenta uma programa\u00e7\u00e3o diversificada, com m\u00fasica, palestras, resid\u00eancia art\u00edstica, al\u00e9m do Ateli\u00ea Aberto \u2013 espa\u00e7o de experimenta\u00e7\u00e3o art\u00edstica \u2013 e de programas de visitas com abordagem voltada para a valoriza\u00e7\u00e3o do patrim\u00f4nio cultural e art\u00edstico. A Casa Fiat de Cultura \u00e9 situada no hist\u00f3rico edif\u00edcio do Pal\u00e1cio dos Despachos e apresenta, em car\u00e1ter permanente, o painel de Portinari, Civiliza\u00e7\u00e3o Mineira, de 1959. O espa\u00e7o integra um dos mais expressivos corredores culturais do pa\u00eds, o Circuito Liberdade, em Belo Horizonte. Mais de 3,5 milh\u00f5es de pessoas j\u00e1 visitaram suas exposi\u00e7\u00f5es e 580 mil participaram de suas atividades educativas.<\/p>\n<p>SERVI\u00c7O:<\/p>\n<p>Leitura de Imagem| Esta\u00e7\u00e3o Leitura Inclusiva \u2013 Casa Fiat de Cultura na Bienal Mineira do Livro<br \/>\n21 e 22 de maio de 2022, das 10h \u00e0s 14h<br \/>\nBienal Mineira do Livro no BH Shopping (BR 356, n.\u00ba 3049, Belvedere &#8211; Belo Horizonte\/MG)<br \/>\nInforma\u00e7\u00f5es: <a href=\"https:\/\/bienalmineiradolivro.com.br\/\" target=\"_blank\" rel=\"noopener\">https:\/\/bienalmineiradolivro.com.br\/<\/a><\/p>\n<p>Casa Fiat de Cultura<br \/>\nCircuito Liberdade<br \/>\nPra\u00e7a da Liberdade, 10 \u2013 Funcion\u00e1rios \u2013 BH\/MG<\/p>\n<p>Hor\u00e1rio de Funcionamento<br \/>\nTer\u00e7a a sexta-feira, das 10h \u00e0s 19h<br \/>\nS\u00e1bados, domingos e feriados, das 10h \u00e0s 18h<\/p>\n<p>Informa\u00e7\u00f5es<br \/>\n(31) 3289-8900<br \/>\nwww.casafiatdecultura.com.br<\/p>\n<p><iframe style=\"width: 100%; max-width: 660px; overflow: hidden; background: transparent;\" src=\"https:\/\/embed.podcasts.apple.com\/br\/podcast\/podcast-cidademarketing\/id1371923283\" height=\"450\" frameborder=\"0\" sandbox=\"allow-forms allow-popups allow-same-origin allow-scripts allow-storage-access-by-user-activation allow-top-navigation-by-user-activation\"><\/iframe><\/p>\n","protected":false},"excerpt":{"rendered":"<p>Ler as imagens que povoam nosso cotidiano, sejam elas impressas, sejam televisivas, virtuais, fotogr\u00e1ficas, \u00e9 fundamental para a compreens\u00e3o do mundo. Em se tratando da arte, a leitura das imagens auxilia o entendimento sobre uma obra e suas possibilidades de frui\u00e7\u00e3o. No entanto, muitas vezes, elas n\u00e3o s\u00e3o absorvidas e nem \u201clidas\u201d por todos, porque, [&hellip;]<\/p>\n","protected":false},"author":1,"featured_media":36278,"comment_status":"open","ping_status":"open","sticky":false,"template":"","format":"standard","meta":{"tdm_status":"","tdm_grid_status":"","footnotes":""},"categories":[6],"tags":[722,33,356,39,28,340],"class_list":["post-36276","post","type-post","status-publish","format-standard","has-post-thumbnail","hentry","category-noticias","tag-cultura","tag-estrategia","tag-fiat","tag-investimento","tag-marketing","tag-marketing-cultural"],"yoast_head":"<!-- This site is optimized with the Yoast SEO plugin v27.5 - https:\/\/yoast.com\/product\/yoast-seo-wordpress\/ -->\n<title>Casa Fiat De cultura promove a\u00e7\u00e3o in\u00e9dita na bienal mineira do livro, com leitura acess\u00edvel de obras de arte por meio do toque - CidadeMarketing<\/title>\n<meta name=\"robots\" content=\"index, follow, max-snippet:-1, max-image-preview:large, max-video-preview:-1\" \/>\n<link rel=\"canonical\" href=\"https:\/\/www.cidademarketing.com.br\/marketing\/2022\/05\/20\/casa-fiat-de-cultura-promove-acao-inedita-na-bienal-mineira-do-livro-com-leitura-acessivel-de-obras-de-arte-por-meio-do-toque\/\" \/>\n<meta property=\"og:locale\" content=\"pt_BR\" \/>\n<meta property=\"og:type\" content=\"article\" \/>\n<meta property=\"og:title\" content=\"Casa Fiat De cultura promove a\u00e7\u00e3o in\u00e9dita na bienal mineira do livro, com leitura acess\u00edvel de obras de arte por meio do toque - CidadeMarketing\" \/>\n<meta property=\"og:description\" content=\"Ler as imagens que povoam nosso cotidiano, sejam elas impressas, sejam televisivas, virtuais, fotogr\u00e1ficas, \u00e9 fundamental para a compreens\u00e3o do mundo. Em se tratando da arte, a leitura das imagens auxilia o entendimento sobre uma obra e suas possibilidades de frui\u00e7\u00e3o. No entanto, muitas vezes, elas n\u00e3o s\u00e3o absorvidas e nem \u201clidas\u201d por todos, porque, [&hellip;]\" \/>\n<meta property=\"og:url\" content=\"https:\/\/www.cidademarketing.com.br\/marketing\/2022\/05\/20\/casa-fiat-de-cultura-promove-acao-inedita-na-bienal-mineira-do-livro-com-leitura-acessivel-de-obras-de-arte-por-meio-do-toque\/\" \/>\n<meta property=\"og:site_name\" content=\"CidadeMarketing\" \/>\n<meta property=\"article:publisher\" content=\"https:\/\/www.facebook.com\/portalcidademarketing\" \/>\n<meta property=\"article:author\" content=\"https:\/\/www.facebook.com\/thalesbrandao\" \/>\n<meta property=\"article:published_time\" content=\"2022-05-20T19:53:08+00:00\" \/>\n<meta property=\"og:image\" content=\"https:\/\/www.cidademarketing.com.br\/marketing\/wp-content\/uploads\/2022\/05\/casafiat_cultura.jpg\" \/>\n\t<meta property=\"og:image:width\" content=\"1668\" \/>\n\t<meta property=\"og:image:height\" content=\"900\" \/>\n\t<meta property=\"og:image:type\" content=\"image\/jpeg\" \/>\n<meta name=\"author\" content=\"Thales Brand\u00e3o\" \/>\n<meta name=\"twitter:card\" content=\"summary_large_image\" \/>\n<meta name=\"twitter:creator\" content=\"@http:\/\/www.twitter.com\/thalesbrandao\" \/>\n<meta name=\"twitter:site\" content=\"@CidadeMarketing\" \/>\n<meta name=\"twitter:label1\" content=\"Escrito por\" \/>\n\t<meta name=\"twitter:data1\" content=\"Thales Brand\u00e3o\" \/>\n\t<meta name=\"twitter:label2\" content=\"Est. tempo de leitura\" \/>\n\t<meta name=\"twitter:data2\" content=\"6 minutos\" \/>\n<script type=\"application\/ld+json\" class=\"yoast-schema-graph\">{\"@context\":\"https:\\\/\\\/schema.org\",\"@graph\":[{\"@type\":\"Article\",\"@id\":\"https:\\\/\\\/www.cidademarketing.com.br\\\/marketing\\\/2022\\\/05\\\/20\\\/casa-fiat-de-cultura-promove-acao-inedita-na-bienal-mineira-do-livro-com-leitura-acessivel-de-obras-de-arte-por-meio-do-toque\\\/#article\",\"isPartOf\":{\"@id\":\"https:\\\/\\\/www.cidademarketing.com.br\\\/marketing\\\/2022\\\/05\\\/20\\\/casa-fiat-de-cultura-promove-acao-inedita-na-bienal-mineira-do-livro-com-leitura-acessivel-de-obras-de-arte-por-meio-do-toque\\\/\"},\"author\":{\"name\":\"Thales Brand\u00e3o\",\"@id\":\"https:\\\/\\\/www.cidademarketing.com.br\\\/marketing\\\/#\\\/schema\\\/person\\\/02daff9f18bd9378c9e01eb6b2db155f\"},\"headline\":\"Casa Fiat De cultura promove a\u00e7\u00e3o in\u00e9dita na bienal mineira do livro, com leitura acess\u00edvel de obras de arte por meio do toque\",\"datePublished\":\"2022-05-20T19:53:08+00:00\",\"mainEntityOfPage\":{\"@id\":\"https:\\\/\\\/www.cidademarketing.com.br\\\/marketing\\\/2022\\\/05\\\/20\\\/casa-fiat-de-cultura-promove-acao-inedita-na-bienal-mineira-do-livro-com-leitura-acessivel-de-obras-de-arte-por-meio-do-toque\\\/\"},\"wordCount\":1142,\"commentCount\":0,\"publisher\":{\"@id\":\"https:\\\/\\\/www.cidademarketing.com.br\\\/marketing\\\/#organization\"},\"image\":{\"@id\":\"https:\\\/\\\/www.cidademarketing.com.br\\\/marketing\\\/2022\\\/05\\\/20\\\/casa-fiat-de-cultura-promove-acao-inedita-na-bienal-mineira-do-livro-com-leitura-acessivel-de-obras-de-arte-por-meio-do-toque\\\/#primaryimage\"},\"thumbnailUrl\":\"https:\\\/\\\/www.cidademarketing.com.br\\\/marketing\\\/wp-content\\\/uploads\\\/2022\\\/05\\\/casafiat_cultura.jpg\",\"keywords\":[\"Cultura\",\"estrat\u00e9gia\",\"Fiat\",\"investimento\",\"marketing\",\"marketing cultural\"],\"articleSection\":[\"Not\u00edcias\"],\"inLanguage\":\"pt-BR\",\"potentialAction\":[{\"@type\":\"CommentAction\",\"name\":\"Comment\",\"target\":[\"https:\\\/\\\/www.cidademarketing.com.br\\\/marketing\\\/2022\\\/05\\\/20\\\/casa-fiat-de-cultura-promove-acao-inedita-na-bienal-mineira-do-livro-com-leitura-acessivel-de-obras-de-arte-por-meio-do-toque\\\/#respond\"]}]},{\"@type\":\"WebPage\",\"@id\":\"https:\\\/\\\/www.cidademarketing.com.br\\\/marketing\\\/2022\\\/05\\\/20\\\/casa-fiat-de-cultura-promove-acao-inedita-na-bienal-mineira-do-livro-com-leitura-acessivel-de-obras-de-arte-por-meio-do-toque\\\/\",\"url\":\"https:\\\/\\\/www.cidademarketing.com.br\\\/marketing\\\/2022\\\/05\\\/20\\\/casa-fiat-de-cultura-promove-acao-inedita-na-bienal-mineira-do-livro-com-leitura-acessivel-de-obras-de-arte-por-meio-do-toque\\\/\",\"name\":\"Casa Fiat De cultura promove a\u00e7\u00e3o in\u00e9dita na bienal mineira do livro, com leitura acess\u00edvel de obras de arte por meio do toque - CidadeMarketing\",\"isPartOf\":{\"@id\":\"https:\\\/\\\/www.cidademarketing.com.br\\\/marketing\\\/#website\"},\"primaryImageOfPage\":{\"@id\":\"https:\\\/\\\/www.cidademarketing.com.br\\\/marketing\\\/2022\\\/05\\\/20\\\/casa-fiat-de-cultura-promove-acao-inedita-na-bienal-mineira-do-livro-com-leitura-acessivel-de-obras-de-arte-por-meio-do-toque\\\/#primaryimage\"},\"image\":{\"@id\":\"https:\\\/\\\/www.cidademarketing.com.br\\\/marketing\\\/2022\\\/05\\\/20\\\/casa-fiat-de-cultura-promove-acao-inedita-na-bienal-mineira-do-livro-com-leitura-acessivel-de-obras-de-arte-por-meio-do-toque\\\/#primaryimage\"},\"thumbnailUrl\":\"https:\\\/\\\/www.cidademarketing.com.br\\\/marketing\\\/wp-content\\\/uploads\\\/2022\\\/05\\\/casafiat_cultura.jpg\",\"datePublished\":\"2022-05-20T19:53:08+00:00\",\"breadcrumb\":{\"@id\":\"https:\\\/\\\/www.cidademarketing.com.br\\\/marketing\\\/2022\\\/05\\\/20\\\/casa-fiat-de-cultura-promove-acao-inedita-na-bienal-mineira-do-livro-com-leitura-acessivel-de-obras-de-arte-por-meio-do-toque\\\/#breadcrumb\"},\"inLanguage\":\"pt-BR\",\"potentialAction\":[{\"@type\":\"ReadAction\",\"target\":[\"https:\\\/\\\/www.cidademarketing.com.br\\\/marketing\\\/2022\\\/05\\\/20\\\/casa-fiat-de-cultura-promove-acao-inedita-na-bienal-mineira-do-livro-com-leitura-acessivel-de-obras-de-arte-por-meio-do-toque\\\/\"]}]},{\"@type\":\"ImageObject\",\"inLanguage\":\"pt-BR\",\"@id\":\"https:\\\/\\\/www.cidademarketing.com.br\\\/marketing\\\/2022\\\/05\\\/20\\\/casa-fiat-de-cultura-promove-acao-inedita-na-bienal-mineira-do-livro-com-leitura-acessivel-de-obras-de-arte-por-meio-do-toque\\\/#primaryimage\",\"url\":\"https:\\\/\\\/www.cidademarketing.com.br\\\/marketing\\\/wp-content\\\/uploads\\\/2022\\\/05\\\/casafiat_cultura.jpg\",\"contentUrl\":\"https:\\\/\\\/www.cidademarketing.com.br\\\/marketing\\\/wp-content\\\/uploads\\\/2022\\\/05\\\/casafiat_cultura.jpg\",\"width\":1668,\"height\":900,\"caption\":\"Divulga\u00e7\u00e3o\"},{\"@type\":\"BreadcrumbList\",\"@id\":\"https:\\\/\\\/www.cidademarketing.com.br\\\/marketing\\\/2022\\\/05\\\/20\\\/casa-fiat-de-cultura-promove-acao-inedita-na-bienal-mineira-do-livro-com-leitura-acessivel-de-obras-de-arte-por-meio-do-toque\\\/#breadcrumb\",\"itemListElement\":[{\"@type\":\"ListItem\",\"position\":1,\"name\":\"In\u00edcio\",\"item\":\"https:\\\/\\\/www.cidademarketing.com.br\\\/marketing\\\/\"},{\"@type\":\"ListItem\",\"position\":2,\"name\":\"Casa Fiat De cultura promove a\u00e7\u00e3o in\u00e9dita na bienal mineira do livro, com leitura acess\u00edvel de obras de arte por meio do toque\"}]},{\"@type\":\"WebSite\",\"@id\":\"https:\\\/\\\/www.cidademarketing.com.br\\\/marketing\\\/#website\",\"url\":\"https:\\\/\\\/www.cidademarketing.com.br\\\/marketing\\\/\",\"name\":\"CidadeMarketing\",\"description\":\"Somos um ve\u00edculo de comunica\u00e7\u00e3o de destaque no Brasil, reconhecido por conte\u00fados nos segmentos de marketing, empreendedorismo e inova\u00e7\u00e3o.\",\"publisher\":{\"@id\":\"https:\\\/\\\/www.cidademarketing.com.br\\\/marketing\\\/#organization\"},\"alternateName\":\"CidadeMarketing\",\"potentialAction\":[{\"@type\":\"SearchAction\",\"target\":{\"@type\":\"EntryPoint\",\"urlTemplate\":\"https:\\\/\\\/www.cidademarketing.com.br\\\/marketing\\\/?s={search_term_string}\"},\"query-input\":{\"@type\":\"PropertyValueSpecification\",\"valueRequired\":true,\"valueName\":\"search_term_string\"}}],\"inLanguage\":\"pt-BR\"},{\"@type\":\"Organization\",\"@id\":\"https:\\\/\\\/www.cidademarketing.com.br\\\/marketing\\\/#organization\",\"name\":\"CidadeMarketing\",\"alternateName\":\"CidadeMarketing\",\"url\":\"https:\\\/\\\/www.cidademarketing.com.br\\\/marketing\\\/\",\"logo\":{\"@type\":\"ImageObject\",\"inLanguage\":\"pt-BR\",\"@id\":\"https:\\\/\\\/www.cidademarketing.com.br\\\/marketing\\\/#\\\/schema\\\/logo\\\/image\\\/\",\"url\":\"https:\\\/\\\/www.cidademarketing.com.br\\\/marketing\\\/wp-content\\\/uploads\\\/2020\\\/01\\\/cidademarketing_marca_mobile.png\",\"contentUrl\":\"https:\\\/\\\/www.cidademarketing.com.br\\\/marketing\\\/wp-content\\\/uploads\\\/2020\\\/01\\\/cidademarketing_marca_mobile.png\",\"width\":230,\"height\":92,\"caption\":\"CidadeMarketing\"},\"image\":{\"@id\":\"https:\\\/\\\/www.cidademarketing.com.br\\\/marketing\\\/#\\\/schema\\\/logo\\\/image\\\/\"},\"sameAs\":[\"https:\\\/\\\/www.facebook.com\\\/portalcidademarketing\",\"https:\\\/\\\/x.com\\\/CidadeMarketing\",\"https:\\\/\\\/www.instagram.com\\\/cidademarketing\\\/\"]},{\"@type\":\"Person\",\"@id\":\"https:\\\/\\\/www.cidademarketing.com.br\\\/marketing\\\/#\\\/schema\\\/person\\\/02daff9f18bd9378c9e01eb6b2db155f\",\"name\":\"Thales Brand\u00e3o\",\"image\":{\"@type\":\"ImageObject\",\"inLanguage\":\"pt-BR\",\"@id\":\"https:\\\/\\\/secure.gravatar.com\\\/avatar\\\/7ca3206950207cc3cb48feec56a8a7898741ab725c368d99d5d7a5a50aab80c6?s=96&d=mm&r=g\",\"url\":\"https:\\\/\\\/secure.gravatar.com\\\/avatar\\\/7ca3206950207cc3cb48feec56a8a7898741ab725c368d99d5d7a5a50aab80c6?s=96&d=mm&r=g\",\"contentUrl\":\"https:\\\/\\\/secure.gravatar.com\\\/avatar\\\/7ca3206950207cc3cb48feec56a8a7898741ab725c368d99d5d7a5a50aab80c6?s=96&d=mm&r=g\",\"caption\":\"Thales Brand\u00e3o\"},\"description\":\"Editor Executivo do Portal CidadeMarketing.com.br &gt; Mestre em Comunica\u00e7\u00e3o e Sociedade pela Universidade Federal de Sergipe. Possui MBA Executivo em Administra\u00e7\u00e3o com \u00eanfase em Marketing pela Funda\u00e7\u00e3o Get\u00falio Vargas - Rio de Janeiro. Consultor, Palestrante e Pesquisador sobre Empreendedorismo, Marketing, Redes Sociais e Neg\u00f3cios Digitais. Professor, Palestrante TedxTalks e Campus Party. Twitter: @ThalesBrandao\",\"sameAs\":[\"http:\\\/\\\/www.mandacaru.com.br\",\"https:\\\/\\\/www.facebook.com\\\/thalesbrandao\",\"http:\\\/\\\/www.instagram.com.br\\\/thalesbrandaoferreira\",\"https:\\\/\\\/www.linkedin.com\\\/in\\\/thales-brand\u00e3o-3948609\\\/\",\"https:\\\/\\\/x.com\\\/http:\\\/\\\/www.twitter.com\\\/thalesbrandao\"],\"url\":\"https:\\\/\\\/www.cidademarketing.com.br\\\/marketing\\\/author\\\/thalesbrandao\\\/\"}]}<\/script>\n<!-- \/ Yoast SEO plugin. -->","yoast_head_json":{"title":"Casa Fiat De cultura promove a\u00e7\u00e3o in\u00e9dita na bienal mineira do livro, com leitura acess\u00edvel de obras de arte por meio do toque - CidadeMarketing","robots":{"index":"index","follow":"follow","max-snippet":"max-snippet:-1","max-image-preview":"max-image-preview:large","max-video-preview":"max-video-preview:-1"},"canonical":"https:\/\/www.cidademarketing.com.br\/marketing\/2022\/05\/20\/casa-fiat-de-cultura-promove-acao-inedita-na-bienal-mineira-do-livro-com-leitura-acessivel-de-obras-de-arte-por-meio-do-toque\/","og_locale":"pt_BR","og_type":"article","og_title":"Casa Fiat De cultura promove a\u00e7\u00e3o in\u00e9dita na bienal mineira do livro, com leitura acess\u00edvel de obras de arte por meio do toque - CidadeMarketing","og_description":"Ler as imagens que povoam nosso cotidiano, sejam elas impressas, sejam televisivas, virtuais, fotogr\u00e1ficas, \u00e9 fundamental para a compreens\u00e3o do mundo. Em se tratando da arte, a leitura das imagens auxilia o entendimento sobre uma obra e suas possibilidades de frui\u00e7\u00e3o. No entanto, muitas vezes, elas n\u00e3o s\u00e3o absorvidas e nem \u201clidas\u201d por todos, porque, [&hellip;]","og_url":"https:\/\/www.cidademarketing.com.br\/marketing\/2022\/05\/20\/casa-fiat-de-cultura-promove-acao-inedita-na-bienal-mineira-do-livro-com-leitura-acessivel-de-obras-de-arte-por-meio-do-toque\/","og_site_name":"CidadeMarketing","article_publisher":"https:\/\/www.facebook.com\/portalcidademarketing","article_author":"https:\/\/www.facebook.com\/thalesbrandao","article_published_time":"2022-05-20T19:53:08+00:00","og_image":[{"width":1668,"height":900,"url":"https:\/\/www.cidademarketing.com.br\/marketing\/wp-content\/uploads\/2022\/05\/casafiat_cultura.jpg","type":"image\/jpeg"}],"author":"Thales Brand\u00e3o","twitter_card":"summary_large_image","twitter_creator":"@http:\/\/www.twitter.com\/thalesbrandao","twitter_site":"@CidadeMarketing","twitter_misc":{"Escrito por":"Thales Brand\u00e3o","Est. tempo de leitura":"6 minutos"},"schema":{"@context":"https:\/\/schema.org","@graph":[{"@type":"Article","@id":"https:\/\/www.cidademarketing.com.br\/marketing\/2022\/05\/20\/casa-fiat-de-cultura-promove-acao-inedita-na-bienal-mineira-do-livro-com-leitura-acessivel-de-obras-de-arte-por-meio-do-toque\/#article","isPartOf":{"@id":"https:\/\/www.cidademarketing.com.br\/marketing\/2022\/05\/20\/casa-fiat-de-cultura-promove-acao-inedita-na-bienal-mineira-do-livro-com-leitura-acessivel-de-obras-de-arte-por-meio-do-toque\/"},"author":{"name":"Thales Brand\u00e3o","@id":"https:\/\/www.cidademarketing.com.br\/marketing\/#\/schema\/person\/02daff9f18bd9378c9e01eb6b2db155f"},"headline":"Casa Fiat De cultura promove a\u00e7\u00e3o in\u00e9dita na bienal mineira do livro, com leitura acess\u00edvel de obras de arte por meio do toque","datePublished":"2022-05-20T19:53:08+00:00","mainEntityOfPage":{"@id":"https:\/\/www.cidademarketing.com.br\/marketing\/2022\/05\/20\/casa-fiat-de-cultura-promove-acao-inedita-na-bienal-mineira-do-livro-com-leitura-acessivel-de-obras-de-arte-por-meio-do-toque\/"},"wordCount":1142,"commentCount":0,"publisher":{"@id":"https:\/\/www.cidademarketing.com.br\/marketing\/#organization"},"image":{"@id":"https:\/\/www.cidademarketing.com.br\/marketing\/2022\/05\/20\/casa-fiat-de-cultura-promove-acao-inedita-na-bienal-mineira-do-livro-com-leitura-acessivel-de-obras-de-arte-por-meio-do-toque\/#primaryimage"},"thumbnailUrl":"https:\/\/www.cidademarketing.com.br\/marketing\/wp-content\/uploads\/2022\/05\/casafiat_cultura.jpg","keywords":["Cultura","estrat\u00e9gia","Fiat","investimento","marketing","marketing cultural"],"articleSection":["Not\u00edcias"],"inLanguage":"pt-BR","potentialAction":[{"@type":"CommentAction","name":"Comment","target":["https:\/\/www.cidademarketing.com.br\/marketing\/2022\/05\/20\/casa-fiat-de-cultura-promove-acao-inedita-na-bienal-mineira-do-livro-com-leitura-acessivel-de-obras-de-arte-por-meio-do-toque\/#respond"]}]},{"@type":"WebPage","@id":"https:\/\/www.cidademarketing.com.br\/marketing\/2022\/05\/20\/casa-fiat-de-cultura-promove-acao-inedita-na-bienal-mineira-do-livro-com-leitura-acessivel-de-obras-de-arte-por-meio-do-toque\/","url":"https:\/\/www.cidademarketing.com.br\/marketing\/2022\/05\/20\/casa-fiat-de-cultura-promove-acao-inedita-na-bienal-mineira-do-livro-com-leitura-acessivel-de-obras-de-arte-por-meio-do-toque\/","name":"Casa Fiat De cultura promove a\u00e7\u00e3o in\u00e9dita na bienal mineira do livro, com leitura acess\u00edvel de obras de arte por meio do toque - CidadeMarketing","isPartOf":{"@id":"https:\/\/www.cidademarketing.com.br\/marketing\/#website"},"primaryImageOfPage":{"@id":"https:\/\/www.cidademarketing.com.br\/marketing\/2022\/05\/20\/casa-fiat-de-cultura-promove-acao-inedita-na-bienal-mineira-do-livro-com-leitura-acessivel-de-obras-de-arte-por-meio-do-toque\/#primaryimage"},"image":{"@id":"https:\/\/www.cidademarketing.com.br\/marketing\/2022\/05\/20\/casa-fiat-de-cultura-promove-acao-inedita-na-bienal-mineira-do-livro-com-leitura-acessivel-de-obras-de-arte-por-meio-do-toque\/#primaryimage"},"thumbnailUrl":"https:\/\/www.cidademarketing.com.br\/marketing\/wp-content\/uploads\/2022\/05\/casafiat_cultura.jpg","datePublished":"2022-05-20T19:53:08+00:00","breadcrumb":{"@id":"https:\/\/www.cidademarketing.com.br\/marketing\/2022\/05\/20\/casa-fiat-de-cultura-promove-acao-inedita-na-bienal-mineira-do-livro-com-leitura-acessivel-de-obras-de-arte-por-meio-do-toque\/#breadcrumb"},"inLanguage":"pt-BR","potentialAction":[{"@type":"ReadAction","target":["https:\/\/www.cidademarketing.com.br\/marketing\/2022\/05\/20\/casa-fiat-de-cultura-promove-acao-inedita-na-bienal-mineira-do-livro-com-leitura-acessivel-de-obras-de-arte-por-meio-do-toque\/"]}]},{"@type":"ImageObject","inLanguage":"pt-BR","@id":"https:\/\/www.cidademarketing.com.br\/marketing\/2022\/05\/20\/casa-fiat-de-cultura-promove-acao-inedita-na-bienal-mineira-do-livro-com-leitura-acessivel-de-obras-de-arte-por-meio-do-toque\/#primaryimage","url":"https:\/\/www.cidademarketing.com.br\/marketing\/wp-content\/uploads\/2022\/05\/casafiat_cultura.jpg","contentUrl":"https:\/\/www.cidademarketing.com.br\/marketing\/wp-content\/uploads\/2022\/05\/casafiat_cultura.jpg","width":1668,"height":900,"caption":"Divulga\u00e7\u00e3o"},{"@type":"BreadcrumbList","@id":"https:\/\/www.cidademarketing.com.br\/marketing\/2022\/05\/20\/casa-fiat-de-cultura-promove-acao-inedita-na-bienal-mineira-do-livro-com-leitura-acessivel-de-obras-de-arte-por-meio-do-toque\/#breadcrumb","itemListElement":[{"@type":"ListItem","position":1,"name":"In\u00edcio","item":"https:\/\/www.cidademarketing.com.br\/marketing\/"},{"@type":"ListItem","position":2,"name":"Casa Fiat De cultura promove a\u00e7\u00e3o in\u00e9dita na bienal mineira do livro, com leitura acess\u00edvel de obras de arte por meio do toque"}]},{"@type":"WebSite","@id":"https:\/\/www.cidademarketing.com.br\/marketing\/#website","url":"https:\/\/www.cidademarketing.com.br\/marketing\/","name":"CidadeMarketing","description":"Somos um ve\u00edculo de comunica\u00e7\u00e3o de destaque no Brasil, reconhecido por conte\u00fados nos segmentos de marketing, empreendedorismo e inova\u00e7\u00e3o.","publisher":{"@id":"https:\/\/www.cidademarketing.com.br\/marketing\/#organization"},"alternateName":"CidadeMarketing","potentialAction":[{"@type":"SearchAction","target":{"@type":"EntryPoint","urlTemplate":"https:\/\/www.cidademarketing.com.br\/marketing\/?s={search_term_string}"},"query-input":{"@type":"PropertyValueSpecification","valueRequired":true,"valueName":"search_term_string"}}],"inLanguage":"pt-BR"},{"@type":"Organization","@id":"https:\/\/www.cidademarketing.com.br\/marketing\/#organization","name":"CidadeMarketing","alternateName":"CidadeMarketing","url":"https:\/\/www.cidademarketing.com.br\/marketing\/","logo":{"@type":"ImageObject","inLanguage":"pt-BR","@id":"https:\/\/www.cidademarketing.com.br\/marketing\/#\/schema\/logo\/image\/","url":"https:\/\/www.cidademarketing.com.br\/marketing\/wp-content\/uploads\/2020\/01\/cidademarketing_marca_mobile.png","contentUrl":"https:\/\/www.cidademarketing.com.br\/marketing\/wp-content\/uploads\/2020\/01\/cidademarketing_marca_mobile.png","width":230,"height":92,"caption":"CidadeMarketing"},"image":{"@id":"https:\/\/www.cidademarketing.com.br\/marketing\/#\/schema\/logo\/image\/"},"sameAs":["https:\/\/www.facebook.com\/portalcidademarketing","https:\/\/x.com\/CidadeMarketing","https:\/\/www.instagram.com\/cidademarketing\/"]},{"@type":"Person","@id":"https:\/\/www.cidademarketing.com.br\/marketing\/#\/schema\/person\/02daff9f18bd9378c9e01eb6b2db155f","name":"Thales Brand\u00e3o","image":{"@type":"ImageObject","inLanguage":"pt-BR","@id":"https:\/\/secure.gravatar.com\/avatar\/7ca3206950207cc3cb48feec56a8a7898741ab725c368d99d5d7a5a50aab80c6?s=96&d=mm&r=g","url":"https:\/\/secure.gravatar.com\/avatar\/7ca3206950207cc3cb48feec56a8a7898741ab725c368d99d5d7a5a50aab80c6?s=96&d=mm&r=g","contentUrl":"https:\/\/secure.gravatar.com\/avatar\/7ca3206950207cc3cb48feec56a8a7898741ab725c368d99d5d7a5a50aab80c6?s=96&d=mm&r=g","caption":"Thales Brand\u00e3o"},"description":"Editor Executivo do Portal CidadeMarketing.com.br &gt; Mestre em Comunica\u00e7\u00e3o e Sociedade pela Universidade Federal de Sergipe. Possui MBA Executivo em Administra\u00e7\u00e3o com \u00eanfase em Marketing pela Funda\u00e7\u00e3o Get\u00falio Vargas - Rio de Janeiro. Consultor, Palestrante e Pesquisador sobre Empreendedorismo, Marketing, Redes Sociais e Neg\u00f3cios Digitais. Professor, Palestrante TedxTalks e Campus Party. Twitter: @ThalesBrandao","sameAs":["http:\/\/www.mandacaru.com.br","https:\/\/www.facebook.com\/thalesbrandao","http:\/\/www.instagram.com.br\/thalesbrandaoferreira","https:\/\/www.linkedin.com\/in\/thales-brand\u00e3o-3948609\/","https:\/\/x.com\/http:\/\/www.twitter.com\/thalesbrandao"],"url":"https:\/\/www.cidademarketing.com.br\/marketing\/author\/thalesbrandao\/"}]}},"amp_enabled":true,"_links":{"self":[{"href":"https:\/\/www.cidademarketing.com.br\/marketing\/wp-json\/wp\/v2\/posts\/36276","targetHints":{"allow":["GET"]}}],"collection":[{"href":"https:\/\/www.cidademarketing.com.br\/marketing\/wp-json\/wp\/v2\/posts"}],"about":[{"href":"https:\/\/www.cidademarketing.com.br\/marketing\/wp-json\/wp\/v2\/types\/post"}],"author":[{"embeddable":true,"href":"https:\/\/www.cidademarketing.com.br\/marketing\/wp-json\/wp\/v2\/users\/1"}],"replies":[{"embeddable":true,"href":"https:\/\/www.cidademarketing.com.br\/marketing\/wp-json\/wp\/v2\/comments?post=36276"}],"version-history":[{"count":1,"href":"https:\/\/www.cidademarketing.com.br\/marketing\/wp-json\/wp\/v2\/posts\/36276\/revisions"}],"predecessor-version":[{"id":36279,"href":"https:\/\/www.cidademarketing.com.br\/marketing\/wp-json\/wp\/v2\/posts\/36276\/revisions\/36279"}],"wp:featuredmedia":[{"embeddable":true,"href":"https:\/\/www.cidademarketing.com.br\/marketing\/wp-json\/wp\/v2\/media\/36278"}],"wp:attachment":[{"href":"https:\/\/www.cidademarketing.com.br\/marketing\/wp-json\/wp\/v2\/media?parent=36276"}],"wp:term":[{"taxonomy":"category","embeddable":true,"href":"https:\/\/www.cidademarketing.com.br\/marketing\/wp-json\/wp\/v2\/categories?post=36276"},{"taxonomy":"post_tag","embeddable":true,"href":"https:\/\/www.cidademarketing.com.br\/marketing\/wp-json\/wp\/v2\/tags?post=36276"}],"curies":[{"name":"wp","href":"https:\/\/api.w.org\/{rel}","templated":true}]}}