{"id":3626,"date":"2018-12-08T12:39:11","date_gmt":"2018-12-08T14:39:11","guid":{"rendered":"http:\/\/www.cidademarketing.com.br\/marketing\/?p=3626"},"modified":"2018-12-08T12:39:14","modified_gmt":"2018-12-08T14:39:14","slug":"instituto-renault-apoia-a-modernizacao-do-museu-casa-alfredo-andersen","status":"publish","type":"post","link":"https:\/\/www.cidademarketing.com.br\/marketing\/2018\/12\/08\/instituto-renault-apoia-a-modernizacao-do-museu-casa-alfredo-andersen\/","title":{"rendered":"Instituto Renault apoia a moderniza\u00e7\u00e3o do Museu Casa Alfredo Andersen"},"content":{"rendered":"\n<table class=\"wp-block-table\"><tbody><tr><td>                         Na noite desta quinta-feira (07), ocorreu a reabertura    oficial do Museu Casa Alfredo\u00a0Andersen. A Renault, por meio do    Insitituto Renault, destinou R$ 700 mil em apoio \u00e0 revitaliza\u00e7\u00e3o e    moderniza\u00e7\u00e3o do local.<br>    \u201cA revitaliza\u00e7\u00e3o do\u00a0Museu Casa Alfredo Andersen\u00a0\u00e9 motivo de    orgulho\u00a0pela sua import\u00e2ncia, especialmente no ano\u00a0em que    comemoramos 20 anos de f\u00e1brica no Paran\u00e1\u201d, afirma Caique Ferreira,    vice-presidente do Instituto Renault e diretor de\u00a0comunica\u00e7\u00e3o da    Marca.<br>    Localizada na Rua Mateus Leme n\u00ba 336, em Curitiba, o local foi tombado pelo    Patrim\u00f4nio Hist\u00f3rico e Art\u00edstico do Paran\u00e1 em 1971.<br>    <br>    <strong>Instituto Renault<\/strong><br>    <br>    Criado h\u00e1 oito anos, o Instituto Renault tem como objetivo promover a\u00e7\u00f5es    voltadas \u00e0 sustentabilidade socioambiental, atuando em dois eixos:    Mobilidade Sustent\u00e1vel e inclus\u00e3o. No eixo Inclus\u00e3o, s\u00e3o destaques:<br>    \u00a0<br>    O programa\u00a0Renault Experience, que busca estimular o empreendedorismo    e a inova\u00e7\u00e3o por meio do modelo de startups. Criado em 2010, o programa j\u00e1    atingiu 37 mil estudantes.<br>    \u00a0<br>    A\u00a0Associa\u00e7\u00e3o Borda Viva, para promo\u00e7\u00e3o do desenvolvimento social, da    seguran\u00e7a alimentar para crian\u00e7as e do empoderamento feminino por meio do    empreendedorismo e da gera\u00e7\u00e3o de renda. Cerca de 90 mil pessoas j\u00e1 foram    atingidas pelas a\u00e7\u00f5es da Associa\u00e7\u00e3o em parceria com o Instituto Renault.<br>    \u00a0<br>    No eixo Mobilidade Sustent\u00e1vel, destaque para:<br>    \u00a0<br>    Programa \u201cO Tr\u00e2nsito e Eu\u201d, de educa\u00e7\u00e3o para seguran\u00e7a no tr\u00e2nsito,    presente de forma permanente em oito munic\u00edpios do pa\u00eds: Curitiba, S\u00e3o Jos\u00e9    dos Pinhais, Maring\u00e1 e Arapongas, no Paran\u00e1; Pelotas (RS); al\u00e9m das cidades    paulistas de S\u00e3o Bernardo do Campo, Santa B\u00e1rbara d\u2019Oeste e S\u00e3o Paulo,    capital. O programa tamb\u00e9m desenvolve a\u00e7\u00f5es itinerantes em parques,    shoppings e eventos. Cerca de 230 mil crian\u00e7as j\u00e1 foram atingidas pela    iniciativa.<br>    \u00a0<br>    No mesmo eixo, a Renault j\u00e1 comercializou cerca de 150 ve\u00edculos 100%    el\u00e9tricos no Brasil a empresas que possuem projetos relacionados \u00e0    mobilidade zero emiss\u00e3o.<br>    <br>    No total, mais de 700 mil pessoas j\u00e1 foram atingidas pelas a\u00e7\u00f5es do    Instituto Renault. Mais informa\u00e7\u00f5es em\u00a0<a href=\"https:\/\/renault.us12.list-manage.com\/track\/click?u=b66990c45e1e1440647764d39&amp;id=8e9b2f1f3e&amp;e=2e157f35cb\" target=\"_blank\" rel=\"noreferrer noopener\" aria-label=\"Na noite desta quinta-feira (07), ocorreu a reabertura    oficial do Museu Casa Alfredo\u00a0Andersen. A Renault, por meio do    Insitituto Renault, destinou R$ 700 mil em apoio \u00e0 revitaliza\u00e7\u00e3o e    moderniza\u00e7\u00e3o do local.\n    \u201cA revitaliza\u00e7\u00e3o do\u00a0Museu Casa Alfredo Andersen\u00a0\u00e9 motivo de    orgulho\u00a0pela sua import\u00e2ncia, especialmente no ano\u00a0em que    comemoramos 20 anos de f\u00e1brica no Paran\u00e1\u201d, afirma Caique Ferreira,    vice-presidente do Instituto Renault e diretor de\u00a0comunica\u00e7\u00e3o da    Marca.\n    Localizada na Rua Mateus Leme n\u00ba 336, em Curitiba, o local foi tombado pelo    Patrim\u00f4nio Hist\u00f3rico e Art\u00edstico do Paran\u00e1 em 1971.\n    \n    Instituto Renault\n    \n    Criado h\u00e1 oito anos, o Instituto Renault tem como objetivo promover a\u00e7\u00f5es    voltadas \u00e0 sustentabilidade socioambiental, atuando em dois eixos:    Mobilidade Sustent\u00e1vel e inclus\u00e3o. No eixo Inclus\u00e3o, s\u00e3o destaques:\n    \u00a0\n    O programa\u00a0Renault Experience, que busca estimular o empreendedorismo    e a inova\u00e7\u00e3o por meio do modelo de startups. Criado em 2010, o programa j\u00e1    atingiu 37 mil estudantes.\n    \u00a0\n    A\u00a0Associa\u00e7\u00e3o Borda Viva, para promo\u00e7\u00e3o do desenvolvimento social, da    seguran\u00e7a alimentar para crian\u00e7as e do empoderamento feminino por meio do    empreendedorismo e da gera\u00e7\u00e3o de renda. Cerca de 90 mil pessoas j\u00e1 foram    atingidas pelas a\u00e7\u00f5es da Associa\u00e7\u00e3o em parceria com o Instituto Renault.\n    \u00a0\n    No eixo Mobilidade Sustent\u00e1vel, destaque para:\n    \u00a0\n    Programa \u201cO Tr\u00e2nsito e Eu\u201d, de educa\u00e7\u00e3o para seguran\u00e7a no tr\u00e2nsito,    presente de forma permanente em oito munic\u00edpios do pa\u00eds: Curitiba, S\u00e3o Jos\u00e9    dos Pinhais, Maring\u00e1 e Arapongas, no Paran\u00e1; Pelotas (RS); al\u00e9m das cidades    paulistas de S\u00e3o Bernardo do Campo, Santa B\u00e1rbara d\u2019Oeste e S\u00e3o Paulo,    capital. O programa tamb\u00e9m desenvolve a\u00e7\u00f5es itinerantes em parques,    shoppings e eventos. Cerca de 230 mil crian\u00e7as j\u00e1 foram atingidas pela    iniciativa.\n    \u00a0\n    No mesmo eixo, a Renault j\u00e1 comercializou cerca de 150 ve\u00edculos 100%    el\u00e9tricos no Brasil a empresas que possuem projetos relacionados \u00e0    mobilidade zero emiss\u00e3o.\n    \n    No total, mais de 700 mil pessoas j\u00e1 foram atingidas pelas a\u00e7\u00f5es do    Instituto Renault. Mais informa\u00e7\u00f5es em\u00a0www.institutorenault.com.br.                        (opens in a new tab)\">www.institutorenault.com.br<\/a>.                       <\/td><\/tr><\/tbody><\/table>\n","protected":false},"excerpt":{"rendered":"<p>Na noite desta quinta-feira (07), ocorreu a reabertura oficial do Museu Casa Alfredo\u00a0Andersen. A Renault, por meio do Insitituto Renault, destinou R$ 700 mil em apoio \u00e0 revitaliza\u00e7\u00e3o e moderniza\u00e7\u00e3o do local. \u201cA revitaliza\u00e7\u00e3o do\u00a0Museu Casa Alfredo Andersen\u00a0\u00e9 motivo de orgulho\u00a0pela sua import\u00e2ncia, especialmente no ano\u00a0em que comemoramos 20 anos de f\u00e1brica no Paran\u00e1\u201d, afirma [&hellip;]<\/p>\n","protected":false},"author":1,"featured_media":3627,"comment_status":"open","ping_status":"open","sticky":false,"template":"","format":"standard","meta":{"tdm_status":"","tdm_grid_status":"","footnotes":""},"categories":[6],"tags":[722,478],"class_list":["post-3626","post","type-post","status-publish","format-standard","has-post-thumbnail","hentry","category-noticias","tag-cultura","tag-instituto-renault"],"yoast_head":"<!-- This site is optimized with the Yoast SEO plugin v27.5 - https:\/\/yoast.com\/product\/yoast-seo-wordpress\/ -->\n<title>Instituto Renault apoia a moderniza\u00e7\u00e3o do Museu Casa Alfredo Andersen - CidadeMarketing<\/title>\n<meta name=\"robots\" content=\"index, follow, max-snippet:-1, max-image-preview:large, max-video-preview:-1\" \/>\n<link rel=\"canonical\" href=\"https:\/\/www.cidademarketing.com.br\/marketing\/2018\/12\/08\/instituto-renault-apoia-a-modernizacao-do-museu-casa-alfredo-andersen\/\" \/>\n<meta property=\"og:locale\" content=\"pt_BR\" \/>\n<meta property=\"og:type\" content=\"article\" \/>\n<meta property=\"og:title\" content=\"Instituto Renault apoia a moderniza\u00e7\u00e3o do Museu Casa Alfredo Andersen - CidadeMarketing\" \/>\n<meta property=\"og:description\" content=\"Na noite desta quinta-feira (07), ocorreu a reabertura oficial do Museu Casa Alfredo\u00a0Andersen. A Renault, por meio do Insitituto Renault, destinou R$ 700 mil em apoio \u00e0 revitaliza\u00e7\u00e3o e moderniza\u00e7\u00e3o do local. \u201cA revitaliza\u00e7\u00e3o do\u00a0Museu Casa Alfredo Andersen\u00a0\u00e9 motivo de orgulho\u00a0pela sua import\u00e2ncia, especialmente no ano\u00a0em que comemoramos 20 anos de f\u00e1brica no Paran\u00e1\u201d, afirma [&hellip;]\" \/>\n<meta property=\"og:url\" content=\"https:\/\/www.cidademarketing.com.br\/marketing\/2018\/12\/08\/instituto-renault-apoia-a-modernizacao-do-museu-casa-alfredo-andersen\/\" \/>\n<meta property=\"og:site_name\" content=\"CidadeMarketing\" \/>\n<meta property=\"article:publisher\" content=\"https:\/\/www.facebook.com\/portalcidademarketing\" \/>\n<meta property=\"article:author\" content=\"https:\/\/www.facebook.com\/thalesbrandao\" \/>\n<meta property=\"article:published_time\" content=\"2018-12-08T14:39:11+00:00\" \/>\n<meta property=\"article:modified_time\" content=\"2018-12-08T14:39:14+00:00\" \/>\n<meta property=\"og:image\" content=\"https:\/\/www.cidademarketing.com.br\/marketing\/wp-content\/uploads\/2018\/12\/museu.jpg\" \/>\n\t<meta property=\"og:image:width\" content=\"996\" \/>\n\t<meta property=\"og:image:height\" content=\"560\" \/>\n\t<meta property=\"og:image:type\" content=\"image\/jpeg\" \/>\n<meta name=\"author\" content=\"Thales Brand\u00e3o\" \/>\n<meta name=\"twitter:card\" content=\"summary_large_image\" \/>\n<meta name=\"twitter:creator\" content=\"@http:\/\/www.twitter.com\/thalesbrandao\" \/>\n<meta name=\"twitter:site\" content=\"@CidadeMarketing\" \/>\n<meta name=\"twitter:label1\" content=\"Escrito por\" \/>\n\t<meta name=\"twitter:data1\" content=\"Thales Brand\u00e3o\" \/>\n\t<meta name=\"twitter:label2\" content=\"Est. tempo de leitura\" \/>\n\t<meta name=\"twitter:data2\" content=\"2 minutos\" \/>\n<script type=\"application\/ld+json\" class=\"yoast-schema-graph\">{\"@context\":\"https:\\\/\\\/schema.org\",\"@graph\":[{\"@type\":\"Article\",\"@id\":\"https:\\\/\\\/www.cidademarketing.com.br\\\/marketing\\\/2018\\\/12\\\/08\\\/instituto-renault-apoia-a-modernizacao-do-museu-casa-alfredo-andersen\\\/#article\",\"isPartOf\":{\"@id\":\"https:\\\/\\\/www.cidademarketing.com.br\\\/marketing\\\/2018\\\/12\\\/08\\\/instituto-renault-apoia-a-modernizacao-do-museu-casa-alfredo-andersen\\\/\"},\"author\":{\"name\":\"Thales Brand\u00e3o\",\"@id\":\"https:\\\/\\\/www.cidademarketing.com.br\\\/marketing\\\/#\\\/schema\\\/person\\\/02daff9f18bd9378c9e01eb6b2db155f\"},\"headline\":\"Instituto Renault apoia a moderniza\u00e7\u00e3o do Museu Casa Alfredo Andersen\",\"datePublished\":\"2018-12-08T14:39:11+00:00\",\"dateModified\":\"2018-12-08T14:39:14+00:00\",\"mainEntityOfPage\":{\"@id\":\"https:\\\/\\\/www.cidademarketing.com.br\\\/marketing\\\/2018\\\/12\\\/08\\\/instituto-renault-apoia-a-modernizacao-do-museu-casa-alfredo-andersen\\\/\"},\"wordCount\":358,\"commentCount\":0,\"publisher\":{\"@id\":\"https:\\\/\\\/www.cidademarketing.com.br\\\/marketing\\\/#organization\"},\"image\":{\"@id\":\"https:\\\/\\\/www.cidademarketing.com.br\\\/marketing\\\/2018\\\/12\\\/08\\\/instituto-renault-apoia-a-modernizacao-do-museu-casa-alfredo-andersen\\\/#primaryimage\"},\"thumbnailUrl\":\"https:\\\/\\\/www.cidademarketing.com.br\\\/marketing\\\/wp-content\\\/uploads\\\/2018\\\/12\\\/museu.jpg\",\"keywords\":[\"Cultura\",\"Instituto Renault\"],\"articleSection\":[\"Not\u00edcias\"],\"inLanguage\":\"pt-BR\",\"potentialAction\":[{\"@type\":\"CommentAction\",\"name\":\"Comment\",\"target\":[\"https:\\\/\\\/www.cidademarketing.com.br\\\/marketing\\\/2018\\\/12\\\/08\\\/instituto-renault-apoia-a-modernizacao-do-museu-casa-alfredo-andersen\\\/#respond\"]}]},{\"@type\":\"WebPage\",\"@id\":\"https:\\\/\\\/www.cidademarketing.com.br\\\/marketing\\\/2018\\\/12\\\/08\\\/instituto-renault-apoia-a-modernizacao-do-museu-casa-alfredo-andersen\\\/\",\"url\":\"https:\\\/\\\/www.cidademarketing.com.br\\\/marketing\\\/2018\\\/12\\\/08\\\/instituto-renault-apoia-a-modernizacao-do-museu-casa-alfredo-andersen\\\/\",\"name\":\"Instituto Renault apoia a moderniza\u00e7\u00e3o do Museu Casa Alfredo Andersen - CidadeMarketing\",\"isPartOf\":{\"@id\":\"https:\\\/\\\/www.cidademarketing.com.br\\\/marketing\\\/#website\"},\"primaryImageOfPage\":{\"@id\":\"https:\\\/\\\/www.cidademarketing.com.br\\\/marketing\\\/2018\\\/12\\\/08\\\/instituto-renault-apoia-a-modernizacao-do-museu-casa-alfredo-andersen\\\/#primaryimage\"},\"image\":{\"@id\":\"https:\\\/\\\/www.cidademarketing.com.br\\\/marketing\\\/2018\\\/12\\\/08\\\/instituto-renault-apoia-a-modernizacao-do-museu-casa-alfredo-andersen\\\/#primaryimage\"},\"thumbnailUrl\":\"https:\\\/\\\/www.cidademarketing.com.br\\\/marketing\\\/wp-content\\\/uploads\\\/2018\\\/12\\\/museu.jpg\",\"datePublished\":\"2018-12-08T14:39:11+00:00\",\"dateModified\":\"2018-12-08T14:39:14+00:00\",\"breadcrumb\":{\"@id\":\"https:\\\/\\\/www.cidademarketing.com.br\\\/marketing\\\/2018\\\/12\\\/08\\\/instituto-renault-apoia-a-modernizacao-do-museu-casa-alfredo-andersen\\\/#breadcrumb\"},\"inLanguage\":\"pt-BR\",\"potentialAction\":[{\"@type\":\"ReadAction\",\"target\":[\"https:\\\/\\\/www.cidademarketing.com.br\\\/marketing\\\/2018\\\/12\\\/08\\\/instituto-renault-apoia-a-modernizacao-do-museu-casa-alfredo-andersen\\\/\"]}]},{\"@type\":\"ImageObject\",\"inLanguage\":\"pt-BR\",\"@id\":\"https:\\\/\\\/www.cidademarketing.com.br\\\/marketing\\\/2018\\\/12\\\/08\\\/instituto-renault-apoia-a-modernizacao-do-museu-casa-alfredo-andersen\\\/#primaryimage\",\"url\":\"https:\\\/\\\/www.cidademarketing.com.br\\\/marketing\\\/wp-content\\\/uploads\\\/2018\\\/12\\\/museu.jpg\",\"contentUrl\":\"https:\\\/\\\/www.cidademarketing.com.br\\\/marketing\\\/wp-content\\\/uploads\\\/2018\\\/12\\\/museu.jpg\",\"width\":996,\"height\":560,\"caption\":\"Divulga\u00e7\u00e3o\"},{\"@type\":\"BreadcrumbList\",\"@id\":\"https:\\\/\\\/www.cidademarketing.com.br\\\/marketing\\\/2018\\\/12\\\/08\\\/instituto-renault-apoia-a-modernizacao-do-museu-casa-alfredo-andersen\\\/#breadcrumb\",\"itemListElement\":[{\"@type\":\"ListItem\",\"position\":1,\"name\":\"In\u00edcio\",\"item\":\"https:\\\/\\\/www.cidademarketing.com.br\\\/marketing\\\/\"},{\"@type\":\"ListItem\",\"position\":2,\"name\":\"Instituto Renault apoia a moderniza\u00e7\u00e3o do Museu Casa Alfredo Andersen\"}]},{\"@type\":\"WebSite\",\"@id\":\"https:\\\/\\\/www.cidademarketing.com.br\\\/marketing\\\/#website\",\"url\":\"https:\\\/\\\/www.cidademarketing.com.br\\\/marketing\\\/\",\"name\":\"CidadeMarketing\",\"description\":\"Somos um ve\u00edculo de comunica\u00e7\u00e3o de destaque no Brasil, reconhecido por conte\u00fados nos segmentos de marketing, empreendedorismo e inova\u00e7\u00e3o.\",\"publisher\":{\"@id\":\"https:\\\/\\\/www.cidademarketing.com.br\\\/marketing\\\/#organization\"},\"alternateName\":\"CidadeMarketing\",\"potentialAction\":[{\"@type\":\"SearchAction\",\"target\":{\"@type\":\"EntryPoint\",\"urlTemplate\":\"https:\\\/\\\/www.cidademarketing.com.br\\\/marketing\\\/?s={search_term_string}\"},\"query-input\":{\"@type\":\"PropertyValueSpecification\",\"valueRequired\":true,\"valueName\":\"search_term_string\"}}],\"inLanguage\":\"pt-BR\"},{\"@type\":\"Organization\",\"@id\":\"https:\\\/\\\/www.cidademarketing.com.br\\\/marketing\\\/#organization\",\"name\":\"CidadeMarketing\",\"alternateName\":\"CidadeMarketing\",\"url\":\"https:\\\/\\\/www.cidademarketing.com.br\\\/marketing\\\/\",\"logo\":{\"@type\":\"ImageObject\",\"inLanguage\":\"pt-BR\",\"@id\":\"https:\\\/\\\/www.cidademarketing.com.br\\\/marketing\\\/#\\\/schema\\\/logo\\\/image\\\/\",\"url\":\"https:\\\/\\\/www.cidademarketing.com.br\\\/marketing\\\/wp-content\\\/uploads\\\/2020\\\/01\\\/cidademarketing_marca_mobile.png\",\"contentUrl\":\"https:\\\/\\\/www.cidademarketing.com.br\\\/marketing\\\/wp-content\\\/uploads\\\/2020\\\/01\\\/cidademarketing_marca_mobile.png\",\"width\":230,\"height\":92,\"caption\":\"CidadeMarketing\"},\"image\":{\"@id\":\"https:\\\/\\\/www.cidademarketing.com.br\\\/marketing\\\/#\\\/schema\\\/logo\\\/image\\\/\"},\"sameAs\":[\"https:\\\/\\\/www.facebook.com\\\/portalcidademarketing\",\"https:\\\/\\\/x.com\\\/CidadeMarketing\",\"https:\\\/\\\/www.instagram.com\\\/cidademarketing\\\/\"]},{\"@type\":\"Person\",\"@id\":\"https:\\\/\\\/www.cidademarketing.com.br\\\/marketing\\\/#\\\/schema\\\/person\\\/02daff9f18bd9378c9e01eb6b2db155f\",\"name\":\"Thales Brand\u00e3o\",\"image\":{\"@type\":\"ImageObject\",\"inLanguage\":\"pt-BR\",\"@id\":\"https:\\\/\\\/secure.gravatar.com\\\/avatar\\\/7ca3206950207cc3cb48feec56a8a7898741ab725c368d99d5d7a5a50aab80c6?s=96&d=mm&r=g\",\"url\":\"https:\\\/\\\/secure.gravatar.com\\\/avatar\\\/7ca3206950207cc3cb48feec56a8a7898741ab725c368d99d5d7a5a50aab80c6?s=96&d=mm&r=g\",\"contentUrl\":\"https:\\\/\\\/secure.gravatar.com\\\/avatar\\\/7ca3206950207cc3cb48feec56a8a7898741ab725c368d99d5d7a5a50aab80c6?s=96&d=mm&r=g\",\"caption\":\"Thales Brand\u00e3o\"},\"description\":\"Editor Executivo do Portal CidadeMarketing.com.br &gt; Mestre em Comunica\u00e7\u00e3o e Sociedade pela Universidade Federal de Sergipe. Possui MBA Executivo em Administra\u00e7\u00e3o com \u00eanfase em Marketing pela Funda\u00e7\u00e3o Get\u00falio Vargas - Rio de Janeiro. Consultor, Palestrante e Pesquisador sobre Empreendedorismo, Marketing, Redes Sociais e Neg\u00f3cios Digitais. Professor, Palestrante TedxTalks e Campus Party. Twitter: @ThalesBrandao\",\"sameAs\":[\"http:\\\/\\\/www.mandacaru.com.br\",\"https:\\\/\\\/www.facebook.com\\\/thalesbrandao\",\"http:\\\/\\\/www.instagram.com.br\\\/thalesbrandaoferreira\",\"https:\\\/\\\/www.linkedin.com\\\/in\\\/thales-brand\u00e3o-3948609\\\/\",\"https:\\\/\\\/x.com\\\/http:\\\/\\\/www.twitter.com\\\/thalesbrandao\"],\"url\":\"https:\\\/\\\/www.cidademarketing.com.br\\\/marketing\\\/author\\\/thalesbrandao\\\/\"}]}<\/script>\n<!-- \/ Yoast SEO plugin. -->","yoast_head_json":{"title":"Instituto Renault apoia a moderniza\u00e7\u00e3o do Museu Casa Alfredo Andersen - CidadeMarketing","robots":{"index":"index","follow":"follow","max-snippet":"max-snippet:-1","max-image-preview":"max-image-preview:large","max-video-preview":"max-video-preview:-1"},"canonical":"https:\/\/www.cidademarketing.com.br\/marketing\/2018\/12\/08\/instituto-renault-apoia-a-modernizacao-do-museu-casa-alfredo-andersen\/","og_locale":"pt_BR","og_type":"article","og_title":"Instituto Renault apoia a moderniza\u00e7\u00e3o do Museu Casa Alfredo Andersen - CidadeMarketing","og_description":"Na noite desta quinta-feira (07), ocorreu a reabertura oficial do Museu Casa Alfredo\u00a0Andersen. A Renault, por meio do Insitituto Renault, destinou R$ 700 mil em apoio \u00e0 revitaliza\u00e7\u00e3o e moderniza\u00e7\u00e3o do local. \u201cA revitaliza\u00e7\u00e3o do\u00a0Museu Casa Alfredo Andersen\u00a0\u00e9 motivo de orgulho\u00a0pela sua import\u00e2ncia, especialmente no ano\u00a0em que comemoramos 20 anos de f\u00e1brica no Paran\u00e1\u201d, afirma [&hellip;]","og_url":"https:\/\/www.cidademarketing.com.br\/marketing\/2018\/12\/08\/instituto-renault-apoia-a-modernizacao-do-museu-casa-alfredo-andersen\/","og_site_name":"CidadeMarketing","article_publisher":"https:\/\/www.facebook.com\/portalcidademarketing","article_author":"https:\/\/www.facebook.com\/thalesbrandao","article_published_time":"2018-12-08T14:39:11+00:00","article_modified_time":"2018-12-08T14:39:14+00:00","og_image":[{"width":996,"height":560,"url":"https:\/\/www.cidademarketing.com.br\/marketing\/wp-content\/uploads\/2018\/12\/museu.jpg","type":"image\/jpeg"}],"author":"Thales Brand\u00e3o","twitter_card":"summary_large_image","twitter_creator":"@http:\/\/www.twitter.com\/thalesbrandao","twitter_site":"@CidadeMarketing","twitter_misc":{"Escrito por":"Thales Brand\u00e3o","Est. tempo de leitura":"2 minutos"},"schema":{"@context":"https:\/\/schema.org","@graph":[{"@type":"Article","@id":"https:\/\/www.cidademarketing.com.br\/marketing\/2018\/12\/08\/instituto-renault-apoia-a-modernizacao-do-museu-casa-alfredo-andersen\/#article","isPartOf":{"@id":"https:\/\/www.cidademarketing.com.br\/marketing\/2018\/12\/08\/instituto-renault-apoia-a-modernizacao-do-museu-casa-alfredo-andersen\/"},"author":{"name":"Thales Brand\u00e3o","@id":"https:\/\/www.cidademarketing.com.br\/marketing\/#\/schema\/person\/02daff9f18bd9378c9e01eb6b2db155f"},"headline":"Instituto Renault apoia a moderniza\u00e7\u00e3o do Museu Casa Alfredo Andersen","datePublished":"2018-12-08T14:39:11+00:00","dateModified":"2018-12-08T14:39:14+00:00","mainEntityOfPage":{"@id":"https:\/\/www.cidademarketing.com.br\/marketing\/2018\/12\/08\/instituto-renault-apoia-a-modernizacao-do-museu-casa-alfredo-andersen\/"},"wordCount":358,"commentCount":0,"publisher":{"@id":"https:\/\/www.cidademarketing.com.br\/marketing\/#organization"},"image":{"@id":"https:\/\/www.cidademarketing.com.br\/marketing\/2018\/12\/08\/instituto-renault-apoia-a-modernizacao-do-museu-casa-alfredo-andersen\/#primaryimage"},"thumbnailUrl":"https:\/\/www.cidademarketing.com.br\/marketing\/wp-content\/uploads\/2018\/12\/museu.jpg","keywords":["Cultura","Instituto Renault"],"articleSection":["Not\u00edcias"],"inLanguage":"pt-BR","potentialAction":[{"@type":"CommentAction","name":"Comment","target":["https:\/\/www.cidademarketing.com.br\/marketing\/2018\/12\/08\/instituto-renault-apoia-a-modernizacao-do-museu-casa-alfredo-andersen\/#respond"]}]},{"@type":"WebPage","@id":"https:\/\/www.cidademarketing.com.br\/marketing\/2018\/12\/08\/instituto-renault-apoia-a-modernizacao-do-museu-casa-alfredo-andersen\/","url":"https:\/\/www.cidademarketing.com.br\/marketing\/2018\/12\/08\/instituto-renault-apoia-a-modernizacao-do-museu-casa-alfredo-andersen\/","name":"Instituto Renault apoia a moderniza\u00e7\u00e3o do Museu Casa Alfredo Andersen - CidadeMarketing","isPartOf":{"@id":"https:\/\/www.cidademarketing.com.br\/marketing\/#website"},"primaryImageOfPage":{"@id":"https:\/\/www.cidademarketing.com.br\/marketing\/2018\/12\/08\/instituto-renault-apoia-a-modernizacao-do-museu-casa-alfredo-andersen\/#primaryimage"},"image":{"@id":"https:\/\/www.cidademarketing.com.br\/marketing\/2018\/12\/08\/instituto-renault-apoia-a-modernizacao-do-museu-casa-alfredo-andersen\/#primaryimage"},"thumbnailUrl":"https:\/\/www.cidademarketing.com.br\/marketing\/wp-content\/uploads\/2018\/12\/museu.jpg","datePublished":"2018-12-08T14:39:11+00:00","dateModified":"2018-12-08T14:39:14+00:00","breadcrumb":{"@id":"https:\/\/www.cidademarketing.com.br\/marketing\/2018\/12\/08\/instituto-renault-apoia-a-modernizacao-do-museu-casa-alfredo-andersen\/#breadcrumb"},"inLanguage":"pt-BR","potentialAction":[{"@type":"ReadAction","target":["https:\/\/www.cidademarketing.com.br\/marketing\/2018\/12\/08\/instituto-renault-apoia-a-modernizacao-do-museu-casa-alfredo-andersen\/"]}]},{"@type":"ImageObject","inLanguage":"pt-BR","@id":"https:\/\/www.cidademarketing.com.br\/marketing\/2018\/12\/08\/instituto-renault-apoia-a-modernizacao-do-museu-casa-alfredo-andersen\/#primaryimage","url":"https:\/\/www.cidademarketing.com.br\/marketing\/wp-content\/uploads\/2018\/12\/museu.jpg","contentUrl":"https:\/\/www.cidademarketing.com.br\/marketing\/wp-content\/uploads\/2018\/12\/museu.jpg","width":996,"height":560,"caption":"Divulga\u00e7\u00e3o"},{"@type":"BreadcrumbList","@id":"https:\/\/www.cidademarketing.com.br\/marketing\/2018\/12\/08\/instituto-renault-apoia-a-modernizacao-do-museu-casa-alfredo-andersen\/#breadcrumb","itemListElement":[{"@type":"ListItem","position":1,"name":"In\u00edcio","item":"https:\/\/www.cidademarketing.com.br\/marketing\/"},{"@type":"ListItem","position":2,"name":"Instituto Renault apoia a moderniza\u00e7\u00e3o do Museu Casa Alfredo Andersen"}]},{"@type":"WebSite","@id":"https:\/\/www.cidademarketing.com.br\/marketing\/#website","url":"https:\/\/www.cidademarketing.com.br\/marketing\/","name":"CidadeMarketing","description":"Somos um ve\u00edculo de comunica\u00e7\u00e3o de destaque no Brasil, reconhecido por conte\u00fados nos segmentos de marketing, empreendedorismo e inova\u00e7\u00e3o.","publisher":{"@id":"https:\/\/www.cidademarketing.com.br\/marketing\/#organization"},"alternateName":"CidadeMarketing","potentialAction":[{"@type":"SearchAction","target":{"@type":"EntryPoint","urlTemplate":"https:\/\/www.cidademarketing.com.br\/marketing\/?s={search_term_string}"},"query-input":{"@type":"PropertyValueSpecification","valueRequired":true,"valueName":"search_term_string"}}],"inLanguage":"pt-BR"},{"@type":"Organization","@id":"https:\/\/www.cidademarketing.com.br\/marketing\/#organization","name":"CidadeMarketing","alternateName":"CidadeMarketing","url":"https:\/\/www.cidademarketing.com.br\/marketing\/","logo":{"@type":"ImageObject","inLanguage":"pt-BR","@id":"https:\/\/www.cidademarketing.com.br\/marketing\/#\/schema\/logo\/image\/","url":"https:\/\/www.cidademarketing.com.br\/marketing\/wp-content\/uploads\/2020\/01\/cidademarketing_marca_mobile.png","contentUrl":"https:\/\/www.cidademarketing.com.br\/marketing\/wp-content\/uploads\/2020\/01\/cidademarketing_marca_mobile.png","width":230,"height":92,"caption":"CidadeMarketing"},"image":{"@id":"https:\/\/www.cidademarketing.com.br\/marketing\/#\/schema\/logo\/image\/"},"sameAs":["https:\/\/www.facebook.com\/portalcidademarketing","https:\/\/x.com\/CidadeMarketing","https:\/\/www.instagram.com\/cidademarketing\/"]},{"@type":"Person","@id":"https:\/\/www.cidademarketing.com.br\/marketing\/#\/schema\/person\/02daff9f18bd9378c9e01eb6b2db155f","name":"Thales Brand\u00e3o","image":{"@type":"ImageObject","inLanguage":"pt-BR","@id":"https:\/\/secure.gravatar.com\/avatar\/7ca3206950207cc3cb48feec56a8a7898741ab725c368d99d5d7a5a50aab80c6?s=96&d=mm&r=g","url":"https:\/\/secure.gravatar.com\/avatar\/7ca3206950207cc3cb48feec56a8a7898741ab725c368d99d5d7a5a50aab80c6?s=96&d=mm&r=g","contentUrl":"https:\/\/secure.gravatar.com\/avatar\/7ca3206950207cc3cb48feec56a8a7898741ab725c368d99d5d7a5a50aab80c6?s=96&d=mm&r=g","caption":"Thales Brand\u00e3o"},"description":"Editor Executivo do Portal CidadeMarketing.com.br &gt; Mestre em Comunica\u00e7\u00e3o e Sociedade pela Universidade Federal de Sergipe. Possui MBA Executivo em Administra\u00e7\u00e3o com \u00eanfase em Marketing pela Funda\u00e7\u00e3o Get\u00falio Vargas - Rio de Janeiro. Consultor, Palestrante e Pesquisador sobre Empreendedorismo, Marketing, Redes Sociais e Neg\u00f3cios Digitais. Professor, Palestrante TedxTalks e Campus Party. Twitter: @ThalesBrandao","sameAs":["http:\/\/www.mandacaru.com.br","https:\/\/www.facebook.com\/thalesbrandao","http:\/\/www.instagram.com.br\/thalesbrandaoferreira","https:\/\/www.linkedin.com\/in\/thales-brand\u00e3o-3948609\/","https:\/\/x.com\/http:\/\/www.twitter.com\/thalesbrandao"],"url":"https:\/\/www.cidademarketing.com.br\/marketing\/author\/thalesbrandao\/"}]}},"amp_enabled":true,"_links":{"self":[{"href":"https:\/\/www.cidademarketing.com.br\/marketing\/wp-json\/wp\/v2\/posts\/3626","targetHints":{"allow":["GET"]}}],"collection":[{"href":"https:\/\/www.cidademarketing.com.br\/marketing\/wp-json\/wp\/v2\/posts"}],"about":[{"href":"https:\/\/www.cidademarketing.com.br\/marketing\/wp-json\/wp\/v2\/types\/post"}],"author":[{"embeddable":true,"href":"https:\/\/www.cidademarketing.com.br\/marketing\/wp-json\/wp\/v2\/users\/1"}],"replies":[{"embeddable":true,"href":"https:\/\/www.cidademarketing.com.br\/marketing\/wp-json\/wp\/v2\/comments?post=3626"}],"version-history":[{"count":1,"href":"https:\/\/www.cidademarketing.com.br\/marketing\/wp-json\/wp\/v2\/posts\/3626\/revisions"}],"predecessor-version":[{"id":3628,"href":"https:\/\/www.cidademarketing.com.br\/marketing\/wp-json\/wp\/v2\/posts\/3626\/revisions\/3628"}],"wp:featuredmedia":[{"embeddable":true,"href":"https:\/\/www.cidademarketing.com.br\/marketing\/wp-json\/wp\/v2\/media\/3627"}],"wp:attachment":[{"href":"https:\/\/www.cidademarketing.com.br\/marketing\/wp-json\/wp\/v2\/media?parent=3626"}],"wp:term":[{"taxonomy":"category","embeddable":true,"href":"https:\/\/www.cidademarketing.com.br\/marketing\/wp-json\/wp\/v2\/categories?post=3626"},{"taxonomy":"post_tag","embeddable":true,"href":"https:\/\/www.cidademarketing.com.br\/marketing\/wp-json\/wp\/v2\/tags?post=3626"}],"curies":[{"name":"wp","href":"https:\/\/api.w.org\/{rel}","templated":true}]}}