{"id":36209,"date":"2022-05-15T22:52:49","date_gmt":"2022-05-16T01:52:49","guid":{"rendered":"https:\/\/www.cidademarketing.com.br\/marketing\/?p=36209"},"modified":"2022-05-15T22:52:49","modified_gmt":"2022-05-16T01:52:49","slug":"adidas-veste-as-brabas","status":"publish","type":"post","link":"https:\/\/www.cidademarketing.com.br\/marketing\/2022\/05\/15\/adidas-veste-as-brabas\/","title":{"rendered":"Adidas veste as Brabas"},"content":{"rendered":"<p><iframe style=\"border-radius: 12px;\" src=\"https:\/\/open.spotify.com\/embed\/show\/4khMKzP3FgFRWVwb73xicc?utm_source=generator&amp;t=0\" width=\"100%\" height=\"232\" frameborder=\"0\" allowfullscreen=\"allowfullscreen\"><\/iframe><br \/>\nUma linha de roupas para a pr\u00e1tica esportiva focada na diversidade das mulheres latino-americanas. Em nova campanha da adidas em parceria com a Ogilvy Brasil, a marca das tr\u00eas listras lan\u00e7a o projeto Veste as Brabas, iniciativa que celebra a autenticidade e a ess\u00eancia da mulher latina.<br \/>\nPara a constru\u00e7\u00e3o da narrativa da campanha, a Ogilvy teve como inspira\u00e7\u00e3o a can\u00e7\u00e3o &#8220;Liberdade&#8221; da rapper, influenciadora, preta e feminista Drik Barbosa. O clipe da artista \u00e9 um manifesto sobre a liberdade feminina, ressaltando uma forma de exist\u00eancia sem barreiras.<\/p>\n<p>&nbsp;<\/p>\n<div class=\"youtube-embed\" data-video_id=\"_4Yg9x7DEEc\"><iframe title=\"Adidas &quot;Veste as Brabas&quot; Drik Barbosa\" width=\"640\" height=\"360\" src=\"https:\/\/www.youtube.com\/embed\/_4Yg9x7DEEc?feature=oembed&#038;enablejsapi=1\" frameborder=\"0\" allow=\"accelerometer; autoplay; clipboard-write; encrypted-media; gyroscope; picture-in-picture; web-share\" referrerpolicy=\"strict-origin-when-cross-origin\" allowfullscreen><\/iframe><\/div>\n<p>&#8220;Liberdade feminina pra mim \u00e9 n\u00e3o existir barreiras, sendo eu mulher e preta. N\u00e3o existir barreiras no dia a dia , n\u00e3o existir barreira no trabalho, n\u00e3o existir barreira na arte que \u00e9 o que eu fa\u00e7o, n\u00e3o existir barreiras para as meninas que est\u00e3o entendendo quem elas s\u00e3o, que est\u00e3o entendendo os seus corpos, n\u00f3s somos donas de n\u00f3s. Liberdade feminina \u00e9 ser, ser mulher, ser ativa, e ser parte da sociedade\u201d, comenta Drik.<\/p>\n<p>\u201cAs mulheres latinas s\u00e3o reconhecidas por sua determina\u00e7\u00e3o e busca pela express\u00e3o de forma livre. As pe\u00e7as da cole\u00e7\u00e3o Veste as Brabas refletem esse esp\u00edrito da liberdade do corpo feminino, com roupas que permitem maior conforto e flexibilidade para a pr\u00e1tica esportiva, seja qual for a modalidade ou uso no dia a dia\u201d, comenta Daniela Valsani, diretora s\u00eanior Comercial da adidas Brasil.<br \/>\nA campanha \u201cVeste as Brabas\u201d teve in\u00edcio nas redes sociais da @adidasbrasil e parceiras da marca a partir desta segunda-feira, 9 de maio, e como estrat\u00e9gia de divulga\u00e7\u00e3o, semanalmente, um filme de uma Braba ser\u00e1 lan\u00e7ado nas redes. Todo esse projeto contou com produ\u00e7\u00e3o majoritariamente feminina. Protagonizam os filmes Drik Barbosa, rapper, mulher preta e ativista, Ester Dias, atriz, esportista e mulher preta, Alexandra Gurgel ativista, jornalista, influenciadora e respons\u00e1vel pelo &#8220;Movimento Corpo Livre&#8221; e Eloyza, mulher preta, skatista e corredora.<br \/>\nAl\u00e9m desse time, Veste as Brabas tamb\u00e9m conta com a diretora Liv Stacciarini; a fot\u00f3grafa Tauana Sofia; e a artista e mulher trans Joanna Schmidt, que assina as colagens.<br \/>\n\u201cEssa cole\u00e7\u00e3o veio para fazer hist\u00f3ria no mercado esportivo feminino. Depositamos muito empenho e fizemos quest\u00e3o de que todas as pessoas envolvidas no processo fossem prioritariamente mulheres, que assim como n\u00f3s, trabalharam para inspirar e abrir espa\u00e7o para que outras brabas possam se sentir representadas e orgulhosas dos seus corpos. N\u00e3o precisamos nos encaixar em padr\u00f5es, todo corpo \u00e9 livre e merece amor e respeito\u201d, destaca a dupla criativa da Ogilvy Brasil, Nayla Alana (Diretora de Arte S\u00eanior) e Roberta Magalh\u00e3es (Redatora).<br \/>\nA cole\u00e7\u00e3o Veste As Brabas j\u00e1 est\u00e1 dispon\u00edvel nos sites e lojas da adidas Brasil, nas Lojas Amaro e tamb\u00e9m no e-commerce da marca e nas suas plataformas digitais. A campanha e a cole\u00e7\u00e3o ser\u00e3o estendidas para outros pa\u00edses da Am\u00e9rica Latina ao longo de 2022.<\/p>\n<p>FICHA T\u00c9CNICA:<br \/>\nAG\u00caNCIA DE PUBLICIDADE: Ogilvy Brasil<br \/>\nT\u00edtulo: adidas Veste as Brabas<br \/>\nCliente Adidas: Daniela Valsani &#8211; DTC Sr Director \u2013 e-commerce, Franchise Concept Stores &amp; Factory Outlets, Pedro Portescheller &#8211; Brand Sr Manager, B\u00e1rbara Ikari &#8211; Brand &amp; Communications Manager &#8211; Running and training<br \/>\nChief Creative Officer: Sergio Mugnaini<br \/>\nExecutive Creative Director: Teco Cipriano e Mathias Almeida<br \/>\nDire\u00e7\u00e3o de Arte: Nayla Alana e Guilherme Pinho<br \/>\nReda\u00e7\u00e3o: Roberta Magalh\u00e3es e Wagner Montanher<br \/>\nAtendimento: Priscilla Telles e Daiane Gois<br \/>\nPR: Raphaela Brito<br \/>\nPlanejamento: Thiago Krafzik e Isabela Cury<br \/>\nHead Produ\u00e7\u00e3o: Juliana Henriques<br \/>\nProdutores em RTVC: Dea Garcia<br \/>\nPRODU\u00c7\u00c3O FILMES:<br \/>\nProdutora de imagem: Boiler Diretora: Liv Stacciarini<br \/>\nPRODU\u00c7\u00c3O \u00c1UDIO &#8211; Produtora de som: Sat\u00e9lite<br \/>\nPRODU\u00c7\u00c3O FOTOS &#8211; Fotografia: Tauana Sofia<br \/>\nPRODU\u00c7\u00c3O KEYVISUALS<br \/>\nColagens: Joanna Schmidt<br \/>\nPRODU\u00c7\u00c3O KEYVISUALS \u2013 RETOQUE E P\u00d3S PRODU\u00c7\u00c3O<br \/>\nRetoque e tratamento de imagens: ODDY<\/p>\n<p><iframe style=\"width: 100%; max-width: 660px; overflow: hidden; background: transparent;\" src=\"https:\/\/embed.podcasts.apple.com\/br\/podcast\/podcast-cidademarketing\/id1371923283\" height=\"450\" frameborder=\"0\" sandbox=\"allow-forms allow-popups allow-same-origin allow-scripts allow-storage-access-by-user-activation allow-top-navigation-by-user-activation\"><\/iframe><\/p>\n","protected":false},"excerpt":{"rendered":"<p>Uma linha de roupas para a pr\u00e1tica esportiva focada na diversidade das mulheres latino-americanas. Em nova campanha da adidas em parceria com a Ogilvy Brasil, a marca das tr\u00eas listras lan\u00e7a o projeto Veste as Brabas, iniciativa que celebra a autenticidade e a ess\u00eancia da mulher latina. Para a constru\u00e7\u00e3o da narrativa da campanha, a [&hellip;]<\/p>\n","protected":false},"author":1,"featured_media":36210,"comment_status":"open","ping_status":"open","sticky":false,"template":"","format":"standard","meta":{"tdm_status":"","tdm_grid_status":"","footnotes":""},"categories":[14],"tags":[59,65,308,1124,33,28],"class_list":["post-36209","post","type-post","status-publish","format-standard","has-post-thumbnail","hentry","category-videos","tag-adidas","tag-campanha","tag-comunicacao","tag-diversidade","tag-estrategia","tag-marketing"],"yoast_head":"<!-- This site is optimized with the Yoast SEO plugin v27.4 - https:\/\/yoast.com\/product\/yoast-seo-wordpress\/ -->\n<title>Adidas veste as Brabas - CidadeMarketing<\/title>\n<meta name=\"robots\" content=\"index, follow, max-snippet:-1, max-image-preview:large, max-video-preview:-1\" \/>\n<link rel=\"canonical\" href=\"https:\/\/www.cidademarketing.com.br\/marketing\/2022\/05\/15\/adidas-veste-as-brabas\/\" \/>\n<meta property=\"og:locale\" content=\"pt_BR\" \/>\n<meta property=\"og:type\" content=\"article\" \/>\n<meta property=\"og:title\" content=\"Adidas veste as Brabas - CidadeMarketing\" \/>\n<meta property=\"og:description\" content=\"Uma linha de roupas para a pr\u00e1tica esportiva focada na diversidade das mulheres latino-americanas. Em nova campanha da adidas em parceria com a Ogilvy Brasil, a marca das tr\u00eas listras lan\u00e7a o projeto Veste as Brabas, iniciativa que celebra a autenticidade e a ess\u00eancia da mulher latina. Para a constru\u00e7\u00e3o da narrativa da campanha, a [&hellip;]\" \/>\n<meta property=\"og:url\" content=\"https:\/\/www.cidademarketing.com.br\/marketing\/2022\/05\/15\/adidas-veste-as-brabas\/\" \/>\n<meta property=\"og:site_name\" content=\"CidadeMarketing\" \/>\n<meta property=\"article:publisher\" content=\"https:\/\/www.facebook.com\/portalcidademarketing\" \/>\n<meta property=\"article:author\" content=\"https:\/\/www.facebook.com\/thalesbrandao\" \/>\n<meta property=\"article:published_time\" content=\"2022-05-16T01:52:49+00:00\" \/>\n<meta property=\"og:image\" content=\"https:\/\/www.cidademarketing.com.br\/marketing\/wp-content\/uploads\/2022\/05\/brabas_adidas.jpg\" \/>\n\t<meta property=\"og:image:width\" content=\"1920\" \/>\n\t<meta property=\"og:image:height\" content=\"1080\" \/>\n\t<meta property=\"og:image:type\" content=\"image\/jpeg\" \/>\n<meta name=\"author\" content=\"Thales Brand\u00e3o\" \/>\n<meta name=\"twitter:card\" content=\"summary_large_image\" \/>\n<meta name=\"twitter:creator\" content=\"@http:\/\/www.twitter.com\/thalesbrandao\" \/>\n<meta name=\"twitter:site\" content=\"@CidadeMarketing\" \/>\n<meta name=\"twitter:label1\" content=\"Escrito por\" \/>\n\t<meta name=\"twitter:data1\" content=\"Thales Brand\u00e3o\" \/>\n\t<meta name=\"twitter:label2\" content=\"Est. tempo de leitura\" \/>\n\t<meta name=\"twitter:data2\" content=\"3 minutos\" \/>\n<script type=\"application\/ld+json\" class=\"yoast-schema-graph\">{\"@context\":\"https:\\\/\\\/schema.org\",\"@graph\":[{\"@type\":\"Article\",\"@id\":\"https:\\\/\\\/www.cidademarketing.com.br\\\/marketing\\\/2022\\\/05\\\/15\\\/adidas-veste-as-brabas\\\/#article\",\"isPartOf\":{\"@id\":\"https:\\\/\\\/www.cidademarketing.com.br\\\/marketing\\\/2022\\\/05\\\/15\\\/adidas-veste-as-brabas\\\/\"},\"author\":{\"name\":\"Thales Brand\u00e3o\",\"@id\":\"https:\\\/\\\/www.cidademarketing.com.br\\\/marketing\\\/#\\\/schema\\\/person\\\/02daff9f18bd9378c9e01eb6b2db155f\"},\"headline\":\"Adidas veste as Brabas\",\"datePublished\":\"2022-05-16T01:52:49+00:00\",\"mainEntityOfPage\":{\"@id\":\"https:\\\/\\\/www.cidademarketing.com.br\\\/marketing\\\/2022\\\/05\\\/15\\\/adidas-veste-as-brabas\\\/\"},\"wordCount\":673,\"commentCount\":0,\"publisher\":{\"@id\":\"https:\\\/\\\/www.cidademarketing.com.br\\\/marketing\\\/#organization\"},\"image\":{\"@id\":\"https:\\\/\\\/www.cidademarketing.com.br\\\/marketing\\\/2022\\\/05\\\/15\\\/adidas-veste-as-brabas\\\/#primaryimage\"},\"thumbnailUrl\":\"https:\\\/\\\/www.cidademarketing.com.br\\\/marketing\\\/wp-content\\\/uploads\\\/2022\\\/05\\\/brabas_adidas.jpg\",\"keywords\":[\"Adidas\",\"campanha\",\"comunica\u00e7\u00e3o\",\"diversidade\",\"estrat\u00e9gia\",\"marketing\"],\"articleSection\":[\"Videos\"],\"inLanguage\":\"pt-BR\",\"potentialAction\":[{\"@type\":\"CommentAction\",\"name\":\"Comment\",\"target\":[\"https:\\\/\\\/www.cidademarketing.com.br\\\/marketing\\\/2022\\\/05\\\/15\\\/adidas-veste-as-brabas\\\/#respond\"]}]},{\"@type\":\"WebPage\",\"@id\":\"https:\\\/\\\/www.cidademarketing.com.br\\\/marketing\\\/2022\\\/05\\\/15\\\/adidas-veste-as-brabas\\\/\",\"url\":\"https:\\\/\\\/www.cidademarketing.com.br\\\/marketing\\\/2022\\\/05\\\/15\\\/adidas-veste-as-brabas\\\/\",\"name\":\"Adidas veste as Brabas - CidadeMarketing\",\"isPartOf\":{\"@id\":\"https:\\\/\\\/www.cidademarketing.com.br\\\/marketing\\\/#website\"},\"primaryImageOfPage\":{\"@id\":\"https:\\\/\\\/www.cidademarketing.com.br\\\/marketing\\\/2022\\\/05\\\/15\\\/adidas-veste-as-brabas\\\/#primaryimage\"},\"image\":{\"@id\":\"https:\\\/\\\/www.cidademarketing.com.br\\\/marketing\\\/2022\\\/05\\\/15\\\/adidas-veste-as-brabas\\\/#primaryimage\"},\"thumbnailUrl\":\"https:\\\/\\\/www.cidademarketing.com.br\\\/marketing\\\/wp-content\\\/uploads\\\/2022\\\/05\\\/brabas_adidas.jpg\",\"datePublished\":\"2022-05-16T01:52:49+00:00\",\"breadcrumb\":{\"@id\":\"https:\\\/\\\/www.cidademarketing.com.br\\\/marketing\\\/2022\\\/05\\\/15\\\/adidas-veste-as-brabas\\\/#breadcrumb\"},\"inLanguage\":\"pt-BR\",\"potentialAction\":[{\"@type\":\"ReadAction\",\"target\":[\"https:\\\/\\\/www.cidademarketing.com.br\\\/marketing\\\/2022\\\/05\\\/15\\\/adidas-veste-as-brabas\\\/\"]}]},{\"@type\":\"ImageObject\",\"inLanguage\":\"pt-BR\",\"@id\":\"https:\\\/\\\/www.cidademarketing.com.br\\\/marketing\\\/2022\\\/05\\\/15\\\/adidas-veste-as-brabas\\\/#primaryimage\",\"url\":\"https:\\\/\\\/www.cidademarketing.com.br\\\/marketing\\\/wp-content\\\/uploads\\\/2022\\\/05\\\/brabas_adidas.jpg\",\"contentUrl\":\"https:\\\/\\\/www.cidademarketing.com.br\\\/marketing\\\/wp-content\\\/uploads\\\/2022\\\/05\\\/brabas_adidas.jpg\",\"width\":1920,\"height\":1080,\"caption\":\"Reprodu\u00e7\u00e3o\"},{\"@type\":\"BreadcrumbList\",\"@id\":\"https:\\\/\\\/www.cidademarketing.com.br\\\/marketing\\\/2022\\\/05\\\/15\\\/adidas-veste-as-brabas\\\/#breadcrumb\",\"itemListElement\":[{\"@type\":\"ListItem\",\"position\":1,\"name\":\"In\u00edcio\",\"item\":\"https:\\\/\\\/www.cidademarketing.com.br\\\/marketing\\\/\"},{\"@type\":\"ListItem\",\"position\":2,\"name\":\"Adidas veste as Brabas\"}]},{\"@type\":\"WebSite\",\"@id\":\"https:\\\/\\\/www.cidademarketing.com.br\\\/marketing\\\/#website\",\"url\":\"https:\\\/\\\/www.cidademarketing.com.br\\\/marketing\\\/\",\"name\":\"CidadeMarketing\",\"description\":\"Somos um ve\u00edculo de comunica\u00e7\u00e3o de destaque no Brasil, reconhecido por conte\u00fados nos segmentos de marketing, empreendedorismo e inova\u00e7\u00e3o.\",\"publisher\":{\"@id\":\"https:\\\/\\\/www.cidademarketing.com.br\\\/marketing\\\/#organization\"},\"alternateName\":\"CidadeMarketing\",\"potentialAction\":[{\"@type\":\"SearchAction\",\"target\":{\"@type\":\"EntryPoint\",\"urlTemplate\":\"https:\\\/\\\/www.cidademarketing.com.br\\\/marketing\\\/?s={search_term_string}\"},\"query-input\":{\"@type\":\"PropertyValueSpecification\",\"valueRequired\":true,\"valueName\":\"search_term_string\"}}],\"inLanguage\":\"pt-BR\"},{\"@type\":\"Organization\",\"@id\":\"https:\\\/\\\/www.cidademarketing.com.br\\\/marketing\\\/#organization\",\"name\":\"CidadeMarketing\",\"alternateName\":\"CidadeMarketing\",\"url\":\"https:\\\/\\\/www.cidademarketing.com.br\\\/marketing\\\/\",\"logo\":{\"@type\":\"ImageObject\",\"inLanguage\":\"pt-BR\",\"@id\":\"https:\\\/\\\/www.cidademarketing.com.br\\\/marketing\\\/#\\\/schema\\\/logo\\\/image\\\/\",\"url\":\"https:\\\/\\\/www.cidademarketing.com.br\\\/marketing\\\/wp-content\\\/uploads\\\/2020\\\/01\\\/cidademarketing_marca_mobile.png\",\"contentUrl\":\"https:\\\/\\\/www.cidademarketing.com.br\\\/marketing\\\/wp-content\\\/uploads\\\/2020\\\/01\\\/cidademarketing_marca_mobile.png\",\"width\":230,\"height\":92,\"caption\":\"CidadeMarketing\"},\"image\":{\"@id\":\"https:\\\/\\\/www.cidademarketing.com.br\\\/marketing\\\/#\\\/schema\\\/logo\\\/image\\\/\"},\"sameAs\":[\"https:\\\/\\\/www.facebook.com\\\/portalcidademarketing\",\"https:\\\/\\\/x.com\\\/CidadeMarketing\",\"https:\\\/\\\/www.instagram.com\\\/cidademarketing\\\/\"]},{\"@type\":\"Person\",\"@id\":\"https:\\\/\\\/www.cidademarketing.com.br\\\/marketing\\\/#\\\/schema\\\/person\\\/02daff9f18bd9378c9e01eb6b2db155f\",\"name\":\"Thales Brand\u00e3o\",\"image\":{\"@type\":\"ImageObject\",\"inLanguage\":\"pt-BR\",\"@id\":\"https:\\\/\\\/secure.gravatar.com\\\/avatar\\\/7ca3206950207cc3cb48feec56a8a7898741ab725c368d99d5d7a5a50aab80c6?s=96&d=mm&r=g\",\"url\":\"https:\\\/\\\/secure.gravatar.com\\\/avatar\\\/7ca3206950207cc3cb48feec56a8a7898741ab725c368d99d5d7a5a50aab80c6?s=96&d=mm&r=g\",\"contentUrl\":\"https:\\\/\\\/secure.gravatar.com\\\/avatar\\\/7ca3206950207cc3cb48feec56a8a7898741ab725c368d99d5d7a5a50aab80c6?s=96&d=mm&r=g\",\"caption\":\"Thales Brand\u00e3o\"},\"description\":\"Editor Executivo do Portal CidadeMarketing.com.br &gt; Mestre em Comunica\u00e7\u00e3o e Sociedade pela Universidade Federal de Sergipe. Possui MBA Executivo em Administra\u00e7\u00e3o com \u00eanfase em Marketing pela Funda\u00e7\u00e3o Get\u00falio Vargas - Rio de Janeiro. Consultor, Palestrante e Pesquisador sobre Empreendedorismo, Marketing, Redes Sociais e Neg\u00f3cios Digitais. Professor, Palestrante TedxTalks e Campus Party. Twitter: @ThalesBrandao\",\"sameAs\":[\"http:\\\/\\\/www.mandacaru.com.br\",\"https:\\\/\\\/www.facebook.com\\\/thalesbrandao\",\"http:\\\/\\\/www.instagram.com.br\\\/thalesbrandaoferreira\",\"https:\\\/\\\/www.linkedin.com\\\/in\\\/thales-brand\u00e3o-3948609\\\/\",\"https:\\\/\\\/x.com\\\/http:\\\/\\\/www.twitter.com\\\/thalesbrandao\"],\"url\":\"https:\\\/\\\/www.cidademarketing.com.br\\\/marketing\\\/author\\\/thalesbrandao\\\/\"}]}<\/script>\n<!-- \/ Yoast SEO plugin. -->","yoast_head_json":{"title":"Adidas veste as Brabas - CidadeMarketing","robots":{"index":"index","follow":"follow","max-snippet":"max-snippet:-1","max-image-preview":"max-image-preview:large","max-video-preview":"max-video-preview:-1"},"canonical":"https:\/\/www.cidademarketing.com.br\/marketing\/2022\/05\/15\/adidas-veste-as-brabas\/","og_locale":"pt_BR","og_type":"article","og_title":"Adidas veste as Brabas - CidadeMarketing","og_description":"Uma linha de roupas para a pr\u00e1tica esportiva focada na diversidade das mulheres latino-americanas. Em nova campanha da adidas em parceria com a Ogilvy Brasil, a marca das tr\u00eas listras lan\u00e7a o projeto Veste as Brabas, iniciativa que celebra a autenticidade e a ess\u00eancia da mulher latina. Para a constru\u00e7\u00e3o da narrativa da campanha, a [&hellip;]","og_url":"https:\/\/www.cidademarketing.com.br\/marketing\/2022\/05\/15\/adidas-veste-as-brabas\/","og_site_name":"CidadeMarketing","article_publisher":"https:\/\/www.facebook.com\/portalcidademarketing","article_author":"https:\/\/www.facebook.com\/thalesbrandao","article_published_time":"2022-05-16T01:52:49+00:00","og_image":[{"width":1920,"height":1080,"url":"https:\/\/www.cidademarketing.com.br\/marketing\/wp-content\/uploads\/2022\/05\/brabas_adidas.jpg","type":"image\/jpeg"}],"author":"Thales Brand\u00e3o","twitter_card":"summary_large_image","twitter_creator":"@http:\/\/www.twitter.com\/thalesbrandao","twitter_site":"@CidadeMarketing","twitter_misc":{"Escrito por":"Thales Brand\u00e3o","Est. tempo de leitura":"3 minutos"},"schema":{"@context":"https:\/\/schema.org","@graph":[{"@type":"Article","@id":"https:\/\/www.cidademarketing.com.br\/marketing\/2022\/05\/15\/adidas-veste-as-brabas\/#article","isPartOf":{"@id":"https:\/\/www.cidademarketing.com.br\/marketing\/2022\/05\/15\/adidas-veste-as-brabas\/"},"author":{"name":"Thales Brand\u00e3o","@id":"https:\/\/www.cidademarketing.com.br\/marketing\/#\/schema\/person\/02daff9f18bd9378c9e01eb6b2db155f"},"headline":"Adidas veste as Brabas","datePublished":"2022-05-16T01:52:49+00:00","mainEntityOfPage":{"@id":"https:\/\/www.cidademarketing.com.br\/marketing\/2022\/05\/15\/adidas-veste-as-brabas\/"},"wordCount":673,"commentCount":0,"publisher":{"@id":"https:\/\/www.cidademarketing.com.br\/marketing\/#organization"},"image":{"@id":"https:\/\/www.cidademarketing.com.br\/marketing\/2022\/05\/15\/adidas-veste-as-brabas\/#primaryimage"},"thumbnailUrl":"https:\/\/www.cidademarketing.com.br\/marketing\/wp-content\/uploads\/2022\/05\/brabas_adidas.jpg","keywords":["Adidas","campanha","comunica\u00e7\u00e3o","diversidade","estrat\u00e9gia","marketing"],"articleSection":["Videos"],"inLanguage":"pt-BR","potentialAction":[{"@type":"CommentAction","name":"Comment","target":["https:\/\/www.cidademarketing.com.br\/marketing\/2022\/05\/15\/adidas-veste-as-brabas\/#respond"]}]},{"@type":"WebPage","@id":"https:\/\/www.cidademarketing.com.br\/marketing\/2022\/05\/15\/adidas-veste-as-brabas\/","url":"https:\/\/www.cidademarketing.com.br\/marketing\/2022\/05\/15\/adidas-veste-as-brabas\/","name":"Adidas veste as Brabas - CidadeMarketing","isPartOf":{"@id":"https:\/\/www.cidademarketing.com.br\/marketing\/#website"},"primaryImageOfPage":{"@id":"https:\/\/www.cidademarketing.com.br\/marketing\/2022\/05\/15\/adidas-veste-as-brabas\/#primaryimage"},"image":{"@id":"https:\/\/www.cidademarketing.com.br\/marketing\/2022\/05\/15\/adidas-veste-as-brabas\/#primaryimage"},"thumbnailUrl":"https:\/\/www.cidademarketing.com.br\/marketing\/wp-content\/uploads\/2022\/05\/brabas_adidas.jpg","datePublished":"2022-05-16T01:52:49+00:00","breadcrumb":{"@id":"https:\/\/www.cidademarketing.com.br\/marketing\/2022\/05\/15\/adidas-veste-as-brabas\/#breadcrumb"},"inLanguage":"pt-BR","potentialAction":[{"@type":"ReadAction","target":["https:\/\/www.cidademarketing.com.br\/marketing\/2022\/05\/15\/adidas-veste-as-brabas\/"]}]},{"@type":"ImageObject","inLanguage":"pt-BR","@id":"https:\/\/www.cidademarketing.com.br\/marketing\/2022\/05\/15\/adidas-veste-as-brabas\/#primaryimage","url":"https:\/\/www.cidademarketing.com.br\/marketing\/wp-content\/uploads\/2022\/05\/brabas_adidas.jpg","contentUrl":"https:\/\/www.cidademarketing.com.br\/marketing\/wp-content\/uploads\/2022\/05\/brabas_adidas.jpg","width":1920,"height":1080,"caption":"Reprodu\u00e7\u00e3o"},{"@type":"BreadcrumbList","@id":"https:\/\/www.cidademarketing.com.br\/marketing\/2022\/05\/15\/adidas-veste-as-brabas\/#breadcrumb","itemListElement":[{"@type":"ListItem","position":1,"name":"In\u00edcio","item":"https:\/\/www.cidademarketing.com.br\/marketing\/"},{"@type":"ListItem","position":2,"name":"Adidas veste as Brabas"}]},{"@type":"WebSite","@id":"https:\/\/www.cidademarketing.com.br\/marketing\/#website","url":"https:\/\/www.cidademarketing.com.br\/marketing\/","name":"CidadeMarketing","description":"Somos um ve\u00edculo de comunica\u00e7\u00e3o de destaque no Brasil, reconhecido por conte\u00fados nos segmentos de marketing, empreendedorismo e inova\u00e7\u00e3o.","publisher":{"@id":"https:\/\/www.cidademarketing.com.br\/marketing\/#organization"},"alternateName":"CidadeMarketing","potentialAction":[{"@type":"SearchAction","target":{"@type":"EntryPoint","urlTemplate":"https:\/\/www.cidademarketing.com.br\/marketing\/?s={search_term_string}"},"query-input":{"@type":"PropertyValueSpecification","valueRequired":true,"valueName":"search_term_string"}}],"inLanguage":"pt-BR"},{"@type":"Organization","@id":"https:\/\/www.cidademarketing.com.br\/marketing\/#organization","name":"CidadeMarketing","alternateName":"CidadeMarketing","url":"https:\/\/www.cidademarketing.com.br\/marketing\/","logo":{"@type":"ImageObject","inLanguage":"pt-BR","@id":"https:\/\/www.cidademarketing.com.br\/marketing\/#\/schema\/logo\/image\/","url":"https:\/\/www.cidademarketing.com.br\/marketing\/wp-content\/uploads\/2020\/01\/cidademarketing_marca_mobile.png","contentUrl":"https:\/\/www.cidademarketing.com.br\/marketing\/wp-content\/uploads\/2020\/01\/cidademarketing_marca_mobile.png","width":230,"height":92,"caption":"CidadeMarketing"},"image":{"@id":"https:\/\/www.cidademarketing.com.br\/marketing\/#\/schema\/logo\/image\/"},"sameAs":["https:\/\/www.facebook.com\/portalcidademarketing","https:\/\/x.com\/CidadeMarketing","https:\/\/www.instagram.com\/cidademarketing\/"]},{"@type":"Person","@id":"https:\/\/www.cidademarketing.com.br\/marketing\/#\/schema\/person\/02daff9f18bd9378c9e01eb6b2db155f","name":"Thales Brand\u00e3o","image":{"@type":"ImageObject","inLanguage":"pt-BR","@id":"https:\/\/secure.gravatar.com\/avatar\/7ca3206950207cc3cb48feec56a8a7898741ab725c368d99d5d7a5a50aab80c6?s=96&d=mm&r=g","url":"https:\/\/secure.gravatar.com\/avatar\/7ca3206950207cc3cb48feec56a8a7898741ab725c368d99d5d7a5a50aab80c6?s=96&d=mm&r=g","contentUrl":"https:\/\/secure.gravatar.com\/avatar\/7ca3206950207cc3cb48feec56a8a7898741ab725c368d99d5d7a5a50aab80c6?s=96&d=mm&r=g","caption":"Thales Brand\u00e3o"},"description":"Editor Executivo do Portal CidadeMarketing.com.br &gt; Mestre em Comunica\u00e7\u00e3o e Sociedade pela Universidade Federal de Sergipe. Possui MBA Executivo em Administra\u00e7\u00e3o com \u00eanfase em Marketing pela Funda\u00e7\u00e3o Get\u00falio Vargas - Rio de Janeiro. Consultor, Palestrante e Pesquisador sobre Empreendedorismo, Marketing, Redes Sociais e Neg\u00f3cios Digitais. Professor, Palestrante TedxTalks e Campus Party. Twitter: @ThalesBrandao","sameAs":["http:\/\/www.mandacaru.com.br","https:\/\/www.facebook.com\/thalesbrandao","http:\/\/www.instagram.com.br\/thalesbrandaoferreira","https:\/\/www.linkedin.com\/in\/thales-brand\u00e3o-3948609\/","https:\/\/x.com\/http:\/\/www.twitter.com\/thalesbrandao"],"url":"https:\/\/www.cidademarketing.com.br\/marketing\/author\/thalesbrandao\/"}]}},"amp_enabled":true,"_links":{"self":[{"href":"https:\/\/www.cidademarketing.com.br\/marketing\/wp-json\/wp\/v2\/posts\/36209","targetHints":{"allow":["GET"]}}],"collection":[{"href":"https:\/\/www.cidademarketing.com.br\/marketing\/wp-json\/wp\/v2\/posts"}],"about":[{"href":"https:\/\/www.cidademarketing.com.br\/marketing\/wp-json\/wp\/v2\/types\/post"}],"author":[{"embeddable":true,"href":"https:\/\/www.cidademarketing.com.br\/marketing\/wp-json\/wp\/v2\/users\/1"}],"replies":[{"embeddable":true,"href":"https:\/\/www.cidademarketing.com.br\/marketing\/wp-json\/wp\/v2\/comments?post=36209"}],"version-history":[{"count":1,"href":"https:\/\/www.cidademarketing.com.br\/marketing\/wp-json\/wp\/v2\/posts\/36209\/revisions"}],"predecessor-version":[{"id":36211,"href":"https:\/\/www.cidademarketing.com.br\/marketing\/wp-json\/wp\/v2\/posts\/36209\/revisions\/36211"}],"wp:featuredmedia":[{"embeddable":true,"href":"https:\/\/www.cidademarketing.com.br\/marketing\/wp-json\/wp\/v2\/media\/36210"}],"wp:attachment":[{"href":"https:\/\/www.cidademarketing.com.br\/marketing\/wp-json\/wp\/v2\/media?parent=36209"}],"wp:term":[{"taxonomy":"category","embeddable":true,"href":"https:\/\/www.cidademarketing.com.br\/marketing\/wp-json\/wp\/v2\/categories?post=36209"},{"taxonomy":"post_tag","embeddable":true,"href":"https:\/\/www.cidademarketing.com.br\/marketing\/wp-json\/wp\/v2\/tags?post=36209"}],"curies":[{"name":"wp","href":"https:\/\/api.w.org\/{rel}","templated":true}]}}