{"id":36201,"date":"2022-05-15T00:41:10","date_gmt":"2022-05-15T03:41:10","guid":{"rendered":"https:\/\/www.cidademarketing.com.br\/marketing\/?p=36201"},"modified":"2022-05-15T00:41:10","modified_gmt":"2022-05-15T03:41:10","slug":"audi-do-brasil-avanca-em-nova-fase-do-programa-de-assinatura-com-e-tron-s-sportback-e-expansao","status":"publish","type":"post","link":"https:\/\/www.cidademarketing.com.br\/marketing\/2022\/05\/15\/audi-do-brasil-avanca-em-nova-fase-do-programa-de-assinatura-com-e-tron-s-sportback-e-expansao\/","title":{"rendered":"Audi do Brasil avan\u00e7a em nova fase do programa de assinatura com e-tron S Sportback e expans\u00e3o"},"content":{"rendered":"<p><iframe style=\"border-radius: 12px;\" src=\"https:\/\/open.spotify.com\/embed\/show\/4khMKzP3FgFRWVwb73xicc?utm_source=generator&amp;t=0\" width=\"100%\" height=\"232\" frameborder=\"0\" allowfullscreen=\"allowfullscreen\"><\/iframe><br \/>\nA Audi do Brasil anuncia a nova fase do programa de carros por assinatura da marca. O Audi Luxury Signature ter\u00e1 agora o novo Audi e-tron S Sportback, modelo com maior torque da marca e 100% el\u00e9trico, dispon\u00edvel no programa. Al\u00e9m do el\u00e9trico, tamb\u00e9m \u00e9 poss\u00edvel assinar os modelos A4, Q7, e-tron e e-tron Sportback. Os valores para assinatura partem de R$ 8.285,00 por m\u00eas em planos de 24 meses.<\/p>\n<p>Al\u00e9m da chegada do esportivo el\u00e9trico ao portf\u00f3lio de carros por assinatura, o programa tamb\u00e9m ganha expans\u00e3o territorial e est\u00e1 dispon\u00edvel em 27 cidades atrav\u00e9s de 34 pontos de venda. O plano por assinatura pode ser contratado nas concession\u00e1rias presentes nos estados de S\u00e3o Paulo, Goi\u00e1s, Distrito Federal, Mato Grosso, Mato Grosso do Sul, Santa Catarina, Minas Gerais, Paran\u00e1, Rio Grande do Sul, Rio de Janeiro e Esp\u00edrito Santo.<\/p>\n<p>\u201cO Audi Luxury Signature deixou de ser uma tend\u00eancia para se tornar uma realidade entre os servi\u00e7os oferecidos pela Audi no Brasil. O modelo de neg\u00f3cios de carro por assinatura est\u00e1 cada vez mais consolidado no mercado e ganha abrang\u00eancia significativa com um portf\u00f3lio de produtos ainda mais completo para atender \u00e0 demanda de clientes que buscam ve\u00edculos altamente tecnol\u00f3gicos\u201d, avalia Daniel Rojas, CEO e Presidente da Audi do Brasil.<\/p>\n<p>O programa ainda oferece planos que possuem dura\u00e7\u00e3o de 18 ou 24 meses e contemplam at\u00e9 1.500 km para rodar por m\u00eas, seguro, IPVA, licenciamento, assist\u00eancia 24 horas e manuten\u00e7\u00e3o preventiva, al\u00e9m de blindagem dispon\u00edvel com custo adicional. O projeto \u00e9 desenvolvido em parceria com a Fleet Solutions, empresa do Grupo Volkswagen.<\/p>\n<p>Os valores de assinatura partem de R$ 8.285,00 para o Audi A4 Sedan, R$ 15.330 para o Audi e-tron , R$ 15.795 para o Audi Q7, R$ 16.345 para o Audi e-tron Sportback, R$ 18.245 para o Q8 e R$ 21.100 para o Audi e-tron S Sportback. Mais informa\u00e7\u00f5es est\u00e3o dispon\u00edveis na p\u00e1gina exclusiva do Audi Luxury Signature.<\/p>\n<p>Como funciona o Audi Luxury Signature<br \/>\nAs concession\u00e1rias Audi Center s\u00e3o respons\u00e1veis por apresentar aos potenciais clientes as informa\u00e7\u00f5es dos modelos e planos dispon\u00edveis do Audi Luxury Signature. Ao confirmar o interesse, o cliente escolhe o ve\u00edculo de sua prefer\u00eancia e pode adicionar opcionais e\/ou blindagem, com respectiva adi\u00e7\u00e3o de valor no plano de assinatura.<\/p>\n<p>Ap\u00f3s a apresenta\u00e7\u00e3o de toda a documenta\u00e7\u00e3o necess\u00e1ria, o contrato \u00e9 assinado e a Audi fatura o ve\u00edculo em nome da Fleet Solutions, parceira do projeto respons\u00e1vel pela aquisi\u00e7\u00e3o do modelo. A unidade zero quil\u00f4metro escolhida de acordo com as prefer\u00eancias do interessado chega \u00e0 concession\u00e1ria, que faz a entrega t\u00e9cnica para o cliente.<\/p>\n<p>A partir da\u00ed o cliente fica respons\u00e1vel por efetuar o pagamento da assinatura mensalmente e seguir as recomenda\u00e7\u00f5es de manuten\u00e7\u00e3o da marca, como agendar e levar o ve\u00edculo para fazer as revis\u00f5es nas concession\u00e1rias. Ao final do contrato, o cliente ter\u00e1 a possibilidade de adquirir o modelo com condi\u00e7\u00f5es especiais ou devolver na concession\u00e1ria onde fechou o plano.<\/p>\n<p><iframe style=\"width: 100%; max-width: 660px; overflow: hidden; background: transparent;\" src=\"https:\/\/embed.podcasts.apple.com\/br\/podcast\/podcast-cidademarketing\/id1371923283\" height=\"450\" frameborder=\"0\" sandbox=\"allow-forms allow-popups allow-same-origin allow-scripts allow-storage-access-by-user-activation allow-top-navigation-by-user-activation\"><\/iframe><\/p>\n","protected":false},"excerpt":{"rendered":"<p>A Audi do Brasil anuncia a nova fase do programa de carros por assinatura da marca. O Audi Luxury Signature ter\u00e1 agora o novo Audi e-tron S Sportback, modelo com maior torque da marca e 100% el\u00e9trico, dispon\u00edvel no programa. Al\u00e9m do el\u00e9trico, tamb\u00e9m \u00e9 poss\u00edvel assinar os modelos A4, Q7, e-tron e e-tron Sportback. [&hellip;]<\/p>\n","protected":false},"author":1,"featured_media":36202,"comment_status":"open","ping_status":"open","sticky":false,"template":"","format":"standard","meta":{"tdm_status":"","tdm_grid_status":"","footnotes":""},"categories":[6],"tags":[943,33,28,5340,55],"class_list":["post-36201","post","type-post","status-publish","format-standard","has-post-thumbnail","hentry","category-noticias","tag-audi","tag-estrategia","tag-marketing","tag-programa-de-assinatura","tag-relacionamento"],"yoast_head":"<!-- This site is optimized with the Yoast SEO plugin v27.4 - https:\/\/yoast.com\/product\/yoast-seo-wordpress\/ -->\n<title>Audi do Brasil avan\u00e7a em nova fase do programa de assinatura com e-tron S Sportback e expans\u00e3o - CidadeMarketing<\/title>\n<meta name=\"robots\" content=\"index, follow, max-snippet:-1, max-image-preview:large, max-video-preview:-1\" \/>\n<link rel=\"canonical\" href=\"https:\/\/www.cidademarketing.com.br\/marketing\/2022\/05\/15\/audi-do-brasil-avanca-em-nova-fase-do-programa-de-assinatura-com-e-tron-s-sportback-e-expansao\/\" \/>\n<meta property=\"og:locale\" content=\"pt_BR\" \/>\n<meta property=\"og:type\" content=\"article\" \/>\n<meta property=\"og:title\" content=\"Audi do Brasil avan\u00e7a em nova fase do programa de assinatura com e-tron S Sportback e expans\u00e3o - CidadeMarketing\" \/>\n<meta property=\"og:description\" content=\"A Audi do Brasil anuncia a nova fase do programa de carros por assinatura da marca. O Audi Luxury Signature ter\u00e1 agora o novo Audi e-tron S Sportback, modelo com maior torque da marca e 100% el\u00e9trico, dispon\u00edvel no programa. Al\u00e9m do el\u00e9trico, tamb\u00e9m \u00e9 poss\u00edvel assinar os modelos A4, Q7, e-tron e e-tron Sportback. [&hellip;]\" \/>\n<meta property=\"og:url\" content=\"https:\/\/www.cidademarketing.com.br\/marketing\/2022\/05\/15\/audi-do-brasil-avanca-em-nova-fase-do-programa-de-assinatura-com-e-tron-s-sportback-e-expansao\/\" \/>\n<meta property=\"og:site_name\" content=\"CidadeMarketing\" \/>\n<meta property=\"article:publisher\" content=\"https:\/\/www.facebook.com\/portalcidademarketing\" \/>\n<meta property=\"article:author\" content=\"https:\/\/www.facebook.com\/thalesbrandao\" \/>\n<meta property=\"article:published_time\" content=\"2022-05-15T03:41:10+00:00\" \/>\n<meta property=\"og:image\" content=\"https:\/\/www.cidademarketing.com.br\/marketing\/wp-content\/uploads\/2022\/05\/audi_porassinatura.jpg\" \/>\n\t<meta property=\"og:image:width\" content=\"1650\" \/>\n\t<meta property=\"og:image:height\" content=\"928\" \/>\n\t<meta property=\"og:image:type\" content=\"image\/jpeg\" \/>\n<meta name=\"author\" content=\"Thales Brand\u00e3o\" \/>\n<meta name=\"twitter:card\" content=\"summary_large_image\" \/>\n<meta name=\"twitter:creator\" content=\"@http:\/\/www.twitter.com\/thalesbrandao\" \/>\n<meta name=\"twitter:site\" content=\"@CidadeMarketing\" \/>\n<meta name=\"twitter:label1\" content=\"Escrito por\" \/>\n\t<meta name=\"twitter:data1\" content=\"Thales Brand\u00e3o\" \/>\n\t<meta name=\"twitter:label2\" content=\"Est. tempo de leitura\" \/>\n\t<meta name=\"twitter:data2\" content=\"3 minutos\" \/>\n<script type=\"application\/ld+json\" class=\"yoast-schema-graph\">{\"@context\":\"https:\\\/\\\/schema.org\",\"@graph\":[{\"@type\":\"Article\",\"@id\":\"https:\\\/\\\/www.cidademarketing.com.br\\\/marketing\\\/2022\\\/05\\\/15\\\/audi-do-brasil-avanca-em-nova-fase-do-programa-de-assinatura-com-e-tron-s-sportback-e-expansao\\\/#article\",\"isPartOf\":{\"@id\":\"https:\\\/\\\/www.cidademarketing.com.br\\\/marketing\\\/2022\\\/05\\\/15\\\/audi-do-brasil-avanca-em-nova-fase-do-programa-de-assinatura-com-e-tron-s-sportback-e-expansao\\\/\"},\"author\":{\"name\":\"Thales Brand\u00e3o\",\"@id\":\"https:\\\/\\\/www.cidademarketing.com.br\\\/marketing\\\/#\\\/schema\\\/person\\\/02daff9f18bd9378c9e01eb6b2db155f\"},\"headline\":\"Audi do Brasil avan\u00e7a em nova fase do programa de assinatura com e-tron S Sportback e expans\u00e3o\",\"datePublished\":\"2022-05-15T03:41:10+00:00\",\"mainEntityOfPage\":{\"@id\":\"https:\\\/\\\/www.cidademarketing.com.br\\\/marketing\\\/2022\\\/05\\\/15\\\/audi-do-brasil-avanca-em-nova-fase-do-programa-de-assinatura-com-e-tron-s-sportback-e-expansao\\\/\"},\"wordCount\":547,\"commentCount\":0,\"publisher\":{\"@id\":\"https:\\\/\\\/www.cidademarketing.com.br\\\/marketing\\\/#organization\"},\"image\":{\"@id\":\"https:\\\/\\\/www.cidademarketing.com.br\\\/marketing\\\/2022\\\/05\\\/15\\\/audi-do-brasil-avanca-em-nova-fase-do-programa-de-assinatura-com-e-tron-s-sportback-e-expansao\\\/#primaryimage\"},\"thumbnailUrl\":\"https:\\\/\\\/www.cidademarketing.com.br\\\/marketing\\\/wp-content\\\/uploads\\\/2022\\\/05\\\/audi_porassinatura.jpg\",\"keywords\":[\"Audi\",\"estrat\u00e9gia\",\"marketing\",\"programa de assinatura\",\"relacionamento\"],\"articleSection\":[\"Not\u00edcias\"],\"inLanguage\":\"pt-BR\",\"potentialAction\":[{\"@type\":\"CommentAction\",\"name\":\"Comment\",\"target\":[\"https:\\\/\\\/www.cidademarketing.com.br\\\/marketing\\\/2022\\\/05\\\/15\\\/audi-do-brasil-avanca-em-nova-fase-do-programa-de-assinatura-com-e-tron-s-sportback-e-expansao\\\/#respond\"]}]},{\"@type\":\"WebPage\",\"@id\":\"https:\\\/\\\/www.cidademarketing.com.br\\\/marketing\\\/2022\\\/05\\\/15\\\/audi-do-brasil-avanca-em-nova-fase-do-programa-de-assinatura-com-e-tron-s-sportback-e-expansao\\\/\",\"url\":\"https:\\\/\\\/www.cidademarketing.com.br\\\/marketing\\\/2022\\\/05\\\/15\\\/audi-do-brasil-avanca-em-nova-fase-do-programa-de-assinatura-com-e-tron-s-sportback-e-expansao\\\/\",\"name\":\"Audi do Brasil avan\u00e7a em nova fase do programa de assinatura com e-tron S Sportback e expans\u00e3o - CidadeMarketing\",\"isPartOf\":{\"@id\":\"https:\\\/\\\/www.cidademarketing.com.br\\\/marketing\\\/#website\"},\"primaryImageOfPage\":{\"@id\":\"https:\\\/\\\/www.cidademarketing.com.br\\\/marketing\\\/2022\\\/05\\\/15\\\/audi-do-brasil-avanca-em-nova-fase-do-programa-de-assinatura-com-e-tron-s-sportback-e-expansao\\\/#primaryimage\"},\"image\":{\"@id\":\"https:\\\/\\\/www.cidademarketing.com.br\\\/marketing\\\/2022\\\/05\\\/15\\\/audi-do-brasil-avanca-em-nova-fase-do-programa-de-assinatura-com-e-tron-s-sportback-e-expansao\\\/#primaryimage\"},\"thumbnailUrl\":\"https:\\\/\\\/www.cidademarketing.com.br\\\/marketing\\\/wp-content\\\/uploads\\\/2022\\\/05\\\/audi_porassinatura.jpg\",\"datePublished\":\"2022-05-15T03:41:10+00:00\",\"breadcrumb\":{\"@id\":\"https:\\\/\\\/www.cidademarketing.com.br\\\/marketing\\\/2022\\\/05\\\/15\\\/audi-do-brasil-avanca-em-nova-fase-do-programa-de-assinatura-com-e-tron-s-sportback-e-expansao\\\/#breadcrumb\"},\"inLanguage\":\"pt-BR\",\"potentialAction\":[{\"@type\":\"ReadAction\",\"target\":[\"https:\\\/\\\/www.cidademarketing.com.br\\\/marketing\\\/2022\\\/05\\\/15\\\/audi-do-brasil-avanca-em-nova-fase-do-programa-de-assinatura-com-e-tron-s-sportback-e-expansao\\\/\"]}]},{\"@type\":\"ImageObject\",\"inLanguage\":\"pt-BR\",\"@id\":\"https:\\\/\\\/www.cidademarketing.com.br\\\/marketing\\\/2022\\\/05\\\/15\\\/audi-do-brasil-avanca-em-nova-fase-do-programa-de-assinatura-com-e-tron-s-sportback-e-expansao\\\/#primaryimage\",\"url\":\"https:\\\/\\\/www.cidademarketing.com.br\\\/marketing\\\/wp-content\\\/uploads\\\/2022\\\/05\\\/audi_porassinatura.jpg\",\"contentUrl\":\"https:\\\/\\\/www.cidademarketing.com.br\\\/marketing\\\/wp-content\\\/uploads\\\/2022\\\/05\\\/audi_porassinatura.jpg\",\"width\":1650,\"height\":928,\"caption\":\"Divulga\u00e7\u00e3o\"},{\"@type\":\"BreadcrumbList\",\"@id\":\"https:\\\/\\\/www.cidademarketing.com.br\\\/marketing\\\/2022\\\/05\\\/15\\\/audi-do-brasil-avanca-em-nova-fase-do-programa-de-assinatura-com-e-tron-s-sportback-e-expansao\\\/#breadcrumb\",\"itemListElement\":[{\"@type\":\"ListItem\",\"position\":1,\"name\":\"In\u00edcio\",\"item\":\"https:\\\/\\\/www.cidademarketing.com.br\\\/marketing\\\/\"},{\"@type\":\"ListItem\",\"position\":2,\"name\":\"Audi do Brasil avan\u00e7a em nova fase do programa de assinatura com e-tron S Sportback e expans\u00e3o\"}]},{\"@type\":\"WebSite\",\"@id\":\"https:\\\/\\\/www.cidademarketing.com.br\\\/marketing\\\/#website\",\"url\":\"https:\\\/\\\/www.cidademarketing.com.br\\\/marketing\\\/\",\"name\":\"CidadeMarketing\",\"description\":\"Somos um ve\u00edculo de comunica\u00e7\u00e3o de destaque no Brasil, reconhecido por conte\u00fados nos segmentos de marketing, empreendedorismo e inova\u00e7\u00e3o.\",\"publisher\":{\"@id\":\"https:\\\/\\\/www.cidademarketing.com.br\\\/marketing\\\/#organization\"},\"alternateName\":\"CidadeMarketing\",\"potentialAction\":[{\"@type\":\"SearchAction\",\"target\":{\"@type\":\"EntryPoint\",\"urlTemplate\":\"https:\\\/\\\/www.cidademarketing.com.br\\\/marketing\\\/?s={search_term_string}\"},\"query-input\":{\"@type\":\"PropertyValueSpecification\",\"valueRequired\":true,\"valueName\":\"search_term_string\"}}],\"inLanguage\":\"pt-BR\"},{\"@type\":\"Organization\",\"@id\":\"https:\\\/\\\/www.cidademarketing.com.br\\\/marketing\\\/#organization\",\"name\":\"CidadeMarketing\",\"alternateName\":\"CidadeMarketing\",\"url\":\"https:\\\/\\\/www.cidademarketing.com.br\\\/marketing\\\/\",\"logo\":{\"@type\":\"ImageObject\",\"inLanguage\":\"pt-BR\",\"@id\":\"https:\\\/\\\/www.cidademarketing.com.br\\\/marketing\\\/#\\\/schema\\\/logo\\\/image\\\/\",\"url\":\"https:\\\/\\\/www.cidademarketing.com.br\\\/marketing\\\/wp-content\\\/uploads\\\/2020\\\/01\\\/cidademarketing_marca_mobile.png\",\"contentUrl\":\"https:\\\/\\\/www.cidademarketing.com.br\\\/marketing\\\/wp-content\\\/uploads\\\/2020\\\/01\\\/cidademarketing_marca_mobile.png\",\"width\":230,\"height\":92,\"caption\":\"CidadeMarketing\"},\"image\":{\"@id\":\"https:\\\/\\\/www.cidademarketing.com.br\\\/marketing\\\/#\\\/schema\\\/logo\\\/image\\\/\"},\"sameAs\":[\"https:\\\/\\\/www.facebook.com\\\/portalcidademarketing\",\"https:\\\/\\\/x.com\\\/CidadeMarketing\",\"https:\\\/\\\/www.instagram.com\\\/cidademarketing\\\/\"]},{\"@type\":\"Person\",\"@id\":\"https:\\\/\\\/www.cidademarketing.com.br\\\/marketing\\\/#\\\/schema\\\/person\\\/02daff9f18bd9378c9e01eb6b2db155f\",\"name\":\"Thales Brand\u00e3o\",\"image\":{\"@type\":\"ImageObject\",\"inLanguage\":\"pt-BR\",\"@id\":\"https:\\\/\\\/secure.gravatar.com\\\/avatar\\\/7ca3206950207cc3cb48feec56a8a7898741ab725c368d99d5d7a5a50aab80c6?s=96&d=mm&r=g\",\"url\":\"https:\\\/\\\/secure.gravatar.com\\\/avatar\\\/7ca3206950207cc3cb48feec56a8a7898741ab725c368d99d5d7a5a50aab80c6?s=96&d=mm&r=g\",\"contentUrl\":\"https:\\\/\\\/secure.gravatar.com\\\/avatar\\\/7ca3206950207cc3cb48feec56a8a7898741ab725c368d99d5d7a5a50aab80c6?s=96&d=mm&r=g\",\"caption\":\"Thales Brand\u00e3o\"},\"description\":\"Editor Executivo do Portal CidadeMarketing.com.br &gt; Mestre em Comunica\u00e7\u00e3o e Sociedade pela Universidade Federal de Sergipe. Possui MBA Executivo em Administra\u00e7\u00e3o com \u00eanfase em Marketing pela Funda\u00e7\u00e3o Get\u00falio Vargas - Rio de Janeiro. Consultor, Palestrante e Pesquisador sobre Empreendedorismo, Marketing, Redes Sociais e Neg\u00f3cios Digitais. Professor, Palestrante TedxTalks e Campus Party. Twitter: @ThalesBrandao\",\"sameAs\":[\"http:\\\/\\\/www.mandacaru.com.br\",\"https:\\\/\\\/www.facebook.com\\\/thalesbrandao\",\"http:\\\/\\\/www.instagram.com.br\\\/thalesbrandaoferreira\",\"https:\\\/\\\/www.linkedin.com\\\/in\\\/thales-brand\u00e3o-3948609\\\/\",\"https:\\\/\\\/x.com\\\/http:\\\/\\\/www.twitter.com\\\/thalesbrandao\"],\"url\":\"https:\\\/\\\/www.cidademarketing.com.br\\\/marketing\\\/author\\\/thalesbrandao\\\/\"}]}<\/script>\n<!-- \/ Yoast SEO plugin. -->","yoast_head_json":{"title":"Audi do Brasil avan\u00e7a em nova fase do programa de assinatura com e-tron S Sportback e expans\u00e3o - CidadeMarketing","robots":{"index":"index","follow":"follow","max-snippet":"max-snippet:-1","max-image-preview":"max-image-preview:large","max-video-preview":"max-video-preview:-1"},"canonical":"https:\/\/www.cidademarketing.com.br\/marketing\/2022\/05\/15\/audi-do-brasil-avanca-em-nova-fase-do-programa-de-assinatura-com-e-tron-s-sportback-e-expansao\/","og_locale":"pt_BR","og_type":"article","og_title":"Audi do Brasil avan\u00e7a em nova fase do programa de assinatura com e-tron S Sportback e expans\u00e3o - CidadeMarketing","og_description":"A Audi do Brasil anuncia a nova fase do programa de carros por assinatura da marca. O Audi Luxury Signature ter\u00e1 agora o novo Audi e-tron S Sportback, modelo com maior torque da marca e 100% el\u00e9trico, dispon\u00edvel no programa. Al\u00e9m do el\u00e9trico, tamb\u00e9m \u00e9 poss\u00edvel assinar os modelos A4, Q7, e-tron e e-tron Sportback. [&hellip;]","og_url":"https:\/\/www.cidademarketing.com.br\/marketing\/2022\/05\/15\/audi-do-brasil-avanca-em-nova-fase-do-programa-de-assinatura-com-e-tron-s-sportback-e-expansao\/","og_site_name":"CidadeMarketing","article_publisher":"https:\/\/www.facebook.com\/portalcidademarketing","article_author":"https:\/\/www.facebook.com\/thalesbrandao","article_published_time":"2022-05-15T03:41:10+00:00","og_image":[{"width":1650,"height":928,"url":"https:\/\/www.cidademarketing.com.br\/marketing\/wp-content\/uploads\/2022\/05\/audi_porassinatura.jpg","type":"image\/jpeg"}],"author":"Thales Brand\u00e3o","twitter_card":"summary_large_image","twitter_creator":"@http:\/\/www.twitter.com\/thalesbrandao","twitter_site":"@CidadeMarketing","twitter_misc":{"Escrito por":"Thales Brand\u00e3o","Est. tempo de leitura":"3 minutos"},"schema":{"@context":"https:\/\/schema.org","@graph":[{"@type":"Article","@id":"https:\/\/www.cidademarketing.com.br\/marketing\/2022\/05\/15\/audi-do-brasil-avanca-em-nova-fase-do-programa-de-assinatura-com-e-tron-s-sportback-e-expansao\/#article","isPartOf":{"@id":"https:\/\/www.cidademarketing.com.br\/marketing\/2022\/05\/15\/audi-do-brasil-avanca-em-nova-fase-do-programa-de-assinatura-com-e-tron-s-sportback-e-expansao\/"},"author":{"name":"Thales Brand\u00e3o","@id":"https:\/\/www.cidademarketing.com.br\/marketing\/#\/schema\/person\/02daff9f18bd9378c9e01eb6b2db155f"},"headline":"Audi do Brasil avan\u00e7a em nova fase do programa de assinatura com e-tron S Sportback e expans\u00e3o","datePublished":"2022-05-15T03:41:10+00:00","mainEntityOfPage":{"@id":"https:\/\/www.cidademarketing.com.br\/marketing\/2022\/05\/15\/audi-do-brasil-avanca-em-nova-fase-do-programa-de-assinatura-com-e-tron-s-sportback-e-expansao\/"},"wordCount":547,"commentCount":0,"publisher":{"@id":"https:\/\/www.cidademarketing.com.br\/marketing\/#organization"},"image":{"@id":"https:\/\/www.cidademarketing.com.br\/marketing\/2022\/05\/15\/audi-do-brasil-avanca-em-nova-fase-do-programa-de-assinatura-com-e-tron-s-sportback-e-expansao\/#primaryimage"},"thumbnailUrl":"https:\/\/www.cidademarketing.com.br\/marketing\/wp-content\/uploads\/2022\/05\/audi_porassinatura.jpg","keywords":["Audi","estrat\u00e9gia","marketing","programa de assinatura","relacionamento"],"articleSection":["Not\u00edcias"],"inLanguage":"pt-BR","potentialAction":[{"@type":"CommentAction","name":"Comment","target":["https:\/\/www.cidademarketing.com.br\/marketing\/2022\/05\/15\/audi-do-brasil-avanca-em-nova-fase-do-programa-de-assinatura-com-e-tron-s-sportback-e-expansao\/#respond"]}]},{"@type":"WebPage","@id":"https:\/\/www.cidademarketing.com.br\/marketing\/2022\/05\/15\/audi-do-brasil-avanca-em-nova-fase-do-programa-de-assinatura-com-e-tron-s-sportback-e-expansao\/","url":"https:\/\/www.cidademarketing.com.br\/marketing\/2022\/05\/15\/audi-do-brasil-avanca-em-nova-fase-do-programa-de-assinatura-com-e-tron-s-sportback-e-expansao\/","name":"Audi do Brasil avan\u00e7a em nova fase do programa de assinatura com e-tron S Sportback e expans\u00e3o - CidadeMarketing","isPartOf":{"@id":"https:\/\/www.cidademarketing.com.br\/marketing\/#website"},"primaryImageOfPage":{"@id":"https:\/\/www.cidademarketing.com.br\/marketing\/2022\/05\/15\/audi-do-brasil-avanca-em-nova-fase-do-programa-de-assinatura-com-e-tron-s-sportback-e-expansao\/#primaryimage"},"image":{"@id":"https:\/\/www.cidademarketing.com.br\/marketing\/2022\/05\/15\/audi-do-brasil-avanca-em-nova-fase-do-programa-de-assinatura-com-e-tron-s-sportback-e-expansao\/#primaryimage"},"thumbnailUrl":"https:\/\/www.cidademarketing.com.br\/marketing\/wp-content\/uploads\/2022\/05\/audi_porassinatura.jpg","datePublished":"2022-05-15T03:41:10+00:00","breadcrumb":{"@id":"https:\/\/www.cidademarketing.com.br\/marketing\/2022\/05\/15\/audi-do-brasil-avanca-em-nova-fase-do-programa-de-assinatura-com-e-tron-s-sportback-e-expansao\/#breadcrumb"},"inLanguage":"pt-BR","potentialAction":[{"@type":"ReadAction","target":["https:\/\/www.cidademarketing.com.br\/marketing\/2022\/05\/15\/audi-do-brasil-avanca-em-nova-fase-do-programa-de-assinatura-com-e-tron-s-sportback-e-expansao\/"]}]},{"@type":"ImageObject","inLanguage":"pt-BR","@id":"https:\/\/www.cidademarketing.com.br\/marketing\/2022\/05\/15\/audi-do-brasil-avanca-em-nova-fase-do-programa-de-assinatura-com-e-tron-s-sportback-e-expansao\/#primaryimage","url":"https:\/\/www.cidademarketing.com.br\/marketing\/wp-content\/uploads\/2022\/05\/audi_porassinatura.jpg","contentUrl":"https:\/\/www.cidademarketing.com.br\/marketing\/wp-content\/uploads\/2022\/05\/audi_porassinatura.jpg","width":1650,"height":928,"caption":"Divulga\u00e7\u00e3o"},{"@type":"BreadcrumbList","@id":"https:\/\/www.cidademarketing.com.br\/marketing\/2022\/05\/15\/audi-do-brasil-avanca-em-nova-fase-do-programa-de-assinatura-com-e-tron-s-sportback-e-expansao\/#breadcrumb","itemListElement":[{"@type":"ListItem","position":1,"name":"In\u00edcio","item":"https:\/\/www.cidademarketing.com.br\/marketing\/"},{"@type":"ListItem","position":2,"name":"Audi do Brasil avan\u00e7a em nova fase do programa de assinatura com e-tron S Sportback e expans\u00e3o"}]},{"@type":"WebSite","@id":"https:\/\/www.cidademarketing.com.br\/marketing\/#website","url":"https:\/\/www.cidademarketing.com.br\/marketing\/","name":"CidadeMarketing","description":"Somos um ve\u00edculo de comunica\u00e7\u00e3o de destaque no Brasil, reconhecido por conte\u00fados nos segmentos de marketing, empreendedorismo e inova\u00e7\u00e3o.","publisher":{"@id":"https:\/\/www.cidademarketing.com.br\/marketing\/#organization"},"alternateName":"CidadeMarketing","potentialAction":[{"@type":"SearchAction","target":{"@type":"EntryPoint","urlTemplate":"https:\/\/www.cidademarketing.com.br\/marketing\/?s={search_term_string}"},"query-input":{"@type":"PropertyValueSpecification","valueRequired":true,"valueName":"search_term_string"}}],"inLanguage":"pt-BR"},{"@type":"Organization","@id":"https:\/\/www.cidademarketing.com.br\/marketing\/#organization","name":"CidadeMarketing","alternateName":"CidadeMarketing","url":"https:\/\/www.cidademarketing.com.br\/marketing\/","logo":{"@type":"ImageObject","inLanguage":"pt-BR","@id":"https:\/\/www.cidademarketing.com.br\/marketing\/#\/schema\/logo\/image\/","url":"https:\/\/www.cidademarketing.com.br\/marketing\/wp-content\/uploads\/2020\/01\/cidademarketing_marca_mobile.png","contentUrl":"https:\/\/www.cidademarketing.com.br\/marketing\/wp-content\/uploads\/2020\/01\/cidademarketing_marca_mobile.png","width":230,"height":92,"caption":"CidadeMarketing"},"image":{"@id":"https:\/\/www.cidademarketing.com.br\/marketing\/#\/schema\/logo\/image\/"},"sameAs":["https:\/\/www.facebook.com\/portalcidademarketing","https:\/\/x.com\/CidadeMarketing","https:\/\/www.instagram.com\/cidademarketing\/"]},{"@type":"Person","@id":"https:\/\/www.cidademarketing.com.br\/marketing\/#\/schema\/person\/02daff9f18bd9378c9e01eb6b2db155f","name":"Thales Brand\u00e3o","image":{"@type":"ImageObject","inLanguage":"pt-BR","@id":"https:\/\/secure.gravatar.com\/avatar\/7ca3206950207cc3cb48feec56a8a7898741ab725c368d99d5d7a5a50aab80c6?s=96&d=mm&r=g","url":"https:\/\/secure.gravatar.com\/avatar\/7ca3206950207cc3cb48feec56a8a7898741ab725c368d99d5d7a5a50aab80c6?s=96&d=mm&r=g","contentUrl":"https:\/\/secure.gravatar.com\/avatar\/7ca3206950207cc3cb48feec56a8a7898741ab725c368d99d5d7a5a50aab80c6?s=96&d=mm&r=g","caption":"Thales Brand\u00e3o"},"description":"Editor Executivo do Portal CidadeMarketing.com.br &gt; Mestre em Comunica\u00e7\u00e3o e Sociedade pela Universidade Federal de Sergipe. Possui MBA Executivo em Administra\u00e7\u00e3o com \u00eanfase em Marketing pela Funda\u00e7\u00e3o Get\u00falio Vargas - Rio de Janeiro. Consultor, Palestrante e Pesquisador sobre Empreendedorismo, Marketing, Redes Sociais e Neg\u00f3cios Digitais. Professor, Palestrante TedxTalks e Campus Party. Twitter: @ThalesBrandao","sameAs":["http:\/\/www.mandacaru.com.br","https:\/\/www.facebook.com\/thalesbrandao","http:\/\/www.instagram.com.br\/thalesbrandaoferreira","https:\/\/www.linkedin.com\/in\/thales-brand\u00e3o-3948609\/","https:\/\/x.com\/http:\/\/www.twitter.com\/thalesbrandao"],"url":"https:\/\/www.cidademarketing.com.br\/marketing\/author\/thalesbrandao\/"}]}},"amp_enabled":true,"_links":{"self":[{"href":"https:\/\/www.cidademarketing.com.br\/marketing\/wp-json\/wp\/v2\/posts\/36201","targetHints":{"allow":["GET"]}}],"collection":[{"href":"https:\/\/www.cidademarketing.com.br\/marketing\/wp-json\/wp\/v2\/posts"}],"about":[{"href":"https:\/\/www.cidademarketing.com.br\/marketing\/wp-json\/wp\/v2\/types\/post"}],"author":[{"embeddable":true,"href":"https:\/\/www.cidademarketing.com.br\/marketing\/wp-json\/wp\/v2\/users\/1"}],"replies":[{"embeddable":true,"href":"https:\/\/www.cidademarketing.com.br\/marketing\/wp-json\/wp\/v2\/comments?post=36201"}],"version-history":[{"count":1,"href":"https:\/\/www.cidademarketing.com.br\/marketing\/wp-json\/wp\/v2\/posts\/36201\/revisions"}],"predecessor-version":[{"id":36203,"href":"https:\/\/www.cidademarketing.com.br\/marketing\/wp-json\/wp\/v2\/posts\/36201\/revisions\/36203"}],"wp:featuredmedia":[{"embeddable":true,"href":"https:\/\/www.cidademarketing.com.br\/marketing\/wp-json\/wp\/v2\/media\/36202"}],"wp:attachment":[{"href":"https:\/\/www.cidademarketing.com.br\/marketing\/wp-json\/wp\/v2\/media?parent=36201"}],"wp:term":[{"taxonomy":"category","embeddable":true,"href":"https:\/\/www.cidademarketing.com.br\/marketing\/wp-json\/wp\/v2\/categories?post=36201"},{"taxonomy":"post_tag","embeddable":true,"href":"https:\/\/www.cidademarketing.com.br\/marketing\/wp-json\/wp\/v2\/tags?post=36201"}],"curies":[{"name":"wp","href":"https:\/\/api.w.org\/{rel}","templated":true}]}}