{"id":3620,"date":"2018-12-08T01:14:06","date_gmt":"2018-12-08T03:14:06","guid":{"rendered":"http:\/\/www.cidademarketing.com.br\/marketing\/?p=3620"},"modified":"2018-12-08T01:14:08","modified_gmt":"2018-12-08T03:14:08","slug":"celulares-irregulares-no-ac-es-mt-ms-pr-rj-rs-ro-sc-e-to-passam-a-ser-bloqueados-a-partir-de-sabado-8","status":"publish","type":"post","link":"https:\/\/www.cidademarketing.com.br\/marketing\/2018\/12\/08\/celulares-irregulares-no-ac-es-mt-ms-pr-rj-rs-ro-sc-e-to-passam-a-ser-bloqueados-a-partir-de-sabado-8\/","title":{"rendered":"Celulares irregulares no AC, ES, MT, MS, PR, RJ, RS, RO, SC e TO passam a ser bloqueados a partir de s\u00e1bado (8)"},"content":{"rendered":"\n<p>Come\u00e7a no pr\u00f3ximo s\u00e1bado (8) o bloqueio de celulares irregulares nos estados do Acre, Esp\u00edrito Santo, Mato Grosso, Mato Grosso do Sul, Paran\u00e1, Rio de Janeiro, Rio Grande do Sul, Rond\u00f4nia, Santa Catarina e Tocantins. Com isso, a Ag\u00eancia Nacional de Telecomunica\u00e7\u00f5es (Anatel) combate o uso de celulares falsificados ou com IMEI adulterado e inibe a comercializa\u00e7\u00e3o de aparelhos n\u00e3o homologados no pa\u00eds.<\/p>\n\n\n\n<p>Nesses estados, desde 23 de setembro, quem ativa um celular irregular nas redes das prestadoras m\u00f3veis recebe em at\u00e9 24 horas a mensagem: \u201cOperadora avisa: Pela Lei 9.472 este celular est\u00e1 irregular e n\u00e3o funcionar\u00e1 nas redes celulares em 75 dias\u201d. Alerta similar \u00e9 encaminhada 50 dias e 25 dias antes do bloqueio. &nbsp;E, na v\u00e9spera do bloqueio, o celular recebe a mensagem: \u201cOperadora avisa: Este celular IMEI XXXXXXXXXXXXXXX \u00e9 irregular e deixar\u00e1 de funcionar nas redes celulares\u201d. O IMEI \u00e9 um c\u00f3digo composto por 15 n\u00fameros utilizado internacionalmente que permite identificar a marca e modelo do aparelho. Todas as mensagens s\u00e3o enviadas pelo n\u00famero 2828.<\/p>\n\n\n\n<p>Ciente da irregularidade do celular, o usu\u00e1rio do servi\u00e7o m\u00f3vel deve procurar a empresa ou pessoa que vendeu o aparelho e buscar seus direitos como consumidor. Entre os celulares irregulares a serem bloqueados, h\u00e1 aparelhos que n\u00e3o oferecerem a qualidade e seguran\u00e7a exigidas pela regulamenta\u00e7\u00e3o brasileira. No Distrito Federal e no estado de Goi\u00e1s, onde o bloqueio est\u00e1 implantado desde maio deste ano, j\u00e1 foram exclu\u00eddos das redes das prestadoras m\u00f3veis 108,8 mil celulares irregulares.<\/p>\n\n\n\n<p>A Anatel criou em seu Portal na Internet um espa\u00e7o com informa\u00e7\u00f5es do projeto de bloqueio de celulares, o projeto Celular Legal (<a rel=\"noreferrer noopener\" aria-label=\"A Anatel criou em seu Portal na Internet um espa\u00e7o com informa\u00e7\u00f5es do projeto de bloqueio de celulares, o projeto Celular Legal (http:\/\/www.anatel.gov.br\/celularlegal\/). No Portal da Anatel tamb\u00e9m \u00e9 poss\u00edvel verificar se o celular apresenta alguma irregularidade (http:\/\/www.anatel.gov.br\/celularlegal\/consulte-sua-situacao). (opens in a new tab)\" href=\"http:\/\/www.anatel.gov.br\/celularlegal\/\" target=\"_blank\">http:\/\/www.anatel.gov.br\/celularlegal\/<\/a>). No Portal da Anatel tamb\u00e9m \u00e9 poss\u00edvel verificar se o celular apresenta alguma irregularidade (<a href=\"http:\/\/www.anatel.gov.br\/celularlegal\/consulte-sua-situacao\" target=\"_blank\" rel=\"noreferrer noopener\" aria-label=\"A Anatel criou em seu Portal na Internet um espa\u00e7o com informa\u00e7\u00f5es do projeto de bloqueio de celulares, o projeto Celular Legal (http:\/\/www.anatel.gov.br\/celularlegal\/). No Portal da Anatel tamb\u00e9m \u00e9 poss\u00edvel verificar se o celular apresenta alguma irregularidade (http:\/\/www.anatel.gov.br\/celularlegal\/consulte-sua-situacao). (opens in a new tab)\">http:\/\/www.anatel.gov.br\/celularlegal\/consulte-sua-situacao<\/a>).<\/p>\n\n\n\n<p>Nos estados da Regi\u00e3o Nordeste e demais estados da Regi\u00e3o Norte e Sudeste as mensagens de bloqueio de celulares irregulares ser\u00e3o enviadas a partir de 7 de janeiro de 2019 e os aparelhos passar\u00e3o a ser bloqueados em 24 de mar\u00e7o do pr\u00f3ximo ano. Nesses locais, a medida ir\u00e1 valer para celulares irregulares habilitados nas redes das prestadoras a partir de 7 de janeiro.<\/p>\n\n\n\n<p><strong>Bloqueio por roubo, furto ou perda \u2013<\/strong>&nbsp;Al\u00e9m do bloqueio de celulares irregulares que est\u00e1 em implanta\u00e7\u00e3o no pa\u00eds, o propriet\u00e1rio de um aparelho roubado, furtado ou perdido no territ\u00f3rio brasileiro pode solicitar, desde 2002, o bloqueio do celular junto \u00e0 prestadora m\u00f3vel ou secretarias de seguran\u00e7a de estados conveniados com o Cadastro de Esta\u00e7\u00f5es M\u00f3veis Impedidas regulado pela Anatel. \u00c9 poss\u00edvel bloquear o aparelho apenas com o n\u00famero da linha e confirma\u00e7\u00e3o dos dados pessoais.<\/p>\n","protected":false},"excerpt":{"rendered":"<p>Come\u00e7a no pr\u00f3ximo s\u00e1bado (8) o bloqueio de celulares irregulares nos estados do Acre, Esp\u00edrito Santo, Mato Grosso, Mato Grosso do Sul, Paran\u00e1, Rio de Janeiro, Rio Grande do Sul, Rond\u00f4nia, Santa Catarina e Tocantins. Com isso, a Ag\u00eancia Nacional de Telecomunica\u00e7\u00f5es (Anatel) combate o uso de celulares falsificados ou com IMEI adulterado e inibe [&hellip;]<\/p>\n","protected":false},"author":1,"featured_media":3621,"comment_status":"open","ping_status":"open","sticky":false,"template":"","format":"standard","meta":{"tdm_status":"","tdm_grid_status":"","footnotes":""},"categories":[9,6],"tags":[256,51],"class_list":["post-3620","post","type-post","status-publish","format-standard","has-post-thumbnail","hentry","category-consumidor","category-noticias","tag-anatel","tag-consumidor"],"yoast_head":"<!-- This site is optimized with the Yoast SEO plugin v27.5 - https:\/\/yoast.com\/product\/yoast-seo-wordpress\/ -->\n<title>Celulares irregulares no AC, ES, MT, MS, PR, RJ, RS, RO, SC e TO passam a ser bloqueados a partir de s\u00e1bado (8) - CidadeMarketing<\/title>\n<meta name=\"robots\" content=\"index, follow, max-snippet:-1, max-image-preview:large, max-video-preview:-1\" \/>\n<link rel=\"canonical\" href=\"https:\/\/www.cidademarketing.com.br\/marketing\/2018\/12\/08\/celulares-irregulares-no-ac-es-mt-ms-pr-rj-rs-ro-sc-e-to-passam-a-ser-bloqueados-a-partir-de-sabado-8\/\" \/>\n<meta property=\"og:locale\" content=\"pt_BR\" \/>\n<meta property=\"og:type\" content=\"article\" \/>\n<meta property=\"og:title\" content=\"Celulares irregulares no AC, ES, MT, MS, PR, RJ, RS, RO, SC e TO passam a ser bloqueados a partir de s\u00e1bado (8) - CidadeMarketing\" \/>\n<meta property=\"og:description\" content=\"Come\u00e7a no pr\u00f3ximo s\u00e1bado (8) o bloqueio de celulares irregulares nos estados do Acre, Esp\u00edrito Santo, Mato Grosso, Mato Grosso do Sul, Paran\u00e1, Rio de Janeiro, Rio Grande do Sul, Rond\u00f4nia, Santa Catarina e Tocantins. Com isso, a Ag\u00eancia Nacional de Telecomunica\u00e7\u00f5es (Anatel) combate o uso de celulares falsificados ou com IMEI adulterado e inibe [&hellip;]\" \/>\n<meta property=\"og:url\" content=\"https:\/\/www.cidademarketing.com.br\/marketing\/2018\/12\/08\/celulares-irregulares-no-ac-es-mt-ms-pr-rj-rs-ro-sc-e-to-passam-a-ser-bloqueados-a-partir-de-sabado-8\/\" \/>\n<meta property=\"og:site_name\" content=\"CidadeMarketing\" \/>\n<meta property=\"article:publisher\" content=\"https:\/\/www.facebook.com\/portalcidademarketing\" \/>\n<meta property=\"article:author\" content=\"https:\/\/www.facebook.com\/thalesbrandao\" \/>\n<meta property=\"article:published_time\" content=\"2018-12-08T03:14:06+00:00\" \/>\n<meta property=\"article:modified_time\" content=\"2018-12-08T03:14:08+00:00\" \/>\n<meta property=\"og:image\" content=\"https:\/\/www.cidademarketing.com.br\/marketing\/wp-content\/uploads\/2018\/12\/celular_legal_anatel.png\" \/>\n\t<meta property=\"og:image:width\" content=\"736\" \/>\n\t<meta property=\"og:image:height\" content=\"401\" \/>\n\t<meta property=\"og:image:type\" content=\"image\/png\" \/>\n<meta name=\"author\" content=\"Thales Brand\u00e3o\" \/>\n<meta name=\"twitter:card\" content=\"summary_large_image\" \/>\n<meta name=\"twitter:creator\" content=\"@http:\/\/www.twitter.com\/thalesbrandao\" \/>\n<meta name=\"twitter:site\" content=\"@CidadeMarketing\" \/>\n<meta name=\"twitter:label1\" content=\"Escrito por\" \/>\n\t<meta name=\"twitter:data1\" content=\"Thales Brand\u00e3o\" \/>\n\t<meta name=\"twitter:label2\" content=\"Est. tempo de leitura\" \/>\n\t<meta name=\"twitter:data2\" content=\"2 minutos\" \/>\n<script type=\"application\/ld+json\" class=\"yoast-schema-graph\">{\"@context\":\"https:\\\/\\\/schema.org\",\"@graph\":[{\"@type\":\"Article\",\"@id\":\"https:\\\/\\\/www.cidademarketing.com.br\\\/marketing\\\/2018\\\/12\\\/08\\\/celulares-irregulares-no-ac-es-mt-ms-pr-rj-rs-ro-sc-e-to-passam-a-ser-bloqueados-a-partir-de-sabado-8\\\/#article\",\"isPartOf\":{\"@id\":\"https:\\\/\\\/www.cidademarketing.com.br\\\/marketing\\\/2018\\\/12\\\/08\\\/celulares-irregulares-no-ac-es-mt-ms-pr-rj-rs-ro-sc-e-to-passam-a-ser-bloqueados-a-partir-de-sabado-8\\\/\"},\"author\":{\"name\":\"Thales Brand\u00e3o\",\"@id\":\"https:\\\/\\\/www.cidademarketing.com.br\\\/marketing\\\/#\\\/schema\\\/person\\\/02daff9f18bd9378c9e01eb6b2db155f\"},\"headline\":\"Celulares irregulares no AC, ES, MT, MS, PR, RJ, RS, RO, SC e TO passam a ser bloqueados a partir de s\u00e1bado (8)\",\"datePublished\":\"2018-12-08T03:14:06+00:00\",\"dateModified\":\"2018-12-08T03:14:08+00:00\",\"mainEntityOfPage\":{\"@id\":\"https:\\\/\\\/www.cidademarketing.com.br\\\/marketing\\\/2018\\\/12\\\/08\\\/celulares-irregulares-no-ac-es-mt-ms-pr-rj-rs-ro-sc-e-to-passam-a-ser-bloqueados-a-partir-de-sabado-8\\\/\"},\"wordCount\":484,\"commentCount\":0,\"publisher\":{\"@id\":\"https:\\\/\\\/www.cidademarketing.com.br\\\/marketing\\\/#organization\"},\"image\":{\"@id\":\"https:\\\/\\\/www.cidademarketing.com.br\\\/marketing\\\/2018\\\/12\\\/08\\\/celulares-irregulares-no-ac-es-mt-ms-pr-rj-rs-ro-sc-e-to-passam-a-ser-bloqueados-a-partir-de-sabado-8\\\/#primaryimage\"},\"thumbnailUrl\":\"https:\\\/\\\/www.cidademarketing.com.br\\\/marketing\\\/wp-content\\\/uploads\\\/2018\\\/12\\\/celular_legal_anatel.png\",\"keywords\":[\"Anatel\",\"consumidor\"],\"articleSection\":[\"Consumidor\",\"Not\u00edcias\"],\"inLanguage\":\"pt-BR\",\"potentialAction\":[{\"@type\":\"CommentAction\",\"name\":\"Comment\",\"target\":[\"https:\\\/\\\/www.cidademarketing.com.br\\\/marketing\\\/2018\\\/12\\\/08\\\/celulares-irregulares-no-ac-es-mt-ms-pr-rj-rs-ro-sc-e-to-passam-a-ser-bloqueados-a-partir-de-sabado-8\\\/#respond\"]}]},{\"@type\":\"WebPage\",\"@id\":\"https:\\\/\\\/www.cidademarketing.com.br\\\/marketing\\\/2018\\\/12\\\/08\\\/celulares-irregulares-no-ac-es-mt-ms-pr-rj-rs-ro-sc-e-to-passam-a-ser-bloqueados-a-partir-de-sabado-8\\\/\",\"url\":\"https:\\\/\\\/www.cidademarketing.com.br\\\/marketing\\\/2018\\\/12\\\/08\\\/celulares-irregulares-no-ac-es-mt-ms-pr-rj-rs-ro-sc-e-to-passam-a-ser-bloqueados-a-partir-de-sabado-8\\\/\",\"name\":\"Celulares irregulares no AC, ES, MT, MS, PR, RJ, RS, RO, SC e TO passam a ser bloqueados a partir de s\u00e1bado (8) - CidadeMarketing\",\"isPartOf\":{\"@id\":\"https:\\\/\\\/www.cidademarketing.com.br\\\/marketing\\\/#website\"},\"primaryImageOfPage\":{\"@id\":\"https:\\\/\\\/www.cidademarketing.com.br\\\/marketing\\\/2018\\\/12\\\/08\\\/celulares-irregulares-no-ac-es-mt-ms-pr-rj-rs-ro-sc-e-to-passam-a-ser-bloqueados-a-partir-de-sabado-8\\\/#primaryimage\"},\"image\":{\"@id\":\"https:\\\/\\\/www.cidademarketing.com.br\\\/marketing\\\/2018\\\/12\\\/08\\\/celulares-irregulares-no-ac-es-mt-ms-pr-rj-rs-ro-sc-e-to-passam-a-ser-bloqueados-a-partir-de-sabado-8\\\/#primaryimage\"},\"thumbnailUrl\":\"https:\\\/\\\/www.cidademarketing.com.br\\\/marketing\\\/wp-content\\\/uploads\\\/2018\\\/12\\\/celular_legal_anatel.png\",\"datePublished\":\"2018-12-08T03:14:06+00:00\",\"dateModified\":\"2018-12-08T03:14:08+00:00\",\"breadcrumb\":{\"@id\":\"https:\\\/\\\/www.cidademarketing.com.br\\\/marketing\\\/2018\\\/12\\\/08\\\/celulares-irregulares-no-ac-es-mt-ms-pr-rj-rs-ro-sc-e-to-passam-a-ser-bloqueados-a-partir-de-sabado-8\\\/#breadcrumb\"},\"inLanguage\":\"pt-BR\",\"potentialAction\":[{\"@type\":\"ReadAction\",\"target\":[\"https:\\\/\\\/www.cidademarketing.com.br\\\/marketing\\\/2018\\\/12\\\/08\\\/celulares-irregulares-no-ac-es-mt-ms-pr-rj-rs-ro-sc-e-to-passam-a-ser-bloqueados-a-partir-de-sabado-8\\\/\"]}]},{\"@type\":\"ImageObject\",\"inLanguage\":\"pt-BR\",\"@id\":\"https:\\\/\\\/www.cidademarketing.com.br\\\/marketing\\\/2018\\\/12\\\/08\\\/celulares-irregulares-no-ac-es-mt-ms-pr-rj-rs-ro-sc-e-to-passam-a-ser-bloqueados-a-partir-de-sabado-8\\\/#primaryimage\",\"url\":\"https:\\\/\\\/www.cidademarketing.com.br\\\/marketing\\\/wp-content\\\/uploads\\\/2018\\\/12\\\/celular_legal_anatel.png\",\"contentUrl\":\"https:\\\/\\\/www.cidademarketing.com.br\\\/marketing\\\/wp-content\\\/uploads\\\/2018\\\/12\\\/celular_legal_anatel.png\",\"width\":736,\"height\":401,\"caption\":\"Divulga\u00e7\u00e3o\"},{\"@type\":\"BreadcrumbList\",\"@id\":\"https:\\\/\\\/www.cidademarketing.com.br\\\/marketing\\\/2018\\\/12\\\/08\\\/celulares-irregulares-no-ac-es-mt-ms-pr-rj-rs-ro-sc-e-to-passam-a-ser-bloqueados-a-partir-de-sabado-8\\\/#breadcrumb\",\"itemListElement\":[{\"@type\":\"ListItem\",\"position\":1,\"name\":\"In\u00edcio\",\"item\":\"https:\\\/\\\/www.cidademarketing.com.br\\\/marketing\\\/\"},{\"@type\":\"ListItem\",\"position\":2,\"name\":\"Celulares irregulares no AC, ES, MT, MS, PR, RJ, RS, RO, SC e TO passam a ser bloqueados a partir de s\u00e1bado (8)\"}]},{\"@type\":\"WebSite\",\"@id\":\"https:\\\/\\\/www.cidademarketing.com.br\\\/marketing\\\/#website\",\"url\":\"https:\\\/\\\/www.cidademarketing.com.br\\\/marketing\\\/\",\"name\":\"CidadeMarketing\",\"description\":\"Somos um ve\u00edculo de comunica\u00e7\u00e3o de destaque no Brasil, reconhecido por conte\u00fados nos segmentos de marketing, empreendedorismo e inova\u00e7\u00e3o.\",\"publisher\":{\"@id\":\"https:\\\/\\\/www.cidademarketing.com.br\\\/marketing\\\/#organization\"},\"alternateName\":\"CidadeMarketing\",\"potentialAction\":[{\"@type\":\"SearchAction\",\"target\":{\"@type\":\"EntryPoint\",\"urlTemplate\":\"https:\\\/\\\/www.cidademarketing.com.br\\\/marketing\\\/?s={search_term_string}\"},\"query-input\":{\"@type\":\"PropertyValueSpecification\",\"valueRequired\":true,\"valueName\":\"search_term_string\"}}],\"inLanguage\":\"pt-BR\"},{\"@type\":\"Organization\",\"@id\":\"https:\\\/\\\/www.cidademarketing.com.br\\\/marketing\\\/#organization\",\"name\":\"CidadeMarketing\",\"alternateName\":\"CidadeMarketing\",\"url\":\"https:\\\/\\\/www.cidademarketing.com.br\\\/marketing\\\/\",\"logo\":{\"@type\":\"ImageObject\",\"inLanguage\":\"pt-BR\",\"@id\":\"https:\\\/\\\/www.cidademarketing.com.br\\\/marketing\\\/#\\\/schema\\\/logo\\\/image\\\/\",\"url\":\"https:\\\/\\\/www.cidademarketing.com.br\\\/marketing\\\/wp-content\\\/uploads\\\/2020\\\/01\\\/cidademarketing_marca_mobile.png\",\"contentUrl\":\"https:\\\/\\\/www.cidademarketing.com.br\\\/marketing\\\/wp-content\\\/uploads\\\/2020\\\/01\\\/cidademarketing_marca_mobile.png\",\"width\":230,\"height\":92,\"caption\":\"CidadeMarketing\"},\"image\":{\"@id\":\"https:\\\/\\\/www.cidademarketing.com.br\\\/marketing\\\/#\\\/schema\\\/logo\\\/image\\\/\"},\"sameAs\":[\"https:\\\/\\\/www.facebook.com\\\/portalcidademarketing\",\"https:\\\/\\\/x.com\\\/CidadeMarketing\",\"https:\\\/\\\/www.instagram.com\\\/cidademarketing\\\/\"]},{\"@type\":\"Person\",\"@id\":\"https:\\\/\\\/www.cidademarketing.com.br\\\/marketing\\\/#\\\/schema\\\/person\\\/02daff9f18bd9378c9e01eb6b2db155f\",\"name\":\"Thales Brand\u00e3o\",\"image\":{\"@type\":\"ImageObject\",\"inLanguage\":\"pt-BR\",\"@id\":\"https:\\\/\\\/secure.gravatar.com\\\/avatar\\\/7ca3206950207cc3cb48feec56a8a7898741ab725c368d99d5d7a5a50aab80c6?s=96&d=mm&r=g\",\"url\":\"https:\\\/\\\/secure.gravatar.com\\\/avatar\\\/7ca3206950207cc3cb48feec56a8a7898741ab725c368d99d5d7a5a50aab80c6?s=96&d=mm&r=g\",\"contentUrl\":\"https:\\\/\\\/secure.gravatar.com\\\/avatar\\\/7ca3206950207cc3cb48feec56a8a7898741ab725c368d99d5d7a5a50aab80c6?s=96&d=mm&r=g\",\"caption\":\"Thales Brand\u00e3o\"},\"description\":\"Editor Executivo do Portal CidadeMarketing.com.br &gt; Mestre em Comunica\u00e7\u00e3o e Sociedade pela Universidade Federal de Sergipe. Possui MBA Executivo em Administra\u00e7\u00e3o com \u00eanfase em Marketing pela Funda\u00e7\u00e3o Get\u00falio Vargas - Rio de Janeiro. Consultor, Palestrante e Pesquisador sobre Empreendedorismo, Marketing, Redes Sociais e Neg\u00f3cios Digitais. Professor, Palestrante TedxTalks e Campus Party. Twitter: @ThalesBrandao\",\"sameAs\":[\"http:\\\/\\\/www.mandacaru.com.br\",\"https:\\\/\\\/www.facebook.com\\\/thalesbrandao\",\"http:\\\/\\\/www.instagram.com.br\\\/thalesbrandaoferreira\",\"https:\\\/\\\/www.linkedin.com\\\/in\\\/thales-brand\u00e3o-3948609\\\/\",\"https:\\\/\\\/x.com\\\/http:\\\/\\\/www.twitter.com\\\/thalesbrandao\"],\"url\":\"https:\\\/\\\/www.cidademarketing.com.br\\\/marketing\\\/author\\\/thalesbrandao\\\/\"}]}<\/script>\n<!-- \/ Yoast SEO plugin. -->","yoast_head_json":{"title":"Celulares irregulares no AC, ES, MT, MS, PR, RJ, RS, RO, SC e TO passam a ser bloqueados a partir de s\u00e1bado (8) - CidadeMarketing","robots":{"index":"index","follow":"follow","max-snippet":"max-snippet:-1","max-image-preview":"max-image-preview:large","max-video-preview":"max-video-preview:-1"},"canonical":"https:\/\/www.cidademarketing.com.br\/marketing\/2018\/12\/08\/celulares-irregulares-no-ac-es-mt-ms-pr-rj-rs-ro-sc-e-to-passam-a-ser-bloqueados-a-partir-de-sabado-8\/","og_locale":"pt_BR","og_type":"article","og_title":"Celulares irregulares no AC, ES, MT, MS, PR, RJ, RS, RO, SC e TO passam a ser bloqueados a partir de s\u00e1bado (8) - CidadeMarketing","og_description":"Come\u00e7a no pr\u00f3ximo s\u00e1bado (8) o bloqueio de celulares irregulares nos estados do Acre, Esp\u00edrito Santo, Mato Grosso, Mato Grosso do Sul, Paran\u00e1, Rio de Janeiro, Rio Grande do Sul, Rond\u00f4nia, Santa Catarina e Tocantins. Com isso, a Ag\u00eancia Nacional de Telecomunica\u00e7\u00f5es (Anatel) combate o uso de celulares falsificados ou com IMEI adulterado e inibe [&hellip;]","og_url":"https:\/\/www.cidademarketing.com.br\/marketing\/2018\/12\/08\/celulares-irregulares-no-ac-es-mt-ms-pr-rj-rs-ro-sc-e-to-passam-a-ser-bloqueados-a-partir-de-sabado-8\/","og_site_name":"CidadeMarketing","article_publisher":"https:\/\/www.facebook.com\/portalcidademarketing","article_author":"https:\/\/www.facebook.com\/thalesbrandao","article_published_time":"2018-12-08T03:14:06+00:00","article_modified_time":"2018-12-08T03:14:08+00:00","og_image":[{"width":736,"height":401,"url":"https:\/\/www.cidademarketing.com.br\/marketing\/wp-content\/uploads\/2018\/12\/celular_legal_anatel.png","type":"image\/png"}],"author":"Thales Brand\u00e3o","twitter_card":"summary_large_image","twitter_creator":"@http:\/\/www.twitter.com\/thalesbrandao","twitter_site":"@CidadeMarketing","twitter_misc":{"Escrito por":"Thales Brand\u00e3o","Est. tempo de leitura":"2 minutos"},"schema":{"@context":"https:\/\/schema.org","@graph":[{"@type":"Article","@id":"https:\/\/www.cidademarketing.com.br\/marketing\/2018\/12\/08\/celulares-irregulares-no-ac-es-mt-ms-pr-rj-rs-ro-sc-e-to-passam-a-ser-bloqueados-a-partir-de-sabado-8\/#article","isPartOf":{"@id":"https:\/\/www.cidademarketing.com.br\/marketing\/2018\/12\/08\/celulares-irregulares-no-ac-es-mt-ms-pr-rj-rs-ro-sc-e-to-passam-a-ser-bloqueados-a-partir-de-sabado-8\/"},"author":{"name":"Thales Brand\u00e3o","@id":"https:\/\/www.cidademarketing.com.br\/marketing\/#\/schema\/person\/02daff9f18bd9378c9e01eb6b2db155f"},"headline":"Celulares irregulares no AC, ES, MT, MS, PR, RJ, RS, RO, SC e TO passam a ser bloqueados a partir de s\u00e1bado (8)","datePublished":"2018-12-08T03:14:06+00:00","dateModified":"2018-12-08T03:14:08+00:00","mainEntityOfPage":{"@id":"https:\/\/www.cidademarketing.com.br\/marketing\/2018\/12\/08\/celulares-irregulares-no-ac-es-mt-ms-pr-rj-rs-ro-sc-e-to-passam-a-ser-bloqueados-a-partir-de-sabado-8\/"},"wordCount":484,"commentCount":0,"publisher":{"@id":"https:\/\/www.cidademarketing.com.br\/marketing\/#organization"},"image":{"@id":"https:\/\/www.cidademarketing.com.br\/marketing\/2018\/12\/08\/celulares-irregulares-no-ac-es-mt-ms-pr-rj-rs-ro-sc-e-to-passam-a-ser-bloqueados-a-partir-de-sabado-8\/#primaryimage"},"thumbnailUrl":"https:\/\/www.cidademarketing.com.br\/marketing\/wp-content\/uploads\/2018\/12\/celular_legal_anatel.png","keywords":["Anatel","consumidor"],"articleSection":["Consumidor","Not\u00edcias"],"inLanguage":"pt-BR","potentialAction":[{"@type":"CommentAction","name":"Comment","target":["https:\/\/www.cidademarketing.com.br\/marketing\/2018\/12\/08\/celulares-irregulares-no-ac-es-mt-ms-pr-rj-rs-ro-sc-e-to-passam-a-ser-bloqueados-a-partir-de-sabado-8\/#respond"]}]},{"@type":"WebPage","@id":"https:\/\/www.cidademarketing.com.br\/marketing\/2018\/12\/08\/celulares-irregulares-no-ac-es-mt-ms-pr-rj-rs-ro-sc-e-to-passam-a-ser-bloqueados-a-partir-de-sabado-8\/","url":"https:\/\/www.cidademarketing.com.br\/marketing\/2018\/12\/08\/celulares-irregulares-no-ac-es-mt-ms-pr-rj-rs-ro-sc-e-to-passam-a-ser-bloqueados-a-partir-de-sabado-8\/","name":"Celulares irregulares no AC, ES, MT, MS, PR, RJ, RS, RO, SC e TO passam a ser bloqueados a partir de s\u00e1bado (8) - CidadeMarketing","isPartOf":{"@id":"https:\/\/www.cidademarketing.com.br\/marketing\/#website"},"primaryImageOfPage":{"@id":"https:\/\/www.cidademarketing.com.br\/marketing\/2018\/12\/08\/celulares-irregulares-no-ac-es-mt-ms-pr-rj-rs-ro-sc-e-to-passam-a-ser-bloqueados-a-partir-de-sabado-8\/#primaryimage"},"image":{"@id":"https:\/\/www.cidademarketing.com.br\/marketing\/2018\/12\/08\/celulares-irregulares-no-ac-es-mt-ms-pr-rj-rs-ro-sc-e-to-passam-a-ser-bloqueados-a-partir-de-sabado-8\/#primaryimage"},"thumbnailUrl":"https:\/\/www.cidademarketing.com.br\/marketing\/wp-content\/uploads\/2018\/12\/celular_legal_anatel.png","datePublished":"2018-12-08T03:14:06+00:00","dateModified":"2018-12-08T03:14:08+00:00","breadcrumb":{"@id":"https:\/\/www.cidademarketing.com.br\/marketing\/2018\/12\/08\/celulares-irregulares-no-ac-es-mt-ms-pr-rj-rs-ro-sc-e-to-passam-a-ser-bloqueados-a-partir-de-sabado-8\/#breadcrumb"},"inLanguage":"pt-BR","potentialAction":[{"@type":"ReadAction","target":["https:\/\/www.cidademarketing.com.br\/marketing\/2018\/12\/08\/celulares-irregulares-no-ac-es-mt-ms-pr-rj-rs-ro-sc-e-to-passam-a-ser-bloqueados-a-partir-de-sabado-8\/"]}]},{"@type":"ImageObject","inLanguage":"pt-BR","@id":"https:\/\/www.cidademarketing.com.br\/marketing\/2018\/12\/08\/celulares-irregulares-no-ac-es-mt-ms-pr-rj-rs-ro-sc-e-to-passam-a-ser-bloqueados-a-partir-de-sabado-8\/#primaryimage","url":"https:\/\/www.cidademarketing.com.br\/marketing\/wp-content\/uploads\/2018\/12\/celular_legal_anatel.png","contentUrl":"https:\/\/www.cidademarketing.com.br\/marketing\/wp-content\/uploads\/2018\/12\/celular_legal_anatel.png","width":736,"height":401,"caption":"Divulga\u00e7\u00e3o"},{"@type":"BreadcrumbList","@id":"https:\/\/www.cidademarketing.com.br\/marketing\/2018\/12\/08\/celulares-irregulares-no-ac-es-mt-ms-pr-rj-rs-ro-sc-e-to-passam-a-ser-bloqueados-a-partir-de-sabado-8\/#breadcrumb","itemListElement":[{"@type":"ListItem","position":1,"name":"In\u00edcio","item":"https:\/\/www.cidademarketing.com.br\/marketing\/"},{"@type":"ListItem","position":2,"name":"Celulares irregulares no AC, ES, MT, MS, PR, RJ, RS, RO, SC e TO passam a ser bloqueados a partir de s\u00e1bado (8)"}]},{"@type":"WebSite","@id":"https:\/\/www.cidademarketing.com.br\/marketing\/#website","url":"https:\/\/www.cidademarketing.com.br\/marketing\/","name":"CidadeMarketing","description":"Somos um ve\u00edculo de comunica\u00e7\u00e3o de destaque no Brasil, reconhecido por conte\u00fados nos segmentos de marketing, empreendedorismo e inova\u00e7\u00e3o.","publisher":{"@id":"https:\/\/www.cidademarketing.com.br\/marketing\/#organization"},"alternateName":"CidadeMarketing","potentialAction":[{"@type":"SearchAction","target":{"@type":"EntryPoint","urlTemplate":"https:\/\/www.cidademarketing.com.br\/marketing\/?s={search_term_string}"},"query-input":{"@type":"PropertyValueSpecification","valueRequired":true,"valueName":"search_term_string"}}],"inLanguage":"pt-BR"},{"@type":"Organization","@id":"https:\/\/www.cidademarketing.com.br\/marketing\/#organization","name":"CidadeMarketing","alternateName":"CidadeMarketing","url":"https:\/\/www.cidademarketing.com.br\/marketing\/","logo":{"@type":"ImageObject","inLanguage":"pt-BR","@id":"https:\/\/www.cidademarketing.com.br\/marketing\/#\/schema\/logo\/image\/","url":"https:\/\/www.cidademarketing.com.br\/marketing\/wp-content\/uploads\/2020\/01\/cidademarketing_marca_mobile.png","contentUrl":"https:\/\/www.cidademarketing.com.br\/marketing\/wp-content\/uploads\/2020\/01\/cidademarketing_marca_mobile.png","width":230,"height":92,"caption":"CidadeMarketing"},"image":{"@id":"https:\/\/www.cidademarketing.com.br\/marketing\/#\/schema\/logo\/image\/"},"sameAs":["https:\/\/www.facebook.com\/portalcidademarketing","https:\/\/x.com\/CidadeMarketing","https:\/\/www.instagram.com\/cidademarketing\/"]},{"@type":"Person","@id":"https:\/\/www.cidademarketing.com.br\/marketing\/#\/schema\/person\/02daff9f18bd9378c9e01eb6b2db155f","name":"Thales Brand\u00e3o","image":{"@type":"ImageObject","inLanguage":"pt-BR","@id":"https:\/\/secure.gravatar.com\/avatar\/7ca3206950207cc3cb48feec56a8a7898741ab725c368d99d5d7a5a50aab80c6?s=96&d=mm&r=g","url":"https:\/\/secure.gravatar.com\/avatar\/7ca3206950207cc3cb48feec56a8a7898741ab725c368d99d5d7a5a50aab80c6?s=96&d=mm&r=g","contentUrl":"https:\/\/secure.gravatar.com\/avatar\/7ca3206950207cc3cb48feec56a8a7898741ab725c368d99d5d7a5a50aab80c6?s=96&d=mm&r=g","caption":"Thales Brand\u00e3o"},"description":"Editor Executivo do Portal CidadeMarketing.com.br &gt; Mestre em Comunica\u00e7\u00e3o e Sociedade pela Universidade Federal de Sergipe. Possui MBA Executivo em Administra\u00e7\u00e3o com \u00eanfase em Marketing pela Funda\u00e7\u00e3o Get\u00falio Vargas - Rio de Janeiro. Consultor, Palestrante e Pesquisador sobre Empreendedorismo, Marketing, Redes Sociais e Neg\u00f3cios Digitais. Professor, Palestrante TedxTalks e Campus Party. Twitter: @ThalesBrandao","sameAs":["http:\/\/www.mandacaru.com.br","https:\/\/www.facebook.com\/thalesbrandao","http:\/\/www.instagram.com.br\/thalesbrandaoferreira","https:\/\/www.linkedin.com\/in\/thales-brand\u00e3o-3948609\/","https:\/\/x.com\/http:\/\/www.twitter.com\/thalesbrandao"],"url":"https:\/\/www.cidademarketing.com.br\/marketing\/author\/thalesbrandao\/"}]}},"amp_enabled":true,"_links":{"self":[{"href":"https:\/\/www.cidademarketing.com.br\/marketing\/wp-json\/wp\/v2\/posts\/3620","targetHints":{"allow":["GET"]}}],"collection":[{"href":"https:\/\/www.cidademarketing.com.br\/marketing\/wp-json\/wp\/v2\/posts"}],"about":[{"href":"https:\/\/www.cidademarketing.com.br\/marketing\/wp-json\/wp\/v2\/types\/post"}],"author":[{"embeddable":true,"href":"https:\/\/www.cidademarketing.com.br\/marketing\/wp-json\/wp\/v2\/users\/1"}],"replies":[{"embeddable":true,"href":"https:\/\/www.cidademarketing.com.br\/marketing\/wp-json\/wp\/v2\/comments?post=3620"}],"version-history":[{"count":1,"href":"https:\/\/www.cidademarketing.com.br\/marketing\/wp-json\/wp\/v2\/posts\/3620\/revisions"}],"predecessor-version":[{"id":3622,"href":"https:\/\/www.cidademarketing.com.br\/marketing\/wp-json\/wp\/v2\/posts\/3620\/revisions\/3622"}],"wp:featuredmedia":[{"embeddable":true,"href":"https:\/\/www.cidademarketing.com.br\/marketing\/wp-json\/wp\/v2\/media\/3621"}],"wp:attachment":[{"href":"https:\/\/www.cidademarketing.com.br\/marketing\/wp-json\/wp\/v2\/media?parent=3620"}],"wp:term":[{"taxonomy":"category","embeddable":true,"href":"https:\/\/www.cidademarketing.com.br\/marketing\/wp-json\/wp\/v2\/categories?post=3620"},{"taxonomy":"post_tag","embeddable":true,"href":"https:\/\/www.cidademarketing.com.br\/marketing\/wp-json\/wp\/v2\/tags?post=3620"}],"curies":[{"name":"wp","href":"https:\/\/api.w.org\/{rel}","templated":true}]}}