{"id":36135,"date":"2022-05-10T21:38:48","date_gmt":"2022-05-11T00:38:48","guid":{"rendered":"https:\/\/www.cidademarketing.com.br\/marketing\/?p=36135"},"modified":"2022-05-10T21:38:48","modified_gmt":"2022-05-11T00:38:48","slug":"radio-mec-fm-apresenta-conteudos-especiais-para-comemorar-39-anos","status":"publish","type":"post","link":"https:\/\/www.cidademarketing.com.br\/marketing\/2022\/05\/10\/radio-mec-fm-apresenta-conteudos-especiais-para-comemorar-39-anos\/","title":{"rendered":"R\u00e1dio MEC FM apresenta conte\u00fados especiais para comemorar 39 anos"},"content":{"rendered":"<p><iframe style=\"border-radius: 12px;\" src=\"https:\/\/open.spotify.com\/embed\/show\/4khMKzP3FgFRWVwb73xicc?utm_source=generator&amp;t=0\" width=\"100%\" height=\"232\" frameborder=\"0\" allowfullscreen=\"allowfullscreen\"><\/iframe><br \/>\nPara celebrar os 39 anos da R\u00e1dio MEC FM conhecida nacionalmente como &#8220;A R\u00e1dio de M\u00fasica Cl\u00e1ssica do Brasil&#8221;, a emissora prepara uma s\u00e9rie de produ\u00e7\u00f5es tem\u00e1ticas para o p\u00fablico conferir nesta ter\u00e7a-feira, dia 10 de maio.<\/p>\n<p><strong>#VemOuvir<\/strong><\/p>\n<p>Presente no Rio de Janeiro em 99,3 MHz e em Bras\u00edlia no dia 87,1 MHz, a R\u00e1dio MEC FM pode ser acompanhada pelos ouvintes de todo o pa\u00eds por streaming no aplicativo R\u00e1dios EBC e no site. A audi\u00eancia tem a oportunidade de consumir o conte\u00fado sob demanda. A emissora ainda est\u00e1 presente nas redes sociais, no Spotify e no YouTube.<\/p>\n<p>A programa\u00e7\u00e3o especial tem destaque na faixa Concerto MEC, ao meio-dia, que traz uma sele\u00e7\u00e3o de registros pr\u00f3prios feitos no est\u00fadio da MEC FM. As grava\u00e7\u00f5es re\u00fanem raridades, entrevistas exclusivas e performances emocionantes mantidas no rico acervo da esta\u00e7\u00e3o.<\/p>\n<p>J\u00e1 \u00e0s 22h, a emissora p\u00fablica reapresenta o espet\u00e1culo comemorativo de 35 anos da MEC FM, realizado em 2018, na Sala Cec\u00edlia Meireles, no Rio de Janeiro. Com presen\u00e7a dos ouvintes, o recital combina atra\u00e7\u00f5es que embalam um espet\u00e1culo hist\u00f3rico. O concerto mobilizou diversas personalidades que apreciam e atuam no g\u00eanero musical a que a r\u00e1dio se dedica.<\/p>\n<p>As produ\u00e7\u00f5es especiais incluem, ainda, interprogramas que entram no ar de hora em hora na programa\u00e7\u00e3o da r\u00e1dio com os melhores momentos dos 39 anos da MEC FM. As obras resgatam apresenta\u00e7\u00f5es preservadas no vasto acervo do ve\u00edculo.<\/p>\n<p><strong>Sobre a emissora<\/strong><\/p>\n<p>Criada em 10 de maio de 1983, a MEC FM integra a Empresa Brasil de Comunica\u00e7\u00e3o (EBC) que faz a gest\u00e3o de ve\u00edculos p\u00fablicos como a R\u00e1dio Nacional, a TV Brasil, a Ag\u00eancia Brasil e a R\u00e1dioag\u00eancia Nacional, por exemplo.<\/p>\n<p>A MEC FM surgiu a partir da R\u00e1dio MEC AM, primeira emissora do pa\u00eds e sucessora da R\u00e1dio Sociedade que completava 60 anos no ar em 1983. Fundada por personalidades da radiodifus\u00e3o como Edgard Roquette-Pinto e Henrique Morize, ainda teve a atua\u00e7\u00e3o de grandes nomes da comunica\u00e7\u00e3o nas d\u00e9cadas mais recentes como Lauro Gomes e Servio Tulio.<\/p>\n<p>Genuinamente brasileira, a MEC FM leva ao ar compositores do pa\u00eds e do exterior de todos os tempos, mas privilegia os artistas nacionais. Consagrada pelo p\u00fablico por sua voca\u00e7\u00e3o direcionada \u00e0 m\u00fasica erudita, a esta\u00e7\u00e3o dedica 80% de sua programa\u00e7\u00e3o ao repert\u00f3rio voltado para a m\u00fasica cl\u00e1ssica e tamb\u00e9m contempla faixas para o jazz, a MPB e a m\u00fasica instrumental.<\/p>\n<p>Entre conte\u00fados exclusivos, com transmiss\u00f5es ao vivo e a valoriza\u00e7\u00e3o do rico acervo preservado pela emissora, a MEC FM oferece aos ouvintes a experi\u00eancia de acompanhar repert\u00f3rios segmentados, composi\u00e7\u00f5es originais e produ\u00e7\u00f5es qualificadas, combina\u00e7\u00e3o que garante a conquista de novos p\u00fablicos e agrada a audi\u00eancia cativa.<\/p>\n<p>Programas importantes como o Sala de Concerto foram pioneiros ao trazer artistas da m\u00fasica cl\u00e1ssica para o est\u00fadio da emissora. Outra atra\u00e7\u00e3o marcante, \u00d3pera Completa, \u00e9 o mais antigo programa de m\u00fasica cl\u00e1ssica do r\u00e1dio brasileiro, no ar desde 1953.<\/p>\n<p>Com novos formatos e transmiss\u00f5es marcantes, a MEC FM est\u00e1 presente na hist\u00f3ria da m\u00fasica cl\u00e1ssica no pa\u00eds. A emissora tem registros de sabatinas e depoimentos de grandes nomes da cena art\u00edstica brasileira da m\u00fasica erudita.<\/p>\n<p>Esse la\u00e7o hist\u00f3rico com os ouvintes reverbera at\u00e9 hoje. Atualmente, a programa\u00e7\u00e3o da MEC FM conta com mais de 20 programas di\u00e1rios ou semanais, al\u00e9m de faixas para as obras musicais. A emissora tamb\u00e9m tem parcerias para produ\u00e7\u00f5es e transmiss\u00f5es com a UFRJ, a Deutsche Welle, a BBC e a Orquestra Sinf\u00f4nica do Estado de S\u00e3o Paulo (OSESP).<\/p>\n<p><strong>Programa\u00e7\u00e3o especial da MEC FM \u2013 39 anos<\/strong><br \/>\n&#8211; 12h &#8211; Concerto MEC &#8211; sele\u00e7\u00e3o de grava\u00e7\u00f5es feitas no est\u00fadio da MEC FM<br \/>\n&#8211; 22h &#8211; Especial &#8211; reapresenta\u00e7\u00e3o do concerto de 35 anos da MEC FM,<br \/>\n&#8211; Interprogramas &#8211; de hora em hora com melhores momentos de acervo dos 39 anos da MEC FM<\/p>\n<p><strong>Servi\u00e7o:<\/strong><br \/>\nPrograma\u00e7\u00e3o especial da MEC FM \u2013 39 anos<br \/>\nTer\u00e7a-feira, 10 de maio de 2022<\/p>\n<p>R\u00e1dio MEC na internet e nas redes sociais<br \/>\nSite: <a href=\"https:\/\/radios.ebc.com.br\/mecfmrio\">https:\/\/radios.ebc.com.br\/mecfmrio<\/a><br \/>\nInstagram: <a href=\"https:\/\/www.instagram.com\/radiomec\">https:\/\/www.instagram.com\/radiomec<\/a><br \/>\nSpotify: <a href=\"https:\/\/open.spotify.com\/user\/radiomec\">https:\/\/open.spotify.com\/user\/radiomec<\/a><br \/>\nYouTube:<a href=\"https:\/\/www.youtube.com\/radiomec\"> https:\/\/www.youtube.com\/radiomec<\/a><br \/>\nFacebook: <a href=\"https:\/\/www.facebook.com\/radiomec\">https:\/\/www.facebook.com\/radiomec<\/a><br \/>\nTwitter: <a href=\"https:\/\/twitter.com\/radiomec\">https:\/\/twitter.com\/radiomec<\/a><br \/>\nWhatsApp: (21) 99710-0537<\/p>\n<p>Saiba como sintonizar a R\u00e1dio MEC<br \/>\nRio de Janeiro: FM 99,3 MHz e AM 800 kHz<br \/>\nBras\u00edlia: FM 87,1 MHz e AM 800 kHz<br \/>\nAplicativo R\u00e1dios EBC, dispon\u00edvel para Android e iOS<\/p>\n<p><iframe style=\"width: 100%; max-width: 660px; overflow: hidden; background: transparent;\" src=\"https:\/\/embed.podcasts.apple.com\/br\/podcast\/podcast-cidademarketing\/id1371923283\" height=\"450\" frameborder=\"0\" sandbox=\"allow-forms allow-popups allow-same-origin allow-scripts allow-storage-access-by-user-activation allow-top-navigation-by-user-activation\"><\/iframe><\/p>\n","protected":false},"excerpt":{"rendered":"<p>Para celebrar os 39 anos da R\u00e1dio MEC FM conhecida nacionalmente como &#8220;A R\u00e1dio de M\u00fasica Cl\u00e1ssica do Brasil&#8221;, a emissora prepara uma s\u00e9rie de produ\u00e7\u00f5es tem\u00e1ticas para o p\u00fablico conferir nesta ter\u00e7a-feira, dia 10 de maio. #VemOuvir Presente no Rio de Janeiro em 99,3 MHz e em Bras\u00edlia no dia 87,1 MHz, a R\u00e1dio [&hellip;]<\/p>\n","protected":false},"author":1,"featured_media":36136,"comment_status":"open","ping_status":"open","sticky":false,"template":"","format":"standard","meta":{"tdm_status":"","tdm_grid_status":"","footnotes":""},"categories":[6],"tags":[308,33,28,444,3050],"class_list":["post-36135","post","type-post","status-publish","format-standard","has-post-thumbnail","hentry","category-noticias","tag-comunicacao","tag-estrategia","tag-marketing","tag-radio","tag-radio-mec"],"yoast_head":"<!-- This site is optimized with the Yoast SEO plugin v27.4 - https:\/\/yoast.com\/product\/yoast-seo-wordpress\/ -->\n<title>R\u00e1dio MEC FM apresenta conte\u00fados especiais para comemorar 39 anos - CidadeMarketing<\/title>\n<meta name=\"robots\" content=\"index, follow, max-snippet:-1, max-image-preview:large, max-video-preview:-1\" \/>\n<link rel=\"canonical\" href=\"https:\/\/www.cidademarketing.com.br\/marketing\/2022\/05\/10\/radio-mec-fm-apresenta-conteudos-especiais-para-comemorar-39-anos\/\" \/>\n<meta property=\"og:locale\" content=\"pt_BR\" \/>\n<meta property=\"og:type\" content=\"article\" \/>\n<meta property=\"og:title\" content=\"R\u00e1dio MEC FM apresenta conte\u00fados especiais para comemorar 39 anos - CidadeMarketing\" \/>\n<meta property=\"og:description\" content=\"Para celebrar os 39 anos da R\u00e1dio MEC FM conhecida nacionalmente como &#8220;A R\u00e1dio de M\u00fasica Cl\u00e1ssica do Brasil&#8221;, a emissora prepara uma s\u00e9rie de produ\u00e7\u00f5es tem\u00e1ticas para o p\u00fablico conferir nesta ter\u00e7a-feira, dia 10 de maio. #VemOuvir Presente no Rio de Janeiro em 99,3 MHz e em Bras\u00edlia no dia 87,1 MHz, a R\u00e1dio [&hellip;]\" \/>\n<meta property=\"og:url\" content=\"https:\/\/www.cidademarketing.com.br\/marketing\/2022\/05\/10\/radio-mec-fm-apresenta-conteudos-especiais-para-comemorar-39-anos\/\" \/>\n<meta property=\"og:site_name\" content=\"CidadeMarketing\" \/>\n<meta property=\"article:publisher\" content=\"https:\/\/www.facebook.com\/portalcidademarketing\" \/>\n<meta property=\"article:author\" content=\"https:\/\/www.facebook.com\/thalesbrandao\" \/>\n<meta property=\"article:published_time\" content=\"2022-05-11T00:38:48+00:00\" \/>\n<meta property=\"og:image\" content=\"https:\/\/www.cidademarketing.com.br\/marketing\/wp-content\/uploads\/2022\/05\/Radio_MEC_estudio_no_Rio_de_Janeiro_Credito_Fernando_Frazao_Agencia_Brasil.jpg\" \/>\n\t<meta property=\"og:image:width\" content=\"1806\" \/>\n\t<meta property=\"og:image:height\" content=\"1204\" \/>\n\t<meta property=\"og:image:type\" content=\"image\/jpeg\" \/>\n<meta name=\"author\" content=\"Thales Brand\u00e3o\" \/>\n<meta name=\"twitter:card\" content=\"summary_large_image\" \/>\n<meta name=\"twitter:creator\" content=\"@http:\/\/www.twitter.com\/thalesbrandao\" \/>\n<meta name=\"twitter:site\" content=\"@CidadeMarketing\" \/>\n<meta name=\"twitter:label1\" content=\"Escrito por\" \/>\n\t<meta name=\"twitter:data1\" content=\"Thales Brand\u00e3o\" \/>\n\t<meta name=\"twitter:label2\" content=\"Est. tempo de leitura\" \/>\n\t<meta name=\"twitter:data2\" content=\"4 minutos\" \/>\n<script type=\"application\/ld+json\" class=\"yoast-schema-graph\">{\"@context\":\"https:\\\/\\\/schema.org\",\"@graph\":[{\"@type\":\"Article\",\"@id\":\"https:\\\/\\\/www.cidademarketing.com.br\\\/marketing\\\/2022\\\/05\\\/10\\\/radio-mec-fm-apresenta-conteudos-especiais-para-comemorar-39-anos\\\/#article\",\"isPartOf\":{\"@id\":\"https:\\\/\\\/www.cidademarketing.com.br\\\/marketing\\\/2022\\\/05\\\/10\\\/radio-mec-fm-apresenta-conteudos-especiais-para-comemorar-39-anos\\\/\"},\"author\":{\"name\":\"Thales Brand\u00e3o\",\"@id\":\"https:\\\/\\\/www.cidademarketing.com.br\\\/marketing\\\/#\\\/schema\\\/person\\\/02daff9f18bd9378c9e01eb6b2db155f\"},\"headline\":\"R\u00e1dio MEC FM apresenta conte\u00fados especiais para comemorar 39 anos\",\"datePublished\":\"2022-05-11T00:38:48+00:00\",\"mainEntityOfPage\":{\"@id\":\"https:\\\/\\\/www.cidademarketing.com.br\\\/marketing\\\/2022\\\/05\\\/10\\\/radio-mec-fm-apresenta-conteudos-especiais-para-comemorar-39-anos\\\/\"},\"wordCount\":815,\"commentCount\":0,\"publisher\":{\"@id\":\"https:\\\/\\\/www.cidademarketing.com.br\\\/marketing\\\/#organization\"},\"image\":{\"@id\":\"https:\\\/\\\/www.cidademarketing.com.br\\\/marketing\\\/2022\\\/05\\\/10\\\/radio-mec-fm-apresenta-conteudos-especiais-para-comemorar-39-anos\\\/#primaryimage\"},\"thumbnailUrl\":\"https:\\\/\\\/www.cidademarketing.com.br\\\/marketing\\\/wp-content\\\/uploads\\\/2022\\\/05\\\/Radio_MEC_estudio_no_Rio_de_Janeiro_Credito_Fernando_Frazao_Agencia_Brasil.jpg\",\"keywords\":[\"comunica\u00e7\u00e3o\",\"estrat\u00e9gia\",\"marketing\",\"R\u00e1dio\",\"R\u00e1dio MEC\"],\"articleSection\":[\"Not\u00edcias\"],\"inLanguage\":\"pt-BR\",\"potentialAction\":[{\"@type\":\"CommentAction\",\"name\":\"Comment\",\"target\":[\"https:\\\/\\\/www.cidademarketing.com.br\\\/marketing\\\/2022\\\/05\\\/10\\\/radio-mec-fm-apresenta-conteudos-especiais-para-comemorar-39-anos\\\/#respond\"]}]},{\"@type\":\"WebPage\",\"@id\":\"https:\\\/\\\/www.cidademarketing.com.br\\\/marketing\\\/2022\\\/05\\\/10\\\/radio-mec-fm-apresenta-conteudos-especiais-para-comemorar-39-anos\\\/\",\"url\":\"https:\\\/\\\/www.cidademarketing.com.br\\\/marketing\\\/2022\\\/05\\\/10\\\/radio-mec-fm-apresenta-conteudos-especiais-para-comemorar-39-anos\\\/\",\"name\":\"R\u00e1dio MEC FM apresenta conte\u00fados especiais para comemorar 39 anos - CidadeMarketing\",\"isPartOf\":{\"@id\":\"https:\\\/\\\/www.cidademarketing.com.br\\\/marketing\\\/#website\"},\"primaryImageOfPage\":{\"@id\":\"https:\\\/\\\/www.cidademarketing.com.br\\\/marketing\\\/2022\\\/05\\\/10\\\/radio-mec-fm-apresenta-conteudos-especiais-para-comemorar-39-anos\\\/#primaryimage\"},\"image\":{\"@id\":\"https:\\\/\\\/www.cidademarketing.com.br\\\/marketing\\\/2022\\\/05\\\/10\\\/radio-mec-fm-apresenta-conteudos-especiais-para-comemorar-39-anos\\\/#primaryimage\"},\"thumbnailUrl\":\"https:\\\/\\\/www.cidademarketing.com.br\\\/marketing\\\/wp-content\\\/uploads\\\/2022\\\/05\\\/Radio_MEC_estudio_no_Rio_de_Janeiro_Credito_Fernando_Frazao_Agencia_Brasil.jpg\",\"datePublished\":\"2022-05-11T00:38:48+00:00\",\"breadcrumb\":{\"@id\":\"https:\\\/\\\/www.cidademarketing.com.br\\\/marketing\\\/2022\\\/05\\\/10\\\/radio-mec-fm-apresenta-conteudos-especiais-para-comemorar-39-anos\\\/#breadcrumb\"},\"inLanguage\":\"pt-BR\",\"potentialAction\":[{\"@type\":\"ReadAction\",\"target\":[\"https:\\\/\\\/www.cidademarketing.com.br\\\/marketing\\\/2022\\\/05\\\/10\\\/radio-mec-fm-apresenta-conteudos-especiais-para-comemorar-39-anos\\\/\"]}]},{\"@type\":\"ImageObject\",\"inLanguage\":\"pt-BR\",\"@id\":\"https:\\\/\\\/www.cidademarketing.com.br\\\/marketing\\\/2022\\\/05\\\/10\\\/radio-mec-fm-apresenta-conteudos-especiais-para-comemorar-39-anos\\\/#primaryimage\",\"url\":\"https:\\\/\\\/www.cidademarketing.com.br\\\/marketing\\\/wp-content\\\/uploads\\\/2022\\\/05\\\/Radio_MEC_estudio_no_Rio_de_Janeiro_Credito_Fernando_Frazao_Agencia_Brasil.jpg\",\"contentUrl\":\"https:\\\/\\\/www.cidademarketing.com.br\\\/marketing\\\/wp-content\\\/uploads\\\/2022\\\/05\\\/Radio_MEC_estudio_no_Rio_de_Janeiro_Credito_Fernando_Frazao_Agencia_Brasil.jpg\",\"width\":1806,\"height\":1204,\"caption\":\"Equipamentos da R\u00e1dio MEC nos est\u00fadios da Empresa Brasil de Comunica\u00e7\u00e3o - EBC, no Rio de Janeiro. Cr\u00e9dito: Fernando Fraz\u00e3o \\\/ Ag\u00eancia Brasil\"},{\"@type\":\"BreadcrumbList\",\"@id\":\"https:\\\/\\\/www.cidademarketing.com.br\\\/marketing\\\/2022\\\/05\\\/10\\\/radio-mec-fm-apresenta-conteudos-especiais-para-comemorar-39-anos\\\/#breadcrumb\",\"itemListElement\":[{\"@type\":\"ListItem\",\"position\":1,\"name\":\"In\u00edcio\",\"item\":\"https:\\\/\\\/www.cidademarketing.com.br\\\/marketing\\\/\"},{\"@type\":\"ListItem\",\"position\":2,\"name\":\"R\u00e1dio MEC FM apresenta conte\u00fados especiais para comemorar 39 anos\"}]},{\"@type\":\"WebSite\",\"@id\":\"https:\\\/\\\/www.cidademarketing.com.br\\\/marketing\\\/#website\",\"url\":\"https:\\\/\\\/www.cidademarketing.com.br\\\/marketing\\\/\",\"name\":\"CidadeMarketing\",\"description\":\"Somos um ve\u00edculo de comunica\u00e7\u00e3o de destaque no Brasil, reconhecido por conte\u00fados nos segmentos de marketing, empreendedorismo e inova\u00e7\u00e3o.\",\"publisher\":{\"@id\":\"https:\\\/\\\/www.cidademarketing.com.br\\\/marketing\\\/#organization\"},\"alternateName\":\"CidadeMarketing\",\"potentialAction\":[{\"@type\":\"SearchAction\",\"target\":{\"@type\":\"EntryPoint\",\"urlTemplate\":\"https:\\\/\\\/www.cidademarketing.com.br\\\/marketing\\\/?s={search_term_string}\"},\"query-input\":{\"@type\":\"PropertyValueSpecification\",\"valueRequired\":true,\"valueName\":\"search_term_string\"}}],\"inLanguage\":\"pt-BR\"},{\"@type\":\"Organization\",\"@id\":\"https:\\\/\\\/www.cidademarketing.com.br\\\/marketing\\\/#organization\",\"name\":\"CidadeMarketing\",\"alternateName\":\"CidadeMarketing\",\"url\":\"https:\\\/\\\/www.cidademarketing.com.br\\\/marketing\\\/\",\"logo\":{\"@type\":\"ImageObject\",\"inLanguage\":\"pt-BR\",\"@id\":\"https:\\\/\\\/www.cidademarketing.com.br\\\/marketing\\\/#\\\/schema\\\/logo\\\/image\\\/\",\"url\":\"https:\\\/\\\/www.cidademarketing.com.br\\\/marketing\\\/wp-content\\\/uploads\\\/2020\\\/01\\\/cidademarketing_marca_mobile.png\",\"contentUrl\":\"https:\\\/\\\/www.cidademarketing.com.br\\\/marketing\\\/wp-content\\\/uploads\\\/2020\\\/01\\\/cidademarketing_marca_mobile.png\",\"width\":230,\"height\":92,\"caption\":\"CidadeMarketing\"},\"image\":{\"@id\":\"https:\\\/\\\/www.cidademarketing.com.br\\\/marketing\\\/#\\\/schema\\\/logo\\\/image\\\/\"},\"sameAs\":[\"https:\\\/\\\/www.facebook.com\\\/portalcidademarketing\",\"https:\\\/\\\/x.com\\\/CidadeMarketing\",\"https:\\\/\\\/www.instagram.com\\\/cidademarketing\\\/\"]},{\"@type\":\"Person\",\"@id\":\"https:\\\/\\\/www.cidademarketing.com.br\\\/marketing\\\/#\\\/schema\\\/person\\\/02daff9f18bd9378c9e01eb6b2db155f\",\"name\":\"Thales Brand\u00e3o\",\"image\":{\"@type\":\"ImageObject\",\"inLanguage\":\"pt-BR\",\"@id\":\"https:\\\/\\\/secure.gravatar.com\\\/avatar\\\/7ca3206950207cc3cb48feec56a8a7898741ab725c368d99d5d7a5a50aab80c6?s=96&d=mm&r=g\",\"url\":\"https:\\\/\\\/secure.gravatar.com\\\/avatar\\\/7ca3206950207cc3cb48feec56a8a7898741ab725c368d99d5d7a5a50aab80c6?s=96&d=mm&r=g\",\"contentUrl\":\"https:\\\/\\\/secure.gravatar.com\\\/avatar\\\/7ca3206950207cc3cb48feec56a8a7898741ab725c368d99d5d7a5a50aab80c6?s=96&d=mm&r=g\",\"caption\":\"Thales Brand\u00e3o\"},\"description\":\"Editor Executivo do Portal CidadeMarketing.com.br &gt; Mestre em Comunica\u00e7\u00e3o e Sociedade pela Universidade Federal de Sergipe. Possui MBA Executivo em Administra\u00e7\u00e3o com \u00eanfase em Marketing pela Funda\u00e7\u00e3o Get\u00falio Vargas - Rio de Janeiro. Consultor, Palestrante e Pesquisador sobre Empreendedorismo, Marketing, Redes Sociais e Neg\u00f3cios Digitais. Professor, Palestrante TedxTalks e Campus Party. Twitter: @ThalesBrandao\",\"sameAs\":[\"http:\\\/\\\/www.mandacaru.com.br\",\"https:\\\/\\\/www.facebook.com\\\/thalesbrandao\",\"http:\\\/\\\/www.instagram.com.br\\\/thalesbrandaoferreira\",\"https:\\\/\\\/www.linkedin.com\\\/in\\\/thales-brand\u00e3o-3948609\\\/\",\"https:\\\/\\\/x.com\\\/http:\\\/\\\/www.twitter.com\\\/thalesbrandao\"],\"url\":\"https:\\\/\\\/www.cidademarketing.com.br\\\/marketing\\\/author\\\/thalesbrandao\\\/\"}]}<\/script>\n<!-- \/ Yoast SEO plugin. -->","yoast_head_json":{"title":"R\u00e1dio MEC FM apresenta conte\u00fados especiais para comemorar 39 anos - CidadeMarketing","robots":{"index":"index","follow":"follow","max-snippet":"max-snippet:-1","max-image-preview":"max-image-preview:large","max-video-preview":"max-video-preview:-1"},"canonical":"https:\/\/www.cidademarketing.com.br\/marketing\/2022\/05\/10\/radio-mec-fm-apresenta-conteudos-especiais-para-comemorar-39-anos\/","og_locale":"pt_BR","og_type":"article","og_title":"R\u00e1dio MEC FM apresenta conte\u00fados especiais para comemorar 39 anos - CidadeMarketing","og_description":"Para celebrar os 39 anos da R\u00e1dio MEC FM conhecida nacionalmente como &#8220;A R\u00e1dio de M\u00fasica Cl\u00e1ssica do Brasil&#8221;, a emissora prepara uma s\u00e9rie de produ\u00e7\u00f5es tem\u00e1ticas para o p\u00fablico conferir nesta ter\u00e7a-feira, dia 10 de maio. #VemOuvir Presente no Rio de Janeiro em 99,3 MHz e em Bras\u00edlia no dia 87,1 MHz, a R\u00e1dio [&hellip;]","og_url":"https:\/\/www.cidademarketing.com.br\/marketing\/2022\/05\/10\/radio-mec-fm-apresenta-conteudos-especiais-para-comemorar-39-anos\/","og_site_name":"CidadeMarketing","article_publisher":"https:\/\/www.facebook.com\/portalcidademarketing","article_author":"https:\/\/www.facebook.com\/thalesbrandao","article_published_time":"2022-05-11T00:38:48+00:00","og_image":[{"width":1806,"height":1204,"url":"https:\/\/www.cidademarketing.com.br\/marketing\/wp-content\/uploads\/2022\/05\/Radio_MEC_estudio_no_Rio_de_Janeiro_Credito_Fernando_Frazao_Agencia_Brasil.jpg","type":"image\/jpeg"}],"author":"Thales Brand\u00e3o","twitter_card":"summary_large_image","twitter_creator":"@http:\/\/www.twitter.com\/thalesbrandao","twitter_site":"@CidadeMarketing","twitter_misc":{"Escrito por":"Thales Brand\u00e3o","Est. tempo de leitura":"4 minutos"},"schema":{"@context":"https:\/\/schema.org","@graph":[{"@type":"Article","@id":"https:\/\/www.cidademarketing.com.br\/marketing\/2022\/05\/10\/radio-mec-fm-apresenta-conteudos-especiais-para-comemorar-39-anos\/#article","isPartOf":{"@id":"https:\/\/www.cidademarketing.com.br\/marketing\/2022\/05\/10\/radio-mec-fm-apresenta-conteudos-especiais-para-comemorar-39-anos\/"},"author":{"name":"Thales Brand\u00e3o","@id":"https:\/\/www.cidademarketing.com.br\/marketing\/#\/schema\/person\/02daff9f18bd9378c9e01eb6b2db155f"},"headline":"R\u00e1dio MEC FM apresenta conte\u00fados especiais para comemorar 39 anos","datePublished":"2022-05-11T00:38:48+00:00","mainEntityOfPage":{"@id":"https:\/\/www.cidademarketing.com.br\/marketing\/2022\/05\/10\/radio-mec-fm-apresenta-conteudos-especiais-para-comemorar-39-anos\/"},"wordCount":815,"commentCount":0,"publisher":{"@id":"https:\/\/www.cidademarketing.com.br\/marketing\/#organization"},"image":{"@id":"https:\/\/www.cidademarketing.com.br\/marketing\/2022\/05\/10\/radio-mec-fm-apresenta-conteudos-especiais-para-comemorar-39-anos\/#primaryimage"},"thumbnailUrl":"https:\/\/www.cidademarketing.com.br\/marketing\/wp-content\/uploads\/2022\/05\/Radio_MEC_estudio_no_Rio_de_Janeiro_Credito_Fernando_Frazao_Agencia_Brasil.jpg","keywords":["comunica\u00e7\u00e3o","estrat\u00e9gia","marketing","R\u00e1dio","R\u00e1dio MEC"],"articleSection":["Not\u00edcias"],"inLanguage":"pt-BR","potentialAction":[{"@type":"CommentAction","name":"Comment","target":["https:\/\/www.cidademarketing.com.br\/marketing\/2022\/05\/10\/radio-mec-fm-apresenta-conteudos-especiais-para-comemorar-39-anos\/#respond"]}]},{"@type":"WebPage","@id":"https:\/\/www.cidademarketing.com.br\/marketing\/2022\/05\/10\/radio-mec-fm-apresenta-conteudos-especiais-para-comemorar-39-anos\/","url":"https:\/\/www.cidademarketing.com.br\/marketing\/2022\/05\/10\/radio-mec-fm-apresenta-conteudos-especiais-para-comemorar-39-anos\/","name":"R\u00e1dio MEC FM apresenta conte\u00fados especiais para comemorar 39 anos - CidadeMarketing","isPartOf":{"@id":"https:\/\/www.cidademarketing.com.br\/marketing\/#website"},"primaryImageOfPage":{"@id":"https:\/\/www.cidademarketing.com.br\/marketing\/2022\/05\/10\/radio-mec-fm-apresenta-conteudos-especiais-para-comemorar-39-anos\/#primaryimage"},"image":{"@id":"https:\/\/www.cidademarketing.com.br\/marketing\/2022\/05\/10\/radio-mec-fm-apresenta-conteudos-especiais-para-comemorar-39-anos\/#primaryimage"},"thumbnailUrl":"https:\/\/www.cidademarketing.com.br\/marketing\/wp-content\/uploads\/2022\/05\/Radio_MEC_estudio_no_Rio_de_Janeiro_Credito_Fernando_Frazao_Agencia_Brasil.jpg","datePublished":"2022-05-11T00:38:48+00:00","breadcrumb":{"@id":"https:\/\/www.cidademarketing.com.br\/marketing\/2022\/05\/10\/radio-mec-fm-apresenta-conteudos-especiais-para-comemorar-39-anos\/#breadcrumb"},"inLanguage":"pt-BR","potentialAction":[{"@type":"ReadAction","target":["https:\/\/www.cidademarketing.com.br\/marketing\/2022\/05\/10\/radio-mec-fm-apresenta-conteudos-especiais-para-comemorar-39-anos\/"]}]},{"@type":"ImageObject","inLanguage":"pt-BR","@id":"https:\/\/www.cidademarketing.com.br\/marketing\/2022\/05\/10\/radio-mec-fm-apresenta-conteudos-especiais-para-comemorar-39-anos\/#primaryimage","url":"https:\/\/www.cidademarketing.com.br\/marketing\/wp-content\/uploads\/2022\/05\/Radio_MEC_estudio_no_Rio_de_Janeiro_Credito_Fernando_Frazao_Agencia_Brasil.jpg","contentUrl":"https:\/\/www.cidademarketing.com.br\/marketing\/wp-content\/uploads\/2022\/05\/Radio_MEC_estudio_no_Rio_de_Janeiro_Credito_Fernando_Frazao_Agencia_Brasil.jpg","width":1806,"height":1204,"caption":"Equipamentos da R\u00e1dio MEC nos est\u00fadios da Empresa Brasil de Comunica\u00e7\u00e3o - EBC, no Rio de Janeiro. Cr\u00e9dito: Fernando Fraz\u00e3o \/ Ag\u00eancia Brasil"},{"@type":"BreadcrumbList","@id":"https:\/\/www.cidademarketing.com.br\/marketing\/2022\/05\/10\/radio-mec-fm-apresenta-conteudos-especiais-para-comemorar-39-anos\/#breadcrumb","itemListElement":[{"@type":"ListItem","position":1,"name":"In\u00edcio","item":"https:\/\/www.cidademarketing.com.br\/marketing\/"},{"@type":"ListItem","position":2,"name":"R\u00e1dio MEC FM apresenta conte\u00fados especiais para comemorar 39 anos"}]},{"@type":"WebSite","@id":"https:\/\/www.cidademarketing.com.br\/marketing\/#website","url":"https:\/\/www.cidademarketing.com.br\/marketing\/","name":"CidadeMarketing","description":"Somos um ve\u00edculo de comunica\u00e7\u00e3o de destaque no Brasil, reconhecido por conte\u00fados nos segmentos de marketing, empreendedorismo e inova\u00e7\u00e3o.","publisher":{"@id":"https:\/\/www.cidademarketing.com.br\/marketing\/#organization"},"alternateName":"CidadeMarketing","potentialAction":[{"@type":"SearchAction","target":{"@type":"EntryPoint","urlTemplate":"https:\/\/www.cidademarketing.com.br\/marketing\/?s={search_term_string}"},"query-input":{"@type":"PropertyValueSpecification","valueRequired":true,"valueName":"search_term_string"}}],"inLanguage":"pt-BR"},{"@type":"Organization","@id":"https:\/\/www.cidademarketing.com.br\/marketing\/#organization","name":"CidadeMarketing","alternateName":"CidadeMarketing","url":"https:\/\/www.cidademarketing.com.br\/marketing\/","logo":{"@type":"ImageObject","inLanguage":"pt-BR","@id":"https:\/\/www.cidademarketing.com.br\/marketing\/#\/schema\/logo\/image\/","url":"https:\/\/www.cidademarketing.com.br\/marketing\/wp-content\/uploads\/2020\/01\/cidademarketing_marca_mobile.png","contentUrl":"https:\/\/www.cidademarketing.com.br\/marketing\/wp-content\/uploads\/2020\/01\/cidademarketing_marca_mobile.png","width":230,"height":92,"caption":"CidadeMarketing"},"image":{"@id":"https:\/\/www.cidademarketing.com.br\/marketing\/#\/schema\/logo\/image\/"},"sameAs":["https:\/\/www.facebook.com\/portalcidademarketing","https:\/\/x.com\/CidadeMarketing","https:\/\/www.instagram.com\/cidademarketing\/"]},{"@type":"Person","@id":"https:\/\/www.cidademarketing.com.br\/marketing\/#\/schema\/person\/02daff9f18bd9378c9e01eb6b2db155f","name":"Thales Brand\u00e3o","image":{"@type":"ImageObject","inLanguage":"pt-BR","@id":"https:\/\/secure.gravatar.com\/avatar\/7ca3206950207cc3cb48feec56a8a7898741ab725c368d99d5d7a5a50aab80c6?s=96&d=mm&r=g","url":"https:\/\/secure.gravatar.com\/avatar\/7ca3206950207cc3cb48feec56a8a7898741ab725c368d99d5d7a5a50aab80c6?s=96&d=mm&r=g","contentUrl":"https:\/\/secure.gravatar.com\/avatar\/7ca3206950207cc3cb48feec56a8a7898741ab725c368d99d5d7a5a50aab80c6?s=96&d=mm&r=g","caption":"Thales Brand\u00e3o"},"description":"Editor Executivo do Portal CidadeMarketing.com.br &gt; Mestre em Comunica\u00e7\u00e3o e Sociedade pela Universidade Federal de Sergipe. Possui MBA Executivo em Administra\u00e7\u00e3o com \u00eanfase em Marketing pela Funda\u00e7\u00e3o Get\u00falio Vargas - Rio de Janeiro. Consultor, Palestrante e Pesquisador sobre Empreendedorismo, Marketing, Redes Sociais e Neg\u00f3cios Digitais. Professor, Palestrante TedxTalks e Campus Party. Twitter: @ThalesBrandao","sameAs":["http:\/\/www.mandacaru.com.br","https:\/\/www.facebook.com\/thalesbrandao","http:\/\/www.instagram.com.br\/thalesbrandaoferreira","https:\/\/www.linkedin.com\/in\/thales-brand\u00e3o-3948609\/","https:\/\/x.com\/http:\/\/www.twitter.com\/thalesbrandao"],"url":"https:\/\/www.cidademarketing.com.br\/marketing\/author\/thalesbrandao\/"}]}},"amp_enabled":true,"_links":{"self":[{"href":"https:\/\/www.cidademarketing.com.br\/marketing\/wp-json\/wp\/v2\/posts\/36135","targetHints":{"allow":["GET"]}}],"collection":[{"href":"https:\/\/www.cidademarketing.com.br\/marketing\/wp-json\/wp\/v2\/posts"}],"about":[{"href":"https:\/\/www.cidademarketing.com.br\/marketing\/wp-json\/wp\/v2\/types\/post"}],"author":[{"embeddable":true,"href":"https:\/\/www.cidademarketing.com.br\/marketing\/wp-json\/wp\/v2\/users\/1"}],"replies":[{"embeddable":true,"href":"https:\/\/www.cidademarketing.com.br\/marketing\/wp-json\/wp\/v2\/comments?post=36135"}],"version-history":[{"count":1,"href":"https:\/\/www.cidademarketing.com.br\/marketing\/wp-json\/wp\/v2\/posts\/36135\/revisions"}],"predecessor-version":[{"id":36137,"href":"https:\/\/www.cidademarketing.com.br\/marketing\/wp-json\/wp\/v2\/posts\/36135\/revisions\/36137"}],"wp:featuredmedia":[{"embeddable":true,"href":"https:\/\/www.cidademarketing.com.br\/marketing\/wp-json\/wp\/v2\/media\/36136"}],"wp:attachment":[{"href":"https:\/\/www.cidademarketing.com.br\/marketing\/wp-json\/wp\/v2\/media?parent=36135"}],"wp:term":[{"taxonomy":"category","embeddable":true,"href":"https:\/\/www.cidademarketing.com.br\/marketing\/wp-json\/wp\/v2\/categories?post=36135"},{"taxonomy":"post_tag","embeddable":true,"href":"https:\/\/www.cidademarketing.com.br\/marketing\/wp-json\/wp\/v2\/tags?post=36135"}],"curies":[{"name":"wp","href":"https:\/\/api.w.org\/{rel}","templated":true}]}}