{"id":36123,"date":"2022-05-10T15:31:30","date_gmt":"2022-05-10T18:31:30","guid":{"rendered":"https:\/\/www.cidademarketing.com.br\/marketing\/?p=36123"},"modified":"2022-05-10T15:31:30","modified_gmt":"2022-05-10T18:31:30","slug":"krona-anuncia-mudancas-em-sua-estrutura-organizacional-e-novo-diretor-industrial","status":"publish","type":"post","link":"https:\/\/www.cidademarketing.com.br\/marketing\/2022\/05\/10\/krona-anuncia-mudancas-em-sua-estrutura-organizacional-e-novo-diretor-industrial\/","title":{"rendered":"Krona anuncia mudan\u00e7as em sua estrutura organizacional e novo diretor industrial"},"content":{"rendered":"<p><iframe style=\"border-radius: 12px;\" src=\"https:\/\/open.spotify.com\/embed\/show\/4khMKzP3FgFRWVwb73xicc?utm_source=generator&amp;t=0\" width=\"100%\" height=\"232\" frameborder=\"0\" allowfullscreen=\"allowfullscreen\"><\/iframe><br \/>\nA Krona Tubos e Conex\u00f5es anunciou mudan\u00e7as em sua estrutura organizacional com a cria\u00e7\u00e3o da posi\u00e7\u00e3o de Diretor Executivo, que ser\u00e1 exercida por Fernando Pedro de Oliveira. O novo cargo tem a responsabilidade de liderar as Diretorias Industrial, Comercial e Financeira, al\u00e9m de agregar lideran\u00e7a sobre as \u00e1reas de Gente e Gest\u00e3o e Gest\u00e3o Estrat\u00e9gica. A empresa apresentou tamb\u00e9m seu novo Diretor Industrial, o engenheiro qu\u00edmico Rog\u00e9rio Kohntopp.<\/p>\n<p>Gustavo Dias de Sousa segue como Diretor Comercial e Marketing e a diretoria financeira fica sob responsabilidade de Fernando de Oliveira que, neste momento, acumula o cargo. A empresa manifestou tamb\u00e9m seu agradecimento pelos 10 anos de dedica\u00e7\u00e3o de Edson Fritsch \u00e0 Krona, que iniciou como Gerente de Processos em 2012 e encerrou seu ciclo como Diretor Industrial, exercido entre 2020 e 2022.<\/p>\n<p>Com mais de 30 anos de experi\u00eancia nas \u00e1reas de Gest\u00e3o de Manufatura, Engenharia, P&amp;D e Inova\u00e7\u00e3o na ind\u00fastria de materiais pl\u00e1sticos, Rog\u00e9rio Kohntopp \u00e9 p\u00f3s-graduado em Gest\u00e3o Tecnol\u00f3gica pela IMD (Su\u00ed\u00e7a), Tecnologia de Processos em PVC pela Krupp (Alemanha) e Gest\u00e3o de Pessoas pela Funda\u00e7\u00e3o Dom Cabral. Rog\u00e9rio retorna \u00e0 ind\u00fastria de tubos e conex\u00f5es ap\u00f3s ter vivido novas experi\u00eancias em mercados e neg\u00f3cios dentro do setor de transforma\u00e7\u00e3o de pl\u00e1sticos. &#8220;\u00c9 tudo o que sempre desejei. Estou muito feliz com a oportunidade de fazer parte da Krona, uma empresa que sempre admirei e que vem apresentando um crescimento fant\u00e1stico, sendo refer\u00eancia no setor de tubos e conex\u00f5es de PVC\u201d, disse ele.<\/p>\n<p>O novo Diretor Industrial enfatizou ainda que seu estilo profissional est\u00e1 em total sintonia com a valoriza\u00e7\u00e3o das pessoas e da inova\u00e7\u00e3o, marcas registradas da Krona. &#8220;Venho para somar e agregar valor n\u00e3o somente na \u00e1rea industrial, mas no neg\u00f3cio como um todo, focando no trabalho em equipe, desenvolvimento de novas tecnologias, materiais e produtos, sempre buscando a excel\u00eancia operacional, atrav\u00e9s dos conceitos de uma gest\u00e3o lean e baseados em produtividade, custos, qualidade e seguran\u00e7a\u201d, anunciou.<\/p>\n<p>H\u00e1 19 anos na Krona, Fernando Oliveira passou por diversos cargos, sendo o \u00faltimo deles como Diretor Administrativo\/Financeiro. Suas principais contribui\u00e7\u00f5es ao longo deste per\u00edodo foram projetos de expans\u00e3o industrial, constru\u00e7\u00e3o de novas f\u00e1bricas, implementa\u00e7\u00e3o de governan\u00e7a corporativa, gest\u00e3o participativa e sistema de gest\u00e3o por compet\u00eancias. Tamb\u00e9m liderou projetos de capta\u00e7\u00e3o de recursos financeiros e de refresh tecnol\u00f3gico, contribuindo com o crescimento da empresa no mercado. Tem forma\u00e7\u00f5es nacionais e internacionais, em \u00e1reas como administra\u00e7\u00e3o, neg\u00f3cios, inova\u00e7\u00e3o e lideran\u00e7a.<\/p>\n<p>Para Fernando Oliveira, a fun\u00e7\u00e3o de Diretor Executivo \u201ctraz o desafio de colocar em pr\u00e1tica o planejamento da Krona, articulando os diversos setores para uma atua\u00e7\u00e3o unificada, que contemple as diretrizes do Comit\u00ea Executivo e Conselho de Administra\u00e7\u00e3o, e transforme as ideias e expectativas em a\u00e7\u00f5es voltadas ao crescimento sustent\u00e1vel e \u00e0 expans\u00e3o da empresa\u201d.<\/p>\n<p>Nessa nova estrutura, a Diretoria Executiva responde ao Comit\u00ea Executivo e ao Conselho de Administra\u00e7\u00e3o da Krona, composto por: Vilson Perin (Presidente no Comit\u00ea Executivo e no Conselho de Administra\u00e7\u00e3o), Juca Gon\u00e7alves e Valdicir Kortmann (Vice-Presidentes no Comit\u00ea Executivo e Conselheiros) e Tiago Borba (Conselheiro).<\/p>\n<p>Em uma declara\u00e7\u00e3o conjunta, os membros do Comit\u00ea Executivo e do Conselho de Administra\u00e7\u00e3o da Krona expressaram este novo momento da empresa: \u201cA Krona est\u00e1 em constante movimento para aperfei\u00e7oar seus processos, buscando sempre a estrutura de governan\u00e7a ideal para sustentar seu neg\u00f3cio nos pr\u00f3ximos anos. Essa mudan\u00e7a reflete nossa vis\u00e3o de integrar cada vez mais estrat\u00e9gia, lideran\u00e7a e a ess\u00eancia Krona, constru\u00edda em sua hist\u00f3ria. Este \u00e9 um importante passo na constru\u00e7\u00e3o de resultados cada vez mais expressivos que agregam excel\u00eancia aos nossos produtos e melhoram cada vez mais o relacionamento com os clientes\u201d.<\/p>\n<p><iframe style=\"width: 100%; max-width: 660px; overflow: hidden; background: transparent;\" src=\"https:\/\/embed.podcasts.apple.com\/br\/podcast\/podcast-cidademarketing\/id1371923283\" height=\"450\" frameborder=\"0\" sandbox=\"allow-forms allow-popups allow-same-origin allow-scripts allow-storage-access-by-user-activation allow-top-navigation-by-user-activation\"><\/iframe><\/p>\n","protected":false},"excerpt":{"rendered":"<p>A Krona Tubos e Conex\u00f5es anunciou mudan\u00e7as em sua estrutura organizacional com a cria\u00e7\u00e3o da posi\u00e7\u00e3o de Diretor Executivo, que ser\u00e1 exercida por Fernando Pedro de Oliveira. O novo cargo tem a responsabilidade de liderar as Diretorias Industrial, Comercial e Financeira, al\u00e9m de agregar lideran\u00e7a sobre as \u00e1reas de Gente e Gest\u00e3o e Gest\u00e3o Estrat\u00e9gica. [&hellip;]<\/p>\n","protected":false},"author":1,"featured_media":36124,"comment_status":"open","ping_status":"open","sticky":false,"template":"","format":"standard","meta":{"tdm_status":"","tdm_grid_status":"","footnotes":""},"categories":[6],"tags":[389,33,3748,28,5337],"class_list":["post-36123","post","type-post","status-publish","format-standard","has-post-thumbnail","hentry","category-noticias","tag-administracao","tag-estrategia","tag-krona","tag-marketing","tag-tubos"],"yoast_head":"<!-- This site is optimized with the Yoast SEO plugin v27.4 - https:\/\/yoast.com\/product\/yoast-seo-wordpress\/ -->\n<title>Krona anuncia mudan\u00e7as em sua estrutura organizacional e novo diretor industrial - CidadeMarketing<\/title>\n<meta name=\"robots\" content=\"index, follow, max-snippet:-1, max-image-preview:large, max-video-preview:-1\" \/>\n<link rel=\"canonical\" href=\"https:\/\/www.cidademarketing.com.br\/marketing\/2022\/05\/10\/krona-anuncia-mudancas-em-sua-estrutura-organizacional-e-novo-diretor-industrial\/\" \/>\n<meta property=\"og:locale\" content=\"pt_BR\" \/>\n<meta property=\"og:type\" content=\"article\" \/>\n<meta property=\"og:title\" content=\"Krona anuncia mudan\u00e7as em sua estrutura organizacional e novo diretor industrial - CidadeMarketing\" \/>\n<meta property=\"og:description\" content=\"A Krona Tubos e Conex\u00f5es anunciou mudan\u00e7as em sua estrutura organizacional com a cria\u00e7\u00e3o da posi\u00e7\u00e3o de Diretor Executivo, que ser\u00e1 exercida por Fernando Pedro de Oliveira. O novo cargo tem a responsabilidade de liderar as Diretorias Industrial, Comercial e Financeira, al\u00e9m de agregar lideran\u00e7a sobre as \u00e1reas de Gente e Gest\u00e3o e Gest\u00e3o Estrat\u00e9gica. [&hellip;]\" \/>\n<meta property=\"og:url\" content=\"https:\/\/www.cidademarketing.com.br\/marketing\/2022\/05\/10\/krona-anuncia-mudancas-em-sua-estrutura-organizacional-e-novo-diretor-industrial\/\" \/>\n<meta property=\"og:site_name\" content=\"CidadeMarketing\" \/>\n<meta property=\"article:publisher\" content=\"https:\/\/www.facebook.com\/portalcidademarketing\" \/>\n<meta property=\"article:author\" content=\"https:\/\/www.facebook.com\/thalesbrandao\" \/>\n<meta property=\"article:published_time\" content=\"2022-05-10T18:31:30+00:00\" \/>\n<meta property=\"og:image\" content=\"https:\/\/www.cidademarketing.com.br\/marketing\/wp-content\/uploads\/2022\/05\/krona_tubos_conexoes.png\" \/>\n\t<meta property=\"og:image:width\" content=\"225\" \/>\n\t<meta property=\"og:image:height\" content=\"225\" \/>\n\t<meta property=\"og:image:type\" content=\"image\/png\" \/>\n<meta name=\"author\" content=\"Thales Brand\u00e3o\" \/>\n<meta name=\"twitter:card\" content=\"summary_large_image\" \/>\n<meta name=\"twitter:creator\" content=\"@http:\/\/www.twitter.com\/thalesbrandao\" \/>\n<meta name=\"twitter:site\" content=\"@CidadeMarketing\" \/>\n<meta name=\"twitter:label1\" content=\"Escrito por\" \/>\n\t<meta name=\"twitter:data1\" content=\"Thales Brand\u00e3o\" \/>\n\t<meta name=\"twitter:label2\" content=\"Est. tempo de leitura\" \/>\n\t<meta name=\"twitter:data2\" content=\"3 minutos\" \/>\n<script type=\"application\/ld+json\" class=\"yoast-schema-graph\">{\"@context\":\"https:\\\/\\\/schema.org\",\"@graph\":[{\"@type\":\"Article\",\"@id\":\"https:\\\/\\\/www.cidademarketing.com.br\\\/marketing\\\/2022\\\/05\\\/10\\\/krona-anuncia-mudancas-em-sua-estrutura-organizacional-e-novo-diretor-industrial\\\/#article\",\"isPartOf\":{\"@id\":\"https:\\\/\\\/www.cidademarketing.com.br\\\/marketing\\\/2022\\\/05\\\/10\\\/krona-anuncia-mudancas-em-sua-estrutura-organizacional-e-novo-diretor-industrial\\\/\"},\"author\":{\"name\":\"Thales Brand\u00e3o\",\"@id\":\"https:\\\/\\\/www.cidademarketing.com.br\\\/marketing\\\/#\\\/schema\\\/person\\\/02daff9f18bd9378c9e01eb6b2db155f\"},\"headline\":\"Krona anuncia mudan\u00e7as em sua estrutura organizacional e novo diretor industrial\",\"datePublished\":\"2022-05-10T18:31:30+00:00\",\"mainEntityOfPage\":{\"@id\":\"https:\\\/\\\/www.cidademarketing.com.br\\\/marketing\\\/2022\\\/05\\\/10\\\/krona-anuncia-mudancas-em-sua-estrutura-organizacional-e-novo-diretor-industrial\\\/\"},\"wordCount\":685,\"commentCount\":0,\"publisher\":{\"@id\":\"https:\\\/\\\/www.cidademarketing.com.br\\\/marketing\\\/#organization\"},\"image\":{\"@id\":\"https:\\\/\\\/www.cidademarketing.com.br\\\/marketing\\\/2022\\\/05\\\/10\\\/krona-anuncia-mudancas-em-sua-estrutura-organizacional-e-novo-diretor-industrial\\\/#primaryimage\"},\"thumbnailUrl\":\"https:\\\/\\\/www.cidademarketing.com.br\\\/marketing\\\/wp-content\\\/uploads\\\/2022\\\/05\\\/krona_tubos_conexoes.png\",\"keywords\":[\"administra\u00e7\u00e3o\",\"estrat\u00e9gia\",\"Krona\",\"marketing\",\"tubos\"],\"articleSection\":[\"Not\u00edcias\"],\"inLanguage\":\"pt-BR\",\"potentialAction\":[{\"@type\":\"CommentAction\",\"name\":\"Comment\",\"target\":[\"https:\\\/\\\/www.cidademarketing.com.br\\\/marketing\\\/2022\\\/05\\\/10\\\/krona-anuncia-mudancas-em-sua-estrutura-organizacional-e-novo-diretor-industrial\\\/#respond\"]}]},{\"@type\":\"WebPage\",\"@id\":\"https:\\\/\\\/www.cidademarketing.com.br\\\/marketing\\\/2022\\\/05\\\/10\\\/krona-anuncia-mudancas-em-sua-estrutura-organizacional-e-novo-diretor-industrial\\\/\",\"url\":\"https:\\\/\\\/www.cidademarketing.com.br\\\/marketing\\\/2022\\\/05\\\/10\\\/krona-anuncia-mudancas-em-sua-estrutura-organizacional-e-novo-diretor-industrial\\\/\",\"name\":\"Krona anuncia mudan\u00e7as em sua estrutura organizacional e novo diretor industrial - CidadeMarketing\",\"isPartOf\":{\"@id\":\"https:\\\/\\\/www.cidademarketing.com.br\\\/marketing\\\/#website\"},\"primaryImageOfPage\":{\"@id\":\"https:\\\/\\\/www.cidademarketing.com.br\\\/marketing\\\/2022\\\/05\\\/10\\\/krona-anuncia-mudancas-em-sua-estrutura-organizacional-e-novo-diretor-industrial\\\/#primaryimage\"},\"image\":{\"@id\":\"https:\\\/\\\/www.cidademarketing.com.br\\\/marketing\\\/2022\\\/05\\\/10\\\/krona-anuncia-mudancas-em-sua-estrutura-organizacional-e-novo-diretor-industrial\\\/#primaryimage\"},\"thumbnailUrl\":\"https:\\\/\\\/www.cidademarketing.com.br\\\/marketing\\\/wp-content\\\/uploads\\\/2022\\\/05\\\/krona_tubos_conexoes.png\",\"datePublished\":\"2022-05-10T18:31:30+00:00\",\"breadcrumb\":{\"@id\":\"https:\\\/\\\/www.cidademarketing.com.br\\\/marketing\\\/2022\\\/05\\\/10\\\/krona-anuncia-mudancas-em-sua-estrutura-organizacional-e-novo-diretor-industrial\\\/#breadcrumb\"},\"inLanguage\":\"pt-BR\",\"potentialAction\":[{\"@type\":\"ReadAction\",\"target\":[\"https:\\\/\\\/www.cidademarketing.com.br\\\/marketing\\\/2022\\\/05\\\/10\\\/krona-anuncia-mudancas-em-sua-estrutura-organizacional-e-novo-diretor-industrial\\\/\"]}]},{\"@type\":\"ImageObject\",\"inLanguage\":\"pt-BR\",\"@id\":\"https:\\\/\\\/www.cidademarketing.com.br\\\/marketing\\\/2022\\\/05\\\/10\\\/krona-anuncia-mudancas-em-sua-estrutura-organizacional-e-novo-diretor-industrial\\\/#primaryimage\",\"url\":\"https:\\\/\\\/www.cidademarketing.com.br\\\/marketing\\\/wp-content\\\/uploads\\\/2022\\\/05\\\/krona_tubos_conexoes.png\",\"contentUrl\":\"https:\\\/\\\/www.cidademarketing.com.br\\\/marketing\\\/wp-content\\\/uploads\\\/2022\\\/05\\\/krona_tubos_conexoes.png\",\"width\":225,\"height\":225},{\"@type\":\"BreadcrumbList\",\"@id\":\"https:\\\/\\\/www.cidademarketing.com.br\\\/marketing\\\/2022\\\/05\\\/10\\\/krona-anuncia-mudancas-em-sua-estrutura-organizacional-e-novo-diretor-industrial\\\/#breadcrumb\",\"itemListElement\":[{\"@type\":\"ListItem\",\"position\":1,\"name\":\"In\u00edcio\",\"item\":\"https:\\\/\\\/www.cidademarketing.com.br\\\/marketing\\\/\"},{\"@type\":\"ListItem\",\"position\":2,\"name\":\"Krona anuncia mudan\u00e7as em sua estrutura organizacional e novo diretor industrial\"}]},{\"@type\":\"WebSite\",\"@id\":\"https:\\\/\\\/www.cidademarketing.com.br\\\/marketing\\\/#website\",\"url\":\"https:\\\/\\\/www.cidademarketing.com.br\\\/marketing\\\/\",\"name\":\"CidadeMarketing\",\"description\":\"Somos um ve\u00edculo de comunica\u00e7\u00e3o de destaque no Brasil, reconhecido por conte\u00fados nos segmentos de marketing, empreendedorismo e inova\u00e7\u00e3o.\",\"publisher\":{\"@id\":\"https:\\\/\\\/www.cidademarketing.com.br\\\/marketing\\\/#organization\"},\"alternateName\":\"CidadeMarketing\",\"potentialAction\":[{\"@type\":\"SearchAction\",\"target\":{\"@type\":\"EntryPoint\",\"urlTemplate\":\"https:\\\/\\\/www.cidademarketing.com.br\\\/marketing\\\/?s={search_term_string}\"},\"query-input\":{\"@type\":\"PropertyValueSpecification\",\"valueRequired\":true,\"valueName\":\"search_term_string\"}}],\"inLanguage\":\"pt-BR\"},{\"@type\":\"Organization\",\"@id\":\"https:\\\/\\\/www.cidademarketing.com.br\\\/marketing\\\/#organization\",\"name\":\"CidadeMarketing\",\"alternateName\":\"CidadeMarketing\",\"url\":\"https:\\\/\\\/www.cidademarketing.com.br\\\/marketing\\\/\",\"logo\":{\"@type\":\"ImageObject\",\"inLanguage\":\"pt-BR\",\"@id\":\"https:\\\/\\\/www.cidademarketing.com.br\\\/marketing\\\/#\\\/schema\\\/logo\\\/image\\\/\",\"url\":\"https:\\\/\\\/www.cidademarketing.com.br\\\/marketing\\\/wp-content\\\/uploads\\\/2020\\\/01\\\/cidademarketing_marca_mobile.png\",\"contentUrl\":\"https:\\\/\\\/www.cidademarketing.com.br\\\/marketing\\\/wp-content\\\/uploads\\\/2020\\\/01\\\/cidademarketing_marca_mobile.png\",\"width\":230,\"height\":92,\"caption\":\"CidadeMarketing\"},\"image\":{\"@id\":\"https:\\\/\\\/www.cidademarketing.com.br\\\/marketing\\\/#\\\/schema\\\/logo\\\/image\\\/\"},\"sameAs\":[\"https:\\\/\\\/www.facebook.com\\\/portalcidademarketing\",\"https:\\\/\\\/x.com\\\/CidadeMarketing\",\"https:\\\/\\\/www.instagram.com\\\/cidademarketing\\\/\"]},{\"@type\":\"Person\",\"@id\":\"https:\\\/\\\/www.cidademarketing.com.br\\\/marketing\\\/#\\\/schema\\\/person\\\/02daff9f18bd9378c9e01eb6b2db155f\",\"name\":\"Thales Brand\u00e3o\",\"image\":{\"@type\":\"ImageObject\",\"inLanguage\":\"pt-BR\",\"@id\":\"https:\\\/\\\/secure.gravatar.com\\\/avatar\\\/7ca3206950207cc3cb48feec56a8a7898741ab725c368d99d5d7a5a50aab80c6?s=96&d=mm&r=g\",\"url\":\"https:\\\/\\\/secure.gravatar.com\\\/avatar\\\/7ca3206950207cc3cb48feec56a8a7898741ab725c368d99d5d7a5a50aab80c6?s=96&d=mm&r=g\",\"contentUrl\":\"https:\\\/\\\/secure.gravatar.com\\\/avatar\\\/7ca3206950207cc3cb48feec56a8a7898741ab725c368d99d5d7a5a50aab80c6?s=96&d=mm&r=g\",\"caption\":\"Thales Brand\u00e3o\"},\"description\":\"Editor Executivo do Portal CidadeMarketing.com.br &gt; Mestre em Comunica\u00e7\u00e3o e Sociedade pela Universidade Federal de Sergipe. Possui MBA Executivo em Administra\u00e7\u00e3o com \u00eanfase em Marketing pela Funda\u00e7\u00e3o Get\u00falio Vargas - Rio de Janeiro. Consultor, Palestrante e Pesquisador sobre Empreendedorismo, Marketing, Redes Sociais e Neg\u00f3cios Digitais. Professor, Palestrante TedxTalks e Campus Party. Twitter: @ThalesBrandao\",\"sameAs\":[\"http:\\\/\\\/www.mandacaru.com.br\",\"https:\\\/\\\/www.facebook.com\\\/thalesbrandao\",\"http:\\\/\\\/www.instagram.com.br\\\/thalesbrandaoferreira\",\"https:\\\/\\\/www.linkedin.com\\\/in\\\/thales-brand\u00e3o-3948609\\\/\",\"https:\\\/\\\/x.com\\\/http:\\\/\\\/www.twitter.com\\\/thalesbrandao\"],\"url\":\"https:\\\/\\\/www.cidademarketing.com.br\\\/marketing\\\/author\\\/thalesbrandao\\\/\"}]}<\/script>\n<!-- \/ Yoast SEO plugin. -->","yoast_head_json":{"title":"Krona anuncia mudan\u00e7as em sua estrutura organizacional e novo diretor industrial - CidadeMarketing","robots":{"index":"index","follow":"follow","max-snippet":"max-snippet:-1","max-image-preview":"max-image-preview:large","max-video-preview":"max-video-preview:-1"},"canonical":"https:\/\/www.cidademarketing.com.br\/marketing\/2022\/05\/10\/krona-anuncia-mudancas-em-sua-estrutura-organizacional-e-novo-diretor-industrial\/","og_locale":"pt_BR","og_type":"article","og_title":"Krona anuncia mudan\u00e7as em sua estrutura organizacional e novo diretor industrial - CidadeMarketing","og_description":"A Krona Tubos e Conex\u00f5es anunciou mudan\u00e7as em sua estrutura organizacional com a cria\u00e7\u00e3o da posi\u00e7\u00e3o de Diretor Executivo, que ser\u00e1 exercida por Fernando Pedro de Oliveira. O novo cargo tem a responsabilidade de liderar as Diretorias Industrial, Comercial e Financeira, al\u00e9m de agregar lideran\u00e7a sobre as \u00e1reas de Gente e Gest\u00e3o e Gest\u00e3o Estrat\u00e9gica. [&hellip;]","og_url":"https:\/\/www.cidademarketing.com.br\/marketing\/2022\/05\/10\/krona-anuncia-mudancas-em-sua-estrutura-organizacional-e-novo-diretor-industrial\/","og_site_name":"CidadeMarketing","article_publisher":"https:\/\/www.facebook.com\/portalcidademarketing","article_author":"https:\/\/www.facebook.com\/thalesbrandao","article_published_time":"2022-05-10T18:31:30+00:00","og_image":[{"width":225,"height":225,"url":"https:\/\/www.cidademarketing.com.br\/marketing\/wp-content\/uploads\/2022\/05\/krona_tubos_conexoes.png","type":"image\/png"}],"author":"Thales Brand\u00e3o","twitter_card":"summary_large_image","twitter_creator":"@http:\/\/www.twitter.com\/thalesbrandao","twitter_site":"@CidadeMarketing","twitter_misc":{"Escrito por":"Thales Brand\u00e3o","Est. tempo de leitura":"3 minutos"},"schema":{"@context":"https:\/\/schema.org","@graph":[{"@type":"Article","@id":"https:\/\/www.cidademarketing.com.br\/marketing\/2022\/05\/10\/krona-anuncia-mudancas-em-sua-estrutura-organizacional-e-novo-diretor-industrial\/#article","isPartOf":{"@id":"https:\/\/www.cidademarketing.com.br\/marketing\/2022\/05\/10\/krona-anuncia-mudancas-em-sua-estrutura-organizacional-e-novo-diretor-industrial\/"},"author":{"name":"Thales Brand\u00e3o","@id":"https:\/\/www.cidademarketing.com.br\/marketing\/#\/schema\/person\/02daff9f18bd9378c9e01eb6b2db155f"},"headline":"Krona anuncia mudan\u00e7as em sua estrutura organizacional e novo diretor industrial","datePublished":"2022-05-10T18:31:30+00:00","mainEntityOfPage":{"@id":"https:\/\/www.cidademarketing.com.br\/marketing\/2022\/05\/10\/krona-anuncia-mudancas-em-sua-estrutura-organizacional-e-novo-diretor-industrial\/"},"wordCount":685,"commentCount":0,"publisher":{"@id":"https:\/\/www.cidademarketing.com.br\/marketing\/#organization"},"image":{"@id":"https:\/\/www.cidademarketing.com.br\/marketing\/2022\/05\/10\/krona-anuncia-mudancas-em-sua-estrutura-organizacional-e-novo-diretor-industrial\/#primaryimage"},"thumbnailUrl":"https:\/\/www.cidademarketing.com.br\/marketing\/wp-content\/uploads\/2022\/05\/krona_tubos_conexoes.png","keywords":["administra\u00e7\u00e3o","estrat\u00e9gia","Krona","marketing","tubos"],"articleSection":["Not\u00edcias"],"inLanguage":"pt-BR","potentialAction":[{"@type":"CommentAction","name":"Comment","target":["https:\/\/www.cidademarketing.com.br\/marketing\/2022\/05\/10\/krona-anuncia-mudancas-em-sua-estrutura-organizacional-e-novo-diretor-industrial\/#respond"]}]},{"@type":"WebPage","@id":"https:\/\/www.cidademarketing.com.br\/marketing\/2022\/05\/10\/krona-anuncia-mudancas-em-sua-estrutura-organizacional-e-novo-diretor-industrial\/","url":"https:\/\/www.cidademarketing.com.br\/marketing\/2022\/05\/10\/krona-anuncia-mudancas-em-sua-estrutura-organizacional-e-novo-diretor-industrial\/","name":"Krona anuncia mudan\u00e7as em sua estrutura organizacional e novo diretor industrial - CidadeMarketing","isPartOf":{"@id":"https:\/\/www.cidademarketing.com.br\/marketing\/#website"},"primaryImageOfPage":{"@id":"https:\/\/www.cidademarketing.com.br\/marketing\/2022\/05\/10\/krona-anuncia-mudancas-em-sua-estrutura-organizacional-e-novo-diretor-industrial\/#primaryimage"},"image":{"@id":"https:\/\/www.cidademarketing.com.br\/marketing\/2022\/05\/10\/krona-anuncia-mudancas-em-sua-estrutura-organizacional-e-novo-diretor-industrial\/#primaryimage"},"thumbnailUrl":"https:\/\/www.cidademarketing.com.br\/marketing\/wp-content\/uploads\/2022\/05\/krona_tubos_conexoes.png","datePublished":"2022-05-10T18:31:30+00:00","breadcrumb":{"@id":"https:\/\/www.cidademarketing.com.br\/marketing\/2022\/05\/10\/krona-anuncia-mudancas-em-sua-estrutura-organizacional-e-novo-diretor-industrial\/#breadcrumb"},"inLanguage":"pt-BR","potentialAction":[{"@type":"ReadAction","target":["https:\/\/www.cidademarketing.com.br\/marketing\/2022\/05\/10\/krona-anuncia-mudancas-em-sua-estrutura-organizacional-e-novo-diretor-industrial\/"]}]},{"@type":"ImageObject","inLanguage":"pt-BR","@id":"https:\/\/www.cidademarketing.com.br\/marketing\/2022\/05\/10\/krona-anuncia-mudancas-em-sua-estrutura-organizacional-e-novo-diretor-industrial\/#primaryimage","url":"https:\/\/www.cidademarketing.com.br\/marketing\/wp-content\/uploads\/2022\/05\/krona_tubos_conexoes.png","contentUrl":"https:\/\/www.cidademarketing.com.br\/marketing\/wp-content\/uploads\/2022\/05\/krona_tubos_conexoes.png","width":225,"height":225},{"@type":"BreadcrumbList","@id":"https:\/\/www.cidademarketing.com.br\/marketing\/2022\/05\/10\/krona-anuncia-mudancas-em-sua-estrutura-organizacional-e-novo-diretor-industrial\/#breadcrumb","itemListElement":[{"@type":"ListItem","position":1,"name":"In\u00edcio","item":"https:\/\/www.cidademarketing.com.br\/marketing\/"},{"@type":"ListItem","position":2,"name":"Krona anuncia mudan\u00e7as em sua estrutura organizacional e novo diretor industrial"}]},{"@type":"WebSite","@id":"https:\/\/www.cidademarketing.com.br\/marketing\/#website","url":"https:\/\/www.cidademarketing.com.br\/marketing\/","name":"CidadeMarketing","description":"Somos um ve\u00edculo de comunica\u00e7\u00e3o de destaque no Brasil, reconhecido por conte\u00fados nos segmentos de marketing, empreendedorismo e inova\u00e7\u00e3o.","publisher":{"@id":"https:\/\/www.cidademarketing.com.br\/marketing\/#organization"},"alternateName":"CidadeMarketing","potentialAction":[{"@type":"SearchAction","target":{"@type":"EntryPoint","urlTemplate":"https:\/\/www.cidademarketing.com.br\/marketing\/?s={search_term_string}"},"query-input":{"@type":"PropertyValueSpecification","valueRequired":true,"valueName":"search_term_string"}}],"inLanguage":"pt-BR"},{"@type":"Organization","@id":"https:\/\/www.cidademarketing.com.br\/marketing\/#organization","name":"CidadeMarketing","alternateName":"CidadeMarketing","url":"https:\/\/www.cidademarketing.com.br\/marketing\/","logo":{"@type":"ImageObject","inLanguage":"pt-BR","@id":"https:\/\/www.cidademarketing.com.br\/marketing\/#\/schema\/logo\/image\/","url":"https:\/\/www.cidademarketing.com.br\/marketing\/wp-content\/uploads\/2020\/01\/cidademarketing_marca_mobile.png","contentUrl":"https:\/\/www.cidademarketing.com.br\/marketing\/wp-content\/uploads\/2020\/01\/cidademarketing_marca_mobile.png","width":230,"height":92,"caption":"CidadeMarketing"},"image":{"@id":"https:\/\/www.cidademarketing.com.br\/marketing\/#\/schema\/logo\/image\/"},"sameAs":["https:\/\/www.facebook.com\/portalcidademarketing","https:\/\/x.com\/CidadeMarketing","https:\/\/www.instagram.com\/cidademarketing\/"]},{"@type":"Person","@id":"https:\/\/www.cidademarketing.com.br\/marketing\/#\/schema\/person\/02daff9f18bd9378c9e01eb6b2db155f","name":"Thales Brand\u00e3o","image":{"@type":"ImageObject","inLanguage":"pt-BR","@id":"https:\/\/secure.gravatar.com\/avatar\/7ca3206950207cc3cb48feec56a8a7898741ab725c368d99d5d7a5a50aab80c6?s=96&d=mm&r=g","url":"https:\/\/secure.gravatar.com\/avatar\/7ca3206950207cc3cb48feec56a8a7898741ab725c368d99d5d7a5a50aab80c6?s=96&d=mm&r=g","contentUrl":"https:\/\/secure.gravatar.com\/avatar\/7ca3206950207cc3cb48feec56a8a7898741ab725c368d99d5d7a5a50aab80c6?s=96&d=mm&r=g","caption":"Thales Brand\u00e3o"},"description":"Editor Executivo do Portal CidadeMarketing.com.br &gt; Mestre em Comunica\u00e7\u00e3o e Sociedade pela Universidade Federal de Sergipe. Possui MBA Executivo em Administra\u00e7\u00e3o com \u00eanfase em Marketing pela Funda\u00e7\u00e3o Get\u00falio Vargas - Rio de Janeiro. Consultor, Palestrante e Pesquisador sobre Empreendedorismo, Marketing, Redes Sociais e Neg\u00f3cios Digitais. Professor, Palestrante TedxTalks e Campus Party. Twitter: @ThalesBrandao","sameAs":["http:\/\/www.mandacaru.com.br","https:\/\/www.facebook.com\/thalesbrandao","http:\/\/www.instagram.com.br\/thalesbrandaoferreira","https:\/\/www.linkedin.com\/in\/thales-brand\u00e3o-3948609\/","https:\/\/x.com\/http:\/\/www.twitter.com\/thalesbrandao"],"url":"https:\/\/www.cidademarketing.com.br\/marketing\/author\/thalesbrandao\/"}]}},"amp_enabled":true,"_links":{"self":[{"href":"https:\/\/www.cidademarketing.com.br\/marketing\/wp-json\/wp\/v2\/posts\/36123","targetHints":{"allow":["GET"]}}],"collection":[{"href":"https:\/\/www.cidademarketing.com.br\/marketing\/wp-json\/wp\/v2\/posts"}],"about":[{"href":"https:\/\/www.cidademarketing.com.br\/marketing\/wp-json\/wp\/v2\/types\/post"}],"author":[{"embeddable":true,"href":"https:\/\/www.cidademarketing.com.br\/marketing\/wp-json\/wp\/v2\/users\/1"}],"replies":[{"embeddable":true,"href":"https:\/\/www.cidademarketing.com.br\/marketing\/wp-json\/wp\/v2\/comments?post=36123"}],"version-history":[{"count":1,"href":"https:\/\/www.cidademarketing.com.br\/marketing\/wp-json\/wp\/v2\/posts\/36123\/revisions"}],"predecessor-version":[{"id":36125,"href":"https:\/\/www.cidademarketing.com.br\/marketing\/wp-json\/wp\/v2\/posts\/36123\/revisions\/36125"}],"wp:featuredmedia":[{"embeddable":true,"href":"https:\/\/www.cidademarketing.com.br\/marketing\/wp-json\/wp\/v2\/media\/36124"}],"wp:attachment":[{"href":"https:\/\/www.cidademarketing.com.br\/marketing\/wp-json\/wp\/v2\/media?parent=36123"}],"wp:term":[{"taxonomy":"category","embeddable":true,"href":"https:\/\/www.cidademarketing.com.br\/marketing\/wp-json\/wp\/v2\/categories?post=36123"},{"taxonomy":"post_tag","embeddable":true,"href":"https:\/\/www.cidademarketing.com.br\/marketing\/wp-json\/wp\/v2\/tags?post=36123"}],"curies":[{"name":"wp","href":"https:\/\/api.w.org\/{rel}","templated":true}]}}