{"id":36087,"date":"2022-05-09T10:59:53","date_gmt":"2022-05-09T13:59:53","guid":{"rendered":"https:\/\/www.cidademarketing.com.br\/marketing\/?p=36087"},"modified":"2022-05-09T10:59:53","modified_gmt":"2022-05-09T13:59:53","slug":"neste-mes-das-maes-chevrolet-conta-uma-emocionante-historia-de-inclusao-e-conquista-da-tao-desejada-cnh","status":"publish","type":"post","link":"https:\/\/www.cidademarketing.com.br\/marketing\/2022\/05\/09\/neste-mes-das-maes-chevrolet-conta-uma-emocionante-historia-de-inclusao-e-conquista-da-tao-desejada-cnh\/","title":{"rendered":"Neste M\u00eas das M\u00e3es, Chevrolet conta uma emocionante hist\u00f3ria de inclus\u00e3o e conquista da t\u00e3o desejada CNH"},"content":{"rendered":"<p><iframe style=\"border-radius: 12px;\" src=\"https:\/\/open.spotify.com\/embed\/show\/4khMKzP3FgFRWVwb73xicc?utm_source=generator&amp;t=0\" width=\"100%\" height=\"232\" frameborder=\"0\" allowfullscreen=\"allowfullscreen\"><\/iframe><br \/>\nPensando em homenagear as diferentes m\u00e3es brasileiras que ajudam, todos os dias, seus filhos a encontrarem novos caminhos para seguir, a nova campanha da Chevrolet conta a tocante hist\u00f3ria da influenciadora Laura Sim\u00f5es.<\/p>\n<p>Nascida com S\u00edndrome de Down, a influenciadora, de 20 anos, contou com todo o apoio da sua m\u00e3e para tirar sua Carteira Nacional de Habilita\u00e7\u00e3o (CNH). Se aprovadas nos exames de aptid\u00e3o f\u00edsica e mental, pessoas com S\u00edndrome de Down podem obter o documento, inclusive com isen\u00e7\u00e3o de pagamento das taxas. O processo contou com muita concentra\u00e7\u00e3o, inspira\u00e7\u00e3o e ainda contou com o apoio especial de sua m\u00e3e, Andreia.<\/p>\n\r\n                <style type=\"text\/css\">\r\n                    \r\n                    #tdi_1  .td-doubleSlider-2 .td-item1 {\r\n                        background: url(https:\/\/www.cidademarketing.com.br\/marketing\/wp-content\/uploads\/2022\/05\/Frame1_GM-80x60.jpg) 0 0 no-repeat;\r\n                    }\r\n                    #tdi_1  .td-doubleSlider-2 .td-item2 {\r\n                        background: url(https:\/\/www.cidademarketing.com.br\/marketing\/wp-content\/uploads\/2022\/05\/Frame2_GM-80x60.jpg) 0 0 no-repeat;\r\n                    }\r\n                    #tdi_1  .td-doubleSlider-2 .td-item3 {\r\n                        background: url(https:\/\/www.cidademarketing.com.br\/marketing\/wp-content\/uploads\/2022\/05\/Frame3_GM-80x60.jpg) 0 0 no-repeat;\r\n                    }\r\n                <\/style>\r\n\r\n                <div id=\"tdi_1\" class=\"td-gallery td-slide-on-2-columns\">\r\n                    <div class=\"post_td_gallery\">\r\n                        <div class=\"td-gallery-slide-top\">\r\n                           <div class=\"td-gallery-title\"><\/div>\r\n\r\n                            <div class=\"td-gallery-controls-wrapper\">\r\n                                <div class=\"td-gallery-slide-count\"><span class=\"td-gallery-slide-item-focus\">1<\/span> de 3<\/div>\r\n                                <div class=\"td-gallery-slide-prev-next-but\">\r\n                                    <i class = \"td-icon-left doubleSliderPrevButton\"><\/i>\r\n                                    <i class = \"td-icon-right doubleSliderNextButton\"><\/i>\r\n                                <\/div>\r\n                            <\/div>\r\n                        <\/div>\r\n\r\n                        <div class = \"td-doubleSlider-1 \">\r\n                            <div class = \"td-slider\">\r\n                                \r\n                    <div class = \"td-slide-item td-item1\">\r\n                        <figure class=\"td-slide-galery-figure td-slide-popup-gallery\">\r\n                            <a class=\"slide-gallery-image-link\" href=\"https:\/\/www.cidademarketing.com.br\/marketing\/wp-content\/uploads\/2022\/05\/Frame1_GM-scaled.jpg\" title=\"Frame1_GM\"  data-caption=\"\"  data-description=\"\">\r\n                                <img decoding=\"async\" src=\"https:\/\/www.cidademarketing.com.br\/marketing\/wp-content\/uploads\/2022\/05\/Frame1_GM-747x420.jpg\" srcset=\"https:\/\/www.cidademarketing.com.br\/marketing\/wp-content\/uploads\/2022\/05\/Frame1_GM-747x420.jpg 747w, https:\/\/www.cidademarketing.com.br\/marketing\/wp-content\/uploads\/2022\/05\/Frame1_GM-300x169.jpg 300w, https:\/\/www.cidademarketing.com.br\/marketing\/wp-content\/uploads\/2022\/05\/Frame1_GM-1024x576.jpg 1024w, https:\/\/www.cidademarketing.com.br\/marketing\/wp-content\/uploads\/2022\/05\/Frame1_GM-768x432.jpg 768w, https:\/\/www.cidademarketing.com.br\/marketing\/wp-content\/uploads\/2022\/05\/Frame1_GM-1536x864.jpg 1536w, https:\/\/www.cidademarketing.com.br\/marketing\/wp-content\/uploads\/2022\/05\/Frame1_GM-2048x1152.jpg 2048w, https:\/\/www.cidademarketing.com.br\/marketing\/wp-content\/uploads\/2022\/05\/Frame1_GM-640x360.jpg 640w, https:\/\/www.cidademarketing.com.br\/marketing\/wp-content\/uploads\/2022\/05\/Frame1_GM-681x383.jpg 681w\" sizes=\"(max-width: 747px) 100vw, 747px\" alt=\"\">\r\n                            <\/a>\r\n                            \r\n                        <\/figure>\r\n                    <\/div>\r\n                    <div class = \"td-slide-item td-item2\">\r\n                        <figure class=\"td-slide-galery-figure td-slide-popup-gallery\">\r\n                            <a class=\"slide-gallery-image-link\" href=\"https:\/\/www.cidademarketing.com.br\/marketing\/wp-content\/uploads\/2022\/05\/Frame2_GM-scaled.jpg\" title=\"Frame2_GM\"  data-caption=\"\"  data-description=\"\">\r\n                                <img decoding=\"async\" src=\"https:\/\/www.cidademarketing.com.br\/marketing\/wp-content\/uploads\/2022\/05\/Frame2_GM-747x420.jpg\" srcset=\"https:\/\/www.cidademarketing.com.br\/marketing\/wp-content\/uploads\/2022\/05\/Frame2_GM-747x420.jpg 747w, https:\/\/www.cidademarketing.com.br\/marketing\/wp-content\/uploads\/2022\/05\/Frame2_GM-300x169.jpg 300w, https:\/\/www.cidademarketing.com.br\/marketing\/wp-content\/uploads\/2022\/05\/Frame2_GM-1024x576.jpg 1024w, https:\/\/www.cidademarketing.com.br\/marketing\/wp-content\/uploads\/2022\/05\/Frame2_GM-768x432.jpg 768w, https:\/\/www.cidademarketing.com.br\/marketing\/wp-content\/uploads\/2022\/05\/Frame2_GM-1536x864.jpg 1536w, https:\/\/www.cidademarketing.com.br\/marketing\/wp-content\/uploads\/2022\/05\/Frame2_GM-2048x1152.jpg 2048w, https:\/\/www.cidademarketing.com.br\/marketing\/wp-content\/uploads\/2022\/05\/Frame2_GM-640x360.jpg 640w, https:\/\/www.cidademarketing.com.br\/marketing\/wp-content\/uploads\/2022\/05\/Frame2_GM-681x383.jpg 681w\" sizes=\"(max-width: 747px) 100vw, 747px\" alt=\"\">\r\n                            <\/a>\r\n                            \r\n                        <\/figure>\r\n                    <\/div>\r\n                    <div class = \"td-slide-item td-item3\">\r\n                        <figure class=\"td-slide-galery-figure td-slide-popup-gallery\">\r\n                            <a class=\"slide-gallery-image-link\" href=\"https:\/\/www.cidademarketing.com.br\/marketing\/wp-content\/uploads\/2022\/05\/Frame3_GM-scaled.jpg\" title=\"Frame3_GM\"  data-caption=\"\"  data-description=\"\">\r\n                                <img decoding=\"async\" src=\"https:\/\/www.cidademarketing.com.br\/marketing\/wp-content\/uploads\/2022\/05\/Frame3_GM-747x420.jpg\" srcset=\"https:\/\/www.cidademarketing.com.br\/marketing\/wp-content\/uploads\/2022\/05\/Frame3_GM-747x420.jpg 747w, https:\/\/www.cidademarketing.com.br\/marketing\/wp-content\/uploads\/2022\/05\/Frame3_GM-300x169.jpg 300w, https:\/\/www.cidademarketing.com.br\/marketing\/wp-content\/uploads\/2022\/05\/Frame3_GM-1024x576.jpg 1024w, https:\/\/www.cidademarketing.com.br\/marketing\/wp-content\/uploads\/2022\/05\/Frame3_GM-768x432.jpg 768w, https:\/\/www.cidademarketing.com.br\/marketing\/wp-content\/uploads\/2022\/05\/Frame3_GM-1536x864.jpg 1536w, https:\/\/www.cidademarketing.com.br\/marketing\/wp-content\/uploads\/2022\/05\/Frame3_GM-2048x1152.jpg 2048w, https:\/\/www.cidademarketing.com.br\/marketing\/wp-content\/uploads\/2022\/05\/Frame3_GM-640x360.jpg 640w, https:\/\/www.cidademarketing.com.br\/marketing\/wp-content\/uploads\/2022\/05\/Frame3_GM-681x383.jpg 681w\" sizes=\"(max-width: 747px) 100vw, 747px\" alt=\"\">\r\n                            <\/a>\r\n                            \r\n                        <\/figure>\r\n                    <\/div>\r\n                            <\/div>\r\n                        <\/div>\r\n\r\n                        <div class = \"td-doubleSlider-2\">\r\n                            <div class = \"td-slider\">\r\n                                \r\n                    <div class = \"td-button td-item1\">\r\n                        <div class = \"td-border\"><\/div>\r\n                    <\/div>\r\n                    <div class = \"td-button td-item2\">\r\n                        <div class = \"td-border\"><\/div>\r\n                    <\/div>\r\n                    <div class = \"td-button td-item3\">\r\n                        <div class = \"td-border\"><\/div>\r\n                    <\/div>\r\n                            <\/div>\r\n                        <\/div>\r\n\r\n                    <\/div>\r\n\r\n                <\/div>\r\n                \n<p>Com o conceito \u201cNesse Dia das M\u00e3es. Encontre inspira\u00e7\u00e3o. Encontre novos caminhos\u201d, a campanha assinada pela Commonwealth\/\/McCann, divis\u00e3o da WMcCann para atendimento exclusivo \u00e0 Chevrolet, mostra a rela\u00e7\u00e3o da Andreia com sua filha, em seus momentos juntas, em especial a carona do dia a dia. No filme, as duas cantam juntas, celebram a conquista e ressaltam valores como a liberdade, inclus\u00e3o e respeito. Al\u00e9m de homenagear as m\u00e3es brasileiras que enfrentam in\u00fameros desafios para criarem seus filhos, o objetivo da campanha \u00e9 tamb\u00e9m encorajar as pessoas com S\u00edndrome de Down a dirigir e a exercerem sua liberdade.<\/p>\n<p>\u201cA Chevrolet entende que o carinho de uma m\u00e3e faz a diferen\u00e7a na hora de impulsionar os filhos rumo \u00e0s grandes realiza\u00e7\u00f5es. Foi isso que buscamos retratar nessa iniciativa, ao contar a hist\u00f3ria da Andreia e Laura. E sabemos que as pessoas com S\u00edndrome de Down querem fazer suas pr\u00f3prias escolhas e encontrar o seu pr\u00f3prio caminho. Esperamos que a a\u00e7\u00e3o ajude a inspirar outras pessoas\u201d, diz Federico Wassermann, Gerente de Marketing da GM Am\u00e9rica do Sul.<\/p>\n<p>Com estrat\u00e9gia de m\u00eddia digital da Isobar, a dentsu Company, a campanha entrou no ar neste domingo (08) com materiais especiais para redes sociais, incluindo pe\u00e7as em que a Chevrolet promove um test-drive com a influenciadora, acompanhando sua rotina e posts contando a hist\u00f3ria de como Laura tirou a carteira de motorista, seus desafios e conquistas.<\/p>\n<div class=\"youtube-embed\" data-video_id=\"TQou73JBrlI\"><iframe title=\"Dia das M\u00e3es - Pra quem inspira novos caminhos\" width=\"640\" height=\"360\" src=\"https:\/\/www.youtube.com\/embed\/TQou73JBrlI?feature=oembed&#038;enablejsapi=1\" frameborder=\"0\" allow=\"accelerometer; autoplay; clipboard-write; encrypted-media; gyroscope; picture-in-picture; web-share\" referrerpolicy=\"strict-origin-when-cross-origin\" allowfullscreen><\/iframe><\/div>\n<p>&nbsp;<\/p>\n<p><strong>Ficha T\u00e9cnica:<\/strong><\/p>\n<p>Ag\u00eancia: WmcCann\/Commonwealth <strong><br \/>\n<\/strong>Cliente: Chevrolet<\/p>\n<p>Produto: Institucional<br \/>\nNome da campanha: Dia das M\u00e3es<\/p>\n<p>Time do Cliente: Hermann Mahnke, Federico Wassermann, Felipe Silva e Pamela Mour\u00e3o<\/p>\n<p>CEO: Andr\u00e9 Fran\u00e7a<\/p>\n<p>CCO: Hugo Rodrigues e Mariana S\u00e1<\/p>\n<p>VP executivo e diretor-geral da WMcCann SP: Vitor Lieff<\/p>\n<p>Diretores de Cria\u00e7\u00e3o: Fernando Penteado e Eric Sulzer<\/p>\n<p>Cria\u00e7\u00e3o: Tiago Cordeiro e Pedro Silva<\/p>\n<p>COO &amp; CSO: Renata Bokel<\/p>\n<p>Diretor de Planejamento: Eduardo Cabral<\/p>\n<p>Diretora de conte\u00fado: Patr\u00edcia Colombo<\/p>\n<p>Conte\u00fado: Monikhe Menezes, Larissa Ara\u00fajo, Wenderson Fran\u00e7a, Kimberly Dailher e Jennifer Marinho<\/p>\n<p>Diretor de neg\u00f3cios: Danilo Ken<\/p>\n<p>Atendimento: Joana Campanelli e Henrique Tavares<\/p>\n<p>VP de M\u00eddia: F\u00e1bio Urbanas<\/p>\n<p>M\u00eddia: Guilherme Silva, Anita Barcellos, Bruno Alves, Beatriz Lindner, Murilo Amaral, Wallace Rodrigues<\/p>\n<p>BI: Paulo Shindi, Felipe Borges, Thiago Tiuzzi, F\u00e1bio Oliveira, Eduardo Faustino, Gabriela Vaz, Camila Oliveira, Paulo Pancheri<\/p>\n<p>Diretora Geral de Produ\u00e7\u00e3o: Camila Naito<\/p>\n<p>Produ\u00e7\u00e3o Integrada: Monica Andrade, Tina Carlos, Amanda J\u00f3ia, Mariana Resende, Beatriz Moreira e Paula Butler<\/p>\n<p>Produtora Filme: Bravo Film Company<\/p>\n<p>Dire\u00e7\u00e3o: J.Brivilati<br \/>\n1AD: Jose Peroza<\/p>\n<p>Diretor de Fotografia: J.Brivilati<\/p>\n<p>1AC: Andr\u00e9 Sabbag<\/p>\n<p>2AC: Marcelo Sim\u00f5es<\/p>\n<p>Produ\u00e7\u00e3o Executiva: Bia Basilio<\/p>\n<p>Coordena\u00e7\u00e3o de Produ\u00e7\u00e3o: Nubra GSanches<\/p>\n<p>Dire\u00e7\u00e3o de Produ\u00e7\u00e3o: Marcos Aquino<\/p>\n<p>Figurino: Ana Lima<\/p>\n<p>Maquiagem: Ariadne Dinhani<\/p>\n<p>Arte: Claudia Cologni<\/p>\n<p>Coordena\u00e7\u00e3o de P\u00f3s Produ\u00e7\u00e3o: Ana Dolfini<\/p>\n<p>Editor\/Montador: Ana Dolfini<\/p>\n<p>Diretora Financeira: M\u00f4nica Gaibina<\/p>\n<p>Assistente Administrativo: Everton Freitas<\/p>\n<p>Produtora de som: AudioBoutique<\/p>\n<p>Diretor Musical: Louren\u00e7o Rolon Jr<\/p>\n<p>Composi\u00e7\u00e3o e Produ\u00e7\u00e3o Musical: Andr\u00e9 Whoong<\/p>\n<p>Atendimento: Luciana Albuquerque<\/p>\n<p>Rela\u00e7\u00f5es P\u00fablicas: Kerena Neves e Giulia Camargo<\/p>\n<p><strong>M\u00eddia: Ag\u00eancia Isobar \u2013 Dentsu Company<\/strong><\/p>\n<p>Estrat\u00e9gia Digital de Campanha<br \/>\nCEO: Ana Le\u00e3o<br \/>\nCSO: Alo\u00edsio Pinto<br \/>\nPlanejamento: Felipe Volpintesta, Luis Menezes, Caio Delgado<br \/>\nTecnologia e inova\u00e7\u00e3o: Eric Scapim, Lucas Conchetto<br \/>\nNeg\u00f3cios: Fernanda Marin, Ana Paula Thurler, Jo\u00e3o Godoy, Rafaela Ferreira<br \/>\nProjetos: Moyra Esteves<br \/>\nM\u00eddia: Fl\u00e1vio Leite, Adriana Druck, Douglas Souza, Amandha Cardoso, Caio Miranda<br \/>\nBI: Vitor Moura e Gabriela Paiva<\/p>\n<p><iframe style=\"width: 100%; max-width: 660px; overflow: hidden; background: transparent;\" src=\"https:\/\/embed.podcasts.apple.com\/br\/podcast\/podcast-cidademarketing\/id1371923283\" height=\"450\" frameborder=\"0\" sandbox=\"allow-forms allow-popups allow-same-origin allow-scripts allow-storage-access-by-user-activation allow-top-navigation-by-user-activation\"><\/iframe><\/p>\n","protected":false},"excerpt":{"rendered":"<p>Pensando em homenagear as diferentes m\u00e3es brasileiras que ajudam, todos os dias, seus filhos a encontrarem novos caminhos para seguir, a nova campanha da Chevrolet conta a tocante hist\u00f3ria da influenciadora Laura Sim\u00f5es. Nascida com S\u00edndrome de Down, a influenciadora, de 20 anos, contou com todo o apoio da sua m\u00e3e para tirar sua Carteira [&hellip;]<\/p>\n","protected":false},"author":1,"featured_media":36090,"comment_status":"open","ping_status":"open","sticky":false,"template":"","format":"standard","meta":{"tdm_status":"","tdm_grid_status":"","footnotes":""},"categories":[14],"tags":[65,315,1737,33,28,66],"class_list":["post-36087","post","type-post","status-publish","format-standard","has-post-thumbnail","hentry","category-videos","tag-campanha","tag-chevrolet","tag-dia-das-maes","tag-estrategia","tag-marketing","tag-propaganda"],"yoast_head":"<!-- This site is optimized with the Yoast SEO plugin v27.5 - https:\/\/yoast.com\/product\/yoast-seo-wordpress\/ -->\n<title>Neste M\u00eas das M\u00e3es, Chevrolet conta uma emocionante hist\u00f3ria de inclus\u00e3o e conquista da t\u00e3o desejada CNH - CidadeMarketing<\/title>\n<meta name=\"robots\" content=\"index, follow, max-snippet:-1, max-image-preview:large, max-video-preview:-1\" \/>\n<link rel=\"canonical\" href=\"https:\/\/www.cidademarketing.com.br\/marketing\/2022\/05\/09\/neste-mes-das-maes-chevrolet-conta-uma-emocionante-historia-de-inclusao-e-conquista-da-tao-desejada-cnh\/\" \/>\n<meta property=\"og:locale\" content=\"pt_BR\" \/>\n<meta property=\"og:type\" content=\"article\" \/>\n<meta property=\"og:title\" content=\"Neste M\u00eas das M\u00e3es, Chevrolet conta uma emocionante hist\u00f3ria de inclus\u00e3o e conquista da t\u00e3o desejada CNH - CidadeMarketing\" \/>\n<meta property=\"og:description\" content=\"Pensando em homenagear as diferentes m\u00e3es brasileiras que ajudam, todos os dias, seus filhos a encontrarem novos caminhos para seguir, a nova campanha da Chevrolet conta a tocante hist\u00f3ria da influenciadora Laura Sim\u00f5es. Nascida com S\u00edndrome de Down, a influenciadora, de 20 anos, contou com todo o apoio da sua m\u00e3e para tirar sua Carteira [&hellip;]\" \/>\n<meta property=\"og:url\" content=\"https:\/\/www.cidademarketing.com.br\/marketing\/2022\/05\/09\/neste-mes-das-maes-chevrolet-conta-uma-emocionante-historia-de-inclusao-e-conquista-da-tao-desejada-cnh\/\" \/>\n<meta property=\"og:site_name\" content=\"CidadeMarketing\" \/>\n<meta property=\"article:publisher\" content=\"https:\/\/www.facebook.com\/portalcidademarketing\" \/>\n<meta property=\"article:author\" content=\"https:\/\/www.facebook.com\/thalesbrandao\" \/>\n<meta property=\"article:published_time\" content=\"2022-05-09T13:59:53+00:00\" \/>\n<meta property=\"og:image\" content=\"https:\/\/www.cidademarketing.com.br\/marketing\/wp-content\/uploads\/2022\/05\/Frame3_GM-scaled.jpg\" \/>\n\t<meta property=\"og:image:width\" content=\"2560\" \/>\n\t<meta property=\"og:image:height\" content=\"1440\" \/>\n\t<meta property=\"og:image:type\" content=\"image\/jpeg\" \/>\n<meta name=\"author\" content=\"Thales Brand\u00e3o\" \/>\n<meta name=\"twitter:card\" content=\"summary_large_image\" \/>\n<meta name=\"twitter:creator\" content=\"@http:\/\/www.twitter.com\/thalesbrandao\" \/>\n<meta name=\"twitter:site\" content=\"@CidadeMarketing\" \/>\n<meta name=\"twitter:label1\" content=\"Escrito por\" \/>\n\t<meta name=\"twitter:data1\" content=\"Thales Brand\u00e3o\" \/>\n\t<meta name=\"twitter:label2\" content=\"Est. tempo de leitura\" \/>\n\t<meta name=\"twitter:data2\" content=\"4 minutos\" \/>\n<script type=\"application\/ld+json\" class=\"yoast-schema-graph\">{\"@context\":\"https:\\\/\\\/schema.org\",\"@graph\":[{\"@type\":\"Article\",\"@id\":\"https:\\\/\\\/www.cidademarketing.com.br\\\/marketing\\\/2022\\\/05\\\/09\\\/neste-mes-das-maes-chevrolet-conta-uma-emocionante-historia-de-inclusao-e-conquista-da-tao-desejada-cnh\\\/#article\",\"isPartOf\":{\"@id\":\"https:\\\/\\\/www.cidademarketing.com.br\\\/marketing\\\/2022\\\/05\\\/09\\\/neste-mes-das-maes-chevrolet-conta-uma-emocionante-historia-de-inclusao-e-conquista-da-tao-desejada-cnh\\\/\"},\"author\":{\"name\":\"Thales Brand\u00e3o\",\"@id\":\"https:\\\/\\\/www.cidademarketing.com.br\\\/marketing\\\/#\\\/schema\\\/person\\\/02daff9f18bd9378c9e01eb6b2db155f\"},\"headline\":\"Neste M\u00eas das M\u00e3es, Chevrolet conta uma emocionante hist\u00f3ria de inclus\u00e3o e conquista da t\u00e3o desejada CNH\",\"datePublished\":\"2022-05-09T13:59:53+00:00\",\"mainEntityOfPage\":{\"@id\":\"https:\\\/\\\/www.cidademarketing.com.br\\\/marketing\\\/2022\\\/05\\\/09\\\/neste-mes-das-maes-chevrolet-conta-uma-emocionante-historia-de-inclusao-e-conquista-da-tao-desejada-cnh\\\/\"},\"wordCount\":751,\"commentCount\":0,\"publisher\":{\"@id\":\"https:\\\/\\\/www.cidademarketing.com.br\\\/marketing\\\/#organization\"},\"image\":{\"@id\":\"https:\\\/\\\/www.cidademarketing.com.br\\\/marketing\\\/2022\\\/05\\\/09\\\/neste-mes-das-maes-chevrolet-conta-uma-emocionante-historia-de-inclusao-e-conquista-da-tao-desejada-cnh\\\/#primaryimage\"},\"thumbnailUrl\":\"https:\\\/\\\/www.cidademarketing.com.br\\\/marketing\\\/wp-content\\\/uploads\\\/2022\\\/05\\\/Frame3_GM-scaled.jpg\",\"keywords\":[\"campanha\",\"Chevrolet\",\"Dia das M\u00e3es\",\"estrat\u00e9gia\",\"marketing\",\"propaganda\"],\"articleSection\":[\"Videos\"],\"inLanguage\":\"pt-BR\",\"potentialAction\":[{\"@type\":\"CommentAction\",\"name\":\"Comment\",\"target\":[\"https:\\\/\\\/www.cidademarketing.com.br\\\/marketing\\\/2022\\\/05\\\/09\\\/neste-mes-das-maes-chevrolet-conta-uma-emocionante-historia-de-inclusao-e-conquista-da-tao-desejada-cnh\\\/#respond\"]}]},{\"@type\":\"WebPage\",\"@id\":\"https:\\\/\\\/www.cidademarketing.com.br\\\/marketing\\\/2022\\\/05\\\/09\\\/neste-mes-das-maes-chevrolet-conta-uma-emocionante-historia-de-inclusao-e-conquista-da-tao-desejada-cnh\\\/\",\"url\":\"https:\\\/\\\/www.cidademarketing.com.br\\\/marketing\\\/2022\\\/05\\\/09\\\/neste-mes-das-maes-chevrolet-conta-uma-emocionante-historia-de-inclusao-e-conquista-da-tao-desejada-cnh\\\/\",\"name\":\"Neste M\u00eas das M\u00e3es, Chevrolet conta uma emocionante hist\u00f3ria de inclus\u00e3o e conquista da t\u00e3o desejada CNH - CidadeMarketing\",\"isPartOf\":{\"@id\":\"https:\\\/\\\/www.cidademarketing.com.br\\\/marketing\\\/#website\"},\"primaryImageOfPage\":{\"@id\":\"https:\\\/\\\/www.cidademarketing.com.br\\\/marketing\\\/2022\\\/05\\\/09\\\/neste-mes-das-maes-chevrolet-conta-uma-emocionante-historia-de-inclusao-e-conquista-da-tao-desejada-cnh\\\/#primaryimage\"},\"image\":{\"@id\":\"https:\\\/\\\/www.cidademarketing.com.br\\\/marketing\\\/2022\\\/05\\\/09\\\/neste-mes-das-maes-chevrolet-conta-uma-emocionante-historia-de-inclusao-e-conquista-da-tao-desejada-cnh\\\/#primaryimage\"},\"thumbnailUrl\":\"https:\\\/\\\/www.cidademarketing.com.br\\\/marketing\\\/wp-content\\\/uploads\\\/2022\\\/05\\\/Frame3_GM-scaled.jpg\",\"datePublished\":\"2022-05-09T13:59:53+00:00\",\"breadcrumb\":{\"@id\":\"https:\\\/\\\/www.cidademarketing.com.br\\\/marketing\\\/2022\\\/05\\\/09\\\/neste-mes-das-maes-chevrolet-conta-uma-emocionante-historia-de-inclusao-e-conquista-da-tao-desejada-cnh\\\/#breadcrumb\"},\"inLanguage\":\"pt-BR\",\"potentialAction\":[{\"@type\":\"ReadAction\",\"target\":[\"https:\\\/\\\/www.cidademarketing.com.br\\\/marketing\\\/2022\\\/05\\\/09\\\/neste-mes-das-maes-chevrolet-conta-uma-emocionante-historia-de-inclusao-e-conquista-da-tao-desejada-cnh\\\/\"]}]},{\"@type\":\"ImageObject\",\"inLanguage\":\"pt-BR\",\"@id\":\"https:\\\/\\\/www.cidademarketing.com.br\\\/marketing\\\/2022\\\/05\\\/09\\\/neste-mes-das-maes-chevrolet-conta-uma-emocionante-historia-de-inclusao-e-conquista-da-tao-desejada-cnh\\\/#primaryimage\",\"url\":\"https:\\\/\\\/www.cidademarketing.com.br\\\/marketing\\\/wp-content\\\/uploads\\\/2022\\\/05\\\/Frame3_GM-scaled.jpg\",\"contentUrl\":\"https:\\\/\\\/www.cidademarketing.com.br\\\/marketing\\\/wp-content\\\/uploads\\\/2022\\\/05\\\/Frame3_GM-scaled.jpg\",\"width\":2560,\"height\":1440},{\"@type\":\"BreadcrumbList\",\"@id\":\"https:\\\/\\\/www.cidademarketing.com.br\\\/marketing\\\/2022\\\/05\\\/09\\\/neste-mes-das-maes-chevrolet-conta-uma-emocionante-historia-de-inclusao-e-conquista-da-tao-desejada-cnh\\\/#breadcrumb\",\"itemListElement\":[{\"@type\":\"ListItem\",\"position\":1,\"name\":\"In\u00edcio\",\"item\":\"https:\\\/\\\/www.cidademarketing.com.br\\\/marketing\\\/\"},{\"@type\":\"ListItem\",\"position\":2,\"name\":\"Neste M\u00eas das M\u00e3es, Chevrolet conta uma emocionante hist\u00f3ria de inclus\u00e3o e conquista da t\u00e3o desejada CNH\"}]},{\"@type\":\"WebSite\",\"@id\":\"https:\\\/\\\/www.cidademarketing.com.br\\\/marketing\\\/#website\",\"url\":\"https:\\\/\\\/www.cidademarketing.com.br\\\/marketing\\\/\",\"name\":\"CidadeMarketing\",\"description\":\"Somos um ve\u00edculo de comunica\u00e7\u00e3o de destaque no Brasil, reconhecido por conte\u00fados nos segmentos de marketing, empreendedorismo e inova\u00e7\u00e3o.\",\"publisher\":{\"@id\":\"https:\\\/\\\/www.cidademarketing.com.br\\\/marketing\\\/#organization\"},\"alternateName\":\"CidadeMarketing\",\"potentialAction\":[{\"@type\":\"SearchAction\",\"target\":{\"@type\":\"EntryPoint\",\"urlTemplate\":\"https:\\\/\\\/www.cidademarketing.com.br\\\/marketing\\\/?s={search_term_string}\"},\"query-input\":{\"@type\":\"PropertyValueSpecification\",\"valueRequired\":true,\"valueName\":\"search_term_string\"}}],\"inLanguage\":\"pt-BR\"},{\"@type\":\"Organization\",\"@id\":\"https:\\\/\\\/www.cidademarketing.com.br\\\/marketing\\\/#organization\",\"name\":\"CidadeMarketing\",\"alternateName\":\"CidadeMarketing\",\"url\":\"https:\\\/\\\/www.cidademarketing.com.br\\\/marketing\\\/\",\"logo\":{\"@type\":\"ImageObject\",\"inLanguage\":\"pt-BR\",\"@id\":\"https:\\\/\\\/www.cidademarketing.com.br\\\/marketing\\\/#\\\/schema\\\/logo\\\/image\\\/\",\"url\":\"https:\\\/\\\/www.cidademarketing.com.br\\\/marketing\\\/wp-content\\\/uploads\\\/2020\\\/01\\\/cidademarketing_marca_mobile.png\",\"contentUrl\":\"https:\\\/\\\/www.cidademarketing.com.br\\\/marketing\\\/wp-content\\\/uploads\\\/2020\\\/01\\\/cidademarketing_marca_mobile.png\",\"width\":230,\"height\":92,\"caption\":\"CidadeMarketing\"},\"image\":{\"@id\":\"https:\\\/\\\/www.cidademarketing.com.br\\\/marketing\\\/#\\\/schema\\\/logo\\\/image\\\/\"},\"sameAs\":[\"https:\\\/\\\/www.facebook.com\\\/portalcidademarketing\",\"https:\\\/\\\/x.com\\\/CidadeMarketing\",\"https:\\\/\\\/www.instagram.com\\\/cidademarketing\\\/\"]},{\"@type\":\"Person\",\"@id\":\"https:\\\/\\\/www.cidademarketing.com.br\\\/marketing\\\/#\\\/schema\\\/person\\\/02daff9f18bd9378c9e01eb6b2db155f\",\"name\":\"Thales Brand\u00e3o\",\"image\":{\"@type\":\"ImageObject\",\"inLanguage\":\"pt-BR\",\"@id\":\"https:\\\/\\\/secure.gravatar.com\\\/avatar\\\/7ca3206950207cc3cb48feec56a8a7898741ab725c368d99d5d7a5a50aab80c6?s=96&d=mm&r=g\",\"url\":\"https:\\\/\\\/secure.gravatar.com\\\/avatar\\\/7ca3206950207cc3cb48feec56a8a7898741ab725c368d99d5d7a5a50aab80c6?s=96&d=mm&r=g\",\"contentUrl\":\"https:\\\/\\\/secure.gravatar.com\\\/avatar\\\/7ca3206950207cc3cb48feec56a8a7898741ab725c368d99d5d7a5a50aab80c6?s=96&d=mm&r=g\",\"caption\":\"Thales Brand\u00e3o\"},\"description\":\"Editor Executivo do Portal CidadeMarketing.com.br &gt; Mestre em Comunica\u00e7\u00e3o e Sociedade pela Universidade Federal de Sergipe. Possui MBA Executivo em Administra\u00e7\u00e3o com \u00eanfase em Marketing pela Funda\u00e7\u00e3o Get\u00falio Vargas - Rio de Janeiro. Consultor, Palestrante e Pesquisador sobre Empreendedorismo, Marketing, Redes Sociais e Neg\u00f3cios Digitais. Professor, Palestrante TedxTalks e Campus Party. Twitter: @ThalesBrandao\",\"sameAs\":[\"http:\\\/\\\/www.mandacaru.com.br\",\"https:\\\/\\\/www.facebook.com\\\/thalesbrandao\",\"http:\\\/\\\/www.instagram.com.br\\\/thalesbrandaoferreira\",\"https:\\\/\\\/www.linkedin.com\\\/in\\\/thales-brand\u00e3o-3948609\\\/\",\"https:\\\/\\\/x.com\\\/http:\\\/\\\/www.twitter.com\\\/thalesbrandao\"],\"url\":\"https:\\\/\\\/www.cidademarketing.com.br\\\/marketing\\\/author\\\/thalesbrandao\\\/\"}]}<\/script>\n<!-- \/ Yoast SEO plugin. -->","yoast_head_json":{"title":"Neste M\u00eas das M\u00e3es, Chevrolet conta uma emocionante hist\u00f3ria de inclus\u00e3o e conquista da t\u00e3o desejada CNH - CidadeMarketing","robots":{"index":"index","follow":"follow","max-snippet":"max-snippet:-1","max-image-preview":"max-image-preview:large","max-video-preview":"max-video-preview:-1"},"canonical":"https:\/\/www.cidademarketing.com.br\/marketing\/2022\/05\/09\/neste-mes-das-maes-chevrolet-conta-uma-emocionante-historia-de-inclusao-e-conquista-da-tao-desejada-cnh\/","og_locale":"pt_BR","og_type":"article","og_title":"Neste M\u00eas das M\u00e3es, Chevrolet conta uma emocionante hist\u00f3ria de inclus\u00e3o e conquista da t\u00e3o desejada CNH - CidadeMarketing","og_description":"Pensando em homenagear as diferentes m\u00e3es brasileiras que ajudam, todos os dias, seus filhos a encontrarem novos caminhos para seguir, a nova campanha da Chevrolet conta a tocante hist\u00f3ria da influenciadora Laura Sim\u00f5es. Nascida com S\u00edndrome de Down, a influenciadora, de 20 anos, contou com todo o apoio da sua m\u00e3e para tirar sua Carteira [&hellip;]","og_url":"https:\/\/www.cidademarketing.com.br\/marketing\/2022\/05\/09\/neste-mes-das-maes-chevrolet-conta-uma-emocionante-historia-de-inclusao-e-conquista-da-tao-desejada-cnh\/","og_site_name":"CidadeMarketing","article_publisher":"https:\/\/www.facebook.com\/portalcidademarketing","article_author":"https:\/\/www.facebook.com\/thalesbrandao","article_published_time":"2022-05-09T13:59:53+00:00","og_image":[{"width":2560,"height":1440,"url":"https:\/\/www.cidademarketing.com.br\/marketing\/wp-content\/uploads\/2022\/05\/Frame3_GM-scaled.jpg","type":"image\/jpeg"}],"author":"Thales Brand\u00e3o","twitter_card":"summary_large_image","twitter_creator":"@http:\/\/www.twitter.com\/thalesbrandao","twitter_site":"@CidadeMarketing","twitter_misc":{"Escrito por":"Thales Brand\u00e3o","Est. tempo de leitura":"4 minutos"},"schema":{"@context":"https:\/\/schema.org","@graph":[{"@type":"Article","@id":"https:\/\/www.cidademarketing.com.br\/marketing\/2022\/05\/09\/neste-mes-das-maes-chevrolet-conta-uma-emocionante-historia-de-inclusao-e-conquista-da-tao-desejada-cnh\/#article","isPartOf":{"@id":"https:\/\/www.cidademarketing.com.br\/marketing\/2022\/05\/09\/neste-mes-das-maes-chevrolet-conta-uma-emocionante-historia-de-inclusao-e-conquista-da-tao-desejada-cnh\/"},"author":{"name":"Thales Brand\u00e3o","@id":"https:\/\/www.cidademarketing.com.br\/marketing\/#\/schema\/person\/02daff9f18bd9378c9e01eb6b2db155f"},"headline":"Neste M\u00eas das M\u00e3es, Chevrolet conta uma emocionante hist\u00f3ria de inclus\u00e3o e conquista da t\u00e3o desejada CNH","datePublished":"2022-05-09T13:59:53+00:00","mainEntityOfPage":{"@id":"https:\/\/www.cidademarketing.com.br\/marketing\/2022\/05\/09\/neste-mes-das-maes-chevrolet-conta-uma-emocionante-historia-de-inclusao-e-conquista-da-tao-desejada-cnh\/"},"wordCount":751,"commentCount":0,"publisher":{"@id":"https:\/\/www.cidademarketing.com.br\/marketing\/#organization"},"image":{"@id":"https:\/\/www.cidademarketing.com.br\/marketing\/2022\/05\/09\/neste-mes-das-maes-chevrolet-conta-uma-emocionante-historia-de-inclusao-e-conquista-da-tao-desejada-cnh\/#primaryimage"},"thumbnailUrl":"https:\/\/www.cidademarketing.com.br\/marketing\/wp-content\/uploads\/2022\/05\/Frame3_GM-scaled.jpg","keywords":["campanha","Chevrolet","Dia das M\u00e3es","estrat\u00e9gia","marketing","propaganda"],"articleSection":["Videos"],"inLanguage":"pt-BR","potentialAction":[{"@type":"CommentAction","name":"Comment","target":["https:\/\/www.cidademarketing.com.br\/marketing\/2022\/05\/09\/neste-mes-das-maes-chevrolet-conta-uma-emocionante-historia-de-inclusao-e-conquista-da-tao-desejada-cnh\/#respond"]}]},{"@type":"WebPage","@id":"https:\/\/www.cidademarketing.com.br\/marketing\/2022\/05\/09\/neste-mes-das-maes-chevrolet-conta-uma-emocionante-historia-de-inclusao-e-conquista-da-tao-desejada-cnh\/","url":"https:\/\/www.cidademarketing.com.br\/marketing\/2022\/05\/09\/neste-mes-das-maes-chevrolet-conta-uma-emocionante-historia-de-inclusao-e-conquista-da-tao-desejada-cnh\/","name":"Neste M\u00eas das M\u00e3es, Chevrolet conta uma emocionante hist\u00f3ria de inclus\u00e3o e conquista da t\u00e3o desejada CNH - CidadeMarketing","isPartOf":{"@id":"https:\/\/www.cidademarketing.com.br\/marketing\/#website"},"primaryImageOfPage":{"@id":"https:\/\/www.cidademarketing.com.br\/marketing\/2022\/05\/09\/neste-mes-das-maes-chevrolet-conta-uma-emocionante-historia-de-inclusao-e-conquista-da-tao-desejada-cnh\/#primaryimage"},"image":{"@id":"https:\/\/www.cidademarketing.com.br\/marketing\/2022\/05\/09\/neste-mes-das-maes-chevrolet-conta-uma-emocionante-historia-de-inclusao-e-conquista-da-tao-desejada-cnh\/#primaryimage"},"thumbnailUrl":"https:\/\/www.cidademarketing.com.br\/marketing\/wp-content\/uploads\/2022\/05\/Frame3_GM-scaled.jpg","datePublished":"2022-05-09T13:59:53+00:00","breadcrumb":{"@id":"https:\/\/www.cidademarketing.com.br\/marketing\/2022\/05\/09\/neste-mes-das-maes-chevrolet-conta-uma-emocionante-historia-de-inclusao-e-conquista-da-tao-desejada-cnh\/#breadcrumb"},"inLanguage":"pt-BR","potentialAction":[{"@type":"ReadAction","target":["https:\/\/www.cidademarketing.com.br\/marketing\/2022\/05\/09\/neste-mes-das-maes-chevrolet-conta-uma-emocionante-historia-de-inclusao-e-conquista-da-tao-desejada-cnh\/"]}]},{"@type":"ImageObject","inLanguage":"pt-BR","@id":"https:\/\/www.cidademarketing.com.br\/marketing\/2022\/05\/09\/neste-mes-das-maes-chevrolet-conta-uma-emocionante-historia-de-inclusao-e-conquista-da-tao-desejada-cnh\/#primaryimage","url":"https:\/\/www.cidademarketing.com.br\/marketing\/wp-content\/uploads\/2022\/05\/Frame3_GM-scaled.jpg","contentUrl":"https:\/\/www.cidademarketing.com.br\/marketing\/wp-content\/uploads\/2022\/05\/Frame3_GM-scaled.jpg","width":2560,"height":1440},{"@type":"BreadcrumbList","@id":"https:\/\/www.cidademarketing.com.br\/marketing\/2022\/05\/09\/neste-mes-das-maes-chevrolet-conta-uma-emocionante-historia-de-inclusao-e-conquista-da-tao-desejada-cnh\/#breadcrumb","itemListElement":[{"@type":"ListItem","position":1,"name":"In\u00edcio","item":"https:\/\/www.cidademarketing.com.br\/marketing\/"},{"@type":"ListItem","position":2,"name":"Neste M\u00eas das M\u00e3es, Chevrolet conta uma emocionante hist\u00f3ria de inclus\u00e3o e conquista da t\u00e3o desejada CNH"}]},{"@type":"WebSite","@id":"https:\/\/www.cidademarketing.com.br\/marketing\/#website","url":"https:\/\/www.cidademarketing.com.br\/marketing\/","name":"CidadeMarketing","description":"Somos um ve\u00edculo de comunica\u00e7\u00e3o de destaque no Brasil, reconhecido por conte\u00fados nos segmentos de marketing, empreendedorismo e inova\u00e7\u00e3o.","publisher":{"@id":"https:\/\/www.cidademarketing.com.br\/marketing\/#organization"},"alternateName":"CidadeMarketing","potentialAction":[{"@type":"SearchAction","target":{"@type":"EntryPoint","urlTemplate":"https:\/\/www.cidademarketing.com.br\/marketing\/?s={search_term_string}"},"query-input":{"@type":"PropertyValueSpecification","valueRequired":true,"valueName":"search_term_string"}}],"inLanguage":"pt-BR"},{"@type":"Organization","@id":"https:\/\/www.cidademarketing.com.br\/marketing\/#organization","name":"CidadeMarketing","alternateName":"CidadeMarketing","url":"https:\/\/www.cidademarketing.com.br\/marketing\/","logo":{"@type":"ImageObject","inLanguage":"pt-BR","@id":"https:\/\/www.cidademarketing.com.br\/marketing\/#\/schema\/logo\/image\/","url":"https:\/\/www.cidademarketing.com.br\/marketing\/wp-content\/uploads\/2020\/01\/cidademarketing_marca_mobile.png","contentUrl":"https:\/\/www.cidademarketing.com.br\/marketing\/wp-content\/uploads\/2020\/01\/cidademarketing_marca_mobile.png","width":230,"height":92,"caption":"CidadeMarketing"},"image":{"@id":"https:\/\/www.cidademarketing.com.br\/marketing\/#\/schema\/logo\/image\/"},"sameAs":["https:\/\/www.facebook.com\/portalcidademarketing","https:\/\/x.com\/CidadeMarketing","https:\/\/www.instagram.com\/cidademarketing\/"]},{"@type":"Person","@id":"https:\/\/www.cidademarketing.com.br\/marketing\/#\/schema\/person\/02daff9f18bd9378c9e01eb6b2db155f","name":"Thales Brand\u00e3o","image":{"@type":"ImageObject","inLanguage":"pt-BR","@id":"https:\/\/secure.gravatar.com\/avatar\/7ca3206950207cc3cb48feec56a8a7898741ab725c368d99d5d7a5a50aab80c6?s=96&d=mm&r=g","url":"https:\/\/secure.gravatar.com\/avatar\/7ca3206950207cc3cb48feec56a8a7898741ab725c368d99d5d7a5a50aab80c6?s=96&d=mm&r=g","contentUrl":"https:\/\/secure.gravatar.com\/avatar\/7ca3206950207cc3cb48feec56a8a7898741ab725c368d99d5d7a5a50aab80c6?s=96&d=mm&r=g","caption":"Thales Brand\u00e3o"},"description":"Editor Executivo do Portal CidadeMarketing.com.br &gt; Mestre em Comunica\u00e7\u00e3o e Sociedade pela Universidade Federal de Sergipe. Possui MBA Executivo em Administra\u00e7\u00e3o com \u00eanfase em Marketing pela Funda\u00e7\u00e3o Get\u00falio Vargas - Rio de Janeiro. Consultor, Palestrante e Pesquisador sobre Empreendedorismo, Marketing, Redes Sociais e Neg\u00f3cios Digitais. Professor, Palestrante TedxTalks e Campus Party. Twitter: @ThalesBrandao","sameAs":["http:\/\/www.mandacaru.com.br","https:\/\/www.facebook.com\/thalesbrandao","http:\/\/www.instagram.com.br\/thalesbrandaoferreira","https:\/\/www.linkedin.com\/in\/thales-brand\u00e3o-3948609\/","https:\/\/x.com\/http:\/\/www.twitter.com\/thalesbrandao"],"url":"https:\/\/www.cidademarketing.com.br\/marketing\/author\/thalesbrandao\/"}]}},"amp_enabled":true,"_links":{"self":[{"href":"https:\/\/www.cidademarketing.com.br\/marketing\/wp-json\/wp\/v2\/posts\/36087","targetHints":{"allow":["GET"]}}],"collection":[{"href":"https:\/\/www.cidademarketing.com.br\/marketing\/wp-json\/wp\/v2\/posts"}],"about":[{"href":"https:\/\/www.cidademarketing.com.br\/marketing\/wp-json\/wp\/v2\/types\/post"}],"author":[{"embeddable":true,"href":"https:\/\/www.cidademarketing.com.br\/marketing\/wp-json\/wp\/v2\/users\/1"}],"replies":[{"embeddable":true,"href":"https:\/\/www.cidademarketing.com.br\/marketing\/wp-json\/wp\/v2\/comments?post=36087"}],"version-history":[{"count":1,"href":"https:\/\/www.cidademarketing.com.br\/marketing\/wp-json\/wp\/v2\/posts\/36087\/revisions"}],"predecessor-version":[{"id":36091,"href":"https:\/\/www.cidademarketing.com.br\/marketing\/wp-json\/wp\/v2\/posts\/36087\/revisions\/36091"}],"wp:featuredmedia":[{"embeddable":true,"href":"https:\/\/www.cidademarketing.com.br\/marketing\/wp-json\/wp\/v2\/media\/36090"}],"wp:attachment":[{"href":"https:\/\/www.cidademarketing.com.br\/marketing\/wp-json\/wp\/v2\/media?parent=36087"}],"wp:term":[{"taxonomy":"category","embeddable":true,"href":"https:\/\/www.cidademarketing.com.br\/marketing\/wp-json\/wp\/v2\/categories?post=36087"},{"taxonomy":"post_tag","embeddable":true,"href":"https:\/\/www.cidademarketing.com.br\/marketing\/wp-json\/wp\/v2\/tags?post=36087"}],"curies":[{"name":"wp","href":"https:\/\/api.w.org\/{rel}","templated":true}]}}