{"id":36079,"date":"2022-05-07T01:24:46","date_gmt":"2022-05-07T04:24:46","guid":{"rendered":"https:\/\/www.cidademarketing.com.br\/marketing\/?p=36079"},"modified":"2022-05-07T01:24:46","modified_gmt":"2022-05-07T04:24:46","slug":"pao-de-acucar-lanca-o-especial-almoco-de-dia-das-maes","status":"publish","type":"post","link":"https:\/\/www.cidademarketing.com.br\/marketing\/2022\/05\/07\/pao-de-acucar-lanca-o-especial-almoco-de-dia-das-maes\/","title":{"rendered":"P\u00e3o de A\u00e7\u00facar lan\u00e7a o Especial Almo\u00e7o de Dia das M\u00e3es"},"content":{"rendered":"<p><iframe style=\"border-radius: 12px;\" src=\"https:\/\/open.spotify.com\/embed\/show\/4khMKzP3FgFRWVwb73xicc?utm_source=generator&amp;t=0\" width=\"100%\" height=\"232\" frameborder=\"0\" allowfullscreen=\"allowfullscreen\"><\/iframe><br \/>\nDepois de dois anos de restri\u00e7\u00f5es, este Dia das M\u00e3es ser\u00e1 marcado pela possibilidade de abra\u00e7ar e celebrar juntinho das mulheres importantes que exercem o papel de m\u00e3e: m\u00e3es biol\u00f3gicas, m\u00e3es afetivas, av\u00f3s, madrinhas. Com os reencontros, o P\u00e3o de A\u00e7\u00facar preparou uma s\u00e9rie de a\u00e7\u00f5es em diferentes frentes para tornar esse dia ainda mais especial: nas redes sociais, ir\u00e1 trazer relatos e hist\u00f3rias reais e diversas de colaboradoras de loja que falar\u00e3o sobre a felicidade em poder ser m\u00e3e; al\u00e9m de uma corrente da felicidade com influenciadores; ainda, o P\u00e3o lan\u00e7a o Especial Almo\u00e7o de Dia das M\u00e3es, com menus completos para um almo\u00e7o pr\u00e1tico e saboroso dispon\u00edveis nas lojas de todo o Brasil.<\/p>\n<p>\u201cEste ano, vamos falar que felicidade pode ser passar o Dia das M\u00e3es juntinhos, porque sabemos que n\u00e3o tem nada melhor do que poder estar perto de quem a gente ama em um dia t\u00e3o especial e queremos enaltecer abra\u00e7os exagerados nas mulheres que cumprem o papel de m\u00e3es nas nossas vidas\u201d, diz Cleia Marquardt, Gerente de Marketing do P\u00e3o de A\u00e7\u00facar. \u201cAcreditamos no poder da comida para transmitir afeto e carinho e a gente sabe que o almo\u00e7o do domingo do Dia das M\u00e3es \u00e9 um momento \u00fanico, com a fam\u00edlia reunida em volta da mesa, e, por isso tamb\u00e9m vamos trazer o Especial Almo\u00e7o de Dia das M\u00e3es, com op\u00e7\u00f5es de pratos com muito sabor e com a qualidade e frescor que o P\u00e3o sempre oferece\u201d, complementa.<\/p>\n<p>Nas redes sociais, o P\u00e3o de A\u00e7\u00facar vai convidar colaboradoras das lojas para contarem hist\u00f3rias reais e diversas e falarem sobre a felicidade em poder ser m\u00e3e. J\u00e1 o Squad Felizeiros, grupo de influenciadores digitais parceiros da rede, ir\u00e1 participar da campanha com receitas e dicas da Rotisserie da rede. O squad ainda vai puxar uma corrente sobre a felicidade da data, convidando os seguidores a participarem com suas pr\u00f3prias hist\u00f3rias.<\/p>\n<p><strong>Especial Almo\u00e7o de Dia das M\u00e3es\u00a0<\/strong><\/p>\n<p><strong>\u00a0<\/strong>Para a data, a rede tamb\u00e9m lan\u00e7a o Especial Almo\u00e7o de Dia das M\u00e3es, com quatro op\u00e7\u00f5es de menus completos ou op\u00e7\u00f5es para personalizar o card\u00e1pio que pode ser encomendado pelo site do P\u00e3o de A\u00e7\u00facar, al\u00e9m de dicas de presentes. Ainda, conta com uma sele\u00e7\u00e3o exclusiva de vinhos e cervejas para presentear, como Cerveja Lagunitas IPA (355ml por R$ 8,99), Cerveja brasileira Baden Baden golden ale (600ml por R$ 11,99), vinho chileno tinto Santa Rita 120 merlot (750ml por R$ 54,99 ou R$ 49,90 para Cliente Mais), Espumante Chandon brut ou demi-sec (750ml por R$ 99,99 ou R$ 74,90 para Cliente Mais). O Especial Almo\u00e7o de Dia das M\u00e3es completo pode ser conferido no link: <u><a href=\"https:\/\/folhetos.paodeacucar.com\/especiais\/rotisserie-maes\/index.html\" target=\"_blank\" rel=\"noopener\">https:\/\/folhetos.paodeacucar.com\/especiais\/rotisserie-maes\/index.html<\/a><\/u>.<\/p>\n<p>Os consumidores podem comprar os menus completos ou montar sua pr\u00f3pria combina\u00e7\u00e3o de entrada, aperitivo e prato principal, al\u00e9m da sobremesa, por meio do card\u00e1pio completo do especial, diretamente na plataforma de encomendas da Rotisserie do P\u00e3o de A\u00e7\u00facar (<u><a href=\"https:\/\/www.paodeacucar.com\/cheftime\/encomendas\/categoria\/especial-maes\/menus-completos\" target=\"_blank\" rel=\"noopener\">https:\/\/www.paodeacucar.com\/cheftime\/encomendas\/categoria\/especial-maes\/menus-completos<\/a><\/u>) ou na loja mais pr\u00f3xima, com at\u00e9 48 horas de anteced\u00eancia. Depois basta retirar na Rotisserie da loja do P\u00e3o de A\u00e7\u00facar selecionada, na data e hor\u00e1rio agendados, com o n\u00famero do pedido. Nas compras acima de R$ 70 (em kits da Rotisserie, sobremesas da confeitaria, vinhos, destilados e itens de bazar), os clientes podem parcelar as compras em at\u00e9 8x sem juros no cart\u00e3o do P\u00e3o ou at\u00e9 6x sem juros nos demais cart\u00f5es.<\/p>\n<p>S\u00e3o quatro op\u00e7\u00f5es de menus completos: <strong>Menu Completo<\/strong> <strong>Feijoada<\/strong>, que serve 4 pessoas, com feijoada, arroz branco, farofa salgada, couve manteiga refogada e laranja descascada por R$ 39,90 ou R$ 35,90 para Cliente Mais (R$ 8,98 por pessoa); <strong>Menu Completo<\/strong> <strong>Vegetariano<\/strong>, serve 3 pessoas, composto por Lasanha feita de planta, Kibe feito de planta e caponata de berinjela, por R$ 78,99 ou R$ 69,90 para Cliente Mais (R$ 23,30 por pessoa); <strong>Menu Completo<\/strong> <strong>Frango Crocante<\/strong>, para 4 pessoas, com frango crocante da Dona Clau, quiche de alho por\u00f3, arroz de beterraba com am\u00eandoas, 6 copinhos de berinjela \u00e0 napolitana e salada oriental de gr\u00e3os por R$ 189,90 ou R$ 169,90 para Cliente Mais (R$ 28,32 por pessoa); e <strong>Menu Completo<\/strong> <strong>Pernil Su\u00edno<\/strong>, serve 6 pessoas, com pernil su\u00edno acebolado, batatas recheadas, arroz com tomate seco e mu\u00e7arela de b\u00fafala, e salada de maionese com frango, por R$ 269,90 ou R$ 239,99 para Cliente Mais (R$ 39,98 por pessoa).<\/p>\n<p>&nbsp;<\/p>\n<p><strong>Card\u00e1pio completo \u00a0<\/strong><\/p>\n<p>&nbsp;<\/p>\n<p><strong>Entradas<\/strong><strong>\u00a0<\/strong><\/p>\n<ul>\n<li>Salada de Maionese com Frango (100g) por R$4,99 ou R$4,49 para Cliente Mais<\/li>\n<li>Caponata Especial (100g) por R$8,99 ou R$7,99 para Cliente Mais<\/li>\n<li>Salada oriental de Gr\u00e3os (kg) por R$75,90 ou R$67,90 para Cliente Mais<\/li>\n<li>Bolinho de Bacalhau Portugu\u00eas (100g) por R$14,90 ou R$9,99 para Cliente Mais<\/li>\n<\/ul>\n<p>&nbsp;<\/p>\n<p><strong>Pratos principais\u00a0<\/strong><\/p>\n<ul>\n<li>Lasanha feita de planta (100g) por R$4,99 ou R$4,49 para Cliente Mais<\/li>\n<li>Pernil Su\u00edno Acebolado (100g) por R$19,99 ou R$17,99 para Cliente Mais<\/li>\n<li>Strudel de Salm\u00e3o (100g) por R$17,99 ou R$15,99 para Cliente Mais<\/li>\n<li>Arroz Cremoso de Pernil (kg) por R$49,90 ou R$44,90 para Cliente Mais<\/li>\n<li>Strudel Vegetariano de Espinafre e Cogumelos (kg) por R$149,90 ou R$135,90 para Cliente Mais<\/li>\n<li>Assado de Carne com Legumes (100g) por R$16,99 ou R$14,99 para Cliente Mais<\/li>\n<li>Kibe feito de planta (100g) por R$4,99 ou R$4,49 para Cliente Mais<\/li>\n<li>Rocambole feito de planta (100g) por R$7,99 ou R$6,99 para Cliente Mais<\/li>\n<li>Lasanha da Mama (100g) por R$4,99 ou R$4,49 para Cliente Mais<\/li>\n<li>Frango Crocante da Dona Clau (100g) por R$7,99 ou R$6,99 para Cliente Mais<\/li>\n<\/ul>\n<p>&nbsp;<\/p>\n<p><strong>Acompanhamentos\u00a0<\/strong><\/p>\n<ul>\n<li>Torta de palmito (100g) por R$4,99 ou R$4,49\u00a0para Cliente Mais<\/li>\n<li>Torta r\u00fastica de pernil (kg) por R$89,90 ou R$79,90\u00a0para Cliente Mais<\/li>\n<li>Arroz com tomate seco e mu\u00e7arela de b\u00fafala (100g) por R$5,99 ou R$5,39\u00a0para Cliente Mais<\/li>\n<li>Quiche Lorraine (100g) por R$6,99 ou R$6,29\u00a0para Cliente Mais<\/li>\n<li>Torta de frango (100g) por R$5,59 ou R$4,99\u00a0para Cliente Mais<\/li>\n<li>Quiche de Alo Por\u00f3 Especial (kg) por R$69,90 ou R$62,90\u00a0para Cliente Mais<\/li>\n<li>Copinho de berinjela \u00e0 napolitana (kg) R$79,90 ou R69,90\u00a0para Cliente Mais<\/li>\n<li>Arroz de beterraba com am\u00eandoas (kg) por R$49,90 ou R$44,90\u00a0para Cliente Mais<\/li>\n<li>Batatas recheadas (100g) por R$3,99 ou R$3,59\u00a0para Cliente Mais<\/li>\n<\/ul>\n<p>&nbsp;<\/p>\n<p><strong>Sobremesas\u00a0<\/strong><\/p>\n<ul>\n<li>Bolo trufado branco com morangos (kg) por R$79,90 ou R$69,99\u00a0para Cliente Mais<\/li>\n<li>Bolo Banoffe (kg) por R69,90 ou R$62,90\u00a0para Cliente Mais<\/li>\n<li>Meio Cora\u00e7\u00e3o Tenta\u00e7\u00e3o (400g) por R$39,90 ou R$35,90\u00a0para Cliente Mais<\/li>\n<li>Panacota de Frutas (100g) por R$5,99 ou R$5,39\u00a0para Cliente Mais<\/li>\n<li>Bolo Baba de Mo\u00e7a com Frutas (kg) por R$79,90 ou R$69,99\u00a0para Cliente Mais<\/li>\n<li>Meio Cora\u00e7\u00e3o Banoffe (400g) R$39,90 ou R$35,90\u00a0para Cliente Mais<\/li>\n<\/ul>\n<p>&nbsp;<\/p>\n<p><strong>Menus completos\u00a0<\/strong><\/p>\n<p><strong>Feijoada para 4 pessoas por R$ 39,90 ou R$\u00a035,90 para Cliente Mais (R$8,98 por pessoa)\u00a0<\/strong><\/p>\n<ul>\n<li>Feijoada (1kg)<\/li>\n<li>Arroz branco (600g)<\/li>\n<li>Farofa salgada (250g)<\/li>\n<li>Couve manteiga refogada (150g)<\/li>\n<li>Laranja descascada (100g)<\/li>\n<\/ul>\n<p>&nbsp;<\/p>\n<p><strong>Vegetariano para 3 pessoas por R$ 78,99 ou R$ 69,90 para Cliente Mais (R$23,30 por pessoa)\u00a0<\/strong><\/p>\n<ul>\n<li>Lasanha feita de planta (700g)<\/li>\n<li>Kibe feito de planta (220g)<\/li>\n<li>Caponata de berinjela (300g)<\/li>\n<\/ul>\n<p>&nbsp;<\/p>\n<p><strong>Frango Crocante<\/strong> <strong>para 4 pessoas por R$ 189,90 ou R$ 169,90 para Cliente Mais (R$28,32 por pessoa)<\/strong><strong>\u00a0<\/strong><\/p>\n<ul>\n<li>Frango crocante da Dona Clau (700g)<\/li>\n<li>Quiche de alho por\u00f3 (430g)<\/li>\n<li>Arroz de beterraba com am\u00eandoas (600g)<\/li>\n<li>Copinho de berinjela \u00e0 napolitana (6 unidades &#8211; 450g)<\/li>\n<li>Salada oriental de gr\u00e3os (600g)<\/li>\n<\/ul>\n<p>&nbsp;<\/p>\n<p><strong>Pernil Su\u00edno<\/strong> <strong>para 6 pessoas por R$ 269,90 ou R$ 239,99 para Cliente Mais (R$39,98 por pessoa)\u00a0<\/strong><\/p>\n<ul>\n<li>Pernil su\u00edno acebolado (800g)<\/li>\n<li>Batatas recheadas (800g)<\/li>\n<li>Arroz com tomate seco e mu\u00e7arela de b\u00fafala (600g)<\/li>\n<li>Salada de maionese com frango (600g)<\/li>\n<\/ul>\n<p><iframe style=\"width: 100%; max-width: 660px; overflow: hidden; background: transparent;\" src=\"https:\/\/embed.podcasts.apple.com\/br\/podcast\/podcast-cidademarketing\/id1371923283\" height=\"450\" frameborder=\"0\" sandbox=\"allow-forms allow-popups allow-same-origin allow-scripts allow-storage-access-by-user-activation allow-top-navigation-by-user-activation\"><\/iframe><\/p>\n","protected":false},"excerpt":{"rendered":"<p>Depois de dois anos de restri\u00e7\u00f5es, este Dia das M\u00e3es ser\u00e1 marcado pela possibilidade de abra\u00e7ar e celebrar juntinho das mulheres importantes que exercem o papel de m\u00e3e: m\u00e3es biol\u00f3gicas, m\u00e3es afetivas, av\u00f3s, madrinhas. Com os reencontros, o P\u00e3o de A\u00e7\u00facar preparou uma s\u00e9rie de a\u00e7\u00f5es em diferentes frentes para tornar esse dia ainda mais [&hellip;]<\/p>\n","protected":false},"author":1,"featured_media":36080,"comment_status":"open","ping_status":"open","sticky":false,"template":"","format":"standard","meta":{"tdm_status":"","tdm_grid_status":"","footnotes":""},"categories":[6],"tags":[65,308,1737,33,2023,28,172,228],"class_list":["post-36079","post","type-post","status-publish","format-standard","has-post-thumbnail","hentry","category-noticias","tag-campanha","tag-comunicacao","tag-dia-das-maes","tag-estrategia","tag-gastronomia","tag-marketing","tag-pao-de-acucar","tag-segmentacao-de-mercado"],"yoast_head":"<!-- This site is optimized with the Yoast SEO plugin v27.5 - https:\/\/yoast.com\/product\/yoast-seo-wordpress\/ -->\n<title>P\u00e3o de A\u00e7\u00facar lan\u00e7a o Especial Almo\u00e7o de Dia das M\u00e3es - CidadeMarketing<\/title>\n<meta name=\"robots\" content=\"index, follow, max-snippet:-1, max-image-preview:large, max-video-preview:-1\" \/>\n<link rel=\"canonical\" href=\"https:\/\/www.cidademarketing.com.br\/marketing\/2022\/05\/07\/pao-de-acucar-lanca-o-especial-almoco-de-dia-das-maes\/\" \/>\n<meta property=\"og:locale\" content=\"pt_BR\" \/>\n<meta property=\"og:type\" content=\"article\" \/>\n<meta property=\"og:title\" content=\"P\u00e3o de A\u00e7\u00facar lan\u00e7a o Especial Almo\u00e7o de Dia das M\u00e3es - CidadeMarketing\" \/>\n<meta property=\"og:description\" content=\"Depois de dois anos de restri\u00e7\u00f5es, este Dia das M\u00e3es ser\u00e1 marcado pela possibilidade de abra\u00e7ar e celebrar juntinho das mulheres importantes que exercem o papel de m\u00e3e: m\u00e3es biol\u00f3gicas, m\u00e3es afetivas, av\u00f3s, madrinhas. Com os reencontros, o P\u00e3o de A\u00e7\u00facar preparou uma s\u00e9rie de a\u00e7\u00f5es em diferentes frentes para tornar esse dia ainda mais [&hellip;]\" \/>\n<meta property=\"og:url\" content=\"https:\/\/www.cidademarketing.com.br\/marketing\/2022\/05\/07\/pao-de-acucar-lanca-o-especial-almoco-de-dia-das-maes\/\" \/>\n<meta property=\"og:site_name\" content=\"CidadeMarketing\" \/>\n<meta property=\"article:publisher\" content=\"https:\/\/www.facebook.com\/portalcidademarketing\" \/>\n<meta property=\"article:author\" content=\"https:\/\/www.facebook.com\/thalesbrandao\" \/>\n<meta property=\"article:published_time\" content=\"2022-05-07T04:24:46+00:00\" \/>\n<meta property=\"og:image\" content=\"https:\/\/www.cidademarketing.com.br\/marketing\/wp-content\/uploads\/2022\/05\/diadasmaes_almoco_paodeacucar.jpg\" \/>\n\t<meta property=\"og:image:width\" content=\"1698\" \/>\n\t<meta property=\"og:image:height\" content=\"635\" \/>\n\t<meta property=\"og:image:type\" content=\"image\/jpeg\" \/>\n<meta name=\"author\" content=\"Thales Brand\u00e3o\" \/>\n<meta name=\"twitter:card\" content=\"summary_large_image\" \/>\n<meta name=\"twitter:creator\" content=\"@http:\/\/www.twitter.com\/thalesbrandao\" \/>\n<meta name=\"twitter:site\" content=\"@CidadeMarketing\" \/>\n<meta name=\"twitter:label1\" content=\"Escrito por\" \/>\n\t<meta name=\"twitter:data1\" content=\"Thales Brand\u00e3o\" \/>\n\t<meta name=\"twitter:label2\" content=\"Est. tempo de leitura\" \/>\n\t<meta name=\"twitter:data2\" content=\"6 minutos\" \/>\n<script type=\"application\/ld+json\" class=\"yoast-schema-graph\">{\"@context\":\"https:\\\/\\\/schema.org\",\"@graph\":[{\"@type\":\"Article\",\"@id\":\"https:\\\/\\\/www.cidademarketing.com.br\\\/marketing\\\/2022\\\/05\\\/07\\\/pao-de-acucar-lanca-o-especial-almoco-de-dia-das-maes\\\/#article\",\"isPartOf\":{\"@id\":\"https:\\\/\\\/www.cidademarketing.com.br\\\/marketing\\\/2022\\\/05\\\/07\\\/pao-de-acucar-lanca-o-especial-almoco-de-dia-das-maes\\\/\"},\"author\":{\"name\":\"Thales Brand\u00e3o\",\"@id\":\"https:\\\/\\\/www.cidademarketing.com.br\\\/marketing\\\/#\\\/schema\\\/person\\\/02daff9f18bd9378c9e01eb6b2db155f\"},\"headline\":\"P\u00e3o de A\u00e7\u00facar lan\u00e7a o Especial Almo\u00e7o de Dia das M\u00e3es\",\"datePublished\":\"2022-05-07T04:24:46+00:00\",\"mainEntityOfPage\":{\"@id\":\"https:\\\/\\\/www.cidademarketing.com.br\\\/marketing\\\/2022\\\/05\\\/07\\\/pao-de-acucar-lanca-o-especial-almoco-de-dia-das-maes\\\/\"},\"wordCount\":1311,\"commentCount\":0,\"publisher\":{\"@id\":\"https:\\\/\\\/www.cidademarketing.com.br\\\/marketing\\\/#organization\"},\"image\":{\"@id\":\"https:\\\/\\\/www.cidademarketing.com.br\\\/marketing\\\/2022\\\/05\\\/07\\\/pao-de-acucar-lanca-o-especial-almoco-de-dia-das-maes\\\/#primaryimage\"},\"thumbnailUrl\":\"https:\\\/\\\/www.cidademarketing.com.br\\\/marketing\\\/wp-content\\\/uploads\\\/2022\\\/05\\\/diadasmaes_almoco_paodeacucar.jpg\",\"keywords\":[\"campanha\",\"comunica\u00e7\u00e3o\",\"Dia das M\u00e3es\",\"estrat\u00e9gia\",\"gastronomia\",\"marketing\",\"p\u00e3o de a\u00e7\u00facar\",\"segmenta\u00e7\u00e3o de mercado\"],\"articleSection\":[\"Not\u00edcias\"],\"inLanguage\":\"pt-BR\",\"potentialAction\":[{\"@type\":\"CommentAction\",\"name\":\"Comment\",\"target\":[\"https:\\\/\\\/www.cidademarketing.com.br\\\/marketing\\\/2022\\\/05\\\/07\\\/pao-de-acucar-lanca-o-especial-almoco-de-dia-das-maes\\\/#respond\"]}]},{\"@type\":\"WebPage\",\"@id\":\"https:\\\/\\\/www.cidademarketing.com.br\\\/marketing\\\/2022\\\/05\\\/07\\\/pao-de-acucar-lanca-o-especial-almoco-de-dia-das-maes\\\/\",\"url\":\"https:\\\/\\\/www.cidademarketing.com.br\\\/marketing\\\/2022\\\/05\\\/07\\\/pao-de-acucar-lanca-o-especial-almoco-de-dia-das-maes\\\/\",\"name\":\"P\u00e3o de A\u00e7\u00facar lan\u00e7a o Especial Almo\u00e7o de Dia das M\u00e3es - CidadeMarketing\",\"isPartOf\":{\"@id\":\"https:\\\/\\\/www.cidademarketing.com.br\\\/marketing\\\/#website\"},\"primaryImageOfPage\":{\"@id\":\"https:\\\/\\\/www.cidademarketing.com.br\\\/marketing\\\/2022\\\/05\\\/07\\\/pao-de-acucar-lanca-o-especial-almoco-de-dia-das-maes\\\/#primaryimage\"},\"image\":{\"@id\":\"https:\\\/\\\/www.cidademarketing.com.br\\\/marketing\\\/2022\\\/05\\\/07\\\/pao-de-acucar-lanca-o-especial-almoco-de-dia-das-maes\\\/#primaryimage\"},\"thumbnailUrl\":\"https:\\\/\\\/www.cidademarketing.com.br\\\/marketing\\\/wp-content\\\/uploads\\\/2022\\\/05\\\/diadasmaes_almoco_paodeacucar.jpg\",\"datePublished\":\"2022-05-07T04:24:46+00:00\",\"breadcrumb\":{\"@id\":\"https:\\\/\\\/www.cidademarketing.com.br\\\/marketing\\\/2022\\\/05\\\/07\\\/pao-de-acucar-lanca-o-especial-almoco-de-dia-das-maes\\\/#breadcrumb\"},\"inLanguage\":\"pt-BR\",\"potentialAction\":[{\"@type\":\"ReadAction\",\"target\":[\"https:\\\/\\\/www.cidademarketing.com.br\\\/marketing\\\/2022\\\/05\\\/07\\\/pao-de-acucar-lanca-o-especial-almoco-de-dia-das-maes\\\/\"]}]},{\"@type\":\"ImageObject\",\"inLanguage\":\"pt-BR\",\"@id\":\"https:\\\/\\\/www.cidademarketing.com.br\\\/marketing\\\/2022\\\/05\\\/07\\\/pao-de-acucar-lanca-o-especial-almoco-de-dia-das-maes\\\/#primaryimage\",\"url\":\"https:\\\/\\\/www.cidademarketing.com.br\\\/marketing\\\/wp-content\\\/uploads\\\/2022\\\/05\\\/diadasmaes_almoco_paodeacucar.jpg\",\"contentUrl\":\"https:\\\/\\\/www.cidademarketing.com.br\\\/marketing\\\/wp-content\\\/uploads\\\/2022\\\/05\\\/diadasmaes_almoco_paodeacucar.jpg\",\"width\":1698,\"height\":635},{\"@type\":\"BreadcrumbList\",\"@id\":\"https:\\\/\\\/www.cidademarketing.com.br\\\/marketing\\\/2022\\\/05\\\/07\\\/pao-de-acucar-lanca-o-especial-almoco-de-dia-das-maes\\\/#breadcrumb\",\"itemListElement\":[{\"@type\":\"ListItem\",\"position\":1,\"name\":\"In\u00edcio\",\"item\":\"https:\\\/\\\/www.cidademarketing.com.br\\\/marketing\\\/\"},{\"@type\":\"ListItem\",\"position\":2,\"name\":\"P\u00e3o de A\u00e7\u00facar lan\u00e7a o Especial Almo\u00e7o de Dia das M\u00e3es\"}]},{\"@type\":\"WebSite\",\"@id\":\"https:\\\/\\\/www.cidademarketing.com.br\\\/marketing\\\/#website\",\"url\":\"https:\\\/\\\/www.cidademarketing.com.br\\\/marketing\\\/\",\"name\":\"CidadeMarketing\",\"description\":\"Somos um ve\u00edculo de comunica\u00e7\u00e3o de destaque no Brasil, reconhecido por conte\u00fados nos segmentos de marketing, empreendedorismo e inova\u00e7\u00e3o.\",\"publisher\":{\"@id\":\"https:\\\/\\\/www.cidademarketing.com.br\\\/marketing\\\/#organization\"},\"alternateName\":\"CidadeMarketing\",\"potentialAction\":[{\"@type\":\"SearchAction\",\"target\":{\"@type\":\"EntryPoint\",\"urlTemplate\":\"https:\\\/\\\/www.cidademarketing.com.br\\\/marketing\\\/?s={search_term_string}\"},\"query-input\":{\"@type\":\"PropertyValueSpecification\",\"valueRequired\":true,\"valueName\":\"search_term_string\"}}],\"inLanguage\":\"pt-BR\"},{\"@type\":\"Organization\",\"@id\":\"https:\\\/\\\/www.cidademarketing.com.br\\\/marketing\\\/#organization\",\"name\":\"CidadeMarketing\",\"alternateName\":\"CidadeMarketing\",\"url\":\"https:\\\/\\\/www.cidademarketing.com.br\\\/marketing\\\/\",\"logo\":{\"@type\":\"ImageObject\",\"inLanguage\":\"pt-BR\",\"@id\":\"https:\\\/\\\/www.cidademarketing.com.br\\\/marketing\\\/#\\\/schema\\\/logo\\\/image\\\/\",\"url\":\"https:\\\/\\\/www.cidademarketing.com.br\\\/marketing\\\/wp-content\\\/uploads\\\/2020\\\/01\\\/cidademarketing_marca_mobile.png\",\"contentUrl\":\"https:\\\/\\\/www.cidademarketing.com.br\\\/marketing\\\/wp-content\\\/uploads\\\/2020\\\/01\\\/cidademarketing_marca_mobile.png\",\"width\":230,\"height\":92,\"caption\":\"CidadeMarketing\"},\"image\":{\"@id\":\"https:\\\/\\\/www.cidademarketing.com.br\\\/marketing\\\/#\\\/schema\\\/logo\\\/image\\\/\"},\"sameAs\":[\"https:\\\/\\\/www.facebook.com\\\/portalcidademarketing\",\"https:\\\/\\\/x.com\\\/CidadeMarketing\",\"https:\\\/\\\/www.instagram.com\\\/cidademarketing\\\/\"]},{\"@type\":\"Person\",\"@id\":\"https:\\\/\\\/www.cidademarketing.com.br\\\/marketing\\\/#\\\/schema\\\/person\\\/02daff9f18bd9378c9e01eb6b2db155f\",\"name\":\"Thales Brand\u00e3o\",\"image\":{\"@type\":\"ImageObject\",\"inLanguage\":\"pt-BR\",\"@id\":\"https:\\\/\\\/secure.gravatar.com\\\/avatar\\\/7ca3206950207cc3cb48feec56a8a7898741ab725c368d99d5d7a5a50aab80c6?s=96&d=mm&r=g\",\"url\":\"https:\\\/\\\/secure.gravatar.com\\\/avatar\\\/7ca3206950207cc3cb48feec56a8a7898741ab725c368d99d5d7a5a50aab80c6?s=96&d=mm&r=g\",\"contentUrl\":\"https:\\\/\\\/secure.gravatar.com\\\/avatar\\\/7ca3206950207cc3cb48feec56a8a7898741ab725c368d99d5d7a5a50aab80c6?s=96&d=mm&r=g\",\"caption\":\"Thales Brand\u00e3o\"},\"description\":\"Editor Executivo do Portal CidadeMarketing.com.br &gt; Mestre em Comunica\u00e7\u00e3o e Sociedade pela Universidade Federal de Sergipe. Possui MBA Executivo em Administra\u00e7\u00e3o com \u00eanfase em Marketing pela Funda\u00e7\u00e3o Get\u00falio Vargas - Rio de Janeiro. Consultor, Palestrante e Pesquisador sobre Empreendedorismo, Marketing, Redes Sociais e Neg\u00f3cios Digitais. Professor, Palestrante TedxTalks e Campus Party. Twitter: @ThalesBrandao\",\"sameAs\":[\"http:\\\/\\\/www.mandacaru.com.br\",\"https:\\\/\\\/www.facebook.com\\\/thalesbrandao\",\"http:\\\/\\\/www.instagram.com.br\\\/thalesbrandaoferreira\",\"https:\\\/\\\/www.linkedin.com\\\/in\\\/thales-brand\u00e3o-3948609\\\/\",\"https:\\\/\\\/x.com\\\/http:\\\/\\\/www.twitter.com\\\/thalesbrandao\"],\"url\":\"https:\\\/\\\/www.cidademarketing.com.br\\\/marketing\\\/author\\\/thalesbrandao\\\/\"}]}<\/script>\n<!-- \/ Yoast SEO plugin. -->","yoast_head_json":{"title":"P\u00e3o de A\u00e7\u00facar lan\u00e7a o Especial Almo\u00e7o de Dia das M\u00e3es - CidadeMarketing","robots":{"index":"index","follow":"follow","max-snippet":"max-snippet:-1","max-image-preview":"max-image-preview:large","max-video-preview":"max-video-preview:-1"},"canonical":"https:\/\/www.cidademarketing.com.br\/marketing\/2022\/05\/07\/pao-de-acucar-lanca-o-especial-almoco-de-dia-das-maes\/","og_locale":"pt_BR","og_type":"article","og_title":"P\u00e3o de A\u00e7\u00facar lan\u00e7a o Especial Almo\u00e7o de Dia das M\u00e3es - CidadeMarketing","og_description":"Depois de dois anos de restri\u00e7\u00f5es, este Dia das M\u00e3es ser\u00e1 marcado pela possibilidade de abra\u00e7ar e celebrar juntinho das mulheres importantes que exercem o papel de m\u00e3e: m\u00e3es biol\u00f3gicas, m\u00e3es afetivas, av\u00f3s, madrinhas. Com os reencontros, o P\u00e3o de A\u00e7\u00facar preparou uma s\u00e9rie de a\u00e7\u00f5es em diferentes frentes para tornar esse dia ainda mais [&hellip;]","og_url":"https:\/\/www.cidademarketing.com.br\/marketing\/2022\/05\/07\/pao-de-acucar-lanca-o-especial-almoco-de-dia-das-maes\/","og_site_name":"CidadeMarketing","article_publisher":"https:\/\/www.facebook.com\/portalcidademarketing","article_author":"https:\/\/www.facebook.com\/thalesbrandao","article_published_time":"2022-05-07T04:24:46+00:00","og_image":[{"width":1698,"height":635,"url":"https:\/\/www.cidademarketing.com.br\/marketing\/wp-content\/uploads\/2022\/05\/diadasmaes_almoco_paodeacucar.jpg","type":"image\/jpeg"}],"author":"Thales Brand\u00e3o","twitter_card":"summary_large_image","twitter_creator":"@http:\/\/www.twitter.com\/thalesbrandao","twitter_site":"@CidadeMarketing","twitter_misc":{"Escrito por":"Thales Brand\u00e3o","Est. tempo de leitura":"6 minutos"},"schema":{"@context":"https:\/\/schema.org","@graph":[{"@type":"Article","@id":"https:\/\/www.cidademarketing.com.br\/marketing\/2022\/05\/07\/pao-de-acucar-lanca-o-especial-almoco-de-dia-das-maes\/#article","isPartOf":{"@id":"https:\/\/www.cidademarketing.com.br\/marketing\/2022\/05\/07\/pao-de-acucar-lanca-o-especial-almoco-de-dia-das-maes\/"},"author":{"name":"Thales Brand\u00e3o","@id":"https:\/\/www.cidademarketing.com.br\/marketing\/#\/schema\/person\/02daff9f18bd9378c9e01eb6b2db155f"},"headline":"P\u00e3o de A\u00e7\u00facar lan\u00e7a o Especial Almo\u00e7o de Dia das M\u00e3es","datePublished":"2022-05-07T04:24:46+00:00","mainEntityOfPage":{"@id":"https:\/\/www.cidademarketing.com.br\/marketing\/2022\/05\/07\/pao-de-acucar-lanca-o-especial-almoco-de-dia-das-maes\/"},"wordCount":1311,"commentCount":0,"publisher":{"@id":"https:\/\/www.cidademarketing.com.br\/marketing\/#organization"},"image":{"@id":"https:\/\/www.cidademarketing.com.br\/marketing\/2022\/05\/07\/pao-de-acucar-lanca-o-especial-almoco-de-dia-das-maes\/#primaryimage"},"thumbnailUrl":"https:\/\/www.cidademarketing.com.br\/marketing\/wp-content\/uploads\/2022\/05\/diadasmaes_almoco_paodeacucar.jpg","keywords":["campanha","comunica\u00e7\u00e3o","Dia das M\u00e3es","estrat\u00e9gia","gastronomia","marketing","p\u00e3o de a\u00e7\u00facar","segmenta\u00e7\u00e3o de mercado"],"articleSection":["Not\u00edcias"],"inLanguage":"pt-BR","potentialAction":[{"@type":"CommentAction","name":"Comment","target":["https:\/\/www.cidademarketing.com.br\/marketing\/2022\/05\/07\/pao-de-acucar-lanca-o-especial-almoco-de-dia-das-maes\/#respond"]}]},{"@type":"WebPage","@id":"https:\/\/www.cidademarketing.com.br\/marketing\/2022\/05\/07\/pao-de-acucar-lanca-o-especial-almoco-de-dia-das-maes\/","url":"https:\/\/www.cidademarketing.com.br\/marketing\/2022\/05\/07\/pao-de-acucar-lanca-o-especial-almoco-de-dia-das-maes\/","name":"P\u00e3o de A\u00e7\u00facar lan\u00e7a o Especial Almo\u00e7o de Dia das M\u00e3es - CidadeMarketing","isPartOf":{"@id":"https:\/\/www.cidademarketing.com.br\/marketing\/#website"},"primaryImageOfPage":{"@id":"https:\/\/www.cidademarketing.com.br\/marketing\/2022\/05\/07\/pao-de-acucar-lanca-o-especial-almoco-de-dia-das-maes\/#primaryimage"},"image":{"@id":"https:\/\/www.cidademarketing.com.br\/marketing\/2022\/05\/07\/pao-de-acucar-lanca-o-especial-almoco-de-dia-das-maes\/#primaryimage"},"thumbnailUrl":"https:\/\/www.cidademarketing.com.br\/marketing\/wp-content\/uploads\/2022\/05\/diadasmaes_almoco_paodeacucar.jpg","datePublished":"2022-05-07T04:24:46+00:00","breadcrumb":{"@id":"https:\/\/www.cidademarketing.com.br\/marketing\/2022\/05\/07\/pao-de-acucar-lanca-o-especial-almoco-de-dia-das-maes\/#breadcrumb"},"inLanguage":"pt-BR","potentialAction":[{"@type":"ReadAction","target":["https:\/\/www.cidademarketing.com.br\/marketing\/2022\/05\/07\/pao-de-acucar-lanca-o-especial-almoco-de-dia-das-maes\/"]}]},{"@type":"ImageObject","inLanguage":"pt-BR","@id":"https:\/\/www.cidademarketing.com.br\/marketing\/2022\/05\/07\/pao-de-acucar-lanca-o-especial-almoco-de-dia-das-maes\/#primaryimage","url":"https:\/\/www.cidademarketing.com.br\/marketing\/wp-content\/uploads\/2022\/05\/diadasmaes_almoco_paodeacucar.jpg","contentUrl":"https:\/\/www.cidademarketing.com.br\/marketing\/wp-content\/uploads\/2022\/05\/diadasmaes_almoco_paodeacucar.jpg","width":1698,"height":635},{"@type":"BreadcrumbList","@id":"https:\/\/www.cidademarketing.com.br\/marketing\/2022\/05\/07\/pao-de-acucar-lanca-o-especial-almoco-de-dia-das-maes\/#breadcrumb","itemListElement":[{"@type":"ListItem","position":1,"name":"In\u00edcio","item":"https:\/\/www.cidademarketing.com.br\/marketing\/"},{"@type":"ListItem","position":2,"name":"P\u00e3o de A\u00e7\u00facar lan\u00e7a o Especial Almo\u00e7o de Dia das M\u00e3es"}]},{"@type":"WebSite","@id":"https:\/\/www.cidademarketing.com.br\/marketing\/#website","url":"https:\/\/www.cidademarketing.com.br\/marketing\/","name":"CidadeMarketing","description":"Somos um ve\u00edculo de comunica\u00e7\u00e3o de destaque no Brasil, reconhecido por conte\u00fados nos segmentos de marketing, empreendedorismo e inova\u00e7\u00e3o.","publisher":{"@id":"https:\/\/www.cidademarketing.com.br\/marketing\/#organization"},"alternateName":"CidadeMarketing","potentialAction":[{"@type":"SearchAction","target":{"@type":"EntryPoint","urlTemplate":"https:\/\/www.cidademarketing.com.br\/marketing\/?s={search_term_string}"},"query-input":{"@type":"PropertyValueSpecification","valueRequired":true,"valueName":"search_term_string"}}],"inLanguage":"pt-BR"},{"@type":"Organization","@id":"https:\/\/www.cidademarketing.com.br\/marketing\/#organization","name":"CidadeMarketing","alternateName":"CidadeMarketing","url":"https:\/\/www.cidademarketing.com.br\/marketing\/","logo":{"@type":"ImageObject","inLanguage":"pt-BR","@id":"https:\/\/www.cidademarketing.com.br\/marketing\/#\/schema\/logo\/image\/","url":"https:\/\/www.cidademarketing.com.br\/marketing\/wp-content\/uploads\/2020\/01\/cidademarketing_marca_mobile.png","contentUrl":"https:\/\/www.cidademarketing.com.br\/marketing\/wp-content\/uploads\/2020\/01\/cidademarketing_marca_mobile.png","width":230,"height":92,"caption":"CidadeMarketing"},"image":{"@id":"https:\/\/www.cidademarketing.com.br\/marketing\/#\/schema\/logo\/image\/"},"sameAs":["https:\/\/www.facebook.com\/portalcidademarketing","https:\/\/x.com\/CidadeMarketing","https:\/\/www.instagram.com\/cidademarketing\/"]},{"@type":"Person","@id":"https:\/\/www.cidademarketing.com.br\/marketing\/#\/schema\/person\/02daff9f18bd9378c9e01eb6b2db155f","name":"Thales Brand\u00e3o","image":{"@type":"ImageObject","inLanguage":"pt-BR","@id":"https:\/\/secure.gravatar.com\/avatar\/7ca3206950207cc3cb48feec56a8a7898741ab725c368d99d5d7a5a50aab80c6?s=96&d=mm&r=g","url":"https:\/\/secure.gravatar.com\/avatar\/7ca3206950207cc3cb48feec56a8a7898741ab725c368d99d5d7a5a50aab80c6?s=96&d=mm&r=g","contentUrl":"https:\/\/secure.gravatar.com\/avatar\/7ca3206950207cc3cb48feec56a8a7898741ab725c368d99d5d7a5a50aab80c6?s=96&d=mm&r=g","caption":"Thales Brand\u00e3o"},"description":"Editor Executivo do Portal CidadeMarketing.com.br &gt; Mestre em Comunica\u00e7\u00e3o e Sociedade pela Universidade Federal de Sergipe. Possui MBA Executivo em Administra\u00e7\u00e3o com \u00eanfase em Marketing pela Funda\u00e7\u00e3o Get\u00falio Vargas - Rio de Janeiro. Consultor, Palestrante e Pesquisador sobre Empreendedorismo, Marketing, Redes Sociais e Neg\u00f3cios Digitais. Professor, Palestrante TedxTalks e Campus Party. Twitter: @ThalesBrandao","sameAs":["http:\/\/www.mandacaru.com.br","https:\/\/www.facebook.com\/thalesbrandao","http:\/\/www.instagram.com.br\/thalesbrandaoferreira","https:\/\/www.linkedin.com\/in\/thales-brand\u00e3o-3948609\/","https:\/\/x.com\/http:\/\/www.twitter.com\/thalesbrandao"],"url":"https:\/\/www.cidademarketing.com.br\/marketing\/author\/thalesbrandao\/"}]}},"amp_enabled":true,"_links":{"self":[{"href":"https:\/\/www.cidademarketing.com.br\/marketing\/wp-json\/wp\/v2\/posts\/36079","targetHints":{"allow":["GET"]}}],"collection":[{"href":"https:\/\/www.cidademarketing.com.br\/marketing\/wp-json\/wp\/v2\/posts"}],"about":[{"href":"https:\/\/www.cidademarketing.com.br\/marketing\/wp-json\/wp\/v2\/types\/post"}],"author":[{"embeddable":true,"href":"https:\/\/www.cidademarketing.com.br\/marketing\/wp-json\/wp\/v2\/users\/1"}],"replies":[{"embeddable":true,"href":"https:\/\/www.cidademarketing.com.br\/marketing\/wp-json\/wp\/v2\/comments?post=36079"}],"version-history":[{"count":1,"href":"https:\/\/www.cidademarketing.com.br\/marketing\/wp-json\/wp\/v2\/posts\/36079\/revisions"}],"predecessor-version":[{"id":36081,"href":"https:\/\/www.cidademarketing.com.br\/marketing\/wp-json\/wp\/v2\/posts\/36079\/revisions\/36081"}],"wp:featuredmedia":[{"embeddable":true,"href":"https:\/\/www.cidademarketing.com.br\/marketing\/wp-json\/wp\/v2\/media\/36080"}],"wp:attachment":[{"href":"https:\/\/www.cidademarketing.com.br\/marketing\/wp-json\/wp\/v2\/media?parent=36079"}],"wp:term":[{"taxonomy":"category","embeddable":true,"href":"https:\/\/www.cidademarketing.com.br\/marketing\/wp-json\/wp\/v2\/categories?post=36079"},{"taxonomy":"post_tag","embeddable":true,"href":"https:\/\/www.cidademarketing.com.br\/marketing\/wp-json\/wp\/v2\/tags?post=36079"}],"curies":[{"name":"wp","href":"https:\/\/api.w.org\/{rel}","templated":true}]}}