{"id":36064,"date":"2022-05-07T00:43:07","date_gmt":"2022-05-07T03:43:07","guid":{"rendered":"https:\/\/www.cidademarketing.com.br\/marketing\/?p=36064"},"modified":"2022-05-07T00:43:07","modified_gmt":"2022-05-07T03:43:07","slug":"ram-arena-estreia-em-sao-paulo","status":"publish","type":"post","link":"https:\/\/www.cidademarketing.com.br\/marketing\/2022\/05\/07\/ram-arena-estreia-em-sao-paulo\/","title":{"rendered":"Ram Arena estreia em S\u00e3o Paulo"},"content":{"rendered":"<p><iframe style=\"border-radius: 12px;\" src=\"https:\/\/open.spotify.com\/embed\/show\/4khMKzP3FgFRWVwb73xicc?utm_source=generator&amp;t=0\" width=\"100%\" height=\"232\" frameborder=\"0\" allowfullscreen=\"allowfullscreen\"><\/iframe><br \/>\nA partir deste final de semana (6 e 7 de maio), a Ram promove em S\u00e3o Paulo o Ram Arena, um evento in\u00e9dito no qual a \u00fanica marca premium de picapes do Brasil exp\u00f5e toda a sua for\u00e7a, capacidade, luxo e tecnologia. E mais do que isso, o p\u00fablico poder\u00e1 testar e explorar as principais funcionalidades de dois modelos da marca, a Ram 1500 Rebel e a rec\u00e9m-lan\u00e7ada Ram 3500.<br \/>\nPara tanto, foi montada uma pista off-road com obst\u00e1culos variados, onde se pode sentir, por exemplo, o poderio do motor Cummins\u00ae de 6,7 litros e 377 cv, que faz a Ram 3500 ser a caminhonete a diesel mais potente no pa\u00eds. Outro destaque do propulsor \u00e9 o torque de 1.150 Nm, de longe o maior da categoria no pa\u00eds.<br \/>\nOs visitantes ainda ter\u00e3o como experimentar a primeira premium muscle truck do Brasil, a Ram 1500, que \u00e9 equipada com o V8 HEMI de 400 cv, o mais potente do segmento. Gra\u00e7as a ele a picape \u00e9 capaz de acelerar de 0 a 100 km\/h em 6,4 segundos. Dispon\u00edvel nas 55 concession\u00e1rias da marca h\u00e1 um ano, a 1500 foi eleita a Picape do Ano 2022 na premia\u00e7\u00e3o organizada pela revista Autoesporte.<br \/>\nDo dia 7 em diante, haver\u00e1 demonstra\u00e7\u00f5es da capacidade de reboque da Ram 3500, que estar\u00e1 ligada a um enorme trailer para cavalos de quase 10 metros de comprimento, da Paiva Trailers. O implemento estar\u00e1 engatado por meio das fura\u00e7\u00f5es de f\u00e1brica na ca\u00e7amba, recurso presente na vers\u00e3o Limited Longhorn. Dessa forma, a picape pode rebocar at\u00e9 9.021 kg, a maior capacidade da categoria.<br \/>\nJ\u00e1 no showroom, al\u00e9m das picapes expostas, um especialista far\u00e1 a demonstra\u00e7\u00e3o detalhada do interior da Ram 3500 Limited Longhorn. N\u00e3o \u00e9 por menos, j\u00e1 que por dentro a picape exibe o m\u00e1ximo da sofistica\u00e7\u00e3o da marca, com o emprego de materiais nobres como couro e madeira leg\u00edtimos e certificados, bancos dianteiros com ajustes el\u00e9tricos e muita tecnologia, a cargo do sistema multim\u00eddia com tela de 12 polegadas, \u00e1udio Harman Kardon com cancelamento ativo de ru\u00eddo, espelho retrovisor interno eletr\u00f4nico, apenas para citar alguns itens.<br \/>\nEstilo Ram<br \/>\nA Ram Store, loja de lifestyle da marca, n\u00e3o poderia ficar de fora da Ram Arena. Entre os destaques est\u00e1 a nova cole\u00e7\u00e3o de camisas inspiradas na tem\u00e1tica country presente na Ram 3500 Limited Longhorn, al\u00e9m de botas country de couro e pe\u00e7as de cutelaria, parcerias com as marcas Reizinho e Imperial, respectivamente.<br \/>\nO Ram Arena tamb\u00e9m passar\u00e1 por outras cidades do Brasil, com datas a serem divulgadas futuramente nos canais da marca. Seguindo os protocolos de seguran\u00e7a e preven\u00e7\u00e3o de covid-19, conforme a legisla\u00e7\u00e3o local, o evento \u00e9 aberto ao p\u00fablico e a etapa paulistana acontece nos dias 6, 7, 13, 14 e 15 de maio. Para se inscrever, acesse o site <a href=\"http:\/\/agendamentoram.com.br\" target=\"_blank\" rel=\"noopener\">agendamentoram.com.br<\/a>. Confira abaixo as principais informa\u00e7\u00f5es.<\/p>\n<p>Ram Arena<\/p>\n<p>Endere\u00e7o: Av. Chucri Zaidan, 155 &#8211; Brooklin<br \/>\nDatas: 6, 7, 13, 14 e 15 de maio<br \/>\nHor\u00e1rio: 9h \u00e0s 20h<br \/>\nAgendamento: <a href=\"http:\/\/agendamentoram.com.br\" target=\"_blank\" rel=\"noopener\">agendamentoram.com.br<\/a><\/p>\n<p><iframe style=\"width: 100%; max-width: 660px; overflow: hidden; background: transparent;\" src=\"https:\/\/embed.podcasts.apple.com\/br\/podcast\/podcast-cidademarketing\/id1371923283\" height=\"450\" frameborder=\"0\" sandbox=\"allow-forms allow-popups allow-same-origin allow-scripts allow-storage-access-by-user-activation allow-top-navigation-by-user-activation\"><\/iframe><\/p>\n","protected":false},"excerpt":{"rendered":"<p>A partir deste final de semana (6 e 7 de maio), a Ram promove em S\u00e3o Paulo o Ram Arena, um evento in\u00e9dito no qual a \u00fanica marca premium de picapes do Brasil exp\u00f5e toda a sua for\u00e7a, capacidade, luxo e tecnologia. E mais do que isso, o p\u00fablico poder\u00e1 testar e explorar as principais [&hellip;]<\/p>\n","protected":false},"author":1,"featured_media":36065,"comment_status":"open","ping_status":"open","sticky":false,"template":"","format":"standard","meta":{"tdm_status":"","tdm_grid_status":"","footnotes":""},"categories":[6],"tags":[33,179,293,28,3214,656,1200,185],"class_list":["post-36064","post","type-post","status-publish","format-standard","has-post-thumbnail","hentry","category-noticias","tag-estrategia","tag-evento","tag-inovacao","tag-marketing","tag-ram","tag-sao-paulo","tag-sp","tag-tecnologia"],"yoast_head":"<!-- This site is optimized with the Yoast SEO plugin v27.4 - https:\/\/yoast.com\/product\/yoast-seo-wordpress\/ -->\n<title>Ram Arena estreia em S\u00e3o Paulo - CidadeMarketing<\/title>\n<meta name=\"robots\" content=\"index, follow, max-snippet:-1, max-image-preview:large, max-video-preview:-1\" \/>\n<link rel=\"canonical\" href=\"https:\/\/www.cidademarketing.com.br\/marketing\/2022\/05\/07\/ram-arena-estreia-em-sao-paulo\/\" \/>\n<meta property=\"og:locale\" content=\"pt_BR\" \/>\n<meta property=\"og:type\" content=\"article\" \/>\n<meta property=\"og:title\" content=\"Ram Arena estreia em S\u00e3o Paulo - CidadeMarketing\" \/>\n<meta property=\"og:description\" content=\"A partir deste final de semana (6 e 7 de maio), a Ram promove em S\u00e3o Paulo o Ram Arena, um evento in\u00e9dito no qual a \u00fanica marca premium de picapes do Brasil exp\u00f5e toda a sua for\u00e7a, capacidade, luxo e tecnologia. E mais do que isso, o p\u00fablico poder\u00e1 testar e explorar as principais [&hellip;]\" \/>\n<meta property=\"og:url\" content=\"https:\/\/www.cidademarketing.com.br\/marketing\/2022\/05\/07\/ram-arena-estreia-em-sao-paulo\/\" \/>\n<meta property=\"og:site_name\" content=\"CidadeMarketing\" \/>\n<meta property=\"article:publisher\" content=\"https:\/\/www.facebook.com\/portalcidademarketing\" \/>\n<meta property=\"article:author\" content=\"https:\/\/www.facebook.com\/thalesbrandao\" \/>\n<meta property=\"article:published_time\" content=\"2022-05-07T03:43:07+00:00\" \/>\n<meta property=\"og:image\" content=\"https:\/\/www.cidademarketing.com.br\/marketing\/wp-content\/uploads\/2022\/05\/ram_arena_sp.jpg\" \/>\n\t<meta property=\"og:image:width\" content=\"1668\" \/>\n\t<meta property=\"og:image:height\" content=\"900\" \/>\n\t<meta property=\"og:image:type\" content=\"image\/jpeg\" \/>\n<meta name=\"author\" content=\"Thales Brand\u00e3o\" \/>\n<meta name=\"twitter:card\" content=\"summary_large_image\" \/>\n<meta name=\"twitter:creator\" content=\"@http:\/\/www.twitter.com\/thalesbrandao\" \/>\n<meta name=\"twitter:site\" content=\"@CidadeMarketing\" \/>\n<meta name=\"twitter:label1\" content=\"Escrito por\" \/>\n\t<meta name=\"twitter:data1\" content=\"Thales Brand\u00e3o\" \/>\n\t<meta name=\"twitter:label2\" content=\"Est. tempo de leitura\" \/>\n\t<meta name=\"twitter:data2\" content=\"3 minutos\" \/>\n<script type=\"application\/ld+json\" class=\"yoast-schema-graph\">{\"@context\":\"https:\\\/\\\/schema.org\",\"@graph\":[{\"@type\":\"Article\",\"@id\":\"https:\\\/\\\/www.cidademarketing.com.br\\\/marketing\\\/2022\\\/05\\\/07\\\/ram-arena-estreia-em-sao-paulo\\\/#article\",\"isPartOf\":{\"@id\":\"https:\\\/\\\/www.cidademarketing.com.br\\\/marketing\\\/2022\\\/05\\\/07\\\/ram-arena-estreia-em-sao-paulo\\\/\"},\"author\":{\"name\":\"Thales Brand\u00e3o\",\"@id\":\"https:\\\/\\\/www.cidademarketing.com.br\\\/marketing\\\/#\\\/schema\\\/person\\\/02daff9f18bd9378c9e01eb6b2db155f\"},\"headline\":\"Ram Arena estreia em S\u00e3o Paulo\",\"datePublished\":\"2022-05-07T03:43:07+00:00\",\"mainEntityOfPage\":{\"@id\":\"https:\\\/\\\/www.cidademarketing.com.br\\\/marketing\\\/2022\\\/05\\\/07\\\/ram-arena-estreia-em-sao-paulo\\\/\"},\"wordCount\":511,\"commentCount\":0,\"publisher\":{\"@id\":\"https:\\\/\\\/www.cidademarketing.com.br\\\/marketing\\\/#organization\"},\"image\":{\"@id\":\"https:\\\/\\\/www.cidademarketing.com.br\\\/marketing\\\/2022\\\/05\\\/07\\\/ram-arena-estreia-em-sao-paulo\\\/#primaryimage\"},\"thumbnailUrl\":\"https:\\\/\\\/www.cidademarketing.com.br\\\/marketing\\\/wp-content\\\/uploads\\\/2022\\\/05\\\/ram_arena_sp.jpg\",\"keywords\":[\"estrat\u00e9gia\",\"evento\",\"inova\u00e7\u00e3o\",\"marketing\",\"Ram\",\"S\u00e3o Paulo\",\"SP\",\"tecnologia\"],\"articleSection\":[\"Not\u00edcias\"],\"inLanguage\":\"pt-BR\",\"potentialAction\":[{\"@type\":\"CommentAction\",\"name\":\"Comment\",\"target\":[\"https:\\\/\\\/www.cidademarketing.com.br\\\/marketing\\\/2022\\\/05\\\/07\\\/ram-arena-estreia-em-sao-paulo\\\/#respond\"]}]},{\"@type\":\"WebPage\",\"@id\":\"https:\\\/\\\/www.cidademarketing.com.br\\\/marketing\\\/2022\\\/05\\\/07\\\/ram-arena-estreia-em-sao-paulo\\\/\",\"url\":\"https:\\\/\\\/www.cidademarketing.com.br\\\/marketing\\\/2022\\\/05\\\/07\\\/ram-arena-estreia-em-sao-paulo\\\/\",\"name\":\"Ram Arena estreia em S\u00e3o Paulo - CidadeMarketing\",\"isPartOf\":{\"@id\":\"https:\\\/\\\/www.cidademarketing.com.br\\\/marketing\\\/#website\"},\"primaryImageOfPage\":{\"@id\":\"https:\\\/\\\/www.cidademarketing.com.br\\\/marketing\\\/2022\\\/05\\\/07\\\/ram-arena-estreia-em-sao-paulo\\\/#primaryimage\"},\"image\":{\"@id\":\"https:\\\/\\\/www.cidademarketing.com.br\\\/marketing\\\/2022\\\/05\\\/07\\\/ram-arena-estreia-em-sao-paulo\\\/#primaryimage\"},\"thumbnailUrl\":\"https:\\\/\\\/www.cidademarketing.com.br\\\/marketing\\\/wp-content\\\/uploads\\\/2022\\\/05\\\/ram_arena_sp.jpg\",\"datePublished\":\"2022-05-07T03:43:07+00:00\",\"breadcrumb\":{\"@id\":\"https:\\\/\\\/www.cidademarketing.com.br\\\/marketing\\\/2022\\\/05\\\/07\\\/ram-arena-estreia-em-sao-paulo\\\/#breadcrumb\"},\"inLanguage\":\"pt-BR\",\"potentialAction\":[{\"@type\":\"ReadAction\",\"target\":[\"https:\\\/\\\/www.cidademarketing.com.br\\\/marketing\\\/2022\\\/05\\\/07\\\/ram-arena-estreia-em-sao-paulo\\\/\"]}]},{\"@type\":\"ImageObject\",\"inLanguage\":\"pt-BR\",\"@id\":\"https:\\\/\\\/www.cidademarketing.com.br\\\/marketing\\\/2022\\\/05\\\/07\\\/ram-arena-estreia-em-sao-paulo\\\/#primaryimage\",\"url\":\"https:\\\/\\\/www.cidademarketing.com.br\\\/marketing\\\/wp-content\\\/uploads\\\/2022\\\/05\\\/ram_arena_sp.jpg\",\"contentUrl\":\"https:\\\/\\\/www.cidademarketing.com.br\\\/marketing\\\/wp-content\\\/uploads\\\/2022\\\/05\\\/ram_arena_sp.jpg\",\"width\":1668,\"height\":900},{\"@type\":\"BreadcrumbList\",\"@id\":\"https:\\\/\\\/www.cidademarketing.com.br\\\/marketing\\\/2022\\\/05\\\/07\\\/ram-arena-estreia-em-sao-paulo\\\/#breadcrumb\",\"itemListElement\":[{\"@type\":\"ListItem\",\"position\":1,\"name\":\"In\u00edcio\",\"item\":\"https:\\\/\\\/www.cidademarketing.com.br\\\/marketing\\\/\"},{\"@type\":\"ListItem\",\"position\":2,\"name\":\"Ram Arena estreia em S\u00e3o Paulo\"}]},{\"@type\":\"WebSite\",\"@id\":\"https:\\\/\\\/www.cidademarketing.com.br\\\/marketing\\\/#website\",\"url\":\"https:\\\/\\\/www.cidademarketing.com.br\\\/marketing\\\/\",\"name\":\"CidadeMarketing\",\"description\":\"Somos um ve\u00edculo de comunica\u00e7\u00e3o de destaque no Brasil, reconhecido por conte\u00fados nos segmentos de marketing, empreendedorismo e inova\u00e7\u00e3o.\",\"publisher\":{\"@id\":\"https:\\\/\\\/www.cidademarketing.com.br\\\/marketing\\\/#organization\"},\"alternateName\":\"CidadeMarketing\",\"potentialAction\":[{\"@type\":\"SearchAction\",\"target\":{\"@type\":\"EntryPoint\",\"urlTemplate\":\"https:\\\/\\\/www.cidademarketing.com.br\\\/marketing\\\/?s={search_term_string}\"},\"query-input\":{\"@type\":\"PropertyValueSpecification\",\"valueRequired\":true,\"valueName\":\"search_term_string\"}}],\"inLanguage\":\"pt-BR\"},{\"@type\":\"Organization\",\"@id\":\"https:\\\/\\\/www.cidademarketing.com.br\\\/marketing\\\/#organization\",\"name\":\"CidadeMarketing\",\"alternateName\":\"CidadeMarketing\",\"url\":\"https:\\\/\\\/www.cidademarketing.com.br\\\/marketing\\\/\",\"logo\":{\"@type\":\"ImageObject\",\"inLanguage\":\"pt-BR\",\"@id\":\"https:\\\/\\\/www.cidademarketing.com.br\\\/marketing\\\/#\\\/schema\\\/logo\\\/image\\\/\",\"url\":\"https:\\\/\\\/www.cidademarketing.com.br\\\/marketing\\\/wp-content\\\/uploads\\\/2020\\\/01\\\/cidademarketing_marca_mobile.png\",\"contentUrl\":\"https:\\\/\\\/www.cidademarketing.com.br\\\/marketing\\\/wp-content\\\/uploads\\\/2020\\\/01\\\/cidademarketing_marca_mobile.png\",\"width\":230,\"height\":92,\"caption\":\"CidadeMarketing\"},\"image\":{\"@id\":\"https:\\\/\\\/www.cidademarketing.com.br\\\/marketing\\\/#\\\/schema\\\/logo\\\/image\\\/\"},\"sameAs\":[\"https:\\\/\\\/www.facebook.com\\\/portalcidademarketing\",\"https:\\\/\\\/x.com\\\/CidadeMarketing\",\"https:\\\/\\\/www.instagram.com\\\/cidademarketing\\\/\"]},{\"@type\":\"Person\",\"@id\":\"https:\\\/\\\/www.cidademarketing.com.br\\\/marketing\\\/#\\\/schema\\\/person\\\/02daff9f18bd9378c9e01eb6b2db155f\",\"name\":\"Thales Brand\u00e3o\",\"image\":{\"@type\":\"ImageObject\",\"inLanguage\":\"pt-BR\",\"@id\":\"https:\\\/\\\/secure.gravatar.com\\\/avatar\\\/7ca3206950207cc3cb48feec56a8a7898741ab725c368d99d5d7a5a50aab80c6?s=96&d=mm&r=g\",\"url\":\"https:\\\/\\\/secure.gravatar.com\\\/avatar\\\/7ca3206950207cc3cb48feec56a8a7898741ab725c368d99d5d7a5a50aab80c6?s=96&d=mm&r=g\",\"contentUrl\":\"https:\\\/\\\/secure.gravatar.com\\\/avatar\\\/7ca3206950207cc3cb48feec56a8a7898741ab725c368d99d5d7a5a50aab80c6?s=96&d=mm&r=g\",\"caption\":\"Thales Brand\u00e3o\"},\"description\":\"Editor Executivo do Portal CidadeMarketing.com.br &gt; Mestre em Comunica\u00e7\u00e3o e Sociedade pela Universidade Federal de Sergipe. Possui MBA Executivo em Administra\u00e7\u00e3o com \u00eanfase em Marketing pela Funda\u00e7\u00e3o Get\u00falio Vargas - Rio de Janeiro. Consultor, Palestrante e Pesquisador sobre Empreendedorismo, Marketing, Redes Sociais e Neg\u00f3cios Digitais. Professor, Palestrante TedxTalks e Campus Party. Twitter: @ThalesBrandao\",\"sameAs\":[\"http:\\\/\\\/www.mandacaru.com.br\",\"https:\\\/\\\/www.facebook.com\\\/thalesbrandao\",\"http:\\\/\\\/www.instagram.com.br\\\/thalesbrandaoferreira\",\"https:\\\/\\\/www.linkedin.com\\\/in\\\/thales-brand\u00e3o-3948609\\\/\",\"https:\\\/\\\/x.com\\\/http:\\\/\\\/www.twitter.com\\\/thalesbrandao\"],\"url\":\"https:\\\/\\\/www.cidademarketing.com.br\\\/marketing\\\/author\\\/thalesbrandao\\\/\"}]}<\/script>\n<!-- \/ Yoast SEO plugin. -->","yoast_head_json":{"title":"Ram Arena estreia em S\u00e3o Paulo - CidadeMarketing","robots":{"index":"index","follow":"follow","max-snippet":"max-snippet:-1","max-image-preview":"max-image-preview:large","max-video-preview":"max-video-preview:-1"},"canonical":"https:\/\/www.cidademarketing.com.br\/marketing\/2022\/05\/07\/ram-arena-estreia-em-sao-paulo\/","og_locale":"pt_BR","og_type":"article","og_title":"Ram Arena estreia em S\u00e3o Paulo - CidadeMarketing","og_description":"A partir deste final de semana (6 e 7 de maio), a Ram promove em S\u00e3o Paulo o Ram Arena, um evento in\u00e9dito no qual a \u00fanica marca premium de picapes do Brasil exp\u00f5e toda a sua for\u00e7a, capacidade, luxo e tecnologia. E mais do que isso, o p\u00fablico poder\u00e1 testar e explorar as principais [&hellip;]","og_url":"https:\/\/www.cidademarketing.com.br\/marketing\/2022\/05\/07\/ram-arena-estreia-em-sao-paulo\/","og_site_name":"CidadeMarketing","article_publisher":"https:\/\/www.facebook.com\/portalcidademarketing","article_author":"https:\/\/www.facebook.com\/thalesbrandao","article_published_time":"2022-05-07T03:43:07+00:00","og_image":[{"width":1668,"height":900,"url":"https:\/\/www.cidademarketing.com.br\/marketing\/wp-content\/uploads\/2022\/05\/ram_arena_sp.jpg","type":"image\/jpeg"}],"author":"Thales Brand\u00e3o","twitter_card":"summary_large_image","twitter_creator":"@http:\/\/www.twitter.com\/thalesbrandao","twitter_site":"@CidadeMarketing","twitter_misc":{"Escrito por":"Thales Brand\u00e3o","Est. tempo de leitura":"3 minutos"},"schema":{"@context":"https:\/\/schema.org","@graph":[{"@type":"Article","@id":"https:\/\/www.cidademarketing.com.br\/marketing\/2022\/05\/07\/ram-arena-estreia-em-sao-paulo\/#article","isPartOf":{"@id":"https:\/\/www.cidademarketing.com.br\/marketing\/2022\/05\/07\/ram-arena-estreia-em-sao-paulo\/"},"author":{"name":"Thales Brand\u00e3o","@id":"https:\/\/www.cidademarketing.com.br\/marketing\/#\/schema\/person\/02daff9f18bd9378c9e01eb6b2db155f"},"headline":"Ram Arena estreia em S\u00e3o Paulo","datePublished":"2022-05-07T03:43:07+00:00","mainEntityOfPage":{"@id":"https:\/\/www.cidademarketing.com.br\/marketing\/2022\/05\/07\/ram-arena-estreia-em-sao-paulo\/"},"wordCount":511,"commentCount":0,"publisher":{"@id":"https:\/\/www.cidademarketing.com.br\/marketing\/#organization"},"image":{"@id":"https:\/\/www.cidademarketing.com.br\/marketing\/2022\/05\/07\/ram-arena-estreia-em-sao-paulo\/#primaryimage"},"thumbnailUrl":"https:\/\/www.cidademarketing.com.br\/marketing\/wp-content\/uploads\/2022\/05\/ram_arena_sp.jpg","keywords":["estrat\u00e9gia","evento","inova\u00e7\u00e3o","marketing","Ram","S\u00e3o Paulo","SP","tecnologia"],"articleSection":["Not\u00edcias"],"inLanguage":"pt-BR","potentialAction":[{"@type":"CommentAction","name":"Comment","target":["https:\/\/www.cidademarketing.com.br\/marketing\/2022\/05\/07\/ram-arena-estreia-em-sao-paulo\/#respond"]}]},{"@type":"WebPage","@id":"https:\/\/www.cidademarketing.com.br\/marketing\/2022\/05\/07\/ram-arena-estreia-em-sao-paulo\/","url":"https:\/\/www.cidademarketing.com.br\/marketing\/2022\/05\/07\/ram-arena-estreia-em-sao-paulo\/","name":"Ram Arena estreia em S\u00e3o Paulo - CidadeMarketing","isPartOf":{"@id":"https:\/\/www.cidademarketing.com.br\/marketing\/#website"},"primaryImageOfPage":{"@id":"https:\/\/www.cidademarketing.com.br\/marketing\/2022\/05\/07\/ram-arena-estreia-em-sao-paulo\/#primaryimage"},"image":{"@id":"https:\/\/www.cidademarketing.com.br\/marketing\/2022\/05\/07\/ram-arena-estreia-em-sao-paulo\/#primaryimage"},"thumbnailUrl":"https:\/\/www.cidademarketing.com.br\/marketing\/wp-content\/uploads\/2022\/05\/ram_arena_sp.jpg","datePublished":"2022-05-07T03:43:07+00:00","breadcrumb":{"@id":"https:\/\/www.cidademarketing.com.br\/marketing\/2022\/05\/07\/ram-arena-estreia-em-sao-paulo\/#breadcrumb"},"inLanguage":"pt-BR","potentialAction":[{"@type":"ReadAction","target":["https:\/\/www.cidademarketing.com.br\/marketing\/2022\/05\/07\/ram-arena-estreia-em-sao-paulo\/"]}]},{"@type":"ImageObject","inLanguage":"pt-BR","@id":"https:\/\/www.cidademarketing.com.br\/marketing\/2022\/05\/07\/ram-arena-estreia-em-sao-paulo\/#primaryimage","url":"https:\/\/www.cidademarketing.com.br\/marketing\/wp-content\/uploads\/2022\/05\/ram_arena_sp.jpg","contentUrl":"https:\/\/www.cidademarketing.com.br\/marketing\/wp-content\/uploads\/2022\/05\/ram_arena_sp.jpg","width":1668,"height":900},{"@type":"BreadcrumbList","@id":"https:\/\/www.cidademarketing.com.br\/marketing\/2022\/05\/07\/ram-arena-estreia-em-sao-paulo\/#breadcrumb","itemListElement":[{"@type":"ListItem","position":1,"name":"In\u00edcio","item":"https:\/\/www.cidademarketing.com.br\/marketing\/"},{"@type":"ListItem","position":2,"name":"Ram Arena estreia em S\u00e3o Paulo"}]},{"@type":"WebSite","@id":"https:\/\/www.cidademarketing.com.br\/marketing\/#website","url":"https:\/\/www.cidademarketing.com.br\/marketing\/","name":"CidadeMarketing","description":"Somos um ve\u00edculo de comunica\u00e7\u00e3o de destaque no Brasil, reconhecido por conte\u00fados nos segmentos de marketing, empreendedorismo e inova\u00e7\u00e3o.","publisher":{"@id":"https:\/\/www.cidademarketing.com.br\/marketing\/#organization"},"alternateName":"CidadeMarketing","potentialAction":[{"@type":"SearchAction","target":{"@type":"EntryPoint","urlTemplate":"https:\/\/www.cidademarketing.com.br\/marketing\/?s={search_term_string}"},"query-input":{"@type":"PropertyValueSpecification","valueRequired":true,"valueName":"search_term_string"}}],"inLanguage":"pt-BR"},{"@type":"Organization","@id":"https:\/\/www.cidademarketing.com.br\/marketing\/#organization","name":"CidadeMarketing","alternateName":"CidadeMarketing","url":"https:\/\/www.cidademarketing.com.br\/marketing\/","logo":{"@type":"ImageObject","inLanguage":"pt-BR","@id":"https:\/\/www.cidademarketing.com.br\/marketing\/#\/schema\/logo\/image\/","url":"https:\/\/www.cidademarketing.com.br\/marketing\/wp-content\/uploads\/2020\/01\/cidademarketing_marca_mobile.png","contentUrl":"https:\/\/www.cidademarketing.com.br\/marketing\/wp-content\/uploads\/2020\/01\/cidademarketing_marca_mobile.png","width":230,"height":92,"caption":"CidadeMarketing"},"image":{"@id":"https:\/\/www.cidademarketing.com.br\/marketing\/#\/schema\/logo\/image\/"},"sameAs":["https:\/\/www.facebook.com\/portalcidademarketing","https:\/\/x.com\/CidadeMarketing","https:\/\/www.instagram.com\/cidademarketing\/"]},{"@type":"Person","@id":"https:\/\/www.cidademarketing.com.br\/marketing\/#\/schema\/person\/02daff9f18bd9378c9e01eb6b2db155f","name":"Thales Brand\u00e3o","image":{"@type":"ImageObject","inLanguage":"pt-BR","@id":"https:\/\/secure.gravatar.com\/avatar\/7ca3206950207cc3cb48feec56a8a7898741ab725c368d99d5d7a5a50aab80c6?s=96&d=mm&r=g","url":"https:\/\/secure.gravatar.com\/avatar\/7ca3206950207cc3cb48feec56a8a7898741ab725c368d99d5d7a5a50aab80c6?s=96&d=mm&r=g","contentUrl":"https:\/\/secure.gravatar.com\/avatar\/7ca3206950207cc3cb48feec56a8a7898741ab725c368d99d5d7a5a50aab80c6?s=96&d=mm&r=g","caption":"Thales Brand\u00e3o"},"description":"Editor Executivo do Portal CidadeMarketing.com.br &gt; Mestre em Comunica\u00e7\u00e3o e Sociedade pela Universidade Federal de Sergipe. Possui MBA Executivo em Administra\u00e7\u00e3o com \u00eanfase em Marketing pela Funda\u00e7\u00e3o Get\u00falio Vargas - Rio de Janeiro. Consultor, Palestrante e Pesquisador sobre Empreendedorismo, Marketing, Redes Sociais e Neg\u00f3cios Digitais. Professor, Palestrante TedxTalks e Campus Party. Twitter: @ThalesBrandao","sameAs":["http:\/\/www.mandacaru.com.br","https:\/\/www.facebook.com\/thalesbrandao","http:\/\/www.instagram.com.br\/thalesbrandaoferreira","https:\/\/www.linkedin.com\/in\/thales-brand\u00e3o-3948609\/","https:\/\/x.com\/http:\/\/www.twitter.com\/thalesbrandao"],"url":"https:\/\/www.cidademarketing.com.br\/marketing\/author\/thalesbrandao\/"}]}},"amp_enabled":true,"_links":{"self":[{"href":"https:\/\/www.cidademarketing.com.br\/marketing\/wp-json\/wp\/v2\/posts\/36064","targetHints":{"allow":["GET"]}}],"collection":[{"href":"https:\/\/www.cidademarketing.com.br\/marketing\/wp-json\/wp\/v2\/posts"}],"about":[{"href":"https:\/\/www.cidademarketing.com.br\/marketing\/wp-json\/wp\/v2\/types\/post"}],"author":[{"embeddable":true,"href":"https:\/\/www.cidademarketing.com.br\/marketing\/wp-json\/wp\/v2\/users\/1"}],"replies":[{"embeddable":true,"href":"https:\/\/www.cidademarketing.com.br\/marketing\/wp-json\/wp\/v2\/comments?post=36064"}],"version-history":[{"count":1,"href":"https:\/\/www.cidademarketing.com.br\/marketing\/wp-json\/wp\/v2\/posts\/36064\/revisions"}],"predecessor-version":[{"id":36066,"href":"https:\/\/www.cidademarketing.com.br\/marketing\/wp-json\/wp\/v2\/posts\/36064\/revisions\/36066"}],"wp:featuredmedia":[{"embeddable":true,"href":"https:\/\/www.cidademarketing.com.br\/marketing\/wp-json\/wp\/v2\/media\/36065"}],"wp:attachment":[{"href":"https:\/\/www.cidademarketing.com.br\/marketing\/wp-json\/wp\/v2\/media?parent=36064"}],"wp:term":[{"taxonomy":"category","embeddable":true,"href":"https:\/\/www.cidademarketing.com.br\/marketing\/wp-json\/wp\/v2\/categories?post=36064"},{"taxonomy":"post_tag","embeddable":true,"href":"https:\/\/www.cidademarketing.com.br\/marketing\/wp-json\/wp\/v2\/tags?post=36064"}],"curies":[{"name":"wp","href":"https:\/\/api.w.org\/{rel}","templated":true}]}}