{"id":35875,"date":"2022-04-22T00:10:02","date_gmt":"2022-04-22T03:10:02","guid":{"rendered":"https:\/\/www.cidademarketing.com.br\/marketing\/?p=35875"},"modified":"2022-04-22T00:10:02","modified_gmt":"2022-04-22T03:10:02","slug":"risco-de-incendio-chevrolet-convoca-proprietarios-do-novo-tracker-para-recall","status":"publish","type":"post","link":"https:\/\/www.cidademarketing.com.br\/marketing\/2022\/04\/22\/risco-de-incendio-chevrolet-convoca-proprietarios-do-novo-tracker-para-recall\/","title":{"rendered":"Risco de Inc\u00eandio: Chevrolet convoca propriet\u00e1rios do novo Tracker para recall"},"content":{"rendered":"<p>&nbsp;<\/p>\n<p><iframe style=\"border-radius: 12px;\" src=\"https:\/\/open.spotify.com\/embed\/show\/4khMKzP3FgFRWVwb73xicc?utm_source=generator&amp;t=0\" width=\"100%\" height=\"232\" frameborder=\"0\" allowfullscreen=\"allowfullscreen\"><\/iframe><br \/>\nA General Motors comunicou um recall para o Chevrolet Tracker, que envolve 79.730 unidades produzidas entre 2020 e 2022.\u00a0 O chamado envolve praticamente todos os ve\u00edculos do modelo Tracker fabricado entre os anos citados acima.<\/p>\n<p>Confira abaixo a nota oficial da Chevrolet sobre o recall:<\/p>\n<p><em>&#8220;A <b>General Motors do Brasil<\/b>,\u00a0visando resguardar a seguran\u00e7a e a satisfa\u00e7\u00e3o de seus consumidores, ** convoca os propriet\u00e1rios dos ve\u00edculos Chevrolet Tracker, modelos 2020 a 2022, a entrar em contato de imediato com a Rede Chevrolet, para agendar a instala\u00e7\u00e3o de prote\u00e7\u00e3o no isolador ac\u00fastico do carpete e pr\u00e9-tensionadores pr\u00f3ximo a regi\u00e3o inferior da coluna B.<\/em><\/p>\n<p><em><b>Fornecedor:<\/b>\u00a0General Motors<\/em><\/p>\n<p><em><b>Ve\u00edculos envolvidos:<\/b><\/em><br \/>\n<em>Marca e modelo do ve\u00edculo: Chevrolet Tracker modelos 2020 a 2022<\/em><br \/>\n<em>Chassis N\u00ba: LB900009 a NB 202060<\/em><br \/>\n<em>Data inicial e final de fabrica\u00e7\u00e3o: 25\/Out\/2019 a 05\/Abr\/2022<\/em><\/p>\n<p><em><b>Data do in\u00edcio do atendimento:<\/b>\u00a0Agendamento imediato com previs\u00e3o de in\u00edcio de atendimento a partir de 13 de maio de 2022.<\/em><\/p>\n<p><em><b>Local de atendimento e agendamento do servi\u00e7o:<\/b>\u00a0Rede de Concession\u00e1rias e Oficinas Autorizadas Chevrolet.<\/em><\/p>\n<p><em><b>Componente envolvido:<\/b>\u00a0Isolador ac\u00fastico do carpete.<\/em><\/p>\n<p><em><b>Raz\u00f5es t\u00e9cnicas:<\/b>\u00a0Em caso de colis\u00e3o, onde o acionamento dos pr\u00e9-tensionadores abdominais dos cintos de seguran\u00e7a dianteiros \u00e9 esperado, constatou-se a possibilidade de fagulhas decorrentes do seu funcionamento normal, as quais, direcionadas \u00e0 frente, poderiam atingir o isolador ac\u00fastico do carpete.<\/em><\/p>\n<p><em><b>Riscos:<\/b>\u00a0Possibilidade de princ\u00edpio de inc\u00eandio na regi\u00e3o inferior da coluna B, podendo resultar em danos materiais, les\u00f5es f\u00edsicas graves, ou at\u00e9 mesmo fatais, ao motorista e aos ocupantes do ve\u00edculo.<\/em><br \/>\n<em><b><br \/>\nSolu\u00e7\u00e3o:<\/b>\u00a0O servi\u00e7o consiste na instala\u00e7\u00e3o de uma prote\u00e7\u00e3o no isolador ac\u00fastico do carpete e pr\u00e9-tensionadores.<\/em><\/p>\n<p><em>O reparo ser\u00e1 realizado de forma gratuita e o tempo estimado para sua execu\u00e7\u00e3o \u00e9 de at\u00e9 2 horas e 30 minutos.<\/em><\/p>\n<p><em><b>Verifique se o seu ve\u00edculo est\u00e1 envolvido<\/b>\u00a0junto a sua concession\u00e1ria de prefer\u00eancia, na Central de Relacionamento Chevrolet atrav\u00e9s do\u00a0<b>0800-702-4200<\/b>\u00a0ou pelo\u00a0<b>WhatsApp no n\u00famero (11) 99882-8157<\/b>, ou no site\u00a0<a class=\"internal\" href=\"https:\/\/www.chevrolet.com.br\/servicos\/recalls\" target=\"_self\" data-di-id=\"di-id-293e7e3c-5907c4ad\" rel=\"noopener\">www.chevrolet.com.br\/servicos\/recalls<\/a>\u00a0e use estes canais em caso de d\u00favidas ou quanto ao agendamento do servi\u00e7o.\u00a0<\/em><\/p>\n<p><em>Consulte em\u00a0<a class=\"internal\" href=\"https:\/\/www.chevrolet.com.br\/localizar-concessionaria\" target=\"_self\" data-di-id=\"di-id-6e4745a6-655a3b2c\" rel=\"noopener\">www.chevrolet.com.br\/localizar-concessionaria<\/a> a Concession\u00e1ria da Rede Chevrolet de sua prefer\u00eancia e agende seu servi\u00e7o.&#8221;<\/em><\/p>\n<p><iframe style=\"width: 100%; max-width: 660px; overflow: hidden; background: transparent;\" src=\"https:\/\/embed.podcasts.apple.com\/br\/podcast\/podcast-cidademarketing\/id1371923283\" height=\"450\" frameborder=\"0\" sandbox=\"allow-forms allow-popups allow-same-origin allow-scripts allow-storage-access-by-user-activation allow-top-navigation-by-user-activation\"><\/iframe><\/p>\n","protected":false},"excerpt":{"rendered":"<p>&nbsp; A General Motors comunicou um recall para o Chevrolet Tracker, que envolve 79.730 unidades produzidas entre 2020 e 2022.\u00a0 O chamado envolve praticamente todos os ve\u00edculos do modelo Tracker fabricado entre os anos citados acima. Confira abaixo a nota oficial da Chevrolet sobre o recall: &#8220;A General Motors do Brasil,\u00a0visando resguardar a seguran\u00e7a e [&hellip;]<\/p>\n","protected":false},"author":1,"featured_media":35876,"comment_status":"open","ping_status":"open","sticky":false,"template":"","format":"standard","meta":{"tdm_status":"","tdm_grid_status":"","footnotes":""},"categories":[6],"tags":[315,51,33,2482,28,117],"class_list":["post-35875","post","type-post","status-publish","format-standard","has-post-thumbnail","hentry","category-noticias","tag-chevrolet","tag-consumidor","tag-estrategia","tag-gm","tag-marketing","tag-recall"],"yoast_head":"<!-- This site is optimized with the Yoast SEO plugin v27.5 - https:\/\/yoast.com\/product\/yoast-seo-wordpress\/ -->\n<title>Risco de Inc\u00eandio: Chevrolet convoca propriet\u00e1rios do novo Tracker para recall - CidadeMarketing<\/title>\n<meta name=\"robots\" content=\"index, follow, max-snippet:-1, max-image-preview:large, max-video-preview:-1\" \/>\n<link rel=\"canonical\" href=\"https:\/\/www.cidademarketing.com.br\/marketing\/2022\/04\/22\/risco-de-incendio-chevrolet-convoca-proprietarios-do-novo-tracker-para-recall\/\" \/>\n<meta property=\"og:locale\" content=\"pt_BR\" \/>\n<meta property=\"og:type\" content=\"article\" \/>\n<meta property=\"og:title\" content=\"Risco de Inc\u00eandio: Chevrolet convoca propriet\u00e1rios do novo Tracker para recall - CidadeMarketing\" \/>\n<meta property=\"og:description\" content=\"&nbsp; A General Motors comunicou um recall para o Chevrolet Tracker, que envolve 79.730 unidades produzidas entre 2020 e 2022.\u00a0 O chamado envolve praticamente todos os ve\u00edculos do modelo Tracker fabricado entre os anos citados acima. Confira abaixo a nota oficial da Chevrolet sobre o recall: &#8220;A General Motors do Brasil,\u00a0visando resguardar a seguran\u00e7a e [&hellip;]\" \/>\n<meta property=\"og:url\" content=\"https:\/\/www.cidademarketing.com.br\/marketing\/2022\/04\/22\/risco-de-incendio-chevrolet-convoca-proprietarios-do-novo-tracker-para-recall\/\" \/>\n<meta property=\"og:site_name\" content=\"CidadeMarketing\" \/>\n<meta property=\"article:publisher\" content=\"https:\/\/www.facebook.com\/portalcidademarketing\" \/>\n<meta property=\"article:author\" content=\"https:\/\/www.facebook.com\/thalesbrandao\" \/>\n<meta property=\"article:published_time\" content=\"2022-04-22T03:10:02+00:00\" \/>\n<meta property=\"og:image\" content=\"https:\/\/www.cidademarketing.com.br\/marketing\/wp-content\/uploads\/2022\/04\/tracker_suv.jpg\" \/>\n\t<meta property=\"og:image:width\" content=\"1265\" \/>\n\t<meta property=\"og:image:height\" content=\"707\" \/>\n\t<meta property=\"og:image:type\" content=\"image\/jpeg\" \/>\n<meta name=\"author\" content=\"Thales Brand\u00e3o\" \/>\n<meta name=\"twitter:card\" content=\"summary_large_image\" \/>\n<meta name=\"twitter:creator\" content=\"@http:\/\/www.twitter.com\/thalesbrandao\" \/>\n<meta name=\"twitter:site\" content=\"@CidadeMarketing\" \/>\n<meta name=\"twitter:label1\" content=\"Escrito por\" \/>\n\t<meta name=\"twitter:data1\" content=\"Thales Brand\u00e3o\" \/>\n\t<meta name=\"twitter:label2\" content=\"Est. tempo de leitura\" \/>\n\t<meta name=\"twitter:data2\" content=\"2 minutos\" \/>\n<script type=\"application\/ld+json\" class=\"yoast-schema-graph\">{\"@context\":\"https:\\\/\\\/schema.org\",\"@graph\":[{\"@type\":\"Article\",\"@id\":\"https:\\\/\\\/www.cidademarketing.com.br\\\/marketing\\\/2022\\\/04\\\/22\\\/risco-de-incendio-chevrolet-convoca-proprietarios-do-novo-tracker-para-recall\\\/#article\",\"isPartOf\":{\"@id\":\"https:\\\/\\\/www.cidademarketing.com.br\\\/marketing\\\/2022\\\/04\\\/22\\\/risco-de-incendio-chevrolet-convoca-proprietarios-do-novo-tracker-para-recall\\\/\"},\"author\":{\"name\":\"Thales Brand\u00e3o\",\"@id\":\"https:\\\/\\\/www.cidademarketing.com.br\\\/marketing\\\/#\\\/schema\\\/person\\\/02daff9f18bd9378c9e01eb6b2db155f\"},\"headline\":\"Risco de Inc\u00eandio: Chevrolet convoca propriet\u00e1rios do novo Tracker para recall\",\"datePublished\":\"2022-04-22T03:10:02+00:00\",\"mainEntityOfPage\":{\"@id\":\"https:\\\/\\\/www.cidademarketing.com.br\\\/marketing\\\/2022\\\/04\\\/22\\\/risco-de-incendio-chevrolet-convoca-proprietarios-do-novo-tracker-para-recall\\\/\"},\"wordCount\":401,\"commentCount\":0,\"publisher\":{\"@id\":\"https:\\\/\\\/www.cidademarketing.com.br\\\/marketing\\\/#organization\"},\"image\":{\"@id\":\"https:\\\/\\\/www.cidademarketing.com.br\\\/marketing\\\/2022\\\/04\\\/22\\\/risco-de-incendio-chevrolet-convoca-proprietarios-do-novo-tracker-para-recall\\\/#primaryimage\"},\"thumbnailUrl\":\"https:\\\/\\\/www.cidademarketing.com.br\\\/marketing\\\/wp-content\\\/uploads\\\/2022\\\/04\\\/tracker_suv.jpg\",\"keywords\":[\"Chevrolet\",\"consumidor\",\"estrat\u00e9gia\",\"GM\",\"marketing\",\"recall\"],\"articleSection\":[\"Not\u00edcias\"],\"inLanguage\":\"pt-BR\",\"potentialAction\":[{\"@type\":\"CommentAction\",\"name\":\"Comment\",\"target\":[\"https:\\\/\\\/www.cidademarketing.com.br\\\/marketing\\\/2022\\\/04\\\/22\\\/risco-de-incendio-chevrolet-convoca-proprietarios-do-novo-tracker-para-recall\\\/#respond\"]}]},{\"@type\":\"WebPage\",\"@id\":\"https:\\\/\\\/www.cidademarketing.com.br\\\/marketing\\\/2022\\\/04\\\/22\\\/risco-de-incendio-chevrolet-convoca-proprietarios-do-novo-tracker-para-recall\\\/\",\"url\":\"https:\\\/\\\/www.cidademarketing.com.br\\\/marketing\\\/2022\\\/04\\\/22\\\/risco-de-incendio-chevrolet-convoca-proprietarios-do-novo-tracker-para-recall\\\/\",\"name\":\"Risco de Inc\u00eandio: Chevrolet convoca propriet\u00e1rios do novo Tracker para recall - CidadeMarketing\",\"isPartOf\":{\"@id\":\"https:\\\/\\\/www.cidademarketing.com.br\\\/marketing\\\/#website\"},\"primaryImageOfPage\":{\"@id\":\"https:\\\/\\\/www.cidademarketing.com.br\\\/marketing\\\/2022\\\/04\\\/22\\\/risco-de-incendio-chevrolet-convoca-proprietarios-do-novo-tracker-para-recall\\\/#primaryimage\"},\"image\":{\"@id\":\"https:\\\/\\\/www.cidademarketing.com.br\\\/marketing\\\/2022\\\/04\\\/22\\\/risco-de-incendio-chevrolet-convoca-proprietarios-do-novo-tracker-para-recall\\\/#primaryimage\"},\"thumbnailUrl\":\"https:\\\/\\\/www.cidademarketing.com.br\\\/marketing\\\/wp-content\\\/uploads\\\/2022\\\/04\\\/tracker_suv.jpg\",\"datePublished\":\"2022-04-22T03:10:02+00:00\",\"breadcrumb\":{\"@id\":\"https:\\\/\\\/www.cidademarketing.com.br\\\/marketing\\\/2022\\\/04\\\/22\\\/risco-de-incendio-chevrolet-convoca-proprietarios-do-novo-tracker-para-recall\\\/#breadcrumb\"},\"inLanguage\":\"pt-BR\",\"potentialAction\":[{\"@type\":\"ReadAction\",\"target\":[\"https:\\\/\\\/www.cidademarketing.com.br\\\/marketing\\\/2022\\\/04\\\/22\\\/risco-de-incendio-chevrolet-convoca-proprietarios-do-novo-tracker-para-recall\\\/\"]}]},{\"@type\":\"ImageObject\",\"inLanguage\":\"pt-BR\",\"@id\":\"https:\\\/\\\/www.cidademarketing.com.br\\\/marketing\\\/2022\\\/04\\\/22\\\/risco-de-incendio-chevrolet-convoca-proprietarios-do-novo-tracker-para-recall\\\/#primaryimage\",\"url\":\"https:\\\/\\\/www.cidademarketing.com.br\\\/marketing\\\/wp-content\\\/uploads\\\/2022\\\/04\\\/tracker_suv.jpg\",\"contentUrl\":\"https:\\\/\\\/www.cidademarketing.com.br\\\/marketing\\\/wp-content\\\/uploads\\\/2022\\\/04\\\/tracker_suv.jpg\",\"width\":1265,\"height\":707,\"caption\":\"Reprodu\u00e7\u00e3o\\\/Site\"},{\"@type\":\"BreadcrumbList\",\"@id\":\"https:\\\/\\\/www.cidademarketing.com.br\\\/marketing\\\/2022\\\/04\\\/22\\\/risco-de-incendio-chevrolet-convoca-proprietarios-do-novo-tracker-para-recall\\\/#breadcrumb\",\"itemListElement\":[{\"@type\":\"ListItem\",\"position\":1,\"name\":\"In\u00edcio\",\"item\":\"https:\\\/\\\/www.cidademarketing.com.br\\\/marketing\\\/\"},{\"@type\":\"ListItem\",\"position\":2,\"name\":\"Risco de Inc\u00eandio: Chevrolet convoca propriet\u00e1rios do novo Tracker para recall\"}]},{\"@type\":\"WebSite\",\"@id\":\"https:\\\/\\\/www.cidademarketing.com.br\\\/marketing\\\/#website\",\"url\":\"https:\\\/\\\/www.cidademarketing.com.br\\\/marketing\\\/\",\"name\":\"CidadeMarketing\",\"description\":\"Somos um ve\u00edculo de comunica\u00e7\u00e3o de destaque no Brasil, reconhecido por conte\u00fados nos segmentos de marketing, empreendedorismo e inova\u00e7\u00e3o.\",\"publisher\":{\"@id\":\"https:\\\/\\\/www.cidademarketing.com.br\\\/marketing\\\/#organization\"},\"alternateName\":\"CidadeMarketing\",\"potentialAction\":[{\"@type\":\"SearchAction\",\"target\":{\"@type\":\"EntryPoint\",\"urlTemplate\":\"https:\\\/\\\/www.cidademarketing.com.br\\\/marketing\\\/?s={search_term_string}\"},\"query-input\":{\"@type\":\"PropertyValueSpecification\",\"valueRequired\":true,\"valueName\":\"search_term_string\"}}],\"inLanguage\":\"pt-BR\"},{\"@type\":\"Organization\",\"@id\":\"https:\\\/\\\/www.cidademarketing.com.br\\\/marketing\\\/#organization\",\"name\":\"CidadeMarketing\",\"alternateName\":\"CidadeMarketing\",\"url\":\"https:\\\/\\\/www.cidademarketing.com.br\\\/marketing\\\/\",\"logo\":{\"@type\":\"ImageObject\",\"inLanguage\":\"pt-BR\",\"@id\":\"https:\\\/\\\/www.cidademarketing.com.br\\\/marketing\\\/#\\\/schema\\\/logo\\\/image\\\/\",\"url\":\"https:\\\/\\\/www.cidademarketing.com.br\\\/marketing\\\/wp-content\\\/uploads\\\/2020\\\/01\\\/cidademarketing_marca_mobile.png\",\"contentUrl\":\"https:\\\/\\\/www.cidademarketing.com.br\\\/marketing\\\/wp-content\\\/uploads\\\/2020\\\/01\\\/cidademarketing_marca_mobile.png\",\"width\":230,\"height\":92,\"caption\":\"CidadeMarketing\"},\"image\":{\"@id\":\"https:\\\/\\\/www.cidademarketing.com.br\\\/marketing\\\/#\\\/schema\\\/logo\\\/image\\\/\"},\"sameAs\":[\"https:\\\/\\\/www.facebook.com\\\/portalcidademarketing\",\"https:\\\/\\\/x.com\\\/CidadeMarketing\",\"https:\\\/\\\/www.instagram.com\\\/cidademarketing\\\/\"]},{\"@type\":\"Person\",\"@id\":\"https:\\\/\\\/www.cidademarketing.com.br\\\/marketing\\\/#\\\/schema\\\/person\\\/02daff9f18bd9378c9e01eb6b2db155f\",\"name\":\"Thales Brand\u00e3o\",\"image\":{\"@type\":\"ImageObject\",\"inLanguage\":\"pt-BR\",\"@id\":\"https:\\\/\\\/secure.gravatar.com\\\/avatar\\\/7ca3206950207cc3cb48feec56a8a7898741ab725c368d99d5d7a5a50aab80c6?s=96&d=mm&r=g\",\"url\":\"https:\\\/\\\/secure.gravatar.com\\\/avatar\\\/7ca3206950207cc3cb48feec56a8a7898741ab725c368d99d5d7a5a50aab80c6?s=96&d=mm&r=g\",\"contentUrl\":\"https:\\\/\\\/secure.gravatar.com\\\/avatar\\\/7ca3206950207cc3cb48feec56a8a7898741ab725c368d99d5d7a5a50aab80c6?s=96&d=mm&r=g\",\"caption\":\"Thales Brand\u00e3o\"},\"description\":\"Editor Executivo do Portal CidadeMarketing.com.br &gt; Mestre em Comunica\u00e7\u00e3o e Sociedade pela Universidade Federal de Sergipe. Possui MBA Executivo em Administra\u00e7\u00e3o com \u00eanfase em Marketing pela Funda\u00e7\u00e3o Get\u00falio Vargas - Rio de Janeiro. Consultor, Palestrante e Pesquisador sobre Empreendedorismo, Marketing, Redes Sociais e Neg\u00f3cios Digitais. Professor, Palestrante TedxTalks e Campus Party. Twitter: @ThalesBrandao\",\"sameAs\":[\"http:\\\/\\\/www.mandacaru.com.br\",\"https:\\\/\\\/www.facebook.com\\\/thalesbrandao\",\"http:\\\/\\\/www.instagram.com.br\\\/thalesbrandaoferreira\",\"https:\\\/\\\/www.linkedin.com\\\/in\\\/thales-brand\u00e3o-3948609\\\/\",\"https:\\\/\\\/x.com\\\/http:\\\/\\\/www.twitter.com\\\/thalesbrandao\"],\"url\":\"https:\\\/\\\/www.cidademarketing.com.br\\\/marketing\\\/author\\\/thalesbrandao\\\/\"}]}<\/script>\n<!-- \/ Yoast SEO plugin. -->","yoast_head_json":{"title":"Risco de Inc\u00eandio: Chevrolet convoca propriet\u00e1rios do novo Tracker para recall - CidadeMarketing","robots":{"index":"index","follow":"follow","max-snippet":"max-snippet:-1","max-image-preview":"max-image-preview:large","max-video-preview":"max-video-preview:-1"},"canonical":"https:\/\/www.cidademarketing.com.br\/marketing\/2022\/04\/22\/risco-de-incendio-chevrolet-convoca-proprietarios-do-novo-tracker-para-recall\/","og_locale":"pt_BR","og_type":"article","og_title":"Risco de Inc\u00eandio: Chevrolet convoca propriet\u00e1rios do novo Tracker para recall - CidadeMarketing","og_description":"&nbsp; A General Motors comunicou um recall para o Chevrolet Tracker, que envolve 79.730 unidades produzidas entre 2020 e 2022.\u00a0 O chamado envolve praticamente todos os ve\u00edculos do modelo Tracker fabricado entre os anos citados acima. Confira abaixo a nota oficial da Chevrolet sobre o recall: &#8220;A General Motors do Brasil,\u00a0visando resguardar a seguran\u00e7a e [&hellip;]","og_url":"https:\/\/www.cidademarketing.com.br\/marketing\/2022\/04\/22\/risco-de-incendio-chevrolet-convoca-proprietarios-do-novo-tracker-para-recall\/","og_site_name":"CidadeMarketing","article_publisher":"https:\/\/www.facebook.com\/portalcidademarketing","article_author":"https:\/\/www.facebook.com\/thalesbrandao","article_published_time":"2022-04-22T03:10:02+00:00","og_image":[{"width":1265,"height":707,"url":"https:\/\/www.cidademarketing.com.br\/marketing\/wp-content\/uploads\/2022\/04\/tracker_suv.jpg","type":"image\/jpeg"}],"author":"Thales Brand\u00e3o","twitter_card":"summary_large_image","twitter_creator":"@http:\/\/www.twitter.com\/thalesbrandao","twitter_site":"@CidadeMarketing","twitter_misc":{"Escrito por":"Thales Brand\u00e3o","Est. tempo de leitura":"2 minutos"},"schema":{"@context":"https:\/\/schema.org","@graph":[{"@type":"Article","@id":"https:\/\/www.cidademarketing.com.br\/marketing\/2022\/04\/22\/risco-de-incendio-chevrolet-convoca-proprietarios-do-novo-tracker-para-recall\/#article","isPartOf":{"@id":"https:\/\/www.cidademarketing.com.br\/marketing\/2022\/04\/22\/risco-de-incendio-chevrolet-convoca-proprietarios-do-novo-tracker-para-recall\/"},"author":{"name":"Thales Brand\u00e3o","@id":"https:\/\/www.cidademarketing.com.br\/marketing\/#\/schema\/person\/02daff9f18bd9378c9e01eb6b2db155f"},"headline":"Risco de Inc\u00eandio: Chevrolet convoca propriet\u00e1rios do novo Tracker para recall","datePublished":"2022-04-22T03:10:02+00:00","mainEntityOfPage":{"@id":"https:\/\/www.cidademarketing.com.br\/marketing\/2022\/04\/22\/risco-de-incendio-chevrolet-convoca-proprietarios-do-novo-tracker-para-recall\/"},"wordCount":401,"commentCount":0,"publisher":{"@id":"https:\/\/www.cidademarketing.com.br\/marketing\/#organization"},"image":{"@id":"https:\/\/www.cidademarketing.com.br\/marketing\/2022\/04\/22\/risco-de-incendio-chevrolet-convoca-proprietarios-do-novo-tracker-para-recall\/#primaryimage"},"thumbnailUrl":"https:\/\/www.cidademarketing.com.br\/marketing\/wp-content\/uploads\/2022\/04\/tracker_suv.jpg","keywords":["Chevrolet","consumidor","estrat\u00e9gia","GM","marketing","recall"],"articleSection":["Not\u00edcias"],"inLanguage":"pt-BR","potentialAction":[{"@type":"CommentAction","name":"Comment","target":["https:\/\/www.cidademarketing.com.br\/marketing\/2022\/04\/22\/risco-de-incendio-chevrolet-convoca-proprietarios-do-novo-tracker-para-recall\/#respond"]}]},{"@type":"WebPage","@id":"https:\/\/www.cidademarketing.com.br\/marketing\/2022\/04\/22\/risco-de-incendio-chevrolet-convoca-proprietarios-do-novo-tracker-para-recall\/","url":"https:\/\/www.cidademarketing.com.br\/marketing\/2022\/04\/22\/risco-de-incendio-chevrolet-convoca-proprietarios-do-novo-tracker-para-recall\/","name":"Risco de Inc\u00eandio: Chevrolet convoca propriet\u00e1rios do novo Tracker para recall - CidadeMarketing","isPartOf":{"@id":"https:\/\/www.cidademarketing.com.br\/marketing\/#website"},"primaryImageOfPage":{"@id":"https:\/\/www.cidademarketing.com.br\/marketing\/2022\/04\/22\/risco-de-incendio-chevrolet-convoca-proprietarios-do-novo-tracker-para-recall\/#primaryimage"},"image":{"@id":"https:\/\/www.cidademarketing.com.br\/marketing\/2022\/04\/22\/risco-de-incendio-chevrolet-convoca-proprietarios-do-novo-tracker-para-recall\/#primaryimage"},"thumbnailUrl":"https:\/\/www.cidademarketing.com.br\/marketing\/wp-content\/uploads\/2022\/04\/tracker_suv.jpg","datePublished":"2022-04-22T03:10:02+00:00","breadcrumb":{"@id":"https:\/\/www.cidademarketing.com.br\/marketing\/2022\/04\/22\/risco-de-incendio-chevrolet-convoca-proprietarios-do-novo-tracker-para-recall\/#breadcrumb"},"inLanguage":"pt-BR","potentialAction":[{"@type":"ReadAction","target":["https:\/\/www.cidademarketing.com.br\/marketing\/2022\/04\/22\/risco-de-incendio-chevrolet-convoca-proprietarios-do-novo-tracker-para-recall\/"]}]},{"@type":"ImageObject","inLanguage":"pt-BR","@id":"https:\/\/www.cidademarketing.com.br\/marketing\/2022\/04\/22\/risco-de-incendio-chevrolet-convoca-proprietarios-do-novo-tracker-para-recall\/#primaryimage","url":"https:\/\/www.cidademarketing.com.br\/marketing\/wp-content\/uploads\/2022\/04\/tracker_suv.jpg","contentUrl":"https:\/\/www.cidademarketing.com.br\/marketing\/wp-content\/uploads\/2022\/04\/tracker_suv.jpg","width":1265,"height":707,"caption":"Reprodu\u00e7\u00e3o\/Site"},{"@type":"BreadcrumbList","@id":"https:\/\/www.cidademarketing.com.br\/marketing\/2022\/04\/22\/risco-de-incendio-chevrolet-convoca-proprietarios-do-novo-tracker-para-recall\/#breadcrumb","itemListElement":[{"@type":"ListItem","position":1,"name":"In\u00edcio","item":"https:\/\/www.cidademarketing.com.br\/marketing\/"},{"@type":"ListItem","position":2,"name":"Risco de Inc\u00eandio: Chevrolet convoca propriet\u00e1rios do novo Tracker para recall"}]},{"@type":"WebSite","@id":"https:\/\/www.cidademarketing.com.br\/marketing\/#website","url":"https:\/\/www.cidademarketing.com.br\/marketing\/","name":"CidadeMarketing","description":"Somos um ve\u00edculo de comunica\u00e7\u00e3o de destaque no Brasil, reconhecido por conte\u00fados nos segmentos de marketing, empreendedorismo e inova\u00e7\u00e3o.","publisher":{"@id":"https:\/\/www.cidademarketing.com.br\/marketing\/#organization"},"alternateName":"CidadeMarketing","potentialAction":[{"@type":"SearchAction","target":{"@type":"EntryPoint","urlTemplate":"https:\/\/www.cidademarketing.com.br\/marketing\/?s={search_term_string}"},"query-input":{"@type":"PropertyValueSpecification","valueRequired":true,"valueName":"search_term_string"}}],"inLanguage":"pt-BR"},{"@type":"Organization","@id":"https:\/\/www.cidademarketing.com.br\/marketing\/#organization","name":"CidadeMarketing","alternateName":"CidadeMarketing","url":"https:\/\/www.cidademarketing.com.br\/marketing\/","logo":{"@type":"ImageObject","inLanguage":"pt-BR","@id":"https:\/\/www.cidademarketing.com.br\/marketing\/#\/schema\/logo\/image\/","url":"https:\/\/www.cidademarketing.com.br\/marketing\/wp-content\/uploads\/2020\/01\/cidademarketing_marca_mobile.png","contentUrl":"https:\/\/www.cidademarketing.com.br\/marketing\/wp-content\/uploads\/2020\/01\/cidademarketing_marca_mobile.png","width":230,"height":92,"caption":"CidadeMarketing"},"image":{"@id":"https:\/\/www.cidademarketing.com.br\/marketing\/#\/schema\/logo\/image\/"},"sameAs":["https:\/\/www.facebook.com\/portalcidademarketing","https:\/\/x.com\/CidadeMarketing","https:\/\/www.instagram.com\/cidademarketing\/"]},{"@type":"Person","@id":"https:\/\/www.cidademarketing.com.br\/marketing\/#\/schema\/person\/02daff9f18bd9378c9e01eb6b2db155f","name":"Thales Brand\u00e3o","image":{"@type":"ImageObject","inLanguage":"pt-BR","@id":"https:\/\/secure.gravatar.com\/avatar\/7ca3206950207cc3cb48feec56a8a7898741ab725c368d99d5d7a5a50aab80c6?s=96&d=mm&r=g","url":"https:\/\/secure.gravatar.com\/avatar\/7ca3206950207cc3cb48feec56a8a7898741ab725c368d99d5d7a5a50aab80c6?s=96&d=mm&r=g","contentUrl":"https:\/\/secure.gravatar.com\/avatar\/7ca3206950207cc3cb48feec56a8a7898741ab725c368d99d5d7a5a50aab80c6?s=96&d=mm&r=g","caption":"Thales Brand\u00e3o"},"description":"Editor Executivo do Portal CidadeMarketing.com.br &gt; Mestre em Comunica\u00e7\u00e3o e Sociedade pela Universidade Federal de Sergipe. Possui MBA Executivo em Administra\u00e7\u00e3o com \u00eanfase em Marketing pela Funda\u00e7\u00e3o Get\u00falio Vargas - Rio de Janeiro. Consultor, Palestrante e Pesquisador sobre Empreendedorismo, Marketing, Redes Sociais e Neg\u00f3cios Digitais. Professor, Palestrante TedxTalks e Campus Party. Twitter: @ThalesBrandao","sameAs":["http:\/\/www.mandacaru.com.br","https:\/\/www.facebook.com\/thalesbrandao","http:\/\/www.instagram.com.br\/thalesbrandaoferreira","https:\/\/www.linkedin.com\/in\/thales-brand\u00e3o-3948609\/","https:\/\/x.com\/http:\/\/www.twitter.com\/thalesbrandao"],"url":"https:\/\/www.cidademarketing.com.br\/marketing\/author\/thalesbrandao\/"}]}},"amp_enabled":true,"_links":{"self":[{"href":"https:\/\/www.cidademarketing.com.br\/marketing\/wp-json\/wp\/v2\/posts\/35875","targetHints":{"allow":["GET"]}}],"collection":[{"href":"https:\/\/www.cidademarketing.com.br\/marketing\/wp-json\/wp\/v2\/posts"}],"about":[{"href":"https:\/\/www.cidademarketing.com.br\/marketing\/wp-json\/wp\/v2\/types\/post"}],"author":[{"embeddable":true,"href":"https:\/\/www.cidademarketing.com.br\/marketing\/wp-json\/wp\/v2\/users\/1"}],"replies":[{"embeddable":true,"href":"https:\/\/www.cidademarketing.com.br\/marketing\/wp-json\/wp\/v2\/comments?post=35875"}],"version-history":[{"count":1,"href":"https:\/\/www.cidademarketing.com.br\/marketing\/wp-json\/wp\/v2\/posts\/35875\/revisions"}],"predecessor-version":[{"id":35877,"href":"https:\/\/www.cidademarketing.com.br\/marketing\/wp-json\/wp\/v2\/posts\/35875\/revisions\/35877"}],"wp:featuredmedia":[{"embeddable":true,"href":"https:\/\/www.cidademarketing.com.br\/marketing\/wp-json\/wp\/v2\/media\/35876"}],"wp:attachment":[{"href":"https:\/\/www.cidademarketing.com.br\/marketing\/wp-json\/wp\/v2\/media?parent=35875"}],"wp:term":[{"taxonomy":"category","embeddable":true,"href":"https:\/\/www.cidademarketing.com.br\/marketing\/wp-json\/wp\/v2\/categories?post=35875"},{"taxonomy":"post_tag","embeddable":true,"href":"https:\/\/www.cidademarketing.com.br\/marketing\/wp-json\/wp\/v2\/tags?post=35875"}],"curies":[{"name":"wp","href":"https:\/\/api.w.org\/{rel}","templated":true}]}}