{"id":35813,"date":"2022-04-19T14:17:15","date_gmt":"2022-04-19T17:17:15","guid":{"rendered":"https:\/\/www.cidademarketing.com.br\/marketing\/?p=35813"},"modified":"2022-04-19T14:19:42","modified_gmt":"2022-04-19T17:19:42","slug":"ballantines-mistura-arte-em-homenagem-aos-blocos-de-carnaval","status":"publish","type":"post","link":"https:\/\/www.cidademarketing.com.br\/marketing\/2022\/04\/19\/ballantines-mistura-arte-em-homenagem-aos-blocos-de-carnaval\/","title":{"rendered":"Ballantine\u2019s mistura arte em homenagem aos blocos de Carnaval"},"content":{"rendered":"<p><iframe style=\"border-radius: 12px;\" src=\"https:\/\/open.spotify.com\/embed\/show\/4khMKzP3FgFRWVwb73xicc?utm_source=generator&amp;t=0\" width=\"100%\" height=\"232\" frameborder=\"0\" allowfullscreen=\"allowfullscreen\"><\/iframe><br \/>\nDepois de dois anos, chegou o momento de trazer as cores de volta \u00e0 vida. Nessa proposta, Ballantine&#8217;s e CP+B Brasil lan\u00e7am a\u00e7\u00e3o que mistura arte, cores ic\u00f4nicas da garrafa e os principais blocos de S\u00e3o Paulo e do Rio de Janeiro neste momento hist\u00f3rico com o Carnaval fora de \u00e9poca, que acontece agora em abril.<\/p>\n<p>Entre pra\u00e7as por onde passam os blocos de S\u00e3o Paulo Acad\u00eamicos do Baixo Augusta, Bastardos e Charanga do Fran\u00e7a e ruas e avenidas do Rio de Janeiro, que marcam o trajeto de blocos como O Cord\u00e3o do Bola Preta, Orquestra Voadora e Simpatia \u00e9 Quase Amor, as pessoas se surpreender\u00e3o com muitas cores e criatividade. E n\u00e3o estamos falando apenas das fantasias, confetes e serpentinas que o Carnaval costuma trazer, mas tamb\u00e9m de grandes produ\u00e7\u00f5es cheias de autenticidade de artistas brasileiros que expressar\u00e3o a sua arte nas ruas.<\/p>\n<p>Depois de dois anos &#8220;cinzas&#8221;, essa a\u00e7\u00e3o tem o objetivo de trazer as cores e alegria de volta para as ruas e comemorar o momento especial que \u00e9 o Carnaval, mesmo fora de \u00e9poca. Refor\u00e7ando a mensagem de &#8220;N\u00e3o tem jeito errado&#8221;, Ballantines criou uma a\u00e7\u00e3o para homenagear o carnaval de SP e RJ. \u201cA ideia \u00e9 impactar nossos consumidores e levar cores para o momento mais esperado do ano integrado ao lan\u00e7amento da edi\u00e7\u00e3o limitada da garrafa em parceria com a artista Shawna!\u201d, conta Patr\u00edcia Cardoso, diretora de Marketing da Pernod Ricard Brasil.<\/p>\n<p>Em S\u00e3o Paulo, as Pra\u00e7as Jos\u00e9 Molina, no Pacaembu, e Benedito Calixto, em Pinheiros, e o Largo Santa Cec\u00edlia recebem, em cada um desses locais, uma arte de 40 metros de comprimento com cores vibrantes, coloridas e com muita autenticidade. A mesma coisa acontece no Rio de Janeiro, na Rua da Rela\u00e7\u00e3o, no Centro da cidade, na Rua Teixeira de Melo, em Ipanema, e na Rua Teixeira de Freitas, no Centro.<\/p>\n\r\n                <style type=\"text\/css\">\r\n                    \r\n                    #tdi_1  .td-doubleSlider-2 .td-item1 {\r\n                        background: url(https:\/\/www.cidademarketing.com.br\/marketing\/wp-content\/uploads\/2022\/04\/ballantines_carnaval_01-80x60.png) 0 0 no-repeat;\r\n                    }\r\n                    #tdi_1  .td-doubleSlider-2 .td-item2 {\r\n                        background: url(https:\/\/www.cidademarketing.com.br\/marketing\/wp-content\/uploads\/2022\/04\/ballantines_carnaval_02-80x60.png) 0 0 no-repeat;\r\n                    }\r\n                    #tdi_1  .td-doubleSlider-2 .td-item3 {\r\n                        background: url(https:\/\/www.cidademarketing.com.br\/marketing\/wp-content\/uploads\/2022\/04\/ballantines_carnaval_03-80x60.png) 0 0 no-repeat;\r\n                    }\r\n                <\/style>\r\n\r\n                <div id=\"tdi_1\" class=\"td-gallery td-slide-on-2-columns\">\r\n                    <div class=\"post_td_gallery\">\r\n                        <div class=\"td-gallery-slide-top\">\r\n                           <div class=\"td-gallery-title\"><\/div>\r\n\r\n                            <div class=\"td-gallery-controls-wrapper\">\r\n                                <div class=\"td-gallery-slide-count\"><span class=\"td-gallery-slide-item-focus\">1<\/span> de 3<\/div>\r\n                                <div class=\"td-gallery-slide-prev-next-but\">\r\n                                    <i class = \"td-icon-left doubleSliderPrevButton\"><\/i>\r\n                                    <i class = \"td-icon-right doubleSliderNextButton\"><\/i>\r\n                                <\/div>\r\n                            <\/div>\r\n                        <\/div>\r\n\r\n                        <div class = \"td-doubleSlider-1 \">\r\n                            <div class = \"td-slider\">\r\n                                \r\n                    <div class = \"td-slide-item td-item1\">\r\n                        <figure class=\"td-slide-galery-figure td-slide-popup-gallery\">\r\n                            <a class=\"slide-gallery-image-link\" href=\"https:\/\/www.cidademarketing.com.br\/marketing\/wp-content\/uploads\/2022\/04\/ballantines_carnaval_01.png\" title=\"ballantines_carnaval_01\"  data-caption=\"\"  data-description=\"\">\r\n                                <img decoding=\"async\" src=\"https:\/\/www.cidademarketing.com.br\/marketing\/wp-content\/uploads\/2022\/04\/ballantines_carnaval_01-236x420.png\" srcset=\"https:\/\/www.cidademarketing.com.br\/marketing\/wp-content\/uploads\/2022\/04\/ballantines_carnaval_01-236x420.png 236w, https:\/\/www.cidademarketing.com.br\/marketing\/wp-content\/uploads\/2022\/04\/ballantines_carnaval_01-169x300.png 169w, https:\/\/www.cidademarketing.com.br\/marketing\/wp-content\/uploads\/2022\/04\/ballantines_carnaval_01-576x1024.png 576w, https:\/\/www.cidademarketing.com.br\/marketing\/wp-content\/uploads\/2022\/04\/ballantines_carnaval_01-768x1365.png 768w, https:\/\/www.cidademarketing.com.br\/marketing\/wp-content\/uploads\/2022\/04\/ballantines_carnaval_01-864x1536.png 864w, https:\/\/www.cidademarketing.com.br\/marketing\/wp-content\/uploads\/2022\/04\/ballantines_carnaval_01-640x1138.png 640w, https:\/\/www.cidademarketing.com.br\/marketing\/wp-content\/uploads\/2022\/04\/ballantines_carnaval_01-681x1211.png 681w, https:\/\/www.cidademarketing.com.br\/marketing\/wp-content\/uploads\/2022\/04\/ballantines_carnaval_01.png 1080w\" sizes=\"(max-width: 236px) 100vw, 236px\" alt=\"\">\r\n                            <\/a>\r\n                            \r\n                        <\/figure>\r\n                    <\/div>\r\n                    <div class = \"td-slide-item td-item2\">\r\n                        <figure class=\"td-slide-galery-figure td-slide-popup-gallery\">\r\n                            <a class=\"slide-gallery-image-link\" href=\"https:\/\/www.cidademarketing.com.br\/marketing\/wp-content\/uploads\/2022\/04\/ballantines_carnaval_02.png\" title=\"ballantines_carnaval_02\"  data-caption=\"\"  data-description=\"\">\r\n                                <img decoding=\"async\" src=\"https:\/\/www.cidademarketing.com.br\/marketing\/wp-content\/uploads\/2022\/04\/ballantines_carnaval_02-236x420.png\" srcset=\"https:\/\/www.cidademarketing.com.br\/marketing\/wp-content\/uploads\/2022\/04\/ballantines_carnaval_02-236x420.png 236w, https:\/\/www.cidademarketing.com.br\/marketing\/wp-content\/uploads\/2022\/04\/ballantines_carnaval_02-169x300.png 169w, https:\/\/www.cidademarketing.com.br\/marketing\/wp-content\/uploads\/2022\/04\/ballantines_carnaval_02-576x1024.png 576w, https:\/\/www.cidademarketing.com.br\/marketing\/wp-content\/uploads\/2022\/04\/ballantines_carnaval_02-768x1365.png 768w, https:\/\/www.cidademarketing.com.br\/marketing\/wp-content\/uploads\/2022\/04\/ballantines_carnaval_02-864x1536.png 864w, https:\/\/www.cidademarketing.com.br\/marketing\/wp-content\/uploads\/2022\/04\/ballantines_carnaval_02-640x1138.png 640w, https:\/\/www.cidademarketing.com.br\/marketing\/wp-content\/uploads\/2022\/04\/ballantines_carnaval_02-681x1211.png 681w, https:\/\/www.cidademarketing.com.br\/marketing\/wp-content\/uploads\/2022\/04\/ballantines_carnaval_02.png 1080w\" sizes=\"(max-width: 236px) 100vw, 236px\" alt=\"\">\r\n                            <\/a>\r\n                            \r\n                        <\/figure>\r\n                    <\/div>\r\n                    <div class = \"td-slide-item td-item3\">\r\n                        <figure class=\"td-slide-galery-figure td-slide-popup-gallery\">\r\n                            <a class=\"slide-gallery-image-link\" href=\"https:\/\/www.cidademarketing.com.br\/marketing\/wp-content\/uploads\/2022\/04\/ballantines_carnaval_03.png\" title=\"ballantines_carnaval_03\"  data-caption=\"\"  data-description=\"\">\r\n                                <img decoding=\"async\" src=\"https:\/\/www.cidademarketing.com.br\/marketing\/wp-content\/uploads\/2022\/04\/ballantines_carnaval_03-236x420.png\" srcset=\"https:\/\/www.cidademarketing.com.br\/marketing\/wp-content\/uploads\/2022\/04\/ballantines_carnaval_03-236x420.png 236w, https:\/\/www.cidademarketing.com.br\/marketing\/wp-content\/uploads\/2022\/04\/ballantines_carnaval_03-169x300.png 169w, https:\/\/www.cidademarketing.com.br\/marketing\/wp-content\/uploads\/2022\/04\/ballantines_carnaval_03-576x1024.png 576w, https:\/\/www.cidademarketing.com.br\/marketing\/wp-content\/uploads\/2022\/04\/ballantines_carnaval_03-768x1365.png 768w, https:\/\/www.cidademarketing.com.br\/marketing\/wp-content\/uploads\/2022\/04\/ballantines_carnaval_03-864x1536.png 864w, https:\/\/www.cidademarketing.com.br\/marketing\/wp-content\/uploads\/2022\/04\/ballantines_carnaval_03-640x1138.png 640w, https:\/\/www.cidademarketing.com.br\/marketing\/wp-content\/uploads\/2022\/04\/ballantines_carnaval_03-681x1211.png 681w, https:\/\/www.cidademarketing.com.br\/marketing\/wp-content\/uploads\/2022\/04\/ballantines_carnaval_03.png 1080w\" sizes=\"(max-width: 236px) 100vw, 236px\" alt=\"\">\r\n                            <\/a>\r\n                            \r\n                        <\/figure>\r\n                    <\/div>\r\n                            <\/div>\r\n                        <\/div>\r\n\r\n                        <div class = \"td-doubleSlider-2\">\r\n                            <div class = \"td-slider\">\r\n                                \r\n                    <div class = \"td-button td-item1\">\r\n                        <div class = \"td-border\"><\/div>\r\n                    <\/div>\r\n                    <div class = \"td-button td-item2\">\r\n                        <div class = \"td-border\"><\/div>\r\n                    <\/div>\r\n                    <div class = \"td-button td-item3\">\r\n                        <div class = \"td-border\"><\/div>\r\n                    <\/div>\r\n                            <\/div>\r\n                        <\/div>\r\n\r\n                    <\/div>\r\n\r\n                <\/div>\r\n                \n<p>&nbsp;<\/p>\n<p>As artes trazem as cores ic\u00f4nicas da marca a partir do olhar criativo dos artistas Juline Lob\u00e3o (SP) e Thiago Thipan (RJ), que foram escolhidos para se inspirar na garrafa de edi\u00e7\u00e3o limitada de Ballantine&#8217;s, criada pela artista norte-americana Shawna X, conhecida pelas suas obras vibrantes, coloridas e altamente gr\u00e1ficas, com um toque especial de identidade cultural local.<\/p>\n<p>O projeto contou com a parceria do Instagrafite, respons\u00e1vel pela curadoria dos artistas brasileiros participantes da a\u00e7\u00e3o, levando em conta alguns pontos art\u00edsticos importantes, como tra\u00e7os abstratos e figurativos, paleta de cores vibrantes, al\u00e9m da sinergia com os trabalhos de Shawna X. E foi a partir dessas escolhas que os artistas brasileiros entraram em um imersivo colab com Shawna X para compreender o contexto e sua percep\u00e7\u00e3o para criar as artes presentes nas ruas. O colab contou tamb\u00e9m com a participa\u00e7\u00e3o dos blocos de rua homenageados.<\/p>\n<p>&#8220;Estamos muito empolgados com esse projeto lindo, cheio de vida e cor. O Carnaval \u00e9 uma festa muito especial para n\u00f3s brasileiros e o fato dele acontecer fora de \u00e9poca trouxe ainda mais conex\u00e3o com a mensagem que Ballantine\u2019s quer passar a seus consumidores\u201d, comenta Milena Braune, Diretora de Atendimento da CP+B.<\/p>\n<p>Para contar essa hist\u00f3ria, a marca criou diversas pe\u00e7as digitais, com a participa\u00e7\u00e3o de influenciadores que entraram no clima de Carnaval fora de \u00e9poca, criando conte\u00fados com o kit exclusivo que receberam repleto de glitter, confetes, camiseta, copo e a garrafa de edi\u00e7\u00e3o limitada de Ballantine\u2019s, afinal, com Ballantines #naotemjeitoerrado.<\/p>\n<p><iframe style=\"width: 100%; max-width: 660px; overflow: hidden; background: transparent;\" src=\"https:\/\/embed.podcasts.apple.com\/br\/podcast\/podcast-cidademarketing\/id1371923283\" height=\"450\" frameborder=\"0\" sandbox=\"allow-forms allow-popups allow-same-origin allow-scripts allow-storage-access-by-user-activation allow-top-navigation-by-user-activation\"><\/iframe><\/p>\n","protected":false},"excerpt":{"rendered":"<p>Depois de dois anos, chegou o momento de trazer as cores de volta \u00e0 vida. Nessa proposta, Ballantine&#8217;s e CP+B Brasil lan\u00e7am a\u00e7\u00e3o que mistura arte, cores ic\u00f4nicas da garrafa e os principais blocos de S\u00e3o Paulo e do Rio de Janeiro neste momento hist\u00f3rico com o Carnaval fora de \u00e9poca, que acontece agora em [&hellip;]<\/p>\n","protected":false},"author":1,"featured_media":35816,"comment_status":"open","ping_status":"open","sticky":false,"template":"","format":"standard","meta":{"tdm_status":"","tdm_grid_status":"","footnotes":""},"categories":[6],"tags":[2397,3724,33,28,340],"class_list":["post-35813","post","type-post","status-publish","format-standard","has-post-thumbnail","hentry","category-noticias","tag-arte","tag-ballantines","tag-estrategia","tag-marketing","tag-marketing-cultural"],"yoast_head":"<!-- This site is optimized with the Yoast SEO plugin v27.5 - https:\/\/yoast.com\/product\/yoast-seo-wordpress\/ -->\n<title>Ballantine\u2019s mistura arte em homenagem aos blocos de Carnaval - CidadeMarketing<\/title>\n<meta name=\"robots\" content=\"index, follow, max-snippet:-1, max-image-preview:large, max-video-preview:-1\" \/>\n<link rel=\"canonical\" href=\"https:\/\/www.cidademarketing.com.br\/marketing\/2022\/04\/19\/ballantines-mistura-arte-em-homenagem-aos-blocos-de-carnaval\/\" \/>\n<meta property=\"og:locale\" content=\"pt_BR\" \/>\n<meta property=\"og:type\" content=\"article\" \/>\n<meta property=\"og:title\" content=\"Ballantine\u2019s mistura arte em homenagem aos blocos de Carnaval - CidadeMarketing\" \/>\n<meta property=\"og:description\" content=\"Depois de dois anos, chegou o momento de trazer as cores de volta \u00e0 vida. Nessa proposta, Ballantine&#8217;s e CP+B Brasil lan\u00e7am a\u00e7\u00e3o que mistura arte, cores ic\u00f4nicas da garrafa e os principais blocos de S\u00e3o Paulo e do Rio de Janeiro neste momento hist\u00f3rico com o Carnaval fora de \u00e9poca, que acontece agora em [&hellip;]\" \/>\n<meta property=\"og:url\" content=\"https:\/\/www.cidademarketing.com.br\/marketing\/2022\/04\/19\/ballantines-mistura-arte-em-homenagem-aos-blocos-de-carnaval\/\" \/>\n<meta property=\"og:site_name\" content=\"CidadeMarketing\" \/>\n<meta property=\"article:publisher\" content=\"https:\/\/www.facebook.com\/portalcidademarketing\" \/>\n<meta property=\"article:author\" content=\"https:\/\/www.facebook.com\/thalesbrandao\" \/>\n<meta property=\"article:published_time\" content=\"2022-04-19T17:17:15+00:00\" \/>\n<meta property=\"article:modified_time\" content=\"2022-04-19T17:19:42+00:00\" \/>\n<meta property=\"og:image\" content=\"https:\/\/www.cidademarketing.com.br\/marketing\/wp-content\/uploads\/2022\/04\/ballantines_carnaval_03-576x1024.png\" \/>\n\t<meta property=\"og:image:width\" content=\"576\" \/>\n\t<meta property=\"og:image:height\" content=\"1024\" \/>\n\t<meta property=\"og:image:type\" content=\"image\/png\" \/>\n<meta name=\"author\" content=\"Thales Brand\u00e3o\" \/>\n<meta name=\"twitter:card\" content=\"summary_large_image\" \/>\n<meta name=\"twitter:creator\" content=\"@http:\/\/www.twitter.com\/thalesbrandao\" \/>\n<meta name=\"twitter:site\" content=\"@CidadeMarketing\" \/>\n<meta name=\"twitter:label1\" content=\"Escrito por\" \/>\n\t<meta name=\"twitter:data1\" content=\"Thales Brand\u00e3o\" \/>\n\t<meta name=\"twitter:label2\" content=\"Est. tempo de leitura\" \/>\n\t<meta name=\"twitter:data2\" content=\"3 minutos\" \/>\n<script type=\"application\/ld+json\" class=\"yoast-schema-graph\">{\"@context\":\"https:\\\/\\\/schema.org\",\"@graph\":[{\"@type\":\"Article\",\"@id\":\"https:\\\/\\\/www.cidademarketing.com.br\\\/marketing\\\/2022\\\/04\\\/19\\\/ballantines-mistura-arte-em-homenagem-aos-blocos-de-carnaval\\\/#article\",\"isPartOf\":{\"@id\":\"https:\\\/\\\/www.cidademarketing.com.br\\\/marketing\\\/2022\\\/04\\\/19\\\/ballantines-mistura-arte-em-homenagem-aos-blocos-de-carnaval\\\/\"},\"author\":{\"name\":\"Thales Brand\u00e3o\",\"@id\":\"https:\\\/\\\/www.cidademarketing.com.br\\\/marketing\\\/#\\\/schema\\\/person\\\/02daff9f18bd9378c9e01eb6b2db155f\"},\"headline\":\"Ballantine\u2019s mistura arte em homenagem aos blocos de Carnaval\",\"datePublished\":\"2022-04-19T17:17:15+00:00\",\"dateModified\":\"2022-04-19T17:19:42+00:00\",\"mainEntityOfPage\":{\"@id\":\"https:\\\/\\\/www.cidademarketing.com.br\\\/marketing\\\/2022\\\/04\\\/19\\\/ballantines-mistura-arte-em-homenagem-aos-blocos-de-carnaval\\\/\"},\"wordCount\":618,\"commentCount\":0,\"publisher\":{\"@id\":\"https:\\\/\\\/www.cidademarketing.com.br\\\/marketing\\\/#organization\"},\"image\":{\"@id\":\"https:\\\/\\\/www.cidademarketing.com.br\\\/marketing\\\/2022\\\/04\\\/19\\\/ballantines-mistura-arte-em-homenagem-aos-blocos-de-carnaval\\\/#primaryimage\"},\"thumbnailUrl\":\"https:\\\/\\\/www.cidademarketing.com.br\\\/marketing\\\/wp-content\\\/uploads\\\/2022\\\/04\\\/ballantines_carnaval_03.png\",\"keywords\":[\"arte\",\"Ballantine&#039;s\",\"estrat\u00e9gia\",\"marketing\",\"marketing cultural\"],\"articleSection\":[\"Not\u00edcias\"],\"inLanguage\":\"pt-BR\",\"potentialAction\":[{\"@type\":\"CommentAction\",\"name\":\"Comment\",\"target\":[\"https:\\\/\\\/www.cidademarketing.com.br\\\/marketing\\\/2022\\\/04\\\/19\\\/ballantines-mistura-arte-em-homenagem-aos-blocos-de-carnaval\\\/#respond\"]}]},{\"@type\":\"WebPage\",\"@id\":\"https:\\\/\\\/www.cidademarketing.com.br\\\/marketing\\\/2022\\\/04\\\/19\\\/ballantines-mistura-arte-em-homenagem-aos-blocos-de-carnaval\\\/\",\"url\":\"https:\\\/\\\/www.cidademarketing.com.br\\\/marketing\\\/2022\\\/04\\\/19\\\/ballantines-mistura-arte-em-homenagem-aos-blocos-de-carnaval\\\/\",\"name\":\"Ballantine\u2019s mistura arte em homenagem aos blocos de Carnaval - CidadeMarketing\",\"isPartOf\":{\"@id\":\"https:\\\/\\\/www.cidademarketing.com.br\\\/marketing\\\/#website\"},\"primaryImageOfPage\":{\"@id\":\"https:\\\/\\\/www.cidademarketing.com.br\\\/marketing\\\/2022\\\/04\\\/19\\\/ballantines-mistura-arte-em-homenagem-aos-blocos-de-carnaval\\\/#primaryimage\"},\"image\":{\"@id\":\"https:\\\/\\\/www.cidademarketing.com.br\\\/marketing\\\/2022\\\/04\\\/19\\\/ballantines-mistura-arte-em-homenagem-aos-blocos-de-carnaval\\\/#primaryimage\"},\"thumbnailUrl\":\"https:\\\/\\\/www.cidademarketing.com.br\\\/marketing\\\/wp-content\\\/uploads\\\/2022\\\/04\\\/ballantines_carnaval_03.png\",\"datePublished\":\"2022-04-19T17:17:15+00:00\",\"dateModified\":\"2022-04-19T17:19:42+00:00\",\"breadcrumb\":{\"@id\":\"https:\\\/\\\/www.cidademarketing.com.br\\\/marketing\\\/2022\\\/04\\\/19\\\/ballantines-mistura-arte-em-homenagem-aos-blocos-de-carnaval\\\/#breadcrumb\"},\"inLanguage\":\"pt-BR\",\"potentialAction\":[{\"@type\":\"ReadAction\",\"target\":[\"https:\\\/\\\/www.cidademarketing.com.br\\\/marketing\\\/2022\\\/04\\\/19\\\/ballantines-mistura-arte-em-homenagem-aos-blocos-de-carnaval\\\/\"]}]},{\"@type\":\"ImageObject\",\"inLanguage\":\"pt-BR\",\"@id\":\"https:\\\/\\\/www.cidademarketing.com.br\\\/marketing\\\/2022\\\/04\\\/19\\\/ballantines-mistura-arte-em-homenagem-aos-blocos-de-carnaval\\\/#primaryimage\",\"url\":\"https:\\\/\\\/www.cidademarketing.com.br\\\/marketing\\\/wp-content\\\/uploads\\\/2022\\\/04\\\/ballantines_carnaval_03.png\",\"contentUrl\":\"https:\\\/\\\/www.cidademarketing.com.br\\\/marketing\\\/wp-content\\\/uploads\\\/2022\\\/04\\\/ballantines_carnaval_03.png\",\"width\":1080,\"height\":1920},{\"@type\":\"BreadcrumbList\",\"@id\":\"https:\\\/\\\/www.cidademarketing.com.br\\\/marketing\\\/2022\\\/04\\\/19\\\/ballantines-mistura-arte-em-homenagem-aos-blocos-de-carnaval\\\/#breadcrumb\",\"itemListElement\":[{\"@type\":\"ListItem\",\"position\":1,\"name\":\"In\u00edcio\",\"item\":\"https:\\\/\\\/www.cidademarketing.com.br\\\/marketing\\\/\"},{\"@type\":\"ListItem\",\"position\":2,\"name\":\"Ballantine\u2019s mistura arte em homenagem aos blocos de Carnaval\"}]},{\"@type\":\"WebSite\",\"@id\":\"https:\\\/\\\/www.cidademarketing.com.br\\\/marketing\\\/#website\",\"url\":\"https:\\\/\\\/www.cidademarketing.com.br\\\/marketing\\\/\",\"name\":\"CidadeMarketing\",\"description\":\"Somos um ve\u00edculo de comunica\u00e7\u00e3o de destaque no Brasil, reconhecido por conte\u00fados nos segmentos de marketing, empreendedorismo e inova\u00e7\u00e3o.\",\"publisher\":{\"@id\":\"https:\\\/\\\/www.cidademarketing.com.br\\\/marketing\\\/#organization\"},\"alternateName\":\"CidadeMarketing\",\"potentialAction\":[{\"@type\":\"SearchAction\",\"target\":{\"@type\":\"EntryPoint\",\"urlTemplate\":\"https:\\\/\\\/www.cidademarketing.com.br\\\/marketing\\\/?s={search_term_string}\"},\"query-input\":{\"@type\":\"PropertyValueSpecification\",\"valueRequired\":true,\"valueName\":\"search_term_string\"}}],\"inLanguage\":\"pt-BR\"},{\"@type\":\"Organization\",\"@id\":\"https:\\\/\\\/www.cidademarketing.com.br\\\/marketing\\\/#organization\",\"name\":\"CidadeMarketing\",\"alternateName\":\"CidadeMarketing\",\"url\":\"https:\\\/\\\/www.cidademarketing.com.br\\\/marketing\\\/\",\"logo\":{\"@type\":\"ImageObject\",\"inLanguage\":\"pt-BR\",\"@id\":\"https:\\\/\\\/www.cidademarketing.com.br\\\/marketing\\\/#\\\/schema\\\/logo\\\/image\\\/\",\"url\":\"https:\\\/\\\/www.cidademarketing.com.br\\\/marketing\\\/wp-content\\\/uploads\\\/2020\\\/01\\\/cidademarketing_marca_mobile.png\",\"contentUrl\":\"https:\\\/\\\/www.cidademarketing.com.br\\\/marketing\\\/wp-content\\\/uploads\\\/2020\\\/01\\\/cidademarketing_marca_mobile.png\",\"width\":230,\"height\":92,\"caption\":\"CidadeMarketing\"},\"image\":{\"@id\":\"https:\\\/\\\/www.cidademarketing.com.br\\\/marketing\\\/#\\\/schema\\\/logo\\\/image\\\/\"},\"sameAs\":[\"https:\\\/\\\/www.facebook.com\\\/portalcidademarketing\",\"https:\\\/\\\/x.com\\\/CidadeMarketing\",\"https:\\\/\\\/www.instagram.com\\\/cidademarketing\\\/\"]},{\"@type\":\"Person\",\"@id\":\"https:\\\/\\\/www.cidademarketing.com.br\\\/marketing\\\/#\\\/schema\\\/person\\\/02daff9f18bd9378c9e01eb6b2db155f\",\"name\":\"Thales Brand\u00e3o\",\"image\":{\"@type\":\"ImageObject\",\"inLanguage\":\"pt-BR\",\"@id\":\"https:\\\/\\\/secure.gravatar.com\\\/avatar\\\/7ca3206950207cc3cb48feec56a8a7898741ab725c368d99d5d7a5a50aab80c6?s=96&d=mm&r=g\",\"url\":\"https:\\\/\\\/secure.gravatar.com\\\/avatar\\\/7ca3206950207cc3cb48feec56a8a7898741ab725c368d99d5d7a5a50aab80c6?s=96&d=mm&r=g\",\"contentUrl\":\"https:\\\/\\\/secure.gravatar.com\\\/avatar\\\/7ca3206950207cc3cb48feec56a8a7898741ab725c368d99d5d7a5a50aab80c6?s=96&d=mm&r=g\",\"caption\":\"Thales Brand\u00e3o\"},\"description\":\"Editor Executivo do Portal CidadeMarketing.com.br &gt; Mestre em Comunica\u00e7\u00e3o e Sociedade pela Universidade Federal de Sergipe. Possui MBA Executivo em Administra\u00e7\u00e3o com \u00eanfase em Marketing pela Funda\u00e7\u00e3o Get\u00falio Vargas - Rio de Janeiro. Consultor, Palestrante e Pesquisador sobre Empreendedorismo, Marketing, Redes Sociais e Neg\u00f3cios Digitais. Professor, Palestrante TedxTalks e Campus Party. Twitter: @ThalesBrandao\",\"sameAs\":[\"http:\\\/\\\/www.mandacaru.com.br\",\"https:\\\/\\\/www.facebook.com\\\/thalesbrandao\",\"http:\\\/\\\/www.instagram.com.br\\\/thalesbrandaoferreira\",\"https:\\\/\\\/www.linkedin.com\\\/in\\\/thales-brand\u00e3o-3948609\\\/\",\"https:\\\/\\\/x.com\\\/http:\\\/\\\/www.twitter.com\\\/thalesbrandao\"],\"url\":\"https:\\\/\\\/www.cidademarketing.com.br\\\/marketing\\\/author\\\/thalesbrandao\\\/\"}]}<\/script>\n<!-- \/ Yoast SEO plugin. -->","yoast_head_json":{"title":"Ballantine\u2019s mistura arte em homenagem aos blocos de Carnaval - CidadeMarketing","robots":{"index":"index","follow":"follow","max-snippet":"max-snippet:-1","max-image-preview":"max-image-preview:large","max-video-preview":"max-video-preview:-1"},"canonical":"https:\/\/www.cidademarketing.com.br\/marketing\/2022\/04\/19\/ballantines-mistura-arte-em-homenagem-aos-blocos-de-carnaval\/","og_locale":"pt_BR","og_type":"article","og_title":"Ballantine\u2019s mistura arte em homenagem aos blocos de Carnaval - CidadeMarketing","og_description":"Depois de dois anos, chegou o momento de trazer as cores de volta \u00e0 vida. Nessa proposta, Ballantine&#8217;s e CP+B Brasil lan\u00e7am a\u00e7\u00e3o que mistura arte, cores ic\u00f4nicas da garrafa e os principais blocos de S\u00e3o Paulo e do Rio de Janeiro neste momento hist\u00f3rico com o Carnaval fora de \u00e9poca, que acontece agora em [&hellip;]","og_url":"https:\/\/www.cidademarketing.com.br\/marketing\/2022\/04\/19\/ballantines-mistura-arte-em-homenagem-aos-blocos-de-carnaval\/","og_site_name":"CidadeMarketing","article_publisher":"https:\/\/www.facebook.com\/portalcidademarketing","article_author":"https:\/\/www.facebook.com\/thalesbrandao","article_published_time":"2022-04-19T17:17:15+00:00","article_modified_time":"2022-04-19T17:19:42+00:00","og_image":[{"width":576,"height":1024,"url":"https:\/\/www.cidademarketing.com.br\/marketing\/wp-content\/uploads\/2022\/04\/ballantines_carnaval_03-576x1024.png","type":"image\/png"}],"author":"Thales Brand\u00e3o","twitter_card":"summary_large_image","twitter_creator":"@http:\/\/www.twitter.com\/thalesbrandao","twitter_site":"@CidadeMarketing","twitter_misc":{"Escrito por":"Thales Brand\u00e3o","Est. tempo de leitura":"3 minutos"},"schema":{"@context":"https:\/\/schema.org","@graph":[{"@type":"Article","@id":"https:\/\/www.cidademarketing.com.br\/marketing\/2022\/04\/19\/ballantines-mistura-arte-em-homenagem-aos-blocos-de-carnaval\/#article","isPartOf":{"@id":"https:\/\/www.cidademarketing.com.br\/marketing\/2022\/04\/19\/ballantines-mistura-arte-em-homenagem-aos-blocos-de-carnaval\/"},"author":{"name":"Thales Brand\u00e3o","@id":"https:\/\/www.cidademarketing.com.br\/marketing\/#\/schema\/person\/02daff9f18bd9378c9e01eb6b2db155f"},"headline":"Ballantine\u2019s mistura arte em homenagem aos blocos de Carnaval","datePublished":"2022-04-19T17:17:15+00:00","dateModified":"2022-04-19T17:19:42+00:00","mainEntityOfPage":{"@id":"https:\/\/www.cidademarketing.com.br\/marketing\/2022\/04\/19\/ballantines-mistura-arte-em-homenagem-aos-blocos-de-carnaval\/"},"wordCount":618,"commentCount":0,"publisher":{"@id":"https:\/\/www.cidademarketing.com.br\/marketing\/#organization"},"image":{"@id":"https:\/\/www.cidademarketing.com.br\/marketing\/2022\/04\/19\/ballantines-mistura-arte-em-homenagem-aos-blocos-de-carnaval\/#primaryimage"},"thumbnailUrl":"https:\/\/www.cidademarketing.com.br\/marketing\/wp-content\/uploads\/2022\/04\/ballantines_carnaval_03.png","keywords":["arte","Ballantine&#039;s","estrat\u00e9gia","marketing","marketing cultural"],"articleSection":["Not\u00edcias"],"inLanguage":"pt-BR","potentialAction":[{"@type":"CommentAction","name":"Comment","target":["https:\/\/www.cidademarketing.com.br\/marketing\/2022\/04\/19\/ballantines-mistura-arte-em-homenagem-aos-blocos-de-carnaval\/#respond"]}]},{"@type":"WebPage","@id":"https:\/\/www.cidademarketing.com.br\/marketing\/2022\/04\/19\/ballantines-mistura-arte-em-homenagem-aos-blocos-de-carnaval\/","url":"https:\/\/www.cidademarketing.com.br\/marketing\/2022\/04\/19\/ballantines-mistura-arte-em-homenagem-aos-blocos-de-carnaval\/","name":"Ballantine\u2019s mistura arte em homenagem aos blocos de Carnaval - CidadeMarketing","isPartOf":{"@id":"https:\/\/www.cidademarketing.com.br\/marketing\/#website"},"primaryImageOfPage":{"@id":"https:\/\/www.cidademarketing.com.br\/marketing\/2022\/04\/19\/ballantines-mistura-arte-em-homenagem-aos-blocos-de-carnaval\/#primaryimage"},"image":{"@id":"https:\/\/www.cidademarketing.com.br\/marketing\/2022\/04\/19\/ballantines-mistura-arte-em-homenagem-aos-blocos-de-carnaval\/#primaryimage"},"thumbnailUrl":"https:\/\/www.cidademarketing.com.br\/marketing\/wp-content\/uploads\/2022\/04\/ballantines_carnaval_03.png","datePublished":"2022-04-19T17:17:15+00:00","dateModified":"2022-04-19T17:19:42+00:00","breadcrumb":{"@id":"https:\/\/www.cidademarketing.com.br\/marketing\/2022\/04\/19\/ballantines-mistura-arte-em-homenagem-aos-blocos-de-carnaval\/#breadcrumb"},"inLanguage":"pt-BR","potentialAction":[{"@type":"ReadAction","target":["https:\/\/www.cidademarketing.com.br\/marketing\/2022\/04\/19\/ballantines-mistura-arte-em-homenagem-aos-blocos-de-carnaval\/"]}]},{"@type":"ImageObject","inLanguage":"pt-BR","@id":"https:\/\/www.cidademarketing.com.br\/marketing\/2022\/04\/19\/ballantines-mistura-arte-em-homenagem-aos-blocos-de-carnaval\/#primaryimage","url":"https:\/\/www.cidademarketing.com.br\/marketing\/wp-content\/uploads\/2022\/04\/ballantines_carnaval_03.png","contentUrl":"https:\/\/www.cidademarketing.com.br\/marketing\/wp-content\/uploads\/2022\/04\/ballantines_carnaval_03.png","width":1080,"height":1920},{"@type":"BreadcrumbList","@id":"https:\/\/www.cidademarketing.com.br\/marketing\/2022\/04\/19\/ballantines-mistura-arte-em-homenagem-aos-blocos-de-carnaval\/#breadcrumb","itemListElement":[{"@type":"ListItem","position":1,"name":"In\u00edcio","item":"https:\/\/www.cidademarketing.com.br\/marketing\/"},{"@type":"ListItem","position":2,"name":"Ballantine\u2019s mistura arte em homenagem aos blocos de Carnaval"}]},{"@type":"WebSite","@id":"https:\/\/www.cidademarketing.com.br\/marketing\/#website","url":"https:\/\/www.cidademarketing.com.br\/marketing\/","name":"CidadeMarketing","description":"Somos um ve\u00edculo de comunica\u00e7\u00e3o de destaque no Brasil, reconhecido por conte\u00fados nos segmentos de marketing, empreendedorismo e inova\u00e7\u00e3o.","publisher":{"@id":"https:\/\/www.cidademarketing.com.br\/marketing\/#organization"},"alternateName":"CidadeMarketing","potentialAction":[{"@type":"SearchAction","target":{"@type":"EntryPoint","urlTemplate":"https:\/\/www.cidademarketing.com.br\/marketing\/?s={search_term_string}"},"query-input":{"@type":"PropertyValueSpecification","valueRequired":true,"valueName":"search_term_string"}}],"inLanguage":"pt-BR"},{"@type":"Organization","@id":"https:\/\/www.cidademarketing.com.br\/marketing\/#organization","name":"CidadeMarketing","alternateName":"CidadeMarketing","url":"https:\/\/www.cidademarketing.com.br\/marketing\/","logo":{"@type":"ImageObject","inLanguage":"pt-BR","@id":"https:\/\/www.cidademarketing.com.br\/marketing\/#\/schema\/logo\/image\/","url":"https:\/\/www.cidademarketing.com.br\/marketing\/wp-content\/uploads\/2020\/01\/cidademarketing_marca_mobile.png","contentUrl":"https:\/\/www.cidademarketing.com.br\/marketing\/wp-content\/uploads\/2020\/01\/cidademarketing_marca_mobile.png","width":230,"height":92,"caption":"CidadeMarketing"},"image":{"@id":"https:\/\/www.cidademarketing.com.br\/marketing\/#\/schema\/logo\/image\/"},"sameAs":["https:\/\/www.facebook.com\/portalcidademarketing","https:\/\/x.com\/CidadeMarketing","https:\/\/www.instagram.com\/cidademarketing\/"]},{"@type":"Person","@id":"https:\/\/www.cidademarketing.com.br\/marketing\/#\/schema\/person\/02daff9f18bd9378c9e01eb6b2db155f","name":"Thales Brand\u00e3o","image":{"@type":"ImageObject","inLanguage":"pt-BR","@id":"https:\/\/secure.gravatar.com\/avatar\/7ca3206950207cc3cb48feec56a8a7898741ab725c368d99d5d7a5a50aab80c6?s=96&d=mm&r=g","url":"https:\/\/secure.gravatar.com\/avatar\/7ca3206950207cc3cb48feec56a8a7898741ab725c368d99d5d7a5a50aab80c6?s=96&d=mm&r=g","contentUrl":"https:\/\/secure.gravatar.com\/avatar\/7ca3206950207cc3cb48feec56a8a7898741ab725c368d99d5d7a5a50aab80c6?s=96&d=mm&r=g","caption":"Thales Brand\u00e3o"},"description":"Editor Executivo do Portal CidadeMarketing.com.br &gt; Mestre em Comunica\u00e7\u00e3o e Sociedade pela Universidade Federal de Sergipe. Possui MBA Executivo em Administra\u00e7\u00e3o com \u00eanfase em Marketing pela Funda\u00e7\u00e3o Get\u00falio Vargas - Rio de Janeiro. Consultor, Palestrante e Pesquisador sobre Empreendedorismo, Marketing, Redes Sociais e Neg\u00f3cios Digitais. Professor, Palestrante TedxTalks e Campus Party. Twitter: @ThalesBrandao","sameAs":["http:\/\/www.mandacaru.com.br","https:\/\/www.facebook.com\/thalesbrandao","http:\/\/www.instagram.com.br\/thalesbrandaoferreira","https:\/\/www.linkedin.com\/in\/thales-brand\u00e3o-3948609\/","https:\/\/x.com\/http:\/\/www.twitter.com\/thalesbrandao"],"url":"https:\/\/www.cidademarketing.com.br\/marketing\/author\/thalesbrandao\/"}]}},"amp_enabled":true,"_links":{"self":[{"href":"https:\/\/www.cidademarketing.com.br\/marketing\/wp-json\/wp\/v2\/posts\/35813","targetHints":{"allow":["GET"]}}],"collection":[{"href":"https:\/\/www.cidademarketing.com.br\/marketing\/wp-json\/wp\/v2\/posts"}],"about":[{"href":"https:\/\/www.cidademarketing.com.br\/marketing\/wp-json\/wp\/v2\/types\/post"}],"author":[{"embeddable":true,"href":"https:\/\/www.cidademarketing.com.br\/marketing\/wp-json\/wp\/v2\/users\/1"}],"replies":[{"embeddable":true,"href":"https:\/\/www.cidademarketing.com.br\/marketing\/wp-json\/wp\/v2\/comments?post=35813"}],"version-history":[{"count":1,"href":"https:\/\/www.cidademarketing.com.br\/marketing\/wp-json\/wp\/v2\/posts\/35813\/revisions"}],"predecessor-version":[{"id":35817,"href":"https:\/\/www.cidademarketing.com.br\/marketing\/wp-json\/wp\/v2\/posts\/35813\/revisions\/35817"}],"wp:featuredmedia":[{"embeddable":true,"href":"https:\/\/www.cidademarketing.com.br\/marketing\/wp-json\/wp\/v2\/media\/35816"}],"wp:attachment":[{"href":"https:\/\/www.cidademarketing.com.br\/marketing\/wp-json\/wp\/v2\/media?parent=35813"}],"wp:term":[{"taxonomy":"category","embeddable":true,"href":"https:\/\/www.cidademarketing.com.br\/marketing\/wp-json\/wp\/v2\/categories?post=35813"},{"taxonomy":"post_tag","embeddable":true,"href":"https:\/\/www.cidademarketing.com.br\/marketing\/wp-json\/wp\/v2\/tags?post=35813"}],"curies":[{"name":"wp","href":"https:\/\/api.w.org\/{rel}","templated":true}]}}