{"id":35578,"date":"2022-04-05T20:52:59","date_gmt":"2022-04-05T23:52:59","guid":{"rendered":"https:\/\/www.cidademarketing.com.br\/marketing\/?p=35578"},"modified":"2022-04-05T20:52:59","modified_gmt":"2022-04-05T23:52:59","slug":"tv-brasil-homenageia-amacio-mazzaropi-nos-seus-110-anos-de-nascimento","status":"publish","type":"post","link":"https:\/\/www.cidademarketing.com.br\/marketing\/2022\/04\/05\/tv-brasil-homenageia-amacio-mazzaropi-nos-seus-110-anos-de-nascimento\/","title":{"rendered":"TV Brasil homenageia Am\u00e1cio Mazzaropi nos seus 110 anos de nascimento"},"content":{"rendered":"<p><iframe style=\"border-radius: 12px;\" src=\"https:\/\/open.spotify.com\/embed\/show\/4khMKzP3FgFRWVwb73xicc?utm_source=generator&amp;t=0\" width=\"100%\" height=\"232\" frameborder=\"0\" allowfullscreen=\"allowfullscreen\"><\/iframe><br \/>\nEm rever\u00eancia aos 110 anos de nascimento do humorista <strong>Am\u00e1cio Mazzaropi<\/strong>, data celebrada neste s\u00e1bado (9), a <strong>TV Brasil<\/strong> exibe um dos cl\u00e1ssicos da filmografia do saudoso ator e cineasta. A com\u00e9dia &#8220;Chofer de Pra\u00e7a&#8221; (1958) \u00e9 a atra\u00e7\u00e3o da faixa <strong>Cine Retr\u00f4<\/strong>, \u00e0s 16h.<\/p>\n<p>A emissora p\u00fablica \u00e9 uma das principais janelas de exibi\u00e7\u00e3o de produ\u00e7\u00f5es do audiovisual brasileiro. As obras cinematogr\u00e1ficas de sucesso do genial int\u00e9rprete e diretor ainda t\u00eam visibilidade em outros hor\u00e1rios na nova programa\u00e7\u00e3o da <strong>TV Brasil<\/strong>.<\/p>\n<p>Os longas-metragens de Mazzaropi podem ser acompanhados toda segunda e ter\u00e7a-feira, \u00e0s 22h30, no <strong>Cine Retr\u00f4<\/strong>, sess\u00e3o dedicada a atra\u00e7\u00f5es consagradas da s\u00e9tima arte nacional. O canal tamb\u00e9m apresenta algumas desses filmes na <strong>Sess\u00e3o Fam\u00edlia<\/strong>, faixa em cartaz de domingo \u00e0 sexta, \u00e0s 14h.<\/p>\n<p>Algumas das produ\u00e7\u00f5es estreladas e dirigidas pelo artista ainda ficam dispon\u00edveis por sete dias no aplicativo <strong>TV Brasil Play<\/strong>, ap\u00f3s exibi\u00e7\u00e3o na telinha. Al\u00e9m de atuar, Am\u00e1cio Mazzaropi tamb\u00e9m trabalhou como produtor, roteirista ou mesmo diretor dos seus filmes.<\/p>\n<p>Com um humor singelo, ele se tornou um dos mais ilustres comediantes do cinema brasileiro. Perspicaz, Mazzaropi utilizou da figura do &#8220;jeca&#8221; para fazer rir em tramas que marcaram \u00e9poca e obtiveram recordes de bilheteria no pa\u00eds. A filmografia do humorista re\u00fane mais de 30 produ\u00e7\u00f5es para as telonas.<\/p>\n<p><strong>Carreira de \u00eaxito com personagem simples no humor<\/strong><\/p>\n<p>\u00cdcone da s\u00e9tima arte no pa\u00eds, o comediante Am\u00e1cio Mazzaropi faleceu aos 69 anos em 1981, mas at\u00e9 hoje \u00e9 considerado um dos maiores atores brasileiros. Com hist\u00f3rias simples e um humor at\u00e9 espont\u00e2neo, o tamb\u00e9m diretor soube desenvolver o potencial de seus filmes que viraram refer\u00eancia na cinematografia nacional.<\/p>\n<p>A trajet\u00f3ria do ator e cineasta contempla 32 filmes realizados entre 1952 e 1980. Em muitos deles, al\u00e9m dos pap\u00e9is principais da trama, Mazzaropi ainda desempenha outras fun\u00e7\u00f5es. Era comum ver o artista em a\u00e7\u00e3o como produtor, roteirista e at\u00e9 diretor. Ele assinava a condu\u00e7\u00e3o das com\u00e9dias ou colaborava com outro profissional. Tamb\u00e9m fazia a distribui\u00e7\u00e3o de seus longas-metragens pelo pa\u00eds.<\/p>\n<p>Mazzaropi chegou a atrair mais de oito milh\u00f5es de espectadores em uma \u00fanica produ\u00e7\u00e3o. Ele deu vida ao imortal e carism\u00e1tico estere\u00f3tipo do homem do campo. Jeca, seu personagem marcante, era um caipira e ing\u00eanuo, mas com doses de mal\u00edcia. A figura simpl\u00f3ria conquistou a simpatia das massas populares que garantiam as sess\u00f5es lotadas em todos os seus filmes.<\/p>\n\r\n                <style type=\"text\/css\">\r\n                    \r\n                    #tdi_1  .td-doubleSlider-2 .td-item1 {\r\n                        background: url(https:\/\/www.cidademarketing.com.br\/marketing\/wp-content\/uploads\/2022\/04\/Jeca_Tatu_02_Credito_Divulgacao_TV_Brasil-80x60.jpg) 0 0 no-repeat;\r\n                    }\r\n                    #tdi_1  .td-doubleSlider-2 .td-item2 {\r\n                        background: url(https:\/\/www.cidademarketing.com.br\/marketing\/wp-content\/uploads\/2022\/04\/Jeca_Tatu_01_Credito_Divulgacao_TV_Brasil-80x60.jpg) 0 0 no-repeat;\r\n                    }\r\n                    #tdi_1  .td-doubleSlider-2 .td-item3 {\r\n                        background: url(https:\/\/www.cidademarketing.com.br\/marketing\/wp-content\/uploads\/2022\/04\/Chofer_de_Praca_05_Credito_Divulgacao_TV_Brasil-80x60.jpg) 0 0 no-repeat;\r\n                    }\r\n                    #tdi_1  .td-doubleSlider-2 .td-item4 {\r\n                        background: url(https:\/\/www.cidademarketing.com.br\/marketing\/wp-content\/uploads\/2022\/04\/Chofer_de_Praca_04_Credito_Divulgacao_TV_Brasil-80x60.jpg) 0 0 no-repeat;\r\n                    }\r\n                    #tdi_1  .td-doubleSlider-2 .td-item5 {\r\n                        background: url(https:\/\/www.cidademarketing.com.br\/marketing\/wp-content\/uploads\/2022\/04\/Chofer_de_Praca_03_Credito_Divulgacao_TV_Brasil-80x60.jpg) 0 0 no-repeat;\r\n                    }\r\n                    #tdi_1  .td-doubleSlider-2 .td-item6 {\r\n                        background: url(https:\/\/www.cidademarketing.com.br\/marketing\/wp-content\/uploads\/2022\/04\/Chofer_de_Praca_02_Credito_Divulgacao_TV_Brasil-80x60.jpg) 0 0 no-repeat;\r\n                    }\r\n                <\/style>\r\n\r\n                <div id=\"tdi_1\" class=\"td-gallery td-slide-on-2-columns\">\r\n                    <div class=\"post_td_gallery\">\r\n                        <div class=\"td-gallery-slide-top\">\r\n                           <div class=\"td-gallery-title\"><\/div>\r\n\r\n                            <div class=\"td-gallery-controls-wrapper\">\r\n                                <div class=\"td-gallery-slide-count\"><span class=\"td-gallery-slide-item-focus\">1<\/span> de 6<\/div>\r\n                                <div class=\"td-gallery-slide-prev-next-but\">\r\n                                    <i class = \"td-icon-left doubleSliderPrevButton\"><\/i>\r\n                                    <i class = \"td-icon-right doubleSliderNextButton\"><\/i>\r\n                                <\/div>\r\n                            <\/div>\r\n                        <\/div>\r\n\r\n                        <div class = \"td-doubleSlider-1 \">\r\n                            <div class = \"td-slider\">\r\n                                \r\n                    <div class = \"td-slide-item td-item1\">\r\n                        <figure class=\"td-slide-galery-figure td-slide-popup-gallery\">\r\n                            <a class=\"slide-gallery-image-link\" href=\"https:\/\/www.cidademarketing.com.br\/marketing\/wp-content\/uploads\/2022\/04\/Jeca_Tatu_02_Credito_Divulgacao_TV_Brasil.jpg\" title=\"Jeca_Tatu_02_Credito_Divulgacao_TV_Brasil\"  data-caption=\"\"  data-description=\"\">\r\n                                <img decoding=\"async\" src=\"https:\/\/www.cidademarketing.com.br\/marketing\/wp-content\/uploads\/2022\/04\/Jeca_Tatu_02_Credito_Divulgacao_TV_Brasil-570x420.jpg\" srcset=\"https:\/\/www.cidademarketing.com.br\/marketing\/wp-content\/uploads\/2022\/04\/Jeca_Tatu_02_Credito_Divulgacao_TV_Brasil-570x420.jpg 570w, https:\/\/www.cidademarketing.com.br\/marketing\/wp-content\/uploads\/2022\/04\/Jeca_Tatu_02_Credito_Divulgacao_TV_Brasil-300x221.jpg 300w, https:\/\/www.cidademarketing.com.br\/marketing\/wp-content\/uploads\/2022\/04\/Jeca_Tatu_02_Credito_Divulgacao_TV_Brasil-1024x755.jpg 1024w, https:\/\/www.cidademarketing.com.br\/marketing\/wp-content\/uploads\/2022\/04\/Jeca_Tatu_02_Credito_Divulgacao_TV_Brasil-768x566.jpg 768w, https:\/\/www.cidademarketing.com.br\/marketing\/wp-content\/uploads\/2022\/04\/Jeca_Tatu_02_Credito_Divulgacao_TV_Brasil-80x60.jpg 80w, https:\/\/www.cidademarketing.com.br\/marketing\/wp-content\/uploads\/2022\/04\/Jeca_Tatu_02_Credito_Divulgacao_TV_Brasil-100x75.jpg 100w, https:\/\/www.cidademarketing.com.br\/marketing\/wp-content\/uploads\/2022\/04\/Jeca_Tatu_02_Credito_Divulgacao_TV_Brasil-640x472.jpg 640w, https:\/\/www.cidademarketing.com.br\/marketing\/wp-content\/uploads\/2022\/04\/Jeca_Tatu_02_Credito_Divulgacao_TV_Brasil-681x502.jpg 681w, https:\/\/www.cidademarketing.com.br\/marketing\/wp-content\/uploads\/2022\/04\/Jeca_Tatu_02_Credito_Divulgacao_TV_Brasil.jpg 1431w\" sizes=\"(max-width: 570px) 100vw, 570px\" alt=\"\">\r\n                            <\/a>\r\n                            \r\n                        <\/figure>\r\n                    <\/div>\r\n                    <div class = \"td-slide-item td-item2\">\r\n                        <figure class=\"td-slide-galery-figure td-slide-popup-gallery\">\r\n                            <a class=\"slide-gallery-image-link\" href=\"https:\/\/www.cidademarketing.com.br\/marketing\/wp-content\/uploads\/2022\/04\/Jeca_Tatu_01_Credito_Divulgacao_TV_Brasil.jpg\" title=\"Jeca_Tatu_01_Credito_Divulgacao_TV_Brasil\"  data-caption=\"Divulga\u00e7\u00e3o\"  data-description=\"\">\r\n                                <img decoding=\"async\" src=\"https:\/\/www.cidademarketing.com.br\/marketing\/wp-content\/uploads\/2022\/04\/Jeca_Tatu_01_Credito_Divulgacao_TV_Brasil-575x420.jpg\" srcset=\"https:\/\/www.cidademarketing.com.br\/marketing\/wp-content\/uploads\/2022\/04\/Jeca_Tatu_01_Credito_Divulgacao_TV_Brasil-575x420.jpg 575w, https:\/\/www.cidademarketing.com.br\/marketing\/wp-content\/uploads\/2022\/04\/Jeca_Tatu_01_Credito_Divulgacao_TV_Brasil-300x219.jpg 300w, https:\/\/www.cidademarketing.com.br\/marketing\/wp-content\/uploads\/2022\/04\/Jeca_Tatu_01_Credito_Divulgacao_TV_Brasil-1024x749.jpg 1024w, https:\/\/www.cidademarketing.com.br\/marketing\/wp-content\/uploads\/2022\/04\/Jeca_Tatu_01_Credito_Divulgacao_TV_Brasil-768x561.jpg 768w, https:\/\/www.cidademarketing.com.br\/marketing\/wp-content\/uploads\/2022\/04\/Jeca_Tatu_01_Credito_Divulgacao_TV_Brasil-640x468.jpg 640w, https:\/\/www.cidademarketing.com.br\/marketing\/wp-content\/uploads\/2022\/04\/Jeca_Tatu_01_Credito_Divulgacao_TV_Brasil-681x498.jpg 681w, https:\/\/www.cidademarketing.com.br\/marketing\/wp-content\/uploads\/2022\/04\/Jeca_Tatu_01_Credito_Divulgacao_TV_Brasil.jpg 1439w\" sizes=\"(max-width: 575px) 100vw, 575px\" alt=\"\">\r\n                            <\/a>\r\n                            <figcaption class = \"td-slide-caption td-gallery-slide-content\"><div class = \"td-gallery-slide-copywrite\">Divulga\u00e7\u00e3o<\/div><\/figcaption>\r\n                        <\/figure>\r\n                    <\/div>\r\n                    <div class = \"td-slide-item td-item3\">\r\n                        <figure class=\"td-slide-galery-figure td-slide-popup-gallery\">\r\n                            <a class=\"slide-gallery-image-link\" href=\"https:\/\/www.cidademarketing.com.br\/marketing\/wp-content\/uploads\/2022\/04\/Chofer_de_Praca_05_Credito_Divulgacao_TV_Brasil.jpg\" title=\"Chofer_de_Praca_05_Credito_Divulgacao_TV_Brasil\"  data-caption=\"Divulga\u00e7\u00e3o\"  data-description=\"\">\r\n                                <img decoding=\"async\" src=\"https:\/\/www.cidademarketing.com.br\/marketing\/wp-content\/uploads\/2022\/04\/Chofer_de_Praca_05_Credito_Divulgacao_TV_Brasil-534x420.jpg\" srcset=\"https:\/\/www.cidademarketing.com.br\/marketing\/wp-content\/uploads\/2022\/04\/Chofer_de_Praca_05_Credito_Divulgacao_TV_Brasil-534x420.jpg 534w, https:\/\/www.cidademarketing.com.br\/marketing\/wp-content\/uploads\/2022\/04\/Chofer_de_Praca_05_Credito_Divulgacao_TV_Brasil-300x236.jpg 300w, https:\/\/www.cidademarketing.com.br\/marketing\/wp-content\/uploads\/2022\/04\/Chofer_de_Praca_05_Credito_Divulgacao_TV_Brasil-1024x805.jpg 1024w, https:\/\/www.cidademarketing.com.br\/marketing\/wp-content\/uploads\/2022\/04\/Chofer_de_Praca_05_Credito_Divulgacao_TV_Brasil-768x604.jpg 768w, https:\/\/www.cidademarketing.com.br\/marketing\/wp-content\/uploads\/2022\/04\/Chofer_de_Praca_05_Credito_Divulgacao_TV_Brasil-1536x1207.jpg 1536w, https:\/\/www.cidademarketing.com.br\/marketing\/wp-content\/uploads\/2022\/04\/Chofer_de_Praca_05_Credito_Divulgacao_TV_Brasil-2048x1610.jpg 2048w, https:\/\/www.cidademarketing.com.br\/marketing\/wp-content\/uploads\/2022\/04\/Chofer_de_Praca_05_Credito_Divulgacao_TV_Brasil-640x503.jpg 640w, https:\/\/www.cidademarketing.com.br\/marketing\/wp-content\/uploads\/2022\/04\/Chofer_de_Praca_05_Credito_Divulgacao_TV_Brasil-681x535.jpg 681w\" sizes=\"(max-width: 534px) 100vw, 534px\" alt=\"\">\r\n                            <\/a>\r\n                            <figcaption class = \"td-slide-caption td-gallery-slide-content\"><div class = \"td-gallery-slide-copywrite\">Divulga\u00e7\u00e3o<\/div><\/figcaption>\r\n                        <\/figure>\r\n                    <\/div>\r\n                    <div class = \"td-slide-item td-item4\">\r\n                        <figure class=\"td-slide-galery-figure td-slide-popup-gallery\">\r\n                            <a class=\"slide-gallery-image-link\" href=\"https:\/\/www.cidademarketing.com.br\/marketing\/wp-content\/uploads\/2022\/04\/Chofer_de_Praca_04_Credito_Divulgacao_TV_Brasil.jpg\" title=\"Chofer_de_Praca_04_Credito_Divulgacao_TV_Brasil\"  data-caption=\"Divulga\u00e7\u00e3o\"  data-description=\"\">\r\n                                <img decoding=\"async\" src=\"https:\/\/www.cidademarketing.com.br\/marketing\/wp-content\/uploads\/2022\/04\/Chofer_de_Praca_04_Credito_Divulgacao_TV_Brasil-530x420.jpg\" srcset=\"https:\/\/www.cidademarketing.com.br\/marketing\/wp-content\/uploads\/2022\/04\/Chofer_de_Praca_04_Credito_Divulgacao_TV_Brasil-530x420.jpg 530w, https:\/\/www.cidademarketing.com.br\/marketing\/wp-content\/uploads\/2022\/04\/Chofer_de_Praca_04_Credito_Divulgacao_TV_Brasil-300x238.jpg 300w, https:\/\/www.cidademarketing.com.br\/marketing\/wp-content\/uploads\/2022\/04\/Chofer_de_Praca_04_Credito_Divulgacao_TV_Brasil-1024x812.jpg 1024w, https:\/\/www.cidademarketing.com.br\/marketing\/wp-content\/uploads\/2022\/04\/Chofer_de_Praca_04_Credito_Divulgacao_TV_Brasil-768x609.jpg 768w, https:\/\/www.cidademarketing.com.br\/marketing\/wp-content\/uploads\/2022\/04\/Chofer_de_Praca_04_Credito_Divulgacao_TV_Brasil-1536x1218.jpg 1536w, https:\/\/www.cidademarketing.com.br\/marketing\/wp-content\/uploads\/2022\/04\/Chofer_de_Praca_04_Credito_Divulgacao_TV_Brasil-2048x1624.jpg 2048w, https:\/\/www.cidademarketing.com.br\/marketing\/wp-content\/uploads\/2022\/04\/Chofer_de_Praca_04_Credito_Divulgacao_TV_Brasil-640x507.jpg 640w, https:\/\/www.cidademarketing.com.br\/marketing\/wp-content\/uploads\/2022\/04\/Chofer_de_Praca_04_Credito_Divulgacao_TV_Brasil-681x540.jpg 681w\" sizes=\"(max-width: 530px) 100vw, 530px\" alt=\"\">\r\n                            <\/a>\r\n                            <figcaption class = \"td-slide-caption td-gallery-slide-content\"><div class = \"td-gallery-slide-copywrite\">Divulga\u00e7\u00e3o<\/div><\/figcaption>\r\n                        <\/figure>\r\n                    <\/div>\r\n                    <div class = \"td-slide-item td-item5\">\r\n                        <figure class=\"td-slide-galery-figure td-slide-popup-gallery\">\r\n                            <a class=\"slide-gallery-image-link\" href=\"https:\/\/www.cidademarketing.com.br\/marketing\/wp-content\/uploads\/2022\/04\/Chofer_de_Praca_03_Credito_Divulgacao_TV_Brasil.jpg\" title=\"Chofer_de_Praca_03_Credito_Divulgacao_TV_Brasil\"  data-caption=\"Divulga\u00e7\u00e3o\"  data-description=\"\">\r\n                                <img decoding=\"async\" src=\"https:\/\/www.cidademarketing.com.br\/marketing\/wp-content\/uploads\/2022\/04\/Chofer_de_Praca_03_Credito_Divulgacao_TV_Brasil-522x420.jpg\" srcset=\"https:\/\/www.cidademarketing.com.br\/marketing\/wp-content\/uploads\/2022\/04\/Chofer_de_Praca_03_Credito_Divulgacao_TV_Brasil-522x420.jpg 522w, https:\/\/www.cidademarketing.com.br\/marketing\/wp-content\/uploads\/2022\/04\/Chofer_de_Praca_03_Credito_Divulgacao_TV_Brasil-300x241.jpg 300w, https:\/\/www.cidademarketing.com.br\/marketing\/wp-content\/uploads\/2022\/04\/Chofer_de_Praca_03_Credito_Divulgacao_TV_Brasil-1024x824.jpg 1024w, https:\/\/www.cidademarketing.com.br\/marketing\/wp-content\/uploads\/2022\/04\/Chofer_de_Praca_03_Credito_Divulgacao_TV_Brasil-768x618.jpg 768w, https:\/\/www.cidademarketing.com.br\/marketing\/wp-content\/uploads\/2022\/04\/Chofer_de_Praca_03_Credito_Divulgacao_TV_Brasil-1536x1236.jpg 1536w, https:\/\/www.cidademarketing.com.br\/marketing\/wp-content\/uploads\/2022\/04\/Chofer_de_Praca_03_Credito_Divulgacao_TV_Brasil-640x515.jpg 640w, https:\/\/www.cidademarketing.com.br\/marketing\/wp-content\/uploads\/2022\/04\/Chofer_de_Praca_03_Credito_Divulgacao_TV_Brasil-681x548.jpg 681w, https:\/\/www.cidademarketing.com.br\/marketing\/wp-content\/uploads\/2022\/04\/Chofer_de_Praca_03_Credito_Divulgacao_TV_Brasil.jpg 1794w\" sizes=\"(max-width: 522px) 100vw, 522px\" alt=\"\">\r\n                            <\/a>\r\n                            <figcaption class = \"td-slide-caption td-gallery-slide-content\"><div class = \"td-gallery-slide-copywrite\">Divulga\u00e7\u00e3o<\/div><\/figcaption>\r\n                        <\/figure>\r\n                    <\/div>\r\n                    <div class = \"td-slide-item td-item6\">\r\n                        <figure class=\"td-slide-galery-figure td-slide-popup-gallery\">\r\n                            <a class=\"slide-gallery-image-link\" href=\"https:\/\/www.cidademarketing.com.br\/marketing\/wp-content\/uploads\/2022\/04\/Chofer_de_Praca_02_Credito_Divulgacao_TV_Brasil.jpg\" title=\"Chofer_de_Praca_02_Credito_Divulgacao_TV_Brasil\"  data-caption=\"Divulga\u00e7\u00e3o\"  data-description=\"\">\r\n                                <img decoding=\"async\" src=\"https:\/\/www.cidademarketing.com.br\/marketing\/wp-content\/uploads\/2022\/04\/Chofer_de_Praca_02_Credito_Divulgacao_TV_Brasil-531x420.jpg\" srcset=\"https:\/\/www.cidademarketing.com.br\/marketing\/wp-content\/uploads\/2022\/04\/Chofer_de_Praca_02_Credito_Divulgacao_TV_Brasil-531x420.jpg 531w, https:\/\/www.cidademarketing.com.br\/marketing\/wp-content\/uploads\/2022\/04\/Chofer_de_Praca_02_Credito_Divulgacao_TV_Brasil-300x237.jpg 300w, https:\/\/www.cidademarketing.com.br\/marketing\/wp-content\/uploads\/2022\/04\/Chofer_de_Praca_02_Credito_Divulgacao_TV_Brasil-1024x810.jpg 1024w, https:\/\/www.cidademarketing.com.br\/marketing\/wp-content\/uploads\/2022\/04\/Chofer_de_Praca_02_Credito_Divulgacao_TV_Brasil-768x608.jpg 768w, https:\/\/www.cidademarketing.com.br\/marketing\/wp-content\/uploads\/2022\/04\/Chofer_de_Praca_02_Credito_Divulgacao_TV_Brasil-1536x1216.jpg 1536w, https:\/\/www.cidademarketing.com.br\/marketing\/wp-content\/uploads\/2022\/04\/Chofer_de_Praca_02_Credito_Divulgacao_TV_Brasil-640x507.jpg 640w, https:\/\/www.cidademarketing.com.br\/marketing\/wp-content\/uploads\/2022\/04\/Chofer_de_Praca_02_Credito_Divulgacao_TV_Brasil-681x539.jpg 681w, https:\/\/www.cidademarketing.com.br\/marketing\/wp-content\/uploads\/2022\/04\/Chofer_de_Praca_02_Credito_Divulgacao_TV_Brasil.jpg 1798w\" sizes=\"(max-width: 531px) 100vw, 531px\" alt=\"\">\r\n                            <\/a>\r\n                            <figcaption class = \"td-slide-caption td-gallery-slide-content\"><div class = \"td-gallery-slide-copywrite\">Divulga\u00e7\u00e3o<\/div><\/figcaption>\r\n                        <\/figure>\r\n                    <\/div>\r\n                            <\/div>\r\n                        <\/div>\r\n\r\n                        <div class = \"td-doubleSlider-2\">\r\n                            <div class = \"td-slider\">\r\n                                \r\n                    <div class = \"td-button td-item1\">\r\n                        <div class = \"td-border\"><\/div>\r\n                    <\/div>\r\n                    <div class = \"td-button td-item2\">\r\n                        <div class = \"td-border\"><\/div>\r\n                    <\/div>\r\n                    <div class = \"td-button td-item3\">\r\n                        <div class = \"td-border\"><\/div>\r\n                    <\/div>\r\n                    <div class = \"td-button td-item4\">\r\n                        <div class = \"td-border\"><\/div>\r\n                    <\/div>\r\n                    <div class = \"td-button td-item5\">\r\n                        <div class = \"td-border\"><\/div>\r\n                    <\/div>\r\n                    <div class = \"td-button td-item6\">\r\n                        <div class = \"td-border\"><\/div>\r\n                    <\/div>\r\n                            <\/div>\r\n                        <\/div>\r\n\r\n                    <\/div>\r\n\r\n                <\/div>\r\n                \n<p>&nbsp;<\/p>\n<p>A estreia de Am\u00e1cio Mazzaropi nas telonas foi em &#8220;Sai da frente&#8221; (1952), longa em que interpretou Isidoro, um motorista de caminh\u00e3o que deixa o carro desgovernado em plena cidade de S\u00e3o Paulo. A partir da\u00ed, o ator seguiu atuando em pequenas, m\u00e9dias e grandes produ\u00e7\u00f5es. Ele consolidava seu nome no cinema brasileiro, al\u00e9m de participar de programas de televis\u00e3o e estar nos palcos do teatro.<\/p>\n<p>Em 1958, Mazzaropi fundou a PAM Filmes (Produ\u00e7\u00f5es Am\u00e1cio Mazzaropi), em modernos est\u00fadios em Taubat\u00e9. Nas instala\u00e7\u00f5es, ele realizou 23 filmes. Os maiores sucessos foram &#8220;Jeca Tatu&#8221; (1959) e &#8220;Casinha Pequenina&#8221; (1963), ambos contabilizando oito milh\u00f5es de pagantes cada.<\/p>\n<p>O \u00faltimo trabalho do saudoso comediante no cinema foi &#8220;O Jeca e a \u00c9gua Milagrosa&#8221;, de 1980. No ano seguinte, o artista morreu aos 69 anos, v\u00edtima de um c\u00e2ncer na medula antes de concluir a obra &#8220;Maria Tromba Homem&#8221;, longa que permaneceu inacabado.<\/p>\n<p><strong>Bastidores e sinopse do filme &#8220;Chofer de Pra\u00e7a&#8221;<\/strong><\/p>\n<p>No dia que marca os 110 anos de nascimento de Am\u00e1cio Mazzaropi, a <strong>TV Brasil<\/strong> apresenta &#8220;Chofer de Pra\u00e7a&#8221;. Na obra de 1958, al\u00e9m de ser o protagonista da trama, Mazzaropi tamb\u00e9m assina a produ\u00e7\u00e3o e o roteiro. A partir deste longa, o comediante passa a colaborar frequentemente com os diretores.<\/p>\n<p>O filme, que teve dire\u00e7\u00e3o do cineasta Milton Amaral, tamb\u00e9m foi o primeiro trabalho da carreira do humorista com a atriz Geny Prado, seu par constante ao longo da trajet\u00f3ria art\u00edstica. Os n\u00fameros musicais s\u00e3o interpretados por grandes personalidades como Lana Bittencourt e Agnaldo Rayol.<\/p>\n<p>No enredo, Mazzaropi vive o humilde Zacarias. Ele se muda com a mulher Augusta (Geny Prado) para uma vila em S\u00e3o Paulo com o objetivo de arrumar um emprego e ajudar o filho Raul (Celso Faria) a pagar a faculdade de Medicina. O sonho do sujeito \u00e9 ver o rapaz formado.<\/p>\n<p>Disposto a fazer o poss\u00edvel e o imposs\u00edvel para ajudar a fam\u00edlia, o protagonista consegue um trabalho como chofer de pra\u00e7a. Zacarias come\u00e7a a dirigir um modelo de carro antigo, muito barulhento e fumacento, que rapidamente vira motivo de muitas piadas e de viagens repletas de trapalhadas.<\/p>\n<p><strong>Ficha t\u00e9cnica<\/strong><\/p>\n<p>Ano: 1958. Pa\u00eds: Brasil. G\u00eanero: com\u00e9dia. Dura\u00e7\u00e3o: 97 min. Dire\u00e7\u00e3o: Milton Amaral. Elenco: Am\u00e1cio Mazzaropi, Geny Prado, Celso Faria, Ana Maria Nabuco, Carmen Morales, Maria Helena Dias, Roberto Duval, Elk Alves, Benedito Liendo. Participa\u00e7\u00e3o especial: Lana Bittencourt e Agnaldo Rayol. Classifica\u00e7\u00e3o Livre.<\/p>\n<p><strong>Ao vivo e on demand<\/strong><\/p>\n<p>Acompanhe a programa\u00e7\u00e3o da TV Brasil pelo canal aberto, TV por assinatura e parab\u00f3lica. Sintonize:\u00a0<a href=\"http:\/\/tvbrasil.ebc.com.br\/comosintonizar\">tvbrasil.ebc.com.br\/comosintonizar<\/a>.<\/p>\n<p>Seus programas favoritos est\u00e3o no TV Brasil Play, pelo site\u00a0<a href=\"http:\/\/play.ebc.com.br\/\">play.ebc.com.br<\/a>\u00a0ou por aplicativo no smartphone. O app pode ser baixado gratuitamente e est\u00e1 dispon\u00edvel para Android e iOS. Assista tamb\u00e9m pela WebTV:\u00a0<a href=\"http:\/\/tvbrasil.ebc.com.br\/webtv\">tvbrasil.ebc.com.br\/webtv<\/a>.<\/p>\n<p><strong>Servi\u00e7o<\/strong><\/p>\n<p>Cine Retr\u00f4 \u2013 &#8220;Chofer de Pra\u00e7a&#8221; \u2013 s\u00e1bado, dia 9\/4, \u00e0s 16h, na TV Brasil<\/p>\n<p><iframe style=\"width: 100%; max-width: 660px; overflow: hidden; background: transparent;\" src=\"https:\/\/embed.podcasts.apple.com\/br\/podcast\/podcast-cidademarketing\/id1371923283\" height=\"450\" frameborder=\"0\" sandbox=\"allow-forms allow-popups allow-same-origin allow-scripts allow-storage-access-by-user-activation allow-top-navigation-by-user-activation\"><\/iframe><\/p>\n","protected":false},"excerpt":{"rendered":"<p>Em rever\u00eancia aos 110 anos de nascimento do humorista Am\u00e1cio Mazzaropi, data celebrada neste s\u00e1bado (9), a TV Brasil exibe um dos cl\u00e1ssicos da filmografia do saudoso ator e cineasta. A com\u00e9dia &#8220;Chofer de Pra\u00e7a&#8221; (1958) \u00e9 a atra\u00e7\u00e3o da faixa Cine Retr\u00f4, \u00e0s 16h. A emissora p\u00fablica \u00e9 uma das principais janelas de exibi\u00e7\u00e3o [&hellip;]<\/p>\n","protected":false},"author":1,"featured_media":35579,"comment_status":"open","ping_status":"open","sticky":false,"template":"","format":"standard","meta":{"tdm_status":"","tdm_grid_status":"","footnotes":""},"categories":[6],"tags":[2057,676,33,28,5297,380],"class_list":["post-35578","post","type-post","status-publish","format-standard","has-post-thumbnail","hentry","category-noticias","tag-ator","tag-cinema","tag-estrategia","tag-marketing","tag-mazzaropi","tag-tv-brasil"],"yoast_head":"<!-- This site is optimized with the Yoast SEO plugin v27.4 - https:\/\/yoast.com\/product\/yoast-seo-wordpress\/ -->\n<title>TV Brasil homenageia Am\u00e1cio Mazzaropi nos seus 110 anos de nascimento - CidadeMarketing<\/title>\n<meta name=\"robots\" content=\"index, follow, max-snippet:-1, max-image-preview:large, max-video-preview:-1\" \/>\n<link rel=\"canonical\" href=\"https:\/\/www.cidademarketing.com.br\/marketing\/2022\/04\/05\/tv-brasil-homenageia-amacio-mazzaropi-nos-seus-110-anos-de-nascimento\/\" \/>\n<meta property=\"og:locale\" content=\"pt_BR\" \/>\n<meta property=\"og:type\" content=\"article\" \/>\n<meta property=\"og:title\" content=\"TV Brasil homenageia Am\u00e1cio Mazzaropi nos seus 110 anos de nascimento - CidadeMarketing\" \/>\n<meta property=\"og:description\" content=\"Em rever\u00eancia aos 110 anos de nascimento do humorista Am\u00e1cio Mazzaropi, data celebrada neste s\u00e1bado (9), a TV Brasil exibe um dos cl\u00e1ssicos da filmografia do saudoso ator e cineasta. A com\u00e9dia &#8220;Chofer de Pra\u00e7a&#8221; (1958) \u00e9 a atra\u00e7\u00e3o da faixa Cine Retr\u00f4, \u00e0s 16h. A emissora p\u00fablica \u00e9 uma das principais janelas de exibi\u00e7\u00e3o [&hellip;]\" \/>\n<meta property=\"og:url\" content=\"https:\/\/www.cidademarketing.com.br\/marketing\/2022\/04\/05\/tv-brasil-homenageia-amacio-mazzaropi-nos-seus-110-anos-de-nascimento\/\" \/>\n<meta property=\"og:site_name\" content=\"CidadeMarketing\" \/>\n<meta property=\"article:publisher\" content=\"https:\/\/www.facebook.com\/portalcidademarketing\" \/>\n<meta property=\"article:author\" content=\"https:\/\/www.facebook.com\/thalesbrandao\" \/>\n<meta property=\"article:published_time\" content=\"2022-04-05T23:52:59+00:00\" \/>\n<meta property=\"og:image\" content=\"https:\/\/www.cidademarketing.com.br\/marketing\/wp-content\/uploads\/2022\/04\/Chofer_de_Praca_01_Credito_Divulgacao_TV_Brasil-scaled.jpg\" \/>\n\t<meta property=\"og:image:width\" content=\"2560\" \/>\n\t<meta property=\"og:image:height\" content=\"1769\" \/>\n\t<meta property=\"og:image:type\" content=\"image\/jpeg\" \/>\n<meta name=\"author\" content=\"Thales Brand\u00e3o\" \/>\n<meta name=\"twitter:card\" content=\"summary_large_image\" \/>\n<meta name=\"twitter:creator\" content=\"@http:\/\/www.twitter.com\/thalesbrandao\" \/>\n<meta name=\"twitter:site\" content=\"@CidadeMarketing\" \/>\n<meta name=\"twitter:label1\" content=\"Escrito por\" \/>\n\t<meta name=\"twitter:data1\" content=\"Thales Brand\u00e3o\" \/>\n\t<meta name=\"twitter:label2\" content=\"Est. tempo de leitura\" \/>\n\t<meta name=\"twitter:data2\" content=\"5 minutos\" \/>\n<script type=\"application\/ld+json\" class=\"yoast-schema-graph\">{\"@context\":\"https:\\\/\\\/schema.org\",\"@graph\":[{\"@type\":\"Article\",\"@id\":\"https:\\\/\\\/www.cidademarketing.com.br\\\/marketing\\\/2022\\\/04\\\/05\\\/tv-brasil-homenageia-amacio-mazzaropi-nos-seus-110-anos-de-nascimento\\\/#article\",\"isPartOf\":{\"@id\":\"https:\\\/\\\/www.cidademarketing.com.br\\\/marketing\\\/2022\\\/04\\\/05\\\/tv-brasil-homenageia-amacio-mazzaropi-nos-seus-110-anos-de-nascimento\\\/\"},\"author\":{\"name\":\"Thales Brand\u00e3o\",\"@id\":\"https:\\\/\\\/www.cidademarketing.com.br\\\/marketing\\\/#\\\/schema\\\/person\\\/02daff9f18bd9378c9e01eb6b2db155f\"},\"headline\":\"TV Brasil homenageia Am\u00e1cio Mazzaropi nos seus 110 anos de nascimento\",\"datePublished\":\"2022-04-05T23:52:59+00:00\",\"mainEntityOfPage\":{\"@id\":\"https:\\\/\\\/www.cidademarketing.com.br\\\/marketing\\\/2022\\\/04\\\/05\\\/tv-brasil-homenageia-amacio-mazzaropi-nos-seus-110-anos-de-nascimento\\\/\"},\"wordCount\":966,\"commentCount\":0,\"publisher\":{\"@id\":\"https:\\\/\\\/www.cidademarketing.com.br\\\/marketing\\\/#organization\"},\"image\":{\"@id\":\"https:\\\/\\\/www.cidademarketing.com.br\\\/marketing\\\/2022\\\/04\\\/05\\\/tv-brasil-homenageia-amacio-mazzaropi-nos-seus-110-anos-de-nascimento\\\/#primaryimage\"},\"thumbnailUrl\":\"https:\\\/\\\/www.cidademarketing.com.br\\\/marketing\\\/wp-content\\\/uploads\\\/2022\\\/04\\\/Chofer_de_Praca_01_Credito_Divulgacao_TV_Brasil-scaled.jpg\",\"keywords\":[\"ator\",\"cinema\",\"estrat\u00e9gia\",\"marketing\",\"Mazzaropi\",\"TV Brasil\"],\"articleSection\":[\"Not\u00edcias\"],\"inLanguage\":\"pt-BR\",\"potentialAction\":[{\"@type\":\"CommentAction\",\"name\":\"Comment\",\"target\":[\"https:\\\/\\\/www.cidademarketing.com.br\\\/marketing\\\/2022\\\/04\\\/05\\\/tv-brasil-homenageia-amacio-mazzaropi-nos-seus-110-anos-de-nascimento\\\/#respond\"]}]},{\"@type\":\"WebPage\",\"@id\":\"https:\\\/\\\/www.cidademarketing.com.br\\\/marketing\\\/2022\\\/04\\\/05\\\/tv-brasil-homenageia-amacio-mazzaropi-nos-seus-110-anos-de-nascimento\\\/\",\"url\":\"https:\\\/\\\/www.cidademarketing.com.br\\\/marketing\\\/2022\\\/04\\\/05\\\/tv-brasil-homenageia-amacio-mazzaropi-nos-seus-110-anos-de-nascimento\\\/\",\"name\":\"TV Brasil homenageia Am\u00e1cio Mazzaropi nos seus 110 anos de nascimento - CidadeMarketing\",\"isPartOf\":{\"@id\":\"https:\\\/\\\/www.cidademarketing.com.br\\\/marketing\\\/#website\"},\"primaryImageOfPage\":{\"@id\":\"https:\\\/\\\/www.cidademarketing.com.br\\\/marketing\\\/2022\\\/04\\\/05\\\/tv-brasil-homenageia-amacio-mazzaropi-nos-seus-110-anos-de-nascimento\\\/#primaryimage\"},\"image\":{\"@id\":\"https:\\\/\\\/www.cidademarketing.com.br\\\/marketing\\\/2022\\\/04\\\/05\\\/tv-brasil-homenageia-amacio-mazzaropi-nos-seus-110-anos-de-nascimento\\\/#primaryimage\"},\"thumbnailUrl\":\"https:\\\/\\\/www.cidademarketing.com.br\\\/marketing\\\/wp-content\\\/uploads\\\/2022\\\/04\\\/Chofer_de_Praca_01_Credito_Divulgacao_TV_Brasil-scaled.jpg\",\"datePublished\":\"2022-04-05T23:52:59+00:00\",\"breadcrumb\":{\"@id\":\"https:\\\/\\\/www.cidademarketing.com.br\\\/marketing\\\/2022\\\/04\\\/05\\\/tv-brasil-homenageia-amacio-mazzaropi-nos-seus-110-anos-de-nascimento\\\/#breadcrumb\"},\"inLanguage\":\"pt-BR\",\"potentialAction\":[{\"@type\":\"ReadAction\",\"target\":[\"https:\\\/\\\/www.cidademarketing.com.br\\\/marketing\\\/2022\\\/04\\\/05\\\/tv-brasil-homenageia-amacio-mazzaropi-nos-seus-110-anos-de-nascimento\\\/\"]}]},{\"@type\":\"ImageObject\",\"inLanguage\":\"pt-BR\",\"@id\":\"https:\\\/\\\/www.cidademarketing.com.br\\\/marketing\\\/2022\\\/04\\\/05\\\/tv-brasil-homenageia-amacio-mazzaropi-nos-seus-110-anos-de-nascimento\\\/#primaryimage\",\"url\":\"https:\\\/\\\/www.cidademarketing.com.br\\\/marketing\\\/wp-content\\\/uploads\\\/2022\\\/04\\\/Chofer_de_Praca_01_Credito_Divulgacao_TV_Brasil-scaled.jpg\",\"contentUrl\":\"https:\\\/\\\/www.cidademarketing.com.br\\\/marketing\\\/wp-content\\\/uploads\\\/2022\\\/04\\\/Chofer_de_Praca_01_Credito_Divulgacao_TV_Brasil-scaled.jpg\",\"width\":2560,\"height\":1769,\"caption\":\"Divulga\u00e7\u00e3o\"},{\"@type\":\"BreadcrumbList\",\"@id\":\"https:\\\/\\\/www.cidademarketing.com.br\\\/marketing\\\/2022\\\/04\\\/05\\\/tv-brasil-homenageia-amacio-mazzaropi-nos-seus-110-anos-de-nascimento\\\/#breadcrumb\",\"itemListElement\":[{\"@type\":\"ListItem\",\"position\":1,\"name\":\"In\u00edcio\",\"item\":\"https:\\\/\\\/www.cidademarketing.com.br\\\/marketing\\\/\"},{\"@type\":\"ListItem\",\"position\":2,\"name\":\"TV Brasil homenageia Am\u00e1cio Mazzaropi nos seus 110 anos de nascimento\"}]},{\"@type\":\"WebSite\",\"@id\":\"https:\\\/\\\/www.cidademarketing.com.br\\\/marketing\\\/#website\",\"url\":\"https:\\\/\\\/www.cidademarketing.com.br\\\/marketing\\\/\",\"name\":\"CidadeMarketing\",\"description\":\"Somos um ve\u00edculo de comunica\u00e7\u00e3o de destaque no Brasil, reconhecido por conte\u00fados nos segmentos de marketing, empreendedorismo e inova\u00e7\u00e3o.\",\"publisher\":{\"@id\":\"https:\\\/\\\/www.cidademarketing.com.br\\\/marketing\\\/#organization\"},\"alternateName\":\"CidadeMarketing\",\"potentialAction\":[{\"@type\":\"SearchAction\",\"target\":{\"@type\":\"EntryPoint\",\"urlTemplate\":\"https:\\\/\\\/www.cidademarketing.com.br\\\/marketing\\\/?s={search_term_string}\"},\"query-input\":{\"@type\":\"PropertyValueSpecification\",\"valueRequired\":true,\"valueName\":\"search_term_string\"}}],\"inLanguage\":\"pt-BR\"},{\"@type\":\"Organization\",\"@id\":\"https:\\\/\\\/www.cidademarketing.com.br\\\/marketing\\\/#organization\",\"name\":\"CidadeMarketing\",\"alternateName\":\"CidadeMarketing\",\"url\":\"https:\\\/\\\/www.cidademarketing.com.br\\\/marketing\\\/\",\"logo\":{\"@type\":\"ImageObject\",\"inLanguage\":\"pt-BR\",\"@id\":\"https:\\\/\\\/www.cidademarketing.com.br\\\/marketing\\\/#\\\/schema\\\/logo\\\/image\\\/\",\"url\":\"https:\\\/\\\/www.cidademarketing.com.br\\\/marketing\\\/wp-content\\\/uploads\\\/2020\\\/01\\\/cidademarketing_marca_mobile.png\",\"contentUrl\":\"https:\\\/\\\/www.cidademarketing.com.br\\\/marketing\\\/wp-content\\\/uploads\\\/2020\\\/01\\\/cidademarketing_marca_mobile.png\",\"width\":230,\"height\":92,\"caption\":\"CidadeMarketing\"},\"image\":{\"@id\":\"https:\\\/\\\/www.cidademarketing.com.br\\\/marketing\\\/#\\\/schema\\\/logo\\\/image\\\/\"},\"sameAs\":[\"https:\\\/\\\/www.facebook.com\\\/portalcidademarketing\",\"https:\\\/\\\/x.com\\\/CidadeMarketing\",\"https:\\\/\\\/www.instagram.com\\\/cidademarketing\\\/\"]},{\"@type\":\"Person\",\"@id\":\"https:\\\/\\\/www.cidademarketing.com.br\\\/marketing\\\/#\\\/schema\\\/person\\\/02daff9f18bd9378c9e01eb6b2db155f\",\"name\":\"Thales Brand\u00e3o\",\"image\":{\"@type\":\"ImageObject\",\"inLanguage\":\"pt-BR\",\"@id\":\"https:\\\/\\\/secure.gravatar.com\\\/avatar\\\/7ca3206950207cc3cb48feec56a8a7898741ab725c368d99d5d7a5a50aab80c6?s=96&d=mm&r=g\",\"url\":\"https:\\\/\\\/secure.gravatar.com\\\/avatar\\\/7ca3206950207cc3cb48feec56a8a7898741ab725c368d99d5d7a5a50aab80c6?s=96&d=mm&r=g\",\"contentUrl\":\"https:\\\/\\\/secure.gravatar.com\\\/avatar\\\/7ca3206950207cc3cb48feec56a8a7898741ab725c368d99d5d7a5a50aab80c6?s=96&d=mm&r=g\",\"caption\":\"Thales Brand\u00e3o\"},\"description\":\"Editor Executivo do Portal CidadeMarketing.com.br &gt; Mestre em Comunica\u00e7\u00e3o e Sociedade pela Universidade Federal de Sergipe. Possui MBA Executivo em Administra\u00e7\u00e3o com \u00eanfase em Marketing pela Funda\u00e7\u00e3o Get\u00falio Vargas - Rio de Janeiro. Consultor, Palestrante e Pesquisador sobre Empreendedorismo, Marketing, Redes Sociais e Neg\u00f3cios Digitais. Professor, Palestrante TedxTalks e Campus Party. Twitter: @ThalesBrandao\",\"sameAs\":[\"http:\\\/\\\/www.mandacaru.com.br\",\"https:\\\/\\\/www.facebook.com\\\/thalesbrandao\",\"http:\\\/\\\/www.instagram.com.br\\\/thalesbrandaoferreira\",\"https:\\\/\\\/www.linkedin.com\\\/in\\\/thales-brand\u00e3o-3948609\\\/\",\"https:\\\/\\\/x.com\\\/http:\\\/\\\/www.twitter.com\\\/thalesbrandao\"],\"url\":\"https:\\\/\\\/www.cidademarketing.com.br\\\/marketing\\\/author\\\/thalesbrandao\\\/\"}]}<\/script>\n<!-- \/ Yoast SEO plugin. -->","yoast_head_json":{"title":"TV Brasil homenageia Am\u00e1cio Mazzaropi nos seus 110 anos de nascimento - CidadeMarketing","robots":{"index":"index","follow":"follow","max-snippet":"max-snippet:-1","max-image-preview":"max-image-preview:large","max-video-preview":"max-video-preview:-1"},"canonical":"https:\/\/www.cidademarketing.com.br\/marketing\/2022\/04\/05\/tv-brasil-homenageia-amacio-mazzaropi-nos-seus-110-anos-de-nascimento\/","og_locale":"pt_BR","og_type":"article","og_title":"TV Brasil homenageia Am\u00e1cio Mazzaropi nos seus 110 anos de nascimento - CidadeMarketing","og_description":"Em rever\u00eancia aos 110 anos de nascimento do humorista Am\u00e1cio Mazzaropi, data celebrada neste s\u00e1bado (9), a TV Brasil exibe um dos cl\u00e1ssicos da filmografia do saudoso ator e cineasta. A com\u00e9dia &#8220;Chofer de Pra\u00e7a&#8221; (1958) \u00e9 a atra\u00e7\u00e3o da faixa Cine Retr\u00f4, \u00e0s 16h. A emissora p\u00fablica \u00e9 uma das principais janelas de exibi\u00e7\u00e3o [&hellip;]","og_url":"https:\/\/www.cidademarketing.com.br\/marketing\/2022\/04\/05\/tv-brasil-homenageia-amacio-mazzaropi-nos-seus-110-anos-de-nascimento\/","og_site_name":"CidadeMarketing","article_publisher":"https:\/\/www.facebook.com\/portalcidademarketing","article_author":"https:\/\/www.facebook.com\/thalesbrandao","article_published_time":"2022-04-05T23:52:59+00:00","og_image":[{"width":2560,"height":1769,"url":"https:\/\/www.cidademarketing.com.br\/marketing\/wp-content\/uploads\/2022\/04\/Chofer_de_Praca_01_Credito_Divulgacao_TV_Brasil-scaled.jpg","type":"image\/jpeg"}],"author":"Thales Brand\u00e3o","twitter_card":"summary_large_image","twitter_creator":"@http:\/\/www.twitter.com\/thalesbrandao","twitter_site":"@CidadeMarketing","twitter_misc":{"Escrito por":"Thales Brand\u00e3o","Est. tempo de leitura":"5 minutos"},"schema":{"@context":"https:\/\/schema.org","@graph":[{"@type":"Article","@id":"https:\/\/www.cidademarketing.com.br\/marketing\/2022\/04\/05\/tv-brasil-homenageia-amacio-mazzaropi-nos-seus-110-anos-de-nascimento\/#article","isPartOf":{"@id":"https:\/\/www.cidademarketing.com.br\/marketing\/2022\/04\/05\/tv-brasil-homenageia-amacio-mazzaropi-nos-seus-110-anos-de-nascimento\/"},"author":{"name":"Thales Brand\u00e3o","@id":"https:\/\/www.cidademarketing.com.br\/marketing\/#\/schema\/person\/02daff9f18bd9378c9e01eb6b2db155f"},"headline":"TV Brasil homenageia Am\u00e1cio Mazzaropi nos seus 110 anos de nascimento","datePublished":"2022-04-05T23:52:59+00:00","mainEntityOfPage":{"@id":"https:\/\/www.cidademarketing.com.br\/marketing\/2022\/04\/05\/tv-brasil-homenageia-amacio-mazzaropi-nos-seus-110-anos-de-nascimento\/"},"wordCount":966,"commentCount":0,"publisher":{"@id":"https:\/\/www.cidademarketing.com.br\/marketing\/#organization"},"image":{"@id":"https:\/\/www.cidademarketing.com.br\/marketing\/2022\/04\/05\/tv-brasil-homenageia-amacio-mazzaropi-nos-seus-110-anos-de-nascimento\/#primaryimage"},"thumbnailUrl":"https:\/\/www.cidademarketing.com.br\/marketing\/wp-content\/uploads\/2022\/04\/Chofer_de_Praca_01_Credito_Divulgacao_TV_Brasil-scaled.jpg","keywords":["ator","cinema","estrat\u00e9gia","marketing","Mazzaropi","TV Brasil"],"articleSection":["Not\u00edcias"],"inLanguage":"pt-BR","potentialAction":[{"@type":"CommentAction","name":"Comment","target":["https:\/\/www.cidademarketing.com.br\/marketing\/2022\/04\/05\/tv-brasil-homenageia-amacio-mazzaropi-nos-seus-110-anos-de-nascimento\/#respond"]}]},{"@type":"WebPage","@id":"https:\/\/www.cidademarketing.com.br\/marketing\/2022\/04\/05\/tv-brasil-homenageia-amacio-mazzaropi-nos-seus-110-anos-de-nascimento\/","url":"https:\/\/www.cidademarketing.com.br\/marketing\/2022\/04\/05\/tv-brasil-homenageia-amacio-mazzaropi-nos-seus-110-anos-de-nascimento\/","name":"TV Brasil homenageia Am\u00e1cio Mazzaropi nos seus 110 anos de nascimento - CidadeMarketing","isPartOf":{"@id":"https:\/\/www.cidademarketing.com.br\/marketing\/#website"},"primaryImageOfPage":{"@id":"https:\/\/www.cidademarketing.com.br\/marketing\/2022\/04\/05\/tv-brasil-homenageia-amacio-mazzaropi-nos-seus-110-anos-de-nascimento\/#primaryimage"},"image":{"@id":"https:\/\/www.cidademarketing.com.br\/marketing\/2022\/04\/05\/tv-brasil-homenageia-amacio-mazzaropi-nos-seus-110-anos-de-nascimento\/#primaryimage"},"thumbnailUrl":"https:\/\/www.cidademarketing.com.br\/marketing\/wp-content\/uploads\/2022\/04\/Chofer_de_Praca_01_Credito_Divulgacao_TV_Brasil-scaled.jpg","datePublished":"2022-04-05T23:52:59+00:00","breadcrumb":{"@id":"https:\/\/www.cidademarketing.com.br\/marketing\/2022\/04\/05\/tv-brasil-homenageia-amacio-mazzaropi-nos-seus-110-anos-de-nascimento\/#breadcrumb"},"inLanguage":"pt-BR","potentialAction":[{"@type":"ReadAction","target":["https:\/\/www.cidademarketing.com.br\/marketing\/2022\/04\/05\/tv-brasil-homenageia-amacio-mazzaropi-nos-seus-110-anos-de-nascimento\/"]}]},{"@type":"ImageObject","inLanguage":"pt-BR","@id":"https:\/\/www.cidademarketing.com.br\/marketing\/2022\/04\/05\/tv-brasil-homenageia-amacio-mazzaropi-nos-seus-110-anos-de-nascimento\/#primaryimage","url":"https:\/\/www.cidademarketing.com.br\/marketing\/wp-content\/uploads\/2022\/04\/Chofer_de_Praca_01_Credito_Divulgacao_TV_Brasil-scaled.jpg","contentUrl":"https:\/\/www.cidademarketing.com.br\/marketing\/wp-content\/uploads\/2022\/04\/Chofer_de_Praca_01_Credito_Divulgacao_TV_Brasil-scaled.jpg","width":2560,"height":1769,"caption":"Divulga\u00e7\u00e3o"},{"@type":"BreadcrumbList","@id":"https:\/\/www.cidademarketing.com.br\/marketing\/2022\/04\/05\/tv-brasil-homenageia-amacio-mazzaropi-nos-seus-110-anos-de-nascimento\/#breadcrumb","itemListElement":[{"@type":"ListItem","position":1,"name":"In\u00edcio","item":"https:\/\/www.cidademarketing.com.br\/marketing\/"},{"@type":"ListItem","position":2,"name":"TV Brasil homenageia Am\u00e1cio Mazzaropi nos seus 110 anos de nascimento"}]},{"@type":"WebSite","@id":"https:\/\/www.cidademarketing.com.br\/marketing\/#website","url":"https:\/\/www.cidademarketing.com.br\/marketing\/","name":"CidadeMarketing","description":"Somos um ve\u00edculo de comunica\u00e7\u00e3o de destaque no Brasil, reconhecido por conte\u00fados nos segmentos de marketing, empreendedorismo e inova\u00e7\u00e3o.","publisher":{"@id":"https:\/\/www.cidademarketing.com.br\/marketing\/#organization"},"alternateName":"CidadeMarketing","potentialAction":[{"@type":"SearchAction","target":{"@type":"EntryPoint","urlTemplate":"https:\/\/www.cidademarketing.com.br\/marketing\/?s={search_term_string}"},"query-input":{"@type":"PropertyValueSpecification","valueRequired":true,"valueName":"search_term_string"}}],"inLanguage":"pt-BR"},{"@type":"Organization","@id":"https:\/\/www.cidademarketing.com.br\/marketing\/#organization","name":"CidadeMarketing","alternateName":"CidadeMarketing","url":"https:\/\/www.cidademarketing.com.br\/marketing\/","logo":{"@type":"ImageObject","inLanguage":"pt-BR","@id":"https:\/\/www.cidademarketing.com.br\/marketing\/#\/schema\/logo\/image\/","url":"https:\/\/www.cidademarketing.com.br\/marketing\/wp-content\/uploads\/2020\/01\/cidademarketing_marca_mobile.png","contentUrl":"https:\/\/www.cidademarketing.com.br\/marketing\/wp-content\/uploads\/2020\/01\/cidademarketing_marca_mobile.png","width":230,"height":92,"caption":"CidadeMarketing"},"image":{"@id":"https:\/\/www.cidademarketing.com.br\/marketing\/#\/schema\/logo\/image\/"},"sameAs":["https:\/\/www.facebook.com\/portalcidademarketing","https:\/\/x.com\/CidadeMarketing","https:\/\/www.instagram.com\/cidademarketing\/"]},{"@type":"Person","@id":"https:\/\/www.cidademarketing.com.br\/marketing\/#\/schema\/person\/02daff9f18bd9378c9e01eb6b2db155f","name":"Thales Brand\u00e3o","image":{"@type":"ImageObject","inLanguage":"pt-BR","@id":"https:\/\/secure.gravatar.com\/avatar\/7ca3206950207cc3cb48feec56a8a7898741ab725c368d99d5d7a5a50aab80c6?s=96&d=mm&r=g","url":"https:\/\/secure.gravatar.com\/avatar\/7ca3206950207cc3cb48feec56a8a7898741ab725c368d99d5d7a5a50aab80c6?s=96&d=mm&r=g","contentUrl":"https:\/\/secure.gravatar.com\/avatar\/7ca3206950207cc3cb48feec56a8a7898741ab725c368d99d5d7a5a50aab80c6?s=96&d=mm&r=g","caption":"Thales Brand\u00e3o"},"description":"Editor Executivo do Portal CidadeMarketing.com.br &gt; Mestre em Comunica\u00e7\u00e3o e Sociedade pela Universidade Federal de Sergipe. Possui MBA Executivo em Administra\u00e7\u00e3o com \u00eanfase em Marketing pela Funda\u00e7\u00e3o Get\u00falio Vargas - Rio de Janeiro. Consultor, Palestrante e Pesquisador sobre Empreendedorismo, Marketing, Redes Sociais e Neg\u00f3cios Digitais. Professor, Palestrante TedxTalks e Campus Party. Twitter: @ThalesBrandao","sameAs":["http:\/\/www.mandacaru.com.br","https:\/\/www.facebook.com\/thalesbrandao","http:\/\/www.instagram.com.br\/thalesbrandaoferreira","https:\/\/www.linkedin.com\/in\/thales-brand\u00e3o-3948609\/","https:\/\/x.com\/http:\/\/www.twitter.com\/thalesbrandao"],"url":"https:\/\/www.cidademarketing.com.br\/marketing\/author\/thalesbrandao\/"}]}},"amp_enabled":true,"_links":{"self":[{"href":"https:\/\/www.cidademarketing.com.br\/marketing\/wp-json\/wp\/v2\/posts\/35578","targetHints":{"allow":["GET"]}}],"collection":[{"href":"https:\/\/www.cidademarketing.com.br\/marketing\/wp-json\/wp\/v2\/posts"}],"about":[{"href":"https:\/\/www.cidademarketing.com.br\/marketing\/wp-json\/wp\/v2\/types\/post"}],"author":[{"embeddable":true,"href":"https:\/\/www.cidademarketing.com.br\/marketing\/wp-json\/wp\/v2\/users\/1"}],"replies":[{"embeddable":true,"href":"https:\/\/www.cidademarketing.com.br\/marketing\/wp-json\/wp\/v2\/comments?post=35578"}],"version-history":[{"count":1,"href":"https:\/\/www.cidademarketing.com.br\/marketing\/wp-json\/wp\/v2\/posts\/35578\/revisions"}],"predecessor-version":[{"id":35586,"href":"https:\/\/www.cidademarketing.com.br\/marketing\/wp-json\/wp\/v2\/posts\/35578\/revisions\/35586"}],"wp:featuredmedia":[{"embeddable":true,"href":"https:\/\/www.cidademarketing.com.br\/marketing\/wp-json\/wp\/v2\/media\/35579"}],"wp:attachment":[{"href":"https:\/\/www.cidademarketing.com.br\/marketing\/wp-json\/wp\/v2\/media?parent=35578"}],"wp:term":[{"taxonomy":"category","embeddable":true,"href":"https:\/\/www.cidademarketing.com.br\/marketing\/wp-json\/wp\/v2\/categories?post=35578"},{"taxonomy":"post_tag","embeddable":true,"href":"https:\/\/www.cidademarketing.com.br\/marketing\/wp-json\/wp\/v2\/tags?post=35578"}],"curies":[{"name":"wp","href":"https:\/\/api.w.org\/{rel}","templated":true}]}}