{"id":35535,"date":"2022-04-04T00:22:42","date_gmt":"2022-04-04T03:22:42","guid":{"rendered":"https:\/\/www.cidademarketing.com.br\/marketing\/?p=35535"},"modified":"2022-04-04T00:22:42","modified_gmt":"2022-04-04T03:22:42","slug":"sem-censura-desta-semana-recebe-o-jornalista-carlos-monforte","status":"publish","type":"post","link":"https:\/\/www.cidademarketing.com.br\/marketing\/2022\/04\/04\/sem-censura-desta-semana-recebe-o-jornalista-carlos-monforte\/","title":{"rendered":"Sem Censura desta semana recebe o jornalista Carlos Monforte"},"content":{"rendered":"<p><iframe style=\"border-radius: 12px;\" src=\"https:\/\/open.spotify.com\/embed\/show\/4khMKzP3FgFRWVwb73xicc?utm_source=generator&amp;t=0\" width=\"100%\" height=\"232\" frameborder=\"0\" allowfullscreen=\"allowfullscreen\"><\/iframe><br \/>\nNesta segunda-feira (4), o programa Sem Censura, da TV Brasil, presta homenagem ao Dia do Jornalista, comemorado em 7 de abril, com a presen\u00e7a de Carlos Monforte. O profissional foi um dos primeiros \u00e2ncoras do telejornalismo brasileiro. Ele conversa com a colega de profiss\u00e3o Marina Machado sobre a carreira nas reda\u00e7\u00f5es de v\u00e1rios jornais do Brasil.<\/p>\n<p>Monforte tamb\u00e9m fala sobre o rec\u00e9m-lan\u00e7ado livro \u201cO Papel do Jornalismo de Sem Papel\u201d, em que discute as transforma\u00e7\u00f5es do Jornalismo na atualidade, em um mundo marcado pela velocidade de informa\u00e7\u00e3o e guerra de vers\u00f5es.<\/p>\n<p>Carlos Am\u00e9rico Aguiar Monforte nasceu em Santos, S\u00e3o Paulo, em 1949. Formou-se em jornalismo no ano de 1972, pela Faculdade de Comunica\u00e7\u00e3o de Santos. Fez cursos de aperfei\u00e7oamento na Universidade de Navarra, na Espanha, em 1973 e na Funda\u00e7\u00e3o Beauve Marie, na Fran\u00e7a, entre 1975 e 1976. Antes mesmo de concluir o curso de gradua\u00e7\u00e3o, come\u00e7ou a trabalhar como rep\u00f3rter no jornal A Tribuna, no qual ganhou o Pr\u00eamio Esso de Jornalismo Regional. Foi assessor de comunica\u00e7\u00e3o da Secretaria de Obras do Estado de S\u00e3o Paulo. Trabalhou como redator e rep\u00f3rter especial de O Estado de S. Paulo entre 1973 e 1978. Ainda em 1978 inicia sua carreira na Televis\u00e3o como rep\u00f3rter da Rede Globo. Na emissora, foi editor-chefe e apresentador do Bom Dia Brasil na d\u00e9cada de 1980. Lan\u00e7ou seu primeiro livro, \u201cO Papel do Jornalismo Sem Papel\u201d em fevereiro deste ano.<\/p>\n<p>O programa Sem Censura vai ao ar \u00e0s segundas-feiras, \u00e0s 21h, logo ap\u00f3s a novela A Escrava Isaura, com transmiss\u00e3o para todo o Pa\u00eds em TV aberta por interm\u00e9dio das emissoras afiliadas \u00e0 Rede Nacional de Comunica\u00e7\u00e3o P\u00fablica \u2013 TV, gerida pela Empresa Brasil de Comunica\u00e7\u00e3o (EBC) e por outras plataformas, como Facebook, Twitter e Youtube, por onde o p\u00fablico pode participar usando a hashtag #SemCensura.<\/p>\n<p>&nbsp;<\/p>\n<p>Ao vivo e on demand<\/p>\n<p>Acompanhe a programa\u00e7\u00e3o da TV Brasil pelo canal aberto, TV por assinatura e parab\u00f3lica. Sintonize: tvbrasil.ebc.com.br\/comosintonizar<\/p>\n<p>Seus programas favoritos est\u00e3o no TV Brasil Play, pelo site play.ebc.com.br ou por aplicativo no smartphone. O app pode ser baixado gratuitamente e est\u00e1 dispon\u00edvel para Android e iOS. Assista tamb\u00e9m pela WebTV: tvbrasil.ebc.com.br\/webtv<\/p>\n<p>&nbsp;<\/p>\n<p>Sem Censura \u2013 Jornalista Carlos Monforte<\/p>\n<p>Segunda-feira (04), \u00e0s 21h, na TV Brasil<\/p>\n<p><iframe style=\"width: 100%; max-width: 660px; overflow: hidden; background: transparent;\" src=\"https:\/\/embed.podcasts.apple.com\/br\/podcast\/podcast-cidademarketing\/id1371923283\" height=\"450\" frameborder=\"0\" sandbox=\"allow-forms allow-popups allow-same-origin allow-scripts allow-storage-access-by-user-activation allow-top-navigation-by-user-activation\"><\/iframe><\/p>\n","protected":false},"excerpt":{"rendered":"<p>Nesta segunda-feira (4), o programa Sem Censura, da TV Brasil, presta homenagem ao Dia do Jornalista, comemorado em 7 de abril, com a presen\u00e7a de Carlos Monforte. O profissional foi um dos primeiros \u00e2ncoras do telejornalismo brasileiro. Ele conversa com a colega de profiss\u00e3o Marina Machado sobre a carreira nas reda\u00e7\u00f5es de v\u00e1rios jornais do [&hellip;]<\/p>\n","protected":false},"author":1,"featured_media":35536,"comment_status":"open","ping_status":"open","sticky":false,"template":"","format":"standard","meta":{"tdm_status":"","tdm_grid_status":"","footnotes":""},"categories":[6],"tags":[308,33,28,1704,381,380],"class_list":["post-35535","post","type-post","status-publish","format-standard","has-post-thumbnail","hentry","category-noticias","tag-comunicacao","tag-estrategia","tag-marketing","tag-sem-censura","tag-televisao","tag-tv-brasil"],"yoast_head":"<!-- This site is optimized with the Yoast SEO plugin v27.5 - https:\/\/yoast.com\/product\/yoast-seo-wordpress\/ -->\n<title>Sem Censura desta semana recebe o jornalista Carlos Monforte - CidadeMarketing<\/title>\n<meta name=\"robots\" content=\"index, follow, max-snippet:-1, max-image-preview:large, max-video-preview:-1\" \/>\n<link rel=\"canonical\" href=\"https:\/\/www.cidademarketing.com.br\/marketing\/2022\/04\/04\/sem-censura-desta-semana-recebe-o-jornalista-carlos-monforte\/\" \/>\n<meta property=\"og:locale\" content=\"pt_BR\" \/>\n<meta property=\"og:type\" content=\"article\" \/>\n<meta property=\"og:title\" content=\"Sem Censura desta semana recebe o jornalista Carlos Monforte - CidadeMarketing\" \/>\n<meta property=\"og:description\" content=\"Nesta segunda-feira (4), o programa Sem Censura, da TV Brasil, presta homenagem ao Dia do Jornalista, comemorado em 7 de abril, com a presen\u00e7a de Carlos Monforte. O profissional foi um dos primeiros \u00e2ncoras do telejornalismo brasileiro. Ele conversa com a colega de profiss\u00e3o Marina Machado sobre a carreira nas reda\u00e7\u00f5es de v\u00e1rios jornais do [&hellip;]\" \/>\n<meta property=\"og:url\" content=\"https:\/\/www.cidademarketing.com.br\/marketing\/2022\/04\/04\/sem-censura-desta-semana-recebe-o-jornalista-carlos-monforte\/\" \/>\n<meta property=\"og:site_name\" content=\"CidadeMarketing\" \/>\n<meta property=\"article:publisher\" content=\"https:\/\/www.facebook.com\/portalcidademarketing\" \/>\n<meta property=\"article:author\" content=\"https:\/\/www.facebook.com\/thalesbrandao\" \/>\n<meta property=\"article:published_time\" content=\"2022-04-04T03:22:42+00:00\" \/>\n<meta property=\"og:image\" content=\"https:\/\/www.cidademarketing.com.br\/marketing\/wp-content\/uploads\/2022\/04\/SEM-CENSURA-CARLOS-MONFORTE-DIVULGACAO-TV-BRASIL.jpeg\" \/>\n\t<meta property=\"og:image:width\" content=\"1280\" \/>\n\t<meta property=\"og:image:height\" content=\"640\" \/>\n\t<meta property=\"og:image:type\" content=\"image\/jpeg\" \/>\n<meta name=\"author\" content=\"Thales Brand\u00e3o\" \/>\n<meta name=\"twitter:card\" content=\"summary_large_image\" \/>\n<meta name=\"twitter:creator\" content=\"@http:\/\/www.twitter.com\/thalesbrandao\" \/>\n<meta name=\"twitter:site\" content=\"@CidadeMarketing\" \/>\n<meta name=\"twitter:label1\" content=\"Escrito por\" \/>\n\t<meta name=\"twitter:data1\" content=\"Thales Brand\u00e3o\" \/>\n\t<meta name=\"twitter:label2\" content=\"Est. tempo de leitura\" \/>\n\t<meta name=\"twitter:data2\" content=\"2 minutos\" \/>\n<script type=\"application\/ld+json\" class=\"yoast-schema-graph\">{\"@context\":\"https:\\\/\\\/schema.org\",\"@graph\":[{\"@type\":\"Article\",\"@id\":\"https:\\\/\\\/www.cidademarketing.com.br\\\/marketing\\\/2022\\\/04\\\/04\\\/sem-censura-desta-semana-recebe-o-jornalista-carlos-monforte\\\/#article\",\"isPartOf\":{\"@id\":\"https:\\\/\\\/www.cidademarketing.com.br\\\/marketing\\\/2022\\\/04\\\/04\\\/sem-censura-desta-semana-recebe-o-jornalista-carlos-monforte\\\/\"},\"author\":{\"name\":\"Thales Brand\u00e3o\",\"@id\":\"https:\\\/\\\/www.cidademarketing.com.br\\\/marketing\\\/#\\\/schema\\\/person\\\/02daff9f18bd9378c9e01eb6b2db155f\"},\"headline\":\"Sem Censura desta semana recebe o jornalista Carlos Monforte\",\"datePublished\":\"2022-04-04T03:22:42+00:00\",\"mainEntityOfPage\":{\"@id\":\"https:\\\/\\\/www.cidademarketing.com.br\\\/marketing\\\/2022\\\/04\\\/04\\\/sem-censura-desta-semana-recebe-o-jornalista-carlos-monforte\\\/\"},\"wordCount\":415,\"commentCount\":0,\"publisher\":{\"@id\":\"https:\\\/\\\/www.cidademarketing.com.br\\\/marketing\\\/#organization\"},\"image\":{\"@id\":\"https:\\\/\\\/www.cidademarketing.com.br\\\/marketing\\\/2022\\\/04\\\/04\\\/sem-censura-desta-semana-recebe-o-jornalista-carlos-monforte\\\/#primaryimage\"},\"thumbnailUrl\":\"https:\\\/\\\/www.cidademarketing.com.br\\\/marketing\\\/wp-content\\\/uploads\\\/2022\\\/04\\\/SEM-CENSURA-CARLOS-MONFORTE-DIVULGACAO-TV-BRASIL.jpeg\",\"keywords\":[\"comunica\u00e7\u00e3o\",\"estrat\u00e9gia\",\"marketing\",\"Sem Censura\",\"televis\u00e3o\",\"TV Brasil\"],\"articleSection\":[\"Not\u00edcias\"],\"inLanguage\":\"pt-BR\",\"potentialAction\":[{\"@type\":\"CommentAction\",\"name\":\"Comment\",\"target\":[\"https:\\\/\\\/www.cidademarketing.com.br\\\/marketing\\\/2022\\\/04\\\/04\\\/sem-censura-desta-semana-recebe-o-jornalista-carlos-monforte\\\/#respond\"]}]},{\"@type\":\"WebPage\",\"@id\":\"https:\\\/\\\/www.cidademarketing.com.br\\\/marketing\\\/2022\\\/04\\\/04\\\/sem-censura-desta-semana-recebe-o-jornalista-carlos-monforte\\\/\",\"url\":\"https:\\\/\\\/www.cidademarketing.com.br\\\/marketing\\\/2022\\\/04\\\/04\\\/sem-censura-desta-semana-recebe-o-jornalista-carlos-monforte\\\/\",\"name\":\"Sem Censura desta semana recebe o jornalista Carlos Monforte - CidadeMarketing\",\"isPartOf\":{\"@id\":\"https:\\\/\\\/www.cidademarketing.com.br\\\/marketing\\\/#website\"},\"primaryImageOfPage\":{\"@id\":\"https:\\\/\\\/www.cidademarketing.com.br\\\/marketing\\\/2022\\\/04\\\/04\\\/sem-censura-desta-semana-recebe-o-jornalista-carlos-monforte\\\/#primaryimage\"},\"image\":{\"@id\":\"https:\\\/\\\/www.cidademarketing.com.br\\\/marketing\\\/2022\\\/04\\\/04\\\/sem-censura-desta-semana-recebe-o-jornalista-carlos-monforte\\\/#primaryimage\"},\"thumbnailUrl\":\"https:\\\/\\\/www.cidademarketing.com.br\\\/marketing\\\/wp-content\\\/uploads\\\/2022\\\/04\\\/SEM-CENSURA-CARLOS-MONFORTE-DIVULGACAO-TV-BRASIL.jpeg\",\"datePublished\":\"2022-04-04T03:22:42+00:00\",\"breadcrumb\":{\"@id\":\"https:\\\/\\\/www.cidademarketing.com.br\\\/marketing\\\/2022\\\/04\\\/04\\\/sem-censura-desta-semana-recebe-o-jornalista-carlos-monforte\\\/#breadcrumb\"},\"inLanguage\":\"pt-BR\",\"potentialAction\":[{\"@type\":\"ReadAction\",\"target\":[\"https:\\\/\\\/www.cidademarketing.com.br\\\/marketing\\\/2022\\\/04\\\/04\\\/sem-censura-desta-semana-recebe-o-jornalista-carlos-monforte\\\/\"]}]},{\"@type\":\"ImageObject\",\"inLanguage\":\"pt-BR\",\"@id\":\"https:\\\/\\\/www.cidademarketing.com.br\\\/marketing\\\/2022\\\/04\\\/04\\\/sem-censura-desta-semana-recebe-o-jornalista-carlos-monforte\\\/#primaryimage\",\"url\":\"https:\\\/\\\/www.cidademarketing.com.br\\\/marketing\\\/wp-content\\\/uploads\\\/2022\\\/04\\\/SEM-CENSURA-CARLOS-MONFORTE-DIVULGACAO-TV-BRASIL.jpeg\",\"contentUrl\":\"https:\\\/\\\/www.cidademarketing.com.br\\\/marketing\\\/wp-content\\\/uploads\\\/2022\\\/04\\\/SEM-CENSURA-CARLOS-MONFORTE-DIVULGACAO-TV-BRASIL.jpeg\",\"width\":1280,\"height\":640},{\"@type\":\"BreadcrumbList\",\"@id\":\"https:\\\/\\\/www.cidademarketing.com.br\\\/marketing\\\/2022\\\/04\\\/04\\\/sem-censura-desta-semana-recebe-o-jornalista-carlos-monforte\\\/#breadcrumb\",\"itemListElement\":[{\"@type\":\"ListItem\",\"position\":1,\"name\":\"In\u00edcio\",\"item\":\"https:\\\/\\\/www.cidademarketing.com.br\\\/marketing\\\/\"},{\"@type\":\"ListItem\",\"position\":2,\"name\":\"Sem Censura desta semana recebe o jornalista Carlos Monforte\"}]},{\"@type\":\"WebSite\",\"@id\":\"https:\\\/\\\/www.cidademarketing.com.br\\\/marketing\\\/#website\",\"url\":\"https:\\\/\\\/www.cidademarketing.com.br\\\/marketing\\\/\",\"name\":\"CidadeMarketing\",\"description\":\"Somos um ve\u00edculo de comunica\u00e7\u00e3o de destaque no Brasil, reconhecido por conte\u00fados nos segmentos de marketing, empreendedorismo e inova\u00e7\u00e3o.\",\"publisher\":{\"@id\":\"https:\\\/\\\/www.cidademarketing.com.br\\\/marketing\\\/#organization\"},\"alternateName\":\"CidadeMarketing\",\"potentialAction\":[{\"@type\":\"SearchAction\",\"target\":{\"@type\":\"EntryPoint\",\"urlTemplate\":\"https:\\\/\\\/www.cidademarketing.com.br\\\/marketing\\\/?s={search_term_string}\"},\"query-input\":{\"@type\":\"PropertyValueSpecification\",\"valueRequired\":true,\"valueName\":\"search_term_string\"}}],\"inLanguage\":\"pt-BR\"},{\"@type\":\"Organization\",\"@id\":\"https:\\\/\\\/www.cidademarketing.com.br\\\/marketing\\\/#organization\",\"name\":\"CidadeMarketing\",\"alternateName\":\"CidadeMarketing\",\"url\":\"https:\\\/\\\/www.cidademarketing.com.br\\\/marketing\\\/\",\"logo\":{\"@type\":\"ImageObject\",\"inLanguage\":\"pt-BR\",\"@id\":\"https:\\\/\\\/www.cidademarketing.com.br\\\/marketing\\\/#\\\/schema\\\/logo\\\/image\\\/\",\"url\":\"https:\\\/\\\/www.cidademarketing.com.br\\\/marketing\\\/wp-content\\\/uploads\\\/2020\\\/01\\\/cidademarketing_marca_mobile.png\",\"contentUrl\":\"https:\\\/\\\/www.cidademarketing.com.br\\\/marketing\\\/wp-content\\\/uploads\\\/2020\\\/01\\\/cidademarketing_marca_mobile.png\",\"width\":230,\"height\":92,\"caption\":\"CidadeMarketing\"},\"image\":{\"@id\":\"https:\\\/\\\/www.cidademarketing.com.br\\\/marketing\\\/#\\\/schema\\\/logo\\\/image\\\/\"},\"sameAs\":[\"https:\\\/\\\/www.facebook.com\\\/portalcidademarketing\",\"https:\\\/\\\/x.com\\\/CidadeMarketing\",\"https:\\\/\\\/www.instagram.com\\\/cidademarketing\\\/\"]},{\"@type\":\"Person\",\"@id\":\"https:\\\/\\\/www.cidademarketing.com.br\\\/marketing\\\/#\\\/schema\\\/person\\\/02daff9f18bd9378c9e01eb6b2db155f\",\"name\":\"Thales Brand\u00e3o\",\"image\":{\"@type\":\"ImageObject\",\"inLanguage\":\"pt-BR\",\"@id\":\"https:\\\/\\\/secure.gravatar.com\\\/avatar\\\/7ca3206950207cc3cb48feec56a8a7898741ab725c368d99d5d7a5a50aab80c6?s=96&d=mm&r=g\",\"url\":\"https:\\\/\\\/secure.gravatar.com\\\/avatar\\\/7ca3206950207cc3cb48feec56a8a7898741ab725c368d99d5d7a5a50aab80c6?s=96&d=mm&r=g\",\"contentUrl\":\"https:\\\/\\\/secure.gravatar.com\\\/avatar\\\/7ca3206950207cc3cb48feec56a8a7898741ab725c368d99d5d7a5a50aab80c6?s=96&d=mm&r=g\",\"caption\":\"Thales Brand\u00e3o\"},\"description\":\"Editor Executivo do Portal CidadeMarketing.com.br &gt; Mestre em Comunica\u00e7\u00e3o e Sociedade pela Universidade Federal de Sergipe. Possui MBA Executivo em Administra\u00e7\u00e3o com \u00eanfase em Marketing pela Funda\u00e7\u00e3o Get\u00falio Vargas - Rio de Janeiro. Consultor, Palestrante e Pesquisador sobre Empreendedorismo, Marketing, Redes Sociais e Neg\u00f3cios Digitais. Professor, Palestrante TedxTalks e Campus Party. Twitter: @ThalesBrandao\",\"sameAs\":[\"http:\\\/\\\/www.mandacaru.com.br\",\"https:\\\/\\\/www.facebook.com\\\/thalesbrandao\",\"http:\\\/\\\/www.instagram.com.br\\\/thalesbrandaoferreira\",\"https:\\\/\\\/www.linkedin.com\\\/in\\\/thales-brand\u00e3o-3948609\\\/\",\"https:\\\/\\\/x.com\\\/http:\\\/\\\/www.twitter.com\\\/thalesbrandao\"],\"url\":\"https:\\\/\\\/www.cidademarketing.com.br\\\/marketing\\\/author\\\/thalesbrandao\\\/\"}]}<\/script>\n<!-- \/ Yoast SEO plugin. -->","yoast_head_json":{"title":"Sem Censura desta semana recebe o jornalista Carlos Monforte - CidadeMarketing","robots":{"index":"index","follow":"follow","max-snippet":"max-snippet:-1","max-image-preview":"max-image-preview:large","max-video-preview":"max-video-preview:-1"},"canonical":"https:\/\/www.cidademarketing.com.br\/marketing\/2022\/04\/04\/sem-censura-desta-semana-recebe-o-jornalista-carlos-monforte\/","og_locale":"pt_BR","og_type":"article","og_title":"Sem Censura desta semana recebe o jornalista Carlos Monforte - CidadeMarketing","og_description":"Nesta segunda-feira (4), o programa Sem Censura, da TV Brasil, presta homenagem ao Dia do Jornalista, comemorado em 7 de abril, com a presen\u00e7a de Carlos Monforte. O profissional foi um dos primeiros \u00e2ncoras do telejornalismo brasileiro. Ele conversa com a colega de profiss\u00e3o Marina Machado sobre a carreira nas reda\u00e7\u00f5es de v\u00e1rios jornais do [&hellip;]","og_url":"https:\/\/www.cidademarketing.com.br\/marketing\/2022\/04\/04\/sem-censura-desta-semana-recebe-o-jornalista-carlos-monforte\/","og_site_name":"CidadeMarketing","article_publisher":"https:\/\/www.facebook.com\/portalcidademarketing","article_author":"https:\/\/www.facebook.com\/thalesbrandao","article_published_time":"2022-04-04T03:22:42+00:00","og_image":[{"width":1280,"height":640,"url":"https:\/\/www.cidademarketing.com.br\/marketing\/wp-content\/uploads\/2022\/04\/SEM-CENSURA-CARLOS-MONFORTE-DIVULGACAO-TV-BRASIL.jpeg","type":"image\/jpeg"}],"author":"Thales Brand\u00e3o","twitter_card":"summary_large_image","twitter_creator":"@http:\/\/www.twitter.com\/thalesbrandao","twitter_site":"@CidadeMarketing","twitter_misc":{"Escrito por":"Thales Brand\u00e3o","Est. tempo de leitura":"2 minutos"},"schema":{"@context":"https:\/\/schema.org","@graph":[{"@type":"Article","@id":"https:\/\/www.cidademarketing.com.br\/marketing\/2022\/04\/04\/sem-censura-desta-semana-recebe-o-jornalista-carlos-monforte\/#article","isPartOf":{"@id":"https:\/\/www.cidademarketing.com.br\/marketing\/2022\/04\/04\/sem-censura-desta-semana-recebe-o-jornalista-carlos-monforte\/"},"author":{"name":"Thales Brand\u00e3o","@id":"https:\/\/www.cidademarketing.com.br\/marketing\/#\/schema\/person\/02daff9f18bd9378c9e01eb6b2db155f"},"headline":"Sem Censura desta semana recebe o jornalista Carlos Monforte","datePublished":"2022-04-04T03:22:42+00:00","mainEntityOfPage":{"@id":"https:\/\/www.cidademarketing.com.br\/marketing\/2022\/04\/04\/sem-censura-desta-semana-recebe-o-jornalista-carlos-monforte\/"},"wordCount":415,"commentCount":0,"publisher":{"@id":"https:\/\/www.cidademarketing.com.br\/marketing\/#organization"},"image":{"@id":"https:\/\/www.cidademarketing.com.br\/marketing\/2022\/04\/04\/sem-censura-desta-semana-recebe-o-jornalista-carlos-monforte\/#primaryimage"},"thumbnailUrl":"https:\/\/www.cidademarketing.com.br\/marketing\/wp-content\/uploads\/2022\/04\/SEM-CENSURA-CARLOS-MONFORTE-DIVULGACAO-TV-BRASIL.jpeg","keywords":["comunica\u00e7\u00e3o","estrat\u00e9gia","marketing","Sem Censura","televis\u00e3o","TV Brasil"],"articleSection":["Not\u00edcias"],"inLanguage":"pt-BR","potentialAction":[{"@type":"CommentAction","name":"Comment","target":["https:\/\/www.cidademarketing.com.br\/marketing\/2022\/04\/04\/sem-censura-desta-semana-recebe-o-jornalista-carlos-monforte\/#respond"]}]},{"@type":"WebPage","@id":"https:\/\/www.cidademarketing.com.br\/marketing\/2022\/04\/04\/sem-censura-desta-semana-recebe-o-jornalista-carlos-monforte\/","url":"https:\/\/www.cidademarketing.com.br\/marketing\/2022\/04\/04\/sem-censura-desta-semana-recebe-o-jornalista-carlos-monforte\/","name":"Sem Censura desta semana recebe o jornalista Carlos Monforte - CidadeMarketing","isPartOf":{"@id":"https:\/\/www.cidademarketing.com.br\/marketing\/#website"},"primaryImageOfPage":{"@id":"https:\/\/www.cidademarketing.com.br\/marketing\/2022\/04\/04\/sem-censura-desta-semana-recebe-o-jornalista-carlos-monforte\/#primaryimage"},"image":{"@id":"https:\/\/www.cidademarketing.com.br\/marketing\/2022\/04\/04\/sem-censura-desta-semana-recebe-o-jornalista-carlos-monforte\/#primaryimage"},"thumbnailUrl":"https:\/\/www.cidademarketing.com.br\/marketing\/wp-content\/uploads\/2022\/04\/SEM-CENSURA-CARLOS-MONFORTE-DIVULGACAO-TV-BRASIL.jpeg","datePublished":"2022-04-04T03:22:42+00:00","breadcrumb":{"@id":"https:\/\/www.cidademarketing.com.br\/marketing\/2022\/04\/04\/sem-censura-desta-semana-recebe-o-jornalista-carlos-monforte\/#breadcrumb"},"inLanguage":"pt-BR","potentialAction":[{"@type":"ReadAction","target":["https:\/\/www.cidademarketing.com.br\/marketing\/2022\/04\/04\/sem-censura-desta-semana-recebe-o-jornalista-carlos-monforte\/"]}]},{"@type":"ImageObject","inLanguage":"pt-BR","@id":"https:\/\/www.cidademarketing.com.br\/marketing\/2022\/04\/04\/sem-censura-desta-semana-recebe-o-jornalista-carlos-monforte\/#primaryimage","url":"https:\/\/www.cidademarketing.com.br\/marketing\/wp-content\/uploads\/2022\/04\/SEM-CENSURA-CARLOS-MONFORTE-DIVULGACAO-TV-BRASIL.jpeg","contentUrl":"https:\/\/www.cidademarketing.com.br\/marketing\/wp-content\/uploads\/2022\/04\/SEM-CENSURA-CARLOS-MONFORTE-DIVULGACAO-TV-BRASIL.jpeg","width":1280,"height":640},{"@type":"BreadcrumbList","@id":"https:\/\/www.cidademarketing.com.br\/marketing\/2022\/04\/04\/sem-censura-desta-semana-recebe-o-jornalista-carlos-monforte\/#breadcrumb","itemListElement":[{"@type":"ListItem","position":1,"name":"In\u00edcio","item":"https:\/\/www.cidademarketing.com.br\/marketing\/"},{"@type":"ListItem","position":2,"name":"Sem Censura desta semana recebe o jornalista Carlos Monforte"}]},{"@type":"WebSite","@id":"https:\/\/www.cidademarketing.com.br\/marketing\/#website","url":"https:\/\/www.cidademarketing.com.br\/marketing\/","name":"CidadeMarketing","description":"Somos um ve\u00edculo de comunica\u00e7\u00e3o de destaque no Brasil, reconhecido por conte\u00fados nos segmentos de marketing, empreendedorismo e inova\u00e7\u00e3o.","publisher":{"@id":"https:\/\/www.cidademarketing.com.br\/marketing\/#organization"},"alternateName":"CidadeMarketing","potentialAction":[{"@type":"SearchAction","target":{"@type":"EntryPoint","urlTemplate":"https:\/\/www.cidademarketing.com.br\/marketing\/?s={search_term_string}"},"query-input":{"@type":"PropertyValueSpecification","valueRequired":true,"valueName":"search_term_string"}}],"inLanguage":"pt-BR"},{"@type":"Organization","@id":"https:\/\/www.cidademarketing.com.br\/marketing\/#organization","name":"CidadeMarketing","alternateName":"CidadeMarketing","url":"https:\/\/www.cidademarketing.com.br\/marketing\/","logo":{"@type":"ImageObject","inLanguage":"pt-BR","@id":"https:\/\/www.cidademarketing.com.br\/marketing\/#\/schema\/logo\/image\/","url":"https:\/\/www.cidademarketing.com.br\/marketing\/wp-content\/uploads\/2020\/01\/cidademarketing_marca_mobile.png","contentUrl":"https:\/\/www.cidademarketing.com.br\/marketing\/wp-content\/uploads\/2020\/01\/cidademarketing_marca_mobile.png","width":230,"height":92,"caption":"CidadeMarketing"},"image":{"@id":"https:\/\/www.cidademarketing.com.br\/marketing\/#\/schema\/logo\/image\/"},"sameAs":["https:\/\/www.facebook.com\/portalcidademarketing","https:\/\/x.com\/CidadeMarketing","https:\/\/www.instagram.com\/cidademarketing\/"]},{"@type":"Person","@id":"https:\/\/www.cidademarketing.com.br\/marketing\/#\/schema\/person\/02daff9f18bd9378c9e01eb6b2db155f","name":"Thales Brand\u00e3o","image":{"@type":"ImageObject","inLanguage":"pt-BR","@id":"https:\/\/secure.gravatar.com\/avatar\/7ca3206950207cc3cb48feec56a8a7898741ab725c368d99d5d7a5a50aab80c6?s=96&d=mm&r=g","url":"https:\/\/secure.gravatar.com\/avatar\/7ca3206950207cc3cb48feec56a8a7898741ab725c368d99d5d7a5a50aab80c6?s=96&d=mm&r=g","contentUrl":"https:\/\/secure.gravatar.com\/avatar\/7ca3206950207cc3cb48feec56a8a7898741ab725c368d99d5d7a5a50aab80c6?s=96&d=mm&r=g","caption":"Thales Brand\u00e3o"},"description":"Editor Executivo do Portal CidadeMarketing.com.br &gt; Mestre em Comunica\u00e7\u00e3o e Sociedade pela Universidade Federal de Sergipe. Possui MBA Executivo em Administra\u00e7\u00e3o com \u00eanfase em Marketing pela Funda\u00e7\u00e3o Get\u00falio Vargas - Rio de Janeiro. Consultor, Palestrante e Pesquisador sobre Empreendedorismo, Marketing, Redes Sociais e Neg\u00f3cios Digitais. Professor, Palestrante TedxTalks e Campus Party. Twitter: @ThalesBrandao","sameAs":["http:\/\/www.mandacaru.com.br","https:\/\/www.facebook.com\/thalesbrandao","http:\/\/www.instagram.com.br\/thalesbrandaoferreira","https:\/\/www.linkedin.com\/in\/thales-brand\u00e3o-3948609\/","https:\/\/x.com\/http:\/\/www.twitter.com\/thalesbrandao"],"url":"https:\/\/www.cidademarketing.com.br\/marketing\/author\/thalesbrandao\/"}]}},"amp_enabled":true,"_links":{"self":[{"href":"https:\/\/www.cidademarketing.com.br\/marketing\/wp-json\/wp\/v2\/posts\/35535","targetHints":{"allow":["GET"]}}],"collection":[{"href":"https:\/\/www.cidademarketing.com.br\/marketing\/wp-json\/wp\/v2\/posts"}],"about":[{"href":"https:\/\/www.cidademarketing.com.br\/marketing\/wp-json\/wp\/v2\/types\/post"}],"author":[{"embeddable":true,"href":"https:\/\/www.cidademarketing.com.br\/marketing\/wp-json\/wp\/v2\/users\/1"}],"replies":[{"embeddable":true,"href":"https:\/\/www.cidademarketing.com.br\/marketing\/wp-json\/wp\/v2\/comments?post=35535"}],"version-history":[{"count":1,"href":"https:\/\/www.cidademarketing.com.br\/marketing\/wp-json\/wp\/v2\/posts\/35535\/revisions"}],"predecessor-version":[{"id":35537,"href":"https:\/\/www.cidademarketing.com.br\/marketing\/wp-json\/wp\/v2\/posts\/35535\/revisions\/35537"}],"wp:featuredmedia":[{"embeddable":true,"href":"https:\/\/www.cidademarketing.com.br\/marketing\/wp-json\/wp\/v2\/media\/35536"}],"wp:attachment":[{"href":"https:\/\/www.cidademarketing.com.br\/marketing\/wp-json\/wp\/v2\/media?parent=35535"}],"wp:term":[{"taxonomy":"category","embeddable":true,"href":"https:\/\/www.cidademarketing.com.br\/marketing\/wp-json\/wp\/v2\/categories?post=35535"},{"taxonomy":"post_tag","embeddable":true,"href":"https:\/\/www.cidademarketing.com.br\/marketing\/wp-json\/wp\/v2\/tags?post=35535"}],"curies":[{"name":"wp","href":"https:\/\/api.w.org\/{rel}","templated":true}]}}