{"id":35400,"date":"2022-03-26T23:44:05","date_gmt":"2022-03-27T02:44:05","guid":{"rendered":"https:\/\/www.cidademarketing.com.br\/marketing\/?p=35400"},"modified":"2022-03-26T23:44:05","modified_gmt":"2022-03-27T02:44:05","slug":"brmalls-se-une-a-vitacon-para-consolidar-os-shoppings-do-futuro","status":"publish","type":"post","link":"https:\/\/www.cidademarketing.com.br\/marketing\/2022\/03\/26\/brmalls-se-une-a-vitacon-para-consolidar-os-shoppings-do-futuro\/","title":{"rendered":"brMalls se une \u00e0 Vitacon para consolidar os  \u201cshoppings do futuro\u201d"},"content":{"rendered":"<p><iframe style=\"border-radius: 12px;\" src=\"https:\/\/open.spotify.com\/embed\/show\/4khMKzP3FgFRWVwb73xicc?utm_source=generator&amp;t=0\" width=\"100%\" height=\"232\" frameborder=\"0\" allowfullscreen=\"allowfullscreen\"><\/iframe><br \/>\nDe olho nos shoppings do futuro, um local que n\u00e3o \u00e9 somente um centro de compras, mas tamb\u00e9m um lugar de conviv\u00eancia, lazer e servi\u00e7o, a brMalls se junta \u00e0 incorporadora Vitacon para desenvolver pr\u00e9dios residenciais e centros m\u00e9dicos, em cerca de 210 mil m\u00b2 de \u00e1rea privativa.<\/p>\n<p>Com o acordo, a brMalls fornecer\u00e1 os espa\u00e7os em troca de parte das \u00e1reas constru\u00eddas pela Vitacon. Ser\u00e3o 20 torres com potencial para, aproximadamente, seis mil unidades, em sete shoppings que v\u00e3o gerar valor para companhia, al\u00e9m de incrementar e qualificar o fluxo de pessoas nos empreendimentos. A previs\u00e3o de lan\u00e7amento \u00e9 em 2023 com primeira entrega planejada para 2026.<\/p>\n<p>&nbsp;<\/p>\n<p>\u201cA parceria com a Vitacon \u00e9 um marco para a brMalls. A sinergia entre os projetos e a complementariedade entre as empresas trar\u00e3o in\u00fameros benef\u00edcios, que ir\u00e3o gerar resultados s\u00f3lidos e de longo prazo para clientes, lojistas e investidores. A domin\u00e2ncia regional de nossos ativos e o potencial construtivo das \u00e1reas nos instigaram a buscar o desenvolvimento, gerando ainda mais valor aos nossos shoppings, assim como o incremento e a qualifica\u00e7\u00e3o do fluxo\u201d, destaca Vicente Avellar, diretor de Opera\u00e7\u00f5es e Desenvolvimento da brMalls.<\/p>\n<p>&nbsp;<\/p>\n<p>Segundo Avellar, trata-se de uma evolu\u00e7\u00e3o do shopping como conhecemos, que cada vez mais ganha novos ares e deixa de ser apenas um destino de compras. \u201cTemos a convic\u00e7\u00e3o de que os\u00a0shoppings, pela localiza\u00e7\u00e3o estrat\u00e9gica em centros bem adensados, precisam ser espa\u00e7os cada vez mais multifuncionais, com extensas atividades culturais, de lazer e servi\u00e7o. Uma experi\u00eancia centrada no consumidor.\u201d Conclui o executivo que relata ainda que a estrat\u00e9gia foi desenhada a partir do segundo semestre de 2021 quando a companhia mapeou todas as \u00e1reas do portif\u00f3lio com potencial construtivo.<\/p>\n<p>&nbsp;<\/p>\n<p>Para Ariel Frankel, CEO da Vitacon, esta parceria representa o futuro, sendo tend\u00eancia daqui para frente. \u201cEstamos muito felizes em anunciarmos esta novidade e por estarmos, mais uma vez, inovando neste mercado com um projeto desta magnitude. A Vitacon nasceu com o prop\u00f3sito de reinventar a vida das pessoas nas cidades e agora oferece seu DNA inovador para, junto com a brMalls, construir este sonho comum entre as empresas. Os shoppings reinventaram a forma como nos entretemos e consumimos. Agora \u00e9 a hora de ir al\u00e9m. Vamos integrar estes centros de compras incr\u00edveis com a moradia e outros usos complementares para oferecer um novo estilo de vida com ainda mais praticidade, seguran\u00e7a e comodidade\u201d, comenta Frankel.<\/p>\n<p>O CEO ainda completa refor\u00e7ando que o projeto seguir\u00e1 o DNA sustent\u00e1vel da Vitacon, que tem este pilar em pr\u00e1tica intrinsicamente em seu dia a dia. \u201cMenos carros nas ruas, menos poluentes, espa\u00e7os e recursos utilizados com muito mais efici\u00eancia e sem a gera\u00e7\u00e3o de poluentes e res\u00edduos. O resultado \u00e9 n\u00edtido na alegria de viver de nossos clientes e de toda comunidade do entorno de nossos projetos. Pensamos na cidade, no coletivo e n\u00e3o no individual\u201d, finaliza.<\/p>\n<p>Com mais de 100 projetos entregues e em desenvolvimento na capital paulistana e, milhares de vidas impactadas, a Vitacon contribuir\u00e1 para, junto \u00e0 brMalls, consolidar os shoppings do futuro. A Vitacon atua h\u00e1 12 anos no mercado imobili\u00e1rio brasileiro por meio da incorpora\u00e7\u00e3o de empreendimentos residenciais e de multiusos em projetos modernos, eficientes e tecnol\u00f3gicos oferecendo um novo estilo de vida.<\/p>\n<p><iframe style=\"width: 100%; max-width: 660px; overflow: hidden; background: transparent;\" src=\"https:\/\/embed.podcasts.apple.com\/br\/podcast\/podcast-cidademarketing\/id1371923283\" height=\"450\" frameborder=\"0\" sandbox=\"allow-forms allow-popups allow-same-origin allow-scripts allow-storage-access-by-user-activation allow-top-navigation-by-user-activation\"><\/iframe><\/p>\n","protected":false},"excerpt":{"rendered":"<p>De olho nos shoppings do futuro, um local que n\u00e3o \u00e9 somente um centro de compras, mas tamb\u00e9m um lugar de conviv\u00eancia, lazer e servi\u00e7o, a brMalls se junta \u00e0 incorporadora Vitacon para desenvolver pr\u00e9dios residenciais e centros m\u00e9dicos, em cerca de 210 mil m\u00b2 de \u00e1rea privativa. Com o acordo, a brMalls fornecer\u00e1 os [&hellip;]<\/p>\n","protected":false},"author":1,"featured_media":35401,"comment_status":"open","ping_status":"open","sticky":false,"template":"","format":"standard","meta":{"tdm_status":"","tdm_grid_status":"","footnotes":""},"categories":[6],"tags":[732,33,1051,39,28,235,295],"class_list":["post-35400","post","type-post","status-publish","format-standard","has-post-thumbnail","hentry","category-noticias","tag-brmalls","tag-estrategia","tag-expansao","tag-investimento","tag-marketing","tag-parceria","tag-shopping"],"yoast_head":"<!-- This site is optimized with the Yoast SEO plugin v27.5 - https:\/\/yoast.com\/product\/yoast-seo-wordpress\/ -->\n<title>brMalls se une \u00e0 Vitacon para consolidar os \u201cshoppings do futuro\u201d - CidadeMarketing<\/title>\n<meta name=\"robots\" content=\"index, follow, max-snippet:-1, max-image-preview:large, max-video-preview:-1\" \/>\n<link rel=\"canonical\" href=\"https:\/\/www.cidademarketing.com.br\/marketing\/2022\/03\/26\/brmalls-se-une-a-vitacon-para-consolidar-os-shoppings-do-futuro\/\" \/>\n<meta property=\"og:locale\" content=\"pt_BR\" \/>\n<meta property=\"og:type\" content=\"article\" \/>\n<meta property=\"og:title\" content=\"brMalls se une \u00e0 Vitacon para consolidar os \u201cshoppings do futuro\u201d - CidadeMarketing\" \/>\n<meta property=\"og:description\" content=\"De olho nos shoppings do futuro, um local que n\u00e3o \u00e9 somente um centro de compras, mas tamb\u00e9m um lugar de conviv\u00eancia, lazer e servi\u00e7o, a brMalls se junta \u00e0 incorporadora Vitacon para desenvolver pr\u00e9dios residenciais e centros m\u00e9dicos, em cerca de 210 mil m\u00b2 de \u00e1rea privativa. Com o acordo, a brMalls fornecer\u00e1 os [&hellip;]\" \/>\n<meta property=\"og:url\" content=\"https:\/\/www.cidademarketing.com.br\/marketing\/2022\/03\/26\/brmalls-se-une-a-vitacon-para-consolidar-os-shoppings-do-futuro\/\" \/>\n<meta property=\"og:site_name\" content=\"CidadeMarketing\" \/>\n<meta property=\"article:publisher\" content=\"https:\/\/www.facebook.com\/portalcidademarketing\" \/>\n<meta property=\"article:author\" content=\"https:\/\/www.facebook.com\/thalesbrandao\" \/>\n<meta property=\"article:published_time\" content=\"2022-03-27T02:44:05+00:00\" \/>\n<meta property=\"og:image\" content=\"https:\/\/www.cidademarketing.com.br\/marketing\/wp-content\/uploads\/2022\/03\/brmalls_vitacon.jpg\" \/>\n\t<meta property=\"og:image:width\" content=\"1280\" \/>\n\t<meta property=\"og:image:height\" content=\"878\" \/>\n\t<meta property=\"og:image:type\" content=\"image\/jpeg\" \/>\n<meta name=\"author\" content=\"Thales Brand\u00e3o\" \/>\n<meta name=\"twitter:card\" content=\"summary_large_image\" \/>\n<meta name=\"twitter:creator\" content=\"@http:\/\/www.twitter.com\/thalesbrandao\" \/>\n<meta name=\"twitter:site\" content=\"@CidadeMarketing\" \/>\n<meta name=\"twitter:label1\" content=\"Escrito por\" \/>\n\t<meta name=\"twitter:data1\" content=\"Thales Brand\u00e3o\" \/>\n\t<meta name=\"twitter:label2\" content=\"Est. tempo de leitura\" \/>\n\t<meta name=\"twitter:data2\" content=\"3 minutos\" \/>\n<script type=\"application\/ld+json\" class=\"yoast-schema-graph\">{\"@context\":\"https:\\\/\\\/schema.org\",\"@graph\":[{\"@type\":\"Article\",\"@id\":\"https:\\\/\\\/www.cidademarketing.com.br\\\/marketing\\\/2022\\\/03\\\/26\\\/brmalls-se-une-a-vitacon-para-consolidar-os-shoppings-do-futuro\\\/#article\",\"isPartOf\":{\"@id\":\"https:\\\/\\\/www.cidademarketing.com.br\\\/marketing\\\/2022\\\/03\\\/26\\\/brmalls-se-une-a-vitacon-para-consolidar-os-shoppings-do-futuro\\\/\"},\"author\":{\"name\":\"Thales Brand\u00e3o\",\"@id\":\"https:\\\/\\\/www.cidademarketing.com.br\\\/marketing\\\/#\\\/schema\\\/person\\\/02daff9f18bd9378c9e01eb6b2db155f\"},\"headline\":\"brMalls se une \u00e0 Vitacon para consolidar os \u201cshoppings do futuro\u201d\",\"datePublished\":\"2022-03-27T02:44:05+00:00\",\"mainEntityOfPage\":{\"@id\":\"https:\\\/\\\/www.cidademarketing.com.br\\\/marketing\\\/2022\\\/03\\\/26\\\/brmalls-se-une-a-vitacon-para-consolidar-os-shoppings-do-futuro\\\/\"},\"wordCount\":582,\"commentCount\":0,\"publisher\":{\"@id\":\"https:\\\/\\\/www.cidademarketing.com.br\\\/marketing\\\/#organization\"},\"image\":{\"@id\":\"https:\\\/\\\/www.cidademarketing.com.br\\\/marketing\\\/2022\\\/03\\\/26\\\/brmalls-se-une-a-vitacon-para-consolidar-os-shoppings-do-futuro\\\/#primaryimage\"},\"thumbnailUrl\":\"https:\\\/\\\/www.cidademarketing.com.br\\\/marketing\\\/wp-content\\\/uploads\\\/2022\\\/03\\\/brmalls_vitacon.jpg\",\"keywords\":[\"brMalls\",\"estrat\u00e9gia\",\"expans\u00e3o\",\"investimento\",\"marketing\",\"parceria\",\"shopping\"],\"articleSection\":[\"Not\u00edcias\"],\"inLanguage\":\"pt-BR\",\"potentialAction\":[{\"@type\":\"CommentAction\",\"name\":\"Comment\",\"target\":[\"https:\\\/\\\/www.cidademarketing.com.br\\\/marketing\\\/2022\\\/03\\\/26\\\/brmalls-se-une-a-vitacon-para-consolidar-os-shoppings-do-futuro\\\/#respond\"]}]},{\"@type\":\"WebPage\",\"@id\":\"https:\\\/\\\/www.cidademarketing.com.br\\\/marketing\\\/2022\\\/03\\\/26\\\/brmalls-se-une-a-vitacon-para-consolidar-os-shoppings-do-futuro\\\/\",\"url\":\"https:\\\/\\\/www.cidademarketing.com.br\\\/marketing\\\/2022\\\/03\\\/26\\\/brmalls-se-une-a-vitacon-para-consolidar-os-shoppings-do-futuro\\\/\",\"name\":\"brMalls se une \u00e0 Vitacon para consolidar os \u201cshoppings do futuro\u201d - CidadeMarketing\",\"isPartOf\":{\"@id\":\"https:\\\/\\\/www.cidademarketing.com.br\\\/marketing\\\/#website\"},\"primaryImageOfPage\":{\"@id\":\"https:\\\/\\\/www.cidademarketing.com.br\\\/marketing\\\/2022\\\/03\\\/26\\\/brmalls-se-une-a-vitacon-para-consolidar-os-shoppings-do-futuro\\\/#primaryimage\"},\"image\":{\"@id\":\"https:\\\/\\\/www.cidademarketing.com.br\\\/marketing\\\/2022\\\/03\\\/26\\\/brmalls-se-une-a-vitacon-para-consolidar-os-shoppings-do-futuro\\\/#primaryimage\"},\"thumbnailUrl\":\"https:\\\/\\\/www.cidademarketing.com.br\\\/marketing\\\/wp-content\\\/uploads\\\/2022\\\/03\\\/brmalls_vitacon.jpg\",\"datePublished\":\"2022-03-27T02:44:05+00:00\",\"breadcrumb\":{\"@id\":\"https:\\\/\\\/www.cidademarketing.com.br\\\/marketing\\\/2022\\\/03\\\/26\\\/brmalls-se-une-a-vitacon-para-consolidar-os-shoppings-do-futuro\\\/#breadcrumb\"},\"inLanguage\":\"pt-BR\",\"potentialAction\":[{\"@type\":\"ReadAction\",\"target\":[\"https:\\\/\\\/www.cidademarketing.com.br\\\/marketing\\\/2022\\\/03\\\/26\\\/brmalls-se-une-a-vitacon-para-consolidar-os-shoppings-do-futuro\\\/\"]}]},{\"@type\":\"ImageObject\",\"inLanguage\":\"pt-BR\",\"@id\":\"https:\\\/\\\/www.cidademarketing.com.br\\\/marketing\\\/2022\\\/03\\\/26\\\/brmalls-se-une-a-vitacon-para-consolidar-os-shoppings-do-futuro\\\/#primaryimage\",\"url\":\"https:\\\/\\\/www.cidademarketing.com.br\\\/marketing\\\/wp-content\\\/uploads\\\/2022\\\/03\\\/brmalls_vitacon.jpg\",\"contentUrl\":\"https:\\\/\\\/www.cidademarketing.com.br\\\/marketing\\\/wp-content\\\/uploads\\\/2022\\\/03\\\/brmalls_vitacon.jpg\",\"width\":1280,\"height\":878,\"caption\":\"Divulga\u00e7\u00e3o\"},{\"@type\":\"BreadcrumbList\",\"@id\":\"https:\\\/\\\/www.cidademarketing.com.br\\\/marketing\\\/2022\\\/03\\\/26\\\/brmalls-se-une-a-vitacon-para-consolidar-os-shoppings-do-futuro\\\/#breadcrumb\",\"itemListElement\":[{\"@type\":\"ListItem\",\"position\":1,\"name\":\"In\u00edcio\",\"item\":\"https:\\\/\\\/www.cidademarketing.com.br\\\/marketing\\\/\"},{\"@type\":\"ListItem\",\"position\":2,\"name\":\"brMalls se une \u00e0 Vitacon para consolidar os \u201cshoppings do futuro\u201d\"}]},{\"@type\":\"WebSite\",\"@id\":\"https:\\\/\\\/www.cidademarketing.com.br\\\/marketing\\\/#website\",\"url\":\"https:\\\/\\\/www.cidademarketing.com.br\\\/marketing\\\/\",\"name\":\"CidadeMarketing\",\"description\":\"Somos um ve\u00edculo de comunica\u00e7\u00e3o de destaque no Brasil, reconhecido por conte\u00fados nos segmentos de marketing, empreendedorismo e inova\u00e7\u00e3o.\",\"publisher\":{\"@id\":\"https:\\\/\\\/www.cidademarketing.com.br\\\/marketing\\\/#organization\"},\"alternateName\":\"CidadeMarketing\",\"potentialAction\":[{\"@type\":\"SearchAction\",\"target\":{\"@type\":\"EntryPoint\",\"urlTemplate\":\"https:\\\/\\\/www.cidademarketing.com.br\\\/marketing\\\/?s={search_term_string}\"},\"query-input\":{\"@type\":\"PropertyValueSpecification\",\"valueRequired\":true,\"valueName\":\"search_term_string\"}}],\"inLanguage\":\"pt-BR\"},{\"@type\":\"Organization\",\"@id\":\"https:\\\/\\\/www.cidademarketing.com.br\\\/marketing\\\/#organization\",\"name\":\"CidadeMarketing\",\"alternateName\":\"CidadeMarketing\",\"url\":\"https:\\\/\\\/www.cidademarketing.com.br\\\/marketing\\\/\",\"logo\":{\"@type\":\"ImageObject\",\"inLanguage\":\"pt-BR\",\"@id\":\"https:\\\/\\\/www.cidademarketing.com.br\\\/marketing\\\/#\\\/schema\\\/logo\\\/image\\\/\",\"url\":\"https:\\\/\\\/www.cidademarketing.com.br\\\/marketing\\\/wp-content\\\/uploads\\\/2020\\\/01\\\/cidademarketing_marca_mobile.png\",\"contentUrl\":\"https:\\\/\\\/www.cidademarketing.com.br\\\/marketing\\\/wp-content\\\/uploads\\\/2020\\\/01\\\/cidademarketing_marca_mobile.png\",\"width\":230,\"height\":92,\"caption\":\"CidadeMarketing\"},\"image\":{\"@id\":\"https:\\\/\\\/www.cidademarketing.com.br\\\/marketing\\\/#\\\/schema\\\/logo\\\/image\\\/\"},\"sameAs\":[\"https:\\\/\\\/www.facebook.com\\\/portalcidademarketing\",\"https:\\\/\\\/x.com\\\/CidadeMarketing\",\"https:\\\/\\\/www.instagram.com\\\/cidademarketing\\\/\"]},{\"@type\":\"Person\",\"@id\":\"https:\\\/\\\/www.cidademarketing.com.br\\\/marketing\\\/#\\\/schema\\\/person\\\/02daff9f18bd9378c9e01eb6b2db155f\",\"name\":\"Thales Brand\u00e3o\",\"image\":{\"@type\":\"ImageObject\",\"inLanguage\":\"pt-BR\",\"@id\":\"https:\\\/\\\/secure.gravatar.com\\\/avatar\\\/7ca3206950207cc3cb48feec56a8a7898741ab725c368d99d5d7a5a50aab80c6?s=96&d=mm&r=g\",\"url\":\"https:\\\/\\\/secure.gravatar.com\\\/avatar\\\/7ca3206950207cc3cb48feec56a8a7898741ab725c368d99d5d7a5a50aab80c6?s=96&d=mm&r=g\",\"contentUrl\":\"https:\\\/\\\/secure.gravatar.com\\\/avatar\\\/7ca3206950207cc3cb48feec56a8a7898741ab725c368d99d5d7a5a50aab80c6?s=96&d=mm&r=g\",\"caption\":\"Thales Brand\u00e3o\"},\"description\":\"Editor Executivo do Portal CidadeMarketing.com.br &gt; Mestre em Comunica\u00e7\u00e3o e Sociedade pela Universidade Federal de Sergipe. Possui MBA Executivo em Administra\u00e7\u00e3o com \u00eanfase em Marketing pela Funda\u00e7\u00e3o Get\u00falio Vargas - Rio de Janeiro. Consultor, Palestrante e Pesquisador sobre Empreendedorismo, Marketing, Redes Sociais e Neg\u00f3cios Digitais. Professor, Palestrante TedxTalks e Campus Party. Twitter: @ThalesBrandao\",\"sameAs\":[\"http:\\\/\\\/www.mandacaru.com.br\",\"https:\\\/\\\/www.facebook.com\\\/thalesbrandao\",\"http:\\\/\\\/www.instagram.com.br\\\/thalesbrandaoferreira\",\"https:\\\/\\\/www.linkedin.com\\\/in\\\/thales-brand\u00e3o-3948609\\\/\",\"https:\\\/\\\/x.com\\\/http:\\\/\\\/www.twitter.com\\\/thalesbrandao\"],\"url\":\"https:\\\/\\\/www.cidademarketing.com.br\\\/marketing\\\/author\\\/thalesbrandao\\\/\"}]}<\/script>\n<!-- \/ Yoast SEO plugin. -->","yoast_head_json":{"title":"brMalls se une \u00e0 Vitacon para consolidar os \u201cshoppings do futuro\u201d - CidadeMarketing","robots":{"index":"index","follow":"follow","max-snippet":"max-snippet:-1","max-image-preview":"max-image-preview:large","max-video-preview":"max-video-preview:-1"},"canonical":"https:\/\/www.cidademarketing.com.br\/marketing\/2022\/03\/26\/brmalls-se-une-a-vitacon-para-consolidar-os-shoppings-do-futuro\/","og_locale":"pt_BR","og_type":"article","og_title":"brMalls se une \u00e0 Vitacon para consolidar os \u201cshoppings do futuro\u201d - CidadeMarketing","og_description":"De olho nos shoppings do futuro, um local que n\u00e3o \u00e9 somente um centro de compras, mas tamb\u00e9m um lugar de conviv\u00eancia, lazer e servi\u00e7o, a brMalls se junta \u00e0 incorporadora Vitacon para desenvolver pr\u00e9dios residenciais e centros m\u00e9dicos, em cerca de 210 mil m\u00b2 de \u00e1rea privativa. Com o acordo, a brMalls fornecer\u00e1 os [&hellip;]","og_url":"https:\/\/www.cidademarketing.com.br\/marketing\/2022\/03\/26\/brmalls-se-une-a-vitacon-para-consolidar-os-shoppings-do-futuro\/","og_site_name":"CidadeMarketing","article_publisher":"https:\/\/www.facebook.com\/portalcidademarketing","article_author":"https:\/\/www.facebook.com\/thalesbrandao","article_published_time":"2022-03-27T02:44:05+00:00","og_image":[{"width":1280,"height":878,"url":"https:\/\/www.cidademarketing.com.br\/marketing\/wp-content\/uploads\/2022\/03\/brmalls_vitacon.jpg","type":"image\/jpeg"}],"author":"Thales Brand\u00e3o","twitter_card":"summary_large_image","twitter_creator":"@http:\/\/www.twitter.com\/thalesbrandao","twitter_site":"@CidadeMarketing","twitter_misc":{"Escrito por":"Thales Brand\u00e3o","Est. tempo de leitura":"3 minutos"},"schema":{"@context":"https:\/\/schema.org","@graph":[{"@type":"Article","@id":"https:\/\/www.cidademarketing.com.br\/marketing\/2022\/03\/26\/brmalls-se-une-a-vitacon-para-consolidar-os-shoppings-do-futuro\/#article","isPartOf":{"@id":"https:\/\/www.cidademarketing.com.br\/marketing\/2022\/03\/26\/brmalls-se-une-a-vitacon-para-consolidar-os-shoppings-do-futuro\/"},"author":{"name":"Thales Brand\u00e3o","@id":"https:\/\/www.cidademarketing.com.br\/marketing\/#\/schema\/person\/02daff9f18bd9378c9e01eb6b2db155f"},"headline":"brMalls se une \u00e0 Vitacon para consolidar os \u201cshoppings do futuro\u201d","datePublished":"2022-03-27T02:44:05+00:00","mainEntityOfPage":{"@id":"https:\/\/www.cidademarketing.com.br\/marketing\/2022\/03\/26\/brmalls-se-une-a-vitacon-para-consolidar-os-shoppings-do-futuro\/"},"wordCount":582,"commentCount":0,"publisher":{"@id":"https:\/\/www.cidademarketing.com.br\/marketing\/#organization"},"image":{"@id":"https:\/\/www.cidademarketing.com.br\/marketing\/2022\/03\/26\/brmalls-se-une-a-vitacon-para-consolidar-os-shoppings-do-futuro\/#primaryimage"},"thumbnailUrl":"https:\/\/www.cidademarketing.com.br\/marketing\/wp-content\/uploads\/2022\/03\/brmalls_vitacon.jpg","keywords":["brMalls","estrat\u00e9gia","expans\u00e3o","investimento","marketing","parceria","shopping"],"articleSection":["Not\u00edcias"],"inLanguage":"pt-BR","potentialAction":[{"@type":"CommentAction","name":"Comment","target":["https:\/\/www.cidademarketing.com.br\/marketing\/2022\/03\/26\/brmalls-se-une-a-vitacon-para-consolidar-os-shoppings-do-futuro\/#respond"]}]},{"@type":"WebPage","@id":"https:\/\/www.cidademarketing.com.br\/marketing\/2022\/03\/26\/brmalls-se-une-a-vitacon-para-consolidar-os-shoppings-do-futuro\/","url":"https:\/\/www.cidademarketing.com.br\/marketing\/2022\/03\/26\/brmalls-se-une-a-vitacon-para-consolidar-os-shoppings-do-futuro\/","name":"brMalls se une \u00e0 Vitacon para consolidar os \u201cshoppings do futuro\u201d - CidadeMarketing","isPartOf":{"@id":"https:\/\/www.cidademarketing.com.br\/marketing\/#website"},"primaryImageOfPage":{"@id":"https:\/\/www.cidademarketing.com.br\/marketing\/2022\/03\/26\/brmalls-se-une-a-vitacon-para-consolidar-os-shoppings-do-futuro\/#primaryimage"},"image":{"@id":"https:\/\/www.cidademarketing.com.br\/marketing\/2022\/03\/26\/brmalls-se-une-a-vitacon-para-consolidar-os-shoppings-do-futuro\/#primaryimage"},"thumbnailUrl":"https:\/\/www.cidademarketing.com.br\/marketing\/wp-content\/uploads\/2022\/03\/brmalls_vitacon.jpg","datePublished":"2022-03-27T02:44:05+00:00","breadcrumb":{"@id":"https:\/\/www.cidademarketing.com.br\/marketing\/2022\/03\/26\/brmalls-se-une-a-vitacon-para-consolidar-os-shoppings-do-futuro\/#breadcrumb"},"inLanguage":"pt-BR","potentialAction":[{"@type":"ReadAction","target":["https:\/\/www.cidademarketing.com.br\/marketing\/2022\/03\/26\/brmalls-se-une-a-vitacon-para-consolidar-os-shoppings-do-futuro\/"]}]},{"@type":"ImageObject","inLanguage":"pt-BR","@id":"https:\/\/www.cidademarketing.com.br\/marketing\/2022\/03\/26\/brmalls-se-une-a-vitacon-para-consolidar-os-shoppings-do-futuro\/#primaryimage","url":"https:\/\/www.cidademarketing.com.br\/marketing\/wp-content\/uploads\/2022\/03\/brmalls_vitacon.jpg","contentUrl":"https:\/\/www.cidademarketing.com.br\/marketing\/wp-content\/uploads\/2022\/03\/brmalls_vitacon.jpg","width":1280,"height":878,"caption":"Divulga\u00e7\u00e3o"},{"@type":"BreadcrumbList","@id":"https:\/\/www.cidademarketing.com.br\/marketing\/2022\/03\/26\/brmalls-se-une-a-vitacon-para-consolidar-os-shoppings-do-futuro\/#breadcrumb","itemListElement":[{"@type":"ListItem","position":1,"name":"In\u00edcio","item":"https:\/\/www.cidademarketing.com.br\/marketing\/"},{"@type":"ListItem","position":2,"name":"brMalls se une \u00e0 Vitacon para consolidar os \u201cshoppings do futuro\u201d"}]},{"@type":"WebSite","@id":"https:\/\/www.cidademarketing.com.br\/marketing\/#website","url":"https:\/\/www.cidademarketing.com.br\/marketing\/","name":"CidadeMarketing","description":"Somos um ve\u00edculo de comunica\u00e7\u00e3o de destaque no Brasil, reconhecido por conte\u00fados nos segmentos de marketing, empreendedorismo e inova\u00e7\u00e3o.","publisher":{"@id":"https:\/\/www.cidademarketing.com.br\/marketing\/#organization"},"alternateName":"CidadeMarketing","potentialAction":[{"@type":"SearchAction","target":{"@type":"EntryPoint","urlTemplate":"https:\/\/www.cidademarketing.com.br\/marketing\/?s={search_term_string}"},"query-input":{"@type":"PropertyValueSpecification","valueRequired":true,"valueName":"search_term_string"}}],"inLanguage":"pt-BR"},{"@type":"Organization","@id":"https:\/\/www.cidademarketing.com.br\/marketing\/#organization","name":"CidadeMarketing","alternateName":"CidadeMarketing","url":"https:\/\/www.cidademarketing.com.br\/marketing\/","logo":{"@type":"ImageObject","inLanguage":"pt-BR","@id":"https:\/\/www.cidademarketing.com.br\/marketing\/#\/schema\/logo\/image\/","url":"https:\/\/www.cidademarketing.com.br\/marketing\/wp-content\/uploads\/2020\/01\/cidademarketing_marca_mobile.png","contentUrl":"https:\/\/www.cidademarketing.com.br\/marketing\/wp-content\/uploads\/2020\/01\/cidademarketing_marca_mobile.png","width":230,"height":92,"caption":"CidadeMarketing"},"image":{"@id":"https:\/\/www.cidademarketing.com.br\/marketing\/#\/schema\/logo\/image\/"},"sameAs":["https:\/\/www.facebook.com\/portalcidademarketing","https:\/\/x.com\/CidadeMarketing","https:\/\/www.instagram.com\/cidademarketing\/"]},{"@type":"Person","@id":"https:\/\/www.cidademarketing.com.br\/marketing\/#\/schema\/person\/02daff9f18bd9378c9e01eb6b2db155f","name":"Thales Brand\u00e3o","image":{"@type":"ImageObject","inLanguage":"pt-BR","@id":"https:\/\/secure.gravatar.com\/avatar\/7ca3206950207cc3cb48feec56a8a7898741ab725c368d99d5d7a5a50aab80c6?s=96&d=mm&r=g","url":"https:\/\/secure.gravatar.com\/avatar\/7ca3206950207cc3cb48feec56a8a7898741ab725c368d99d5d7a5a50aab80c6?s=96&d=mm&r=g","contentUrl":"https:\/\/secure.gravatar.com\/avatar\/7ca3206950207cc3cb48feec56a8a7898741ab725c368d99d5d7a5a50aab80c6?s=96&d=mm&r=g","caption":"Thales Brand\u00e3o"},"description":"Editor Executivo do Portal CidadeMarketing.com.br &gt; Mestre em Comunica\u00e7\u00e3o e Sociedade pela Universidade Federal de Sergipe. Possui MBA Executivo em Administra\u00e7\u00e3o com \u00eanfase em Marketing pela Funda\u00e7\u00e3o Get\u00falio Vargas - Rio de Janeiro. Consultor, Palestrante e Pesquisador sobre Empreendedorismo, Marketing, Redes Sociais e Neg\u00f3cios Digitais. Professor, Palestrante TedxTalks e Campus Party. Twitter: @ThalesBrandao","sameAs":["http:\/\/www.mandacaru.com.br","https:\/\/www.facebook.com\/thalesbrandao","http:\/\/www.instagram.com.br\/thalesbrandaoferreira","https:\/\/www.linkedin.com\/in\/thales-brand\u00e3o-3948609\/","https:\/\/x.com\/http:\/\/www.twitter.com\/thalesbrandao"],"url":"https:\/\/www.cidademarketing.com.br\/marketing\/author\/thalesbrandao\/"}]}},"amp_enabled":true,"_links":{"self":[{"href":"https:\/\/www.cidademarketing.com.br\/marketing\/wp-json\/wp\/v2\/posts\/35400","targetHints":{"allow":["GET"]}}],"collection":[{"href":"https:\/\/www.cidademarketing.com.br\/marketing\/wp-json\/wp\/v2\/posts"}],"about":[{"href":"https:\/\/www.cidademarketing.com.br\/marketing\/wp-json\/wp\/v2\/types\/post"}],"author":[{"embeddable":true,"href":"https:\/\/www.cidademarketing.com.br\/marketing\/wp-json\/wp\/v2\/users\/1"}],"replies":[{"embeddable":true,"href":"https:\/\/www.cidademarketing.com.br\/marketing\/wp-json\/wp\/v2\/comments?post=35400"}],"version-history":[{"count":1,"href":"https:\/\/www.cidademarketing.com.br\/marketing\/wp-json\/wp\/v2\/posts\/35400\/revisions"}],"predecessor-version":[{"id":35402,"href":"https:\/\/www.cidademarketing.com.br\/marketing\/wp-json\/wp\/v2\/posts\/35400\/revisions\/35402"}],"wp:featuredmedia":[{"embeddable":true,"href":"https:\/\/www.cidademarketing.com.br\/marketing\/wp-json\/wp\/v2\/media\/35401"}],"wp:attachment":[{"href":"https:\/\/www.cidademarketing.com.br\/marketing\/wp-json\/wp\/v2\/media?parent=35400"}],"wp:term":[{"taxonomy":"category","embeddable":true,"href":"https:\/\/www.cidademarketing.com.br\/marketing\/wp-json\/wp\/v2\/categories?post=35400"},{"taxonomy":"post_tag","embeddable":true,"href":"https:\/\/www.cidademarketing.com.br\/marketing\/wp-json\/wp\/v2\/tags?post=35400"}],"curies":[{"name":"wp","href":"https:\/\/api.w.org\/{rel}","templated":true}]}}