{"id":35387,"date":"2022-03-26T19:55:27","date_gmt":"2022-03-26T22:55:27","guid":{"rendered":"https:\/\/www.cidademarketing.com.br\/marketing\/?p=35387"},"modified":"2022-03-26T19:55:27","modified_gmt":"2022-03-26T22:55:27","slug":"policia-rodoviaria-federal-apresenta-a-exposicao-prf-cidada-no-riomar-aracaju","status":"publish","type":"post","link":"https:\/\/www.cidademarketing.com.br\/marketing\/2022\/03\/26\/policia-rodoviaria-federal-apresenta-a-exposicao-prf-cidada-no-riomar-aracaju\/","title":{"rendered":"Pol\u00edcia Rodovi\u00e1ria Federal apresenta a exposi\u00e7\u00e3o PRF Cidad\u00e3 no RioMar Aracaju"},"content":{"rendered":"<p>Entre os dias 25 e 27 de mar\u00e7o, o RioMar Aracaju, em parceria com a Pol\u00edcia Rodovi\u00e1ria Federal, acolhe a exposi\u00e7\u00e3o PRF Cidad\u00e3, evento que marca o Dia Nacional da Constitui\u00e7\u00e3o. Com o objetivo de interagir com o p\u00fablico e apresentar as atividades desenvolvidas pela PRF, a a\u00e7\u00e3o contemplar\u00e1 exposi\u00e7\u00e3o de viaturas, materiais operacionais e de investiga\u00e7\u00e3o de acidentes vi\u00e1rios, al\u00e9m de pain\u00e9is de fotos e stand de atendimento ao cidad\u00e3o.<br \/>\nA mostra ainda contar\u00e1 com oficinas de atividades l\u00fadicas, cinot\u00e9cnica, orienta\u00e7\u00f5es sobre alcoolemia, atendimento pr\u00e9-hospitalar e dicas de motociclismo. Tudo isso distribu\u00eddo nos espa\u00e7os internos e externos do RioMar, permitindo a m\u00e1xima interatividade com o p\u00fablico. Em \u00e2mbito nacional, a exposi\u00e7\u00e3o PRF Cidad\u00e3 ser\u00e1 a segunda realizada pelo \u00d3rg\u00e3o no Brasil e a primeira na regi\u00e3o Nordeste.<br \/>\nA atra\u00e7\u00e3o ser\u00e1 direcionada a toda sociedade sergipana, em especial aos educadores, pessoas envolvidas com seguran\u00e7a p\u00fablica, profissionais de sa\u00fade e f\u00e3s da Institui\u00e7\u00e3o. O evento ir\u00e1 apresentar uma vasta programa\u00e7\u00e3o entre elas Simulador de Embriaguez \u2013 onde ser\u00e1 explicado os riscos da embriaguez no tr\u00e2nsito; exposi\u00e7\u00e3o de viaturas de resgate, com demonstra\u00e7\u00e3o de atividades de utilidade p\u00fablica, como desengasgar uma pessoa; Patrulhinha da PRF, espa\u00e7o dedicado \u00e0s crian\u00e7as com pintura, trilha e outras atividades l\u00fadicas do Projeto Educar da PRF; demonstra\u00e7\u00e3o do trabalho dos c\u00e3es farejadores e o que acontece quando h\u00e1 um acidente de carro, entre outras a\u00e7\u00f5es educativas.<br \/>\nA exposi\u00e7\u00e3o ir\u00e1 acontecer na Pra\u00e7a de Eventos Mar e na \u00e1rea externa do shopping, em frente ao estacionamento coberto. A mostra estar\u00e1 aberta ao p\u00fablico na sexta e s\u00e1bado (dias 25 e 26) das 10h \u00e0s 22h. No domingo (dia 27), o funcionamento ser\u00e1 das 12h \u00e0s 21h. J\u00e1 as oficinas acontecer\u00e3o das 15h \u00e0s 19h, de sexta a domingo. O acesso \u00e0 mostra e \u00e0s oficinas \u00e9 gratuito.<\/p>\n<figure id=\"attachment_35389\" aria-describedby=\"caption-attachment-35389\" style=\"width: 899px\" class=\"wp-caption alignnone\"><img fetchpriority=\"high\" decoding=\"async\" class=\"wp-image-35389 size-full\" src=\"https:\/\/www.cidademarketing.com.br\/marketing\/wp-content\/uploads\/2022\/03\/exposicao_prf_riomar_aracaju_02.jpeg\" alt=\"\" width=\"899\" height=\"1599\" srcset=\"https:\/\/www.cidademarketing.com.br\/marketing\/wp-content\/uploads\/2022\/03\/exposicao_prf_riomar_aracaju_02.jpeg 899w, https:\/\/www.cidademarketing.com.br\/marketing\/wp-content\/uploads\/2022\/03\/exposicao_prf_riomar_aracaju_02-169x300.jpeg 169w, https:\/\/www.cidademarketing.com.br\/marketing\/wp-content\/uploads\/2022\/03\/exposicao_prf_riomar_aracaju_02-576x1024.jpeg 576w, https:\/\/www.cidademarketing.com.br\/marketing\/wp-content\/uploads\/2022\/03\/exposicao_prf_riomar_aracaju_02-768x1366.jpeg 768w, https:\/\/www.cidademarketing.com.br\/marketing\/wp-content\/uploads\/2022\/03\/exposicao_prf_riomar_aracaju_02-864x1536.jpeg 864w, https:\/\/www.cidademarketing.com.br\/marketing\/wp-content\/uploads\/2022\/03\/exposicao_prf_riomar_aracaju_02-236x420.jpeg 236w, https:\/\/www.cidademarketing.com.br\/marketing\/wp-content\/uploads\/2022\/03\/exposicao_prf_riomar_aracaju_02-640x1138.jpeg 640w, https:\/\/www.cidademarketing.com.br\/marketing\/wp-content\/uploads\/2022\/03\/exposicao_prf_riomar_aracaju_02-681x1211.jpeg 681w\" sizes=\"(max-width: 899px) 100vw, 899px\" \/><figcaption id=\"caption-attachment-35389\" class=\"wp-caption-text\">foto: Thales Brand\u00e3o<br \/>&#8211; Exposi\u00e7\u00e3o PRF no Shopping Riomar<\/figcaption><\/figure>\n<p>Servi\u00e7o<br \/>\nO qu\u00ea? Exposi\u00e7\u00e3o PRF Cidad\u00e3, com apresenta\u00e7\u00e3o de atividades desenvolvidas e equipamentos utilizados pela Pol\u00edcia Rodovi\u00e1ria Federal.<br \/>\nQuando? Sexta e s\u00e1bado (25 e 26) das 10h \u00e0s 21h e domingo (27) das 12h \u00e0s 21h. As oficinas acontecer\u00e3o de sexta a domingo das 15h \u00e0s 19h.<br \/>\nOnde? Pra\u00e7a de Eventos Mar e na \u00e1rea externa (em frente ao estacionamento coberto)<br \/>\nAcesso? Gratuito<br \/>\nClassifica\u00e7\u00e3o et\u00e1ria? Livre<\/p>\n","protected":false},"excerpt":{"rendered":"<p>Entre os dias 25 e 27 de mar\u00e7o, o RioMar Aracaju, em parceria com a Pol\u00edcia Rodovi\u00e1ria Federal, acolhe a exposi\u00e7\u00e3o PRF Cidad\u00e3, evento que marca o Dia Nacional da Constitui\u00e7\u00e3o. Com o objetivo de interagir com o p\u00fablico e apresentar as atividades desenvolvidas pela PRF, a a\u00e7\u00e3o contemplar\u00e1 exposi\u00e7\u00e3o de viaturas, materiais operacionais e [&hellip;]<\/p>\n","protected":false},"author":1,"featured_media":35388,"comment_status":"open","ping_status":"open","sticky":false,"template":"","format":"standard","meta":{"tdm_status":"","tdm_grid_status":"","footnotes":""},"categories":[6],"tags":[3782,722,340,1288,295,4473],"class_list":["post-35387","post","type-post","status-publish","format-standard","has-post-thumbnail","hentry","category-noticias","tag-aracaju","tag-cultura","tag-marketing-cultural","tag-prf","tag-shopping","tag-sociedade"],"yoast_head":"<!-- This site is optimized with the Yoast SEO plugin v27.5 - https:\/\/yoast.com\/product\/yoast-seo-wordpress\/ -->\n<title>Pol\u00edcia Rodovi\u00e1ria Federal apresenta a exposi\u00e7\u00e3o PRF Cidad\u00e3 no RioMar Aracaju - CidadeMarketing<\/title>\n<meta name=\"robots\" content=\"index, follow, max-snippet:-1, max-image-preview:large, max-video-preview:-1\" \/>\n<link rel=\"canonical\" href=\"https:\/\/www.cidademarketing.com.br\/marketing\/2022\/03\/26\/policia-rodoviaria-federal-apresenta-a-exposicao-prf-cidada-no-riomar-aracaju\/\" \/>\n<meta property=\"og:locale\" content=\"pt_BR\" \/>\n<meta property=\"og:type\" content=\"article\" \/>\n<meta property=\"og:title\" content=\"Pol\u00edcia Rodovi\u00e1ria Federal apresenta a exposi\u00e7\u00e3o PRF Cidad\u00e3 no RioMar Aracaju - CidadeMarketing\" \/>\n<meta property=\"og:description\" content=\"Entre os dias 25 e 27 de mar\u00e7o, o RioMar Aracaju, em parceria com a Pol\u00edcia Rodovi\u00e1ria Federal, acolhe a exposi\u00e7\u00e3o PRF Cidad\u00e3, evento que marca o Dia Nacional da Constitui\u00e7\u00e3o. Com o objetivo de interagir com o p\u00fablico e apresentar as atividades desenvolvidas pela PRF, a a\u00e7\u00e3o contemplar\u00e1 exposi\u00e7\u00e3o de viaturas, materiais operacionais e [&hellip;]\" \/>\n<meta property=\"og:url\" content=\"https:\/\/www.cidademarketing.com.br\/marketing\/2022\/03\/26\/policia-rodoviaria-federal-apresenta-a-exposicao-prf-cidada-no-riomar-aracaju\/\" \/>\n<meta property=\"og:site_name\" content=\"CidadeMarketing\" \/>\n<meta property=\"article:publisher\" content=\"https:\/\/www.facebook.com\/portalcidademarketing\" \/>\n<meta property=\"article:author\" content=\"https:\/\/www.facebook.com\/thalesbrandao\" \/>\n<meta property=\"article:published_time\" content=\"2022-03-26T22:55:27+00:00\" \/>\n<meta property=\"og:image\" content=\"https:\/\/www.cidademarketing.com.br\/marketing\/wp-content\/uploads\/2022\/03\/exposicao_prf_riomar_aracaju_01.jpeg\" \/>\n\t<meta property=\"og:image:width\" content=\"899\" \/>\n\t<meta property=\"og:image:height\" content=\"1599\" \/>\n\t<meta property=\"og:image:type\" content=\"image\/jpeg\" \/>\n<meta name=\"author\" content=\"Thales Brand\u00e3o\" \/>\n<meta name=\"twitter:card\" content=\"summary_large_image\" \/>\n<meta name=\"twitter:creator\" content=\"@http:\/\/www.twitter.com\/thalesbrandao\" \/>\n<meta name=\"twitter:site\" content=\"@CidadeMarketing\" \/>\n<meta name=\"twitter:label1\" content=\"Escrito por\" \/>\n\t<meta name=\"twitter:data1\" content=\"Thales Brand\u00e3o\" \/>\n\t<meta name=\"twitter:label2\" content=\"Est. tempo de leitura\" \/>\n\t<meta name=\"twitter:data2\" content=\"2 minutos\" \/>\n<script type=\"application\/ld+json\" class=\"yoast-schema-graph\">{\"@context\":\"https:\\\/\\\/schema.org\",\"@graph\":[{\"@type\":\"Article\",\"@id\":\"https:\\\/\\\/www.cidademarketing.com.br\\\/marketing\\\/2022\\\/03\\\/26\\\/policia-rodoviaria-federal-apresenta-a-exposicao-prf-cidada-no-riomar-aracaju\\\/#article\",\"isPartOf\":{\"@id\":\"https:\\\/\\\/www.cidademarketing.com.br\\\/marketing\\\/2022\\\/03\\\/26\\\/policia-rodoviaria-federal-apresenta-a-exposicao-prf-cidada-no-riomar-aracaju\\\/\"},\"author\":{\"name\":\"Thales Brand\u00e3o\",\"@id\":\"https:\\\/\\\/www.cidademarketing.com.br\\\/marketing\\\/#\\\/schema\\\/person\\\/02daff9f18bd9378c9e01eb6b2db155f\"},\"headline\":\"Pol\u00edcia Rodovi\u00e1ria Federal apresenta a exposi\u00e7\u00e3o PRF Cidad\u00e3 no RioMar Aracaju\",\"datePublished\":\"2022-03-26T22:55:27+00:00\",\"mainEntityOfPage\":{\"@id\":\"https:\\\/\\\/www.cidademarketing.com.br\\\/marketing\\\/2022\\\/03\\\/26\\\/policia-rodoviaria-federal-apresenta-a-exposicao-prf-cidada-no-riomar-aracaju\\\/\"},\"wordCount\":441,\"commentCount\":0,\"publisher\":{\"@id\":\"https:\\\/\\\/www.cidademarketing.com.br\\\/marketing\\\/#organization\"},\"image\":{\"@id\":\"https:\\\/\\\/www.cidademarketing.com.br\\\/marketing\\\/2022\\\/03\\\/26\\\/policia-rodoviaria-federal-apresenta-a-exposicao-prf-cidada-no-riomar-aracaju\\\/#primaryimage\"},\"thumbnailUrl\":\"https:\\\/\\\/www.cidademarketing.com.br\\\/marketing\\\/wp-content\\\/uploads\\\/2022\\\/03\\\/exposicao_prf_riomar_aracaju_01.jpeg\",\"keywords\":[\"Aracaju\",\"Cultura\",\"marketing cultural\",\"PRF\",\"shopping\",\"sociedade\"],\"articleSection\":[\"Not\u00edcias\"],\"inLanguage\":\"pt-BR\",\"potentialAction\":[{\"@type\":\"CommentAction\",\"name\":\"Comment\",\"target\":[\"https:\\\/\\\/www.cidademarketing.com.br\\\/marketing\\\/2022\\\/03\\\/26\\\/policia-rodoviaria-federal-apresenta-a-exposicao-prf-cidada-no-riomar-aracaju\\\/#respond\"]}]},{\"@type\":\"WebPage\",\"@id\":\"https:\\\/\\\/www.cidademarketing.com.br\\\/marketing\\\/2022\\\/03\\\/26\\\/policia-rodoviaria-federal-apresenta-a-exposicao-prf-cidada-no-riomar-aracaju\\\/\",\"url\":\"https:\\\/\\\/www.cidademarketing.com.br\\\/marketing\\\/2022\\\/03\\\/26\\\/policia-rodoviaria-federal-apresenta-a-exposicao-prf-cidada-no-riomar-aracaju\\\/\",\"name\":\"Pol\u00edcia Rodovi\u00e1ria Federal apresenta a exposi\u00e7\u00e3o PRF Cidad\u00e3 no RioMar Aracaju - CidadeMarketing\",\"isPartOf\":{\"@id\":\"https:\\\/\\\/www.cidademarketing.com.br\\\/marketing\\\/#website\"},\"primaryImageOfPage\":{\"@id\":\"https:\\\/\\\/www.cidademarketing.com.br\\\/marketing\\\/2022\\\/03\\\/26\\\/policia-rodoviaria-federal-apresenta-a-exposicao-prf-cidada-no-riomar-aracaju\\\/#primaryimage\"},\"image\":{\"@id\":\"https:\\\/\\\/www.cidademarketing.com.br\\\/marketing\\\/2022\\\/03\\\/26\\\/policia-rodoviaria-federal-apresenta-a-exposicao-prf-cidada-no-riomar-aracaju\\\/#primaryimage\"},\"thumbnailUrl\":\"https:\\\/\\\/www.cidademarketing.com.br\\\/marketing\\\/wp-content\\\/uploads\\\/2022\\\/03\\\/exposicao_prf_riomar_aracaju_01.jpeg\",\"datePublished\":\"2022-03-26T22:55:27+00:00\",\"breadcrumb\":{\"@id\":\"https:\\\/\\\/www.cidademarketing.com.br\\\/marketing\\\/2022\\\/03\\\/26\\\/policia-rodoviaria-federal-apresenta-a-exposicao-prf-cidada-no-riomar-aracaju\\\/#breadcrumb\"},\"inLanguage\":\"pt-BR\",\"potentialAction\":[{\"@type\":\"ReadAction\",\"target\":[\"https:\\\/\\\/www.cidademarketing.com.br\\\/marketing\\\/2022\\\/03\\\/26\\\/policia-rodoviaria-federal-apresenta-a-exposicao-prf-cidada-no-riomar-aracaju\\\/\"]}]},{\"@type\":\"ImageObject\",\"inLanguage\":\"pt-BR\",\"@id\":\"https:\\\/\\\/www.cidademarketing.com.br\\\/marketing\\\/2022\\\/03\\\/26\\\/policia-rodoviaria-federal-apresenta-a-exposicao-prf-cidada-no-riomar-aracaju\\\/#primaryimage\",\"url\":\"https:\\\/\\\/www.cidademarketing.com.br\\\/marketing\\\/wp-content\\\/uploads\\\/2022\\\/03\\\/exposicao_prf_riomar_aracaju_01.jpeg\",\"contentUrl\":\"https:\\\/\\\/www.cidademarketing.com.br\\\/marketing\\\/wp-content\\\/uploads\\\/2022\\\/03\\\/exposicao_prf_riomar_aracaju_01.jpeg\",\"width\":899,\"height\":1599,\"caption\":\"foto: Thales Brand\u00e3o - Exposi\u00e7\u00e3o PRF no Shopping Riomar\"},{\"@type\":\"BreadcrumbList\",\"@id\":\"https:\\\/\\\/www.cidademarketing.com.br\\\/marketing\\\/2022\\\/03\\\/26\\\/policia-rodoviaria-federal-apresenta-a-exposicao-prf-cidada-no-riomar-aracaju\\\/#breadcrumb\",\"itemListElement\":[{\"@type\":\"ListItem\",\"position\":1,\"name\":\"In\u00edcio\",\"item\":\"https:\\\/\\\/www.cidademarketing.com.br\\\/marketing\\\/\"},{\"@type\":\"ListItem\",\"position\":2,\"name\":\"Pol\u00edcia Rodovi\u00e1ria Federal apresenta a exposi\u00e7\u00e3o PRF Cidad\u00e3 no RioMar Aracaju\"}]},{\"@type\":\"WebSite\",\"@id\":\"https:\\\/\\\/www.cidademarketing.com.br\\\/marketing\\\/#website\",\"url\":\"https:\\\/\\\/www.cidademarketing.com.br\\\/marketing\\\/\",\"name\":\"CidadeMarketing\",\"description\":\"Somos um ve\u00edculo de comunica\u00e7\u00e3o de destaque no Brasil, reconhecido por conte\u00fados nos segmentos de marketing, empreendedorismo e inova\u00e7\u00e3o.\",\"publisher\":{\"@id\":\"https:\\\/\\\/www.cidademarketing.com.br\\\/marketing\\\/#organization\"},\"alternateName\":\"CidadeMarketing\",\"potentialAction\":[{\"@type\":\"SearchAction\",\"target\":{\"@type\":\"EntryPoint\",\"urlTemplate\":\"https:\\\/\\\/www.cidademarketing.com.br\\\/marketing\\\/?s={search_term_string}\"},\"query-input\":{\"@type\":\"PropertyValueSpecification\",\"valueRequired\":true,\"valueName\":\"search_term_string\"}}],\"inLanguage\":\"pt-BR\"},{\"@type\":\"Organization\",\"@id\":\"https:\\\/\\\/www.cidademarketing.com.br\\\/marketing\\\/#organization\",\"name\":\"CidadeMarketing\",\"alternateName\":\"CidadeMarketing\",\"url\":\"https:\\\/\\\/www.cidademarketing.com.br\\\/marketing\\\/\",\"logo\":{\"@type\":\"ImageObject\",\"inLanguage\":\"pt-BR\",\"@id\":\"https:\\\/\\\/www.cidademarketing.com.br\\\/marketing\\\/#\\\/schema\\\/logo\\\/image\\\/\",\"url\":\"https:\\\/\\\/www.cidademarketing.com.br\\\/marketing\\\/wp-content\\\/uploads\\\/2020\\\/01\\\/cidademarketing_marca_mobile.png\",\"contentUrl\":\"https:\\\/\\\/www.cidademarketing.com.br\\\/marketing\\\/wp-content\\\/uploads\\\/2020\\\/01\\\/cidademarketing_marca_mobile.png\",\"width\":230,\"height\":92,\"caption\":\"CidadeMarketing\"},\"image\":{\"@id\":\"https:\\\/\\\/www.cidademarketing.com.br\\\/marketing\\\/#\\\/schema\\\/logo\\\/image\\\/\"},\"sameAs\":[\"https:\\\/\\\/www.facebook.com\\\/portalcidademarketing\",\"https:\\\/\\\/x.com\\\/CidadeMarketing\",\"https:\\\/\\\/www.instagram.com\\\/cidademarketing\\\/\"]},{\"@type\":\"Person\",\"@id\":\"https:\\\/\\\/www.cidademarketing.com.br\\\/marketing\\\/#\\\/schema\\\/person\\\/02daff9f18bd9378c9e01eb6b2db155f\",\"name\":\"Thales Brand\u00e3o\",\"image\":{\"@type\":\"ImageObject\",\"inLanguage\":\"pt-BR\",\"@id\":\"https:\\\/\\\/secure.gravatar.com\\\/avatar\\\/7ca3206950207cc3cb48feec56a8a7898741ab725c368d99d5d7a5a50aab80c6?s=96&d=mm&r=g\",\"url\":\"https:\\\/\\\/secure.gravatar.com\\\/avatar\\\/7ca3206950207cc3cb48feec56a8a7898741ab725c368d99d5d7a5a50aab80c6?s=96&d=mm&r=g\",\"contentUrl\":\"https:\\\/\\\/secure.gravatar.com\\\/avatar\\\/7ca3206950207cc3cb48feec56a8a7898741ab725c368d99d5d7a5a50aab80c6?s=96&d=mm&r=g\",\"caption\":\"Thales Brand\u00e3o\"},\"description\":\"Editor Executivo do Portal CidadeMarketing.com.br &gt; Mestre em Comunica\u00e7\u00e3o e Sociedade pela Universidade Federal de Sergipe. Possui MBA Executivo em Administra\u00e7\u00e3o com \u00eanfase em Marketing pela Funda\u00e7\u00e3o Get\u00falio Vargas - Rio de Janeiro. Consultor, Palestrante e Pesquisador sobre Empreendedorismo, Marketing, Redes Sociais e Neg\u00f3cios Digitais. Professor, Palestrante TedxTalks e Campus Party. Twitter: @ThalesBrandao\",\"sameAs\":[\"http:\\\/\\\/www.mandacaru.com.br\",\"https:\\\/\\\/www.facebook.com\\\/thalesbrandao\",\"http:\\\/\\\/www.instagram.com.br\\\/thalesbrandaoferreira\",\"https:\\\/\\\/www.linkedin.com\\\/in\\\/thales-brand\u00e3o-3948609\\\/\",\"https:\\\/\\\/x.com\\\/http:\\\/\\\/www.twitter.com\\\/thalesbrandao\"],\"url\":\"https:\\\/\\\/www.cidademarketing.com.br\\\/marketing\\\/author\\\/thalesbrandao\\\/\"}]}<\/script>\n<!-- \/ Yoast SEO plugin. -->","yoast_head_json":{"title":"Pol\u00edcia Rodovi\u00e1ria Federal apresenta a exposi\u00e7\u00e3o PRF Cidad\u00e3 no RioMar Aracaju - CidadeMarketing","robots":{"index":"index","follow":"follow","max-snippet":"max-snippet:-1","max-image-preview":"max-image-preview:large","max-video-preview":"max-video-preview:-1"},"canonical":"https:\/\/www.cidademarketing.com.br\/marketing\/2022\/03\/26\/policia-rodoviaria-federal-apresenta-a-exposicao-prf-cidada-no-riomar-aracaju\/","og_locale":"pt_BR","og_type":"article","og_title":"Pol\u00edcia Rodovi\u00e1ria Federal apresenta a exposi\u00e7\u00e3o PRF Cidad\u00e3 no RioMar Aracaju - CidadeMarketing","og_description":"Entre os dias 25 e 27 de mar\u00e7o, o RioMar Aracaju, em parceria com a Pol\u00edcia Rodovi\u00e1ria Federal, acolhe a exposi\u00e7\u00e3o PRF Cidad\u00e3, evento que marca o Dia Nacional da Constitui\u00e7\u00e3o. Com o objetivo de interagir com o p\u00fablico e apresentar as atividades desenvolvidas pela PRF, a a\u00e7\u00e3o contemplar\u00e1 exposi\u00e7\u00e3o de viaturas, materiais operacionais e [&hellip;]","og_url":"https:\/\/www.cidademarketing.com.br\/marketing\/2022\/03\/26\/policia-rodoviaria-federal-apresenta-a-exposicao-prf-cidada-no-riomar-aracaju\/","og_site_name":"CidadeMarketing","article_publisher":"https:\/\/www.facebook.com\/portalcidademarketing","article_author":"https:\/\/www.facebook.com\/thalesbrandao","article_published_time":"2022-03-26T22:55:27+00:00","og_image":[{"width":899,"height":1599,"url":"https:\/\/www.cidademarketing.com.br\/marketing\/wp-content\/uploads\/2022\/03\/exposicao_prf_riomar_aracaju_01.jpeg","type":"image\/jpeg"}],"author":"Thales Brand\u00e3o","twitter_card":"summary_large_image","twitter_creator":"@http:\/\/www.twitter.com\/thalesbrandao","twitter_site":"@CidadeMarketing","twitter_misc":{"Escrito por":"Thales Brand\u00e3o","Est. tempo de leitura":"2 minutos"},"schema":{"@context":"https:\/\/schema.org","@graph":[{"@type":"Article","@id":"https:\/\/www.cidademarketing.com.br\/marketing\/2022\/03\/26\/policia-rodoviaria-federal-apresenta-a-exposicao-prf-cidada-no-riomar-aracaju\/#article","isPartOf":{"@id":"https:\/\/www.cidademarketing.com.br\/marketing\/2022\/03\/26\/policia-rodoviaria-federal-apresenta-a-exposicao-prf-cidada-no-riomar-aracaju\/"},"author":{"name":"Thales Brand\u00e3o","@id":"https:\/\/www.cidademarketing.com.br\/marketing\/#\/schema\/person\/02daff9f18bd9378c9e01eb6b2db155f"},"headline":"Pol\u00edcia Rodovi\u00e1ria Federal apresenta a exposi\u00e7\u00e3o PRF Cidad\u00e3 no RioMar Aracaju","datePublished":"2022-03-26T22:55:27+00:00","mainEntityOfPage":{"@id":"https:\/\/www.cidademarketing.com.br\/marketing\/2022\/03\/26\/policia-rodoviaria-federal-apresenta-a-exposicao-prf-cidada-no-riomar-aracaju\/"},"wordCount":441,"commentCount":0,"publisher":{"@id":"https:\/\/www.cidademarketing.com.br\/marketing\/#organization"},"image":{"@id":"https:\/\/www.cidademarketing.com.br\/marketing\/2022\/03\/26\/policia-rodoviaria-federal-apresenta-a-exposicao-prf-cidada-no-riomar-aracaju\/#primaryimage"},"thumbnailUrl":"https:\/\/www.cidademarketing.com.br\/marketing\/wp-content\/uploads\/2022\/03\/exposicao_prf_riomar_aracaju_01.jpeg","keywords":["Aracaju","Cultura","marketing cultural","PRF","shopping","sociedade"],"articleSection":["Not\u00edcias"],"inLanguage":"pt-BR","potentialAction":[{"@type":"CommentAction","name":"Comment","target":["https:\/\/www.cidademarketing.com.br\/marketing\/2022\/03\/26\/policia-rodoviaria-federal-apresenta-a-exposicao-prf-cidada-no-riomar-aracaju\/#respond"]}]},{"@type":"WebPage","@id":"https:\/\/www.cidademarketing.com.br\/marketing\/2022\/03\/26\/policia-rodoviaria-federal-apresenta-a-exposicao-prf-cidada-no-riomar-aracaju\/","url":"https:\/\/www.cidademarketing.com.br\/marketing\/2022\/03\/26\/policia-rodoviaria-federal-apresenta-a-exposicao-prf-cidada-no-riomar-aracaju\/","name":"Pol\u00edcia Rodovi\u00e1ria Federal apresenta a exposi\u00e7\u00e3o PRF Cidad\u00e3 no RioMar Aracaju - CidadeMarketing","isPartOf":{"@id":"https:\/\/www.cidademarketing.com.br\/marketing\/#website"},"primaryImageOfPage":{"@id":"https:\/\/www.cidademarketing.com.br\/marketing\/2022\/03\/26\/policia-rodoviaria-federal-apresenta-a-exposicao-prf-cidada-no-riomar-aracaju\/#primaryimage"},"image":{"@id":"https:\/\/www.cidademarketing.com.br\/marketing\/2022\/03\/26\/policia-rodoviaria-federal-apresenta-a-exposicao-prf-cidada-no-riomar-aracaju\/#primaryimage"},"thumbnailUrl":"https:\/\/www.cidademarketing.com.br\/marketing\/wp-content\/uploads\/2022\/03\/exposicao_prf_riomar_aracaju_01.jpeg","datePublished":"2022-03-26T22:55:27+00:00","breadcrumb":{"@id":"https:\/\/www.cidademarketing.com.br\/marketing\/2022\/03\/26\/policia-rodoviaria-federal-apresenta-a-exposicao-prf-cidada-no-riomar-aracaju\/#breadcrumb"},"inLanguage":"pt-BR","potentialAction":[{"@type":"ReadAction","target":["https:\/\/www.cidademarketing.com.br\/marketing\/2022\/03\/26\/policia-rodoviaria-federal-apresenta-a-exposicao-prf-cidada-no-riomar-aracaju\/"]}]},{"@type":"ImageObject","inLanguage":"pt-BR","@id":"https:\/\/www.cidademarketing.com.br\/marketing\/2022\/03\/26\/policia-rodoviaria-federal-apresenta-a-exposicao-prf-cidada-no-riomar-aracaju\/#primaryimage","url":"https:\/\/www.cidademarketing.com.br\/marketing\/wp-content\/uploads\/2022\/03\/exposicao_prf_riomar_aracaju_01.jpeg","contentUrl":"https:\/\/www.cidademarketing.com.br\/marketing\/wp-content\/uploads\/2022\/03\/exposicao_prf_riomar_aracaju_01.jpeg","width":899,"height":1599,"caption":"foto: Thales Brand\u00e3o - Exposi\u00e7\u00e3o PRF no Shopping Riomar"},{"@type":"BreadcrumbList","@id":"https:\/\/www.cidademarketing.com.br\/marketing\/2022\/03\/26\/policia-rodoviaria-federal-apresenta-a-exposicao-prf-cidada-no-riomar-aracaju\/#breadcrumb","itemListElement":[{"@type":"ListItem","position":1,"name":"In\u00edcio","item":"https:\/\/www.cidademarketing.com.br\/marketing\/"},{"@type":"ListItem","position":2,"name":"Pol\u00edcia Rodovi\u00e1ria Federal apresenta a exposi\u00e7\u00e3o PRF Cidad\u00e3 no RioMar Aracaju"}]},{"@type":"WebSite","@id":"https:\/\/www.cidademarketing.com.br\/marketing\/#website","url":"https:\/\/www.cidademarketing.com.br\/marketing\/","name":"CidadeMarketing","description":"Somos um ve\u00edculo de comunica\u00e7\u00e3o de destaque no Brasil, reconhecido por conte\u00fados nos segmentos de marketing, empreendedorismo e inova\u00e7\u00e3o.","publisher":{"@id":"https:\/\/www.cidademarketing.com.br\/marketing\/#organization"},"alternateName":"CidadeMarketing","potentialAction":[{"@type":"SearchAction","target":{"@type":"EntryPoint","urlTemplate":"https:\/\/www.cidademarketing.com.br\/marketing\/?s={search_term_string}"},"query-input":{"@type":"PropertyValueSpecification","valueRequired":true,"valueName":"search_term_string"}}],"inLanguage":"pt-BR"},{"@type":"Organization","@id":"https:\/\/www.cidademarketing.com.br\/marketing\/#organization","name":"CidadeMarketing","alternateName":"CidadeMarketing","url":"https:\/\/www.cidademarketing.com.br\/marketing\/","logo":{"@type":"ImageObject","inLanguage":"pt-BR","@id":"https:\/\/www.cidademarketing.com.br\/marketing\/#\/schema\/logo\/image\/","url":"https:\/\/www.cidademarketing.com.br\/marketing\/wp-content\/uploads\/2020\/01\/cidademarketing_marca_mobile.png","contentUrl":"https:\/\/www.cidademarketing.com.br\/marketing\/wp-content\/uploads\/2020\/01\/cidademarketing_marca_mobile.png","width":230,"height":92,"caption":"CidadeMarketing"},"image":{"@id":"https:\/\/www.cidademarketing.com.br\/marketing\/#\/schema\/logo\/image\/"},"sameAs":["https:\/\/www.facebook.com\/portalcidademarketing","https:\/\/x.com\/CidadeMarketing","https:\/\/www.instagram.com\/cidademarketing\/"]},{"@type":"Person","@id":"https:\/\/www.cidademarketing.com.br\/marketing\/#\/schema\/person\/02daff9f18bd9378c9e01eb6b2db155f","name":"Thales Brand\u00e3o","image":{"@type":"ImageObject","inLanguage":"pt-BR","@id":"https:\/\/secure.gravatar.com\/avatar\/7ca3206950207cc3cb48feec56a8a7898741ab725c368d99d5d7a5a50aab80c6?s=96&d=mm&r=g","url":"https:\/\/secure.gravatar.com\/avatar\/7ca3206950207cc3cb48feec56a8a7898741ab725c368d99d5d7a5a50aab80c6?s=96&d=mm&r=g","contentUrl":"https:\/\/secure.gravatar.com\/avatar\/7ca3206950207cc3cb48feec56a8a7898741ab725c368d99d5d7a5a50aab80c6?s=96&d=mm&r=g","caption":"Thales Brand\u00e3o"},"description":"Editor Executivo do Portal CidadeMarketing.com.br &gt; Mestre em Comunica\u00e7\u00e3o e Sociedade pela Universidade Federal de Sergipe. Possui MBA Executivo em Administra\u00e7\u00e3o com \u00eanfase em Marketing pela Funda\u00e7\u00e3o Get\u00falio Vargas - Rio de Janeiro. Consultor, Palestrante e Pesquisador sobre Empreendedorismo, Marketing, Redes Sociais e Neg\u00f3cios Digitais. Professor, Palestrante TedxTalks e Campus Party. Twitter: @ThalesBrandao","sameAs":["http:\/\/www.mandacaru.com.br","https:\/\/www.facebook.com\/thalesbrandao","http:\/\/www.instagram.com.br\/thalesbrandaoferreira","https:\/\/www.linkedin.com\/in\/thales-brand\u00e3o-3948609\/","https:\/\/x.com\/http:\/\/www.twitter.com\/thalesbrandao"],"url":"https:\/\/www.cidademarketing.com.br\/marketing\/author\/thalesbrandao\/"}]}},"amp_enabled":true,"_links":{"self":[{"href":"https:\/\/www.cidademarketing.com.br\/marketing\/wp-json\/wp\/v2\/posts\/35387","targetHints":{"allow":["GET"]}}],"collection":[{"href":"https:\/\/www.cidademarketing.com.br\/marketing\/wp-json\/wp\/v2\/posts"}],"about":[{"href":"https:\/\/www.cidademarketing.com.br\/marketing\/wp-json\/wp\/v2\/types\/post"}],"author":[{"embeddable":true,"href":"https:\/\/www.cidademarketing.com.br\/marketing\/wp-json\/wp\/v2\/users\/1"}],"replies":[{"embeddable":true,"href":"https:\/\/www.cidademarketing.com.br\/marketing\/wp-json\/wp\/v2\/comments?post=35387"}],"version-history":[{"count":1,"href":"https:\/\/www.cidademarketing.com.br\/marketing\/wp-json\/wp\/v2\/posts\/35387\/revisions"}],"predecessor-version":[{"id":35390,"href":"https:\/\/www.cidademarketing.com.br\/marketing\/wp-json\/wp\/v2\/posts\/35387\/revisions\/35390"}],"wp:featuredmedia":[{"embeddable":true,"href":"https:\/\/www.cidademarketing.com.br\/marketing\/wp-json\/wp\/v2\/media\/35388"}],"wp:attachment":[{"href":"https:\/\/www.cidademarketing.com.br\/marketing\/wp-json\/wp\/v2\/media?parent=35387"}],"wp:term":[{"taxonomy":"category","embeddable":true,"href":"https:\/\/www.cidademarketing.com.br\/marketing\/wp-json\/wp\/v2\/categories?post=35387"},{"taxonomy":"post_tag","embeddable":true,"href":"https:\/\/www.cidademarketing.com.br\/marketing\/wp-json\/wp\/v2\/tags?post=35387"}],"curies":[{"name":"wp","href":"https:\/\/api.w.org\/{rel}","templated":true}]}}