{"id":35213,"date":"2022-03-21T16:40:28","date_gmt":"2022-03-21T19:40:28","guid":{"rendered":"https:\/\/www.cidademarketing.com.br\/marketing\/?p=35213"},"modified":"2022-03-21T16:40:28","modified_gmt":"2022-03-21T19:40:28","slug":"publicis-anuncia-4a-edicao-do-entre-em-parceria-com-o-carreira-preta","status":"publish","type":"post","link":"https:\/\/www.cidademarketing.com.br\/marketing\/2022\/03\/21\/publicis-anuncia-4a-edicao-do-entre-em-parceria-com-o-carreira-preta\/","title":{"rendered":"Publicis anuncia 4\u00aa Edi\u00e7\u00e3o do Entre em parceria com o Carreira Preta"},"content":{"rendered":"<p><iframe title=\"Spotify Embed: Podcast CidadeMarketing\" style=\"border-radius: 12px\" width=\"100%\" height=\"152\" frameborder=\"0\" allowfullscreen allow=\"autoplay; clipboard-write; encrypted-media; fullscreen; picture-in-picture\" loading=\"lazy\" src=\"https:\/\/open.spotify.com\/embed\/show\/4khMKzP3FgFRWVwb73xicc?si=20fb130de7a2420b&#038;utm_source=oembed\"><\/iframe><\/p>\n<p>A Publicis Brasil, ag\u00eancia que leva o nome da holding de comunica\u00e7\u00e3o mais valiosa do mundo, anuncia a 4\u00aa edi\u00e7\u00e3o do <a href=\"http:\/\/entre.publicis.com.br\/\" target=\"_blank\" rel=\"noopener\">Entre, programa para capacitar, desenvolver e incluir nas ag\u00eancias as profissionais que pretendem atuar na \u00e1rea criativa<\/a>, sendo 85% das 30 vagas destinadas exclusivamente \u00e0s pessoas que se identifiquem pelo g\u00eanero feminino que se autodeclaram negras. As demais vagas ser\u00e3o destinadas \u00e0s pessoas que se identificam pelo g\u00eanero feminino que se autodeclaram brancas ou amarelas.<\/p>\n<p>A nova temporada do curso conta com a parceria da Carreira Preta, consultoria em solu\u00e7\u00f5es corporativas e educacionais em diversidade para inclus\u00e3o e integra\u00e7\u00e3o social. Ao todo, 30 mulheres ser\u00e3o selecionadas para participar do curso gratuito que ter\u00e1 cerca de tr\u00eas meses de dura\u00e7\u00e3o. As inscri\u00e7\u00f5es poder\u00e3o ser feitas pelo site entre.publicis.com.br a partir do dia 25\/03\/2022.<\/p>\n<p>A consultoria realizou workshops de prepara\u00e7\u00e3o da lideran\u00e7a criativa da Publicis Brasil para a 4\u00aa edi\u00e7\u00e3o do curso. Os encontros tiveram o objetivo de integrar a vis\u00e3o de modelagem de atua\u00e7\u00e3o dos departamentos criativos ao projeto. O foco: transformar a perspectiva assistencialista em uma perspectiva de atra\u00e7\u00e3o de talentos.<\/p>\n<p>Podem se inscrever as pessoas, a partir de 18 anos, que estejam cursando qualquer semestre ou j\u00e1 sejam graduadas nos cursos de Publicidade, Marketing, Jornalismo, Rela\u00e7\u00f5es P\u00fablicas e \u00e1reas correlatas, com ou sem experi\u00eancia na \u00e1rea criativa. Al\u00e9m disso, pessoas com ensino m\u00e9dio completo e que possuem alguma experi\u00eancia pr\u00e9via nas \u00e1reas criativas como, por exemplo, cria\u00e7\u00e3o, dire\u00e7\u00e3o de arte, reda\u00e7\u00e3o ou produ\u00e7\u00e3o de conte\u00fado digital para m\u00eddias sociais ou trabalho volunt\u00e1rio relacionado.<\/p>\n<p>C\u00edntia Pessoa, Diretora de Recursos Humanos da Publicis, explica que a ag\u00eancia \u00e9 formada por mais de 60% de profissionais mulheres, mas que existe uma car\u00eancia de contrata\u00e7\u00e3o especificamente na \u00e1rea de cria\u00e7\u00e3o. \u201cAo fim do curso, temos grande expectativa em contratar as alunas na Publicis. Todas estar\u00e3o preparadas e qualificadas para o mercado e poder\u00e3o entrar em outras ag\u00eancias e empresas.<\/p>\n<p>Segundo Dani Ribeiro, Diretora-Executiva de Cria\u00e7\u00e3o da Publicis, para ter um resultado criativo mais contempor\u00e2neo e relevante, \u00e9 preciso ter uma equipe diversa. \u201cProporcionalidade nas equipes \u00e9 sobreviv\u00eancia para o nosso neg\u00f3cio. O Entre abre as portas para mulheres com hist\u00f3rias e contextos \u00fanicos, que t\u00eam muito a acrescentar para o mercado e o mundo. Estamos muito animados para receber as participantes\u201d, diz.<\/p>\n<p>J\u00e1 F\u00e1bio Astolpho, Diretor-Executivo de Cria\u00e7\u00e3o da Publicis, ressalta a responsabilidade em ser aliado. \u201c\u00c9 essencial que n\u00f3s, homens, estejamos conscientes da necessidade urgente de equidade de g\u00eanero nos departamentos criativos das ag\u00eancias. Ideias boas s\u00f3 existem quando pessoas diferentes trabalham juntas. Por isso o Entre \u00e9 t\u00e3o importante\u201d.<br \/>\nAs aulas ser\u00e3o ministradas majoritariamente por profissionais da Publicis.<\/p>\n<p>Priscilla Tur\u00edbio da Consultoria Carreira Preta, afirma que esse \u00e9 um projeto de grande impacto social e mercadol\u00f3gico. \u201cA nova edi\u00e7\u00e3o do Entre chega com foco na empregabilidade das participantes. Antes elas faziam o curso e terminavam suas trajet\u00f3rias. Hoje, queremos acompanh\u00e1-las tamb\u00e9m no p\u00f3s-curso para ajud\u00e1-las a entrar no mercado de trabalho\u201d.<br \/>\nUma das novidades da quarta edi\u00e7\u00e3o do Entre s\u00e3o as trilhas de desenvolvimento para as participantes. A trilha de Carreira Consciente, por exemplo, possui workshops sobre gest\u00e3o de carreira com metodologia autoral do pr\u00f3prio Carreira Preta.<\/p>\n<p>A edi\u00e7\u00e3o de 2022 do Entre tamb\u00e9m conta com uma parceria in\u00e9dita da Publicis com o Clube Share, uma plataforma de educa\u00e7\u00e3o da empresa Share que cont\u00e9m cursos com alguns dos profissionais mais renomados do mercado de comunica\u00e7\u00e3o. O Clube ir\u00e1 disponibilizar assinaturas de um ano para todas as participantes da 4\u00aa edi\u00e7\u00e3o do Entre.<\/p>\n<p>O Entre<br \/>\nIdealizado por Domenico Massareto, CCO da Publicis, o Entre visa avan\u00e7ar na promo\u00e7\u00e3o da equidade de g\u00eanero na \u00e1rea de cria\u00e7\u00e3o. O projeto j\u00e1 formou 90 mulheres, impactando todo o mercado com a especializa\u00e7\u00e3o de novos talentos.<\/p>\n<p>Depois da inscri\u00e7\u00e3o, as candidatas passar\u00e3o por uma triagem para an\u00e1lise de adequa\u00e7\u00e3o ao perfil do programa. Depois disso, enviar\u00e3o um v\u00eddeo com uma r\u00e1pida apresenta\u00e7\u00e3o e, por fim, participar\u00e3o de um painel com os l\u00edderes da Publicis.<\/p>\n<p>As aulas come\u00e7ar\u00e3o a partir de maio de 2022. A princ\u00edpio, a maioria ser\u00e1 online, mas, de acordo com as diretrizes das organiza\u00e7\u00f5es de sa\u00fade e protocolos sanit\u00e1rios, existe a possibilidade de aulas presenciais, na cidade de S\u00e3o Paulo.<\/p>\n<p>\u201cEssa iniciativa impacta a vida de dezenas de mulheres, que \u00e9 guiada pelo nosso Incomodismo, uma palavra que n\u00e3o faz parte do dicion\u00e1rio, mas est\u00e1 presente em tudo o que fazemos. \u00c9 o esp\u00edrito de se apaixonar pelos problemas e ir at\u00e9 o fim para resolv\u00ea-los. O inc\u00f4modo tem um enorme poder transformador. Ele \u00e9 o ponto de partida para liderar mudan\u00e7as significativas. Repare: as melhores ideias nascem dos maiores inc\u00f4modos. Com isso em mente, a Publicis est\u00e1 trabalhando proativamente para contribuir com uma publicidade mais diversa e inclusiva. O Entre \u00e9 um grande legado para todo o mercado\u201d, finaliza C\u00edntia Pessoa.<\/p>\n<p><iframe style=\"width: 100%; max-width: 660px; overflow: hidden; background: transparent;\" src=\"https:\/\/embed.podcasts.apple.com\/br\/podcast\/podcast-cidademarketing\/id1371923283\" height=\"450\" frameborder=\"0\" sandbox=\"allow-forms allow-popups allow-same-origin allow-scripts allow-storage-access-by-user-activation allow-top-navigation-by-user-activation\"><\/iframe><\/p>\n","protected":false},"excerpt":{"rendered":"<p>A Publicis Brasil, ag\u00eancia que leva o nome da holding de comunica\u00e7\u00e3o mais valiosa do mundo, anuncia a 4\u00aa edi\u00e7\u00e3o do Entre, programa para capacitar, desenvolver e incluir nas ag\u00eancias as profissionais que pretendem atuar na \u00e1rea criativa, sendo 85% das 30 vagas destinadas exclusivamente \u00e0s pessoas que se identifiquem pelo g\u00eanero feminino que se [&hellip;]<\/p>\n","protected":false},"author":1,"featured_media":35214,"comment_status":"open","ping_status":"open","sticky":false,"template":"","format":"standard","meta":{"tdm_status":"","tdm_grid_status":"","footnotes":""},"categories":[6],"tags":[726,33,28,66,181,5269],"class_list":["post-35213","post","type-post","status-publish","format-standard","has-post-thumbnail","hentry","category-noticias","tag-criatividade","tag-estrategia","tag-marketing","tag-propaganda","tag-publicidade","tag-publicis"],"yoast_head":"<!-- This site is optimized with the Yoast SEO plugin v27.5 - https:\/\/yoast.com\/product\/yoast-seo-wordpress\/ -->\n<title>Publicis anuncia 4\u00aa Edi\u00e7\u00e3o do Entre em parceria com o Carreira Preta - CidadeMarketing<\/title>\n<meta name=\"robots\" content=\"index, follow, max-snippet:-1, max-image-preview:large, max-video-preview:-1\" \/>\n<link rel=\"canonical\" href=\"https:\/\/www.cidademarketing.com.br\/marketing\/2022\/03\/21\/publicis-anuncia-4a-edicao-do-entre-em-parceria-com-o-carreira-preta\/\" \/>\n<meta property=\"og:locale\" content=\"pt_BR\" \/>\n<meta property=\"og:type\" content=\"article\" \/>\n<meta property=\"og:title\" content=\"Publicis anuncia 4\u00aa Edi\u00e7\u00e3o do Entre em parceria com o Carreira Preta - CidadeMarketing\" \/>\n<meta property=\"og:description\" content=\"A Publicis Brasil, ag\u00eancia que leva o nome da holding de comunica\u00e7\u00e3o mais valiosa do mundo, anuncia a 4\u00aa edi\u00e7\u00e3o do Entre, programa para capacitar, desenvolver e incluir nas ag\u00eancias as profissionais que pretendem atuar na \u00e1rea criativa, sendo 85% das 30 vagas destinadas exclusivamente \u00e0s pessoas que se identifiquem pelo g\u00eanero feminino que se [&hellip;]\" \/>\n<meta property=\"og:url\" content=\"https:\/\/www.cidademarketing.com.br\/marketing\/2022\/03\/21\/publicis-anuncia-4a-edicao-do-entre-em-parceria-com-o-carreira-preta\/\" \/>\n<meta property=\"og:site_name\" content=\"CidadeMarketing\" \/>\n<meta property=\"article:publisher\" content=\"https:\/\/www.facebook.com\/portalcidademarketing\" \/>\n<meta property=\"article:author\" content=\"https:\/\/www.facebook.com\/thalesbrandao\" \/>\n<meta property=\"article:published_time\" content=\"2022-03-21T19:40:28+00:00\" \/>\n<meta property=\"og:image\" content=\"https:\/\/www.cidademarketing.com.br\/marketing\/wp-content\/uploads\/2022\/03\/Edivania-Coimbra-Assistente-de-Producao.jpg\" \/>\n\t<meta property=\"og:image:width\" content=\"1080\" \/>\n\t<meta property=\"og:image:height\" content=\"1080\" \/>\n\t<meta property=\"og:image:type\" content=\"image\/jpeg\" \/>\n<meta name=\"author\" content=\"Thales Brand\u00e3o\" \/>\n<meta name=\"twitter:card\" content=\"summary_large_image\" \/>\n<meta name=\"twitter:creator\" content=\"@http:\/\/www.twitter.com\/thalesbrandao\" \/>\n<meta name=\"twitter:site\" content=\"@CidadeMarketing\" \/>\n<meta name=\"twitter:label1\" content=\"Escrito por\" \/>\n\t<meta name=\"twitter:data1\" content=\"Thales Brand\u00e3o\" \/>\n\t<meta name=\"twitter:label2\" content=\"Est. tempo de leitura\" \/>\n\t<meta name=\"twitter:data2\" content=\"5 minutos\" \/>\n<script type=\"application\/ld+json\" class=\"yoast-schema-graph\">{\"@context\":\"https:\\\/\\\/schema.org\",\"@graph\":[{\"@type\":\"Article\",\"@id\":\"https:\\\/\\\/www.cidademarketing.com.br\\\/marketing\\\/2022\\\/03\\\/21\\\/publicis-anuncia-4a-edicao-do-entre-em-parceria-com-o-carreira-preta\\\/#article\",\"isPartOf\":{\"@id\":\"https:\\\/\\\/www.cidademarketing.com.br\\\/marketing\\\/2022\\\/03\\\/21\\\/publicis-anuncia-4a-edicao-do-entre-em-parceria-com-o-carreira-preta\\\/\"},\"author\":{\"name\":\"Thales Brand\u00e3o\",\"@id\":\"https:\\\/\\\/www.cidademarketing.com.br\\\/marketing\\\/#\\\/schema\\\/person\\\/02daff9f18bd9378c9e01eb6b2db155f\"},\"headline\":\"Publicis anuncia 4\u00aa Edi\u00e7\u00e3o do Entre em parceria com o Carreira Preta\",\"datePublished\":\"2022-03-21T19:40:28+00:00\",\"mainEntityOfPage\":{\"@id\":\"https:\\\/\\\/www.cidademarketing.com.br\\\/marketing\\\/2022\\\/03\\\/21\\\/publicis-anuncia-4a-edicao-do-entre-em-parceria-com-o-carreira-preta\\\/\"},\"wordCount\":913,\"commentCount\":0,\"publisher\":{\"@id\":\"https:\\\/\\\/www.cidademarketing.com.br\\\/marketing\\\/#organization\"},\"image\":{\"@id\":\"https:\\\/\\\/www.cidademarketing.com.br\\\/marketing\\\/2022\\\/03\\\/21\\\/publicis-anuncia-4a-edicao-do-entre-em-parceria-com-o-carreira-preta\\\/#primaryimage\"},\"thumbnailUrl\":\"https:\\\/\\\/www.cidademarketing.com.br\\\/marketing\\\/wp-content\\\/uploads\\\/2022\\\/03\\\/Edivania-Coimbra-Assistente-de-Producao.jpg\",\"keywords\":[\"criatividade\",\"estrat\u00e9gia\",\"marketing\",\"propaganda\",\"publicidade\",\"Publicis\"],\"articleSection\":[\"Not\u00edcias\"],\"inLanguage\":\"pt-BR\",\"potentialAction\":[{\"@type\":\"CommentAction\",\"name\":\"Comment\",\"target\":[\"https:\\\/\\\/www.cidademarketing.com.br\\\/marketing\\\/2022\\\/03\\\/21\\\/publicis-anuncia-4a-edicao-do-entre-em-parceria-com-o-carreira-preta\\\/#respond\"]}]},{\"@type\":\"WebPage\",\"@id\":\"https:\\\/\\\/www.cidademarketing.com.br\\\/marketing\\\/2022\\\/03\\\/21\\\/publicis-anuncia-4a-edicao-do-entre-em-parceria-com-o-carreira-preta\\\/\",\"url\":\"https:\\\/\\\/www.cidademarketing.com.br\\\/marketing\\\/2022\\\/03\\\/21\\\/publicis-anuncia-4a-edicao-do-entre-em-parceria-com-o-carreira-preta\\\/\",\"name\":\"Publicis anuncia 4\u00aa Edi\u00e7\u00e3o do Entre em parceria com o Carreira Preta - CidadeMarketing\",\"isPartOf\":{\"@id\":\"https:\\\/\\\/www.cidademarketing.com.br\\\/marketing\\\/#website\"},\"primaryImageOfPage\":{\"@id\":\"https:\\\/\\\/www.cidademarketing.com.br\\\/marketing\\\/2022\\\/03\\\/21\\\/publicis-anuncia-4a-edicao-do-entre-em-parceria-com-o-carreira-preta\\\/#primaryimage\"},\"image\":{\"@id\":\"https:\\\/\\\/www.cidademarketing.com.br\\\/marketing\\\/2022\\\/03\\\/21\\\/publicis-anuncia-4a-edicao-do-entre-em-parceria-com-o-carreira-preta\\\/#primaryimage\"},\"thumbnailUrl\":\"https:\\\/\\\/www.cidademarketing.com.br\\\/marketing\\\/wp-content\\\/uploads\\\/2022\\\/03\\\/Edivania-Coimbra-Assistente-de-Producao.jpg\",\"datePublished\":\"2022-03-21T19:40:28+00:00\",\"breadcrumb\":{\"@id\":\"https:\\\/\\\/www.cidademarketing.com.br\\\/marketing\\\/2022\\\/03\\\/21\\\/publicis-anuncia-4a-edicao-do-entre-em-parceria-com-o-carreira-preta\\\/#breadcrumb\"},\"inLanguage\":\"pt-BR\",\"potentialAction\":[{\"@type\":\"ReadAction\",\"target\":[\"https:\\\/\\\/www.cidademarketing.com.br\\\/marketing\\\/2022\\\/03\\\/21\\\/publicis-anuncia-4a-edicao-do-entre-em-parceria-com-o-carreira-preta\\\/\"]}]},{\"@type\":\"ImageObject\",\"inLanguage\":\"pt-BR\",\"@id\":\"https:\\\/\\\/www.cidademarketing.com.br\\\/marketing\\\/2022\\\/03\\\/21\\\/publicis-anuncia-4a-edicao-do-entre-em-parceria-com-o-carreira-preta\\\/#primaryimage\",\"url\":\"https:\\\/\\\/www.cidademarketing.com.br\\\/marketing\\\/wp-content\\\/uploads\\\/2022\\\/03\\\/Edivania-Coimbra-Assistente-de-Producao.jpg\",\"contentUrl\":\"https:\\\/\\\/www.cidademarketing.com.br\\\/marketing\\\/wp-content\\\/uploads\\\/2022\\\/03\\\/Edivania-Coimbra-Assistente-de-Producao.jpg\",\"width\":1080,\"height\":1080},{\"@type\":\"BreadcrumbList\",\"@id\":\"https:\\\/\\\/www.cidademarketing.com.br\\\/marketing\\\/2022\\\/03\\\/21\\\/publicis-anuncia-4a-edicao-do-entre-em-parceria-com-o-carreira-preta\\\/#breadcrumb\",\"itemListElement\":[{\"@type\":\"ListItem\",\"position\":1,\"name\":\"In\u00edcio\",\"item\":\"https:\\\/\\\/www.cidademarketing.com.br\\\/marketing\\\/\"},{\"@type\":\"ListItem\",\"position\":2,\"name\":\"Publicis anuncia 4\u00aa Edi\u00e7\u00e3o do Entre em parceria com o Carreira Preta\"}]},{\"@type\":\"WebSite\",\"@id\":\"https:\\\/\\\/www.cidademarketing.com.br\\\/marketing\\\/#website\",\"url\":\"https:\\\/\\\/www.cidademarketing.com.br\\\/marketing\\\/\",\"name\":\"CidadeMarketing\",\"description\":\"Somos um ve\u00edculo de comunica\u00e7\u00e3o de destaque no Brasil, reconhecido por conte\u00fados nos segmentos de marketing, empreendedorismo e inova\u00e7\u00e3o.\",\"publisher\":{\"@id\":\"https:\\\/\\\/www.cidademarketing.com.br\\\/marketing\\\/#organization\"},\"alternateName\":\"CidadeMarketing\",\"potentialAction\":[{\"@type\":\"SearchAction\",\"target\":{\"@type\":\"EntryPoint\",\"urlTemplate\":\"https:\\\/\\\/www.cidademarketing.com.br\\\/marketing\\\/?s={search_term_string}\"},\"query-input\":{\"@type\":\"PropertyValueSpecification\",\"valueRequired\":true,\"valueName\":\"search_term_string\"}}],\"inLanguage\":\"pt-BR\"},{\"@type\":\"Organization\",\"@id\":\"https:\\\/\\\/www.cidademarketing.com.br\\\/marketing\\\/#organization\",\"name\":\"CidadeMarketing\",\"alternateName\":\"CidadeMarketing\",\"url\":\"https:\\\/\\\/www.cidademarketing.com.br\\\/marketing\\\/\",\"logo\":{\"@type\":\"ImageObject\",\"inLanguage\":\"pt-BR\",\"@id\":\"https:\\\/\\\/www.cidademarketing.com.br\\\/marketing\\\/#\\\/schema\\\/logo\\\/image\\\/\",\"url\":\"https:\\\/\\\/www.cidademarketing.com.br\\\/marketing\\\/wp-content\\\/uploads\\\/2020\\\/01\\\/cidademarketing_marca_mobile.png\",\"contentUrl\":\"https:\\\/\\\/www.cidademarketing.com.br\\\/marketing\\\/wp-content\\\/uploads\\\/2020\\\/01\\\/cidademarketing_marca_mobile.png\",\"width\":230,\"height\":92,\"caption\":\"CidadeMarketing\"},\"image\":{\"@id\":\"https:\\\/\\\/www.cidademarketing.com.br\\\/marketing\\\/#\\\/schema\\\/logo\\\/image\\\/\"},\"sameAs\":[\"https:\\\/\\\/www.facebook.com\\\/portalcidademarketing\",\"https:\\\/\\\/x.com\\\/CidadeMarketing\",\"https:\\\/\\\/www.instagram.com\\\/cidademarketing\\\/\"]},{\"@type\":\"Person\",\"@id\":\"https:\\\/\\\/www.cidademarketing.com.br\\\/marketing\\\/#\\\/schema\\\/person\\\/02daff9f18bd9378c9e01eb6b2db155f\",\"name\":\"Thales Brand\u00e3o\",\"image\":{\"@type\":\"ImageObject\",\"inLanguage\":\"pt-BR\",\"@id\":\"https:\\\/\\\/secure.gravatar.com\\\/avatar\\\/7ca3206950207cc3cb48feec56a8a7898741ab725c368d99d5d7a5a50aab80c6?s=96&d=mm&r=g\",\"url\":\"https:\\\/\\\/secure.gravatar.com\\\/avatar\\\/7ca3206950207cc3cb48feec56a8a7898741ab725c368d99d5d7a5a50aab80c6?s=96&d=mm&r=g\",\"contentUrl\":\"https:\\\/\\\/secure.gravatar.com\\\/avatar\\\/7ca3206950207cc3cb48feec56a8a7898741ab725c368d99d5d7a5a50aab80c6?s=96&d=mm&r=g\",\"caption\":\"Thales Brand\u00e3o\"},\"description\":\"Editor Executivo do Portal CidadeMarketing.com.br &gt; Mestre em Comunica\u00e7\u00e3o e Sociedade pela Universidade Federal de Sergipe. Possui MBA Executivo em Administra\u00e7\u00e3o com \u00eanfase em Marketing pela Funda\u00e7\u00e3o Get\u00falio Vargas - Rio de Janeiro. Consultor, Palestrante e Pesquisador sobre Empreendedorismo, Marketing, Redes Sociais e Neg\u00f3cios Digitais. Professor, Palestrante TedxTalks e Campus Party. Twitter: @ThalesBrandao\",\"sameAs\":[\"http:\\\/\\\/www.mandacaru.com.br\",\"https:\\\/\\\/www.facebook.com\\\/thalesbrandao\",\"http:\\\/\\\/www.instagram.com.br\\\/thalesbrandaoferreira\",\"https:\\\/\\\/www.linkedin.com\\\/in\\\/thales-brand\u00e3o-3948609\\\/\",\"https:\\\/\\\/x.com\\\/http:\\\/\\\/www.twitter.com\\\/thalesbrandao\"],\"url\":\"https:\\\/\\\/www.cidademarketing.com.br\\\/marketing\\\/author\\\/thalesbrandao\\\/\"}]}<\/script>\n<!-- \/ Yoast SEO plugin. -->","yoast_head_json":{"title":"Publicis anuncia 4\u00aa Edi\u00e7\u00e3o do Entre em parceria com o Carreira Preta - CidadeMarketing","robots":{"index":"index","follow":"follow","max-snippet":"max-snippet:-1","max-image-preview":"max-image-preview:large","max-video-preview":"max-video-preview:-1"},"canonical":"https:\/\/www.cidademarketing.com.br\/marketing\/2022\/03\/21\/publicis-anuncia-4a-edicao-do-entre-em-parceria-com-o-carreira-preta\/","og_locale":"pt_BR","og_type":"article","og_title":"Publicis anuncia 4\u00aa Edi\u00e7\u00e3o do Entre em parceria com o Carreira Preta - CidadeMarketing","og_description":"A Publicis Brasil, ag\u00eancia que leva o nome da holding de comunica\u00e7\u00e3o mais valiosa do mundo, anuncia a 4\u00aa edi\u00e7\u00e3o do Entre, programa para capacitar, desenvolver e incluir nas ag\u00eancias as profissionais que pretendem atuar na \u00e1rea criativa, sendo 85% das 30 vagas destinadas exclusivamente \u00e0s pessoas que se identifiquem pelo g\u00eanero feminino que se [&hellip;]","og_url":"https:\/\/www.cidademarketing.com.br\/marketing\/2022\/03\/21\/publicis-anuncia-4a-edicao-do-entre-em-parceria-com-o-carreira-preta\/","og_site_name":"CidadeMarketing","article_publisher":"https:\/\/www.facebook.com\/portalcidademarketing","article_author":"https:\/\/www.facebook.com\/thalesbrandao","article_published_time":"2022-03-21T19:40:28+00:00","og_image":[{"width":1080,"height":1080,"url":"https:\/\/www.cidademarketing.com.br\/marketing\/wp-content\/uploads\/2022\/03\/Edivania-Coimbra-Assistente-de-Producao.jpg","type":"image\/jpeg"}],"author":"Thales Brand\u00e3o","twitter_card":"summary_large_image","twitter_creator":"@http:\/\/www.twitter.com\/thalesbrandao","twitter_site":"@CidadeMarketing","twitter_misc":{"Escrito por":"Thales Brand\u00e3o","Est. tempo de leitura":"5 minutos"},"schema":{"@context":"https:\/\/schema.org","@graph":[{"@type":"Article","@id":"https:\/\/www.cidademarketing.com.br\/marketing\/2022\/03\/21\/publicis-anuncia-4a-edicao-do-entre-em-parceria-com-o-carreira-preta\/#article","isPartOf":{"@id":"https:\/\/www.cidademarketing.com.br\/marketing\/2022\/03\/21\/publicis-anuncia-4a-edicao-do-entre-em-parceria-com-o-carreira-preta\/"},"author":{"name":"Thales Brand\u00e3o","@id":"https:\/\/www.cidademarketing.com.br\/marketing\/#\/schema\/person\/02daff9f18bd9378c9e01eb6b2db155f"},"headline":"Publicis anuncia 4\u00aa Edi\u00e7\u00e3o do Entre em parceria com o Carreira Preta","datePublished":"2022-03-21T19:40:28+00:00","mainEntityOfPage":{"@id":"https:\/\/www.cidademarketing.com.br\/marketing\/2022\/03\/21\/publicis-anuncia-4a-edicao-do-entre-em-parceria-com-o-carreira-preta\/"},"wordCount":913,"commentCount":0,"publisher":{"@id":"https:\/\/www.cidademarketing.com.br\/marketing\/#organization"},"image":{"@id":"https:\/\/www.cidademarketing.com.br\/marketing\/2022\/03\/21\/publicis-anuncia-4a-edicao-do-entre-em-parceria-com-o-carreira-preta\/#primaryimage"},"thumbnailUrl":"https:\/\/www.cidademarketing.com.br\/marketing\/wp-content\/uploads\/2022\/03\/Edivania-Coimbra-Assistente-de-Producao.jpg","keywords":["criatividade","estrat\u00e9gia","marketing","propaganda","publicidade","Publicis"],"articleSection":["Not\u00edcias"],"inLanguage":"pt-BR","potentialAction":[{"@type":"CommentAction","name":"Comment","target":["https:\/\/www.cidademarketing.com.br\/marketing\/2022\/03\/21\/publicis-anuncia-4a-edicao-do-entre-em-parceria-com-o-carreira-preta\/#respond"]}]},{"@type":"WebPage","@id":"https:\/\/www.cidademarketing.com.br\/marketing\/2022\/03\/21\/publicis-anuncia-4a-edicao-do-entre-em-parceria-com-o-carreira-preta\/","url":"https:\/\/www.cidademarketing.com.br\/marketing\/2022\/03\/21\/publicis-anuncia-4a-edicao-do-entre-em-parceria-com-o-carreira-preta\/","name":"Publicis anuncia 4\u00aa Edi\u00e7\u00e3o do Entre em parceria com o Carreira Preta - CidadeMarketing","isPartOf":{"@id":"https:\/\/www.cidademarketing.com.br\/marketing\/#website"},"primaryImageOfPage":{"@id":"https:\/\/www.cidademarketing.com.br\/marketing\/2022\/03\/21\/publicis-anuncia-4a-edicao-do-entre-em-parceria-com-o-carreira-preta\/#primaryimage"},"image":{"@id":"https:\/\/www.cidademarketing.com.br\/marketing\/2022\/03\/21\/publicis-anuncia-4a-edicao-do-entre-em-parceria-com-o-carreira-preta\/#primaryimage"},"thumbnailUrl":"https:\/\/www.cidademarketing.com.br\/marketing\/wp-content\/uploads\/2022\/03\/Edivania-Coimbra-Assistente-de-Producao.jpg","datePublished":"2022-03-21T19:40:28+00:00","breadcrumb":{"@id":"https:\/\/www.cidademarketing.com.br\/marketing\/2022\/03\/21\/publicis-anuncia-4a-edicao-do-entre-em-parceria-com-o-carreira-preta\/#breadcrumb"},"inLanguage":"pt-BR","potentialAction":[{"@type":"ReadAction","target":["https:\/\/www.cidademarketing.com.br\/marketing\/2022\/03\/21\/publicis-anuncia-4a-edicao-do-entre-em-parceria-com-o-carreira-preta\/"]}]},{"@type":"ImageObject","inLanguage":"pt-BR","@id":"https:\/\/www.cidademarketing.com.br\/marketing\/2022\/03\/21\/publicis-anuncia-4a-edicao-do-entre-em-parceria-com-o-carreira-preta\/#primaryimage","url":"https:\/\/www.cidademarketing.com.br\/marketing\/wp-content\/uploads\/2022\/03\/Edivania-Coimbra-Assistente-de-Producao.jpg","contentUrl":"https:\/\/www.cidademarketing.com.br\/marketing\/wp-content\/uploads\/2022\/03\/Edivania-Coimbra-Assistente-de-Producao.jpg","width":1080,"height":1080},{"@type":"BreadcrumbList","@id":"https:\/\/www.cidademarketing.com.br\/marketing\/2022\/03\/21\/publicis-anuncia-4a-edicao-do-entre-em-parceria-com-o-carreira-preta\/#breadcrumb","itemListElement":[{"@type":"ListItem","position":1,"name":"In\u00edcio","item":"https:\/\/www.cidademarketing.com.br\/marketing\/"},{"@type":"ListItem","position":2,"name":"Publicis anuncia 4\u00aa Edi\u00e7\u00e3o do Entre em parceria com o Carreira Preta"}]},{"@type":"WebSite","@id":"https:\/\/www.cidademarketing.com.br\/marketing\/#website","url":"https:\/\/www.cidademarketing.com.br\/marketing\/","name":"CidadeMarketing","description":"Somos um ve\u00edculo de comunica\u00e7\u00e3o de destaque no Brasil, reconhecido por conte\u00fados nos segmentos de marketing, empreendedorismo e inova\u00e7\u00e3o.","publisher":{"@id":"https:\/\/www.cidademarketing.com.br\/marketing\/#organization"},"alternateName":"CidadeMarketing","potentialAction":[{"@type":"SearchAction","target":{"@type":"EntryPoint","urlTemplate":"https:\/\/www.cidademarketing.com.br\/marketing\/?s={search_term_string}"},"query-input":{"@type":"PropertyValueSpecification","valueRequired":true,"valueName":"search_term_string"}}],"inLanguage":"pt-BR"},{"@type":"Organization","@id":"https:\/\/www.cidademarketing.com.br\/marketing\/#organization","name":"CidadeMarketing","alternateName":"CidadeMarketing","url":"https:\/\/www.cidademarketing.com.br\/marketing\/","logo":{"@type":"ImageObject","inLanguage":"pt-BR","@id":"https:\/\/www.cidademarketing.com.br\/marketing\/#\/schema\/logo\/image\/","url":"https:\/\/www.cidademarketing.com.br\/marketing\/wp-content\/uploads\/2020\/01\/cidademarketing_marca_mobile.png","contentUrl":"https:\/\/www.cidademarketing.com.br\/marketing\/wp-content\/uploads\/2020\/01\/cidademarketing_marca_mobile.png","width":230,"height":92,"caption":"CidadeMarketing"},"image":{"@id":"https:\/\/www.cidademarketing.com.br\/marketing\/#\/schema\/logo\/image\/"},"sameAs":["https:\/\/www.facebook.com\/portalcidademarketing","https:\/\/x.com\/CidadeMarketing","https:\/\/www.instagram.com\/cidademarketing\/"]},{"@type":"Person","@id":"https:\/\/www.cidademarketing.com.br\/marketing\/#\/schema\/person\/02daff9f18bd9378c9e01eb6b2db155f","name":"Thales Brand\u00e3o","image":{"@type":"ImageObject","inLanguage":"pt-BR","@id":"https:\/\/secure.gravatar.com\/avatar\/7ca3206950207cc3cb48feec56a8a7898741ab725c368d99d5d7a5a50aab80c6?s=96&d=mm&r=g","url":"https:\/\/secure.gravatar.com\/avatar\/7ca3206950207cc3cb48feec56a8a7898741ab725c368d99d5d7a5a50aab80c6?s=96&d=mm&r=g","contentUrl":"https:\/\/secure.gravatar.com\/avatar\/7ca3206950207cc3cb48feec56a8a7898741ab725c368d99d5d7a5a50aab80c6?s=96&d=mm&r=g","caption":"Thales Brand\u00e3o"},"description":"Editor Executivo do Portal CidadeMarketing.com.br &gt; Mestre em Comunica\u00e7\u00e3o e Sociedade pela Universidade Federal de Sergipe. Possui MBA Executivo em Administra\u00e7\u00e3o com \u00eanfase em Marketing pela Funda\u00e7\u00e3o Get\u00falio Vargas - Rio de Janeiro. Consultor, Palestrante e Pesquisador sobre Empreendedorismo, Marketing, Redes Sociais e Neg\u00f3cios Digitais. Professor, Palestrante TedxTalks e Campus Party. Twitter: @ThalesBrandao","sameAs":["http:\/\/www.mandacaru.com.br","https:\/\/www.facebook.com\/thalesbrandao","http:\/\/www.instagram.com.br\/thalesbrandaoferreira","https:\/\/www.linkedin.com\/in\/thales-brand\u00e3o-3948609\/","https:\/\/x.com\/http:\/\/www.twitter.com\/thalesbrandao"],"url":"https:\/\/www.cidademarketing.com.br\/marketing\/author\/thalesbrandao\/"}]}},"amp_enabled":true,"_links":{"self":[{"href":"https:\/\/www.cidademarketing.com.br\/marketing\/wp-json\/wp\/v2\/posts\/35213","targetHints":{"allow":["GET"]}}],"collection":[{"href":"https:\/\/www.cidademarketing.com.br\/marketing\/wp-json\/wp\/v2\/posts"}],"about":[{"href":"https:\/\/www.cidademarketing.com.br\/marketing\/wp-json\/wp\/v2\/types\/post"}],"author":[{"embeddable":true,"href":"https:\/\/www.cidademarketing.com.br\/marketing\/wp-json\/wp\/v2\/users\/1"}],"replies":[{"embeddable":true,"href":"https:\/\/www.cidademarketing.com.br\/marketing\/wp-json\/wp\/v2\/comments?post=35213"}],"version-history":[{"count":1,"href":"https:\/\/www.cidademarketing.com.br\/marketing\/wp-json\/wp\/v2\/posts\/35213\/revisions"}],"predecessor-version":[{"id":35215,"href":"https:\/\/www.cidademarketing.com.br\/marketing\/wp-json\/wp\/v2\/posts\/35213\/revisions\/35215"}],"wp:featuredmedia":[{"embeddable":true,"href":"https:\/\/www.cidademarketing.com.br\/marketing\/wp-json\/wp\/v2\/media\/35214"}],"wp:attachment":[{"href":"https:\/\/www.cidademarketing.com.br\/marketing\/wp-json\/wp\/v2\/media?parent=35213"}],"wp:term":[{"taxonomy":"category","embeddable":true,"href":"https:\/\/www.cidademarketing.com.br\/marketing\/wp-json\/wp\/v2\/categories?post=35213"},{"taxonomy":"post_tag","embeddable":true,"href":"https:\/\/www.cidademarketing.com.br\/marketing\/wp-json\/wp\/v2\/tags?post=35213"}],"curies":[{"name":"wp","href":"https:\/\/api.w.org\/{rel}","templated":true}]}}