{"id":35176,"date":"2022-03-20T19:07:22","date_gmt":"2022-03-20T22:07:22","guid":{"rendered":"https:\/\/www.cidademarketing.com.br\/marketing\/?p=35176"},"modified":"2022-03-20T22:46:06","modified_gmt":"2022-03-21T01:46:06","slug":"ministro-alexandre-de-moraes-revoga-bloqueio-apos-telegram-cumprir-determinacoes-do-stf","status":"publish","type":"post","link":"https:\/\/www.cidademarketing.com.br\/marketing\/2022\/03\/20\/ministro-alexandre-de-moraes-revoga-bloqueio-apos-telegram-cumprir-determinacoes-do-stf\/","title":{"rendered":"Ministro Alexandre de Moraes revoga bloqueio ap\u00f3s Telegram cumprir determina\u00e7\u00f5es do STF"},"content":{"rendered":"<p><iframe title=\"Spotify Embed: Podcast CidadeMarketing\" style=\"border-radius: 12px\" width=\"100%\" height=\"152\" frameborder=\"0\" allowfullscreen allow=\"autoplay; clipboard-write; encrypted-media; fullscreen; picture-in-picture\" loading=\"lazy\" src=\"https:\/\/open.spotify.com\/embed\/show\/4khMKzP3FgFRWVwb73xicc?si=5278df03e6174b19&#038;utm_source=oembed\"><\/iframe><\/p>\n<p>O ministro Alexandre de Moraes, do Supremo Tribunal Federal, revogou neste domingo (20) a ordem de bloqueio ao aplicativo Telegram ap\u00f3s o cumprimento de determina\u00e7\u00f5es da Corte que estavam pendentes.<\/p>\n<p>Na v\u00e9spera, o ministro havia dado prazo at\u00e9 este domingo para indica\u00e7\u00e3o de representante oficial no Brasil, envio de informa\u00e7\u00f5es sobre provid\u00eancias para combate \u00e0 desinforma\u00e7\u00e3o e cumprimento integral de decis\u00f5es que determinaram retirada de conte\u00fado ou bloqueio de canal.<\/p>\n<p>Conforme a decis\u00e3o deste domingo, o Telegram indicou Alan Campos Elias Thomaz como representante legal no Brasil. \u201cAlan tem experi\u00eancia anterior em fun\u00e7\u00f5es semelhantes, al\u00e9m de experi\u00eancia em direito e tecnologia, e acreditamos que ele seria uma boa op\u00e7\u00e3o para essa posi\u00e7\u00e3o enquanto continuamos construindo e refor\u00e7ando nossa equipe brasileira. Alan Campos Elias Thomaz tem acesso direto \u00e0 nossa alta administra\u00e7\u00e3o, o que garantir\u00e1 nossa capacidade de responder as solicita\u00e7\u00f5es urgentes do Tribunal e de outros \u00f3rg\u00e3os relevantes no Brasil em tempo h\u00e1bil\u201d, informou o Telegram.<\/p>\n<p>O aplicativo afirmou ainda que, como medidas para combate \u00e0 desinforma\u00e7\u00e3o no Brasil, tem feito monitoramento dos 100 canais mais populares no pa\u00eds; tem acompanhado a m\u00eddia brasileira; estabelecer\u00e1 rela\u00e7\u00f5es de trabalho com ag\u00eancias de checagem; restringir\u00e1 postagem p\u00fablica para usu\u00e1rios banidos por espalhar desinforma\u00e7\u00e3o; al\u00e9m de atualizar termos de servi\u00e7os e promover informa\u00e7\u00f5es verificadas.<\/p>\n<p>Em mensagem assinada por Pavel Durov e equipe, o Telegram voltou a se desculpar com o Supremo Tribunal Federal. \u201cPedimos ao Tribunal que permita que o Telegram continue suas opera\u00e7\u00f5es no Brasil, dando-nos a chance de demonstrar que melhoramos significativamente nossos procedimentos.<\/p>\n<p>De acordo com o ministro Alexandre de Moraes, o Telegram efetivou o cumprimento de todas as decis\u00f5es. \u201cDiante do exposto, considerado o atendimento integral das decis\u00f5es proferidas em 17\/3\/2022 e 19\/3\/2022, revogo a decis\u00e3o de completa e integral suspens\u00e3o do funcionamento do Telegram no Brasil, proferida em 17\/3\/2022, devendo ser intimado, inclusive por meios digitais \u2013 , o Presidente da Ag\u00eancia Nacional de Telecomunica\u00e7\u00f5es (Anatel), Wilson Diniz Wellisch, para que adote imediatamente todas as provid\u00eancias necess\u00e1rias para a revoga\u00e7\u00e3o da medida.\u201d<\/p>\n<p>O ministro tamb\u00e9m determinou que as demais empresas envolvidas suspendam as a\u00e7\u00f5es de bloqueio do aplicativo.<\/p>\n<p>&#8211; <a href=\"http:\/\/www.stf.jus.br\/arquivo\/cms\/noticiaNoticiaStf\/anexo\/DecisaoTelegram20mar.pdf\" target=\"_blank\" rel=\"noopener\">Leia a \u00edntegra da decis\u00e3o<\/a>.<\/p>\n<p>CidadeMarketing com informa\u00e7\u00f5es do STF.<\/p>\n<p><iframe style=\"width: 100%; max-width: 660px; overflow: hidden; background: transparent;\" src=\"https:\/\/embed.podcasts.apple.com\/br\/podcast\/podcast-cidademarketing\/id1371923283\" height=\"450\" frameborder=\"0\" sandbox=\"allow-forms allow-popups allow-same-origin allow-scripts allow-storage-access-by-user-activation allow-top-navigation-by-user-activation\"><\/iframe><\/p>\n","protected":false},"excerpt":{"rendered":"<p>O ministro Alexandre de Moraes, do Supremo Tribunal Federal, revogou neste domingo (20) a ordem de bloqueio ao aplicativo Telegram ap\u00f3s o cumprimento de determina\u00e7\u00f5es da Corte que estavam pendentes. Na v\u00e9spera, o ministro havia dado prazo at\u00e9 este domingo para indica\u00e7\u00e3o de representante oficial no Brasil, envio de informa\u00e7\u00f5es sobre provid\u00eancias para combate \u00e0 [&hellip;]<\/p>\n","protected":false},"author":1,"featured_media":35100,"comment_status":"open","ping_status":"open","sticky":false,"template":"","format":"standard","meta":{"tdm_status":"","tdm_grid_status":"","footnotes":""},"categories":[11,6],"tags":[33,735,28,26,473,1980],"class_list":["post-35176","post","type-post","status-publish","format-standard","has-post-thumbnail","hentry","category-digital","category-noticias","tag-estrategia","tag-justica","tag-marketing","tag-marketing-digital","tag-stf","tag-telegram"],"yoast_head":"<!-- This site is optimized with the Yoast SEO plugin v27.5 - https:\/\/yoast.com\/product\/yoast-seo-wordpress\/ -->\n<title>Ministro Alexandre de Moraes revoga bloqueio ap\u00f3s Telegram cumprir determina\u00e7\u00f5es do STF - CidadeMarketing<\/title>\n<meta name=\"robots\" content=\"index, follow, max-snippet:-1, max-image-preview:large, max-video-preview:-1\" \/>\n<link rel=\"canonical\" href=\"https:\/\/www.cidademarketing.com.br\/marketing\/2022\/03\/20\/ministro-alexandre-de-moraes-revoga-bloqueio-apos-telegram-cumprir-determinacoes-do-stf\/\" \/>\n<meta property=\"og:locale\" content=\"pt_BR\" \/>\n<meta property=\"og:type\" content=\"article\" \/>\n<meta property=\"og:title\" content=\"Ministro Alexandre de Moraes revoga bloqueio ap\u00f3s Telegram cumprir determina\u00e7\u00f5es do STF - CidadeMarketing\" \/>\n<meta property=\"og:description\" content=\"O ministro Alexandre de Moraes, do Supremo Tribunal Federal, revogou neste domingo (20) a ordem de bloqueio ao aplicativo Telegram ap\u00f3s o cumprimento de determina\u00e7\u00f5es da Corte que estavam pendentes. Na v\u00e9spera, o ministro havia dado prazo at\u00e9 este domingo para indica\u00e7\u00e3o de representante oficial no Brasil, envio de informa\u00e7\u00f5es sobre provid\u00eancias para combate \u00e0 [&hellip;]\" \/>\n<meta property=\"og:url\" content=\"https:\/\/www.cidademarketing.com.br\/marketing\/2022\/03\/20\/ministro-alexandre-de-moraes-revoga-bloqueio-apos-telegram-cumprir-determinacoes-do-stf\/\" \/>\n<meta property=\"og:site_name\" content=\"CidadeMarketing\" \/>\n<meta property=\"article:publisher\" content=\"https:\/\/www.facebook.com\/portalcidademarketing\" \/>\n<meta property=\"article:author\" content=\"https:\/\/www.facebook.com\/thalesbrandao\" \/>\n<meta property=\"article:published_time\" content=\"2022-03-20T22:07:22+00:00\" \/>\n<meta property=\"article:modified_time\" content=\"2022-03-21T01:46:06+00:00\" \/>\n<meta property=\"og:image\" content=\"https:\/\/www.cidademarketing.com.br\/marketing\/wp-content\/uploads\/2022\/03\/telegram_marca.jpg\" \/>\n\t<meta property=\"og:image:width\" content=\"528\" \/>\n\t<meta property=\"og:image:height\" content=\"487\" \/>\n\t<meta property=\"og:image:type\" content=\"image\/jpeg\" \/>\n<meta name=\"author\" content=\"Thales Brand\u00e3o\" \/>\n<meta name=\"twitter:card\" content=\"summary_large_image\" \/>\n<meta name=\"twitter:creator\" content=\"@http:\/\/www.twitter.com\/thalesbrandao\" \/>\n<meta name=\"twitter:site\" content=\"@CidadeMarketing\" \/>\n<meta name=\"twitter:label1\" content=\"Escrito por\" \/>\n\t<meta name=\"twitter:data1\" content=\"Thales Brand\u00e3o\" \/>\n\t<meta name=\"twitter:label2\" content=\"Est. tempo de leitura\" \/>\n\t<meta name=\"twitter:data2\" content=\"2 minutos\" \/>\n<script type=\"application\/ld+json\" class=\"yoast-schema-graph\">{\"@context\":\"https:\\\/\\\/schema.org\",\"@graph\":[{\"@type\":\"Article\",\"@id\":\"https:\\\/\\\/www.cidademarketing.com.br\\\/marketing\\\/2022\\\/03\\\/20\\\/ministro-alexandre-de-moraes-revoga-bloqueio-apos-telegram-cumprir-determinacoes-do-stf\\\/#article\",\"isPartOf\":{\"@id\":\"https:\\\/\\\/www.cidademarketing.com.br\\\/marketing\\\/2022\\\/03\\\/20\\\/ministro-alexandre-de-moraes-revoga-bloqueio-apos-telegram-cumprir-determinacoes-do-stf\\\/\"},\"author\":{\"name\":\"Thales Brand\u00e3o\",\"@id\":\"https:\\\/\\\/www.cidademarketing.com.br\\\/marketing\\\/#\\\/schema\\\/person\\\/02daff9f18bd9378c9e01eb6b2db155f\"},\"headline\":\"Ministro Alexandre de Moraes revoga bloqueio ap\u00f3s Telegram cumprir determina\u00e7\u00f5es do STF\",\"datePublished\":\"2022-03-20T22:07:22+00:00\",\"dateModified\":\"2022-03-21T01:46:06+00:00\",\"mainEntityOfPage\":{\"@id\":\"https:\\\/\\\/www.cidademarketing.com.br\\\/marketing\\\/2022\\\/03\\\/20\\\/ministro-alexandre-de-moraes-revoga-bloqueio-apos-telegram-cumprir-determinacoes-do-stf\\\/\"},\"wordCount\":425,\"commentCount\":0,\"publisher\":{\"@id\":\"https:\\\/\\\/www.cidademarketing.com.br\\\/marketing\\\/#organization\"},\"image\":{\"@id\":\"https:\\\/\\\/www.cidademarketing.com.br\\\/marketing\\\/2022\\\/03\\\/20\\\/ministro-alexandre-de-moraes-revoga-bloqueio-apos-telegram-cumprir-determinacoes-do-stf\\\/#primaryimage\"},\"thumbnailUrl\":\"https:\\\/\\\/www.cidademarketing.com.br\\\/marketing\\\/wp-content\\\/uploads\\\/2022\\\/03\\\/telegram_marca.jpg\",\"keywords\":[\"estrat\u00e9gia\",\"justi\u00e7a\",\"marketing\",\"marketing digital\",\"STF\",\"Telegram\"],\"articleSection\":[\"Digital\",\"Not\u00edcias\"],\"inLanguage\":\"pt-BR\",\"potentialAction\":[{\"@type\":\"CommentAction\",\"name\":\"Comment\",\"target\":[\"https:\\\/\\\/www.cidademarketing.com.br\\\/marketing\\\/2022\\\/03\\\/20\\\/ministro-alexandre-de-moraes-revoga-bloqueio-apos-telegram-cumprir-determinacoes-do-stf\\\/#respond\"]}]},{\"@type\":\"WebPage\",\"@id\":\"https:\\\/\\\/www.cidademarketing.com.br\\\/marketing\\\/2022\\\/03\\\/20\\\/ministro-alexandre-de-moraes-revoga-bloqueio-apos-telegram-cumprir-determinacoes-do-stf\\\/\",\"url\":\"https:\\\/\\\/www.cidademarketing.com.br\\\/marketing\\\/2022\\\/03\\\/20\\\/ministro-alexandre-de-moraes-revoga-bloqueio-apos-telegram-cumprir-determinacoes-do-stf\\\/\",\"name\":\"Ministro Alexandre de Moraes revoga bloqueio ap\u00f3s Telegram cumprir determina\u00e7\u00f5es do STF - CidadeMarketing\",\"isPartOf\":{\"@id\":\"https:\\\/\\\/www.cidademarketing.com.br\\\/marketing\\\/#website\"},\"primaryImageOfPage\":{\"@id\":\"https:\\\/\\\/www.cidademarketing.com.br\\\/marketing\\\/2022\\\/03\\\/20\\\/ministro-alexandre-de-moraes-revoga-bloqueio-apos-telegram-cumprir-determinacoes-do-stf\\\/#primaryimage\"},\"image\":{\"@id\":\"https:\\\/\\\/www.cidademarketing.com.br\\\/marketing\\\/2022\\\/03\\\/20\\\/ministro-alexandre-de-moraes-revoga-bloqueio-apos-telegram-cumprir-determinacoes-do-stf\\\/#primaryimage\"},\"thumbnailUrl\":\"https:\\\/\\\/www.cidademarketing.com.br\\\/marketing\\\/wp-content\\\/uploads\\\/2022\\\/03\\\/telegram_marca.jpg\",\"datePublished\":\"2022-03-20T22:07:22+00:00\",\"dateModified\":\"2022-03-21T01:46:06+00:00\",\"breadcrumb\":{\"@id\":\"https:\\\/\\\/www.cidademarketing.com.br\\\/marketing\\\/2022\\\/03\\\/20\\\/ministro-alexandre-de-moraes-revoga-bloqueio-apos-telegram-cumprir-determinacoes-do-stf\\\/#breadcrumb\"},\"inLanguage\":\"pt-BR\",\"potentialAction\":[{\"@type\":\"ReadAction\",\"target\":[\"https:\\\/\\\/www.cidademarketing.com.br\\\/marketing\\\/2022\\\/03\\\/20\\\/ministro-alexandre-de-moraes-revoga-bloqueio-apos-telegram-cumprir-determinacoes-do-stf\\\/\"]}]},{\"@type\":\"ImageObject\",\"inLanguage\":\"pt-BR\",\"@id\":\"https:\\\/\\\/www.cidademarketing.com.br\\\/marketing\\\/2022\\\/03\\\/20\\\/ministro-alexandre-de-moraes-revoga-bloqueio-apos-telegram-cumprir-determinacoes-do-stf\\\/#primaryimage\",\"url\":\"https:\\\/\\\/www.cidademarketing.com.br\\\/marketing\\\/wp-content\\\/uploads\\\/2022\\\/03\\\/telegram_marca.jpg\",\"contentUrl\":\"https:\\\/\\\/www.cidademarketing.com.br\\\/marketing\\\/wp-content\\\/uploads\\\/2022\\\/03\\\/telegram_marca.jpg\",\"width\":528,\"height\":487},{\"@type\":\"BreadcrumbList\",\"@id\":\"https:\\\/\\\/www.cidademarketing.com.br\\\/marketing\\\/2022\\\/03\\\/20\\\/ministro-alexandre-de-moraes-revoga-bloqueio-apos-telegram-cumprir-determinacoes-do-stf\\\/#breadcrumb\",\"itemListElement\":[{\"@type\":\"ListItem\",\"position\":1,\"name\":\"In\u00edcio\",\"item\":\"https:\\\/\\\/www.cidademarketing.com.br\\\/marketing\\\/\"},{\"@type\":\"ListItem\",\"position\":2,\"name\":\"Ministro Alexandre de Moraes revoga bloqueio ap\u00f3s Telegram cumprir determina\u00e7\u00f5es do STF\"}]},{\"@type\":\"WebSite\",\"@id\":\"https:\\\/\\\/www.cidademarketing.com.br\\\/marketing\\\/#website\",\"url\":\"https:\\\/\\\/www.cidademarketing.com.br\\\/marketing\\\/\",\"name\":\"CidadeMarketing\",\"description\":\"Somos um ve\u00edculo de comunica\u00e7\u00e3o de destaque no Brasil, reconhecido por conte\u00fados nos segmentos de marketing, empreendedorismo e inova\u00e7\u00e3o.\",\"publisher\":{\"@id\":\"https:\\\/\\\/www.cidademarketing.com.br\\\/marketing\\\/#organization\"},\"alternateName\":\"CidadeMarketing\",\"potentialAction\":[{\"@type\":\"SearchAction\",\"target\":{\"@type\":\"EntryPoint\",\"urlTemplate\":\"https:\\\/\\\/www.cidademarketing.com.br\\\/marketing\\\/?s={search_term_string}\"},\"query-input\":{\"@type\":\"PropertyValueSpecification\",\"valueRequired\":true,\"valueName\":\"search_term_string\"}}],\"inLanguage\":\"pt-BR\"},{\"@type\":\"Organization\",\"@id\":\"https:\\\/\\\/www.cidademarketing.com.br\\\/marketing\\\/#organization\",\"name\":\"CidadeMarketing\",\"alternateName\":\"CidadeMarketing\",\"url\":\"https:\\\/\\\/www.cidademarketing.com.br\\\/marketing\\\/\",\"logo\":{\"@type\":\"ImageObject\",\"inLanguage\":\"pt-BR\",\"@id\":\"https:\\\/\\\/www.cidademarketing.com.br\\\/marketing\\\/#\\\/schema\\\/logo\\\/image\\\/\",\"url\":\"https:\\\/\\\/www.cidademarketing.com.br\\\/marketing\\\/wp-content\\\/uploads\\\/2020\\\/01\\\/cidademarketing_marca_mobile.png\",\"contentUrl\":\"https:\\\/\\\/www.cidademarketing.com.br\\\/marketing\\\/wp-content\\\/uploads\\\/2020\\\/01\\\/cidademarketing_marca_mobile.png\",\"width\":230,\"height\":92,\"caption\":\"CidadeMarketing\"},\"image\":{\"@id\":\"https:\\\/\\\/www.cidademarketing.com.br\\\/marketing\\\/#\\\/schema\\\/logo\\\/image\\\/\"},\"sameAs\":[\"https:\\\/\\\/www.facebook.com\\\/portalcidademarketing\",\"https:\\\/\\\/x.com\\\/CidadeMarketing\",\"https:\\\/\\\/www.instagram.com\\\/cidademarketing\\\/\"]},{\"@type\":\"Person\",\"@id\":\"https:\\\/\\\/www.cidademarketing.com.br\\\/marketing\\\/#\\\/schema\\\/person\\\/02daff9f18bd9378c9e01eb6b2db155f\",\"name\":\"Thales Brand\u00e3o\",\"image\":{\"@type\":\"ImageObject\",\"inLanguage\":\"pt-BR\",\"@id\":\"https:\\\/\\\/secure.gravatar.com\\\/avatar\\\/7ca3206950207cc3cb48feec56a8a7898741ab725c368d99d5d7a5a50aab80c6?s=96&d=mm&r=g\",\"url\":\"https:\\\/\\\/secure.gravatar.com\\\/avatar\\\/7ca3206950207cc3cb48feec56a8a7898741ab725c368d99d5d7a5a50aab80c6?s=96&d=mm&r=g\",\"contentUrl\":\"https:\\\/\\\/secure.gravatar.com\\\/avatar\\\/7ca3206950207cc3cb48feec56a8a7898741ab725c368d99d5d7a5a50aab80c6?s=96&d=mm&r=g\",\"caption\":\"Thales Brand\u00e3o\"},\"description\":\"Editor Executivo do Portal CidadeMarketing.com.br &gt; Mestre em Comunica\u00e7\u00e3o e Sociedade pela Universidade Federal de Sergipe. Possui MBA Executivo em Administra\u00e7\u00e3o com \u00eanfase em Marketing pela Funda\u00e7\u00e3o Get\u00falio Vargas - Rio de Janeiro. Consultor, Palestrante e Pesquisador sobre Empreendedorismo, Marketing, Redes Sociais e Neg\u00f3cios Digitais. Professor, Palestrante TedxTalks e Campus Party. Twitter: @ThalesBrandao\",\"sameAs\":[\"http:\\\/\\\/www.mandacaru.com.br\",\"https:\\\/\\\/www.facebook.com\\\/thalesbrandao\",\"http:\\\/\\\/www.instagram.com.br\\\/thalesbrandaoferreira\",\"https:\\\/\\\/www.linkedin.com\\\/in\\\/thales-brand\u00e3o-3948609\\\/\",\"https:\\\/\\\/x.com\\\/http:\\\/\\\/www.twitter.com\\\/thalesbrandao\"],\"url\":\"https:\\\/\\\/www.cidademarketing.com.br\\\/marketing\\\/author\\\/thalesbrandao\\\/\"}]}<\/script>\n<!-- \/ Yoast SEO plugin. -->","yoast_head_json":{"title":"Ministro Alexandre de Moraes revoga bloqueio ap\u00f3s Telegram cumprir determina\u00e7\u00f5es do STF - CidadeMarketing","robots":{"index":"index","follow":"follow","max-snippet":"max-snippet:-1","max-image-preview":"max-image-preview:large","max-video-preview":"max-video-preview:-1"},"canonical":"https:\/\/www.cidademarketing.com.br\/marketing\/2022\/03\/20\/ministro-alexandre-de-moraes-revoga-bloqueio-apos-telegram-cumprir-determinacoes-do-stf\/","og_locale":"pt_BR","og_type":"article","og_title":"Ministro Alexandre de Moraes revoga bloqueio ap\u00f3s Telegram cumprir determina\u00e7\u00f5es do STF - CidadeMarketing","og_description":"O ministro Alexandre de Moraes, do Supremo Tribunal Federal, revogou neste domingo (20) a ordem de bloqueio ao aplicativo Telegram ap\u00f3s o cumprimento de determina\u00e7\u00f5es da Corte que estavam pendentes. Na v\u00e9spera, o ministro havia dado prazo at\u00e9 este domingo para indica\u00e7\u00e3o de representante oficial no Brasil, envio de informa\u00e7\u00f5es sobre provid\u00eancias para combate \u00e0 [&hellip;]","og_url":"https:\/\/www.cidademarketing.com.br\/marketing\/2022\/03\/20\/ministro-alexandre-de-moraes-revoga-bloqueio-apos-telegram-cumprir-determinacoes-do-stf\/","og_site_name":"CidadeMarketing","article_publisher":"https:\/\/www.facebook.com\/portalcidademarketing","article_author":"https:\/\/www.facebook.com\/thalesbrandao","article_published_time":"2022-03-20T22:07:22+00:00","article_modified_time":"2022-03-21T01:46:06+00:00","og_image":[{"width":528,"height":487,"url":"https:\/\/www.cidademarketing.com.br\/marketing\/wp-content\/uploads\/2022\/03\/telegram_marca.jpg","type":"image\/jpeg"}],"author":"Thales Brand\u00e3o","twitter_card":"summary_large_image","twitter_creator":"@http:\/\/www.twitter.com\/thalesbrandao","twitter_site":"@CidadeMarketing","twitter_misc":{"Escrito por":"Thales Brand\u00e3o","Est. tempo de leitura":"2 minutos"},"schema":{"@context":"https:\/\/schema.org","@graph":[{"@type":"Article","@id":"https:\/\/www.cidademarketing.com.br\/marketing\/2022\/03\/20\/ministro-alexandre-de-moraes-revoga-bloqueio-apos-telegram-cumprir-determinacoes-do-stf\/#article","isPartOf":{"@id":"https:\/\/www.cidademarketing.com.br\/marketing\/2022\/03\/20\/ministro-alexandre-de-moraes-revoga-bloqueio-apos-telegram-cumprir-determinacoes-do-stf\/"},"author":{"name":"Thales Brand\u00e3o","@id":"https:\/\/www.cidademarketing.com.br\/marketing\/#\/schema\/person\/02daff9f18bd9378c9e01eb6b2db155f"},"headline":"Ministro Alexandre de Moraes revoga bloqueio ap\u00f3s Telegram cumprir determina\u00e7\u00f5es do STF","datePublished":"2022-03-20T22:07:22+00:00","dateModified":"2022-03-21T01:46:06+00:00","mainEntityOfPage":{"@id":"https:\/\/www.cidademarketing.com.br\/marketing\/2022\/03\/20\/ministro-alexandre-de-moraes-revoga-bloqueio-apos-telegram-cumprir-determinacoes-do-stf\/"},"wordCount":425,"commentCount":0,"publisher":{"@id":"https:\/\/www.cidademarketing.com.br\/marketing\/#organization"},"image":{"@id":"https:\/\/www.cidademarketing.com.br\/marketing\/2022\/03\/20\/ministro-alexandre-de-moraes-revoga-bloqueio-apos-telegram-cumprir-determinacoes-do-stf\/#primaryimage"},"thumbnailUrl":"https:\/\/www.cidademarketing.com.br\/marketing\/wp-content\/uploads\/2022\/03\/telegram_marca.jpg","keywords":["estrat\u00e9gia","justi\u00e7a","marketing","marketing digital","STF","Telegram"],"articleSection":["Digital","Not\u00edcias"],"inLanguage":"pt-BR","potentialAction":[{"@type":"CommentAction","name":"Comment","target":["https:\/\/www.cidademarketing.com.br\/marketing\/2022\/03\/20\/ministro-alexandre-de-moraes-revoga-bloqueio-apos-telegram-cumprir-determinacoes-do-stf\/#respond"]}]},{"@type":"WebPage","@id":"https:\/\/www.cidademarketing.com.br\/marketing\/2022\/03\/20\/ministro-alexandre-de-moraes-revoga-bloqueio-apos-telegram-cumprir-determinacoes-do-stf\/","url":"https:\/\/www.cidademarketing.com.br\/marketing\/2022\/03\/20\/ministro-alexandre-de-moraes-revoga-bloqueio-apos-telegram-cumprir-determinacoes-do-stf\/","name":"Ministro Alexandre de Moraes revoga bloqueio ap\u00f3s Telegram cumprir determina\u00e7\u00f5es do STF - CidadeMarketing","isPartOf":{"@id":"https:\/\/www.cidademarketing.com.br\/marketing\/#website"},"primaryImageOfPage":{"@id":"https:\/\/www.cidademarketing.com.br\/marketing\/2022\/03\/20\/ministro-alexandre-de-moraes-revoga-bloqueio-apos-telegram-cumprir-determinacoes-do-stf\/#primaryimage"},"image":{"@id":"https:\/\/www.cidademarketing.com.br\/marketing\/2022\/03\/20\/ministro-alexandre-de-moraes-revoga-bloqueio-apos-telegram-cumprir-determinacoes-do-stf\/#primaryimage"},"thumbnailUrl":"https:\/\/www.cidademarketing.com.br\/marketing\/wp-content\/uploads\/2022\/03\/telegram_marca.jpg","datePublished":"2022-03-20T22:07:22+00:00","dateModified":"2022-03-21T01:46:06+00:00","breadcrumb":{"@id":"https:\/\/www.cidademarketing.com.br\/marketing\/2022\/03\/20\/ministro-alexandre-de-moraes-revoga-bloqueio-apos-telegram-cumprir-determinacoes-do-stf\/#breadcrumb"},"inLanguage":"pt-BR","potentialAction":[{"@type":"ReadAction","target":["https:\/\/www.cidademarketing.com.br\/marketing\/2022\/03\/20\/ministro-alexandre-de-moraes-revoga-bloqueio-apos-telegram-cumprir-determinacoes-do-stf\/"]}]},{"@type":"ImageObject","inLanguage":"pt-BR","@id":"https:\/\/www.cidademarketing.com.br\/marketing\/2022\/03\/20\/ministro-alexandre-de-moraes-revoga-bloqueio-apos-telegram-cumprir-determinacoes-do-stf\/#primaryimage","url":"https:\/\/www.cidademarketing.com.br\/marketing\/wp-content\/uploads\/2022\/03\/telegram_marca.jpg","contentUrl":"https:\/\/www.cidademarketing.com.br\/marketing\/wp-content\/uploads\/2022\/03\/telegram_marca.jpg","width":528,"height":487},{"@type":"BreadcrumbList","@id":"https:\/\/www.cidademarketing.com.br\/marketing\/2022\/03\/20\/ministro-alexandre-de-moraes-revoga-bloqueio-apos-telegram-cumprir-determinacoes-do-stf\/#breadcrumb","itemListElement":[{"@type":"ListItem","position":1,"name":"In\u00edcio","item":"https:\/\/www.cidademarketing.com.br\/marketing\/"},{"@type":"ListItem","position":2,"name":"Ministro Alexandre de Moraes revoga bloqueio ap\u00f3s Telegram cumprir determina\u00e7\u00f5es do STF"}]},{"@type":"WebSite","@id":"https:\/\/www.cidademarketing.com.br\/marketing\/#website","url":"https:\/\/www.cidademarketing.com.br\/marketing\/","name":"CidadeMarketing","description":"Somos um ve\u00edculo de comunica\u00e7\u00e3o de destaque no Brasil, reconhecido por conte\u00fados nos segmentos de marketing, empreendedorismo e inova\u00e7\u00e3o.","publisher":{"@id":"https:\/\/www.cidademarketing.com.br\/marketing\/#organization"},"alternateName":"CidadeMarketing","potentialAction":[{"@type":"SearchAction","target":{"@type":"EntryPoint","urlTemplate":"https:\/\/www.cidademarketing.com.br\/marketing\/?s={search_term_string}"},"query-input":{"@type":"PropertyValueSpecification","valueRequired":true,"valueName":"search_term_string"}}],"inLanguage":"pt-BR"},{"@type":"Organization","@id":"https:\/\/www.cidademarketing.com.br\/marketing\/#organization","name":"CidadeMarketing","alternateName":"CidadeMarketing","url":"https:\/\/www.cidademarketing.com.br\/marketing\/","logo":{"@type":"ImageObject","inLanguage":"pt-BR","@id":"https:\/\/www.cidademarketing.com.br\/marketing\/#\/schema\/logo\/image\/","url":"https:\/\/www.cidademarketing.com.br\/marketing\/wp-content\/uploads\/2020\/01\/cidademarketing_marca_mobile.png","contentUrl":"https:\/\/www.cidademarketing.com.br\/marketing\/wp-content\/uploads\/2020\/01\/cidademarketing_marca_mobile.png","width":230,"height":92,"caption":"CidadeMarketing"},"image":{"@id":"https:\/\/www.cidademarketing.com.br\/marketing\/#\/schema\/logo\/image\/"},"sameAs":["https:\/\/www.facebook.com\/portalcidademarketing","https:\/\/x.com\/CidadeMarketing","https:\/\/www.instagram.com\/cidademarketing\/"]},{"@type":"Person","@id":"https:\/\/www.cidademarketing.com.br\/marketing\/#\/schema\/person\/02daff9f18bd9378c9e01eb6b2db155f","name":"Thales Brand\u00e3o","image":{"@type":"ImageObject","inLanguage":"pt-BR","@id":"https:\/\/secure.gravatar.com\/avatar\/7ca3206950207cc3cb48feec56a8a7898741ab725c368d99d5d7a5a50aab80c6?s=96&d=mm&r=g","url":"https:\/\/secure.gravatar.com\/avatar\/7ca3206950207cc3cb48feec56a8a7898741ab725c368d99d5d7a5a50aab80c6?s=96&d=mm&r=g","contentUrl":"https:\/\/secure.gravatar.com\/avatar\/7ca3206950207cc3cb48feec56a8a7898741ab725c368d99d5d7a5a50aab80c6?s=96&d=mm&r=g","caption":"Thales Brand\u00e3o"},"description":"Editor Executivo do Portal CidadeMarketing.com.br &gt; Mestre em Comunica\u00e7\u00e3o e Sociedade pela Universidade Federal de Sergipe. Possui MBA Executivo em Administra\u00e7\u00e3o com \u00eanfase em Marketing pela Funda\u00e7\u00e3o Get\u00falio Vargas - Rio de Janeiro. Consultor, Palestrante e Pesquisador sobre Empreendedorismo, Marketing, Redes Sociais e Neg\u00f3cios Digitais. Professor, Palestrante TedxTalks e Campus Party. Twitter: @ThalesBrandao","sameAs":["http:\/\/www.mandacaru.com.br","https:\/\/www.facebook.com\/thalesbrandao","http:\/\/www.instagram.com.br\/thalesbrandaoferreira","https:\/\/www.linkedin.com\/in\/thales-brand\u00e3o-3948609\/","https:\/\/x.com\/http:\/\/www.twitter.com\/thalesbrandao"],"url":"https:\/\/www.cidademarketing.com.br\/marketing\/author\/thalesbrandao\/"}]}},"amp_enabled":true,"_links":{"self":[{"href":"https:\/\/www.cidademarketing.com.br\/marketing\/wp-json\/wp\/v2\/posts\/35176","targetHints":{"allow":["GET"]}}],"collection":[{"href":"https:\/\/www.cidademarketing.com.br\/marketing\/wp-json\/wp\/v2\/posts"}],"about":[{"href":"https:\/\/www.cidademarketing.com.br\/marketing\/wp-json\/wp\/v2\/types\/post"}],"author":[{"embeddable":true,"href":"https:\/\/www.cidademarketing.com.br\/marketing\/wp-json\/wp\/v2\/users\/1"}],"replies":[{"embeddable":true,"href":"https:\/\/www.cidademarketing.com.br\/marketing\/wp-json\/wp\/v2\/comments?post=35176"}],"version-history":[{"count":7,"href":"https:\/\/www.cidademarketing.com.br\/marketing\/wp-json\/wp\/v2\/posts\/35176\/revisions"}],"predecessor-version":[{"id":35185,"href":"https:\/\/www.cidademarketing.com.br\/marketing\/wp-json\/wp\/v2\/posts\/35176\/revisions\/35185"}],"wp:featuredmedia":[{"embeddable":true,"href":"https:\/\/www.cidademarketing.com.br\/marketing\/wp-json\/wp\/v2\/media\/35100"}],"wp:attachment":[{"href":"https:\/\/www.cidademarketing.com.br\/marketing\/wp-json\/wp\/v2\/media?parent=35176"}],"wp:term":[{"taxonomy":"category","embeddable":true,"href":"https:\/\/www.cidademarketing.com.br\/marketing\/wp-json\/wp\/v2\/categories?post=35176"},{"taxonomy":"post_tag","embeddable":true,"href":"https:\/\/www.cidademarketing.com.br\/marketing\/wp-json\/wp\/v2\/tags?post=35176"}],"curies":[{"name":"wp","href":"https:\/\/api.w.org\/{rel}","templated":true}]}}