{"id":35097,"date":"2022-03-18T22:37:37","date_gmt":"2022-03-19T01:37:37","guid":{"rendered":"https:\/\/www.cidademarketing.com.br\/marketing\/?p=35097"},"modified":"2022-03-18T22:46:36","modified_gmt":"2022-03-19T01:46:36","slug":"ministro-alexandre-de-moraes-suspende-funcionamento-do-telegram-no-brasil-ceo-do-telegram-emitiu-uma-nota-sobre-o-casoministro-alexandre-de-moraes-suspende-funcionamento-do-telegram-no-brasil","status":"publish","type":"post","link":"https:\/\/www.cidademarketing.com.br\/marketing\/2022\/03\/18\/ministro-alexandre-de-moraes-suspende-funcionamento-do-telegram-no-brasil-ceo-do-telegram-emitiu-uma-nota-sobre-o-casoministro-alexandre-de-moraes-suspende-funcionamento-do-telegram-no-brasil\/","title":{"rendered":"Ministro Alexandre de Moraes suspende funcionamento do Telegram no Brasil; CEO do Telegram emitiu uma nota sobre o caso"},"content":{"rendered":"<p><iframe src=\"https:\/\/open.spotify.com\/embed\/show\/4khMKzP3FgFRWVwb73xicc\" width=\"100%\" height=\"232\" frameborder=\"0\"><\/iframe><br \/>\nO ministro Alexandre de Moraes, do Supremo Tribunal Federal, determinou a suspens\u00e3o completa e integral do funcionamento das atividades do Telegram no Brasil, at\u00e9 que o aplicativo de mensagens cumpra decis\u00f5es judiciais. Segundo o ministro, o Telegram ignora a Justi\u00e7a brasileira e despreza a legisla\u00e7\u00e3o nacional, ao n\u00e3o atender comandos judiciais. A conduta de n\u00e3o se submeter a diretrizes governamentais a partir de princ\u00edpios que regem a sua pol\u00edtica de privacidade resultou em san\u00e7\u00f5es em pelo menos 11 pa\u00edses, al\u00e9m do Brasil.<\/p>\n<p>A determina\u00e7\u00e3o foi tomada nos autos da Peti\u00e7\u00e3o (PET) 9935, que envolve Allan dos Santos, por solicita\u00e7\u00e3o da Pol\u00edcia Federal (PF). Em sua decis\u00e3o, o ministro cita descumprimento a reiteradas decis\u00f5es do STF envolvendo as contas de Santos e o n\u00e3o atendimento ao convite feito pelo Tribunal Superior Eleitoral (TSE) para coibir a dissemina\u00e7\u00e3o de not\u00edcias fraudulentas (fake news). \u201cO desprezo \u00e0 Justi\u00e7a e a falta total de coopera\u00e7\u00e3o da plataforma Telegram com os \u00f3rg\u00e3os judiciais \u00e9 fato que desrespeita a soberania de diversos pa\u00edses, n\u00e3o sendo circunst\u00e2ncia que se verifica exclusivamente no Brasil e vem permitindo que essa plataforma venha sendo reiteradamente utilizada para a pr\u00e1tica de in\u00fameras infra\u00e7\u00f5es penais\u201d, disse o ministro.<\/p>\n<p>Marco Civil da Internet<\/p>\n<p>Para o relator, o desrespeito \u00e0 legisla\u00e7\u00e3o brasileira e o reiterado descumprimento de in\u00fameras decis\u00f5es judiciais pelo Telegram, que opera no territ\u00f3rio brasileiro sem indicar seu representante, \u201c\u00e9 circunst\u00e2ncia completamente incompat\u00edvel com a ordem constitucional vigente\u201d, al\u00e9m de contrariar expressamente dispositivo do Marco Civil da Internet (artigo 10, par\u00e1grafo 1\u00ba, da Lei 12.965\/14). Por isso, em seu entender, est\u00e3o presentes os requisitos necess\u00e1rios para a decreta\u00e7\u00e3o da suspens\u00e3o tempor\u00e1ria das atividades da plataforma, at\u00e9 que haja o cumprimento efetivo e integral das decis\u00f5es, nos termos destinados aos demais servi\u00e7os de aplica\u00e7\u00f5es na internet, conforme prev\u00ea o artigo 12, inciso III, do Marco Civil da Internet.<\/p>\n<p>Intima\u00e7\u00e3o<\/p>\n<p>O ministro determinou a intima\u00e7\u00e3o do presidente da Ag\u00eancia Nacional de Telecomunica\u00e7\u00f5es (Anatel), Wilson Diniz Wellisch, para que adote imediatamente todas as provid\u00eancias necess\u00e1rias para a efetiva\u00e7\u00e3o da medida, devendo comunic\u00e1-las ao STF em, no m\u00e1ximo, em 24 horas. A suspens\u00e3o deve permanecer at\u00e9 o efetivo cumprimento das decis\u00f5es judiciais anteriores (listadas na decis\u00e3o), inclusive com o pagamento das multas di\u00e1rias fixadas e com a indica\u00e7\u00e3o, em ju\u00edzo, da representa\u00e7\u00e3o oficial no Brasil (pessoa f\u00edsica ou jur\u00eddica).<\/p>\n<p>Obst\u00e1culos tecnol\u00f3gicos<\/p>\n<p>As empresas Apple e Google no Brasil foram intimadas para que insiram obst\u00e1culos tecnol\u00f3gicos capazes de inviabilizar a utiliza\u00e7\u00e3o do Telegram pelos usu\u00e1rios dos sistemas IOS e Android e retirem o aplicativo Telegram das lojas Apple Store e Google Play Store. O mesmo deve se dar com rela\u00e7\u00e3o \u00e0s empresas que administram servi\u00e7os de acesso a backbones no Brasil, aos provedores de servi\u00e7o de internet (Algar Telecom, Oi, Sky, Live Tim, Vivo, Net Virtua e GVT e \u00e0s empresas que administram servi\u00e7o m\u00f3vel pessoal e servi\u00e7o telef\u00f4nico fixo comutado.<\/p>\n<p>Vazamento<\/p>\n<p>Em raz\u00e3o de in\u00fameras publica\u00e7\u00f5es jornal\u00edsticas de trechos incompletos da decis\u00e3o, que estava sob sigilo judicial, o ministro Alexandre de Moraes tornou-a p\u00fablica e determinou a instaura\u00e7\u00e3o de inqu\u00e9rito para apurar o vazamento da informa\u00e7\u00e3o por um usu\u00e1rio da rede social Twitter.<\/p>\n<p>Leia a <a href=\"http:\/\/www.stf.jus.br\/arquivo\/cms\/noticiaNoticiaStf\/anexo\/DespachoTelegram1.pdf\" target=\"_blank\" rel=\"noopener\">\u00edntegra da decis\u00e3o<\/a><\/p>\n<p>Leia a <a href=\"http:\/\/www.stf.jus.br\/arquivo\/cms\/noticiaNoticiaStf\/anexo\/DespachoTornapublica1.pdf\" target=\"_blank\" rel=\"noopener\">\u00edntegra do despacho sobre a retirada do sigilo<\/a><\/p>\n<p>&nbsp;<\/p>\n<p>CEO do Telegram emitiu nota sobre o caso:<\/p>\n<blockquote class=\"twitter-tweet\">\n<p dir=\"ltr\" lang=\"pt\">Pavel Durov, CEO do Telegram, postou este comunicado oficial sobre a situa\u00e7\u00e3o no Brasil: <a href=\"https:\/\/t.co\/h8ODf3K8Ld\">https:\/\/t.co\/h8ODf3K8Ld<\/a> <a href=\"https:\/\/t.co\/YGRfcbkPG8\">pic.twitter.com\/YGRfcbkPG8<\/a><\/p>\n<p>\u2014 Telegram Brasil (@telegram_br) <a href=\"https:\/\/twitter.com\/telegram_br\/status\/1504958302379253760?ref_src=twsrc%5Etfw\">March 18, 2022<\/a><\/p><\/blockquote>\n<p><script async src=\"https:\/\/platform.twitter.com\/widgets.js\" charset=\"utf-8\"><\/script><\/p>\n<p>&nbsp;<\/p>\n<p>CidadeMarketing com informa\u00e7\u00f5es do STF.<\/p>\n<p><iframe style=\"width: 100%; max-width: 660px; overflow: hidden; background: transparent;\" src=\"https:\/\/embed.podcasts.apple.com\/br\/podcast\/podcast-cidademarketing\/id1371923283\" height=\"450\" frameborder=\"0\" sandbox=\"allow-forms allow-popups allow-same-origin allow-scripts allow-storage-access-by-user-activation allow-top-navigation-by-user-activation\"><\/iframe><\/p>\n","protected":false},"excerpt":{"rendered":"<p>O ministro Alexandre de Moraes, do Supremo Tribunal Federal, determinou a suspens\u00e3o completa e integral do funcionamento das atividades do Telegram no Brasil, at\u00e9 que o aplicativo de mensagens cumpra decis\u00f5es judiciais. Segundo o ministro, o Telegram ignora a Justi\u00e7a brasileira e despreza a legisla\u00e7\u00e3o nacional, ao n\u00e3o atender comandos judiciais. A conduta de n\u00e3o [&hellip;]<\/p>\n","protected":false},"author":1,"featured_media":35100,"comment_status":"open","ping_status":"open","sticky":false,"template":"","format":"standard","meta":{"tdm_status":"","tdm_grid_status":"","footnotes":""},"categories":[11,6],"tags":[308,33,28,25,473,1980],"class_list":["post-35097","post","type-post","status-publish","format-standard","has-post-thumbnail","hentry","category-digital","category-noticias","tag-comunicacao","tag-estrategia","tag-marketing","tag-redes-sociais","tag-stf","tag-telegram"],"yoast_head":"<!-- This site is optimized with the Yoast SEO plugin v27.5 - https:\/\/yoast.com\/product\/yoast-seo-wordpress\/ -->\n<title>Ministro Alexandre de Moraes suspende funcionamento do Telegram no Brasil; CEO do Telegram emitiu uma nota sobre o caso - CidadeMarketing<\/title>\n<meta name=\"robots\" content=\"index, follow, max-snippet:-1, max-image-preview:large, max-video-preview:-1\" \/>\n<link rel=\"canonical\" href=\"https:\/\/www.cidademarketing.com.br\/marketing\/2022\/03\/18\/ministro-alexandre-de-moraes-suspende-funcionamento-do-telegram-no-brasil-ceo-do-telegram-emitiu-uma-nota-sobre-o-casoministro-alexandre-de-moraes-suspende-funcionamento-do-telegram-no-brasil\/\" \/>\n<meta property=\"og:locale\" content=\"pt_BR\" \/>\n<meta property=\"og:type\" content=\"article\" \/>\n<meta property=\"og:title\" content=\"Ministro Alexandre de Moraes suspende funcionamento do Telegram no Brasil; CEO do Telegram emitiu uma nota sobre o caso - CidadeMarketing\" \/>\n<meta property=\"og:description\" content=\"O ministro Alexandre de Moraes, do Supremo Tribunal Federal, determinou a suspens\u00e3o completa e integral do funcionamento das atividades do Telegram no Brasil, at\u00e9 que o aplicativo de mensagens cumpra decis\u00f5es judiciais. Segundo o ministro, o Telegram ignora a Justi\u00e7a brasileira e despreza a legisla\u00e7\u00e3o nacional, ao n\u00e3o atender comandos judiciais. A conduta de n\u00e3o [&hellip;]\" \/>\n<meta property=\"og:url\" content=\"https:\/\/www.cidademarketing.com.br\/marketing\/2022\/03\/18\/ministro-alexandre-de-moraes-suspende-funcionamento-do-telegram-no-brasil-ceo-do-telegram-emitiu-uma-nota-sobre-o-casoministro-alexandre-de-moraes-suspende-funcionamento-do-telegram-no-brasil\/\" \/>\n<meta property=\"og:site_name\" content=\"CidadeMarketing\" \/>\n<meta property=\"article:publisher\" content=\"https:\/\/www.facebook.com\/portalcidademarketing\" \/>\n<meta property=\"article:author\" content=\"https:\/\/www.facebook.com\/thalesbrandao\" \/>\n<meta property=\"article:published_time\" content=\"2022-03-19T01:37:37+00:00\" \/>\n<meta property=\"article:modified_time\" content=\"2022-03-19T01:46:36+00:00\" \/>\n<meta property=\"og:image\" content=\"https:\/\/www.cidademarketing.com.br\/marketing\/wp-content\/uploads\/2022\/03\/telegram_marca.jpg\" \/>\n\t<meta property=\"og:image:width\" content=\"528\" \/>\n\t<meta property=\"og:image:height\" content=\"487\" \/>\n\t<meta property=\"og:image:type\" content=\"image\/jpeg\" \/>\n<meta name=\"author\" content=\"Thales Brand\u00e3o\" \/>\n<meta name=\"twitter:card\" content=\"summary_large_image\" \/>\n<meta name=\"twitter:creator\" content=\"@http:\/\/www.twitter.com\/thalesbrandao\" \/>\n<meta name=\"twitter:site\" content=\"@CidadeMarketing\" \/>\n<meta name=\"twitter:label1\" content=\"Escrito por\" \/>\n\t<meta name=\"twitter:data1\" content=\"Thales Brand\u00e3o\" \/>\n\t<meta name=\"twitter:label2\" content=\"Est. tempo de leitura\" \/>\n\t<meta name=\"twitter:data2\" content=\"3 minutos\" \/>\n<script type=\"application\/ld+json\" class=\"yoast-schema-graph\">{\"@context\":\"https:\\\/\\\/schema.org\",\"@graph\":[{\"@type\":\"Article\",\"@id\":\"https:\\\/\\\/www.cidademarketing.com.br\\\/marketing\\\/2022\\\/03\\\/18\\\/ministro-alexandre-de-moraes-suspende-funcionamento-do-telegram-no-brasil-ceo-do-telegram-emitiu-uma-nota-sobre-o-casoministro-alexandre-de-moraes-suspende-funcionamento-do-telegram-no-brasil\\\/#article\",\"isPartOf\":{\"@id\":\"https:\\\/\\\/www.cidademarketing.com.br\\\/marketing\\\/2022\\\/03\\\/18\\\/ministro-alexandre-de-moraes-suspende-funcionamento-do-telegram-no-brasil-ceo-do-telegram-emitiu-uma-nota-sobre-o-casoministro-alexandre-de-moraes-suspende-funcionamento-do-telegram-no-brasil\\\/\"},\"author\":{\"name\":\"Thales Brand\u00e3o\",\"@id\":\"https:\\\/\\\/www.cidademarketing.com.br\\\/marketing\\\/#\\\/schema\\\/person\\\/02daff9f18bd9378c9e01eb6b2db155f\"},\"headline\":\"Ministro Alexandre de Moraes suspende funcionamento do Telegram no Brasil; CEO do Telegram emitiu uma nota sobre o caso\",\"datePublished\":\"2022-03-19T01:37:37+00:00\",\"dateModified\":\"2022-03-19T01:46:36+00:00\",\"mainEntityOfPage\":{\"@id\":\"https:\\\/\\\/www.cidademarketing.com.br\\\/marketing\\\/2022\\\/03\\\/18\\\/ministro-alexandre-de-moraes-suspende-funcionamento-do-telegram-no-brasil-ceo-do-telegram-emitiu-uma-nota-sobre-o-casoministro-alexandre-de-moraes-suspende-funcionamento-do-telegram-no-brasil\\\/\"},\"wordCount\":674,\"commentCount\":0,\"publisher\":{\"@id\":\"https:\\\/\\\/www.cidademarketing.com.br\\\/marketing\\\/#organization\"},\"image\":{\"@id\":\"https:\\\/\\\/www.cidademarketing.com.br\\\/marketing\\\/2022\\\/03\\\/18\\\/ministro-alexandre-de-moraes-suspende-funcionamento-do-telegram-no-brasil-ceo-do-telegram-emitiu-uma-nota-sobre-o-casoministro-alexandre-de-moraes-suspende-funcionamento-do-telegram-no-brasil\\\/#primaryimage\"},\"thumbnailUrl\":\"https:\\\/\\\/www.cidademarketing.com.br\\\/marketing\\\/wp-content\\\/uploads\\\/2022\\\/03\\\/telegram_marca.jpg\",\"keywords\":[\"comunica\u00e7\u00e3o\",\"estrat\u00e9gia\",\"marketing\",\"redes sociais\",\"STF\",\"Telegram\"],\"articleSection\":[\"Digital\",\"Not\u00edcias\"],\"inLanguage\":\"pt-BR\",\"potentialAction\":[{\"@type\":\"CommentAction\",\"name\":\"Comment\",\"target\":[\"https:\\\/\\\/www.cidademarketing.com.br\\\/marketing\\\/2022\\\/03\\\/18\\\/ministro-alexandre-de-moraes-suspende-funcionamento-do-telegram-no-brasil-ceo-do-telegram-emitiu-uma-nota-sobre-o-casoministro-alexandre-de-moraes-suspende-funcionamento-do-telegram-no-brasil\\\/#respond\"]}]},{\"@type\":\"WebPage\",\"@id\":\"https:\\\/\\\/www.cidademarketing.com.br\\\/marketing\\\/2022\\\/03\\\/18\\\/ministro-alexandre-de-moraes-suspende-funcionamento-do-telegram-no-brasil-ceo-do-telegram-emitiu-uma-nota-sobre-o-casoministro-alexandre-de-moraes-suspende-funcionamento-do-telegram-no-brasil\\\/\",\"url\":\"https:\\\/\\\/www.cidademarketing.com.br\\\/marketing\\\/2022\\\/03\\\/18\\\/ministro-alexandre-de-moraes-suspende-funcionamento-do-telegram-no-brasil-ceo-do-telegram-emitiu-uma-nota-sobre-o-casoministro-alexandre-de-moraes-suspende-funcionamento-do-telegram-no-brasil\\\/\",\"name\":\"Ministro Alexandre de Moraes suspende funcionamento do Telegram no Brasil; CEO do Telegram emitiu uma nota sobre o caso - CidadeMarketing\",\"isPartOf\":{\"@id\":\"https:\\\/\\\/www.cidademarketing.com.br\\\/marketing\\\/#website\"},\"primaryImageOfPage\":{\"@id\":\"https:\\\/\\\/www.cidademarketing.com.br\\\/marketing\\\/2022\\\/03\\\/18\\\/ministro-alexandre-de-moraes-suspende-funcionamento-do-telegram-no-brasil-ceo-do-telegram-emitiu-uma-nota-sobre-o-casoministro-alexandre-de-moraes-suspende-funcionamento-do-telegram-no-brasil\\\/#primaryimage\"},\"image\":{\"@id\":\"https:\\\/\\\/www.cidademarketing.com.br\\\/marketing\\\/2022\\\/03\\\/18\\\/ministro-alexandre-de-moraes-suspende-funcionamento-do-telegram-no-brasil-ceo-do-telegram-emitiu-uma-nota-sobre-o-casoministro-alexandre-de-moraes-suspende-funcionamento-do-telegram-no-brasil\\\/#primaryimage\"},\"thumbnailUrl\":\"https:\\\/\\\/www.cidademarketing.com.br\\\/marketing\\\/wp-content\\\/uploads\\\/2022\\\/03\\\/telegram_marca.jpg\",\"datePublished\":\"2022-03-19T01:37:37+00:00\",\"dateModified\":\"2022-03-19T01:46:36+00:00\",\"breadcrumb\":{\"@id\":\"https:\\\/\\\/www.cidademarketing.com.br\\\/marketing\\\/2022\\\/03\\\/18\\\/ministro-alexandre-de-moraes-suspende-funcionamento-do-telegram-no-brasil-ceo-do-telegram-emitiu-uma-nota-sobre-o-casoministro-alexandre-de-moraes-suspende-funcionamento-do-telegram-no-brasil\\\/#breadcrumb\"},\"inLanguage\":\"pt-BR\",\"potentialAction\":[{\"@type\":\"ReadAction\",\"target\":[\"https:\\\/\\\/www.cidademarketing.com.br\\\/marketing\\\/2022\\\/03\\\/18\\\/ministro-alexandre-de-moraes-suspende-funcionamento-do-telegram-no-brasil-ceo-do-telegram-emitiu-uma-nota-sobre-o-casoministro-alexandre-de-moraes-suspende-funcionamento-do-telegram-no-brasil\\\/\"]}]},{\"@type\":\"ImageObject\",\"inLanguage\":\"pt-BR\",\"@id\":\"https:\\\/\\\/www.cidademarketing.com.br\\\/marketing\\\/2022\\\/03\\\/18\\\/ministro-alexandre-de-moraes-suspende-funcionamento-do-telegram-no-brasil-ceo-do-telegram-emitiu-uma-nota-sobre-o-casoministro-alexandre-de-moraes-suspende-funcionamento-do-telegram-no-brasil\\\/#primaryimage\",\"url\":\"https:\\\/\\\/www.cidademarketing.com.br\\\/marketing\\\/wp-content\\\/uploads\\\/2022\\\/03\\\/telegram_marca.jpg\",\"contentUrl\":\"https:\\\/\\\/www.cidademarketing.com.br\\\/marketing\\\/wp-content\\\/uploads\\\/2022\\\/03\\\/telegram_marca.jpg\",\"width\":528,\"height\":487},{\"@type\":\"BreadcrumbList\",\"@id\":\"https:\\\/\\\/www.cidademarketing.com.br\\\/marketing\\\/2022\\\/03\\\/18\\\/ministro-alexandre-de-moraes-suspende-funcionamento-do-telegram-no-brasil-ceo-do-telegram-emitiu-uma-nota-sobre-o-casoministro-alexandre-de-moraes-suspende-funcionamento-do-telegram-no-brasil\\\/#breadcrumb\",\"itemListElement\":[{\"@type\":\"ListItem\",\"position\":1,\"name\":\"In\u00edcio\",\"item\":\"https:\\\/\\\/www.cidademarketing.com.br\\\/marketing\\\/\"},{\"@type\":\"ListItem\",\"position\":2,\"name\":\"Ministro Alexandre de Moraes suspende funcionamento do Telegram no Brasil; CEO do Telegram emitiu uma nota sobre o caso\"}]},{\"@type\":\"WebSite\",\"@id\":\"https:\\\/\\\/www.cidademarketing.com.br\\\/marketing\\\/#website\",\"url\":\"https:\\\/\\\/www.cidademarketing.com.br\\\/marketing\\\/\",\"name\":\"CidadeMarketing\",\"description\":\"Somos um ve\u00edculo de comunica\u00e7\u00e3o de destaque no Brasil, reconhecido por conte\u00fados nos segmentos de marketing, empreendedorismo e inova\u00e7\u00e3o.\",\"publisher\":{\"@id\":\"https:\\\/\\\/www.cidademarketing.com.br\\\/marketing\\\/#organization\"},\"alternateName\":\"CidadeMarketing\",\"potentialAction\":[{\"@type\":\"SearchAction\",\"target\":{\"@type\":\"EntryPoint\",\"urlTemplate\":\"https:\\\/\\\/www.cidademarketing.com.br\\\/marketing\\\/?s={search_term_string}\"},\"query-input\":{\"@type\":\"PropertyValueSpecification\",\"valueRequired\":true,\"valueName\":\"search_term_string\"}}],\"inLanguage\":\"pt-BR\"},{\"@type\":\"Organization\",\"@id\":\"https:\\\/\\\/www.cidademarketing.com.br\\\/marketing\\\/#organization\",\"name\":\"CidadeMarketing\",\"alternateName\":\"CidadeMarketing\",\"url\":\"https:\\\/\\\/www.cidademarketing.com.br\\\/marketing\\\/\",\"logo\":{\"@type\":\"ImageObject\",\"inLanguage\":\"pt-BR\",\"@id\":\"https:\\\/\\\/www.cidademarketing.com.br\\\/marketing\\\/#\\\/schema\\\/logo\\\/image\\\/\",\"url\":\"https:\\\/\\\/www.cidademarketing.com.br\\\/marketing\\\/wp-content\\\/uploads\\\/2020\\\/01\\\/cidademarketing_marca_mobile.png\",\"contentUrl\":\"https:\\\/\\\/www.cidademarketing.com.br\\\/marketing\\\/wp-content\\\/uploads\\\/2020\\\/01\\\/cidademarketing_marca_mobile.png\",\"width\":230,\"height\":92,\"caption\":\"CidadeMarketing\"},\"image\":{\"@id\":\"https:\\\/\\\/www.cidademarketing.com.br\\\/marketing\\\/#\\\/schema\\\/logo\\\/image\\\/\"},\"sameAs\":[\"https:\\\/\\\/www.facebook.com\\\/portalcidademarketing\",\"https:\\\/\\\/x.com\\\/CidadeMarketing\",\"https:\\\/\\\/www.instagram.com\\\/cidademarketing\\\/\"]},{\"@type\":\"Person\",\"@id\":\"https:\\\/\\\/www.cidademarketing.com.br\\\/marketing\\\/#\\\/schema\\\/person\\\/02daff9f18bd9378c9e01eb6b2db155f\",\"name\":\"Thales Brand\u00e3o\",\"image\":{\"@type\":\"ImageObject\",\"inLanguage\":\"pt-BR\",\"@id\":\"https:\\\/\\\/secure.gravatar.com\\\/avatar\\\/7ca3206950207cc3cb48feec56a8a7898741ab725c368d99d5d7a5a50aab80c6?s=96&d=mm&r=g\",\"url\":\"https:\\\/\\\/secure.gravatar.com\\\/avatar\\\/7ca3206950207cc3cb48feec56a8a7898741ab725c368d99d5d7a5a50aab80c6?s=96&d=mm&r=g\",\"contentUrl\":\"https:\\\/\\\/secure.gravatar.com\\\/avatar\\\/7ca3206950207cc3cb48feec56a8a7898741ab725c368d99d5d7a5a50aab80c6?s=96&d=mm&r=g\",\"caption\":\"Thales Brand\u00e3o\"},\"description\":\"Editor Executivo do Portal CidadeMarketing.com.br &gt; Mestre em Comunica\u00e7\u00e3o e Sociedade pela Universidade Federal de Sergipe. Possui MBA Executivo em Administra\u00e7\u00e3o com \u00eanfase em Marketing pela Funda\u00e7\u00e3o Get\u00falio Vargas - Rio de Janeiro. Consultor, Palestrante e Pesquisador sobre Empreendedorismo, Marketing, Redes Sociais e Neg\u00f3cios Digitais. Professor, Palestrante TedxTalks e Campus Party. Twitter: @ThalesBrandao\",\"sameAs\":[\"http:\\\/\\\/www.mandacaru.com.br\",\"https:\\\/\\\/www.facebook.com\\\/thalesbrandao\",\"http:\\\/\\\/www.instagram.com.br\\\/thalesbrandaoferreira\",\"https:\\\/\\\/www.linkedin.com\\\/in\\\/thales-brand\u00e3o-3948609\\\/\",\"https:\\\/\\\/x.com\\\/http:\\\/\\\/www.twitter.com\\\/thalesbrandao\"],\"url\":\"https:\\\/\\\/www.cidademarketing.com.br\\\/marketing\\\/author\\\/thalesbrandao\\\/\"}]}<\/script>\n<!-- \/ Yoast SEO plugin. -->","yoast_head_json":{"title":"Ministro Alexandre de Moraes suspende funcionamento do Telegram no Brasil; CEO do Telegram emitiu uma nota sobre o caso - CidadeMarketing","robots":{"index":"index","follow":"follow","max-snippet":"max-snippet:-1","max-image-preview":"max-image-preview:large","max-video-preview":"max-video-preview:-1"},"canonical":"https:\/\/www.cidademarketing.com.br\/marketing\/2022\/03\/18\/ministro-alexandre-de-moraes-suspende-funcionamento-do-telegram-no-brasil-ceo-do-telegram-emitiu-uma-nota-sobre-o-casoministro-alexandre-de-moraes-suspende-funcionamento-do-telegram-no-brasil\/","og_locale":"pt_BR","og_type":"article","og_title":"Ministro Alexandre de Moraes suspende funcionamento do Telegram no Brasil; CEO do Telegram emitiu uma nota sobre o caso - CidadeMarketing","og_description":"O ministro Alexandre de Moraes, do Supremo Tribunal Federal, determinou a suspens\u00e3o completa e integral do funcionamento das atividades do Telegram no Brasil, at\u00e9 que o aplicativo de mensagens cumpra decis\u00f5es judiciais. Segundo o ministro, o Telegram ignora a Justi\u00e7a brasileira e despreza a legisla\u00e7\u00e3o nacional, ao n\u00e3o atender comandos judiciais. A conduta de n\u00e3o [&hellip;]","og_url":"https:\/\/www.cidademarketing.com.br\/marketing\/2022\/03\/18\/ministro-alexandre-de-moraes-suspende-funcionamento-do-telegram-no-brasil-ceo-do-telegram-emitiu-uma-nota-sobre-o-casoministro-alexandre-de-moraes-suspende-funcionamento-do-telegram-no-brasil\/","og_site_name":"CidadeMarketing","article_publisher":"https:\/\/www.facebook.com\/portalcidademarketing","article_author":"https:\/\/www.facebook.com\/thalesbrandao","article_published_time":"2022-03-19T01:37:37+00:00","article_modified_time":"2022-03-19T01:46:36+00:00","og_image":[{"width":528,"height":487,"url":"https:\/\/www.cidademarketing.com.br\/marketing\/wp-content\/uploads\/2022\/03\/telegram_marca.jpg","type":"image\/jpeg"}],"author":"Thales Brand\u00e3o","twitter_card":"summary_large_image","twitter_creator":"@http:\/\/www.twitter.com\/thalesbrandao","twitter_site":"@CidadeMarketing","twitter_misc":{"Escrito por":"Thales Brand\u00e3o","Est. tempo de leitura":"3 minutos"},"schema":{"@context":"https:\/\/schema.org","@graph":[{"@type":"Article","@id":"https:\/\/www.cidademarketing.com.br\/marketing\/2022\/03\/18\/ministro-alexandre-de-moraes-suspende-funcionamento-do-telegram-no-brasil-ceo-do-telegram-emitiu-uma-nota-sobre-o-casoministro-alexandre-de-moraes-suspende-funcionamento-do-telegram-no-brasil\/#article","isPartOf":{"@id":"https:\/\/www.cidademarketing.com.br\/marketing\/2022\/03\/18\/ministro-alexandre-de-moraes-suspende-funcionamento-do-telegram-no-brasil-ceo-do-telegram-emitiu-uma-nota-sobre-o-casoministro-alexandre-de-moraes-suspende-funcionamento-do-telegram-no-brasil\/"},"author":{"name":"Thales Brand\u00e3o","@id":"https:\/\/www.cidademarketing.com.br\/marketing\/#\/schema\/person\/02daff9f18bd9378c9e01eb6b2db155f"},"headline":"Ministro Alexandre de Moraes suspende funcionamento do Telegram no Brasil; CEO do Telegram emitiu uma nota sobre o caso","datePublished":"2022-03-19T01:37:37+00:00","dateModified":"2022-03-19T01:46:36+00:00","mainEntityOfPage":{"@id":"https:\/\/www.cidademarketing.com.br\/marketing\/2022\/03\/18\/ministro-alexandre-de-moraes-suspende-funcionamento-do-telegram-no-brasil-ceo-do-telegram-emitiu-uma-nota-sobre-o-casoministro-alexandre-de-moraes-suspende-funcionamento-do-telegram-no-brasil\/"},"wordCount":674,"commentCount":0,"publisher":{"@id":"https:\/\/www.cidademarketing.com.br\/marketing\/#organization"},"image":{"@id":"https:\/\/www.cidademarketing.com.br\/marketing\/2022\/03\/18\/ministro-alexandre-de-moraes-suspende-funcionamento-do-telegram-no-brasil-ceo-do-telegram-emitiu-uma-nota-sobre-o-casoministro-alexandre-de-moraes-suspende-funcionamento-do-telegram-no-brasil\/#primaryimage"},"thumbnailUrl":"https:\/\/www.cidademarketing.com.br\/marketing\/wp-content\/uploads\/2022\/03\/telegram_marca.jpg","keywords":["comunica\u00e7\u00e3o","estrat\u00e9gia","marketing","redes sociais","STF","Telegram"],"articleSection":["Digital","Not\u00edcias"],"inLanguage":"pt-BR","potentialAction":[{"@type":"CommentAction","name":"Comment","target":["https:\/\/www.cidademarketing.com.br\/marketing\/2022\/03\/18\/ministro-alexandre-de-moraes-suspende-funcionamento-do-telegram-no-brasil-ceo-do-telegram-emitiu-uma-nota-sobre-o-casoministro-alexandre-de-moraes-suspende-funcionamento-do-telegram-no-brasil\/#respond"]}]},{"@type":"WebPage","@id":"https:\/\/www.cidademarketing.com.br\/marketing\/2022\/03\/18\/ministro-alexandre-de-moraes-suspende-funcionamento-do-telegram-no-brasil-ceo-do-telegram-emitiu-uma-nota-sobre-o-casoministro-alexandre-de-moraes-suspende-funcionamento-do-telegram-no-brasil\/","url":"https:\/\/www.cidademarketing.com.br\/marketing\/2022\/03\/18\/ministro-alexandre-de-moraes-suspende-funcionamento-do-telegram-no-brasil-ceo-do-telegram-emitiu-uma-nota-sobre-o-casoministro-alexandre-de-moraes-suspende-funcionamento-do-telegram-no-brasil\/","name":"Ministro Alexandre de Moraes suspende funcionamento do Telegram no Brasil; CEO do Telegram emitiu uma nota sobre o caso - CidadeMarketing","isPartOf":{"@id":"https:\/\/www.cidademarketing.com.br\/marketing\/#website"},"primaryImageOfPage":{"@id":"https:\/\/www.cidademarketing.com.br\/marketing\/2022\/03\/18\/ministro-alexandre-de-moraes-suspende-funcionamento-do-telegram-no-brasil-ceo-do-telegram-emitiu-uma-nota-sobre-o-casoministro-alexandre-de-moraes-suspende-funcionamento-do-telegram-no-brasil\/#primaryimage"},"image":{"@id":"https:\/\/www.cidademarketing.com.br\/marketing\/2022\/03\/18\/ministro-alexandre-de-moraes-suspende-funcionamento-do-telegram-no-brasil-ceo-do-telegram-emitiu-uma-nota-sobre-o-casoministro-alexandre-de-moraes-suspende-funcionamento-do-telegram-no-brasil\/#primaryimage"},"thumbnailUrl":"https:\/\/www.cidademarketing.com.br\/marketing\/wp-content\/uploads\/2022\/03\/telegram_marca.jpg","datePublished":"2022-03-19T01:37:37+00:00","dateModified":"2022-03-19T01:46:36+00:00","breadcrumb":{"@id":"https:\/\/www.cidademarketing.com.br\/marketing\/2022\/03\/18\/ministro-alexandre-de-moraes-suspende-funcionamento-do-telegram-no-brasil-ceo-do-telegram-emitiu-uma-nota-sobre-o-casoministro-alexandre-de-moraes-suspende-funcionamento-do-telegram-no-brasil\/#breadcrumb"},"inLanguage":"pt-BR","potentialAction":[{"@type":"ReadAction","target":["https:\/\/www.cidademarketing.com.br\/marketing\/2022\/03\/18\/ministro-alexandre-de-moraes-suspende-funcionamento-do-telegram-no-brasil-ceo-do-telegram-emitiu-uma-nota-sobre-o-casoministro-alexandre-de-moraes-suspende-funcionamento-do-telegram-no-brasil\/"]}]},{"@type":"ImageObject","inLanguage":"pt-BR","@id":"https:\/\/www.cidademarketing.com.br\/marketing\/2022\/03\/18\/ministro-alexandre-de-moraes-suspende-funcionamento-do-telegram-no-brasil-ceo-do-telegram-emitiu-uma-nota-sobre-o-casoministro-alexandre-de-moraes-suspende-funcionamento-do-telegram-no-brasil\/#primaryimage","url":"https:\/\/www.cidademarketing.com.br\/marketing\/wp-content\/uploads\/2022\/03\/telegram_marca.jpg","contentUrl":"https:\/\/www.cidademarketing.com.br\/marketing\/wp-content\/uploads\/2022\/03\/telegram_marca.jpg","width":528,"height":487},{"@type":"BreadcrumbList","@id":"https:\/\/www.cidademarketing.com.br\/marketing\/2022\/03\/18\/ministro-alexandre-de-moraes-suspende-funcionamento-do-telegram-no-brasil-ceo-do-telegram-emitiu-uma-nota-sobre-o-casoministro-alexandre-de-moraes-suspende-funcionamento-do-telegram-no-brasil\/#breadcrumb","itemListElement":[{"@type":"ListItem","position":1,"name":"In\u00edcio","item":"https:\/\/www.cidademarketing.com.br\/marketing\/"},{"@type":"ListItem","position":2,"name":"Ministro Alexandre de Moraes suspende funcionamento do Telegram no Brasil; CEO do Telegram emitiu uma nota sobre o caso"}]},{"@type":"WebSite","@id":"https:\/\/www.cidademarketing.com.br\/marketing\/#website","url":"https:\/\/www.cidademarketing.com.br\/marketing\/","name":"CidadeMarketing","description":"Somos um ve\u00edculo de comunica\u00e7\u00e3o de destaque no Brasil, reconhecido por conte\u00fados nos segmentos de marketing, empreendedorismo e inova\u00e7\u00e3o.","publisher":{"@id":"https:\/\/www.cidademarketing.com.br\/marketing\/#organization"},"alternateName":"CidadeMarketing","potentialAction":[{"@type":"SearchAction","target":{"@type":"EntryPoint","urlTemplate":"https:\/\/www.cidademarketing.com.br\/marketing\/?s={search_term_string}"},"query-input":{"@type":"PropertyValueSpecification","valueRequired":true,"valueName":"search_term_string"}}],"inLanguage":"pt-BR"},{"@type":"Organization","@id":"https:\/\/www.cidademarketing.com.br\/marketing\/#organization","name":"CidadeMarketing","alternateName":"CidadeMarketing","url":"https:\/\/www.cidademarketing.com.br\/marketing\/","logo":{"@type":"ImageObject","inLanguage":"pt-BR","@id":"https:\/\/www.cidademarketing.com.br\/marketing\/#\/schema\/logo\/image\/","url":"https:\/\/www.cidademarketing.com.br\/marketing\/wp-content\/uploads\/2020\/01\/cidademarketing_marca_mobile.png","contentUrl":"https:\/\/www.cidademarketing.com.br\/marketing\/wp-content\/uploads\/2020\/01\/cidademarketing_marca_mobile.png","width":230,"height":92,"caption":"CidadeMarketing"},"image":{"@id":"https:\/\/www.cidademarketing.com.br\/marketing\/#\/schema\/logo\/image\/"},"sameAs":["https:\/\/www.facebook.com\/portalcidademarketing","https:\/\/x.com\/CidadeMarketing","https:\/\/www.instagram.com\/cidademarketing\/"]},{"@type":"Person","@id":"https:\/\/www.cidademarketing.com.br\/marketing\/#\/schema\/person\/02daff9f18bd9378c9e01eb6b2db155f","name":"Thales Brand\u00e3o","image":{"@type":"ImageObject","inLanguage":"pt-BR","@id":"https:\/\/secure.gravatar.com\/avatar\/7ca3206950207cc3cb48feec56a8a7898741ab725c368d99d5d7a5a50aab80c6?s=96&d=mm&r=g","url":"https:\/\/secure.gravatar.com\/avatar\/7ca3206950207cc3cb48feec56a8a7898741ab725c368d99d5d7a5a50aab80c6?s=96&d=mm&r=g","contentUrl":"https:\/\/secure.gravatar.com\/avatar\/7ca3206950207cc3cb48feec56a8a7898741ab725c368d99d5d7a5a50aab80c6?s=96&d=mm&r=g","caption":"Thales Brand\u00e3o"},"description":"Editor Executivo do Portal CidadeMarketing.com.br &gt; Mestre em Comunica\u00e7\u00e3o e Sociedade pela Universidade Federal de Sergipe. Possui MBA Executivo em Administra\u00e7\u00e3o com \u00eanfase em Marketing pela Funda\u00e7\u00e3o Get\u00falio Vargas - Rio de Janeiro. Consultor, Palestrante e Pesquisador sobre Empreendedorismo, Marketing, Redes Sociais e Neg\u00f3cios Digitais. Professor, Palestrante TedxTalks e Campus Party. Twitter: @ThalesBrandao","sameAs":["http:\/\/www.mandacaru.com.br","https:\/\/www.facebook.com\/thalesbrandao","http:\/\/www.instagram.com.br\/thalesbrandaoferreira","https:\/\/www.linkedin.com\/in\/thales-brand\u00e3o-3948609\/","https:\/\/x.com\/http:\/\/www.twitter.com\/thalesbrandao"],"url":"https:\/\/www.cidademarketing.com.br\/marketing\/author\/thalesbrandao\/"}]}},"amp_enabled":true,"_links":{"self":[{"href":"https:\/\/www.cidademarketing.com.br\/marketing\/wp-json\/wp\/v2\/posts\/35097","targetHints":{"allow":["GET"]}}],"collection":[{"href":"https:\/\/www.cidademarketing.com.br\/marketing\/wp-json\/wp\/v2\/posts"}],"about":[{"href":"https:\/\/www.cidademarketing.com.br\/marketing\/wp-json\/wp\/v2\/types\/post"}],"author":[{"embeddable":true,"href":"https:\/\/www.cidademarketing.com.br\/marketing\/wp-json\/wp\/v2\/users\/1"}],"replies":[{"embeddable":true,"href":"https:\/\/www.cidademarketing.com.br\/marketing\/wp-json\/wp\/v2\/comments?post=35097"}],"version-history":[{"count":3,"href":"https:\/\/www.cidademarketing.com.br\/marketing\/wp-json\/wp\/v2\/posts\/35097\/revisions"}],"predecessor-version":[{"id":35102,"href":"https:\/\/www.cidademarketing.com.br\/marketing\/wp-json\/wp\/v2\/posts\/35097\/revisions\/35102"}],"wp:featuredmedia":[{"embeddable":true,"href":"https:\/\/www.cidademarketing.com.br\/marketing\/wp-json\/wp\/v2\/media\/35100"}],"wp:attachment":[{"href":"https:\/\/www.cidademarketing.com.br\/marketing\/wp-json\/wp\/v2\/media?parent=35097"}],"wp:term":[{"taxonomy":"category","embeddable":true,"href":"https:\/\/www.cidademarketing.com.br\/marketing\/wp-json\/wp\/v2\/categories?post=35097"},{"taxonomy":"post_tag","embeddable":true,"href":"https:\/\/www.cidademarketing.com.br\/marketing\/wp-json\/wp\/v2\/tags?post=35097"}],"curies":[{"name":"wp","href":"https:\/\/api.w.org\/{rel}","templated":true}]}}