{"id":35074,"date":"2022-03-17T22:24:41","date_gmt":"2022-03-18T01:24:41","guid":{"rendered":"https:\/\/www.cidademarketing.com.br\/marketing\/?p=35074"},"modified":"2022-03-17T22:24:41","modified_gmt":"2022-03-18T01:24:41","slug":"iphan-remove-canoa-tolda-luzitania-das-aguas-do-rio-sao-francisco","status":"publish","type":"post","link":"https:\/\/www.cidademarketing.com.br\/marketing\/2022\/03\/17\/iphan-remove-canoa-tolda-luzitania-das-aguas-do-rio-sao-francisco\/","title":{"rendered":"Iphan remove Canoa Tolda Luzit\u00e2nia das \u00e1guas do rio S\u00e3o Francisco"},"content":{"rendered":"<p><iframe src=\"https:\/\/open.spotify.com\/embed\/show\/4khMKzP3FgFRWVwb73xicc\" width=\"100%\" height=\"232\" frameborder=\"0\"><\/iframe><br \/>\nAp\u00f3s tr\u00eas dias de opera\u00e7\u00e3o, o Instituto do Patrim\u00f4nio Hist\u00f3rico e Art\u00edstico Nacional (Iphan) concluiu na noite desta quarta-feira (16) a miss\u00e3o de retirar e rebocar com seguran\u00e7a a canoa de tolda Luzit\u00e2nia da \u00e1rea encharcada do rio S\u00e3o Francisco. A embarca\u00e7\u00e3o afundou quando o n\u00edvel do rio subiu, ap\u00f3s a abertura das comportas da hidrel\u00e9trica de Xing\u00f3, entre Alagoas e Sergipe, no final de janeiro deste ano. Com objetivo de ser restaurado, o bem, tombado pelo Iphan em 2010, foi transportado para a JM Marina, no munic\u00edpio de Traipu (AL), local seguro para sua conserva\u00e7\u00e3o.<\/p>\n<p>\u201cA remo\u00e7\u00e3o da canoa foi um sucesso e estamos muito satisfeitos com a conclus\u00e3o da opera\u00e7\u00e3o. Desde que fomos comunicados sobre o ocorrido, trabalhamos incessantemente para realizar todos os tr\u00e2mites determinados pelo Poder Judici\u00e1rio e cumprir com todos os requisitos exigidos pela Marinha do Brasil\u201d, comemorou a presidente do Iphan, Larissa Peixoto. \u201cFoi uma opera\u00e7\u00e3o delicada, com muitas etapas e cada uma delas cumpridas com muita aten\u00e7\u00e3o. O resgate e reboque da canoa foram poss\u00edveis gra\u00e7as a uma a\u00e7\u00e3o emergencial aprovada pelo Iphan, por meio do governo federal, para libera\u00e7\u00e3o de recurso\u201d, completou a presidente.<\/p>\n<p>De acordo com a superintend\u00eancia do Iphan em Alagoas que acompanhou toda a opera\u00e7\u00e3o, aparentemente a embarca\u00e7\u00e3o est\u00e1 em boas condi\u00e7\u00f5es, mas ser\u00e1 avaliada e, posteriormente, ser\u00e3o feitos os reparos necess\u00e1rios para sua restaura\u00e7\u00e3o. \u201cA canoa apresenta fissuras, anteriores ao alagamento. Ela n\u00e3o afundou, e sim foi inundada justamente por causas dessas aberturas\u201d, explicou a superintendente do Iphan-AL, Melissa Mota.<\/p>\n<p>Para evitar o encalhe da canoa e n\u00e3o danificar sua estrutura, o Iphan solicitou \u00e0 Chesf para que as deflu\u00eancias m\u00e9dias di\u00e1rias das usinas hidrel\u00e9tricas de Sobradinho (BA) e Xing\u00f3 (AL\/SE) n\u00e3o fossem reduzidas no per\u00edodo da opera\u00e7\u00e3o.<\/p>\n<p>Desde o in\u00edcio do ocorrido, o Instituto contou com o apoio integral da Procuradoria Federal que constantemente manteve informado o Poder Judici\u00e1rio das dificuldades e solu\u00e7\u00f5es para condu\u00e7\u00e3o do salvamento. Al\u00e9m disso, trabalhou em conjunto com as superintend\u00eancias do Iphan em Alagoas e Sergipe, centralizando as informa\u00e7\u00f5es no Departamento de Patrim\u00f4nio Material (Depam).<\/p>\n<p>A opera\u00e7\u00e3o tamb\u00e9m teve o apoio da Marinha do Brasil, da Capitania dos Portos de Alagoas, da Companhia Hidrel\u00e9trica do S\u00e3o Francisco (Chesf) e da Superintend\u00eancia Regional da Pol\u00edcia Federal em Alagoas.<\/p>\n<p><img fetchpriority=\"high\" decoding=\"async\" class=\"alignnone wp-image-35075 size-large\" src=\"https:\/\/www.cidademarketing.com.br\/marketing\/wp-content\/uploads\/2022\/03\/canoa_tolda_luzitania_02-1024x460.jpg\" alt=\"\" width=\"640\" height=\"288\" srcset=\"https:\/\/www.cidademarketing.com.br\/marketing\/wp-content\/uploads\/2022\/03\/canoa_tolda_luzitania_02-1024x460.jpg 1024w, https:\/\/www.cidademarketing.com.br\/marketing\/wp-content\/uploads\/2022\/03\/canoa_tolda_luzitania_02-300x135.jpg 300w, https:\/\/www.cidademarketing.com.br\/marketing\/wp-content\/uploads\/2022\/03\/canoa_tolda_luzitania_02-768x345.jpg 768w, https:\/\/www.cidademarketing.com.br\/marketing\/wp-content\/uploads\/2022\/03\/canoa_tolda_luzitania_02-934x420.jpg 934w, https:\/\/www.cidademarketing.com.br\/marketing\/wp-content\/uploads\/2022\/03\/canoa_tolda_luzitania_02-640x288.jpg 640w, https:\/\/www.cidademarketing.com.br\/marketing\/wp-content\/uploads\/2022\/03\/canoa_tolda_luzitania_02-681x306.jpg 681w, https:\/\/www.cidademarketing.com.br\/marketing\/wp-content\/uploads\/2022\/03\/canoa_tolda_luzitania_02.jpg 1052w\" sizes=\"(max-width: 640px) 100vw, 640px\" \/><\/p>\n<p>&nbsp;<\/p>\n<p><strong>Canoa de Tolda Luzit\u00e2nia <\/strong><\/p>\n<p>S\u00edmbolo do rio S\u00e3o Francisco, a canoa de tolda s\u00f3 existe no Brasil. As toldas originais eram grandes embarca\u00e7\u00f5es, mas a brasileira possui somente 16 metros de casco e foi perfeitamente adaptada para descer o rio, a favor do vento, com o pano aberto. \u00c9 composta de leme, t\u00e1bua de bolina, moit\u00e3o e a tolda que servia para abrigo da alimenta\u00e7\u00e3o e dos canoeiros. A Luzit\u00e2nia \u00e9 um dos tr\u00eas \u00faltimos exemplares das canoas de tolda do rio S\u00e3o Francisco.<\/p>\n<p>Adquirida em 1999 pela Sociedade Socioambiental do Baixo S\u00e3o Francisco, passou por uma completa restaura\u00e7\u00e3o e voltou a navegar. Apesar de a restaura\u00e7\u00e3o apresentar uma embarca\u00e7\u00e3o com materiais diversos do original, para a popula\u00e7\u00e3o ribeirinha a sua forma continua repleta de significados. Essa embarca\u00e7\u00e3o, que na \u00e9poca do canga\u00e7o se chamava Rio Branco, teve grande import\u00e2ncia econ\u00f4mica no transporte de mercadorias em toda a regi\u00e3o.<\/p>\n<p>Em 2018 e 2019, o Iphan j\u00e1 havia alocado recursos para manuten\u00e7\u00e3o da embarca\u00e7\u00e3o. Contudo, a responsabilidade por sua conserva\u00e7\u00e3o, uso e gest\u00e3o continua sendo do propriet\u00e1rio, que, nesse caso, \u00e9 a Sociedade Socioambiental do Baixo S\u00e3o Francisco \u2013 Canoa de Tolda. Isso vale para qualquer bem tombado, seja de uso p\u00fablico ou privado. O tombamento tamb\u00e9m n\u00e3o interfere nas compet\u00eancias institucionais de outras esferas, como as prefeituras, governos estaduais e outras \u00e1reas do governo federal.<\/p>\n<p><iframe style=\"width: 100%; max-width: 660px; overflow: hidden; background: transparent;\" src=\"https:\/\/embed.podcasts.apple.com\/br\/podcast\/podcast-cidademarketing\/id1371923283\" height=\"450\" frameborder=\"0\" sandbox=\"allow-forms allow-popups allow-same-origin allow-scripts allow-storage-access-by-user-activation allow-top-navigation-by-user-activation\"><\/iframe><\/p>\n","protected":false},"excerpt":{"rendered":"<p>Ap\u00f3s tr\u00eas dias de opera\u00e7\u00e3o, o Instituto do Patrim\u00f4nio Hist\u00f3rico e Art\u00edstico Nacional (Iphan) concluiu na noite desta quarta-feira (16) a miss\u00e3o de retirar e rebocar com seguran\u00e7a a canoa de tolda Luzit\u00e2nia da \u00e1rea encharcada do rio S\u00e3o Francisco. A embarca\u00e7\u00e3o afundou quando o n\u00edvel do rio subiu, ap\u00f3s a abertura das comportas da [&hellip;]<\/p>\n","protected":false},"author":1,"featured_media":35076,"comment_status":"open","ping_status":"open","sticky":false,"template":"","format":"standard","meta":{"tdm_status":"","tdm_grid_status":"","footnotes":""},"categories":[6],"tags":[5251,5252,33,40,680,28,490],"class_list":["post-35074","post","type-post","status-publish","format-standard","has-post-thumbnail","hentry","category-noticias","tag-alagoas","tag-canoa-tolda-luzitania","tag-estrategia","tag-historia","tag-iphan","tag-marketing","tag-sergipe"],"yoast_head":"<!-- This site is optimized with the Yoast SEO plugin v27.5 - https:\/\/yoast.com\/product\/yoast-seo-wordpress\/ -->\n<title>Iphan remove Canoa Tolda Luzit\u00e2nia das \u00e1guas do rio S\u00e3o Francisco - CidadeMarketing<\/title>\n<meta name=\"robots\" content=\"index, follow, max-snippet:-1, max-image-preview:large, max-video-preview:-1\" \/>\n<link rel=\"canonical\" href=\"https:\/\/www.cidademarketing.com.br\/marketing\/2022\/03\/17\/iphan-remove-canoa-tolda-luzitania-das-aguas-do-rio-sao-francisco\/\" \/>\n<meta property=\"og:locale\" content=\"pt_BR\" \/>\n<meta property=\"og:type\" content=\"article\" \/>\n<meta property=\"og:title\" content=\"Iphan remove Canoa Tolda Luzit\u00e2nia das \u00e1guas do rio S\u00e3o Francisco - CidadeMarketing\" \/>\n<meta property=\"og:description\" content=\"Ap\u00f3s tr\u00eas dias de opera\u00e7\u00e3o, o Instituto do Patrim\u00f4nio Hist\u00f3rico e Art\u00edstico Nacional (Iphan) concluiu na noite desta quarta-feira (16) a miss\u00e3o de retirar e rebocar com seguran\u00e7a a canoa de tolda Luzit\u00e2nia da \u00e1rea encharcada do rio S\u00e3o Francisco. A embarca\u00e7\u00e3o afundou quando o n\u00edvel do rio subiu, ap\u00f3s a abertura das comportas da [&hellip;]\" \/>\n<meta property=\"og:url\" content=\"https:\/\/www.cidademarketing.com.br\/marketing\/2022\/03\/17\/iphan-remove-canoa-tolda-luzitania-das-aguas-do-rio-sao-francisco\/\" \/>\n<meta property=\"og:site_name\" content=\"CidadeMarketing\" \/>\n<meta property=\"article:publisher\" content=\"https:\/\/www.facebook.com\/portalcidademarketing\" \/>\n<meta property=\"article:author\" content=\"https:\/\/www.facebook.com\/thalesbrandao\" \/>\n<meta property=\"article:published_time\" content=\"2022-03-18T01:24:41+00:00\" \/>\n<meta property=\"og:image\" content=\"https:\/\/www.cidademarketing.com.br\/marketing\/wp-content\/uploads\/2022\/03\/canoa_tolda_luzitania_01.jpg\" \/>\n\t<meta property=\"og:image:width\" content=\"1600\" \/>\n\t<meta property=\"og:image:height\" content=\"1200\" \/>\n\t<meta property=\"og:image:type\" content=\"image\/jpeg\" \/>\n<meta name=\"author\" content=\"Thales Brand\u00e3o\" \/>\n<meta name=\"twitter:card\" content=\"summary_large_image\" \/>\n<meta name=\"twitter:creator\" content=\"@http:\/\/www.twitter.com\/thalesbrandao\" \/>\n<meta name=\"twitter:site\" content=\"@CidadeMarketing\" \/>\n<meta name=\"twitter:label1\" content=\"Escrito por\" \/>\n\t<meta name=\"twitter:data1\" content=\"Thales Brand\u00e3o\" \/>\n\t<meta name=\"twitter:label2\" content=\"Est. tempo de leitura\" \/>\n\t<meta name=\"twitter:data2\" content=\"3 minutos\" \/>\n<script type=\"application\/ld+json\" class=\"yoast-schema-graph\">{\"@context\":\"https:\\\/\\\/schema.org\",\"@graph\":[{\"@type\":\"Article\",\"@id\":\"https:\\\/\\\/www.cidademarketing.com.br\\\/marketing\\\/2022\\\/03\\\/17\\\/iphan-remove-canoa-tolda-luzitania-das-aguas-do-rio-sao-francisco\\\/#article\",\"isPartOf\":{\"@id\":\"https:\\\/\\\/www.cidademarketing.com.br\\\/marketing\\\/2022\\\/03\\\/17\\\/iphan-remove-canoa-tolda-luzitania-das-aguas-do-rio-sao-francisco\\\/\"},\"author\":{\"name\":\"Thales Brand\u00e3o\",\"@id\":\"https:\\\/\\\/www.cidademarketing.com.br\\\/marketing\\\/#\\\/schema\\\/person\\\/02daff9f18bd9378c9e01eb6b2db155f\"},\"headline\":\"Iphan remove Canoa Tolda Luzit\u00e2nia das \u00e1guas do rio S\u00e3o Francisco\",\"datePublished\":\"2022-03-18T01:24:41+00:00\",\"mainEntityOfPage\":{\"@id\":\"https:\\\/\\\/www.cidademarketing.com.br\\\/marketing\\\/2022\\\/03\\\/17\\\/iphan-remove-canoa-tolda-luzitania-das-aguas-do-rio-sao-francisco\\\/\"},\"wordCount\":690,\"commentCount\":0,\"publisher\":{\"@id\":\"https:\\\/\\\/www.cidademarketing.com.br\\\/marketing\\\/#organization\"},\"image\":{\"@id\":\"https:\\\/\\\/www.cidademarketing.com.br\\\/marketing\\\/2022\\\/03\\\/17\\\/iphan-remove-canoa-tolda-luzitania-das-aguas-do-rio-sao-francisco\\\/#primaryimage\"},\"thumbnailUrl\":\"https:\\\/\\\/www.cidademarketing.com.br\\\/marketing\\\/wp-content\\\/uploads\\\/2022\\\/03\\\/canoa_tolda_luzitania_01.jpg\",\"keywords\":[\"Alagoas\",\"Canoa Tolda Luzit\u00e2nia\",\"estrat\u00e9gia\",\"hist\u00f3ria\",\"Iphan\",\"marketing\",\"Sergipe\"],\"articleSection\":[\"Not\u00edcias\"],\"inLanguage\":\"pt-BR\",\"potentialAction\":[{\"@type\":\"CommentAction\",\"name\":\"Comment\",\"target\":[\"https:\\\/\\\/www.cidademarketing.com.br\\\/marketing\\\/2022\\\/03\\\/17\\\/iphan-remove-canoa-tolda-luzitania-das-aguas-do-rio-sao-francisco\\\/#respond\"]}]},{\"@type\":\"WebPage\",\"@id\":\"https:\\\/\\\/www.cidademarketing.com.br\\\/marketing\\\/2022\\\/03\\\/17\\\/iphan-remove-canoa-tolda-luzitania-das-aguas-do-rio-sao-francisco\\\/\",\"url\":\"https:\\\/\\\/www.cidademarketing.com.br\\\/marketing\\\/2022\\\/03\\\/17\\\/iphan-remove-canoa-tolda-luzitania-das-aguas-do-rio-sao-francisco\\\/\",\"name\":\"Iphan remove Canoa Tolda Luzit\u00e2nia das \u00e1guas do rio S\u00e3o Francisco - CidadeMarketing\",\"isPartOf\":{\"@id\":\"https:\\\/\\\/www.cidademarketing.com.br\\\/marketing\\\/#website\"},\"primaryImageOfPage\":{\"@id\":\"https:\\\/\\\/www.cidademarketing.com.br\\\/marketing\\\/2022\\\/03\\\/17\\\/iphan-remove-canoa-tolda-luzitania-das-aguas-do-rio-sao-francisco\\\/#primaryimage\"},\"image\":{\"@id\":\"https:\\\/\\\/www.cidademarketing.com.br\\\/marketing\\\/2022\\\/03\\\/17\\\/iphan-remove-canoa-tolda-luzitania-das-aguas-do-rio-sao-francisco\\\/#primaryimage\"},\"thumbnailUrl\":\"https:\\\/\\\/www.cidademarketing.com.br\\\/marketing\\\/wp-content\\\/uploads\\\/2022\\\/03\\\/canoa_tolda_luzitania_01.jpg\",\"datePublished\":\"2022-03-18T01:24:41+00:00\",\"breadcrumb\":{\"@id\":\"https:\\\/\\\/www.cidademarketing.com.br\\\/marketing\\\/2022\\\/03\\\/17\\\/iphan-remove-canoa-tolda-luzitania-das-aguas-do-rio-sao-francisco\\\/#breadcrumb\"},\"inLanguage\":\"pt-BR\",\"potentialAction\":[{\"@type\":\"ReadAction\",\"target\":[\"https:\\\/\\\/www.cidademarketing.com.br\\\/marketing\\\/2022\\\/03\\\/17\\\/iphan-remove-canoa-tolda-luzitania-das-aguas-do-rio-sao-francisco\\\/\"]}]},{\"@type\":\"ImageObject\",\"inLanguage\":\"pt-BR\",\"@id\":\"https:\\\/\\\/www.cidademarketing.com.br\\\/marketing\\\/2022\\\/03\\\/17\\\/iphan-remove-canoa-tolda-luzitania-das-aguas-do-rio-sao-francisco\\\/#primaryimage\",\"url\":\"https:\\\/\\\/www.cidademarketing.com.br\\\/marketing\\\/wp-content\\\/uploads\\\/2022\\\/03\\\/canoa_tolda_luzitania_01.jpg\",\"contentUrl\":\"https:\\\/\\\/www.cidademarketing.com.br\\\/marketing\\\/wp-content\\\/uploads\\\/2022\\\/03\\\/canoa_tolda_luzitania_01.jpg\",\"width\":1600,\"height\":1200,\"caption\":\"Divulga\u00e7\u00e3o\"},{\"@type\":\"BreadcrumbList\",\"@id\":\"https:\\\/\\\/www.cidademarketing.com.br\\\/marketing\\\/2022\\\/03\\\/17\\\/iphan-remove-canoa-tolda-luzitania-das-aguas-do-rio-sao-francisco\\\/#breadcrumb\",\"itemListElement\":[{\"@type\":\"ListItem\",\"position\":1,\"name\":\"In\u00edcio\",\"item\":\"https:\\\/\\\/www.cidademarketing.com.br\\\/marketing\\\/\"},{\"@type\":\"ListItem\",\"position\":2,\"name\":\"Iphan remove Canoa Tolda Luzit\u00e2nia das \u00e1guas do rio S\u00e3o Francisco\"}]},{\"@type\":\"WebSite\",\"@id\":\"https:\\\/\\\/www.cidademarketing.com.br\\\/marketing\\\/#website\",\"url\":\"https:\\\/\\\/www.cidademarketing.com.br\\\/marketing\\\/\",\"name\":\"CidadeMarketing\",\"description\":\"Somos um ve\u00edculo de comunica\u00e7\u00e3o de destaque no Brasil, reconhecido por conte\u00fados nos segmentos de marketing, empreendedorismo e inova\u00e7\u00e3o.\",\"publisher\":{\"@id\":\"https:\\\/\\\/www.cidademarketing.com.br\\\/marketing\\\/#organization\"},\"alternateName\":\"CidadeMarketing\",\"potentialAction\":[{\"@type\":\"SearchAction\",\"target\":{\"@type\":\"EntryPoint\",\"urlTemplate\":\"https:\\\/\\\/www.cidademarketing.com.br\\\/marketing\\\/?s={search_term_string}\"},\"query-input\":{\"@type\":\"PropertyValueSpecification\",\"valueRequired\":true,\"valueName\":\"search_term_string\"}}],\"inLanguage\":\"pt-BR\"},{\"@type\":\"Organization\",\"@id\":\"https:\\\/\\\/www.cidademarketing.com.br\\\/marketing\\\/#organization\",\"name\":\"CidadeMarketing\",\"alternateName\":\"CidadeMarketing\",\"url\":\"https:\\\/\\\/www.cidademarketing.com.br\\\/marketing\\\/\",\"logo\":{\"@type\":\"ImageObject\",\"inLanguage\":\"pt-BR\",\"@id\":\"https:\\\/\\\/www.cidademarketing.com.br\\\/marketing\\\/#\\\/schema\\\/logo\\\/image\\\/\",\"url\":\"https:\\\/\\\/www.cidademarketing.com.br\\\/marketing\\\/wp-content\\\/uploads\\\/2020\\\/01\\\/cidademarketing_marca_mobile.png\",\"contentUrl\":\"https:\\\/\\\/www.cidademarketing.com.br\\\/marketing\\\/wp-content\\\/uploads\\\/2020\\\/01\\\/cidademarketing_marca_mobile.png\",\"width\":230,\"height\":92,\"caption\":\"CidadeMarketing\"},\"image\":{\"@id\":\"https:\\\/\\\/www.cidademarketing.com.br\\\/marketing\\\/#\\\/schema\\\/logo\\\/image\\\/\"},\"sameAs\":[\"https:\\\/\\\/www.facebook.com\\\/portalcidademarketing\",\"https:\\\/\\\/x.com\\\/CidadeMarketing\",\"https:\\\/\\\/www.instagram.com\\\/cidademarketing\\\/\"]},{\"@type\":\"Person\",\"@id\":\"https:\\\/\\\/www.cidademarketing.com.br\\\/marketing\\\/#\\\/schema\\\/person\\\/02daff9f18bd9378c9e01eb6b2db155f\",\"name\":\"Thales Brand\u00e3o\",\"image\":{\"@type\":\"ImageObject\",\"inLanguage\":\"pt-BR\",\"@id\":\"https:\\\/\\\/secure.gravatar.com\\\/avatar\\\/7ca3206950207cc3cb48feec56a8a7898741ab725c368d99d5d7a5a50aab80c6?s=96&d=mm&r=g\",\"url\":\"https:\\\/\\\/secure.gravatar.com\\\/avatar\\\/7ca3206950207cc3cb48feec56a8a7898741ab725c368d99d5d7a5a50aab80c6?s=96&d=mm&r=g\",\"contentUrl\":\"https:\\\/\\\/secure.gravatar.com\\\/avatar\\\/7ca3206950207cc3cb48feec56a8a7898741ab725c368d99d5d7a5a50aab80c6?s=96&d=mm&r=g\",\"caption\":\"Thales Brand\u00e3o\"},\"description\":\"Editor Executivo do Portal CidadeMarketing.com.br &gt; Mestre em Comunica\u00e7\u00e3o e Sociedade pela Universidade Federal de Sergipe. Possui MBA Executivo em Administra\u00e7\u00e3o com \u00eanfase em Marketing pela Funda\u00e7\u00e3o Get\u00falio Vargas - Rio de Janeiro. Consultor, Palestrante e Pesquisador sobre Empreendedorismo, Marketing, Redes Sociais e Neg\u00f3cios Digitais. Professor, Palestrante TedxTalks e Campus Party. Twitter: @ThalesBrandao\",\"sameAs\":[\"http:\\\/\\\/www.mandacaru.com.br\",\"https:\\\/\\\/www.facebook.com\\\/thalesbrandao\",\"http:\\\/\\\/www.instagram.com.br\\\/thalesbrandaoferreira\",\"https:\\\/\\\/www.linkedin.com\\\/in\\\/thales-brand\u00e3o-3948609\\\/\",\"https:\\\/\\\/x.com\\\/http:\\\/\\\/www.twitter.com\\\/thalesbrandao\"],\"url\":\"https:\\\/\\\/www.cidademarketing.com.br\\\/marketing\\\/author\\\/thalesbrandao\\\/\"}]}<\/script>\n<!-- \/ Yoast SEO plugin. -->","yoast_head_json":{"title":"Iphan remove Canoa Tolda Luzit\u00e2nia das \u00e1guas do rio S\u00e3o Francisco - CidadeMarketing","robots":{"index":"index","follow":"follow","max-snippet":"max-snippet:-1","max-image-preview":"max-image-preview:large","max-video-preview":"max-video-preview:-1"},"canonical":"https:\/\/www.cidademarketing.com.br\/marketing\/2022\/03\/17\/iphan-remove-canoa-tolda-luzitania-das-aguas-do-rio-sao-francisco\/","og_locale":"pt_BR","og_type":"article","og_title":"Iphan remove Canoa Tolda Luzit\u00e2nia das \u00e1guas do rio S\u00e3o Francisco - CidadeMarketing","og_description":"Ap\u00f3s tr\u00eas dias de opera\u00e7\u00e3o, o Instituto do Patrim\u00f4nio Hist\u00f3rico e Art\u00edstico Nacional (Iphan) concluiu na noite desta quarta-feira (16) a miss\u00e3o de retirar e rebocar com seguran\u00e7a a canoa de tolda Luzit\u00e2nia da \u00e1rea encharcada do rio S\u00e3o Francisco. A embarca\u00e7\u00e3o afundou quando o n\u00edvel do rio subiu, ap\u00f3s a abertura das comportas da [&hellip;]","og_url":"https:\/\/www.cidademarketing.com.br\/marketing\/2022\/03\/17\/iphan-remove-canoa-tolda-luzitania-das-aguas-do-rio-sao-francisco\/","og_site_name":"CidadeMarketing","article_publisher":"https:\/\/www.facebook.com\/portalcidademarketing","article_author":"https:\/\/www.facebook.com\/thalesbrandao","article_published_time":"2022-03-18T01:24:41+00:00","og_image":[{"width":1600,"height":1200,"url":"https:\/\/www.cidademarketing.com.br\/marketing\/wp-content\/uploads\/2022\/03\/canoa_tolda_luzitania_01.jpg","type":"image\/jpeg"}],"author":"Thales Brand\u00e3o","twitter_card":"summary_large_image","twitter_creator":"@http:\/\/www.twitter.com\/thalesbrandao","twitter_site":"@CidadeMarketing","twitter_misc":{"Escrito por":"Thales Brand\u00e3o","Est. tempo de leitura":"3 minutos"},"schema":{"@context":"https:\/\/schema.org","@graph":[{"@type":"Article","@id":"https:\/\/www.cidademarketing.com.br\/marketing\/2022\/03\/17\/iphan-remove-canoa-tolda-luzitania-das-aguas-do-rio-sao-francisco\/#article","isPartOf":{"@id":"https:\/\/www.cidademarketing.com.br\/marketing\/2022\/03\/17\/iphan-remove-canoa-tolda-luzitania-das-aguas-do-rio-sao-francisco\/"},"author":{"name":"Thales Brand\u00e3o","@id":"https:\/\/www.cidademarketing.com.br\/marketing\/#\/schema\/person\/02daff9f18bd9378c9e01eb6b2db155f"},"headline":"Iphan remove Canoa Tolda Luzit\u00e2nia das \u00e1guas do rio S\u00e3o Francisco","datePublished":"2022-03-18T01:24:41+00:00","mainEntityOfPage":{"@id":"https:\/\/www.cidademarketing.com.br\/marketing\/2022\/03\/17\/iphan-remove-canoa-tolda-luzitania-das-aguas-do-rio-sao-francisco\/"},"wordCount":690,"commentCount":0,"publisher":{"@id":"https:\/\/www.cidademarketing.com.br\/marketing\/#organization"},"image":{"@id":"https:\/\/www.cidademarketing.com.br\/marketing\/2022\/03\/17\/iphan-remove-canoa-tolda-luzitania-das-aguas-do-rio-sao-francisco\/#primaryimage"},"thumbnailUrl":"https:\/\/www.cidademarketing.com.br\/marketing\/wp-content\/uploads\/2022\/03\/canoa_tolda_luzitania_01.jpg","keywords":["Alagoas","Canoa Tolda Luzit\u00e2nia","estrat\u00e9gia","hist\u00f3ria","Iphan","marketing","Sergipe"],"articleSection":["Not\u00edcias"],"inLanguage":"pt-BR","potentialAction":[{"@type":"CommentAction","name":"Comment","target":["https:\/\/www.cidademarketing.com.br\/marketing\/2022\/03\/17\/iphan-remove-canoa-tolda-luzitania-das-aguas-do-rio-sao-francisco\/#respond"]}]},{"@type":"WebPage","@id":"https:\/\/www.cidademarketing.com.br\/marketing\/2022\/03\/17\/iphan-remove-canoa-tolda-luzitania-das-aguas-do-rio-sao-francisco\/","url":"https:\/\/www.cidademarketing.com.br\/marketing\/2022\/03\/17\/iphan-remove-canoa-tolda-luzitania-das-aguas-do-rio-sao-francisco\/","name":"Iphan remove Canoa Tolda Luzit\u00e2nia das \u00e1guas do rio S\u00e3o Francisco - CidadeMarketing","isPartOf":{"@id":"https:\/\/www.cidademarketing.com.br\/marketing\/#website"},"primaryImageOfPage":{"@id":"https:\/\/www.cidademarketing.com.br\/marketing\/2022\/03\/17\/iphan-remove-canoa-tolda-luzitania-das-aguas-do-rio-sao-francisco\/#primaryimage"},"image":{"@id":"https:\/\/www.cidademarketing.com.br\/marketing\/2022\/03\/17\/iphan-remove-canoa-tolda-luzitania-das-aguas-do-rio-sao-francisco\/#primaryimage"},"thumbnailUrl":"https:\/\/www.cidademarketing.com.br\/marketing\/wp-content\/uploads\/2022\/03\/canoa_tolda_luzitania_01.jpg","datePublished":"2022-03-18T01:24:41+00:00","breadcrumb":{"@id":"https:\/\/www.cidademarketing.com.br\/marketing\/2022\/03\/17\/iphan-remove-canoa-tolda-luzitania-das-aguas-do-rio-sao-francisco\/#breadcrumb"},"inLanguage":"pt-BR","potentialAction":[{"@type":"ReadAction","target":["https:\/\/www.cidademarketing.com.br\/marketing\/2022\/03\/17\/iphan-remove-canoa-tolda-luzitania-das-aguas-do-rio-sao-francisco\/"]}]},{"@type":"ImageObject","inLanguage":"pt-BR","@id":"https:\/\/www.cidademarketing.com.br\/marketing\/2022\/03\/17\/iphan-remove-canoa-tolda-luzitania-das-aguas-do-rio-sao-francisco\/#primaryimage","url":"https:\/\/www.cidademarketing.com.br\/marketing\/wp-content\/uploads\/2022\/03\/canoa_tolda_luzitania_01.jpg","contentUrl":"https:\/\/www.cidademarketing.com.br\/marketing\/wp-content\/uploads\/2022\/03\/canoa_tolda_luzitania_01.jpg","width":1600,"height":1200,"caption":"Divulga\u00e7\u00e3o"},{"@type":"BreadcrumbList","@id":"https:\/\/www.cidademarketing.com.br\/marketing\/2022\/03\/17\/iphan-remove-canoa-tolda-luzitania-das-aguas-do-rio-sao-francisco\/#breadcrumb","itemListElement":[{"@type":"ListItem","position":1,"name":"In\u00edcio","item":"https:\/\/www.cidademarketing.com.br\/marketing\/"},{"@type":"ListItem","position":2,"name":"Iphan remove Canoa Tolda Luzit\u00e2nia das \u00e1guas do rio S\u00e3o Francisco"}]},{"@type":"WebSite","@id":"https:\/\/www.cidademarketing.com.br\/marketing\/#website","url":"https:\/\/www.cidademarketing.com.br\/marketing\/","name":"CidadeMarketing","description":"Somos um ve\u00edculo de comunica\u00e7\u00e3o de destaque no Brasil, reconhecido por conte\u00fados nos segmentos de marketing, empreendedorismo e inova\u00e7\u00e3o.","publisher":{"@id":"https:\/\/www.cidademarketing.com.br\/marketing\/#organization"},"alternateName":"CidadeMarketing","potentialAction":[{"@type":"SearchAction","target":{"@type":"EntryPoint","urlTemplate":"https:\/\/www.cidademarketing.com.br\/marketing\/?s={search_term_string}"},"query-input":{"@type":"PropertyValueSpecification","valueRequired":true,"valueName":"search_term_string"}}],"inLanguage":"pt-BR"},{"@type":"Organization","@id":"https:\/\/www.cidademarketing.com.br\/marketing\/#organization","name":"CidadeMarketing","alternateName":"CidadeMarketing","url":"https:\/\/www.cidademarketing.com.br\/marketing\/","logo":{"@type":"ImageObject","inLanguage":"pt-BR","@id":"https:\/\/www.cidademarketing.com.br\/marketing\/#\/schema\/logo\/image\/","url":"https:\/\/www.cidademarketing.com.br\/marketing\/wp-content\/uploads\/2020\/01\/cidademarketing_marca_mobile.png","contentUrl":"https:\/\/www.cidademarketing.com.br\/marketing\/wp-content\/uploads\/2020\/01\/cidademarketing_marca_mobile.png","width":230,"height":92,"caption":"CidadeMarketing"},"image":{"@id":"https:\/\/www.cidademarketing.com.br\/marketing\/#\/schema\/logo\/image\/"},"sameAs":["https:\/\/www.facebook.com\/portalcidademarketing","https:\/\/x.com\/CidadeMarketing","https:\/\/www.instagram.com\/cidademarketing\/"]},{"@type":"Person","@id":"https:\/\/www.cidademarketing.com.br\/marketing\/#\/schema\/person\/02daff9f18bd9378c9e01eb6b2db155f","name":"Thales Brand\u00e3o","image":{"@type":"ImageObject","inLanguage":"pt-BR","@id":"https:\/\/secure.gravatar.com\/avatar\/7ca3206950207cc3cb48feec56a8a7898741ab725c368d99d5d7a5a50aab80c6?s=96&d=mm&r=g","url":"https:\/\/secure.gravatar.com\/avatar\/7ca3206950207cc3cb48feec56a8a7898741ab725c368d99d5d7a5a50aab80c6?s=96&d=mm&r=g","contentUrl":"https:\/\/secure.gravatar.com\/avatar\/7ca3206950207cc3cb48feec56a8a7898741ab725c368d99d5d7a5a50aab80c6?s=96&d=mm&r=g","caption":"Thales Brand\u00e3o"},"description":"Editor Executivo do Portal CidadeMarketing.com.br &gt; Mestre em Comunica\u00e7\u00e3o e Sociedade pela Universidade Federal de Sergipe. Possui MBA Executivo em Administra\u00e7\u00e3o com \u00eanfase em Marketing pela Funda\u00e7\u00e3o Get\u00falio Vargas - Rio de Janeiro. Consultor, Palestrante e Pesquisador sobre Empreendedorismo, Marketing, Redes Sociais e Neg\u00f3cios Digitais. Professor, Palestrante TedxTalks e Campus Party. Twitter: @ThalesBrandao","sameAs":["http:\/\/www.mandacaru.com.br","https:\/\/www.facebook.com\/thalesbrandao","http:\/\/www.instagram.com.br\/thalesbrandaoferreira","https:\/\/www.linkedin.com\/in\/thales-brand\u00e3o-3948609\/","https:\/\/x.com\/http:\/\/www.twitter.com\/thalesbrandao"],"url":"https:\/\/www.cidademarketing.com.br\/marketing\/author\/thalesbrandao\/"}]}},"amp_enabled":true,"_links":{"self":[{"href":"https:\/\/www.cidademarketing.com.br\/marketing\/wp-json\/wp\/v2\/posts\/35074","targetHints":{"allow":["GET"]}}],"collection":[{"href":"https:\/\/www.cidademarketing.com.br\/marketing\/wp-json\/wp\/v2\/posts"}],"about":[{"href":"https:\/\/www.cidademarketing.com.br\/marketing\/wp-json\/wp\/v2\/types\/post"}],"author":[{"embeddable":true,"href":"https:\/\/www.cidademarketing.com.br\/marketing\/wp-json\/wp\/v2\/users\/1"}],"replies":[{"embeddable":true,"href":"https:\/\/www.cidademarketing.com.br\/marketing\/wp-json\/wp\/v2\/comments?post=35074"}],"version-history":[{"count":1,"href":"https:\/\/www.cidademarketing.com.br\/marketing\/wp-json\/wp\/v2\/posts\/35074\/revisions"}],"predecessor-version":[{"id":35077,"href":"https:\/\/www.cidademarketing.com.br\/marketing\/wp-json\/wp\/v2\/posts\/35074\/revisions\/35077"}],"wp:featuredmedia":[{"embeddable":true,"href":"https:\/\/www.cidademarketing.com.br\/marketing\/wp-json\/wp\/v2\/media\/35076"}],"wp:attachment":[{"href":"https:\/\/www.cidademarketing.com.br\/marketing\/wp-json\/wp\/v2\/media?parent=35074"}],"wp:term":[{"taxonomy":"category","embeddable":true,"href":"https:\/\/www.cidademarketing.com.br\/marketing\/wp-json\/wp\/v2\/categories?post=35074"},{"taxonomy":"post_tag","embeddable":true,"href":"https:\/\/www.cidademarketing.com.br\/marketing\/wp-json\/wp\/v2\/tags?post=35074"}],"curies":[{"name":"wp","href":"https:\/\/api.w.org\/{rel}","templated":true}]}}