{"id":34911,"date":"2022-03-10T17:23:41","date_gmt":"2022-03-10T20:23:41","guid":{"rendered":"https:\/\/www.cidademarketing.com.br\/marketing\/?p=34911"},"modified":"2022-03-10T17:23:41","modified_gmt":"2022-03-10T20:23:41","slug":"senado-aprova-um-auxilio-de-ate-r-300-mensais-para-motoristas-autonomos-de-baixa-renda","status":"publish","type":"post","link":"https:\/\/www.cidademarketing.com.br\/marketing\/2022\/03\/10\/senado-aprova-um-auxilio-de-ate-r-300-mensais-para-motoristas-autonomos-de-baixa-renda\/","title":{"rendered":"Senado aprova um aux\u00edlio de at\u00e9 R$ 300 mensais para motoristas aut\u00f4nomos de baixa renda"},"content":{"rendered":"<p><iframe src=\"https:\/\/open.spotify.com\/embed\/show\/4khMKzP3FgFRWVwb73xicc\" width=\"100%\" height=\"232\" frameborder=\"0\"><\/iframe><br \/>\nO Plen\u00e1rio do Senado aprovou, nesta quinta-feira (10), o projeto de lei que cria regras para estabiliza\u00e7\u00e3o dos pre\u00e7os de combust\u00edveis (PL 1472\/2021). O projeto cria um sistema de bandas de pre\u00e7os, que limitar\u00e1 a varia\u00e7\u00e3o, e uma conta federal para financiar essa ferramenta. Al\u00e9m disso, estabelece um aux\u00edlio de at\u00e9 R$ 300 mensais para motoristas aut\u00f4nomos de baixa renda. O projeto segue para a C\u00e2mara dos Deputados.<\/p>\n<p>O projeto foi aprovado na forma de substitutivo do relator, senador Jean Paul Prates (PT-RN). O seu dispositivo central \u00e9 um\u00a0programa de estabiliza\u00e7\u00e3o de pre\u00e7os, inserido na Pol\u00edtica Energ\u00e9tica Nacional (Lei 9.478, de 1997). O sistema usa bandas m\u00f3veis (limites m\u00ednimo e m\u00e1ximo) definidas pelo governo federal para proteger o consumidor final da varia\u00e7\u00e3o do pre\u00e7o de mercado dos combust\u00edveis. Pelo sistema,\u00a0quando os pre\u00e7os de mercado estiverem abaixo do limite inferior da banda, os recursos correspondentes \u00e0 diferen\u00e7a ser\u00e3o acumulados na Conta de Estabiliza\u00e7\u00e3o de Pre\u00e7os de Combust\u00edveis (CEP-Combust\u00edveis). Quando estiverem acima do limite superior, a CEP-Combust\u00edveis servir\u00e1 para manter o pre\u00e7o real dentro da margem regulamentar.<\/p>\n<p>O substitutivo tamb\u00e9m cria o\u00a0Aux\u00edlio Combust\u00edvel Brasileiro (ACB), valor mensal a ser pago pelo governo federal para taxistas, motoristas de aplicativo, motociclistas e condutores de pequenas embarca\u00e7\u00f5es. Os benefici\u00e1rios ser\u00e3o, preferencialmente, aqueles inscritos no Aux\u00edlio Brasil. O projeto prev\u00ea or\u00e7amento de at\u00e9 R$ 3 bilh\u00f5es para o programa.<\/p>\n<p>Fonte: Ag\u00eancia Senado<\/p>\n<p><iframe style=\"width: 100%; max-width: 660px; overflow: hidden; background: transparent;\" src=\"https:\/\/embed.podcasts.apple.com\/br\/podcast\/podcast-cidademarketing\/id1371923283\" height=\"450\" frameborder=\"0\" sandbox=\"allow-forms allow-popups allow-same-origin allow-scripts allow-storage-access-by-user-activation allow-top-navigation-by-user-activation\"><\/iframe><\/p>\n","protected":false},"excerpt":{"rendered":"<p>O Plen\u00e1rio do Senado aprovou, nesta quinta-feira (10), o projeto de lei que cria regras para estabiliza\u00e7\u00e3o dos pre\u00e7os de combust\u00edveis (PL 1472\/2021). O projeto cria um sistema de bandas de pre\u00e7os, que limitar\u00e1 a varia\u00e7\u00e3o, e uma conta federal para financiar essa ferramenta. Al\u00e9m disso, estabelece um aux\u00edlio de at\u00e9 R$ 300 mensais para [&hellip;]<\/p>\n","protected":false},"author":1,"featured_media":17540,"comment_status":"open","ping_status":"open","sticky":false,"template":"","format":"standard","meta":{"tdm_status":"","tdm_grid_status":"","footnotes":""},"categories":[6],"tags":[5233,33,1043,28,1584],"class_list":["post-34911","post","type-post","status-publish","format-standard","has-post-thumbnail","hentry","category-noticias","tag-auxilio","tag-estrategia","tag-gasolina","tag-marketing","tag-senado"],"yoast_head":"<!-- This site is optimized with the Yoast SEO plugin v27.4 - https:\/\/yoast.com\/product\/yoast-seo-wordpress\/ -->\n<title>Senado aprova um aux\u00edlio de at\u00e9 R$ 300 mensais para motoristas aut\u00f4nomos de baixa renda - CidadeMarketing<\/title>\n<meta name=\"robots\" content=\"index, follow, max-snippet:-1, max-image-preview:large, max-video-preview:-1\" \/>\n<link rel=\"canonical\" href=\"https:\/\/www.cidademarketing.com.br\/marketing\/2022\/03\/10\/senado-aprova-um-auxilio-de-ate-r-300-mensais-para-motoristas-autonomos-de-baixa-renda\/\" \/>\n<meta property=\"og:locale\" content=\"pt_BR\" \/>\n<meta property=\"og:type\" content=\"article\" \/>\n<meta property=\"og:title\" content=\"Senado aprova um aux\u00edlio de at\u00e9 R$ 300 mensais para motoristas aut\u00f4nomos de baixa renda - CidadeMarketing\" \/>\n<meta property=\"og:description\" content=\"O Plen\u00e1rio do Senado aprovou, nesta quinta-feira (10), o projeto de lei que cria regras para estabiliza\u00e7\u00e3o dos pre\u00e7os de combust\u00edveis (PL 1472\/2021). O projeto cria um sistema de bandas de pre\u00e7os, que limitar\u00e1 a varia\u00e7\u00e3o, e uma conta federal para financiar essa ferramenta. Al\u00e9m disso, estabelece um aux\u00edlio de at\u00e9 R$ 300 mensais para [&hellip;]\" \/>\n<meta property=\"og:url\" content=\"https:\/\/www.cidademarketing.com.br\/marketing\/2022\/03\/10\/senado-aprova-um-auxilio-de-ate-r-300-mensais-para-motoristas-autonomos-de-baixa-renda\/\" \/>\n<meta property=\"og:site_name\" content=\"CidadeMarketing\" \/>\n<meta property=\"article:publisher\" content=\"https:\/\/www.facebook.com\/portalcidademarketing\" \/>\n<meta property=\"article:author\" content=\"https:\/\/www.facebook.com\/thalesbrandao\" \/>\n<meta property=\"article:published_time\" content=\"2022-03-10T20:23:41+00:00\" \/>\n<meta property=\"og:image\" content=\"https:\/\/www.cidademarketing.com.br\/marketing\/wp-content\/uploads\/2020\/08\/braskem_gasolina.jpg\" \/>\n\t<meta property=\"og:image:width\" content=\"480\" \/>\n\t<meta property=\"og:image:height\" content=\"320\" \/>\n\t<meta property=\"og:image:type\" content=\"image\/jpeg\" \/>\n<meta name=\"author\" content=\"Thales Brand\u00e3o\" \/>\n<meta name=\"twitter:card\" content=\"summary_large_image\" \/>\n<meta name=\"twitter:creator\" content=\"@http:\/\/www.twitter.com\/thalesbrandao\" \/>\n<meta name=\"twitter:site\" content=\"@CidadeMarketing\" \/>\n<meta name=\"twitter:label1\" content=\"Escrito por\" \/>\n\t<meta name=\"twitter:data1\" content=\"Thales Brand\u00e3o\" \/>\n\t<meta name=\"twitter:label2\" content=\"Est. tempo de leitura\" \/>\n\t<meta name=\"twitter:data2\" content=\"1 minuto\" \/>\n<script type=\"application\/ld+json\" class=\"yoast-schema-graph\">{\"@context\":\"https:\\\/\\\/schema.org\",\"@graph\":[{\"@type\":\"Article\",\"@id\":\"https:\\\/\\\/www.cidademarketing.com.br\\\/marketing\\\/2022\\\/03\\\/10\\\/senado-aprova-um-auxilio-de-ate-r-300-mensais-para-motoristas-autonomos-de-baixa-renda\\\/#article\",\"isPartOf\":{\"@id\":\"https:\\\/\\\/www.cidademarketing.com.br\\\/marketing\\\/2022\\\/03\\\/10\\\/senado-aprova-um-auxilio-de-ate-r-300-mensais-para-motoristas-autonomos-de-baixa-renda\\\/\"},\"author\":{\"name\":\"Thales Brand\u00e3o\",\"@id\":\"https:\\\/\\\/www.cidademarketing.com.br\\\/marketing\\\/#\\\/schema\\\/person\\\/02daff9f18bd9378c9e01eb6b2db155f\"},\"headline\":\"Senado aprova um aux\u00edlio de at\u00e9 R$ 300 mensais para motoristas aut\u00f4nomos de baixa renda\",\"datePublished\":\"2022-03-10T20:23:41+00:00\",\"mainEntityOfPage\":{\"@id\":\"https:\\\/\\\/www.cidademarketing.com.br\\\/marketing\\\/2022\\\/03\\\/10\\\/senado-aprova-um-auxilio-de-ate-r-300-mensais-para-motoristas-autonomos-de-baixa-renda\\\/\"},\"wordCount\":276,\"commentCount\":0,\"publisher\":{\"@id\":\"https:\\\/\\\/www.cidademarketing.com.br\\\/marketing\\\/#organization\"},\"image\":{\"@id\":\"https:\\\/\\\/www.cidademarketing.com.br\\\/marketing\\\/2022\\\/03\\\/10\\\/senado-aprova-um-auxilio-de-ate-r-300-mensais-para-motoristas-autonomos-de-baixa-renda\\\/#primaryimage\"},\"thumbnailUrl\":\"https:\\\/\\\/www.cidademarketing.com.br\\\/marketing\\\/wp-content\\\/uploads\\\/2020\\\/08\\\/braskem_gasolina.jpg\",\"keywords\":[\"aux\u00edlio\",\"estrat\u00e9gia\",\"gasolina\",\"marketing\",\"Senado\"],\"articleSection\":[\"Not\u00edcias\"],\"inLanguage\":\"pt-BR\",\"potentialAction\":[{\"@type\":\"CommentAction\",\"name\":\"Comment\",\"target\":[\"https:\\\/\\\/www.cidademarketing.com.br\\\/marketing\\\/2022\\\/03\\\/10\\\/senado-aprova-um-auxilio-de-ate-r-300-mensais-para-motoristas-autonomos-de-baixa-renda\\\/#respond\"]}]},{\"@type\":\"WebPage\",\"@id\":\"https:\\\/\\\/www.cidademarketing.com.br\\\/marketing\\\/2022\\\/03\\\/10\\\/senado-aprova-um-auxilio-de-ate-r-300-mensais-para-motoristas-autonomos-de-baixa-renda\\\/\",\"url\":\"https:\\\/\\\/www.cidademarketing.com.br\\\/marketing\\\/2022\\\/03\\\/10\\\/senado-aprova-um-auxilio-de-ate-r-300-mensais-para-motoristas-autonomos-de-baixa-renda\\\/\",\"name\":\"Senado aprova um aux\u00edlio de at\u00e9 R$ 300 mensais para motoristas aut\u00f4nomos de baixa renda - CidadeMarketing\",\"isPartOf\":{\"@id\":\"https:\\\/\\\/www.cidademarketing.com.br\\\/marketing\\\/#website\"},\"primaryImageOfPage\":{\"@id\":\"https:\\\/\\\/www.cidademarketing.com.br\\\/marketing\\\/2022\\\/03\\\/10\\\/senado-aprova-um-auxilio-de-ate-r-300-mensais-para-motoristas-autonomos-de-baixa-renda\\\/#primaryimage\"},\"image\":{\"@id\":\"https:\\\/\\\/www.cidademarketing.com.br\\\/marketing\\\/2022\\\/03\\\/10\\\/senado-aprova-um-auxilio-de-ate-r-300-mensais-para-motoristas-autonomos-de-baixa-renda\\\/#primaryimage\"},\"thumbnailUrl\":\"https:\\\/\\\/www.cidademarketing.com.br\\\/marketing\\\/wp-content\\\/uploads\\\/2020\\\/08\\\/braskem_gasolina.jpg\",\"datePublished\":\"2022-03-10T20:23:41+00:00\",\"breadcrumb\":{\"@id\":\"https:\\\/\\\/www.cidademarketing.com.br\\\/marketing\\\/2022\\\/03\\\/10\\\/senado-aprova-um-auxilio-de-ate-r-300-mensais-para-motoristas-autonomos-de-baixa-renda\\\/#breadcrumb\"},\"inLanguage\":\"pt-BR\",\"potentialAction\":[{\"@type\":\"ReadAction\",\"target\":[\"https:\\\/\\\/www.cidademarketing.com.br\\\/marketing\\\/2022\\\/03\\\/10\\\/senado-aprova-um-auxilio-de-ate-r-300-mensais-para-motoristas-autonomos-de-baixa-renda\\\/\"]}]},{\"@type\":\"ImageObject\",\"inLanguage\":\"pt-BR\",\"@id\":\"https:\\\/\\\/www.cidademarketing.com.br\\\/marketing\\\/2022\\\/03\\\/10\\\/senado-aprova-um-auxilio-de-ate-r-300-mensais-para-motoristas-autonomos-de-baixa-renda\\\/#primaryimage\",\"url\":\"https:\\\/\\\/www.cidademarketing.com.br\\\/marketing\\\/wp-content\\\/uploads\\\/2020\\\/08\\\/braskem_gasolina.jpg\",\"contentUrl\":\"https:\\\/\\\/www.cidademarketing.com.br\\\/marketing\\\/wp-content\\\/uploads\\\/2020\\\/08\\\/braskem_gasolina.jpg\",\"width\":480,\"height\":320,\"caption\":\"Divulga\u00e7\u00e3o\"},{\"@type\":\"BreadcrumbList\",\"@id\":\"https:\\\/\\\/www.cidademarketing.com.br\\\/marketing\\\/2022\\\/03\\\/10\\\/senado-aprova-um-auxilio-de-ate-r-300-mensais-para-motoristas-autonomos-de-baixa-renda\\\/#breadcrumb\",\"itemListElement\":[{\"@type\":\"ListItem\",\"position\":1,\"name\":\"In\u00edcio\",\"item\":\"https:\\\/\\\/www.cidademarketing.com.br\\\/marketing\\\/\"},{\"@type\":\"ListItem\",\"position\":2,\"name\":\"Senado aprova um aux\u00edlio de at\u00e9 R$ 300 mensais para motoristas aut\u00f4nomos de baixa renda\"}]},{\"@type\":\"WebSite\",\"@id\":\"https:\\\/\\\/www.cidademarketing.com.br\\\/marketing\\\/#website\",\"url\":\"https:\\\/\\\/www.cidademarketing.com.br\\\/marketing\\\/\",\"name\":\"CidadeMarketing\",\"description\":\"Somos um ve\u00edculo de comunica\u00e7\u00e3o de destaque no Brasil, reconhecido por conte\u00fados nos segmentos de marketing, empreendedorismo e inova\u00e7\u00e3o.\",\"publisher\":{\"@id\":\"https:\\\/\\\/www.cidademarketing.com.br\\\/marketing\\\/#organization\"},\"alternateName\":\"CidadeMarketing\",\"potentialAction\":[{\"@type\":\"SearchAction\",\"target\":{\"@type\":\"EntryPoint\",\"urlTemplate\":\"https:\\\/\\\/www.cidademarketing.com.br\\\/marketing\\\/?s={search_term_string}\"},\"query-input\":{\"@type\":\"PropertyValueSpecification\",\"valueRequired\":true,\"valueName\":\"search_term_string\"}}],\"inLanguage\":\"pt-BR\"},{\"@type\":\"Organization\",\"@id\":\"https:\\\/\\\/www.cidademarketing.com.br\\\/marketing\\\/#organization\",\"name\":\"CidadeMarketing\",\"alternateName\":\"CidadeMarketing\",\"url\":\"https:\\\/\\\/www.cidademarketing.com.br\\\/marketing\\\/\",\"logo\":{\"@type\":\"ImageObject\",\"inLanguage\":\"pt-BR\",\"@id\":\"https:\\\/\\\/www.cidademarketing.com.br\\\/marketing\\\/#\\\/schema\\\/logo\\\/image\\\/\",\"url\":\"https:\\\/\\\/www.cidademarketing.com.br\\\/marketing\\\/wp-content\\\/uploads\\\/2020\\\/01\\\/cidademarketing_marca_mobile.png\",\"contentUrl\":\"https:\\\/\\\/www.cidademarketing.com.br\\\/marketing\\\/wp-content\\\/uploads\\\/2020\\\/01\\\/cidademarketing_marca_mobile.png\",\"width\":230,\"height\":92,\"caption\":\"CidadeMarketing\"},\"image\":{\"@id\":\"https:\\\/\\\/www.cidademarketing.com.br\\\/marketing\\\/#\\\/schema\\\/logo\\\/image\\\/\"},\"sameAs\":[\"https:\\\/\\\/www.facebook.com\\\/portalcidademarketing\",\"https:\\\/\\\/x.com\\\/CidadeMarketing\",\"https:\\\/\\\/www.instagram.com\\\/cidademarketing\\\/\"]},{\"@type\":\"Person\",\"@id\":\"https:\\\/\\\/www.cidademarketing.com.br\\\/marketing\\\/#\\\/schema\\\/person\\\/02daff9f18bd9378c9e01eb6b2db155f\",\"name\":\"Thales Brand\u00e3o\",\"image\":{\"@type\":\"ImageObject\",\"inLanguage\":\"pt-BR\",\"@id\":\"https:\\\/\\\/secure.gravatar.com\\\/avatar\\\/7ca3206950207cc3cb48feec56a8a7898741ab725c368d99d5d7a5a50aab80c6?s=96&d=mm&r=g\",\"url\":\"https:\\\/\\\/secure.gravatar.com\\\/avatar\\\/7ca3206950207cc3cb48feec56a8a7898741ab725c368d99d5d7a5a50aab80c6?s=96&d=mm&r=g\",\"contentUrl\":\"https:\\\/\\\/secure.gravatar.com\\\/avatar\\\/7ca3206950207cc3cb48feec56a8a7898741ab725c368d99d5d7a5a50aab80c6?s=96&d=mm&r=g\",\"caption\":\"Thales Brand\u00e3o\"},\"description\":\"Editor Executivo do Portal CidadeMarketing.com.br &gt; Mestre em Comunica\u00e7\u00e3o e Sociedade pela Universidade Federal de Sergipe. Possui MBA Executivo em Administra\u00e7\u00e3o com \u00eanfase em Marketing pela Funda\u00e7\u00e3o Get\u00falio Vargas - Rio de Janeiro. Consultor, Palestrante e Pesquisador sobre Empreendedorismo, Marketing, Redes Sociais e Neg\u00f3cios Digitais. Professor, Palestrante TedxTalks e Campus Party. Twitter: @ThalesBrandao\",\"sameAs\":[\"http:\\\/\\\/www.mandacaru.com.br\",\"https:\\\/\\\/www.facebook.com\\\/thalesbrandao\",\"http:\\\/\\\/www.instagram.com.br\\\/thalesbrandaoferreira\",\"https:\\\/\\\/www.linkedin.com\\\/in\\\/thales-brand\u00e3o-3948609\\\/\",\"https:\\\/\\\/x.com\\\/http:\\\/\\\/www.twitter.com\\\/thalesbrandao\"],\"url\":\"https:\\\/\\\/www.cidademarketing.com.br\\\/marketing\\\/author\\\/thalesbrandao\\\/\"}]}<\/script>\n<!-- \/ Yoast SEO plugin. -->","yoast_head_json":{"title":"Senado aprova um aux\u00edlio de at\u00e9 R$ 300 mensais para motoristas aut\u00f4nomos de baixa renda - CidadeMarketing","robots":{"index":"index","follow":"follow","max-snippet":"max-snippet:-1","max-image-preview":"max-image-preview:large","max-video-preview":"max-video-preview:-1"},"canonical":"https:\/\/www.cidademarketing.com.br\/marketing\/2022\/03\/10\/senado-aprova-um-auxilio-de-ate-r-300-mensais-para-motoristas-autonomos-de-baixa-renda\/","og_locale":"pt_BR","og_type":"article","og_title":"Senado aprova um aux\u00edlio de at\u00e9 R$ 300 mensais para motoristas aut\u00f4nomos de baixa renda - CidadeMarketing","og_description":"O Plen\u00e1rio do Senado aprovou, nesta quinta-feira (10), o projeto de lei que cria regras para estabiliza\u00e7\u00e3o dos pre\u00e7os de combust\u00edveis (PL 1472\/2021). O projeto cria um sistema de bandas de pre\u00e7os, que limitar\u00e1 a varia\u00e7\u00e3o, e uma conta federal para financiar essa ferramenta. Al\u00e9m disso, estabelece um aux\u00edlio de at\u00e9 R$ 300 mensais para [&hellip;]","og_url":"https:\/\/www.cidademarketing.com.br\/marketing\/2022\/03\/10\/senado-aprova-um-auxilio-de-ate-r-300-mensais-para-motoristas-autonomos-de-baixa-renda\/","og_site_name":"CidadeMarketing","article_publisher":"https:\/\/www.facebook.com\/portalcidademarketing","article_author":"https:\/\/www.facebook.com\/thalesbrandao","article_published_time":"2022-03-10T20:23:41+00:00","og_image":[{"width":480,"height":320,"url":"https:\/\/www.cidademarketing.com.br\/marketing\/wp-content\/uploads\/2020\/08\/braskem_gasolina.jpg","type":"image\/jpeg"}],"author":"Thales Brand\u00e3o","twitter_card":"summary_large_image","twitter_creator":"@http:\/\/www.twitter.com\/thalesbrandao","twitter_site":"@CidadeMarketing","twitter_misc":{"Escrito por":"Thales Brand\u00e3o","Est. tempo de leitura":"1 minuto"},"schema":{"@context":"https:\/\/schema.org","@graph":[{"@type":"Article","@id":"https:\/\/www.cidademarketing.com.br\/marketing\/2022\/03\/10\/senado-aprova-um-auxilio-de-ate-r-300-mensais-para-motoristas-autonomos-de-baixa-renda\/#article","isPartOf":{"@id":"https:\/\/www.cidademarketing.com.br\/marketing\/2022\/03\/10\/senado-aprova-um-auxilio-de-ate-r-300-mensais-para-motoristas-autonomos-de-baixa-renda\/"},"author":{"name":"Thales Brand\u00e3o","@id":"https:\/\/www.cidademarketing.com.br\/marketing\/#\/schema\/person\/02daff9f18bd9378c9e01eb6b2db155f"},"headline":"Senado aprova um aux\u00edlio de at\u00e9 R$ 300 mensais para motoristas aut\u00f4nomos de baixa renda","datePublished":"2022-03-10T20:23:41+00:00","mainEntityOfPage":{"@id":"https:\/\/www.cidademarketing.com.br\/marketing\/2022\/03\/10\/senado-aprova-um-auxilio-de-ate-r-300-mensais-para-motoristas-autonomos-de-baixa-renda\/"},"wordCount":276,"commentCount":0,"publisher":{"@id":"https:\/\/www.cidademarketing.com.br\/marketing\/#organization"},"image":{"@id":"https:\/\/www.cidademarketing.com.br\/marketing\/2022\/03\/10\/senado-aprova-um-auxilio-de-ate-r-300-mensais-para-motoristas-autonomos-de-baixa-renda\/#primaryimage"},"thumbnailUrl":"https:\/\/www.cidademarketing.com.br\/marketing\/wp-content\/uploads\/2020\/08\/braskem_gasolina.jpg","keywords":["aux\u00edlio","estrat\u00e9gia","gasolina","marketing","Senado"],"articleSection":["Not\u00edcias"],"inLanguage":"pt-BR","potentialAction":[{"@type":"CommentAction","name":"Comment","target":["https:\/\/www.cidademarketing.com.br\/marketing\/2022\/03\/10\/senado-aprova-um-auxilio-de-ate-r-300-mensais-para-motoristas-autonomos-de-baixa-renda\/#respond"]}]},{"@type":"WebPage","@id":"https:\/\/www.cidademarketing.com.br\/marketing\/2022\/03\/10\/senado-aprova-um-auxilio-de-ate-r-300-mensais-para-motoristas-autonomos-de-baixa-renda\/","url":"https:\/\/www.cidademarketing.com.br\/marketing\/2022\/03\/10\/senado-aprova-um-auxilio-de-ate-r-300-mensais-para-motoristas-autonomos-de-baixa-renda\/","name":"Senado aprova um aux\u00edlio de at\u00e9 R$ 300 mensais para motoristas aut\u00f4nomos de baixa renda - CidadeMarketing","isPartOf":{"@id":"https:\/\/www.cidademarketing.com.br\/marketing\/#website"},"primaryImageOfPage":{"@id":"https:\/\/www.cidademarketing.com.br\/marketing\/2022\/03\/10\/senado-aprova-um-auxilio-de-ate-r-300-mensais-para-motoristas-autonomos-de-baixa-renda\/#primaryimage"},"image":{"@id":"https:\/\/www.cidademarketing.com.br\/marketing\/2022\/03\/10\/senado-aprova-um-auxilio-de-ate-r-300-mensais-para-motoristas-autonomos-de-baixa-renda\/#primaryimage"},"thumbnailUrl":"https:\/\/www.cidademarketing.com.br\/marketing\/wp-content\/uploads\/2020\/08\/braskem_gasolina.jpg","datePublished":"2022-03-10T20:23:41+00:00","breadcrumb":{"@id":"https:\/\/www.cidademarketing.com.br\/marketing\/2022\/03\/10\/senado-aprova-um-auxilio-de-ate-r-300-mensais-para-motoristas-autonomos-de-baixa-renda\/#breadcrumb"},"inLanguage":"pt-BR","potentialAction":[{"@type":"ReadAction","target":["https:\/\/www.cidademarketing.com.br\/marketing\/2022\/03\/10\/senado-aprova-um-auxilio-de-ate-r-300-mensais-para-motoristas-autonomos-de-baixa-renda\/"]}]},{"@type":"ImageObject","inLanguage":"pt-BR","@id":"https:\/\/www.cidademarketing.com.br\/marketing\/2022\/03\/10\/senado-aprova-um-auxilio-de-ate-r-300-mensais-para-motoristas-autonomos-de-baixa-renda\/#primaryimage","url":"https:\/\/www.cidademarketing.com.br\/marketing\/wp-content\/uploads\/2020\/08\/braskem_gasolina.jpg","contentUrl":"https:\/\/www.cidademarketing.com.br\/marketing\/wp-content\/uploads\/2020\/08\/braskem_gasolina.jpg","width":480,"height":320,"caption":"Divulga\u00e7\u00e3o"},{"@type":"BreadcrumbList","@id":"https:\/\/www.cidademarketing.com.br\/marketing\/2022\/03\/10\/senado-aprova-um-auxilio-de-ate-r-300-mensais-para-motoristas-autonomos-de-baixa-renda\/#breadcrumb","itemListElement":[{"@type":"ListItem","position":1,"name":"In\u00edcio","item":"https:\/\/www.cidademarketing.com.br\/marketing\/"},{"@type":"ListItem","position":2,"name":"Senado aprova um aux\u00edlio de at\u00e9 R$ 300 mensais para motoristas aut\u00f4nomos de baixa renda"}]},{"@type":"WebSite","@id":"https:\/\/www.cidademarketing.com.br\/marketing\/#website","url":"https:\/\/www.cidademarketing.com.br\/marketing\/","name":"CidadeMarketing","description":"Somos um ve\u00edculo de comunica\u00e7\u00e3o de destaque no Brasil, reconhecido por conte\u00fados nos segmentos de marketing, empreendedorismo e inova\u00e7\u00e3o.","publisher":{"@id":"https:\/\/www.cidademarketing.com.br\/marketing\/#organization"},"alternateName":"CidadeMarketing","potentialAction":[{"@type":"SearchAction","target":{"@type":"EntryPoint","urlTemplate":"https:\/\/www.cidademarketing.com.br\/marketing\/?s={search_term_string}"},"query-input":{"@type":"PropertyValueSpecification","valueRequired":true,"valueName":"search_term_string"}}],"inLanguage":"pt-BR"},{"@type":"Organization","@id":"https:\/\/www.cidademarketing.com.br\/marketing\/#organization","name":"CidadeMarketing","alternateName":"CidadeMarketing","url":"https:\/\/www.cidademarketing.com.br\/marketing\/","logo":{"@type":"ImageObject","inLanguage":"pt-BR","@id":"https:\/\/www.cidademarketing.com.br\/marketing\/#\/schema\/logo\/image\/","url":"https:\/\/www.cidademarketing.com.br\/marketing\/wp-content\/uploads\/2020\/01\/cidademarketing_marca_mobile.png","contentUrl":"https:\/\/www.cidademarketing.com.br\/marketing\/wp-content\/uploads\/2020\/01\/cidademarketing_marca_mobile.png","width":230,"height":92,"caption":"CidadeMarketing"},"image":{"@id":"https:\/\/www.cidademarketing.com.br\/marketing\/#\/schema\/logo\/image\/"},"sameAs":["https:\/\/www.facebook.com\/portalcidademarketing","https:\/\/x.com\/CidadeMarketing","https:\/\/www.instagram.com\/cidademarketing\/"]},{"@type":"Person","@id":"https:\/\/www.cidademarketing.com.br\/marketing\/#\/schema\/person\/02daff9f18bd9378c9e01eb6b2db155f","name":"Thales Brand\u00e3o","image":{"@type":"ImageObject","inLanguage":"pt-BR","@id":"https:\/\/secure.gravatar.com\/avatar\/7ca3206950207cc3cb48feec56a8a7898741ab725c368d99d5d7a5a50aab80c6?s=96&d=mm&r=g","url":"https:\/\/secure.gravatar.com\/avatar\/7ca3206950207cc3cb48feec56a8a7898741ab725c368d99d5d7a5a50aab80c6?s=96&d=mm&r=g","contentUrl":"https:\/\/secure.gravatar.com\/avatar\/7ca3206950207cc3cb48feec56a8a7898741ab725c368d99d5d7a5a50aab80c6?s=96&d=mm&r=g","caption":"Thales Brand\u00e3o"},"description":"Editor Executivo do Portal CidadeMarketing.com.br &gt; Mestre em Comunica\u00e7\u00e3o e Sociedade pela Universidade Federal de Sergipe. Possui MBA Executivo em Administra\u00e7\u00e3o com \u00eanfase em Marketing pela Funda\u00e7\u00e3o Get\u00falio Vargas - Rio de Janeiro. Consultor, Palestrante e Pesquisador sobre Empreendedorismo, Marketing, Redes Sociais e Neg\u00f3cios Digitais. Professor, Palestrante TedxTalks e Campus Party. Twitter: @ThalesBrandao","sameAs":["http:\/\/www.mandacaru.com.br","https:\/\/www.facebook.com\/thalesbrandao","http:\/\/www.instagram.com.br\/thalesbrandaoferreira","https:\/\/www.linkedin.com\/in\/thales-brand\u00e3o-3948609\/","https:\/\/x.com\/http:\/\/www.twitter.com\/thalesbrandao"],"url":"https:\/\/www.cidademarketing.com.br\/marketing\/author\/thalesbrandao\/"}]}},"amp_enabled":true,"_links":{"self":[{"href":"https:\/\/www.cidademarketing.com.br\/marketing\/wp-json\/wp\/v2\/posts\/34911","targetHints":{"allow":["GET"]}}],"collection":[{"href":"https:\/\/www.cidademarketing.com.br\/marketing\/wp-json\/wp\/v2\/posts"}],"about":[{"href":"https:\/\/www.cidademarketing.com.br\/marketing\/wp-json\/wp\/v2\/types\/post"}],"author":[{"embeddable":true,"href":"https:\/\/www.cidademarketing.com.br\/marketing\/wp-json\/wp\/v2\/users\/1"}],"replies":[{"embeddable":true,"href":"https:\/\/www.cidademarketing.com.br\/marketing\/wp-json\/wp\/v2\/comments?post=34911"}],"version-history":[{"count":1,"href":"https:\/\/www.cidademarketing.com.br\/marketing\/wp-json\/wp\/v2\/posts\/34911\/revisions"}],"predecessor-version":[{"id":34912,"href":"https:\/\/www.cidademarketing.com.br\/marketing\/wp-json\/wp\/v2\/posts\/34911\/revisions\/34912"}],"wp:featuredmedia":[{"embeddable":true,"href":"https:\/\/www.cidademarketing.com.br\/marketing\/wp-json\/wp\/v2\/media\/17540"}],"wp:attachment":[{"href":"https:\/\/www.cidademarketing.com.br\/marketing\/wp-json\/wp\/v2\/media?parent=34911"}],"wp:term":[{"taxonomy":"category","embeddable":true,"href":"https:\/\/www.cidademarketing.com.br\/marketing\/wp-json\/wp\/v2\/categories?post=34911"},{"taxonomy":"post_tag","embeddable":true,"href":"https:\/\/www.cidademarketing.com.br\/marketing\/wp-json\/wp\/v2\/tags?post=34911"}],"curies":[{"name":"wp","href":"https:\/\/api.w.org\/{rel}","templated":true}]}}