{"id":34683,"date":"2022-02-24T21:02:16","date_gmt":"2022-02-25T00:02:16","guid":{"rendered":"https:\/\/www.cidademarketing.com.br\/marketing\/?p=34683"},"modified":"2022-02-24T21:02:16","modified_gmt":"2022-02-25T00:02:16","slug":"grendene-registra-receita-bruta-maior-que-nos-dois-anos-anteriores","status":"publish","type":"post","link":"https:\/\/www.cidademarketing.com.br\/marketing\/2022\/02\/24\/grendene-registra-receita-bruta-maior-que-nos-dois-anos-anteriores\/","title":{"rendered":"Grendene registra receita bruta maior que nos dois anos anteriores"},"content":{"rendered":"<p><iframe src=\"https:\/\/open.spotify.com\/embed\/show\/4khMKzP3FgFRWVwb73xicc\" width=\"100%\" height=\"232\" frameborder=\"0\"><\/iframe><br \/>\nA Grendene encerrou 2021, ano em que completou meio s\u00e9culo de hist\u00f3ria, em forte ritmo de retomada ap\u00f3s o momento mais cr\u00edtico da pandemia. O acumulado de receita bruta, em 2021, foi de R$ 2,8 bilh\u00f5es, 13,3% e 21,9% acima de 2019 e de 2020, respectivamente.<\/p>\n<p>De outubro a dezembro, a companhia registrou receita bruta de R$ 946,8 milh\u00f5es, crescimento de 19,1% comparado com o quarto trimestre de 2019, quando n\u00e3o havia os impactos da pandemia no mercado.<\/p>\n<p>No acumulado do ano, a receita bruta oriunda das exporta\u00e7\u00f5es foi de R$ 686,3 milh\u00f5es, 28,6% e 59,2% acima de 2019 e de 2020, respectivamente. Foram embarcados 32,9 milh\u00f5es de pares no ano, um aumento de 6,6% ante 2019 e de 26,6% versus 2020. \u201cA comercializa\u00e7\u00e3o de uma excelente cole\u00e7\u00e3o, a nomea\u00e7\u00e3o de novos distribuidores internacionais e a penetra\u00e7\u00e3o em diversos canais de autosservi\u00e7o em in\u00fameros pa\u00edses trouxeram novas oportunidades comerciais \u00e0 Grendene. Adicionalmente, existe um movimento no mercado internacionais em que as empresas est\u00e3o buscando diversificar seus fornecedores, buscando reduzir a depend\u00eancia de fornecedores chineses. Este fator, aliado ao aumento do frete internacional, principalmente da China e aos problemas globais das cadeias de produ\u00e7\u00e3o, tem trazido \u00f3timas oportunidades para a Grendene\u201d, afirma Alceu Albuquerque, diretor de Rela\u00e7\u00f5es com Investidores da Grendene.<\/p>\n<p>Assim, as marcas do grupo avan\u00e7aram no Brasil e no exterior, contribuindo para os resultados da empresa. Clube Melissa, por exemplo, ganhou 45 novas unidades, passando para 391 lojas. \u201cTamb\u00e9m avan\u00e7amos com o processo de internacionaliza\u00e7\u00e3o da Melissa. Encerramos o ano com cinco Clubes Melissa em territ\u00f3rio norte-americano, al\u00e9m de outras 136 lojas exclusivas Melissa distribu\u00eddas em diversas regi\u00f5es do mundo\u201d, observa o executivo.<\/p>\n<p>O fortalecimento das vendas internacionais e o mix de maior valor agregado, combinados aos reajustes de pre\u00e7os concedidos, permitiram alcan\u00e7ar uma receita bruta\/par superior em 14,0% e 11,6% em rela\u00e7\u00e3o ao quarto trimestre em 2019 e 2020, respectivamente, contribuindo para mitigar o impacto do aumento de pre\u00e7os das mat\u00e9rias-primas e da m\u00e3o de obra na margem bruta.<\/p>\n<p>Outro aspecto que merece destaque \u00e9 a conclus\u00e3o da internaliza\u00e7\u00e3o de todas as lojas on-line das marcas da Grendene. Desde que a companhia passou a operar com todas as marcas em plataformas propriet\u00e1rias, houve expressivos crescimentos de vendas nas plataformas digitais.<\/p>\n<p>O EBIT recorrente foi de R$ 415,6 milh\u00f5es, em compara\u00e7\u00e3o a R$ 335,6 milh\u00f5es em 2019, e a R$ 372,2 milh\u00f5es, em 2020. J\u00e1 a margem EBIT recorrente anual cresceu 1,5 p.p. frente a 2019 e caiu 1,9 p.p. ante 2020. No trimestre, o EBIT recorrente atingiu R$ 176,1 milh\u00f5es, ante R$ 154,8 milh\u00f5es (+13,8%) no 4T19 e R$ 227,8 (-22,7%) no 4T20.<\/p>\n<p>O resultado financeiro atingiu R$ 54,8 milh\u00f5es no trimestre, avan\u00e7o de 17,3% frente ao 4T19 e retra\u00e7\u00e3o de 40% ante o 4T20. No acumulado do ano, o resultado financeiro recorrente alcan\u00e7ou R$159,2 milh\u00f5es, queda de 10,6% contra 2019 crescimento de 15,9% versus 2020.<\/p>\n<p>Albuquerque avalia que o desempenho apresentado ao longo de 2021 foram positivos. \u201cEncerramos o ano com um s\u00f3lido resultado, mesmo diante de um ambiente adverso. Os n\u00fameros apresentados hoje refletem nossos esfor\u00e7os para promover um crescimento sustent\u00e1vel de longo prazo, ainda que diante de um ambiente vol\u00e1til no curto prazo, provocado pela COVID-19.\u201d<br \/>\nO executivo tamb\u00e9m projeta um ano desafiador, mas com grande potencial de crescimento. \u201cEst\u00e1 claro, que 2022, tamb\u00e9m ser\u00e1 desafiador dado o cen\u00e1rio atual, mas n\u00e3o estamos desanimados. Pelo contr\u00e1rio, acreditamos num ano de crescimento de vendas, volume e recomposi\u00e7\u00e3o de margens.\u201d<\/p>\n<p><iframe style=\"width: 100%; max-width: 660px; overflow: hidden; background: transparent;\" src=\"https:\/\/embed.podcasts.apple.com\/br\/podcast\/podcast-cidademarketing\/id1371923283\" height=\"450\" frameborder=\"0\" sandbox=\"allow-forms allow-popups allow-same-origin allow-scripts allow-storage-access-by-user-activation allow-top-navigation-by-user-activation\"><\/iframe><\/p>\n","protected":false},"excerpt":{"rendered":"<p>A Grendene encerrou 2021, ano em que completou meio s\u00e9culo de hist\u00f3ria, em forte ritmo de retomada ap\u00f3s o momento mais cr\u00edtico da pandemia. O acumulado de receita bruta, em 2021, foi de R$ 2,8 bilh\u00f5es, 13,3% e 21,9% acima de 2019 e de 2020, respectivamente. De outubro a dezembro, a companhia registrou receita bruta [&hellip;]<\/p>\n","protected":false},"author":1,"featured_media":23515,"comment_status":"open","ping_status":"open","sticky":false,"template":"","format":"standard","meta":{"tdm_status":"","tdm_grid_status":"","footnotes":""},"categories":[6],"tags":[5199,33,1145,39,416,28],"class_list":["post-34683","post","type-post","status-publish","format-standard","has-post-thumbnail","hentry","category-noticias","tag-balanco","tag-estrategia","tag-grendene","tag-investimento","tag-lucro","tag-marketing"],"yoast_head":"<!-- This site is optimized with the Yoast SEO plugin v27.5 - https:\/\/yoast.com\/product\/yoast-seo-wordpress\/ -->\n<title>Grendene registra receita bruta maior que nos dois anos anteriores - CidadeMarketing<\/title>\n<meta name=\"robots\" content=\"index, follow, max-snippet:-1, max-image-preview:large, max-video-preview:-1\" \/>\n<link rel=\"canonical\" href=\"https:\/\/www.cidademarketing.com.br\/marketing\/2022\/02\/24\/grendene-registra-receita-bruta-maior-que-nos-dois-anos-anteriores\/\" \/>\n<meta property=\"og:locale\" content=\"pt_BR\" \/>\n<meta property=\"og:type\" content=\"article\" \/>\n<meta property=\"og:title\" content=\"Grendene registra receita bruta maior que nos dois anos anteriores - CidadeMarketing\" \/>\n<meta property=\"og:description\" content=\"A Grendene encerrou 2021, ano em que completou meio s\u00e9culo de hist\u00f3ria, em forte ritmo de retomada ap\u00f3s o momento mais cr\u00edtico da pandemia. O acumulado de receita bruta, em 2021, foi de R$ 2,8 bilh\u00f5es, 13,3% e 21,9% acima de 2019 e de 2020, respectivamente. De outubro a dezembro, a companhia registrou receita bruta [&hellip;]\" \/>\n<meta property=\"og:url\" content=\"https:\/\/www.cidademarketing.com.br\/marketing\/2022\/02\/24\/grendene-registra-receita-bruta-maior-que-nos-dois-anos-anteriores\/\" \/>\n<meta property=\"og:site_name\" content=\"CidadeMarketing\" \/>\n<meta property=\"article:publisher\" content=\"https:\/\/www.facebook.com\/portalcidademarketing\" \/>\n<meta property=\"article:author\" content=\"https:\/\/www.facebook.com\/thalesbrandao\" \/>\n<meta property=\"article:published_time\" content=\"2022-02-25T00:02:16+00:00\" \/>\n<meta property=\"og:image\" content=\"https:\/\/www.cidademarketing.com.br\/marketing\/wp-content\/uploads\/2021\/04\/grendene.png\" \/>\n\t<meta property=\"og:image:width\" content=\"350\" \/>\n\t<meta property=\"og:image:height\" content=\"350\" \/>\n\t<meta property=\"og:image:type\" content=\"image\/png\" \/>\n<meta name=\"author\" content=\"Thales Brand\u00e3o\" \/>\n<meta name=\"twitter:card\" content=\"summary_large_image\" \/>\n<meta name=\"twitter:creator\" content=\"@http:\/\/www.twitter.com\/thalesbrandao\" \/>\n<meta name=\"twitter:site\" content=\"@CidadeMarketing\" \/>\n<meta name=\"twitter:label1\" content=\"Escrito por\" \/>\n\t<meta name=\"twitter:data1\" content=\"Thales Brand\u00e3o\" \/>\n\t<meta name=\"twitter:label2\" content=\"Est. tempo de leitura\" \/>\n\t<meta name=\"twitter:data2\" content=\"3 minutos\" \/>\n<script type=\"application\/ld+json\" class=\"yoast-schema-graph\">{\"@context\":\"https:\\\/\\\/schema.org\",\"@graph\":[{\"@type\":\"Article\",\"@id\":\"https:\\\/\\\/www.cidademarketing.com.br\\\/marketing\\\/2022\\\/02\\\/24\\\/grendene-registra-receita-bruta-maior-que-nos-dois-anos-anteriores\\\/#article\",\"isPartOf\":{\"@id\":\"https:\\\/\\\/www.cidademarketing.com.br\\\/marketing\\\/2022\\\/02\\\/24\\\/grendene-registra-receita-bruta-maior-que-nos-dois-anos-anteriores\\\/\"},\"author\":{\"name\":\"Thales Brand\u00e3o\",\"@id\":\"https:\\\/\\\/www.cidademarketing.com.br\\\/marketing\\\/#\\\/schema\\\/person\\\/02daff9f18bd9378c9e01eb6b2db155f\"},\"headline\":\"Grendene registra receita bruta maior que nos dois anos anteriores\",\"datePublished\":\"2022-02-25T00:02:16+00:00\",\"mainEntityOfPage\":{\"@id\":\"https:\\\/\\\/www.cidademarketing.com.br\\\/marketing\\\/2022\\\/02\\\/24\\\/grendene-registra-receita-bruta-maior-que-nos-dois-anos-anteriores\\\/\"},\"wordCount\":595,\"commentCount\":0,\"publisher\":{\"@id\":\"https:\\\/\\\/www.cidademarketing.com.br\\\/marketing\\\/#organization\"},\"image\":{\"@id\":\"https:\\\/\\\/www.cidademarketing.com.br\\\/marketing\\\/2022\\\/02\\\/24\\\/grendene-registra-receita-bruta-maior-que-nos-dois-anos-anteriores\\\/#primaryimage\"},\"thumbnailUrl\":\"https:\\\/\\\/www.cidademarketing.com.br\\\/marketing\\\/wp-content\\\/uploads\\\/2021\\\/04\\\/grendene.png\",\"keywords\":[\"balan\u00e7o\",\"estrat\u00e9gia\",\"Grendene\",\"investimento\",\"lucro\",\"marketing\"],\"articleSection\":[\"Not\u00edcias\"],\"inLanguage\":\"pt-BR\",\"potentialAction\":[{\"@type\":\"CommentAction\",\"name\":\"Comment\",\"target\":[\"https:\\\/\\\/www.cidademarketing.com.br\\\/marketing\\\/2022\\\/02\\\/24\\\/grendene-registra-receita-bruta-maior-que-nos-dois-anos-anteriores\\\/#respond\"]}]},{\"@type\":\"WebPage\",\"@id\":\"https:\\\/\\\/www.cidademarketing.com.br\\\/marketing\\\/2022\\\/02\\\/24\\\/grendene-registra-receita-bruta-maior-que-nos-dois-anos-anteriores\\\/\",\"url\":\"https:\\\/\\\/www.cidademarketing.com.br\\\/marketing\\\/2022\\\/02\\\/24\\\/grendene-registra-receita-bruta-maior-que-nos-dois-anos-anteriores\\\/\",\"name\":\"Grendene registra receita bruta maior que nos dois anos anteriores - CidadeMarketing\",\"isPartOf\":{\"@id\":\"https:\\\/\\\/www.cidademarketing.com.br\\\/marketing\\\/#website\"},\"primaryImageOfPage\":{\"@id\":\"https:\\\/\\\/www.cidademarketing.com.br\\\/marketing\\\/2022\\\/02\\\/24\\\/grendene-registra-receita-bruta-maior-que-nos-dois-anos-anteriores\\\/#primaryimage\"},\"image\":{\"@id\":\"https:\\\/\\\/www.cidademarketing.com.br\\\/marketing\\\/2022\\\/02\\\/24\\\/grendene-registra-receita-bruta-maior-que-nos-dois-anos-anteriores\\\/#primaryimage\"},\"thumbnailUrl\":\"https:\\\/\\\/www.cidademarketing.com.br\\\/marketing\\\/wp-content\\\/uploads\\\/2021\\\/04\\\/grendene.png\",\"datePublished\":\"2022-02-25T00:02:16+00:00\",\"breadcrumb\":{\"@id\":\"https:\\\/\\\/www.cidademarketing.com.br\\\/marketing\\\/2022\\\/02\\\/24\\\/grendene-registra-receita-bruta-maior-que-nos-dois-anos-anteriores\\\/#breadcrumb\"},\"inLanguage\":\"pt-BR\",\"potentialAction\":[{\"@type\":\"ReadAction\",\"target\":[\"https:\\\/\\\/www.cidademarketing.com.br\\\/marketing\\\/2022\\\/02\\\/24\\\/grendene-registra-receita-bruta-maior-que-nos-dois-anos-anteriores\\\/\"]}]},{\"@type\":\"ImageObject\",\"inLanguage\":\"pt-BR\",\"@id\":\"https:\\\/\\\/www.cidademarketing.com.br\\\/marketing\\\/2022\\\/02\\\/24\\\/grendene-registra-receita-bruta-maior-que-nos-dois-anos-anteriores\\\/#primaryimage\",\"url\":\"https:\\\/\\\/www.cidademarketing.com.br\\\/marketing\\\/wp-content\\\/uploads\\\/2021\\\/04\\\/grendene.png\",\"contentUrl\":\"https:\\\/\\\/www.cidademarketing.com.br\\\/marketing\\\/wp-content\\\/uploads\\\/2021\\\/04\\\/grendene.png\",\"width\":350,\"height\":350},{\"@type\":\"BreadcrumbList\",\"@id\":\"https:\\\/\\\/www.cidademarketing.com.br\\\/marketing\\\/2022\\\/02\\\/24\\\/grendene-registra-receita-bruta-maior-que-nos-dois-anos-anteriores\\\/#breadcrumb\",\"itemListElement\":[{\"@type\":\"ListItem\",\"position\":1,\"name\":\"In\u00edcio\",\"item\":\"https:\\\/\\\/www.cidademarketing.com.br\\\/marketing\\\/\"},{\"@type\":\"ListItem\",\"position\":2,\"name\":\"Grendene registra receita bruta maior que nos dois anos anteriores\"}]},{\"@type\":\"WebSite\",\"@id\":\"https:\\\/\\\/www.cidademarketing.com.br\\\/marketing\\\/#website\",\"url\":\"https:\\\/\\\/www.cidademarketing.com.br\\\/marketing\\\/\",\"name\":\"CidadeMarketing\",\"description\":\"Somos um ve\u00edculo de comunica\u00e7\u00e3o de destaque no Brasil, reconhecido por conte\u00fados nos segmentos de marketing, empreendedorismo e inova\u00e7\u00e3o.\",\"publisher\":{\"@id\":\"https:\\\/\\\/www.cidademarketing.com.br\\\/marketing\\\/#organization\"},\"alternateName\":\"CidadeMarketing\",\"potentialAction\":[{\"@type\":\"SearchAction\",\"target\":{\"@type\":\"EntryPoint\",\"urlTemplate\":\"https:\\\/\\\/www.cidademarketing.com.br\\\/marketing\\\/?s={search_term_string}\"},\"query-input\":{\"@type\":\"PropertyValueSpecification\",\"valueRequired\":true,\"valueName\":\"search_term_string\"}}],\"inLanguage\":\"pt-BR\"},{\"@type\":\"Organization\",\"@id\":\"https:\\\/\\\/www.cidademarketing.com.br\\\/marketing\\\/#organization\",\"name\":\"CidadeMarketing\",\"alternateName\":\"CidadeMarketing\",\"url\":\"https:\\\/\\\/www.cidademarketing.com.br\\\/marketing\\\/\",\"logo\":{\"@type\":\"ImageObject\",\"inLanguage\":\"pt-BR\",\"@id\":\"https:\\\/\\\/www.cidademarketing.com.br\\\/marketing\\\/#\\\/schema\\\/logo\\\/image\\\/\",\"url\":\"https:\\\/\\\/www.cidademarketing.com.br\\\/marketing\\\/wp-content\\\/uploads\\\/2020\\\/01\\\/cidademarketing_marca_mobile.png\",\"contentUrl\":\"https:\\\/\\\/www.cidademarketing.com.br\\\/marketing\\\/wp-content\\\/uploads\\\/2020\\\/01\\\/cidademarketing_marca_mobile.png\",\"width\":230,\"height\":92,\"caption\":\"CidadeMarketing\"},\"image\":{\"@id\":\"https:\\\/\\\/www.cidademarketing.com.br\\\/marketing\\\/#\\\/schema\\\/logo\\\/image\\\/\"},\"sameAs\":[\"https:\\\/\\\/www.facebook.com\\\/portalcidademarketing\",\"https:\\\/\\\/x.com\\\/CidadeMarketing\",\"https:\\\/\\\/www.instagram.com\\\/cidademarketing\\\/\"]},{\"@type\":\"Person\",\"@id\":\"https:\\\/\\\/www.cidademarketing.com.br\\\/marketing\\\/#\\\/schema\\\/person\\\/02daff9f18bd9378c9e01eb6b2db155f\",\"name\":\"Thales Brand\u00e3o\",\"image\":{\"@type\":\"ImageObject\",\"inLanguage\":\"pt-BR\",\"@id\":\"https:\\\/\\\/secure.gravatar.com\\\/avatar\\\/7ca3206950207cc3cb48feec56a8a7898741ab725c368d99d5d7a5a50aab80c6?s=96&d=mm&r=g\",\"url\":\"https:\\\/\\\/secure.gravatar.com\\\/avatar\\\/7ca3206950207cc3cb48feec56a8a7898741ab725c368d99d5d7a5a50aab80c6?s=96&d=mm&r=g\",\"contentUrl\":\"https:\\\/\\\/secure.gravatar.com\\\/avatar\\\/7ca3206950207cc3cb48feec56a8a7898741ab725c368d99d5d7a5a50aab80c6?s=96&d=mm&r=g\",\"caption\":\"Thales Brand\u00e3o\"},\"description\":\"Editor Executivo do Portal CidadeMarketing.com.br &gt; Mestre em Comunica\u00e7\u00e3o e Sociedade pela Universidade Federal de Sergipe. Possui MBA Executivo em Administra\u00e7\u00e3o com \u00eanfase em Marketing pela Funda\u00e7\u00e3o Get\u00falio Vargas - Rio de Janeiro. Consultor, Palestrante e Pesquisador sobre Empreendedorismo, Marketing, Redes Sociais e Neg\u00f3cios Digitais. Professor, Palestrante TedxTalks e Campus Party. Twitter: @ThalesBrandao\",\"sameAs\":[\"http:\\\/\\\/www.mandacaru.com.br\",\"https:\\\/\\\/www.facebook.com\\\/thalesbrandao\",\"http:\\\/\\\/www.instagram.com.br\\\/thalesbrandaoferreira\",\"https:\\\/\\\/www.linkedin.com\\\/in\\\/thales-brand\u00e3o-3948609\\\/\",\"https:\\\/\\\/x.com\\\/http:\\\/\\\/www.twitter.com\\\/thalesbrandao\"],\"url\":\"https:\\\/\\\/www.cidademarketing.com.br\\\/marketing\\\/author\\\/thalesbrandao\\\/\"}]}<\/script>\n<!-- \/ Yoast SEO plugin. -->","yoast_head_json":{"title":"Grendene registra receita bruta maior que nos dois anos anteriores - CidadeMarketing","robots":{"index":"index","follow":"follow","max-snippet":"max-snippet:-1","max-image-preview":"max-image-preview:large","max-video-preview":"max-video-preview:-1"},"canonical":"https:\/\/www.cidademarketing.com.br\/marketing\/2022\/02\/24\/grendene-registra-receita-bruta-maior-que-nos-dois-anos-anteriores\/","og_locale":"pt_BR","og_type":"article","og_title":"Grendene registra receita bruta maior que nos dois anos anteriores - CidadeMarketing","og_description":"A Grendene encerrou 2021, ano em que completou meio s\u00e9culo de hist\u00f3ria, em forte ritmo de retomada ap\u00f3s o momento mais cr\u00edtico da pandemia. O acumulado de receita bruta, em 2021, foi de R$ 2,8 bilh\u00f5es, 13,3% e 21,9% acima de 2019 e de 2020, respectivamente. De outubro a dezembro, a companhia registrou receita bruta [&hellip;]","og_url":"https:\/\/www.cidademarketing.com.br\/marketing\/2022\/02\/24\/grendene-registra-receita-bruta-maior-que-nos-dois-anos-anteriores\/","og_site_name":"CidadeMarketing","article_publisher":"https:\/\/www.facebook.com\/portalcidademarketing","article_author":"https:\/\/www.facebook.com\/thalesbrandao","article_published_time":"2022-02-25T00:02:16+00:00","og_image":[{"width":350,"height":350,"url":"https:\/\/www.cidademarketing.com.br\/marketing\/wp-content\/uploads\/2021\/04\/grendene.png","type":"image\/png"}],"author":"Thales Brand\u00e3o","twitter_card":"summary_large_image","twitter_creator":"@http:\/\/www.twitter.com\/thalesbrandao","twitter_site":"@CidadeMarketing","twitter_misc":{"Escrito por":"Thales Brand\u00e3o","Est. tempo de leitura":"3 minutos"},"schema":{"@context":"https:\/\/schema.org","@graph":[{"@type":"Article","@id":"https:\/\/www.cidademarketing.com.br\/marketing\/2022\/02\/24\/grendene-registra-receita-bruta-maior-que-nos-dois-anos-anteriores\/#article","isPartOf":{"@id":"https:\/\/www.cidademarketing.com.br\/marketing\/2022\/02\/24\/grendene-registra-receita-bruta-maior-que-nos-dois-anos-anteriores\/"},"author":{"name":"Thales Brand\u00e3o","@id":"https:\/\/www.cidademarketing.com.br\/marketing\/#\/schema\/person\/02daff9f18bd9378c9e01eb6b2db155f"},"headline":"Grendene registra receita bruta maior que nos dois anos anteriores","datePublished":"2022-02-25T00:02:16+00:00","mainEntityOfPage":{"@id":"https:\/\/www.cidademarketing.com.br\/marketing\/2022\/02\/24\/grendene-registra-receita-bruta-maior-que-nos-dois-anos-anteriores\/"},"wordCount":595,"commentCount":0,"publisher":{"@id":"https:\/\/www.cidademarketing.com.br\/marketing\/#organization"},"image":{"@id":"https:\/\/www.cidademarketing.com.br\/marketing\/2022\/02\/24\/grendene-registra-receita-bruta-maior-que-nos-dois-anos-anteriores\/#primaryimage"},"thumbnailUrl":"https:\/\/www.cidademarketing.com.br\/marketing\/wp-content\/uploads\/2021\/04\/grendene.png","keywords":["balan\u00e7o","estrat\u00e9gia","Grendene","investimento","lucro","marketing"],"articleSection":["Not\u00edcias"],"inLanguage":"pt-BR","potentialAction":[{"@type":"CommentAction","name":"Comment","target":["https:\/\/www.cidademarketing.com.br\/marketing\/2022\/02\/24\/grendene-registra-receita-bruta-maior-que-nos-dois-anos-anteriores\/#respond"]}]},{"@type":"WebPage","@id":"https:\/\/www.cidademarketing.com.br\/marketing\/2022\/02\/24\/grendene-registra-receita-bruta-maior-que-nos-dois-anos-anteriores\/","url":"https:\/\/www.cidademarketing.com.br\/marketing\/2022\/02\/24\/grendene-registra-receita-bruta-maior-que-nos-dois-anos-anteriores\/","name":"Grendene registra receita bruta maior que nos dois anos anteriores - CidadeMarketing","isPartOf":{"@id":"https:\/\/www.cidademarketing.com.br\/marketing\/#website"},"primaryImageOfPage":{"@id":"https:\/\/www.cidademarketing.com.br\/marketing\/2022\/02\/24\/grendene-registra-receita-bruta-maior-que-nos-dois-anos-anteriores\/#primaryimage"},"image":{"@id":"https:\/\/www.cidademarketing.com.br\/marketing\/2022\/02\/24\/grendene-registra-receita-bruta-maior-que-nos-dois-anos-anteriores\/#primaryimage"},"thumbnailUrl":"https:\/\/www.cidademarketing.com.br\/marketing\/wp-content\/uploads\/2021\/04\/grendene.png","datePublished":"2022-02-25T00:02:16+00:00","breadcrumb":{"@id":"https:\/\/www.cidademarketing.com.br\/marketing\/2022\/02\/24\/grendene-registra-receita-bruta-maior-que-nos-dois-anos-anteriores\/#breadcrumb"},"inLanguage":"pt-BR","potentialAction":[{"@type":"ReadAction","target":["https:\/\/www.cidademarketing.com.br\/marketing\/2022\/02\/24\/grendene-registra-receita-bruta-maior-que-nos-dois-anos-anteriores\/"]}]},{"@type":"ImageObject","inLanguage":"pt-BR","@id":"https:\/\/www.cidademarketing.com.br\/marketing\/2022\/02\/24\/grendene-registra-receita-bruta-maior-que-nos-dois-anos-anteriores\/#primaryimage","url":"https:\/\/www.cidademarketing.com.br\/marketing\/wp-content\/uploads\/2021\/04\/grendene.png","contentUrl":"https:\/\/www.cidademarketing.com.br\/marketing\/wp-content\/uploads\/2021\/04\/grendene.png","width":350,"height":350},{"@type":"BreadcrumbList","@id":"https:\/\/www.cidademarketing.com.br\/marketing\/2022\/02\/24\/grendene-registra-receita-bruta-maior-que-nos-dois-anos-anteriores\/#breadcrumb","itemListElement":[{"@type":"ListItem","position":1,"name":"In\u00edcio","item":"https:\/\/www.cidademarketing.com.br\/marketing\/"},{"@type":"ListItem","position":2,"name":"Grendene registra receita bruta maior que nos dois anos anteriores"}]},{"@type":"WebSite","@id":"https:\/\/www.cidademarketing.com.br\/marketing\/#website","url":"https:\/\/www.cidademarketing.com.br\/marketing\/","name":"CidadeMarketing","description":"Somos um ve\u00edculo de comunica\u00e7\u00e3o de destaque no Brasil, reconhecido por conte\u00fados nos segmentos de marketing, empreendedorismo e inova\u00e7\u00e3o.","publisher":{"@id":"https:\/\/www.cidademarketing.com.br\/marketing\/#organization"},"alternateName":"CidadeMarketing","potentialAction":[{"@type":"SearchAction","target":{"@type":"EntryPoint","urlTemplate":"https:\/\/www.cidademarketing.com.br\/marketing\/?s={search_term_string}"},"query-input":{"@type":"PropertyValueSpecification","valueRequired":true,"valueName":"search_term_string"}}],"inLanguage":"pt-BR"},{"@type":"Organization","@id":"https:\/\/www.cidademarketing.com.br\/marketing\/#organization","name":"CidadeMarketing","alternateName":"CidadeMarketing","url":"https:\/\/www.cidademarketing.com.br\/marketing\/","logo":{"@type":"ImageObject","inLanguage":"pt-BR","@id":"https:\/\/www.cidademarketing.com.br\/marketing\/#\/schema\/logo\/image\/","url":"https:\/\/www.cidademarketing.com.br\/marketing\/wp-content\/uploads\/2020\/01\/cidademarketing_marca_mobile.png","contentUrl":"https:\/\/www.cidademarketing.com.br\/marketing\/wp-content\/uploads\/2020\/01\/cidademarketing_marca_mobile.png","width":230,"height":92,"caption":"CidadeMarketing"},"image":{"@id":"https:\/\/www.cidademarketing.com.br\/marketing\/#\/schema\/logo\/image\/"},"sameAs":["https:\/\/www.facebook.com\/portalcidademarketing","https:\/\/x.com\/CidadeMarketing","https:\/\/www.instagram.com\/cidademarketing\/"]},{"@type":"Person","@id":"https:\/\/www.cidademarketing.com.br\/marketing\/#\/schema\/person\/02daff9f18bd9378c9e01eb6b2db155f","name":"Thales Brand\u00e3o","image":{"@type":"ImageObject","inLanguage":"pt-BR","@id":"https:\/\/secure.gravatar.com\/avatar\/7ca3206950207cc3cb48feec56a8a7898741ab725c368d99d5d7a5a50aab80c6?s=96&d=mm&r=g","url":"https:\/\/secure.gravatar.com\/avatar\/7ca3206950207cc3cb48feec56a8a7898741ab725c368d99d5d7a5a50aab80c6?s=96&d=mm&r=g","contentUrl":"https:\/\/secure.gravatar.com\/avatar\/7ca3206950207cc3cb48feec56a8a7898741ab725c368d99d5d7a5a50aab80c6?s=96&d=mm&r=g","caption":"Thales Brand\u00e3o"},"description":"Editor Executivo do Portal CidadeMarketing.com.br &gt; Mestre em Comunica\u00e7\u00e3o e Sociedade pela Universidade Federal de Sergipe. Possui MBA Executivo em Administra\u00e7\u00e3o com \u00eanfase em Marketing pela Funda\u00e7\u00e3o Get\u00falio Vargas - Rio de Janeiro. Consultor, Palestrante e Pesquisador sobre Empreendedorismo, Marketing, Redes Sociais e Neg\u00f3cios Digitais. Professor, Palestrante TedxTalks e Campus Party. Twitter: @ThalesBrandao","sameAs":["http:\/\/www.mandacaru.com.br","https:\/\/www.facebook.com\/thalesbrandao","http:\/\/www.instagram.com.br\/thalesbrandaoferreira","https:\/\/www.linkedin.com\/in\/thales-brand\u00e3o-3948609\/","https:\/\/x.com\/http:\/\/www.twitter.com\/thalesbrandao"],"url":"https:\/\/www.cidademarketing.com.br\/marketing\/author\/thalesbrandao\/"}]}},"amp_enabled":true,"_links":{"self":[{"href":"https:\/\/www.cidademarketing.com.br\/marketing\/wp-json\/wp\/v2\/posts\/34683","targetHints":{"allow":["GET"]}}],"collection":[{"href":"https:\/\/www.cidademarketing.com.br\/marketing\/wp-json\/wp\/v2\/posts"}],"about":[{"href":"https:\/\/www.cidademarketing.com.br\/marketing\/wp-json\/wp\/v2\/types\/post"}],"author":[{"embeddable":true,"href":"https:\/\/www.cidademarketing.com.br\/marketing\/wp-json\/wp\/v2\/users\/1"}],"replies":[{"embeddable":true,"href":"https:\/\/www.cidademarketing.com.br\/marketing\/wp-json\/wp\/v2\/comments?post=34683"}],"version-history":[{"count":1,"href":"https:\/\/www.cidademarketing.com.br\/marketing\/wp-json\/wp\/v2\/posts\/34683\/revisions"}],"predecessor-version":[{"id":34684,"href":"https:\/\/www.cidademarketing.com.br\/marketing\/wp-json\/wp\/v2\/posts\/34683\/revisions\/34684"}],"wp:featuredmedia":[{"embeddable":true,"href":"https:\/\/www.cidademarketing.com.br\/marketing\/wp-json\/wp\/v2\/media\/23515"}],"wp:attachment":[{"href":"https:\/\/www.cidademarketing.com.br\/marketing\/wp-json\/wp\/v2\/media?parent=34683"}],"wp:term":[{"taxonomy":"category","embeddable":true,"href":"https:\/\/www.cidademarketing.com.br\/marketing\/wp-json\/wp\/v2\/categories?post=34683"},{"taxonomy":"post_tag","embeddable":true,"href":"https:\/\/www.cidademarketing.com.br\/marketing\/wp-json\/wp\/v2\/tags?post=34683"}],"curies":[{"name":"wp","href":"https:\/\/api.w.org\/{rel}","templated":true}]}}