{"id":34604,"date":"2022-02-21T15:25:36","date_gmt":"2022-02-21T18:25:36","guid":{"rendered":"https:\/\/www.cidademarketing.com.br\/marketing\/?p=34604"},"modified":"2022-02-21T15:25:36","modified_gmt":"2022-02-21T18:25:36","slug":"acervo-mpb-da-novabrasil-ganha-nova-temporada-com-audio-biografia-de-icones-da-musica-ligados-ao-carnaval","status":"publish","type":"post","link":"https:\/\/www.cidademarketing.com.br\/marketing\/2022\/02\/21\/acervo-mpb-da-novabrasil-ganha-nova-temporada-com-audio-biografia-de-icones-da-musica-ligados-ao-carnaval\/","title":{"rendered":"Acervo MPB, da Novabrasil, ganha nova temporada com \u00e1udio biografia de \u00edcones da m\u00fasica ligados ao Carnaval"},"content":{"rendered":"<p><iframe src=\"https:\/\/open.spotify.com\/embed\/show\/4khMKzP3FgFRWVwb73xicc\" width=\"100%\" height=\"232\" frameborder=\"0\"><\/iframe><br \/>\nEstreia nesta segunda-feira (21) a segunda temporada do Acervo MPB, s\u00e9rie original de podcasts da Novabrasil que apresenta grandes nomes da nossa m\u00fasica em \u00e1udio biografias exclusivas para as plataformas digitais e de streaming. Trazendo detalhes e curiosidades da vida e da obra dos maiores artistas musicais do Brasil, a s\u00e9rie refor\u00e7a o posicionamento multiplataforma e de valoriza\u00e7\u00e3o da MPB que a emissora carrega como DNA da marca.<br \/>\nNa primeira temporada, lan\u00e7ada no fim de 2021 como parte das comemora\u00e7\u00f5es do Dia da MPB, em 17 de outubro, o projeto trouxe personagens importantes como Gonzag\u00e3o, Nara Le\u00e3o, Toquinho, Alceu Valen\u00e7a, Vanessa da Mata, Sandra de S\u00e1, Ney Matogrosso, Guilherme Arantes, Elza Soares e Dona Ivone Lara. Agora, aproveitando a chegada do Carnaval, foram selecionados nomes de grande conex\u00e3o com a data e a festa. S\u00e3o eles Carmen Miranda, Moraes Moreira, Gilberto Gil, Daniela Mercury, Ivete Sangalo, Caetano Veloso, Margareth Menezes, Carlinhos Brown, Chiquinha Gonzaga e Luiz Caldas.<br \/>\n\u201cO Acervo MPB \u00e9 uma porta de entrada para que a audi\u00eancia conhe\u00e7a mais sobre nossa identidade musical, al\u00e9m de refor\u00e7ar nossa expertise em produ\u00e7\u00e3o e conte\u00fado e projetos especiais, indo muito al\u00e9m do r\u00e1dio\u201d, destaca Danilo Fuin, diretor executivo da Novabrasil. \u201cLan\u00e7ar esta temporada em um ano onde uma das principais festas populares precisou ser cancelada \u00e9 uma marca\u00e7\u00e3o temporal. Que ela possa ser um \u2018esquenta\u2019 para uma retomada segura em breve\u201d, complementa Luana Araujo, gerente de marketing da Novabrasil e idealizadora do projeto.<br \/>\nTodos os epis\u00f3dios est\u00e3o dispon\u00edveis gratuitamente nas principais plataformas de streaming de \u00e1udio, assim como p\u00e1gina de podcasts da Novabrasil: <a href=\"https:\/\/novabrasilfm.com.br\/podcast\/acervompb\/\" target=\"_blank\" rel=\"noopener\">https:\/\/novabrasilfm.com.br\/podcast\/acervompb\/<\/a><\/p>\n<p><iframe style=\"width: 100%; max-width: 660px; overflow: hidden; background: transparent;\" src=\"https:\/\/embed.podcasts.apple.com\/br\/podcast\/podcast-cidademarketing\/id1371923283\" height=\"450\" frameborder=\"0\" sandbox=\"allow-forms allow-popups allow-same-origin allow-scripts allow-storage-access-by-user-activation allow-top-navigation-by-user-activation\"><\/iframe><\/p>\n","protected":false},"excerpt":{"rendered":"<p>Estreia nesta segunda-feira (21) a segunda temporada do Acervo MPB, s\u00e9rie original de podcasts da Novabrasil que apresenta grandes nomes da nossa m\u00fasica em \u00e1udio biografias exclusivas para as plataformas digitais e de streaming. Trazendo detalhes e curiosidades da vida e da obra dos maiores artistas musicais do Brasil, a s\u00e9rie refor\u00e7a o posicionamento multiplataforma [&hellip;]<\/p>\n","protected":false},"author":1,"featured_media":34605,"comment_status":"open","ping_status":"open","sticky":false,"template":"","format":"standard","meta":{"tdm_status":"","tdm_grid_status":"","footnotes":""},"categories":[6],"tags":[308,33,28,5216,1742,5215,42],"class_list":["post-34604","post","type-post","status-publish","format-standard","has-post-thumbnail","hentry","category-noticias","tag-comunicacao","tag-estrategia","tag-marketing","tag-mpb","tag-musica","tag-novabrasil","tag-podcast"],"yoast_head":"<!-- This site is optimized with the Yoast SEO plugin v27.5 - https:\/\/yoast.com\/product\/yoast-seo-wordpress\/ -->\n<title>Acervo MPB, da Novabrasil, ganha nova temporada com \u00e1udio biografia de \u00edcones da m\u00fasica ligados ao Carnaval - CidadeMarketing<\/title>\n<meta name=\"robots\" content=\"index, follow, max-snippet:-1, max-image-preview:large, max-video-preview:-1\" \/>\n<link rel=\"canonical\" href=\"https:\/\/www.cidademarketing.com.br\/marketing\/2022\/02\/21\/acervo-mpb-da-novabrasil-ganha-nova-temporada-com-audio-biografia-de-icones-da-musica-ligados-ao-carnaval\/\" \/>\n<meta property=\"og:locale\" content=\"pt_BR\" \/>\n<meta property=\"og:type\" content=\"article\" \/>\n<meta property=\"og:title\" content=\"Acervo MPB, da Novabrasil, ganha nova temporada com \u00e1udio biografia de \u00edcones da m\u00fasica ligados ao Carnaval - CidadeMarketing\" \/>\n<meta property=\"og:description\" content=\"Estreia nesta segunda-feira (21) a segunda temporada do Acervo MPB, s\u00e9rie original de podcasts da Novabrasil que apresenta grandes nomes da nossa m\u00fasica em \u00e1udio biografias exclusivas para as plataformas digitais e de streaming. Trazendo detalhes e curiosidades da vida e da obra dos maiores artistas musicais do Brasil, a s\u00e9rie refor\u00e7a o posicionamento multiplataforma [&hellip;]\" \/>\n<meta property=\"og:url\" content=\"https:\/\/www.cidademarketing.com.br\/marketing\/2022\/02\/21\/acervo-mpb-da-novabrasil-ganha-nova-temporada-com-audio-biografia-de-icones-da-musica-ligados-ao-carnaval\/\" \/>\n<meta property=\"og:site_name\" content=\"CidadeMarketing\" \/>\n<meta property=\"article:publisher\" content=\"https:\/\/www.facebook.com\/portalcidademarketing\" \/>\n<meta property=\"article:author\" content=\"https:\/\/www.facebook.com\/thalesbrandao\" \/>\n<meta property=\"article:published_time\" content=\"2022-02-21T18:25:36+00:00\" \/>\n<meta property=\"og:image\" content=\"https:\/\/www.cidademarketing.com.br\/marketing\/wp-content\/uploads\/2022\/02\/Novabrasil-Acervo-MPB-Carnaval-2022-1.jpg\" \/>\n\t<meta property=\"og:image:width\" content=\"1921\" \/>\n\t<meta property=\"og:image:height\" content=\"1921\" \/>\n\t<meta property=\"og:image:type\" content=\"image\/jpeg\" \/>\n<meta name=\"author\" content=\"Thales Brand\u00e3o\" \/>\n<meta name=\"twitter:card\" content=\"summary_large_image\" \/>\n<meta name=\"twitter:creator\" content=\"@http:\/\/www.twitter.com\/thalesbrandao\" \/>\n<meta name=\"twitter:site\" content=\"@CidadeMarketing\" \/>\n<meta name=\"twitter:label1\" content=\"Escrito por\" \/>\n\t<meta name=\"twitter:data1\" content=\"Thales Brand\u00e3o\" \/>\n\t<meta name=\"twitter:label2\" content=\"Est. tempo de leitura\" \/>\n\t<meta name=\"twitter:data2\" content=\"1 minuto\" \/>\n<script type=\"application\/ld+json\" class=\"yoast-schema-graph\">{\"@context\":\"https:\\\/\\\/schema.org\",\"@graph\":[{\"@type\":\"Article\",\"@id\":\"https:\\\/\\\/www.cidademarketing.com.br\\\/marketing\\\/2022\\\/02\\\/21\\\/acervo-mpb-da-novabrasil-ganha-nova-temporada-com-audio-biografia-de-icones-da-musica-ligados-ao-carnaval\\\/#article\",\"isPartOf\":{\"@id\":\"https:\\\/\\\/www.cidademarketing.com.br\\\/marketing\\\/2022\\\/02\\\/21\\\/acervo-mpb-da-novabrasil-ganha-nova-temporada-com-audio-biografia-de-icones-da-musica-ligados-ao-carnaval\\\/\"},\"author\":{\"name\":\"Thales Brand\u00e3o\",\"@id\":\"https:\\\/\\\/www.cidademarketing.com.br\\\/marketing\\\/#\\\/schema\\\/person\\\/02daff9f18bd9378c9e01eb6b2db155f\"},\"headline\":\"Acervo MPB, da Novabrasil, ganha nova temporada com \u00e1udio biografia de \u00edcones da m\u00fasica ligados ao Carnaval\",\"datePublished\":\"2022-02-21T18:25:36+00:00\",\"mainEntityOfPage\":{\"@id\":\"https:\\\/\\\/www.cidademarketing.com.br\\\/marketing\\\/2022\\\/02\\\/21\\\/acervo-mpb-da-novabrasil-ganha-nova-temporada-com-audio-biografia-de-icones-da-musica-ligados-ao-carnaval\\\/\"},\"wordCount\":307,\"commentCount\":0,\"publisher\":{\"@id\":\"https:\\\/\\\/www.cidademarketing.com.br\\\/marketing\\\/#organization\"},\"image\":{\"@id\":\"https:\\\/\\\/www.cidademarketing.com.br\\\/marketing\\\/2022\\\/02\\\/21\\\/acervo-mpb-da-novabrasil-ganha-nova-temporada-com-audio-biografia-de-icones-da-musica-ligados-ao-carnaval\\\/#primaryimage\"},\"thumbnailUrl\":\"https:\\\/\\\/www.cidademarketing.com.br\\\/marketing\\\/wp-content\\\/uploads\\\/2022\\\/02\\\/Novabrasil-Acervo-MPB-Carnaval-2022-1.jpg\",\"keywords\":[\"comunica\u00e7\u00e3o\",\"estrat\u00e9gia\",\"marketing\",\"MPB\",\"m\u00fasica\",\"Novabrasil\",\"podcast\"],\"articleSection\":[\"Not\u00edcias\"],\"inLanguage\":\"pt-BR\",\"potentialAction\":[{\"@type\":\"CommentAction\",\"name\":\"Comment\",\"target\":[\"https:\\\/\\\/www.cidademarketing.com.br\\\/marketing\\\/2022\\\/02\\\/21\\\/acervo-mpb-da-novabrasil-ganha-nova-temporada-com-audio-biografia-de-icones-da-musica-ligados-ao-carnaval\\\/#respond\"]}]},{\"@type\":\"WebPage\",\"@id\":\"https:\\\/\\\/www.cidademarketing.com.br\\\/marketing\\\/2022\\\/02\\\/21\\\/acervo-mpb-da-novabrasil-ganha-nova-temporada-com-audio-biografia-de-icones-da-musica-ligados-ao-carnaval\\\/\",\"url\":\"https:\\\/\\\/www.cidademarketing.com.br\\\/marketing\\\/2022\\\/02\\\/21\\\/acervo-mpb-da-novabrasil-ganha-nova-temporada-com-audio-biografia-de-icones-da-musica-ligados-ao-carnaval\\\/\",\"name\":\"Acervo MPB, da Novabrasil, ganha nova temporada com \u00e1udio biografia de \u00edcones da m\u00fasica ligados ao Carnaval - CidadeMarketing\",\"isPartOf\":{\"@id\":\"https:\\\/\\\/www.cidademarketing.com.br\\\/marketing\\\/#website\"},\"primaryImageOfPage\":{\"@id\":\"https:\\\/\\\/www.cidademarketing.com.br\\\/marketing\\\/2022\\\/02\\\/21\\\/acervo-mpb-da-novabrasil-ganha-nova-temporada-com-audio-biografia-de-icones-da-musica-ligados-ao-carnaval\\\/#primaryimage\"},\"image\":{\"@id\":\"https:\\\/\\\/www.cidademarketing.com.br\\\/marketing\\\/2022\\\/02\\\/21\\\/acervo-mpb-da-novabrasil-ganha-nova-temporada-com-audio-biografia-de-icones-da-musica-ligados-ao-carnaval\\\/#primaryimage\"},\"thumbnailUrl\":\"https:\\\/\\\/www.cidademarketing.com.br\\\/marketing\\\/wp-content\\\/uploads\\\/2022\\\/02\\\/Novabrasil-Acervo-MPB-Carnaval-2022-1.jpg\",\"datePublished\":\"2022-02-21T18:25:36+00:00\",\"breadcrumb\":{\"@id\":\"https:\\\/\\\/www.cidademarketing.com.br\\\/marketing\\\/2022\\\/02\\\/21\\\/acervo-mpb-da-novabrasil-ganha-nova-temporada-com-audio-biografia-de-icones-da-musica-ligados-ao-carnaval\\\/#breadcrumb\"},\"inLanguage\":\"pt-BR\",\"potentialAction\":[{\"@type\":\"ReadAction\",\"target\":[\"https:\\\/\\\/www.cidademarketing.com.br\\\/marketing\\\/2022\\\/02\\\/21\\\/acervo-mpb-da-novabrasil-ganha-nova-temporada-com-audio-biografia-de-icones-da-musica-ligados-ao-carnaval\\\/\"]}]},{\"@type\":\"ImageObject\",\"inLanguage\":\"pt-BR\",\"@id\":\"https:\\\/\\\/www.cidademarketing.com.br\\\/marketing\\\/2022\\\/02\\\/21\\\/acervo-mpb-da-novabrasil-ganha-nova-temporada-com-audio-biografia-de-icones-da-musica-ligados-ao-carnaval\\\/#primaryimage\",\"url\":\"https:\\\/\\\/www.cidademarketing.com.br\\\/marketing\\\/wp-content\\\/uploads\\\/2022\\\/02\\\/Novabrasil-Acervo-MPB-Carnaval-2022-1.jpg\",\"contentUrl\":\"https:\\\/\\\/www.cidademarketing.com.br\\\/marketing\\\/wp-content\\\/uploads\\\/2022\\\/02\\\/Novabrasil-Acervo-MPB-Carnaval-2022-1.jpg\",\"width\":1921,\"height\":1921},{\"@type\":\"BreadcrumbList\",\"@id\":\"https:\\\/\\\/www.cidademarketing.com.br\\\/marketing\\\/2022\\\/02\\\/21\\\/acervo-mpb-da-novabrasil-ganha-nova-temporada-com-audio-biografia-de-icones-da-musica-ligados-ao-carnaval\\\/#breadcrumb\",\"itemListElement\":[{\"@type\":\"ListItem\",\"position\":1,\"name\":\"In\u00edcio\",\"item\":\"https:\\\/\\\/www.cidademarketing.com.br\\\/marketing\\\/\"},{\"@type\":\"ListItem\",\"position\":2,\"name\":\"Acervo MPB, da Novabrasil, ganha nova temporada com \u00e1udio biografia de \u00edcones da m\u00fasica ligados ao Carnaval\"}]},{\"@type\":\"WebSite\",\"@id\":\"https:\\\/\\\/www.cidademarketing.com.br\\\/marketing\\\/#website\",\"url\":\"https:\\\/\\\/www.cidademarketing.com.br\\\/marketing\\\/\",\"name\":\"CidadeMarketing\",\"description\":\"Somos um ve\u00edculo de comunica\u00e7\u00e3o de destaque no Brasil, reconhecido por conte\u00fados nos segmentos de marketing, empreendedorismo e inova\u00e7\u00e3o.\",\"publisher\":{\"@id\":\"https:\\\/\\\/www.cidademarketing.com.br\\\/marketing\\\/#organization\"},\"alternateName\":\"CidadeMarketing\",\"potentialAction\":[{\"@type\":\"SearchAction\",\"target\":{\"@type\":\"EntryPoint\",\"urlTemplate\":\"https:\\\/\\\/www.cidademarketing.com.br\\\/marketing\\\/?s={search_term_string}\"},\"query-input\":{\"@type\":\"PropertyValueSpecification\",\"valueRequired\":true,\"valueName\":\"search_term_string\"}}],\"inLanguage\":\"pt-BR\"},{\"@type\":\"Organization\",\"@id\":\"https:\\\/\\\/www.cidademarketing.com.br\\\/marketing\\\/#organization\",\"name\":\"CidadeMarketing\",\"alternateName\":\"CidadeMarketing\",\"url\":\"https:\\\/\\\/www.cidademarketing.com.br\\\/marketing\\\/\",\"logo\":{\"@type\":\"ImageObject\",\"inLanguage\":\"pt-BR\",\"@id\":\"https:\\\/\\\/www.cidademarketing.com.br\\\/marketing\\\/#\\\/schema\\\/logo\\\/image\\\/\",\"url\":\"https:\\\/\\\/www.cidademarketing.com.br\\\/marketing\\\/wp-content\\\/uploads\\\/2020\\\/01\\\/cidademarketing_marca_mobile.png\",\"contentUrl\":\"https:\\\/\\\/www.cidademarketing.com.br\\\/marketing\\\/wp-content\\\/uploads\\\/2020\\\/01\\\/cidademarketing_marca_mobile.png\",\"width\":230,\"height\":92,\"caption\":\"CidadeMarketing\"},\"image\":{\"@id\":\"https:\\\/\\\/www.cidademarketing.com.br\\\/marketing\\\/#\\\/schema\\\/logo\\\/image\\\/\"},\"sameAs\":[\"https:\\\/\\\/www.facebook.com\\\/portalcidademarketing\",\"https:\\\/\\\/x.com\\\/CidadeMarketing\",\"https:\\\/\\\/www.instagram.com\\\/cidademarketing\\\/\"]},{\"@type\":\"Person\",\"@id\":\"https:\\\/\\\/www.cidademarketing.com.br\\\/marketing\\\/#\\\/schema\\\/person\\\/02daff9f18bd9378c9e01eb6b2db155f\",\"name\":\"Thales Brand\u00e3o\",\"image\":{\"@type\":\"ImageObject\",\"inLanguage\":\"pt-BR\",\"@id\":\"https:\\\/\\\/secure.gravatar.com\\\/avatar\\\/7ca3206950207cc3cb48feec56a8a7898741ab725c368d99d5d7a5a50aab80c6?s=96&d=mm&r=g\",\"url\":\"https:\\\/\\\/secure.gravatar.com\\\/avatar\\\/7ca3206950207cc3cb48feec56a8a7898741ab725c368d99d5d7a5a50aab80c6?s=96&d=mm&r=g\",\"contentUrl\":\"https:\\\/\\\/secure.gravatar.com\\\/avatar\\\/7ca3206950207cc3cb48feec56a8a7898741ab725c368d99d5d7a5a50aab80c6?s=96&d=mm&r=g\",\"caption\":\"Thales Brand\u00e3o\"},\"description\":\"Editor Executivo do Portal CidadeMarketing.com.br &gt; Mestre em Comunica\u00e7\u00e3o e Sociedade pela Universidade Federal de Sergipe. Possui MBA Executivo em Administra\u00e7\u00e3o com \u00eanfase em Marketing pela Funda\u00e7\u00e3o Get\u00falio Vargas - Rio de Janeiro. Consultor, Palestrante e Pesquisador sobre Empreendedorismo, Marketing, Redes Sociais e Neg\u00f3cios Digitais. Professor, Palestrante TedxTalks e Campus Party. Twitter: @ThalesBrandao\",\"sameAs\":[\"http:\\\/\\\/www.mandacaru.com.br\",\"https:\\\/\\\/www.facebook.com\\\/thalesbrandao\",\"http:\\\/\\\/www.instagram.com.br\\\/thalesbrandaoferreira\",\"https:\\\/\\\/www.linkedin.com\\\/in\\\/thales-brand\u00e3o-3948609\\\/\",\"https:\\\/\\\/x.com\\\/http:\\\/\\\/www.twitter.com\\\/thalesbrandao\"],\"url\":\"https:\\\/\\\/www.cidademarketing.com.br\\\/marketing\\\/author\\\/thalesbrandao\\\/\"}]}<\/script>\n<!-- \/ Yoast SEO plugin. -->","yoast_head_json":{"title":"Acervo MPB, da Novabrasil, ganha nova temporada com \u00e1udio biografia de \u00edcones da m\u00fasica ligados ao Carnaval - CidadeMarketing","robots":{"index":"index","follow":"follow","max-snippet":"max-snippet:-1","max-image-preview":"max-image-preview:large","max-video-preview":"max-video-preview:-1"},"canonical":"https:\/\/www.cidademarketing.com.br\/marketing\/2022\/02\/21\/acervo-mpb-da-novabrasil-ganha-nova-temporada-com-audio-biografia-de-icones-da-musica-ligados-ao-carnaval\/","og_locale":"pt_BR","og_type":"article","og_title":"Acervo MPB, da Novabrasil, ganha nova temporada com \u00e1udio biografia de \u00edcones da m\u00fasica ligados ao Carnaval - CidadeMarketing","og_description":"Estreia nesta segunda-feira (21) a segunda temporada do Acervo MPB, s\u00e9rie original de podcasts da Novabrasil que apresenta grandes nomes da nossa m\u00fasica em \u00e1udio biografias exclusivas para as plataformas digitais e de streaming. Trazendo detalhes e curiosidades da vida e da obra dos maiores artistas musicais do Brasil, a s\u00e9rie refor\u00e7a o posicionamento multiplataforma [&hellip;]","og_url":"https:\/\/www.cidademarketing.com.br\/marketing\/2022\/02\/21\/acervo-mpb-da-novabrasil-ganha-nova-temporada-com-audio-biografia-de-icones-da-musica-ligados-ao-carnaval\/","og_site_name":"CidadeMarketing","article_publisher":"https:\/\/www.facebook.com\/portalcidademarketing","article_author":"https:\/\/www.facebook.com\/thalesbrandao","article_published_time":"2022-02-21T18:25:36+00:00","og_image":[{"width":1921,"height":1921,"url":"https:\/\/www.cidademarketing.com.br\/marketing\/wp-content\/uploads\/2022\/02\/Novabrasil-Acervo-MPB-Carnaval-2022-1.jpg","type":"image\/jpeg"}],"author":"Thales Brand\u00e3o","twitter_card":"summary_large_image","twitter_creator":"@http:\/\/www.twitter.com\/thalesbrandao","twitter_site":"@CidadeMarketing","twitter_misc":{"Escrito por":"Thales Brand\u00e3o","Est. tempo de leitura":"1 minuto"},"schema":{"@context":"https:\/\/schema.org","@graph":[{"@type":"Article","@id":"https:\/\/www.cidademarketing.com.br\/marketing\/2022\/02\/21\/acervo-mpb-da-novabrasil-ganha-nova-temporada-com-audio-biografia-de-icones-da-musica-ligados-ao-carnaval\/#article","isPartOf":{"@id":"https:\/\/www.cidademarketing.com.br\/marketing\/2022\/02\/21\/acervo-mpb-da-novabrasil-ganha-nova-temporada-com-audio-biografia-de-icones-da-musica-ligados-ao-carnaval\/"},"author":{"name":"Thales Brand\u00e3o","@id":"https:\/\/www.cidademarketing.com.br\/marketing\/#\/schema\/person\/02daff9f18bd9378c9e01eb6b2db155f"},"headline":"Acervo MPB, da Novabrasil, ganha nova temporada com \u00e1udio biografia de \u00edcones da m\u00fasica ligados ao Carnaval","datePublished":"2022-02-21T18:25:36+00:00","mainEntityOfPage":{"@id":"https:\/\/www.cidademarketing.com.br\/marketing\/2022\/02\/21\/acervo-mpb-da-novabrasil-ganha-nova-temporada-com-audio-biografia-de-icones-da-musica-ligados-ao-carnaval\/"},"wordCount":307,"commentCount":0,"publisher":{"@id":"https:\/\/www.cidademarketing.com.br\/marketing\/#organization"},"image":{"@id":"https:\/\/www.cidademarketing.com.br\/marketing\/2022\/02\/21\/acervo-mpb-da-novabrasil-ganha-nova-temporada-com-audio-biografia-de-icones-da-musica-ligados-ao-carnaval\/#primaryimage"},"thumbnailUrl":"https:\/\/www.cidademarketing.com.br\/marketing\/wp-content\/uploads\/2022\/02\/Novabrasil-Acervo-MPB-Carnaval-2022-1.jpg","keywords":["comunica\u00e7\u00e3o","estrat\u00e9gia","marketing","MPB","m\u00fasica","Novabrasil","podcast"],"articleSection":["Not\u00edcias"],"inLanguage":"pt-BR","potentialAction":[{"@type":"CommentAction","name":"Comment","target":["https:\/\/www.cidademarketing.com.br\/marketing\/2022\/02\/21\/acervo-mpb-da-novabrasil-ganha-nova-temporada-com-audio-biografia-de-icones-da-musica-ligados-ao-carnaval\/#respond"]}]},{"@type":"WebPage","@id":"https:\/\/www.cidademarketing.com.br\/marketing\/2022\/02\/21\/acervo-mpb-da-novabrasil-ganha-nova-temporada-com-audio-biografia-de-icones-da-musica-ligados-ao-carnaval\/","url":"https:\/\/www.cidademarketing.com.br\/marketing\/2022\/02\/21\/acervo-mpb-da-novabrasil-ganha-nova-temporada-com-audio-biografia-de-icones-da-musica-ligados-ao-carnaval\/","name":"Acervo MPB, da Novabrasil, ganha nova temporada com \u00e1udio biografia de \u00edcones da m\u00fasica ligados ao Carnaval - CidadeMarketing","isPartOf":{"@id":"https:\/\/www.cidademarketing.com.br\/marketing\/#website"},"primaryImageOfPage":{"@id":"https:\/\/www.cidademarketing.com.br\/marketing\/2022\/02\/21\/acervo-mpb-da-novabrasil-ganha-nova-temporada-com-audio-biografia-de-icones-da-musica-ligados-ao-carnaval\/#primaryimage"},"image":{"@id":"https:\/\/www.cidademarketing.com.br\/marketing\/2022\/02\/21\/acervo-mpb-da-novabrasil-ganha-nova-temporada-com-audio-biografia-de-icones-da-musica-ligados-ao-carnaval\/#primaryimage"},"thumbnailUrl":"https:\/\/www.cidademarketing.com.br\/marketing\/wp-content\/uploads\/2022\/02\/Novabrasil-Acervo-MPB-Carnaval-2022-1.jpg","datePublished":"2022-02-21T18:25:36+00:00","breadcrumb":{"@id":"https:\/\/www.cidademarketing.com.br\/marketing\/2022\/02\/21\/acervo-mpb-da-novabrasil-ganha-nova-temporada-com-audio-biografia-de-icones-da-musica-ligados-ao-carnaval\/#breadcrumb"},"inLanguage":"pt-BR","potentialAction":[{"@type":"ReadAction","target":["https:\/\/www.cidademarketing.com.br\/marketing\/2022\/02\/21\/acervo-mpb-da-novabrasil-ganha-nova-temporada-com-audio-biografia-de-icones-da-musica-ligados-ao-carnaval\/"]}]},{"@type":"ImageObject","inLanguage":"pt-BR","@id":"https:\/\/www.cidademarketing.com.br\/marketing\/2022\/02\/21\/acervo-mpb-da-novabrasil-ganha-nova-temporada-com-audio-biografia-de-icones-da-musica-ligados-ao-carnaval\/#primaryimage","url":"https:\/\/www.cidademarketing.com.br\/marketing\/wp-content\/uploads\/2022\/02\/Novabrasil-Acervo-MPB-Carnaval-2022-1.jpg","contentUrl":"https:\/\/www.cidademarketing.com.br\/marketing\/wp-content\/uploads\/2022\/02\/Novabrasil-Acervo-MPB-Carnaval-2022-1.jpg","width":1921,"height":1921},{"@type":"BreadcrumbList","@id":"https:\/\/www.cidademarketing.com.br\/marketing\/2022\/02\/21\/acervo-mpb-da-novabrasil-ganha-nova-temporada-com-audio-biografia-de-icones-da-musica-ligados-ao-carnaval\/#breadcrumb","itemListElement":[{"@type":"ListItem","position":1,"name":"In\u00edcio","item":"https:\/\/www.cidademarketing.com.br\/marketing\/"},{"@type":"ListItem","position":2,"name":"Acervo MPB, da Novabrasil, ganha nova temporada com \u00e1udio biografia de \u00edcones da m\u00fasica ligados ao Carnaval"}]},{"@type":"WebSite","@id":"https:\/\/www.cidademarketing.com.br\/marketing\/#website","url":"https:\/\/www.cidademarketing.com.br\/marketing\/","name":"CidadeMarketing","description":"Somos um ve\u00edculo de comunica\u00e7\u00e3o de destaque no Brasil, reconhecido por conte\u00fados nos segmentos de marketing, empreendedorismo e inova\u00e7\u00e3o.","publisher":{"@id":"https:\/\/www.cidademarketing.com.br\/marketing\/#organization"},"alternateName":"CidadeMarketing","potentialAction":[{"@type":"SearchAction","target":{"@type":"EntryPoint","urlTemplate":"https:\/\/www.cidademarketing.com.br\/marketing\/?s={search_term_string}"},"query-input":{"@type":"PropertyValueSpecification","valueRequired":true,"valueName":"search_term_string"}}],"inLanguage":"pt-BR"},{"@type":"Organization","@id":"https:\/\/www.cidademarketing.com.br\/marketing\/#organization","name":"CidadeMarketing","alternateName":"CidadeMarketing","url":"https:\/\/www.cidademarketing.com.br\/marketing\/","logo":{"@type":"ImageObject","inLanguage":"pt-BR","@id":"https:\/\/www.cidademarketing.com.br\/marketing\/#\/schema\/logo\/image\/","url":"https:\/\/www.cidademarketing.com.br\/marketing\/wp-content\/uploads\/2020\/01\/cidademarketing_marca_mobile.png","contentUrl":"https:\/\/www.cidademarketing.com.br\/marketing\/wp-content\/uploads\/2020\/01\/cidademarketing_marca_mobile.png","width":230,"height":92,"caption":"CidadeMarketing"},"image":{"@id":"https:\/\/www.cidademarketing.com.br\/marketing\/#\/schema\/logo\/image\/"},"sameAs":["https:\/\/www.facebook.com\/portalcidademarketing","https:\/\/x.com\/CidadeMarketing","https:\/\/www.instagram.com\/cidademarketing\/"]},{"@type":"Person","@id":"https:\/\/www.cidademarketing.com.br\/marketing\/#\/schema\/person\/02daff9f18bd9378c9e01eb6b2db155f","name":"Thales Brand\u00e3o","image":{"@type":"ImageObject","inLanguage":"pt-BR","@id":"https:\/\/secure.gravatar.com\/avatar\/7ca3206950207cc3cb48feec56a8a7898741ab725c368d99d5d7a5a50aab80c6?s=96&d=mm&r=g","url":"https:\/\/secure.gravatar.com\/avatar\/7ca3206950207cc3cb48feec56a8a7898741ab725c368d99d5d7a5a50aab80c6?s=96&d=mm&r=g","contentUrl":"https:\/\/secure.gravatar.com\/avatar\/7ca3206950207cc3cb48feec56a8a7898741ab725c368d99d5d7a5a50aab80c6?s=96&d=mm&r=g","caption":"Thales Brand\u00e3o"},"description":"Editor Executivo do Portal CidadeMarketing.com.br &gt; Mestre em Comunica\u00e7\u00e3o e Sociedade pela Universidade Federal de Sergipe. Possui MBA Executivo em Administra\u00e7\u00e3o com \u00eanfase em Marketing pela Funda\u00e7\u00e3o Get\u00falio Vargas - Rio de Janeiro. Consultor, Palestrante e Pesquisador sobre Empreendedorismo, Marketing, Redes Sociais e Neg\u00f3cios Digitais. Professor, Palestrante TedxTalks e Campus Party. Twitter: @ThalesBrandao","sameAs":["http:\/\/www.mandacaru.com.br","https:\/\/www.facebook.com\/thalesbrandao","http:\/\/www.instagram.com.br\/thalesbrandaoferreira","https:\/\/www.linkedin.com\/in\/thales-brand\u00e3o-3948609\/","https:\/\/x.com\/http:\/\/www.twitter.com\/thalesbrandao"],"url":"https:\/\/www.cidademarketing.com.br\/marketing\/author\/thalesbrandao\/"}]}},"amp_enabled":true,"_links":{"self":[{"href":"https:\/\/www.cidademarketing.com.br\/marketing\/wp-json\/wp\/v2\/posts\/34604","targetHints":{"allow":["GET"]}}],"collection":[{"href":"https:\/\/www.cidademarketing.com.br\/marketing\/wp-json\/wp\/v2\/posts"}],"about":[{"href":"https:\/\/www.cidademarketing.com.br\/marketing\/wp-json\/wp\/v2\/types\/post"}],"author":[{"embeddable":true,"href":"https:\/\/www.cidademarketing.com.br\/marketing\/wp-json\/wp\/v2\/users\/1"}],"replies":[{"embeddable":true,"href":"https:\/\/www.cidademarketing.com.br\/marketing\/wp-json\/wp\/v2\/comments?post=34604"}],"version-history":[{"count":1,"href":"https:\/\/www.cidademarketing.com.br\/marketing\/wp-json\/wp\/v2\/posts\/34604\/revisions"}],"predecessor-version":[{"id":34606,"href":"https:\/\/www.cidademarketing.com.br\/marketing\/wp-json\/wp\/v2\/posts\/34604\/revisions\/34606"}],"wp:featuredmedia":[{"embeddable":true,"href":"https:\/\/www.cidademarketing.com.br\/marketing\/wp-json\/wp\/v2\/media\/34605"}],"wp:attachment":[{"href":"https:\/\/www.cidademarketing.com.br\/marketing\/wp-json\/wp\/v2\/media?parent=34604"}],"wp:term":[{"taxonomy":"category","embeddable":true,"href":"https:\/\/www.cidademarketing.com.br\/marketing\/wp-json\/wp\/v2\/categories?post=34604"},{"taxonomy":"post_tag","embeddable":true,"href":"https:\/\/www.cidademarketing.com.br\/marketing\/wp-json\/wp\/v2\/tags?post=34604"}],"curies":[{"name":"wp","href":"https:\/\/api.w.org\/{rel}","templated":true}]}}