{"id":34539,"date":"2022-02-16T21:23:33","date_gmt":"2022-02-17T00:23:33","guid":{"rendered":"https:\/\/www.cidademarketing.com.br\/marketing\/?p=34539"},"modified":"2022-02-16T21:23:33","modified_gmt":"2022-02-17T00:23:33","slug":"brasil-e-aws-assinam-declaracao-de-intencao-estrategica-para-apoiar-o-crescimento-de-longo-prazo-no-setor-espacial-regional","status":"publish","type":"post","link":"https:\/\/www.cidademarketing.com.br\/marketing\/2022\/02\/16\/brasil-e-aws-assinam-declaracao-de-intencao-estrategica-para-apoiar-o-crescimento-de-longo-prazo-no-setor-espacial-regional\/","title":{"rendered":"Brasil e AWS assinam &#8220;Declara\u00e7\u00e3o de Inten\u00e7\u00e3o Estrat\u00e9gica&#8221; para apoiar o crescimento de longo prazo no setor espacial regional"},"content":{"rendered":"<p><iframe src=\"https:\/\/open.spotify.com\/embed\/show\/4khMKzP3FgFRWVwb73xicc\" width=\"100%\" height=\"232\" frameborder=\"0\"><\/iframe><br \/>\nA Ag\u00eancia Espacial Brasileira (AEB) e a Amazon Web Services (AWS) assinaram um Termo de Inten\u00e7\u00e3o Estrat\u00e9gica e Coopera\u00e7\u00e3o. A iniciativa, com a qual a Embaixada Brasileira em Washington tamb\u00e9m colaborou, \u00e9 a primeira desse tipo para a AWS, na Am\u00e9rica Latina, e apoiar\u00e1 a inova\u00e7\u00e3o e o crescimento cont\u00ednuo da ind\u00fastria espacial do pa\u00eds.<br \/>\nA AEB tem relevante papel no contexto da Am\u00e9rica Latina, sendo respons\u00e1vel por uma ampla variedade de atividades espaciais relacionadas a transporte espacial, sat\u00e9lites, pesquisa e aplica\u00e7\u00f5es. A AEB tem apoiado o fortalecimento da infraestrutura brasileira de lan\u00e7amento de foguetes, de produ\u00e7\u00e3o e explora\u00e7\u00e3o de sistemas espaciais. Oferece, tamb\u00e9m, apoio a atividades educacionais e de pesquisa em ci\u00eancias astron\u00e1uticas e correlatas. Al\u00e9m disso, a AEB \u00e9 parceira bilateral da NASA em pesquisas ionosf\u00e9ricas e signat\u00e1ria dos Acordos Artemis para a explora\u00e7\u00e3o conjunta da Lua.<br \/>\nA coopera\u00e7\u00e3o entre a AEB e a AWS descreve tr\u00eas \u00e1reas espec\u00edficas de colabora\u00e7\u00e3o projetadas para apoiar as metas da Ag\u00eancia para o desenvolvimento econ\u00f4mico e tecnol\u00f3gico de longo prazo. Essas iniciativas educacionais, econ\u00f4micas e pol\u00edticas beneficiar\u00e3o o governo brasileiro, organiza\u00e7\u00f5es espaciais comerciais brasileiras e startups focadas no espa\u00e7o.<br \/>\nAs iniciativas incluem:<br \/>\n1. A Colabora\u00e7\u00e3o Espacial Brasil\/AWS para Economia e Desenvolvimento (B\/ASCEnD). Por meio dessa iniciativa, a Ag\u00eancia Espacial Brasileira e a AWS trabalhar\u00e3o juntas para promover o crescimento da ind\u00fastria espacial brasileira, estabelecendo programas nacionais de pesquisa e desenvolvimento espacial (P&amp;D), fornecendo recursos de treinamento e impulsionando startups. Especificamente, a AWS oferecer\u00e1 aos interessados acesso ao AWS Activate Program e ao AWS Activate Founders Program, ambos fornecendo cr\u00e9ditos, treinamento t\u00e9cnico e suporte comercial \u00e0s startups qualificadas. Esse esfor\u00e7o tamb\u00e9m oferece aos profissionais acesso a programas de treinamento e certifica\u00e7\u00e3o da AWS.<br \/>\nA iniciativa tamb\u00e9m cria uma oportunidade para a AEB e a AWS identificarem iniciativas promissoras de tecnologia espacial que possam apoiar os objetivos de outras organiza\u00e7\u00f5es governamentais. O objetivo por tr\u00e1s dessa colabora\u00e7\u00e3o \u00e9 promover a inova\u00e7\u00e3o para futuras miss\u00f5es relacionadas \u00e0 ci\u00eancia, explora\u00e7\u00e3o espacial e seguran\u00e7a nacional.<br \/>\n2. O Programa de Patroc\u00ednio de Dados Abertos da AWS. Essa iniciativa visa incentivar a colabora\u00e7\u00e3o entre a Ag\u00eancia Espacial Brasileira e seus parceiros, criando um reposit\u00f3rio centralizado de dados espaciais. Isso permitir\u00e1 que as partes interessadas acessem e analisem facilmente dados espaciais, usando ferramentas e tecnologias em nuvem, em apoio a uma variedade de empreendimentos espaciais brasileiros.<br \/>\n3. Pol\u00edtica, Estrat\u00e9gia e Apoio Regulat\u00f3rio para o Desenvolvimento Espacial. A Ag\u00eancia Espacial Brasileira e a AWS se envolver\u00e3o em discuss\u00f5es sobre pol\u00edticas, estrat\u00e9gias e medidas regulat\u00f3rias nacionais, em apoio aos objetivos espaciais civis, comerciais e de seguran\u00e7a nacional do Brasil.<br \/>\n\u201cO acordo entre a Ag\u00eancia Espacial Brasileira e a Amazon Web Services \u00e9 iniciativa concreta em prol de maior integra\u00e7\u00e3o do setor privado brasileiro e de nossa ind\u00fastria aeroespacial com o ecossistema de inova\u00e7\u00e3o americano, o mais avan\u00e7ado do mundo na \u00e1rea espacial\u201c, disse o embaixador do Brasil em Washington, Nestor Forster Jr. \u201cA Embaixada seguir\u00e1 empenhada no fortalecimento da coopera\u00e7\u00e3o espacial com os Estados Unidos, que produz resultados para o Brasil nos planos econ\u00f4mico e tecnol\u00f3gico\u201d, acrescentou ele.<br \/>\n\u201cO acordo com a AWS \u00e9 um passo importante para fomentar nossa ind\u00fastria espacial, no momento em que o Brasil visa inserir-se mais fortemente no mercado espacial, como, por exemplo, no segmento de acesso ao espa\u00e7o, com o espa\u00e7oporto de Alc\u00e2ntara\u201d, disse Carlos Augusto Teixeira de Moura, presidente da Ag\u00eancia Espacial Brasileira.<br \/>\nO CLA tamb\u00e9m \u00e9 conhecido como a Janela Brasileira para o Espa\u00e7o. Sua localiza\u00e7\u00e3o, na costa atl\u00e2ntica norte do Brasil, \u00e9 considerada ideal para lan\u00e7amentos de sat\u00e9lites e foguetes, por estar situado a apenas 2 graus ao sul do Equador. A velocidade de rota\u00e7\u00e3o mais r\u00e1pida da Terra perto do Equador permite que as naves espaciais atinjam a velocidade necess\u00e1ria para entrar em \u00f3rbita usando menos propelentes. A localiza\u00e7\u00e3o do CLA tamb\u00e9m \u00e9 \u00f3tima gra\u00e7as \u00e0 aus\u00eancia de eventos clim\u00e1ticos extremos e baixa densidade de tr\u00e1fego a\u00e9reo. O CLA \u00e9 utilizado para atividades que incluem integra\u00e7\u00e3o de naves espaciais, testes de carga \u00fatil final, lan\u00e7amentos de foguetes, apoio log\u00edstico a miss\u00f5es, previs\u00e3o meteorol\u00f3gica, rastreamento, comando e controle e telemetria.<br \/>\nEsta Declara\u00e7\u00e3o de Inten\u00e7\u00e3o Estrat\u00e9gica \u00e9 o mais recente passo no compromisso de longo prazo da AWS com o Brasil e a Am\u00e9rica Latina, unindo os setores p\u00fablico e privado, por meio do poder dos servi\u00e7os de computa\u00e7\u00e3o em nuvem para promover a moderniza\u00e7\u00e3o de TI, inova\u00e7\u00e3o, desenvolvimento econ\u00f4mico, educa\u00e7\u00e3o e cria\u00e7\u00e3o de for\u00e7a de trabalho e emprego. Em 2020, a AWS anunciou um investimento de R$ 1 bilh\u00e3o para expandir os data centers em S\u00e3o Paulo e fortalecer a infraestrutura na Am\u00e9rica do Sul. Naquele mesmo ano, o Brasil foi o primeiro pa\u00eds da Am\u00e9rica Latina e o segundo do Hemisf\u00e9rio Ocidental a oferecer o AWS EdStart, o programa de tecnologia educacional da AWS (EdTech) que ajuda empresas iniciantes de EdTech a criarem solu\u00e7\u00f5es de ensino e aprendizado na nuvem AWS.<br \/>\n\u201cA AWS tem orgulho de apoiar a miss\u00e3o do Brasil de impulsionar a inova\u00e7\u00e3o e o crescimento na ind\u00fastria espacial\u201d, disse Jeff Kratz, gerente-geral para as regi\u00f5es da Am\u00e9rica Latina, Canad\u00e1 e Caribe e para o setor p\u00fablico mundial da AWS. \u201cEste acordo fornece ferramentas, treinamento e educa\u00e7\u00e3o que ajudar\u00e3o a garantir que o Brasil continue a ser um l\u00edder espacial na Am\u00e9rica Latina para as pr\u00f3ximas gera\u00e7\u00f5es\u201d.<\/p>\n<p><iframe style=\"width: 100%; max-width: 660px; overflow: hidden; background: transparent;\" src=\"https:\/\/embed.podcasts.apple.com\/br\/podcast\/podcast-cidademarketing\/id1371923283\" height=\"450\" frameborder=\"0\" sandbox=\"allow-forms allow-popups allow-same-origin allow-scripts allow-storage-access-by-user-activation allow-top-navigation-by-user-activation\"><\/iframe><\/p>\n","protected":false},"excerpt":{"rendered":"<p>A Ag\u00eancia Espacial Brasileira (AEB) e a Amazon Web Services (AWS) assinaram um Termo de Inten\u00e7\u00e3o Estrat\u00e9gica e Coopera\u00e7\u00e3o. A iniciativa, com a qual a Embaixada Brasileira em Washington tamb\u00e9m colaborou, \u00e9 a primeira desse tipo para a AWS, na Am\u00e9rica Latina, e apoiar\u00e1 a inova\u00e7\u00e3o e o crescimento cont\u00ednuo da ind\u00fastria espacial do pa\u00eds. [&hellip;]<\/p>\n","protected":false},"author":1,"featured_media":34540,"comment_status":"open","ping_status":"open","sticky":false,"template":"","format":"standard","meta":{"tdm_status":"","tdm_grid_status":"","footnotes":""},"categories":[6],"tags":[3624,147,33,60,293,28,185],"class_list":["post-34539","post","type-post","status-publish","format-standard","has-post-thumbnail","hentry","category-noticias","tag-aws","tag-brasil","tag-estrategia","tag-governo-federal","tag-inovacao","tag-marketing","tag-tecnologia"],"yoast_head":"<!-- This site is optimized with the Yoast SEO plugin v27.5 - https:\/\/yoast.com\/product\/yoast-seo-wordpress\/ -->\n<title>Brasil e AWS assinam &quot;Declara\u00e7\u00e3o de Inten\u00e7\u00e3o Estrat\u00e9gica&quot; para apoiar o crescimento de longo prazo no setor espacial regional - CidadeMarketing<\/title>\n<meta name=\"robots\" content=\"index, follow, max-snippet:-1, max-image-preview:large, max-video-preview:-1\" \/>\n<link rel=\"canonical\" href=\"https:\/\/www.cidademarketing.com.br\/marketing\/2022\/02\/16\/brasil-e-aws-assinam-declaracao-de-intencao-estrategica-para-apoiar-o-crescimento-de-longo-prazo-no-setor-espacial-regional\/\" \/>\n<meta property=\"og:locale\" content=\"pt_BR\" \/>\n<meta property=\"og:type\" content=\"article\" \/>\n<meta property=\"og:title\" content=\"Brasil e AWS assinam &quot;Declara\u00e7\u00e3o de Inten\u00e7\u00e3o Estrat\u00e9gica&quot; para apoiar o crescimento de longo prazo no setor espacial regional - CidadeMarketing\" \/>\n<meta property=\"og:description\" content=\"A Ag\u00eancia Espacial Brasileira (AEB) e a Amazon Web Services (AWS) assinaram um Termo de Inten\u00e7\u00e3o Estrat\u00e9gica e Coopera\u00e7\u00e3o. A iniciativa, com a qual a Embaixada Brasileira em Washington tamb\u00e9m colaborou, \u00e9 a primeira desse tipo para a AWS, na Am\u00e9rica Latina, e apoiar\u00e1 a inova\u00e7\u00e3o e o crescimento cont\u00ednuo da ind\u00fastria espacial do pa\u00eds. [&hellip;]\" \/>\n<meta property=\"og:url\" content=\"https:\/\/www.cidademarketing.com.br\/marketing\/2022\/02\/16\/brasil-e-aws-assinam-declaracao-de-intencao-estrategica-para-apoiar-o-crescimento-de-longo-prazo-no-setor-espacial-regional\/\" \/>\n<meta property=\"og:site_name\" content=\"CidadeMarketing\" \/>\n<meta property=\"article:publisher\" content=\"https:\/\/www.facebook.com\/portalcidademarketing\" \/>\n<meta property=\"article:author\" content=\"https:\/\/www.facebook.com\/thalesbrandao\" \/>\n<meta property=\"article:published_time\" content=\"2022-02-17T00:23:33+00:00\" \/>\n<meta property=\"og:image\" content=\"https:\/\/www.cidademarketing.com.br\/marketing\/wp-content\/uploads\/2022\/02\/brasil_aws.jpg\" \/>\n\t<meta property=\"og:image:width\" content=\"2048\" \/>\n\t<meta property=\"og:image:height\" content=\"1536\" \/>\n\t<meta property=\"og:image:type\" content=\"image\/jpeg\" \/>\n<meta name=\"author\" content=\"Thales Brand\u00e3o\" \/>\n<meta name=\"twitter:card\" content=\"summary_large_image\" \/>\n<meta name=\"twitter:creator\" content=\"@http:\/\/www.twitter.com\/thalesbrandao\" \/>\n<meta name=\"twitter:site\" content=\"@CidadeMarketing\" \/>\n<meta name=\"twitter:label1\" content=\"Escrito por\" \/>\n\t<meta name=\"twitter:data1\" content=\"Thales Brand\u00e3o\" \/>\n\t<meta name=\"twitter:label2\" content=\"Est. tempo de leitura\" \/>\n\t<meta name=\"twitter:data2\" content=\"5 minutos\" \/>\n<script type=\"application\/ld+json\" class=\"yoast-schema-graph\">{\"@context\":\"https:\\\/\\\/schema.org\",\"@graph\":[{\"@type\":\"Article\",\"@id\":\"https:\\\/\\\/www.cidademarketing.com.br\\\/marketing\\\/2022\\\/02\\\/16\\\/brasil-e-aws-assinam-declaracao-de-intencao-estrategica-para-apoiar-o-crescimento-de-longo-prazo-no-setor-espacial-regional\\\/#article\",\"isPartOf\":{\"@id\":\"https:\\\/\\\/www.cidademarketing.com.br\\\/marketing\\\/2022\\\/02\\\/16\\\/brasil-e-aws-assinam-declaracao-de-intencao-estrategica-para-apoiar-o-crescimento-de-longo-prazo-no-setor-espacial-regional\\\/\"},\"author\":{\"name\":\"Thales Brand\u00e3o\",\"@id\":\"https:\\\/\\\/www.cidademarketing.com.br\\\/marketing\\\/#\\\/schema\\\/person\\\/02daff9f18bd9378c9e01eb6b2db155f\"},\"headline\":\"Brasil e AWS assinam &#8220;Declara\u00e7\u00e3o de Inten\u00e7\u00e3o Estrat\u00e9gica&#8221; para apoiar o crescimento de longo prazo no setor espacial regional\",\"datePublished\":\"2022-02-17T00:23:33+00:00\",\"mainEntityOfPage\":{\"@id\":\"https:\\\/\\\/www.cidademarketing.com.br\\\/marketing\\\/2022\\\/02\\\/16\\\/brasil-e-aws-assinam-declaracao-de-intencao-estrategica-para-apoiar-o-crescimento-de-longo-prazo-no-setor-espacial-regional\\\/\"},\"wordCount\":1021,\"commentCount\":0,\"publisher\":{\"@id\":\"https:\\\/\\\/www.cidademarketing.com.br\\\/marketing\\\/#organization\"},\"image\":{\"@id\":\"https:\\\/\\\/www.cidademarketing.com.br\\\/marketing\\\/2022\\\/02\\\/16\\\/brasil-e-aws-assinam-declaracao-de-intencao-estrategica-para-apoiar-o-crescimento-de-longo-prazo-no-setor-espacial-regional\\\/#primaryimage\"},\"thumbnailUrl\":\"https:\\\/\\\/www.cidademarketing.com.br\\\/marketing\\\/wp-content\\\/uploads\\\/2022\\\/02\\\/brasil_aws.jpg\",\"keywords\":[\"AWS\",\"Brasil\",\"estrat\u00e9gia\",\"Governo Federal\",\"inova\u00e7\u00e3o\",\"marketing\",\"tecnologia\"],\"articleSection\":[\"Not\u00edcias\"],\"inLanguage\":\"pt-BR\",\"potentialAction\":[{\"@type\":\"CommentAction\",\"name\":\"Comment\",\"target\":[\"https:\\\/\\\/www.cidademarketing.com.br\\\/marketing\\\/2022\\\/02\\\/16\\\/brasil-e-aws-assinam-declaracao-de-intencao-estrategica-para-apoiar-o-crescimento-de-longo-prazo-no-setor-espacial-regional\\\/#respond\"]}]},{\"@type\":\"WebPage\",\"@id\":\"https:\\\/\\\/www.cidademarketing.com.br\\\/marketing\\\/2022\\\/02\\\/16\\\/brasil-e-aws-assinam-declaracao-de-intencao-estrategica-para-apoiar-o-crescimento-de-longo-prazo-no-setor-espacial-regional\\\/\",\"url\":\"https:\\\/\\\/www.cidademarketing.com.br\\\/marketing\\\/2022\\\/02\\\/16\\\/brasil-e-aws-assinam-declaracao-de-intencao-estrategica-para-apoiar-o-crescimento-de-longo-prazo-no-setor-espacial-regional\\\/\",\"name\":\"Brasil e AWS assinam \\\"Declara\u00e7\u00e3o de Inten\u00e7\u00e3o Estrat\u00e9gica\\\" para apoiar o crescimento de longo prazo no setor espacial regional - CidadeMarketing\",\"isPartOf\":{\"@id\":\"https:\\\/\\\/www.cidademarketing.com.br\\\/marketing\\\/#website\"},\"primaryImageOfPage\":{\"@id\":\"https:\\\/\\\/www.cidademarketing.com.br\\\/marketing\\\/2022\\\/02\\\/16\\\/brasil-e-aws-assinam-declaracao-de-intencao-estrategica-para-apoiar-o-crescimento-de-longo-prazo-no-setor-espacial-regional\\\/#primaryimage\"},\"image\":{\"@id\":\"https:\\\/\\\/www.cidademarketing.com.br\\\/marketing\\\/2022\\\/02\\\/16\\\/brasil-e-aws-assinam-declaracao-de-intencao-estrategica-para-apoiar-o-crescimento-de-longo-prazo-no-setor-espacial-regional\\\/#primaryimage\"},\"thumbnailUrl\":\"https:\\\/\\\/www.cidademarketing.com.br\\\/marketing\\\/wp-content\\\/uploads\\\/2022\\\/02\\\/brasil_aws.jpg\",\"datePublished\":\"2022-02-17T00:23:33+00:00\",\"breadcrumb\":{\"@id\":\"https:\\\/\\\/www.cidademarketing.com.br\\\/marketing\\\/2022\\\/02\\\/16\\\/brasil-e-aws-assinam-declaracao-de-intencao-estrategica-para-apoiar-o-crescimento-de-longo-prazo-no-setor-espacial-regional\\\/#breadcrumb\"},\"inLanguage\":\"pt-BR\",\"potentialAction\":[{\"@type\":\"ReadAction\",\"target\":[\"https:\\\/\\\/www.cidademarketing.com.br\\\/marketing\\\/2022\\\/02\\\/16\\\/brasil-e-aws-assinam-declaracao-de-intencao-estrategica-para-apoiar-o-crescimento-de-longo-prazo-no-setor-espacial-regional\\\/\"]}]},{\"@type\":\"ImageObject\",\"inLanguage\":\"pt-BR\",\"@id\":\"https:\\\/\\\/www.cidademarketing.com.br\\\/marketing\\\/2022\\\/02\\\/16\\\/brasil-e-aws-assinam-declaracao-de-intencao-estrategica-para-apoiar-o-crescimento-de-longo-prazo-no-setor-espacial-regional\\\/#primaryimage\",\"url\":\"https:\\\/\\\/www.cidademarketing.com.br\\\/marketing\\\/wp-content\\\/uploads\\\/2022\\\/02\\\/brasil_aws.jpg\",\"contentUrl\":\"https:\\\/\\\/www.cidademarketing.com.br\\\/marketing\\\/wp-content\\\/uploads\\\/2022\\\/02\\\/brasil_aws.jpg\",\"width\":2048,\"height\":1536,\"caption\":\"Divulga\u00e7\u00e3o\"},{\"@type\":\"BreadcrumbList\",\"@id\":\"https:\\\/\\\/www.cidademarketing.com.br\\\/marketing\\\/2022\\\/02\\\/16\\\/brasil-e-aws-assinam-declaracao-de-intencao-estrategica-para-apoiar-o-crescimento-de-longo-prazo-no-setor-espacial-regional\\\/#breadcrumb\",\"itemListElement\":[{\"@type\":\"ListItem\",\"position\":1,\"name\":\"In\u00edcio\",\"item\":\"https:\\\/\\\/www.cidademarketing.com.br\\\/marketing\\\/\"},{\"@type\":\"ListItem\",\"position\":2,\"name\":\"Brasil e AWS assinam &#8220;Declara\u00e7\u00e3o de Inten\u00e7\u00e3o Estrat\u00e9gica&#8221; para apoiar o crescimento de longo prazo no setor espacial regional\"}]},{\"@type\":\"WebSite\",\"@id\":\"https:\\\/\\\/www.cidademarketing.com.br\\\/marketing\\\/#website\",\"url\":\"https:\\\/\\\/www.cidademarketing.com.br\\\/marketing\\\/\",\"name\":\"CidadeMarketing\",\"description\":\"Somos um ve\u00edculo de comunica\u00e7\u00e3o de destaque no Brasil, reconhecido por conte\u00fados nos segmentos de marketing, empreendedorismo e inova\u00e7\u00e3o.\",\"publisher\":{\"@id\":\"https:\\\/\\\/www.cidademarketing.com.br\\\/marketing\\\/#organization\"},\"alternateName\":\"CidadeMarketing\",\"potentialAction\":[{\"@type\":\"SearchAction\",\"target\":{\"@type\":\"EntryPoint\",\"urlTemplate\":\"https:\\\/\\\/www.cidademarketing.com.br\\\/marketing\\\/?s={search_term_string}\"},\"query-input\":{\"@type\":\"PropertyValueSpecification\",\"valueRequired\":true,\"valueName\":\"search_term_string\"}}],\"inLanguage\":\"pt-BR\"},{\"@type\":\"Organization\",\"@id\":\"https:\\\/\\\/www.cidademarketing.com.br\\\/marketing\\\/#organization\",\"name\":\"CidadeMarketing\",\"alternateName\":\"CidadeMarketing\",\"url\":\"https:\\\/\\\/www.cidademarketing.com.br\\\/marketing\\\/\",\"logo\":{\"@type\":\"ImageObject\",\"inLanguage\":\"pt-BR\",\"@id\":\"https:\\\/\\\/www.cidademarketing.com.br\\\/marketing\\\/#\\\/schema\\\/logo\\\/image\\\/\",\"url\":\"https:\\\/\\\/www.cidademarketing.com.br\\\/marketing\\\/wp-content\\\/uploads\\\/2020\\\/01\\\/cidademarketing_marca_mobile.png\",\"contentUrl\":\"https:\\\/\\\/www.cidademarketing.com.br\\\/marketing\\\/wp-content\\\/uploads\\\/2020\\\/01\\\/cidademarketing_marca_mobile.png\",\"width\":230,\"height\":92,\"caption\":\"CidadeMarketing\"},\"image\":{\"@id\":\"https:\\\/\\\/www.cidademarketing.com.br\\\/marketing\\\/#\\\/schema\\\/logo\\\/image\\\/\"},\"sameAs\":[\"https:\\\/\\\/www.facebook.com\\\/portalcidademarketing\",\"https:\\\/\\\/x.com\\\/CidadeMarketing\",\"https:\\\/\\\/www.instagram.com\\\/cidademarketing\\\/\"]},{\"@type\":\"Person\",\"@id\":\"https:\\\/\\\/www.cidademarketing.com.br\\\/marketing\\\/#\\\/schema\\\/person\\\/02daff9f18bd9378c9e01eb6b2db155f\",\"name\":\"Thales Brand\u00e3o\",\"image\":{\"@type\":\"ImageObject\",\"inLanguage\":\"pt-BR\",\"@id\":\"https:\\\/\\\/secure.gravatar.com\\\/avatar\\\/7ca3206950207cc3cb48feec56a8a7898741ab725c368d99d5d7a5a50aab80c6?s=96&d=mm&r=g\",\"url\":\"https:\\\/\\\/secure.gravatar.com\\\/avatar\\\/7ca3206950207cc3cb48feec56a8a7898741ab725c368d99d5d7a5a50aab80c6?s=96&d=mm&r=g\",\"contentUrl\":\"https:\\\/\\\/secure.gravatar.com\\\/avatar\\\/7ca3206950207cc3cb48feec56a8a7898741ab725c368d99d5d7a5a50aab80c6?s=96&d=mm&r=g\",\"caption\":\"Thales Brand\u00e3o\"},\"description\":\"Editor Executivo do Portal CidadeMarketing.com.br &gt; Mestre em Comunica\u00e7\u00e3o e Sociedade pela Universidade Federal de Sergipe. Possui MBA Executivo em Administra\u00e7\u00e3o com \u00eanfase em Marketing pela Funda\u00e7\u00e3o Get\u00falio Vargas - Rio de Janeiro. Consultor, Palestrante e Pesquisador sobre Empreendedorismo, Marketing, Redes Sociais e Neg\u00f3cios Digitais. Professor, Palestrante TedxTalks e Campus Party. Twitter: @ThalesBrandao\",\"sameAs\":[\"http:\\\/\\\/www.mandacaru.com.br\",\"https:\\\/\\\/www.facebook.com\\\/thalesbrandao\",\"http:\\\/\\\/www.instagram.com.br\\\/thalesbrandaoferreira\",\"https:\\\/\\\/www.linkedin.com\\\/in\\\/thales-brand\u00e3o-3948609\\\/\",\"https:\\\/\\\/x.com\\\/http:\\\/\\\/www.twitter.com\\\/thalesbrandao\"],\"url\":\"https:\\\/\\\/www.cidademarketing.com.br\\\/marketing\\\/author\\\/thalesbrandao\\\/\"}]}<\/script>\n<!-- \/ Yoast SEO plugin. -->","yoast_head_json":{"title":"Brasil e AWS assinam \"Declara\u00e7\u00e3o de Inten\u00e7\u00e3o Estrat\u00e9gica\" para apoiar o crescimento de longo prazo no setor espacial regional - CidadeMarketing","robots":{"index":"index","follow":"follow","max-snippet":"max-snippet:-1","max-image-preview":"max-image-preview:large","max-video-preview":"max-video-preview:-1"},"canonical":"https:\/\/www.cidademarketing.com.br\/marketing\/2022\/02\/16\/brasil-e-aws-assinam-declaracao-de-intencao-estrategica-para-apoiar-o-crescimento-de-longo-prazo-no-setor-espacial-regional\/","og_locale":"pt_BR","og_type":"article","og_title":"Brasil e AWS assinam \"Declara\u00e7\u00e3o de Inten\u00e7\u00e3o Estrat\u00e9gica\" para apoiar o crescimento de longo prazo no setor espacial regional - CidadeMarketing","og_description":"A Ag\u00eancia Espacial Brasileira (AEB) e a Amazon Web Services (AWS) assinaram um Termo de Inten\u00e7\u00e3o Estrat\u00e9gica e Coopera\u00e7\u00e3o. A iniciativa, com a qual a Embaixada Brasileira em Washington tamb\u00e9m colaborou, \u00e9 a primeira desse tipo para a AWS, na Am\u00e9rica Latina, e apoiar\u00e1 a inova\u00e7\u00e3o e o crescimento cont\u00ednuo da ind\u00fastria espacial do pa\u00eds. [&hellip;]","og_url":"https:\/\/www.cidademarketing.com.br\/marketing\/2022\/02\/16\/brasil-e-aws-assinam-declaracao-de-intencao-estrategica-para-apoiar-o-crescimento-de-longo-prazo-no-setor-espacial-regional\/","og_site_name":"CidadeMarketing","article_publisher":"https:\/\/www.facebook.com\/portalcidademarketing","article_author":"https:\/\/www.facebook.com\/thalesbrandao","article_published_time":"2022-02-17T00:23:33+00:00","og_image":[{"width":2048,"height":1536,"url":"https:\/\/www.cidademarketing.com.br\/marketing\/wp-content\/uploads\/2022\/02\/brasil_aws.jpg","type":"image\/jpeg"}],"author":"Thales Brand\u00e3o","twitter_card":"summary_large_image","twitter_creator":"@http:\/\/www.twitter.com\/thalesbrandao","twitter_site":"@CidadeMarketing","twitter_misc":{"Escrito por":"Thales Brand\u00e3o","Est. tempo de leitura":"5 minutos"},"schema":{"@context":"https:\/\/schema.org","@graph":[{"@type":"Article","@id":"https:\/\/www.cidademarketing.com.br\/marketing\/2022\/02\/16\/brasil-e-aws-assinam-declaracao-de-intencao-estrategica-para-apoiar-o-crescimento-de-longo-prazo-no-setor-espacial-regional\/#article","isPartOf":{"@id":"https:\/\/www.cidademarketing.com.br\/marketing\/2022\/02\/16\/brasil-e-aws-assinam-declaracao-de-intencao-estrategica-para-apoiar-o-crescimento-de-longo-prazo-no-setor-espacial-regional\/"},"author":{"name":"Thales Brand\u00e3o","@id":"https:\/\/www.cidademarketing.com.br\/marketing\/#\/schema\/person\/02daff9f18bd9378c9e01eb6b2db155f"},"headline":"Brasil e AWS assinam &#8220;Declara\u00e7\u00e3o de Inten\u00e7\u00e3o Estrat\u00e9gica&#8221; para apoiar o crescimento de longo prazo no setor espacial regional","datePublished":"2022-02-17T00:23:33+00:00","mainEntityOfPage":{"@id":"https:\/\/www.cidademarketing.com.br\/marketing\/2022\/02\/16\/brasil-e-aws-assinam-declaracao-de-intencao-estrategica-para-apoiar-o-crescimento-de-longo-prazo-no-setor-espacial-regional\/"},"wordCount":1021,"commentCount":0,"publisher":{"@id":"https:\/\/www.cidademarketing.com.br\/marketing\/#organization"},"image":{"@id":"https:\/\/www.cidademarketing.com.br\/marketing\/2022\/02\/16\/brasil-e-aws-assinam-declaracao-de-intencao-estrategica-para-apoiar-o-crescimento-de-longo-prazo-no-setor-espacial-regional\/#primaryimage"},"thumbnailUrl":"https:\/\/www.cidademarketing.com.br\/marketing\/wp-content\/uploads\/2022\/02\/brasil_aws.jpg","keywords":["AWS","Brasil","estrat\u00e9gia","Governo Federal","inova\u00e7\u00e3o","marketing","tecnologia"],"articleSection":["Not\u00edcias"],"inLanguage":"pt-BR","potentialAction":[{"@type":"CommentAction","name":"Comment","target":["https:\/\/www.cidademarketing.com.br\/marketing\/2022\/02\/16\/brasil-e-aws-assinam-declaracao-de-intencao-estrategica-para-apoiar-o-crescimento-de-longo-prazo-no-setor-espacial-regional\/#respond"]}]},{"@type":"WebPage","@id":"https:\/\/www.cidademarketing.com.br\/marketing\/2022\/02\/16\/brasil-e-aws-assinam-declaracao-de-intencao-estrategica-para-apoiar-o-crescimento-de-longo-prazo-no-setor-espacial-regional\/","url":"https:\/\/www.cidademarketing.com.br\/marketing\/2022\/02\/16\/brasil-e-aws-assinam-declaracao-de-intencao-estrategica-para-apoiar-o-crescimento-de-longo-prazo-no-setor-espacial-regional\/","name":"Brasil e AWS assinam \"Declara\u00e7\u00e3o de Inten\u00e7\u00e3o Estrat\u00e9gica\" para apoiar o crescimento de longo prazo no setor espacial regional - CidadeMarketing","isPartOf":{"@id":"https:\/\/www.cidademarketing.com.br\/marketing\/#website"},"primaryImageOfPage":{"@id":"https:\/\/www.cidademarketing.com.br\/marketing\/2022\/02\/16\/brasil-e-aws-assinam-declaracao-de-intencao-estrategica-para-apoiar-o-crescimento-de-longo-prazo-no-setor-espacial-regional\/#primaryimage"},"image":{"@id":"https:\/\/www.cidademarketing.com.br\/marketing\/2022\/02\/16\/brasil-e-aws-assinam-declaracao-de-intencao-estrategica-para-apoiar-o-crescimento-de-longo-prazo-no-setor-espacial-regional\/#primaryimage"},"thumbnailUrl":"https:\/\/www.cidademarketing.com.br\/marketing\/wp-content\/uploads\/2022\/02\/brasil_aws.jpg","datePublished":"2022-02-17T00:23:33+00:00","breadcrumb":{"@id":"https:\/\/www.cidademarketing.com.br\/marketing\/2022\/02\/16\/brasil-e-aws-assinam-declaracao-de-intencao-estrategica-para-apoiar-o-crescimento-de-longo-prazo-no-setor-espacial-regional\/#breadcrumb"},"inLanguage":"pt-BR","potentialAction":[{"@type":"ReadAction","target":["https:\/\/www.cidademarketing.com.br\/marketing\/2022\/02\/16\/brasil-e-aws-assinam-declaracao-de-intencao-estrategica-para-apoiar-o-crescimento-de-longo-prazo-no-setor-espacial-regional\/"]}]},{"@type":"ImageObject","inLanguage":"pt-BR","@id":"https:\/\/www.cidademarketing.com.br\/marketing\/2022\/02\/16\/brasil-e-aws-assinam-declaracao-de-intencao-estrategica-para-apoiar-o-crescimento-de-longo-prazo-no-setor-espacial-regional\/#primaryimage","url":"https:\/\/www.cidademarketing.com.br\/marketing\/wp-content\/uploads\/2022\/02\/brasil_aws.jpg","contentUrl":"https:\/\/www.cidademarketing.com.br\/marketing\/wp-content\/uploads\/2022\/02\/brasil_aws.jpg","width":2048,"height":1536,"caption":"Divulga\u00e7\u00e3o"},{"@type":"BreadcrumbList","@id":"https:\/\/www.cidademarketing.com.br\/marketing\/2022\/02\/16\/brasil-e-aws-assinam-declaracao-de-intencao-estrategica-para-apoiar-o-crescimento-de-longo-prazo-no-setor-espacial-regional\/#breadcrumb","itemListElement":[{"@type":"ListItem","position":1,"name":"In\u00edcio","item":"https:\/\/www.cidademarketing.com.br\/marketing\/"},{"@type":"ListItem","position":2,"name":"Brasil e AWS assinam &#8220;Declara\u00e7\u00e3o de Inten\u00e7\u00e3o Estrat\u00e9gica&#8221; para apoiar o crescimento de longo prazo no setor espacial regional"}]},{"@type":"WebSite","@id":"https:\/\/www.cidademarketing.com.br\/marketing\/#website","url":"https:\/\/www.cidademarketing.com.br\/marketing\/","name":"CidadeMarketing","description":"Somos um ve\u00edculo de comunica\u00e7\u00e3o de destaque no Brasil, reconhecido por conte\u00fados nos segmentos de marketing, empreendedorismo e inova\u00e7\u00e3o.","publisher":{"@id":"https:\/\/www.cidademarketing.com.br\/marketing\/#organization"},"alternateName":"CidadeMarketing","potentialAction":[{"@type":"SearchAction","target":{"@type":"EntryPoint","urlTemplate":"https:\/\/www.cidademarketing.com.br\/marketing\/?s={search_term_string}"},"query-input":{"@type":"PropertyValueSpecification","valueRequired":true,"valueName":"search_term_string"}}],"inLanguage":"pt-BR"},{"@type":"Organization","@id":"https:\/\/www.cidademarketing.com.br\/marketing\/#organization","name":"CidadeMarketing","alternateName":"CidadeMarketing","url":"https:\/\/www.cidademarketing.com.br\/marketing\/","logo":{"@type":"ImageObject","inLanguage":"pt-BR","@id":"https:\/\/www.cidademarketing.com.br\/marketing\/#\/schema\/logo\/image\/","url":"https:\/\/www.cidademarketing.com.br\/marketing\/wp-content\/uploads\/2020\/01\/cidademarketing_marca_mobile.png","contentUrl":"https:\/\/www.cidademarketing.com.br\/marketing\/wp-content\/uploads\/2020\/01\/cidademarketing_marca_mobile.png","width":230,"height":92,"caption":"CidadeMarketing"},"image":{"@id":"https:\/\/www.cidademarketing.com.br\/marketing\/#\/schema\/logo\/image\/"},"sameAs":["https:\/\/www.facebook.com\/portalcidademarketing","https:\/\/x.com\/CidadeMarketing","https:\/\/www.instagram.com\/cidademarketing\/"]},{"@type":"Person","@id":"https:\/\/www.cidademarketing.com.br\/marketing\/#\/schema\/person\/02daff9f18bd9378c9e01eb6b2db155f","name":"Thales Brand\u00e3o","image":{"@type":"ImageObject","inLanguage":"pt-BR","@id":"https:\/\/secure.gravatar.com\/avatar\/7ca3206950207cc3cb48feec56a8a7898741ab725c368d99d5d7a5a50aab80c6?s=96&d=mm&r=g","url":"https:\/\/secure.gravatar.com\/avatar\/7ca3206950207cc3cb48feec56a8a7898741ab725c368d99d5d7a5a50aab80c6?s=96&d=mm&r=g","contentUrl":"https:\/\/secure.gravatar.com\/avatar\/7ca3206950207cc3cb48feec56a8a7898741ab725c368d99d5d7a5a50aab80c6?s=96&d=mm&r=g","caption":"Thales Brand\u00e3o"},"description":"Editor Executivo do Portal CidadeMarketing.com.br &gt; Mestre em Comunica\u00e7\u00e3o e Sociedade pela Universidade Federal de Sergipe. Possui MBA Executivo em Administra\u00e7\u00e3o com \u00eanfase em Marketing pela Funda\u00e7\u00e3o Get\u00falio Vargas - Rio de Janeiro. Consultor, Palestrante e Pesquisador sobre Empreendedorismo, Marketing, Redes Sociais e Neg\u00f3cios Digitais. Professor, Palestrante TedxTalks e Campus Party. Twitter: @ThalesBrandao","sameAs":["http:\/\/www.mandacaru.com.br","https:\/\/www.facebook.com\/thalesbrandao","http:\/\/www.instagram.com.br\/thalesbrandaoferreira","https:\/\/www.linkedin.com\/in\/thales-brand\u00e3o-3948609\/","https:\/\/x.com\/http:\/\/www.twitter.com\/thalesbrandao"],"url":"https:\/\/www.cidademarketing.com.br\/marketing\/author\/thalesbrandao\/"}]}},"amp_enabled":true,"_links":{"self":[{"href":"https:\/\/www.cidademarketing.com.br\/marketing\/wp-json\/wp\/v2\/posts\/34539","targetHints":{"allow":["GET"]}}],"collection":[{"href":"https:\/\/www.cidademarketing.com.br\/marketing\/wp-json\/wp\/v2\/posts"}],"about":[{"href":"https:\/\/www.cidademarketing.com.br\/marketing\/wp-json\/wp\/v2\/types\/post"}],"author":[{"embeddable":true,"href":"https:\/\/www.cidademarketing.com.br\/marketing\/wp-json\/wp\/v2\/users\/1"}],"replies":[{"embeddable":true,"href":"https:\/\/www.cidademarketing.com.br\/marketing\/wp-json\/wp\/v2\/comments?post=34539"}],"version-history":[{"count":1,"href":"https:\/\/www.cidademarketing.com.br\/marketing\/wp-json\/wp\/v2\/posts\/34539\/revisions"}],"predecessor-version":[{"id":34541,"href":"https:\/\/www.cidademarketing.com.br\/marketing\/wp-json\/wp\/v2\/posts\/34539\/revisions\/34541"}],"wp:featuredmedia":[{"embeddable":true,"href":"https:\/\/www.cidademarketing.com.br\/marketing\/wp-json\/wp\/v2\/media\/34540"}],"wp:attachment":[{"href":"https:\/\/www.cidademarketing.com.br\/marketing\/wp-json\/wp\/v2\/media?parent=34539"}],"wp:term":[{"taxonomy":"category","embeddable":true,"href":"https:\/\/www.cidademarketing.com.br\/marketing\/wp-json\/wp\/v2\/categories?post=34539"},{"taxonomy":"post_tag","embeddable":true,"href":"https:\/\/www.cidademarketing.com.br\/marketing\/wp-json\/wp\/v2\/tags?post=34539"}],"curies":[{"name":"wp","href":"https:\/\/api.w.org\/{rel}","templated":true}]}}