{"id":34287,"date":"2022-02-07T17:26:08","date_gmt":"2022-02-07T20:26:08","guid":{"rendered":"https:\/\/www.cidademarketing.com.br\/marketing\/?p=34287"},"modified":"2022-02-10T11:22:34","modified_gmt":"2022-02-10T14:22:34","slug":"vivo-promove-webserie-sobre-seguranca-e-bem-estar-digital","status":"publish","type":"post","link":"https:\/\/www.cidademarketing.com.br\/marketing\/2022\/02\/07\/vivo-promove-webserie-sobre-seguranca-e-bem-estar-digital\/","title":{"rendered":"Vivo promove webs\u00e9rie sobre \u201cSeguran\u00e7a e Bem-Estar Digital\u201d"},"content":{"rendered":"<p><iframe src=\"https:\/\/open.spotify.com\/embed\/show\/4khMKzP3FgFRWVwb73xicc\" width=\"100%\" height=\"232\" frameborder=\"0\"><\/iframe><br \/>\nNo m\u00eas da Internet Segura, o portal Dialogando, iniciativa ESG pioneira da Vivo que promove a discuss\u00e3o sobre o uso consciente da tecnologia, lan\u00e7a a webs\u00e9rie \u201cTemConversaPraTudo\u201d com temas relacionados \u00e0 \u201cSeguran\u00e7a e Bem-Estar Digital\u201d. No dia 08, entra no ar o webcast \u201cSeguran\u00e7a Digital e a Terceira Idade\u201d, com Pedro Silveira, Head de Marketing e Vendas da CG Seguran\u00e7a, especialista em gerenciamento de riscos e ambientes digitais mais seguros.<\/p>\n<p>Dia 14 \u00e9 a vez do p\u00fablico gamer, com o tema \u201cGames e Seguran\u00e7a, como se tornar um jogador protegido e respons\u00e1vel\u201d, com Tiago Xisto, CEO do Vivo Keyd. E no dia 21 a tem\u00e1tica ser\u00e1 \u201cFakenews: qual o seu papel no combate \u00e0 desinforma\u00e7\u00e3o\u201d, com Patr\u00edcia Blanco, presidente do Instituto Palavra Aberta, programa de apoio do Google para capacitar professores e organiza\u00e7\u00f5es de ensino no processo de educa\u00e7\u00e3o midi\u00e1tica dos jovens. Ao longo de todo o m\u00eas o Dialogando tamb\u00e9m traz podcasts e artigos com outros especialistas sobre o tema.<\/p>\n<p>A iniciativa do Dialogando soma-se \u00e0 campanha in\u00e9dita lan\u00e7ada pela Vivo e o WhatsApp com objetivo de refor\u00e7ar a import\u00e2ncia da seguran\u00e7a digital no aplicativo de mensagens. Atrav\u00e9s dos Gurus, os especialistas em tecnologia da Vivo, toda a semana ser\u00e3o lan\u00e7ados v\u00eddeos nas redes sociais da V<a href=\"https:\/\/www.cidademarketing.com.br\/marketing\/2022\/01\/25\/em-campanha-para-evitar-clonagem-do-whatsapp-vivo-cria-campanha-para-ajudar-sobre-seguranca-digital\/\" target=\"_blank\" rel=\"noopener\">ivo com dicas para deixar o WhatsApp<\/a> mais seguro, evitar clonagem, detectar golpes, al\u00e9m de ensinar a ativar as configura\u00e7\u00f5es de seguran\u00e7a do aplicativo, como a confirma\u00e7\u00e3o em duas etapas, que funciona como uma camada extra de seguran\u00e7a para as contas. O c\u00f3digo de verifica\u00e7\u00e3o do aplicativo (enviado por SMS) ser\u00e1 um dos pontos de destaque na campanha para que cada vez menos as pessoas compartilhem ele com estranhos, e toda a comunica\u00e7\u00e3o vai orientar os usu\u00e1rios a sempre entrarem em contato por chamada de voz ou v\u00eddeo com contatos que estejam pedindo dinheiro no aplicativo.<br \/>\nSobre o Dialogando<br \/>\nIniciativa in\u00e9dita da Vivo para promover a discuss\u00e3o sobre o uso consciente da tecnologia, o portal Dialogando (<a href=\"http:\/\/dialogando.com.br\" target=\"_blank\" rel=\"noopener\">dialogando.com.br<\/a>) \u00e9 uma importante frente de atua\u00e7\u00e3o Ambiental, Social e de Governan\u00e7a (ESG). Aborda de forma educativa os temas relacionados ao uso consciente da tecnologia internet e seus impactos nas vidas das pessoas. Presente em 12 pa\u00edses com vers\u00f5es em portugu\u00eas e espanhol, o Dialogando contempla a tecnologia nos pilares de Sustentabilidade, Educa\u00e7\u00e3o, Inova\u00e7\u00e3o, Seguran\u00e7a e Comportamento. O portal multim\u00eddia tamb\u00e9m traz podcasts e v\u00eddeos com convidados especiais, influenciadores, jornalistas e especialistas em tecnologia. Seus conte\u00fados. Suas publica\u00e7\u00f5es j\u00e1 contam com 5 milh\u00f5es de visualiza\u00e7\u00f5es. O conte\u00fado tem ainda a chancela de organiza\u00e7\u00f5es n\u00e3o governamentais, como a Safernet.<\/p>\n<p><iframe style=\"width: 100%; max-width: 660px; overflow: hidden; background: transparent;\" src=\"https:\/\/embed.podcasts.apple.com\/br\/podcast\/podcast-cidademarketing\/id1371923283\" height=\"450\" frameborder=\"0\" sandbox=\"allow-forms allow-popups allow-same-origin allow-scripts allow-storage-access-by-user-activation allow-top-navigation-by-user-activation\"><\/iframe><\/p>\n","protected":false},"excerpt":{"rendered":"<p>No m\u00eas da Internet Segura, o portal Dialogando, iniciativa ESG pioneira da Vivo que promove a discuss\u00e3o sobre o uso consciente da tecnologia, lan\u00e7a a webs\u00e9rie \u201cTemConversaPraTudo\u201d com temas relacionados \u00e0 \u201cSeguran\u00e7a e Bem-Estar Digital\u201d. No dia 08, entra no ar o webcast \u201cSeguran\u00e7a Digital e a Terceira Idade\u201d, com Pedro Silveira, Head de Marketing [&hellip;]<\/p>\n","protected":false},"author":1,"featured_media":28835,"comment_status":"open","ping_status":"open","sticky":false,"template":"","format":"standard","meta":{"tdm_status":"","tdm_grid_status":"","footnotes":""},"categories":[6],"tags":[33,28,905,119,125],"class_list":["post-34287","post","type-post","status-publish","format-standard","has-post-thumbnail","hentry","category-noticias","tag-estrategia","tag-marketing","tag-seguranca-digital","tag-vivo","tag-whatsapp"],"yoast_head":"<!-- This site is optimized with the Yoast SEO plugin v27.5 - https:\/\/yoast.com\/product\/yoast-seo-wordpress\/ -->\n<title>Vivo promove webs\u00e9rie sobre \u201cSeguran\u00e7a e Bem-Estar Digital\u201d - CidadeMarketing<\/title>\n<meta name=\"robots\" content=\"index, follow, max-snippet:-1, max-image-preview:large, max-video-preview:-1\" \/>\n<link rel=\"canonical\" href=\"https:\/\/www.cidademarketing.com.br\/marketing\/2022\/02\/07\/vivo-promove-webserie-sobre-seguranca-e-bem-estar-digital\/\" \/>\n<meta property=\"og:locale\" content=\"pt_BR\" \/>\n<meta property=\"og:type\" content=\"article\" \/>\n<meta property=\"og:title\" content=\"Vivo promove webs\u00e9rie sobre \u201cSeguran\u00e7a e Bem-Estar Digital\u201d - CidadeMarketing\" \/>\n<meta property=\"og:description\" content=\"No m\u00eas da Internet Segura, o portal Dialogando, iniciativa ESG pioneira da Vivo que promove a discuss\u00e3o sobre o uso consciente da tecnologia, lan\u00e7a a webs\u00e9rie \u201cTemConversaPraTudo\u201d com temas relacionados \u00e0 \u201cSeguran\u00e7a e Bem-Estar Digital\u201d. No dia 08, entra no ar o webcast \u201cSeguran\u00e7a Digital e a Terceira Idade\u201d, com Pedro Silveira, Head de Marketing [&hellip;]\" \/>\n<meta property=\"og:url\" content=\"https:\/\/www.cidademarketing.com.br\/marketing\/2022\/02\/07\/vivo-promove-webserie-sobre-seguranca-e-bem-estar-digital\/\" \/>\n<meta property=\"og:site_name\" content=\"CidadeMarketing\" \/>\n<meta property=\"article:publisher\" content=\"https:\/\/www.facebook.com\/portalcidademarketing\" \/>\n<meta property=\"article:author\" content=\"https:\/\/www.facebook.com\/thalesbrandao\" \/>\n<meta property=\"article:published_time\" content=\"2022-02-07T20:26:08+00:00\" \/>\n<meta property=\"article:modified_time\" content=\"2022-02-10T14:22:34+00:00\" \/>\n<meta property=\"og:image\" content=\"https:\/\/www.cidademarketing.com.br\/marketing\/wp-content\/uploads\/2021\/09\/vivo_marca.png\" \/>\n\t<meta property=\"og:image:width\" content=\"400\" \/>\n\t<meta property=\"og:image:height\" content=\"400\" \/>\n\t<meta property=\"og:image:type\" content=\"image\/png\" \/>\n<meta name=\"author\" content=\"Thales Brand\u00e3o\" \/>\n<meta name=\"twitter:card\" content=\"summary_large_image\" \/>\n<meta name=\"twitter:creator\" content=\"@http:\/\/www.twitter.com\/thalesbrandao\" \/>\n<meta name=\"twitter:site\" content=\"@CidadeMarketing\" \/>\n<meta name=\"twitter:label1\" content=\"Escrito por\" \/>\n\t<meta name=\"twitter:data1\" content=\"Thales Brand\u00e3o\" \/>\n\t<meta name=\"twitter:label2\" content=\"Est. tempo de leitura\" \/>\n\t<meta name=\"twitter:data2\" content=\"2 minutos\" \/>\n<script type=\"application\/ld+json\" class=\"yoast-schema-graph\">{\"@context\":\"https:\\\/\\\/schema.org\",\"@graph\":[{\"@type\":\"Article\",\"@id\":\"https:\\\/\\\/www.cidademarketing.com.br\\\/marketing\\\/2022\\\/02\\\/07\\\/vivo-promove-webserie-sobre-seguranca-e-bem-estar-digital\\\/#article\",\"isPartOf\":{\"@id\":\"https:\\\/\\\/www.cidademarketing.com.br\\\/marketing\\\/2022\\\/02\\\/07\\\/vivo-promove-webserie-sobre-seguranca-e-bem-estar-digital\\\/\"},\"author\":{\"name\":\"Thales Brand\u00e3o\",\"@id\":\"https:\\\/\\\/www.cidademarketing.com.br\\\/marketing\\\/#\\\/schema\\\/person\\\/02daff9f18bd9378c9e01eb6b2db155f\"},\"headline\":\"Vivo promove webs\u00e9rie sobre \u201cSeguran\u00e7a e Bem-Estar Digital\u201d\",\"datePublished\":\"2022-02-07T20:26:08+00:00\",\"dateModified\":\"2022-02-10T14:22:34+00:00\",\"mainEntityOfPage\":{\"@id\":\"https:\\\/\\\/www.cidademarketing.com.br\\\/marketing\\\/2022\\\/02\\\/07\\\/vivo-promove-webserie-sobre-seguranca-e-bem-estar-digital\\\/\"},\"wordCount\":480,\"commentCount\":0,\"publisher\":{\"@id\":\"https:\\\/\\\/www.cidademarketing.com.br\\\/marketing\\\/#organization\"},\"image\":{\"@id\":\"https:\\\/\\\/www.cidademarketing.com.br\\\/marketing\\\/2022\\\/02\\\/07\\\/vivo-promove-webserie-sobre-seguranca-e-bem-estar-digital\\\/#primaryimage\"},\"thumbnailUrl\":\"https:\\\/\\\/www.cidademarketing.com.br\\\/marketing\\\/wp-content\\\/uploads\\\/2021\\\/09\\\/vivo_marca.png\",\"keywords\":[\"estrat\u00e9gia\",\"marketing\",\"Seguran\u00e7a Digital\",\"Vivo\",\"WhatsApp\"],\"articleSection\":[\"Not\u00edcias\"],\"inLanguage\":\"pt-BR\",\"potentialAction\":[{\"@type\":\"CommentAction\",\"name\":\"Comment\",\"target\":[\"https:\\\/\\\/www.cidademarketing.com.br\\\/marketing\\\/2022\\\/02\\\/07\\\/vivo-promove-webserie-sobre-seguranca-e-bem-estar-digital\\\/#respond\"]}]},{\"@type\":\"WebPage\",\"@id\":\"https:\\\/\\\/www.cidademarketing.com.br\\\/marketing\\\/2022\\\/02\\\/07\\\/vivo-promove-webserie-sobre-seguranca-e-bem-estar-digital\\\/\",\"url\":\"https:\\\/\\\/www.cidademarketing.com.br\\\/marketing\\\/2022\\\/02\\\/07\\\/vivo-promove-webserie-sobre-seguranca-e-bem-estar-digital\\\/\",\"name\":\"Vivo promove webs\u00e9rie sobre \u201cSeguran\u00e7a e Bem-Estar Digital\u201d - CidadeMarketing\",\"isPartOf\":{\"@id\":\"https:\\\/\\\/www.cidademarketing.com.br\\\/marketing\\\/#website\"},\"primaryImageOfPage\":{\"@id\":\"https:\\\/\\\/www.cidademarketing.com.br\\\/marketing\\\/2022\\\/02\\\/07\\\/vivo-promove-webserie-sobre-seguranca-e-bem-estar-digital\\\/#primaryimage\"},\"image\":{\"@id\":\"https:\\\/\\\/www.cidademarketing.com.br\\\/marketing\\\/2022\\\/02\\\/07\\\/vivo-promove-webserie-sobre-seguranca-e-bem-estar-digital\\\/#primaryimage\"},\"thumbnailUrl\":\"https:\\\/\\\/www.cidademarketing.com.br\\\/marketing\\\/wp-content\\\/uploads\\\/2021\\\/09\\\/vivo_marca.png\",\"datePublished\":\"2022-02-07T20:26:08+00:00\",\"dateModified\":\"2022-02-10T14:22:34+00:00\",\"breadcrumb\":{\"@id\":\"https:\\\/\\\/www.cidademarketing.com.br\\\/marketing\\\/2022\\\/02\\\/07\\\/vivo-promove-webserie-sobre-seguranca-e-bem-estar-digital\\\/#breadcrumb\"},\"inLanguage\":\"pt-BR\",\"potentialAction\":[{\"@type\":\"ReadAction\",\"target\":[\"https:\\\/\\\/www.cidademarketing.com.br\\\/marketing\\\/2022\\\/02\\\/07\\\/vivo-promove-webserie-sobre-seguranca-e-bem-estar-digital\\\/\"]}]},{\"@type\":\"ImageObject\",\"inLanguage\":\"pt-BR\",\"@id\":\"https:\\\/\\\/www.cidademarketing.com.br\\\/marketing\\\/2022\\\/02\\\/07\\\/vivo-promove-webserie-sobre-seguranca-e-bem-estar-digital\\\/#primaryimage\",\"url\":\"https:\\\/\\\/www.cidademarketing.com.br\\\/marketing\\\/wp-content\\\/uploads\\\/2021\\\/09\\\/vivo_marca.png\",\"contentUrl\":\"https:\\\/\\\/www.cidademarketing.com.br\\\/marketing\\\/wp-content\\\/uploads\\\/2021\\\/09\\\/vivo_marca.png\",\"width\":400,\"height\":400},{\"@type\":\"BreadcrumbList\",\"@id\":\"https:\\\/\\\/www.cidademarketing.com.br\\\/marketing\\\/2022\\\/02\\\/07\\\/vivo-promove-webserie-sobre-seguranca-e-bem-estar-digital\\\/#breadcrumb\",\"itemListElement\":[{\"@type\":\"ListItem\",\"position\":1,\"name\":\"In\u00edcio\",\"item\":\"https:\\\/\\\/www.cidademarketing.com.br\\\/marketing\\\/\"},{\"@type\":\"ListItem\",\"position\":2,\"name\":\"Vivo promove webs\u00e9rie sobre \u201cSeguran\u00e7a e Bem-Estar Digital\u201d\"}]},{\"@type\":\"WebSite\",\"@id\":\"https:\\\/\\\/www.cidademarketing.com.br\\\/marketing\\\/#website\",\"url\":\"https:\\\/\\\/www.cidademarketing.com.br\\\/marketing\\\/\",\"name\":\"CidadeMarketing\",\"description\":\"Somos um ve\u00edculo de comunica\u00e7\u00e3o de destaque no Brasil, reconhecido por conte\u00fados nos segmentos de marketing, empreendedorismo e inova\u00e7\u00e3o.\",\"publisher\":{\"@id\":\"https:\\\/\\\/www.cidademarketing.com.br\\\/marketing\\\/#organization\"},\"alternateName\":\"CidadeMarketing\",\"potentialAction\":[{\"@type\":\"SearchAction\",\"target\":{\"@type\":\"EntryPoint\",\"urlTemplate\":\"https:\\\/\\\/www.cidademarketing.com.br\\\/marketing\\\/?s={search_term_string}\"},\"query-input\":{\"@type\":\"PropertyValueSpecification\",\"valueRequired\":true,\"valueName\":\"search_term_string\"}}],\"inLanguage\":\"pt-BR\"},{\"@type\":\"Organization\",\"@id\":\"https:\\\/\\\/www.cidademarketing.com.br\\\/marketing\\\/#organization\",\"name\":\"CidadeMarketing\",\"alternateName\":\"CidadeMarketing\",\"url\":\"https:\\\/\\\/www.cidademarketing.com.br\\\/marketing\\\/\",\"logo\":{\"@type\":\"ImageObject\",\"inLanguage\":\"pt-BR\",\"@id\":\"https:\\\/\\\/www.cidademarketing.com.br\\\/marketing\\\/#\\\/schema\\\/logo\\\/image\\\/\",\"url\":\"https:\\\/\\\/www.cidademarketing.com.br\\\/marketing\\\/wp-content\\\/uploads\\\/2020\\\/01\\\/cidademarketing_marca_mobile.png\",\"contentUrl\":\"https:\\\/\\\/www.cidademarketing.com.br\\\/marketing\\\/wp-content\\\/uploads\\\/2020\\\/01\\\/cidademarketing_marca_mobile.png\",\"width\":230,\"height\":92,\"caption\":\"CidadeMarketing\"},\"image\":{\"@id\":\"https:\\\/\\\/www.cidademarketing.com.br\\\/marketing\\\/#\\\/schema\\\/logo\\\/image\\\/\"},\"sameAs\":[\"https:\\\/\\\/www.facebook.com\\\/portalcidademarketing\",\"https:\\\/\\\/x.com\\\/CidadeMarketing\",\"https:\\\/\\\/www.instagram.com\\\/cidademarketing\\\/\"]},{\"@type\":\"Person\",\"@id\":\"https:\\\/\\\/www.cidademarketing.com.br\\\/marketing\\\/#\\\/schema\\\/person\\\/02daff9f18bd9378c9e01eb6b2db155f\",\"name\":\"Thales Brand\u00e3o\",\"image\":{\"@type\":\"ImageObject\",\"inLanguage\":\"pt-BR\",\"@id\":\"https:\\\/\\\/secure.gravatar.com\\\/avatar\\\/7ca3206950207cc3cb48feec56a8a7898741ab725c368d99d5d7a5a50aab80c6?s=96&d=mm&r=g\",\"url\":\"https:\\\/\\\/secure.gravatar.com\\\/avatar\\\/7ca3206950207cc3cb48feec56a8a7898741ab725c368d99d5d7a5a50aab80c6?s=96&d=mm&r=g\",\"contentUrl\":\"https:\\\/\\\/secure.gravatar.com\\\/avatar\\\/7ca3206950207cc3cb48feec56a8a7898741ab725c368d99d5d7a5a50aab80c6?s=96&d=mm&r=g\",\"caption\":\"Thales Brand\u00e3o\"},\"description\":\"Editor Executivo do Portal CidadeMarketing.com.br &gt; Mestre em Comunica\u00e7\u00e3o e Sociedade pela Universidade Federal de Sergipe. Possui MBA Executivo em Administra\u00e7\u00e3o com \u00eanfase em Marketing pela Funda\u00e7\u00e3o Get\u00falio Vargas - Rio de Janeiro. Consultor, Palestrante e Pesquisador sobre Empreendedorismo, Marketing, Redes Sociais e Neg\u00f3cios Digitais. Professor, Palestrante TedxTalks e Campus Party. Twitter: @ThalesBrandao\",\"sameAs\":[\"http:\\\/\\\/www.mandacaru.com.br\",\"https:\\\/\\\/www.facebook.com\\\/thalesbrandao\",\"http:\\\/\\\/www.instagram.com.br\\\/thalesbrandaoferreira\",\"https:\\\/\\\/www.linkedin.com\\\/in\\\/thales-brand\u00e3o-3948609\\\/\",\"https:\\\/\\\/x.com\\\/http:\\\/\\\/www.twitter.com\\\/thalesbrandao\"],\"url\":\"https:\\\/\\\/www.cidademarketing.com.br\\\/marketing\\\/author\\\/thalesbrandao\\\/\"}]}<\/script>\n<!-- \/ Yoast SEO plugin. -->","yoast_head_json":{"title":"Vivo promove webs\u00e9rie sobre \u201cSeguran\u00e7a e Bem-Estar Digital\u201d - CidadeMarketing","robots":{"index":"index","follow":"follow","max-snippet":"max-snippet:-1","max-image-preview":"max-image-preview:large","max-video-preview":"max-video-preview:-1"},"canonical":"https:\/\/www.cidademarketing.com.br\/marketing\/2022\/02\/07\/vivo-promove-webserie-sobre-seguranca-e-bem-estar-digital\/","og_locale":"pt_BR","og_type":"article","og_title":"Vivo promove webs\u00e9rie sobre \u201cSeguran\u00e7a e Bem-Estar Digital\u201d - CidadeMarketing","og_description":"No m\u00eas da Internet Segura, o portal Dialogando, iniciativa ESG pioneira da Vivo que promove a discuss\u00e3o sobre o uso consciente da tecnologia, lan\u00e7a a webs\u00e9rie \u201cTemConversaPraTudo\u201d com temas relacionados \u00e0 \u201cSeguran\u00e7a e Bem-Estar Digital\u201d. No dia 08, entra no ar o webcast \u201cSeguran\u00e7a Digital e a Terceira Idade\u201d, com Pedro Silveira, Head de Marketing [&hellip;]","og_url":"https:\/\/www.cidademarketing.com.br\/marketing\/2022\/02\/07\/vivo-promove-webserie-sobre-seguranca-e-bem-estar-digital\/","og_site_name":"CidadeMarketing","article_publisher":"https:\/\/www.facebook.com\/portalcidademarketing","article_author":"https:\/\/www.facebook.com\/thalesbrandao","article_published_time":"2022-02-07T20:26:08+00:00","article_modified_time":"2022-02-10T14:22:34+00:00","og_image":[{"width":400,"height":400,"url":"https:\/\/www.cidademarketing.com.br\/marketing\/wp-content\/uploads\/2021\/09\/vivo_marca.png","type":"image\/png"}],"author":"Thales Brand\u00e3o","twitter_card":"summary_large_image","twitter_creator":"@http:\/\/www.twitter.com\/thalesbrandao","twitter_site":"@CidadeMarketing","twitter_misc":{"Escrito por":"Thales Brand\u00e3o","Est. tempo de leitura":"2 minutos"},"schema":{"@context":"https:\/\/schema.org","@graph":[{"@type":"Article","@id":"https:\/\/www.cidademarketing.com.br\/marketing\/2022\/02\/07\/vivo-promove-webserie-sobre-seguranca-e-bem-estar-digital\/#article","isPartOf":{"@id":"https:\/\/www.cidademarketing.com.br\/marketing\/2022\/02\/07\/vivo-promove-webserie-sobre-seguranca-e-bem-estar-digital\/"},"author":{"name":"Thales Brand\u00e3o","@id":"https:\/\/www.cidademarketing.com.br\/marketing\/#\/schema\/person\/02daff9f18bd9378c9e01eb6b2db155f"},"headline":"Vivo promove webs\u00e9rie sobre \u201cSeguran\u00e7a e Bem-Estar Digital\u201d","datePublished":"2022-02-07T20:26:08+00:00","dateModified":"2022-02-10T14:22:34+00:00","mainEntityOfPage":{"@id":"https:\/\/www.cidademarketing.com.br\/marketing\/2022\/02\/07\/vivo-promove-webserie-sobre-seguranca-e-bem-estar-digital\/"},"wordCount":480,"commentCount":0,"publisher":{"@id":"https:\/\/www.cidademarketing.com.br\/marketing\/#organization"},"image":{"@id":"https:\/\/www.cidademarketing.com.br\/marketing\/2022\/02\/07\/vivo-promove-webserie-sobre-seguranca-e-bem-estar-digital\/#primaryimage"},"thumbnailUrl":"https:\/\/www.cidademarketing.com.br\/marketing\/wp-content\/uploads\/2021\/09\/vivo_marca.png","keywords":["estrat\u00e9gia","marketing","Seguran\u00e7a Digital","Vivo","WhatsApp"],"articleSection":["Not\u00edcias"],"inLanguage":"pt-BR","potentialAction":[{"@type":"CommentAction","name":"Comment","target":["https:\/\/www.cidademarketing.com.br\/marketing\/2022\/02\/07\/vivo-promove-webserie-sobre-seguranca-e-bem-estar-digital\/#respond"]}]},{"@type":"WebPage","@id":"https:\/\/www.cidademarketing.com.br\/marketing\/2022\/02\/07\/vivo-promove-webserie-sobre-seguranca-e-bem-estar-digital\/","url":"https:\/\/www.cidademarketing.com.br\/marketing\/2022\/02\/07\/vivo-promove-webserie-sobre-seguranca-e-bem-estar-digital\/","name":"Vivo promove webs\u00e9rie sobre \u201cSeguran\u00e7a e Bem-Estar Digital\u201d - CidadeMarketing","isPartOf":{"@id":"https:\/\/www.cidademarketing.com.br\/marketing\/#website"},"primaryImageOfPage":{"@id":"https:\/\/www.cidademarketing.com.br\/marketing\/2022\/02\/07\/vivo-promove-webserie-sobre-seguranca-e-bem-estar-digital\/#primaryimage"},"image":{"@id":"https:\/\/www.cidademarketing.com.br\/marketing\/2022\/02\/07\/vivo-promove-webserie-sobre-seguranca-e-bem-estar-digital\/#primaryimage"},"thumbnailUrl":"https:\/\/www.cidademarketing.com.br\/marketing\/wp-content\/uploads\/2021\/09\/vivo_marca.png","datePublished":"2022-02-07T20:26:08+00:00","dateModified":"2022-02-10T14:22:34+00:00","breadcrumb":{"@id":"https:\/\/www.cidademarketing.com.br\/marketing\/2022\/02\/07\/vivo-promove-webserie-sobre-seguranca-e-bem-estar-digital\/#breadcrumb"},"inLanguage":"pt-BR","potentialAction":[{"@type":"ReadAction","target":["https:\/\/www.cidademarketing.com.br\/marketing\/2022\/02\/07\/vivo-promove-webserie-sobre-seguranca-e-bem-estar-digital\/"]}]},{"@type":"ImageObject","inLanguage":"pt-BR","@id":"https:\/\/www.cidademarketing.com.br\/marketing\/2022\/02\/07\/vivo-promove-webserie-sobre-seguranca-e-bem-estar-digital\/#primaryimage","url":"https:\/\/www.cidademarketing.com.br\/marketing\/wp-content\/uploads\/2021\/09\/vivo_marca.png","contentUrl":"https:\/\/www.cidademarketing.com.br\/marketing\/wp-content\/uploads\/2021\/09\/vivo_marca.png","width":400,"height":400},{"@type":"BreadcrumbList","@id":"https:\/\/www.cidademarketing.com.br\/marketing\/2022\/02\/07\/vivo-promove-webserie-sobre-seguranca-e-bem-estar-digital\/#breadcrumb","itemListElement":[{"@type":"ListItem","position":1,"name":"In\u00edcio","item":"https:\/\/www.cidademarketing.com.br\/marketing\/"},{"@type":"ListItem","position":2,"name":"Vivo promove webs\u00e9rie sobre \u201cSeguran\u00e7a e Bem-Estar Digital\u201d"}]},{"@type":"WebSite","@id":"https:\/\/www.cidademarketing.com.br\/marketing\/#website","url":"https:\/\/www.cidademarketing.com.br\/marketing\/","name":"CidadeMarketing","description":"Somos um ve\u00edculo de comunica\u00e7\u00e3o de destaque no Brasil, reconhecido por conte\u00fados nos segmentos de marketing, empreendedorismo e inova\u00e7\u00e3o.","publisher":{"@id":"https:\/\/www.cidademarketing.com.br\/marketing\/#organization"},"alternateName":"CidadeMarketing","potentialAction":[{"@type":"SearchAction","target":{"@type":"EntryPoint","urlTemplate":"https:\/\/www.cidademarketing.com.br\/marketing\/?s={search_term_string}"},"query-input":{"@type":"PropertyValueSpecification","valueRequired":true,"valueName":"search_term_string"}}],"inLanguage":"pt-BR"},{"@type":"Organization","@id":"https:\/\/www.cidademarketing.com.br\/marketing\/#organization","name":"CidadeMarketing","alternateName":"CidadeMarketing","url":"https:\/\/www.cidademarketing.com.br\/marketing\/","logo":{"@type":"ImageObject","inLanguage":"pt-BR","@id":"https:\/\/www.cidademarketing.com.br\/marketing\/#\/schema\/logo\/image\/","url":"https:\/\/www.cidademarketing.com.br\/marketing\/wp-content\/uploads\/2020\/01\/cidademarketing_marca_mobile.png","contentUrl":"https:\/\/www.cidademarketing.com.br\/marketing\/wp-content\/uploads\/2020\/01\/cidademarketing_marca_mobile.png","width":230,"height":92,"caption":"CidadeMarketing"},"image":{"@id":"https:\/\/www.cidademarketing.com.br\/marketing\/#\/schema\/logo\/image\/"},"sameAs":["https:\/\/www.facebook.com\/portalcidademarketing","https:\/\/x.com\/CidadeMarketing","https:\/\/www.instagram.com\/cidademarketing\/"]},{"@type":"Person","@id":"https:\/\/www.cidademarketing.com.br\/marketing\/#\/schema\/person\/02daff9f18bd9378c9e01eb6b2db155f","name":"Thales Brand\u00e3o","image":{"@type":"ImageObject","inLanguage":"pt-BR","@id":"https:\/\/secure.gravatar.com\/avatar\/7ca3206950207cc3cb48feec56a8a7898741ab725c368d99d5d7a5a50aab80c6?s=96&d=mm&r=g","url":"https:\/\/secure.gravatar.com\/avatar\/7ca3206950207cc3cb48feec56a8a7898741ab725c368d99d5d7a5a50aab80c6?s=96&d=mm&r=g","contentUrl":"https:\/\/secure.gravatar.com\/avatar\/7ca3206950207cc3cb48feec56a8a7898741ab725c368d99d5d7a5a50aab80c6?s=96&d=mm&r=g","caption":"Thales Brand\u00e3o"},"description":"Editor Executivo do Portal CidadeMarketing.com.br &gt; Mestre em Comunica\u00e7\u00e3o e Sociedade pela Universidade Federal de Sergipe. Possui MBA Executivo em Administra\u00e7\u00e3o com \u00eanfase em Marketing pela Funda\u00e7\u00e3o Get\u00falio Vargas - Rio de Janeiro. Consultor, Palestrante e Pesquisador sobre Empreendedorismo, Marketing, Redes Sociais e Neg\u00f3cios Digitais. Professor, Palestrante TedxTalks e Campus Party. Twitter: @ThalesBrandao","sameAs":["http:\/\/www.mandacaru.com.br","https:\/\/www.facebook.com\/thalesbrandao","http:\/\/www.instagram.com.br\/thalesbrandaoferreira","https:\/\/www.linkedin.com\/in\/thales-brand\u00e3o-3948609\/","https:\/\/x.com\/http:\/\/www.twitter.com\/thalesbrandao"],"url":"https:\/\/www.cidademarketing.com.br\/marketing\/author\/thalesbrandao\/"}]}},"amp_enabled":true,"_links":{"self":[{"href":"https:\/\/www.cidademarketing.com.br\/marketing\/wp-json\/wp\/v2\/posts\/34287","targetHints":{"allow":["GET"]}}],"collection":[{"href":"https:\/\/www.cidademarketing.com.br\/marketing\/wp-json\/wp\/v2\/posts"}],"about":[{"href":"https:\/\/www.cidademarketing.com.br\/marketing\/wp-json\/wp\/v2\/types\/post"}],"author":[{"embeddable":true,"href":"https:\/\/www.cidademarketing.com.br\/marketing\/wp-json\/wp\/v2\/users\/1"}],"replies":[{"embeddable":true,"href":"https:\/\/www.cidademarketing.com.br\/marketing\/wp-json\/wp\/v2\/comments?post=34287"}],"version-history":[{"count":2,"href":"https:\/\/www.cidademarketing.com.br\/marketing\/wp-json\/wp\/v2\/posts\/34287\/revisions"}],"predecessor-version":[{"id":34352,"href":"https:\/\/www.cidademarketing.com.br\/marketing\/wp-json\/wp\/v2\/posts\/34287\/revisions\/34352"}],"wp:featuredmedia":[{"embeddable":true,"href":"https:\/\/www.cidademarketing.com.br\/marketing\/wp-json\/wp\/v2\/media\/28835"}],"wp:attachment":[{"href":"https:\/\/www.cidademarketing.com.br\/marketing\/wp-json\/wp\/v2\/media?parent=34287"}],"wp:term":[{"taxonomy":"category","embeddable":true,"href":"https:\/\/www.cidademarketing.com.br\/marketing\/wp-json\/wp\/v2\/categories?post=34287"},{"taxonomy":"post_tag","embeddable":true,"href":"https:\/\/www.cidademarketing.com.br\/marketing\/wp-json\/wp\/v2\/tags?post=34287"}],"curies":[{"name":"wp","href":"https:\/\/api.w.org\/{rel}","templated":true}]}}