{"id":34270,"date":"2022-02-06T21:12:18","date_gmt":"2022-02-07T00:12:18","guid":{"rendered":"https:\/\/www.cidademarketing.com.br\/marketing\/?p=34270"},"modified":"2022-02-06T21:12:18","modified_gmt":"2022-02-07T00:12:18","slug":"em-campanha-da-estacio-anitta-e-juliette-divulgam-matriculas-do-primeiro-semestre","status":"publish","type":"post","link":"https:\/\/www.cidademarketing.com.br\/marketing\/2022\/02\/06\/em-campanha-da-estacio-anitta-e-juliette-divulgam-matriculas-do-primeiro-semestre\/","title":{"rendered":"Em campanha da Est\u00e1cio, Anitta e Juliette divulgam matr\u00edculas do primeiro semestre"},"content":{"rendered":"<p><iframe src=\"https:\/\/open.spotify.com\/embed\/show\/4khMKzP3FgFRWVwb73xicc\" width=\"100%\" height=\"232\" frameborder=\"0\"><\/iframe><br \/>\nA jornada de supera\u00e7\u00e3o de Anitta e Juliette, artistas que batalharam para entrar em uma faculdade e brilhar no mercado de trabalho, assemelha-se a de tantas pessoas que, por vezes, acham que n\u00e3o \u00e9 vi\u00e1vel ingressar em uma faculdade privada e com alta qualidade. N\u00e3o \u00e0 toa, o lan\u00e7amento da nova comunica\u00e7\u00e3o de Est\u00e1cio, que aconteceu no intervalo do BBB e nas redes sociais de ambas as celebridades, que s\u00e3o tamb\u00e9m protagonistas da campanha, gerou muitas conversas nas redes sociais, alcan\u00e7ando dois trending topics no Twitter (Est\u00e1cio e Anitta e Juliette), aumentou a busca org\u00e2nica pela marca e o tr\u00e1fego do site em 10x, al\u00e9m de ter gerado uma acelera\u00e7\u00e3o de matr\u00edculas em plena madrugada<\/p>\n<p>\u201cO brasileiro muitas vezes acredita que n\u00e3o tem condi\u00e7\u00f5es de ter acesso a algo de qualidade por um pre\u00e7o acess\u00edvel e isso o imobiliza. Estamos absolutamente satisfeitos com os resultados gerados, em t\u00e3o pouco tempo, por essa a\u00e7\u00e3o de comunica\u00e7\u00e3o\u201d, diz Eduardo Guedes, Diretor de Marketing da Yduqs.<\/p>\n<p>A Est\u00e1cio se prop\u00f5e a ser parceira nesse momento de economia fragilizada e lan\u00e7ou a campanha de matr\u00edculas do primeiro semestre, que marca a retomada das atividades depois do per\u00edodo mais desafiador da pandemia. Dando continuidade ao conceito \u201cFaz seu brilho. Faz Est\u00e1cio.\u201d, a dupla apresenta a oportunidade \u00fanica de entrar na faculdade para fazer o curso que quer por um pre\u00e7o \u00fanico, com desconto. \u201cNingu\u00e9m melhor do que Anitta e Juliette para falar sobre aproveitar oportunidades que a vida apresenta\u201d, comenta Renata Rudge, respons\u00e1vel pelo Marketing da Est\u00e1cio.<\/p>\n<p>A hist\u00f3ria das empreendedoras, amigas e parceiras de neg\u00f3cio traz identifica\u00e7\u00e3o e impacto aos alunos que est\u00e3o em busca de um start para o seu projeto de ensino superior. \u201cMobilizar, motivar e engajar milhares de alunos que precisam voltar a acreditar na realiza\u00e7\u00e3o do seu talento foi o gatilho para juntarmos essas duas mulheres com jornadas t\u00e3o inspiradoras. A comunica\u00e7\u00e3o tinha que ser \u00e0 altura do fato. A Est\u00e1cio quebrou mais uma vez barreiras para que os alunos possam voltar \u00e0 sua trajet\u00f3ria de vida\u201d, comenta Marcello Noronha, Diretor Executivo de Cria\u00e7\u00e3o da Artplan RJ.<\/p>\n<p>Juliette \u2013 que j\u00e1 \u00e9 parceira da Est\u00e1cio desde o ano passado \u2013 e Anitta, uma das maiores personalidades brasileiras, estrelam, pela primeira vez, uma campanha, juntas, para comunicarem que, no primeiro semestre de 2022, todos os cursos &#8211; de acordo com a modalidade &#8211; da Est\u00e1cio ser\u00e3o ofertados com o mesmo pre\u00e7o (consulte os cursos, unidades e exce\u00e7\u00f5es no regulamento da oferta no site estacio.br). O objetivo da campanha \u00e9 destacar que esta \u00e9 a chance que faltava para os alunos entrarem na faculdade e brilharem no mercado, al\u00e9m de refor\u00e7ar o compromisso da universidade com o ensino de qualidade em todo o Brasil.<\/p>\n<p>A campanha foi lan\u00e7ada no dia 03 de fevereiro e ser\u00e1 veiculada em TV, OOH, m\u00eddia digital e conte\u00fado nas redes das artistas e nas redes da Est\u00e1cio.<\/p>\n<div class=\"youtube-embed\" data-video_id=\"X0OI2Vyx3Xk\"><iframe title=\"Todos os cursos pelo mesmo pre\u00e7o!\" width=\"640\" height=\"360\" src=\"https:\/\/www.youtube.com\/embed\/X0OI2Vyx3Xk?feature=oembed&#038;enablejsapi=1\" frameborder=\"0\" allow=\"accelerometer; autoplay; clipboard-write; encrypted-media; gyroscope; picture-in-picture; web-share\" referrerpolicy=\"strict-origin-when-cross-origin\" allowfullscreen><\/iframe><\/div>\n<p>&nbsp;<\/p>\n<p>FICHA T\u00c9CNICA<\/p>\n<p>Ag\u00eancia: Artplan<br \/>\nAnunciante: Est\u00e1cio<br \/>\nCampanha: Est\u00e1cio + Anitta + Juliette<br \/>\nECD: Marcello Noronha<br \/>\nDire\u00e7\u00e3o de Cria\u00e7\u00e3o: Marcello Noronha, Felippe Mendon\u00e7a, Eric Ribeiro<br \/>\nCria\u00e7\u00e3o: Marcello Noronha, Felippe Mendon\u00e7a, Eric Ribeiro, Marcelo Holanda<br \/>\nConte\u00fado: Amanda Perlingeiro<br \/>\nDire\u00e7\u00e3o Geral de Atendimento e Opera\u00e7\u00f5es: Ana Paula S\u00e1nchez<br \/>\nDire\u00e7\u00e3o de Atendimento: Cristiana Miranda<br \/>\nAtendimento: Priscilla Fran\u00e7a, Rachel Selouan, Alana Mello e Hin\u00e1 Trindade<br \/>\nDire\u00e7\u00e3o de Planejamento: Paula Lagrotta<br \/>\nPlanejamento: Paula Lagrotta e Aline Freitas<br \/>\nHead de M\u00eddia: Gl\u00e1ucia Montanha<br \/>\nDire\u00e7\u00e3o de M\u00eddia: Sabrina Frotta<br \/>\nM\u00eddia: Thiago Valente, M\u00e1rcio Marchiori, Renata Vasconcelos<br \/>\nGerente de Projeto: Cristiane Vianna, Aurora Blotta, Andrea Hedler, Marina Lime<br \/>\nDiretor de Creative Data: Eduardo Sumi<br \/>\nBI: Carolina Amorim<br \/>\nHead de Produ\u00e7\u00e3o: Felipe Cunha<br \/>\nRTVC: Karol Justino, Angela Felicio<br \/>\nAprova\u00e7\u00e3o do Cliente: Marcel Desco, Eduardo Guedes, Renata Rudge, Renata Veloso<\/p>\n<p>Produtora\/Imagem: Caf\u00e9 Royal<br \/>\nDire\u00e7\u00e3o: Fred Ouro Preto<br \/>\nProdu\u00e7\u00e3o Executiva: Moa Ramalho e Giovana Grigolin<br \/>\nCoordena\u00e7\u00e3o de Produ\u00e7\u00e3o: Alex Missaka e Alessandra Cipolletta<br \/>\nAtendimento: Bruna Chamlian<br \/>\nAtendimento de P\u00f3s-produ\u00e7\u00e3o: Camila Santana<br \/>\nDire\u00e7\u00e3o De Fotografia: Fernando Bertoluci<br \/>\nCenografia e Motion Graphics: Studio Curva<br \/>\nDire\u00e7\u00e3o de Produ\u00e7\u00e3o: Diogo Pinaffi<br \/>\nCoordena\u00e7\u00e3o de p\u00f3s-Produ\u00e7\u00e3o: Andreza Oliveira e Val Pacheco<br \/>\nFinalizador: Derlei Felicio<br \/>\nAfter Effects: Rodrigo Peres<br \/>\nMontagem: Rodrigo Sobreiro<br \/>\nProdutora de som: Antfood<br \/>\nDire\u00e7\u00e3o de Produ\u00e7\u00e3o Musical: Lou Schmidt, Pedro Botsaris e Fernando Rojo<br \/>\nProdu\u00e7\u00e3o Executiva: Christiane Rachel e Renato Castro<br \/>\nCoordena\u00e7\u00e3o: Monique Munhoz<br \/>\nFinaliza\u00e7\u00e3o: Bruno Broaska, Fabian Jorge, Pablo Homem de Mello e Tiago Lins<br \/>\nFot\u00f3grafo: Fernando Tomaz<br \/>\nP\u00f3s Fotos: Boreal<\/p>\n<p><iframe style=\"width: 100%; max-width: 660px; overflow: hidden; background: transparent;\" src=\"https:\/\/embed.podcasts.apple.com\/br\/podcast\/podcast-cidademarketing\/id1371923283\" height=\"450\" frameborder=\"0\" sandbox=\"allow-forms allow-popups allow-same-origin allow-scripts allow-storage-access-by-user-activation allow-top-navigation-by-user-activation\"><\/iframe><\/p>\n","protected":false},"excerpt":{"rendered":"<p>A jornada de supera\u00e7\u00e3o de Anitta e Juliette, artistas que batalharam para entrar em uma faculdade e brilhar no mercado de trabalho, assemelha-se a de tantas pessoas que, por vezes, acham que n\u00e3o \u00e9 vi\u00e1vel ingressar em uma faculdade privada e com alta qualidade. N\u00e3o \u00e0 toa, o lan\u00e7amento da nova comunica\u00e7\u00e3o de Est\u00e1cio, que [&hellip;]<\/p>\n","protected":false},"author":1,"featured_media":34271,"comment_status":"open","ping_status":"open","sticky":false,"template":"","format":"standard","meta":{"tdm_status":"","tdm_grid_status":"","footnotes":""},"categories":[6],"tags":[369,65,100,307,33,3920,28,66],"class_list":["post-34270","post","type-post","status-publish","format-standard","has-post-thumbnail","hentry","category-noticias","tag-anitta","tag-campanha","tag-educacao","tag-estacio","tag-estrategia","tag-juliette","tag-marketing","tag-propaganda"],"yoast_head":"<!-- This site is optimized with the Yoast SEO plugin v27.5 - https:\/\/yoast.com\/product\/yoast-seo-wordpress\/ -->\n<title>Em campanha da Est\u00e1cio, Anitta e Juliette divulgam matr\u00edculas do primeiro semestre - CidadeMarketing<\/title>\n<meta name=\"robots\" content=\"index, follow, max-snippet:-1, max-image-preview:large, max-video-preview:-1\" \/>\n<link rel=\"canonical\" href=\"https:\/\/www.cidademarketing.com.br\/marketing\/2022\/02\/06\/em-campanha-da-estacio-anitta-e-juliette-divulgam-matriculas-do-primeiro-semestre\/\" \/>\n<meta property=\"og:locale\" content=\"pt_BR\" \/>\n<meta property=\"og:type\" content=\"article\" \/>\n<meta property=\"og:title\" content=\"Em campanha da Est\u00e1cio, Anitta e Juliette divulgam matr\u00edculas do primeiro semestre - CidadeMarketing\" \/>\n<meta property=\"og:description\" content=\"A jornada de supera\u00e7\u00e3o de Anitta e Juliette, artistas que batalharam para entrar em uma faculdade e brilhar no mercado de trabalho, assemelha-se a de tantas pessoas que, por vezes, acham que n\u00e3o \u00e9 vi\u00e1vel ingressar em uma faculdade privada e com alta qualidade. N\u00e3o \u00e0 toa, o lan\u00e7amento da nova comunica\u00e7\u00e3o de Est\u00e1cio, que [&hellip;]\" \/>\n<meta property=\"og:url\" content=\"https:\/\/www.cidademarketing.com.br\/marketing\/2022\/02\/06\/em-campanha-da-estacio-anitta-e-juliette-divulgam-matriculas-do-primeiro-semestre\/\" \/>\n<meta property=\"og:site_name\" content=\"CidadeMarketing\" \/>\n<meta property=\"article:publisher\" content=\"https:\/\/www.facebook.com\/portalcidademarketing\" \/>\n<meta property=\"article:author\" content=\"https:\/\/www.facebook.com\/thalesbrandao\" \/>\n<meta property=\"article:published_time\" content=\"2022-02-07T00:12:18+00:00\" \/>\n<meta property=\"og:image\" content=\"https:\/\/www.cidademarketing.com.br\/marketing\/wp-content\/uploads\/2022\/02\/juliette_anitta_estacio-1024x576.png\" \/>\n\t<meta property=\"og:image:width\" content=\"1024\" \/>\n\t<meta property=\"og:image:height\" content=\"576\" \/>\n\t<meta property=\"og:image:type\" content=\"image\/png\" \/>\n<meta name=\"author\" content=\"Thales Brand\u00e3o\" \/>\n<meta name=\"twitter:card\" content=\"summary_large_image\" \/>\n<meta name=\"twitter:creator\" content=\"@http:\/\/www.twitter.com\/thalesbrandao\" \/>\n<meta name=\"twitter:site\" content=\"@CidadeMarketing\" \/>\n<meta name=\"twitter:label1\" content=\"Escrito por\" \/>\n\t<meta name=\"twitter:data1\" content=\"Thales Brand\u00e3o\" \/>\n\t<meta name=\"twitter:label2\" content=\"Est. tempo de leitura\" \/>\n\t<meta name=\"twitter:data2\" content=\"4 minutos\" \/>\n<script type=\"application\/ld+json\" class=\"yoast-schema-graph\">{\"@context\":\"https:\\\/\\\/schema.org\",\"@graph\":[{\"@type\":\"Article\",\"@id\":\"https:\\\/\\\/www.cidademarketing.com.br\\\/marketing\\\/2022\\\/02\\\/06\\\/em-campanha-da-estacio-anitta-e-juliette-divulgam-matriculas-do-primeiro-semestre\\\/#article\",\"isPartOf\":{\"@id\":\"https:\\\/\\\/www.cidademarketing.com.br\\\/marketing\\\/2022\\\/02\\\/06\\\/em-campanha-da-estacio-anitta-e-juliette-divulgam-matriculas-do-primeiro-semestre\\\/\"},\"author\":{\"name\":\"Thales Brand\u00e3o\",\"@id\":\"https:\\\/\\\/www.cidademarketing.com.br\\\/marketing\\\/#\\\/schema\\\/person\\\/02daff9f18bd9378c9e01eb6b2db155f\"},\"headline\":\"Em campanha da Est\u00e1cio, Anitta e Juliette divulgam matr\u00edculas do primeiro semestre\",\"datePublished\":\"2022-02-07T00:12:18+00:00\",\"mainEntityOfPage\":{\"@id\":\"https:\\\/\\\/www.cidademarketing.com.br\\\/marketing\\\/2022\\\/02\\\/06\\\/em-campanha-da-estacio-anitta-e-juliette-divulgam-matriculas-do-primeiro-semestre\\\/\"},\"wordCount\":829,\"commentCount\":0,\"publisher\":{\"@id\":\"https:\\\/\\\/www.cidademarketing.com.br\\\/marketing\\\/#organization\"},\"image\":{\"@id\":\"https:\\\/\\\/www.cidademarketing.com.br\\\/marketing\\\/2022\\\/02\\\/06\\\/em-campanha-da-estacio-anitta-e-juliette-divulgam-matriculas-do-primeiro-semestre\\\/#primaryimage\"},\"thumbnailUrl\":\"https:\\\/\\\/www.cidademarketing.com.br\\\/marketing\\\/wp-content\\\/uploads\\\/2022\\\/02\\\/juliette_anitta_estacio.png\",\"keywords\":[\"Anitta\",\"campanha\",\"educa\u00e7\u00e3o\",\"Est\u00e1cio\",\"estrat\u00e9gia\",\"Juliette\",\"marketing\",\"propaganda\"],\"articleSection\":[\"Not\u00edcias\"],\"inLanguage\":\"pt-BR\",\"potentialAction\":[{\"@type\":\"CommentAction\",\"name\":\"Comment\",\"target\":[\"https:\\\/\\\/www.cidademarketing.com.br\\\/marketing\\\/2022\\\/02\\\/06\\\/em-campanha-da-estacio-anitta-e-juliette-divulgam-matriculas-do-primeiro-semestre\\\/#respond\"]}]},{\"@type\":\"WebPage\",\"@id\":\"https:\\\/\\\/www.cidademarketing.com.br\\\/marketing\\\/2022\\\/02\\\/06\\\/em-campanha-da-estacio-anitta-e-juliette-divulgam-matriculas-do-primeiro-semestre\\\/\",\"url\":\"https:\\\/\\\/www.cidademarketing.com.br\\\/marketing\\\/2022\\\/02\\\/06\\\/em-campanha-da-estacio-anitta-e-juliette-divulgam-matriculas-do-primeiro-semestre\\\/\",\"name\":\"Em campanha da Est\u00e1cio, Anitta e Juliette divulgam matr\u00edculas do primeiro semestre - CidadeMarketing\",\"isPartOf\":{\"@id\":\"https:\\\/\\\/www.cidademarketing.com.br\\\/marketing\\\/#website\"},\"primaryImageOfPage\":{\"@id\":\"https:\\\/\\\/www.cidademarketing.com.br\\\/marketing\\\/2022\\\/02\\\/06\\\/em-campanha-da-estacio-anitta-e-juliette-divulgam-matriculas-do-primeiro-semestre\\\/#primaryimage\"},\"image\":{\"@id\":\"https:\\\/\\\/www.cidademarketing.com.br\\\/marketing\\\/2022\\\/02\\\/06\\\/em-campanha-da-estacio-anitta-e-juliette-divulgam-matriculas-do-primeiro-semestre\\\/#primaryimage\"},\"thumbnailUrl\":\"https:\\\/\\\/www.cidademarketing.com.br\\\/marketing\\\/wp-content\\\/uploads\\\/2022\\\/02\\\/juliette_anitta_estacio.png\",\"datePublished\":\"2022-02-07T00:12:18+00:00\",\"breadcrumb\":{\"@id\":\"https:\\\/\\\/www.cidademarketing.com.br\\\/marketing\\\/2022\\\/02\\\/06\\\/em-campanha-da-estacio-anitta-e-juliette-divulgam-matriculas-do-primeiro-semestre\\\/#breadcrumb\"},\"inLanguage\":\"pt-BR\",\"potentialAction\":[{\"@type\":\"ReadAction\",\"target\":[\"https:\\\/\\\/www.cidademarketing.com.br\\\/marketing\\\/2022\\\/02\\\/06\\\/em-campanha-da-estacio-anitta-e-juliette-divulgam-matriculas-do-primeiro-semestre\\\/\"]}]},{\"@type\":\"ImageObject\",\"inLanguage\":\"pt-BR\",\"@id\":\"https:\\\/\\\/www.cidademarketing.com.br\\\/marketing\\\/2022\\\/02\\\/06\\\/em-campanha-da-estacio-anitta-e-juliette-divulgam-matriculas-do-primeiro-semestre\\\/#primaryimage\",\"url\":\"https:\\\/\\\/www.cidademarketing.com.br\\\/marketing\\\/wp-content\\\/uploads\\\/2022\\\/02\\\/juliette_anitta_estacio.png\",\"contentUrl\":\"https:\\\/\\\/www.cidademarketing.com.br\\\/marketing\\\/wp-content\\\/uploads\\\/2022\\\/02\\\/juliette_anitta_estacio.png\",\"width\":2560,\"height\":1440,\"caption\":\"Reprodu\u00e7\u00e3o\"},{\"@type\":\"BreadcrumbList\",\"@id\":\"https:\\\/\\\/www.cidademarketing.com.br\\\/marketing\\\/2022\\\/02\\\/06\\\/em-campanha-da-estacio-anitta-e-juliette-divulgam-matriculas-do-primeiro-semestre\\\/#breadcrumb\",\"itemListElement\":[{\"@type\":\"ListItem\",\"position\":1,\"name\":\"In\u00edcio\",\"item\":\"https:\\\/\\\/www.cidademarketing.com.br\\\/marketing\\\/\"},{\"@type\":\"ListItem\",\"position\":2,\"name\":\"Em campanha da Est\u00e1cio, Anitta e Juliette divulgam matr\u00edculas do primeiro semestre\"}]},{\"@type\":\"WebSite\",\"@id\":\"https:\\\/\\\/www.cidademarketing.com.br\\\/marketing\\\/#website\",\"url\":\"https:\\\/\\\/www.cidademarketing.com.br\\\/marketing\\\/\",\"name\":\"CidadeMarketing\",\"description\":\"Somos um ve\u00edculo de comunica\u00e7\u00e3o de destaque no Brasil, reconhecido por conte\u00fados nos segmentos de marketing, empreendedorismo e inova\u00e7\u00e3o.\",\"publisher\":{\"@id\":\"https:\\\/\\\/www.cidademarketing.com.br\\\/marketing\\\/#organization\"},\"alternateName\":\"CidadeMarketing\",\"potentialAction\":[{\"@type\":\"SearchAction\",\"target\":{\"@type\":\"EntryPoint\",\"urlTemplate\":\"https:\\\/\\\/www.cidademarketing.com.br\\\/marketing\\\/?s={search_term_string}\"},\"query-input\":{\"@type\":\"PropertyValueSpecification\",\"valueRequired\":true,\"valueName\":\"search_term_string\"}}],\"inLanguage\":\"pt-BR\"},{\"@type\":\"Organization\",\"@id\":\"https:\\\/\\\/www.cidademarketing.com.br\\\/marketing\\\/#organization\",\"name\":\"CidadeMarketing\",\"alternateName\":\"CidadeMarketing\",\"url\":\"https:\\\/\\\/www.cidademarketing.com.br\\\/marketing\\\/\",\"logo\":{\"@type\":\"ImageObject\",\"inLanguage\":\"pt-BR\",\"@id\":\"https:\\\/\\\/www.cidademarketing.com.br\\\/marketing\\\/#\\\/schema\\\/logo\\\/image\\\/\",\"url\":\"https:\\\/\\\/www.cidademarketing.com.br\\\/marketing\\\/wp-content\\\/uploads\\\/2020\\\/01\\\/cidademarketing_marca_mobile.png\",\"contentUrl\":\"https:\\\/\\\/www.cidademarketing.com.br\\\/marketing\\\/wp-content\\\/uploads\\\/2020\\\/01\\\/cidademarketing_marca_mobile.png\",\"width\":230,\"height\":92,\"caption\":\"CidadeMarketing\"},\"image\":{\"@id\":\"https:\\\/\\\/www.cidademarketing.com.br\\\/marketing\\\/#\\\/schema\\\/logo\\\/image\\\/\"},\"sameAs\":[\"https:\\\/\\\/www.facebook.com\\\/portalcidademarketing\",\"https:\\\/\\\/x.com\\\/CidadeMarketing\",\"https:\\\/\\\/www.instagram.com\\\/cidademarketing\\\/\"]},{\"@type\":\"Person\",\"@id\":\"https:\\\/\\\/www.cidademarketing.com.br\\\/marketing\\\/#\\\/schema\\\/person\\\/02daff9f18bd9378c9e01eb6b2db155f\",\"name\":\"Thales Brand\u00e3o\",\"image\":{\"@type\":\"ImageObject\",\"inLanguage\":\"pt-BR\",\"@id\":\"https:\\\/\\\/secure.gravatar.com\\\/avatar\\\/7ca3206950207cc3cb48feec56a8a7898741ab725c368d99d5d7a5a50aab80c6?s=96&d=mm&r=g\",\"url\":\"https:\\\/\\\/secure.gravatar.com\\\/avatar\\\/7ca3206950207cc3cb48feec56a8a7898741ab725c368d99d5d7a5a50aab80c6?s=96&d=mm&r=g\",\"contentUrl\":\"https:\\\/\\\/secure.gravatar.com\\\/avatar\\\/7ca3206950207cc3cb48feec56a8a7898741ab725c368d99d5d7a5a50aab80c6?s=96&d=mm&r=g\",\"caption\":\"Thales Brand\u00e3o\"},\"description\":\"Editor Executivo do Portal CidadeMarketing.com.br &gt; Mestre em Comunica\u00e7\u00e3o e Sociedade pela Universidade Federal de Sergipe. Possui MBA Executivo em Administra\u00e7\u00e3o com \u00eanfase em Marketing pela Funda\u00e7\u00e3o Get\u00falio Vargas - Rio de Janeiro. Consultor, Palestrante e Pesquisador sobre Empreendedorismo, Marketing, Redes Sociais e Neg\u00f3cios Digitais. Professor, Palestrante TedxTalks e Campus Party. Twitter: @ThalesBrandao\",\"sameAs\":[\"http:\\\/\\\/www.mandacaru.com.br\",\"https:\\\/\\\/www.facebook.com\\\/thalesbrandao\",\"http:\\\/\\\/www.instagram.com.br\\\/thalesbrandaoferreira\",\"https:\\\/\\\/www.linkedin.com\\\/in\\\/thales-brand\u00e3o-3948609\\\/\",\"https:\\\/\\\/x.com\\\/http:\\\/\\\/www.twitter.com\\\/thalesbrandao\"],\"url\":\"https:\\\/\\\/www.cidademarketing.com.br\\\/marketing\\\/author\\\/thalesbrandao\\\/\"}]}<\/script>\n<!-- \/ Yoast SEO plugin. -->","yoast_head_json":{"title":"Em campanha da Est\u00e1cio, Anitta e Juliette divulgam matr\u00edculas do primeiro semestre - CidadeMarketing","robots":{"index":"index","follow":"follow","max-snippet":"max-snippet:-1","max-image-preview":"max-image-preview:large","max-video-preview":"max-video-preview:-1"},"canonical":"https:\/\/www.cidademarketing.com.br\/marketing\/2022\/02\/06\/em-campanha-da-estacio-anitta-e-juliette-divulgam-matriculas-do-primeiro-semestre\/","og_locale":"pt_BR","og_type":"article","og_title":"Em campanha da Est\u00e1cio, Anitta e Juliette divulgam matr\u00edculas do primeiro semestre - CidadeMarketing","og_description":"A jornada de supera\u00e7\u00e3o de Anitta e Juliette, artistas que batalharam para entrar em uma faculdade e brilhar no mercado de trabalho, assemelha-se a de tantas pessoas que, por vezes, acham que n\u00e3o \u00e9 vi\u00e1vel ingressar em uma faculdade privada e com alta qualidade. N\u00e3o \u00e0 toa, o lan\u00e7amento da nova comunica\u00e7\u00e3o de Est\u00e1cio, que [&hellip;]","og_url":"https:\/\/www.cidademarketing.com.br\/marketing\/2022\/02\/06\/em-campanha-da-estacio-anitta-e-juliette-divulgam-matriculas-do-primeiro-semestre\/","og_site_name":"CidadeMarketing","article_publisher":"https:\/\/www.facebook.com\/portalcidademarketing","article_author":"https:\/\/www.facebook.com\/thalesbrandao","article_published_time":"2022-02-07T00:12:18+00:00","og_image":[{"width":1024,"height":576,"url":"https:\/\/www.cidademarketing.com.br\/marketing\/wp-content\/uploads\/2022\/02\/juliette_anitta_estacio-1024x576.png","type":"image\/png"}],"author":"Thales Brand\u00e3o","twitter_card":"summary_large_image","twitter_creator":"@http:\/\/www.twitter.com\/thalesbrandao","twitter_site":"@CidadeMarketing","twitter_misc":{"Escrito por":"Thales Brand\u00e3o","Est. tempo de leitura":"4 minutos"},"schema":{"@context":"https:\/\/schema.org","@graph":[{"@type":"Article","@id":"https:\/\/www.cidademarketing.com.br\/marketing\/2022\/02\/06\/em-campanha-da-estacio-anitta-e-juliette-divulgam-matriculas-do-primeiro-semestre\/#article","isPartOf":{"@id":"https:\/\/www.cidademarketing.com.br\/marketing\/2022\/02\/06\/em-campanha-da-estacio-anitta-e-juliette-divulgam-matriculas-do-primeiro-semestre\/"},"author":{"name":"Thales Brand\u00e3o","@id":"https:\/\/www.cidademarketing.com.br\/marketing\/#\/schema\/person\/02daff9f18bd9378c9e01eb6b2db155f"},"headline":"Em campanha da Est\u00e1cio, Anitta e Juliette divulgam matr\u00edculas do primeiro semestre","datePublished":"2022-02-07T00:12:18+00:00","mainEntityOfPage":{"@id":"https:\/\/www.cidademarketing.com.br\/marketing\/2022\/02\/06\/em-campanha-da-estacio-anitta-e-juliette-divulgam-matriculas-do-primeiro-semestre\/"},"wordCount":829,"commentCount":0,"publisher":{"@id":"https:\/\/www.cidademarketing.com.br\/marketing\/#organization"},"image":{"@id":"https:\/\/www.cidademarketing.com.br\/marketing\/2022\/02\/06\/em-campanha-da-estacio-anitta-e-juliette-divulgam-matriculas-do-primeiro-semestre\/#primaryimage"},"thumbnailUrl":"https:\/\/www.cidademarketing.com.br\/marketing\/wp-content\/uploads\/2022\/02\/juliette_anitta_estacio.png","keywords":["Anitta","campanha","educa\u00e7\u00e3o","Est\u00e1cio","estrat\u00e9gia","Juliette","marketing","propaganda"],"articleSection":["Not\u00edcias"],"inLanguage":"pt-BR","potentialAction":[{"@type":"CommentAction","name":"Comment","target":["https:\/\/www.cidademarketing.com.br\/marketing\/2022\/02\/06\/em-campanha-da-estacio-anitta-e-juliette-divulgam-matriculas-do-primeiro-semestre\/#respond"]}]},{"@type":"WebPage","@id":"https:\/\/www.cidademarketing.com.br\/marketing\/2022\/02\/06\/em-campanha-da-estacio-anitta-e-juliette-divulgam-matriculas-do-primeiro-semestre\/","url":"https:\/\/www.cidademarketing.com.br\/marketing\/2022\/02\/06\/em-campanha-da-estacio-anitta-e-juliette-divulgam-matriculas-do-primeiro-semestre\/","name":"Em campanha da Est\u00e1cio, Anitta e Juliette divulgam matr\u00edculas do primeiro semestre - CidadeMarketing","isPartOf":{"@id":"https:\/\/www.cidademarketing.com.br\/marketing\/#website"},"primaryImageOfPage":{"@id":"https:\/\/www.cidademarketing.com.br\/marketing\/2022\/02\/06\/em-campanha-da-estacio-anitta-e-juliette-divulgam-matriculas-do-primeiro-semestre\/#primaryimage"},"image":{"@id":"https:\/\/www.cidademarketing.com.br\/marketing\/2022\/02\/06\/em-campanha-da-estacio-anitta-e-juliette-divulgam-matriculas-do-primeiro-semestre\/#primaryimage"},"thumbnailUrl":"https:\/\/www.cidademarketing.com.br\/marketing\/wp-content\/uploads\/2022\/02\/juliette_anitta_estacio.png","datePublished":"2022-02-07T00:12:18+00:00","breadcrumb":{"@id":"https:\/\/www.cidademarketing.com.br\/marketing\/2022\/02\/06\/em-campanha-da-estacio-anitta-e-juliette-divulgam-matriculas-do-primeiro-semestre\/#breadcrumb"},"inLanguage":"pt-BR","potentialAction":[{"@type":"ReadAction","target":["https:\/\/www.cidademarketing.com.br\/marketing\/2022\/02\/06\/em-campanha-da-estacio-anitta-e-juliette-divulgam-matriculas-do-primeiro-semestre\/"]}]},{"@type":"ImageObject","inLanguage":"pt-BR","@id":"https:\/\/www.cidademarketing.com.br\/marketing\/2022\/02\/06\/em-campanha-da-estacio-anitta-e-juliette-divulgam-matriculas-do-primeiro-semestre\/#primaryimage","url":"https:\/\/www.cidademarketing.com.br\/marketing\/wp-content\/uploads\/2022\/02\/juliette_anitta_estacio.png","contentUrl":"https:\/\/www.cidademarketing.com.br\/marketing\/wp-content\/uploads\/2022\/02\/juliette_anitta_estacio.png","width":2560,"height":1440,"caption":"Reprodu\u00e7\u00e3o"},{"@type":"BreadcrumbList","@id":"https:\/\/www.cidademarketing.com.br\/marketing\/2022\/02\/06\/em-campanha-da-estacio-anitta-e-juliette-divulgam-matriculas-do-primeiro-semestre\/#breadcrumb","itemListElement":[{"@type":"ListItem","position":1,"name":"In\u00edcio","item":"https:\/\/www.cidademarketing.com.br\/marketing\/"},{"@type":"ListItem","position":2,"name":"Em campanha da Est\u00e1cio, Anitta e Juliette divulgam matr\u00edculas do primeiro semestre"}]},{"@type":"WebSite","@id":"https:\/\/www.cidademarketing.com.br\/marketing\/#website","url":"https:\/\/www.cidademarketing.com.br\/marketing\/","name":"CidadeMarketing","description":"Somos um ve\u00edculo de comunica\u00e7\u00e3o de destaque no Brasil, reconhecido por conte\u00fados nos segmentos de marketing, empreendedorismo e inova\u00e7\u00e3o.","publisher":{"@id":"https:\/\/www.cidademarketing.com.br\/marketing\/#organization"},"alternateName":"CidadeMarketing","potentialAction":[{"@type":"SearchAction","target":{"@type":"EntryPoint","urlTemplate":"https:\/\/www.cidademarketing.com.br\/marketing\/?s={search_term_string}"},"query-input":{"@type":"PropertyValueSpecification","valueRequired":true,"valueName":"search_term_string"}}],"inLanguage":"pt-BR"},{"@type":"Organization","@id":"https:\/\/www.cidademarketing.com.br\/marketing\/#organization","name":"CidadeMarketing","alternateName":"CidadeMarketing","url":"https:\/\/www.cidademarketing.com.br\/marketing\/","logo":{"@type":"ImageObject","inLanguage":"pt-BR","@id":"https:\/\/www.cidademarketing.com.br\/marketing\/#\/schema\/logo\/image\/","url":"https:\/\/www.cidademarketing.com.br\/marketing\/wp-content\/uploads\/2020\/01\/cidademarketing_marca_mobile.png","contentUrl":"https:\/\/www.cidademarketing.com.br\/marketing\/wp-content\/uploads\/2020\/01\/cidademarketing_marca_mobile.png","width":230,"height":92,"caption":"CidadeMarketing"},"image":{"@id":"https:\/\/www.cidademarketing.com.br\/marketing\/#\/schema\/logo\/image\/"},"sameAs":["https:\/\/www.facebook.com\/portalcidademarketing","https:\/\/x.com\/CidadeMarketing","https:\/\/www.instagram.com\/cidademarketing\/"]},{"@type":"Person","@id":"https:\/\/www.cidademarketing.com.br\/marketing\/#\/schema\/person\/02daff9f18bd9378c9e01eb6b2db155f","name":"Thales Brand\u00e3o","image":{"@type":"ImageObject","inLanguage":"pt-BR","@id":"https:\/\/secure.gravatar.com\/avatar\/7ca3206950207cc3cb48feec56a8a7898741ab725c368d99d5d7a5a50aab80c6?s=96&d=mm&r=g","url":"https:\/\/secure.gravatar.com\/avatar\/7ca3206950207cc3cb48feec56a8a7898741ab725c368d99d5d7a5a50aab80c6?s=96&d=mm&r=g","contentUrl":"https:\/\/secure.gravatar.com\/avatar\/7ca3206950207cc3cb48feec56a8a7898741ab725c368d99d5d7a5a50aab80c6?s=96&d=mm&r=g","caption":"Thales Brand\u00e3o"},"description":"Editor Executivo do Portal CidadeMarketing.com.br &gt; Mestre em Comunica\u00e7\u00e3o e Sociedade pela Universidade Federal de Sergipe. Possui MBA Executivo em Administra\u00e7\u00e3o com \u00eanfase em Marketing pela Funda\u00e7\u00e3o Get\u00falio Vargas - Rio de Janeiro. Consultor, Palestrante e Pesquisador sobre Empreendedorismo, Marketing, Redes Sociais e Neg\u00f3cios Digitais. Professor, Palestrante TedxTalks e Campus Party. Twitter: @ThalesBrandao","sameAs":["http:\/\/www.mandacaru.com.br","https:\/\/www.facebook.com\/thalesbrandao","http:\/\/www.instagram.com.br\/thalesbrandaoferreira","https:\/\/www.linkedin.com\/in\/thales-brand\u00e3o-3948609\/","https:\/\/x.com\/http:\/\/www.twitter.com\/thalesbrandao"],"url":"https:\/\/www.cidademarketing.com.br\/marketing\/author\/thalesbrandao\/"}]}},"amp_enabled":true,"_links":{"self":[{"href":"https:\/\/www.cidademarketing.com.br\/marketing\/wp-json\/wp\/v2\/posts\/34270","targetHints":{"allow":["GET"]}}],"collection":[{"href":"https:\/\/www.cidademarketing.com.br\/marketing\/wp-json\/wp\/v2\/posts"}],"about":[{"href":"https:\/\/www.cidademarketing.com.br\/marketing\/wp-json\/wp\/v2\/types\/post"}],"author":[{"embeddable":true,"href":"https:\/\/www.cidademarketing.com.br\/marketing\/wp-json\/wp\/v2\/users\/1"}],"replies":[{"embeddable":true,"href":"https:\/\/www.cidademarketing.com.br\/marketing\/wp-json\/wp\/v2\/comments?post=34270"}],"version-history":[{"count":1,"href":"https:\/\/www.cidademarketing.com.br\/marketing\/wp-json\/wp\/v2\/posts\/34270\/revisions"}],"predecessor-version":[{"id":34272,"href":"https:\/\/www.cidademarketing.com.br\/marketing\/wp-json\/wp\/v2\/posts\/34270\/revisions\/34272"}],"wp:featuredmedia":[{"embeddable":true,"href":"https:\/\/www.cidademarketing.com.br\/marketing\/wp-json\/wp\/v2\/media\/34271"}],"wp:attachment":[{"href":"https:\/\/www.cidademarketing.com.br\/marketing\/wp-json\/wp\/v2\/media?parent=34270"}],"wp:term":[{"taxonomy":"category","embeddable":true,"href":"https:\/\/www.cidademarketing.com.br\/marketing\/wp-json\/wp\/v2\/categories?post=34270"},{"taxonomy":"post_tag","embeddable":true,"href":"https:\/\/www.cidademarketing.com.br\/marketing\/wp-json\/wp\/v2\/tags?post=34270"}],"curies":[{"name":"wp","href":"https:\/\/api.w.org\/{rel}","templated":true}]}}