{"id":34142,"date":"2022-02-01T14:24:52","date_gmt":"2022-02-01T17:24:52","guid":{"rendered":"https:\/\/www.cidademarketing.com.br\/marketing\/?p=34142"},"modified":"2022-02-01T14:24:52","modified_gmt":"2022-02-01T17:24:52","slug":"na-voz-do-cantor-daniel-mercedes-benz-homenageia-caminhoneiras","status":"publish","type":"post","link":"https:\/\/www.cidademarketing.com.br\/marketing\/2022\/02\/01\/na-voz-do-cantor-daniel-mercedes-benz-homenageia-caminhoneiras\/","title":{"rendered":"Na voz do cantor Daniel, Mercedes-Benz homenageia caminhoneiras"},"content":{"rendered":"<p><iframe src=\"https:\/\/open.spotify.com\/embed\/show\/4khMKzP3FgFRWVwb73xicc\" width=\"100%\" height=\"232\" frameborder=\"0\"><\/iframe><br \/>\n<img fetchpriority=\"high\" decoding=\"async\" class=\"alignnone size-medium wp-image-34143\" src=\"https:\/\/www.cidademarketing.com.br\/marketing\/wp-content\/uploads\/2022\/02\/20220128_50104593533b43e88e422c461afc3961_movimento-a-voz-delas-300x189.jpg\" alt=\"\" width=\"300\" height=\"189\" srcset=\"https:\/\/www.cidademarketing.com.br\/marketing\/wp-content\/uploads\/2022\/02\/20220128_50104593533b43e88e422c461afc3961_movimento-a-voz-delas-300x189.jpg 300w, https:\/\/www.cidademarketing.com.br\/marketing\/wp-content\/uploads\/2022\/02\/20220128_50104593533b43e88e422c461afc3961_movimento-a-voz-delas-768x484.jpg 768w, https:\/\/www.cidademarketing.com.br\/marketing\/wp-content\/uploads\/2022\/02\/20220128_50104593533b43e88e422c461afc3961_movimento-a-voz-delas-667x420.jpg 667w, https:\/\/www.cidademarketing.com.br\/marketing\/wp-content\/uploads\/2022\/02\/20220128_50104593533b43e88e422c461afc3961_movimento-a-voz-delas-640x403.jpg 640w, https:\/\/www.cidademarketing.com.br\/marketing\/wp-content\/uploads\/2022\/02\/20220128_50104593533b43e88e422c461afc3961_movimento-a-voz-delas-681x429.jpg 681w, https:\/\/www.cidademarketing.com.br\/marketing\/wp-content\/uploads\/2022\/02\/20220128_50104593533b43e88e422c461afc3961_movimento-a-voz-delas.jpg 1000w\" sizes=\"(max-width: 300px) 100vw, 300px\" \/><\/p>\n<p>O ano de 2022 come\u00e7ou com muita emo\u00e7\u00e3o nas redes sociais da Mercedes-Benz Caminh\u00f5es. Na voz do cantor Daniel, um jingle foi especialmente criado para homenagear as caminhoneiras e as cristais (companheiras de caminhoneiros que os acompanham na boleia) que rodam por esse imenso Pa\u00eds. Um v\u00eddeo, com imagens delas em v\u00e1rias situa\u00e7\u00f5es junto aos seus caminh\u00f5es, complementa a mensagem de reconhecimento a essas mulheres de fibra e de garra.<\/p>\n\r\n                <style type=\"text\/css\">\r\n                    \r\n                    #tdi_1  .td-doubleSlider-2 .td-item1 {\r\n                        background: url(https:\/\/www.cidademarketing.com.br\/marketing\/wp-content\/uploads\/2022\/02\/20220128_0376eb9dd8084b14977a0bf97f83a8c5_capa-80x60.jpg) 0 0 no-repeat;\r\n                    }\r\n                    #tdi_1  .td-doubleSlider-2 .td-item2 {\r\n                        background: url(https:\/\/www.cidademarketing.com.br\/marketing\/wp-content\/uploads\/2022\/02\/20220128_b3237c53806046c6bfb7ad14654b843e_ebru-semizer-gerente-senior-de-marketing-comunicacao-inteligencia-de-mercado-caminhoes-80x60.jpg) 0 0 no-repeat;\r\n                    }\r\n                <\/style>\r\n\r\n                <div id=\"tdi_1\" class=\"td-gallery td-slide-on-2-columns\">\r\n                    <div class=\"post_td_gallery\">\r\n                        <div class=\"td-gallery-slide-top\">\r\n                           <div class=\"td-gallery-title\"><\/div>\r\n\r\n                            <div class=\"td-gallery-controls-wrapper\">\r\n                                <div class=\"td-gallery-slide-count\"><span class=\"td-gallery-slide-item-focus\">1<\/span> de 2<\/div>\r\n                                <div class=\"td-gallery-slide-prev-next-but\">\r\n                                    <i class = \"td-icon-left doubleSliderPrevButton\"><\/i>\r\n                                    <i class = \"td-icon-right doubleSliderNextButton\"><\/i>\r\n                                <\/div>\r\n                            <\/div>\r\n                        <\/div>\r\n\r\n                        <div class = \"td-doubleSlider-1 \">\r\n                            <div class = \"td-slider\">\r\n                                \r\n                    <div class = \"td-slide-item td-item1\">\r\n                        <figure class=\"td-slide-galery-figure td-slide-popup-gallery\">\r\n                            <a class=\"slide-gallery-image-link\" href=\"https:\/\/www.cidademarketing.com.br\/marketing\/wp-content\/uploads\/2022\/02\/20220128_0376eb9dd8084b14977a0bf97f83a8c5_capa.jpg\" title=\"Mercedes-Benz\"  data-caption=\"\"  data-description=\"\">\r\n                                <img decoding=\"async\" src=\"https:\/\/www.cidademarketing.com.br\/marketing\/wp-content\/uploads\/2022\/02\/20220128_0376eb9dd8084b14977a0bf97f83a8c5_capa-747x420.jpg\" srcset=\"https:\/\/www.cidademarketing.com.br\/marketing\/wp-content\/uploads\/2022\/02\/20220128_0376eb9dd8084b14977a0bf97f83a8c5_capa-747x420.jpg 747w, https:\/\/www.cidademarketing.com.br\/marketing\/wp-content\/uploads\/2022\/02\/20220128_0376eb9dd8084b14977a0bf97f83a8c5_capa-300x169.jpg 300w, https:\/\/www.cidademarketing.com.br\/marketing\/wp-content\/uploads\/2022\/02\/20220128_0376eb9dd8084b14977a0bf97f83a8c5_capa-1024x576.jpg 1024w, https:\/\/www.cidademarketing.com.br\/marketing\/wp-content\/uploads\/2022\/02\/20220128_0376eb9dd8084b14977a0bf97f83a8c5_capa-768x432.jpg 768w, https:\/\/www.cidademarketing.com.br\/marketing\/wp-content\/uploads\/2022\/02\/20220128_0376eb9dd8084b14977a0bf97f83a8c5_capa-1536x864.jpg 1536w, https:\/\/www.cidademarketing.com.br\/marketing\/wp-content\/uploads\/2022\/02\/20220128_0376eb9dd8084b14977a0bf97f83a8c5_capa-640x360.jpg 640w, https:\/\/www.cidademarketing.com.br\/marketing\/wp-content\/uploads\/2022\/02\/20220128_0376eb9dd8084b14977a0bf97f83a8c5_capa-681x383.jpg 681w, https:\/\/www.cidademarketing.com.br\/marketing\/wp-content\/uploads\/2022\/02\/20220128_0376eb9dd8084b14977a0bf97f83a8c5_capa.jpg 2000w\" sizes=\"(max-width: 747px) 100vw, 747px\" alt=\"\">\r\n                            <\/a>\r\n                            \r\n                        <\/figure>\r\n                    <\/div>\r\n                    <div class = \"td-slide-item td-item2\">\r\n                        <figure class=\"td-slide-galery-figure td-slide-popup-gallery\">\r\n                            <a class=\"slide-gallery-image-link\" href=\"https:\/\/www.cidademarketing.com.br\/marketing\/wp-content\/uploads\/2022\/02\/20220128_b3237c53806046c6bfb7ad14654b843e_ebru-semizer-gerente-senior-de-marketing-comunicacao-inteligencia-de-mercado-caminhoes.jpg\" title=\"Mercedes-Benz\"  data-caption=\"\"  data-description=\"\">\r\n                                <img decoding=\"async\" src=\"https:\/\/www.cidademarketing.com.br\/marketing\/wp-content\/uploads\/2022\/02\/20220128_b3237c53806046c6bfb7ad14654b843e_ebru-semizer-gerente-senior-de-marketing-comunicacao-inteligencia-de-mercado-caminhoes-630x420.jpg\" srcset=\"https:\/\/www.cidademarketing.com.br\/marketing\/wp-content\/uploads\/2022\/02\/20220128_b3237c53806046c6bfb7ad14654b843e_ebru-semizer-gerente-senior-de-marketing-comunicacao-inteligencia-de-mercado-caminhoes-630x420.jpg 630w, https:\/\/www.cidademarketing.com.br\/marketing\/wp-content\/uploads\/2022\/02\/20220128_b3237c53806046c6bfb7ad14654b843e_ebru-semizer-gerente-senior-de-marketing-comunicacao-inteligencia-de-mercado-caminhoes-300x200.jpg 300w, https:\/\/www.cidademarketing.com.br\/marketing\/wp-content\/uploads\/2022\/02\/20220128_b3237c53806046c6bfb7ad14654b843e_ebru-semizer-gerente-senior-de-marketing-comunicacao-inteligencia-de-mercado-caminhoes-1024x682.jpg 1024w, https:\/\/www.cidademarketing.com.br\/marketing\/wp-content\/uploads\/2022\/02\/20220128_b3237c53806046c6bfb7ad14654b843e_ebru-semizer-gerente-senior-de-marketing-comunicacao-inteligencia-de-mercado-caminhoes-768x512.jpg 768w, https:\/\/www.cidademarketing.com.br\/marketing\/wp-content\/uploads\/2022\/02\/20220128_b3237c53806046c6bfb7ad14654b843e_ebru-semizer-gerente-senior-de-marketing-comunicacao-inteligencia-de-mercado-caminhoes-1536x1024.jpg 1536w, https:\/\/www.cidademarketing.com.br\/marketing\/wp-content\/uploads\/2022\/02\/20220128_b3237c53806046c6bfb7ad14654b843e_ebru-semizer-gerente-senior-de-marketing-comunicacao-inteligencia-de-mercado-caminhoes-640x427.jpg 640w, https:\/\/www.cidademarketing.com.br\/marketing\/wp-content\/uploads\/2022\/02\/20220128_b3237c53806046c6bfb7ad14654b843e_ebru-semizer-gerente-senior-de-marketing-comunicacao-inteligencia-de-mercado-caminhoes-681x454.jpg 681w, https:\/\/www.cidademarketing.com.br\/marketing\/wp-content\/uploads\/2022\/02\/20220128_b3237c53806046c6bfb7ad14654b843e_ebru-semizer-gerente-senior-de-marketing-comunicacao-inteligencia-de-mercado-caminhoes.jpg 2000w\" sizes=\"(max-width: 630px) 100vw, 630px\" alt=\"\">\r\n                            <\/a>\r\n                            \r\n                        <\/figure>\r\n                    <\/div>\r\n                            <\/div>\r\n                        <\/div>\r\n\r\n                        <div class = \"td-doubleSlider-2\">\r\n                            <div class = \"td-slider\">\r\n                                \r\n                    <div class = \"td-button td-item1\">\r\n                        <div class = \"td-border\"><\/div>\r\n                    <\/div>\r\n                    <div class = \"td-button td-item2\">\r\n                        <div class = \"td-border\"><\/div>\r\n                    <\/div>\r\n                            <\/div>\r\n                        <\/div>\r\n\r\n                    <\/div>\r\n\r\n                <\/div>\r\n                \n<p>&nbsp;<\/p>\n<p>\u201cEssa homenagem \u00e9 uma iniciativa do Movimento A Voz Delas, criado pela Mercedes-Benz para conscientizar a sociedade sobre a import\u00e2ncia da participa\u00e7\u00e3o das mulheres no transporte como forma de empoderamento e equidade de g\u00eanero na atividade\u201d, afirma Ebru Semizer, gerente s\u00eanior de Marketing Comunica\u00e7\u00e3o &amp; Intelig\u00eancia de Mercado Caminh\u00f5es da Mercedes-Benz do Brasil. \u201cA Mercedes-Benz ouve cada voz das estradas, e est\u00e1 amplificando cada vez mais as vozes femininas que s\u00e3o desafiadas todos os dias na profiss\u00e3o de caminhoneiras\u201d.<\/p>\n<p>O Movimento A Voz Delas, que vem ganhando for\u00e7a junto a parceiros e institui\u00e7\u00f5es, segue firme em seu prop\u00f3sito, que \u00e9 ouvir as mulheres a fim de conhecer o dia a dia e os desafios de quem faz da boleia uma extens\u00e3o de sua casa. Com isso, a Mercedes-Benz visa contribuir para a melhoria das condi\u00e7\u00f5es do transporte para todos, sejam os motoristas, as motoristas e as cristais.<\/p>\n<p>O Brasil est\u00e1 ouvindo A Voz Delas<\/p>\n<p>O v\u00eddeo e o jingle na voz de Daniel j\u00e1 podem ser conferidos nas redes sociais da Mercedes-Benz Caminh\u00f5es. A a\u00e7\u00e3o contar\u00e1 ainda com depoimentos de influenciadores e v\u00eddeos no Tik Tok.<\/p>\n<p><iframe style=\"width: 100%; max-width: 660px; overflow: hidden; background: transparent;\" src=\"https:\/\/embed.podcasts.apple.com\/br\/podcast\/podcast-cidademarketing\/id1371923283\" height=\"450\" frameborder=\"0\" sandbox=\"allow-forms allow-popups allow-same-origin allow-scripts allow-storage-access-by-user-activation allow-top-navigation-by-user-activation\"><\/iframe><\/p>\n","protected":false},"excerpt":{"rendered":"<p>O ano de 2022 come\u00e7ou com muita emo\u00e7\u00e3o nas redes sociais da Mercedes-Benz Caminh\u00f5es. Na voz do cantor Daniel, um jingle foi especialmente criado para homenagear as caminhoneiras e as cristais (companheiras de caminhoneiros que os acompanham na boleia) que rodam por esse imenso Pa\u00eds. Um v\u00eddeo, com imagens delas em v\u00e1rias situa\u00e7\u00f5es junto aos [&hellip;]<\/p>\n","protected":false},"author":1,"featured_media":34145,"comment_status":"open","ping_status":"open","sticky":false,"template":"","format":"standard","meta":{"tdm_status":"","tdm_grid_status":"","footnotes":""},"categories":[6],"tags":[308,1279,33,5163,28,565],"class_list":["post-34142","post","type-post","status-publish","format-standard","has-post-thumbnail","hentry","category-noticias","tag-comunicacao","tag-divulgacao","tag-estrategia","tag-jingle","tag-marketing","tag-mercedes-benz"],"yoast_head":"<!-- This site is optimized with the Yoast SEO plugin v27.4 - https:\/\/yoast.com\/product\/yoast-seo-wordpress\/ -->\n<title>Na voz do cantor Daniel, Mercedes-Benz homenageia caminhoneiras - CidadeMarketing<\/title>\n<meta name=\"robots\" content=\"index, follow, max-snippet:-1, max-image-preview:large, max-video-preview:-1\" \/>\n<link rel=\"canonical\" href=\"https:\/\/www.cidademarketing.com.br\/marketing\/2022\/02\/01\/na-voz-do-cantor-daniel-mercedes-benz-homenageia-caminhoneiras\/\" \/>\n<meta property=\"og:locale\" content=\"pt_BR\" \/>\n<meta property=\"og:type\" content=\"article\" \/>\n<meta property=\"og:title\" content=\"Na voz do cantor Daniel, Mercedes-Benz homenageia caminhoneiras - CidadeMarketing\" \/>\n<meta property=\"og:description\" content=\"O ano de 2022 come\u00e7ou com muita emo\u00e7\u00e3o nas redes sociais da Mercedes-Benz Caminh\u00f5es. Na voz do cantor Daniel, um jingle foi especialmente criado para homenagear as caminhoneiras e as cristais (companheiras de caminhoneiros que os acompanham na boleia) que rodam por esse imenso Pa\u00eds. Um v\u00eddeo, com imagens delas em v\u00e1rias situa\u00e7\u00f5es junto aos [&hellip;]\" \/>\n<meta property=\"og:url\" content=\"https:\/\/www.cidademarketing.com.br\/marketing\/2022\/02\/01\/na-voz-do-cantor-daniel-mercedes-benz-homenageia-caminhoneiras\/\" \/>\n<meta property=\"og:site_name\" content=\"CidadeMarketing\" \/>\n<meta property=\"article:publisher\" content=\"https:\/\/www.facebook.com\/portalcidademarketing\" \/>\n<meta property=\"article:author\" content=\"https:\/\/www.facebook.com\/thalesbrandao\" \/>\n<meta property=\"article:published_time\" content=\"2022-02-01T17:24:52+00:00\" \/>\n<meta property=\"og:image\" content=\"https:\/\/www.cidademarketing.com.br\/marketing\/wp-content\/uploads\/2022\/02\/20220128_642157456e334ffebad65fdfe2790440_11267-19-1-mer-imagem-a-voz-delas-assessoria-fab2.jpg\" \/>\n\t<meta property=\"og:image:width\" content=\"1080\" \/>\n\t<meta property=\"og:image:height\" content=\"827\" \/>\n\t<meta property=\"og:image:type\" content=\"image\/jpeg\" \/>\n<meta name=\"author\" content=\"Thales Brand\u00e3o\" \/>\n<meta name=\"twitter:card\" content=\"summary_large_image\" \/>\n<meta name=\"twitter:creator\" content=\"@http:\/\/www.twitter.com\/thalesbrandao\" \/>\n<meta name=\"twitter:site\" content=\"@CidadeMarketing\" \/>\n<meta name=\"twitter:label1\" content=\"Escrito por\" \/>\n\t<meta name=\"twitter:data1\" content=\"Thales Brand\u00e3o\" \/>\n\t<meta name=\"twitter:label2\" content=\"Est. tempo de leitura\" \/>\n\t<meta name=\"twitter:data2\" content=\"1 minuto\" \/>\n<script type=\"application\/ld+json\" class=\"yoast-schema-graph\">{\"@context\":\"https:\\\/\\\/schema.org\",\"@graph\":[{\"@type\":\"Article\",\"@id\":\"https:\\\/\\\/www.cidademarketing.com.br\\\/marketing\\\/2022\\\/02\\\/01\\\/na-voz-do-cantor-daniel-mercedes-benz-homenageia-caminhoneiras\\\/#article\",\"isPartOf\":{\"@id\":\"https:\\\/\\\/www.cidademarketing.com.br\\\/marketing\\\/2022\\\/02\\\/01\\\/na-voz-do-cantor-daniel-mercedes-benz-homenageia-caminhoneiras\\\/\"},\"author\":{\"name\":\"Thales Brand\u00e3o\",\"@id\":\"https:\\\/\\\/www.cidademarketing.com.br\\\/marketing\\\/#\\\/schema\\\/person\\\/02daff9f18bd9378c9e01eb6b2db155f\"},\"headline\":\"Na voz do cantor Daniel, Mercedes-Benz homenageia caminhoneiras\",\"datePublished\":\"2022-02-01T17:24:52+00:00\",\"mainEntityOfPage\":{\"@id\":\"https:\\\/\\\/www.cidademarketing.com.br\\\/marketing\\\/2022\\\/02\\\/01\\\/na-voz-do-cantor-daniel-mercedes-benz-homenageia-caminhoneiras\\\/\"},\"wordCount\":295,\"commentCount\":0,\"publisher\":{\"@id\":\"https:\\\/\\\/www.cidademarketing.com.br\\\/marketing\\\/#organization\"},\"image\":{\"@id\":\"https:\\\/\\\/www.cidademarketing.com.br\\\/marketing\\\/2022\\\/02\\\/01\\\/na-voz-do-cantor-daniel-mercedes-benz-homenageia-caminhoneiras\\\/#primaryimage\"},\"thumbnailUrl\":\"https:\\\/\\\/www.cidademarketing.com.br\\\/marketing\\\/wp-content\\\/uploads\\\/2022\\\/02\\\/20220128_642157456e334ffebad65fdfe2790440_11267-19-1-mer-imagem-a-voz-delas-assessoria-fab2.jpg\",\"keywords\":[\"comunica\u00e7\u00e3o\",\"divulga\u00e7\u00e3o\",\"estrat\u00e9gia\",\"jingle\",\"marketing\",\"Mercedes-Benz\"],\"articleSection\":[\"Not\u00edcias\"],\"inLanguage\":\"pt-BR\",\"potentialAction\":[{\"@type\":\"CommentAction\",\"name\":\"Comment\",\"target\":[\"https:\\\/\\\/www.cidademarketing.com.br\\\/marketing\\\/2022\\\/02\\\/01\\\/na-voz-do-cantor-daniel-mercedes-benz-homenageia-caminhoneiras\\\/#respond\"]}]},{\"@type\":\"WebPage\",\"@id\":\"https:\\\/\\\/www.cidademarketing.com.br\\\/marketing\\\/2022\\\/02\\\/01\\\/na-voz-do-cantor-daniel-mercedes-benz-homenageia-caminhoneiras\\\/\",\"url\":\"https:\\\/\\\/www.cidademarketing.com.br\\\/marketing\\\/2022\\\/02\\\/01\\\/na-voz-do-cantor-daniel-mercedes-benz-homenageia-caminhoneiras\\\/\",\"name\":\"Na voz do cantor Daniel, Mercedes-Benz homenageia caminhoneiras - CidadeMarketing\",\"isPartOf\":{\"@id\":\"https:\\\/\\\/www.cidademarketing.com.br\\\/marketing\\\/#website\"},\"primaryImageOfPage\":{\"@id\":\"https:\\\/\\\/www.cidademarketing.com.br\\\/marketing\\\/2022\\\/02\\\/01\\\/na-voz-do-cantor-daniel-mercedes-benz-homenageia-caminhoneiras\\\/#primaryimage\"},\"image\":{\"@id\":\"https:\\\/\\\/www.cidademarketing.com.br\\\/marketing\\\/2022\\\/02\\\/01\\\/na-voz-do-cantor-daniel-mercedes-benz-homenageia-caminhoneiras\\\/#primaryimage\"},\"thumbnailUrl\":\"https:\\\/\\\/www.cidademarketing.com.br\\\/marketing\\\/wp-content\\\/uploads\\\/2022\\\/02\\\/20220128_642157456e334ffebad65fdfe2790440_11267-19-1-mer-imagem-a-voz-delas-assessoria-fab2.jpg\",\"datePublished\":\"2022-02-01T17:24:52+00:00\",\"breadcrumb\":{\"@id\":\"https:\\\/\\\/www.cidademarketing.com.br\\\/marketing\\\/2022\\\/02\\\/01\\\/na-voz-do-cantor-daniel-mercedes-benz-homenageia-caminhoneiras\\\/#breadcrumb\"},\"inLanguage\":\"pt-BR\",\"potentialAction\":[{\"@type\":\"ReadAction\",\"target\":[\"https:\\\/\\\/www.cidademarketing.com.br\\\/marketing\\\/2022\\\/02\\\/01\\\/na-voz-do-cantor-daniel-mercedes-benz-homenageia-caminhoneiras\\\/\"]}]},{\"@type\":\"ImageObject\",\"inLanguage\":\"pt-BR\",\"@id\":\"https:\\\/\\\/www.cidademarketing.com.br\\\/marketing\\\/2022\\\/02\\\/01\\\/na-voz-do-cantor-daniel-mercedes-benz-homenageia-caminhoneiras\\\/#primaryimage\",\"url\":\"https:\\\/\\\/www.cidademarketing.com.br\\\/marketing\\\/wp-content\\\/uploads\\\/2022\\\/02\\\/20220128_642157456e334ffebad65fdfe2790440_11267-19-1-mer-imagem-a-voz-delas-assessoria-fab2.jpg\",\"contentUrl\":\"https:\\\/\\\/www.cidademarketing.com.br\\\/marketing\\\/wp-content\\\/uploads\\\/2022\\\/02\\\/20220128_642157456e334ffebad65fdfe2790440_11267-19-1-mer-imagem-a-voz-delas-assessoria-fab2.jpg\",\"width\":1080,\"height\":827},{\"@type\":\"BreadcrumbList\",\"@id\":\"https:\\\/\\\/www.cidademarketing.com.br\\\/marketing\\\/2022\\\/02\\\/01\\\/na-voz-do-cantor-daniel-mercedes-benz-homenageia-caminhoneiras\\\/#breadcrumb\",\"itemListElement\":[{\"@type\":\"ListItem\",\"position\":1,\"name\":\"In\u00edcio\",\"item\":\"https:\\\/\\\/www.cidademarketing.com.br\\\/marketing\\\/\"},{\"@type\":\"ListItem\",\"position\":2,\"name\":\"Na voz do cantor Daniel, Mercedes-Benz homenageia caminhoneiras\"}]},{\"@type\":\"WebSite\",\"@id\":\"https:\\\/\\\/www.cidademarketing.com.br\\\/marketing\\\/#website\",\"url\":\"https:\\\/\\\/www.cidademarketing.com.br\\\/marketing\\\/\",\"name\":\"CidadeMarketing\",\"description\":\"Somos um ve\u00edculo de comunica\u00e7\u00e3o de destaque no Brasil, reconhecido por conte\u00fados nos segmentos de marketing, empreendedorismo e inova\u00e7\u00e3o.\",\"publisher\":{\"@id\":\"https:\\\/\\\/www.cidademarketing.com.br\\\/marketing\\\/#organization\"},\"alternateName\":\"CidadeMarketing\",\"potentialAction\":[{\"@type\":\"SearchAction\",\"target\":{\"@type\":\"EntryPoint\",\"urlTemplate\":\"https:\\\/\\\/www.cidademarketing.com.br\\\/marketing\\\/?s={search_term_string}\"},\"query-input\":{\"@type\":\"PropertyValueSpecification\",\"valueRequired\":true,\"valueName\":\"search_term_string\"}}],\"inLanguage\":\"pt-BR\"},{\"@type\":\"Organization\",\"@id\":\"https:\\\/\\\/www.cidademarketing.com.br\\\/marketing\\\/#organization\",\"name\":\"CidadeMarketing\",\"alternateName\":\"CidadeMarketing\",\"url\":\"https:\\\/\\\/www.cidademarketing.com.br\\\/marketing\\\/\",\"logo\":{\"@type\":\"ImageObject\",\"inLanguage\":\"pt-BR\",\"@id\":\"https:\\\/\\\/www.cidademarketing.com.br\\\/marketing\\\/#\\\/schema\\\/logo\\\/image\\\/\",\"url\":\"https:\\\/\\\/www.cidademarketing.com.br\\\/marketing\\\/wp-content\\\/uploads\\\/2020\\\/01\\\/cidademarketing_marca_mobile.png\",\"contentUrl\":\"https:\\\/\\\/www.cidademarketing.com.br\\\/marketing\\\/wp-content\\\/uploads\\\/2020\\\/01\\\/cidademarketing_marca_mobile.png\",\"width\":230,\"height\":92,\"caption\":\"CidadeMarketing\"},\"image\":{\"@id\":\"https:\\\/\\\/www.cidademarketing.com.br\\\/marketing\\\/#\\\/schema\\\/logo\\\/image\\\/\"},\"sameAs\":[\"https:\\\/\\\/www.facebook.com\\\/portalcidademarketing\",\"https:\\\/\\\/x.com\\\/CidadeMarketing\",\"https:\\\/\\\/www.instagram.com\\\/cidademarketing\\\/\"]},{\"@type\":\"Person\",\"@id\":\"https:\\\/\\\/www.cidademarketing.com.br\\\/marketing\\\/#\\\/schema\\\/person\\\/02daff9f18bd9378c9e01eb6b2db155f\",\"name\":\"Thales Brand\u00e3o\",\"image\":{\"@type\":\"ImageObject\",\"inLanguage\":\"pt-BR\",\"@id\":\"https:\\\/\\\/secure.gravatar.com\\\/avatar\\\/7ca3206950207cc3cb48feec56a8a7898741ab725c368d99d5d7a5a50aab80c6?s=96&d=mm&r=g\",\"url\":\"https:\\\/\\\/secure.gravatar.com\\\/avatar\\\/7ca3206950207cc3cb48feec56a8a7898741ab725c368d99d5d7a5a50aab80c6?s=96&d=mm&r=g\",\"contentUrl\":\"https:\\\/\\\/secure.gravatar.com\\\/avatar\\\/7ca3206950207cc3cb48feec56a8a7898741ab725c368d99d5d7a5a50aab80c6?s=96&d=mm&r=g\",\"caption\":\"Thales Brand\u00e3o\"},\"description\":\"Editor Executivo do Portal CidadeMarketing.com.br &gt; Mestre em Comunica\u00e7\u00e3o e Sociedade pela Universidade Federal de Sergipe. Possui MBA Executivo em Administra\u00e7\u00e3o com \u00eanfase em Marketing pela Funda\u00e7\u00e3o Get\u00falio Vargas - Rio de Janeiro. Consultor, Palestrante e Pesquisador sobre Empreendedorismo, Marketing, Redes Sociais e Neg\u00f3cios Digitais. Professor, Palestrante TedxTalks e Campus Party. Twitter: @ThalesBrandao\",\"sameAs\":[\"http:\\\/\\\/www.mandacaru.com.br\",\"https:\\\/\\\/www.facebook.com\\\/thalesbrandao\",\"http:\\\/\\\/www.instagram.com.br\\\/thalesbrandaoferreira\",\"https:\\\/\\\/www.linkedin.com\\\/in\\\/thales-brand\u00e3o-3948609\\\/\",\"https:\\\/\\\/x.com\\\/http:\\\/\\\/www.twitter.com\\\/thalesbrandao\"],\"url\":\"https:\\\/\\\/www.cidademarketing.com.br\\\/marketing\\\/author\\\/thalesbrandao\\\/\"}]}<\/script>\n<!-- \/ Yoast SEO plugin. -->","yoast_head_json":{"title":"Na voz do cantor Daniel, Mercedes-Benz homenageia caminhoneiras - CidadeMarketing","robots":{"index":"index","follow":"follow","max-snippet":"max-snippet:-1","max-image-preview":"max-image-preview:large","max-video-preview":"max-video-preview:-1"},"canonical":"https:\/\/www.cidademarketing.com.br\/marketing\/2022\/02\/01\/na-voz-do-cantor-daniel-mercedes-benz-homenageia-caminhoneiras\/","og_locale":"pt_BR","og_type":"article","og_title":"Na voz do cantor Daniel, Mercedes-Benz homenageia caminhoneiras - CidadeMarketing","og_description":"O ano de 2022 come\u00e7ou com muita emo\u00e7\u00e3o nas redes sociais da Mercedes-Benz Caminh\u00f5es. Na voz do cantor Daniel, um jingle foi especialmente criado para homenagear as caminhoneiras e as cristais (companheiras de caminhoneiros que os acompanham na boleia) que rodam por esse imenso Pa\u00eds. Um v\u00eddeo, com imagens delas em v\u00e1rias situa\u00e7\u00f5es junto aos [&hellip;]","og_url":"https:\/\/www.cidademarketing.com.br\/marketing\/2022\/02\/01\/na-voz-do-cantor-daniel-mercedes-benz-homenageia-caminhoneiras\/","og_site_name":"CidadeMarketing","article_publisher":"https:\/\/www.facebook.com\/portalcidademarketing","article_author":"https:\/\/www.facebook.com\/thalesbrandao","article_published_time":"2022-02-01T17:24:52+00:00","og_image":[{"width":1080,"height":827,"url":"https:\/\/www.cidademarketing.com.br\/marketing\/wp-content\/uploads\/2022\/02\/20220128_642157456e334ffebad65fdfe2790440_11267-19-1-mer-imagem-a-voz-delas-assessoria-fab2.jpg","type":"image\/jpeg"}],"author":"Thales Brand\u00e3o","twitter_card":"summary_large_image","twitter_creator":"@http:\/\/www.twitter.com\/thalesbrandao","twitter_site":"@CidadeMarketing","twitter_misc":{"Escrito por":"Thales Brand\u00e3o","Est. tempo de leitura":"1 minuto"},"schema":{"@context":"https:\/\/schema.org","@graph":[{"@type":"Article","@id":"https:\/\/www.cidademarketing.com.br\/marketing\/2022\/02\/01\/na-voz-do-cantor-daniel-mercedes-benz-homenageia-caminhoneiras\/#article","isPartOf":{"@id":"https:\/\/www.cidademarketing.com.br\/marketing\/2022\/02\/01\/na-voz-do-cantor-daniel-mercedes-benz-homenageia-caminhoneiras\/"},"author":{"name":"Thales Brand\u00e3o","@id":"https:\/\/www.cidademarketing.com.br\/marketing\/#\/schema\/person\/02daff9f18bd9378c9e01eb6b2db155f"},"headline":"Na voz do cantor Daniel, Mercedes-Benz homenageia caminhoneiras","datePublished":"2022-02-01T17:24:52+00:00","mainEntityOfPage":{"@id":"https:\/\/www.cidademarketing.com.br\/marketing\/2022\/02\/01\/na-voz-do-cantor-daniel-mercedes-benz-homenageia-caminhoneiras\/"},"wordCount":295,"commentCount":0,"publisher":{"@id":"https:\/\/www.cidademarketing.com.br\/marketing\/#organization"},"image":{"@id":"https:\/\/www.cidademarketing.com.br\/marketing\/2022\/02\/01\/na-voz-do-cantor-daniel-mercedes-benz-homenageia-caminhoneiras\/#primaryimage"},"thumbnailUrl":"https:\/\/www.cidademarketing.com.br\/marketing\/wp-content\/uploads\/2022\/02\/20220128_642157456e334ffebad65fdfe2790440_11267-19-1-mer-imagem-a-voz-delas-assessoria-fab2.jpg","keywords":["comunica\u00e7\u00e3o","divulga\u00e7\u00e3o","estrat\u00e9gia","jingle","marketing","Mercedes-Benz"],"articleSection":["Not\u00edcias"],"inLanguage":"pt-BR","potentialAction":[{"@type":"CommentAction","name":"Comment","target":["https:\/\/www.cidademarketing.com.br\/marketing\/2022\/02\/01\/na-voz-do-cantor-daniel-mercedes-benz-homenageia-caminhoneiras\/#respond"]}]},{"@type":"WebPage","@id":"https:\/\/www.cidademarketing.com.br\/marketing\/2022\/02\/01\/na-voz-do-cantor-daniel-mercedes-benz-homenageia-caminhoneiras\/","url":"https:\/\/www.cidademarketing.com.br\/marketing\/2022\/02\/01\/na-voz-do-cantor-daniel-mercedes-benz-homenageia-caminhoneiras\/","name":"Na voz do cantor Daniel, Mercedes-Benz homenageia caminhoneiras - CidadeMarketing","isPartOf":{"@id":"https:\/\/www.cidademarketing.com.br\/marketing\/#website"},"primaryImageOfPage":{"@id":"https:\/\/www.cidademarketing.com.br\/marketing\/2022\/02\/01\/na-voz-do-cantor-daniel-mercedes-benz-homenageia-caminhoneiras\/#primaryimage"},"image":{"@id":"https:\/\/www.cidademarketing.com.br\/marketing\/2022\/02\/01\/na-voz-do-cantor-daniel-mercedes-benz-homenageia-caminhoneiras\/#primaryimage"},"thumbnailUrl":"https:\/\/www.cidademarketing.com.br\/marketing\/wp-content\/uploads\/2022\/02\/20220128_642157456e334ffebad65fdfe2790440_11267-19-1-mer-imagem-a-voz-delas-assessoria-fab2.jpg","datePublished":"2022-02-01T17:24:52+00:00","breadcrumb":{"@id":"https:\/\/www.cidademarketing.com.br\/marketing\/2022\/02\/01\/na-voz-do-cantor-daniel-mercedes-benz-homenageia-caminhoneiras\/#breadcrumb"},"inLanguage":"pt-BR","potentialAction":[{"@type":"ReadAction","target":["https:\/\/www.cidademarketing.com.br\/marketing\/2022\/02\/01\/na-voz-do-cantor-daniel-mercedes-benz-homenageia-caminhoneiras\/"]}]},{"@type":"ImageObject","inLanguage":"pt-BR","@id":"https:\/\/www.cidademarketing.com.br\/marketing\/2022\/02\/01\/na-voz-do-cantor-daniel-mercedes-benz-homenageia-caminhoneiras\/#primaryimage","url":"https:\/\/www.cidademarketing.com.br\/marketing\/wp-content\/uploads\/2022\/02\/20220128_642157456e334ffebad65fdfe2790440_11267-19-1-mer-imagem-a-voz-delas-assessoria-fab2.jpg","contentUrl":"https:\/\/www.cidademarketing.com.br\/marketing\/wp-content\/uploads\/2022\/02\/20220128_642157456e334ffebad65fdfe2790440_11267-19-1-mer-imagem-a-voz-delas-assessoria-fab2.jpg","width":1080,"height":827},{"@type":"BreadcrumbList","@id":"https:\/\/www.cidademarketing.com.br\/marketing\/2022\/02\/01\/na-voz-do-cantor-daniel-mercedes-benz-homenageia-caminhoneiras\/#breadcrumb","itemListElement":[{"@type":"ListItem","position":1,"name":"In\u00edcio","item":"https:\/\/www.cidademarketing.com.br\/marketing\/"},{"@type":"ListItem","position":2,"name":"Na voz do cantor Daniel, Mercedes-Benz homenageia caminhoneiras"}]},{"@type":"WebSite","@id":"https:\/\/www.cidademarketing.com.br\/marketing\/#website","url":"https:\/\/www.cidademarketing.com.br\/marketing\/","name":"CidadeMarketing","description":"Somos um ve\u00edculo de comunica\u00e7\u00e3o de destaque no Brasil, reconhecido por conte\u00fados nos segmentos de marketing, empreendedorismo e inova\u00e7\u00e3o.","publisher":{"@id":"https:\/\/www.cidademarketing.com.br\/marketing\/#organization"},"alternateName":"CidadeMarketing","potentialAction":[{"@type":"SearchAction","target":{"@type":"EntryPoint","urlTemplate":"https:\/\/www.cidademarketing.com.br\/marketing\/?s={search_term_string}"},"query-input":{"@type":"PropertyValueSpecification","valueRequired":true,"valueName":"search_term_string"}}],"inLanguage":"pt-BR"},{"@type":"Organization","@id":"https:\/\/www.cidademarketing.com.br\/marketing\/#organization","name":"CidadeMarketing","alternateName":"CidadeMarketing","url":"https:\/\/www.cidademarketing.com.br\/marketing\/","logo":{"@type":"ImageObject","inLanguage":"pt-BR","@id":"https:\/\/www.cidademarketing.com.br\/marketing\/#\/schema\/logo\/image\/","url":"https:\/\/www.cidademarketing.com.br\/marketing\/wp-content\/uploads\/2020\/01\/cidademarketing_marca_mobile.png","contentUrl":"https:\/\/www.cidademarketing.com.br\/marketing\/wp-content\/uploads\/2020\/01\/cidademarketing_marca_mobile.png","width":230,"height":92,"caption":"CidadeMarketing"},"image":{"@id":"https:\/\/www.cidademarketing.com.br\/marketing\/#\/schema\/logo\/image\/"},"sameAs":["https:\/\/www.facebook.com\/portalcidademarketing","https:\/\/x.com\/CidadeMarketing","https:\/\/www.instagram.com\/cidademarketing\/"]},{"@type":"Person","@id":"https:\/\/www.cidademarketing.com.br\/marketing\/#\/schema\/person\/02daff9f18bd9378c9e01eb6b2db155f","name":"Thales Brand\u00e3o","image":{"@type":"ImageObject","inLanguage":"pt-BR","@id":"https:\/\/secure.gravatar.com\/avatar\/7ca3206950207cc3cb48feec56a8a7898741ab725c368d99d5d7a5a50aab80c6?s=96&d=mm&r=g","url":"https:\/\/secure.gravatar.com\/avatar\/7ca3206950207cc3cb48feec56a8a7898741ab725c368d99d5d7a5a50aab80c6?s=96&d=mm&r=g","contentUrl":"https:\/\/secure.gravatar.com\/avatar\/7ca3206950207cc3cb48feec56a8a7898741ab725c368d99d5d7a5a50aab80c6?s=96&d=mm&r=g","caption":"Thales Brand\u00e3o"},"description":"Editor Executivo do Portal CidadeMarketing.com.br &gt; Mestre em Comunica\u00e7\u00e3o e Sociedade pela Universidade Federal de Sergipe. Possui MBA Executivo em Administra\u00e7\u00e3o com \u00eanfase em Marketing pela Funda\u00e7\u00e3o Get\u00falio Vargas - Rio de Janeiro. Consultor, Palestrante e Pesquisador sobre Empreendedorismo, Marketing, Redes Sociais e Neg\u00f3cios Digitais. Professor, Palestrante TedxTalks e Campus Party. Twitter: @ThalesBrandao","sameAs":["http:\/\/www.mandacaru.com.br","https:\/\/www.facebook.com\/thalesbrandao","http:\/\/www.instagram.com.br\/thalesbrandaoferreira","https:\/\/www.linkedin.com\/in\/thales-brand\u00e3o-3948609\/","https:\/\/x.com\/http:\/\/www.twitter.com\/thalesbrandao"],"url":"https:\/\/www.cidademarketing.com.br\/marketing\/author\/thalesbrandao\/"}]}},"amp_enabled":true,"_links":{"self":[{"href":"https:\/\/www.cidademarketing.com.br\/marketing\/wp-json\/wp\/v2\/posts\/34142","targetHints":{"allow":["GET"]}}],"collection":[{"href":"https:\/\/www.cidademarketing.com.br\/marketing\/wp-json\/wp\/v2\/posts"}],"about":[{"href":"https:\/\/www.cidademarketing.com.br\/marketing\/wp-json\/wp\/v2\/types\/post"}],"author":[{"embeddable":true,"href":"https:\/\/www.cidademarketing.com.br\/marketing\/wp-json\/wp\/v2\/users\/1"}],"replies":[{"embeddable":true,"href":"https:\/\/www.cidademarketing.com.br\/marketing\/wp-json\/wp\/v2\/comments?post=34142"}],"version-history":[{"count":2,"href":"https:\/\/www.cidademarketing.com.br\/marketing\/wp-json\/wp\/v2\/posts\/34142\/revisions"}],"predecessor-version":[{"id":34148,"href":"https:\/\/www.cidademarketing.com.br\/marketing\/wp-json\/wp\/v2\/posts\/34142\/revisions\/34148"}],"wp:featuredmedia":[{"embeddable":true,"href":"https:\/\/www.cidademarketing.com.br\/marketing\/wp-json\/wp\/v2\/media\/34145"}],"wp:attachment":[{"href":"https:\/\/www.cidademarketing.com.br\/marketing\/wp-json\/wp\/v2\/media?parent=34142"}],"wp:term":[{"taxonomy":"category","embeddable":true,"href":"https:\/\/www.cidademarketing.com.br\/marketing\/wp-json\/wp\/v2\/categories?post=34142"},{"taxonomy":"post_tag","embeddable":true,"href":"https:\/\/www.cidademarketing.com.br\/marketing\/wp-json\/wp\/v2\/tags?post=34142"}],"curies":[{"name":"wp","href":"https:\/\/api.w.org\/{rel}","templated":true}]}}