{"id":34121,"date":"2022-02-01T12:50:46","date_gmt":"2022-02-01T15:50:46","guid":{"rendered":"https:\/\/www.cidademarketing.com.br\/marketing\/?p=34121"},"modified":"2022-02-01T12:50:46","modified_gmt":"2022-02-01T15:50:46","slug":"fabio-porchat-participa-do-projeto-rexona-quebrando-barreiras","status":"publish","type":"post","link":"https:\/\/www.cidademarketing.com.br\/marketing\/2022\/02\/01\/fabio-porchat-participa-do-projeto-rexona-quebrando-barreiras\/","title":{"rendered":"Fabio Porchat participa do Projeto Rexona Quebrando Barreiras"},"content":{"rendered":"<p><iframe src=\"https:\/\/open.spotify.com\/embed\/show\/4khMKzP3FgFRWVwb73xicc\" width=\"100%\" height=\"232\" frameborder=\"0\"><\/iframe><\/p>\n<p>Recentemente, o humorista Fabio Porchat desabafou nas redes sociais sobre a dificuldade de se manter motivado para a pr\u00e1tica de exerc\u00edcios f\u00edsicos, engajando muitas pessoas que compartilham do mesmo problema. Rexona, que acredita que o movimento f\u00edsico tem o poder de transformar vidas, se prontificou n\u00e3o s\u00f3 a ajud\u00e1-lo a n\u00e3o desistir, como convidou o ator para ser o embaixador do Projeto Rexona Quebrando Barreiras, que tem o objetivo de ajudar milhares de jovens a superarem os limites que os afastam de uma vida com mais movimento e qualidade &#8211; aqueles que s\u00e3o impostos por eles pr\u00f3prios ou pela sociedade.<br \/>\n\u201cEncontramos no desabafo do Porchat a oportunidade perfeita para conversar sobre as barreiras que afastam as pessoas dos benef\u00edcios de uma vida com mais movimento. Uma pesquisa que divulgamos recentemente revelou que 7 em cada 10 brasileiros dizem sentir que a sociedade s\u00f3 celebra os grandes vencedores e nem tenta fazer atividades f\u00edsicas por medo de falhar e ser julgado. Compara\u00e7\u00f5es e metas irreais criam um grande campo de inseguran\u00e7a e desmotiva\u00e7\u00e3o, como foi o caso do Fabio. Por isso, \u00e9 essencial falarmos sobre isso, principalmente com os jovens\u201d, relata Andreza Graner, gerente de marketing de Rexona.<\/p>\n<p><img fetchpriority=\"high\" decoding=\"async\" class=\"alignnone wp-image-34122 size-full\" src=\"https:\/\/www.cidademarketing.com.br\/marketing\/wp-content\/uploads\/2022\/02\/Ana-Paula-Loro.jpg\" alt=\"\" width=\"1920\" height=\"1080\" srcset=\"https:\/\/www.cidademarketing.com.br\/marketing\/wp-content\/uploads\/2022\/02\/Ana-Paula-Loro.jpg 1920w, https:\/\/www.cidademarketing.com.br\/marketing\/wp-content\/uploads\/2022\/02\/Ana-Paula-Loro-300x169.jpg 300w, https:\/\/www.cidademarketing.com.br\/marketing\/wp-content\/uploads\/2022\/02\/Ana-Paula-Loro-1024x576.jpg 1024w, https:\/\/www.cidademarketing.com.br\/marketing\/wp-content\/uploads\/2022\/02\/Ana-Paula-Loro-768x432.jpg 768w, https:\/\/www.cidademarketing.com.br\/marketing\/wp-content\/uploads\/2022\/02\/Ana-Paula-Loro-1536x864.jpg 1536w, https:\/\/www.cidademarketing.com.br\/marketing\/wp-content\/uploads\/2022\/02\/Ana-Paula-Loro-747x420.jpg 747w, https:\/\/www.cidademarketing.com.br\/marketing\/wp-content\/uploads\/2022\/02\/Ana-Paula-Loro-640x360.jpg 640w, https:\/\/www.cidademarketing.com.br\/marketing\/wp-content\/uploads\/2022\/02\/Ana-Paula-Loro-681x383.jpg 681w\" sizes=\"(max-width: 1920px) 100vw, 1920px\" \/><\/p>\n<p>Como um ex\u00edmio entrevistador, Fabio Porchat conquistou o p\u00fablico com sua habilidade \u00fanica de trazer \u00e0 tona hist\u00f3rias ic\u00f4nicas de seus convidados, por isso a marca o convidou a conhecer a trajet\u00f3ria de brasileiros que superaram diversas barreiras por meio do esporte e da dan\u00e7a e criar uma perspectiva positiva em rela\u00e7\u00e3o ao movimento. As entrevistas renderam uma s\u00e9rie in\u00e9dita com tr\u00eas epis\u00f3dios com hist\u00f3rias inspiradoras que v\u00e3o mostrar todo o poder que o movimento tem de transformar vidas.<br \/>\nA curadoria das hist\u00f3rias foi realizada junto com algumas das ONGs parceiras apoiadas pelo Projeto da marca: Lov.F\u00fatbol, Special Olympics e Projeto SEJA. Todas as personagens tiveram que quebrar diversas barreiras como preconceito, inseguran\u00e7a, falta de oportunidade e julgamento para alcan\u00e7arem o sucesso em seus desafios.<br \/>\n\u201cConvidamos o Fabio para ser embaixador do projeto, exatamente por ele falar abertamente das suas pr\u00f3prias barreiras em rela\u00e7\u00e3o a sua rotina de exerc\u00edcios. Com sua habilidade \u00fanica de contar boas hist\u00f3rias, ele nos ajudar\u00e1 a trazer com leveza uma nova perspectiva sobre a pr\u00e1tica de atividades f\u00edsicas e inspirar mais pessoas a quebrarem suas barreiras e alcan\u00e7arem uma vida melhor, com mais movimento.\u201d, complementa Andreza.<br \/>\n\u201cEstou feliz e muito orgulhoso de poder ser embaixador desse projeto, porque acredito que iniciativas assim melhoram de verdade a vida das pessoas. As hist\u00f3rias s\u00e3o muito especiais e me ajudaram a ver a atividade f\u00edsica por uma perspectiva muito mais positiva. Espero que esse projeto tamb\u00e9m impacte positivamente a vida das pessoas, incentivando que elas n\u00e3o desistam de se movimentar e seguir seus sonhos, independentemente de classe social, etnias, g\u00eanero e habilidades.\u201d, finaliza Fabio Porchat.<br \/>\nOs epis\u00f3dios ser\u00e3o divulgados semanalmente, come\u00e7ando por hoje, e ficar\u00e3o dispon\u00edveis no canal de YouTube da marca, al\u00e9m da divulga\u00e7\u00e3o nas redes sociais do Fabio Porchat. Mais informa\u00e7\u00f5es sobre o Projeto podem ser encontradas no site: <a href=\"https:\/\/www.rexona.com\/br\/projeto-quebrando-barreiras.html\" target=\"_blank\" rel=\"noopener\">https:\/\/www.rexona.com\/br\/projeto-quebrando-barreiras.html<\/a>.<br \/>\nAl\u00e9m disso, essas e outras hist\u00f3rias emocionantes poder\u00e3o ser conferidas no canal especial de Rexona Quebrando Barreiras no portal Raz\u00f5es para Acreditar: <a href=\"https:\/\/razoesparaacreditar.com\/canal\/quebrando-barreiras\/\" target=\"_blank\" rel=\"noopener\">https:\/\/razoesparaacreditar.com\/canal\/quebrando-barreiras\/<\/a><\/p>\n<div class=\"youtube-embed\" data-video_id=\"Yucnv2WQHjI\"><iframe title=\"QUEBRANDO BARREIRAS | EPIS\u00d3DIO 01 \u2013 QUEBRANDO AS BARREIRAS DA EXCLUS\u00c3O\" width=\"640\" height=\"360\" src=\"https:\/\/www.youtube.com\/embed\/Yucnv2WQHjI?feature=oembed&#038;enablejsapi=1\" frameborder=\"0\" allow=\"accelerometer; autoplay; clipboard-write; encrypted-media; gyroscope; picture-in-picture; web-share\" referrerpolicy=\"strict-origin-when-cross-origin\" allowfullscreen><\/iframe><\/div>\n<p>&nbsp;<\/p>\n<p>Sobre os epis\u00f3dios da s\u00e9rie<br \/>\nO primeiro epis\u00f3dio da s\u00e9rie, lan\u00e7ado hoje, traz a hist\u00f3ria inspiradora de Emanuelle Dutra, que encontrou no esporte a chave para desenvolver importantes habilidades socioemocionais para viver melhor com a sua defici\u00eancia intelectual. Hoje, a jovem luta pela inclus\u00e3o no esporte usando sua pr\u00f3pria voz para elevar a voz das pessoas com defici\u00eancia. No mesmo epis\u00f3dio, conhecemos a pot\u00eancia Ana Paula Loro, jovem que encontrou no esporte um caminho para ganhar autonomia e conhecer o mundo, quebrando diversas barreiras para vencer os estigmas e prejulgamento relacionado \u00e0 s\u00edndrome de Down.<br \/>\nO segundo epis\u00f3dio, que ser\u00e1 divulgado nas pr\u00f3ximas semanas, retrata a vida do dan\u00e7arino de Hip Hop, Leonardo Klone. O artista teve que quebrar diversas barreiras, incluindo o julgamento e o preconceito, para alcan\u00e7ar seus sonhos. Hoje, al\u00e9m de dan\u00e7ar profissionalmente, tamb\u00e9m atua como professor e inspira crian\u00e7as da comunidade da Rocinha no Rio de Janeiro a mudarem suas vidas atrav\u00e9s da dan\u00e7a.<br \/>\nO terceiro e \u00faltimo epis\u00f3dio vai contar a hist\u00f3ria do Daniel Souza, campe\u00e3o mundial pela Sele\u00e7\u00e3o Brasileira de Futebol de Areia, que teve o rumo de sua vida totalmente transformado gra\u00e7as \u00e0s oportunidades obtidas por meio do esporte. Mesmo ap\u00f3s uma trajet\u00f3ria de sucesso, o futebolista decidiu permanecer na sua comunidade, no morro do Cantagalo, para ajudar crian\u00e7as a trilharem seu caminho a partir do esporte.<br \/>\nSobre o Projeto Rexona Quebrando Barreiras<br \/>\nO Projeto se concentra no apoio a crian\u00e7as e adolescentes, especialmente aqueles que enfrentam as maiores barreiras para serem ativos &#8211; como jovens de periferia, e est\u00e1 dividido em dois pilares estrat\u00e9gicos de atua\u00e7\u00e3o. O primeiro \u00e9 focado em parcerias com ONGs que promovem inclus\u00e3o social atrav\u00e9s do movimento f\u00edsico, e o segundo consiste numa robusta grade de treinamentos projetados para mentores e professores, com o objetivo de proporcionar a eles as ferramentas que precisam para continuar inspirando suas comunidades. S\u00f3 no seu primeiro ano, mais de 180 mil jovens j\u00e1 foram beneficiados pelo projeto.<br \/>\nJuntando-se a nomes como Dove, Seda, e outras grandes marcas da Unilever, o programa refor\u00e7a o compromisso rec\u00e9m divulgado da categoria de Beleza e Cuidados Pessoais da Unilever em melhorar a sa\u00fade e o bem-estar e promover a equidade e a inclus\u00e3o, atingindo 1 bilh\u00e3o de pessoas por ano at\u00e9 2030. Com lan\u00e7amento inicial no Brasil, Estados Unidos e Reino Unido, a ambi\u00e7\u00e3o \u00e9 estender o programa a outros mercados em 2022. Saiba mais sobre o Projeto Quebrando Barreiras em https:\/\/www.rexona.com\/br\/projeto-quebrando-barreiras.html.<\/p>\n<p><iframe style=\"width: 100%; max-width: 660px; overflow: hidden; background: transparent;\" src=\"https:\/\/embed.podcasts.apple.com\/br\/podcast\/podcast-cidademarketing\/id1371923283\" height=\"450\" frameborder=\"0\" sandbox=\"allow-forms allow-popups allow-same-origin allow-scripts allow-storage-access-by-user-activation allow-top-navigation-by-user-activation\"><\/iframe><\/p>\n","protected":false},"excerpt":{"rendered":"<p>Recentemente, o humorista Fabio Porchat desabafou nas redes sociais sobre a dificuldade de se manter motivado para a pr\u00e1tica de exerc\u00edcios f\u00edsicos, engajando muitas pessoas que compartilham do mesmo problema. Rexona, que acredita que o movimento f\u00edsico tem o poder de transformar vidas, se prontificou n\u00e3o s\u00f3 a ajud\u00e1-lo a n\u00e3o desistir, como convidou o [&hellip;]<\/p>\n","protected":false},"author":1,"featured_media":34123,"comment_status":"open","ping_status":"open","sticky":false,"template":"","format":"standard","meta":{"tdm_status":"","tdm_grid_status":"","footnotes":""},"categories":[6],"tags":[33,4561,28,26,540],"class_list":["post-34121","post","type-post","status-publish","format-standard","has-post-thumbnail","hentry","category-noticias","tag-estrategia","tag-fabio-porchat","tag-marketing","tag-marketing-digital","tag-webserie"],"yoast_head":"<!-- This site is optimized with the Yoast SEO plugin v27.5 - https:\/\/yoast.com\/product\/yoast-seo-wordpress\/ -->\n<title>Fabio Porchat participa do Projeto Rexona Quebrando Barreiras - CidadeMarketing<\/title>\n<meta name=\"robots\" content=\"index, follow, max-snippet:-1, max-image-preview:large, max-video-preview:-1\" \/>\n<link rel=\"canonical\" href=\"https:\/\/www.cidademarketing.com.br\/marketing\/2022\/02\/01\/fabio-porchat-participa-do-projeto-rexona-quebrando-barreiras\/\" \/>\n<meta property=\"og:locale\" content=\"pt_BR\" \/>\n<meta property=\"og:type\" content=\"article\" \/>\n<meta property=\"og:title\" content=\"Fabio Porchat participa do Projeto Rexona Quebrando Barreiras - CidadeMarketing\" \/>\n<meta property=\"og:description\" content=\"Recentemente, o humorista Fabio Porchat desabafou nas redes sociais sobre a dificuldade de se manter motivado para a pr\u00e1tica de exerc\u00edcios f\u00edsicos, engajando muitas pessoas que compartilham do mesmo problema. Rexona, que acredita que o movimento f\u00edsico tem o poder de transformar vidas, se prontificou n\u00e3o s\u00f3 a ajud\u00e1-lo a n\u00e3o desistir, como convidou o [&hellip;]\" \/>\n<meta property=\"og:url\" content=\"https:\/\/www.cidademarketing.com.br\/marketing\/2022\/02\/01\/fabio-porchat-participa-do-projeto-rexona-quebrando-barreiras\/\" \/>\n<meta property=\"og:site_name\" content=\"CidadeMarketing\" \/>\n<meta property=\"article:publisher\" content=\"https:\/\/www.facebook.com\/portalcidademarketing\" \/>\n<meta property=\"article:author\" content=\"https:\/\/www.facebook.com\/thalesbrandao\" \/>\n<meta property=\"article:published_time\" content=\"2022-02-01T15:50:46+00:00\" \/>\n<meta property=\"og:image\" content=\"https:\/\/www.cidademarketing.com.br\/marketing\/wp-content\/uploads\/2022\/02\/Fabio-Porchat_Quebrando-Barreiras.jpg\" \/>\n\t<meta property=\"og:image:width\" content=\"1920\" \/>\n\t<meta property=\"og:image:height\" content=\"1080\" \/>\n\t<meta property=\"og:image:type\" content=\"image\/jpeg\" \/>\n<meta name=\"author\" content=\"Thales Brand\u00e3o\" \/>\n<meta name=\"twitter:card\" content=\"summary_large_image\" \/>\n<meta name=\"twitter:creator\" content=\"@http:\/\/www.twitter.com\/thalesbrandao\" \/>\n<meta name=\"twitter:site\" content=\"@CidadeMarketing\" \/>\n<meta name=\"twitter:label1\" content=\"Escrito por\" \/>\n\t<meta name=\"twitter:data1\" content=\"Thales Brand\u00e3o\" \/>\n\t<meta name=\"twitter:label2\" content=\"Est. tempo de leitura\" \/>\n\t<meta name=\"twitter:data2\" content=\"5 minutos\" \/>\n<script type=\"application\/ld+json\" class=\"yoast-schema-graph\">{\"@context\":\"https:\\\/\\\/schema.org\",\"@graph\":[{\"@type\":\"Article\",\"@id\":\"https:\\\/\\\/www.cidademarketing.com.br\\\/marketing\\\/2022\\\/02\\\/01\\\/fabio-porchat-participa-do-projeto-rexona-quebrando-barreiras\\\/#article\",\"isPartOf\":{\"@id\":\"https:\\\/\\\/www.cidademarketing.com.br\\\/marketing\\\/2022\\\/02\\\/01\\\/fabio-porchat-participa-do-projeto-rexona-quebrando-barreiras\\\/\"},\"author\":{\"name\":\"Thales Brand\u00e3o\",\"@id\":\"https:\\\/\\\/www.cidademarketing.com.br\\\/marketing\\\/#\\\/schema\\\/person\\\/02daff9f18bd9378c9e01eb6b2db155f\"},\"headline\":\"Fabio Porchat participa do Projeto Rexona Quebrando Barreiras\",\"datePublished\":\"2022-02-01T15:50:46+00:00\",\"mainEntityOfPage\":{\"@id\":\"https:\\\/\\\/www.cidademarketing.com.br\\\/marketing\\\/2022\\\/02\\\/01\\\/fabio-porchat-participa-do-projeto-rexona-quebrando-barreiras\\\/\"},\"wordCount\":1055,\"commentCount\":0,\"publisher\":{\"@id\":\"https:\\\/\\\/www.cidademarketing.com.br\\\/marketing\\\/#organization\"},\"image\":{\"@id\":\"https:\\\/\\\/www.cidademarketing.com.br\\\/marketing\\\/2022\\\/02\\\/01\\\/fabio-porchat-participa-do-projeto-rexona-quebrando-barreiras\\\/#primaryimage\"},\"thumbnailUrl\":\"https:\\\/\\\/www.cidademarketing.com.br\\\/marketing\\\/wp-content\\\/uploads\\\/2022\\\/02\\\/Fabio-Porchat_Quebrando-Barreiras.jpg\",\"keywords\":[\"estrat\u00e9gia\",\"F\u00e1bio Porchat\",\"marketing\",\"marketing digital\",\"webs\u00e9rie\"],\"articleSection\":[\"Not\u00edcias\"],\"inLanguage\":\"pt-BR\",\"potentialAction\":[{\"@type\":\"CommentAction\",\"name\":\"Comment\",\"target\":[\"https:\\\/\\\/www.cidademarketing.com.br\\\/marketing\\\/2022\\\/02\\\/01\\\/fabio-porchat-participa-do-projeto-rexona-quebrando-barreiras\\\/#respond\"]}]},{\"@type\":\"WebPage\",\"@id\":\"https:\\\/\\\/www.cidademarketing.com.br\\\/marketing\\\/2022\\\/02\\\/01\\\/fabio-porchat-participa-do-projeto-rexona-quebrando-barreiras\\\/\",\"url\":\"https:\\\/\\\/www.cidademarketing.com.br\\\/marketing\\\/2022\\\/02\\\/01\\\/fabio-porchat-participa-do-projeto-rexona-quebrando-barreiras\\\/\",\"name\":\"Fabio Porchat participa do Projeto Rexona Quebrando Barreiras - CidadeMarketing\",\"isPartOf\":{\"@id\":\"https:\\\/\\\/www.cidademarketing.com.br\\\/marketing\\\/#website\"},\"primaryImageOfPage\":{\"@id\":\"https:\\\/\\\/www.cidademarketing.com.br\\\/marketing\\\/2022\\\/02\\\/01\\\/fabio-porchat-participa-do-projeto-rexona-quebrando-barreiras\\\/#primaryimage\"},\"image\":{\"@id\":\"https:\\\/\\\/www.cidademarketing.com.br\\\/marketing\\\/2022\\\/02\\\/01\\\/fabio-porchat-participa-do-projeto-rexona-quebrando-barreiras\\\/#primaryimage\"},\"thumbnailUrl\":\"https:\\\/\\\/www.cidademarketing.com.br\\\/marketing\\\/wp-content\\\/uploads\\\/2022\\\/02\\\/Fabio-Porchat_Quebrando-Barreiras.jpg\",\"datePublished\":\"2022-02-01T15:50:46+00:00\",\"breadcrumb\":{\"@id\":\"https:\\\/\\\/www.cidademarketing.com.br\\\/marketing\\\/2022\\\/02\\\/01\\\/fabio-porchat-participa-do-projeto-rexona-quebrando-barreiras\\\/#breadcrumb\"},\"inLanguage\":\"pt-BR\",\"potentialAction\":[{\"@type\":\"ReadAction\",\"target\":[\"https:\\\/\\\/www.cidademarketing.com.br\\\/marketing\\\/2022\\\/02\\\/01\\\/fabio-porchat-participa-do-projeto-rexona-quebrando-barreiras\\\/\"]}]},{\"@type\":\"ImageObject\",\"inLanguage\":\"pt-BR\",\"@id\":\"https:\\\/\\\/www.cidademarketing.com.br\\\/marketing\\\/2022\\\/02\\\/01\\\/fabio-porchat-participa-do-projeto-rexona-quebrando-barreiras\\\/#primaryimage\",\"url\":\"https:\\\/\\\/www.cidademarketing.com.br\\\/marketing\\\/wp-content\\\/uploads\\\/2022\\\/02\\\/Fabio-Porchat_Quebrando-Barreiras.jpg\",\"contentUrl\":\"https:\\\/\\\/www.cidademarketing.com.br\\\/marketing\\\/wp-content\\\/uploads\\\/2022\\\/02\\\/Fabio-Porchat_Quebrando-Barreiras.jpg\",\"width\":1920,\"height\":1080,\"caption\":\"Divulga\u00e7\u00e3o\"},{\"@type\":\"BreadcrumbList\",\"@id\":\"https:\\\/\\\/www.cidademarketing.com.br\\\/marketing\\\/2022\\\/02\\\/01\\\/fabio-porchat-participa-do-projeto-rexona-quebrando-barreiras\\\/#breadcrumb\",\"itemListElement\":[{\"@type\":\"ListItem\",\"position\":1,\"name\":\"In\u00edcio\",\"item\":\"https:\\\/\\\/www.cidademarketing.com.br\\\/marketing\\\/\"},{\"@type\":\"ListItem\",\"position\":2,\"name\":\"Fabio Porchat participa do Projeto Rexona Quebrando Barreiras\"}]},{\"@type\":\"WebSite\",\"@id\":\"https:\\\/\\\/www.cidademarketing.com.br\\\/marketing\\\/#website\",\"url\":\"https:\\\/\\\/www.cidademarketing.com.br\\\/marketing\\\/\",\"name\":\"CidadeMarketing\",\"description\":\"Somos um ve\u00edculo de comunica\u00e7\u00e3o de destaque no Brasil, reconhecido por conte\u00fados nos segmentos de marketing, empreendedorismo e inova\u00e7\u00e3o.\",\"publisher\":{\"@id\":\"https:\\\/\\\/www.cidademarketing.com.br\\\/marketing\\\/#organization\"},\"alternateName\":\"CidadeMarketing\",\"potentialAction\":[{\"@type\":\"SearchAction\",\"target\":{\"@type\":\"EntryPoint\",\"urlTemplate\":\"https:\\\/\\\/www.cidademarketing.com.br\\\/marketing\\\/?s={search_term_string}\"},\"query-input\":{\"@type\":\"PropertyValueSpecification\",\"valueRequired\":true,\"valueName\":\"search_term_string\"}}],\"inLanguage\":\"pt-BR\"},{\"@type\":\"Organization\",\"@id\":\"https:\\\/\\\/www.cidademarketing.com.br\\\/marketing\\\/#organization\",\"name\":\"CidadeMarketing\",\"alternateName\":\"CidadeMarketing\",\"url\":\"https:\\\/\\\/www.cidademarketing.com.br\\\/marketing\\\/\",\"logo\":{\"@type\":\"ImageObject\",\"inLanguage\":\"pt-BR\",\"@id\":\"https:\\\/\\\/www.cidademarketing.com.br\\\/marketing\\\/#\\\/schema\\\/logo\\\/image\\\/\",\"url\":\"https:\\\/\\\/www.cidademarketing.com.br\\\/marketing\\\/wp-content\\\/uploads\\\/2020\\\/01\\\/cidademarketing_marca_mobile.png\",\"contentUrl\":\"https:\\\/\\\/www.cidademarketing.com.br\\\/marketing\\\/wp-content\\\/uploads\\\/2020\\\/01\\\/cidademarketing_marca_mobile.png\",\"width\":230,\"height\":92,\"caption\":\"CidadeMarketing\"},\"image\":{\"@id\":\"https:\\\/\\\/www.cidademarketing.com.br\\\/marketing\\\/#\\\/schema\\\/logo\\\/image\\\/\"},\"sameAs\":[\"https:\\\/\\\/www.facebook.com\\\/portalcidademarketing\",\"https:\\\/\\\/x.com\\\/CidadeMarketing\",\"https:\\\/\\\/www.instagram.com\\\/cidademarketing\\\/\"]},{\"@type\":\"Person\",\"@id\":\"https:\\\/\\\/www.cidademarketing.com.br\\\/marketing\\\/#\\\/schema\\\/person\\\/02daff9f18bd9378c9e01eb6b2db155f\",\"name\":\"Thales Brand\u00e3o\",\"image\":{\"@type\":\"ImageObject\",\"inLanguage\":\"pt-BR\",\"@id\":\"https:\\\/\\\/secure.gravatar.com\\\/avatar\\\/7ca3206950207cc3cb48feec56a8a7898741ab725c368d99d5d7a5a50aab80c6?s=96&d=mm&r=g\",\"url\":\"https:\\\/\\\/secure.gravatar.com\\\/avatar\\\/7ca3206950207cc3cb48feec56a8a7898741ab725c368d99d5d7a5a50aab80c6?s=96&d=mm&r=g\",\"contentUrl\":\"https:\\\/\\\/secure.gravatar.com\\\/avatar\\\/7ca3206950207cc3cb48feec56a8a7898741ab725c368d99d5d7a5a50aab80c6?s=96&d=mm&r=g\",\"caption\":\"Thales Brand\u00e3o\"},\"description\":\"Editor Executivo do Portal CidadeMarketing.com.br &gt; Mestre em Comunica\u00e7\u00e3o e Sociedade pela Universidade Federal de Sergipe. Possui MBA Executivo em Administra\u00e7\u00e3o com \u00eanfase em Marketing pela Funda\u00e7\u00e3o Get\u00falio Vargas - Rio de Janeiro. Consultor, Palestrante e Pesquisador sobre Empreendedorismo, Marketing, Redes Sociais e Neg\u00f3cios Digitais. Professor, Palestrante TedxTalks e Campus Party. Twitter: @ThalesBrandao\",\"sameAs\":[\"http:\\\/\\\/www.mandacaru.com.br\",\"https:\\\/\\\/www.facebook.com\\\/thalesbrandao\",\"http:\\\/\\\/www.instagram.com.br\\\/thalesbrandaoferreira\",\"https:\\\/\\\/www.linkedin.com\\\/in\\\/thales-brand\u00e3o-3948609\\\/\",\"https:\\\/\\\/x.com\\\/http:\\\/\\\/www.twitter.com\\\/thalesbrandao\"],\"url\":\"https:\\\/\\\/www.cidademarketing.com.br\\\/marketing\\\/author\\\/thalesbrandao\\\/\"}]}<\/script>\n<!-- \/ Yoast SEO plugin. -->","yoast_head_json":{"title":"Fabio Porchat participa do Projeto Rexona Quebrando Barreiras - CidadeMarketing","robots":{"index":"index","follow":"follow","max-snippet":"max-snippet:-1","max-image-preview":"max-image-preview:large","max-video-preview":"max-video-preview:-1"},"canonical":"https:\/\/www.cidademarketing.com.br\/marketing\/2022\/02\/01\/fabio-porchat-participa-do-projeto-rexona-quebrando-barreiras\/","og_locale":"pt_BR","og_type":"article","og_title":"Fabio Porchat participa do Projeto Rexona Quebrando Barreiras - CidadeMarketing","og_description":"Recentemente, o humorista Fabio Porchat desabafou nas redes sociais sobre a dificuldade de se manter motivado para a pr\u00e1tica de exerc\u00edcios f\u00edsicos, engajando muitas pessoas que compartilham do mesmo problema. Rexona, que acredita que o movimento f\u00edsico tem o poder de transformar vidas, se prontificou n\u00e3o s\u00f3 a ajud\u00e1-lo a n\u00e3o desistir, como convidou o [&hellip;]","og_url":"https:\/\/www.cidademarketing.com.br\/marketing\/2022\/02\/01\/fabio-porchat-participa-do-projeto-rexona-quebrando-barreiras\/","og_site_name":"CidadeMarketing","article_publisher":"https:\/\/www.facebook.com\/portalcidademarketing","article_author":"https:\/\/www.facebook.com\/thalesbrandao","article_published_time":"2022-02-01T15:50:46+00:00","og_image":[{"width":1920,"height":1080,"url":"https:\/\/www.cidademarketing.com.br\/marketing\/wp-content\/uploads\/2022\/02\/Fabio-Porchat_Quebrando-Barreiras.jpg","type":"image\/jpeg"}],"author":"Thales Brand\u00e3o","twitter_card":"summary_large_image","twitter_creator":"@http:\/\/www.twitter.com\/thalesbrandao","twitter_site":"@CidadeMarketing","twitter_misc":{"Escrito por":"Thales Brand\u00e3o","Est. tempo de leitura":"5 minutos"},"schema":{"@context":"https:\/\/schema.org","@graph":[{"@type":"Article","@id":"https:\/\/www.cidademarketing.com.br\/marketing\/2022\/02\/01\/fabio-porchat-participa-do-projeto-rexona-quebrando-barreiras\/#article","isPartOf":{"@id":"https:\/\/www.cidademarketing.com.br\/marketing\/2022\/02\/01\/fabio-porchat-participa-do-projeto-rexona-quebrando-barreiras\/"},"author":{"name":"Thales Brand\u00e3o","@id":"https:\/\/www.cidademarketing.com.br\/marketing\/#\/schema\/person\/02daff9f18bd9378c9e01eb6b2db155f"},"headline":"Fabio Porchat participa do Projeto Rexona Quebrando Barreiras","datePublished":"2022-02-01T15:50:46+00:00","mainEntityOfPage":{"@id":"https:\/\/www.cidademarketing.com.br\/marketing\/2022\/02\/01\/fabio-porchat-participa-do-projeto-rexona-quebrando-barreiras\/"},"wordCount":1055,"commentCount":0,"publisher":{"@id":"https:\/\/www.cidademarketing.com.br\/marketing\/#organization"},"image":{"@id":"https:\/\/www.cidademarketing.com.br\/marketing\/2022\/02\/01\/fabio-porchat-participa-do-projeto-rexona-quebrando-barreiras\/#primaryimage"},"thumbnailUrl":"https:\/\/www.cidademarketing.com.br\/marketing\/wp-content\/uploads\/2022\/02\/Fabio-Porchat_Quebrando-Barreiras.jpg","keywords":["estrat\u00e9gia","F\u00e1bio Porchat","marketing","marketing digital","webs\u00e9rie"],"articleSection":["Not\u00edcias"],"inLanguage":"pt-BR","potentialAction":[{"@type":"CommentAction","name":"Comment","target":["https:\/\/www.cidademarketing.com.br\/marketing\/2022\/02\/01\/fabio-porchat-participa-do-projeto-rexona-quebrando-barreiras\/#respond"]}]},{"@type":"WebPage","@id":"https:\/\/www.cidademarketing.com.br\/marketing\/2022\/02\/01\/fabio-porchat-participa-do-projeto-rexona-quebrando-barreiras\/","url":"https:\/\/www.cidademarketing.com.br\/marketing\/2022\/02\/01\/fabio-porchat-participa-do-projeto-rexona-quebrando-barreiras\/","name":"Fabio Porchat participa do Projeto Rexona Quebrando Barreiras - CidadeMarketing","isPartOf":{"@id":"https:\/\/www.cidademarketing.com.br\/marketing\/#website"},"primaryImageOfPage":{"@id":"https:\/\/www.cidademarketing.com.br\/marketing\/2022\/02\/01\/fabio-porchat-participa-do-projeto-rexona-quebrando-barreiras\/#primaryimage"},"image":{"@id":"https:\/\/www.cidademarketing.com.br\/marketing\/2022\/02\/01\/fabio-porchat-participa-do-projeto-rexona-quebrando-barreiras\/#primaryimage"},"thumbnailUrl":"https:\/\/www.cidademarketing.com.br\/marketing\/wp-content\/uploads\/2022\/02\/Fabio-Porchat_Quebrando-Barreiras.jpg","datePublished":"2022-02-01T15:50:46+00:00","breadcrumb":{"@id":"https:\/\/www.cidademarketing.com.br\/marketing\/2022\/02\/01\/fabio-porchat-participa-do-projeto-rexona-quebrando-barreiras\/#breadcrumb"},"inLanguage":"pt-BR","potentialAction":[{"@type":"ReadAction","target":["https:\/\/www.cidademarketing.com.br\/marketing\/2022\/02\/01\/fabio-porchat-participa-do-projeto-rexona-quebrando-barreiras\/"]}]},{"@type":"ImageObject","inLanguage":"pt-BR","@id":"https:\/\/www.cidademarketing.com.br\/marketing\/2022\/02\/01\/fabio-porchat-participa-do-projeto-rexona-quebrando-barreiras\/#primaryimage","url":"https:\/\/www.cidademarketing.com.br\/marketing\/wp-content\/uploads\/2022\/02\/Fabio-Porchat_Quebrando-Barreiras.jpg","contentUrl":"https:\/\/www.cidademarketing.com.br\/marketing\/wp-content\/uploads\/2022\/02\/Fabio-Porchat_Quebrando-Barreiras.jpg","width":1920,"height":1080,"caption":"Divulga\u00e7\u00e3o"},{"@type":"BreadcrumbList","@id":"https:\/\/www.cidademarketing.com.br\/marketing\/2022\/02\/01\/fabio-porchat-participa-do-projeto-rexona-quebrando-barreiras\/#breadcrumb","itemListElement":[{"@type":"ListItem","position":1,"name":"In\u00edcio","item":"https:\/\/www.cidademarketing.com.br\/marketing\/"},{"@type":"ListItem","position":2,"name":"Fabio Porchat participa do Projeto Rexona Quebrando Barreiras"}]},{"@type":"WebSite","@id":"https:\/\/www.cidademarketing.com.br\/marketing\/#website","url":"https:\/\/www.cidademarketing.com.br\/marketing\/","name":"CidadeMarketing","description":"Somos um ve\u00edculo de comunica\u00e7\u00e3o de destaque no Brasil, reconhecido por conte\u00fados nos segmentos de marketing, empreendedorismo e inova\u00e7\u00e3o.","publisher":{"@id":"https:\/\/www.cidademarketing.com.br\/marketing\/#organization"},"alternateName":"CidadeMarketing","potentialAction":[{"@type":"SearchAction","target":{"@type":"EntryPoint","urlTemplate":"https:\/\/www.cidademarketing.com.br\/marketing\/?s={search_term_string}"},"query-input":{"@type":"PropertyValueSpecification","valueRequired":true,"valueName":"search_term_string"}}],"inLanguage":"pt-BR"},{"@type":"Organization","@id":"https:\/\/www.cidademarketing.com.br\/marketing\/#organization","name":"CidadeMarketing","alternateName":"CidadeMarketing","url":"https:\/\/www.cidademarketing.com.br\/marketing\/","logo":{"@type":"ImageObject","inLanguage":"pt-BR","@id":"https:\/\/www.cidademarketing.com.br\/marketing\/#\/schema\/logo\/image\/","url":"https:\/\/www.cidademarketing.com.br\/marketing\/wp-content\/uploads\/2020\/01\/cidademarketing_marca_mobile.png","contentUrl":"https:\/\/www.cidademarketing.com.br\/marketing\/wp-content\/uploads\/2020\/01\/cidademarketing_marca_mobile.png","width":230,"height":92,"caption":"CidadeMarketing"},"image":{"@id":"https:\/\/www.cidademarketing.com.br\/marketing\/#\/schema\/logo\/image\/"},"sameAs":["https:\/\/www.facebook.com\/portalcidademarketing","https:\/\/x.com\/CidadeMarketing","https:\/\/www.instagram.com\/cidademarketing\/"]},{"@type":"Person","@id":"https:\/\/www.cidademarketing.com.br\/marketing\/#\/schema\/person\/02daff9f18bd9378c9e01eb6b2db155f","name":"Thales Brand\u00e3o","image":{"@type":"ImageObject","inLanguage":"pt-BR","@id":"https:\/\/secure.gravatar.com\/avatar\/7ca3206950207cc3cb48feec56a8a7898741ab725c368d99d5d7a5a50aab80c6?s=96&d=mm&r=g","url":"https:\/\/secure.gravatar.com\/avatar\/7ca3206950207cc3cb48feec56a8a7898741ab725c368d99d5d7a5a50aab80c6?s=96&d=mm&r=g","contentUrl":"https:\/\/secure.gravatar.com\/avatar\/7ca3206950207cc3cb48feec56a8a7898741ab725c368d99d5d7a5a50aab80c6?s=96&d=mm&r=g","caption":"Thales Brand\u00e3o"},"description":"Editor Executivo do Portal CidadeMarketing.com.br &gt; Mestre em Comunica\u00e7\u00e3o e Sociedade pela Universidade Federal de Sergipe. Possui MBA Executivo em Administra\u00e7\u00e3o com \u00eanfase em Marketing pela Funda\u00e7\u00e3o Get\u00falio Vargas - Rio de Janeiro. Consultor, Palestrante e Pesquisador sobre Empreendedorismo, Marketing, Redes Sociais e Neg\u00f3cios Digitais. Professor, Palestrante TedxTalks e Campus Party. Twitter: @ThalesBrandao","sameAs":["http:\/\/www.mandacaru.com.br","https:\/\/www.facebook.com\/thalesbrandao","http:\/\/www.instagram.com.br\/thalesbrandaoferreira","https:\/\/www.linkedin.com\/in\/thales-brand\u00e3o-3948609\/","https:\/\/x.com\/http:\/\/www.twitter.com\/thalesbrandao"],"url":"https:\/\/www.cidademarketing.com.br\/marketing\/author\/thalesbrandao\/"}]}},"amp_enabled":true,"_links":{"self":[{"href":"https:\/\/www.cidademarketing.com.br\/marketing\/wp-json\/wp\/v2\/posts\/34121","targetHints":{"allow":["GET"]}}],"collection":[{"href":"https:\/\/www.cidademarketing.com.br\/marketing\/wp-json\/wp\/v2\/posts"}],"about":[{"href":"https:\/\/www.cidademarketing.com.br\/marketing\/wp-json\/wp\/v2\/types\/post"}],"author":[{"embeddable":true,"href":"https:\/\/www.cidademarketing.com.br\/marketing\/wp-json\/wp\/v2\/users\/1"}],"replies":[{"embeddable":true,"href":"https:\/\/www.cidademarketing.com.br\/marketing\/wp-json\/wp\/v2\/comments?post=34121"}],"version-history":[{"count":1,"href":"https:\/\/www.cidademarketing.com.br\/marketing\/wp-json\/wp\/v2\/posts\/34121\/revisions"}],"predecessor-version":[{"id":34124,"href":"https:\/\/www.cidademarketing.com.br\/marketing\/wp-json\/wp\/v2\/posts\/34121\/revisions\/34124"}],"wp:featuredmedia":[{"embeddable":true,"href":"https:\/\/www.cidademarketing.com.br\/marketing\/wp-json\/wp\/v2\/media\/34123"}],"wp:attachment":[{"href":"https:\/\/www.cidademarketing.com.br\/marketing\/wp-json\/wp\/v2\/media?parent=34121"}],"wp:term":[{"taxonomy":"category","embeddable":true,"href":"https:\/\/www.cidademarketing.com.br\/marketing\/wp-json\/wp\/v2\/categories?post=34121"},{"taxonomy":"post_tag","embeddable":true,"href":"https:\/\/www.cidademarketing.com.br\/marketing\/wp-json\/wp\/v2\/tags?post=34121"}],"curies":[{"name":"wp","href":"https:\/\/api.w.org\/{rel}","templated":true}]}}