{"id":3391,"date":"2018-12-01T10:39:42","date_gmt":"2018-12-01T12:39:42","guid":{"rendered":"http:\/\/www.cidademarketing.com.br\/marketing\/?p=3391"},"modified":"2018-12-01T10:39:42","modified_gmt":"2018-12-01T12:39:42","slug":"pao-de-acucar-inaugura-novo-modelo-de-loja-no-rio-de-janeiro","status":"publish","type":"post","link":"https:\/\/www.cidademarketing.com.br\/marketing\/2018\/12\/01\/pao-de-acucar-inaugura-novo-modelo-de-loja-no-rio-de-janeiro\/","title":{"rendered":"P\u00e3o de A\u00e7\u00facar inaugura novo modelo de loja no Rio de Janeiro"},"content":{"rendered":"<p>Um novo conceito de lojas do P\u00e3o de A\u00e7\u00facar chega nesta sexta-feira (30) pela primeira vez na cidade do Rio de Janeiro, na Barra da Tijuca, no Freeway Center. Aplicado inicialmente em lojas em S\u00e3o Paulo, a marca exporta o modelo e traz este novo conceito para a capital carioca. Ap\u00f3s um per\u00edodo de reformas de adequa\u00e7\u00e3o, revis\u00e3o de layout e mix de produtos, o novo modelo est\u00e1 totalmente voltado \u00e0 experi\u00eancia e reflete uma maior aposta no fortalecimento do v\u00ednculo emocional com seus clientes.<\/p>\n<p>Desde o ano passado, o P\u00e3o de A\u00e7\u00facar vem aderindo a uma s\u00e9rie de iniciativas de interatividade por meio de iniciativas digitais, como o programa Meu Desconto (que oferece descontos personalizados) e o Caixa Express (que permite agendar o hor\u00e1rio de atendimento no caixa do supermercado). Complementando essas a\u00e7\u00f5es de conectividade com o cliente, a rede aposta\u00a0em um formato de loja mais moderno, com <em>layout\u00a0<\/em>completamente revitalizado, alinhada a algumas das principais tend\u00eancias internacionais do varejo alimentar.<\/p>\n<p>A primeira loja com esse conceito foi inaugurada na rua Oscar Freire, em S\u00e3o Paulo\/SP, em dezembro do ano passado. Acompanhando o modelo de sucesso da unidade paulista, a loja localizada na <strong>Avenida das Am\u00e9ricas, 2000, no FreeWay Center,<\/strong> apresenta grandes mudan\u00e7as, que podem ser observadas logo na entrada, onde est\u00e3o reunidos todos os alimentos\u00a0<em>fresh<\/em>,\u00a0como perec\u00edveis, frutas, verduras e legumes. Com a nova unidade, a rede soma 20 lojas em novo modelo, espalhadas pelo estado de S\u00e3o Paulo, Fortaleza e, agora, Rio de Janeiro.<\/p>\n<p>H\u00e1, ainda, uma \u00e1rea exclusiva com todo o portf\u00f3lio de saud\u00e1veis, valorizando a experi\u00eancia do consumidor que j\u00e1 busca esses itens no mesmo local. \u201cA escolha do mobili\u00e1rio e a exposi\u00e7\u00e3o dos produtos foram repensados para valorizar o frescor, a qualidade da sele\u00e7\u00e3o e a variedade \u00fanica do P\u00e3o de A\u00e7\u00facar. A partir desta se\u00e7\u00e3o, \u00e9 poss\u00edvel ter uma vis\u00e3o geral da loja, facilitando a busca pelos produtos em benef\u00edcio do cliente\u201d, explica Marcelo Bazzali, Diretor Executivo do P\u00e3o de A\u00e7\u00facar. Comp\u00f5em ainda a se\u00e7\u00e3o de produtos frescos, diversos itens de mercearia que trazem diferencia\u00e7\u00e3o ao sortimento do P\u00e3o de A\u00e7\u00facar e s\u00e3o valorizados pelos clientes, como azeites importados, compotas e geleias.<\/p>\n<p>Amparado pelo seu hist\u00f3rico em a\u00e7\u00f5es de bem-estar e sustentabilidade, a se\u00e7\u00e3o\u00a0<em>fresh\u00a0<\/em>re\u00fane os m\u00f3dulos de produtos saud\u00e1veis (como sem gl\u00faten, sem lactose e org\u00e2nicos), al\u00e9m da venda \u00e0 granel (que inclui, al\u00e9m de sementes, frutas secas e cereais, a venda de \u00e1gua de coco fresca e suco de laranja natural), que gera menos desperd\u00edcio de embalagens. Para facilitar o percurso de compras e consequentemente a experi\u00eancia de compras, as g\u00f4ndolas apontam para a se\u00e7\u00e3o de frescos, permitindo uma visualiza\u00e7\u00e3o completa das categorias de mercearia. Na ponta de cada uma delas, encontra-se uma sele\u00e7\u00e3o das ofertas imperd\u00edveis de cada se\u00e7\u00e3o.<\/p>\n<p>A partir da entrada da loja, ainda, o cliente tem a\u00a0vis\u00e3o de toda a \u00e1rea de servi\u00e7os, que come\u00e7a pelo Espa\u00e7o Caf\u00e9, que oferece op\u00e7\u00f5es de refei\u00e7\u00f5es r\u00e1pidas e saud\u00e1veis, seguido por Padaria, Frios, Confeitaria Gelada, Carnes e Peixaria. Em cada uma delas, uma equipe de atendentes treinados se dedica a auxiliar os clientes em suas escolhas e na produ\u00e7\u00e3o dos produtos comercializados. A Padaria, por exemplo, passou por uma revis\u00e3o de produtos, valorizando muito mais a exposi\u00e7\u00e3o dos itens &#8211; que s\u00e3o fresquinhos e contam com fornadas di\u00e1rias \u2013 e a variedade de linha artesanal, cujo sortimento foi desenvolvido por Pascal Menard, padeiro especialista franc\u00eas.<\/p>\n<p>Outra novidade, atendendo aos pedidos dos clientes, \u00e9 a cria\u00e7\u00e3o do espa\u00e7o\u00a0<em>Pet Parking<\/em>, desenhado para garantir a seguran\u00e7a dos\u00a0<em>pets\u00a0<\/em>durante o momento de compra. Com um sistema eletr\u00f4nico de travamento, o usu\u00e1rio insere uma senha pessoal, trazendo tranquilidade e confian\u00e7a.<\/p>\n<p>Atento a uma tend\u00eancia mundial de alimenta\u00e7\u00e3o fora de casa &#8211; segundo dados do IBGE, o brasileiro gasta cerca de 25% de sua renda com alimenta\u00e7\u00e3o fora do lar -, o P\u00e3o de A\u00e7\u00facar traz diversos servi\u00e7os para atender ao p\u00fablico que busca uma refei\u00e7\u00e3o r\u00e1pida e saud\u00e1vel, incluindo o\u00a0<em>Salad Bar<\/em>\u00a0(que permite ao cliente criar a sua pr\u00f3pria salada), a\u00a0<em>Rotisserie\u00a0<\/em>e o Espa\u00e7o\u00a0<em>Sushi<\/em>.\u00a0Os pratos podem ser consumidos nas pr\u00f3prias lojas ou levados para casa.<\/p>\n<p>\u201cA defini\u00e7\u00e3o do novo conceito de lojas P\u00e3o de A\u00e7\u00facar envolveu um grupo multidisciplinar, representado por diversas \u00e1reas, modernizando n\u00e3o apenas a estrutura f\u00edsica, mas toda a forma de operar e atender, incluindo ainda adequa\u00e7\u00e3o de servi\u00e7os, variedade de\u00a0produtos, distribui\u00e7\u00e3o das categorias e at\u00e9 o caminho que o cliente percorre nas lojas, simplificando e tornando mais prazerosa e pr\u00e1tica a ida ao supermercado\u201d, destaca Jo\u00e3o Francisco Mariano, Gerente de Conceito\u00a0e Identidade.<\/p>\n<p>Para chegar ao novo conceito, foram realizados diversos\u00a0<em>focus groups<\/em>\u00a0com clientes que avaliaram a gera\u00e7\u00e3o anterior de lojas do P\u00e3o de A\u00e7\u00facar, apontaram sugest\u00f5es de melhorias e avaliaram o layout da nova gera\u00e7\u00e3o. \u201cA rejei\u00e7\u00e3o ao novo modelo foi nula, o que nos deu certeza do caminho que est\u00e1vamos tomando e da certeza de que as mudan\u00e7as beneficiariam nossa opera\u00e7\u00e3o e a experi\u00eancia dos clientes em loja\u201d, observa Bazzali.<\/p>\n<p>Ofertas exclusivas para inaugura\u00e7\u00e3o:<strong> (V\u00e1lidas para clientes cadastrados no programa gratuito de fidelidade Cliente Mais)\u00a0 <\/strong><\/p>\n<p><strong>\u00a0<\/strong>Fil\u00e9 mignon bovino sem cord\u00e3o resfriado \u00e0 v\u00e1cuo por R$ 29,90 kg<\/p>\n<p>Queijo holand\u00eas gouda ou maasdam kroon 100g por R$ 3,99<\/p>\n<p>Cerveja Stella Artois lata 310ml por R$ 2,39 cada<\/p>\n<p>Sorvete haagen-dasz v\u00e1rios sabores 473 ml \u2013 leve 2 pague 1, a unidade sai por R$ 22,45<\/p>\n<p>Endere\u00e7o loja: <strong>Avenida das Am\u00e9ricas, 2000 &#8211; FreeWay Center<\/strong><\/p>\n<p>Inaugura\u00e7\u00e3o: dia 30\/11<\/p>\n","protected":false},"excerpt":{"rendered":"<p>Um novo conceito de lojas do P\u00e3o de A\u00e7\u00facar chega nesta sexta-feira (30) pela primeira vez na cidade do Rio de Janeiro, na Barra da Tijuca, no Freeway Center. Aplicado inicialmente em lojas em S\u00e3o Paulo, a marca exporta o modelo e traz este novo conceito para a capital carioca. Ap\u00f3s um per\u00edodo de reformas [&hellip;]<\/p>\n","protected":false},"author":1,"featured_media":3392,"comment_status":"open","ping_status":"open","sticky":false,"template":"","format":"standard","meta":{"tdm_status":"","tdm_grid_status":"","footnotes":""},"categories":[6],"tags":[28,172,199,124],"class_list":["post-3391","post","type-post","status-publish","format-standard","has-post-thumbnail","hentry","category-noticias","tag-marketing","tag-pao-de-acucar","tag-rio-de-janeiro","tag-varejo"],"yoast_head":"<!-- This site is optimized with the Yoast SEO plugin v27.5 - https:\/\/yoast.com\/product\/yoast-seo-wordpress\/ -->\n<title>P\u00e3o de A\u00e7\u00facar inaugura novo modelo de loja no Rio de Janeiro - CidadeMarketing<\/title>\n<meta name=\"robots\" content=\"index, follow, max-snippet:-1, max-image-preview:large, max-video-preview:-1\" \/>\n<link rel=\"canonical\" href=\"https:\/\/www.cidademarketing.com.br\/marketing\/2018\/12\/01\/pao-de-acucar-inaugura-novo-modelo-de-loja-no-rio-de-janeiro\/\" \/>\n<meta property=\"og:locale\" content=\"pt_BR\" \/>\n<meta property=\"og:type\" content=\"article\" \/>\n<meta property=\"og:title\" content=\"P\u00e3o de A\u00e7\u00facar inaugura novo modelo de loja no Rio de Janeiro - CidadeMarketing\" \/>\n<meta property=\"og:description\" content=\"Um novo conceito de lojas do P\u00e3o de A\u00e7\u00facar chega nesta sexta-feira (30) pela primeira vez na cidade do Rio de Janeiro, na Barra da Tijuca, no Freeway Center. Aplicado inicialmente em lojas em S\u00e3o Paulo, a marca exporta o modelo e traz este novo conceito para a capital carioca. Ap\u00f3s um per\u00edodo de reformas [&hellip;]\" \/>\n<meta property=\"og:url\" content=\"https:\/\/www.cidademarketing.com.br\/marketing\/2018\/12\/01\/pao-de-acucar-inaugura-novo-modelo-de-loja-no-rio-de-janeiro\/\" \/>\n<meta property=\"og:site_name\" content=\"CidadeMarketing\" \/>\n<meta property=\"article:publisher\" content=\"https:\/\/www.facebook.com\/portalcidademarketing\" \/>\n<meta property=\"article:author\" content=\"https:\/\/www.facebook.com\/thalesbrandao\" \/>\n<meta property=\"article:published_time\" content=\"2018-12-01T12:39:42+00:00\" \/>\n<meta property=\"og:image\" content=\"https:\/\/www.cidademarketing.com.br\/marketing\/wp-content\/uploads\/2018\/12\/riodejaneiro.jpg\" \/>\n\t<meta property=\"og:image:width\" content=\"1181\" \/>\n\t<meta property=\"og:image:height\" content=\"787\" \/>\n\t<meta property=\"og:image:type\" content=\"image\/jpeg\" \/>\n<meta name=\"author\" content=\"Thales Brand\u00e3o\" \/>\n<meta name=\"twitter:card\" content=\"summary_large_image\" \/>\n<meta name=\"twitter:creator\" content=\"@http:\/\/www.twitter.com\/thalesbrandao\" \/>\n<meta name=\"twitter:site\" content=\"@CidadeMarketing\" \/>\n<meta name=\"twitter:label1\" content=\"Escrito por\" \/>\n\t<meta name=\"twitter:data1\" content=\"Thales Brand\u00e3o\" \/>\n\t<meta name=\"twitter:label2\" content=\"Est. tempo de leitura\" \/>\n\t<meta name=\"twitter:data2\" content=\"5 minutos\" \/>\n<script type=\"application\/ld+json\" class=\"yoast-schema-graph\">{\"@context\":\"https:\\\/\\\/schema.org\",\"@graph\":[{\"@type\":\"Article\",\"@id\":\"https:\\\/\\\/www.cidademarketing.com.br\\\/marketing\\\/2018\\\/12\\\/01\\\/pao-de-acucar-inaugura-novo-modelo-de-loja-no-rio-de-janeiro\\\/#article\",\"isPartOf\":{\"@id\":\"https:\\\/\\\/www.cidademarketing.com.br\\\/marketing\\\/2018\\\/12\\\/01\\\/pao-de-acucar-inaugura-novo-modelo-de-loja-no-rio-de-janeiro\\\/\"},\"author\":{\"name\":\"Thales Brand\u00e3o\",\"@id\":\"https:\\\/\\\/www.cidademarketing.com.br\\\/marketing\\\/#\\\/schema\\\/person\\\/02daff9f18bd9378c9e01eb6b2db155f\"},\"headline\":\"P\u00e3o de A\u00e7\u00facar inaugura novo modelo de loja no Rio de Janeiro\",\"datePublished\":\"2018-12-01T12:39:42+00:00\",\"mainEntityOfPage\":{\"@id\":\"https:\\\/\\\/www.cidademarketing.com.br\\\/marketing\\\/2018\\\/12\\\/01\\\/pao-de-acucar-inaugura-novo-modelo-de-loja-no-rio-de-janeiro\\\/\"},\"wordCount\":1024,\"commentCount\":0,\"publisher\":{\"@id\":\"https:\\\/\\\/www.cidademarketing.com.br\\\/marketing\\\/#organization\"},\"image\":{\"@id\":\"https:\\\/\\\/www.cidademarketing.com.br\\\/marketing\\\/2018\\\/12\\\/01\\\/pao-de-acucar-inaugura-novo-modelo-de-loja-no-rio-de-janeiro\\\/#primaryimage\"},\"thumbnailUrl\":\"https:\\\/\\\/www.cidademarketing.com.br\\\/marketing\\\/wp-content\\\/uploads\\\/2018\\\/12\\\/riodejaneiro.jpg\",\"keywords\":[\"marketing\",\"p\u00e3o de a\u00e7\u00facar\",\"Rio de Janeiro\",\"varejo\"],\"articleSection\":[\"Not\u00edcias\"],\"inLanguage\":\"pt-BR\",\"potentialAction\":[{\"@type\":\"CommentAction\",\"name\":\"Comment\",\"target\":[\"https:\\\/\\\/www.cidademarketing.com.br\\\/marketing\\\/2018\\\/12\\\/01\\\/pao-de-acucar-inaugura-novo-modelo-de-loja-no-rio-de-janeiro\\\/#respond\"]}]},{\"@type\":\"WebPage\",\"@id\":\"https:\\\/\\\/www.cidademarketing.com.br\\\/marketing\\\/2018\\\/12\\\/01\\\/pao-de-acucar-inaugura-novo-modelo-de-loja-no-rio-de-janeiro\\\/\",\"url\":\"https:\\\/\\\/www.cidademarketing.com.br\\\/marketing\\\/2018\\\/12\\\/01\\\/pao-de-acucar-inaugura-novo-modelo-de-loja-no-rio-de-janeiro\\\/\",\"name\":\"P\u00e3o de A\u00e7\u00facar inaugura novo modelo de loja no Rio de Janeiro - CidadeMarketing\",\"isPartOf\":{\"@id\":\"https:\\\/\\\/www.cidademarketing.com.br\\\/marketing\\\/#website\"},\"primaryImageOfPage\":{\"@id\":\"https:\\\/\\\/www.cidademarketing.com.br\\\/marketing\\\/2018\\\/12\\\/01\\\/pao-de-acucar-inaugura-novo-modelo-de-loja-no-rio-de-janeiro\\\/#primaryimage\"},\"image\":{\"@id\":\"https:\\\/\\\/www.cidademarketing.com.br\\\/marketing\\\/2018\\\/12\\\/01\\\/pao-de-acucar-inaugura-novo-modelo-de-loja-no-rio-de-janeiro\\\/#primaryimage\"},\"thumbnailUrl\":\"https:\\\/\\\/www.cidademarketing.com.br\\\/marketing\\\/wp-content\\\/uploads\\\/2018\\\/12\\\/riodejaneiro.jpg\",\"datePublished\":\"2018-12-01T12:39:42+00:00\",\"breadcrumb\":{\"@id\":\"https:\\\/\\\/www.cidademarketing.com.br\\\/marketing\\\/2018\\\/12\\\/01\\\/pao-de-acucar-inaugura-novo-modelo-de-loja-no-rio-de-janeiro\\\/#breadcrumb\"},\"inLanguage\":\"pt-BR\",\"potentialAction\":[{\"@type\":\"ReadAction\",\"target\":[\"https:\\\/\\\/www.cidademarketing.com.br\\\/marketing\\\/2018\\\/12\\\/01\\\/pao-de-acucar-inaugura-novo-modelo-de-loja-no-rio-de-janeiro\\\/\"]}]},{\"@type\":\"ImageObject\",\"inLanguage\":\"pt-BR\",\"@id\":\"https:\\\/\\\/www.cidademarketing.com.br\\\/marketing\\\/2018\\\/12\\\/01\\\/pao-de-acucar-inaugura-novo-modelo-de-loja-no-rio-de-janeiro\\\/#primaryimage\",\"url\":\"https:\\\/\\\/www.cidademarketing.com.br\\\/marketing\\\/wp-content\\\/uploads\\\/2018\\\/12\\\/riodejaneiro.jpg\",\"contentUrl\":\"https:\\\/\\\/www.cidademarketing.com.br\\\/marketing\\\/wp-content\\\/uploads\\\/2018\\\/12\\\/riodejaneiro.jpg\",\"width\":1181,\"height\":787,\"caption\":\"Divulga\u00e7\u00e3o\"},{\"@type\":\"BreadcrumbList\",\"@id\":\"https:\\\/\\\/www.cidademarketing.com.br\\\/marketing\\\/2018\\\/12\\\/01\\\/pao-de-acucar-inaugura-novo-modelo-de-loja-no-rio-de-janeiro\\\/#breadcrumb\",\"itemListElement\":[{\"@type\":\"ListItem\",\"position\":1,\"name\":\"In\u00edcio\",\"item\":\"https:\\\/\\\/www.cidademarketing.com.br\\\/marketing\\\/\"},{\"@type\":\"ListItem\",\"position\":2,\"name\":\"P\u00e3o de A\u00e7\u00facar inaugura novo modelo de loja no Rio de Janeiro\"}]},{\"@type\":\"WebSite\",\"@id\":\"https:\\\/\\\/www.cidademarketing.com.br\\\/marketing\\\/#website\",\"url\":\"https:\\\/\\\/www.cidademarketing.com.br\\\/marketing\\\/\",\"name\":\"CidadeMarketing\",\"description\":\"Somos um ve\u00edculo de comunica\u00e7\u00e3o de destaque no Brasil, reconhecido por conte\u00fados nos segmentos de marketing, empreendedorismo e inova\u00e7\u00e3o.\",\"publisher\":{\"@id\":\"https:\\\/\\\/www.cidademarketing.com.br\\\/marketing\\\/#organization\"},\"alternateName\":\"CidadeMarketing\",\"potentialAction\":[{\"@type\":\"SearchAction\",\"target\":{\"@type\":\"EntryPoint\",\"urlTemplate\":\"https:\\\/\\\/www.cidademarketing.com.br\\\/marketing\\\/?s={search_term_string}\"},\"query-input\":{\"@type\":\"PropertyValueSpecification\",\"valueRequired\":true,\"valueName\":\"search_term_string\"}}],\"inLanguage\":\"pt-BR\"},{\"@type\":\"Organization\",\"@id\":\"https:\\\/\\\/www.cidademarketing.com.br\\\/marketing\\\/#organization\",\"name\":\"CidadeMarketing\",\"alternateName\":\"CidadeMarketing\",\"url\":\"https:\\\/\\\/www.cidademarketing.com.br\\\/marketing\\\/\",\"logo\":{\"@type\":\"ImageObject\",\"inLanguage\":\"pt-BR\",\"@id\":\"https:\\\/\\\/www.cidademarketing.com.br\\\/marketing\\\/#\\\/schema\\\/logo\\\/image\\\/\",\"url\":\"https:\\\/\\\/www.cidademarketing.com.br\\\/marketing\\\/wp-content\\\/uploads\\\/2020\\\/01\\\/cidademarketing_marca_mobile.png\",\"contentUrl\":\"https:\\\/\\\/www.cidademarketing.com.br\\\/marketing\\\/wp-content\\\/uploads\\\/2020\\\/01\\\/cidademarketing_marca_mobile.png\",\"width\":230,\"height\":92,\"caption\":\"CidadeMarketing\"},\"image\":{\"@id\":\"https:\\\/\\\/www.cidademarketing.com.br\\\/marketing\\\/#\\\/schema\\\/logo\\\/image\\\/\"},\"sameAs\":[\"https:\\\/\\\/www.facebook.com\\\/portalcidademarketing\",\"https:\\\/\\\/x.com\\\/CidadeMarketing\",\"https:\\\/\\\/www.instagram.com\\\/cidademarketing\\\/\"]},{\"@type\":\"Person\",\"@id\":\"https:\\\/\\\/www.cidademarketing.com.br\\\/marketing\\\/#\\\/schema\\\/person\\\/02daff9f18bd9378c9e01eb6b2db155f\",\"name\":\"Thales Brand\u00e3o\",\"image\":{\"@type\":\"ImageObject\",\"inLanguage\":\"pt-BR\",\"@id\":\"https:\\\/\\\/secure.gravatar.com\\\/avatar\\\/7ca3206950207cc3cb48feec56a8a7898741ab725c368d99d5d7a5a50aab80c6?s=96&d=mm&r=g\",\"url\":\"https:\\\/\\\/secure.gravatar.com\\\/avatar\\\/7ca3206950207cc3cb48feec56a8a7898741ab725c368d99d5d7a5a50aab80c6?s=96&d=mm&r=g\",\"contentUrl\":\"https:\\\/\\\/secure.gravatar.com\\\/avatar\\\/7ca3206950207cc3cb48feec56a8a7898741ab725c368d99d5d7a5a50aab80c6?s=96&d=mm&r=g\",\"caption\":\"Thales Brand\u00e3o\"},\"description\":\"Editor Executivo do Portal CidadeMarketing.com.br &gt; Mestre em Comunica\u00e7\u00e3o e Sociedade pela Universidade Federal de Sergipe. Possui MBA Executivo em Administra\u00e7\u00e3o com \u00eanfase em Marketing pela Funda\u00e7\u00e3o Get\u00falio Vargas - Rio de Janeiro. Consultor, Palestrante e Pesquisador sobre Empreendedorismo, Marketing, Redes Sociais e Neg\u00f3cios Digitais. Professor, Palestrante TedxTalks e Campus Party. Twitter: @ThalesBrandao\",\"sameAs\":[\"http:\\\/\\\/www.mandacaru.com.br\",\"https:\\\/\\\/www.facebook.com\\\/thalesbrandao\",\"http:\\\/\\\/www.instagram.com.br\\\/thalesbrandaoferreira\",\"https:\\\/\\\/www.linkedin.com\\\/in\\\/thales-brand\u00e3o-3948609\\\/\",\"https:\\\/\\\/x.com\\\/http:\\\/\\\/www.twitter.com\\\/thalesbrandao\"],\"url\":\"https:\\\/\\\/www.cidademarketing.com.br\\\/marketing\\\/author\\\/thalesbrandao\\\/\"}]}<\/script>\n<!-- \/ Yoast SEO plugin. -->","yoast_head_json":{"title":"P\u00e3o de A\u00e7\u00facar inaugura novo modelo de loja no Rio de Janeiro - CidadeMarketing","robots":{"index":"index","follow":"follow","max-snippet":"max-snippet:-1","max-image-preview":"max-image-preview:large","max-video-preview":"max-video-preview:-1"},"canonical":"https:\/\/www.cidademarketing.com.br\/marketing\/2018\/12\/01\/pao-de-acucar-inaugura-novo-modelo-de-loja-no-rio-de-janeiro\/","og_locale":"pt_BR","og_type":"article","og_title":"P\u00e3o de A\u00e7\u00facar inaugura novo modelo de loja no Rio de Janeiro - CidadeMarketing","og_description":"Um novo conceito de lojas do P\u00e3o de A\u00e7\u00facar chega nesta sexta-feira (30) pela primeira vez na cidade do Rio de Janeiro, na Barra da Tijuca, no Freeway Center. Aplicado inicialmente em lojas em S\u00e3o Paulo, a marca exporta o modelo e traz este novo conceito para a capital carioca. Ap\u00f3s um per\u00edodo de reformas [&hellip;]","og_url":"https:\/\/www.cidademarketing.com.br\/marketing\/2018\/12\/01\/pao-de-acucar-inaugura-novo-modelo-de-loja-no-rio-de-janeiro\/","og_site_name":"CidadeMarketing","article_publisher":"https:\/\/www.facebook.com\/portalcidademarketing","article_author":"https:\/\/www.facebook.com\/thalesbrandao","article_published_time":"2018-12-01T12:39:42+00:00","og_image":[{"width":1181,"height":787,"url":"https:\/\/www.cidademarketing.com.br\/marketing\/wp-content\/uploads\/2018\/12\/riodejaneiro.jpg","type":"image\/jpeg"}],"author":"Thales Brand\u00e3o","twitter_card":"summary_large_image","twitter_creator":"@http:\/\/www.twitter.com\/thalesbrandao","twitter_site":"@CidadeMarketing","twitter_misc":{"Escrito por":"Thales Brand\u00e3o","Est. tempo de leitura":"5 minutos"},"schema":{"@context":"https:\/\/schema.org","@graph":[{"@type":"Article","@id":"https:\/\/www.cidademarketing.com.br\/marketing\/2018\/12\/01\/pao-de-acucar-inaugura-novo-modelo-de-loja-no-rio-de-janeiro\/#article","isPartOf":{"@id":"https:\/\/www.cidademarketing.com.br\/marketing\/2018\/12\/01\/pao-de-acucar-inaugura-novo-modelo-de-loja-no-rio-de-janeiro\/"},"author":{"name":"Thales Brand\u00e3o","@id":"https:\/\/www.cidademarketing.com.br\/marketing\/#\/schema\/person\/02daff9f18bd9378c9e01eb6b2db155f"},"headline":"P\u00e3o de A\u00e7\u00facar inaugura novo modelo de loja no Rio de Janeiro","datePublished":"2018-12-01T12:39:42+00:00","mainEntityOfPage":{"@id":"https:\/\/www.cidademarketing.com.br\/marketing\/2018\/12\/01\/pao-de-acucar-inaugura-novo-modelo-de-loja-no-rio-de-janeiro\/"},"wordCount":1024,"commentCount":0,"publisher":{"@id":"https:\/\/www.cidademarketing.com.br\/marketing\/#organization"},"image":{"@id":"https:\/\/www.cidademarketing.com.br\/marketing\/2018\/12\/01\/pao-de-acucar-inaugura-novo-modelo-de-loja-no-rio-de-janeiro\/#primaryimage"},"thumbnailUrl":"https:\/\/www.cidademarketing.com.br\/marketing\/wp-content\/uploads\/2018\/12\/riodejaneiro.jpg","keywords":["marketing","p\u00e3o de a\u00e7\u00facar","Rio de Janeiro","varejo"],"articleSection":["Not\u00edcias"],"inLanguage":"pt-BR","potentialAction":[{"@type":"CommentAction","name":"Comment","target":["https:\/\/www.cidademarketing.com.br\/marketing\/2018\/12\/01\/pao-de-acucar-inaugura-novo-modelo-de-loja-no-rio-de-janeiro\/#respond"]}]},{"@type":"WebPage","@id":"https:\/\/www.cidademarketing.com.br\/marketing\/2018\/12\/01\/pao-de-acucar-inaugura-novo-modelo-de-loja-no-rio-de-janeiro\/","url":"https:\/\/www.cidademarketing.com.br\/marketing\/2018\/12\/01\/pao-de-acucar-inaugura-novo-modelo-de-loja-no-rio-de-janeiro\/","name":"P\u00e3o de A\u00e7\u00facar inaugura novo modelo de loja no Rio de Janeiro - CidadeMarketing","isPartOf":{"@id":"https:\/\/www.cidademarketing.com.br\/marketing\/#website"},"primaryImageOfPage":{"@id":"https:\/\/www.cidademarketing.com.br\/marketing\/2018\/12\/01\/pao-de-acucar-inaugura-novo-modelo-de-loja-no-rio-de-janeiro\/#primaryimage"},"image":{"@id":"https:\/\/www.cidademarketing.com.br\/marketing\/2018\/12\/01\/pao-de-acucar-inaugura-novo-modelo-de-loja-no-rio-de-janeiro\/#primaryimage"},"thumbnailUrl":"https:\/\/www.cidademarketing.com.br\/marketing\/wp-content\/uploads\/2018\/12\/riodejaneiro.jpg","datePublished":"2018-12-01T12:39:42+00:00","breadcrumb":{"@id":"https:\/\/www.cidademarketing.com.br\/marketing\/2018\/12\/01\/pao-de-acucar-inaugura-novo-modelo-de-loja-no-rio-de-janeiro\/#breadcrumb"},"inLanguage":"pt-BR","potentialAction":[{"@type":"ReadAction","target":["https:\/\/www.cidademarketing.com.br\/marketing\/2018\/12\/01\/pao-de-acucar-inaugura-novo-modelo-de-loja-no-rio-de-janeiro\/"]}]},{"@type":"ImageObject","inLanguage":"pt-BR","@id":"https:\/\/www.cidademarketing.com.br\/marketing\/2018\/12\/01\/pao-de-acucar-inaugura-novo-modelo-de-loja-no-rio-de-janeiro\/#primaryimage","url":"https:\/\/www.cidademarketing.com.br\/marketing\/wp-content\/uploads\/2018\/12\/riodejaneiro.jpg","contentUrl":"https:\/\/www.cidademarketing.com.br\/marketing\/wp-content\/uploads\/2018\/12\/riodejaneiro.jpg","width":1181,"height":787,"caption":"Divulga\u00e7\u00e3o"},{"@type":"BreadcrumbList","@id":"https:\/\/www.cidademarketing.com.br\/marketing\/2018\/12\/01\/pao-de-acucar-inaugura-novo-modelo-de-loja-no-rio-de-janeiro\/#breadcrumb","itemListElement":[{"@type":"ListItem","position":1,"name":"In\u00edcio","item":"https:\/\/www.cidademarketing.com.br\/marketing\/"},{"@type":"ListItem","position":2,"name":"P\u00e3o de A\u00e7\u00facar inaugura novo modelo de loja no Rio de Janeiro"}]},{"@type":"WebSite","@id":"https:\/\/www.cidademarketing.com.br\/marketing\/#website","url":"https:\/\/www.cidademarketing.com.br\/marketing\/","name":"CidadeMarketing","description":"Somos um ve\u00edculo de comunica\u00e7\u00e3o de destaque no Brasil, reconhecido por conte\u00fados nos segmentos de marketing, empreendedorismo e inova\u00e7\u00e3o.","publisher":{"@id":"https:\/\/www.cidademarketing.com.br\/marketing\/#organization"},"alternateName":"CidadeMarketing","potentialAction":[{"@type":"SearchAction","target":{"@type":"EntryPoint","urlTemplate":"https:\/\/www.cidademarketing.com.br\/marketing\/?s={search_term_string}"},"query-input":{"@type":"PropertyValueSpecification","valueRequired":true,"valueName":"search_term_string"}}],"inLanguage":"pt-BR"},{"@type":"Organization","@id":"https:\/\/www.cidademarketing.com.br\/marketing\/#organization","name":"CidadeMarketing","alternateName":"CidadeMarketing","url":"https:\/\/www.cidademarketing.com.br\/marketing\/","logo":{"@type":"ImageObject","inLanguage":"pt-BR","@id":"https:\/\/www.cidademarketing.com.br\/marketing\/#\/schema\/logo\/image\/","url":"https:\/\/www.cidademarketing.com.br\/marketing\/wp-content\/uploads\/2020\/01\/cidademarketing_marca_mobile.png","contentUrl":"https:\/\/www.cidademarketing.com.br\/marketing\/wp-content\/uploads\/2020\/01\/cidademarketing_marca_mobile.png","width":230,"height":92,"caption":"CidadeMarketing"},"image":{"@id":"https:\/\/www.cidademarketing.com.br\/marketing\/#\/schema\/logo\/image\/"},"sameAs":["https:\/\/www.facebook.com\/portalcidademarketing","https:\/\/x.com\/CidadeMarketing","https:\/\/www.instagram.com\/cidademarketing\/"]},{"@type":"Person","@id":"https:\/\/www.cidademarketing.com.br\/marketing\/#\/schema\/person\/02daff9f18bd9378c9e01eb6b2db155f","name":"Thales Brand\u00e3o","image":{"@type":"ImageObject","inLanguage":"pt-BR","@id":"https:\/\/secure.gravatar.com\/avatar\/7ca3206950207cc3cb48feec56a8a7898741ab725c368d99d5d7a5a50aab80c6?s=96&d=mm&r=g","url":"https:\/\/secure.gravatar.com\/avatar\/7ca3206950207cc3cb48feec56a8a7898741ab725c368d99d5d7a5a50aab80c6?s=96&d=mm&r=g","contentUrl":"https:\/\/secure.gravatar.com\/avatar\/7ca3206950207cc3cb48feec56a8a7898741ab725c368d99d5d7a5a50aab80c6?s=96&d=mm&r=g","caption":"Thales Brand\u00e3o"},"description":"Editor Executivo do Portal CidadeMarketing.com.br &gt; Mestre em Comunica\u00e7\u00e3o e Sociedade pela Universidade Federal de Sergipe. Possui MBA Executivo em Administra\u00e7\u00e3o com \u00eanfase em Marketing pela Funda\u00e7\u00e3o Get\u00falio Vargas - Rio de Janeiro. Consultor, Palestrante e Pesquisador sobre Empreendedorismo, Marketing, Redes Sociais e Neg\u00f3cios Digitais. Professor, Palestrante TedxTalks e Campus Party. Twitter: @ThalesBrandao","sameAs":["http:\/\/www.mandacaru.com.br","https:\/\/www.facebook.com\/thalesbrandao","http:\/\/www.instagram.com.br\/thalesbrandaoferreira","https:\/\/www.linkedin.com\/in\/thales-brand\u00e3o-3948609\/","https:\/\/x.com\/http:\/\/www.twitter.com\/thalesbrandao"],"url":"https:\/\/www.cidademarketing.com.br\/marketing\/author\/thalesbrandao\/"}]}},"amp_enabled":true,"_links":{"self":[{"href":"https:\/\/www.cidademarketing.com.br\/marketing\/wp-json\/wp\/v2\/posts\/3391","targetHints":{"allow":["GET"]}}],"collection":[{"href":"https:\/\/www.cidademarketing.com.br\/marketing\/wp-json\/wp\/v2\/posts"}],"about":[{"href":"https:\/\/www.cidademarketing.com.br\/marketing\/wp-json\/wp\/v2\/types\/post"}],"author":[{"embeddable":true,"href":"https:\/\/www.cidademarketing.com.br\/marketing\/wp-json\/wp\/v2\/users\/1"}],"replies":[{"embeddable":true,"href":"https:\/\/www.cidademarketing.com.br\/marketing\/wp-json\/wp\/v2\/comments?post=3391"}],"version-history":[{"count":1,"href":"https:\/\/www.cidademarketing.com.br\/marketing\/wp-json\/wp\/v2\/posts\/3391\/revisions"}],"predecessor-version":[{"id":3393,"href":"https:\/\/www.cidademarketing.com.br\/marketing\/wp-json\/wp\/v2\/posts\/3391\/revisions\/3393"}],"wp:featuredmedia":[{"embeddable":true,"href":"https:\/\/www.cidademarketing.com.br\/marketing\/wp-json\/wp\/v2\/media\/3392"}],"wp:attachment":[{"href":"https:\/\/www.cidademarketing.com.br\/marketing\/wp-json\/wp\/v2\/media?parent=3391"}],"wp:term":[{"taxonomy":"category","embeddable":true,"href":"https:\/\/www.cidademarketing.com.br\/marketing\/wp-json\/wp\/v2\/categories?post=3391"},{"taxonomy":"post_tag","embeddable":true,"href":"https:\/\/www.cidademarketing.com.br\/marketing\/wp-json\/wp\/v2\/tags?post=3391"}],"curies":[{"name":"wp","href":"https:\/\/api.w.org\/{rel}","templated":true}]}}