{"id":33848,"date":"2022-01-19T10:18:26","date_gmt":"2022-01-19T13:18:26","guid":{"rendered":"https:\/\/www.cidademarketing.com.br\/marketing\/?p=33848"},"modified":"2022-01-19T10:18:26","modified_gmt":"2022-01-19T13:18:26","slug":"tim-reune-pastor-e-candomblecista-em-bate-papo-virtual-sobre-intolerancia-religiosa-no-mercado-de-trabalho","status":"publish","type":"post","link":"https:\/\/www.cidademarketing.com.br\/marketing\/2022\/01\/19\/tim-reune-pastor-e-candomblecista-em-bate-papo-virtual-sobre-intolerancia-religiosa-no-mercado-de-trabalho\/","title":{"rendered":"TIM re\u00fane pastor e candomblecista em bate-papo virtual sobre intoler\u00e2ncia religiosa no mercado de trabalho"},"content":{"rendered":"<p><iframe src=\"https:\/\/open.spotify.com\/embed\/show\/4khMKzP3FgFRWVwb73xicc\" width=\"100%\" height=\"232\" frameborder=\"0\"><\/iframe><br \/>\nCriado\u00a0para\u00a0promover\u00a0o di\u00e1logo\u00a0sobre\u00a0temas\u00a0de inclus\u00e3o, o\u00a0<span data-contrast=\"none\">TIM Convida<\/span><span data-contrast=\"none\">\u00a0aborda, em sua primeira edi\u00e7\u00e3o do ano,\u00a0a inclus\u00e3o de diferentes cren\u00e7as no meio corporativo e na sociedade em geral. O objetivo \u00e9 repudiar\u00a0a discrimina\u00e7\u00e3o e inspirar o respeito\u00a0a todas as religi\u00f5es, especialmente as\u00a0de matriz africana, alvo rotineiro de preconceito.\u00a0<\/span><span data-ccp-props=\"{&quot;335551550&quot;:6,&quot;335551620&quot;:6,&quot;335559731&quot;:284,&quot;335559739&quot;:120,&quot;335559740&quot;:312}\">\u00a0<\/span><\/p>\n<p><span data-contrast=\"none\">A roda de conversa virtual\u00a0\u2013 que\u00a0acontece periodicamente desde 2020 no YouTube da TIM\u00a0(<\/span><a href=\"https:\/\/www.youtube.com\/watch?v=aMqtHDbu9Kc\" target=\"_blank\" rel=\"noopener\"><span data-ccp-charstyle=\"Hyperlink\">link aqui<\/span><\/a><span data-contrast=\"none\">)\u00a0\u2013 reunir\u00e1, dessa vez,\u00a0duas refer\u00eancias na luta contra\u00a0a intoler\u00e2ncia religiosa. Participam\u00a0o pastor batista,\u00a0ator, escritor, cientista social e historiador\u00a0Henrique Vieira\u00a0e a candomblecista, consultora da ONU Mulheres, do Minist\u00e9rio P\u00fablico do Trabalho de S\u00e3o Paulo e do Pacto Global,\u00a0Benilda\u00a0Brito. O encontro ser\u00e1 transmitido ao vivo a partir de 16h na sexta-feira, 21\/01,\u00a0Dia Nacional de Combate \u00e0 Intoler\u00e2ncia Religiosa.<\/span><span data-ccp-props=\"{&quot;335551550&quot;:6,&quot;335551620&quot;:6,&quot;335559731&quot;:284,&quot;335559739&quot;:120,&quot;335559740&quot;:312}\">\u00a0<\/span><\/p>\n<p><iframe style=\"width: 100%; max-width: 660px; overflow: hidden; background: transparent;\" src=\"https:\/\/embed.podcasts.apple.com\/br\/podcast\/podcast-cidademarketing\/id1371923283\" height=\"450\" frameborder=\"0\" sandbox=\"allow-forms allow-popups allow-same-origin allow-scripts allow-storage-access-by-user-activation allow-top-navigation-by-user-activation\"><\/iframe><\/p>\n","protected":false},"excerpt":{"rendered":"<p>Criado\u00a0para\u00a0promover\u00a0o di\u00e1logo\u00a0sobre\u00a0temas\u00a0de inclus\u00e3o, o\u00a0TIM Convida\u00a0aborda, em sua primeira edi\u00e7\u00e3o do ano,\u00a0a inclus\u00e3o de diferentes cren\u00e7as no meio corporativo e na sociedade em geral. O objetivo \u00e9 repudiar\u00a0a discrimina\u00e7\u00e3o e inspirar o respeito\u00a0a todas as religi\u00f5es, especialmente as\u00a0de matriz africana, alvo rotineiro de preconceito.\u00a0\u00a0 A roda de conversa virtual\u00a0\u2013 que\u00a0acontece periodicamente desde 2020 no YouTube da [&hellip;]<\/p>\n","protected":false},"author":1,"featured_media":33849,"comment_status":"open","ping_status":"open","sticky":false,"template":"","format":"standard","meta":{"tdm_status":"","tdm_grid_status":"","footnotes":""},"categories":[11,6],"tags":[33,28,26,683],"class_list":["post-33848","post","type-post","status-publish","format-standard","has-post-thumbnail","hentry","category-digital","category-noticias","tag-estrategia","tag-marketing","tag-marketing-digital","tag-tim"],"yoast_head":"<!-- This site is optimized with the Yoast SEO plugin v27.5 - https:\/\/yoast.com\/product\/yoast-seo-wordpress\/ -->\n<title>TIM re\u00fane pastor e candomblecista em bate-papo virtual sobre intoler\u00e2ncia religiosa no mercado de trabalho - CidadeMarketing<\/title>\n<meta name=\"robots\" content=\"index, follow, max-snippet:-1, max-image-preview:large, max-video-preview:-1\" \/>\n<link rel=\"canonical\" href=\"https:\/\/www.cidademarketing.com.br\/marketing\/2022\/01\/19\/tim-reune-pastor-e-candomblecista-em-bate-papo-virtual-sobre-intolerancia-religiosa-no-mercado-de-trabalho\/\" \/>\n<meta property=\"og:locale\" content=\"pt_BR\" \/>\n<meta property=\"og:type\" content=\"article\" \/>\n<meta property=\"og:title\" content=\"TIM re\u00fane pastor e candomblecista em bate-papo virtual sobre intoler\u00e2ncia religiosa no mercado de trabalho - CidadeMarketing\" \/>\n<meta property=\"og:description\" content=\"Criado\u00a0para\u00a0promover\u00a0o di\u00e1logo\u00a0sobre\u00a0temas\u00a0de inclus\u00e3o, o\u00a0TIM Convida\u00a0aborda, em sua primeira edi\u00e7\u00e3o do ano,\u00a0a inclus\u00e3o de diferentes cren\u00e7as no meio corporativo e na sociedade em geral. O objetivo \u00e9 repudiar\u00a0a discrimina\u00e7\u00e3o e inspirar o respeito\u00a0a todas as religi\u00f5es, especialmente as\u00a0de matriz africana, alvo rotineiro de preconceito.\u00a0\u00a0 A roda de conversa virtual\u00a0\u2013 que\u00a0acontece periodicamente desde 2020 no YouTube da [&hellip;]\" \/>\n<meta property=\"og:url\" content=\"https:\/\/www.cidademarketing.com.br\/marketing\/2022\/01\/19\/tim-reune-pastor-e-candomblecista-em-bate-papo-virtual-sobre-intolerancia-religiosa-no-mercado-de-trabalho\/\" \/>\n<meta property=\"og:site_name\" content=\"CidadeMarketing\" \/>\n<meta property=\"article:publisher\" content=\"https:\/\/www.facebook.com\/portalcidademarketing\" \/>\n<meta property=\"article:author\" content=\"https:\/\/www.facebook.com\/thalesbrandao\" \/>\n<meta property=\"article:published_time\" content=\"2022-01-19T13:18:26+00:00\" \/>\n<meta property=\"og:image\" content=\"https:\/\/www.cidademarketing.com.br\/marketing\/wp-content\/uploads\/2022\/01\/tim_religiao.png\" \/>\n\t<meta property=\"og:image:width\" content=\"1920\" \/>\n\t<meta property=\"og:image:height\" content=\"1080\" \/>\n\t<meta property=\"og:image:type\" content=\"image\/png\" \/>\n<meta name=\"author\" content=\"Thales Brand\u00e3o\" \/>\n<meta name=\"twitter:card\" content=\"summary_large_image\" \/>\n<meta name=\"twitter:creator\" content=\"@http:\/\/www.twitter.com\/thalesbrandao\" \/>\n<meta name=\"twitter:site\" content=\"@CidadeMarketing\" \/>\n<meta name=\"twitter:label1\" content=\"Escrito por\" \/>\n\t<meta name=\"twitter:data1\" content=\"Thales Brand\u00e3o\" \/>\n\t<meta name=\"twitter:label2\" content=\"Est. tempo de leitura\" \/>\n\t<meta name=\"twitter:data2\" content=\"1 minuto\" \/>\n<script type=\"application\/ld+json\" class=\"yoast-schema-graph\">{\"@context\":\"https:\\\/\\\/schema.org\",\"@graph\":[{\"@type\":\"Article\",\"@id\":\"https:\\\/\\\/www.cidademarketing.com.br\\\/marketing\\\/2022\\\/01\\\/19\\\/tim-reune-pastor-e-candomblecista-em-bate-papo-virtual-sobre-intolerancia-religiosa-no-mercado-de-trabalho\\\/#article\",\"isPartOf\":{\"@id\":\"https:\\\/\\\/www.cidademarketing.com.br\\\/marketing\\\/2022\\\/01\\\/19\\\/tim-reune-pastor-e-candomblecista-em-bate-papo-virtual-sobre-intolerancia-religiosa-no-mercado-de-trabalho\\\/\"},\"author\":{\"name\":\"Thales Brand\u00e3o\",\"@id\":\"https:\\\/\\\/www.cidademarketing.com.br\\\/marketing\\\/#\\\/schema\\\/person\\\/02daff9f18bd9378c9e01eb6b2db155f\"},\"headline\":\"TIM re\u00fane pastor e candomblecista em bate-papo virtual sobre intoler\u00e2ncia religiosa no mercado de trabalho\",\"datePublished\":\"2022-01-19T13:18:26+00:00\",\"mainEntityOfPage\":{\"@id\":\"https:\\\/\\\/www.cidademarketing.com.br\\\/marketing\\\/2022\\\/01\\\/19\\\/tim-reune-pastor-e-candomblecista-em-bate-papo-virtual-sobre-intolerancia-religiosa-no-mercado-de-trabalho\\\/\"},\"wordCount\":161,\"commentCount\":0,\"publisher\":{\"@id\":\"https:\\\/\\\/www.cidademarketing.com.br\\\/marketing\\\/#organization\"},\"image\":{\"@id\":\"https:\\\/\\\/www.cidademarketing.com.br\\\/marketing\\\/2022\\\/01\\\/19\\\/tim-reune-pastor-e-candomblecista-em-bate-papo-virtual-sobre-intolerancia-religiosa-no-mercado-de-trabalho\\\/#primaryimage\"},\"thumbnailUrl\":\"https:\\\/\\\/www.cidademarketing.com.br\\\/marketing\\\/wp-content\\\/uploads\\\/2022\\\/01\\\/tim_religiao.png\",\"keywords\":[\"estrat\u00e9gia\",\"marketing\",\"marketing digital\",\"Tim\"],\"articleSection\":[\"Digital\",\"Not\u00edcias\"],\"inLanguage\":\"pt-BR\",\"potentialAction\":[{\"@type\":\"CommentAction\",\"name\":\"Comment\",\"target\":[\"https:\\\/\\\/www.cidademarketing.com.br\\\/marketing\\\/2022\\\/01\\\/19\\\/tim-reune-pastor-e-candomblecista-em-bate-papo-virtual-sobre-intolerancia-religiosa-no-mercado-de-trabalho\\\/#respond\"]}]},{\"@type\":\"WebPage\",\"@id\":\"https:\\\/\\\/www.cidademarketing.com.br\\\/marketing\\\/2022\\\/01\\\/19\\\/tim-reune-pastor-e-candomblecista-em-bate-papo-virtual-sobre-intolerancia-religiosa-no-mercado-de-trabalho\\\/\",\"url\":\"https:\\\/\\\/www.cidademarketing.com.br\\\/marketing\\\/2022\\\/01\\\/19\\\/tim-reune-pastor-e-candomblecista-em-bate-papo-virtual-sobre-intolerancia-religiosa-no-mercado-de-trabalho\\\/\",\"name\":\"TIM re\u00fane pastor e candomblecista em bate-papo virtual sobre intoler\u00e2ncia religiosa no mercado de trabalho - CidadeMarketing\",\"isPartOf\":{\"@id\":\"https:\\\/\\\/www.cidademarketing.com.br\\\/marketing\\\/#website\"},\"primaryImageOfPage\":{\"@id\":\"https:\\\/\\\/www.cidademarketing.com.br\\\/marketing\\\/2022\\\/01\\\/19\\\/tim-reune-pastor-e-candomblecista-em-bate-papo-virtual-sobre-intolerancia-religiosa-no-mercado-de-trabalho\\\/#primaryimage\"},\"image\":{\"@id\":\"https:\\\/\\\/www.cidademarketing.com.br\\\/marketing\\\/2022\\\/01\\\/19\\\/tim-reune-pastor-e-candomblecista-em-bate-papo-virtual-sobre-intolerancia-religiosa-no-mercado-de-trabalho\\\/#primaryimage\"},\"thumbnailUrl\":\"https:\\\/\\\/www.cidademarketing.com.br\\\/marketing\\\/wp-content\\\/uploads\\\/2022\\\/01\\\/tim_religiao.png\",\"datePublished\":\"2022-01-19T13:18:26+00:00\",\"breadcrumb\":{\"@id\":\"https:\\\/\\\/www.cidademarketing.com.br\\\/marketing\\\/2022\\\/01\\\/19\\\/tim-reune-pastor-e-candomblecista-em-bate-papo-virtual-sobre-intolerancia-religiosa-no-mercado-de-trabalho\\\/#breadcrumb\"},\"inLanguage\":\"pt-BR\",\"potentialAction\":[{\"@type\":\"ReadAction\",\"target\":[\"https:\\\/\\\/www.cidademarketing.com.br\\\/marketing\\\/2022\\\/01\\\/19\\\/tim-reune-pastor-e-candomblecista-em-bate-papo-virtual-sobre-intolerancia-religiosa-no-mercado-de-trabalho\\\/\"]}]},{\"@type\":\"ImageObject\",\"inLanguage\":\"pt-BR\",\"@id\":\"https:\\\/\\\/www.cidademarketing.com.br\\\/marketing\\\/2022\\\/01\\\/19\\\/tim-reune-pastor-e-candomblecista-em-bate-papo-virtual-sobre-intolerancia-religiosa-no-mercado-de-trabalho\\\/#primaryimage\",\"url\":\"https:\\\/\\\/www.cidademarketing.com.br\\\/marketing\\\/wp-content\\\/uploads\\\/2022\\\/01\\\/tim_religiao.png\",\"contentUrl\":\"https:\\\/\\\/www.cidademarketing.com.br\\\/marketing\\\/wp-content\\\/uploads\\\/2022\\\/01\\\/tim_religiao.png\",\"width\":1920,\"height\":1080},{\"@type\":\"BreadcrumbList\",\"@id\":\"https:\\\/\\\/www.cidademarketing.com.br\\\/marketing\\\/2022\\\/01\\\/19\\\/tim-reune-pastor-e-candomblecista-em-bate-papo-virtual-sobre-intolerancia-religiosa-no-mercado-de-trabalho\\\/#breadcrumb\",\"itemListElement\":[{\"@type\":\"ListItem\",\"position\":1,\"name\":\"In\u00edcio\",\"item\":\"https:\\\/\\\/www.cidademarketing.com.br\\\/marketing\\\/\"},{\"@type\":\"ListItem\",\"position\":2,\"name\":\"TIM re\u00fane pastor e candomblecista em bate-papo virtual sobre intoler\u00e2ncia religiosa no mercado de trabalho\"}]},{\"@type\":\"WebSite\",\"@id\":\"https:\\\/\\\/www.cidademarketing.com.br\\\/marketing\\\/#website\",\"url\":\"https:\\\/\\\/www.cidademarketing.com.br\\\/marketing\\\/\",\"name\":\"CidadeMarketing\",\"description\":\"Somos um ve\u00edculo de comunica\u00e7\u00e3o de destaque no Brasil, reconhecido por conte\u00fados nos segmentos de marketing, empreendedorismo e inova\u00e7\u00e3o.\",\"publisher\":{\"@id\":\"https:\\\/\\\/www.cidademarketing.com.br\\\/marketing\\\/#organization\"},\"alternateName\":\"CidadeMarketing\",\"potentialAction\":[{\"@type\":\"SearchAction\",\"target\":{\"@type\":\"EntryPoint\",\"urlTemplate\":\"https:\\\/\\\/www.cidademarketing.com.br\\\/marketing\\\/?s={search_term_string}\"},\"query-input\":{\"@type\":\"PropertyValueSpecification\",\"valueRequired\":true,\"valueName\":\"search_term_string\"}}],\"inLanguage\":\"pt-BR\"},{\"@type\":\"Organization\",\"@id\":\"https:\\\/\\\/www.cidademarketing.com.br\\\/marketing\\\/#organization\",\"name\":\"CidadeMarketing\",\"alternateName\":\"CidadeMarketing\",\"url\":\"https:\\\/\\\/www.cidademarketing.com.br\\\/marketing\\\/\",\"logo\":{\"@type\":\"ImageObject\",\"inLanguage\":\"pt-BR\",\"@id\":\"https:\\\/\\\/www.cidademarketing.com.br\\\/marketing\\\/#\\\/schema\\\/logo\\\/image\\\/\",\"url\":\"https:\\\/\\\/www.cidademarketing.com.br\\\/marketing\\\/wp-content\\\/uploads\\\/2020\\\/01\\\/cidademarketing_marca_mobile.png\",\"contentUrl\":\"https:\\\/\\\/www.cidademarketing.com.br\\\/marketing\\\/wp-content\\\/uploads\\\/2020\\\/01\\\/cidademarketing_marca_mobile.png\",\"width\":230,\"height\":92,\"caption\":\"CidadeMarketing\"},\"image\":{\"@id\":\"https:\\\/\\\/www.cidademarketing.com.br\\\/marketing\\\/#\\\/schema\\\/logo\\\/image\\\/\"},\"sameAs\":[\"https:\\\/\\\/www.facebook.com\\\/portalcidademarketing\",\"https:\\\/\\\/x.com\\\/CidadeMarketing\",\"https:\\\/\\\/www.instagram.com\\\/cidademarketing\\\/\"]},{\"@type\":\"Person\",\"@id\":\"https:\\\/\\\/www.cidademarketing.com.br\\\/marketing\\\/#\\\/schema\\\/person\\\/02daff9f18bd9378c9e01eb6b2db155f\",\"name\":\"Thales Brand\u00e3o\",\"image\":{\"@type\":\"ImageObject\",\"inLanguage\":\"pt-BR\",\"@id\":\"https:\\\/\\\/secure.gravatar.com\\\/avatar\\\/7ca3206950207cc3cb48feec56a8a7898741ab725c368d99d5d7a5a50aab80c6?s=96&d=mm&r=g\",\"url\":\"https:\\\/\\\/secure.gravatar.com\\\/avatar\\\/7ca3206950207cc3cb48feec56a8a7898741ab725c368d99d5d7a5a50aab80c6?s=96&d=mm&r=g\",\"contentUrl\":\"https:\\\/\\\/secure.gravatar.com\\\/avatar\\\/7ca3206950207cc3cb48feec56a8a7898741ab725c368d99d5d7a5a50aab80c6?s=96&d=mm&r=g\",\"caption\":\"Thales Brand\u00e3o\"},\"description\":\"Editor Executivo do Portal CidadeMarketing.com.br &gt; Mestre em Comunica\u00e7\u00e3o e Sociedade pela Universidade Federal de Sergipe. Possui MBA Executivo em Administra\u00e7\u00e3o com \u00eanfase em Marketing pela Funda\u00e7\u00e3o Get\u00falio Vargas - Rio de Janeiro. Consultor, Palestrante e Pesquisador sobre Empreendedorismo, Marketing, Redes Sociais e Neg\u00f3cios Digitais. Professor, Palestrante TedxTalks e Campus Party. Twitter: @ThalesBrandao\",\"sameAs\":[\"http:\\\/\\\/www.mandacaru.com.br\",\"https:\\\/\\\/www.facebook.com\\\/thalesbrandao\",\"http:\\\/\\\/www.instagram.com.br\\\/thalesbrandaoferreira\",\"https:\\\/\\\/www.linkedin.com\\\/in\\\/thales-brand\u00e3o-3948609\\\/\",\"https:\\\/\\\/x.com\\\/http:\\\/\\\/www.twitter.com\\\/thalesbrandao\"],\"url\":\"https:\\\/\\\/www.cidademarketing.com.br\\\/marketing\\\/author\\\/thalesbrandao\\\/\"}]}<\/script>\n<!-- \/ Yoast SEO plugin. -->","yoast_head_json":{"title":"TIM re\u00fane pastor e candomblecista em bate-papo virtual sobre intoler\u00e2ncia religiosa no mercado de trabalho - CidadeMarketing","robots":{"index":"index","follow":"follow","max-snippet":"max-snippet:-1","max-image-preview":"max-image-preview:large","max-video-preview":"max-video-preview:-1"},"canonical":"https:\/\/www.cidademarketing.com.br\/marketing\/2022\/01\/19\/tim-reune-pastor-e-candomblecista-em-bate-papo-virtual-sobre-intolerancia-religiosa-no-mercado-de-trabalho\/","og_locale":"pt_BR","og_type":"article","og_title":"TIM re\u00fane pastor e candomblecista em bate-papo virtual sobre intoler\u00e2ncia religiosa no mercado de trabalho - CidadeMarketing","og_description":"Criado\u00a0para\u00a0promover\u00a0o di\u00e1logo\u00a0sobre\u00a0temas\u00a0de inclus\u00e3o, o\u00a0TIM Convida\u00a0aborda, em sua primeira edi\u00e7\u00e3o do ano,\u00a0a inclus\u00e3o de diferentes cren\u00e7as no meio corporativo e na sociedade em geral. O objetivo \u00e9 repudiar\u00a0a discrimina\u00e7\u00e3o e inspirar o respeito\u00a0a todas as religi\u00f5es, especialmente as\u00a0de matriz africana, alvo rotineiro de preconceito.\u00a0\u00a0 A roda de conversa virtual\u00a0\u2013 que\u00a0acontece periodicamente desde 2020 no YouTube da [&hellip;]","og_url":"https:\/\/www.cidademarketing.com.br\/marketing\/2022\/01\/19\/tim-reune-pastor-e-candomblecista-em-bate-papo-virtual-sobre-intolerancia-religiosa-no-mercado-de-trabalho\/","og_site_name":"CidadeMarketing","article_publisher":"https:\/\/www.facebook.com\/portalcidademarketing","article_author":"https:\/\/www.facebook.com\/thalesbrandao","article_published_time":"2022-01-19T13:18:26+00:00","og_image":[{"width":1920,"height":1080,"url":"https:\/\/www.cidademarketing.com.br\/marketing\/wp-content\/uploads\/2022\/01\/tim_religiao.png","type":"image\/png"}],"author":"Thales Brand\u00e3o","twitter_card":"summary_large_image","twitter_creator":"@http:\/\/www.twitter.com\/thalesbrandao","twitter_site":"@CidadeMarketing","twitter_misc":{"Escrito por":"Thales Brand\u00e3o","Est. tempo de leitura":"1 minuto"},"schema":{"@context":"https:\/\/schema.org","@graph":[{"@type":"Article","@id":"https:\/\/www.cidademarketing.com.br\/marketing\/2022\/01\/19\/tim-reune-pastor-e-candomblecista-em-bate-papo-virtual-sobre-intolerancia-religiosa-no-mercado-de-trabalho\/#article","isPartOf":{"@id":"https:\/\/www.cidademarketing.com.br\/marketing\/2022\/01\/19\/tim-reune-pastor-e-candomblecista-em-bate-papo-virtual-sobre-intolerancia-religiosa-no-mercado-de-trabalho\/"},"author":{"name":"Thales Brand\u00e3o","@id":"https:\/\/www.cidademarketing.com.br\/marketing\/#\/schema\/person\/02daff9f18bd9378c9e01eb6b2db155f"},"headline":"TIM re\u00fane pastor e candomblecista em bate-papo virtual sobre intoler\u00e2ncia religiosa no mercado de trabalho","datePublished":"2022-01-19T13:18:26+00:00","mainEntityOfPage":{"@id":"https:\/\/www.cidademarketing.com.br\/marketing\/2022\/01\/19\/tim-reune-pastor-e-candomblecista-em-bate-papo-virtual-sobre-intolerancia-religiosa-no-mercado-de-trabalho\/"},"wordCount":161,"commentCount":0,"publisher":{"@id":"https:\/\/www.cidademarketing.com.br\/marketing\/#organization"},"image":{"@id":"https:\/\/www.cidademarketing.com.br\/marketing\/2022\/01\/19\/tim-reune-pastor-e-candomblecista-em-bate-papo-virtual-sobre-intolerancia-religiosa-no-mercado-de-trabalho\/#primaryimage"},"thumbnailUrl":"https:\/\/www.cidademarketing.com.br\/marketing\/wp-content\/uploads\/2022\/01\/tim_religiao.png","keywords":["estrat\u00e9gia","marketing","marketing digital","Tim"],"articleSection":["Digital","Not\u00edcias"],"inLanguage":"pt-BR","potentialAction":[{"@type":"CommentAction","name":"Comment","target":["https:\/\/www.cidademarketing.com.br\/marketing\/2022\/01\/19\/tim-reune-pastor-e-candomblecista-em-bate-papo-virtual-sobre-intolerancia-religiosa-no-mercado-de-trabalho\/#respond"]}]},{"@type":"WebPage","@id":"https:\/\/www.cidademarketing.com.br\/marketing\/2022\/01\/19\/tim-reune-pastor-e-candomblecista-em-bate-papo-virtual-sobre-intolerancia-religiosa-no-mercado-de-trabalho\/","url":"https:\/\/www.cidademarketing.com.br\/marketing\/2022\/01\/19\/tim-reune-pastor-e-candomblecista-em-bate-papo-virtual-sobre-intolerancia-religiosa-no-mercado-de-trabalho\/","name":"TIM re\u00fane pastor e candomblecista em bate-papo virtual sobre intoler\u00e2ncia religiosa no mercado de trabalho - CidadeMarketing","isPartOf":{"@id":"https:\/\/www.cidademarketing.com.br\/marketing\/#website"},"primaryImageOfPage":{"@id":"https:\/\/www.cidademarketing.com.br\/marketing\/2022\/01\/19\/tim-reune-pastor-e-candomblecista-em-bate-papo-virtual-sobre-intolerancia-religiosa-no-mercado-de-trabalho\/#primaryimage"},"image":{"@id":"https:\/\/www.cidademarketing.com.br\/marketing\/2022\/01\/19\/tim-reune-pastor-e-candomblecista-em-bate-papo-virtual-sobre-intolerancia-religiosa-no-mercado-de-trabalho\/#primaryimage"},"thumbnailUrl":"https:\/\/www.cidademarketing.com.br\/marketing\/wp-content\/uploads\/2022\/01\/tim_religiao.png","datePublished":"2022-01-19T13:18:26+00:00","breadcrumb":{"@id":"https:\/\/www.cidademarketing.com.br\/marketing\/2022\/01\/19\/tim-reune-pastor-e-candomblecista-em-bate-papo-virtual-sobre-intolerancia-religiosa-no-mercado-de-trabalho\/#breadcrumb"},"inLanguage":"pt-BR","potentialAction":[{"@type":"ReadAction","target":["https:\/\/www.cidademarketing.com.br\/marketing\/2022\/01\/19\/tim-reune-pastor-e-candomblecista-em-bate-papo-virtual-sobre-intolerancia-religiosa-no-mercado-de-trabalho\/"]}]},{"@type":"ImageObject","inLanguage":"pt-BR","@id":"https:\/\/www.cidademarketing.com.br\/marketing\/2022\/01\/19\/tim-reune-pastor-e-candomblecista-em-bate-papo-virtual-sobre-intolerancia-religiosa-no-mercado-de-trabalho\/#primaryimage","url":"https:\/\/www.cidademarketing.com.br\/marketing\/wp-content\/uploads\/2022\/01\/tim_religiao.png","contentUrl":"https:\/\/www.cidademarketing.com.br\/marketing\/wp-content\/uploads\/2022\/01\/tim_religiao.png","width":1920,"height":1080},{"@type":"BreadcrumbList","@id":"https:\/\/www.cidademarketing.com.br\/marketing\/2022\/01\/19\/tim-reune-pastor-e-candomblecista-em-bate-papo-virtual-sobre-intolerancia-religiosa-no-mercado-de-trabalho\/#breadcrumb","itemListElement":[{"@type":"ListItem","position":1,"name":"In\u00edcio","item":"https:\/\/www.cidademarketing.com.br\/marketing\/"},{"@type":"ListItem","position":2,"name":"TIM re\u00fane pastor e candomblecista em bate-papo virtual sobre intoler\u00e2ncia religiosa no mercado de trabalho"}]},{"@type":"WebSite","@id":"https:\/\/www.cidademarketing.com.br\/marketing\/#website","url":"https:\/\/www.cidademarketing.com.br\/marketing\/","name":"CidadeMarketing","description":"Somos um ve\u00edculo de comunica\u00e7\u00e3o de destaque no Brasil, reconhecido por conte\u00fados nos segmentos de marketing, empreendedorismo e inova\u00e7\u00e3o.","publisher":{"@id":"https:\/\/www.cidademarketing.com.br\/marketing\/#organization"},"alternateName":"CidadeMarketing","potentialAction":[{"@type":"SearchAction","target":{"@type":"EntryPoint","urlTemplate":"https:\/\/www.cidademarketing.com.br\/marketing\/?s={search_term_string}"},"query-input":{"@type":"PropertyValueSpecification","valueRequired":true,"valueName":"search_term_string"}}],"inLanguage":"pt-BR"},{"@type":"Organization","@id":"https:\/\/www.cidademarketing.com.br\/marketing\/#organization","name":"CidadeMarketing","alternateName":"CidadeMarketing","url":"https:\/\/www.cidademarketing.com.br\/marketing\/","logo":{"@type":"ImageObject","inLanguage":"pt-BR","@id":"https:\/\/www.cidademarketing.com.br\/marketing\/#\/schema\/logo\/image\/","url":"https:\/\/www.cidademarketing.com.br\/marketing\/wp-content\/uploads\/2020\/01\/cidademarketing_marca_mobile.png","contentUrl":"https:\/\/www.cidademarketing.com.br\/marketing\/wp-content\/uploads\/2020\/01\/cidademarketing_marca_mobile.png","width":230,"height":92,"caption":"CidadeMarketing"},"image":{"@id":"https:\/\/www.cidademarketing.com.br\/marketing\/#\/schema\/logo\/image\/"},"sameAs":["https:\/\/www.facebook.com\/portalcidademarketing","https:\/\/x.com\/CidadeMarketing","https:\/\/www.instagram.com\/cidademarketing\/"]},{"@type":"Person","@id":"https:\/\/www.cidademarketing.com.br\/marketing\/#\/schema\/person\/02daff9f18bd9378c9e01eb6b2db155f","name":"Thales Brand\u00e3o","image":{"@type":"ImageObject","inLanguage":"pt-BR","@id":"https:\/\/secure.gravatar.com\/avatar\/7ca3206950207cc3cb48feec56a8a7898741ab725c368d99d5d7a5a50aab80c6?s=96&d=mm&r=g","url":"https:\/\/secure.gravatar.com\/avatar\/7ca3206950207cc3cb48feec56a8a7898741ab725c368d99d5d7a5a50aab80c6?s=96&d=mm&r=g","contentUrl":"https:\/\/secure.gravatar.com\/avatar\/7ca3206950207cc3cb48feec56a8a7898741ab725c368d99d5d7a5a50aab80c6?s=96&d=mm&r=g","caption":"Thales Brand\u00e3o"},"description":"Editor Executivo do Portal CidadeMarketing.com.br &gt; Mestre em Comunica\u00e7\u00e3o e Sociedade pela Universidade Federal de Sergipe. Possui MBA Executivo em Administra\u00e7\u00e3o com \u00eanfase em Marketing pela Funda\u00e7\u00e3o Get\u00falio Vargas - Rio de Janeiro. Consultor, Palestrante e Pesquisador sobre Empreendedorismo, Marketing, Redes Sociais e Neg\u00f3cios Digitais. Professor, Palestrante TedxTalks e Campus Party. Twitter: @ThalesBrandao","sameAs":["http:\/\/www.mandacaru.com.br","https:\/\/www.facebook.com\/thalesbrandao","http:\/\/www.instagram.com.br\/thalesbrandaoferreira","https:\/\/www.linkedin.com\/in\/thales-brand\u00e3o-3948609\/","https:\/\/x.com\/http:\/\/www.twitter.com\/thalesbrandao"],"url":"https:\/\/www.cidademarketing.com.br\/marketing\/author\/thalesbrandao\/"}]}},"amp_enabled":true,"_links":{"self":[{"href":"https:\/\/www.cidademarketing.com.br\/marketing\/wp-json\/wp\/v2\/posts\/33848","targetHints":{"allow":["GET"]}}],"collection":[{"href":"https:\/\/www.cidademarketing.com.br\/marketing\/wp-json\/wp\/v2\/posts"}],"about":[{"href":"https:\/\/www.cidademarketing.com.br\/marketing\/wp-json\/wp\/v2\/types\/post"}],"author":[{"embeddable":true,"href":"https:\/\/www.cidademarketing.com.br\/marketing\/wp-json\/wp\/v2\/users\/1"}],"replies":[{"embeddable":true,"href":"https:\/\/www.cidademarketing.com.br\/marketing\/wp-json\/wp\/v2\/comments?post=33848"}],"version-history":[{"count":1,"href":"https:\/\/www.cidademarketing.com.br\/marketing\/wp-json\/wp\/v2\/posts\/33848\/revisions"}],"predecessor-version":[{"id":33850,"href":"https:\/\/www.cidademarketing.com.br\/marketing\/wp-json\/wp\/v2\/posts\/33848\/revisions\/33850"}],"wp:featuredmedia":[{"embeddable":true,"href":"https:\/\/www.cidademarketing.com.br\/marketing\/wp-json\/wp\/v2\/media\/33849"}],"wp:attachment":[{"href":"https:\/\/www.cidademarketing.com.br\/marketing\/wp-json\/wp\/v2\/media?parent=33848"}],"wp:term":[{"taxonomy":"category","embeddable":true,"href":"https:\/\/www.cidademarketing.com.br\/marketing\/wp-json\/wp\/v2\/categories?post=33848"},{"taxonomy":"post_tag","embeddable":true,"href":"https:\/\/www.cidademarketing.com.br\/marketing\/wp-json\/wp\/v2\/tags?post=33848"}],"curies":[{"name":"wp","href":"https:\/\/api.w.org\/{rel}","templated":true}]}}